{"id":11754,"date":"2016-06-18T15:30:56","date_gmt":"2016-06-18T14:30:56","guid":{"rendered":"https:\/\/blog.myvideomedia.com\/de\/?p=11754"},"modified":"2020-09-06T15:45:31","modified_gmt":"2020-09-06T14:45:31","slug":"alhambra-granada","status":"publish","type":"post","link":"https:\/\/blog.myvideomedia.com\/de\/alhambra-granada\/","title":{"rendered":"Rundgang durch die Alhambra in Granada"},"content":{"rendered":"\n<p>Alhambra, die imposante Stadtburg auf einem H\u00fcgel von Granada, z\u00e4hlt zweifelsohne zu den ber\u00fchmtesten Bauwerken Spaniens und ist eine der meistbesuchten Attraktionen in der Region Andalusien.<\/p>\n\n\n\n<div id=\"ez-toc-container\" class=\"ez-toc-v2_0_82_2 counter-hierarchy ez-toc-counter ez-toc-grey ez-toc-container-direction\">\n<div class=\"ez-toc-title-container\">\n<p class=\"ez-toc-title\" style=\"cursor:inherit\">Inhaltsverzeichnis<\/p>\n<span class=\"ez-toc-title-toggle\"><a href=\"#\" class=\"ez-toc-pull-right ez-toc-btn ez-toc-btn-xs ez-toc-btn-default ez-toc-toggle\" aria-label=\"Toggle Table of Content\"><span class=\"ez-toc-js-icon-con\"><span class=\"\"><span class=\"eztoc-hide\" style=\"display:none;\">Toggle<\/span><span class=\"ez-toc-icon-toggle-span\"><svg style=\"fill: #999;color:#999\" xmlns=\"http:\/\/www.w3.org\/2000\/svg\" class=\"list-377408\" width=\"20px\" height=\"20px\" viewBox=\"0 0 24 24\" fill=\"none\"><path d=\"M6 6H4v2h2V6zm14 0H8v2h12V6zM4 11h2v2H4v-2zm16 0H8v2h12v-2zM4 16h2v2H4v-2zm16 0H8v2h12v-2z\" fill=\"currentColor\"><\/path><\/svg><svg style=\"fill: #999;color:#999\" class=\"arrow-unsorted-368013\" xmlns=\"http:\/\/www.w3.org\/2000\/svg\" width=\"10px\" height=\"10px\" viewBox=\"0 0 24 24\" version=\"1.2\" baseProfile=\"tiny\"><path d=\"M18.2 9.3l-6.2-6.3-6.2 6.3c-.2.2-.3.4-.3.7s.1.5.3.7c.2.2.4.3.7.3h11c.3 0 .5-.1.7-.3.2-.2.3-.5.3-.7s-.1-.5-.3-.7zM5.8 14.7l6.2 6.3 6.2-6.3c.2-.2.3-.5.3-.7s-.1-.5-.3-.7c-.2-.2-.4-.3-.7-.3h-11c-.3 0-.5.1-.7.3-.2.2-.3.5-.3.7s.1.5.3.7z\"\/><\/svg><\/span><\/span><\/span><\/a><\/span><\/div>\n<nav><ul class='ez-toc-list ez-toc-list-level-1 ' ><li class='ez-toc-page-1 ez-toc-heading-level-2'><a class=\"ez-toc-link ez-toc-heading-1\" href=\"https:\/\/blog.myvideomedia.com\/de\/alhambra-granada\/#Historischer_Hintergrund\" >Historischer Hintergrund<\/a><\/li><li class='ez-toc-page-1 ez-toc-heading-level-2'><a class=\"ez-toc-link ez-toc-heading-2\" href=\"https:\/\/blog.myvideomedia.com\/de\/alhambra-granada\/#Alhambra_Rundgang\" >Alhambra Rundgang<\/a><ul class='ez-toc-list-level-3' ><li class='ez-toc-heading-level-3'><a class=\"ez-toc-link ez-toc-heading-3\" href=\"https:\/\/blog.myvideomedia.com\/de\/alhambra-granada\/#Hier_sehen_Sie_das_4K_UHD_Video\" >Hier sehen Sie das 4K UHD Video<\/a><\/li><li class='ez-toc-page-1 ez-toc-heading-level-3'><a class=\"ez-toc-link ez-toc-heading-4\" href=\"https:\/\/blog.myvideomedia.com\/de\/alhambra-granada\/#Pin_it_%E2%80%93_fuer_spaeter_merken\" >Pin it &#8211; f\u00fcr sp\u00e4ter merken<\/a><\/li><\/ul><\/li><\/ul><\/nav><\/div>\n<h2 class=\"wp-block-heading\"><span class=\"ez-toc-section\" id=\"Historischer_Hintergrund\"><\/span>Historischer Hintergrund<span class=\"ez-toc-section-end\"><\/span><\/h2>\n\n\n\n<p>Bereits in vorr\u00f6mischer Zeit war der Sabikah-H\u00fcgel von Granada besiedelt bis die Mauren nach der Eroberung der Iberischen Halbinsel hier eine Burg erbauten. Diese bestand ihre Bew\u00e4hrungsprobe in einigen Kriegen gegen das Kalifat von Cordoba und bei Aufst\u00e4nden der Bev\u00f6lkerung. Sp\u00e4ter \u00fcbernahmen die Almoraviden und Almohaden die Macht und bauten die Burg zur Festung weiter aus.<\/p>\n\n\n\n<p>Als Muhammad ibn Yussuf ibn Nasr immer st\u00e4rker unter dem Druck von Kastillien und Leon nach S\u00fcden ausweichen musste, konnte er Granada erobern und machte es zur Hauptstadt seines neuen Reiches. In der Folge kam es zu einem enormen Fl\u00fcchtlingszustrom, der einen wirtschaftlichen und kulturellen Aufschwung zur Folge hatte.<\/p>\n\n\n\n<p>Nach Streitigkeiten mit Ibn Hud von Murcia mu\u00dfte er aber mit Ferdinand III. von Kastilien ein Vasallenverh\u00e4ltnis eingehen um sein Reich zu behalten Als Emir Muhammad I. ibn Nasr gr\u00fcndete er die Nasriden-Dynastie und veranlasste den Bau der Zitadelle (Alcazaba) und den Ausbau der Alhambra zur Residenz.<\/p>\n\n\n\n<div class=\"wp-block-image\"><figure class=\"aligncenter\"><img loading=\"lazy\" decoding=\"async\" width=\"600\" height=\"338\" src=\"https:\/\/blog.myvideomedia.com\/wp-content\/uploads\/2016\/06\/Alhambra-Granada-436-c-1-600x338.jpg\" alt=\"Zitadelle - Alcazaba\" class=\"wp-image-11745\" srcset=\"https:\/\/blog.myvideomedia.com\/wp-content\/uploads\/2016\/06\/Alhambra-Granada-436-c-1-600x338.jpg 600w, https:\/\/blog.myvideomedia.com\/wp-content\/uploads\/2016\/06\/Alhambra-Granada-436-c-1-768x432.jpg 768w, https:\/\/blog.myvideomedia.com\/wp-content\/uploads\/2016\/06\/Alhambra-Granada-436-c-1-1260x709.jpg 1260w, https:\/\/blog.myvideomedia.com\/wp-content\/uploads\/2016\/06\/Alhambra-Granada-436-c-1.jpg 1280w\" sizes=\"auto, (max-width: 600px) 100vw, 600px\" \/><\/figure><\/div>\n\n\n\n<p>An der Schnittstelle zwischen den christlichen K\u00f6nigreichen und Nord-Afrika mussten die folgenden Herrscher wechselnde B\u00fcndnisse eingehen, um das Land eigenst\u00e4ndig zu erhalten. H\u00e4ufig stand die Meerenge von Gibraltar im Mittelpunkt der Interessenkonflikte. Einige Herrscher wurden abgesetzt, andere ermordet. Intrigen, Putsche und Morde waren fast normal.<\/p>\n\n\n\n<p>Unter Yussuf I. erreichte das Nasriden-Reich trotz der Turbulenzen seinen H\u00f6hepunkt. Der Einfluss der Marokkaner war gestoppt, allerdings hatte Granada auch keinen Verb\u00fcndeten mehr gegen Kastilien. Yussuf I errichtete den Nasriden Palast und den Comarenturm, das Herzst\u00fcck der Alhambra.&nbsp;Zu den Nasriden Pal\u00e4sten geh\u00f6rt auch der Sommerpalast Generalife.<\/p>\n\n\n\n<div class=\"wp-block-image\"><figure class=\"aligncenter\"><img loading=\"lazy\" decoding=\"async\" width=\"600\" height=\"338\" src=\"https:\/\/blog.myvideomedia.com\/wp-content\/uploads\/2016\/06\/Alhambra-Granada-431-c-600x338.jpg\" alt=\"Comarenturm Alhambra \" class=\"wp-image-11753\" srcset=\"https:\/\/blog.myvideomedia.com\/wp-content\/uploads\/2016\/06\/Alhambra-Granada-431-c-600x338.jpg 600w, https:\/\/blog.myvideomedia.com\/wp-content\/uploads\/2016\/06\/Alhambra-Granada-431-c-768x432.jpg 768w, https:\/\/blog.myvideomedia.com\/wp-content\/uploads\/2016\/06\/Alhambra-Granada-431-c-1260x709.jpg 1260w, https:\/\/blog.myvideomedia.com\/wp-content\/uploads\/2016\/06\/Alhambra-Granada-431-c.jpg 1280w\" sizes=\"auto, (max-width: 600px) 100vw, 600px\" \/><\/figure><\/div>\n\n\n\n<p>Erst unter Muhammad V. konnte das Land wieder stabilisiert und zu neuer Bl\u00fcte gebracht werden. Muhammad war mit Peter I. (der Grausame) von Kastillien befreundet, der selbst im kastilischen B\u00fcrgerkrieg geschw\u00e4cht war.<\/p>\n\n\n\n<p>Es entwickelte sich ein kultureller Zweikampf. Peter I. lies in Sevilla den Alcazar mit Baumeistern aus Granada im maurischen Stil errichte. Muhammad wiederum erbaute den L\u00f6wenpalast in der Alhambra, der bis heute das Glanzst\u00fcck maurischer Architektur in Europa ist..<\/p>\n\n\n\n<p>Sp\u00e4ter wurde die Alhambra noch um den nie vollendeten Palast von K\u00f6nig Karl V. erg\u00e4nzt. <\/p>\n\n\n\n<h2 class=\"wp-block-heading\"><span class=\"ez-toc-section\" id=\"Alhambra_Rundgang\"><\/span>Alhambra Rundgang<span class=\"ez-toc-section-end\"><\/span><\/h2>\n\n\n\n<div class=\"wp-block-image\"><figure class=\"aligncenter\"><img loading=\"lazy\" decoding=\"async\" width=\"600\" height=\"338\" src=\"https:\/\/blog.myvideomedia.com\/wp-content\/uploads\/2016\/06\/Alhambra-Granada-412-c-600x338.jpg\" alt=\"Puerta de los Carros\" class=\"wp-image-11747\" srcset=\"https:\/\/blog.myvideomedia.com\/wp-content\/uploads\/2016\/06\/Alhambra-Granada-412-c-600x338.jpg 600w, https:\/\/blog.myvideomedia.com\/wp-content\/uploads\/2016\/06\/Alhambra-Granada-412-c-768x432.jpg 768w, https:\/\/blog.myvideomedia.com\/wp-content\/uploads\/2016\/06\/Alhambra-Granada-412-c-1260x709.jpg 1260w, https:\/\/blog.myvideomedia.com\/wp-content\/uploads\/2016\/06\/Alhambra-Granada-412-c.jpg 1280w\" sizes=\"auto, (max-width: 600px) 100vw, 600px\" \/><\/figure><\/div>\n\n\n\n<p>Wir betreten die Alhambra durch die Puerta de los Carros und gehen direkt zum Eingang der Nasriden-Pal\u00e4ste. Nach passieren der Eingangskontrollen befinden wir uns im Inneren des Mexuarpalastes. Er wurde 1314-1325 von Isamail erbaut und war das Verwaltungszentrum des Emirs.<\/p>\n\n\n\n<p>Lange Zeit diente der Mexursaal auch als Gerichtshof. Durch einen Gebetsraum, mit sehr sch\u00f6ner Aussicht auf die maurische Altstadt von Granada kommen wir zum Patio del Cuarto, bevor wir den Comares-Palast betreten.<\/p>\n\n\n\n<div class=\"wp-block-image\"><figure class=\"aligncenter\"><img loading=\"lazy\" decoding=\"async\" width=\"600\" height=\"338\" src=\"https:\/\/blog.myvideomedia.com\/wp-content\/uploads\/2016\/06\/Alhambra-Granada-413-c-600x338.jpg\" alt=\"Alhambra Comares-Palast\" class=\"wp-image-11725\" srcset=\"https:\/\/blog.myvideomedia.com\/wp-content\/uploads\/2016\/06\/Alhambra-Granada-413-c-600x338.jpg 600w, https:\/\/blog.myvideomedia.com\/wp-content\/uploads\/2016\/06\/Alhambra-Granada-413-c-768x432.jpg 768w, https:\/\/blog.myvideomedia.com\/wp-content\/uploads\/2016\/06\/Alhambra-Granada-413-c-1260x709.jpg 1260w, https:\/\/blog.myvideomedia.com\/wp-content\/uploads\/2016\/06\/Alhambra-Granada-413-c.jpg 1280w\" sizes=\"auto, (max-width: 600px) 100vw, 600px\" \/><\/figure><\/div>\n\n\n\n<p>Sofort stechen uns die Stalaktiten-Decken ins Gesicht. Die komplexen Stuckelemente entsprechen strengen geometrischen Regeln, wurden einzeln per Hand gefertigt und am Boden montiert, bevor sie in die H\u00f6he gezogen und befestigt wurden.<\/p>\n\n\n\n<p>Urspr\u00fcnglich waren sie mehrfarbig, vor allem blau und rot bemalt. Das faszinierende daran ist, dass das Auge keinen Fixpunkt findet und man damit den Raum und die H\u00f6he kaum absch\u00e4tzen kann.<\/p>\n\n\n\n<div class=\"wp-block-image\"><figure class=\"aligncenter\"><img loading=\"lazy\" decoding=\"async\" width=\"600\" height=\"338\" src=\"https:\/\/blog.myvideomedia.com\/wp-content\/uploads\/2016\/06\/Alhambra-Granada-420-c-600x338.jpg\" alt=\"Alhambra Granada\" class=\"wp-image-11719\" srcset=\"https:\/\/blog.myvideomedia.com\/wp-content\/uploads\/2016\/06\/Alhambra-Granada-420-c-600x338.jpg 600w, https:\/\/blog.myvideomedia.com\/wp-content\/uploads\/2016\/06\/Alhambra-Granada-420-c-768x432.jpg 768w, https:\/\/blog.myvideomedia.com\/wp-content\/uploads\/2016\/06\/Alhambra-Granada-420-c-1260x709.jpg 1260w, https:\/\/blog.myvideomedia.com\/wp-content\/uploads\/2016\/06\/Alhambra-Granada-420-c.jpg 1280w\" sizes=\"auto, (max-width: 600px) 100vw, 600px\" \/><\/figure><\/div>\n\n\n\n<p>Dann liegt der Patio de los Arrayanes (Myrthenhof) vor uns. Niemand hat es besser verstanden als die Mauren, Wasser als Bestandteil der Architektur einzubinden. Dies ist bei den vielen Springbrunnen, Wasserschalen und Becken erkennbar. Nat\u00fcrlich auch an der wuchernden Pflanzenwelt in dieser eher trockenen Region.<\/p>\n\n\n\n<p>Die klaren geometrischen Strukturen der umliegenden Geb\u00e4ude spiegeln sich im glatten Wasser des Beckens im Myrthenhof wider. Damit das Wasser nicht verschlammt, wird es st\u00e4ndig gegen Frischwasser ausgetauscht. Das frische Wasser wird \u00fcber eine langgezogene flache Rinne sanft eingeleitet, sodass keine Wellen entstehen und die Spiegelungen nicht gest\u00f6rt werden.<\/p>\n\n\n\n<h3 class=\"wp-block-heading\"><span class=\"ez-toc-section\" id=\"Hier_sehen_Sie_das_4K_UHD_Video\"><\/span><a rel=\"noopener nofollow noreferrer\" href=\"https:\/\/youtu.be\/t4xohm5bs4w\" target=\"_blank\">Hier sehen Sie das 4K UHD Video<\/a><span class=\"ez-toc-section-end\"><\/span><\/h3>\n\n\n\n<figure> <div class=\"brlbs-cmpnt-container brlbs-cmpnt-content-blocker brlbs-cmpnt-with-individual-styles\" data-borlabs-cookie-content-blocker-id=\"youtube-content-blocker\" data-borlabs-cookie-content=\"PGlmcmFtZSBzcmM9Imh0dHBzOi8vd3d3LnlvdXR1YmUtbm9jb29raWUuY29tL2VtYmVkL3Q0eG9obTViczR3IiB3aWR0aD0iNjAwIiBoZWlnaHQ9IjMzOCI+PC9pZnJhbWU+\"><div class=\"brlbs-cmpnt-cb-preset-c brlbs-cmpnt-cb-youtube\"> <div class=\"brlbs-cmpnt-cb-thumbnail\" style=\"background-image: url('https:\/\/blog.myvideomedia.com\/wp-content\/uploads\/borlabs-cookie\/1\/yt_t4xohm5bs4w_hqdefault.jpg')\"><\/div> <div class=\"brlbs-cmpnt-cb-main\"> <div class=\"brlbs-cmpnt-cb-play-button\"><\/div> <div class=\"brlbs-cmpnt-cb-content\"> <p class=\"brlbs-cmpnt-cb-description\">Sie sehen gerade einen Platzhalterinhalt von <strong>YouTube<\/strong>. Um auf den eigentlichen Inhalt zuzugreifen, klicken Sie auf die Schaltfl\u00e4che unten. Bitte beachten Sie, dass dabei Daten an Drittanbieter weitergegeben werden.<\/p> <a class=\"brlbs-cmpnt-cb-provider-toggle\" href=\"#\" data-borlabs-cookie-show-provider-information role=\"button\">Mehr Informationen<\/a> <\/div> <div class=\"brlbs-cmpnt-cb-buttons\"> <a class=\"brlbs-cmpnt-cb-btn\" href=\"#\" data-borlabs-cookie-unblock role=\"button\">Inhalt entsperren<\/a> <a class=\"brlbs-cmpnt-cb-btn\" href=\"#\" data-borlabs-cookie-accept-service role=\"button\" style=\"display: inherit\">Erforderlichen Service akzeptieren und Inhalte entsperren<\/a> <\/div> <\/div> <\/div><\/div><\/figure>\n\n\n\n<p>Weiter geht es in den Comares-Turm mit dem Thronsaal. Hier empfing der Emir inmitten eines reich dekorierten, extrem hohen Saales seine Besucher oder Untertanen.<\/p>\n\n\n\n<p>Er sa\u00df mit dem R\u00fccken zu drei, in tiefen Nischen eingelassenen Fenstern, die von hinten das Licht auf ihn warfen. Sein Gesicht konnte im Dunkeln nicht erkannt werden. Dies war eine Machtdemonstration vom Feinsten..<\/p>\n\n\n\n<div class=\"wp-block-image\"><figure class=\"aligncenter\"><img loading=\"lazy\" decoding=\"async\" width=\"600\" height=\"338\" src=\"https:\/\/blog.myvideomedia.com\/wp-content\/uploads\/2016\/06\/Alhambra-Granada-418-c-600x338.jpg\" alt=\"L\u00f6wenhof Alhambra\" class=\"wp-image-11721\" srcset=\"https:\/\/blog.myvideomedia.com\/wp-content\/uploads\/2016\/06\/Alhambra-Granada-418-c-600x338.jpg 600w, https:\/\/blog.myvideomedia.com\/wp-content\/uploads\/2016\/06\/Alhambra-Granada-418-c-768x432.jpg 768w, https:\/\/blog.myvideomedia.com\/wp-content\/uploads\/2016\/06\/Alhambra-Granada-418-c-1260x709.jpg 1260w, https:\/\/blog.myvideomedia.com\/wp-content\/uploads\/2016\/06\/Alhambra-Granada-418-c.jpg 1280w\" sizes=\"auto, (max-width: 600px) 100vw, 600px\" \/><\/figure><\/div>\n\n\n\n<p>Noch beeindruckender ist der anschlie\u00dfende L\u00f6wenhof. Die grazile Architektur ist ein beeindruckendes Beispiel von \u00c4sthetik. Der Hof wird von einer Wasserschale aus wei\u00dfem Marmor, die von 12 L\u00f6wen getragen wird, dominiert.<\/p>\n\n\n\n<p>Rundb\u00f6gen mit zierlichen Pfeilern, die urspr\u00fcnglich mit Gold beschlagen waren, umrahmen den Platz. Die Decken der dahinterliegenden Arkadeng\u00e4nge werden wieder aus Stuck-Stalaktiten gebildet.<\/p>\n\n\n\n<div class=\"wp-block-image\"><figure class=\"aligncenter\"><img loading=\"lazy\" decoding=\"async\" width=\"600\" height=\"338\" src=\"https:\/\/blog.myvideomedia.com\/wp-content\/uploads\/2016\/06\/Alhambra-Granada-417-c-600x338.jpg\" alt=\"L\u00f6wenhof Alhambra\" class=\"wp-image-11723\" srcset=\"https:\/\/blog.myvideomedia.com\/wp-content\/uploads\/2016\/06\/Alhambra-Granada-417-c-600x338.jpg 600w, https:\/\/blog.myvideomedia.com\/wp-content\/uploads\/2016\/06\/Alhambra-Granada-417-c-768x432.jpg 768w, https:\/\/blog.myvideomedia.com\/wp-content\/uploads\/2016\/06\/Alhambra-Granada-417-c-1260x709.jpg 1260w, https:\/\/blog.myvideomedia.com\/wp-content\/uploads\/2016\/06\/Alhambra-Granada-417-c.jpg 1280w\" sizes=\"auto, (max-width: 600px) 100vw, 600px\" \/><\/figure><\/div>\n\n\n\n<p>Die umliegende Geb\u00e4ude bilden die Privatgem\u00e4cher des Emirs und des Harems. An der Nordseite gelangt man in den Sala de dos Hermanas (Saal der 2 Schwestern).<\/p>\n\n\n\n<div class=\"wp-block-image\"><figure class=\"aligncenter\"><img loading=\"lazy\" decoding=\"async\" width=\"600\" height=\"338\" src=\"https:\/\/blog.myvideomedia.com\/wp-content\/uploads\/2016\/06\/Alhambra-Granada-421-c-600x338.jpg\" alt=\"Alhambra Granada\" class=\"wp-image-11729\" srcset=\"https:\/\/blog.myvideomedia.com\/wp-content\/uploads\/2016\/06\/Alhambra-Granada-421-c-600x338.jpg 600w, https:\/\/blog.myvideomedia.com\/wp-content\/uploads\/2016\/06\/Alhambra-Granada-421-c-768x432.jpg 768w, https:\/\/blog.myvideomedia.com\/wp-content\/uploads\/2016\/06\/Alhambra-Granada-421-c-1260x709.jpg 1260w, https:\/\/blog.myvideomedia.com\/wp-content\/uploads\/2016\/06\/Alhambra-Granada-421-c.jpg 1280w\" sizes=\"auto, (max-width: 600px) 100vw, 600px\" \/><\/figure><\/div>\n\n\n\n<p>An der S\u00fcdseite liegt der Saal der Abencerragen (Sala de los Abencerrajes). Aufgrund einer Intrige lie\u00df der Emir hier alle 16 M\u00e4nner einer einflussreichen Familie hinrichten.<\/p>\n\n\n\n<p>Im Osten des L\u00f6wenhofes liegt der Sala de Justicia (Saal der K\u00f6nige oder Saal der Justiz), unterteilt in f\u00fcnf kleinere R\u00e4ume, in denen faszinierende Licht- und Farbenspiele zu sehen sind.<\/p>\n\n\n\n<div class=\"wp-block-image\"><figure class=\"aligncenter\"><img loading=\"lazy\" decoding=\"async\" width=\"600\" height=\"338\" src=\"https:\/\/blog.myvideomedia.com\/wp-content\/uploads\/2016\/06\/Alhambra-Granada-422-c-600x338.jpg\" alt=\"Sala de Justicia \" class=\"wp-image-11727\" srcset=\"https:\/\/blog.myvideomedia.com\/wp-content\/uploads\/2016\/06\/Alhambra-Granada-422-c-600x338.jpg 600w, https:\/\/blog.myvideomedia.com\/wp-content\/uploads\/2016\/06\/Alhambra-Granada-422-c-768x432.jpg 768w, https:\/\/blog.myvideomedia.com\/wp-content\/uploads\/2016\/06\/Alhambra-Granada-422-c-1260x709.jpg 1260w, https:\/\/blog.myvideomedia.com\/wp-content\/uploads\/2016\/06\/Alhambra-Granada-422-c.jpg 1280w\" sizes=\"auto, (max-width: 600px) 100vw, 600px\" \/><\/figure><\/div>\n\n\n\n<p>Vorbei an den B\u00e4dern gelangt man zu den Schlaf- und Wohngem\u00e4chern Karls V. Die einfachen R\u00e4ume mit Kamin und Balkendecke unterscheiden sich drastisch von den Nasriden Pal\u00e4sten. 1929 verbrachte Washington Irving vier Monate hier und schrieb sein Werk \u201eTales of the Alhambra\u201c.<\/p>\n\n\n\n<div class=\"wp-block-image\"><figure class=\"aligncenter\"><img loading=\"lazy\" decoding=\"async\" width=\"600\" height=\"338\" src=\"https:\/\/blog.myvideomedia.com\/wp-content\/uploads\/2016\/06\/Alhambra-Granada-423-c-600x338.jpg\" alt=\"Alhambra Granada\" class=\"wp-image-11731\" srcset=\"https:\/\/blog.myvideomedia.com\/wp-content\/uploads\/2016\/06\/Alhambra-Granada-423-c-600x338.jpg 600w, https:\/\/blog.myvideomedia.com\/wp-content\/uploads\/2016\/06\/Alhambra-Granada-423-c-768x432.jpg 768w, https:\/\/blog.myvideomedia.com\/wp-content\/uploads\/2016\/06\/Alhambra-Granada-423-c-1260x709.jpg 1260w, https:\/\/blog.myvideomedia.com\/wp-content\/uploads\/2016\/06\/Alhambra-Granada-423-c.jpg 1280w\" sizes=\"auto, (max-width: 600px) 100vw, 600px\" \/><\/figure><\/div>\n\n\n\n<p>Das Portal besteht aus dem Damenturm mit S\u00e4ulengang und Arkaden (Torre de las Damas), Wasserbecken, Terrassen, G\u00e4rten, Balkonen, einer kleinen Moschee und H\u00e4user.<\/p>\n\n\n\n<p>Einst stand hier der Palast von Yusuf III. Die noch vorhanden H\u00e4user stammen aus dem 14. Jahrhundert und sind der \u00e4lteste Teil der Alhambra.<\/p>\n\n\n\n<div class=\"wp-block-image\"><figure class=\"aligncenter\"><img loading=\"lazy\" decoding=\"async\" width=\"600\" height=\"338\" src=\"https:\/\/blog.myvideomedia.com\/wp-content\/uploads\/2016\/06\/Alhambra-Granada-424-c-600x338.jpg\" alt=\"Alhambra Granada\" class=\"wp-image-11733\" srcset=\"https:\/\/blog.myvideomedia.com\/wp-content\/uploads\/2016\/06\/Alhambra-Granada-424-c-600x338.jpg 600w, https:\/\/blog.myvideomedia.com\/wp-content\/uploads\/2016\/06\/Alhambra-Granada-424-c-768x432.jpg 768w, https:\/\/blog.myvideomedia.com\/wp-content\/uploads\/2016\/06\/Alhambra-Granada-424-c-1260x709.jpg 1260w, https:\/\/blog.myvideomedia.com\/wp-content\/uploads\/2016\/06\/Alhambra-Granada-424-c.jpg 1280w\" sizes=\"auto, (max-width: 600px) 100vw, 600px\" \/><\/figure><\/div>\n\n\n\n<p>Am Oberen Ende der Terrassen erreicht man den Renaissance Palast von Karl V, von au\u00dfen ein quadratischer, zweist\u00f6ckiger Steinbau. Im Inneren mit einem runden Innenhof mit 42 m Durchmesser, der von S\u00e4uleng\u00e4ngen umgeben ist.<\/p>\n\n\n\n<p>Hier befinden sich heute das Alhambra-Museum und das Museum f\u00fcr sch\u00f6ne K\u00fcnste.<\/p>\n\n\n\n<div class=\"wp-block-image\"><figure class=\"aligncenter\"><img loading=\"lazy\" decoding=\"async\" width=\"600\" height=\"338\" src=\"https:\/\/blog.myvideomedia.com\/wp-content\/uploads\/2016\/06\/Alhambra-Granada-426-c-600x338.jpg\" alt=\"Alhambra Granada\" class=\"wp-image-11737\" srcset=\"https:\/\/blog.myvideomedia.com\/wp-content\/uploads\/2016\/06\/Alhambra-Granada-426-c-600x338.jpg 600w, https:\/\/blog.myvideomedia.com\/wp-content\/uploads\/2016\/06\/Alhambra-Granada-426-c-768x432.jpg 768w, https:\/\/blog.myvideomedia.com\/wp-content\/uploads\/2016\/06\/Alhambra-Granada-426-c-1260x709.jpg 1260w, https:\/\/blog.myvideomedia.com\/wp-content\/uploads\/2016\/06\/Alhambra-Granada-426-c.jpg 1280w\" sizes=\"auto, (max-width: 600px) 100vw, 600px\" \/><\/figure><\/div>\n\n\n\n<p>Am Sonnenh\u00fcgel oberhalb der Alhambra liegt der Ziergarten Generalife. Auf dem Weg dorthin passiert man den Bereich eines Klosters und eines Hotels. Auf der anderen Seite des Weges ist eine Ruinenlandschaft zu sehen.<\/p>\n\n\n\n<p>Napoleon lie\u00df in der Alhambra das Wassersystem reparieren, das im Laufe der Zeit verfiel. Bei seiner Abreise lie\u00df er die Munitionsdepots in der Alhambra sprengen.<\/p>\n\n\n\n<div class=\"wp-block-image\"><figure class=\"aligncenter\"><img loading=\"lazy\" decoding=\"async\" width=\"600\" height=\"338\" src=\"https:\/\/blog.myvideomedia.com\/wp-content\/uploads\/2016\/06\/Alhambra-Granada-427-c-600x338.jpg\" alt=\"Amphitheater\" class=\"wp-image-11739\" srcset=\"https:\/\/blog.myvideomedia.com\/wp-content\/uploads\/2016\/06\/Alhambra-Granada-427-c-600x338.jpg 600w, https:\/\/blog.myvideomedia.com\/wp-content\/uploads\/2016\/06\/Alhambra-Granada-427-c-768x432.jpg 768w, https:\/\/blog.myvideomedia.com\/wp-content\/uploads\/2016\/06\/Alhambra-Granada-427-c-1260x709.jpg 1260w, https:\/\/blog.myvideomedia.com\/wp-content\/uploads\/2016\/06\/Alhambra-Granada-427-c.jpg 1280w\" sizes=\"auto, (max-width: 600px) 100vw, 600px\" \/><\/figure><\/div>\n\n\n\n<p>Nach dem Amphitheater, das 1952 gebaut wurde, erreichen wir den Generalife mit dem Patio de la Acequia (Wasserbeckenhof). Die Anlage mit den Springbrunnen in der Mitte, der Pflanzenwelt am Rande und den Gem\u00e4chern an der Stirnseite, bildete den Sommerpalast der Nasriden.<\/p>\n\n\n\n<div class=\"wp-block-image\"><figure class=\"aligncenter\"><img loading=\"lazy\" decoding=\"async\" width=\"600\" height=\"338\" src=\"https:\/\/blog.myvideomedia.com\/wp-content\/uploads\/2016\/06\/Alhambra-Granada-428-c-600x338.jpg\" alt=\"Patio de la Acequia\" class=\"wp-image-11741\" srcset=\"https:\/\/blog.myvideomedia.com\/wp-content\/uploads\/2016\/06\/Alhambra-Granada-428-c-600x338.jpg 600w, https:\/\/blog.myvideomedia.com\/wp-content\/uploads\/2016\/06\/Alhambra-Granada-428-c-768x432.jpg 768w, https:\/\/blog.myvideomedia.com\/wp-content\/uploads\/2016\/06\/Alhambra-Granada-428-c-1260x709.jpg 1260w, https:\/\/blog.myvideomedia.com\/wp-content\/uploads\/2016\/06\/Alhambra-Granada-428-c.jpg 1280w\" sizes=\"auto, (max-width: 600px) 100vw, 600px\" \/><\/figure><\/div>\n\n\n\n<p>1984 wurde die Alhambra mit ihren G\u00e4rten, zusammen mit dem Generalife und dem Stadtviertel Albayz\u00edn zum UNESCO-Weltkulturerbe erkl\u00e4rt.<\/p>\n\n\n\n<div class=\"wp-block-image\"><figure class=\"aligncenter\"><img loading=\"lazy\" decoding=\"async\" width=\"600\" height=\"338\" src=\"https:\/\/blog.myvideomedia.com\/wp-content\/uploads\/2016\/06\/Alhambra-Granada-429-c.-600x338.jpg\" alt=\"Generalife Granada\" class=\"wp-image-11743\" srcset=\"https:\/\/blog.myvideomedia.com\/wp-content\/uploads\/2016\/06\/Alhambra-Granada-429-c.-600x338.jpg 600w, https:\/\/blog.myvideomedia.com\/wp-content\/uploads\/2016\/06\/Alhambra-Granada-429-c.-768x432.jpg 768w, https:\/\/blog.myvideomedia.com\/wp-content\/uploads\/2016\/06\/Alhambra-Granada-429-c.-1260x709.jpg 1260w, https:\/\/blog.myvideomedia.com\/wp-content\/uploads\/2016\/06\/Alhambra-Granada-429-c..jpg 1280w\" sizes=\"auto, (max-width: 600px) 100vw, 600px\" \/><\/figure><\/div>\n\n\n\n<p>Wir verlassen die Alhambra durch die Puerta de la Justicia, durch die angeblich auch der letzte Emir die Alhambra verlie\u00df und gehen den Berg hinunter in die Stadt.<\/p>\n\n\n\n<div class=\"wp-block-image\"><figure class=\"aligncenter\"><img loading=\"lazy\" decoding=\"async\" width=\"600\" height=\"338\" src=\"https:\/\/blog.myvideomedia.com\/wp-content\/uploads\/2016\/06\/Alhambra-Granada-430c-600x338.jpg\" alt=\"Generalife Granada\" class=\"wp-image-11751\" srcset=\"https:\/\/blog.myvideomedia.com\/wp-content\/uploads\/2016\/06\/Alhambra-Granada-430c-600x338.jpg 600w, https:\/\/blog.myvideomedia.com\/wp-content\/uploads\/2016\/06\/Alhambra-Granada-430c-768x432.jpg 768w, https:\/\/blog.myvideomedia.com\/wp-content\/uploads\/2016\/06\/Alhambra-Granada-430c-1260x709.jpg 1260w, https:\/\/blog.myvideomedia.com\/wp-content\/uploads\/2016\/06\/Alhambra-Granada-430c.jpg 1280w\" sizes=\"auto, (max-width: 600px) 100vw, 600px\" \/><\/figure><\/div>\n\n\n\n<p>Weitere Informationen zur Alhambra, sowie <a href=\"https:\/\/de.wikivoyage.org\/wiki\/Alhambra#Geschichte\" target=\"_blank\" rel=\"nofollow noopener noreferrer\">Informationen zum Ticketverkauf und F\u00fchrungen<\/a><\/p>\n\n\n\n<p>Bitte lesen Sie weiter &gt; <a href=\"https:\/\/blog.myvideomedia.com\/de\/hotel-carmen-in-granada\/\">Hotel Carmen in Granada<\/a><\/p>\n\n\n\n<h3 class=\"wp-block-heading\"><span class=\"ez-toc-section\" id=\"Pin_it_%E2%80%93_fuer_spaeter_merken\"><\/span>Pin it &#8211; f\u00fcr sp\u00e4ter merken<span class=\"ez-toc-section-end\"><\/span><\/h3>\n\n\n\n<div class=\"wp-block-image\"><figure class=\"aligncenter\"><img loading=\"lazy\" decoding=\"async\" width=\"400\" height=\"600\" src=\"https:\/\/blog.myvideomedia.com\/wp-content\/uploads\/2016\/06\/Alhambra-Granada2-c-400x600.jpg\" alt=\"Alhambra Granada\" class=\"wp-image-18557\" srcset=\"https:\/\/blog.myvideomedia.com\/wp-content\/uploads\/2016\/06\/Alhambra-Granada2-c-400x600.jpg 400w, https:\/\/blog.myvideomedia.com\/wp-content\/uploads\/2016\/06\/Alhambra-Granada2-c.jpg 735w\" sizes=\"auto, (max-width: 400px) 100vw, 400px\" \/><\/figure><\/div>\n\n\n\n<p>Text, Fotos und Video: Copyright \u00a9 <a href=\"https:\/\/www.myvideomedia.com\/de\" target=\"_blank\" rel=\"noopener noreferrer\">myVideoMedia<\/a><\/p>\n","protected":false},"excerpt":{"rendered":"<p>Alhambra, die imposante Stadtburg auf einem H\u00fcgel von Granada, z\u00e4hlt zweifelsohne zu den ber\u00fchmtesten Bauwerken Spaniens und ist eine der meistbesuchten Attraktionen in der Region Andalusien. Historischer Hintergrund Bereits in vorr\u00f6mischer Zeit war der Sabikah-H\u00fcgel von Granada besiedelt bis die Mauren nach der Eroberung der Iberischen Halbinsel hier eine Burg erbauten. Diese bestand ihre Bew\u00e4hrungsprobe [&hellip;]<\/p>\n","protected":false},"author":1,"featured_media":11721,"comment_status":"closed","ping_status":"closed","sticky":false,"template":"","format":"standard","meta":{"_genesis_hide_title":false,"_genesis_hide_breadcrumbs":false,"_genesis_hide_singular_image":false,"_genesis_hide_footer_widgets":false,"_genesis_custom_body_class":"","_genesis_custom_post_class":"","_genesis_layout":"","footnotes":""},"categories":[1550,708,526],"tags":[451,476],"class_list":{"0":"post-11754","1":"post","2":"type-post","3":"status-publish","4":"format-standard","5":"has-post-thumbnail","7":"category-europa","8":"category-granada-de","9":"category-spanien","10":"tag-schloss","11":"tag-unesco-weltkulturerbe","12":"entry"},"yoast_head":"<!-- This site is optimized with the Yoast SEO plugin v27.4 - https:\/\/yoast.com\/product\/yoast-seo-wordpress\/ -->\n<title>Rundgang durch die Alhambra in Granada - Spanien - Reise Video Blog<\/title>\n<meta name=\"description\" content=\"Alhambra, die imposante Stadtburg auf einem H\u00fcgel von Granada, z\u00e4hlt zweifelsohne zu den ber\u00fchmtesten Bauwerken Spaniens\" \/>\n<meta name=\"robots\" content=\"index, follow, max-snippet:-1, max-image-preview:large, max-video-preview:-1\" \/>\n<link rel=\"canonical\" href=\"https:\/\/blog.myvideomedia.com\/de\/alhambra-granada\/\" \/>\n<meta property=\"og:locale\" content=\"de_DE\" \/>\n<meta property=\"og:type\" content=\"article\" \/>\n<meta property=\"og:title\" content=\"Rundgang durch die Alhambra in Granada - Spanien - Reise Video Blog\" \/>\n<meta property=\"og:description\" content=\"Alhambra, die imposante Stadtburg auf einem H\u00fcgel von Granada, z\u00e4hlt zweifelsohne zu den ber\u00fchmtesten Bauwerken Spaniens\" \/>\n<meta property=\"og:url\" content=\"https:\/\/blog.myvideomedia.com\/de\/alhambra-granada\/\" \/>\n<meta property=\"og:site_name\" content=\"Reise Video Blog\" \/>\n<meta property=\"article:publisher\" content=\"https:\/\/www.facebook.com\/ursula.streit.520\" \/>\n<meta property=\"article:author\" content=\"https:\/\/www.facebook.com\/ursula.streit.520\" \/>\n<meta property=\"article:published_time\" content=\"2016-06-18T14:30:56+00:00\" \/>\n<meta property=\"article:modified_time\" content=\"2020-09-06T14:45:31+00:00\" \/>\n<meta property=\"og:image\" content=\"https:\/\/blog.myvideomedia.com\/wp-content\/uploads\/2016\/06\/Alhambra-Granada-418-c.jpg\" \/>\n\t<meta property=\"og:image:width\" content=\"1280\" \/>\n\t<meta property=\"og:image:height\" content=\"720\" \/>\n\t<meta property=\"og:image:type\" content=\"image\/jpeg\" \/>\n<meta name=\"author\" content=\"myVideoMedia\" \/>\n<meta name=\"twitter:card\" content=\"summary_large_image\" \/>\n<meta name=\"twitter:creator\" content=\"@myvideomedia\" \/>\n<meta name=\"twitter:site\" content=\"@myvideomedia\" \/>\n<meta name=\"twitter:label1\" content=\"Verfasst von\" \/>\n\t<meta name=\"twitter:data1\" content=\"myVideoMedia\" \/>\n\t<meta name=\"twitter:label2\" content=\"Gesch\u00e4tzte Lesezeit\" \/>\n\t<meta name=\"twitter:data2\" content=\"6\u00a0Minuten\" \/>\n<script type=\"application\/ld+json\" class=\"yoast-schema-graph\">{\"@context\":\"https:\\\/\\\/schema.org\",\"@graph\":[{\"@type\":\"Article\",\"@id\":\"https:\\\/\\\/blog.myvideomedia.com\\\/de\\\/alhambra-granada\\\/#article\",\"isPartOf\":{\"@id\":\"https:\\\/\\\/blog.myvideomedia.com\\\/de\\\/alhambra-granada\\\/\"},\"author\":{\"name\":\"myVideoMedia\",\"@id\":\"https:\\\/\\\/blog.myvideomedia.com\\\/de\\\/#\\\/schema\\\/person\\\/87be8fbbed69b1562242448c1c3dcbec\"},\"headline\":\"Rundgang durch die Alhambra in Granada\",\"datePublished\":\"2016-06-18T14:30:56+00:00\",\"dateModified\":\"2020-09-06T14:45:31+00:00\",\"mainEntityOfPage\":{\"@id\":\"https:\\\/\\\/blog.myvideomedia.com\\\/de\\\/alhambra-granada\\\/\"},\"wordCount\":1179,\"publisher\":{\"@id\":\"https:\\\/\\\/blog.myvideomedia.com\\\/de\\\/#\\\/schema\\\/person\\\/87be8fbbed69b1562242448c1c3dcbec\"},\"image\":{\"@id\":\"https:\\\/\\\/blog.myvideomedia.com\\\/de\\\/alhambra-granada\\\/#primaryimage\"},\"thumbnailUrl\":\"https:\\\/\\\/blog.myvideomedia.com\\\/wp-content\\\/uploads\\\/2016\\\/06\\\/Alhambra-Granada-418-c.jpg\",\"keywords\":[\"Schloss\",\"UNESCO Weltkulturerbe\"],\"articleSection\":[\"Europa\",\"Granada\",\"Spanien\"],\"inLanguage\":\"de\"},{\"@type\":\"WebPage\",\"@id\":\"https:\\\/\\\/blog.myvideomedia.com\\\/de\\\/alhambra-granada\\\/\",\"url\":\"https:\\\/\\\/blog.myvideomedia.com\\\/de\\\/alhambra-granada\\\/\",\"name\":\"Rundgang durch die Alhambra in Granada - Spanien - Reise Video Blog\",\"isPartOf\":{\"@id\":\"https:\\\/\\\/blog.myvideomedia.com\\\/de\\\/#website\"},\"primaryImageOfPage\":{\"@id\":\"https:\\\/\\\/blog.myvideomedia.com\\\/de\\\/alhambra-granada\\\/#primaryimage\"},\"image\":{\"@id\":\"https:\\\/\\\/blog.myvideomedia.com\\\/de\\\/alhambra-granada\\\/#primaryimage\"},\"thumbnailUrl\":\"https:\\\/\\\/blog.myvideomedia.com\\\/wp-content\\\/uploads\\\/2016\\\/06\\\/Alhambra-Granada-418-c.jpg\",\"datePublished\":\"2016-06-18T14:30:56+00:00\",\"dateModified\":\"2020-09-06T14:45:31+00:00\",\"description\":\"Alhambra, die imposante Stadtburg auf einem H\u00fcgel von Granada, z\u00e4hlt zweifelsohne zu den ber\u00fchmtesten Bauwerken Spaniens\",\"breadcrumb\":{\"@id\":\"https:\\\/\\\/blog.myvideomedia.com\\\/de\\\/alhambra-granada\\\/#breadcrumb\"},\"inLanguage\":\"de\",\"potentialAction\":[{\"@type\":\"ReadAction\",\"target\":[\"https:\\\/\\\/blog.myvideomedia.com\\\/de\\\/alhambra-granada\\\/\"]}]},{\"@type\":\"ImageObject\",\"inLanguage\":\"de\",\"@id\":\"https:\\\/\\\/blog.myvideomedia.com\\\/de\\\/alhambra-granada\\\/#primaryimage\",\"url\":\"https:\\\/\\\/blog.myvideomedia.com\\\/wp-content\\\/uploads\\\/2016\\\/06\\\/Alhambra-Granada-418-c.jpg\",\"contentUrl\":\"https:\\\/\\\/blog.myvideomedia.com\\\/wp-content\\\/uploads\\\/2016\\\/06\\\/Alhambra-Granada-418-c.jpg\",\"width\":1280,\"height\":720,\"caption\":\"L\u00f6wenhof Alhambra\"},{\"@type\":\"BreadcrumbList\",\"@id\":\"https:\\\/\\\/blog.myvideomedia.com\\\/de\\\/alhambra-granada\\\/#breadcrumb\",\"itemListElement\":[{\"@type\":\"ListItem\",\"position\":1,\"name\":\"Home\",\"item\":\"https:\\\/\\\/blog.myvideomedia.com\\\/de\\\/\"},{\"@type\":\"ListItem\",\"position\":2,\"name\":\"Rundgang durch die Alhambra in Granada\"}]},{\"@type\":\"WebSite\",\"@id\":\"https:\\\/\\\/blog.myvideomedia.com\\\/de\\\/#website\",\"url\":\"https:\\\/\\\/blog.myvideomedia.com\\\/de\\\/\",\"name\":\"Travel Video Blog\",\"description\":\"myVideoMedia Reisetipps und Reisevideos\",\"publisher\":{\"@id\":\"https:\\\/\\\/blog.myvideomedia.com\\\/de\\\/#\\\/schema\\\/person\\\/87be8fbbed69b1562242448c1c3dcbec\"},\"potentialAction\":[{\"@type\":\"SearchAction\",\"target\":{\"@type\":\"EntryPoint\",\"urlTemplate\":\"https:\\\/\\\/blog.myvideomedia.com\\\/de\\\/?s={search_term_string}\"},\"query-input\":{\"@type\":\"PropertyValueSpecification\",\"valueRequired\":true,\"valueName\":\"search_term_string\"}}],\"inLanguage\":\"de\"},{\"@type\":[\"Person\",\"Organization\"],\"@id\":\"https:\\\/\\\/blog.myvideomedia.com\\\/de\\\/#\\\/schema\\\/person\\\/87be8fbbed69b1562242448c1c3dcbec\",\"name\":\"myVideoMedia\",\"image\":{\"@type\":\"ImageObject\",\"inLanguage\":\"de\",\"@id\":\"https:\\\/\\\/secure.gravatar.com\\\/avatar\\\/460720160715ef8975b781abd1b6985e55ce2f01567bb6757bebd73e7cf74c97?s=96&d=mm&r=g\",\"url\":\"https:\\\/\\\/secure.gravatar.com\\\/avatar\\\/460720160715ef8975b781abd1b6985e55ce2f01567bb6757bebd73e7cf74c97?s=96&d=mm&r=g\",\"contentUrl\":\"https:\\\/\\\/secure.gravatar.com\\\/avatar\\\/460720160715ef8975b781abd1b6985e55ce2f01567bb6757bebd73e7cf74c97?s=96&d=mm&r=g\",\"caption\":\"myVideoMedia\"},\"logo\":{\"@id\":\"https:\\\/\\\/secure.gravatar.com\\\/avatar\\\/460720160715ef8975b781abd1b6985e55ce2f01567bb6757bebd73e7cf74c97?s=96&d=mm&r=g\"},\"description\":\"\\\"The World is a book, and those who do not travel read only a page\\\" - Aurelius Augustinus (354 - 430 AD) Travel is our passion. With our posts and videos we like to inspire people who are planning or preparing for holidays as well as people who simply want to escape from everyday life and dream of faraway countries.\",\"sameAs\":[\"https:\\\/\\\/www.myvideomedia.com\",\"https:\\\/\\\/www.facebook.com\\\/ursula.streit.520\"],\"url\":\"https:\\\/\\\/blog.myvideomedia.com\\\/de\\\/author\\\/traveladm\\\/\"}]}<\/script>\n<!-- \/ Yoast SEO plugin. -->","yoast_head_json":{"title":"Rundgang durch die Alhambra in Granada - Spanien - Reise Video Blog","description":"Alhambra, die imposante Stadtburg auf einem H\u00fcgel von Granada, z\u00e4hlt zweifelsohne zu den ber\u00fchmtesten Bauwerken Spaniens","robots":{"index":"index","follow":"follow","max-snippet":"max-snippet:-1","max-image-preview":"max-image-preview:large","max-video-preview":"max-video-preview:-1"},"canonical":"https:\/\/blog.myvideomedia.com\/de\/alhambra-granada\/","og_locale":"de_DE","og_type":"article","og_title":"Rundgang durch die Alhambra in Granada - Spanien - Reise Video Blog","og_description":"Alhambra, die imposante Stadtburg auf einem H\u00fcgel von Granada, z\u00e4hlt zweifelsohne zu den ber\u00fchmtesten Bauwerken Spaniens","og_url":"https:\/\/blog.myvideomedia.com\/de\/alhambra-granada\/","og_site_name":"Reise Video Blog","article_publisher":"https:\/\/www.facebook.com\/ursula.streit.520","article_author":"https:\/\/www.facebook.com\/ursula.streit.520","article_published_time":"2016-06-18T14:30:56+00:00","article_modified_time":"2020-09-06T14:45:31+00:00","og_image":[{"width":1280,"height":720,"url":"https:\/\/blog.myvideomedia.com\/wp-content\/uploads\/2016\/06\/Alhambra-Granada-418-c.jpg","type":"image\/jpeg"}],"author":"myVideoMedia","twitter_card":"summary_large_image","twitter_creator":"@myvideomedia","twitter_site":"@myvideomedia","twitter_misc":{"Verfasst von":"myVideoMedia","Gesch\u00e4tzte Lesezeit":"6\u00a0Minuten"},"schema":{"@context":"https:\/\/schema.org","@graph":[{"@type":"Article","@id":"https:\/\/blog.myvideomedia.com\/de\/alhambra-granada\/#article","isPartOf":{"@id":"https:\/\/blog.myvideomedia.com\/de\/alhambra-granada\/"},"author":{"name":"myVideoMedia","@id":"https:\/\/blog.myvideomedia.com\/de\/#\/schema\/person\/87be8fbbed69b1562242448c1c3dcbec"},"headline":"Rundgang durch die Alhambra in Granada","datePublished":"2016-06-18T14:30:56+00:00","dateModified":"2020-09-06T14:45:31+00:00","mainEntityOfPage":{"@id":"https:\/\/blog.myvideomedia.com\/de\/alhambra-granada\/"},"wordCount":1179,"publisher":{"@id":"https:\/\/blog.myvideomedia.com\/de\/#\/schema\/person\/87be8fbbed69b1562242448c1c3dcbec"},"image":{"@id":"https:\/\/blog.myvideomedia.com\/de\/alhambra-granada\/#primaryimage"},"thumbnailUrl":"https:\/\/blog.myvideomedia.com\/wp-content\/uploads\/2016\/06\/Alhambra-Granada-418-c.jpg","keywords":["Schloss","UNESCO Weltkulturerbe"],"articleSection":["Europa","Granada","Spanien"],"inLanguage":"de"},{"@type":"WebPage","@id":"https:\/\/blog.myvideomedia.com\/de\/alhambra-granada\/","url":"https:\/\/blog.myvideomedia.com\/de\/alhambra-granada\/","name":"Rundgang durch die Alhambra in Granada - Spanien - Reise Video Blog","isPartOf":{"@id":"https:\/\/blog.myvideomedia.com\/de\/#website"},"primaryImageOfPage":{"@id":"https:\/\/blog.myvideomedia.com\/de\/alhambra-granada\/#primaryimage"},"image":{"@id":"https:\/\/blog.myvideomedia.com\/de\/alhambra-granada\/#primaryimage"},"thumbnailUrl":"https:\/\/blog.myvideomedia.com\/wp-content\/uploads\/2016\/06\/Alhambra-Granada-418-c.jpg","datePublished":"2016-06-18T14:30:56+00:00","dateModified":"2020-09-06T14:45:31+00:00","description":"Alhambra, die imposante Stadtburg auf einem H\u00fcgel von Granada, z\u00e4hlt zweifelsohne zu den ber\u00fchmtesten Bauwerken Spaniens","breadcrumb":{"@id":"https:\/\/blog.myvideomedia.com\/de\/alhambra-granada\/#breadcrumb"},"inLanguage":"de","potentialAction":[{"@type":"ReadAction","target":["https:\/\/blog.myvideomedia.com\/de\/alhambra-granada\/"]}]},{"@type":"ImageObject","inLanguage":"de","@id":"https:\/\/blog.myvideomedia.com\/de\/alhambra-granada\/#primaryimage","url":"https:\/\/blog.myvideomedia.com\/wp-content\/uploads\/2016\/06\/Alhambra-Granada-418-c.jpg","contentUrl":"https:\/\/blog.myvideomedia.com\/wp-content\/uploads\/2016\/06\/Alhambra-Granada-418-c.jpg","width":1280,"height":720,"caption":"L\u00f6wenhof Alhambra"},{"@type":"BreadcrumbList","@id":"https:\/\/blog.myvideomedia.com\/de\/alhambra-granada\/#breadcrumb","itemListElement":[{"@type":"ListItem","position":1,"name":"Home","item":"https:\/\/blog.myvideomedia.com\/de\/"},{"@type":"ListItem","position":2,"name":"Rundgang durch die Alhambra in Granada"}]},{"@type":"WebSite","@id":"https:\/\/blog.myvideomedia.com\/de\/#website","url":"https:\/\/blog.myvideomedia.com\/de\/","name":"Travel Video Blog","description":"myVideoMedia Reisetipps und Reisevideos","publisher":{"@id":"https:\/\/blog.myvideomedia.com\/de\/#\/schema\/person\/87be8fbbed69b1562242448c1c3dcbec"},"potentialAction":[{"@type":"SearchAction","target":{"@type":"EntryPoint","urlTemplate":"https:\/\/blog.myvideomedia.com\/de\/?s={search_term_string}"},"query-input":{"@type":"PropertyValueSpecification","valueRequired":true,"valueName":"search_term_string"}}],"inLanguage":"de"},{"@type":["Person","Organization"],"@id":"https:\/\/blog.myvideomedia.com\/de\/#\/schema\/person\/87be8fbbed69b1562242448c1c3dcbec","name":"myVideoMedia","image":{"@type":"ImageObject","inLanguage":"de","@id":"https:\/\/secure.gravatar.com\/avatar\/460720160715ef8975b781abd1b6985e55ce2f01567bb6757bebd73e7cf74c97?s=96&d=mm&r=g","url":"https:\/\/secure.gravatar.com\/avatar\/460720160715ef8975b781abd1b6985e55ce2f01567bb6757bebd73e7cf74c97?s=96&d=mm&r=g","contentUrl":"https:\/\/secure.gravatar.com\/avatar\/460720160715ef8975b781abd1b6985e55ce2f01567bb6757bebd73e7cf74c97?s=96&d=mm&r=g","caption":"myVideoMedia"},"logo":{"@id":"https:\/\/secure.gravatar.com\/avatar\/460720160715ef8975b781abd1b6985e55ce2f01567bb6757bebd73e7cf74c97?s=96&d=mm&r=g"},"description":"\"The World is a book, and those who do not travel read only a page\" - Aurelius Augustinus (354 - 430 AD) Travel is our passion. With our posts and videos we like to inspire people who are planning or preparing for holidays as well as people who simply want to escape from everyday life and dream of faraway countries.","sameAs":["https:\/\/www.myvideomedia.com","https:\/\/www.facebook.com\/ursula.streit.520"],"url":"https:\/\/blog.myvideomedia.com\/de\/author\/traveladm\/"}]}},"featured_image_src":"https:\/\/blog.myvideomedia.com\/wp-content\/uploads\/2016\/06\/Alhambra-Granada-418-c.jpg","featured_image_src_square":"https:\/\/blog.myvideomedia.com\/wp-content\/uploads\/2016\/06\/Alhambra-Granada-418-c.jpg","author_info":{"display_name":"myVideoMedia","author_link":"https:\/\/blog.myvideomedia.com\/de\/author\/traveladm\/"},"_links":{"self":[{"href":"https:\/\/blog.myvideomedia.com\/de\/wp-json\/wp\/v2\/posts\/11754","targetHints":{"allow":["GET"]}}],"collection":[{"href":"https:\/\/blog.myvideomedia.com\/de\/wp-json\/wp\/v2\/posts"}],"about":[{"href":"https:\/\/blog.myvideomedia.com\/de\/wp-json\/wp\/v2\/types\/post"}],"author":[{"embeddable":true,"href":"https:\/\/blog.myvideomedia.com\/de\/wp-json\/wp\/v2\/users\/1"}],"replies":[{"embeddable":true,"href":"https:\/\/blog.myvideomedia.com\/de\/wp-json\/wp\/v2\/comments?post=11754"}],"version-history":[{"count":0,"href":"https:\/\/blog.myvideomedia.com\/de\/wp-json\/wp\/v2\/posts\/11754\/revisions"}],"wp:featuredmedia":[{"embeddable":true,"href":"https:\/\/blog.myvideomedia.com\/de\/wp-json\/wp\/v2\/media\/11721"}],"wp:attachment":[{"href":"https:\/\/blog.myvideomedia.com\/de\/wp-json\/wp\/v2\/media?parent=11754"}],"wp:term":[{"taxonomy":"category","embeddable":true,"href":"https:\/\/blog.myvideomedia.com\/de\/wp-json\/wp\/v2\/categories?post=11754"},{"taxonomy":"post_tag","embeddable":true,"href":"https:\/\/blog.myvideomedia.com\/de\/wp-json\/wp\/v2\/tags?post=11754"}],"curies":[{"name":"wp","href":"https:\/\/api.w.org\/{rel}","templated":true}]}}