{"id":12077,"date":"2016-09-08T20:25:56","date_gmt":"2016-09-08T19:25:56","guid":{"rendered":"https:\/\/blog.myvideomedia.com\/de\/?p=12077"},"modified":"2025-05-28T15:16:20","modified_gmt":"2025-05-28T14:16:20","slug":"aquaedukt-von-segovia-und-altstadt","status":"publish","type":"post","link":"https:\/\/blog.myvideomedia.com\/de\/aquaedukt-von-segovia-und-altstadt\/","title":{"rendered":"Aqu\u00e4dukt von Segovia und Altstadt"},"content":{"rendered":"\n<p>Segovia z\u00e4hlt neben Avila und Toledo zu den drei historischen Metropolen rund um Madrid.<\/p>\n\n\n<div class=\"wp-block-image\">\n<figure class=\"aligncenter\"><img loading=\"lazy\" decoding=\"async\" width=\"600\" height=\"338\" src=\"https:\/\/blog.myvideomedia.com\/wp-content\/uploads\/2016\/09\/Segovia-20160515_171455-c-600x338.jpg\" alt=\"Blick auf Segovia\" class=\"wp-image-12058\" srcset=\"https:\/\/blog.myvideomedia.com\/wp-content\/uploads\/2016\/09\/Segovia-20160515_171455-c-600x338.jpg 600w, https:\/\/blog.myvideomedia.com\/wp-content\/uploads\/2016\/09\/Segovia-20160515_171455-c-768x432.jpg 768w, https:\/\/blog.myvideomedia.com\/wp-content\/uploads\/2016\/09\/Segovia-20160515_171455-c-1260x709.jpg 1260w, https:\/\/blog.myvideomedia.com\/wp-content\/uploads\/2016\/09\/Segovia-20160515_171455-c.jpg 1280w\" sizes=\"auto, (max-width: 600px) 100vw, 600px\" \/><\/figure>\n<\/div>\n\n\n<p>Segovia besitzt eine lange und wechselvolle Geschichte, die bereits im 1. Jahrtausend vor Christus begann. Von hier aus organisierten die Vakk\u00e4er, die hier bereits in keltisch-iberischer Zeit hier siedelten, ihren Widerstand gegen die R\u00f6mer.<\/p>\n\n\n\n<p>Die Stadt wurde von den R\u00f6mern zu einem wichtigen Heeresst\u00fctzpunkt ausgebaut. Nach Zerfall des r\u00f6mischen Reiches wurde Segovia Teil des Westgotenreiches. Vom 13. bis 15. Jahrhundert war Segovia K\u00f6nigssitz.<\/p>\n\n\n\n<div id=\"ez-toc-container\" class=\"ez-toc-v2_0_82_2 counter-hierarchy ez-toc-counter ez-toc-grey ez-toc-container-direction\">\n<div class=\"ez-toc-title-container\">\n<p class=\"ez-toc-title\" style=\"cursor:inherit\">Inhaltsverzeichnis<\/p>\n<span class=\"ez-toc-title-toggle\"><a href=\"#\" class=\"ez-toc-pull-right ez-toc-btn ez-toc-btn-xs ez-toc-btn-default ez-toc-toggle\" aria-label=\"Toggle Table of Content\"><span class=\"ez-toc-js-icon-con\"><span class=\"\"><span class=\"eztoc-hide\" style=\"display:none;\">Toggle<\/span><span class=\"ez-toc-icon-toggle-span\"><svg style=\"fill: #999;color:#999\" xmlns=\"http:\/\/www.w3.org\/2000\/svg\" class=\"list-377408\" width=\"20px\" height=\"20px\" viewBox=\"0 0 24 24\" fill=\"none\"><path d=\"M6 6H4v2h2V6zm14 0H8v2h12V6zM4 11h2v2H4v-2zm16 0H8v2h12v-2zM4 16h2v2H4v-2zm16 0H8v2h12v-2z\" fill=\"currentColor\"><\/path><\/svg><svg style=\"fill: #999;color:#999\" class=\"arrow-unsorted-368013\" xmlns=\"http:\/\/www.w3.org\/2000\/svg\" width=\"10px\" height=\"10px\" viewBox=\"0 0 24 24\" version=\"1.2\" baseProfile=\"tiny\"><path d=\"M18.2 9.3l-6.2-6.3-6.2 6.3c-.2.2-.3.4-.3.7s.1.5.3.7c.2.2.4.3.7.3h11c.3 0 .5-.1.7-.3.2-.2.3-.5.3-.7s-.1-.5-.3-.7zM5.8 14.7l6.2 6.3 6.2-6.3c.2-.2.3-.5.3-.7s-.1-.5-.3-.7c-.2-.2-.4-.3-.7-.3h-11c-.3 0-.5.1-.7.3-.2.2-.3.5-.3.7s.1.5.3.7z\"\/><\/svg><\/span><\/span><\/span><\/a><\/span><\/div>\n<nav><ul class='ez-toc-list ez-toc-list-level-1 ' ><li class='ez-toc-page-1 ez-toc-heading-level-2'><a class=\"ez-toc-link ez-toc-heading-1\" href=\"https:\/\/blog.myvideomedia.com\/de\/aquaedukt-von-segovia-und-altstadt\/#Aquaedukt_von_Segovia\" >Aqu\u00e4dukt von Segovia<\/a><\/li><li class='ez-toc-page-1 ez-toc-heading-level-2'><a class=\"ez-toc-link ez-toc-heading-2\" href=\"https:\/\/blog.myvideomedia.com\/de\/aquaedukt-von-segovia-und-altstadt\/#Hotel_Real_Sirenas\" >Hotel Real Sirenas<\/a><ul class='ez-toc-list-level-3' ><li class='ez-toc-heading-level-3'><a class=\"ez-toc-link ez-toc-heading-3\" href=\"https:\/\/blog.myvideomedia.com\/de\/aquaedukt-von-segovia-und-altstadt\/#Hier_sehen_Sie_das_4k_UHD_Video\" >Hier sehen Sie das 4k UHD Video<\/a><\/li><\/ul><\/li><li class='ez-toc-page-1 ez-toc-heading-level-2'><a class=\"ez-toc-link ez-toc-heading-4\" href=\"https:\/\/blog.myvideomedia.com\/de\/aquaedukt-von-segovia-und-altstadt\/#Alcazar_de_Segovia\" >Alcazar de Segovia<\/a><\/li><li class='ez-toc-page-1 ez-toc-heading-level-2'><a class=\"ez-toc-link ez-toc-heading-5\" href=\"https:\/\/blog.myvideomedia.com\/de\/aquaedukt-von-segovia-und-altstadt\/#Begegnung_mit_Blanca\" >Begegnung mit Blanca<\/a><ul class='ez-toc-list-level-3' ><li class='ez-toc-heading-level-3'><a class=\"ez-toc-link ez-toc-heading-6\" href=\"https:\/\/blog.myvideomedia.com\/de\/aquaedukt-von-segovia-und-altstadt\/#Pin_it_%E2%80%93_fuer_spaeter_merken\" >Pin it &#8211; f\u00fcr sp\u00e4ter merken<\/a><\/li><\/ul><\/li><\/ul><\/nav><\/div>\n<h2 class=\"wp-block-heading\"><span class=\"ez-toc-section\" id=\"Aquaedukt_von_Segovia\"><\/span>Aqu\u00e4dukt von Segovia<span class=\"ez-toc-section-end\"><\/span><\/h2>\n\n\n\n<p>Wir verlassen die Plaza Mayor \u00fcber die Calle Cronista Lecea und gehen weiter zur Calle Serafin, zur Calle San Facundo und zur Calle San Augustin.<\/p>\n\n\n<div class=\"wp-block-image\">\n<figure class=\"aligncenter\"><img loading=\"lazy\" decoding=\"async\" width=\"600\" height=\"338\" src=\"https:\/\/blog.myvideomedia.com\/wp-content\/uploads\/2016\/09\/Segovia-20160515_112401-c-600x338.jpg\" alt=\"Segovia\" class=\"wp-image-12079\" srcset=\"https:\/\/blog.myvideomedia.com\/wp-content\/uploads\/2016\/09\/Segovia-20160515_112401-c-600x338.jpg 600w, https:\/\/blog.myvideomedia.com\/wp-content\/uploads\/2016\/09\/Segovia-20160515_112401-c-768x432.jpg 768w, https:\/\/blog.myvideomedia.com\/wp-content\/uploads\/2016\/09\/Segovia-20160515_112401-c-1260x709.jpg 1260w, https:\/\/blog.myvideomedia.com\/wp-content\/uploads\/2016\/09\/Segovia-20160515_112401-c.jpg 1280w\" sizes=\"auto, (max-width: 600px) 100vw, 600px\" \/><\/figure>\n<\/div>\n\n\n<p>Schon von Weitem k\u00f6nnen wir das gewaltige r\u00f6mische Aqu\u00e4dukt bestaunen<\/p>\n\n\n<div class=\"wp-block-image\">\n<figure class=\"aligncenter\"><img loading=\"lazy\" decoding=\"async\" width=\"600\" height=\"338\" src=\"https:\/\/blog.myvideomedia.com\/wp-content\/uploads\/2016\/09\/Segovia-20160515_113117-c-600x338.jpg\" alt=\"Aqu\u00e4dukt von Segovia\" class=\"wp-image-12066\" srcset=\"https:\/\/blog.myvideomedia.com\/wp-content\/uploads\/2016\/09\/Segovia-20160515_113117-c-600x338.jpg 600w, https:\/\/blog.myvideomedia.com\/wp-content\/uploads\/2016\/09\/Segovia-20160515_113117-c-768x432.jpg 768w, https:\/\/blog.myvideomedia.com\/wp-content\/uploads\/2016\/09\/Segovia-20160515_113117-c-1260x709.jpg 1260w, https:\/\/blog.myvideomedia.com\/wp-content\/uploads\/2016\/09\/Segovia-20160515_113117-c.jpg 1280w\" sizes=\"auto, (max-width: 600px) 100vw, 600px\" \/><\/figure>\n<\/div>\n\n\n<p>Das Aqu\u00e4dukt wurde im 1. Jh. n. Chr. von Kaiser Domitian in Auftrag gegeben und unter Kaiser Trajan fertiggestellt. Es versorgte die Stadt aus den Bergen der Sierra de Fuenfria in 17 km Entfernung mit Frischwasser. Es war bis 1974 in Betrieb. <\/p>\n\n\n\n<p>Die untere Bogenreihe ist 18 m hoch, die h\u00f6chste Stelle ist 28 m hoch. Die L\u00e4nge betr\u00e4gt 728m mit 167 B\u00f6gen. Das Aqu\u00e4dukt besteht aus 24400 Granit-Steinbl\u00f6cken die im Kern mit einer Mischung aus Ger\u00f6llsteinen und M\u00f6rtel gef\u00fcllt sind.<\/p>\n\n\n<div class=\"wp-block-image\">\n<figure class=\"aligncenter\"><img loading=\"lazy\" decoding=\"async\" width=\"600\" height=\"338\" src=\"https:\/\/blog.myvideomedia.com\/wp-content\/uploads\/2016\/09\/Segovia-20160515_113435-c-600x338.jpg\" alt=\"Aqu\u00e4dukt von Segovia\" class=\"wp-image-12060\" srcset=\"https:\/\/blog.myvideomedia.com\/wp-content\/uploads\/2016\/09\/Segovia-20160515_113435-c-600x338.jpg 600w, https:\/\/blog.myvideomedia.com\/wp-content\/uploads\/2016\/09\/Segovia-20160515_113435-c-768x432.jpg 768w, https:\/\/blog.myvideomedia.com\/wp-content\/uploads\/2016\/09\/Segovia-20160515_113435-c-1260x709.jpg 1260w, https:\/\/blog.myvideomedia.com\/wp-content\/uploads\/2016\/09\/Segovia-20160515_113435-c.jpg 1280w\" sizes=\"auto, (max-width: 600px) 100vw, 600px\" \/><\/figure>\n<\/div>\n\n\n<p>Das Aqu\u00e4dukt von Segovia ist das bedeutendste r\u00f6mische Bauwerk auf der iberischen Halbinsel. Seit 1985 z\u00e4hlt das Aqu\u00e4dukt und der historische Stadtkern von Segovia zum UNESCO Welterbe.<\/p>\n\n\n\n<p>Durch einige Seitenstra\u00dfen gehen wir wieder zur\u00fcck, bis wir auf die Calle Juan Bravo sto\u00dfen.<\/p>\n\n\n\n<h2 class=\"wp-block-heading\"><span class=\"ez-toc-section\" id=\"Hotel_Real_Sirenas\"><\/span>Hotel Real Sirenas<span class=\"ez-toc-section-end\"><\/span><\/h2>\n\n\n\n<p>An der Rezeption unserer Unterkunft, dem Hotel infanta Isabel, haben wir den Tipp bekommen, das das Schwesterhotel Real Sirenas Zu besuchen.<\/p>\n\n\n<div class=\"wp-block-image\">\n<figure class=\"aligncenter\"><img loading=\"lazy\" decoding=\"async\" width=\"600\" height=\"338\" src=\"https:\/\/blog.myvideomedia.com\/wp-content\/uploads\/2016\/09\/Segovia-20160515_130820-c-600x338.jpg\" alt=\"Hotel Real Sirenas\" class=\"wp-image-12062\" srcset=\"https:\/\/blog.myvideomedia.com\/wp-content\/uploads\/2016\/09\/Segovia-20160515_130820-c-600x338.jpg 600w, https:\/\/blog.myvideomedia.com\/wp-content\/uploads\/2016\/09\/Segovia-20160515_130820-c-768x432.jpg 768w, https:\/\/blog.myvideomedia.com\/wp-content\/uploads\/2016\/09\/Segovia-20160515_130820-c-1260x709.jpg 1260w, https:\/\/blog.myvideomedia.com\/wp-content\/uploads\/2016\/09\/Segovia-20160515_130820-c.jpg 1280w\" sizes=\"auto, (max-width: 600px) 100vw, 600px\" \/><\/figure>\n<\/div>\n\n\n<p>Das Hotel Real Sirenas verf\u00fcgt \u00fcber eine Dachterrasse, von der aus man einen grandiosen \u00dcberblick \u00fcber die D\u00e4cher von Segovia hat. Davon haben wir uns nat\u00fcrlich pers\u00f6nlich \u00fcberzeugt und k\u00f6nnen dies nur best\u00e4tigen. Vielen Dank an das Hotel Real Sirenas, das uns den Zugang gew\u00e4hrt, obwohl die Terrasse gerade renoviert wird.<\/p>\n\n\n\n<h3 class=\"wp-block-heading\"><span class=\"ez-toc-section\" id=\"Hier_sehen_Sie_das_4k_UHD_Video\"><\/span><a rel=\"noopener nofollow noreferrer\" href=\"https:\/\/youtu.be\/JdOhitXTM04\" target=\"_blank\">Hier sehen Sie das 4k UHD Video<\/a><span class=\"ez-toc-section-end\"><\/span><\/h3>\n\n\n\n<figure> <div class=\"brlbs-cmpnt-container brlbs-cmpnt-content-blocker brlbs-cmpnt-with-individual-styles\" data-borlabs-cookie-content-blocker-id=\"youtube-content-blocker\" data-borlabs-cookie-content=\"PGlmcmFtZSBzcmM9Imh0dHBzOi8vd3d3LnlvdXR1YmUtbm9jb29raWUuY29tL2VtYmVkL0pkT2hpdFhUTTA0IiB3aWR0aD0iNjAwIiBoZWlnaHQ9IjMzOCI+PC9pZnJhbWU+\"><div class=\"brlbs-cmpnt-cb-preset-c brlbs-cmpnt-cb-youtube\"> <div class=\"brlbs-cmpnt-cb-thumbnail\" style=\"background-image: url('https:\/\/blog.myvideomedia.com\/wp-content\/uploads\/borlabs-cookie\/1\/yt_JdOhitXTM04_hqdefault.jpg')\"><\/div> <div class=\"brlbs-cmpnt-cb-main\"> <div class=\"brlbs-cmpnt-cb-play-button\"><\/div> <div class=\"brlbs-cmpnt-cb-content\"> <p class=\"brlbs-cmpnt-cb-description\">Sie sehen gerade einen Platzhalterinhalt von <strong>YouTube<\/strong>. Um auf den eigentlichen Inhalt zuzugreifen, klicken Sie auf die Schaltfl\u00e4che unten. Bitte beachten Sie, dass dabei Daten an Drittanbieter weitergegeben werden.<\/p> <a class=\"brlbs-cmpnt-cb-provider-toggle\" href=\"#\" data-borlabs-cookie-show-provider-information role=\"button\">Mehr Informationen<\/a> <\/div> <div class=\"brlbs-cmpnt-cb-buttons\"> <a class=\"brlbs-cmpnt-cb-btn\" href=\"#\" data-borlabs-cookie-unblock role=\"button\">Inhalt entsperren<\/a> <a class=\"brlbs-cmpnt-cb-btn\" href=\"#\" data-borlabs-cookie-accept-service role=\"button\" style=\"display: inherit\">Erforderlichen Service akzeptieren und Inhalte entsperren<\/a> <\/div> <\/div> <\/div><\/div><\/figure>\n\n\n\n<p>Vielen Dank an das Hotel Real Sirenas, das uns den Zugang gew\u00e4hrt, obwohl die Terrasse gerade renoviert wurde.<\/p>\n\n\n<div class=\"wp-block-image\">\n<figure class=\"aligncenter\"><img loading=\"lazy\" decoding=\"async\" width=\"600\" height=\"338\" src=\"https:\/\/blog.myvideomedia.com\/wp-content\/uploads\/2016\/09\/Segovia-20160515_123641-c-600x338.jpg\" alt=\"Segovia\" class=\"wp-image-12076\" srcset=\"https:\/\/blog.myvideomedia.com\/wp-content\/uploads\/2016\/09\/Segovia-20160515_123641-c-600x338.jpg 600w, https:\/\/blog.myvideomedia.com\/wp-content\/uploads\/2016\/09\/Segovia-20160515_123641-c-768x432.jpg 768w, https:\/\/blog.myvideomedia.com\/wp-content\/uploads\/2016\/09\/Segovia-20160515_123641-c-1260x709.jpg 1260w, https:\/\/blog.myvideomedia.com\/wp-content\/uploads\/2016\/09\/Segovia-20160515_123641-c.jpg 1280w\" sizes=\"auto, (max-width: 600px) 100vw, 600px\" \/><\/figure>\n<\/div>\n\n\n<p>Vor der Iglesia de San Martin ist das Treiben des Puppenfestivals wieder in vollem Gang. Wir haben M\u00fche wieder zur Plaza Mayor zur\u00fcckzukommen. <\/p>\n\n\n\n<p>Dort treffen wir erneut auf den Spielmannszug, den wir bereits am Vortag gesehen hatten. Doch diesmal bewegen sich einige Mitglieder auf Stelzen.<\/p>\n\n\n<div class=\"wp-block-image\">\n<figure class=\"aligncenter\"><img loading=\"lazy\" decoding=\"async\" width=\"600\" height=\"338\" src=\"https:\/\/blog.myvideomedia.com\/wp-content\/uploads\/2016\/09\/Segovia-20160515_132511-c-600x338.jpg\" alt=\"Segovia Puppenfestival\" class=\"wp-image-12068\" srcset=\"https:\/\/blog.myvideomedia.com\/wp-content\/uploads\/2016\/09\/Segovia-20160515_132511-c-600x338.jpg 600w, https:\/\/blog.myvideomedia.com\/wp-content\/uploads\/2016\/09\/Segovia-20160515_132511-c-768x432.jpg 768w, https:\/\/blog.myvideomedia.com\/wp-content\/uploads\/2016\/09\/Segovia-20160515_132511-c-1260x709.jpg 1260w, https:\/\/blog.myvideomedia.com\/wp-content\/uploads\/2016\/09\/Segovia-20160515_132511-c.jpg 1280w\" sizes=\"auto, (max-width: 600px) 100vw, 600px\" \/><\/figure>\n<\/div>\n\n\n<p>Wir beschlie\u00dfen etwas menschenleere Seitenstra\u00dfen zu besichtigen und kommen zuerst zur Iglesia de la Trinidad und anschlie\u00dfend zur Iglesia de San Esteban, in deren S\u00e4ulenloggia fr\u00fcher die Zunftversammlungen stattfanden.<\/p>\n\n\n<div class=\"wp-block-image\">\n<figure class=\"aligncenter\"><img loading=\"lazy\" decoding=\"async\" width=\"600\" height=\"338\" src=\"https:\/\/blog.myvideomedia.com\/wp-content\/uploads\/2016\/09\/Segovia-20160515_161402-c-600x338.jpg\" alt=\"Segovia\" class=\"wp-image-12070\" srcset=\"https:\/\/blog.myvideomedia.com\/wp-content\/uploads\/2016\/09\/Segovia-20160515_161402-c-600x338.jpg 600w, https:\/\/blog.myvideomedia.com\/wp-content\/uploads\/2016\/09\/Segovia-20160515_161402-c-768x432.jpg 768w, https:\/\/blog.myvideomedia.com\/wp-content\/uploads\/2016\/09\/Segovia-20160515_161402-c-1260x709.jpg 1260w, https:\/\/blog.myvideomedia.com\/wp-content\/uploads\/2016\/09\/Segovia-20160515_161402-c.jpg 1280w\" sizes=\"auto, (max-width: 600px) 100vw, 600px\" \/><\/figure>\n<\/div>\n\n\n<p>Gegen\u00fcber befindet sich der Palacio Episcopal de Segovia (Bisch\u00f6flicher Palast).&nbsp;<\/p>\n\n\n<div id=\"myvid-720371694\" style=\"margin-top: 5px;margin-bottom: 5px;\" data-cfpa=\"24151\" data-cfpw=\"24151\"><div class=\"myvid-adlabel\">Anzeige<\/div><div data-gyg-href=\"https:\/\/widget.getyourguide.com\/default\/activites.frame\" data-gyg-locale-code=\"de-DE\" data-gyg-widget=\"activities\" data-gyg-number-of-items=\"3\" data-gyg-currency=\"EUR\" data-gyg-partner-id=\"WA7ZVJZ\" data-gyg-q=\"Segovia\"><\/div><script async defer src=\"https:\/\/widget.getyourguide.com\/v2\/widget.js\"><\/script><\/div><script type=\"text\/javascript\">;new advadsCfpAd( 24151 );<\/script>\n\n\n<p>Wir gehen weiter durch die Paseo de San Juan de la Cruz und treffen auf die Calle Pozo de la Nieve. Vom Aussichtspunkt, dem Mirador del Jardin de Fromkes, haben wir einen wundersch\u00f6nen Ausblick auf das Tal des Rio Eresma. <\/p>\n\n\n\n<p>Unter uns liegt das Real Casa de Moneda de Segovia, die ehemalige M\u00fcnze, die Iglesia de la Vera Cruz, eine ehemaligen Templerkirche, sowie das Kloster von Santa Maria de El Parral.<\/p>\n\n\n<div class=\"wp-block-image\">\n<figure class=\"aligncenter\"><img loading=\"lazy\" decoding=\"async\" width=\"600\" height=\"338\" src=\"https:\/\/blog.myvideomedia.com\/wp-content\/uploads\/2016\/09\/Segovia-20160515_163128-c-600x338.jpg\" alt=\"Segovia\" class=\"wp-image-12072\" srcset=\"https:\/\/blog.myvideomedia.com\/wp-content\/uploads\/2016\/09\/Segovia-20160515_163128-c-600x338.jpg 600w, https:\/\/blog.myvideomedia.com\/wp-content\/uploads\/2016\/09\/Segovia-20160515_163128-c-768x432.jpg 768w, https:\/\/blog.myvideomedia.com\/wp-content\/uploads\/2016\/09\/Segovia-20160515_163128-c-1260x709.jpg 1260w, https:\/\/blog.myvideomedia.com\/wp-content\/uploads\/2016\/09\/Segovia-20160515_163128-c.jpg 1280w\" sizes=\"auto, (max-width: 600px) 100vw, 600px\" \/><\/figure>\n<\/div>\n\n\n<h2 class=\"wp-block-heading\"><span class=\"ez-toc-section\" id=\"Alcazar_de_Segovia\"><\/span>Alcazar de Segovia<span class=\"ez-toc-section-end\"><\/span><\/h2>\n\n\n\n<p>Das ehemalige K\u00f6nigsschloss, Alcazar de Segovia, liegt hoch auf einem Felsvorsprung und ist in Richtung Stadt durch zwei m\u00e4chtige T\u00fcrme und einen Burggraben abgesichert. Leider sind die T\u00fcrme gerade wegen Renovierungsarbeiten einger\u00fcstet. Ein Besuch des <a href=\"https:\/\/blog.myvideomedia.com\/de\/alcazar-von-segovia\/\">Alcazar haben wir f\u00fcr n\u00e4chsten Tag<\/a> vorgesehen.<\/p>\n\n\n<div class=\"wp-block-image\">\n<figure class=\"aligncenter\"><img loading=\"lazy\" decoding=\"async\" width=\"600\" height=\"337\" src=\"https:\/\/blog.myvideomedia.com\/wp-content\/uploads\/2016\/09\/Alcazar-de-Segovia-DSC04181-c-600x337.jpg\" alt=\"Alcazar de Segovia\" class=\"wp-image-12074\" srcset=\"https:\/\/blog.myvideomedia.com\/wp-content\/uploads\/2016\/09\/Alcazar-de-Segovia-DSC04181-c-600x337.jpg 600w, https:\/\/blog.myvideomedia.com\/wp-content\/uploads\/2016\/09\/Alcazar-de-Segovia-DSC04181-c-768x431.jpg 768w, https:\/\/blog.myvideomedia.com\/wp-content\/uploads\/2016\/09\/Alcazar-de-Segovia-DSC04181-c-1260x708.jpg 1260w, https:\/\/blog.myvideomedia.com\/wp-content\/uploads\/2016\/09\/Alcazar-de-Segovia-DSC04181-c.jpg 1280w\" sizes=\"auto, (max-width: 600px) 100vw, 600px\" \/><\/figure>\n<\/div>\n\n\n<p>Deshalb gehen wir durch Ronda de San Juan zum ehemaligen j\u00fcdischen Viertel zur\u00fcck. <\/p>\n\n\n\n<p>Von der Ferne sehen wir die noch schneebedeckten H\u00e4nge des Iberischen Gebirges. Gut sind die Skipisten erkennbar.<\/p>\n\n\n<div class=\"wp-block-image\">\n<figure class=\"aligncenter\"><img loading=\"lazy\" decoding=\"async\" width=\"600\" height=\"338\" src=\"https:\/\/blog.myvideomedia.com\/wp-content\/uploads\/2016\/09\/segovia-20160515_173649-c-600x338.jpg\" alt=\"Segovia\" class=\"wp-image-12081\" srcset=\"https:\/\/blog.myvideomedia.com\/wp-content\/uploads\/2016\/09\/segovia-20160515_173649-c-600x338.jpg 600w, https:\/\/blog.myvideomedia.com\/wp-content\/uploads\/2016\/09\/segovia-20160515_173649-c-768x432.jpg 768w, https:\/\/blog.myvideomedia.com\/wp-content\/uploads\/2016\/09\/segovia-20160515_173649-c-1260x709.jpg 1260w, https:\/\/blog.myvideomedia.com\/wp-content\/uploads\/2016\/09\/segovia-20160515_173649-c.jpg 1290w\" sizes=\"auto, (max-width: 600px) 100vw, 600px\" \/><\/figure>\n<\/div>\n\n\n<h2 class=\"wp-block-heading\"><span class=\"ez-toc-section\" id=\"Begegnung_mit_Blanca\"><\/span>Begegnung mit Blanca<span class=\"ez-toc-section-end\"><\/span><\/h2>\n\n\n\n<p>Am Abend suchen wir uns ein Restaurant&nbsp;und kommen mit&nbsp;Blanca und ihrer Freundin ins Gespr\u00e4ch. Als Blanca erf\u00e4hrt warum wir in Segovia sind, ist sie so begeistert, dass sie uns unbedingt am Wochenende zu sich und ihren Eltern einladen m\u00f6chte, um uns das wahre Spanien zu zeigen. Leider ist dies aus Zeitgr\u00fcnden nicht m\u00f6glich, deshalb bringt sie uns noch ein St\u00e4ndchen.<\/p>\n\n\n\n<p>Auf dem R\u00fcckweg zum Hotel bewundern&nbsp;wir nochmals die n\u00e4chtlich angestrahlte Kathedrale.<\/p>\n\n\n<div class=\"wp-block-image\">\n<figure class=\"aligncenter\"><img loading=\"lazy\" decoding=\"async\" width=\"600\" height=\"338\" src=\"https:\/\/blog.myvideomedia.com\/wp-content\/uploads\/2016\/09\/Segovia-20160515_221634-c-600x338.jpg\" alt=\"Kathedrale von Segovia\" class=\"wp-image-12056\" srcset=\"https:\/\/blog.myvideomedia.com\/wp-content\/uploads\/2016\/09\/Segovia-20160515_221634-c-600x338.jpg 600w, https:\/\/blog.myvideomedia.com\/wp-content\/uploads\/2016\/09\/Segovia-20160515_221634-c-768x432.jpg 768w, https:\/\/blog.myvideomedia.com\/wp-content\/uploads\/2016\/09\/Segovia-20160515_221634-c-1260x709.jpg 1260w, https:\/\/blog.myvideomedia.com\/wp-content\/uploads\/2016\/09\/Segovia-20160515_221634-c.jpg 1280w\" sizes=\"auto, (max-width: 600px) 100vw, 600px\" \/><\/figure>\n<\/div>\n\n\n<p>Siehe auch -&gt; <a href=\"https:\/\/blog.myvideomedia.com\/de\/kathedrale-von-segovia\/\">Kathedrale von Segovia und j\u00fcdisches Viertel<\/a><\/p>\n\n\n\n<h3 class=\"wp-block-heading\"><span class=\"ez-toc-section\" id=\"Pin_it_%E2%80%93_fuer_spaeter_merken\"><\/span>Pin it &#8211; f\u00fcr sp\u00e4ter merken<span class=\"ez-toc-section-end\"><\/span><\/h3>\n\n\n<div class=\"wp-block-image\">\n<figure class=\"aligncenter\"><img loading=\"lazy\" decoding=\"async\" width=\"400\" height=\"600\" src=\"https:\/\/blog.myvideomedia.com\/wp-content\/uploads\/2016\/09\/Aquaedukt-von-Segovia-und-Altstadt-c-400x600.jpg\" alt=\"Aquaedukt von Segovia und Altstadt\" class=\"wp-image-17698\" srcset=\"https:\/\/blog.myvideomedia.com\/wp-content\/uploads\/2016\/09\/Aquaedukt-von-Segovia-und-Altstadt-c-400x600.jpg 400w, https:\/\/blog.myvideomedia.com\/wp-content\/uploads\/2016\/09\/Aquaedukt-von-Segovia-und-Altstadt-c.jpg 735w\" sizes=\"auto, (max-width: 400px) 100vw, 400px\" \/><\/figure>\n<\/div>\n\n\n<p>Text, Fotos und Video: Copyright \u00a9 <a href=\"https:\/\/www.myvideomedia.com\/de\" target=\"_blank\" rel=\"noopener noreferrer\">myVideoMedia<\/a><\/p>\n","protected":false},"excerpt":{"rendered":"<p>Segovia z\u00e4hlt neben Avila und Toledo zu den drei historischen Metropolen rund um Madrid. Segovia besitzt eine lange und wechselvolle Geschichte, die bereits im 1. Jahrtausend vor Christus begann. Von hier aus organisierten die Vakk\u00e4er, die hier bereits in keltisch-iberischer Zeit hier siedelten, ihren Widerstand gegen die R\u00f6mer. Die Stadt wurde von den R\u00f6mern zu [&hellip;]<\/p>\n","protected":false},"author":1,"featured_media":12060,"comment_status":"closed","ping_status":"closed","sticky":false,"template":"","format":"standard","meta":{"_genesis_hide_title":false,"_genesis_hide_breadcrumbs":false,"_genesis_hide_singular_image":false,"_genesis_hide_footer_widgets":false,"_genesis_custom_body_class":"","_genesis_custom_post_class":"","_genesis_layout":"","footnotes":""},"categories":[1550,716,717,526],"tags":[453,476],"class_list":{"0":"post-12077","1":"post","2":"type-post","3":"status-publish","4":"format-standard","5":"has-post-thumbnail","7":"category-europa","8":"category-kastilien","9":"category-segovia-de","10":"category-spanien","11":"tag-stadt","12":"tag-unesco-weltkulturerbe","13":"entry"},"yoast_head":"<!-- This site is optimized with the Yoast SEO plugin v27.4 - https:\/\/yoast.com\/product\/yoast-seo-wordpress\/ -->\n<title>Aqu\u00e4dukt von Segovia und Altstadt - Spanien - Reise Video Blog<\/title>\n<meta name=\"description\" content=\"Segovia z\u00e4hlt zu den drei historischen Metropolen rund um Madrid. Das Aqu\u00e4dukt von Segovia ist das bedeutendste r\u00f6mische Bauwerk ...\" \/>\n<meta name=\"robots\" content=\"index, follow, max-snippet:-1, max-image-preview:large, max-video-preview:-1\" \/>\n<link rel=\"canonical\" href=\"https:\/\/blog.myvideomedia.com\/de\/aquaedukt-von-segovia-und-altstadt\/\" \/>\n<meta property=\"og:locale\" content=\"de_DE\" \/>\n<meta property=\"og:type\" content=\"article\" \/>\n<meta property=\"og:title\" content=\"Aqu\u00e4dukt von Segovia und Altstadt - Spanien - Reise Video Blog\" \/>\n<meta property=\"og:description\" content=\"Segovia z\u00e4hlt zu den drei historischen Metropolen rund um Madrid. Das Aqu\u00e4dukt von Segovia ist das bedeutendste r\u00f6mische Bauwerk ...\" \/>\n<meta property=\"og:url\" content=\"https:\/\/blog.myvideomedia.com\/de\/aquaedukt-von-segovia-und-altstadt\/\" \/>\n<meta property=\"og:site_name\" content=\"Reise Video Blog\" \/>\n<meta property=\"article:publisher\" content=\"https:\/\/www.facebook.com\/ursula.streit.520\" \/>\n<meta property=\"article:author\" content=\"https:\/\/www.facebook.com\/ursula.streit.520\" \/>\n<meta property=\"article:published_time\" content=\"2016-09-08T19:25:56+00:00\" \/>\n<meta property=\"article:modified_time\" content=\"2025-05-28T14:16:20+00:00\" \/>\n<meta property=\"og:image\" content=\"https:\/\/blog.myvideomedia.com\/wp-content\/uploads\/2016\/09\/Segovia-20160515_113435-c.jpg\" \/>\n\t<meta property=\"og:image:width\" content=\"1280\" \/>\n\t<meta property=\"og:image:height\" content=\"720\" \/>\n\t<meta property=\"og:image:type\" content=\"image\/jpeg\" \/>\n<meta name=\"author\" content=\"myVideoMedia\" \/>\n<meta name=\"twitter:card\" content=\"summary_large_image\" \/>\n<meta name=\"twitter:creator\" content=\"@myvideomedia\" \/>\n<meta name=\"twitter:site\" content=\"@myvideomedia\" \/>\n<meta name=\"twitter:label1\" content=\"Verfasst von\" \/>\n\t<meta name=\"twitter:data1\" content=\"myVideoMedia\" \/>\n\t<meta name=\"twitter:label2\" content=\"Gesch\u00e4tzte Lesezeit\" \/>\n\t<meta name=\"twitter:data2\" content=\"6\u00a0Minuten\" \/>\n<script type=\"application\/ld+json\" class=\"yoast-schema-graph\">{\"@context\":\"https:\\\/\\\/schema.org\",\"@graph\":[{\"@type\":\"Article\",\"@id\":\"https:\\\/\\\/blog.myvideomedia.com\\\/de\\\/aquaedukt-von-segovia-und-altstadt\\\/#article\",\"isPartOf\":{\"@id\":\"https:\\\/\\\/blog.myvideomedia.com\\\/de\\\/aquaedukt-von-segovia-und-altstadt\\\/\"},\"author\":{\"name\":\"myVideoMedia\",\"@id\":\"https:\\\/\\\/blog.myvideomedia.com\\\/de\\\/#\\\/schema\\\/person\\\/87be8fbbed69b1562242448c1c3dcbec\"},\"headline\":\"Aqu\u00e4dukt von Segovia und Altstadt\",\"datePublished\":\"2016-09-08T19:25:56+00:00\",\"dateModified\":\"2025-05-28T14:16:20+00:00\",\"mainEntityOfPage\":{\"@id\":\"https:\\\/\\\/blog.myvideomedia.com\\\/de\\\/aquaedukt-von-segovia-und-altstadt\\\/\"},\"wordCount\":734,\"publisher\":{\"@id\":\"https:\\\/\\\/blog.myvideomedia.com\\\/de\\\/#\\\/schema\\\/person\\\/87be8fbbed69b1562242448c1c3dcbec\"},\"image\":{\"@id\":\"https:\\\/\\\/blog.myvideomedia.com\\\/de\\\/aquaedukt-von-segovia-und-altstadt\\\/#primaryimage\"},\"thumbnailUrl\":\"https:\\\/\\\/blog.myvideomedia.com\\\/wp-content\\\/uploads\\\/2016\\\/09\\\/Segovia-20160515_113435-c.jpg\",\"keywords\":[\"Stadt\",\"UNESCO Weltkulturerbe\"],\"articleSection\":[\"Europa\",\"Kastilien\",\"Segovia\",\"Spanien\"],\"inLanguage\":\"de\"},{\"@type\":\"WebPage\",\"@id\":\"https:\\\/\\\/blog.myvideomedia.com\\\/de\\\/aquaedukt-von-segovia-und-altstadt\\\/\",\"url\":\"https:\\\/\\\/blog.myvideomedia.com\\\/de\\\/aquaedukt-von-segovia-und-altstadt\\\/\",\"name\":\"Aqu\u00e4dukt von Segovia und Altstadt - Spanien - Reise Video Blog\",\"isPartOf\":{\"@id\":\"https:\\\/\\\/blog.myvideomedia.com\\\/de\\\/#website\"},\"primaryImageOfPage\":{\"@id\":\"https:\\\/\\\/blog.myvideomedia.com\\\/de\\\/aquaedukt-von-segovia-und-altstadt\\\/#primaryimage\"},\"image\":{\"@id\":\"https:\\\/\\\/blog.myvideomedia.com\\\/de\\\/aquaedukt-von-segovia-und-altstadt\\\/#primaryimage\"},\"thumbnailUrl\":\"https:\\\/\\\/blog.myvideomedia.com\\\/wp-content\\\/uploads\\\/2016\\\/09\\\/Segovia-20160515_113435-c.jpg\",\"datePublished\":\"2016-09-08T19:25:56+00:00\",\"dateModified\":\"2025-05-28T14:16:20+00:00\",\"description\":\"Segovia z\u00e4hlt zu den drei historischen Metropolen rund um Madrid. Das Aqu\u00e4dukt von Segovia ist das bedeutendste r\u00f6mische Bauwerk ...\",\"breadcrumb\":{\"@id\":\"https:\\\/\\\/blog.myvideomedia.com\\\/de\\\/aquaedukt-von-segovia-und-altstadt\\\/#breadcrumb\"},\"inLanguage\":\"de\",\"potentialAction\":[{\"@type\":\"ReadAction\",\"target\":[\"https:\\\/\\\/blog.myvideomedia.com\\\/de\\\/aquaedukt-von-segovia-und-altstadt\\\/\"]}]},{\"@type\":\"ImageObject\",\"inLanguage\":\"de\",\"@id\":\"https:\\\/\\\/blog.myvideomedia.com\\\/de\\\/aquaedukt-von-segovia-und-altstadt\\\/#primaryimage\",\"url\":\"https:\\\/\\\/blog.myvideomedia.com\\\/wp-content\\\/uploads\\\/2016\\\/09\\\/Segovia-20160515_113435-c.jpg\",\"contentUrl\":\"https:\\\/\\\/blog.myvideomedia.com\\\/wp-content\\\/uploads\\\/2016\\\/09\\\/Segovia-20160515_113435-c.jpg\",\"width\":1280,\"height\":720,\"caption\":\"Aqu\u00e4dukt von Segovia\"},{\"@type\":\"BreadcrumbList\",\"@id\":\"https:\\\/\\\/blog.myvideomedia.com\\\/de\\\/aquaedukt-von-segovia-und-altstadt\\\/#breadcrumb\",\"itemListElement\":[{\"@type\":\"ListItem\",\"position\":1,\"name\":\"Home\",\"item\":\"https:\\\/\\\/blog.myvideomedia.com\\\/de\\\/\"},{\"@type\":\"ListItem\",\"position\":2,\"name\":\"Aqu\u00e4dukt von Segovia und Altstadt\"}]},{\"@type\":\"WebSite\",\"@id\":\"https:\\\/\\\/blog.myvideomedia.com\\\/de\\\/#website\",\"url\":\"https:\\\/\\\/blog.myvideomedia.com\\\/de\\\/\",\"name\":\"Travel Video Blog\",\"description\":\"myVideoMedia Reisetipps und Reisevideos\",\"publisher\":{\"@id\":\"https:\\\/\\\/blog.myvideomedia.com\\\/de\\\/#\\\/schema\\\/person\\\/87be8fbbed69b1562242448c1c3dcbec\"},\"potentialAction\":[{\"@type\":\"SearchAction\",\"target\":{\"@type\":\"EntryPoint\",\"urlTemplate\":\"https:\\\/\\\/blog.myvideomedia.com\\\/de\\\/?s={search_term_string}\"},\"query-input\":{\"@type\":\"PropertyValueSpecification\",\"valueRequired\":true,\"valueName\":\"search_term_string\"}}],\"inLanguage\":\"de\"},{\"@type\":[\"Person\",\"Organization\"],\"@id\":\"https:\\\/\\\/blog.myvideomedia.com\\\/de\\\/#\\\/schema\\\/person\\\/87be8fbbed69b1562242448c1c3dcbec\",\"name\":\"myVideoMedia\",\"image\":{\"@type\":\"ImageObject\",\"inLanguage\":\"de\",\"@id\":\"https:\\\/\\\/secure.gravatar.com\\\/avatar\\\/460720160715ef8975b781abd1b6985e55ce2f01567bb6757bebd73e7cf74c97?s=96&d=mm&r=g\",\"url\":\"https:\\\/\\\/secure.gravatar.com\\\/avatar\\\/460720160715ef8975b781abd1b6985e55ce2f01567bb6757bebd73e7cf74c97?s=96&d=mm&r=g\",\"contentUrl\":\"https:\\\/\\\/secure.gravatar.com\\\/avatar\\\/460720160715ef8975b781abd1b6985e55ce2f01567bb6757bebd73e7cf74c97?s=96&d=mm&r=g\",\"caption\":\"myVideoMedia\"},\"logo\":{\"@id\":\"https:\\\/\\\/secure.gravatar.com\\\/avatar\\\/460720160715ef8975b781abd1b6985e55ce2f01567bb6757bebd73e7cf74c97?s=96&d=mm&r=g\"},\"description\":\"\\\"The World is a book, and those who do not travel read only a page\\\" - Aurelius Augustinus (354 - 430 AD) Travel is our passion. With our posts and videos we like to inspire people who are planning or preparing for holidays as well as people who simply want to escape from everyday life and dream of faraway countries.\",\"sameAs\":[\"https:\\\/\\\/www.myvideomedia.com\",\"https:\\\/\\\/www.facebook.com\\\/ursula.streit.520\"],\"url\":\"https:\\\/\\\/blog.myvideomedia.com\\\/de\\\/author\\\/traveladm\\\/\"}]}<\/script>\n<!-- \/ Yoast SEO plugin. -->","yoast_head_json":{"title":"Aqu\u00e4dukt von Segovia und Altstadt - Spanien - Reise Video Blog","description":"Segovia z\u00e4hlt zu den drei historischen Metropolen rund um Madrid. Das Aqu\u00e4dukt von Segovia ist das bedeutendste r\u00f6mische Bauwerk ...","robots":{"index":"index","follow":"follow","max-snippet":"max-snippet:-1","max-image-preview":"max-image-preview:large","max-video-preview":"max-video-preview:-1"},"canonical":"https:\/\/blog.myvideomedia.com\/de\/aquaedukt-von-segovia-und-altstadt\/","og_locale":"de_DE","og_type":"article","og_title":"Aqu\u00e4dukt von Segovia und Altstadt - Spanien - Reise Video Blog","og_description":"Segovia z\u00e4hlt zu den drei historischen Metropolen rund um Madrid. Das Aqu\u00e4dukt von Segovia ist das bedeutendste r\u00f6mische Bauwerk ...","og_url":"https:\/\/blog.myvideomedia.com\/de\/aquaedukt-von-segovia-und-altstadt\/","og_site_name":"Reise Video Blog","article_publisher":"https:\/\/www.facebook.com\/ursula.streit.520","article_author":"https:\/\/www.facebook.com\/ursula.streit.520","article_published_time":"2016-09-08T19:25:56+00:00","article_modified_time":"2025-05-28T14:16:20+00:00","og_image":[{"width":1280,"height":720,"url":"https:\/\/blog.myvideomedia.com\/wp-content\/uploads\/2016\/09\/Segovia-20160515_113435-c.jpg","type":"image\/jpeg"}],"author":"myVideoMedia","twitter_card":"summary_large_image","twitter_creator":"@myvideomedia","twitter_site":"@myvideomedia","twitter_misc":{"Verfasst von":"myVideoMedia","Gesch\u00e4tzte Lesezeit":"6\u00a0Minuten"},"schema":{"@context":"https:\/\/schema.org","@graph":[{"@type":"Article","@id":"https:\/\/blog.myvideomedia.com\/de\/aquaedukt-von-segovia-und-altstadt\/#article","isPartOf":{"@id":"https:\/\/blog.myvideomedia.com\/de\/aquaedukt-von-segovia-und-altstadt\/"},"author":{"name":"myVideoMedia","@id":"https:\/\/blog.myvideomedia.com\/de\/#\/schema\/person\/87be8fbbed69b1562242448c1c3dcbec"},"headline":"Aqu\u00e4dukt von Segovia und Altstadt","datePublished":"2016-09-08T19:25:56+00:00","dateModified":"2025-05-28T14:16:20+00:00","mainEntityOfPage":{"@id":"https:\/\/blog.myvideomedia.com\/de\/aquaedukt-von-segovia-und-altstadt\/"},"wordCount":734,"publisher":{"@id":"https:\/\/blog.myvideomedia.com\/de\/#\/schema\/person\/87be8fbbed69b1562242448c1c3dcbec"},"image":{"@id":"https:\/\/blog.myvideomedia.com\/de\/aquaedukt-von-segovia-und-altstadt\/#primaryimage"},"thumbnailUrl":"https:\/\/blog.myvideomedia.com\/wp-content\/uploads\/2016\/09\/Segovia-20160515_113435-c.jpg","keywords":["Stadt","UNESCO Weltkulturerbe"],"articleSection":["Europa","Kastilien","Segovia","Spanien"],"inLanguage":"de"},{"@type":"WebPage","@id":"https:\/\/blog.myvideomedia.com\/de\/aquaedukt-von-segovia-und-altstadt\/","url":"https:\/\/blog.myvideomedia.com\/de\/aquaedukt-von-segovia-und-altstadt\/","name":"Aqu\u00e4dukt von Segovia und Altstadt - Spanien - Reise Video Blog","isPartOf":{"@id":"https:\/\/blog.myvideomedia.com\/de\/#website"},"primaryImageOfPage":{"@id":"https:\/\/blog.myvideomedia.com\/de\/aquaedukt-von-segovia-und-altstadt\/#primaryimage"},"image":{"@id":"https:\/\/blog.myvideomedia.com\/de\/aquaedukt-von-segovia-und-altstadt\/#primaryimage"},"thumbnailUrl":"https:\/\/blog.myvideomedia.com\/wp-content\/uploads\/2016\/09\/Segovia-20160515_113435-c.jpg","datePublished":"2016-09-08T19:25:56+00:00","dateModified":"2025-05-28T14:16:20+00:00","description":"Segovia z\u00e4hlt zu den drei historischen Metropolen rund um Madrid. Das Aqu\u00e4dukt von Segovia ist das bedeutendste r\u00f6mische Bauwerk ...","breadcrumb":{"@id":"https:\/\/blog.myvideomedia.com\/de\/aquaedukt-von-segovia-und-altstadt\/#breadcrumb"},"inLanguage":"de","potentialAction":[{"@type":"ReadAction","target":["https:\/\/blog.myvideomedia.com\/de\/aquaedukt-von-segovia-und-altstadt\/"]}]},{"@type":"ImageObject","inLanguage":"de","@id":"https:\/\/blog.myvideomedia.com\/de\/aquaedukt-von-segovia-und-altstadt\/#primaryimage","url":"https:\/\/blog.myvideomedia.com\/wp-content\/uploads\/2016\/09\/Segovia-20160515_113435-c.jpg","contentUrl":"https:\/\/blog.myvideomedia.com\/wp-content\/uploads\/2016\/09\/Segovia-20160515_113435-c.jpg","width":1280,"height":720,"caption":"Aqu\u00e4dukt von Segovia"},{"@type":"BreadcrumbList","@id":"https:\/\/blog.myvideomedia.com\/de\/aquaedukt-von-segovia-und-altstadt\/#breadcrumb","itemListElement":[{"@type":"ListItem","position":1,"name":"Home","item":"https:\/\/blog.myvideomedia.com\/de\/"},{"@type":"ListItem","position":2,"name":"Aqu\u00e4dukt von Segovia und Altstadt"}]},{"@type":"WebSite","@id":"https:\/\/blog.myvideomedia.com\/de\/#website","url":"https:\/\/blog.myvideomedia.com\/de\/","name":"Travel Video Blog","description":"myVideoMedia Reisetipps und Reisevideos","publisher":{"@id":"https:\/\/blog.myvideomedia.com\/de\/#\/schema\/person\/87be8fbbed69b1562242448c1c3dcbec"},"potentialAction":[{"@type":"SearchAction","target":{"@type":"EntryPoint","urlTemplate":"https:\/\/blog.myvideomedia.com\/de\/?s={search_term_string}"},"query-input":{"@type":"PropertyValueSpecification","valueRequired":true,"valueName":"search_term_string"}}],"inLanguage":"de"},{"@type":["Person","Organization"],"@id":"https:\/\/blog.myvideomedia.com\/de\/#\/schema\/person\/87be8fbbed69b1562242448c1c3dcbec","name":"myVideoMedia","image":{"@type":"ImageObject","inLanguage":"de","@id":"https:\/\/secure.gravatar.com\/avatar\/460720160715ef8975b781abd1b6985e55ce2f01567bb6757bebd73e7cf74c97?s=96&d=mm&r=g","url":"https:\/\/secure.gravatar.com\/avatar\/460720160715ef8975b781abd1b6985e55ce2f01567bb6757bebd73e7cf74c97?s=96&d=mm&r=g","contentUrl":"https:\/\/secure.gravatar.com\/avatar\/460720160715ef8975b781abd1b6985e55ce2f01567bb6757bebd73e7cf74c97?s=96&d=mm&r=g","caption":"myVideoMedia"},"logo":{"@id":"https:\/\/secure.gravatar.com\/avatar\/460720160715ef8975b781abd1b6985e55ce2f01567bb6757bebd73e7cf74c97?s=96&d=mm&r=g"},"description":"\"The World is a book, and those who do not travel read only a page\" - Aurelius Augustinus (354 - 430 AD) Travel is our passion. With our posts and videos we like to inspire people who are planning or preparing for holidays as well as people who simply want to escape from everyday life and dream of faraway countries.","sameAs":["https:\/\/www.myvideomedia.com","https:\/\/www.facebook.com\/ursula.streit.520"],"url":"https:\/\/blog.myvideomedia.com\/de\/author\/traveladm\/"}]}},"featured_image_src":"https:\/\/blog.myvideomedia.com\/wp-content\/uploads\/2016\/09\/Segovia-20160515_113435-c.jpg","featured_image_src_square":"https:\/\/blog.myvideomedia.com\/wp-content\/uploads\/2016\/09\/Segovia-20160515_113435-c.jpg","author_info":{"display_name":"myVideoMedia","author_link":"https:\/\/blog.myvideomedia.com\/de\/author\/traveladm\/"},"_links":{"self":[{"href":"https:\/\/blog.myvideomedia.com\/de\/wp-json\/wp\/v2\/posts\/12077","targetHints":{"allow":["GET"]}}],"collection":[{"href":"https:\/\/blog.myvideomedia.com\/de\/wp-json\/wp\/v2\/posts"}],"about":[{"href":"https:\/\/blog.myvideomedia.com\/de\/wp-json\/wp\/v2\/types\/post"}],"author":[{"embeddable":true,"href":"https:\/\/blog.myvideomedia.com\/de\/wp-json\/wp\/v2\/users\/1"}],"replies":[{"embeddable":true,"href":"https:\/\/blog.myvideomedia.com\/de\/wp-json\/wp\/v2\/comments?post=12077"}],"version-history":[{"count":0,"href":"https:\/\/blog.myvideomedia.com\/de\/wp-json\/wp\/v2\/posts\/12077\/revisions"}],"wp:featuredmedia":[{"embeddable":true,"href":"https:\/\/blog.myvideomedia.com\/de\/wp-json\/wp\/v2\/media\/12060"}],"wp:attachment":[{"href":"https:\/\/blog.myvideomedia.com\/de\/wp-json\/wp\/v2\/media?parent=12077"}],"wp:term":[{"taxonomy":"category","embeddable":true,"href":"https:\/\/blog.myvideomedia.com\/de\/wp-json\/wp\/v2\/categories?post=12077"},{"taxonomy":"post_tag","embeddable":true,"href":"https:\/\/blog.myvideomedia.com\/de\/wp-json\/wp\/v2\/tags?post=12077"}],"curies":[{"name":"wp","href":"https:\/\/api.w.org\/{rel}","templated":true}]}}