{"id":12110,"date":"2016-09-12T18:55:47","date_gmt":"2016-09-12T17:55:47","guid":{"rendered":"https:\/\/blog.myvideomedia.com\/de\/?p=12110"},"modified":"2020-09-06T15:31:56","modified_gmt":"2020-09-06T14:31:56","slug":"alcazar-von-segovia","status":"publish","type":"post","link":"https:\/\/blog.myvideomedia.com\/de\/alcazar-von-segovia\/","title":{"rendered":"Alcazar von Segovia und Umgebung"},"content":{"rendered":"\n<p>Heute treffen wir uns mit unserem Freund Jose Gomez, den wir bereits vor einem Jahr in Madrid getroffen haben. Er reist extra von Madrid an, um uns die Sch\u00f6nheiten seiner Geburtsstadt pers\u00f6nlich zu zeigen.<\/p>\n\n\n\n<div class=\"wp-block-image\"><figure class=\"aligncenter\"><img loading=\"lazy\" decoding=\"async\" width=\"600\" height=\"338\" src=\"https:\/\/blog.myvideomedia.com\/wp-content\/uploads\/2016\/09\/Segovia-20160516_081526-c-600x338.jpg\" alt=\"Segovia Iglesia de San Miguel\" class=\"wp-image-12085\" srcset=\"https:\/\/blog.myvideomedia.com\/wp-content\/uploads\/2016\/09\/Segovia-20160516_081526-c-600x338.jpg 600w, https:\/\/blog.myvideomedia.com\/wp-content\/uploads\/2016\/09\/Segovia-20160516_081526-c-768x432.jpg 768w, https:\/\/blog.myvideomedia.com\/wp-content\/uploads\/2016\/09\/Segovia-20160516_081526-c-1260x709.jpg 1260w, https:\/\/blog.myvideomedia.com\/wp-content\/uploads\/2016\/09\/Segovia-20160516_081526-c.jpg 1280w\" sizes=\"auto, (max-width: 600px) 100vw, 600px\" \/><\/figure><\/div>\n\n\n\n<p>W\u00e4hrend wir vor dem Hotel auf ihn warten, f\u00e4llt uns eine Tafel an der benachbarten Iglesia de San Miguel auf. Sie erinnert an den 13.12.1474, als Isabella die Katholische sich an der Plaza Mayor zur K\u00f6nigin von Kastilien ausrufen lie\u00df.<\/p>\n\n\n\n<p>Die urspr\u00fcngliche Kr\u00f6nungskirche ist zwar einem Feuer zum Opfer gefallen, doch ein Pavillon in der Mitte des Platzes markiert die Stelle, wo einst die Kirche stand.<\/p>\n\n\n\n<div id=\"ez-toc-container\" class=\"ez-toc-v2_0_82_2 counter-hierarchy ez-toc-counter ez-toc-grey ez-toc-container-direction\">\n<div class=\"ez-toc-title-container\">\n<p class=\"ez-toc-title\" style=\"cursor:inherit\">Inhaltsverzeichnis<\/p>\n<span class=\"ez-toc-title-toggle\"><a href=\"#\" class=\"ez-toc-pull-right ez-toc-btn ez-toc-btn-xs ez-toc-btn-default ez-toc-toggle\" aria-label=\"Toggle Table of Content\"><span class=\"ez-toc-js-icon-con\"><span class=\"\"><span class=\"eztoc-hide\" style=\"display:none;\">Toggle<\/span><span class=\"ez-toc-icon-toggle-span\"><svg style=\"fill: #999;color:#999\" xmlns=\"http:\/\/www.w3.org\/2000\/svg\" class=\"list-377408\" width=\"20px\" height=\"20px\" viewBox=\"0 0 24 24\" fill=\"none\"><path d=\"M6 6H4v2h2V6zm14 0H8v2h12V6zM4 11h2v2H4v-2zm16 0H8v2h12v-2zM4 16h2v2H4v-2zm16 0H8v2h12v-2z\" fill=\"currentColor\"><\/path><\/svg><svg style=\"fill: #999;color:#999\" class=\"arrow-unsorted-368013\" xmlns=\"http:\/\/www.w3.org\/2000\/svg\" width=\"10px\" height=\"10px\" viewBox=\"0 0 24 24\" version=\"1.2\" baseProfile=\"tiny\"><path d=\"M18.2 9.3l-6.2-6.3-6.2 6.3c-.2.2-.3.4-.3.7s.1.5.3.7c.2.2.4.3.7.3h11c.3 0 .5-.1.7-.3.2-.2.3-.5.3-.7s-.1-.5-.3-.7zM5.8 14.7l6.2 6.3 6.2-6.3c.2-.2.3-.5.3-.7s-.1-.5-.3-.7c-.2-.2-.4-.3-.7-.3h-11c-.3 0-.5.1-.7.3-.2.2-.3.5-.3.7s.1.5.3.7z\"\/><\/svg><\/span><\/span><\/span><\/a><\/span><\/div>\n<nav><ul class='ez-toc-list ez-toc-list-level-1 ' ><li class='ez-toc-page-1 ez-toc-heading-level-2'><a class=\"ez-toc-link ez-toc-heading-1\" href=\"https:\/\/blog.myvideomedia.com\/de\/alcazar-von-segovia\/#Alcazar_von_Segovia\" >Alcazar von Segovia<\/a><ul class='ez-toc-list-level-3' ><li class='ez-toc-heading-level-3'><a class=\"ez-toc-link ez-toc-heading-2\" href=\"https:\/\/blog.myvideomedia.com\/de\/alcazar-von-segovia\/#Hier_sehen_Sie_das_4K_UHD_Video\" >Hier sehen Sie das 4K UHD Video<\/a><\/li><li class='ez-toc-page-1 ez-toc-heading-level-3'><a class=\"ez-toc-link ez-toc-heading-3\" href=\"https:\/\/blog.myvideomedia.com\/de\/alcazar-von-segovia\/#Geschichte\" >Geschichte<\/a><\/li><li class='ez-toc-page-1 ez-toc-heading-level-3'><a class=\"ez-toc-link ez-toc-heading-4\" href=\"https:\/\/blog.myvideomedia.com\/de\/alcazar-von-segovia\/#Rundgang_im_Alcazar_von_Segovia\" >Rundgang im Alcazar von Segovia<\/a><\/li><\/ul><\/li><li class='ez-toc-page-1 ez-toc-heading-level-2'><a class=\"ez-toc-link ez-toc-heading-5\" href=\"https:\/\/blog.myvideomedia.com\/de\/alcazar-von-segovia\/#Die_Umgebung_von_Segovia\" >Die Umgebung von Segovia<\/a><ul class='ez-toc-list-level-3' ><li class='ez-toc-heading-level-3'><a class=\"ez-toc-link ez-toc-heading-6\" href=\"https:\/\/blog.myvideomedia.com\/de\/alcazar-von-segovia\/#Pin_it_for_later\" >Pin it for later<\/a><\/li><\/ul><\/li><\/ul><\/nav><\/div>\n<h2 class=\"wp-block-heading\"><span class=\"ez-toc-section\" id=\"Alcazar_von_Segovia\"><\/span>Alcazar von Segovia<span class=\"ez-toc-section-end\"><\/span><\/h2>\n\n\n\n<p>Nach der Ankunft und der Begr\u00fc\u00dfung von Jose f\u00e4hrt er mit uns direkt zum Alcazar von Segovia, dem k\u00f6niglichen Palast. Er gilt als einer der sch\u00f6nsten Burgen Spaniens und war Inspiration f\u00fcr Walt Disneys Cinderella Castle.<\/p>\n\n\n\n<p>Im US-amerikanischen Filmmusical Camelot \u2013 Am Hofe K\u00f6nig Arthurs, aus dem Jahr 1967, mit Richard Harris als K\u00f6nig Arthur, Vanessa Redgrave als Guenevere und Franco Nero als Lancelot, war Alcazar die Filmkulisse f\u00fcr das franz\u00f6sische Schloss von Sir Lancelot, Joyous Gard.<\/p>\n\n\n\n<p>Der Alcazar liegt auf einem schmalen Bergr\u00fccken zwischen den Fl\u00fcssen Eresma und Clamores. Hier soll bereits zu r\u00f6mischer Zeit eine Festung existiert haben. Durch die steilen Felsw\u00e4nde war nur an einer Seite ein Burggraben erforderlich.<\/p>\n\n\n\n<h3 class=\"wp-block-heading\"><span class=\"ez-toc-section\" id=\"Hier_sehen_Sie_das_4K_UHD_Video\"><\/span><a rel=\"nofollow noopener noreferrer\" href=\"https:\/\/youtu.be\/-cwo2ePKW_c\" target=\"_blank\">Hier sehen Sie das 4K UHD Video<\/a><span class=\"ez-toc-section-end\"><\/span><\/h3>\n\n\n\n<figure> <div class=\"brlbs-cmpnt-container brlbs-cmpnt-content-blocker brlbs-cmpnt-with-individual-styles\" data-borlabs-cookie-content-blocker-id=\"youtube-content-blocker\" data-borlabs-cookie-content=\"PGlmcmFtZSBzcmM9Imh0dHBzOi8vd3d3LnlvdXR1YmUtbm9jb29raWUuY29tL2VtYmVkLy1jd28yZVBLV19jIiB3aWR0aD0iNjAwIiBoZWlnaHQ9IjMzOCI+PC9pZnJhbWU+\"><div class=\"brlbs-cmpnt-cb-preset-c brlbs-cmpnt-cb-youtube\"> <div class=\"brlbs-cmpnt-cb-thumbnail\" style=\"background-image: url('https:\/\/blog.myvideomedia.com\/wp-content\/uploads\/borlabs-cookie\/1\/yt_-cwo2ePKW_c_hqdefault.jpg')\"><\/div> <div class=\"brlbs-cmpnt-cb-main\"> <div class=\"brlbs-cmpnt-cb-play-button\"><\/div> <div class=\"brlbs-cmpnt-cb-content\"> <p class=\"brlbs-cmpnt-cb-description\">Sie sehen gerade einen Platzhalterinhalt von <strong>YouTube<\/strong>. Um auf den eigentlichen Inhalt zuzugreifen, klicken Sie auf die Schaltfl\u00e4che unten. Bitte beachten Sie, dass dabei Daten an Drittanbieter weitergegeben werden.<\/p> <a class=\"brlbs-cmpnt-cb-provider-toggle\" href=\"#\" data-borlabs-cookie-show-provider-information role=\"button\">Mehr Informationen<\/a> <\/div> <div class=\"brlbs-cmpnt-cb-buttons\"> <a class=\"brlbs-cmpnt-cb-btn\" href=\"#\" data-borlabs-cookie-unblock role=\"button\">Inhalt entsperren<\/a> <a class=\"brlbs-cmpnt-cb-btn\" href=\"#\" data-borlabs-cookie-accept-service role=\"button\" style=\"display: inherit\">Erforderlichen Service akzeptieren und Inhalte entsperren<\/a> <\/div> <\/div> <\/div><\/div><\/figure>\n\n\n\n<h3 class=\"wp-block-heading\"><span class=\"ez-toc-section\" id=\"Geschichte\"><\/span>Geschichte<span class=\"ez-toc-section-end\"><\/span><\/h3>\n\n\n\n<p>Der Alcazar von Segovia wurde im 11. Jahrhundert im Auftrag von Alfonso VI errichtet. Er wurde als typischer Spanischer Palazzo gebaut, d.h. mit ein einem rechteckigen Raum in der Mitte, an den sich rechts und links quadratische R\u00e4ume anschlie\u00dfen.<\/p>\n\n\n\n<p>Im Laufe der Jahre wurde der Alcazar immer wieder erweitert. Im Mittelalter war es eine der bevorzugten Residenzen der K\u00f6nig von Kastilien. 1471 ritt Isabella die Katholische vom Alcazar zu ihrer Kr\u00f6nung auf die Plaza Mayor.<\/p>\n\n\n\n<p>Im 15. Jh. erbaute K\u00f6nig Johann II den Donjon, einen viereckigen, 80 Meter hohen Turm verziert mit zw\u00f6lf einzelnen T\u00fcrmchen. Nach seiner Heirat mit Anna von \u00d6sterreich lie\u00df K\u00f6nig Philipp II die spitzen Schiefert\u00fcrme hinzuf\u00fcgen, ein Symbol f\u00fcr die Burgen in Mitteleuropa.<\/p>\n\n\n\n<p>Nachdem der k\u00f6nigliche Hof von Segovia nach Madrid verlegt wurde, diente der Alcazar als Staatsgef\u00e4ngnis, bis Karl III 1762 eine hier die k\u00f6nigliche Artillerieschule gr\u00fcndete.<\/p>\n\n\n\n<p>1862 zerst\u00f6rte ein Feuer die D\u00e4cher und Teile der Innenr\u00e4ume. Zwanzig Jahre sp\u00e4ter begann die 14-j\u00e4hrige Restauration. 1896 \u00fcbergab K\u00f6nig Alfons XIII den Alcazar an das Kriegsministerium zur ausschlie\u00dflichen Nutzung des Artillerie-Corps.<\/p>\n\n\n\n\n\n<h3 class=\"wp-block-heading\"><span class=\"ez-toc-section\" id=\"Rundgang_im_Alcazar_von_Segovia\"><\/span>Rundgang im Alcazar von Segovia<span class=\"ez-toc-section-end\"><\/span><\/h3>\n\n\n\n<p>Durch den Park erreichen wir den Burggraben und das Eingangstor.<\/p>\n\n\n\n<p>Der Rundgang beginnt im Thronsaal. Schon hier stechen die kunstvoll gefertigten gotischen-mudejaren Gipsarbeiten an der Decke hervor. Die W\u00e4nde des Saals sind mit Samt bezogen.<\/p>\n\n\n\n<div class=\"wp-block-image\"><figure class=\"aligncenter\"><img loading=\"lazy\" decoding=\"async\" width=\"600\" height=\"338\" src=\"https:\/\/blog.myvideomedia.com\/wp-content\/uploads\/2016\/09\/Segovia-Alcazar-20160516_104713-c-600x338.jpg\" alt=\"Alcazar von Segovia Thronsaal\" class=\"wp-image-12087\" srcset=\"https:\/\/blog.myvideomedia.com\/wp-content\/uploads\/2016\/09\/Segovia-Alcazar-20160516_104713-c-600x338.jpg 600w, https:\/\/blog.myvideomedia.com\/wp-content\/uploads\/2016\/09\/Segovia-Alcazar-20160516_104713-c-768x432.jpg 768w, https:\/\/blog.myvideomedia.com\/wp-content\/uploads\/2016\/09\/Segovia-Alcazar-20160516_104713-c-1260x709.jpg 1260w, https:\/\/blog.myvideomedia.com\/wp-content\/uploads\/2016\/09\/Segovia-Alcazar-20160516_104713-c.jpg 1280w\" sizes=\"auto, (max-width: 600px) 100vw, 600px\" \/><\/figure><\/div>\n\n\n\n<p>W\u00e4hrend eines Besuchs sollte man immer wieder zur Decke schauen, denn auch in den weiteren R\u00e4umen, wie Schlafzimmer und Umkleidezimmer, findet man die wundersch\u00f6ne Mudejar-Kassettendecken sowie reiche Gipsarbeiten.<\/p>\n\n\n\n<p>Der Galera-Saal wurde nach der alten Verkleidung benannt, die wie ein umgekehrter Schiffsrumpf geformt wurde. Der Galera-Saal wurde im Jahre 1412 von der K\u00f6nigin Katharina von Lancaster gebaut.<\/p>\n\n\n\n<div class=\"wp-block-image\"><figure class=\"aligncenter\"><img loading=\"lazy\" decoding=\"async\" width=\"338\" height=\"600\" src=\"https:\/\/blog.myvideomedia.com\/wp-content\/uploads\/2016\/09\/Segovia-Alcazar-20160516_104835-c-338x600.jpg\" alt=\"Galera-Saal Alcazar von Segovia\" class=\"wp-image-12089\" srcset=\"https:\/\/blog.myvideomedia.com\/wp-content\/uploads\/2016\/09\/Segovia-Alcazar-20160516_104835-c-338x600.jpg 338w, https:\/\/blog.myvideomedia.com\/wp-content\/uploads\/2016\/09\/Segovia-Alcazar-20160516_104835-c-709x1260.jpg 709w, https:\/\/blog.myvideomedia.com\/wp-content\/uploads\/2016\/09\/Segovia-Alcazar-20160516_104835-c.jpg 720w\" sizes=\"auto, (max-width: 338px) 100vw, 338px\" \/><\/figure><\/div>\n\n\n\n<p>Der Kiefernzapfen Saal wurde von Juan II in Auftrag gegeben. Er erhielt seinen Namen von den Verzierungen an der Stuckdecke, die stark an Kiefernzapfen erinnern.<\/p>\n\n\n\n<div class=\"wp-block-image\"><figure class=\"aligncenter\"><img loading=\"lazy\" decoding=\"async\" width=\"600\" height=\"338\" src=\"https:\/\/blog.myvideomedia.com\/wp-content\/uploads\/2016\/09\/Segovia-Alcazar-20160516_105536-c-600x338.jpg\" alt=\"Alcazar von Segovia Kiefernzapfen Saal\" class=\"wp-image-12091\" srcset=\"https:\/\/blog.myvideomedia.com\/wp-content\/uploads\/2016\/09\/Segovia-Alcazar-20160516_105536-c-600x338.jpg 600w, https:\/\/blog.myvideomedia.com\/wp-content\/uploads\/2016\/09\/Segovia-Alcazar-20160516_105536-c-768x432.jpg 768w, https:\/\/blog.myvideomedia.com\/wp-content\/uploads\/2016\/09\/Segovia-Alcazar-20160516_105536-c-1260x709.jpg 1260w, https:\/\/blog.myvideomedia.com\/wp-content\/uploads\/2016\/09\/Segovia-Alcazar-20160516_105536-c.jpg 1280w\" sizes=\"auto, (max-width: 600px) 100vw, 600px\" \/><\/figure><\/div>\n\n\n\n<p>Besonders erw\u00e4hnenswert ist der Saal der K\u00f6nige mit 56 Goldstatuen der K\u00f6nige von Asturien, Kastilien und Leon.<\/p>\n\n\n\n<div class=\"wp-block-image\"><figure class=\"aligncenter\"><img loading=\"lazy\" decoding=\"async\" width=\"600\" height=\"338\" src=\"https:\/\/blog.myvideomedia.com\/wp-content\/uploads\/2016\/09\/Segovia-Alcazar-20160516_110433-c-600x338.jpg\" alt=\"Saal der K\u00f6nige im Alcazar von Segovia\" class=\"wp-image-12093\" srcset=\"https:\/\/blog.myvideomedia.com\/wp-content\/uploads\/2016\/09\/Segovia-Alcazar-20160516_110433-c-600x338.jpg 600w, https:\/\/blog.myvideomedia.com\/wp-content\/uploads\/2016\/09\/Segovia-Alcazar-20160516_110433-c-768x432.jpg 768w, https:\/\/blog.myvideomedia.com\/wp-content\/uploads\/2016\/09\/Segovia-Alcazar-20160516_110433-c-1260x709.jpg 1260w, https:\/\/blog.myvideomedia.com\/wp-content\/uploads\/2016\/09\/Segovia-Alcazar-20160516_110433-c.jpg 1280w\" sizes=\"auto, (max-width: 600px) 100vw, 600px\" \/><\/figure><\/div>\n\n\n\n<p>Der Schnur-Saal verdankt seinen Namen der Franziskaner Schnur, die seine W\u00e4nde schm\u00fcckt.<\/p>\n\n\n\n<p>Der Legende nach wurde er im 13.Jh im Auftrag von Alfonso X als Zeichen der Bu\u00dfe f\u00fcr seinen \u00fcberm\u00e4\u00dfigen Stolz erbaut.<\/p>\n\n\n\n<div class=\"wp-block-image\"><figure class=\"aligncenter\"><img loading=\"lazy\" decoding=\"async\" width=\"600\" height=\"338\" src=\"https:\/\/blog.myvideomedia.com\/wp-content\/uploads\/2016\/09\/Segovia-Alcazar-20160516_110827-c-600x338.jpg\" alt=\"Schnur-Saal im Alcazar von Segovia\" class=\"wp-image-12097\" srcset=\"https:\/\/blog.myvideomedia.com\/wp-content\/uploads\/2016\/09\/Segovia-Alcazar-20160516_110827-c-600x338.jpg 600w, https:\/\/blog.myvideomedia.com\/wp-content\/uploads\/2016\/09\/Segovia-Alcazar-20160516_110827-c-768x432.jpg 768w, https:\/\/blog.myvideomedia.com\/wp-content\/uploads\/2016\/09\/Segovia-Alcazar-20160516_110827-c-1260x709.jpg 1260w, https:\/\/blog.myvideomedia.com\/wp-content\/uploads\/2016\/09\/Segovia-Alcazar-20160516_110827-c.jpg 1280w\" sizes=\"auto, (max-width: 600px) 100vw, 600px\" \/><\/figure><\/div>\n\n\n\n<p>Nachdem er angeblich gesagt hat \u201eWenn ich die Welt erschaffen h\u00e4tte, w\u00e4re sie besser geworden\u201c, brach ein Teil des Alcazars in der folgenden Nacht wegen eines Sturms zusammen. Im Feuer von 1862 wurde der Schnur-Saal ebenfalls zerst\u00f6rt und sp\u00e4ter anhand von Zeichnungen wiederaufgebaut.<\/p>\n\n\n\n<p>Die Kapelle, eine der ersten Teile des Alcazar, beherbergt alte Alt\u00e4re und Gem\u00e4lde, wie die Epiphanie von Bartolom\u00e9 Carducho aus dem Jahre 1600, das 1862 vor den Flammen gerettet werden konnte.<\/p>\n\n\n\n<div class=\"wp-block-image\"><figure class=\"aligncenter\"><img loading=\"lazy\" decoding=\"async\" width=\"600\" height=\"338\" src=\"https:\/\/blog.myvideomedia.com\/wp-content\/uploads\/2016\/09\/Segovia-Alcazar-20160516_111307-c-600x338.jpg\" alt=\"Kapelle im Alcazar von Segovia\" class=\"wp-image-12099\" srcset=\"https:\/\/blog.myvideomedia.com\/wp-content\/uploads\/2016\/09\/Segovia-Alcazar-20160516_111307-c-600x338.jpg 600w, https:\/\/blog.myvideomedia.com\/wp-content\/uploads\/2016\/09\/Segovia-Alcazar-20160516_111307-c-768x432.jpg 768w, https:\/\/blog.myvideomedia.com\/wp-content\/uploads\/2016\/09\/Segovia-Alcazar-20160516_111307-c-1260x709.jpg 1260w, https:\/\/blog.myvideomedia.com\/wp-content\/uploads\/2016\/09\/Segovia-Alcazar-20160516_111307-c.jpg 1280w\" sizes=\"auto, (max-width: 600px) 100vw, 600px\" \/><\/figure><\/div>\n\n\n\n<p>In der Kapelle fand auch die Verm\u00e4hlung von K\u00f6nig Philipp II. und Anna von \u00d6sterreich statt.<\/p>\n\n\n\n<p>Unter dem Tributturm befindet sich der Waffensaal. Hier sind Waffen aus den unterschiedlichsten Epochen ausgestellt.<\/p>\n\n\n\n<div class=\"wp-block-image\"><figure class=\"aligncenter\"><img loading=\"lazy\" decoding=\"async\" width=\"600\" height=\"338\" src=\"https:\/\/blog.myvideomedia.com\/wp-content\/uploads\/2016\/09\/Segovia-Alcazar-20160516_112040-c-600x338.jpg\" alt=\"Waffensaal im Alcazar von Segovia\" class=\"wp-image-12101\" srcset=\"https:\/\/blog.myvideomedia.com\/wp-content\/uploads\/2016\/09\/Segovia-Alcazar-20160516_112040-c-600x338.jpg 600w, https:\/\/blog.myvideomedia.com\/wp-content\/uploads\/2016\/09\/Segovia-Alcazar-20160516_112040-c-768x432.jpg 768w, https:\/\/blog.myvideomedia.com\/wp-content\/uploads\/2016\/09\/Segovia-Alcazar-20160516_112040-c-1260x709.jpg 1260w, https:\/\/blog.myvideomedia.com\/wp-content\/uploads\/2016\/09\/Segovia-Alcazar-20160516_112040-c.jpg 1280w\" sizes=\"auto, (max-width: 600px) 100vw, 600px\" \/><\/figure><\/div>\n\n\n\n<p>Die angrenzende Terrasse an der Spitze des Felsr\u00fcckens er\u00f6ffnet den Blick in die T\u00e4ler der beiden Fl\u00fcsse.<\/p>\n\n\n\n<p>Wir besuchen noch kurz eine Ausstellung \u00fcber Wehrtechnik und begeben uns in das unterirdische Verlies.<\/p>\n\n\n\n<p>Der Alcazar von Segovia ist im Sommer (April bis September) von 10:00 bis 19:30 und im Winter: (November bis M\u00e4rz) von 10:00 bis 18:30 ge\u00f6ffnet.<\/p>\n\n\n<div id=\"myvid-960695028\" style=\"margin-top: 5px;margin-bottom: 5px;\" data-cfpa=\"24151\" data-cfpw=\"24151\"><div class=\"myvid-adlabel\">Anzeige<\/div><div data-gyg-href=\"https:\/\/widget.getyourguide.com\/default\/activites.frame\" data-gyg-locale-code=\"de-DE\" data-gyg-widget=\"activities\" data-gyg-number-of-items=\"3\" data-gyg-currency=\"EUR\" data-gyg-partner-id=\"WA7ZVJZ\" data-gyg-q=\"Segovia\"><\/div><script async defer src=\"https:\/\/widget.getyourguide.com\/v2\/widget.js\"><\/script><\/div><script type=\"text\/javascript\">;new advadsCfpAd( 24151 );<\/script>\n\n\n<h2 class=\"wp-block-heading\"><span class=\"ez-toc-section\" id=\"Die_Umgebung_von_Segovia\"><\/span>Die Umgebung von Segovia<span class=\"ez-toc-section-end\"><\/span><\/h2>\n\n\n\n<p>Wir fahren durch das Tal des Clamores, von wo aus man einen wunderbaren Blick auf die Kathedrale hat.<\/p>\n\n\n\n<p>Danach geht es zum Mirador de la Muralla, einem Aussichtspunkt etwas au\u00dferhalb auf einem H\u00fcgel, mit tollem Blick auf die Stadtmauer, das J\u00fcdische Viertel und die Kathedrale.<\/p>\n\n\n\n<div class=\"wp-block-image\"><figure class=\"aligncenter\"><img loading=\"lazy\" decoding=\"async\" width=\"600\" height=\"338\" src=\"https:\/\/blog.myvideomedia.com\/wp-content\/uploads\/2016\/09\/Segovia-20160516_124418-c-600x338.jpg\" alt=\"segovia-20160516_124418-c\" class=\"wp-image-12103\" srcset=\"https:\/\/blog.myvideomedia.com\/wp-content\/uploads\/2016\/09\/Segovia-20160516_124418-c-600x338.jpg 600w, https:\/\/blog.myvideomedia.com\/wp-content\/uploads\/2016\/09\/Segovia-20160516_124418-c-768x432.jpg 768w, https:\/\/blog.myvideomedia.com\/wp-content\/uploads\/2016\/09\/Segovia-20160516_124418-c-1260x709.jpg 1260w, https:\/\/blog.myvideomedia.com\/wp-content\/uploads\/2016\/09\/Segovia-20160516_124418-c.jpg 1280w\" sizes=\"auto, (max-width: 600px) 100vw, 600px\" \/><\/figure><\/div>\n\n\n\n<p>Auf dem Weg zur Casa de la Moneta de Segovia, der K\u00f6niglichen M\u00fcnze, machen wir noch einen Stopp um das Panorama der Stadt mit der dahinterliegenden Sierra de Guadarrama zu genie\u00dfen.<\/p>\n\n\n\n<div class=\"wp-block-image\"><figure class=\"aligncenter\"><img loading=\"lazy\" decoding=\"async\" width=\"600\" height=\"337\" src=\"https:\/\/blog.myvideomedia.com\/wp-content\/uploads\/2016\/09\/Segovia-DSC04197-c-600x337.jpg\" alt=\"Segovia\" class=\"wp-image-12109\" srcset=\"https:\/\/blog.myvideomedia.com\/wp-content\/uploads\/2016\/09\/Segovia-DSC04197-c-600x337.jpg 600w, https:\/\/blog.myvideomedia.com\/wp-content\/uploads\/2016\/09\/Segovia-DSC04197-c-768x431.jpg 768w, https:\/\/blog.myvideomedia.com\/wp-content\/uploads\/2016\/09\/Segovia-DSC04197-c-1260x708.jpg 1260w, https:\/\/blog.myvideomedia.com\/wp-content\/uploads\/2016\/09\/Segovia-DSC04197-c.jpg 1280w\" sizes=\"auto, (max-width: 600px) 100vw, 600px\" \/><\/figure><\/div>\n\n\n\n<p>Eigentlich wollten wir im Restaurant der M\u00fcnze zu Mittag essen, aber leider war Ruhetag. So fahren wir weiter, halten aber nochmals kurz am Fu\u00dfe des Alcazar.<\/p>\n\n\n\n<div class=\"wp-block-image\"><figure class=\"aligncenter\"><img loading=\"lazy\" decoding=\"async\" width=\"600\" height=\"338\" src=\"https:\/\/blog.myvideomedia.com\/wp-content\/uploads\/2016\/09\/Segovia-Alcazar-20160516_130036-c-600x338.jpg\" alt=\"Alcazar von Segovia\" class=\"wp-image-12105\" srcset=\"https:\/\/blog.myvideomedia.com\/wp-content\/uploads\/2016\/09\/Segovia-Alcazar-20160516_130036-c-600x338.jpg 600w, https:\/\/blog.myvideomedia.com\/wp-content\/uploads\/2016\/09\/Segovia-Alcazar-20160516_130036-c-768x432.jpg 768w, https:\/\/blog.myvideomedia.com\/wp-content\/uploads\/2016\/09\/Segovia-Alcazar-20160516_130036-c-1260x709.jpg 1260w, https:\/\/blog.myvideomedia.com\/wp-content\/uploads\/2016\/09\/Segovia-Alcazar-20160516_130036-c.jpg 1280w\" sizes=\"auto, (max-width: 600px) 100vw, 600px\" \/><\/figure><\/div>\n\n\n\n<p>W\u00e4hrend der Fahrt durch die Stadt, sehen wir das fantastische Aqu\u00e4dukt immer wieder aus anderen Perspektiven.<\/p>\n\n\n\n<div class=\"wp-block-image\"><figure class=\"aligncenter\"><img loading=\"lazy\" decoding=\"async\" width=\"600\" height=\"337\" src=\"https:\/\/blog.myvideomedia.com\/wp-content\/uploads\/2016\/09\/Segovia-DSC04200-c-600x337.jpg\" alt=\"Aqu\u00e4dukt von Segovia\" class=\"wp-image-12107\" srcset=\"https:\/\/blog.myvideomedia.com\/wp-content\/uploads\/2016\/09\/Segovia-DSC04200-c-600x337.jpg 600w, https:\/\/blog.myvideomedia.com\/wp-content\/uploads\/2016\/09\/Segovia-DSC04200-c-768x431.jpg 768w, https:\/\/blog.myvideomedia.com\/wp-content\/uploads\/2016\/09\/Segovia-DSC04200-c-1260x708.jpg 1260w, https:\/\/blog.myvideomedia.com\/wp-content\/uploads\/2016\/09\/Segovia-DSC04200-c.jpg 1280w\" sizes=\"auto, (max-width: 600px) 100vw, 600px\" \/><\/figure><\/div>\n\n\n\n<p>Dann geht es den Berg hinauf zum Hotel Parador De Segovia. Vom Parador De Segovia hat man einen wunderbaren Blick auf Segovia, das Aqu\u00e4dukt und die Sierra de Guadarrama. Im Restaurant kann man hervorragend essen. Hier wird unter anderem die lokale Spezialit\u00e4t Spanferkel serviert.<\/p>\n\n\n\n<p>Am Ende des Tages bringt uns Jose wieder zu unserem Hotel zur\u00fcck. Es hat uns sehr gefreut ihn wiederzusehen und wir m\u00f6chten uns nochmals ganz herzlich bei ihm f\u00fcr diesen tollen Tag bedanken.<\/p>\n\n\n\n<h3 class=\"wp-block-heading\"><span class=\"ez-toc-section\" id=\"Pin_it_for_later\"><\/span>Pin it for later<span class=\"ez-toc-section-end\"><\/span><\/h3>\n\n\n\n<figure class=\"wp-block-image\"><img loading=\"lazy\" decoding=\"async\" width=\"600\" height=\"900\" src=\"https:\/\/blog.myvideomedia.com\/wp-content\/uploads\/2019\/10\/Segovia-Alcazar-und-Umgebung.jpg\" alt=\"Alcazar und die Umgebung von Segovis\" class=\"wp-image-24159\" srcset=\"https:\/\/blog.myvideomedia.com\/wp-content\/uploads\/2019\/10\/Segovia-Alcazar-und-Umgebung.jpg 600w, https:\/\/blog.myvideomedia.com\/wp-content\/uploads\/2019\/10\/Segovia-Alcazar-und-Umgebung-400x600.jpg 400w\" sizes=\"auto, (max-width: 600px) 100vw, 600px\" \/><\/figure>\n\n\n\n<p>Text, Fotos und Video: Copyright \u00a9 <a href=\"https:\/\/www.myvideomedia.de\" target=\"_blank\" rel=\"noopener noreferrer\">myVideoMedia<\/a><\/p>\n","protected":false},"excerpt":{"rendered":"<p>Heute treffen wir uns mit unserem Freund Jose Gomez, den wir bereits vor einem Jahr in Madrid getroffen haben. Er reist extra von Madrid an, um uns die Sch\u00f6nheiten seiner Geburtsstadt pers\u00f6nlich zu zeigen. W\u00e4hrend wir vor dem Hotel auf ihn warten, f\u00e4llt uns eine Tafel an der benachbarten Iglesia de San Miguel auf. Sie [&hellip;]<\/p>\n","protected":false},"author":1,"featured_media":12105,"comment_status":"open","ping_status":"closed","sticky":false,"template":"","format":"standard","meta":{"_genesis_hide_title":false,"_genesis_hide_breadcrumbs":false,"_genesis_hide_singular_image":false,"_genesis_hide_footer_widgets":false,"_genesis_custom_body_class":"","_genesis_custom_post_class":"","_genesis_layout":"","footnotes":""},"categories":[1550,716,717,526],"tags":[460,451],"class_list":{"0":"post-12110","1":"post","2":"type-post","3":"status-publish","4":"format-standard","5":"has-post-thumbnail","7":"category-europa","8":"category-kastilien","9":"category-segovia-de","10":"category-spanien","11":"tag-filmkulisse","12":"tag-schloss","13":"entry"},"yoast_head":"<!-- This site is optimized with the Yoast SEO plugin v27.4 - https:\/\/yoast.com\/product\/yoast-seo-wordpress\/ -->\n<title>Alcazar von Segovia und Umgebung - Spanien - Reise Video Blog<\/title>\n<meta name=\"description\" content=\"Der Alcazar von Segovia gilt als einer der sch\u00f6nsten Burgen Spaniens gilt als einer der sch\u00f6nsten Burgen Spaniens. Begleiten Sie uns ...\" \/>\n<meta name=\"robots\" content=\"index, follow, max-snippet:-1, max-image-preview:large, max-video-preview:-1\" \/>\n<link rel=\"canonical\" href=\"https:\/\/blog.myvideomedia.com\/de\/alcazar-von-segovia\/\" \/>\n<meta property=\"og:locale\" content=\"de_DE\" \/>\n<meta property=\"og:type\" content=\"article\" \/>\n<meta property=\"og:title\" content=\"Alcazar von Segovia und Umgebung - Spanien - Reise Video Blog\" \/>\n<meta property=\"og:description\" content=\"Der Alcazar von Segovia gilt als einer der sch\u00f6nsten Burgen Spaniens gilt als einer der sch\u00f6nsten Burgen Spaniens. Begleiten Sie uns ...\" \/>\n<meta property=\"og:url\" content=\"https:\/\/blog.myvideomedia.com\/de\/alcazar-von-segovia\/\" \/>\n<meta property=\"og:site_name\" content=\"Reise Video Blog\" \/>\n<meta property=\"article:publisher\" content=\"https:\/\/www.facebook.com\/ursula.streit.520\" \/>\n<meta property=\"article:author\" content=\"https:\/\/www.facebook.com\/ursula.streit.520\" \/>\n<meta property=\"article:published_time\" content=\"2016-09-12T17:55:47+00:00\" \/>\n<meta property=\"article:modified_time\" content=\"2020-09-06T14:31:56+00:00\" \/>\n<meta property=\"og:image\" content=\"https:\/\/blog.myvideomedia.com\/wp-content\/uploads\/2016\/09\/Segovia-Alcazar-20160516_130036-c.jpg\" \/>\n\t<meta property=\"og:image:width\" content=\"1280\" \/>\n\t<meta property=\"og:image:height\" content=\"720\" \/>\n\t<meta property=\"og:image:type\" content=\"image\/jpeg\" \/>\n<meta name=\"author\" content=\"myVideoMedia\" \/>\n<meta name=\"twitter:card\" content=\"summary_large_image\" \/>\n<meta name=\"twitter:creator\" content=\"@myvideomedia\" \/>\n<meta name=\"twitter:site\" content=\"@myvideomedia\" \/>\n<meta name=\"twitter:label1\" content=\"Verfasst von\" \/>\n\t<meta name=\"twitter:data1\" content=\"myVideoMedia\" \/>\n\t<meta name=\"twitter:label2\" content=\"Gesch\u00e4tzte Lesezeit\" \/>\n\t<meta name=\"twitter:data2\" content=\"5\u00a0Minuten\" \/>\n<script type=\"application\/ld+json\" class=\"yoast-schema-graph\">{\"@context\":\"https:\\\/\\\/schema.org\",\"@graph\":[{\"@type\":\"Article\",\"@id\":\"https:\\\/\\\/blog.myvideomedia.com\\\/de\\\/alcazar-von-segovia\\\/#article\",\"isPartOf\":{\"@id\":\"https:\\\/\\\/blog.myvideomedia.com\\\/de\\\/alcazar-von-segovia\\\/\"},\"author\":{\"name\":\"myVideoMedia\",\"@id\":\"https:\\\/\\\/blog.myvideomedia.com\\\/de\\\/#\\\/schema\\\/person\\\/87be8fbbed69b1562242448c1c3dcbec\"},\"headline\":\"Alcazar von Segovia und Umgebung\",\"datePublished\":\"2016-09-12T17:55:47+00:00\",\"dateModified\":\"2020-09-06T14:31:56+00:00\",\"mainEntityOfPage\":{\"@id\":\"https:\\\/\\\/blog.myvideomedia.com\\\/de\\\/alcazar-von-segovia\\\/\"},\"wordCount\":1010,\"commentCount\":0,\"publisher\":{\"@id\":\"https:\\\/\\\/blog.myvideomedia.com\\\/de\\\/#\\\/schema\\\/person\\\/87be8fbbed69b1562242448c1c3dcbec\"},\"image\":{\"@id\":\"https:\\\/\\\/blog.myvideomedia.com\\\/de\\\/alcazar-von-segovia\\\/#primaryimage\"},\"thumbnailUrl\":\"https:\\\/\\\/blog.myvideomedia.com\\\/wp-content\\\/uploads\\\/2016\\\/09\\\/Segovia-Alcazar-20160516_130036-c.jpg\",\"keywords\":[\"Filmkulisse\",\"Schloss\"],\"articleSection\":[\"Europa\",\"Kastilien\",\"Segovia\",\"Spanien\"],\"inLanguage\":\"de\",\"potentialAction\":[{\"@type\":\"CommentAction\",\"name\":\"Comment\",\"target\":[\"https:\\\/\\\/blog.myvideomedia.com\\\/de\\\/alcazar-von-segovia\\\/#respond\"]}]},{\"@type\":\"WebPage\",\"@id\":\"https:\\\/\\\/blog.myvideomedia.com\\\/de\\\/alcazar-von-segovia\\\/\",\"url\":\"https:\\\/\\\/blog.myvideomedia.com\\\/de\\\/alcazar-von-segovia\\\/\",\"name\":\"Alcazar von Segovia und Umgebung - Spanien - Reise Video Blog\",\"isPartOf\":{\"@id\":\"https:\\\/\\\/blog.myvideomedia.com\\\/de\\\/#website\"},\"primaryImageOfPage\":{\"@id\":\"https:\\\/\\\/blog.myvideomedia.com\\\/de\\\/alcazar-von-segovia\\\/#primaryimage\"},\"image\":{\"@id\":\"https:\\\/\\\/blog.myvideomedia.com\\\/de\\\/alcazar-von-segovia\\\/#primaryimage\"},\"thumbnailUrl\":\"https:\\\/\\\/blog.myvideomedia.com\\\/wp-content\\\/uploads\\\/2016\\\/09\\\/Segovia-Alcazar-20160516_130036-c.jpg\",\"datePublished\":\"2016-09-12T17:55:47+00:00\",\"dateModified\":\"2020-09-06T14:31:56+00:00\",\"description\":\"Der Alcazar von Segovia gilt als einer der sch\u00f6nsten Burgen Spaniens gilt als einer der sch\u00f6nsten Burgen Spaniens. Begleiten Sie uns ...\",\"breadcrumb\":{\"@id\":\"https:\\\/\\\/blog.myvideomedia.com\\\/de\\\/alcazar-von-segovia\\\/#breadcrumb\"},\"inLanguage\":\"de\",\"potentialAction\":[{\"@type\":\"ReadAction\",\"target\":[\"https:\\\/\\\/blog.myvideomedia.com\\\/de\\\/alcazar-von-segovia\\\/\"]}]},{\"@type\":\"ImageObject\",\"inLanguage\":\"de\",\"@id\":\"https:\\\/\\\/blog.myvideomedia.com\\\/de\\\/alcazar-von-segovia\\\/#primaryimage\",\"url\":\"https:\\\/\\\/blog.myvideomedia.com\\\/wp-content\\\/uploads\\\/2016\\\/09\\\/Segovia-Alcazar-20160516_130036-c.jpg\",\"contentUrl\":\"https:\\\/\\\/blog.myvideomedia.com\\\/wp-content\\\/uploads\\\/2016\\\/09\\\/Segovia-Alcazar-20160516_130036-c.jpg\",\"width\":1280,\"height\":720,\"caption\":\"Alcazar von Segovia\"},{\"@type\":\"BreadcrumbList\",\"@id\":\"https:\\\/\\\/blog.myvideomedia.com\\\/de\\\/alcazar-von-segovia\\\/#breadcrumb\",\"itemListElement\":[{\"@type\":\"ListItem\",\"position\":1,\"name\":\"Home\",\"item\":\"https:\\\/\\\/blog.myvideomedia.com\\\/de\\\/\"},{\"@type\":\"ListItem\",\"position\":2,\"name\":\"Alcazar von Segovia und Umgebung\"}]},{\"@type\":\"WebSite\",\"@id\":\"https:\\\/\\\/blog.myvideomedia.com\\\/de\\\/#website\",\"url\":\"https:\\\/\\\/blog.myvideomedia.com\\\/de\\\/\",\"name\":\"Travel Video Blog\",\"description\":\"myVideoMedia Reisetipps und Reisevideos\",\"publisher\":{\"@id\":\"https:\\\/\\\/blog.myvideomedia.com\\\/de\\\/#\\\/schema\\\/person\\\/87be8fbbed69b1562242448c1c3dcbec\"},\"potentialAction\":[{\"@type\":\"SearchAction\",\"target\":{\"@type\":\"EntryPoint\",\"urlTemplate\":\"https:\\\/\\\/blog.myvideomedia.com\\\/de\\\/?s={search_term_string}\"},\"query-input\":{\"@type\":\"PropertyValueSpecification\",\"valueRequired\":true,\"valueName\":\"search_term_string\"}}],\"inLanguage\":\"de\"},{\"@type\":[\"Person\",\"Organization\"],\"@id\":\"https:\\\/\\\/blog.myvideomedia.com\\\/de\\\/#\\\/schema\\\/person\\\/87be8fbbed69b1562242448c1c3dcbec\",\"name\":\"myVideoMedia\",\"image\":{\"@type\":\"ImageObject\",\"inLanguage\":\"de\",\"@id\":\"https:\\\/\\\/secure.gravatar.com\\\/avatar\\\/460720160715ef8975b781abd1b6985e55ce2f01567bb6757bebd73e7cf74c97?s=96&d=mm&r=g\",\"url\":\"https:\\\/\\\/secure.gravatar.com\\\/avatar\\\/460720160715ef8975b781abd1b6985e55ce2f01567bb6757bebd73e7cf74c97?s=96&d=mm&r=g\",\"contentUrl\":\"https:\\\/\\\/secure.gravatar.com\\\/avatar\\\/460720160715ef8975b781abd1b6985e55ce2f01567bb6757bebd73e7cf74c97?s=96&d=mm&r=g\",\"caption\":\"myVideoMedia\"},\"logo\":{\"@id\":\"https:\\\/\\\/secure.gravatar.com\\\/avatar\\\/460720160715ef8975b781abd1b6985e55ce2f01567bb6757bebd73e7cf74c97?s=96&d=mm&r=g\"},\"description\":\"\\\"The World is a book, and those who do not travel read only a page\\\" - Aurelius Augustinus (354 - 430 AD) Travel is our passion. With our posts and videos we like to inspire people who are planning or preparing for holidays as well as people who simply want to escape from everyday life and dream of faraway countries.\",\"sameAs\":[\"https:\\\/\\\/www.myvideomedia.com\",\"https:\\\/\\\/www.facebook.com\\\/ursula.streit.520\"],\"url\":\"https:\\\/\\\/blog.myvideomedia.com\\\/de\\\/author\\\/traveladm\\\/\"}]}<\/script>\n<!-- \/ Yoast SEO plugin. -->","yoast_head_json":{"title":"Alcazar von Segovia und Umgebung - Spanien - Reise Video Blog","description":"Der Alcazar von Segovia gilt als einer der sch\u00f6nsten Burgen Spaniens gilt als einer der sch\u00f6nsten Burgen Spaniens. Begleiten Sie uns ...","robots":{"index":"index","follow":"follow","max-snippet":"max-snippet:-1","max-image-preview":"max-image-preview:large","max-video-preview":"max-video-preview:-1"},"canonical":"https:\/\/blog.myvideomedia.com\/de\/alcazar-von-segovia\/","og_locale":"de_DE","og_type":"article","og_title":"Alcazar von Segovia und Umgebung - Spanien - Reise Video Blog","og_description":"Der Alcazar von Segovia gilt als einer der sch\u00f6nsten Burgen Spaniens gilt als einer der sch\u00f6nsten Burgen Spaniens. Begleiten Sie uns ...","og_url":"https:\/\/blog.myvideomedia.com\/de\/alcazar-von-segovia\/","og_site_name":"Reise Video Blog","article_publisher":"https:\/\/www.facebook.com\/ursula.streit.520","article_author":"https:\/\/www.facebook.com\/ursula.streit.520","article_published_time":"2016-09-12T17:55:47+00:00","article_modified_time":"2020-09-06T14:31:56+00:00","og_image":[{"width":1280,"height":720,"url":"https:\/\/blog.myvideomedia.com\/wp-content\/uploads\/2016\/09\/Segovia-Alcazar-20160516_130036-c.jpg","type":"image\/jpeg"}],"author":"myVideoMedia","twitter_card":"summary_large_image","twitter_creator":"@myvideomedia","twitter_site":"@myvideomedia","twitter_misc":{"Verfasst von":"myVideoMedia","Gesch\u00e4tzte Lesezeit":"5\u00a0Minuten"},"schema":{"@context":"https:\/\/schema.org","@graph":[{"@type":"Article","@id":"https:\/\/blog.myvideomedia.com\/de\/alcazar-von-segovia\/#article","isPartOf":{"@id":"https:\/\/blog.myvideomedia.com\/de\/alcazar-von-segovia\/"},"author":{"name":"myVideoMedia","@id":"https:\/\/blog.myvideomedia.com\/de\/#\/schema\/person\/87be8fbbed69b1562242448c1c3dcbec"},"headline":"Alcazar von Segovia und Umgebung","datePublished":"2016-09-12T17:55:47+00:00","dateModified":"2020-09-06T14:31:56+00:00","mainEntityOfPage":{"@id":"https:\/\/blog.myvideomedia.com\/de\/alcazar-von-segovia\/"},"wordCount":1010,"commentCount":0,"publisher":{"@id":"https:\/\/blog.myvideomedia.com\/de\/#\/schema\/person\/87be8fbbed69b1562242448c1c3dcbec"},"image":{"@id":"https:\/\/blog.myvideomedia.com\/de\/alcazar-von-segovia\/#primaryimage"},"thumbnailUrl":"https:\/\/blog.myvideomedia.com\/wp-content\/uploads\/2016\/09\/Segovia-Alcazar-20160516_130036-c.jpg","keywords":["Filmkulisse","Schloss"],"articleSection":["Europa","Kastilien","Segovia","Spanien"],"inLanguage":"de","potentialAction":[{"@type":"CommentAction","name":"Comment","target":["https:\/\/blog.myvideomedia.com\/de\/alcazar-von-segovia\/#respond"]}]},{"@type":"WebPage","@id":"https:\/\/blog.myvideomedia.com\/de\/alcazar-von-segovia\/","url":"https:\/\/blog.myvideomedia.com\/de\/alcazar-von-segovia\/","name":"Alcazar von Segovia und Umgebung - Spanien - Reise Video Blog","isPartOf":{"@id":"https:\/\/blog.myvideomedia.com\/de\/#website"},"primaryImageOfPage":{"@id":"https:\/\/blog.myvideomedia.com\/de\/alcazar-von-segovia\/#primaryimage"},"image":{"@id":"https:\/\/blog.myvideomedia.com\/de\/alcazar-von-segovia\/#primaryimage"},"thumbnailUrl":"https:\/\/blog.myvideomedia.com\/wp-content\/uploads\/2016\/09\/Segovia-Alcazar-20160516_130036-c.jpg","datePublished":"2016-09-12T17:55:47+00:00","dateModified":"2020-09-06T14:31:56+00:00","description":"Der Alcazar von Segovia gilt als einer der sch\u00f6nsten Burgen Spaniens gilt als einer der sch\u00f6nsten Burgen Spaniens. Begleiten Sie uns ...","breadcrumb":{"@id":"https:\/\/blog.myvideomedia.com\/de\/alcazar-von-segovia\/#breadcrumb"},"inLanguage":"de","potentialAction":[{"@type":"ReadAction","target":["https:\/\/blog.myvideomedia.com\/de\/alcazar-von-segovia\/"]}]},{"@type":"ImageObject","inLanguage":"de","@id":"https:\/\/blog.myvideomedia.com\/de\/alcazar-von-segovia\/#primaryimage","url":"https:\/\/blog.myvideomedia.com\/wp-content\/uploads\/2016\/09\/Segovia-Alcazar-20160516_130036-c.jpg","contentUrl":"https:\/\/blog.myvideomedia.com\/wp-content\/uploads\/2016\/09\/Segovia-Alcazar-20160516_130036-c.jpg","width":1280,"height":720,"caption":"Alcazar von Segovia"},{"@type":"BreadcrumbList","@id":"https:\/\/blog.myvideomedia.com\/de\/alcazar-von-segovia\/#breadcrumb","itemListElement":[{"@type":"ListItem","position":1,"name":"Home","item":"https:\/\/blog.myvideomedia.com\/de\/"},{"@type":"ListItem","position":2,"name":"Alcazar von Segovia und Umgebung"}]},{"@type":"WebSite","@id":"https:\/\/blog.myvideomedia.com\/de\/#website","url":"https:\/\/blog.myvideomedia.com\/de\/","name":"Travel Video Blog","description":"myVideoMedia Reisetipps und Reisevideos","publisher":{"@id":"https:\/\/blog.myvideomedia.com\/de\/#\/schema\/person\/87be8fbbed69b1562242448c1c3dcbec"},"potentialAction":[{"@type":"SearchAction","target":{"@type":"EntryPoint","urlTemplate":"https:\/\/blog.myvideomedia.com\/de\/?s={search_term_string}"},"query-input":{"@type":"PropertyValueSpecification","valueRequired":true,"valueName":"search_term_string"}}],"inLanguage":"de"},{"@type":["Person","Organization"],"@id":"https:\/\/blog.myvideomedia.com\/de\/#\/schema\/person\/87be8fbbed69b1562242448c1c3dcbec","name":"myVideoMedia","image":{"@type":"ImageObject","inLanguage":"de","@id":"https:\/\/secure.gravatar.com\/avatar\/460720160715ef8975b781abd1b6985e55ce2f01567bb6757bebd73e7cf74c97?s=96&d=mm&r=g","url":"https:\/\/secure.gravatar.com\/avatar\/460720160715ef8975b781abd1b6985e55ce2f01567bb6757bebd73e7cf74c97?s=96&d=mm&r=g","contentUrl":"https:\/\/secure.gravatar.com\/avatar\/460720160715ef8975b781abd1b6985e55ce2f01567bb6757bebd73e7cf74c97?s=96&d=mm&r=g","caption":"myVideoMedia"},"logo":{"@id":"https:\/\/secure.gravatar.com\/avatar\/460720160715ef8975b781abd1b6985e55ce2f01567bb6757bebd73e7cf74c97?s=96&d=mm&r=g"},"description":"\"The World is a book, and those who do not travel read only a page\" - Aurelius Augustinus (354 - 430 AD) Travel is our passion. With our posts and videos we like to inspire people who are planning or preparing for holidays as well as people who simply want to escape from everyday life and dream of faraway countries.","sameAs":["https:\/\/www.myvideomedia.com","https:\/\/www.facebook.com\/ursula.streit.520"],"url":"https:\/\/blog.myvideomedia.com\/de\/author\/traveladm\/"}]}},"featured_image_src":"https:\/\/blog.myvideomedia.com\/wp-content\/uploads\/2016\/09\/Segovia-Alcazar-20160516_130036-c.jpg","featured_image_src_square":"https:\/\/blog.myvideomedia.com\/wp-content\/uploads\/2016\/09\/Segovia-Alcazar-20160516_130036-c.jpg","author_info":{"display_name":"myVideoMedia","author_link":"https:\/\/blog.myvideomedia.com\/de\/author\/traveladm\/"},"_links":{"self":[{"href":"https:\/\/blog.myvideomedia.com\/de\/wp-json\/wp\/v2\/posts\/12110","targetHints":{"allow":["GET"]}}],"collection":[{"href":"https:\/\/blog.myvideomedia.com\/de\/wp-json\/wp\/v2\/posts"}],"about":[{"href":"https:\/\/blog.myvideomedia.com\/de\/wp-json\/wp\/v2\/types\/post"}],"author":[{"embeddable":true,"href":"https:\/\/blog.myvideomedia.com\/de\/wp-json\/wp\/v2\/users\/1"}],"replies":[{"embeddable":true,"href":"https:\/\/blog.myvideomedia.com\/de\/wp-json\/wp\/v2\/comments?post=12110"}],"version-history":[{"count":0,"href":"https:\/\/blog.myvideomedia.com\/de\/wp-json\/wp\/v2\/posts\/12110\/revisions"}],"wp:featuredmedia":[{"embeddable":true,"href":"https:\/\/blog.myvideomedia.com\/de\/wp-json\/wp\/v2\/media\/12105"}],"wp:attachment":[{"href":"https:\/\/blog.myvideomedia.com\/de\/wp-json\/wp\/v2\/media?parent=12110"}],"wp:term":[{"taxonomy":"category","embeddable":true,"href":"https:\/\/blog.myvideomedia.com\/de\/wp-json\/wp\/v2\/categories?post=12110"},{"taxonomy":"post_tag","embeddable":true,"href":"https:\/\/blog.myvideomedia.com\/de\/wp-json\/wp\/v2\/tags?post=12110"}],"curies":[{"name":"wp","href":"https:\/\/api.w.org\/{rel}","templated":true}]}}