{"id":12129,"date":"2016-09-14T08:58:21","date_gmt":"2016-09-14T07:58:21","guid":{"rendered":"https:\/\/blog.myvideomedia.com\/de\/?p=12129"},"modified":"2022-09-14T11:23:01","modified_gmt":"2022-09-14T10:23:01","slug":"mosel-nach-goeteborg","status":"publish","type":"post","link":"https:\/\/blog.myvideomedia.com\/de\/mosel-nach-goeteborg\/","title":{"rendered":"Von der Mosel nach G\u00f6teborg"},"content":{"rendered":"\n<p>Auf unserer Reise von der Mosel nach G\u00f6teborg und anschlie\u00dfend in den hohen Norden, nehmen wir zuerst unsere \u00fcblichen Eisenbahnlinie entlang der Mosel nach Koblenz.<\/p>\n\n\n\n<div id=\"ez-toc-container\" class=\"ez-toc-v2_0_82_2 counter-hierarchy ez-toc-counter ez-toc-grey ez-toc-container-direction\">\n<div class=\"ez-toc-title-container\">\n<p class=\"ez-toc-title\" style=\"cursor:inherit\">Inhaltsverzeichnis<\/p>\n<span class=\"ez-toc-title-toggle\"><a href=\"#\" class=\"ez-toc-pull-right ez-toc-btn ez-toc-btn-xs ez-toc-btn-default ez-toc-toggle\" aria-label=\"Toggle Table of Content\"><span class=\"ez-toc-js-icon-con\"><span class=\"\"><span class=\"eztoc-hide\" style=\"display:none;\">Toggle<\/span><span class=\"ez-toc-icon-toggle-span\"><svg style=\"fill: #999;color:#999\" xmlns=\"http:\/\/www.w3.org\/2000\/svg\" class=\"list-377408\" width=\"20px\" height=\"20px\" viewBox=\"0 0 24 24\" fill=\"none\"><path d=\"M6 6H4v2h2V6zm14 0H8v2h12V6zM4 11h2v2H4v-2zm16 0H8v2h12v-2zM4 16h2v2H4v-2zm16 0H8v2h12v-2z\" fill=\"currentColor\"><\/path><\/svg><svg style=\"fill: #999;color:#999\" class=\"arrow-unsorted-368013\" xmlns=\"http:\/\/www.w3.org\/2000\/svg\" width=\"10px\" height=\"10px\" viewBox=\"0 0 24 24\" version=\"1.2\" baseProfile=\"tiny\"><path d=\"M18.2 9.3l-6.2-6.3-6.2 6.3c-.2.2-.3.4-.3.7s.1.5.3.7c.2.2.4.3.7.3h11c.3 0 .5-.1.7-.3.2-.2.3-.5.3-.7s-.1-.5-.3-.7zM5.8 14.7l6.2 6.3 6.2-6.3c.2-.2.3-.5.3-.7s-.1-.5-.3-.7c-.2-.2-.4-.3-.7-.3h-11c-.3 0-.5.1-.7.3-.2.2-.3.5-.3.7s.1.5.3.7z\"\/><\/svg><\/span><\/span><\/span><\/a><\/span><\/div>\n<nav><ul class='ez-toc-list ez-toc-list-level-1 ' ><li class='ez-toc-page-1 ez-toc-heading-level-2'><a class=\"ez-toc-link ez-toc-heading-1\" href=\"https:\/\/blog.myvideomedia.com\/de\/mosel-nach-goeteborg\/#Mosel_und_Rhein\" >Mosel und Rhein<\/a><\/li><li class='ez-toc-page-1 ez-toc-heading-level-2'><a class=\"ez-toc-link ez-toc-heading-2\" href=\"https:\/\/blog.myvideomedia.com\/de\/mosel-nach-goeteborg\/#Frankfurt\" >Frankfurt<\/a><\/li><li class='ez-toc-page-1 ez-toc-heading-level-2'><a class=\"ez-toc-link ez-toc-heading-3\" href=\"https:\/\/blog.myvideomedia.com\/de\/mosel-nach-goeteborg\/#Berlin\" >Berlin<\/a><ul class='ez-toc-list-level-3' ><li class='ez-toc-heading-level-3'><a class=\"ez-toc-link ez-toc-heading-4\" href=\"https:\/\/blog.myvideomedia.com\/de\/mosel-nach-goeteborg\/#Hier_sehen_Sie_das_4K_UHD_Video\" >Hier sehen Sie das 4K UHD Video<\/a><\/li><\/ul><\/li><li class='ez-toc-page-1 ez-toc-heading-level-2'><a class=\"ez-toc-link ez-toc-heading-5\" href=\"https:\/\/blog.myvideomedia.com\/de\/mosel-nach-goeteborg\/#Goeteborg\" >G\u00f6teborg<\/a><\/li><\/ul><\/nav><\/div>\n<h2 class=\"wp-block-heading\"><span class=\"ez-toc-section\" id=\"Mosel_und_Rhein\"><\/span>Mosel und Rhein<span class=\"ez-toc-section-end\"><\/span><\/h2>\n\n\n<div class=\"wp-block-image\">\n<figure class=\"aligncenter\"><img loading=\"lazy\" decoding=\"async\" width=\"600\" height=\"338\" src=\"https:\/\/blog.myvideomedia.com\/wp-content\/uploads\/2016\/09\/Moselle_001-c-600x338.jpg\" alt=\"Moseltal\" class=\"wp-image-12114\" srcset=\"https:\/\/blog.myvideomedia.com\/wp-content\/uploads\/2016\/09\/Moselle_001-c-600x338.jpg 600w, https:\/\/blog.myvideomedia.com\/wp-content\/uploads\/2016\/09\/Moselle_001-c-768x432.jpg 768w, https:\/\/blog.myvideomedia.com\/wp-content\/uploads\/2016\/09\/Moselle_001-c-1260x709.jpg 1260w, https:\/\/blog.myvideomedia.com\/wp-content\/uploads\/2016\/09\/Moselle_001-c.jpg 1280w\" sizes=\"auto, (max-width: 600px) 100vw, 600px\" \/><\/figure>\n<\/div>\n\n\n<p>Wir lehnen uns entspannt zur\u00fcck und genie\u00dfen das sch\u00f6ne Moseltal. In Koblenz steigen wir in den Zug nach Frankfurt um, der durch das malerische Rheintal f\u00e4hrt. Auch wenn dies nicht unsere erste Reise auf dieser Strecke ist, sind wir immer von der sch\u00f6nen Landschaft beeindruckt.<\/p>\n\n\n<div class=\"wp-block-image\">\n<figure class=\"aligncenter\"><img loading=\"lazy\" decoding=\"async\" width=\"600\" height=\"338\" src=\"https:\/\/blog.myvideomedia.com\/wp-content\/uploads\/2016\/09\/Rhine_006-c-600x338.jpg\" alt=\"Am Rhein\" class=\"wp-image-12116\" srcset=\"https:\/\/blog.myvideomedia.com\/wp-content\/uploads\/2016\/09\/Rhine_006-c-600x338.jpg 600w, https:\/\/blog.myvideomedia.com\/wp-content\/uploads\/2016\/09\/Rhine_006-c-768x432.jpg 768w, https:\/\/blog.myvideomedia.com\/wp-content\/uploads\/2016\/09\/Rhine_006-c-1260x709.jpg 1260w, https:\/\/blog.myvideomedia.com\/wp-content\/uploads\/2016\/09\/Rhine_006-c.jpg 1280w\" sizes=\"auto, (max-width: 600px) 100vw, 600px\" \/><\/figure>\n<\/div>\n\n\n<h2 class=\"wp-block-heading\"><span class=\"ez-toc-section\" id=\"Frankfurt\"><\/span>Frankfurt<span class=\"ez-toc-section-end\"><\/span><\/h2>\n\n\n\n<p>In Frankfurt steigen wir ins Flugzeug um.<\/p>\n\n\n<div class=\"wp-block-image\">\n<figure class=\"aligncenter\"><img loading=\"lazy\" decoding=\"async\" width=\"600\" height=\"338\" src=\"https:\/\/blog.myvideomedia.com\/wp-content\/uploads\/2016\/09\/Frankfurt-airport_007-c-600x338.jpg\" alt=\"Flughafen Frankfurt\" class=\"wp-image-12118\" srcset=\"https:\/\/blog.myvideomedia.com\/wp-content\/uploads\/2016\/09\/Frankfurt-airport_007-c-600x338.jpg 600w, https:\/\/blog.myvideomedia.com\/wp-content\/uploads\/2016\/09\/Frankfurt-airport_007-c-768x432.jpg 768w, https:\/\/blog.myvideomedia.com\/wp-content\/uploads\/2016\/09\/Frankfurt-airport_007-c-1260x709.jpg 1260w, https:\/\/blog.myvideomedia.com\/wp-content\/uploads\/2016\/09\/Frankfurt-airport_007-c.jpg 1280w\" sizes=\"auto, (max-width: 600px) 100vw, 600px\" \/><\/figure>\n<\/div>\n\n\n<p>Da wir keinen Direktflug nach G\u00f6teborg bekommen haben, fliegen wir weiter nach Berlin. Es ist immer noch der alte Flughafen Tegel, den wir bereits seit Jahrzehnten kennen.<\/p>\n\n\n<div class=\"wp-block-image\">\n<figure class=\"aligncenter\"><img loading=\"lazy\" decoding=\"async\" width=\"600\" height=\"338\" src=\"https:\/\/blog.myvideomedia.com\/wp-content\/uploads\/2016\/09\/Flight-Franfurt_008-c-600x338.jpg\" alt=\"von der Mosel nach G\u00f6teborg\" class=\"wp-image-12126\" srcset=\"https:\/\/blog.myvideomedia.com\/wp-content\/uploads\/2016\/09\/Flight-Franfurt_008-c-600x338.jpg 600w, https:\/\/blog.myvideomedia.com\/wp-content\/uploads\/2016\/09\/Flight-Franfurt_008-c-768x432.jpg 768w, https:\/\/blog.myvideomedia.com\/wp-content\/uploads\/2016\/09\/Flight-Franfurt_008-c-1260x709.jpg 1260w, https:\/\/blog.myvideomedia.com\/wp-content\/uploads\/2016\/09\/Flight-Franfurt_008-c.jpg 1280w\" sizes=\"auto, (max-width: 600px) 100vw, 600px\" \/><\/figure>\n<\/div>\n\n\n<h2 class=\"wp-block-heading\"><span class=\"ez-toc-section\" id=\"Berlin\"><\/span>Berlin<span class=\"ez-toc-section-end\"><\/span><\/h2>\n\n\n\n<p>Beim Landeanflug und Abflug ist gut das Berliner Urstromtal erkennbar, das durch Gletscher ausgepr\u00e4gt wurde und sich heute durch eine Vielzahl an Fl\u00fcssen und Seen auszeichnet.<\/p>\n\n\n\n<h3 class=\"wp-block-heading\"><span class=\"ez-toc-section\" id=\"Hier_sehen_Sie_das_4K_UHD_Video\"><\/span>Hier sehen Sie das 4K UHD Video<span class=\"ez-toc-section-end\"><\/span><\/h3>\n\n\n\n<figure> <div class=\"brlbs-cmpnt-container brlbs-cmpnt-content-blocker brlbs-cmpnt-with-individual-styles\" data-borlabs-cookie-content-blocker-id=\"youtube-content-blocker\" data-borlabs-cookie-content=\"PGlmcmFtZSBzcmM9Imh0dHBzOi8vd3d3LnlvdXR1YmUtbm9jb29raWUuY29tL2VtYmVkL3VRSHpwQld2eGFvIiB3aWR0aD0iNjAwIiBoZWlnaHQ9IjMzOCIgZGF0YS1tY2UtZnJhZ21lbnQ9IjEiPjwvaWZyYW1lPg==\"><div class=\"brlbs-cmpnt-cb-preset-c brlbs-cmpnt-cb-youtube\"> <div class=\"brlbs-cmpnt-cb-thumbnail\" style=\"background-image: url('https:\/\/blog.myvideomedia.com\/wp-content\/uploads\/borlabs-cookie\/1\/yt_uQHzpBWvxao_hqdefault.jpg')\"><\/div> <div class=\"brlbs-cmpnt-cb-main\"> <div class=\"brlbs-cmpnt-cb-play-button\"><\/div> <div class=\"brlbs-cmpnt-cb-content\"> <p class=\"brlbs-cmpnt-cb-description\">Sie sehen gerade einen Platzhalterinhalt von <strong>YouTube<\/strong>. Um auf den eigentlichen Inhalt zuzugreifen, klicken Sie auf die Schaltfl\u00e4che unten. Bitte beachten Sie, dass dabei Daten an Drittanbieter weitergegeben werden.<\/p> <a class=\"brlbs-cmpnt-cb-provider-toggle\" href=\"#\" data-borlabs-cookie-show-provider-information role=\"button\">Mehr Informationen<\/a> <\/div> <div class=\"brlbs-cmpnt-cb-buttons\"> <a class=\"brlbs-cmpnt-cb-btn\" href=\"#\" data-borlabs-cookie-unblock role=\"button\">Inhalt entsperren<\/a> <a class=\"brlbs-cmpnt-cb-btn\" href=\"#\" data-borlabs-cookie-accept-service role=\"button\" style=\"display: inherit\">Erforderlichen Service akzeptieren und Inhalte entsperren<\/a> <\/div> <\/div> <\/div><\/div><\/figure>\n\n\n\n<p>Der Aufenthalt in Berlin dauert nur ungef\u00e4hr 1,5 Stunden und so reicht die Zeit lediglich f\u00fcr einen kleinen Snack und ein paar Fotos.<\/p>\n\n\n<div class=\"wp-block-image\">\n<figure class=\"aligncenter\"><img loading=\"lazy\" decoding=\"async\" width=\"600\" height=\"338\" src=\"https:\/\/blog.myvideomedia.com\/wp-content\/uploads\/2016\/09\/Berlin_010-c-600x338.jpg\" alt=\"Berlin Tegel\" class=\"wp-image-12120\" srcset=\"https:\/\/blog.myvideomedia.com\/wp-content\/uploads\/2016\/09\/Berlin_010-c-600x338.jpg 600w, https:\/\/blog.myvideomedia.com\/wp-content\/uploads\/2016\/09\/Berlin_010-c-768x432.jpg 768w, https:\/\/blog.myvideomedia.com\/wp-content\/uploads\/2016\/09\/Berlin_010-c-1260x709.jpg 1260w, https:\/\/blog.myvideomedia.com\/wp-content\/uploads\/2016\/09\/Berlin_010-c.jpg 1280w\" sizes=\"auto, (max-width: 600px) 100vw, 600px\" \/><\/figure>\n<\/div>\n\n\n<p>Rasch erreichen wir Schweden mit seinen ausgedehnten W\u00e4ldern, die nur von einigen Seen und Fl\u00fcssen durchbrochen sind.<\/p>\n\n\n<div class=\"wp-block-image\">\n<figure class=\"aligncenter\"><img loading=\"lazy\" decoding=\"async\" width=\"600\" height=\"338\" src=\"https:\/\/blog.myvideomedia.com\/wp-content\/uploads\/2016\/09\/Schweden_011-c-600x338.jpg\" alt=\"Flug G\u00f6teborg\" class=\"wp-image-12124\" srcset=\"https:\/\/blog.myvideomedia.com\/wp-content\/uploads\/2016\/09\/Schweden_011-c-600x338.jpg 600w, https:\/\/blog.myvideomedia.com\/wp-content\/uploads\/2016\/09\/Schweden_011-c-768x432.jpg 768w, https:\/\/blog.myvideomedia.com\/wp-content\/uploads\/2016\/09\/Schweden_011-c-1260x709.jpg 1260w, https:\/\/blog.myvideomedia.com\/wp-content\/uploads\/2016\/09\/Schweden_011-c.jpg 1280w\" sizes=\"auto, (max-width: 600px) 100vw, 600px\" \/><\/figure>\n<\/div>\n\n\n<h2 class=\"wp-block-heading\"><span class=\"ez-toc-section\" id=\"Goeteborg\"><\/span>G\u00f6teborg<span class=\"ez-toc-section-end\"><\/span><\/h2>\n\n\n<div class=\"wp-block-image\">\n<figure class=\"aligncenter\"><img loading=\"lazy\" decoding=\"async\" width=\"600\" height=\"338\" src=\"https:\/\/blog.myvideomedia.com\/wp-content\/uploads\/2016\/09\/Gothenburg_013-c-600x338.jpg\" alt=\"Ankunft G\u00f6teborg\" class=\"wp-image-12128\" srcset=\"https:\/\/blog.myvideomedia.com\/wp-content\/uploads\/2016\/09\/Gothenburg_013-c-600x338.jpg 600w, https:\/\/blog.myvideomedia.com\/wp-content\/uploads\/2016\/09\/Gothenburg_013-c-768x432.jpg 768w, https:\/\/blog.myvideomedia.com\/wp-content\/uploads\/2016\/09\/Gothenburg_013-c-1260x709.jpg 1260w, https:\/\/blog.myvideomedia.com\/wp-content\/uploads\/2016\/09\/Gothenburg_013-c.jpg 1280w\" sizes=\"auto, (max-width: 600px) 100vw, 600px\" \/><\/figure>\n<\/div>\n\n\n<p>Nach der Landung in G\u00f6teborg nehmen wir einen Bus zum 10 km entfernten Zentrum. Auf der Fahrt in die Stadt bekommen wir einen kleinen Vorgeschmack von den Sehensw\u00fcrdigkeiten der n\u00e4chsten Tage.<\/p>\n\n\n<div class=\"wp-block-image\">\n<figure class=\"aligncenter\"><img loading=\"lazy\" decoding=\"async\" width=\"600\" height=\"338\" src=\"https:\/\/blog.myvideomedia.com\/wp-content\/uploads\/2016\/09\/Gothenburg_014-c-600x338.jpg\" alt=\"Ankunft G\u00f6teborg\" class=\"wp-image-12122\" srcset=\"https:\/\/blog.myvideomedia.com\/wp-content\/uploads\/2016\/09\/Gothenburg_014-c-600x338.jpg 600w, https:\/\/blog.myvideomedia.com\/wp-content\/uploads\/2016\/09\/Gothenburg_014-c-768x432.jpg 768w, https:\/\/blog.myvideomedia.com\/wp-content\/uploads\/2016\/09\/Gothenburg_014-c-1260x709.jpg 1260w, https:\/\/blog.myvideomedia.com\/wp-content\/uploads\/2016\/09\/Gothenburg_014-c.jpg 1280w\" sizes=\"auto, (max-width: 600px) 100vw, 600px\" \/><\/figure>\n<\/div>\n\n\n<p>Bitte lesen Sie weiter -> <a href=\"https:\/\/blog.myvideomedia.com\/de\/stadtrundgang-in-goeteborg\/\" target=\"_blank\" rel=\"noreferrer noopener\">Stadtrundgang in G\u00f6teborg<\/a><\/p>\n\n\n\n<p>Text, Fotos und Video: Copyright \u00a9 <a title=\"myVideoMedia 4K Reisevideos\" href=\"http:\/\/www.myvideomedia.de\" target=\"_blank\" rel=\"noopener noreferrer\">myVideoMedia<\/a><\/p>\n","protected":false},"excerpt":{"rendered":"<p>Auf unserer Reise von der Mosel nach G\u00f6teborg und anschlie\u00dfend in den hohen Norden, nehmen wir zuerst unsere \u00fcblichen Eisenbahnlinie entlang der Mosel nach Koblenz. Mosel und Rhein Wir lehnen uns entspannt zur\u00fcck und genie\u00dfen das sch\u00f6ne Moseltal. In Koblenz steigen wir in den Zug nach Frankfurt um, der durch das malerische Rheintal f\u00e4hrt. Auch [&hellip;]<\/p>\n","protected":false},"author":1,"featured_media":12126,"comment_status":"open","ping_status":"closed","sticky":false,"template":"","format":"standard","meta":{"_genesis_hide_title":false,"_genesis_hide_breadcrumbs":false,"_genesis_hide_singular_image":false,"_genesis_hide_footer_widgets":false,"_genesis_custom_body_class":"","_genesis_custom_post_class":"","_genesis_layout":"","footnotes":""},"categories":[1550,721,720],"tags":[669],"class_list":{"0":"post-12129","1":"post","2":"type-post","3":"status-publish","4":"format-standard","5":"has-post-thumbnail","7":"category-europa","8":"category-goeteborg","9":"category-schweden","10":"tag-zugfahrt","11":"entry"},"yoast_head":"<!-- This site is optimized with the Yoast SEO plugin v27.4 - https:\/\/yoast.com\/product\/yoast-seo-wordpress\/ -->\n<title>Von der Mosel nach G\u00f6teborg - Reise Video Blog<\/title>\n<meta name=\"description\" content=\"Unsere Reise von der Mosel nach G\u00f6teborg f\u00fchrt uns entlang der wundersch\u00f6nen Tal des Rheins nach Frankfurt und \u00fcber Berlin nach G\u00f6teborg\" \/>\n<meta name=\"robots\" content=\"index, follow, max-snippet:-1, max-image-preview:large, max-video-preview:-1\" \/>\n<link rel=\"canonical\" href=\"https:\/\/blog.myvideomedia.com\/de\/mosel-nach-goeteborg\/\" \/>\n<meta property=\"og:locale\" content=\"de_DE\" \/>\n<meta property=\"og:type\" content=\"article\" \/>\n<meta property=\"og:title\" content=\"Von der Mosel nach G\u00f6teborg - Reise Video Blog\" \/>\n<meta property=\"og:description\" content=\"Unsere Reise von der Mosel nach G\u00f6teborg f\u00fchrt uns entlang der wundersch\u00f6nen Tal des Rheins nach Frankfurt und \u00fcber Berlin nach G\u00f6teborg\" \/>\n<meta property=\"og:url\" content=\"https:\/\/blog.myvideomedia.com\/de\/mosel-nach-goeteborg\/\" \/>\n<meta property=\"og:site_name\" content=\"Reise Video Blog\" \/>\n<meta property=\"article:publisher\" content=\"https:\/\/www.facebook.com\/ursula.streit.520\" \/>\n<meta property=\"article:author\" content=\"https:\/\/www.facebook.com\/ursula.streit.520\" \/>\n<meta property=\"article:published_time\" content=\"2016-09-14T07:58:21+00:00\" \/>\n<meta property=\"article:modified_time\" content=\"2022-09-14T10:23:01+00:00\" \/>\n<meta property=\"og:image\" content=\"https:\/\/blog.myvideomedia.com\/wp-content\/uploads\/2016\/09\/Flight-Franfurt_008-c.jpg\" \/>\n\t<meta property=\"og:image:width\" content=\"1280\" \/>\n\t<meta property=\"og:image:height\" content=\"720\" \/>\n\t<meta property=\"og:image:type\" content=\"image\/jpeg\" \/>\n<meta name=\"author\" content=\"myVideoMedia\" \/>\n<meta name=\"twitter:card\" content=\"summary_large_image\" \/>\n<meta name=\"twitter:creator\" content=\"@myvideomedia\" \/>\n<meta name=\"twitter:site\" content=\"@myvideomedia\" \/>\n<meta name=\"twitter:label1\" content=\"Verfasst von\" \/>\n\t<meta name=\"twitter:data1\" content=\"myVideoMedia\" \/>\n\t<meta name=\"twitter:label2\" content=\"Gesch\u00e4tzte Lesezeit\" \/>\n\t<meta name=\"twitter:data2\" content=\"3\u00a0Minuten\" \/>\n<script type=\"application\/ld+json\" class=\"yoast-schema-graph\">{\"@context\":\"https:\\\/\\\/schema.org\",\"@graph\":[{\"@type\":\"Article\",\"@id\":\"https:\\\/\\\/blog.myvideomedia.com\\\/de\\\/mosel-nach-goeteborg\\\/#article\",\"isPartOf\":{\"@id\":\"https:\\\/\\\/blog.myvideomedia.com\\\/de\\\/mosel-nach-goeteborg\\\/\"},\"author\":{\"name\":\"myVideoMedia\",\"@id\":\"https:\\\/\\\/blog.myvideomedia.com\\\/de\\\/#\\\/schema\\\/person\\\/87be8fbbed69b1562242448c1c3dcbec\"},\"headline\":\"Von der Mosel nach G\u00f6teborg\",\"datePublished\":\"2016-09-14T07:58:21+00:00\",\"dateModified\":\"2022-09-14T10:23:01+00:00\",\"mainEntityOfPage\":{\"@id\":\"https:\\\/\\\/blog.myvideomedia.com\\\/de\\\/mosel-nach-goeteborg\\\/\"},\"wordCount\":251,\"commentCount\":0,\"publisher\":{\"@id\":\"https:\\\/\\\/blog.myvideomedia.com\\\/de\\\/#\\\/schema\\\/person\\\/87be8fbbed69b1562242448c1c3dcbec\"},\"image\":{\"@id\":\"https:\\\/\\\/blog.myvideomedia.com\\\/de\\\/mosel-nach-goeteborg\\\/#primaryimage\"},\"thumbnailUrl\":\"https:\\\/\\\/blog.myvideomedia.com\\\/wp-content\\\/uploads\\\/2016\\\/09\\\/Flight-Franfurt_008-c.jpg\",\"keywords\":[\"Zugfahrt\"],\"articleSection\":[\"Europa\",\"G\u00f6teborg\",\"Schweden\"],\"inLanguage\":\"de\",\"potentialAction\":[{\"@type\":\"CommentAction\",\"name\":\"Comment\",\"target\":[\"https:\\\/\\\/blog.myvideomedia.com\\\/de\\\/mosel-nach-goeteborg\\\/#respond\"]}]},{\"@type\":\"WebPage\",\"@id\":\"https:\\\/\\\/blog.myvideomedia.com\\\/de\\\/mosel-nach-goeteborg\\\/\",\"url\":\"https:\\\/\\\/blog.myvideomedia.com\\\/de\\\/mosel-nach-goeteborg\\\/\",\"name\":\"Von der Mosel nach G\u00f6teborg - Reise Video Blog\",\"isPartOf\":{\"@id\":\"https:\\\/\\\/blog.myvideomedia.com\\\/de\\\/#website\"},\"primaryImageOfPage\":{\"@id\":\"https:\\\/\\\/blog.myvideomedia.com\\\/de\\\/mosel-nach-goeteborg\\\/#primaryimage\"},\"image\":{\"@id\":\"https:\\\/\\\/blog.myvideomedia.com\\\/de\\\/mosel-nach-goeteborg\\\/#primaryimage\"},\"thumbnailUrl\":\"https:\\\/\\\/blog.myvideomedia.com\\\/wp-content\\\/uploads\\\/2016\\\/09\\\/Flight-Franfurt_008-c.jpg\",\"datePublished\":\"2016-09-14T07:58:21+00:00\",\"dateModified\":\"2022-09-14T10:23:01+00:00\",\"description\":\"Unsere Reise von der Mosel nach G\u00f6teborg f\u00fchrt uns entlang der wundersch\u00f6nen Tal des Rheins nach Frankfurt und \u00fcber Berlin nach G\u00f6teborg\",\"breadcrumb\":{\"@id\":\"https:\\\/\\\/blog.myvideomedia.com\\\/de\\\/mosel-nach-goeteborg\\\/#breadcrumb\"},\"inLanguage\":\"de\",\"potentialAction\":[{\"@type\":\"ReadAction\",\"target\":[\"https:\\\/\\\/blog.myvideomedia.com\\\/de\\\/mosel-nach-goeteborg\\\/\"]}]},{\"@type\":\"ImageObject\",\"inLanguage\":\"de\",\"@id\":\"https:\\\/\\\/blog.myvideomedia.com\\\/de\\\/mosel-nach-goeteborg\\\/#primaryimage\",\"url\":\"https:\\\/\\\/blog.myvideomedia.com\\\/wp-content\\\/uploads\\\/2016\\\/09\\\/Flight-Franfurt_008-c.jpg\",\"contentUrl\":\"https:\\\/\\\/blog.myvideomedia.com\\\/wp-content\\\/uploads\\\/2016\\\/09\\\/Flight-Franfurt_008-c.jpg\",\"width\":1280,\"height\":720,\"caption\":\"von der Mosel nach G\u00f6teborg\"},{\"@type\":\"BreadcrumbList\",\"@id\":\"https:\\\/\\\/blog.myvideomedia.com\\\/de\\\/mosel-nach-goeteborg\\\/#breadcrumb\",\"itemListElement\":[{\"@type\":\"ListItem\",\"position\":1,\"name\":\"Home\",\"item\":\"https:\\\/\\\/blog.myvideomedia.com\\\/de\\\/\"},{\"@type\":\"ListItem\",\"position\":2,\"name\":\"Von der Mosel nach G\u00f6teborg\"}]},{\"@type\":\"WebSite\",\"@id\":\"https:\\\/\\\/blog.myvideomedia.com\\\/de\\\/#website\",\"url\":\"https:\\\/\\\/blog.myvideomedia.com\\\/de\\\/\",\"name\":\"Travel Video Blog\",\"description\":\"myVideoMedia Reisetipps und Reisevideos\",\"publisher\":{\"@id\":\"https:\\\/\\\/blog.myvideomedia.com\\\/de\\\/#\\\/schema\\\/person\\\/87be8fbbed69b1562242448c1c3dcbec\"},\"potentialAction\":[{\"@type\":\"SearchAction\",\"target\":{\"@type\":\"EntryPoint\",\"urlTemplate\":\"https:\\\/\\\/blog.myvideomedia.com\\\/de\\\/?s={search_term_string}\"},\"query-input\":{\"@type\":\"PropertyValueSpecification\",\"valueRequired\":true,\"valueName\":\"search_term_string\"}}],\"inLanguage\":\"de\"},{\"@type\":[\"Person\",\"Organization\"],\"@id\":\"https:\\\/\\\/blog.myvideomedia.com\\\/de\\\/#\\\/schema\\\/person\\\/87be8fbbed69b1562242448c1c3dcbec\",\"name\":\"myVideoMedia\",\"image\":{\"@type\":\"ImageObject\",\"inLanguage\":\"de\",\"@id\":\"https:\\\/\\\/secure.gravatar.com\\\/avatar\\\/460720160715ef8975b781abd1b6985e55ce2f01567bb6757bebd73e7cf74c97?s=96&d=mm&r=g\",\"url\":\"https:\\\/\\\/secure.gravatar.com\\\/avatar\\\/460720160715ef8975b781abd1b6985e55ce2f01567bb6757bebd73e7cf74c97?s=96&d=mm&r=g\",\"contentUrl\":\"https:\\\/\\\/secure.gravatar.com\\\/avatar\\\/460720160715ef8975b781abd1b6985e55ce2f01567bb6757bebd73e7cf74c97?s=96&d=mm&r=g\",\"caption\":\"myVideoMedia\"},\"logo\":{\"@id\":\"https:\\\/\\\/secure.gravatar.com\\\/avatar\\\/460720160715ef8975b781abd1b6985e55ce2f01567bb6757bebd73e7cf74c97?s=96&d=mm&r=g\"},\"description\":\"\\\"The World is a book, and those who do not travel read only a page\\\" - Aurelius Augustinus (354 - 430 AD) Travel is our passion. With our posts and videos we like to inspire people who are planning or preparing for holidays as well as people who simply want to escape from everyday life and dream of faraway countries.\",\"sameAs\":[\"https:\\\/\\\/www.myvideomedia.com\",\"https:\\\/\\\/www.facebook.com\\\/ursula.streit.520\"],\"url\":\"https:\\\/\\\/blog.myvideomedia.com\\\/de\\\/author\\\/traveladm\\\/\"}]}<\/script>\n<!-- \/ Yoast SEO plugin. -->","yoast_head_json":{"title":"Von der Mosel nach G\u00f6teborg - Reise Video Blog","description":"Unsere Reise von der Mosel nach G\u00f6teborg f\u00fchrt uns entlang der wundersch\u00f6nen Tal des Rheins nach Frankfurt und \u00fcber Berlin nach G\u00f6teborg","robots":{"index":"index","follow":"follow","max-snippet":"max-snippet:-1","max-image-preview":"max-image-preview:large","max-video-preview":"max-video-preview:-1"},"canonical":"https:\/\/blog.myvideomedia.com\/de\/mosel-nach-goeteborg\/","og_locale":"de_DE","og_type":"article","og_title":"Von der Mosel nach G\u00f6teborg - Reise Video Blog","og_description":"Unsere Reise von der Mosel nach G\u00f6teborg f\u00fchrt uns entlang der wundersch\u00f6nen Tal des Rheins nach Frankfurt und \u00fcber Berlin nach G\u00f6teborg","og_url":"https:\/\/blog.myvideomedia.com\/de\/mosel-nach-goeteborg\/","og_site_name":"Reise Video Blog","article_publisher":"https:\/\/www.facebook.com\/ursula.streit.520","article_author":"https:\/\/www.facebook.com\/ursula.streit.520","article_published_time":"2016-09-14T07:58:21+00:00","article_modified_time":"2022-09-14T10:23:01+00:00","og_image":[{"width":1280,"height":720,"url":"https:\/\/blog.myvideomedia.com\/wp-content\/uploads\/2016\/09\/Flight-Franfurt_008-c.jpg","type":"image\/jpeg"}],"author":"myVideoMedia","twitter_card":"summary_large_image","twitter_creator":"@myvideomedia","twitter_site":"@myvideomedia","twitter_misc":{"Verfasst von":"myVideoMedia","Gesch\u00e4tzte Lesezeit":"3\u00a0Minuten"},"schema":{"@context":"https:\/\/schema.org","@graph":[{"@type":"Article","@id":"https:\/\/blog.myvideomedia.com\/de\/mosel-nach-goeteborg\/#article","isPartOf":{"@id":"https:\/\/blog.myvideomedia.com\/de\/mosel-nach-goeteborg\/"},"author":{"name":"myVideoMedia","@id":"https:\/\/blog.myvideomedia.com\/de\/#\/schema\/person\/87be8fbbed69b1562242448c1c3dcbec"},"headline":"Von der Mosel nach G\u00f6teborg","datePublished":"2016-09-14T07:58:21+00:00","dateModified":"2022-09-14T10:23:01+00:00","mainEntityOfPage":{"@id":"https:\/\/blog.myvideomedia.com\/de\/mosel-nach-goeteborg\/"},"wordCount":251,"commentCount":0,"publisher":{"@id":"https:\/\/blog.myvideomedia.com\/de\/#\/schema\/person\/87be8fbbed69b1562242448c1c3dcbec"},"image":{"@id":"https:\/\/blog.myvideomedia.com\/de\/mosel-nach-goeteborg\/#primaryimage"},"thumbnailUrl":"https:\/\/blog.myvideomedia.com\/wp-content\/uploads\/2016\/09\/Flight-Franfurt_008-c.jpg","keywords":["Zugfahrt"],"articleSection":["Europa","G\u00f6teborg","Schweden"],"inLanguage":"de","potentialAction":[{"@type":"CommentAction","name":"Comment","target":["https:\/\/blog.myvideomedia.com\/de\/mosel-nach-goeteborg\/#respond"]}]},{"@type":"WebPage","@id":"https:\/\/blog.myvideomedia.com\/de\/mosel-nach-goeteborg\/","url":"https:\/\/blog.myvideomedia.com\/de\/mosel-nach-goeteborg\/","name":"Von der Mosel nach G\u00f6teborg - Reise Video Blog","isPartOf":{"@id":"https:\/\/blog.myvideomedia.com\/de\/#website"},"primaryImageOfPage":{"@id":"https:\/\/blog.myvideomedia.com\/de\/mosel-nach-goeteborg\/#primaryimage"},"image":{"@id":"https:\/\/blog.myvideomedia.com\/de\/mosel-nach-goeteborg\/#primaryimage"},"thumbnailUrl":"https:\/\/blog.myvideomedia.com\/wp-content\/uploads\/2016\/09\/Flight-Franfurt_008-c.jpg","datePublished":"2016-09-14T07:58:21+00:00","dateModified":"2022-09-14T10:23:01+00:00","description":"Unsere Reise von der Mosel nach G\u00f6teborg f\u00fchrt uns entlang der wundersch\u00f6nen Tal des Rheins nach Frankfurt und \u00fcber Berlin nach G\u00f6teborg","breadcrumb":{"@id":"https:\/\/blog.myvideomedia.com\/de\/mosel-nach-goeteborg\/#breadcrumb"},"inLanguage":"de","potentialAction":[{"@type":"ReadAction","target":["https:\/\/blog.myvideomedia.com\/de\/mosel-nach-goeteborg\/"]}]},{"@type":"ImageObject","inLanguage":"de","@id":"https:\/\/blog.myvideomedia.com\/de\/mosel-nach-goeteborg\/#primaryimage","url":"https:\/\/blog.myvideomedia.com\/wp-content\/uploads\/2016\/09\/Flight-Franfurt_008-c.jpg","contentUrl":"https:\/\/blog.myvideomedia.com\/wp-content\/uploads\/2016\/09\/Flight-Franfurt_008-c.jpg","width":1280,"height":720,"caption":"von der Mosel nach G\u00f6teborg"},{"@type":"BreadcrumbList","@id":"https:\/\/blog.myvideomedia.com\/de\/mosel-nach-goeteborg\/#breadcrumb","itemListElement":[{"@type":"ListItem","position":1,"name":"Home","item":"https:\/\/blog.myvideomedia.com\/de\/"},{"@type":"ListItem","position":2,"name":"Von der Mosel nach G\u00f6teborg"}]},{"@type":"WebSite","@id":"https:\/\/blog.myvideomedia.com\/de\/#website","url":"https:\/\/blog.myvideomedia.com\/de\/","name":"Travel Video Blog","description":"myVideoMedia Reisetipps und Reisevideos","publisher":{"@id":"https:\/\/blog.myvideomedia.com\/de\/#\/schema\/person\/87be8fbbed69b1562242448c1c3dcbec"},"potentialAction":[{"@type":"SearchAction","target":{"@type":"EntryPoint","urlTemplate":"https:\/\/blog.myvideomedia.com\/de\/?s={search_term_string}"},"query-input":{"@type":"PropertyValueSpecification","valueRequired":true,"valueName":"search_term_string"}}],"inLanguage":"de"},{"@type":["Person","Organization"],"@id":"https:\/\/blog.myvideomedia.com\/de\/#\/schema\/person\/87be8fbbed69b1562242448c1c3dcbec","name":"myVideoMedia","image":{"@type":"ImageObject","inLanguage":"de","@id":"https:\/\/secure.gravatar.com\/avatar\/460720160715ef8975b781abd1b6985e55ce2f01567bb6757bebd73e7cf74c97?s=96&d=mm&r=g","url":"https:\/\/secure.gravatar.com\/avatar\/460720160715ef8975b781abd1b6985e55ce2f01567bb6757bebd73e7cf74c97?s=96&d=mm&r=g","contentUrl":"https:\/\/secure.gravatar.com\/avatar\/460720160715ef8975b781abd1b6985e55ce2f01567bb6757bebd73e7cf74c97?s=96&d=mm&r=g","caption":"myVideoMedia"},"logo":{"@id":"https:\/\/secure.gravatar.com\/avatar\/460720160715ef8975b781abd1b6985e55ce2f01567bb6757bebd73e7cf74c97?s=96&d=mm&r=g"},"description":"\"The World is a book, and those who do not travel read only a page\" - Aurelius Augustinus (354 - 430 AD) Travel is our passion. With our posts and videos we like to inspire people who are planning or preparing for holidays as well as people who simply want to escape from everyday life and dream of faraway countries.","sameAs":["https:\/\/www.myvideomedia.com","https:\/\/www.facebook.com\/ursula.streit.520"],"url":"https:\/\/blog.myvideomedia.com\/de\/author\/traveladm\/"}]}},"featured_image_src":"https:\/\/blog.myvideomedia.com\/wp-content\/uploads\/2016\/09\/Flight-Franfurt_008-c.jpg","featured_image_src_square":"https:\/\/blog.myvideomedia.com\/wp-content\/uploads\/2016\/09\/Flight-Franfurt_008-c.jpg","author_info":{"display_name":"myVideoMedia","author_link":"https:\/\/blog.myvideomedia.com\/de\/author\/traveladm\/"},"_links":{"self":[{"href":"https:\/\/blog.myvideomedia.com\/de\/wp-json\/wp\/v2\/posts\/12129","targetHints":{"allow":["GET"]}}],"collection":[{"href":"https:\/\/blog.myvideomedia.com\/de\/wp-json\/wp\/v2\/posts"}],"about":[{"href":"https:\/\/blog.myvideomedia.com\/de\/wp-json\/wp\/v2\/types\/post"}],"author":[{"embeddable":true,"href":"https:\/\/blog.myvideomedia.com\/de\/wp-json\/wp\/v2\/users\/1"}],"replies":[{"embeddable":true,"href":"https:\/\/blog.myvideomedia.com\/de\/wp-json\/wp\/v2\/comments?post=12129"}],"version-history":[{"count":0,"href":"https:\/\/blog.myvideomedia.com\/de\/wp-json\/wp\/v2\/posts\/12129\/revisions"}],"wp:featuredmedia":[{"embeddable":true,"href":"https:\/\/blog.myvideomedia.com\/de\/wp-json\/wp\/v2\/media\/12126"}],"wp:attachment":[{"href":"https:\/\/blog.myvideomedia.com\/de\/wp-json\/wp\/v2\/media?parent=12129"}],"wp:term":[{"taxonomy":"category","embeddable":true,"href":"https:\/\/blog.myvideomedia.com\/de\/wp-json\/wp\/v2\/categories?post=12129"},{"taxonomy":"post_tag","embeddable":true,"href":"https:\/\/blog.myvideomedia.com\/de\/wp-json\/wp\/v2\/tags?post=12129"}],"curies":[{"name":"wp","href":"https:\/\/api.w.org\/{rel}","templated":true}]}}