{"id":12283,"date":"2016-09-25T13:02:30","date_gmt":"2016-09-25T12:02:30","guid":{"rendered":"https:\/\/blog.myvideomedia.com\/de\/?p=12283"},"modified":"2016-09-25T13:04:58","modified_gmt":"2016-09-25T12:04:58","slug":"kultursommer-tag-goeteborg","status":"publish","type":"post","link":"https:\/\/blog.myvideomedia.com\/de\/kultursommer-tag-goeteborg\/","title":{"rendered":"Ein Kultursommer Tag in G\u00f6teborg"},"content":{"rendered":"<p>Zum Kultursommer (Kultursommar), engagiert die Stadt G\u00f6teborg jeden Sommer junge Menschen, meist Studenten (Kultursommarjobb), um Einheimischen und Touristen mit ihrem kulturellen Angebot zu unterhalten. Die Auff\u00fchrungen finden an den unterschiedlichsten Pl\u00e4tzen der Stadt statt und erfreuen die Passanten<\/p>\n<p>Eigentlich wollte man dies, \u00e4hnlich wie in Stockholm unterbinden, doch nach heftigen Protesten aus der Bev\u00f6lkerung, fand der Kultur Sommar in G\u00f6teborg ab dem darauffolgenden Jahr wieder statt.<\/p>\n<p>Von Kungsportsplatsen f\u00fchrt uns der Weg zum Kopparm\u00e4rra, dem Reiterstandbild Karls IX. Hier treffen wir auf die Gruppe Diversity, die eine Kombination aus Hip-Hop Tanz und klassischer Musik pr\u00e4sentiert.<\/p>\n<p><img loading=\"lazy\" decoding=\"async\" class=\"aligncenter size-medium wp-image-12272\" src=\"https:\/\/blog.myvideomedia.com\/wp-content\/uploads\/2016\/09\/Kultursommar_041-c-1-600x338.jpg\" alt=\"Kultursommer G\u00f6teborg\" width=\"600\" height=\"338\" srcset=\"https:\/\/blog.myvideomedia.com\/wp-content\/uploads\/2016\/09\/Kultursommar_041-c-1-600x338.jpg 600w, https:\/\/blog.myvideomedia.com\/wp-content\/uploads\/2016\/09\/Kultursommar_041-c-1-768x432.jpg 768w, https:\/\/blog.myvideomedia.com\/wp-content\/uploads\/2016\/09\/Kultursommar_041-c-1-1260x709.jpg 1260w, https:\/\/blog.myvideomedia.com\/wp-content\/uploads\/2016\/09\/Kultursommar_041-c-1.jpg 1280w\" sizes=\"auto, (max-width: 600px) 100vw, 600px\" \/><\/p>\n<p>Wir schlendern entlang der \u00d6stra Larmgatan und treffen am Harry Hj\u00f6rnes Plats auf die Gruppe Pap\u00e1 Noelz. Ihr Repertoire geht von den Beatles zu Silvana Imam.<\/p>\n<p><img loading=\"lazy\" decoding=\"async\" class=\"aligncenter size-medium wp-image-12274\" src=\"https:\/\/blog.myvideomedia.com\/wp-content\/uploads\/2016\/09\/Kultursommar-20160711_124155-c-600x338.jpg\" alt=\"Kultursommer G\u00f6teborg\" width=\"600\" height=\"338\" srcset=\"https:\/\/blog.myvideomedia.com\/wp-content\/uploads\/2016\/09\/Kultursommar-20160711_124155-c-600x338.jpg 600w, https:\/\/blog.myvideomedia.com\/wp-content\/uploads\/2016\/09\/Kultursommar-20160711_124155-c-768x432.jpg 768w, https:\/\/blog.myvideomedia.com\/wp-content\/uploads\/2016\/09\/Kultursommar-20160711_124155-c-1260x709.jpg 1260w, https:\/\/blog.myvideomedia.com\/wp-content\/uploads\/2016\/09\/Kultursommar-20160711_124155-c.jpg 1280w\" sizes=\"auto, (max-width: 600px) 100vw, 600px\" \/><\/p>\n<p>Durch die Fredsgatan erreichen wir Brunnsparken. Dort biegen wir ab in die Norra Hamngatan und gehen zum Bahnhof.<\/p>\n<p><img loading=\"lazy\" decoding=\"async\" class=\"aligncenter size-medium wp-image-12276\" src=\"https:\/\/blog.myvideomedia.com\/wp-content\/uploads\/2016\/09\/Kultursommar-20160711_124246-c-600x338.jpg\" alt=\"G\u00f6teborg\" width=\"600\" height=\"338\" srcset=\"https:\/\/blog.myvideomedia.com\/wp-content\/uploads\/2016\/09\/Kultursommar-20160711_124246-c-600x338.jpg 600w, https:\/\/blog.myvideomedia.com\/wp-content\/uploads\/2016\/09\/Kultursommar-20160711_124246-c-768x432.jpg 768w, https:\/\/blog.myvideomedia.com\/wp-content\/uploads\/2016\/09\/Kultursommar-20160711_124246-c-1260x709.jpg 1260w, https:\/\/blog.myvideomedia.com\/wp-content\/uploads\/2016\/09\/Kultursommar-20160711_124246-c.jpg 1280w\" sizes=\"auto, (max-width: 600px) 100vw, 600px\" \/><\/p>\n<p>Am Drottningtorget, dem Bahnhofsvorplatz, sist die historische Tram zum Einsteigen bereit. Sie bringt die Besucher zum Vergn\u00fcgungspark Liseberg.<\/p>\n<p><img loading=\"lazy\" decoding=\"async\" class=\"aligncenter size-medium wp-image-12278\" src=\"https:\/\/blog.myvideomedia.com\/wp-content\/uploads\/2016\/09\/Kultursommar-20160711_125827-c-600x338.jpg\" alt=\"Tram zum Vergn\u00fcgungspark Liseberg\" width=\"600\" height=\"338\" srcset=\"https:\/\/blog.myvideomedia.com\/wp-content\/uploads\/2016\/09\/Kultursommar-20160711_125827-c-600x338.jpg 600w, https:\/\/blog.myvideomedia.com\/wp-content\/uploads\/2016\/09\/Kultursommar-20160711_125827-c-768x432.jpg 768w, https:\/\/blog.myvideomedia.com\/wp-content\/uploads\/2016\/09\/Kultursommar-20160711_125827-c-1260x709.jpg 1260w, https:\/\/blog.myvideomedia.com\/wp-content\/uploads\/2016\/09\/Kultursommar-20160711_125827-c.jpg 1280w\" sizes=\"auto, (max-width: 600px) 100vw, 600px\" \/><\/p>\n<p>Auf dem Platz begeistert eine Gruppe Black or White die Zuschauer mit Tanzmusik und Magie. Zu eing\u00e4ngiger Popmusik pr\u00e4sentieren sie Cha Cha und Samba kombiniert mit Breakdance.<\/p>\n<div style=\"text-align: center;\">\n<div class=\"brlbs-cmpnt-container brlbs-cmpnt-content-blocker brlbs-cmpnt-with-individual-styles\" data-borlabs-cookie-content-blocker-id=\"youtube-content-blocker\" data-borlabs-cookie-content=\"PGlmcmFtZSBzcmM9Imh0dHBzOi8vd3d3LnlvdXR1YmUtbm9jb29raWUuY29tL2VtYmVkLzRJSmQ4TFZRNlJ3IiB3aWR0aD0iNjAwIiBoZWlnaHQ9IjMzOCIgZGF0YS1tY2UtZnJhZ21lbnQ9IjEiPjwvaWZyYW1lPg==\">\n<div class=\"brlbs-cmpnt-cb-preset-c brlbs-cmpnt-cb-youtube\">\n<div class=\"brlbs-cmpnt-cb-thumbnail\" style=\"background-image: url('https:\/\/blog.myvideomedia.com\/wp-content\/uploads\/borlabs-cookie\/1\/yt_4IJd8LVQ6Rw_hqdefault.jpg')\"><\/div>\n<div class=\"brlbs-cmpnt-cb-main\">\n<div class=\"brlbs-cmpnt-cb-play-button\"><\/div>\n<div class=\"brlbs-cmpnt-cb-content\">\n<p class=\"brlbs-cmpnt-cb-description\">Sie sehen gerade einen Platzhalterinhalt von <strong>YouTube<\/strong>. Um auf den eigentlichen Inhalt zuzugreifen, klicken Sie auf die Schaltfl\u00e4che unten. Bitte beachten Sie, dass dabei Daten an Drittanbieter weitergegeben werden.<\/p>\n<p> <a class=\"brlbs-cmpnt-cb-provider-toggle\" href=\"#\" data-borlabs-cookie-show-provider-information role=\"button\">Mehr Informationen<\/a> <\/div>\n<div class=\"brlbs-cmpnt-cb-buttons\"> <a class=\"brlbs-cmpnt-cb-btn\" href=\"#\" data-borlabs-cookie-unblock role=\"button\">Inhalt entsperren<\/a> <a class=\"brlbs-cmpnt-cb-btn\" href=\"#\" data-borlabs-cookie-accept-service role=\"button\" style=\"display: inherit\">Erforderlichen Service akzeptieren und Inhalte entsperren<\/a> <\/div>\n<\/p><\/div>\n<\/p><\/div>\n<\/div>\n<\/div>\n<p style=\"text-align: center;\">4K UHD Video -&gt;<a href=\"https:\/\/youtu.be\/4IJd8LVQ6Rw\" target=\"_blank\" rel=\"nofollow\"> Kultur Sommer G\u00f6teborg<\/a><\/p>\n<p style=\"text-align: left;\">Wir schauen eine Weile zu und gehen dann in den Bahnhof um uns zu informieren, wo am n\u00e4chsten Tag der Zug nach Stockholm abf\u00e4hrt.<\/p>\n<p><img loading=\"lazy\" decoding=\"async\" class=\"aligncenter size-medium wp-image-12280\" src=\"https:\/\/blog.myvideomedia.com\/wp-content\/uploads\/2016\/09\/Kultursommar-20160711_131507-c-600x338.jpg\" alt=\"Hauptbahnhof G\u00f6teborg\" width=\"600\" height=\"338\" srcset=\"https:\/\/blog.myvideomedia.com\/wp-content\/uploads\/2016\/09\/Kultursommar-20160711_131507-c-600x338.jpg 600w, https:\/\/blog.myvideomedia.com\/wp-content\/uploads\/2016\/09\/Kultursommar-20160711_131507-c-768x432.jpg 768w, https:\/\/blog.myvideomedia.com\/wp-content\/uploads\/2016\/09\/Kultursommar-20160711_131507-c-1260x709.jpg 1260w, https:\/\/blog.myvideomedia.com\/wp-content\/uploads\/2016\/09\/Kultursommar-20160711_131507-c.jpg 1280w\" sizes=\"auto, (max-width: 600px) 100vw, 600px\" \/><\/p>\n<p>Text, Fotos und Video: Copyright \u00a9 <a href=\"https:\/\/www.myvideomedia.de\" target=\"_blank\">myVideoMedia<\/a><\/p>\n","protected":false},"excerpt":{"rendered":"<p>Zum Kultursommer (Kultursommar), engagiert die Stadt G\u00f6teborg jeden Sommer junge Menschen, meist Studenten (Kultursommarjobb), um Einheimischen und Touristen mit ihrem kulturellen Angebot zu unterhalten. Die Auff\u00fchrungen finden an den unterschiedlichsten Pl\u00e4tzen der Stadt statt und erfreuen die Passanten Eigentlich wollte man dies, \u00e4hnlich wie in Stockholm unterbinden, doch nach heftigen Protesten aus der Bev\u00f6lkerung, fand [&hellip;]<\/p>\n","protected":false},"author":1,"featured_media":12282,"comment_status":"open","ping_status":"closed","sticky":false,"template":"","format":"standard","meta":{"_genesis_hide_title":false,"_genesis_hide_breadcrumbs":false,"_genesis_hide_singular_image":false,"_genesis_hide_footer_widgets":false,"_genesis_custom_body_class":"","_genesis_custom_post_class":"","_genesis_layout":"","footnotes":""},"categories":[721,720],"tags":[453],"class_list":{"0":"post-12283","1":"post","2":"type-post","3":"status-publish","4":"format-standard","5":"has-post-thumbnail","7":"category-goeteborg","8":"category-schweden","9":"tag-stadt","10":"entry"},"yoast_head":"<!-- This site is optimized with the Yoast SEO plugin v27.4 - https:\/\/yoast.com\/product\/yoast-seo-wordpress\/ -->\n<title>Ein Kultursommer Tag in G\u00f6teborg - Schweden - Reise Video Blog<\/title>\n<meta name=\"description\" content=\"Zum Kultursommer finden in G\u00f6teborg an den unterschiedlichsten Pl\u00e4tzen der Stadt Auff\u00fchrungen von jungen K\u00fcnstlern statt.\" \/>\n<meta name=\"robots\" content=\"index, follow, max-snippet:-1, max-image-preview:large, max-video-preview:-1\" \/>\n<link rel=\"canonical\" href=\"https:\/\/blog.myvideomedia.com\/de\/kultursommer-tag-goeteborg\/\" \/>\n<meta property=\"og:locale\" content=\"de_DE\" \/>\n<meta property=\"og:type\" content=\"article\" \/>\n<meta property=\"og:title\" content=\"Ein Kultursommer Tag in G\u00f6teborg - Schweden - Reise Video Blog\" \/>\n<meta property=\"og:description\" content=\"Zum Kultursommer finden in G\u00f6teborg an den unterschiedlichsten Pl\u00e4tzen der Stadt Auff\u00fchrungen von jungen K\u00fcnstlern statt.\" \/>\n<meta property=\"og:url\" content=\"https:\/\/blog.myvideomedia.com\/de\/kultursommer-tag-goeteborg\/\" \/>\n<meta property=\"og:site_name\" content=\"Reise Video Blog\" \/>\n<meta property=\"article:publisher\" content=\"https:\/\/www.facebook.com\/ursula.streit.520\" \/>\n<meta property=\"article:author\" content=\"https:\/\/www.facebook.com\/ursula.streit.520\" \/>\n<meta property=\"article:published_time\" content=\"2016-09-25T12:02:30+00:00\" \/>\n<meta property=\"article:modified_time\" content=\"2016-09-25T12:04:58+00:00\" \/>\n<meta property=\"og:image\" content=\"https:\/\/blog.myvideomedia.com\/wp-content\/uploads\/2016\/09\/Kultursommar-20160711_131010-c.jpg\" \/>\n\t<meta property=\"og:image:width\" content=\"1280\" \/>\n\t<meta property=\"og:image:height\" content=\"720\" \/>\n\t<meta property=\"og:image:type\" content=\"image\/jpeg\" \/>\n<meta name=\"author\" content=\"myVideoMedia\" \/>\n<meta name=\"twitter:card\" content=\"summary_large_image\" \/>\n<meta name=\"twitter:creator\" content=\"@myvideomedia\" \/>\n<meta name=\"twitter:site\" content=\"@myvideomedia\" \/>\n<meta name=\"twitter:label1\" content=\"Verfasst von\" \/>\n\t<meta name=\"twitter:data1\" content=\"myVideoMedia\" \/>\n\t<meta name=\"twitter:label2\" content=\"Gesch\u00e4tzte Lesezeit\" \/>\n\t<meta name=\"twitter:data2\" content=\"1\u00a0Minute\" \/>\n<script type=\"application\/ld+json\" class=\"yoast-schema-graph\">{\"@context\":\"https:\\\/\\\/schema.org\",\"@graph\":[{\"@type\":\"Article\",\"@id\":\"https:\\\/\\\/blog.myvideomedia.com\\\/de\\\/kultursommer-tag-goeteborg\\\/#article\",\"isPartOf\":{\"@id\":\"https:\\\/\\\/blog.myvideomedia.com\\\/de\\\/kultursommer-tag-goeteborg\\\/\"},\"author\":{\"name\":\"myVideoMedia\",\"@id\":\"https:\\\/\\\/blog.myvideomedia.com\\\/de\\\/#\\\/schema\\\/person\\\/87be8fbbed69b1562242448c1c3dcbec\"},\"headline\":\"Ein Kultursommer Tag in G\u00f6teborg\",\"datePublished\":\"2016-09-25T12:02:30+00:00\",\"dateModified\":\"2016-09-25T12:04:58+00:00\",\"mainEntityOfPage\":{\"@id\":\"https:\\\/\\\/blog.myvideomedia.com\\\/de\\\/kultursommer-tag-goeteborg\\\/\"},\"wordCount\":243,\"commentCount\":0,\"publisher\":{\"@id\":\"https:\\\/\\\/blog.myvideomedia.com\\\/de\\\/#\\\/schema\\\/person\\\/87be8fbbed69b1562242448c1c3dcbec\"},\"image\":{\"@id\":\"https:\\\/\\\/blog.myvideomedia.com\\\/de\\\/kultursommer-tag-goeteborg\\\/#primaryimage\"},\"thumbnailUrl\":\"https:\\\/\\\/blog.myvideomedia.com\\\/wp-content\\\/uploads\\\/2016\\\/09\\\/Kultursommar-20160711_131010-c.jpg\",\"keywords\":[\"Stadt\"],\"articleSection\":[\"G\u00f6teborg\",\"Schweden\"],\"inLanguage\":\"de\",\"potentialAction\":[{\"@type\":\"CommentAction\",\"name\":\"Comment\",\"target\":[\"https:\\\/\\\/blog.myvideomedia.com\\\/de\\\/kultursommer-tag-goeteborg\\\/#respond\"]}]},{\"@type\":\"WebPage\",\"@id\":\"https:\\\/\\\/blog.myvideomedia.com\\\/de\\\/kultursommer-tag-goeteborg\\\/\",\"url\":\"https:\\\/\\\/blog.myvideomedia.com\\\/de\\\/kultursommer-tag-goeteborg\\\/\",\"name\":\"Ein Kultursommer Tag in G\u00f6teborg - Schweden - Reise Video Blog\",\"isPartOf\":{\"@id\":\"https:\\\/\\\/blog.myvideomedia.com\\\/de\\\/#website\"},\"primaryImageOfPage\":{\"@id\":\"https:\\\/\\\/blog.myvideomedia.com\\\/de\\\/kultursommer-tag-goeteborg\\\/#primaryimage\"},\"image\":{\"@id\":\"https:\\\/\\\/blog.myvideomedia.com\\\/de\\\/kultursommer-tag-goeteborg\\\/#primaryimage\"},\"thumbnailUrl\":\"https:\\\/\\\/blog.myvideomedia.com\\\/wp-content\\\/uploads\\\/2016\\\/09\\\/Kultursommar-20160711_131010-c.jpg\",\"datePublished\":\"2016-09-25T12:02:30+00:00\",\"dateModified\":\"2016-09-25T12:04:58+00:00\",\"description\":\"Zum Kultursommer finden in G\u00f6teborg an den unterschiedlichsten Pl\u00e4tzen der Stadt Auff\u00fchrungen von jungen K\u00fcnstlern statt.\",\"breadcrumb\":{\"@id\":\"https:\\\/\\\/blog.myvideomedia.com\\\/de\\\/kultursommer-tag-goeteborg\\\/#breadcrumb\"},\"inLanguage\":\"de\",\"potentialAction\":[{\"@type\":\"ReadAction\",\"target\":[\"https:\\\/\\\/blog.myvideomedia.com\\\/de\\\/kultursommer-tag-goeteborg\\\/\"]}]},{\"@type\":\"ImageObject\",\"inLanguage\":\"de\",\"@id\":\"https:\\\/\\\/blog.myvideomedia.com\\\/de\\\/kultursommer-tag-goeteborg\\\/#primaryimage\",\"url\":\"https:\\\/\\\/blog.myvideomedia.com\\\/wp-content\\\/uploads\\\/2016\\\/09\\\/Kultursommar-20160711_131010-c.jpg\",\"contentUrl\":\"https:\\\/\\\/blog.myvideomedia.com\\\/wp-content\\\/uploads\\\/2016\\\/09\\\/Kultursommar-20160711_131010-c.jpg\",\"width\":1280,\"height\":720,\"caption\":\"Kultursommer G\u00f6teborg\"},{\"@type\":\"BreadcrumbList\",\"@id\":\"https:\\\/\\\/blog.myvideomedia.com\\\/de\\\/kultursommer-tag-goeteborg\\\/#breadcrumb\",\"itemListElement\":[{\"@type\":\"ListItem\",\"position\":1,\"name\":\"Home\",\"item\":\"https:\\\/\\\/blog.myvideomedia.com\\\/de\\\/\"},{\"@type\":\"ListItem\",\"position\":2,\"name\":\"Ein Kultursommer Tag in G\u00f6teborg\"}]},{\"@type\":\"WebSite\",\"@id\":\"https:\\\/\\\/blog.myvideomedia.com\\\/de\\\/#website\",\"url\":\"https:\\\/\\\/blog.myvideomedia.com\\\/de\\\/\",\"name\":\"Travel Video Blog\",\"description\":\"myVideoMedia Reisetipps und Reisevideos\",\"publisher\":{\"@id\":\"https:\\\/\\\/blog.myvideomedia.com\\\/de\\\/#\\\/schema\\\/person\\\/87be8fbbed69b1562242448c1c3dcbec\"},\"potentialAction\":[{\"@type\":\"SearchAction\",\"target\":{\"@type\":\"EntryPoint\",\"urlTemplate\":\"https:\\\/\\\/blog.myvideomedia.com\\\/de\\\/?s={search_term_string}\"},\"query-input\":{\"@type\":\"PropertyValueSpecification\",\"valueRequired\":true,\"valueName\":\"search_term_string\"}}],\"inLanguage\":\"de\"},{\"@type\":[\"Person\",\"Organization\"],\"@id\":\"https:\\\/\\\/blog.myvideomedia.com\\\/de\\\/#\\\/schema\\\/person\\\/87be8fbbed69b1562242448c1c3dcbec\",\"name\":\"myVideoMedia\",\"image\":{\"@type\":\"ImageObject\",\"inLanguage\":\"de\",\"@id\":\"https:\\\/\\\/secure.gravatar.com\\\/avatar\\\/460720160715ef8975b781abd1b6985e55ce2f01567bb6757bebd73e7cf74c97?s=96&d=mm&r=g\",\"url\":\"https:\\\/\\\/secure.gravatar.com\\\/avatar\\\/460720160715ef8975b781abd1b6985e55ce2f01567bb6757bebd73e7cf74c97?s=96&d=mm&r=g\",\"contentUrl\":\"https:\\\/\\\/secure.gravatar.com\\\/avatar\\\/460720160715ef8975b781abd1b6985e55ce2f01567bb6757bebd73e7cf74c97?s=96&d=mm&r=g\",\"caption\":\"myVideoMedia\"},\"logo\":{\"@id\":\"https:\\\/\\\/secure.gravatar.com\\\/avatar\\\/460720160715ef8975b781abd1b6985e55ce2f01567bb6757bebd73e7cf74c97?s=96&d=mm&r=g\"},\"description\":\"\\\"The World is a book, and those who do not travel read only a page\\\" - Aurelius Augustinus (354 - 430 AD) Travel is our passion. With our posts and videos we like to inspire people who are planning or preparing for holidays as well as people who simply want to escape from everyday life and dream of faraway countries.\",\"sameAs\":[\"https:\\\/\\\/www.myvideomedia.com\",\"https:\\\/\\\/www.facebook.com\\\/ursula.streit.520\"],\"url\":\"https:\\\/\\\/blog.myvideomedia.com\\\/de\\\/author\\\/traveladm\\\/\"}]}<\/script>\n<!-- \/ Yoast SEO plugin. -->","yoast_head_json":{"title":"Ein Kultursommer Tag in G\u00f6teborg - Schweden - Reise Video Blog","description":"Zum Kultursommer finden in G\u00f6teborg an den unterschiedlichsten Pl\u00e4tzen der Stadt Auff\u00fchrungen von jungen K\u00fcnstlern statt.","robots":{"index":"index","follow":"follow","max-snippet":"max-snippet:-1","max-image-preview":"max-image-preview:large","max-video-preview":"max-video-preview:-1"},"canonical":"https:\/\/blog.myvideomedia.com\/de\/kultursommer-tag-goeteborg\/","og_locale":"de_DE","og_type":"article","og_title":"Ein Kultursommer Tag in G\u00f6teborg - Schweden - Reise Video Blog","og_description":"Zum Kultursommer finden in G\u00f6teborg an den unterschiedlichsten Pl\u00e4tzen der Stadt Auff\u00fchrungen von jungen K\u00fcnstlern statt.","og_url":"https:\/\/blog.myvideomedia.com\/de\/kultursommer-tag-goeteborg\/","og_site_name":"Reise Video Blog","article_publisher":"https:\/\/www.facebook.com\/ursula.streit.520","article_author":"https:\/\/www.facebook.com\/ursula.streit.520","article_published_time":"2016-09-25T12:02:30+00:00","article_modified_time":"2016-09-25T12:04:58+00:00","og_image":[{"width":1280,"height":720,"url":"https:\/\/blog.myvideomedia.com\/wp-content\/uploads\/2016\/09\/Kultursommar-20160711_131010-c.jpg","type":"image\/jpeg"}],"author":"myVideoMedia","twitter_card":"summary_large_image","twitter_creator":"@myvideomedia","twitter_site":"@myvideomedia","twitter_misc":{"Verfasst von":"myVideoMedia","Gesch\u00e4tzte Lesezeit":"1\u00a0Minute"},"schema":{"@context":"https:\/\/schema.org","@graph":[{"@type":"Article","@id":"https:\/\/blog.myvideomedia.com\/de\/kultursommer-tag-goeteborg\/#article","isPartOf":{"@id":"https:\/\/blog.myvideomedia.com\/de\/kultursommer-tag-goeteborg\/"},"author":{"name":"myVideoMedia","@id":"https:\/\/blog.myvideomedia.com\/de\/#\/schema\/person\/87be8fbbed69b1562242448c1c3dcbec"},"headline":"Ein Kultursommer Tag in G\u00f6teborg","datePublished":"2016-09-25T12:02:30+00:00","dateModified":"2016-09-25T12:04:58+00:00","mainEntityOfPage":{"@id":"https:\/\/blog.myvideomedia.com\/de\/kultursommer-tag-goeteborg\/"},"wordCount":243,"commentCount":0,"publisher":{"@id":"https:\/\/blog.myvideomedia.com\/de\/#\/schema\/person\/87be8fbbed69b1562242448c1c3dcbec"},"image":{"@id":"https:\/\/blog.myvideomedia.com\/de\/kultursommer-tag-goeteborg\/#primaryimage"},"thumbnailUrl":"https:\/\/blog.myvideomedia.com\/wp-content\/uploads\/2016\/09\/Kultursommar-20160711_131010-c.jpg","keywords":["Stadt"],"articleSection":["G\u00f6teborg","Schweden"],"inLanguage":"de","potentialAction":[{"@type":"CommentAction","name":"Comment","target":["https:\/\/blog.myvideomedia.com\/de\/kultursommer-tag-goeteborg\/#respond"]}]},{"@type":"WebPage","@id":"https:\/\/blog.myvideomedia.com\/de\/kultursommer-tag-goeteborg\/","url":"https:\/\/blog.myvideomedia.com\/de\/kultursommer-tag-goeteborg\/","name":"Ein Kultursommer Tag in G\u00f6teborg - Schweden - Reise Video Blog","isPartOf":{"@id":"https:\/\/blog.myvideomedia.com\/de\/#website"},"primaryImageOfPage":{"@id":"https:\/\/blog.myvideomedia.com\/de\/kultursommer-tag-goeteborg\/#primaryimage"},"image":{"@id":"https:\/\/blog.myvideomedia.com\/de\/kultursommer-tag-goeteborg\/#primaryimage"},"thumbnailUrl":"https:\/\/blog.myvideomedia.com\/wp-content\/uploads\/2016\/09\/Kultursommar-20160711_131010-c.jpg","datePublished":"2016-09-25T12:02:30+00:00","dateModified":"2016-09-25T12:04:58+00:00","description":"Zum Kultursommer finden in G\u00f6teborg an den unterschiedlichsten Pl\u00e4tzen der Stadt Auff\u00fchrungen von jungen K\u00fcnstlern statt.","breadcrumb":{"@id":"https:\/\/blog.myvideomedia.com\/de\/kultursommer-tag-goeteborg\/#breadcrumb"},"inLanguage":"de","potentialAction":[{"@type":"ReadAction","target":["https:\/\/blog.myvideomedia.com\/de\/kultursommer-tag-goeteborg\/"]}]},{"@type":"ImageObject","inLanguage":"de","@id":"https:\/\/blog.myvideomedia.com\/de\/kultursommer-tag-goeteborg\/#primaryimage","url":"https:\/\/blog.myvideomedia.com\/wp-content\/uploads\/2016\/09\/Kultursommar-20160711_131010-c.jpg","contentUrl":"https:\/\/blog.myvideomedia.com\/wp-content\/uploads\/2016\/09\/Kultursommar-20160711_131010-c.jpg","width":1280,"height":720,"caption":"Kultursommer G\u00f6teborg"},{"@type":"BreadcrumbList","@id":"https:\/\/blog.myvideomedia.com\/de\/kultursommer-tag-goeteborg\/#breadcrumb","itemListElement":[{"@type":"ListItem","position":1,"name":"Home","item":"https:\/\/blog.myvideomedia.com\/de\/"},{"@type":"ListItem","position":2,"name":"Ein Kultursommer Tag in G\u00f6teborg"}]},{"@type":"WebSite","@id":"https:\/\/blog.myvideomedia.com\/de\/#website","url":"https:\/\/blog.myvideomedia.com\/de\/","name":"Travel Video Blog","description":"myVideoMedia Reisetipps und Reisevideos","publisher":{"@id":"https:\/\/blog.myvideomedia.com\/de\/#\/schema\/person\/87be8fbbed69b1562242448c1c3dcbec"},"potentialAction":[{"@type":"SearchAction","target":{"@type":"EntryPoint","urlTemplate":"https:\/\/blog.myvideomedia.com\/de\/?s={search_term_string}"},"query-input":{"@type":"PropertyValueSpecification","valueRequired":true,"valueName":"search_term_string"}}],"inLanguage":"de"},{"@type":["Person","Organization"],"@id":"https:\/\/blog.myvideomedia.com\/de\/#\/schema\/person\/87be8fbbed69b1562242448c1c3dcbec","name":"myVideoMedia","image":{"@type":"ImageObject","inLanguage":"de","@id":"https:\/\/secure.gravatar.com\/avatar\/460720160715ef8975b781abd1b6985e55ce2f01567bb6757bebd73e7cf74c97?s=96&d=mm&r=g","url":"https:\/\/secure.gravatar.com\/avatar\/460720160715ef8975b781abd1b6985e55ce2f01567bb6757bebd73e7cf74c97?s=96&d=mm&r=g","contentUrl":"https:\/\/secure.gravatar.com\/avatar\/460720160715ef8975b781abd1b6985e55ce2f01567bb6757bebd73e7cf74c97?s=96&d=mm&r=g","caption":"myVideoMedia"},"logo":{"@id":"https:\/\/secure.gravatar.com\/avatar\/460720160715ef8975b781abd1b6985e55ce2f01567bb6757bebd73e7cf74c97?s=96&d=mm&r=g"},"description":"\"The World is a book, and those who do not travel read only a page\" - Aurelius Augustinus (354 - 430 AD) Travel is our passion. With our posts and videos we like to inspire people who are planning or preparing for holidays as well as people who simply want to escape from everyday life and dream of faraway countries.","sameAs":["https:\/\/www.myvideomedia.com","https:\/\/www.facebook.com\/ursula.streit.520"],"url":"https:\/\/blog.myvideomedia.com\/de\/author\/traveladm\/"}]}},"featured_image_src":"https:\/\/blog.myvideomedia.com\/wp-content\/uploads\/2016\/09\/Kultursommar-20160711_131010-c.jpg","featured_image_src_square":"https:\/\/blog.myvideomedia.com\/wp-content\/uploads\/2016\/09\/Kultursommar-20160711_131010-c.jpg","author_info":{"display_name":"myVideoMedia","author_link":"https:\/\/blog.myvideomedia.com\/de\/author\/traveladm\/"},"_links":{"self":[{"href":"https:\/\/blog.myvideomedia.com\/de\/wp-json\/wp\/v2\/posts\/12283","targetHints":{"allow":["GET"]}}],"collection":[{"href":"https:\/\/blog.myvideomedia.com\/de\/wp-json\/wp\/v2\/posts"}],"about":[{"href":"https:\/\/blog.myvideomedia.com\/de\/wp-json\/wp\/v2\/types\/post"}],"author":[{"embeddable":true,"href":"https:\/\/blog.myvideomedia.com\/de\/wp-json\/wp\/v2\/users\/1"}],"replies":[{"embeddable":true,"href":"https:\/\/blog.myvideomedia.com\/de\/wp-json\/wp\/v2\/comments?post=12283"}],"version-history":[{"count":0,"href":"https:\/\/blog.myvideomedia.com\/de\/wp-json\/wp\/v2\/posts\/12283\/revisions"}],"wp:featuredmedia":[{"embeddable":true,"href":"https:\/\/blog.myvideomedia.com\/de\/wp-json\/wp\/v2\/media\/12282"}],"wp:attachment":[{"href":"https:\/\/blog.myvideomedia.com\/de\/wp-json\/wp\/v2\/media?parent=12283"}],"wp:term":[{"taxonomy":"category","embeddable":true,"href":"https:\/\/blog.myvideomedia.com\/de\/wp-json\/wp\/v2\/categories?post=12283"},{"taxonomy":"post_tag","embeddable":true,"href":"https:\/\/blog.myvideomedia.com\/de\/wp-json\/wp\/v2\/tags?post=12283"}],"curies":[{"name":"wp","href":"https:\/\/api.w.org\/{rel}","templated":true}]}}