{"id":12935,"date":"2016-12-01T14:33:44","date_gmt":"2016-12-01T13:33:44","guid":{"rendered":"https:\/\/blog.myvideomedia.com\/?p=12935\/"},"modified":"2020-09-06T15:30:42","modified_gmt":"2020-09-06T14:30:42","slug":"segovia-nach-avila","status":"publish","type":"post","link":"https:\/\/blog.myvideomedia.com\/de\/segovia-nach-avila\/","title":{"rendered":"Mit dem Bus von Segovia nach Avila"},"content":{"rendered":"\n<p>Nach unserem Besuch in <a href=\"https:\/\/blog.myvideomedia.com\/de\/europa\/spanien\/kastilien\/segovia\/\" target=\"_blank\" rel=\"noopener noreferrer\">Segovia<\/a> reisen wir weiter nach Avila, ebenfalls eine der historischen spanischen Metropolen in der N\u00e4he von Madrid. Wir beschlie\u00dfen wieder den Bus zu nehmen um etwas mehr vom Land zu sehen.<\/p>\n\n\n\n<p>Avila liegt in der Region Kastilien-Leon ungef\u00e4hr 85 km nordwestlich von Madrid. Im Gegensatz zu unsere letzten Busreise von El Escorial nach Avila, verl\u00e4uft die Reise ohne Probleme.<\/p>\n\n\n\n<h2 class=\"wp-block-heading\">Fahrt von Segovia nach Avila<\/h2>\n\n\n\n<p>Die Fahrt f\u00fchrt gr\u00f6\u00dftenteils&nbsp;durch&nbsp;weite Ebenen, die nur durch kleine T\u00e4ler und Ortschaften unterbrochen werden. Die Route verl\u00e4uft parallel zur Sierra de Gredos, die Teil des Kastilischen (Iberischen) Scheidegebirges ist. Die Berge sind nur aus der Ferne erkennbar.<\/p>\n\n\n\n<div class=\"wp-block-image\"><figure class=\"aligncenter\"><img loading=\"lazy\" decoding=\"async\" width=\"600\" height=\"338\" src=\"https:\/\/blog.myvideomedia.com\/wp-content\/uploads\/2016\/12\/Segivia-to-Avila-20160517_144244-c-600x338.jpg\" alt=\"Segovia nach Avila\" class=\"wp-image-12937\" srcset=\"https:\/\/blog.myvideomedia.com\/wp-content\/uploads\/2016\/12\/Segivia-to-Avila-20160517_144244-c-600x338.jpg 600w, https:\/\/blog.myvideomedia.com\/wp-content\/uploads\/2016\/12\/Segivia-to-Avila-20160517_144244-c-768x432.jpg 768w, https:\/\/blog.myvideomedia.com\/wp-content\/uploads\/2016\/12\/Segivia-to-Avila-20160517_144244-c-1260x709.jpg 1260w, https:\/\/blog.myvideomedia.com\/wp-content\/uploads\/2016\/12\/Segivia-to-Avila-20160517_144244-c.jpg 1280w\" sizes=\"auto, (max-width: 600px) 100vw, 600px\" \/><\/figure><\/div>\n\n\n\n<p>Die Orte erz\u00e4hlen vom l\u00e4ndlichen Alltagsleben, das hier vermutlich \u00fcberwiegend aus Ackerbau und Landwirtschaft besteht. Haupts\u00e4chlich wird Wein, Gem\u00fcse, Kartoffel und Getreide angebaut.<\/p>\n\n\n\n<h3 class=\"has-text-align-center wp-block-heading\"><a href=\"https:\/\/youtu.be\/KvDN5k2eYhE\" target=\"_blank\" rel=\"nofollow noopener noreferrer\">Hier sehen Sie das 4K UHD Video<\/a><\/h3>\n\n\n\n<figure> <div class=\"brlbs-cmpnt-container brlbs-cmpnt-content-blocker brlbs-cmpnt-with-individual-styles\" data-borlabs-cookie-content-blocker-id=\"youtube-content-blocker\" data-borlabs-cookie-content=\"PGlmcmFtZSBzcmM9Imh0dHBzOi8vd3d3LnlvdXR1YmUtbm9jb29raWUuY29tL2VtYmVkL0t2RE41azJlWWhFIiB3aWR0aD0iNjAwIiBoZWlnaHQ9IjMzOCI+PC9pZnJhbWU+\"><div class=\"brlbs-cmpnt-cb-preset-c brlbs-cmpnt-cb-youtube\"> <div class=\"brlbs-cmpnt-cb-thumbnail\" style=\"background-image: url('https:\/\/blog.myvideomedia.com\/wp-content\/uploads\/borlabs-cookie\/1\/yt_KvDN5k2eYhE_hqdefault.jpg')\"><\/div> <div class=\"brlbs-cmpnt-cb-main\"> <div class=\"brlbs-cmpnt-cb-play-button\"><\/div> <div class=\"brlbs-cmpnt-cb-content\"> <p class=\"brlbs-cmpnt-cb-description\">Sie sehen gerade einen Platzhalterinhalt von <strong>YouTube<\/strong>. Um auf den eigentlichen Inhalt zuzugreifen, klicken Sie auf die Schaltfl\u00e4che unten. Bitte beachten Sie, dass dabei Daten an Drittanbieter weitergegeben werden.<\/p> <a class=\"brlbs-cmpnt-cb-provider-toggle\" href=\"#\" data-borlabs-cookie-show-provider-information role=\"button\">Mehr Informationen<\/a> <\/div> <div class=\"brlbs-cmpnt-cb-buttons\"> <a class=\"brlbs-cmpnt-cb-btn\" href=\"#\" data-borlabs-cookie-unblock role=\"button\">Inhalt entsperren<\/a> <a class=\"brlbs-cmpnt-cb-btn\" href=\"#\" data-borlabs-cookie-accept-service role=\"button\" style=\"display: inherit\">Erforderlichen Service akzeptieren und Inhalte entsperren<\/a> <\/div> <\/div> <\/div><\/div><\/figure>\n\n\n\n<p>Der Bus biegt immer wieder von der Autobahn ab um die D\u00f6rfer anzufahren. Die schmalen Landstra\u00dfen zeugen von der geringen Wirtschaftskraft der Region.<\/p>\n\n\n\n<div class=\"wp-block-image\"><figure class=\"aligncenter\"><img loading=\"lazy\" decoding=\"async\" width=\"600\" height=\"338\" src=\"https:\/\/blog.myvideomedia.com\/wp-content\/uploads\/2016\/12\/Segivia-to-Avila-20160517_144917-c-600x338.jpg\" alt=\"Segovia nach Avila\" class=\"wp-image-12939\" srcset=\"https:\/\/blog.myvideomedia.com\/wp-content\/uploads\/2016\/12\/Segivia-to-Avila-20160517_144917-c-600x338.jpg 600w, https:\/\/blog.myvideomedia.com\/wp-content\/uploads\/2016\/12\/Segivia-to-Avila-20160517_144917-c-768x432.jpg 768w, https:\/\/blog.myvideomedia.com\/wp-content\/uploads\/2016\/12\/Segivia-to-Avila-20160517_144917-c-1260x709.jpg 1260w, https:\/\/blog.myvideomedia.com\/wp-content\/uploads\/2016\/12\/Segivia-to-Avila-20160517_144917-c.jpg 1280w\" sizes=\"auto, (max-width: 600px) 100vw, 600px\" \/><\/figure><\/div>\n\n\n\n<p>Erst als wir uns Avila n\u00e4hern \u00e4ndert sich das Bild. F\u00fcr Avila ist zwar der Tourismus von gro\u00dfer Bedeutung, aber auch Nissan besitzt hier ein gro\u00dfes Werk und hat die letzten Jahre hier stark investiert.<\/p>\n\n\n\n<div class=\"wp-block-image\"><figure class=\"aligncenter\"><img loading=\"lazy\" decoding=\"async\" width=\"600\" height=\"338\" src=\"https:\/\/blog.myvideomedia.com\/wp-content\/uploads\/2016\/12\/Segivia-to-Avila-20160517_152047-c-600x338.jpg\" alt=\"Segovia nach Avila\" class=\"wp-image-12941\" srcset=\"https:\/\/blog.myvideomedia.com\/wp-content\/uploads\/2016\/12\/Segivia-to-Avila-20160517_152047-c-600x338.jpg 600w, https:\/\/blog.myvideomedia.com\/wp-content\/uploads\/2016\/12\/Segivia-to-Avila-20160517_152047-c-768x432.jpg 768w, https:\/\/blog.myvideomedia.com\/wp-content\/uploads\/2016\/12\/Segivia-to-Avila-20160517_152047-c-1260x709.jpg 1260w, https:\/\/blog.myvideomedia.com\/wp-content\/uploads\/2016\/12\/Segivia-to-Avila-20160517_152047-c.jpg 1280w\" sizes=\"auto, (max-width: 600px) 100vw, 600px\" \/><\/figure><\/div>\n\n\n\n<p>Am Busbahnhof steigen wir um in ein Taxi, das uns die letzten Meter durch die schmalen Gassen der Innenstadt zu unserem Hotel bringt.<\/p>\n\n\n\n<h2 class=\"wp-block-heading\">Fahrplan und Busfahrkarten<\/h2>\n\n\n\n<p>Die Busfahrt von Segovia nach Avila dauert ca 1:15 Stunden.<br>Auf der Webseite von <a href=\"https:\/\/www.avanzabus.com\" target=\"_blank\" rel=\"nofollow noopener noreferrer\">Avanza<\/a> (zum gr\u00f6\u00dften Teil in Spanish) findet man die Abfahrtszeiten und Preise. Die Tickets kann man \u00fcber die Webseite buchen, oder am Busbahnhof kaufen.<\/p>\n\n\n\n<p>Weiter &gt;&gt;&gt; <a href=\"https:\/\/blog.myvideomedia.com\/de\/im-zentrum-von-avila\/\">Im Zentrum von Avila<\/a><\/p>\n\n\n\n<p>Text, Fotos und Video: Copyright \u00a9 <a href=\"https:\/\/www.myvideomedia.com\/de\" target=\"_blank\" rel=\"noopener noreferrer\">myVideoMedia<\/a><\/p>\n","protected":false},"excerpt":{"rendered":"<p>Nach unserem Besuch in Segovia reisen wir weiter nach Avila, ebenfalls eine der historischen spanischen Metropolen in der N\u00e4he von Madrid. Wir beschlie\u00dfen wieder den Bus zu nehmen um etwas mehr vom Land zu sehen. Avila liegt in der Region Kastilien-Leon ungef\u00e4hr 85 km nordwestlich von Madrid. Im Gegensatz zu unsere letzten Busreise von El [&hellip;]<\/p>\n","protected":false},"author":1,"featured_media":12937,"comment_status":"open","ping_status":"closed","sticky":false,"template":"","format":"standard","meta":{"_genesis_hide_title":false,"_genesis_hide_breadcrumbs":false,"_genesis_hide_singular_image":false,"_genesis_hide_footer_widgets":false,"_genesis_custom_body_class":"","_genesis_custom_post_class":"","_genesis_layout":"","footnotes":""},"categories":[735,1550,716,526],"tags":[924],"class_list":{"0":"post-12935","1":"post","2":"type-post","3":"status-publish","4":"format-standard","5":"has-post-thumbnail","7":"category-avila-de","8":"category-europa","9":"category-kastilien","10":"category-spanien","11":"tag-bus-de","12":"entry"},"yoast_head":"<!-- This site is optimized with the Yoast SEO plugin v27.4 - https:\/\/yoast.com\/product\/yoast-seo-wordpress\/ -->\n<title>Mit dem Bus von Segovia nach Avila - Spanien - Reise Video Blog<\/title>\n<meta name=\"description\" content=\"Die Busfahrt von Segovia nach Avila dauert ca 1:15 Stunden. Wir beschlie\u00dfen wieder den Bus zu nehmen um etwas mehr vom Land zu sehen.\" \/>\n<meta name=\"robots\" content=\"index, follow, max-snippet:-1, max-image-preview:large, max-video-preview:-1\" \/>\n<link rel=\"canonical\" href=\"https:\/\/blog.myvideomedia.com\/de\/segovia-nach-avila\/\" \/>\n<meta property=\"og:locale\" content=\"de_DE\" \/>\n<meta property=\"og:type\" content=\"article\" \/>\n<meta property=\"og:title\" content=\"Mit dem Bus von Segovia nach Avila - Spanien - Reise Video Blog\" \/>\n<meta property=\"og:description\" content=\"Die Busfahrt von Segovia nach Avila dauert ca 1:15 Stunden. Wir beschlie\u00dfen wieder den Bus zu nehmen um etwas mehr vom Land zu sehen.\" \/>\n<meta property=\"og:url\" content=\"https:\/\/blog.myvideomedia.com\/de\/segovia-nach-avila\/\" \/>\n<meta property=\"og:site_name\" content=\"Reise Video Blog\" \/>\n<meta property=\"article:publisher\" content=\"https:\/\/www.facebook.com\/ursula.streit.520\" \/>\n<meta property=\"article:author\" content=\"https:\/\/www.facebook.com\/ursula.streit.520\" \/>\n<meta property=\"article:published_time\" content=\"2016-12-01T13:33:44+00:00\" \/>\n<meta property=\"article:modified_time\" content=\"2020-09-06T14:30:42+00:00\" \/>\n<meta property=\"og:image\" content=\"https:\/\/blog.myvideomedia.com\/wp-content\/uploads\/2016\/12\/Segivia-to-Avila-20160517_144244-c.jpg\" \/>\n\t<meta property=\"og:image:width\" content=\"1280\" \/>\n\t<meta property=\"og:image:height\" content=\"720\" \/>\n\t<meta property=\"og:image:type\" content=\"image\/jpeg\" \/>\n<meta name=\"author\" content=\"myVideoMedia\" \/>\n<meta name=\"twitter:card\" content=\"summary_large_image\" \/>\n<meta name=\"twitter:creator\" content=\"@myvideomedia\" \/>\n<meta name=\"twitter:site\" content=\"@myvideomedia\" \/>\n<meta name=\"twitter:label1\" content=\"Verfasst von\" \/>\n\t<meta name=\"twitter:data1\" content=\"myVideoMedia\" \/>\n\t<meta name=\"twitter:label2\" content=\"Gesch\u00e4tzte Lesezeit\" \/>\n\t<meta name=\"twitter:data2\" content=\"1\u00a0Minute\" \/>\n<script type=\"application\/ld+json\" class=\"yoast-schema-graph\">{\"@context\":\"https:\\\/\\\/schema.org\",\"@graph\":[{\"@type\":\"Article\",\"@id\":\"https:\\\/\\\/blog.myvideomedia.com\\\/de\\\/segovia-nach-avila\\\/#article\",\"isPartOf\":{\"@id\":\"https:\\\/\\\/blog.myvideomedia.com\\\/de\\\/segovia-nach-avila\\\/\"},\"author\":{\"name\":\"myVideoMedia\",\"@id\":\"https:\\\/\\\/blog.myvideomedia.com\\\/de\\\/#\\\/schema\\\/person\\\/87be8fbbed69b1562242448c1c3dcbec\"},\"headline\":\"Mit dem Bus von Segovia nach Avila\",\"datePublished\":\"2016-12-01T13:33:44+00:00\",\"dateModified\":\"2020-09-06T14:30:42+00:00\",\"mainEntityOfPage\":{\"@id\":\"https:\\\/\\\/blog.myvideomedia.com\\\/de\\\/segovia-nach-avila\\\/\"},\"wordCount\":299,\"commentCount\":0,\"publisher\":{\"@id\":\"https:\\\/\\\/blog.myvideomedia.com\\\/de\\\/#\\\/schema\\\/person\\\/87be8fbbed69b1562242448c1c3dcbec\"},\"image\":{\"@id\":\"https:\\\/\\\/blog.myvideomedia.com\\\/de\\\/segovia-nach-avila\\\/#primaryimage\"},\"thumbnailUrl\":\"https:\\\/\\\/blog.myvideomedia.com\\\/wp-content\\\/uploads\\\/2016\\\/12\\\/Segivia-to-Avila-20160517_144244-c.jpg\",\"keywords\":[\"bus\"],\"articleSection\":[\"Avila\",\"Europa\",\"Kastilien\",\"Spanien\"],\"inLanguage\":\"de\",\"potentialAction\":[{\"@type\":\"CommentAction\",\"name\":\"Comment\",\"target\":[\"https:\\\/\\\/blog.myvideomedia.com\\\/de\\\/segovia-nach-avila\\\/#respond\"]}]},{\"@type\":\"WebPage\",\"@id\":\"https:\\\/\\\/blog.myvideomedia.com\\\/de\\\/segovia-nach-avila\\\/\",\"url\":\"https:\\\/\\\/blog.myvideomedia.com\\\/de\\\/segovia-nach-avila\\\/\",\"name\":\"Mit dem Bus von Segovia nach Avila - Spanien - Reise Video Blog\",\"isPartOf\":{\"@id\":\"https:\\\/\\\/blog.myvideomedia.com\\\/de\\\/#website\"},\"primaryImageOfPage\":{\"@id\":\"https:\\\/\\\/blog.myvideomedia.com\\\/de\\\/segovia-nach-avila\\\/#primaryimage\"},\"image\":{\"@id\":\"https:\\\/\\\/blog.myvideomedia.com\\\/de\\\/segovia-nach-avila\\\/#primaryimage\"},\"thumbnailUrl\":\"https:\\\/\\\/blog.myvideomedia.com\\\/wp-content\\\/uploads\\\/2016\\\/12\\\/Segivia-to-Avila-20160517_144244-c.jpg\",\"datePublished\":\"2016-12-01T13:33:44+00:00\",\"dateModified\":\"2020-09-06T14:30:42+00:00\",\"description\":\"Die Busfahrt von Segovia nach Avila dauert ca 1:15 Stunden. Wir beschlie\u00dfen wieder den Bus zu nehmen um etwas mehr vom Land zu sehen.\",\"breadcrumb\":{\"@id\":\"https:\\\/\\\/blog.myvideomedia.com\\\/de\\\/segovia-nach-avila\\\/#breadcrumb\"},\"inLanguage\":\"de\",\"potentialAction\":[{\"@type\":\"ReadAction\",\"target\":[\"https:\\\/\\\/blog.myvideomedia.com\\\/de\\\/segovia-nach-avila\\\/\"]}]},{\"@type\":\"ImageObject\",\"inLanguage\":\"de\",\"@id\":\"https:\\\/\\\/blog.myvideomedia.com\\\/de\\\/segovia-nach-avila\\\/#primaryimage\",\"url\":\"https:\\\/\\\/blog.myvideomedia.com\\\/wp-content\\\/uploads\\\/2016\\\/12\\\/Segivia-to-Avila-20160517_144244-c.jpg\",\"contentUrl\":\"https:\\\/\\\/blog.myvideomedia.com\\\/wp-content\\\/uploads\\\/2016\\\/12\\\/Segivia-to-Avila-20160517_144244-c.jpg\",\"width\":1280,\"height\":720,\"caption\":\"Segovia nach Avila\"},{\"@type\":\"BreadcrumbList\",\"@id\":\"https:\\\/\\\/blog.myvideomedia.com\\\/de\\\/segovia-nach-avila\\\/#breadcrumb\",\"itemListElement\":[{\"@type\":\"ListItem\",\"position\":1,\"name\":\"Home\",\"item\":\"https:\\\/\\\/blog.myvideomedia.com\\\/de\\\/\"},{\"@type\":\"ListItem\",\"position\":2,\"name\":\"Mit dem Bus von Segovia nach Avila\"}]},{\"@type\":\"WebSite\",\"@id\":\"https:\\\/\\\/blog.myvideomedia.com\\\/de\\\/#website\",\"url\":\"https:\\\/\\\/blog.myvideomedia.com\\\/de\\\/\",\"name\":\"Travel Video Blog\",\"description\":\"myVideoMedia Reisetipps und Reisevideos\",\"publisher\":{\"@id\":\"https:\\\/\\\/blog.myvideomedia.com\\\/de\\\/#\\\/schema\\\/person\\\/87be8fbbed69b1562242448c1c3dcbec\"},\"potentialAction\":[{\"@type\":\"SearchAction\",\"target\":{\"@type\":\"EntryPoint\",\"urlTemplate\":\"https:\\\/\\\/blog.myvideomedia.com\\\/de\\\/?s={search_term_string}\"},\"query-input\":{\"@type\":\"PropertyValueSpecification\",\"valueRequired\":true,\"valueName\":\"search_term_string\"}}],\"inLanguage\":\"de\"},{\"@type\":[\"Person\",\"Organization\"],\"@id\":\"https:\\\/\\\/blog.myvideomedia.com\\\/de\\\/#\\\/schema\\\/person\\\/87be8fbbed69b1562242448c1c3dcbec\",\"name\":\"myVideoMedia\",\"image\":{\"@type\":\"ImageObject\",\"inLanguage\":\"de\",\"@id\":\"https:\\\/\\\/secure.gravatar.com\\\/avatar\\\/460720160715ef8975b781abd1b6985e55ce2f01567bb6757bebd73e7cf74c97?s=96&d=mm&r=g\",\"url\":\"https:\\\/\\\/secure.gravatar.com\\\/avatar\\\/460720160715ef8975b781abd1b6985e55ce2f01567bb6757bebd73e7cf74c97?s=96&d=mm&r=g\",\"contentUrl\":\"https:\\\/\\\/secure.gravatar.com\\\/avatar\\\/460720160715ef8975b781abd1b6985e55ce2f01567bb6757bebd73e7cf74c97?s=96&d=mm&r=g\",\"caption\":\"myVideoMedia\"},\"logo\":{\"@id\":\"https:\\\/\\\/secure.gravatar.com\\\/avatar\\\/460720160715ef8975b781abd1b6985e55ce2f01567bb6757bebd73e7cf74c97?s=96&d=mm&r=g\"},\"description\":\"\\\"The World is a book, and those who do not travel read only a page\\\" - Aurelius Augustinus (354 - 430 AD) Travel is our passion. With our posts and videos we like to inspire people who are planning or preparing for holidays as well as people who simply want to escape from everyday life and dream of faraway countries.\",\"sameAs\":[\"https:\\\/\\\/www.myvideomedia.com\",\"https:\\\/\\\/www.facebook.com\\\/ursula.streit.520\"],\"url\":\"https:\\\/\\\/blog.myvideomedia.com\\\/de\\\/author\\\/traveladm\\\/\"}]}<\/script>\n<!-- \/ Yoast SEO plugin. -->","yoast_head_json":{"title":"Mit dem Bus von Segovia nach Avila - Spanien - Reise Video Blog","description":"Die Busfahrt von Segovia nach Avila dauert ca 1:15 Stunden. Wir beschlie\u00dfen wieder den Bus zu nehmen um etwas mehr vom Land zu sehen.","robots":{"index":"index","follow":"follow","max-snippet":"max-snippet:-1","max-image-preview":"max-image-preview:large","max-video-preview":"max-video-preview:-1"},"canonical":"https:\/\/blog.myvideomedia.com\/de\/segovia-nach-avila\/","og_locale":"de_DE","og_type":"article","og_title":"Mit dem Bus von Segovia nach Avila - Spanien - Reise Video Blog","og_description":"Die Busfahrt von Segovia nach Avila dauert ca 1:15 Stunden. Wir beschlie\u00dfen wieder den Bus zu nehmen um etwas mehr vom Land zu sehen.","og_url":"https:\/\/blog.myvideomedia.com\/de\/segovia-nach-avila\/","og_site_name":"Reise Video Blog","article_publisher":"https:\/\/www.facebook.com\/ursula.streit.520","article_author":"https:\/\/www.facebook.com\/ursula.streit.520","article_published_time":"2016-12-01T13:33:44+00:00","article_modified_time":"2020-09-06T14:30:42+00:00","og_image":[{"width":1280,"height":720,"url":"https:\/\/blog.myvideomedia.com\/wp-content\/uploads\/2016\/12\/Segivia-to-Avila-20160517_144244-c.jpg","type":"image\/jpeg"}],"author":"myVideoMedia","twitter_card":"summary_large_image","twitter_creator":"@myvideomedia","twitter_site":"@myvideomedia","twitter_misc":{"Verfasst von":"myVideoMedia","Gesch\u00e4tzte Lesezeit":"1\u00a0Minute"},"schema":{"@context":"https:\/\/schema.org","@graph":[{"@type":"Article","@id":"https:\/\/blog.myvideomedia.com\/de\/segovia-nach-avila\/#article","isPartOf":{"@id":"https:\/\/blog.myvideomedia.com\/de\/segovia-nach-avila\/"},"author":{"name":"myVideoMedia","@id":"https:\/\/blog.myvideomedia.com\/de\/#\/schema\/person\/87be8fbbed69b1562242448c1c3dcbec"},"headline":"Mit dem Bus von Segovia nach Avila","datePublished":"2016-12-01T13:33:44+00:00","dateModified":"2020-09-06T14:30:42+00:00","mainEntityOfPage":{"@id":"https:\/\/blog.myvideomedia.com\/de\/segovia-nach-avila\/"},"wordCount":299,"commentCount":0,"publisher":{"@id":"https:\/\/blog.myvideomedia.com\/de\/#\/schema\/person\/87be8fbbed69b1562242448c1c3dcbec"},"image":{"@id":"https:\/\/blog.myvideomedia.com\/de\/segovia-nach-avila\/#primaryimage"},"thumbnailUrl":"https:\/\/blog.myvideomedia.com\/wp-content\/uploads\/2016\/12\/Segivia-to-Avila-20160517_144244-c.jpg","keywords":["bus"],"articleSection":["Avila","Europa","Kastilien","Spanien"],"inLanguage":"de","potentialAction":[{"@type":"CommentAction","name":"Comment","target":["https:\/\/blog.myvideomedia.com\/de\/segovia-nach-avila\/#respond"]}]},{"@type":"WebPage","@id":"https:\/\/blog.myvideomedia.com\/de\/segovia-nach-avila\/","url":"https:\/\/blog.myvideomedia.com\/de\/segovia-nach-avila\/","name":"Mit dem Bus von Segovia nach Avila - Spanien - Reise Video Blog","isPartOf":{"@id":"https:\/\/blog.myvideomedia.com\/de\/#website"},"primaryImageOfPage":{"@id":"https:\/\/blog.myvideomedia.com\/de\/segovia-nach-avila\/#primaryimage"},"image":{"@id":"https:\/\/blog.myvideomedia.com\/de\/segovia-nach-avila\/#primaryimage"},"thumbnailUrl":"https:\/\/blog.myvideomedia.com\/wp-content\/uploads\/2016\/12\/Segivia-to-Avila-20160517_144244-c.jpg","datePublished":"2016-12-01T13:33:44+00:00","dateModified":"2020-09-06T14:30:42+00:00","description":"Die Busfahrt von Segovia nach Avila dauert ca 1:15 Stunden. Wir beschlie\u00dfen wieder den Bus zu nehmen um etwas mehr vom Land zu sehen.","breadcrumb":{"@id":"https:\/\/blog.myvideomedia.com\/de\/segovia-nach-avila\/#breadcrumb"},"inLanguage":"de","potentialAction":[{"@type":"ReadAction","target":["https:\/\/blog.myvideomedia.com\/de\/segovia-nach-avila\/"]}]},{"@type":"ImageObject","inLanguage":"de","@id":"https:\/\/blog.myvideomedia.com\/de\/segovia-nach-avila\/#primaryimage","url":"https:\/\/blog.myvideomedia.com\/wp-content\/uploads\/2016\/12\/Segivia-to-Avila-20160517_144244-c.jpg","contentUrl":"https:\/\/blog.myvideomedia.com\/wp-content\/uploads\/2016\/12\/Segivia-to-Avila-20160517_144244-c.jpg","width":1280,"height":720,"caption":"Segovia nach Avila"},{"@type":"BreadcrumbList","@id":"https:\/\/blog.myvideomedia.com\/de\/segovia-nach-avila\/#breadcrumb","itemListElement":[{"@type":"ListItem","position":1,"name":"Home","item":"https:\/\/blog.myvideomedia.com\/de\/"},{"@type":"ListItem","position":2,"name":"Mit dem Bus von Segovia nach Avila"}]},{"@type":"WebSite","@id":"https:\/\/blog.myvideomedia.com\/de\/#website","url":"https:\/\/blog.myvideomedia.com\/de\/","name":"Travel Video Blog","description":"myVideoMedia Reisetipps und Reisevideos","publisher":{"@id":"https:\/\/blog.myvideomedia.com\/de\/#\/schema\/person\/87be8fbbed69b1562242448c1c3dcbec"},"potentialAction":[{"@type":"SearchAction","target":{"@type":"EntryPoint","urlTemplate":"https:\/\/blog.myvideomedia.com\/de\/?s={search_term_string}"},"query-input":{"@type":"PropertyValueSpecification","valueRequired":true,"valueName":"search_term_string"}}],"inLanguage":"de"},{"@type":["Person","Organization"],"@id":"https:\/\/blog.myvideomedia.com\/de\/#\/schema\/person\/87be8fbbed69b1562242448c1c3dcbec","name":"myVideoMedia","image":{"@type":"ImageObject","inLanguage":"de","@id":"https:\/\/secure.gravatar.com\/avatar\/460720160715ef8975b781abd1b6985e55ce2f01567bb6757bebd73e7cf74c97?s=96&d=mm&r=g","url":"https:\/\/secure.gravatar.com\/avatar\/460720160715ef8975b781abd1b6985e55ce2f01567bb6757bebd73e7cf74c97?s=96&d=mm&r=g","contentUrl":"https:\/\/secure.gravatar.com\/avatar\/460720160715ef8975b781abd1b6985e55ce2f01567bb6757bebd73e7cf74c97?s=96&d=mm&r=g","caption":"myVideoMedia"},"logo":{"@id":"https:\/\/secure.gravatar.com\/avatar\/460720160715ef8975b781abd1b6985e55ce2f01567bb6757bebd73e7cf74c97?s=96&d=mm&r=g"},"description":"\"The World is a book, and those who do not travel read only a page\" - Aurelius Augustinus (354 - 430 AD) Travel is our passion. With our posts and videos we like to inspire people who are planning or preparing for holidays as well as people who simply want to escape from everyday life and dream of faraway countries.","sameAs":["https:\/\/www.myvideomedia.com","https:\/\/www.facebook.com\/ursula.streit.520"],"url":"https:\/\/blog.myvideomedia.com\/de\/author\/traveladm\/"}]}},"featured_image_src":"https:\/\/blog.myvideomedia.com\/wp-content\/uploads\/2016\/12\/Segivia-to-Avila-20160517_144244-c.jpg","featured_image_src_square":"https:\/\/blog.myvideomedia.com\/wp-content\/uploads\/2016\/12\/Segivia-to-Avila-20160517_144244-c.jpg","author_info":{"display_name":"myVideoMedia","author_link":"https:\/\/blog.myvideomedia.com\/de\/author\/traveladm\/"},"_links":{"self":[{"href":"https:\/\/blog.myvideomedia.com\/de\/wp-json\/wp\/v2\/posts\/12935","targetHints":{"allow":["GET"]}}],"collection":[{"href":"https:\/\/blog.myvideomedia.com\/de\/wp-json\/wp\/v2\/posts"}],"about":[{"href":"https:\/\/blog.myvideomedia.com\/de\/wp-json\/wp\/v2\/types\/post"}],"author":[{"embeddable":true,"href":"https:\/\/blog.myvideomedia.com\/de\/wp-json\/wp\/v2\/users\/1"}],"replies":[{"embeddable":true,"href":"https:\/\/blog.myvideomedia.com\/de\/wp-json\/wp\/v2\/comments?post=12935"}],"version-history":[{"count":0,"href":"https:\/\/blog.myvideomedia.com\/de\/wp-json\/wp\/v2\/posts\/12935\/revisions"}],"wp:featuredmedia":[{"embeddable":true,"href":"https:\/\/blog.myvideomedia.com\/de\/wp-json\/wp\/v2\/media\/12937"}],"wp:attachment":[{"href":"https:\/\/blog.myvideomedia.com\/de\/wp-json\/wp\/v2\/media?parent=12935"}],"wp:term":[{"taxonomy":"category","embeddable":true,"href":"https:\/\/blog.myvideomedia.com\/de\/wp-json\/wp\/v2\/categories?post=12935"},{"taxonomy":"post_tag","embeddable":true,"href":"https:\/\/blog.myvideomedia.com\/de\/wp-json\/wp\/v2\/tags?post=12935"}],"curies":[{"name":"wp","href":"https:\/\/api.w.org\/{rel}","templated":true}]}}