{"id":12960,"date":"2016-12-03T12:56:26","date_gmt":"2016-12-03T11:56:26","guid":{"rendered":"https:\/\/blog.myvideomedia.com\/?p=12960\/"},"modified":"2025-06-02T15:26:13","modified_gmt":"2025-06-02T14:26:13","slug":"rundgang-altstadt-von-avila","status":"publish","type":"post","link":"https:\/\/blog.myvideomedia.com\/de\/rundgang-altstadt-von-avila\/","title":{"rendered":"Rundgang durch die Altstadt von Avila"},"content":{"rendered":"\n<p><a href=\"https:\/\/blog.myvideomedia.com\/de\/europa\/spanien\/kastilien\/avila\/\">Avila<\/a>, Hauptstadt der Provinz Avila in Kastilien-Leon, ist mit 1131 m \u00fcber dem Meeresspiegel die h\u00f6chstgelegene Provinzhauptstadt Spaniens. Sie liegt 110 km nordwestlich von Madrid.<\/p>\n\n\n\n<p>Highlight der Stadt ist seine zwischen dem 11. und 14. Jahrhundert errichtete Stadtmauer. In jener Zeit lag Avila im Grenzgebiet zwischen Mauren und Christen. Mit \u00dcberf\u00e4llen war st\u00e4ndig zu rechnen. Die Stadtmauer ist ca. 2500m lang und vollst\u00e4ndig erhalten. Die Stadtmauer und der Vielzahl von von romanischen und gotischen Kirchen gaben Avila den Beinamen Stadt der Steine und Heiligen.<\/p>\n\n\n\n<p>Die Altstadt, innerhalb der Stadtmauern bietet nur wenig Raum. Schmale, winkelige Gassen und von au\u00dfen kaum einsehbare H\u00e4user und Adelspal\u00e4ste pr\u00e4gen das mittelalterliche Stadtbild.<\/p>\n\n\n\n<h3 class=\"wp-block-heading has-text-align-center\"><a href=\"https:\/\/youtu.be\/rwTlMCfsNPk\" target=\"_blank\" rel=\"noopener noreferrer\">Hier sehen Sie das 4K UHD Video<\/a><\/h3>\n\n\n\n<figure> <div class=\"brlbs-cmpnt-container brlbs-cmpnt-content-blocker brlbs-cmpnt-with-individual-styles\" data-borlabs-cookie-content-blocker-id=\"youtube-content-blocker\" data-borlabs-cookie-content=\"PGlmcmFtZSBzcmM9Imh0dHBzOi8vd3d3LnlvdXR1YmUtbm9jb29raWUuY29tL2VtYmVkL3J3VGxNQ2ZzTlBrIiB3aWR0aD0iNjAwIiBoZWlnaHQ9IjMzOCI+PC9pZnJhbWU+\"><div class=\"brlbs-cmpnt-cb-preset-c brlbs-cmpnt-cb-youtube\"> <div class=\"brlbs-cmpnt-cb-thumbnail\" style=\"background-image: url('https:\/\/blog.myvideomedia.com\/wp-content\/uploads\/borlabs-cookie\/1\/yt_rwTlMCfsNPk_hqdefault.jpg')\"><\/div> <div class=\"brlbs-cmpnt-cb-main\"> <div class=\"brlbs-cmpnt-cb-play-button\"><\/div> <div class=\"brlbs-cmpnt-cb-content\"> <p class=\"brlbs-cmpnt-cb-description\">Sie sehen gerade einen Platzhalterinhalt von <strong>YouTube<\/strong>. Um auf den eigentlichen Inhalt zuzugreifen, klicken Sie auf die Schaltfl\u00e4che unten. Bitte beachten Sie, dass dabei Daten an Drittanbieter weitergegeben werden.<\/p> <a class=\"brlbs-cmpnt-cb-provider-toggle\" href=\"#\" data-borlabs-cookie-show-provider-information role=\"button\">Mehr Informationen<\/a> <\/div> <div class=\"brlbs-cmpnt-cb-buttons\"> <a class=\"brlbs-cmpnt-cb-btn\" href=\"#\" data-borlabs-cookie-unblock role=\"button\">Inhalt entsperren<\/a> <a class=\"brlbs-cmpnt-cb-btn\" href=\"#\" data-borlabs-cookie-accept-service role=\"button\" style=\"display: inherit\">Erforderlichen Service akzeptieren und Inhalte entsperren<\/a> <\/div> <\/div> <\/div><\/div><\/figure>\n\n\n\n<p>Sie hat ihren Charakter aus dem 16. Jahrhundert bis heute bewahrt. 1985 wurde sie zusammen mit den au\u00dferhalb der Stadtmauer liegenden Kirchen zum UNESCO-Weltkulturerbe erkl\u00e4rt.<\/p>\n\n\n\n<h2 class=\"wp-block-heading\">Erkundung der Altstadt von Avila<\/h2>\n\n\n\n<p>Wir beginnen unseren Rundgang in Avila neben der Kathedrale beim \u00f6stlichen Stadttor. Gut zu erkennen ist, dass die Kathedrale integraler Bestandteil der Befestigungsmauer ist. In dieser Gegend befinden sich eine Reihe von Restaurants. Abends spielt sich hier das Leben ab.<\/p>\n\n\n<div class=\"wp-block-image\">\n<figure class=\"aligncenter\"><img loading=\"lazy\" decoding=\"async\" width=\"600\" height=\"338\" src=\"https:\/\/blog.myvideomedia.com\/wp-content\/uploads\/2016\/12\/Old-town-Avila-s-c-600x338.jpg\" alt=\"Altstadt von Avila\" class=\"wp-image-12945\" srcset=\"https:\/\/blog.myvideomedia.com\/wp-content\/uploads\/2016\/12\/Old-town-Avila-s-c-600x338.jpg 600w, https:\/\/blog.myvideomedia.com\/wp-content\/uploads\/2016\/12\/Old-town-Avila-s-c-768x432.jpg 768w, https:\/\/blog.myvideomedia.com\/wp-content\/uploads\/2016\/12\/Old-town-Avila-s-c-1260x709.jpg 1260w, https:\/\/blog.myvideomedia.com\/wp-content\/uploads\/2016\/12\/Old-town-Avila-s-c.jpg 1280w\" sizes=\"auto, (max-width: 600px) 100vw, 600px\" \/><\/figure>\n<\/div>\n\n\n<p>Wir gehen Richtung S\u00fcden bis zur Plaza de Santa Teresa de Jesu. Am anderen Ende des gro\u00dfen Platzes liegt die Kirche Iglesia de San Pedro Ap\u00f3sto .<\/p>\n\n\n<div class=\"wp-block-image\">\n<figure class=\"aligncenter\"><img loading=\"lazy\" decoding=\"async\" width=\"600\" height=\"338\" src=\"https:\/\/blog.myvideomedia.com\/wp-content\/uploads\/2016\/12\/Old-town-Avila-20160517_173211-c-600x338.jpg\" alt=\"Altstadt von Avila\" class=\"wp-image-12947\" srcset=\"https:\/\/blog.myvideomedia.com\/wp-content\/uploads\/2016\/12\/Old-town-Avila-20160517_173211-c-600x338.jpg 600w, https:\/\/blog.myvideomedia.com\/wp-content\/uploads\/2016\/12\/Old-town-Avila-20160517_173211-c-768x432.jpg 768w, https:\/\/blog.myvideomedia.com\/wp-content\/uploads\/2016\/12\/Old-town-Avila-20160517_173211-c-1260x709.jpg 1260w, https:\/\/blog.myvideomedia.com\/wp-content\/uploads\/2016\/12\/Old-town-Avila-20160517_173211-c.jpg 1280w\" sizes=\"auto, (max-width: 600px) 100vw, 600px\" \/><\/figure>\n<\/div>\n\n\n<p>Die m\u00e4chtige Stadtmauer ist beeindruckend. Staunend betrachten wir die wuchtigen Bollwerke, bevor das m\u00e4chtige Stadttor, die Puerta del Alcazar passieren.<\/p>\n\n\n<div class=\"wp-block-image\">\n<figure class=\"aligncenter\"><img loading=\"lazy\" decoding=\"async\" width=\"600\" height=\"338\" src=\"https:\/\/blog.myvideomedia.com\/wp-content\/uploads\/2016\/12\/Old-town-Avila-20160517_173420-c-600x338.jpg\" alt=\"Old town of Avila\" class=\"wp-image-12948\" srcset=\"https:\/\/blog.myvideomedia.com\/wp-content\/uploads\/2016\/12\/Old-town-Avila-20160517_173420-c-600x338.jpg 600w, https:\/\/blog.myvideomedia.com\/wp-content\/uploads\/2016\/12\/Old-town-Avila-20160517_173420-c-768x432.jpg 768w, https:\/\/blog.myvideomedia.com\/wp-content\/uploads\/2016\/12\/Old-town-Avila-20160517_173420-c-1260x709.jpg 1260w, https:\/\/blog.myvideomedia.com\/wp-content\/uploads\/2016\/12\/Old-town-Avila-20160517_173420-c.jpg 1280w\" sizes=\"auto, (max-width: 600px) 100vw, 600px\" \/><\/figure>\n<\/div>\n\n\n<p>Als wir den <strong>Mercado de Abastos<\/strong> erreichen, kommen wir nicht umhin einen Blick hineinzuwerfen. Fleisch, Obst und Gem\u00fcse werden angeboten.<\/p>\n\n\n<div class=\"wp-block-image\">\n<figure class=\"aligncenter\"><img loading=\"lazy\" decoding=\"async\" width=\"600\" height=\"338\" src=\"https:\/\/blog.myvideomedia.com\/wp-content\/uploads\/2016\/12\/Old-town-Avila-20160518_102500-c-600x338.jpg\" alt=\"old-town-avila-20160518_102500-c\" class=\"wp-image-12951\" srcset=\"https:\/\/blog.myvideomedia.com\/wp-content\/uploads\/2016\/12\/Old-town-Avila-20160518_102500-c-600x338.jpg 600w, https:\/\/blog.myvideomedia.com\/wp-content\/uploads\/2016\/12\/Old-town-Avila-20160518_102500-c-768x432.jpg 768w, https:\/\/blog.myvideomedia.com\/wp-content\/uploads\/2016\/12\/Old-town-Avila-20160518_102500-c-1260x709.jpg 1260w, https:\/\/blog.myvideomedia.com\/wp-content\/uploads\/2016\/12\/Old-town-Avila-20160518_102500-c.jpg 1280w\" sizes=\"auto, (max-width: 600px) 100vw, 600px\" \/><\/figure>\n<\/div>\n\n\n<p>Dann besuchen wir in der \u201eTravesia Santo Domingo\u201c die ehemalige j\u00fcdische Synagoge. Auf der anderen Stra\u00dfenseite der \u201eCalle la Dama\u201c befindet sich das \u201eConvento de Santa Teresa de Jesu\u201c.<\/p>\n\n\n\n<p>An der Plaza Coral de las Campanas befindet sich eine \u201eDiputacion Provincial de Avila\u201c und daneben die \u201eAgencia Estatal de Administracion Tributaria\u201c.<\/p>\n\n\n<div class=\"wp-block-image\">\n<figure class=\"aligncenter\"><img loading=\"lazy\" decoding=\"async\" width=\"600\" height=\"338\" src=\"https:\/\/blog.myvideomedia.com\/wp-content\/uploads\/2016\/12\/Old-town-Avila-20160518_124439-c-600x338.jpg\" alt=\"old-town-avila-20160518_124439-c\" class=\"wp-image-12954\" srcset=\"https:\/\/blog.myvideomedia.com\/wp-content\/uploads\/2016\/12\/Old-town-Avila-20160518_124439-c-600x338.jpg 600w, https:\/\/blog.myvideomedia.com\/wp-content\/uploads\/2016\/12\/Old-town-Avila-20160518_124439-c-768x432.jpg 768w, https:\/\/blog.myvideomedia.com\/wp-content\/uploads\/2016\/12\/Old-town-Avila-20160518_124439-c-1260x709.jpg 1260w, https:\/\/blog.myvideomedia.com\/wp-content\/uploads\/2016\/12\/Old-town-Avila-20160518_124439-c.jpg 1280w\" sizes=\"auto, (max-width: 600px) 100vw, 600px\" \/><\/figure>\n<\/div>\n\n\n<p>Die \u201eCalle los Cepedas\u201c f\u00fchrt durch ein Stadttor zu einem kleinen Park vor den Stadtmauern. Von hier aus hat man einen wundersch\u00f6nen Panoramablick \u00fcber das Umland bis hin zu den Sierras. Auch die \u201eInglesia de Santiago\u201c ist sch\u00f6n zu sehen\u201c.<\/p>\n\n\n<div class=\"wp-block-image\">\n<figure class=\"aligncenter\"><img loading=\"lazy\" decoding=\"async\" width=\"600\" height=\"338\" src=\"https:\/\/blog.myvideomedia.com\/wp-content\/uploads\/2016\/12\/Old-town-Avila-20160518_133859-c-600x338.jpg\" alt=\"Avila\" class=\"wp-image-12952\" srcset=\"https:\/\/blog.myvideomedia.com\/wp-content\/uploads\/2016\/12\/Old-town-Avila-20160518_133859-c-600x338.jpg 600w, https:\/\/blog.myvideomedia.com\/wp-content\/uploads\/2016\/12\/Old-town-Avila-20160518_133859-c-768x432.jpg 768w, https:\/\/blog.myvideomedia.com\/wp-content\/uploads\/2016\/12\/Old-town-Avila-20160518_133859-c-1260x709.jpg 1260w, https:\/\/blog.myvideomedia.com\/wp-content\/uploads\/2016\/12\/Old-town-Avila-20160518_133859-c.jpg 1280w\" sizes=\"auto, (max-width: 600px) 100vw, 600px\" \/><\/figure>\n<\/div>\n\n\n<p>Zur\u00fcck in der Altstadt passieren wir die \u201ePlazuela de Pedro Davila\u201c und erreichen die \u201ePlaza Tentiente Arevalo\u201c mit dem Sitz des Bistums (Obispado de Avila). In der Calle del Duradero\u201c werfen wir einen Blick in den Innenhof der \u201eAyuntamiento De \u00c1vila &#8211; Palacio de los Verdugo\u201c.<\/p>\n\n\n\n<p>Zuletzt besuchen wir&nbsp;die \u201ePlaza Concepcion Arenal\u201c, die an einer Seite von der Stadtmauer mit einer Bastei eingefasst ist. Rechts daneben ist der \u201eParador de Avila\u201c, ein ehemaliger Palast, der heute als Hotel dient.<\/p>\n\n\n<div class=\"wp-block-image\">\n<figure class=\"aligncenter\"><img loading=\"lazy\" decoding=\"async\" width=\"600\" height=\"338\" src=\"https:\/\/blog.myvideomedia.com\/wp-content\/uploads\/2016\/12\/Old-town-Avila-20160519_122849-c-600x338.jpg\" alt=\"Old town of Avila\" class=\"wp-image-12956\" srcset=\"https:\/\/blog.myvideomedia.com\/wp-content\/uploads\/2016\/12\/Old-town-Avila-20160519_122849-c-600x338.jpg 600w, https:\/\/blog.myvideomedia.com\/wp-content\/uploads\/2016\/12\/Old-town-Avila-20160519_122849-c-768x432.jpg 768w, https:\/\/blog.myvideomedia.com\/wp-content\/uploads\/2016\/12\/Old-town-Avila-20160519_122849-c-1260x709.jpg 1260w, https:\/\/blog.myvideomedia.com\/wp-content\/uploads\/2016\/12\/Old-town-Avila-20160519_122849-c.jpg 1280w\" sizes=\"auto, (max-width: 600px) 100vw, 600px\" \/><\/figure>\n<\/div>\n\n\n<p>Daneben sind in unterirdischen Gem\u00e4uern Ausgrabungen in Avila dokumentiert und auch einige Fundst\u00fccke ausgestellt. Auf der linken Seite ist das Museum \u201eJunta de Castilla y Leon Archivia Historico Provincial de Avila\u201c, ebenfalls mit Grabungsfunden aus Avila.<\/p>\n\n\n<div class=\"wp-block-image\">\n<figure class=\"aligncenter\"><img loading=\"lazy\" decoding=\"async\" width=\"600\" height=\"338\" src=\"https:\/\/blog.myvideomedia.com\/wp-content\/uploads\/2016\/12\/Old-town-Avila-20160519_122542-c-600x338.jpg\" alt=\"Old town of Avila\" class=\"wp-image-12958\" srcset=\"https:\/\/blog.myvideomedia.com\/wp-content\/uploads\/2016\/12\/Old-town-Avila-20160519_122542-c-600x338.jpg 600w, https:\/\/blog.myvideomedia.com\/wp-content\/uploads\/2016\/12\/Old-town-Avila-20160519_122542-c-768x432.jpg 768w, https:\/\/blog.myvideomedia.com\/wp-content\/uploads\/2016\/12\/Old-town-Avila-20160519_122542-c-1260x709.jpg 1260w, https:\/\/blog.myvideomedia.com\/wp-content\/uploads\/2016\/12\/Old-town-Avila-20160519_122542-c.jpg 1280w\" sizes=\"auto, (max-width: 600px) 100vw, 600px\" \/><\/figure>\n<\/div>\n\n\n<h2 class=\"wp-block-heading\">Route<\/h2>\n\n\n\n<div style=\"text-align: center;\"> <div class=\"brlbs-cmpnt-container brlbs-cmpnt-content-blocker brlbs-cmpnt-with-individual-styles\" data-borlabs-cookie-content-blocker-id=\"default\" data-borlabs-cookie-content=\"PGlmcmFtZSBzcmM9Imh0dHBzOi8vd3d3Lmdvb2dsZS5jb20vbWFwcy9kL2VtYmVkP21pZD0xbURYMTQ2cFBZUlR5WmZuYXI0NFNQSnVyc1ZZIiB3aWR0aD0iNjQwIiBoZWlnaHQ9IjQ4MCIgZGF0YS1tY2UtZnJhZ21lbnQ9IjEiPjwvaWZyYW1lPg==\"><div class=\"brlbs-cmpnt-cb-preset-a\"> <p class=\"brlbs-cmpnt-cb-description\">Sie sehen gerade einen Platzhalterinhalt von <strong>Standard<\/strong>. Um auf den eigentlichen Inhalt zuzugreifen, klicken Sie auf die Schaltfl\u00e4che unten. Bitte beachten Sie, dass dabei Daten an Drittanbieter weitergegeben werden.<\/p> <div class=\"brlbs-cmpnt-cb-buttons\"> <a class=\"brlbs-cmpnt-cb-btn\" href=\"#\" data-borlabs-cookie-unblock role=\"button\">Inhalt entsperren<\/a> <a class=\"brlbs-cmpnt-cb-btn\" href=\"#\" data-borlabs-cookie-accept-service role=\"button\" style=\"display: none\">Erforderlichen Service akzeptieren und Inhalte entsperren<\/a> <\/div> <a class=\"brlbs-cmpnt-cb-provider-toggle\" href=\"#\" data-borlabs-cookie-show-provider-information role=\"button\">Mehr Informationen<\/a> <\/div><\/div><\/div>\n\n\n\n<p>Bitte lesen Sie weiter &gt;&gt;&gt; <a href=\"https:\/\/blog.myvideomedia.com\/de\/auf-der-stadtmauer-von-avila\/\">Auf der Stadtmauer von Avila<\/a><\/p>\n\n\n\n<p>Text, Fotos und Video: Copyright \u00a9 <a href=\"https:\/\/www.myvideomedia.com\/de\" target=\"_blank\" rel=\"noopener noreferrer\">myVideoMedia<\/a><\/p>\n","protected":false},"excerpt":{"rendered":"<p>Avila, Hauptstadt der Provinz Avila in Kastilien-Leon, ist mit 1131 m \u00fcber dem Meeresspiegel die h\u00f6chstgelegene Provinzhauptstadt Spaniens. Sie liegt 110 km nordwestlich von Madrid. Highlight der Stadt ist seine zwischen dem 11. und 14. Jahrhundert errichtete Stadtmauer. In jener Zeit lag Avila im Grenzgebiet zwischen Mauren und Christen. Mit \u00dcberf\u00e4llen war st\u00e4ndig zu rechnen. [&hellip;]<\/p>\n","protected":false},"author":1,"featured_media":12949,"comment_status":"closed","ping_status":"closed","sticky":false,"template":"","format":"standard","meta":{"_genesis_hide_title":false,"_genesis_hide_breadcrumbs":false,"_genesis_hide_singular_image":false,"_genesis_hide_footer_widgets":false,"_genesis_custom_body_class":"","_genesis_custom_post_class":"","_genesis_layout":"","footnotes":""},"categories":[735,1550,716,526],"tags":[584,476],"class_list":{"0":"post-12960","1":"post","2":"type-post","3":"status-publish","4":"format-standard","5":"has-post-thumbnail","7":"category-avila-de","8":"category-europa","9":"category-kastilien","10":"category-spanien","11":"tag-city-tour-de","12":"tag-unesco-weltkulturerbe","13":"entry"},"yoast_head":"<!-- This site is optimized with the Yoast SEO plugin v27.4 - https:\/\/yoast.com\/product\/yoast-seo-wordpress\/ -->\n<title>Rundgang durch die Altstadt von Avila - Spanien - Reise Video Blog<\/title>\n<meta name=\"description\" content=\"Die Altstadt von Avila hat ihren Charakter aus dem 16. Jahrhundert bis heute bewahrt. 1985 wurde sie zum UNESCO-Weltkulturerbe erkl\u00e4rt.\" \/>\n<meta name=\"robots\" content=\"index, follow, max-snippet:-1, max-image-preview:large, max-video-preview:-1\" \/>\n<link rel=\"canonical\" href=\"https:\/\/blog.myvideomedia.com\/de\/rundgang-altstadt-von-avila\/\" \/>\n<meta property=\"og:locale\" content=\"de_DE\" \/>\n<meta property=\"og:type\" content=\"article\" \/>\n<meta property=\"og:title\" content=\"Rundgang durch die Altstadt von Avila - Spanien - Reise Video Blog\" \/>\n<meta property=\"og:description\" content=\"Die Altstadt von Avila hat ihren Charakter aus dem 16. Jahrhundert bis heute bewahrt. 1985 wurde sie zum UNESCO-Weltkulturerbe erkl\u00e4rt.\" \/>\n<meta property=\"og:url\" content=\"https:\/\/blog.myvideomedia.com\/de\/rundgang-altstadt-von-avila\/\" \/>\n<meta property=\"og:site_name\" content=\"Reise Video Blog\" \/>\n<meta property=\"article:publisher\" content=\"https:\/\/www.facebook.com\/ursula.streit.520\" \/>\n<meta property=\"article:author\" content=\"https:\/\/www.facebook.com\/ursula.streit.520\" \/>\n<meta property=\"article:published_time\" content=\"2016-12-03T11:56:26+00:00\" \/>\n<meta property=\"article:modified_time\" content=\"2025-06-02T14:26:13+00:00\" \/>\n<meta property=\"og:image\" content=\"https:\/\/blog.myvideomedia.com\/wp-content\/uploads\/2016\/12\/Old-town-Avila-20160517_173420-c.jpg\" \/>\n\t<meta property=\"og:image:width\" content=\"1280\" \/>\n\t<meta property=\"og:image:height\" content=\"720\" \/>\n\t<meta property=\"og:image:type\" content=\"image\/jpeg\" \/>\n<meta name=\"author\" content=\"myVideoMedia\" \/>\n<meta name=\"twitter:card\" content=\"summary_large_image\" \/>\n<meta name=\"twitter:creator\" content=\"@myvideomedia\" \/>\n<meta name=\"twitter:site\" content=\"@myvideomedia\" \/>\n<meta name=\"twitter:label1\" content=\"Verfasst von\" \/>\n\t<meta name=\"twitter:data1\" content=\"myVideoMedia\" \/>\n\t<meta name=\"twitter:label2\" content=\"Gesch\u00e4tzte Lesezeit\" \/>\n\t<meta name=\"twitter:data2\" content=\"5\u00a0Minuten\" \/>\n<script type=\"application\/ld+json\" class=\"yoast-schema-graph\">{\"@context\":\"https:\\\/\\\/schema.org\",\"@graph\":[{\"@type\":\"Article\",\"@id\":\"https:\\\/\\\/blog.myvideomedia.com\\\/de\\\/rundgang-altstadt-von-avila\\\/#article\",\"isPartOf\":{\"@id\":\"https:\\\/\\\/blog.myvideomedia.com\\\/de\\\/rundgang-altstadt-von-avila\\\/\"},\"author\":{\"name\":\"myVideoMedia\",\"@id\":\"https:\\\/\\\/blog.myvideomedia.com\\\/de\\\/#\\\/schema\\\/person\\\/87be8fbbed69b1562242448c1c3dcbec\"},\"headline\":\"Rundgang durch die Altstadt von Avila\",\"datePublished\":\"2016-12-03T11:56:26+00:00\",\"dateModified\":\"2025-06-02T14:26:13+00:00\",\"mainEntityOfPage\":{\"@id\":\"https:\\\/\\\/blog.myvideomedia.com\\\/de\\\/rundgang-altstadt-von-avila\\\/\"},\"wordCount\":502,\"publisher\":{\"@id\":\"https:\\\/\\\/blog.myvideomedia.com\\\/de\\\/#\\\/schema\\\/person\\\/87be8fbbed69b1562242448c1c3dcbec\"},\"image\":{\"@id\":\"https:\\\/\\\/blog.myvideomedia.com\\\/de\\\/rundgang-altstadt-von-avila\\\/#primaryimage\"},\"thumbnailUrl\":\"https:\\\/\\\/blog.myvideomedia.com\\\/wp-content\\\/uploads\\\/2016\\\/12\\\/Old-town-Avila-20160517_173420-c.jpg\",\"keywords\":[\"City tour\",\"UNESCO Weltkulturerbe\"],\"articleSection\":[\"Avila\",\"Europa\",\"Kastilien\",\"Spanien\"],\"inLanguage\":\"de\"},{\"@type\":\"WebPage\",\"@id\":\"https:\\\/\\\/blog.myvideomedia.com\\\/de\\\/rundgang-altstadt-von-avila\\\/\",\"url\":\"https:\\\/\\\/blog.myvideomedia.com\\\/de\\\/rundgang-altstadt-von-avila\\\/\",\"name\":\"Rundgang durch die Altstadt von Avila - Spanien - Reise Video Blog\",\"isPartOf\":{\"@id\":\"https:\\\/\\\/blog.myvideomedia.com\\\/de\\\/#website\"},\"primaryImageOfPage\":{\"@id\":\"https:\\\/\\\/blog.myvideomedia.com\\\/de\\\/rundgang-altstadt-von-avila\\\/#primaryimage\"},\"image\":{\"@id\":\"https:\\\/\\\/blog.myvideomedia.com\\\/de\\\/rundgang-altstadt-von-avila\\\/#primaryimage\"},\"thumbnailUrl\":\"https:\\\/\\\/blog.myvideomedia.com\\\/wp-content\\\/uploads\\\/2016\\\/12\\\/Old-town-Avila-20160517_173420-c.jpg\",\"datePublished\":\"2016-12-03T11:56:26+00:00\",\"dateModified\":\"2025-06-02T14:26:13+00:00\",\"description\":\"Die Altstadt von Avila hat ihren Charakter aus dem 16. Jahrhundert bis heute bewahrt. 1985 wurde sie zum UNESCO-Weltkulturerbe erkl\u00e4rt.\",\"breadcrumb\":{\"@id\":\"https:\\\/\\\/blog.myvideomedia.com\\\/de\\\/rundgang-altstadt-von-avila\\\/#breadcrumb\"},\"inLanguage\":\"de\",\"potentialAction\":[{\"@type\":\"ReadAction\",\"target\":[\"https:\\\/\\\/blog.myvideomedia.com\\\/de\\\/rundgang-altstadt-von-avila\\\/\"]}]},{\"@type\":\"ImageObject\",\"inLanguage\":\"de\",\"@id\":\"https:\\\/\\\/blog.myvideomedia.com\\\/de\\\/rundgang-altstadt-von-avila\\\/#primaryimage\",\"url\":\"https:\\\/\\\/blog.myvideomedia.com\\\/wp-content\\\/uploads\\\/2016\\\/12\\\/Old-town-Avila-20160517_173420-c.jpg\",\"contentUrl\":\"https:\\\/\\\/blog.myvideomedia.com\\\/wp-content\\\/uploads\\\/2016\\\/12\\\/Old-town-Avila-20160517_173420-c.jpg\",\"width\":1280,\"height\":720,\"caption\":\"Altstadt von Avila\"},{\"@type\":\"BreadcrumbList\",\"@id\":\"https:\\\/\\\/blog.myvideomedia.com\\\/de\\\/rundgang-altstadt-von-avila\\\/#breadcrumb\",\"itemListElement\":[{\"@type\":\"ListItem\",\"position\":1,\"name\":\"Home\",\"item\":\"https:\\\/\\\/blog.myvideomedia.com\\\/de\\\/\"},{\"@type\":\"ListItem\",\"position\":2,\"name\":\"Rundgang durch die Altstadt von Avila\"}]},{\"@type\":\"WebSite\",\"@id\":\"https:\\\/\\\/blog.myvideomedia.com\\\/de\\\/#website\",\"url\":\"https:\\\/\\\/blog.myvideomedia.com\\\/de\\\/\",\"name\":\"Travel Video Blog\",\"description\":\"myVideoMedia Reisetipps und Reisevideos\",\"publisher\":{\"@id\":\"https:\\\/\\\/blog.myvideomedia.com\\\/de\\\/#\\\/schema\\\/person\\\/87be8fbbed69b1562242448c1c3dcbec\"},\"potentialAction\":[{\"@type\":\"SearchAction\",\"target\":{\"@type\":\"EntryPoint\",\"urlTemplate\":\"https:\\\/\\\/blog.myvideomedia.com\\\/de\\\/?s={search_term_string}\"},\"query-input\":{\"@type\":\"PropertyValueSpecification\",\"valueRequired\":true,\"valueName\":\"search_term_string\"}}],\"inLanguage\":\"de\"},{\"@type\":[\"Person\",\"Organization\"],\"@id\":\"https:\\\/\\\/blog.myvideomedia.com\\\/de\\\/#\\\/schema\\\/person\\\/87be8fbbed69b1562242448c1c3dcbec\",\"name\":\"myVideoMedia\",\"image\":{\"@type\":\"ImageObject\",\"inLanguage\":\"de\",\"@id\":\"https:\\\/\\\/secure.gravatar.com\\\/avatar\\\/460720160715ef8975b781abd1b6985e55ce2f01567bb6757bebd73e7cf74c97?s=96&d=mm&r=g\",\"url\":\"https:\\\/\\\/secure.gravatar.com\\\/avatar\\\/460720160715ef8975b781abd1b6985e55ce2f01567bb6757bebd73e7cf74c97?s=96&d=mm&r=g\",\"contentUrl\":\"https:\\\/\\\/secure.gravatar.com\\\/avatar\\\/460720160715ef8975b781abd1b6985e55ce2f01567bb6757bebd73e7cf74c97?s=96&d=mm&r=g\",\"caption\":\"myVideoMedia\"},\"logo\":{\"@id\":\"https:\\\/\\\/secure.gravatar.com\\\/avatar\\\/460720160715ef8975b781abd1b6985e55ce2f01567bb6757bebd73e7cf74c97?s=96&d=mm&r=g\"},\"description\":\"\\\"The World is a book, and those who do not travel read only a page\\\" - Aurelius Augustinus (354 - 430 AD) Travel is our passion. With our posts and videos we like to inspire people who are planning or preparing for holidays as well as people who simply want to escape from everyday life and dream of faraway countries.\",\"sameAs\":[\"https:\\\/\\\/www.myvideomedia.com\",\"https:\\\/\\\/www.facebook.com\\\/ursula.streit.520\"],\"url\":\"https:\\\/\\\/blog.myvideomedia.com\\\/de\\\/author\\\/traveladm\\\/\"}]}<\/script>\n<!-- \/ Yoast SEO plugin. -->","yoast_head_json":{"title":"Rundgang durch die Altstadt von Avila - Spanien - Reise Video Blog","description":"Die Altstadt von Avila hat ihren Charakter aus dem 16. Jahrhundert bis heute bewahrt. 1985 wurde sie zum UNESCO-Weltkulturerbe erkl\u00e4rt.","robots":{"index":"index","follow":"follow","max-snippet":"max-snippet:-1","max-image-preview":"max-image-preview:large","max-video-preview":"max-video-preview:-1"},"canonical":"https:\/\/blog.myvideomedia.com\/de\/rundgang-altstadt-von-avila\/","og_locale":"de_DE","og_type":"article","og_title":"Rundgang durch die Altstadt von Avila - Spanien - Reise Video Blog","og_description":"Die Altstadt von Avila hat ihren Charakter aus dem 16. Jahrhundert bis heute bewahrt. 1985 wurde sie zum UNESCO-Weltkulturerbe erkl\u00e4rt.","og_url":"https:\/\/blog.myvideomedia.com\/de\/rundgang-altstadt-von-avila\/","og_site_name":"Reise Video Blog","article_publisher":"https:\/\/www.facebook.com\/ursula.streit.520","article_author":"https:\/\/www.facebook.com\/ursula.streit.520","article_published_time":"2016-12-03T11:56:26+00:00","article_modified_time":"2025-06-02T14:26:13+00:00","og_image":[{"width":1280,"height":720,"url":"https:\/\/blog.myvideomedia.com\/wp-content\/uploads\/2016\/12\/Old-town-Avila-20160517_173420-c.jpg","type":"image\/jpeg"}],"author":"myVideoMedia","twitter_card":"summary_large_image","twitter_creator":"@myvideomedia","twitter_site":"@myvideomedia","twitter_misc":{"Verfasst von":"myVideoMedia","Gesch\u00e4tzte Lesezeit":"5\u00a0Minuten"},"schema":{"@context":"https:\/\/schema.org","@graph":[{"@type":"Article","@id":"https:\/\/blog.myvideomedia.com\/de\/rundgang-altstadt-von-avila\/#article","isPartOf":{"@id":"https:\/\/blog.myvideomedia.com\/de\/rundgang-altstadt-von-avila\/"},"author":{"name":"myVideoMedia","@id":"https:\/\/blog.myvideomedia.com\/de\/#\/schema\/person\/87be8fbbed69b1562242448c1c3dcbec"},"headline":"Rundgang durch die Altstadt von Avila","datePublished":"2016-12-03T11:56:26+00:00","dateModified":"2025-06-02T14:26:13+00:00","mainEntityOfPage":{"@id":"https:\/\/blog.myvideomedia.com\/de\/rundgang-altstadt-von-avila\/"},"wordCount":502,"publisher":{"@id":"https:\/\/blog.myvideomedia.com\/de\/#\/schema\/person\/87be8fbbed69b1562242448c1c3dcbec"},"image":{"@id":"https:\/\/blog.myvideomedia.com\/de\/rundgang-altstadt-von-avila\/#primaryimage"},"thumbnailUrl":"https:\/\/blog.myvideomedia.com\/wp-content\/uploads\/2016\/12\/Old-town-Avila-20160517_173420-c.jpg","keywords":["City tour","UNESCO Weltkulturerbe"],"articleSection":["Avila","Europa","Kastilien","Spanien"],"inLanguage":"de"},{"@type":"WebPage","@id":"https:\/\/blog.myvideomedia.com\/de\/rundgang-altstadt-von-avila\/","url":"https:\/\/blog.myvideomedia.com\/de\/rundgang-altstadt-von-avila\/","name":"Rundgang durch die Altstadt von Avila - Spanien - Reise Video Blog","isPartOf":{"@id":"https:\/\/blog.myvideomedia.com\/de\/#website"},"primaryImageOfPage":{"@id":"https:\/\/blog.myvideomedia.com\/de\/rundgang-altstadt-von-avila\/#primaryimage"},"image":{"@id":"https:\/\/blog.myvideomedia.com\/de\/rundgang-altstadt-von-avila\/#primaryimage"},"thumbnailUrl":"https:\/\/blog.myvideomedia.com\/wp-content\/uploads\/2016\/12\/Old-town-Avila-20160517_173420-c.jpg","datePublished":"2016-12-03T11:56:26+00:00","dateModified":"2025-06-02T14:26:13+00:00","description":"Die Altstadt von Avila hat ihren Charakter aus dem 16. Jahrhundert bis heute bewahrt. 1985 wurde sie zum UNESCO-Weltkulturerbe erkl\u00e4rt.","breadcrumb":{"@id":"https:\/\/blog.myvideomedia.com\/de\/rundgang-altstadt-von-avila\/#breadcrumb"},"inLanguage":"de","potentialAction":[{"@type":"ReadAction","target":["https:\/\/blog.myvideomedia.com\/de\/rundgang-altstadt-von-avila\/"]}]},{"@type":"ImageObject","inLanguage":"de","@id":"https:\/\/blog.myvideomedia.com\/de\/rundgang-altstadt-von-avila\/#primaryimage","url":"https:\/\/blog.myvideomedia.com\/wp-content\/uploads\/2016\/12\/Old-town-Avila-20160517_173420-c.jpg","contentUrl":"https:\/\/blog.myvideomedia.com\/wp-content\/uploads\/2016\/12\/Old-town-Avila-20160517_173420-c.jpg","width":1280,"height":720,"caption":"Altstadt von Avila"},{"@type":"BreadcrumbList","@id":"https:\/\/blog.myvideomedia.com\/de\/rundgang-altstadt-von-avila\/#breadcrumb","itemListElement":[{"@type":"ListItem","position":1,"name":"Home","item":"https:\/\/blog.myvideomedia.com\/de\/"},{"@type":"ListItem","position":2,"name":"Rundgang durch die Altstadt von Avila"}]},{"@type":"WebSite","@id":"https:\/\/blog.myvideomedia.com\/de\/#website","url":"https:\/\/blog.myvideomedia.com\/de\/","name":"Travel Video Blog","description":"myVideoMedia Reisetipps und Reisevideos","publisher":{"@id":"https:\/\/blog.myvideomedia.com\/de\/#\/schema\/person\/87be8fbbed69b1562242448c1c3dcbec"},"potentialAction":[{"@type":"SearchAction","target":{"@type":"EntryPoint","urlTemplate":"https:\/\/blog.myvideomedia.com\/de\/?s={search_term_string}"},"query-input":{"@type":"PropertyValueSpecification","valueRequired":true,"valueName":"search_term_string"}}],"inLanguage":"de"},{"@type":["Person","Organization"],"@id":"https:\/\/blog.myvideomedia.com\/de\/#\/schema\/person\/87be8fbbed69b1562242448c1c3dcbec","name":"myVideoMedia","image":{"@type":"ImageObject","inLanguage":"de","@id":"https:\/\/secure.gravatar.com\/avatar\/460720160715ef8975b781abd1b6985e55ce2f01567bb6757bebd73e7cf74c97?s=96&d=mm&r=g","url":"https:\/\/secure.gravatar.com\/avatar\/460720160715ef8975b781abd1b6985e55ce2f01567bb6757bebd73e7cf74c97?s=96&d=mm&r=g","contentUrl":"https:\/\/secure.gravatar.com\/avatar\/460720160715ef8975b781abd1b6985e55ce2f01567bb6757bebd73e7cf74c97?s=96&d=mm&r=g","caption":"myVideoMedia"},"logo":{"@id":"https:\/\/secure.gravatar.com\/avatar\/460720160715ef8975b781abd1b6985e55ce2f01567bb6757bebd73e7cf74c97?s=96&d=mm&r=g"},"description":"\"The World is a book, and those who do not travel read only a page\" - Aurelius Augustinus (354 - 430 AD) Travel is our passion. With our posts and videos we like to inspire people who are planning or preparing for holidays as well as people who simply want to escape from everyday life and dream of faraway countries.","sameAs":["https:\/\/www.myvideomedia.com","https:\/\/www.facebook.com\/ursula.streit.520"],"url":"https:\/\/blog.myvideomedia.com\/de\/author\/traveladm\/"}]}},"featured_image_src":"https:\/\/blog.myvideomedia.com\/wp-content\/uploads\/2016\/12\/Old-town-Avila-20160517_173420-c.jpg","featured_image_src_square":"https:\/\/blog.myvideomedia.com\/wp-content\/uploads\/2016\/12\/Old-town-Avila-20160517_173420-c.jpg","author_info":{"display_name":"myVideoMedia","author_link":"https:\/\/blog.myvideomedia.com\/de\/author\/traveladm\/"},"_links":{"self":[{"href":"https:\/\/blog.myvideomedia.com\/de\/wp-json\/wp\/v2\/posts\/12960","targetHints":{"allow":["GET"]}}],"collection":[{"href":"https:\/\/blog.myvideomedia.com\/de\/wp-json\/wp\/v2\/posts"}],"about":[{"href":"https:\/\/blog.myvideomedia.com\/de\/wp-json\/wp\/v2\/types\/post"}],"author":[{"embeddable":true,"href":"https:\/\/blog.myvideomedia.com\/de\/wp-json\/wp\/v2\/users\/1"}],"replies":[{"embeddable":true,"href":"https:\/\/blog.myvideomedia.com\/de\/wp-json\/wp\/v2\/comments?post=12960"}],"version-history":[{"count":0,"href":"https:\/\/blog.myvideomedia.com\/de\/wp-json\/wp\/v2\/posts\/12960\/revisions"}],"wp:featuredmedia":[{"embeddable":true,"href":"https:\/\/blog.myvideomedia.com\/de\/wp-json\/wp\/v2\/media\/12949"}],"wp:attachment":[{"href":"https:\/\/blog.myvideomedia.com\/de\/wp-json\/wp\/v2\/media?parent=12960"}],"wp:term":[{"taxonomy":"category","embeddable":true,"href":"https:\/\/blog.myvideomedia.com\/de\/wp-json\/wp\/v2\/categories?post=12960"},{"taxonomy":"post_tag","embeddable":true,"href":"https:\/\/blog.myvideomedia.com\/de\/wp-json\/wp\/v2\/tags?post=12960"}],"curies":[{"name":"wp","href":"https:\/\/api.w.org\/{rel}","templated":true}]}}