{"id":12983,"date":"2016-12-05T12:48:59","date_gmt":"2016-12-05T11:48:59","guid":{"rendered":"https:\/\/blog.myvideomedia.com\/?p=12983\/"},"modified":"2025-06-02T15:25:35","modified_gmt":"2025-06-02T14:25:35","slug":"hotel-palacio-de-monjaraz-in-avila","status":"publish","type":"post","link":"https:\/\/blog.myvideomedia.com\/de\/hotel-palacio-de-monjaraz-in-avila\/","title":{"rendered":"Hotel Palacio de Monjaraz in Avila"},"content":{"rendered":"\n<p>Das Hotel Palacio de Monjaraz befindet sich in einem Herrenhaus aus dem 16. Jahrhundert. Wir haben haben das Hotel wegen seiner zentraler Lage innerhalb der Stadtmauern von Avila gew\u00e4hlt.<\/p>\n\n\n<div class=\"wp-block-image\">\n<figure class=\"aligncenter\"><img loading=\"lazy\" decoding=\"async\" width=\"600\" height=\"338\" src=\"https:\/\/blog.myvideomedia.com\/wp-content\/uploads\/2016\/12\/Palacio-de-Monjaraz-20160518_090734-c-600x338.jpg\" alt=\"Hotel Palacio de Monjaraz\" class=\"wp-image-12972\" srcset=\"https:\/\/blog.myvideomedia.com\/wp-content\/uploads\/2016\/12\/Palacio-de-Monjaraz-20160518_090734-c-600x338.jpg 600w, https:\/\/blog.myvideomedia.com\/wp-content\/uploads\/2016\/12\/Palacio-de-Monjaraz-20160518_090734-c-768x432.jpg 768w, https:\/\/blog.myvideomedia.com\/wp-content\/uploads\/2016\/12\/Palacio-de-Monjaraz-20160518_090734-c-1260x709.jpg 1260w, https:\/\/blog.myvideomedia.com\/wp-content\/uploads\/2016\/12\/Palacio-de-Monjaraz-20160518_090734-c.jpg 1280w\" sizes=\"auto, (max-width: 600px) 100vw, 600px\" \/><\/figure>\n<\/div>\n\n\n<p>Von Au\u00dfen sieht das Geb\u00e4ude so aus wie die meistens H\u00e4user in Avila. Doch im Inneren f\u00fchlt man sich in eine Ritterburg versetzt.<\/p>\n\n\n<div class=\"wp-block-image\">\n<figure class=\"aligncenter\"><img loading=\"lazy\" decoding=\"async\" width=\"600\" height=\"338\" src=\"https:\/\/blog.myvideomedia.com\/wp-content\/uploads\/2016\/12\/Palacio-de-Monjaraz-20160520_114754-c-600x338.jpg\" alt=\"Hotel Palacio de Monjaraz\" class=\"wp-image-12974\" srcset=\"https:\/\/blog.myvideomedia.com\/wp-content\/uploads\/2016\/12\/Palacio-de-Monjaraz-20160520_114754-c-600x338.jpg 600w, https:\/\/blog.myvideomedia.com\/wp-content\/uploads\/2016\/12\/Palacio-de-Monjaraz-20160520_114754-c-768x432.jpg 768w, https:\/\/blog.myvideomedia.com\/wp-content\/uploads\/2016\/12\/Palacio-de-Monjaraz-20160520_114754-c-1260x709.jpg 1260w, https:\/\/blog.myvideomedia.com\/wp-content\/uploads\/2016\/12\/Palacio-de-Monjaraz-20160520_114754-c.jpg 1280w\" sizes=\"auto, (max-width: 600px) 100vw, 600px\" \/><\/figure>\n<\/div>\n\n\n<p>Durch die relativ steil vor dem Haus ansteigende Gasse sind die \u00f6ffentlichen zug\u00e4nglichen R\u00e4umlichkeiten auf zwei Stockwerken verteilt. Der Hoteleingang f\u00fchrt im unteren Stockwerk in die Lobby und zu einem Fr\u00fchst\u00fccksraum.<\/p>\n\n\n<div class=\"wp-block-image\">\n<figure class=\"aligncenter\"><img loading=\"lazy\" decoding=\"async\" width=\"600\" height=\"338\" src=\"https:\/\/blog.myvideomedia.com\/wp-content\/uploads\/2016\/12\/Palacio-de-Monjaraz-20160520_114812-c-600x338.jpg\" alt=\"Hotel Palacio de Monjaraz\" class=\"wp-image-12976\" srcset=\"https:\/\/blog.myvideomedia.com\/wp-content\/uploads\/2016\/12\/Palacio-de-Monjaraz-20160520_114812-c-600x338.jpg 600w, https:\/\/blog.myvideomedia.com\/wp-content\/uploads\/2016\/12\/Palacio-de-Monjaraz-20160520_114812-c-768x432.jpg 768w, https:\/\/blog.myvideomedia.com\/wp-content\/uploads\/2016\/12\/Palacio-de-Monjaraz-20160520_114812-c-1260x709.jpg 1260w, https:\/\/blog.myvideomedia.com\/wp-content\/uploads\/2016\/12\/Palacio-de-Monjaraz-20160520_114812-c.jpg 1280w\" sizes=\"auto, (max-width: 600px) 100vw, 600px\" \/><\/figure>\n<\/div>\n\n\n<p>Im oberen Stockwerk befindet sich ein Restaurant und eine Bar. Ein separater Eingang f\u00fchrt ebenfalls ins Freie.<\/p>\n\n\n<div class=\"wp-block-image\">\n<figure class=\"aligncenter\"><img loading=\"lazy\" decoding=\"async\" width=\"600\" height=\"338\" src=\"https:\/\/blog.myvideomedia.com\/wp-content\/uploads\/2016\/12\/Palacio-de-Monjaraz-20160518_170254-c-600x338.jpg\" alt=\"Hotel Palacio de Monjaraz\" class=\"wp-image-12980\" srcset=\"https:\/\/blog.myvideomedia.com\/wp-content\/uploads\/2016\/12\/Palacio-de-Monjaraz-20160518_170254-c-600x338.jpg 600w, https:\/\/blog.myvideomedia.com\/wp-content\/uploads\/2016\/12\/Palacio-de-Monjaraz-20160518_170254-c-768x432.jpg 768w, https:\/\/blog.myvideomedia.com\/wp-content\/uploads\/2016\/12\/Palacio-de-Monjaraz-20160518_170254-c-1260x709.jpg 1260w, https:\/\/blog.myvideomedia.com\/wp-content\/uploads\/2016\/12\/Palacio-de-Monjaraz-20160518_170254-c.jpg 1280w\" sizes=\"auto, (max-width: 600px) 100vw, 600px\" \/><\/figure>\n<\/div>\n\n\n<p>In den weiteren Stockwerken sind die Zimmer zu finden.<\/p>\n\n\n\n<h3 class=\"wp-block-heading has-text-align-center\"><a href=\"https:\/\/youtu.be\/9oFjzsKYkTc\" target=\"_blank\" rel=\"noopener nofollow noreferrer\">Hier sehen Sie das Video (4K UHD 50p)<\/a><\/h3>\n\n\n\n<figure> <div class=\"brlbs-cmpnt-container brlbs-cmpnt-content-blocker brlbs-cmpnt-with-individual-styles\" data-borlabs-cookie-content-blocker-id=\"youtube-content-blocker\" data-borlabs-cookie-content=\"PGlmcmFtZSBzcmM9Imh0dHBzOi8vd3d3LnlvdXR1YmUtbm9jb29raWUuY29tL2VtYmVkLzlvRmp6c0tZa1RjIiB3aWR0aD0iNjAwIiBoZWlnaHQ9IjMzOCI+PC9pZnJhbWU+\"><div class=\"brlbs-cmpnt-cb-preset-c brlbs-cmpnt-cb-youtube\"> <div class=\"brlbs-cmpnt-cb-thumbnail\" style=\"background-image: url('https:\/\/blog.myvideomedia.com\/wp-content\/uploads\/borlabs-cookie\/1\/yt_9oFjzsKYkTc_hqdefault.jpg')\"><\/div> <div class=\"brlbs-cmpnt-cb-main\"> <div class=\"brlbs-cmpnt-cb-play-button\"><\/div> <div class=\"brlbs-cmpnt-cb-content\"> <p class=\"brlbs-cmpnt-cb-description\">Sie sehen gerade einen Platzhalterinhalt von <strong>YouTube<\/strong>. Um auf den eigentlichen Inhalt zuzugreifen, klicken Sie auf die Schaltfl\u00e4che unten. Bitte beachten Sie, dass dabei Daten an Drittanbieter weitergegeben werden.<\/p> <a class=\"brlbs-cmpnt-cb-provider-toggle\" href=\"#\" data-borlabs-cookie-show-provider-information role=\"button\">Mehr Informationen<\/a> <\/div> <div class=\"brlbs-cmpnt-cb-buttons\"> <a class=\"brlbs-cmpnt-cb-btn\" href=\"#\" data-borlabs-cookie-unblock role=\"button\">Inhalt entsperren<\/a> <a class=\"brlbs-cmpnt-cb-btn\" href=\"#\" data-borlabs-cookie-accept-service role=\"button\" style=\"display: inherit\">Erforderlichen Service akzeptieren und Inhalte entsperren<\/a> <\/div> <\/div> <\/div><\/div><\/figure>\n\n\n\n<p>R\u00fcstungen, Skulpturen und die naturbelassenen W\u00e4nde verst\u00e4rken das mittelalterliche Ambiente. Dennoch wirkt alles edel und nobel. Dieser Eindruck setzt sich in den Zimmern fort.<\/p>\n\n\n<div class=\"wp-block-image\">\n<figure class=\"aligncenter\"><img loading=\"lazy\" decoding=\"async\" width=\"600\" height=\"338\" src=\"https:\/\/blog.myvideomedia.com\/wp-content\/uploads\/2016\/12\/Palacio-de-Monjaraz-20160517_155102-c-600x338.jpg\" alt=\"Hotel Palacio de Monjaraz\" class=\"wp-image-12978\" srcset=\"https:\/\/blog.myvideomedia.com\/wp-content\/uploads\/2016\/12\/Palacio-de-Monjaraz-20160517_155102-c-600x338.jpg 600w, https:\/\/blog.myvideomedia.com\/wp-content\/uploads\/2016\/12\/Palacio-de-Monjaraz-20160517_155102-c-768x432.jpg 768w, https:\/\/blog.myvideomedia.com\/wp-content\/uploads\/2016\/12\/Palacio-de-Monjaraz-20160517_155102-c-1260x709.jpg 1260w, https:\/\/blog.myvideomedia.com\/wp-content\/uploads\/2016\/12\/Palacio-de-Monjaraz-20160517_155102-c.jpg 1280w\" sizes=\"auto, (max-width: 600px) 100vw, 600px\" \/><\/figure>\n<\/div>\n\n\n<p>Die technische Ausr\u00fcstung entspricht dem neuesten Stand, inkl. Schnellem freien WLAN. Die Zimmer sind sauber und das Personal freundlich und hilfsbereit. Ein gro\u00dfes Plus ist der g\u00fcnstige Preis.<\/p>\n\n\n<div class=\"wp-block-image\">\n<figure class=\"aligncenter\"><img loading=\"lazy\" decoding=\"async\" width=\"600\" height=\"338\" src=\"https:\/\/blog.myvideomedia.com\/wp-content\/uploads\/2016\/12\/Palacio-de-Monjaraz-20160518_170418-c-600x338.jpg\" alt=\"Hotel Palacio de Monjaraz\" class=\"wp-image-12982\" srcset=\"https:\/\/blog.myvideomedia.com\/wp-content\/uploads\/2016\/12\/Palacio-de-Monjaraz-20160518_170418-c-600x338.jpg 600w, https:\/\/blog.myvideomedia.com\/wp-content\/uploads\/2016\/12\/Palacio-de-Monjaraz-20160518_170418-c-768x432.jpg 768w, https:\/\/blog.myvideomedia.com\/wp-content\/uploads\/2016\/12\/Palacio-de-Monjaraz-20160518_170418-c-1260x709.jpg 1260w, https:\/\/blog.myvideomedia.com\/wp-content\/uploads\/2016\/12\/Palacio-de-Monjaraz-20160518_170418-c.jpg 1280w\" sizes=\"auto, (max-width: 600px) 100vw, 600px\" \/><\/figure>\n<\/div>\n\n\n<p>Das Hotel Palacio de Monjaraz ist der ideale Ausgangspunkt zur Erkundung der Altstadt von <a href=\"https:\/\/blog.myvideomedia.com\/de\/europa\/spanien\/kastilien\/avila\/\">Avila<\/a>. Von hier aus sind alle Sehensw\u00fcrdigkeiten auf kurzen Wegen zu Fu\u00df zu erreichen.<\/p>\n\n\n\n<p>Text, Fotos und Video: Copyright \u00a9 <a title=\"4K video production\" href=\"https:\/\/www.myvideomedia.com\/de\" target=\"_blank\" rel=\"noopener noreferrer\">myVideoMedia<\/a><\/p>\n","protected":false},"excerpt":{"rendered":"<p>Das Hotel Palacio de Monjaraz befindet sich in einem Herrenhaus aus dem 16. Jahrhundert. Wir haben haben das Hotel wegen seiner zentraler Lage innerhalb der Stadtmauern von Avila gew\u00e4hlt. Von Au\u00dfen sieht das Geb\u00e4ude so aus wie die meistens H\u00e4user in Avila. Doch im Inneren f\u00fchlt man sich in eine Ritterburg versetzt. Durch die relativ [&hellip;]<\/p>\n","protected":false},"author":1,"featured_media":12974,"comment_status":"closed","ping_status":"closed","sticky":false,"template":"","format":"standard","meta":{"_genesis_hide_title":false,"_genesis_hide_breadcrumbs":false,"_genesis_hide_singular_image":false,"_genesis_hide_footer_widgets":false,"_genesis_custom_body_class":"","_genesis_custom_post_class":"","_genesis_layout":"","footnotes":""},"categories":[735,1550,716,526],"tags":[1467],"class_list":{"0":"post-12983","1":"post","2":"type-post","3":"status-publish","4":"format-standard","5":"has-post-thumbnail","7":"category-avila-de","8":"category-europa","9":"category-kastilien","10":"category-spanien","11":"tag-hotel-de-2","12":"entry"},"yoast_head":"<!-- This site is optimized with the Yoast SEO plugin v27.4 - https:\/\/yoast.com\/product\/yoast-seo-wordpress\/ -->\n<title>Hotel Palacio de Monjaraz in Avila - Spanien - Reise Video Blog<\/title>\n<meta name=\"description\" content=\"Das Hotel Palacio de Monjaraz liegt innerhalb der Stadtmauern und ist der ideale Ausgangspunkt zur Erkundung der Altstadt von Avila.\" \/>\n<meta name=\"robots\" content=\"index, follow, max-snippet:-1, max-image-preview:large, max-video-preview:-1\" \/>\n<link rel=\"canonical\" href=\"https:\/\/blog.myvideomedia.com\/de\/hotel-palacio-de-monjaraz-in-avila\/\" \/>\n<meta property=\"og:locale\" content=\"de_DE\" \/>\n<meta property=\"og:type\" content=\"article\" \/>\n<meta property=\"og:title\" content=\"Hotel Palacio de Monjaraz in Avila - Spanien - Reise Video Blog\" \/>\n<meta property=\"og:description\" content=\"Das Hotel Palacio de Monjaraz liegt innerhalb der Stadtmauern und ist der ideale Ausgangspunkt zur Erkundung der Altstadt von Avila.\" \/>\n<meta property=\"og:url\" content=\"https:\/\/blog.myvideomedia.com\/de\/hotel-palacio-de-monjaraz-in-avila\/\" \/>\n<meta property=\"og:site_name\" content=\"Reise Video Blog\" \/>\n<meta property=\"article:publisher\" content=\"https:\/\/www.facebook.com\/ursula.streit.520\" \/>\n<meta property=\"article:author\" content=\"https:\/\/www.facebook.com\/ursula.streit.520\" \/>\n<meta property=\"article:published_time\" content=\"2016-12-05T11:48:59+00:00\" \/>\n<meta property=\"article:modified_time\" content=\"2025-06-02T14:25:35+00:00\" \/>\n<meta property=\"og:image\" content=\"https:\/\/blog.myvideomedia.com\/wp-content\/uploads\/2016\/12\/Palacio-de-Monjaraz-20160520_114754-c.jpg\" \/>\n\t<meta property=\"og:image:width\" content=\"1280\" \/>\n\t<meta property=\"og:image:height\" content=\"720\" \/>\n\t<meta property=\"og:image:type\" content=\"image\/jpeg\" \/>\n<meta name=\"author\" content=\"myVideoMedia\" \/>\n<meta name=\"twitter:card\" content=\"summary_large_image\" \/>\n<meta name=\"twitter:creator\" content=\"@myvideomedia\" \/>\n<meta name=\"twitter:site\" content=\"@myvideomedia\" \/>\n<meta name=\"twitter:label1\" content=\"Verfasst von\" \/>\n\t<meta name=\"twitter:data1\" content=\"myVideoMedia\" \/>\n\t<meta name=\"twitter:label2\" content=\"Gesch\u00e4tzte Lesezeit\" \/>\n\t<meta name=\"twitter:data2\" content=\"3\u00a0Minuten\" \/>\n<script type=\"application\/ld+json\" class=\"yoast-schema-graph\">{\"@context\":\"https:\\\/\\\/schema.org\",\"@graph\":[{\"@type\":\"Article\",\"@id\":\"https:\\\/\\\/blog.myvideomedia.com\\\/de\\\/hotel-palacio-de-monjaraz-in-avila\\\/#article\",\"isPartOf\":{\"@id\":\"https:\\\/\\\/blog.myvideomedia.com\\\/de\\\/hotel-palacio-de-monjaraz-in-avila\\\/\"},\"author\":{\"name\":\"myVideoMedia\",\"@id\":\"https:\\\/\\\/blog.myvideomedia.com\\\/de\\\/#\\\/schema\\\/person\\\/87be8fbbed69b1562242448c1c3dcbec\"},\"headline\":\"Hotel Palacio de Monjaraz in Avila\",\"datePublished\":\"2016-12-05T11:48:59+00:00\",\"dateModified\":\"2025-06-02T14:25:35+00:00\",\"mainEntityOfPage\":{\"@id\":\"https:\\\/\\\/blog.myvideomedia.com\\\/de\\\/hotel-palacio-de-monjaraz-in-avila\\\/\"},\"wordCount\":226,\"publisher\":{\"@id\":\"https:\\\/\\\/blog.myvideomedia.com\\\/de\\\/#\\\/schema\\\/person\\\/87be8fbbed69b1562242448c1c3dcbec\"},\"image\":{\"@id\":\"https:\\\/\\\/blog.myvideomedia.com\\\/de\\\/hotel-palacio-de-monjaraz-in-avila\\\/#primaryimage\"},\"thumbnailUrl\":\"https:\\\/\\\/blog.myvideomedia.com\\\/wp-content\\\/uploads\\\/2016\\\/12\\\/Palacio-de-Monjaraz-20160520_114754-c.jpg\",\"keywords\":[\"Hotel\"],\"articleSection\":[\"Avila\",\"Europa\",\"Kastilien\",\"Spanien\"],\"inLanguage\":\"de\"},{\"@type\":\"WebPage\",\"@id\":\"https:\\\/\\\/blog.myvideomedia.com\\\/de\\\/hotel-palacio-de-monjaraz-in-avila\\\/\",\"url\":\"https:\\\/\\\/blog.myvideomedia.com\\\/de\\\/hotel-palacio-de-monjaraz-in-avila\\\/\",\"name\":\"Hotel Palacio de Monjaraz in Avila - Spanien - Reise Video Blog\",\"isPartOf\":{\"@id\":\"https:\\\/\\\/blog.myvideomedia.com\\\/de\\\/#website\"},\"primaryImageOfPage\":{\"@id\":\"https:\\\/\\\/blog.myvideomedia.com\\\/de\\\/hotel-palacio-de-monjaraz-in-avila\\\/#primaryimage\"},\"image\":{\"@id\":\"https:\\\/\\\/blog.myvideomedia.com\\\/de\\\/hotel-palacio-de-monjaraz-in-avila\\\/#primaryimage\"},\"thumbnailUrl\":\"https:\\\/\\\/blog.myvideomedia.com\\\/wp-content\\\/uploads\\\/2016\\\/12\\\/Palacio-de-Monjaraz-20160520_114754-c.jpg\",\"datePublished\":\"2016-12-05T11:48:59+00:00\",\"dateModified\":\"2025-06-02T14:25:35+00:00\",\"description\":\"Das Hotel Palacio de Monjaraz liegt innerhalb der Stadtmauern und ist der ideale Ausgangspunkt zur Erkundung der Altstadt von Avila.\",\"breadcrumb\":{\"@id\":\"https:\\\/\\\/blog.myvideomedia.com\\\/de\\\/hotel-palacio-de-monjaraz-in-avila\\\/#breadcrumb\"},\"inLanguage\":\"de\",\"potentialAction\":[{\"@type\":\"ReadAction\",\"target\":[\"https:\\\/\\\/blog.myvideomedia.com\\\/de\\\/hotel-palacio-de-monjaraz-in-avila\\\/\"]}]},{\"@type\":\"ImageObject\",\"inLanguage\":\"de\",\"@id\":\"https:\\\/\\\/blog.myvideomedia.com\\\/de\\\/hotel-palacio-de-monjaraz-in-avila\\\/#primaryimage\",\"url\":\"https:\\\/\\\/blog.myvideomedia.com\\\/wp-content\\\/uploads\\\/2016\\\/12\\\/Palacio-de-Monjaraz-20160520_114754-c.jpg\",\"contentUrl\":\"https:\\\/\\\/blog.myvideomedia.com\\\/wp-content\\\/uploads\\\/2016\\\/12\\\/Palacio-de-Monjaraz-20160520_114754-c.jpg\",\"width\":1280,\"height\":720,\"caption\":\"Hotel Palacio de Monjaraz\"},{\"@type\":\"BreadcrumbList\",\"@id\":\"https:\\\/\\\/blog.myvideomedia.com\\\/de\\\/hotel-palacio-de-monjaraz-in-avila\\\/#breadcrumb\",\"itemListElement\":[{\"@type\":\"ListItem\",\"position\":1,\"name\":\"Home\",\"item\":\"https:\\\/\\\/blog.myvideomedia.com\\\/de\\\/\"},{\"@type\":\"ListItem\",\"position\":2,\"name\":\"Hotel Palacio de Monjaraz in Avila\"}]},{\"@type\":\"WebSite\",\"@id\":\"https:\\\/\\\/blog.myvideomedia.com\\\/de\\\/#website\",\"url\":\"https:\\\/\\\/blog.myvideomedia.com\\\/de\\\/\",\"name\":\"Travel Video Blog\",\"description\":\"myVideoMedia Reisetipps und Reisevideos\",\"publisher\":{\"@id\":\"https:\\\/\\\/blog.myvideomedia.com\\\/de\\\/#\\\/schema\\\/person\\\/87be8fbbed69b1562242448c1c3dcbec\"},\"potentialAction\":[{\"@type\":\"SearchAction\",\"target\":{\"@type\":\"EntryPoint\",\"urlTemplate\":\"https:\\\/\\\/blog.myvideomedia.com\\\/de\\\/?s={search_term_string}\"},\"query-input\":{\"@type\":\"PropertyValueSpecification\",\"valueRequired\":true,\"valueName\":\"search_term_string\"}}],\"inLanguage\":\"de\"},{\"@type\":[\"Person\",\"Organization\"],\"@id\":\"https:\\\/\\\/blog.myvideomedia.com\\\/de\\\/#\\\/schema\\\/person\\\/87be8fbbed69b1562242448c1c3dcbec\",\"name\":\"myVideoMedia\",\"image\":{\"@type\":\"ImageObject\",\"inLanguage\":\"de\",\"@id\":\"https:\\\/\\\/secure.gravatar.com\\\/avatar\\\/460720160715ef8975b781abd1b6985e55ce2f01567bb6757bebd73e7cf74c97?s=96&d=mm&r=g\",\"url\":\"https:\\\/\\\/secure.gravatar.com\\\/avatar\\\/460720160715ef8975b781abd1b6985e55ce2f01567bb6757bebd73e7cf74c97?s=96&d=mm&r=g\",\"contentUrl\":\"https:\\\/\\\/secure.gravatar.com\\\/avatar\\\/460720160715ef8975b781abd1b6985e55ce2f01567bb6757bebd73e7cf74c97?s=96&d=mm&r=g\",\"caption\":\"myVideoMedia\"},\"logo\":{\"@id\":\"https:\\\/\\\/secure.gravatar.com\\\/avatar\\\/460720160715ef8975b781abd1b6985e55ce2f01567bb6757bebd73e7cf74c97?s=96&d=mm&r=g\"},\"description\":\"\\\"The World is a book, and those who do not travel read only a page\\\" - Aurelius Augustinus (354 - 430 AD) Travel is our passion. With our posts and videos we like to inspire people who are planning or preparing for holidays as well as people who simply want to escape from everyday life and dream of faraway countries.\",\"sameAs\":[\"https:\\\/\\\/www.myvideomedia.com\",\"https:\\\/\\\/www.facebook.com\\\/ursula.streit.520\"],\"url\":\"https:\\\/\\\/blog.myvideomedia.com\\\/de\\\/author\\\/traveladm\\\/\"}]}<\/script>\n<!-- \/ Yoast SEO plugin. -->","yoast_head_json":{"title":"Hotel Palacio de Monjaraz in Avila - Spanien - Reise Video Blog","description":"Das Hotel Palacio de Monjaraz liegt innerhalb der Stadtmauern und ist der ideale Ausgangspunkt zur Erkundung der Altstadt von Avila.","robots":{"index":"index","follow":"follow","max-snippet":"max-snippet:-1","max-image-preview":"max-image-preview:large","max-video-preview":"max-video-preview:-1"},"canonical":"https:\/\/blog.myvideomedia.com\/de\/hotel-palacio-de-monjaraz-in-avila\/","og_locale":"de_DE","og_type":"article","og_title":"Hotel Palacio de Monjaraz in Avila - Spanien - Reise Video Blog","og_description":"Das Hotel Palacio de Monjaraz liegt innerhalb der Stadtmauern und ist der ideale Ausgangspunkt zur Erkundung der Altstadt von Avila.","og_url":"https:\/\/blog.myvideomedia.com\/de\/hotel-palacio-de-monjaraz-in-avila\/","og_site_name":"Reise Video Blog","article_publisher":"https:\/\/www.facebook.com\/ursula.streit.520","article_author":"https:\/\/www.facebook.com\/ursula.streit.520","article_published_time":"2016-12-05T11:48:59+00:00","article_modified_time":"2025-06-02T14:25:35+00:00","og_image":[{"width":1280,"height":720,"url":"https:\/\/blog.myvideomedia.com\/wp-content\/uploads\/2016\/12\/Palacio-de-Monjaraz-20160520_114754-c.jpg","type":"image\/jpeg"}],"author":"myVideoMedia","twitter_card":"summary_large_image","twitter_creator":"@myvideomedia","twitter_site":"@myvideomedia","twitter_misc":{"Verfasst von":"myVideoMedia","Gesch\u00e4tzte Lesezeit":"3\u00a0Minuten"},"schema":{"@context":"https:\/\/schema.org","@graph":[{"@type":"Article","@id":"https:\/\/blog.myvideomedia.com\/de\/hotel-palacio-de-monjaraz-in-avila\/#article","isPartOf":{"@id":"https:\/\/blog.myvideomedia.com\/de\/hotel-palacio-de-monjaraz-in-avila\/"},"author":{"name":"myVideoMedia","@id":"https:\/\/blog.myvideomedia.com\/de\/#\/schema\/person\/87be8fbbed69b1562242448c1c3dcbec"},"headline":"Hotel Palacio de Monjaraz in Avila","datePublished":"2016-12-05T11:48:59+00:00","dateModified":"2025-06-02T14:25:35+00:00","mainEntityOfPage":{"@id":"https:\/\/blog.myvideomedia.com\/de\/hotel-palacio-de-monjaraz-in-avila\/"},"wordCount":226,"publisher":{"@id":"https:\/\/blog.myvideomedia.com\/de\/#\/schema\/person\/87be8fbbed69b1562242448c1c3dcbec"},"image":{"@id":"https:\/\/blog.myvideomedia.com\/de\/hotel-palacio-de-monjaraz-in-avila\/#primaryimage"},"thumbnailUrl":"https:\/\/blog.myvideomedia.com\/wp-content\/uploads\/2016\/12\/Palacio-de-Monjaraz-20160520_114754-c.jpg","keywords":["Hotel"],"articleSection":["Avila","Europa","Kastilien","Spanien"],"inLanguage":"de"},{"@type":"WebPage","@id":"https:\/\/blog.myvideomedia.com\/de\/hotel-palacio-de-monjaraz-in-avila\/","url":"https:\/\/blog.myvideomedia.com\/de\/hotel-palacio-de-monjaraz-in-avila\/","name":"Hotel Palacio de Monjaraz in Avila - Spanien - Reise Video Blog","isPartOf":{"@id":"https:\/\/blog.myvideomedia.com\/de\/#website"},"primaryImageOfPage":{"@id":"https:\/\/blog.myvideomedia.com\/de\/hotel-palacio-de-monjaraz-in-avila\/#primaryimage"},"image":{"@id":"https:\/\/blog.myvideomedia.com\/de\/hotel-palacio-de-monjaraz-in-avila\/#primaryimage"},"thumbnailUrl":"https:\/\/blog.myvideomedia.com\/wp-content\/uploads\/2016\/12\/Palacio-de-Monjaraz-20160520_114754-c.jpg","datePublished":"2016-12-05T11:48:59+00:00","dateModified":"2025-06-02T14:25:35+00:00","description":"Das Hotel Palacio de Monjaraz liegt innerhalb der Stadtmauern und ist der ideale Ausgangspunkt zur Erkundung der Altstadt von Avila.","breadcrumb":{"@id":"https:\/\/blog.myvideomedia.com\/de\/hotel-palacio-de-monjaraz-in-avila\/#breadcrumb"},"inLanguage":"de","potentialAction":[{"@type":"ReadAction","target":["https:\/\/blog.myvideomedia.com\/de\/hotel-palacio-de-monjaraz-in-avila\/"]}]},{"@type":"ImageObject","inLanguage":"de","@id":"https:\/\/blog.myvideomedia.com\/de\/hotel-palacio-de-monjaraz-in-avila\/#primaryimage","url":"https:\/\/blog.myvideomedia.com\/wp-content\/uploads\/2016\/12\/Palacio-de-Monjaraz-20160520_114754-c.jpg","contentUrl":"https:\/\/blog.myvideomedia.com\/wp-content\/uploads\/2016\/12\/Palacio-de-Monjaraz-20160520_114754-c.jpg","width":1280,"height":720,"caption":"Hotel Palacio de Monjaraz"},{"@type":"BreadcrumbList","@id":"https:\/\/blog.myvideomedia.com\/de\/hotel-palacio-de-monjaraz-in-avila\/#breadcrumb","itemListElement":[{"@type":"ListItem","position":1,"name":"Home","item":"https:\/\/blog.myvideomedia.com\/de\/"},{"@type":"ListItem","position":2,"name":"Hotel Palacio de Monjaraz in Avila"}]},{"@type":"WebSite","@id":"https:\/\/blog.myvideomedia.com\/de\/#website","url":"https:\/\/blog.myvideomedia.com\/de\/","name":"Travel Video Blog","description":"myVideoMedia Reisetipps und Reisevideos","publisher":{"@id":"https:\/\/blog.myvideomedia.com\/de\/#\/schema\/person\/87be8fbbed69b1562242448c1c3dcbec"},"potentialAction":[{"@type":"SearchAction","target":{"@type":"EntryPoint","urlTemplate":"https:\/\/blog.myvideomedia.com\/de\/?s={search_term_string}"},"query-input":{"@type":"PropertyValueSpecification","valueRequired":true,"valueName":"search_term_string"}}],"inLanguage":"de"},{"@type":["Person","Organization"],"@id":"https:\/\/blog.myvideomedia.com\/de\/#\/schema\/person\/87be8fbbed69b1562242448c1c3dcbec","name":"myVideoMedia","image":{"@type":"ImageObject","inLanguage":"de","@id":"https:\/\/secure.gravatar.com\/avatar\/460720160715ef8975b781abd1b6985e55ce2f01567bb6757bebd73e7cf74c97?s=96&d=mm&r=g","url":"https:\/\/secure.gravatar.com\/avatar\/460720160715ef8975b781abd1b6985e55ce2f01567bb6757bebd73e7cf74c97?s=96&d=mm&r=g","contentUrl":"https:\/\/secure.gravatar.com\/avatar\/460720160715ef8975b781abd1b6985e55ce2f01567bb6757bebd73e7cf74c97?s=96&d=mm&r=g","caption":"myVideoMedia"},"logo":{"@id":"https:\/\/secure.gravatar.com\/avatar\/460720160715ef8975b781abd1b6985e55ce2f01567bb6757bebd73e7cf74c97?s=96&d=mm&r=g"},"description":"\"The World is a book, and those who do not travel read only a page\" - Aurelius Augustinus (354 - 430 AD) Travel is our passion. With our posts and videos we like to inspire people who are planning or preparing for holidays as well as people who simply want to escape from everyday life and dream of faraway countries.","sameAs":["https:\/\/www.myvideomedia.com","https:\/\/www.facebook.com\/ursula.streit.520"],"url":"https:\/\/blog.myvideomedia.com\/de\/author\/traveladm\/"}]}},"featured_image_src":"https:\/\/blog.myvideomedia.com\/wp-content\/uploads\/2016\/12\/Palacio-de-Monjaraz-20160520_114754-c.jpg","featured_image_src_square":"https:\/\/blog.myvideomedia.com\/wp-content\/uploads\/2016\/12\/Palacio-de-Monjaraz-20160520_114754-c.jpg","author_info":{"display_name":"myVideoMedia","author_link":"https:\/\/blog.myvideomedia.com\/de\/author\/traveladm\/"},"_links":{"self":[{"href":"https:\/\/blog.myvideomedia.com\/de\/wp-json\/wp\/v2\/posts\/12983","targetHints":{"allow":["GET"]}}],"collection":[{"href":"https:\/\/blog.myvideomedia.com\/de\/wp-json\/wp\/v2\/posts"}],"about":[{"href":"https:\/\/blog.myvideomedia.com\/de\/wp-json\/wp\/v2\/types\/post"}],"author":[{"embeddable":true,"href":"https:\/\/blog.myvideomedia.com\/de\/wp-json\/wp\/v2\/users\/1"}],"replies":[{"embeddable":true,"href":"https:\/\/blog.myvideomedia.com\/de\/wp-json\/wp\/v2\/comments?post=12983"}],"version-history":[{"count":0,"href":"https:\/\/blog.myvideomedia.com\/de\/wp-json\/wp\/v2\/posts\/12983\/revisions"}],"wp:featuredmedia":[{"embeddable":true,"href":"https:\/\/blog.myvideomedia.com\/de\/wp-json\/wp\/v2\/media\/12974"}],"wp:attachment":[{"href":"https:\/\/blog.myvideomedia.com\/de\/wp-json\/wp\/v2\/media?parent=12983"}],"wp:term":[{"taxonomy":"category","embeddable":true,"href":"https:\/\/blog.myvideomedia.com\/de\/wp-json\/wp\/v2\/categories?post=12983"},{"taxonomy":"post_tag","embeddable":true,"href":"https:\/\/blog.myvideomedia.com\/de\/wp-json\/wp\/v2\/tags?post=12983"}],"curies":[{"name":"wp","href":"https:\/\/api.w.org\/{rel}","templated":true}]}}