{"id":15583,"date":"2017-09-18T12:57:02","date_gmt":"2017-09-18T11:57:02","guid":{"rendered":"https:\/\/blog.myvideomedia.com\/?p=15583"},"modified":"2025-06-05T15:06:32","modified_gmt":"2025-06-05T14:06:32","slug":"von-tallinn-nach-riga-teil1","status":"publish","type":"post","link":"https:\/\/blog.myvideomedia.com\/de\/von-tallinn-nach-riga-teil1\/","title":{"rendered":"Von Tallinn nach Riga &#8211; Teil1"},"content":{"rendered":"\n<div id=\"ez-toc-container\" class=\"ez-toc-v2_0_82_2 counter-hierarchy ez-toc-counter ez-toc-grey ez-toc-container-direction\">\n<div class=\"ez-toc-title-container\">\n<p class=\"ez-toc-title\" style=\"cursor:inherit\">Inhaltsverzeichnis<\/p>\n<span class=\"ez-toc-title-toggle\"><a href=\"#\" class=\"ez-toc-pull-right ez-toc-btn ez-toc-btn-xs ez-toc-btn-default ez-toc-toggle\" aria-label=\"Toggle Table of Content\"><span class=\"ez-toc-js-icon-con\"><span class=\"\"><span class=\"eztoc-hide\" style=\"display:none;\">Toggle<\/span><span class=\"ez-toc-icon-toggle-span\"><svg style=\"fill: #999;color:#999\" xmlns=\"http:\/\/www.w3.org\/2000\/svg\" class=\"list-377408\" width=\"20px\" height=\"20px\" viewBox=\"0 0 24 24\" fill=\"none\"><path d=\"M6 6H4v2h2V6zm14 0H8v2h12V6zM4 11h2v2H4v-2zm16 0H8v2h12v-2zM4 16h2v2H4v-2zm16 0H8v2h12v-2z\" fill=\"currentColor\"><\/path><\/svg><svg style=\"fill: #999;color:#999\" class=\"arrow-unsorted-368013\" xmlns=\"http:\/\/www.w3.org\/2000\/svg\" width=\"10px\" height=\"10px\" viewBox=\"0 0 24 24\" version=\"1.2\" baseProfile=\"tiny\"><path d=\"M18.2 9.3l-6.2-6.3-6.2 6.3c-.2.2-.3.4-.3.7s.1.5.3.7c.2.2.4.3.7.3h11c.3 0 .5-.1.7-.3.2-.2.3-.5.3-.7s-.1-.5-.3-.7zM5.8 14.7l6.2 6.3 6.2-6.3c.2-.2.3-.5.3-.7s-.1-.5-.3-.7c-.2-.2-.4-.3-.7-.3h-11c-.3 0-.5.1-.7.3-.2.2-.3.5-.3.7s.1.5.3.7z\"\/><\/svg><\/span><\/span><\/span><\/a><\/span><\/div>\n<nav><ul class='ez-toc-list ez-toc-list-level-1 ' ><li class='ez-toc-page-1 ez-toc-heading-level-2'><a class=\"ez-toc-link ez-toc-heading-1\" href=\"https:\/\/blog.myvideomedia.com\/de\/von-tallinn-nach-riga-teil1\/#Tallinn_und_das_Internet\" >Tallinn und das Internet<\/a><\/li><li class='ez-toc-page-1 ez-toc-heading-level-2'><a class=\"ez-toc-link ez-toc-heading-2\" href=\"https:\/\/blog.myvideomedia.com\/de\/von-tallinn-nach-riga-teil1\/#Tallinnrigabus\" >Tallinnrigabus<\/a><\/li><li class='ez-toc-page-1 ez-toc-heading-level-2'><a class=\"ez-toc-link ez-toc-heading-3\" href=\"https:\/\/blog.myvideomedia.com\/de\/von-tallinn-nach-riga-teil1\/#Viljandi_Fellin\" >Viljandi (Fellin)<\/a><\/li><li class='ez-toc-page-1 ez-toc-heading-level-2'><a class=\"ez-toc-link ez-toc-heading-4\" href=\"https:\/\/blog.myvideomedia.com\/de\/von-tallinn-nach-riga-teil1\/#Gemeinde_Helme\" >Gemeinde Helme<\/a><\/li><li class='ez-toc-page-1 ez-toc-heading-level-2'><a class=\"ez-toc-link ez-toc-heading-5\" href=\"https:\/\/blog.myvideomedia.com\/de\/von-tallinn-nach-riga-teil1\/#Valga\" >Valga<\/a><\/li><\/ul><\/nav><\/div>\n<h2 class=\"wp-block-heading\"><span class=\"ez-toc-section\" id=\"Tallinn_und_das_Internet\"><\/span>Tallinn und das Internet<span class=\"ez-toc-section-end\"><\/span><\/h2>\n\n\n\n<p>Auch wenn unser Aufenthalt in Tallinn nur kurz war, so haben wir dennoch einen kleinen Eindruck von der Stadt erhalten. Das mittelalterliche Stadtbild ist nach wie vor vom Deutschen Orden und der Hanse gepr\u00e4gt. Fast hat man den Eindruck sich in einer deutschen Stadt zu befinden. Allerdings ist Russisch h\u00e4ufiger zu h\u00f6ren als Deutsch.<\/p>\n\n\n\n<p>Allerdings wollen wir auch ein wenig vom Land kennenlernen, wenn auch unsere M\u00f6glichkeiten sehr beschr\u00e4nkt sind. N\u00e4chste Station auf unserer Reise ist Riga in Lettland. Wir haben schon vor Reiseantritt geh\u00f6rt, dass man hier besser nicht mit dem Zug f\u00e4hrt. Unsere Recherchen im Internet f\u00fchren uns zu einem Unternehmen, dass sich auf die Strecke Tallinn \u2013 Riga spezialisiert hat, es ist tallinrigabus. Sie versprechen eine Fahrt in einem Kleinbus und machen unterwegs mehrere Stopps, um ein wenig vom Land zu zeigen. Wir erkundigen uns bei der Tourismus-Information und tats\u00e4chlich reservieren sie uns telefonisch zwei Pl\u00e4tze im Bus. Treffpunkt ist am n\u00e4chsten Tag vor der Tourismus-Information. Wir sind noch etwas skeptisch, da wir keinerlei schriftliche Zusage haben, aber es klappt alles wunderbar. Am n\u00e4chsten Tag kommt der Bus wie angek\u00fcndigt und nimmt uns auf.<\/p>\n\n\n\n<p>Vielleicht funktioniert alles deswegen so problemlos, da man in Estland gr\u00f6\u00dften Teils zugunsten des Internets auf den Schriftverkehr verzichtet. Mit Beh\u00f6rden wird ausschlie\u00dflich \u00fcber das Internet kommuniziert. Das mittelalterliche Stadtbild von Tallinn steht in v\u00f6lligem Widerspruch zu dem innovativen Verhalten im Internet. Estland gilt als das im Internet innovativste Land in der Europ\u00e4ischen Union. Estland ist f\u00fchrend bei e-Government und bei e-Residency. Bereits fr\u00fcher hat sich Estland hervorgetan: Skype ist ein estnisches Produkt.<\/p>\n\n\n\n<h2 class=\"wp-block-heading\"><span class=\"ez-toc-section\" id=\"Tallinnrigabus\"><\/span>Tallinnrigabus<span class=\"ez-toc-section-end\"><\/span><\/h2>\n\n\n\n<p>Das Unternehmen f\u00e4hrt t\u00e4glich die Strecke Tallinn nach Riga und nat\u00fcrlich auch zur\u00fcck. Eine Fahrt dauert 12 Stunden und es sind 6 Stopps eingeplant. Im ersten Teil zeigen wir die Strecke von Tallinn bis Valga, das an der Grenze zwischen Estland und Lettland liegt.<\/p>\n\n\n<div class=\"wp-block-image\">\n<figure class=\"aligncenter\"><img loading=\"lazy\" decoding=\"async\" width=\"600\" height=\"338\" src=\"https:\/\/blog.myvideomedia.com\/wp-content\/uploads\/2017\/09\/Tallinn-to-Riga-1-Estland_021-600x338.jpg\" alt=\"Tallinn nach Riga-Teil1\" class=\"wp-image-15593\" srcset=\"https:\/\/blog.myvideomedia.com\/wp-content\/uploads\/2017\/09\/Tallinn-to-Riga-1-Estland_021-600x338.jpg 600w, https:\/\/blog.myvideomedia.com\/wp-content\/uploads\/2017\/09\/Tallinn-to-Riga-1-Estland_021-768x432.jpg 768w, https:\/\/blog.myvideomedia.com\/wp-content\/uploads\/2017\/09\/Tallinn-to-Riga-1-Estland_021-1260x709.jpg 1260w, https:\/\/blog.myvideomedia.com\/wp-content\/uploads\/2017\/09\/Tallinn-to-Riga-1-Estland_021.jpg 1280w\" sizes=\"auto, (max-width: 600px) 100vw, 600px\" \/><\/figure>\n<\/div>\n\n\n<p>Unser Bus wird von Olga Loitsenko, einer sehr jungen Fahrerin gefahren, die ausgezeichnet Englisch spricht. Auf unsere Frage, wo sie das gelernt hat, erkl\u00e4rt sie uns, dass sie Englisch im Fernsehen gelernt hat.<\/p>\n\n\n\n<p>In Estland werden viele Filme in englischer Originalsprache ausgesendet und nur mit Untertitel versehen. Dadurch lernen viele junge Menschen auf diesem Weg die Sprache.<\/p>\n\n\n<div class=\"wp-block-image\">\n<figure class=\"aligncenter\"><img loading=\"lazy\" decoding=\"async\" width=\"600\" height=\"338\" src=\"https:\/\/blog.myvideomedia.com\/wp-content\/uploads\/2017\/09\/Tallinn-to-Riga-1-Estland_020-600x338.jpg\" alt=\"Tallinn nach Riga-Teil1\" class=\"wp-image-15595\" srcset=\"https:\/\/blog.myvideomedia.com\/wp-content\/uploads\/2017\/09\/Tallinn-to-Riga-1-Estland_020-600x338.jpg 600w, https:\/\/blog.myvideomedia.com\/wp-content\/uploads\/2017\/09\/Tallinn-to-Riga-1-Estland_020-768x432.jpg 768w, https:\/\/blog.myvideomedia.com\/wp-content\/uploads\/2017\/09\/Tallinn-to-Riga-1-Estland_020-1260x709.jpg 1260w, https:\/\/blog.myvideomedia.com\/wp-content\/uploads\/2017\/09\/Tallinn-to-Riga-1-Estland_020.jpg 1280w\" sizes=\"auto, (max-width: 600px) 100vw, 600px\" \/><\/figure>\n<\/div>\n\n\n<p>Wir erfahren auch, dass es in Estland zwei unterschiedliche Arten von Einwohnern gibt. Es gibt B\u00fcrger und Nichtb\u00fcrger. Als Nichtb\u00fcrger wird die russisch sprechende Minderheit bezeichnet.<\/p>\n\n\n\n<p>Sie k\u00f6nnen sich nur nach einem Sprachtest einb\u00fcrgern lassen und bekommen dann einen estnischen Pass. Der Sprachtest soll sehr schwierig sein. Allerdings k\u00f6nnen die Nichtb\u00fcrger visafrei nach Russland und nach Estland reisen.<\/p>\n\n\n<div class=\"wp-block-image\">\n<figure class=\"aligncenter\"><img loading=\"lazy\" decoding=\"async\" width=\"600\" height=\"338\" src=\"https:\/\/blog.myvideomedia.com\/wp-content\/uploads\/2017\/09\/Tallinn-to-Riga-1-Estland_023-c-600x338.jpg\" alt=\"Tallinn nach Riga-Teil1\" class=\"wp-image-15589\" srcset=\"https:\/\/blog.myvideomedia.com\/wp-content\/uploads\/2017\/09\/Tallinn-to-Riga-1-Estland_023-c-600x338.jpg 600w, https:\/\/blog.myvideomedia.com\/wp-content\/uploads\/2017\/09\/Tallinn-to-Riga-1-Estland_023-c-768x432.jpg 768w, https:\/\/blog.myvideomedia.com\/wp-content\/uploads\/2017\/09\/Tallinn-to-Riga-1-Estland_023-c-1260x709.jpg 1260w, https:\/\/blog.myvideomedia.com\/wp-content\/uploads\/2017\/09\/Tallinn-to-Riga-1-Estland_023-c.jpg 1280w\" sizes=\"auto, (max-width: 600px) 100vw, 600px\" \/><\/figure>\n<\/div>\n\n\n<p>Als wir losfahren passieren wir in Tallinn auch das Schnitzelhaus, in dem wir zum Essen waren, Das Essen ist sehr empfehlenswert. Die Wirtin hat ein Jahr in Bayern gearbeitet und der Koch ist Bayer. Leider haben wir ihn nicht kennengelernt.<\/p>\n\n\n\n<p>Die Wirtin haben wir aber gefragt, ob sich die Esten heute als Europ\u00e4er f\u00fchlen. Nach einer Verlegenheitspause meinte sie eher nicht. Fr\u00fcher haben die Russen hier bestimmt, heute ist es die EU. Die Antwort hat uns doch etwas nachdenklich gestimmt. Wenn man aus dem Baltikum nach Milit\u00e4rpr\u00e4senz ruft, dann h\u00f6rt sich alles etwas anders an.<\/p>\n\n\n\n<h2 class=\"wp-block-heading\"><span class=\"ez-toc-section\" id=\"Viljandi_Fellin\"><\/span>Viljandi (Fellin)<span class=\"ez-toc-section-end\"><\/span><\/h2>\n\n\n\n<p>Die ersten 160 km f\u00fchren haupts\u00e4chlich durch flaches Land. Weite Wald- und Wiesenabschnitte kennzeichnen die Region. Uns fallen die Erz\u00e4hlungen ein von Vertriebenen aus Schlesien, die sich nach dem 2. Weltkrieg hier durchschlagen mussten. Viele Kinder waren allein gestellt und konnten nur \u00fcberleben, da ihnen die Bauern Arbeit und eine Unterkunft gaben, bis sie wieder einen Abschnitt weiter ziehen konnten.<\/p>\n\n\n\n<p>Dann erreichen wir Viljandi.<\/p>\n\n\n<div class=\"wp-block-image\">\n<figure class=\"aligncenter\"><img loading=\"lazy\" decoding=\"async\" width=\"600\" height=\"338\" src=\"https:\/\/blog.myvideomedia.com\/wp-content\/uploads\/2017\/09\/Tallinn-to-Riga-Part-1-20160802_112709-c-600x338.jpg\" alt=\"Tallinn nach Riga-Teil1\" class=\"wp-image-15570\" srcset=\"https:\/\/blog.myvideomedia.com\/wp-content\/uploads\/2017\/09\/Tallinn-to-Riga-Part-1-20160802_112709-c-600x338.jpg 600w, https:\/\/blog.myvideomedia.com\/wp-content\/uploads\/2017\/09\/Tallinn-to-Riga-Part-1-20160802_112709-c-768x432.jpg 768w, https:\/\/blog.myvideomedia.com\/wp-content\/uploads\/2017\/09\/Tallinn-to-Riga-Part-1-20160802_112709-c-1260x709.jpg 1260w, https:\/\/blog.myvideomedia.com\/wp-content\/uploads\/2017\/09\/Tallinn-to-Riga-Part-1-20160802_112709-c.jpg 1280w\" sizes=\"auto, (max-width: 600px) 100vw, 600px\" \/><\/figure>\n<\/div>\n\n\n<p>Gro\u00dfe rote Erdbeeren aus Beton pr\u00e4gen das Stra\u00dfenbild. Sie weisen den Weg zum Kondas-Zentrum f\u00fcr naive Kunst. Das Zentrum ist dem naiven Maler Paul Kondas benannt, der durch sein Gem\u00e4lde \u201eDie Erdbeeresser\u201c ber\u00fchmt wurde.<\/p>\n\n\n\n<p>Erste Siedlungsspuren in Viljandi sind bereits 7000 Jahre alt, doch die erste schriftliche Erw\u00e4hnung erfolgte 1154. 1224 wurde hier eine m\u00e4chtige Ordensburg errichtet, die zeitweise als die gr\u00f6\u00dfte des Baltikums galt. Anfang des 17 Jahrhundert wurde sie im Polnisch-Russischen Krieg weitestgehend zerst\u00f6rt.<\/p>\n\n\n<div class=\"wp-block-image\">\n<figure class=\"aligncenter\"><img loading=\"lazy\" decoding=\"async\" width=\"600\" height=\"338\" src=\"https:\/\/blog.myvideomedia.com\/wp-content\/uploads\/2017\/09\/Tallinn-to-Riga-Part-1-20160802_114058-c-600x338.jpg\" alt=\"Tallinn nach Riga-Teil1\" class=\"wp-image-15572\" srcset=\"https:\/\/blog.myvideomedia.com\/wp-content\/uploads\/2017\/09\/Tallinn-to-Riga-Part-1-20160802_114058-c-600x338.jpg 600w, https:\/\/blog.myvideomedia.com\/wp-content\/uploads\/2017\/09\/Tallinn-to-Riga-Part-1-20160802_114058-c-768x432.jpg 768w, https:\/\/blog.myvideomedia.com\/wp-content\/uploads\/2017\/09\/Tallinn-to-Riga-Part-1-20160802_114058-c-1260x709.jpg 1260w, https:\/\/blog.myvideomedia.com\/wp-content\/uploads\/2017\/09\/Tallinn-to-Riga-Part-1-20160802_114058-c.jpg 1280w\" sizes=\"auto, (max-width: 600px) 100vw, 600px\" \/><\/figure>\n<\/div>\n\n\n<p>Bevor wir die Reste der Burg erreichen sto\u00dfen wir auf das Reiterdenkmal von Johan Laidoner. Er war Oberbefehlshaber der nationalen estnischen Streitkr\u00e4fte im Estnischen Freiheitskrieg von 1918 bis 1920.<\/p>\n\n\n\n<p>Er verhinderte einen kommunistischen Putschversuch 1924 und st\u00fctzte das autorit\u00e4re Regime von Pr\u00e4sident P\u00e4ts von 1934 bis 1940. Dadurch verhinderte er eine faschistische Macht\u00fcbernahme, jedoch wurden die individuellen Freiheitsrechte stark eingeschr\u00e4nkt.<\/p>\n\n\n\n<p>1940 wurde er nach der Besetzung durch russische Truppen vom sowjetischen Innenministerium verhaftet. Er starb nach dem Aufenthalt in verschiedenen russischen Gef\u00e4ngnissen 1953 im Gef\u00e4ngnis von Wladimir bei Kirow. Vielen Esten gilt er als Patriot und Freiheitsk\u00e4mpfer.<\/p>\n\n\n\n<p><a rel=\"noopener nofollow noreferrer\" href=\"https:\/\/youtu.be\/525O347Jq8M\" target=\"_blank\">Hier sehen Sie das 4K UHD Video<\/a><\/p>\n\n\n\n<figure> <div class=\"brlbs-cmpnt-container brlbs-cmpnt-content-blocker brlbs-cmpnt-with-individual-styles\" data-borlabs-cookie-content-blocker-id=\"youtube-content-blocker\" data-borlabs-cookie-content=\"PGlmcmFtZSBzcmM9Imh0dHBzOi8vd3d3LnlvdXR1YmUtbm9jb29raWUuY29tL2VtYmVkLzUyNU8zNDdKcThNIiB3aWR0aD0iNjAwIiBoZWlnaHQ9IjMzOCI+PC9pZnJhbWU+\"><div class=\"brlbs-cmpnt-cb-preset-c brlbs-cmpnt-cb-youtube\"> <div class=\"brlbs-cmpnt-cb-thumbnail\" style=\"background-image: url('https:\/\/blog.myvideomedia.com\/wp-content\/uploads\/borlabs-cookie\/1\/yt_525O347Jq8M_hqdefault.jpg')\"><\/div> <div class=\"brlbs-cmpnt-cb-main\"> <div class=\"brlbs-cmpnt-cb-play-button\"><\/div> <div class=\"brlbs-cmpnt-cb-content\"> <p class=\"brlbs-cmpnt-cb-description\">Sie sehen gerade einen Platzhalterinhalt von <strong>YouTube<\/strong>. Um auf den eigentlichen Inhalt zuzugreifen, klicken Sie auf die Schaltfl\u00e4che unten. Bitte beachten Sie, dass dabei Daten an Drittanbieter weitergegeben werden.<\/p> <a class=\"brlbs-cmpnt-cb-provider-toggle\" href=\"#\" data-borlabs-cookie-show-provider-information role=\"button\">Mehr Informationen<\/a> <\/div> <div class=\"brlbs-cmpnt-cb-buttons\"> <a class=\"brlbs-cmpnt-cb-btn\" href=\"#\" data-borlabs-cookie-unblock role=\"button\">Inhalt entsperren<\/a> <a class=\"brlbs-cmpnt-cb-btn\" href=\"#\" data-borlabs-cookie-accept-service role=\"button\" style=\"display: inherit\">Erforderlichen Service akzeptieren und Inhalte entsperren<\/a> <\/div> <\/div> <\/div><\/div><\/figure>\n\n\n\n<p>Gegen\u00fcber seinem Denkmal wurde eine Freilichtb\u00fchne errichtet, auf der j\u00e4hrlich das international bekannte \u201eViljandi Folk Music Festival\u201c stattfindet.<\/p>\n\n\n<div class=\"wp-block-image\">\n<figure class=\"aligncenter\"><img loading=\"lazy\" decoding=\"async\" width=\"480\" height=\"600\" src=\"https:\/\/blog.myvideomedia.com\/wp-content\/uploads\/2017\/09\/Tallinn-to-Riga-Part-1-20160802_114605-c-480x600.jpg\" alt=\"Tallinn nach Riga-Teil1\" class=\"wp-image-15576\" srcset=\"https:\/\/blog.myvideomedia.com\/wp-content\/uploads\/2017\/09\/Tallinn-to-Riga-Part-1-20160802_114605-c-480x600.jpg 480w, https:\/\/blog.myvideomedia.com\/wp-content\/uploads\/2017\/09\/Tallinn-to-Riga-Part-1-20160802_114605-c-768x961.jpg 768w, https:\/\/blog.myvideomedia.com\/wp-content\/uploads\/2017\/09\/Tallinn-to-Riga-Part-1-20160802_114605-c-1007x1260.jpg 1007w, https:\/\/blog.myvideomedia.com\/wp-content\/uploads\/2017\/09\/Tallinn-to-Riga-Part-1-20160802_114605-c.jpg 1023w\" sizes=\"auto, (max-width: 480px) 100vw, 480px\" \/><\/figure>\n<\/div>\n\n\n<p>Danach \u00fcberqueren wir auf der H\u00e4ngebr\u00fccke von Viljandi ein 15 m tiefes Tal, um die Reste der Burg zu erreichen. Die Br\u00fccke wurde 1879 von der Fa. Felser &amp; Co in Riga f\u00fcr den den Graben in Tarvastu hergestellt.<\/p>\n\n\n\n<p>1930 schenkte Karl von Mesenkampff die Br\u00fccke der Stadt Viljandi. Sie ist 50 m lang und wurde zu einem wichtigen Symbol der Stadt.<\/p>\n\n\n\n<p>W\u00e4hrend der Besichtigung der Reste der Burg \u00fcberzieht ein Schauer die Landschaft, so dass wir in einem alten Gem\u00e4uer Zuflucht suchen m\u00fcssen.<\/p>\n\n\n\n<h2 class=\"wp-block-heading\"><span class=\"ez-toc-section\" id=\"Gemeinde_Helme\"><\/span>Gemeinde Helme<span class=\"ez-toc-section-end\"><\/span><\/h2>\n\n\n\n<p>N\u00e4chste Station sind die Sandsteinh\u00f6hlen von Helme. Doch bevor wir sie erreichen \u00fcberrascht uns auch hier ein Regenschauer. So sehen wir auch hier nur die Reste einer alten Burg.<\/p>\n\n\n<div class=\"wp-block-image\">\n<figure class=\"aligncenter\"><img loading=\"lazy\" decoding=\"async\" width=\"600\" height=\"338\" src=\"https:\/\/blog.myvideomedia.com\/wp-content\/uploads\/2017\/09\/Tallinn-to-Riga-Part-1-20160802_131007-c-600x338.jpg\" alt=\"Tallinn nach Riga-Teil1\" class=\"wp-image-15582\" srcset=\"https:\/\/blog.myvideomedia.com\/wp-content\/uploads\/2017\/09\/Tallinn-to-Riga-Part-1-20160802_131007-c-600x338.jpg 600w, https:\/\/blog.myvideomedia.com\/wp-content\/uploads\/2017\/09\/Tallinn-to-Riga-Part-1-20160802_131007-c-768x432.jpg 768w, https:\/\/blog.myvideomedia.com\/wp-content\/uploads\/2017\/09\/Tallinn-to-Riga-Part-1-20160802_131007-c-1260x709.jpg 1260w, https:\/\/blog.myvideomedia.com\/wp-content\/uploads\/2017\/09\/Tallinn-to-Riga-Part-1-20160802_131007-c.jpg 1280w\" sizes=\"auto, (max-width: 600px) 100vw, 600px\" \/><\/figure>\n<\/div>\n\n\n<h2 class=\"wp-block-heading\"><span class=\"ez-toc-section\" id=\"Valga\"><\/span>Valga<span class=\"ez-toc-section-end\"><\/span><\/h2>\n\n\n\n<p>Wir beschlie\u00dfen umgehend nach Valga weiterzufahren.<\/p>\n\n\n<div class=\"wp-block-image\">\n<figure class=\"aligncenter\"><img loading=\"lazy\" decoding=\"async\" width=\"600\" height=\"338\" src=\"https:\/\/blog.myvideomedia.com\/wp-content\/uploads\/2017\/09\/Tallinn-to-Riga-1-Estland_019-600x338.jpg\" alt=\"Tallinn nach Riga-Teil1\" class=\"wp-image-15597\" srcset=\"https:\/\/blog.myvideomedia.com\/wp-content\/uploads\/2017\/09\/Tallinn-to-Riga-1-Estland_019-600x338.jpg 600w, https:\/\/blog.myvideomedia.com\/wp-content\/uploads\/2017\/09\/Tallinn-to-Riga-1-Estland_019-768x432.jpg 768w, https:\/\/blog.myvideomedia.com\/wp-content\/uploads\/2017\/09\/Tallinn-to-Riga-1-Estland_019-1260x709.jpg 1260w, https:\/\/blog.myvideomedia.com\/wp-content\/uploads\/2017\/09\/Tallinn-to-Riga-1-Estland_019.jpg 1280w\" sizes=\"auto, (max-width: 600px) 100vw, 600px\" \/><\/figure>\n<\/div>\n\n\n<p>In der Ortsmitte machen wir einen kurzen Stopp bei der Schule, die gerade renoviert wird. Eine Teilnehmerin unserer Busfahrt hat hier ihre Jugend verbracht.<\/p>\n\n\n<div class=\"wp-block-image\">\n<figure class=\"aligncenter\"><img loading=\"lazy\" decoding=\"async\" width=\"600\" height=\"338\" src=\"https:\/\/blog.myvideomedia.com\/wp-content\/uploads\/2017\/09\/Tallinn-to-Riga-1-Estland_018-600x338.jpg\" alt=\"Tallinn nach Riga-Teil1\" class=\"wp-image-15599\" srcset=\"https:\/\/blog.myvideomedia.com\/wp-content\/uploads\/2017\/09\/Tallinn-to-Riga-1-Estland_018-600x338.jpg 600w, https:\/\/blog.myvideomedia.com\/wp-content\/uploads\/2017\/09\/Tallinn-to-Riga-1-Estland_018-768x432.jpg 768w, https:\/\/blog.myvideomedia.com\/wp-content\/uploads\/2017\/09\/Tallinn-to-Riga-1-Estland_018-1260x709.jpg 1260w, https:\/\/blog.myvideomedia.com\/wp-content\/uploads\/2017\/09\/Tallinn-to-Riga-1-Estland_018.jpg 1280w\" sizes=\"auto, (max-width: 600px) 100vw, 600px\" \/><\/figure>\n<\/div>\n\n\n<p>Danach bekommen wir ein k\u00f6stliches Mittagessen im Hotel Metsis. Pr\u00e4parierte Tiere aus Russland und Afrika zeugen von der Jagdleidenschaft des Hotelbesitzers.<\/p>\n\n\n<div class=\"wp-block-image\">\n<figure class=\"aligncenter\"><img loading=\"lazy\" decoding=\"async\" width=\"600\" height=\"338\" src=\"https:\/\/blog.myvideomedia.com\/wp-content\/uploads\/2017\/09\/Tallinn-to-Riga-Part-1-20160802_151900-c-600x338.jpg\" alt=\"Tallinn nach Riga-Teil1\" class=\"wp-image-15580\" srcset=\"https:\/\/blog.myvideomedia.com\/wp-content\/uploads\/2017\/09\/Tallinn-to-Riga-Part-1-20160802_151900-c-600x338.jpg 600w, https:\/\/blog.myvideomedia.com\/wp-content\/uploads\/2017\/09\/Tallinn-to-Riga-Part-1-20160802_151900-c-768x432.jpg 768w, https:\/\/blog.myvideomedia.com\/wp-content\/uploads\/2017\/09\/Tallinn-to-Riga-Part-1-20160802_151900-c-1260x709.jpg 1260w, https:\/\/blog.myvideomedia.com\/wp-content\/uploads\/2017\/09\/Tallinn-to-Riga-Part-1-20160802_151900-c.jpg 1280w\" sizes=\"auto, (max-width: 600px) 100vw, 600px\" \/><\/figure>\n<\/div>\n\n\n<p>Am Ortsausgang \u00fcberqueren wir die Grenze nach Lettland.<\/p>\n\n\n\n<p>Bitte lesen Sie weiter &gt; <a href=\"https:\/\/blog.myvideomedia.com\/de\/von-tallinn-nach-riga-teil-2\/\">Von Tallinn nach Riga &#8211; Teil2<\/a><\/p>\n\n\n\n<p>Pin it &#8211; f\u00fcr sp\u00e4ter merken<figure><img loading=\"lazy\" decoding=\"async\" class=\"aligncenter size-medium wp-image-15603\" src=\"https:\/\/blog.myvideomedia.com\/wp-content\/uploads\/2017\/09\/Tallinn-to-Riga-1-pin-it-400x600.jpg\" alt=\"Tallinn nach Riga-Teil1\" width=\"400\" height=\"600\" srcset=\"https:\/\/blog.myvideomedia.com\/wp-content\/uploads\/2017\/09\/Tallinn-to-Riga-1-pin-it-400x600.jpg 400w, https:\/\/blog.myvideomedia.com\/wp-content\/uploads\/2017\/09\/Tallinn-to-Riga-1-pin-it.jpg 735w\" sizes=\"auto, (max-width: 400px) 100vw, 400px\" \/><\/figure><\/p>\n\n\n\n<p>Text, Fotos und Video: Copyright \u00a9 <a href=\"https:\/\/www.myvideomedia.com\/de\" target=\"_blank\" rel=\"noopener noreferrer\">myVideoMedia<\/a><\/p>\n","protected":false},"excerpt":{"rendered":"<p>Tallinn und das Internet Auch wenn unser Aufenthalt in Tallinn nur kurz war, so haben wir dennoch einen kleinen Eindruck von der Stadt erhalten. Das mittelalterliche Stadtbild ist nach wie vor vom Deutschen Orden und der Hanse gepr\u00e4gt. Fast hat man den Eindruck sich in einer deutschen Stadt zu befinden. Allerdings ist Russisch h\u00e4ufiger zu [&hellip;]<\/p>\n","protected":false},"author":1,"featured_media":15570,"comment_status":"closed","ping_status":"closed","sticky":false,"template":"","format":"standard","meta":{"_genesis_hide_title":false,"_genesis_hide_breadcrumbs":false,"_genesis_hide_singular_image":false,"_genesis_hide_footer_widgets":false,"_genesis_custom_body_class":"","_genesis_custom_post_class":"","_genesis_layout":"","footnotes":""},"categories":[861,1550],"tags":[692],"class_list":{"0":"post-15583","1":"post","2":"type-post","3":"status-publish","4":"format-standard","5":"has-post-thumbnail","7":"category-estland","8":"category-europa","9":"tag-autofahrt","10":"entry"},"yoast_head":"<!-- This site is optimized with the Yoast SEO plugin v27.4 - https:\/\/yoast.com\/product\/yoast-seo-wordpress\/ -->\n<title>Von Tallinn nach Riga - Teil1 - Reise Video Blog<\/title>\n<meta name=\"description\" content=\"Tallinn nach Riga Teil1, zeigt die Strecke von Tallinn bis Valga, das an der Grenze zwischen Estland und Lettland liegt.\" \/>\n<meta name=\"robots\" content=\"index, follow, max-snippet:-1, max-image-preview:large, max-video-preview:-1\" \/>\n<link rel=\"canonical\" href=\"https:\/\/blog.myvideomedia.com\/de\/von-tallinn-nach-riga-teil1\/\" \/>\n<meta property=\"og:locale\" content=\"de_DE\" \/>\n<meta property=\"og:type\" content=\"article\" \/>\n<meta property=\"og:title\" content=\"Von Tallinn nach Riga - Teil1 - Reise Video Blog\" \/>\n<meta property=\"og:description\" content=\"Tallinn nach Riga Teil1, zeigt die Strecke von Tallinn bis Valga, das an der Grenze zwischen Estland und Lettland liegt.\" \/>\n<meta property=\"og:url\" content=\"https:\/\/blog.myvideomedia.com\/de\/von-tallinn-nach-riga-teil1\/\" \/>\n<meta property=\"og:site_name\" content=\"Reise Video Blog\" \/>\n<meta property=\"article:publisher\" content=\"https:\/\/www.facebook.com\/ursula.streit.520\" \/>\n<meta property=\"article:author\" content=\"https:\/\/www.facebook.com\/ursula.streit.520\" \/>\n<meta property=\"article:published_time\" content=\"2017-09-18T11:57:02+00:00\" \/>\n<meta property=\"article:modified_time\" content=\"2025-06-05T14:06:32+00:00\" \/>\n<meta property=\"og:image\" content=\"https:\/\/blog.myvideomedia.com\/wp-content\/uploads\/2017\/09\/Tallinn-to-Riga-Part-1-20160802_112709-c.jpg\" \/>\n\t<meta property=\"og:image:width\" content=\"1280\" \/>\n\t<meta property=\"og:image:height\" content=\"720\" \/>\n\t<meta property=\"og:image:type\" content=\"image\/jpeg\" \/>\n<meta name=\"author\" content=\"myVideoMedia\" \/>\n<meta name=\"twitter:card\" content=\"summary_large_image\" \/>\n<meta name=\"twitter:creator\" content=\"@myvideomedia\" \/>\n<meta name=\"twitter:site\" content=\"@myvideomedia\" \/>\n<meta name=\"twitter:label1\" content=\"Verfasst von\" \/>\n\t<meta name=\"twitter:data1\" content=\"myVideoMedia\" \/>\n\t<meta name=\"twitter:label2\" content=\"Gesch\u00e4tzte Lesezeit\" \/>\n\t<meta name=\"twitter:data2\" content=\"8\u00a0Minuten\" \/>\n<script type=\"application\/ld+json\" class=\"yoast-schema-graph\">{\"@context\":\"https:\\\/\\\/schema.org\",\"@graph\":[{\"@type\":\"Article\",\"@id\":\"https:\\\/\\\/blog.myvideomedia.com\\\/de\\\/von-tallinn-nach-riga-teil1\\\/#article\",\"isPartOf\":{\"@id\":\"https:\\\/\\\/blog.myvideomedia.com\\\/de\\\/von-tallinn-nach-riga-teil1\\\/\"},\"author\":{\"name\":\"myVideoMedia\",\"@id\":\"https:\\\/\\\/blog.myvideomedia.com\\\/de\\\/#\\\/schema\\\/person\\\/87be8fbbed69b1562242448c1c3dcbec\"},\"headline\":\"Von Tallinn nach Riga &#8211; Teil1\",\"datePublished\":\"2017-09-18T11:57:02+00:00\",\"dateModified\":\"2025-06-05T14:06:32+00:00\",\"mainEntityOfPage\":{\"@id\":\"https:\\\/\\\/blog.myvideomedia.com\\\/de\\\/von-tallinn-nach-riga-teil1\\\/\"},\"wordCount\":1048,\"publisher\":{\"@id\":\"https:\\\/\\\/blog.myvideomedia.com\\\/de\\\/#\\\/schema\\\/person\\\/87be8fbbed69b1562242448c1c3dcbec\"},\"image\":{\"@id\":\"https:\\\/\\\/blog.myvideomedia.com\\\/de\\\/von-tallinn-nach-riga-teil1\\\/#primaryimage\"},\"thumbnailUrl\":\"https:\\\/\\\/blog.myvideomedia.com\\\/wp-content\\\/uploads\\\/2017\\\/09\\\/Tallinn-to-Riga-Part-1-20160802_112709-c.jpg\",\"keywords\":[\"mit dem Auto\"],\"articleSection\":[\"Estland\",\"Europa\"],\"inLanguage\":\"de\"},{\"@type\":\"WebPage\",\"@id\":\"https:\\\/\\\/blog.myvideomedia.com\\\/de\\\/von-tallinn-nach-riga-teil1\\\/\",\"url\":\"https:\\\/\\\/blog.myvideomedia.com\\\/de\\\/von-tallinn-nach-riga-teil1\\\/\",\"name\":\"Von Tallinn nach Riga - Teil1 - Reise Video Blog\",\"isPartOf\":{\"@id\":\"https:\\\/\\\/blog.myvideomedia.com\\\/de\\\/#website\"},\"primaryImageOfPage\":{\"@id\":\"https:\\\/\\\/blog.myvideomedia.com\\\/de\\\/von-tallinn-nach-riga-teil1\\\/#primaryimage\"},\"image\":{\"@id\":\"https:\\\/\\\/blog.myvideomedia.com\\\/de\\\/von-tallinn-nach-riga-teil1\\\/#primaryimage\"},\"thumbnailUrl\":\"https:\\\/\\\/blog.myvideomedia.com\\\/wp-content\\\/uploads\\\/2017\\\/09\\\/Tallinn-to-Riga-Part-1-20160802_112709-c.jpg\",\"datePublished\":\"2017-09-18T11:57:02+00:00\",\"dateModified\":\"2025-06-05T14:06:32+00:00\",\"description\":\"Tallinn nach Riga Teil1, zeigt die Strecke von Tallinn bis Valga, das an der Grenze zwischen Estland und Lettland liegt.\",\"breadcrumb\":{\"@id\":\"https:\\\/\\\/blog.myvideomedia.com\\\/de\\\/von-tallinn-nach-riga-teil1\\\/#breadcrumb\"},\"inLanguage\":\"de\",\"potentialAction\":[{\"@type\":\"ReadAction\",\"target\":[\"https:\\\/\\\/blog.myvideomedia.com\\\/de\\\/von-tallinn-nach-riga-teil1\\\/\"]}]},{\"@type\":\"ImageObject\",\"inLanguage\":\"de\",\"@id\":\"https:\\\/\\\/blog.myvideomedia.com\\\/de\\\/von-tallinn-nach-riga-teil1\\\/#primaryimage\",\"url\":\"https:\\\/\\\/blog.myvideomedia.com\\\/wp-content\\\/uploads\\\/2017\\\/09\\\/Tallinn-to-Riga-Part-1-20160802_112709-c.jpg\",\"contentUrl\":\"https:\\\/\\\/blog.myvideomedia.com\\\/wp-content\\\/uploads\\\/2017\\\/09\\\/Tallinn-to-Riga-Part-1-20160802_112709-c.jpg\",\"width\":1280,\"height\":720,\"caption\":\"Tallinn nach Riga-Teil1\"},{\"@type\":\"BreadcrumbList\",\"@id\":\"https:\\\/\\\/blog.myvideomedia.com\\\/de\\\/von-tallinn-nach-riga-teil1\\\/#breadcrumb\",\"itemListElement\":[{\"@type\":\"ListItem\",\"position\":1,\"name\":\"Home\",\"item\":\"https:\\\/\\\/blog.myvideomedia.com\\\/de\\\/\"},{\"@type\":\"ListItem\",\"position\":2,\"name\":\"Von Tallinn nach Riga &#8211; Teil1\"}]},{\"@type\":\"WebSite\",\"@id\":\"https:\\\/\\\/blog.myvideomedia.com\\\/de\\\/#website\",\"url\":\"https:\\\/\\\/blog.myvideomedia.com\\\/de\\\/\",\"name\":\"Travel Video Blog\",\"description\":\"myVideoMedia Reisetipps und Reisevideos\",\"publisher\":{\"@id\":\"https:\\\/\\\/blog.myvideomedia.com\\\/de\\\/#\\\/schema\\\/person\\\/87be8fbbed69b1562242448c1c3dcbec\"},\"potentialAction\":[{\"@type\":\"SearchAction\",\"target\":{\"@type\":\"EntryPoint\",\"urlTemplate\":\"https:\\\/\\\/blog.myvideomedia.com\\\/de\\\/?s={search_term_string}\"},\"query-input\":{\"@type\":\"PropertyValueSpecification\",\"valueRequired\":true,\"valueName\":\"search_term_string\"}}],\"inLanguage\":\"de\"},{\"@type\":[\"Person\",\"Organization\"],\"@id\":\"https:\\\/\\\/blog.myvideomedia.com\\\/de\\\/#\\\/schema\\\/person\\\/87be8fbbed69b1562242448c1c3dcbec\",\"name\":\"myVideoMedia\",\"image\":{\"@type\":\"ImageObject\",\"inLanguage\":\"de\",\"@id\":\"https:\\\/\\\/secure.gravatar.com\\\/avatar\\\/460720160715ef8975b781abd1b6985e55ce2f01567bb6757bebd73e7cf74c97?s=96&d=mm&r=g\",\"url\":\"https:\\\/\\\/secure.gravatar.com\\\/avatar\\\/460720160715ef8975b781abd1b6985e55ce2f01567bb6757bebd73e7cf74c97?s=96&d=mm&r=g\",\"contentUrl\":\"https:\\\/\\\/secure.gravatar.com\\\/avatar\\\/460720160715ef8975b781abd1b6985e55ce2f01567bb6757bebd73e7cf74c97?s=96&d=mm&r=g\",\"caption\":\"myVideoMedia\"},\"logo\":{\"@id\":\"https:\\\/\\\/secure.gravatar.com\\\/avatar\\\/460720160715ef8975b781abd1b6985e55ce2f01567bb6757bebd73e7cf74c97?s=96&d=mm&r=g\"},\"description\":\"\\\"The World is a book, and those who do not travel read only a page\\\" - Aurelius Augustinus (354 - 430 AD) Travel is our passion. With our posts and videos we like to inspire people who are planning or preparing for holidays as well as people who simply want to escape from everyday life and dream of faraway countries.\",\"sameAs\":[\"https:\\\/\\\/www.myvideomedia.com\",\"https:\\\/\\\/www.facebook.com\\\/ursula.streit.520\"],\"url\":\"https:\\\/\\\/blog.myvideomedia.com\\\/de\\\/author\\\/traveladm\\\/\"}]}<\/script>\n<!-- \/ Yoast SEO plugin. -->","yoast_head_json":{"title":"Von Tallinn nach Riga - Teil1 - Reise Video Blog","description":"Tallinn nach Riga Teil1, zeigt die Strecke von Tallinn bis Valga, das an der Grenze zwischen Estland und Lettland liegt.","robots":{"index":"index","follow":"follow","max-snippet":"max-snippet:-1","max-image-preview":"max-image-preview:large","max-video-preview":"max-video-preview:-1"},"canonical":"https:\/\/blog.myvideomedia.com\/de\/von-tallinn-nach-riga-teil1\/","og_locale":"de_DE","og_type":"article","og_title":"Von Tallinn nach Riga - Teil1 - Reise Video Blog","og_description":"Tallinn nach Riga Teil1, zeigt die Strecke von Tallinn bis Valga, das an der Grenze zwischen Estland und Lettland liegt.","og_url":"https:\/\/blog.myvideomedia.com\/de\/von-tallinn-nach-riga-teil1\/","og_site_name":"Reise Video Blog","article_publisher":"https:\/\/www.facebook.com\/ursula.streit.520","article_author":"https:\/\/www.facebook.com\/ursula.streit.520","article_published_time":"2017-09-18T11:57:02+00:00","article_modified_time":"2025-06-05T14:06:32+00:00","og_image":[{"width":1280,"height":720,"url":"https:\/\/blog.myvideomedia.com\/wp-content\/uploads\/2017\/09\/Tallinn-to-Riga-Part-1-20160802_112709-c.jpg","type":"image\/jpeg"}],"author":"myVideoMedia","twitter_card":"summary_large_image","twitter_creator":"@myvideomedia","twitter_site":"@myvideomedia","twitter_misc":{"Verfasst von":"myVideoMedia","Gesch\u00e4tzte Lesezeit":"8\u00a0Minuten"},"schema":{"@context":"https:\/\/schema.org","@graph":[{"@type":"Article","@id":"https:\/\/blog.myvideomedia.com\/de\/von-tallinn-nach-riga-teil1\/#article","isPartOf":{"@id":"https:\/\/blog.myvideomedia.com\/de\/von-tallinn-nach-riga-teil1\/"},"author":{"name":"myVideoMedia","@id":"https:\/\/blog.myvideomedia.com\/de\/#\/schema\/person\/87be8fbbed69b1562242448c1c3dcbec"},"headline":"Von Tallinn nach Riga &#8211; Teil1","datePublished":"2017-09-18T11:57:02+00:00","dateModified":"2025-06-05T14:06:32+00:00","mainEntityOfPage":{"@id":"https:\/\/blog.myvideomedia.com\/de\/von-tallinn-nach-riga-teil1\/"},"wordCount":1048,"publisher":{"@id":"https:\/\/blog.myvideomedia.com\/de\/#\/schema\/person\/87be8fbbed69b1562242448c1c3dcbec"},"image":{"@id":"https:\/\/blog.myvideomedia.com\/de\/von-tallinn-nach-riga-teil1\/#primaryimage"},"thumbnailUrl":"https:\/\/blog.myvideomedia.com\/wp-content\/uploads\/2017\/09\/Tallinn-to-Riga-Part-1-20160802_112709-c.jpg","keywords":["mit dem Auto"],"articleSection":["Estland","Europa"],"inLanguage":"de"},{"@type":"WebPage","@id":"https:\/\/blog.myvideomedia.com\/de\/von-tallinn-nach-riga-teil1\/","url":"https:\/\/blog.myvideomedia.com\/de\/von-tallinn-nach-riga-teil1\/","name":"Von Tallinn nach Riga - Teil1 - Reise Video Blog","isPartOf":{"@id":"https:\/\/blog.myvideomedia.com\/de\/#website"},"primaryImageOfPage":{"@id":"https:\/\/blog.myvideomedia.com\/de\/von-tallinn-nach-riga-teil1\/#primaryimage"},"image":{"@id":"https:\/\/blog.myvideomedia.com\/de\/von-tallinn-nach-riga-teil1\/#primaryimage"},"thumbnailUrl":"https:\/\/blog.myvideomedia.com\/wp-content\/uploads\/2017\/09\/Tallinn-to-Riga-Part-1-20160802_112709-c.jpg","datePublished":"2017-09-18T11:57:02+00:00","dateModified":"2025-06-05T14:06:32+00:00","description":"Tallinn nach Riga Teil1, zeigt die Strecke von Tallinn bis Valga, das an der Grenze zwischen Estland und Lettland liegt.","breadcrumb":{"@id":"https:\/\/blog.myvideomedia.com\/de\/von-tallinn-nach-riga-teil1\/#breadcrumb"},"inLanguage":"de","potentialAction":[{"@type":"ReadAction","target":["https:\/\/blog.myvideomedia.com\/de\/von-tallinn-nach-riga-teil1\/"]}]},{"@type":"ImageObject","inLanguage":"de","@id":"https:\/\/blog.myvideomedia.com\/de\/von-tallinn-nach-riga-teil1\/#primaryimage","url":"https:\/\/blog.myvideomedia.com\/wp-content\/uploads\/2017\/09\/Tallinn-to-Riga-Part-1-20160802_112709-c.jpg","contentUrl":"https:\/\/blog.myvideomedia.com\/wp-content\/uploads\/2017\/09\/Tallinn-to-Riga-Part-1-20160802_112709-c.jpg","width":1280,"height":720,"caption":"Tallinn nach Riga-Teil1"},{"@type":"BreadcrumbList","@id":"https:\/\/blog.myvideomedia.com\/de\/von-tallinn-nach-riga-teil1\/#breadcrumb","itemListElement":[{"@type":"ListItem","position":1,"name":"Home","item":"https:\/\/blog.myvideomedia.com\/de\/"},{"@type":"ListItem","position":2,"name":"Von Tallinn nach Riga &#8211; Teil1"}]},{"@type":"WebSite","@id":"https:\/\/blog.myvideomedia.com\/de\/#website","url":"https:\/\/blog.myvideomedia.com\/de\/","name":"Travel Video Blog","description":"myVideoMedia Reisetipps und Reisevideos","publisher":{"@id":"https:\/\/blog.myvideomedia.com\/de\/#\/schema\/person\/87be8fbbed69b1562242448c1c3dcbec"},"potentialAction":[{"@type":"SearchAction","target":{"@type":"EntryPoint","urlTemplate":"https:\/\/blog.myvideomedia.com\/de\/?s={search_term_string}"},"query-input":{"@type":"PropertyValueSpecification","valueRequired":true,"valueName":"search_term_string"}}],"inLanguage":"de"},{"@type":["Person","Organization"],"@id":"https:\/\/blog.myvideomedia.com\/de\/#\/schema\/person\/87be8fbbed69b1562242448c1c3dcbec","name":"myVideoMedia","image":{"@type":"ImageObject","inLanguage":"de","@id":"https:\/\/secure.gravatar.com\/avatar\/460720160715ef8975b781abd1b6985e55ce2f01567bb6757bebd73e7cf74c97?s=96&d=mm&r=g","url":"https:\/\/secure.gravatar.com\/avatar\/460720160715ef8975b781abd1b6985e55ce2f01567bb6757bebd73e7cf74c97?s=96&d=mm&r=g","contentUrl":"https:\/\/secure.gravatar.com\/avatar\/460720160715ef8975b781abd1b6985e55ce2f01567bb6757bebd73e7cf74c97?s=96&d=mm&r=g","caption":"myVideoMedia"},"logo":{"@id":"https:\/\/secure.gravatar.com\/avatar\/460720160715ef8975b781abd1b6985e55ce2f01567bb6757bebd73e7cf74c97?s=96&d=mm&r=g"},"description":"\"The World is a book, and those who do not travel read only a page\" - Aurelius Augustinus (354 - 430 AD) Travel is our passion. With our posts and videos we like to inspire people who are planning or preparing for holidays as well as people who simply want to escape from everyday life and dream of faraway countries.","sameAs":["https:\/\/www.myvideomedia.com","https:\/\/www.facebook.com\/ursula.streit.520"],"url":"https:\/\/blog.myvideomedia.com\/de\/author\/traveladm\/"}]}},"featured_image_src":"https:\/\/blog.myvideomedia.com\/wp-content\/uploads\/2017\/09\/Tallinn-to-Riga-Part-1-20160802_112709-c.jpg","featured_image_src_square":"https:\/\/blog.myvideomedia.com\/wp-content\/uploads\/2017\/09\/Tallinn-to-Riga-Part-1-20160802_112709-c.jpg","author_info":{"display_name":"myVideoMedia","author_link":"https:\/\/blog.myvideomedia.com\/de\/author\/traveladm\/"},"_links":{"self":[{"href":"https:\/\/blog.myvideomedia.com\/de\/wp-json\/wp\/v2\/posts\/15583","targetHints":{"allow":["GET"]}}],"collection":[{"href":"https:\/\/blog.myvideomedia.com\/de\/wp-json\/wp\/v2\/posts"}],"about":[{"href":"https:\/\/blog.myvideomedia.com\/de\/wp-json\/wp\/v2\/types\/post"}],"author":[{"embeddable":true,"href":"https:\/\/blog.myvideomedia.com\/de\/wp-json\/wp\/v2\/users\/1"}],"replies":[{"embeddable":true,"href":"https:\/\/blog.myvideomedia.com\/de\/wp-json\/wp\/v2\/comments?post=15583"}],"version-history":[{"count":0,"href":"https:\/\/blog.myvideomedia.com\/de\/wp-json\/wp\/v2\/posts\/15583\/revisions"}],"wp:featuredmedia":[{"embeddable":true,"href":"https:\/\/blog.myvideomedia.com\/de\/wp-json\/wp\/v2\/media\/15570"}],"wp:attachment":[{"href":"https:\/\/blog.myvideomedia.com\/de\/wp-json\/wp\/v2\/media?parent=15583"}],"wp:term":[{"taxonomy":"category","embeddable":true,"href":"https:\/\/blog.myvideomedia.com\/de\/wp-json\/wp\/v2\/categories?post=15583"},{"taxonomy":"post_tag","embeddable":true,"href":"https:\/\/blog.myvideomedia.com\/de\/wp-json\/wp\/v2\/tags?post=15583"}],"curies":[{"name":"wp","href":"https:\/\/api.w.org\/{rel}","templated":true}]}}