{"id":15625,"date":"2017-09-20T09:06:45","date_gmt":"2017-09-20T08:06:45","guid":{"rendered":"https:\/\/blog.myvideomedia.com\/?p=15625"},"modified":"2020-01-12T08:39:15","modified_gmt":"2020-01-12T07:39:15","slug":"von-tallinn-nach-riga-teil-2","status":"publish","type":"post","link":"https:\/\/blog.myvideomedia.com\/de\/von-tallinn-nach-riga-teil-2\/","title":{"rendered":"Von Tallinn nach Riga &#8211; Teil 2"},"content":{"rendered":"\n<p>Nachdem wir die Grenze zu Lettland, die lediglich aus einem Schild bestand, passiert haben, ver\u00e4ndert sich die Landschaft nur unwesentlich.<\/p>\n\n\n\n<div id=\"ez-toc-container\" class=\"ez-toc-v2_0_82_2 counter-hierarchy ez-toc-counter ez-toc-grey ez-toc-container-direction\">\n<div class=\"ez-toc-title-container\">\n<p class=\"ez-toc-title\" style=\"cursor:inherit\">Inhaltsverzeichnis<\/p>\n<span class=\"ez-toc-title-toggle\"><a href=\"#\" class=\"ez-toc-pull-right ez-toc-btn ez-toc-btn-xs ez-toc-btn-default ez-toc-toggle\" aria-label=\"Toggle Table of Content\"><span class=\"ez-toc-js-icon-con\"><span class=\"\"><span class=\"eztoc-hide\" style=\"display:none;\">Toggle<\/span><span class=\"ez-toc-icon-toggle-span\"><svg style=\"fill: #999;color:#999\" xmlns=\"http:\/\/www.w3.org\/2000\/svg\" class=\"list-377408\" width=\"20px\" height=\"20px\" viewBox=\"0 0 24 24\" fill=\"none\"><path d=\"M6 6H4v2h2V6zm14 0H8v2h12V6zM4 11h2v2H4v-2zm16 0H8v2h12v-2zM4 16h2v2H4v-2zm16 0H8v2h12v-2z\" fill=\"currentColor\"><\/path><\/svg><svg style=\"fill: #999;color:#999\" class=\"arrow-unsorted-368013\" xmlns=\"http:\/\/www.w3.org\/2000\/svg\" width=\"10px\" height=\"10px\" viewBox=\"0 0 24 24\" version=\"1.2\" baseProfile=\"tiny\"><path d=\"M18.2 9.3l-6.2-6.3-6.2 6.3c-.2.2-.3.4-.3.7s.1.5.3.7c.2.2.4.3.7.3h11c.3 0 .5-.1.7-.3.2-.2.3-.5.3-.7s-.1-.5-.3-.7zM5.8 14.7l6.2 6.3 6.2-6.3c.2-.2.3-.5.3-.7s-.1-.5-.3-.7c-.2-.2-.4-.3-.7-.3h-11c-.3 0-.5.1-.7.3-.2.2-.3.5-.3.7s.1.5.3.7z\"\/><\/svg><\/span><\/span><\/span><\/a><\/span><\/div>\n<nav><ul class='ez-toc-list ez-toc-list-level-1 ' ><li class='ez-toc-page-1 ez-toc-heading-level-2'><a class=\"ez-toc-link ez-toc-heading-1\" href=\"https:\/\/blog.myvideomedia.com\/de\/von-tallinn-nach-riga-teil-2\/#Sandsteinfelsen_von_Sietiniezis\" >Sandsteinfelsen von Sieti\u0146iezis<\/a><\/li><li class='ez-toc-page-1 ez-toc-heading-level-2'><a class=\"ez-toc-link ez-toc-heading-2\" href=\"https:\/\/blog.myvideomedia.com\/de\/von-tallinn-nach-riga-teil-2\/#Cesis_Wenden\" >Cesis (Wenden)<\/a><\/li><li class='ez-toc-page-1 ez-toc-heading-level-2'><a class=\"ez-toc-link ez-toc-heading-3\" href=\"https:\/\/blog.myvideomedia.com\/de\/von-tallinn-nach-riga-teil-2\/#Sigulda\" >Sigulda<\/a><ul class='ez-toc-list-level-3' ><li class='ez-toc-heading-level-3'><a class=\"ez-toc-link ez-toc-heading-4\" href=\"https:\/\/blog.myvideomedia.com\/de\/von-tallinn-nach-riga-teil-2\/#Hier_sehen_Sie_das_4K_UHD_Video\" >Hier sehen Sie das 4K UHD Video<\/a><\/li><\/ul><\/li><li class='ez-toc-page-1 ez-toc-heading-level-2'><a class=\"ez-toc-link ez-toc-heading-5\" href=\"https:\/\/blog.myvideomedia.com\/de\/von-tallinn-nach-riga-teil-2\/#Riga\" >Riga<\/a><ul class='ez-toc-list-level-3' ><li class='ez-toc-heading-level-3'><a class=\"ez-toc-link ez-toc-heading-6\" href=\"https:\/\/blog.myvideomedia.com\/de\/von-tallinn-nach-riga-teil-2\/#Pin_it_%E2%80%93_fuer_spaeter_merken\" >Pin it &#8211; f\u00fcr sp\u00e4ter merken&nbsp;<\/a><\/li><\/ul><\/li><\/ul><\/nav><\/div>\n<h2 class=\"wp-block-heading\"><span class=\"ez-toc-section\" id=\"Sandsteinfelsen_von_Sietiniezis\"><\/span>Sandsteinfelsen von Sieti\u0146iezis<span class=\"ez-toc-section-end\"><\/span><\/h2>\n\n\n\n<div class=\"wp-block-image\"><figure class=\"aligncenter\"><img loading=\"lazy\" decoding=\"async\" width=\"600\" height=\"338\" src=\"https:\/\/blog.myvideomedia.com\/wp-content\/uploads\/2017\/09\/Tallinn-to-Riga-2-20160802_171720-c-600x338.jpg\" alt=\"Tallinn nach Riga Teil 2\" class=\"wp-image-15606\" srcset=\"https:\/\/blog.myvideomedia.com\/wp-content\/uploads\/2017\/09\/Tallinn-to-Riga-2-20160802_171720-c-600x338.jpg 600w, https:\/\/blog.myvideomedia.com\/wp-content\/uploads\/2017\/09\/Tallinn-to-Riga-2-20160802_171720-c-768x432.jpg 768w, https:\/\/blog.myvideomedia.com\/wp-content\/uploads\/2017\/09\/Tallinn-to-Riga-2-20160802_171720-c-1260x709.jpg 1260w, https:\/\/blog.myvideomedia.com\/wp-content\/uploads\/2017\/09\/Tallinn-to-Riga-2-20160802_171720-c.jpg 1280w\" sizes=\"auto, (max-width: 600px) 100vw, 600px\" \/><\/figure><\/div>\n\n\n\n<p>Dies \u00e4ndert sich erst als wir Sietiniezis im Nationalpark Gauja erreichen. Auf 500 m L\u00e4nge haben sich hier 15 m hohe Sandsteinklippen gebildet. In schattiger Umgebung mit ausgebauten Grillpl\u00e4tzen lassen sich hier auch hei\u00dfe Tage in angenehmer Atmosph\u00e4re verbringen.<\/p>\n\n\n\n<div class=\"wp-block-image\"><figure class=\"aligncenter\"><img loading=\"lazy\" decoding=\"async\" width=\"600\" height=\"338\" src=\"https:\/\/blog.myvideomedia.com\/wp-content\/uploads\/2017\/09\/Tallinn-to-Riga-2-20160802_172302-c-600x338.jpg\" alt=\"Tallinn nach Riga Teil 2\" class=\"wp-image-15608\" srcset=\"https:\/\/blog.myvideomedia.com\/wp-content\/uploads\/2017\/09\/Tallinn-to-Riga-2-20160802_172302-c-600x338.jpg 600w, https:\/\/blog.myvideomedia.com\/wp-content\/uploads\/2017\/09\/Tallinn-to-Riga-2-20160802_172302-c-768x432.jpg 768w, https:\/\/blog.myvideomedia.com\/wp-content\/uploads\/2017\/09\/Tallinn-to-Riga-2-20160802_172302-c-1260x709.jpg 1260w, https:\/\/blog.myvideomedia.com\/wp-content\/uploads\/2017\/09\/Tallinn-to-Riga-2-20160802_172302-c.jpg 1280w\" sizes=\"auto, (max-width: 600px) 100vw, 600px\" \/><\/figure><\/div>\n\n\n\n<p>Dies haben auch Bienen erkannt, die sich in den Klippen ihre Behausungen gebohrt haben und dem Platz seinen Namen gaben.<\/p>\n\n\n\n<p>Das Wort \u201esietins\u201c bedeutet Sieb. Die Felsen wurden vor 350 Millionen Jahren geformt.<\/p>\n\n\n\n<div class=\"wp-block-image\"><figure class=\"aligncenter\"><img loading=\"lazy\" decoding=\"async\" width=\"600\" height=\"338\" src=\"https:\/\/blog.myvideomedia.com\/wp-content\/uploads\/2017\/09\/Tallinn-to-Riga-2-20160802_171950-c-600x338.jpg\" alt=\"Tallinn nach Riga Teil 2\" class=\"wp-image-15624\" srcset=\"https:\/\/blog.myvideomedia.com\/wp-content\/uploads\/2017\/09\/Tallinn-to-Riga-2-20160802_171950-c-600x338.jpg 600w, https:\/\/blog.myvideomedia.com\/wp-content\/uploads\/2017\/09\/Tallinn-to-Riga-2-20160802_171950-c-768x432.jpg 768w, https:\/\/blog.myvideomedia.com\/wp-content\/uploads\/2017\/09\/Tallinn-to-Riga-2-20160802_171950-c-1260x709.jpg 1260w, https:\/\/blog.myvideomedia.com\/wp-content\/uploads\/2017\/09\/Tallinn-to-Riga-2-20160802_171950-c.jpg 1280w\" sizes=\"auto, (max-width: 600px) 100vw, 600px\" \/><\/figure><\/div>\n\n\n\n<p>Weniger erfreulich sind die Graffiti, die verantwortungslose Besucher im Fels hinterlassen haben.<\/p>\n\n\n\n<h2 class=\"wp-block-heading\"><span class=\"ez-toc-section\" id=\"Cesis_Wenden\"><\/span>Cesis (Wenden)<span class=\"ez-toc-section-end\"><\/span><\/h2>\n\n\n\n<p>Nach kurzer Fahrt erreichen wir die alte Stadt Cesis. Sie wurde 1224 erstmals erw\u00e4hnt. Als erfolgreiche Handelsstadt trat sie im 14. Jahrhundert der Hanse bei.<\/p>\n\n\n\n<div class=\"wp-block-image\"><figure class=\"aligncenter\"><img loading=\"lazy\" decoding=\"async\" width=\"600\" height=\"338\" src=\"https:\/\/blog.myvideomedia.com\/wp-content\/uploads\/2017\/09\/Tallinn-to-Riga-2-20160802_190734-c-600x338.jpg\" alt=\"Tallinn nach Riga Teil 2\" class=\"wp-image-15610\" srcset=\"https:\/\/blog.myvideomedia.com\/wp-content\/uploads\/2017\/09\/Tallinn-to-Riga-2-20160802_190734-c-600x338.jpg 600w, https:\/\/blog.myvideomedia.com\/wp-content\/uploads\/2017\/09\/Tallinn-to-Riga-2-20160802_190734-c-768x432.jpg 768w, https:\/\/blog.myvideomedia.com\/wp-content\/uploads\/2017\/09\/Tallinn-to-Riga-2-20160802_190734-c-1260x709.jpg 1260w, https:\/\/blog.myvideomedia.com\/wp-content\/uploads\/2017\/09\/Tallinn-to-Riga-2-20160802_190734-c.jpg 1280w\" sizes=\"auto, (max-width: 600px) 100vw, 600px\" \/><\/figure><\/div>\n\n\n\n<p>Beim Betreten der Stadt sehen wir zuerst die Ruine der alten Ordensburg. Sie war von 1237 bis 1561 Sitz des Meisters des Deutschen Ordens und dadurch Hauptsitz des Ordens.<\/p>\n\n\n\n<p>Bei der Belagerung durch Ivan den Schrecklichen 1577 sprengte sich die Burgbesatzung selbst in die Luft. Nach dem Wiederaufbau wurde sie 1721 im Gro\u00dfen Nordischen Krieg endg\u00fcltig zerst\u00f6rt.<\/p>\n\n\n\n<p>Unmittelbar daneben wurde ein neues Schloss errichtet. Es beherbergt heute das Geschichtsmuseum. Angrenzend befindet sich die \u00e4lteste Brauerei Lettlands, C\u0113su Alus dar\u012btava.<\/p>\n\n\n\n<div class=\"wp-block-image\"><figure class=\"aligncenter\"><img loading=\"lazy\" decoding=\"async\" width=\"600\" height=\"338\" src=\"https:\/\/blog.myvideomedia.com\/wp-content\/uploads\/2017\/09\/Tallinn-to-Riga-2-20160802_182450-c-600x338.jpg\" alt=\"Tallinn nach Riga Teil 2\" class=\"wp-image-15612\" srcset=\"https:\/\/blog.myvideomedia.com\/wp-content\/uploads\/2017\/09\/Tallinn-to-Riga-2-20160802_182450-c-600x338.jpg 600w, https:\/\/blog.myvideomedia.com\/wp-content\/uploads\/2017\/09\/Tallinn-to-Riga-2-20160802_182450-c-768x432.jpg 768w, https:\/\/blog.myvideomedia.com\/wp-content\/uploads\/2017\/09\/Tallinn-to-Riga-2-20160802_182450-c-1260x709.jpg 1260w, https:\/\/blog.myvideomedia.com\/wp-content\/uploads\/2017\/09\/Tallinn-to-Riga-2-20160802_182450-c.jpg 1280w\" sizes=\"auto, (max-width: 600px) 100vw, 600px\" \/><\/figure><\/div>\n\n\n\n<p>Die Johanniskirche wurde 1281 errichtet. Das Stadtzentrum bildet ein weiter Platz vor der Kirche.<\/p>\n\n\n\n<div class=\"wp-block-image\"><figure class=\"aligncenter\"><img loading=\"lazy\" decoding=\"async\" width=\"600\" height=\"338\" src=\"https:\/\/blog.myvideomedia.com\/wp-content\/uploads\/2017\/09\/Tallinn-to-Riga-2-20160802_184850-c-600x338.jpg\" alt=\"Tallinn nach Riga Teil 2\" class=\"wp-image-15614\" srcset=\"https:\/\/blog.myvideomedia.com\/wp-content\/uploads\/2017\/09\/Tallinn-to-Riga-2-20160802_184850-c-600x338.jpg 600w, https:\/\/blog.myvideomedia.com\/wp-content\/uploads\/2017\/09\/Tallinn-to-Riga-2-20160802_184850-c-768x432.jpg 768w, https:\/\/blog.myvideomedia.com\/wp-content\/uploads\/2017\/09\/Tallinn-to-Riga-2-20160802_184850-c-1260x709.jpg 1260w, https:\/\/blog.myvideomedia.com\/wp-content\/uploads\/2017\/09\/Tallinn-to-Riga-2-20160802_184850-c.jpg 1280w\" sizes=\"auto, (max-width: 600px) 100vw, 600px\" \/><\/figure><\/div>\n\n\n\n<p>Wir schlendern durch eine alte Siedlung, vorbei an einer byzantinischen Kirche, weiter zum Schlosspark.<\/p>\n\n\n\n<div class=\"wp-block-image\"><figure class=\"aligncenter\"><img loading=\"lazy\" decoding=\"async\" width=\"600\" height=\"338\" src=\"https:\/\/blog.myvideomedia.com\/wp-content\/uploads\/2017\/09\/Tallinn-to-Riga-2-20160802_190119-c-600x338.jpg\" alt=\"Tallinn nach Riga Teil 2\" class=\"wp-image-15616\" srcset=\"https:\/\/blog.myvideomedia.com\/wp-content\/uploads\/2017\/09\/Tallinn-to-Riga-2-20160802_190119-c-600x338.jpg 600w, https:\/\/blog.myvideomedia.com\/wp-content\/uploads\/2017\/09\/Tallinn-to-Riga-2-20160802_190119-c-768x432.jpg 768w, https:\/\/blog.myvideomedia.com\/wp-content\/uploads\/2017\/09\/Tallinn-to-Riga-2-20160802_190119-c-1260x709.jpg 1260w, https:\/\/blog.myvideomedia.com\/wp-content\/uploads\/2017\/09\/Tallinn-to-Riga-2-20160802_190119-c.jpg 1280w\" sizes=\"auto, (max-width: 600px) 100vw, 600px\" \/><\/figure><\/div>\n\n\n\n<h2 class=\"wp-block-heading\"><span class=\"ez-toc-section\" id=\"Sigulda\"><\/span>Sigulda<span class=\"ez-toc-section-end\"><\/span><\/h2>\n\n\n\n<p>Unser vorletzter Stopp ist in Sigulda. Wir sehen zwar nicht viel vom historischen Kern der Stadt, daf\u00fcr aber die Bob- und Rodelbahn, auf der bereits Weltmeisterschaftsl\u00e4ufe ausgetragen wurden.<\/p>\n\n\n\n<h3 class=\"wp-block-heading\"><span class=\"ez-toc-section\" id=\"Hier_sehen_Sie_das_4K_UHD_Video\"><\/span><a rel=\"noopener nofollow noreferrer\" href=\"https:\/\/youtu.be\/Wo2F4wjiQJU\" target=\"_blank\">Hier sehen Sie das 4K UHD Video<\/a><span class=\"ez-toc-section-end\"><\/span><\/h3>\n\n\n\n<figure> <div class=\"brlbs-cmpnt-container brlbs-cmpnt-content-blocker brlbs-cmpnt-with-individual-styles\" data-borlabs-cookie-content-blocker-id=\"youtube-content-blocker\" data-borlabs-cookie-content=\"PGlmcmFtZSBzcmM9Imh0dHBzOi8vd3d3LnlvdXR1YmUtbm9jb29raWUuY29tL2VtYmVkL1dvMkY0d2ppUUpVIiB3aWR0aD0iNjAwIiBoZWlnaHQ9IjMzOCI+PC9pZnJhbWU+\"><div class=\"brlbs-cmpnt-cb-preset-c brlbs-cmpnt-cb-youtube\"> <div class=\"brlbs-cmpnt-cb-thumbnail\" style=\"background-image: url('https:\/\/blog.myvideomedia.com\/wp-content\/uploads\/borlabs-cookie\/1\/yt_Wo2F4wjiQJU_hqdefault.jpg')\"><\/div> <div class=\"brlbs-cmpnt-cb-main\"> <div class=\"brlbs-cmpnt-cb-play-button\"><\/div> <div class=\"brlbs-cmpnt-cb-content\"> <p class=\"brlbs-cmpnt-cb-description\">Sie sehen gerade einen Platzhalterinhalt von <strong>YouTube<\/strong>. Um auf den eigentlichen Inhalt zuzugreifen, klicken Sie auf die Schaltfl\u00e4che unten. Bitte beachten Sie, dass dabei Daten an Drittanbieter weitergegeben werden.<\/p> <a class=\"brlbs-cmpnt-cb-provider-toggle\" href=\"#\" data-borlabs-cookie-show-provider-information role=\"button\">Mehr Informationen<\/a> <\/div> <div class=\"brlbs-cmpnt-cb-buttons\"> <a class=\"brlbs-cmpnt-cb-btn\" href=\"#\" data-borlabs-cookie-unblock role=\"button\">Inhalt entsperren<\/a> <a class=\"brlbs-cmpnt-cb-btn\" href=\"#\" data-borlabs-cookie-accept-service role=\"button\" style=\"display: inherit\">Erforderlichen Service akzeptieren und Inhalte entsperren<\/a> <\/div> <\/div> <\/div><\/div><\/figure>\n\n\n\n<p>Sie ist ein Nachbau der olympischen Bob- und Rodelbahn in Sarajevo. Auch ohne Schnee und Eis ist sie ein imponierendes Bauwerk.<\/p>\n\n\n\n<div class=\"wp-block-image\"><figure class=\"aligncenter\"><img loading=\"lazy\" decoding=\"async\" width=\"600\" height=\"338\" src=\"https:\/\/blog.myvideomedia.com\/wp-content\/uploads\/2017\/09\/Tallinn-to-Riga-2-20160802_202700-c-600x338.jpg\" alt=\"Tallinn nach Riga Teil 2\" class=\"wp-image-15620\" srcset=\"https:\/\/blog.myvideomedia.com\/wp-content\/uploads\/2017\/09\/Tallinn-to-Riga-2-20160802_202700-c-600x338.jpg 600w, https:\/\/blog.myvideomedia.com\/wp-content\/uploads\/2017\/09\/Tallinn-to-Riga-2-20160802_202700-c-768x432.jpg 768w, https:\/\/blog.myvideomedia.com\/wp-content\/uploads\/2017\/09\/Tallinn-to-Riga-2-20160802_202700-c-1260x709.jpg 1260w, https:\/\/blog.myvideomedia.com\/wp-content\/uploads\/2017\/09\/Tallinn-to-Riga-2-20160802_202700-c.jpg 1280w\" sizes=\"auto, (max-width: 600px) 100vw, 600px\" \/><\/figure><\/div>\n\n\n\n<h2 class=\"wp-block-heading\"><span class=\"ez-toc-section\" id=\"Riga\"><\/span>Riga<span class=\"ez-toc-section-end\"><\/span><\/h2>\n\n\n\n<p>Um 21.30 nach fast 13 Stunden Fahrt erreichen wir Riga. Olga setzt uns an unserem Hotel ab. Sie hat au\u00dfergew\u00f6hnliche Arbeit geleistet. Trotz umsichtiger Fahrweise hat sie uns st\u00e4ndig das Land, die Lebensgewohnheiten und die Geschichte Estlands und Lettlands erl\u00e4utert.<\/p>\n\n\n\n<p>Sie war sowohl Fahrerin, als auch Fremdenf\u00fchrerin in einer Person. Vielen Dank f\u00fcr diese au\u00dfergew\u00f6hnliche Fahrt, die wir jedem nur empfehlen k\u00f6nnen.<\/p>\n\n\n\n<p><a href=\"http:\/\/www.traveller.ee\/tour\/tallinn-riga-bus-tour\" target=\"_blank\" rel=\"noopener noreferrer\">Weitere Informationen und Preise<\/a><\/p>\n\n\n\n<p><strong>Siehe auch:<\/strong><\/p>\n\n\n\n<ul class=\"wp-block-list\"><li><a href=\"https:\/\/blog.myvideomedia.com\/de\/von-tallinn-nach-riga-teil1\/\">Von Tallinn nach Riga &#8211; Teil1<\/a><\/li><li><a href=\"https:\/\/blog.myvideomedia.com\/de\/erste-schritte-im-zentrum-von-riga\/\">Im Zentrum von Riga<\/a><\/li><\/ul>\n\n\n\n<h3 class=\"wp-block-heading\"><span class=\"ez-toc-section\" id=\"Pin_it_%E2%80%93_fuer_spaeter_merken\"><\/span><strong>Pin it &#8211; f\u00fcr sp\u00e4ter merken&nbsp;<\/strong><span class=\"ez-toc-section-end\"><\/span><\/h3>\n\n\n\n<h3 class=\"wp-block-heading\"><figure><img loading=\"lazy\" decoding=\"async\" class=\"aligncenter size-medium wp-image-15622\" src=\"https:\/\/blog.myvideomedia.com\/wp-content\/uploads\/2017\/09\/Tallinn-to-Riga-2-pin-c-400x600.jpg\" alt=\"Tallinn nach Riga Teil 2\" width=\"400\" height=\"600\" srcset=\"https:\/\/blog.myvideomedia.com\/wp-content\/uploads\/2017\/09\/Tallinn-to-Riga-2-pin-c-400x600.jpg 400w, https:\/\/blog.myvideomedia.com\/wp-content\/uploads\/2017\/09\/Tallinn-to-Riga-2-pin-c.jpg 735w\" sizes=\"auto, (max-width: 400px) 100vw, 400px\" \/><\/figure><\/h3>\n\n\n\n<p>Text, Fotos and Video: Copyright \u00a9 <a href=\"https:\/\/www.myvideomedia.com\/de\" target=\"_blank\" rel=\"noopener noreferrer\">myVideoMedia<\/a><\/p>\n","protected":false},"excerpt":{"rendered":"<p>Nachdem wir die Grenze zu Lettland, die lediglich aus einem Schild bestand, passiert haben, ver\u00e4ndert sich die Landschaft nur unwesentlich. Sandsteinfelsen von Sieti\u0146iezis Dies \u00e4ndert sich erst als wir Sietiniezis im Nationalpark Gauja erreichen. Auf 500 m L\u00e4nge haben sich hier 15 m hohe Sandsteinklippen gebildet. In schattiger Umgebung mit ausgebauten Grillpl\u00e4tzen lassen sich hier [&hellip;]<\/p>\n","protected":false},"author":1,"featured_media":15614,"comment_status":"open","ping_status":"closed","sticky":false,"template":"","format":"standard","meta":{"_genesis_hide_title":false,"_genesis_hide_breadcrumbs":false,"_genesis_hide_singular_image":false,"_genesis_hide_footer_widgets":false,"_genesis_custom_body_class":"","_genesis_custom_post_class":"","_genesis_layout":"","footnotes":""},"categories":[869],"tags":[692],"class_list":{"0":"post-15625","1":"post","2":"type-post","3":"status-publish","4":"format-standard","5":"has-post-thumbnail","7":"category-lettland","8":"tag-autofahrt","9":"entry"},"yoast_head":"<!-- This site is optimized with the Yoast SEO plugin v27.4 - https:\/\/yoast.com\/product\/yoast-seo-wordpress\/ -->\n<title>Von Tallinn nach Riga - Teil 2 - Lettland - Reise Video Blog<\/title>\n<meta name=\"description\" content=\"Tallinn nach Riga - Teil 2 beginnt in Valga an der Grenze zu Lettland und f\u00fchrt \u00fcber Cesis und Sigulda nach Riga\" \/>\n<meta name=\"robots\" content=\"index, follow, max-snippet:-1, max-image-preview:large, max-video-preview:-1\" \/>\n<link rel=\"canonical\" href=\"https:\/\/blog.myvideomedia.com\/de\/von-tallinn-nach-riga-teil-2\/\" \/>\n<meta property=\"og:locale\" content=\"de_DE\" \/>\n<meta property=\"og:type\" content=\"article\" \/>\n<meta property=\"og:title\" content=\"Von Tallinn nach Riga - Teil 2 - Lettland - Reise Video Blog\" \/>\n<meta property=\"og:description\" content=\"Tallinn nach Riga - Teil 2 beginnt in Valga an der Grenze zu Lettland und f\u00fchrt \u00fcber Cesis und Sigulda nach Riga\" \/>\n<meta property=\"og:url\" content=\"https:\/\/blog.myvideomedia.com\/de\/von-tallinn-nach-riga-teil-2\/\" \/>\n<meta property=\"og:site_name\" content=\"Reise Video Blog\" \/>\n<meta property=\"article:publisher\" content=\"https:\/\/www.facebook.com\/ursula.streit.520\" \/>\n<meta property=\"article:author\" content=\"https:\/\/www.facebook.com\/ursula.streit.520\" \/>\n<meta property=\"article:published_time\" content=\"2017-09-20T08:06:45+00:00\" \/>\n<meta property=\"article:modified_time\" content=\"2020-01-12T07:39:15+00:00\" \/>\n<meta property=\"og:image\" content=\"https:\/\/blog.myvideomedia.com\/wp-content\/uploads\/2017\/09\/Tallinn-to-Riga-2-20160802_184850-c.jpg\" \/>\n\t<meta property=\"og:image:width\" content=\"1280\" \/>\n\t<meta property=\"og:image:height\" content=\"720\" \/>\n\t<meta property=\"og:image:type\" content=\"image\/jpeg\" \/>\n<meta name=\"author\" content=\"myVideoMedia\" \/>\n<meta name=\"twitter:card\" content=\"summary_large_image\" \/>\n<meta name=\"twitter:creator\" content=\"@myvideomedia\" \/>\n<meta name=\"twitter:site\" content=\"@myvideomedia\" \/>\n<meta name=\"twitter:label1\" content=\"Verfasst von\" \/>\n\t<meta name=\"twitter:data1\" content=\"myVideoMedia\" \/>\n\t<meta name=\"twitter:label2\" content=\"Gesch\u00e4tzte Lesezeit\" \/>\n\t<meta name=\"twitter:data2\" content=\"2\u00a0Minuten\" \/>\n<script type=\"application\/ld+json\" class=\"yoast-schema-graph\">{\"@context\":\"https:\\\/\\\/schema.org\",\"@graph\":[{\"@type\":\"Article\",\"@id\":\"https:\\\/\\\/blog.myvideomedia.com\\\/de\\\/von-tallinn-nach-riga-teil-2\\\/#article\",\"isPartOf\":{\"@id\":\"https:\\\/\\\/blog.myvideomedia.com\\\/de\\\/von-tallinn-nach-riga-teil-2\\\/\"},\"author\":{\"name\":\"myVideoMedia\",\"@id\":\"https:\\\/\\\/blog.myvideomedia.com\\\/de\\\/#\\\/schema\\\/person\\\/87be8fbbed69b1562242448c1c3dcbec\"},\"headline\":\"Von Tallinn nach Riga &#8211; Teil 2\",\"datePublished\":\"2017-09-20T08:06:45+00:00\",\"dateModified\":\"2020-01-12T07:39:15+00:00\",\"mainEntityOfPage\":{\"@id\":\"https:\\\/\\\/blog.myvideomedia.com\\\/de\\\/von-tallinn-nach-riga-teil-2\\\/\"},\"wordCount\":409,\"commentCount\":0,\"publisher\":{\"@id\":\"https:\\\/\\\/blog.myvideomedia.com\\\/de\\\/#\\\/schema\\\/person\\\/87be8fbbed69b1562242448c1c3dcbec\"},\"image\":{\"@id\":\"https:\\\/\\\/blog.myvideomedia.com\\\/de\\\/von-tallinn-nach-riga-teil-2\\\/#primaryimage\"},\"thumbnailUrl\":\"https:\\\/\\\/blog.myvideomedia.com\\\/wp-content\\\/uploads\\\/2017\\\/09\\\/Tallinn-to-Riga-2-20160802_184850-c.jpg\",\"keywords\":[\"mit dem Auto\"],\"articleSection\":[\"Lettland\"],\"inLanguage\":\"de\",\"potentialAction\":[{\"@type\":\"CommentAction\",\"name\":\"Comment\",\"target\":[\"https:\\\/\\\/blog.myvideomedia.com\\\/de\\\/von-tallinn-nach-riga-teil-2\\\/#respond\"]}]},{\"@type\":\"WebPage\",\"@id\":\"https:\\\/\\\/blog.myvideomedia.com\\\/de\\\/von-tallinn-nach-riga-teil-2\\\/\",\"url\":\"https:\\\/\\\/blog.myvideomedia.com\\\/de\\\/von-tallinn-nach-riga-teil-2\\\/\",\"name\":\"Von Tallinn nach Riga - Teil 2 - Lettland - Reise Video Blog\",\"isPartOf\":{\"@id\":\"https:\\\/\\\/blog.myvideomedia.com\\\/de\\\/#website\"},\"primaryImageOfPage\":{\"@id\":\"https:\\\/\\\/blog.myvideomedia.com\\\/de\\\/von-tallinn-nach-riga-teil-2\\\/#primaryimage\"},\"image\":{\"@id\":\"https:\\\/\\\/blog.myvideomedia.com\\\/de\\\/von-tallinn-nach-riga-teil-2\\\/#primaryimage\"},\"thumbnailUrl\":\"https:\\\/\\\/blog.myvideomedia.com\\\/wp-content\\\/uploads\\\/2017\\\/09\\\/Tallinn-to-Riga-2-20160802_184850-c.jpg\",\"datePublished\":\"2017-09-20T08:06:45+00:00\",\"dateModified\":\"2020-01-12T07:39:15+00:00\",\"description\":\"Tallinn nach Riga - Teil 2 beginnt in Valga an der Grenze zu Lettland und f\u00fchrt \u00fcber Cesis und Sigulda nach Riga\",\"breadcrumb\":{\"@id\":\"https:\\\/\\\/blog.myvideomedia.com\\\/de\\\/von-tallinn-nach-riga-teil-2\\\/#breadcrumb\"},\"inLanguage\":\"de\",\"potentialAction\":[{\"@type\":\"ReadAction\",\"target\":[\"https:\\\/\\\/blog.myvideomedia.com\\\/de\\\/von-tallinn-nach-riga-teil-2\\\/\"]}]},{\"@type\":\"ImageObject\",\"inLanguage\":\"de\",\"@id\":\"https:\\\/\\\/blog.myvideomedia.com\\\/de\\\/von-tallinn-nach-riga-teil-2\\\/#primaryimage\",\"url\":\"https:\\\/\\\/blog.myvideomedia.com\\\/wp-content\\\/uploads\\\/2017\\\/09\\\/Tallinn-to-Riga-2-20160802_184850-c.jpg\",\"contentUrl\":\"https:\\\/\\\/blog.myvideomedia.com\\\/wp-content\\\/uploads\\\/2017\\\/09\\\/Tallinn-to-Riga-2-20160802_184850-c.jpg\",\"width\":1280,\"height\":720,\"caption\":\"Tallinn nach Riga Teil 2\"},{\"@type\":\"BreadcrumbList\",\"@id\":\"https:\\\/\\\/blog.myvideomedia.com\\\/de\\\/von-tallinn-nach-riga-teil-2\\\/#breadcrumb\",\"itemListElement\":[{\"@type\":\"ListItem\",\"position\":1,\"name\":\"Home\",\"item\":\"https:\\\/\\\/blog.myvideomedia.com\\\/de\\\/\"},{\"@type\":\"ListItem\",\"position\":2,\"name\":\"Von Tallinn nach Riga &#8211; Teil 2\"}]},{\"@type\":\"WebSite\",\"@id\":\"https:\\\/\\\/blog.myvideomedia.com\\\/de\\\/#website\",\"url\":\"https:\\\/\\\/blog.myvideomedia.com\\\/de\\\/\",\"name\":\"Travel Video Blog\",\"description\":\"myVideoMedia Reisetipps und Reisevideos\",\"publisher\":{\"@id\":\"https:\\\/\\\/blog.myvideomedia.com\\\/de\\\/#\\\/schema\\\/person\\\/87be8fbbed69b1562242448c1c3dcbec\"},\"potentialAction\":[{\"@type\":\"SearchAction\",\"target\":{\"@type\":\"EntryPoint\",\"urlTemplate\":\"https:\\\/\\\/blog.myvideomedia.com\\\/de\\\/?s={search_term_string}\"},\"query-input\":{\"@type\":\"PropertyValueSpecification\",\"valueRequired\":true,\"valueName\":\"search_term_string\"}}],\"inLanguage\":\"de\"},{\"@type\":[\"Person\",\"Organization\"],\"@id\":\"https:\\\/\\\/blog.myvideomedia.com\\\/de\\\/#\\\/schema\\\/person\\\/87be8fbbed69b1562242448c1c3dcbec\",\"name\":\"myVideoMedia\",\"image\":{\"@type\":\"ImageObject\",\"inLanguage\":\"de\",\"@id\":\"https:\\\/\\\/secure.gravatar.com\\\/avatar\\\/460720160715ef8975b781abd1b6985e55ce2f01567bb6757bebd73e7cf74c97?s=96&d=mm&r=g\",\"url\":\"https:\\\/\\\/secure.gravatar.com\\\/avatar\\\/460720160715ef8975b781abd1b6985e55ce2f01567bb6757bebd73e7cf74c97?s=96&d=mm&r=g\",\"contentUrl\":\"https:\\\/\\\/secure.gravatar.com\\\/avatar\\\/460720160715ef8975b781abd1b6985e55ce2f01567bb6757bebd73e7cf74c97?s=96&d=mm&r=g\",\"caption\":\"myVideoMedia\"},\"logo\":{\"@id\":\"https:\\\/\\\/secure.gravatar.com\\\/avatar\\\/460720160715ef8975b781abd1b6985e55ce2f01567bb6757bebd73e7cf74c97?s=96&d=mm&r=g\"},\"description\":\"\\\"The World is a book, and those who do not travel read only a page\\\" - Aurelius Augustinus (354 - 430 AD) Travel is our passion. With our posts and videos we like to inspire people who are planning or preparing for holidays as well as people who simply want to escape from everyday life and dream of faraway countries.\",\"sameAs\":[\"https:\\\/\\\/www.myvideomedia.com\",\"https:\\\/\\\/www.facebook.com\\\/ursula.streit.520\"],\"url\":\"https:\\\/\\\/blog.myvideomedia.com\\\/de\\\/author\\\/traveladm\\\/\"}]}<\/script>\n<!-- \/ Yoast SEO plugin. -->","yoast_head_json":{"title":"Von Tallinn nach Riga - Teil 2 - Lettland - Reise Video Blog","description":"Tallinn nach Riga - Teil 2 beginnt in Valga an der Grenze zu Lettland und f\u00fchrt \u00fcber Cesis und Sigulda nach Riga","robots":{"index":"index","follow":"follow","max-snippet":"max-snippet:-1","max-image-preview":"max-image-preview:large","max-video-preview":"max-video-preview:-1"},"canonical":"https:\/\/blog.myvideomedia.com\/de\/von-tallinn-nach-riga-teil-2\/","og_locale":"de_DE","og_type":"article","og_title":"Von Tallinn nach Riga - Teil 2 - Lettland - Reise Video Blog","og_description":"Tallinn nach Riga - Teil 2 beginnt in Valga an der Grenze zu Lettland und f\u00fchrt \u00fcber Cesis und Sigulda nach Riga","og_url":"https:\/\/blog.myvideomedia.com\/de\/von-tallinn-nach-riga-teil-2\/","og_site_name":"Reise Video Blog","article_publisher":"https:\/\/www.facebook.com\/ursula.streit.520","article_author":"https:\/\/www.facebook.com\/ursula.streit.520","article_published_time":"2017-09-20T08:06:45+00:00","article_modified_time":"2020-01-12T07:39:15+00:00","og_image":[{"width":1280,"height":720,"url":"https:\/\/blog.myvideomedia.com\/wp-content\/uploads\/2017\/09\/Tallinn-to-Riga-2-20160802_184850-c.jpg","type":"image\/jpeg"}],"author":"myVideoMedia","twitter_card":"summary_large_image","twitter_creator":"@myvideomedia","twitter_site":"@myvideomedia","twitter_misc":{"Verfasst von":"myVideoMedia","Gesch\u00e4tzte Lesezeit":"2\u00a0Minuten"},"schema":{"@context":"https:\/\/schema.org","@graph":[{"@type":"Article","@id":"https:\/\/blog.myvideomedia.com\/de\/von-tallinn-nach-riga-teil-2\/#article","isPartOf":{"@id":"https:\/\/blog.myvideomedia.com\/de\/von-tallinn-nach-riga-teil-2\/"},"author":{"name":"myVideoMedia","@id":"https:\/\/blog.myvideomedia.com\/de\/#\/schema\/person\/87be8fbbed69b1562242448c1c3dcbec"},"headline":"Von Tallinn nach Riga &#8211; Teil 2","datePublished":"2017-09-20T08:06:45+00:00","dateModified":"2020-01-12T07:39:15+00:00","mainEntityOfPage":{"@id":"https:\/\/blog.myvideomedia.com\/de\/von-tallinn-nach-riga-teil-2\/"},"wordCount":409,"commentCount":0,"publisher":{"@id":"https:\/\/blog.myvideomedia.com\/de\/#\/schema\/person\/87be8fbbed69b1562242448c1c3dcbec"},"image":{"@id":"https:\/\/blog.myvideomedia.com\/de\/von-tallinn-nach-riga-teil-2\/#primaryimage"},"thumbnailUrl":"https:\/\/blog.myvideomedia.com\/wp-content\/uploads\/2017\/09\/Tallinn-to-Riga-2-20160802_184850-c.jpg","keywords":["mit dem Auto"],"articleSection":["Lettland"],"inLanguage":"de","potentialAction":[{"@type":"CommentAction","name":"Comment","target":["https:\/\/blog.myvideomedia.com\/de\/von-tallinn-nach-riga-teil-2\/#respond"]}]},{"@type":"WebPage","@id":"https:\/\/blog.myvideomedia.com\/de\/von-tallinn-nach-riga-teil-2\/","url":"https:\/\/blog.myvideomedia.com\/de\/von-tallinn-nach-riga-teil-2\/","name":"Von Tallinn nach Riga - Teil 2 - Lettland - Reise Video Blog","isPartOf":{"@id":"https:\/\/blog.myvideomedia.com\/de\/#website"},"primaryImageOfPage":{"@id":"https:\/\/blog.myvideomedia.com\/de\/von-tallinn-nach-riga-teil-2\/#primaryimage"},"image":{"@id":"https:\/\/blog.myvideomedia.com\/de\/von-tallinn-nach-riga-teil-2\/#primaryimage"},"thumbnailUrl":"https:\/\/blog.myvideomedia.com\/wp-content\/uploads\/2017\/09\/Tallinn-to-Riga-2-20160802_184850-c.jpg","datePublished":"2017-09-20T08:06:45+00:00","dateModified":"2020-01-12T07:39:15+00:00","description":"Tallinn nach Riga - Teil 2 beginnt in Valga an der Grenze zu Lettland und f\u00fchrt \u00fcber Cesis und Sigulda nach Riga","breadcrumb":{"@id":"https:\/\/blog.myvideomedia.com\/de\/von-tallinn-nach-riga-teil-2\/#breadcrumb"},"inLanguage":"de","potentialAction":[{"@type":"ReadAction","target":["https:\/\/blog.myvideomedia.com\/de\/von-tallinn-nach-riga-teil-2\/"]}]},{"@type":"ImageObject","inLanguage":"de","@id":"https:\/\/blog.myvideomedia.com\/de\/von-tallinn-nach-riga-teil-2\/#primaryimage","url":"https:\/\/blog.myvideomedia.com\/wp-content\/uploads\/2017\/09\/Tallinn-to-Riga-2-20160802_184850-c.jpg","contentUrl":"https:\/\/blog.myvideomedia.com\/wp-content\/uploads\/2017\/09\/Tallinn-to-Riga-2-20160802_184850-c.jpg","width":1280,"height":720,"caption":"Tallinn nach Riga Teil 2"},{"@type":"BreadcrumbList","@id":"https:\/\/blog.myvideomedia.com\/de\/von-tallinn-nach-riga-teil-2\/#breadcrumb","itemListElement":[{"@type":"ListItem","position":1,"name":"Home","item":"https:\/\/blog.myvideomedia.com\/de\/"},{"@type":"ListItem","position":2,"name":"Von Tallinn nach Riga &#8211; Teil 2"}]},{"@type":"WebSite","@id":"https:\/\/blog.myvideomedia.com\/de\/#website","url":"https:\/\/blog.myvideomedia.com\/de\/","name":"Travel Video Blog","description":"myVideoMedia Reisetipps und Reisevideos","publisher":{"@id":"https:\/\/blog.myvideomedia.com\/de\/#\/schema\/person\/87be8fbbed69b1562242448c1c3dcbec"},"potentialAction":[{"@type":"SearchAction","target":{"@type":"EntryPoint","urlTemplate":"https:\/\/blog.myvideomedia.com\/de\/?s={search_term_string}"},"query-input":{"@type":"PropertyValueSpecification","valueRequired":true,"valueName":"search_term_string"}}],"inLanguage":"de"},{"@type":["Person","Organization"],"@id":"https:\/\/blog.myvideomedia.com\/de\/#\/schema\/person\/87be8fbbed69b1562242448c1c3dcbec","name":"myVideoMedia","image":{"@type":"ImageObject","inLanguage":"de","@id":"https:\/\/secure.gravatar.com\/avatar\/460720160715ef8975b781abd1b6985e55ce2f01567bb6757bebd73e7cf74c97?s=96&d=mm&r=g","url":"https:\/\/secure.gravatar.com\/avatar\/460720160715ef8975b781abd1b6985e55ce2f01567bb6757bebd73e7cf74c97?s=96&d=mm&r=g","contentUrl":"https:\/\/secure.gravatar.com\/avatar\/460720160715ef8975b781abd1b6985e55ce2f01567bb6757bebd73e7cf74c97?s=96&d=mm&r=g","caption":"myVideoMedia"},"logo":{"@id":"https:\/\/secure.gravatar.com\/avatar\/460720160715ef8975b781abd1b6985e55ce2f01567bb6757bebd73e7cf74c97?s=96&d=mm&r=g"},"description":"\"The World is a book, and those who do not travel read only a page\" - Aurelius Augustinus (354 - 430 AD) Travel is our passion. With our posts and videos we like to inspire people who are planning or preparing for holidays as well as people who simply want to escape from everyday life and dream of faraway countries.","sameAs":["https:\/\/www.myvideomedia.com","https:\/\/www.facebook.com\/ursula.streit.520"],"url":"https:\/\/blog.myvideomedia.com\/de\/author\/traveladm\/"}]}},"featured_image_src":"https:\/\/blog.myvideomedia.com\/wp-content\/uploads\/2017\/09\/Tallinn-to-Riga-2-20160802_184850-c.jpg","featured_image_src_square":"https:\/\/blog.myvideomedia.com\/wp-content\/uploads\/2017\/09\/Tallinn-to-Riga-2-20160802_184850-c.jpg","author_info":{"display_name":"myVideoMedia","author_link":"https:\/\/blog.myvideomedia.com\/de\/author\/traveladm\/"},"_links":{"self":[{"href":"https:\/\/blog.myvideomedia.com\/de\/wp-json\/wp\/v2\/posts\/15625","targetHints":{"allow":["GET"]}}],"collection":[{"href":"https:\/\/blog.myvideomedia.com\/de\/wp-json\/wp\/v2\/posts"}],"about":[{"href":"https:\/\/blog.myvideomedia.com\/de\/wp-json\/wp\/v2\/types\/post"}],"author":[{"embeddable":true,"href":"https:\/\/blog.myvideomedia.com\/de\/wp-json\/wp\/v2\/users\/1"}],"replies":[{"embeddable":true,"href":"https:\/\/blog.myvideomedia.com\/de\/wp-json\/wp\/v2\/comments?post=15625"}],"version-history":[{"count":0,"href":"https:\/\/blog.myvideomedia.com\/de\/wp-json\/wp\/v2\/posts\/15625\/revisions"}],"wp:featuredmedia":[{"embeddable":true,"href":"https:\/\/blog.myvideomedia.com\/de\/wp-json\/wp\/v2\/media\/15614"}],"wp:attachment":[{"href":"https:\/\/blog.myvideomedia.com\/de\/wp-json\/wp\/v2\/media?parent=15625"}],"wp:term":[{"taxonomy":"category","embeddable":true,"href":"https:\/\/blog.myvideomedia.com\/de\/wp-json\/wp\/v2\/categories?post=15625"},{"taxonomy":"post_tag","embeddable":true,"href":"https:\/\/blog.myvideomedia.com\/de\/wp-json\/wp\/v2\/tags?post=15625"}],"curies":[{"name":"wp","href":"https:\/\/api.w.org\/{rel}","templated":true}]}}