{"id":16749,"date":"2017-11-29T09:34:57","date_gmt":"2017-11-29T08:34:57","guid":{"rendered":"https:\/\/blog.myvideomedia.com\/?p=16749"},"modified":"2020-10-06T16:37:10","modified_gmt":"2020-10-06T15:37:10","slug":"xiva-von-oben","status":"publish","type":"post","link":"https:\/\/blog.myvideomedia.com\/de\/xiva-von-oben\/","title":{"rendered":"Xiva von oben"},"content":{"rendered":"\n<div id=\"ez-toc-container\" class=\"ez-toc-v2_0_82_2 counter-hierarchy ez-toc-counter ez-toc-grey ez-toc-container-direction\">\n<div class=\"ez-toc-title-container\">\n<p class=\"ez-toc-title\" style=\"cursor:inherit\">Inhaltsverzeichnis<\/p>\n<span class=\"ez-toc-title-toggle\"><a href=\"#\" class=\"ez-toc-pull-right ez-toc-btn ez-toc-btn-xs ez-toc-btn-default ez-toc-toggle\" aria-label=\"Toggle Table of Content\"><span class=\"ez-toc-js-icon-con\"><span class=\"\"><span class=\"eztoc-hide\" style=\"display:none;\">Toggle<\/span><span class=\"ez-toc-icon-toggle-span\"><svg style=\"fill: #999;color:#999\" xmlns=\"http:\/\/www.w3.org\/2000\/svg\" class=\"list-377408\" width=\"20px\" height=\"20px\" viewBox=\"0 0 24 24\" fill=\"none\"><path d=\"M6 6H4v2h2V6zm14 0H8v2h12V6zM4 11h2v2H4v-2zm16 0H8v2h12v-2zM4 16h2v2H4v-2zm16 0H8v2h12v-2z\" fill=\"currentColor\"><\/path><\/svg><svg style=\"fill: #999;color:#999\" class=\"arrow-unsorted-368013\" xmlns=\"http:\/\/www.w3.org\/2000\/svg\" width=\"10px\" height=\"10px\" viewBox=\"0 0 24 24\" version=\"1.2\" baseProfile=\"tiny\"><path d=\"M18.2 9.3l-6.2-6.3-6.2 6.3c-.2.2-.3.4-.3.7s.1.5.3.7c.2.2.4.3.7.3h11c.3 0 .5-.1.7-.3.2-.2.3-.5.3-.7s-.1-.5-.3-.7zM5.8 14.7l6.2 6.3 6.2-6.3c.2-.2.3-.5.3-.7s-.1-.5-.3-.7c-.2-.2-.4-.3-.7-.3h-11c-.3 0-.5.1-.7.3-.2.2-.3.5-.3.7s.1.5.3.7z\"\/><\/svg><\/span><\/span><\/span><\/a><\/span><\/div>\n<nav><ul class='ez-toc-list ez-toc-list-level-1 ' ><li class='ez-toc-page-1 ez-toc-heading-level-2'><a class=\"ez-toc-link ez-toc-heading-1\" href=\"https:\/\/blog.myvideomedia.com\/de\/xiva-von-oben\/#Khoja_Islam_Minarett\" >Khoja Islam Minarett<\/a><ul class='ez-toc-list-level-3' ><li class='ez-toc-heading-level-3'><a class=\"ez-toc-link ez-toc-heading-2\" href=\"https:\/\/blog.myvideomedia.com\/de\/xiva-von-oben\/#Hier_sehen_Sie_das_4K_UHD_Video\" >Hier sehen Sie das 4K UHD Video<\/a><\/li><\/ul><\/li><li class='ez-toc-page-1 ez-toc-heading-level-2'><a class=\"ez-toc-link ez-toc-heading-3\" href=\"https:\/\/blog.myvideomedia.com\/de\/xiva-von-oben\/#Musik_Museum\" >Musik Museum<\/a><\/li><li class='ez-toc-page-1 ez-toc-heading-level-2'><a class=\"ez-toc-link ez-toc-heading-4\" href=\"https:\/\/blog.myvideomedia.com\/de\/xiva-von-oben\/#Kunya-Ark_Zitadelle\" >Kunya-Ark Zitadelle<\/a><ul class='ez-toc-list-level-3' ><li class='ez-toc-heading-level-3'><a class=\"ez-toc-link ez-toc-heading-5\" href=\"https:\/\/blog.myvideomedia.com\/de\/xiva-von-oben\/#Pin_it_%E2%80%93_fuer_spaeter_merken\" >Pin it &#8211; f\u00fcr sp\u00e4ter merken<\/a><\/li><\/ul><\/li><\/ul><\/nav><\/div>\n<h2 class=\"wp-block-heading\"><span class=\"ez-toc-section\" id=\"Khoja_Islam_Minarett\"><\/span>Khoja Islam Minarett<span class=\"ez-toc-section-end\"><\/span><\/h2>\n\n\n\n<p>An diesem Morgen gehen wir zuerst zum Khoja Islam Minarett, dem mit 57 m h\u00f6chsten Minarett der Stadt. Vorsichtshalber nehmen wir unser Stativ mit der gro\u00dfen Kamera, die zusammen 15 kg wiegen, mit. Dies ist keine gute Entscheidung wie sich rasch zeigt.<\/p>\n\n\n\n<div class=\"wp-block-image\"><figure class=\"aligncenter\"><img loading=\"lazy\" decoding=\"async\" width=\"600\" height=\"400\" src=\"https:\/\/blog.myvideomedia.com\/wp-content\/uploads\/2017\/11\/Khoja-Islam-Minaret_DSC4168m-c-600x400.jpg\" alt=\"Eingang Khoja Islam Minarett\" class=\"wp-image-16732\" srcset=\"https:\/\/blog.myvideomedia.com\/wp-content\/uploads\/2017\/11\/Khoja-Islam-Minaret_DSC4168m-c-600x400.jpg 600w, https:\/\/blog.myvideomedia.com\/wp-content\/uploads\/2017\/11\/Khoja-Islam-Minaret_DSC4168m-c-768x512.jpg 768w, https:\/\/blog.myvideomedia.com\/wp-content\/uploads\/2017\/11\/Khoja-Islam-Minaret_DSC4168m-c-1260x841.jpg 1260w, https:\/\/blog.myvideomedia.com\/wp-content\/uploads\/2017\/11\/Khoja-Islam-Minaret_DSC4168m-c.jpg 1280w\" sizes=\"auto, (max-width: 600px) 100vw, 600px\" \/><\/figure><\/div>\n\n\n\n<p>Am Fu\u00df des Minaretts beginnt der Aufstieg \u00fcber eine schmale, ca. 8 m hohe Holztreppe, bevor es in das Innere des Minaretts geht. Danach wird der Aufstieg auch nicht breiter, daf\u00fcr aber die einzelnen Treppenstufen immer h\u00f6her.<\/p>\n\n\n\n<div class=\"wp-block-image\"><figure class=\"aligncenter\"><img loading=\"lazy\" decoding=\"async\" width=\"600\" height=\"400\" src=\"https:\/\/blog.myvideomedia.com\/wp-content\/uploads\/2017\/11\/Khoja-Islam-Minaret_DSC4243-c-600x400.jpg\" alt=\"Khoja Islam Minarett Xiva\" class=\"wp-image-16734\" srcset=\"https:\/\/blog.myvideomedia.com\/wp-content\/uploads\/2017\/11\/Khoja-Islam-Minaret_DSC4243-c-600x400.jpg 600w, https:\/\/blog.myvideomedia.com\/wp-content\/uploads\/2017\/11\/Khoja-Islam-Minaret_DSC4243-c-768x512.jpg 768w, https:\/\/blog.myvideomedia.com\/wp-content\/uploads\/2017\/11\/Khoja-Islam-Minaret_DSC4243-c-1260x841.jpg 1260w, https:\/\/blog.myvideomedia.com\/wp-content\/uploads\/2017\/11\/Khoja-Islam-Minaret_DSC4243-c.jpg 1280w\" sizes=\"auto, (max-width: 600px) 100vw, 600px\" \/><\/figure><\/div>\n\n\n\n<p>Es ist ein beschwerlicher Aufstieg mit dem Equipment. Oben stellen wir dann fest, dass es f\u00fcr das Stativ keinen vern\u00fcnftigen Platz zum Aufstellen gibt. Au\u00dferdem sind die Fenster vergittert, so dass wir ohnehin nur die kleine Kamera verwenden k\u00f6nnen.<\/p>\n\n\n\n<div class=\"wp-block-image\"><figure class=\"aligncenter\"><img loading=\"lazy\" decoding=\"async\" width=\"600\" height=\"400\" src=\"https:\/\/blog.myvideomedia.com\/wp-content\/uploads\/2017\/11\/Khiva-from-abov_DSC4157-c-600x400.jpg\" alt=\"Xiva von oben\" class=\"wp-image-16736\" srcset=\"https:\/\/blog.myvideomedia.com\/wp-content\/uploads\/2017\/11\/Khiva-from-abov_DSC4157-c-600x400.jpg 600w, https:\/\/blog.myvideomedia.com\/wp-content\/uploads\/2017\/11\/Khiva-from-abov_DSC4157-c-768x512.jpg 768w, https:\/\/blog.myvideomedia.com\/wp-content\/uploads\/2017\/11\/Khiva-from-abov_DSC4157-c-1260x841.jpg 1260w, https:\/\/blog.myvideomedia.com\/wp-content\/uploads\/2017\/11\/Khiva-from-abov_DSC4157-c.jpg 1280w\" sizes=\"auto, (max-width: 600px) 100vw, 600px\" \/><\/figure><\/div>\n\n\n\n<p>Dennoch freuen wir uns \u00fcber den ph\u00e4nomenalen Ausblick \u00fcber diese Stadt.<\/p>\n\n\n\n<p>Die hellbraunen Lehmgeb\u00e4ude erinnern st\u00e4ndig daran, dass es sich um eine Oasenstadt in der 12. gr\u00f6\u00dften W\u00fcste der Erde handelt. Unwillk\u00fcrlich h\u00e4lt man Ausschau, ob nicht gerade eine Karawane der Seidenstra\u00dfe eintrifft.<\/p>\n\n\n\n<h3 class=\"has-text-align-center wp-block-heading\"><span class=\"ez-toc-section\" id=\"Hier_sehen_Sie_das_4K_UHD_Video\"><\/span><a rel=\"noopener nofollow noreferrer\" href=\"https:\/\/youtu.be\/wc_WmpEB4Rk\" target=\"_blank\">Hier sehen Sie das 4K UHD Video<\/a><span class=\"ez-toc-section-end\"><\/span><\/h3>\n\n\n\n<figure> <div class=\"brlbs-cmpnt-container brlbs-cmpnt-content-blocker brlbs-cmpnt-with-individual-styles\" data-borlabs-cookie-content-blocker-id=\"youtube-content-blocker\" data-borlabs-cookie-content=\"PGlmcmFtZSBzcmM9Imh0dHBzOi8vd3d3LnlvdXR1YmUtbm9jb29raWUuY29tL2VtYmVkL3djX1dtcEVCNFJrIiB3aWR0aD0iNjAwIiBoZWlnaHQ9IjMzOCI+PC9pZnJhbWU+\"><div class=\"brlbs-cmpnt-cb-preset-c brlbs-cmpnt-cb-youtube\"> <div class=\"brlbs-cmpnt-cb-thumbnail\" style=\"background-image: url('https:\/\/blog.myvideomedia.com\/wp-content\/uploads\/borlabs-cookie\/1\/yt_wc_WmpEB4Rk_hqdefault.jpg')\"><\/div> <div class=\"brlbs-cmpnt-cb-main\"> <div class=\"brlbs-cmpnt-cb-play-button\"><\/div> <div class=\"brlbs-cmpnt-cb-content\"> <p class=\"brlbs-cmpnt-cb-description\">Sie sehen gerade einen Platzhalterinhalt von <strong>YouTube<\/strong>. Um auf den eigentlichen Inhalt zuzugreifen, klicken Sie auf die Schaltfl\u00e4che unten. Bitte beachten Sie, dass dabei Daten an Drittanbieter weitergegeben werden.<\/p> <a class=\"brlbs-cmpnt-cb-provider-toggle\" href=\"#\" data-borlabs-cookie-show-provider-information role=\"button\">Mehr Informationen<\/a> <\/div> <div class=\"brlbs-cmpnt-cb-buttons\"> <a class=\"brlbs-cmpnt-cb-btn\" href=\"#\" data-borlabs-cookie-unblock role=\"button\">Inhalt entsperren<\/a> <a class=\"brlbs-cmpnt-cb-btn\" href=\"#\" data-borlabs-cookie-accept-service role=\"button\" style=\"display: inherit\">Erforderlichen Service akzeptieren und Inhalte entsperren<\/a> <\/div> <\/div> <\/div><\/div><\/figure>\n\n\n\n<p>Beim Anblick der vielen Medressen in der Stadt f\u00e4llt einem unweigerlich Angkor Wat und der Untergang des Khmer Reiches in Kambodscha ein. Eine wesentliche Ursache des Untergangs des Khmer Reiches war die Tatsache, dass viel zu viele Ressourcen in die Tempel investiert wurden, so dass beim Auftreten von Naturkatastrophen keine Reserven f\u00fcr die wirtschaftende Bev\u00f6lkerung vorhanden waren.<\/p>\n\n\n\n<p>Hier fragt man sich, was passiert w\u00e4re, wenn nicht die Russen gekommen w\u00e4ren und die Sowjets nahezu alle Medressen geschlossen h\u00e4tten. Auch hier sind nach unserer Ansicht nach zu viele Ressourcen f\u00fcr die Religion aufgewendet worden<\/p>\n\n\n\n<p>Der Abstieg vom Khoja Islam Minarett ist \u00e4hnlich beschwerlich wie der Aufstieg.<\/p>\n\n\n\n<h2 class=\"wp-block-heading\"><span class=\"ez-toc-section\" id=\"Musik_Museum\"><\/span>Musik Museum<span class=\"ez-toc-section-end\"><\/span><\/h2>\n\n\n\n<p>Wir beschlie\u00dfen das Musik Museum kurz zu besuchen, um eventuell Musik aus Xiva zu kaufen. Hier werden die traditionellen Musikinstrumente aus der Region gezeigt.<\/p>\n\n\n\n<div class=\"wp-block-image\"><figure class=\"aligncenter\"><img loading=\"lazy\" decoding=\"async\" width=\"600\" height=\"338\" src=\"https:\/\/blog.myvideomedia.com\/wp-content\/uploads\/2017\/11\/Music-Museum-Khiva20170901_161652-c-600x338.jpg\" alt=\"Musk Museum Xiva\" class=\"wp-image-16742\" srcset=\"https:\/\/blog.myvideomedia.com\/wp-content\/uploads\/2017\/11\/Music-Museum-Khiva20170901_161652-c-600x338.jpg 600w, https:\/\/blog.myvideomedia.com\/wp-content\/uploads\/2017\/11\/Music-Museum-Khiva20170901_161652-c-768x432.jpg 768w, https:\/\/blog.myvideomedia.com\/wp-content\/uploads\/2017\/11\/Music-Museum-Khiva20170901_161652-c-1260x709.jpg 1260w, https:\/\/blog.myvideomedia.com\/wp-content\/uploads\/2017\/11\/Music-Museum-Khiva20170901_161652-c.jpg 1280w\" sizes=\"auto, (max-width: 600px) 100vw, 600px\" \/><\/figure><\/div>\n\n\n\n<p>Au\u00dferdem werden die ber\u00fchmtesten lokalen Musiker aus Xiva geehrt und deren Werke aufgezeigt.<\/p>\n\n\n\n<div class=\"wp-block-image\"><figure class=\"aligncenter\"><img loading=\"lazy\" decoding=\"async\" width=\"600\" height=\"400\" src=\"https:\/\/blog.myvideomedia.com\/wp-content\/uploads\/2017\/11\/Music-Museum-Khiva_DSC4233-c-600x400.jpg\" alt=\"Musk Museum Xiva\" class=\"wp-image-16744\" srcset=\"https:\/\/blog.myvideomedia.com\/wp-content\/uploads\/2017\/11\/Music-Museum-Khiva_DSC4233-c-600x400.jpg 600w, https:\/\/blog.myvideomedia.com\/wp-content\/uploads\/2017\/11\/Music-Museum-Khiva_DSC4233-c-768x512.jpg 768w, https:\/\/blog.myvideomedia.com\/wp-content\/uploads\/2017\/11\/Music-Museum-Khiva_DSC4233-c-1260x841.jpg 1260w, https:\/\/blog.myvideomedia.com\/wp-content\/uploads\/2017\/11\/Music-Museum-Khiva_DSC4233-c.jpg 1280w\" sizes=\"auto, (max-width: 600px) 100vw, 600px\" \/><\/figure><\/div>\n\n\n\n<h2 class=\"wp-block-heading\"><span class=\"ez-toc-section\" id=\"Kunya-Ark_Zitadelle\"><\/span>Kunya-Ark Zitadelle<span class=\"ez-toc-section-end\"><\/span><\/h2>\n\n\n\n<div class=\"wp-block-image\"><figure class=\"aligncenter\"><img loading=\"lazy\" decoding=\"async\" width=\"600\" height=\"400\" src=\"https:\/\/blog.myvideomedia.com\/wp-content\/uploads\/2017\/11\/Khiva-from-above_DSC4161-c-600x400.jpg\" alt=\"Xiva von oben\" class=\"wp-image-16740\" srcset=\"https:\/\/blog.myvideomedia.com\/wp-content\/uploads\/2017\/11\/Khiva-from-above_DSC4161-c-600x400.jpg 600w, https:\/\/blog.myvideomedia.com\/wp-content\/uploads\/2017\/11\/Khiva-from-above_DSC4161-c-768x512.jpg 768w, https:\/\/blog.myvideomedia.com\/wp-content\/uploads\/2017\/11\/Khiva-from-above_DSC4161-c-1260x841.jpg 1260w, https:\/\/blog.myvideomedia.com\/wp-content\/uploads\/2017\/11\/Khiva-from-above_DSC4161-c.jpg 1280w\" sizes=\"auto, (max-width: 600px) 100vw, 600px\" \/><\/figure><\/div>\n\n\n\n<p>Noch einmal besuchen wir die Kunya-Ark Zitadelle und besteigen den Ayvan, eine zweigeschossige Terrasse, um auch von hier die Aussicht zu genie\u00dfen. Sehr sch\u00f6n sind von hier aus auch die m\u00e4chtigen Stadtmauern zu sehen.<\/p>\n\n\n\n<div class=\"wp-block-image\"><figure class=\"aligncenter\"><img loading=\"lazy\" decoding=\"async\" width=\"600\" height=\"400\" src=\"https:\/\/blog.myvideomedia.com\/wp-content\/uploads\/2017\/11\/Cafe-Zarafshon_DSC4274-c-600x400.jpg\" alt=\"Cafe Zarafshon in Xiva\" class=\"wp-image-16746\" srcset=\"https:\/\/blog.myvideomedia.com\/wp-content\/uploads\/2017\/11\/Cafe-Zarafshon_DSC4274-c-600x400.jpg 600w, https:\/\/blog.myvideomedia.com\/wp-content\/uploads\/2017\/11\/Cafe-Zarafshon_DSC4274-c-768x512.jpg 768w, https:\/\/blog.myvideomedia.com\/wp-content\/uploads\/2017\/11\/Cafe-Zarafshon_DSC4274-c-1260x841.jpg 1260w, https:\/\/blog.myvideomedia.com\/wp-content\/uploads\/2017\/11\/Cafe-Zarafshon_DSC4274-c.jpg 1280w\" sizes=\"auto, (max-width: 600px) 100vw, 600px\" \/><\/figure><\/div>\n\n\n\n<p>Am Abend besuchen wir das Cafe Zarafshon, essen aber aufgrund der Temperaturen im Freien, auch wenn es Innen sehr sch\u00f6n gedeckt ist.<\/p>\n\n\n\n<p>Die Reise geht weiter zur <a href=\"https:\/\/blog.myvideomedia.com\/de\/festung-ayaz-kala\/\">Festung Ayaz Kala<\/a><\/p>\n\n\n\n<h3 class=\"has-text-align-center wp-block-heading\"><span class=\"ez-toc-section\" id=\"Pin_it_%E2%80%93_fuer_spaeter_merken\"><\/span>Pin it &#8211; f\u00fcr sp\u00e4ter merken<span class=\"ez-toc-section-end\"><\/span><\/h3>\n\n\n\n<div class=\"wp-block-image\"><figure class=\"aligncenter\"><img loading=\"lazy\" decoding=\"async\" width=\"400\" height=\"600\" src=\"https:\/\/blog.myvideomedia.com\/wp-content\/uploads\/2017\/11\/Xiva-vobn-oben-c-400x600.jpg\" alt=\"Xiva von oben \" class=\"wp-image-16750\" srcset=\"https:\/\/blog.myvideomedia.com\/wp-content\/uploads\/2017\/11\/Xiva-vobn-oben-c-400x600.jpg 400w, https:\/\/blog.myvideomedia.com\/wp-content\/uploads\/2017\/11\/Xiva-vobn-oben-c.jpg 735w\" sizes=\"auto, (max-width: 400px) 100vw, 400px\" \/><\/figure><\/div>\n\n\n\n<p>Text, Fotos und Video: Copyright \u00a9 <a href=\"https:\/\/www.myvideomedia.com\/de\" target=\"_blank\" rel=\"noopener noreferrer\">myVideoMedia<\/a><\/p>\n","protected":false},"excerpt":{"rendered":"<p>Khoja Islam Minarett An diesem Morgen gehen wir zuerst zum Khoja Islam Minarett, dem mit 57 m h\u00f6chsten Minarett der Stadt. Vorsichtshalber nehmen wir unser Stativ mit der gro\u00dfen Kamera, die zusammen 15 kg wiegen, mit. Dies ist keine gute Entscheidung wie sich rasch zeigt. Am Fu\u00df des Minaretts beginnt der Aufstieg \u00fcber eine schmale, [&hellip;]<\/p>\n","protected":false},"author":1,"featured_media":16736,"comment_status":"open","ping_status":"closed","sticky":false,"template":"","format":"standard","meta":{"_genesis_hide_title":false,"_genesis_hide_breadcrumbs":false,"_genesis_hide_singular_image":false,"_genesis_hide_footer_widgets":false,"_genesis_custom_body_class":"","_genesis_custom_post_class":"","_genesis_layout":"","footnotes":""},"categories":[488,884],"tags":[880,888],"class_list":{"0":"post-16749","1":"post","2":"type-post","3":"status-publish","4":"format-standard","5":"has-post-thumbnail","7":"category-asien","8":"category-usbekistan","9":"tag-seidenstrasse","10":"tag-xiva","11":"entry"},"yoast_head":"<!-- This site is optimized with the Yoast SEO plugin v27.4 - https:\/\/yoast.com\/product\/yoast-seo-wordpress\/ -->\n<title>Khoja Islam Minaret - Xiva von oben - Usbekistan - Reise Video Blog<\/title>\n<meta name=\"description\" content=\"Wir gehen zum Khoja Islam Minaret, dem h\u00f6chsten Minarett der Stadt, mit einer H\u00f6he von 57 m. Der perfekte Ort, um Xiva Form oben zu sehen\" \/>\n<meta name=\"robots\" content=\"index, follow, max-snippet:-1, max-image-preview:large, max-video-preview:-1\" \/>\n<link rel=\"canonical\" href=\"https:\/\/blog.myvideomedia.com\/de\/xiva-von-oben\/\" \/>\n<meta property=\"og:locale\" content=\"de_DE\" \/>\n<meta property=\"og:type\" content=\"article\" \/>\n<meta property=\"og:title\" content=\"Khoja Islam Minaret - Xiva von oben - Usbekistan - Reise Video Blog\" \/>\n<meta property=\"og:description\" content=\"Wir gehen zum Khoja Islam Minaret, dem h\u00f6chsten Minarett der Stadt, mit einer H\u00f6he von 57 m. Der perfekte Ort, um Xiva Form oben zu sehen\" \/>\n<meta property=\"og:url\" content=\"https:\/\/blog.myvideomedia.com\/de\/xiva-von-oben\/\" \/>\n<meta property=\"og:site_name\" content=\"Reise Video Blog\" \/>\n<meta property=\"article:publisher\" content=\"https:\/\/www.facebook.com\/ursula.streit.520\" \/>\n<meta property=\"article:author\" content=\"https:\/\/www.facebook.com\/ursula.streit.520\" \/>\n<meta property=\"article:published_time\" content=\"2017-11-29T08:34:57+00:00\" \/>\n<meta property=\"article:modified_time\" content=\"2020-10-06T15:37:10+00:00\" \/>\n<meta property=\"og:image\" content=\"https:\/\/blog.myvideomedia.com\/wp-content\/uploads\/2017\/11\/Khiva-from-abov_DSC4157-c.jpg\" \/>\n\t<meta property=\"og:image:width\" content=\"1280\" \/>\n\t<meta property=\"og:image:height\" content=\"854\" \/>\n\t<meta property=\"og:image:type\" content=\"image\/jpeg\" \/>\n<meta name=\"author\" content=\"myVideoMedia\" \/>\n<meta name=\"twitter:card\" content=\"summary_large_image\" \/>\n<meta name=\"twitter:creator\" content=\"@myvideomedia\" \/>\n<meta name=\"twitter:site\" content=\"@myvideomedia\" \/>\n<meta name=\"twitter:label1\" content=\"Verfasst von\" \/>\n\t<meta name=\"twitter:data1\" content=\"myVideoMedia\" \/>\n\t<meta name=\"twitter:label2\" content=\"Gesch\u00e4tzte Lesezeit\" \/>\n\t<meta name=\"twitter:data2\" content=\"2\u00a0Minuten\" \/>\n<script type=\"application\/ld+json\" class=\"yoast-schema-graph\">{\"@context\":\"https:\\\/\\\/schema.org\",\"@graph\":[{\"@type\":\"Article\",\"@id\":\"https:\\\/\\\/blog.myvideomedia.com\\\/de\\\/xiva-von-oben\\\/#article\",\"isPartOf\":{\"@id\":\"https:\\\/\\\/blog.myvideomedia.com\\\/de\\\/xiva-von-oben\\\/\"},\"author\":{\"name\":\"myVideoMedia\",\"@id\":\"https:\\\/\\\/blog.myvideomedia.com\\\/de\\\/#\\\/schema\\\/person\\\/87be8fbbed69b1562242448c1c3dcbec\"},\"headline\":\"Xiva von oben\",\"datePublished\":\"2017-11-29T08:34:57+00:00\",\"dateModified\":\"2020-10-06T15:37:10+00:00\",\"mainEntityOfPage\":{\"@id\":\"https:\\\/\\\/blog.myvideomedia.com\\\/de\\\/xiva-von-oben\\\/\"},\"wordCount\":424,\"commentCount\":0,\"publisher\":{\"@id\":\"https:\\\/\\\/blog.myvideomedia.com\\\/de\\\/#\\\/schema\\\/person\\\/87be8fbbed69b1562242448c1c3dcbec\"},\"image\":{\"@id\":\"https:\\\/\\\/blog.myvideomedia.com\\\/de\\\/xiva-von-oben\\\/#primaryimage\"},\"thumbnailUrl\":\"https:\\\/\\\/blog.myvideomedia.com\\\/wp-content\\\/uploads\\\/2017\\\/11\\\/Khiva-from-abov_DSC4157-c.jpg\",\"keywords\":[\"Seidenstra\u00dfe\",\"Xiva\"],\"articleSection\":[\"Asien\",\"Usbekistan\"],\"inLanguage\":\"de\",\"potentialAction\":[{\"@type\":\"CommentAction\",\"name\":\"Comment\",\"target\":[\"https:\\\/\\\/blog.myvideomedia.com\\\/de\\\/xiva-von-oben\\\/#respond\"]}]},{\"@type\":\"WebPage\",\"@id\":\"https:\\\/\\\/blog.myvideomedia.com\\\/de\\\/xiva-von-oben\\\/\",\"url\":\"https:\\\/\\\/blog.myvideomedia.com\\\/de\\\/xiva-von-oben\\\/\",\"name\":\"Khoja Islam Minaret - Xiva von oben - Usbekistan - Reise Video Blog\",\"isPartOf\":{\"@id\":\"https:\\\/\\\/blog.myvideomedia.com\\\/de\\\/#website\"},\"primaryImageOfPage\":{\"@id\":\"https:\\\/\\\/blog.myvideomedia.com\\\/de\\\/xiva-von-oben\\\/#primaryimage\"},\"image\":{\"@id\":\"https:\\\/\\\/blog.myvideomedia.com\\\/de\\\/xiva-von-oben\\\/#primaryimage\"},\"thumbnailUrl\":\"https:\\\/\\\/blog.myvideomedia.com\\\/wp-content\\\/uploads\\\/2017\\\/11\\\/Khiva-from-abov_DSC4157-c.jpg\",\"datePublished\":\"2017-11-29T08:34:57+00:00\",\"dateModified\":\"2020-10-06T15:37:10+00:00\",\"description\":\"Wir gehen zum Khoja Islam Minaret, dem h\u00f6chsten Minarett der Stadt, mit einer H\u00f6he von 57 m. Der perfekte Ort, um Xiva Form oben zu sehen\",\"breadcrumb\":{\"@id\":\"https:\\\/\\\/blog.myvideomedia.com\\\/de\\\/xiva-von-oben\\\/#breadcrumb\"},\"inLanguage\":\"de\",\"potentialAction\":[{\"@type\":\"ReadAction\",\"target\":[\"https:\\\/\\\/blog.myvideomedia.com\\\/de\\\/xiva-von-oben\\\/\"]}]},{\"@type\":\"ImageObject\",\"inLanguage\":\"de\",\"@id\":\"https:\\\/\\\/blog.myvideomedia.com\\\/de\\\/xiva-von-oben\\\/#primaryimage\",\"url\":\"https:\\\/\\\/blog.myvideomedia.com\\\/wp-content\\\/uploads\\\/2017\\\/11\\\/Khiva-from-abov_DSC4157-c.jpg\",\"contentUrl\":\"https:\\\/\\\/blog.myvideomedia.com\\\/wp-content\\\/uploads\\\/2017\\\/11\\\/Khiva-from-abov_DSC4157-c.jpg\",\"width\":1280,\"height\":854,\"caption\":\"Xiva von oben\"},{\"@type\":\"BreadcrumbList\",\"@id\":\"https:\\\/\\\/blog.myvideomedia.com\\\/de\\\/xiva-von-oben\\\/#breadcrumb\",\"itemListElement\":[{\"@type\":\"ListItem\",\"position\":1,\"name\":\"Home\",\"item\":\"https:\\\/\\\/blog.myvideomedia.com\\\/de\\\/\"},{\"@type\":\"ListItem\",\"position\":2,\"name\":\"Xiva von oben\"}]},{\"@type\":\"WebSite\",\"@id\":\"https:\\\/\\\/blog.myvideomedia.com\\\/de\\\/#website\",\"url\":\"https:\\\/\\\/blog.myvideomedia.com\\\/de\\\/\",\"name\":\"Travel Video Blog\",\"description\":\"myVideoMedia Reisetipps und Reisevideos\",\"publisher\":{\"@id\":\"https:\\\/\\\/blog.myvideomedia.com\\\/de\\\/#\\\/schema\\\/person\\\/87be8fbbed69b1562242448c1c3dcbec\"},\"potentialAction\":[{\"@type\":\"SearchAction\",\"target\":{\"@type\":\"EntryPoint\",\"urlTemplate\":\"https:\\\/\\\/blog.myvideomedia.com\\\/de\\\/?s={search_term_string}\"},\"query-input\":{\"@type\":\"PropertyValueSpecification\",\"valueRequired\":true,\"valueName\":\"search_term_string\"}}],\"inLanguage\":\"de\"},{\"@type\":[\"Person\",\"Organization\"],\"@id\":\"https:\\\/\\\/blog.myvideomedia.com\\\/de\\\/#\\\/schema\\\/person\\\/87be8fbbed69b1562242448c1c3dcbec\",\"name\":\"myVideoMedia\",\"image\":{\"@type\":\"ImageObject\",\"inLanguage\":\"de\",\"@id\":\"https:\\\/\\\/secure.gravatar.com\\\/avatar\\\/460720160715ef8975b781abd1b6985e55ce2f01567bb6757bebd73e7cf74c97?s=96&d=mm&r=g\",\"url\":\"https:\\\/\\\/secure.gravatar.com\\\/avatar\\\/460720160715ef8975b781abd1b6985e55ce2f01567bb6757bebd73e7cf74c97?s=96&d=mm&r=g\",\"contentUrl\":\"https:\\\/\\\/secure.gravatar.com\\\/avatar\\\/460720160715ef8975b781abd1b6985e55ce2f01567bb6757bebd73e7cf74c97?s=96&d=mm&r=g\",\"caption\":\"myVideoMedia\"},\"logo\":{\"@id\":\"https:\\\/\\\/secure.gravatar.com\\\/avatar\\\/460720160715ef8975b781abd1b6985e55ce2f01567bb6757bebd73e7cf74c97?s=96&d=mm&r=g\"},\"description\":\"\\\"The World is a book, and those who do not travel read only a page\\\" - Aurelius Augustinus (354 - 430 AD) Travel is our passion. With our posts and videos we like to inspire people who are planning or preparing for holidays as well as people who simply want to escape from everyday life and dream of faraway countries.\",\"sameAs\":[\"https:\\\/\\\/www.myvideomedia.com\",\"https:\\\/\\\/www.facebook.com\\\/ursula.streit.520\"],\"url\":\"https:\\\/\\\/blog.myvideomedia.com\\\/de\\\/author\\\/traveladm\\\/\"}]}<\/script>\n<!-- \/ Yoast SEO plugin. -->","yoast_head_json":{"title":"Khoja Islam Minaret - Xiva von oben - Usbekistan - Reise Video Blog","description":"Wir gehen zum Khoja Islam Minaret, dem h\u00f6chsten Minarett der Stadt, mit einer H\u00f6he von 57 m. Der perfekte Ort, um Xiva Form oben zu sehen","robots":{"index":"index","follow":"follow","max-snippet":"max-snippet:-1","max-image-preview":"max-image-preview:large","max-video-preview":"max-video-preview:-1"},"canonical":"https:\/\/blog.myvideomedia.com\/de\/xiva-von-oben\/","og_locale":"de_DE","og_type":"article","og_title":"Khoja Islam Minaret - Xiva von oben - Usbekistan - Reise Video Blog","og_description":"Wir gehen zum Khoja Islam Minaret, dem h\u00f6chsten Minarett der Stadt, mit einer H\u00f6he von 57 m. Der perfekte Ort, um Xiva Form oben zu sehen","og_url":"https:\/\/blog.myvideomedia.com\/de\/xiva-von-oben\/","og_site_name":"Reise Video Blog","article_publisher":"https:\/\/www.facebook.com\/ursula.streit.520","article_author":"https:\/\/www.facebook.com\/ursula.streit.520","article_published_time":"2017-11-29T08:34:57+00:00","article_modified_time":"2020-10-06T15:37:10+00:00","og_image":[{"width":1280,"height":854,"url":"https:\/\/blog.myvideomedia.com\/wp-content\/uploads\/2017\/11\/Khiva-from-abov_DSC4157-c.jpg","type":"image\/jpeg"}],"author":"myVideoMedia","twitter_card":"summary_large_image","twitter_creator":"@myvideomedia","twitter_site":"@myvideomedia","twitter_misc":{"Verfasst von":"myVideoMedia","Gesch\u00e4tzte Lesezeit":"2\u00a0Minuten"},"schema":{"@context":"https:\/\/schema.org","@graph":[{"@type":"Article","@id":"https:\/\/blog.myvideomedia.com\/de\/xiva-von-oben\/#article","isPartOf":{"@id":"https:\/\/blog.myvideomedia.com\/de\/xiva-von-oben\/"},"author":{"name":"myVideoMedia","@id":"https:\/\/blog.myvideomedia.com\/de\/#\/schema\/person\/87be8fbbed69b1562242448c1c3dcbec"},"headline":"Xiva von oben","datePublished":"2017-11-29T08:34:57+00:00","dateModified":"2020-10-06T15:37:10+00:00","mainEntityOfPage":{"@id":"https:\/\/blog.myvideomedia.com\/de\/xiva-von-oben\/"},"wordCount":424,"commentCount":0,"publisher":{"@id":"https:\/\/blog.myvideomedia.com\/de\/#\/schema\/person\/87be8fbbed69b1562242448c1c3dcbec"},"image":{"@id":"https:\/\/blog.myvideomedia.com\/de\/xiva-von-oben\/#primaryimage"},"thumbnailUrl":"https:\/\/blog.myvideomedia.com\/wp-content\/uploads\/2017\/11\/Khiva-from-abov_DSC4157-c.jpg","keywords":["Seidenstra\u00dfe","Xiva"],"articleSection":["Asien","Usbekistan"],"inLanguage":"de","potentialAction":[{"@type":"CommentAction","name":"Comment","target":["https:\/\/blog.myvideomedia.com\/de\/xiva-von-oben\/#respond"]}]},{"@type":"WebPage","@id":"https:\/\/blog.myvideomedia.com\/de\/xiva-von-oben\/","url":"https:\/\/blog.myvideomedia.com\/de\/xiva-von-oben\/","name":"Khoja Islam Minaret - Xiva von oben - Usbekistan - Reise Video Blog","isPartOf":{"@id":"https:\/\/blog.myvideomedia.com\/de\/#website"},"primaryImageOfPage":{"@id":"https:\/\/blog.myvideomedia.com\/de\/xiva-von-oben\/#primaryimage"},"image":{"@id":"https:\/\/blog.myvideomedia.com\/de\/xiva-von-oben\/#primaryimage"},"thumbnailUrl":"https:\/\/blog.myvideomedia.com\/wp-content\/uploads\/2017\/11\/Khiva-from-abov_DSC4157-c.jpg","datePublished":"2017-11-29T08:34:57+00:00","dateModified":"2020-10-06T15:37:10+00:00","description":"Wir gehen zum Khoja Islam Minaret, dem h\u00f6chsten Minarett der Stadt, mit einer H\u00f6he von 57 m. Der perfekte Ort, um Xiva Form oben zu sehen","breadcrumb":{"@id":"https:\/\/blog.myvideomedia.com\/de\/xiva-von-oben\/#breadcrumb"},"inLanguage":"de","potentialAction":[{"@type":"ReadAction","target":["https:\/\/blog.myvideomedia.com\/de\/xiva-von-oben\/"]}]},{"@type":"ImageObject","inLanguage":"de","@id":"https:\/\/blog.myvideomedia.com\/de\/xiva-von-oben\/#primaryimage","url":"https:\/\/blog.myvideomedia.com\/wp-content\/uploads\/2017\/11\/Khiva-from-abov_DSC4157-c.jpg","contentUrl":"https:\/\/blog.myvideomedia.com\/wp-content\/uploads\/2017\/11\/Khiva-from-abov_DSC4157-c.jpg","width":1280,"height":854,"caption":"Xiva von oben"},{"@type":"BreadcrumbList","@id":"https:\/\/blog.myvideomedia.com\/de\/xiva-von-oben\/#breadcrumb","itemListElement":[{"@type":"ListItem","position":1,"name":"Home","item":"https:\/\/blog.myvideomedia.com\/de\/"},{"@type":"ListItem","position":2,"name":"Xiva von oben"}]},{"@type":"WebSite","@id":"https:\/\/blog.myvideomedia.com\/de\/#website","url":"https:\/\/blog.myvideomedia.com\/de\/","name":"Travel Video Blog","description":"myVideoMedia Reisetipps und Reisevideos","publisher":{"@id":"https:\/\/blog.myvideomedia.com\/de\/#\/schema\/person\/87be8fbbed69b1562242448c1c3dcbec"},"potentialAction":[{"@type":"SearchAction","target":{"@type":"EntryPoint","urlTemplate":"https:\/\/blog.myvideomedia.com\/de\/?s={search_term_string}"},"query-input":{"@type":"PropertyValueSpecification","valueRequired":true,"valueName":"search_term_string"}}],"inLanguage":"de"},{"@type":["Person","Organization"],"@id":"https:\/\/blog.myvideomedia.com\/de\/#\/schema\/person\/87be8fbbed69b1562242448c1c3dcbec","name":"myVideoMedia","image":{"@type":"ImageObject","inLanguage":"de","@id":"https:\/\/secure.gravatar.com\/avatar\/460720160715ef8975b781abd1b6985e55ce2f01567bb6757bebd73e7cf74c97?s=96&d=mm&r=g","url":"https:\/\/secure.gravatar.com\/avatar\/460720160715ef8975b781abd1b6985e55ce2f01567bb6757bebd73e7cf74c97?s=96&d=mm&r=g","contentUrl":"https:\/\/secure.gravatar.com\/avatar\/460720160715ef8975b781abd1b6985e55ce2f01567bb6757bebd73e7cf74c97?s=96&d=mm&r=g","caption":"myVideoMedia"},"logo":{"@id":"https:\/\/secure.gravatar.com\/avatar\/460720160715ef8975b781abd1b6985e55ce2f01567bb6757bebd73e7cf74c97?s=96&d=mm&r=g"},"description":"\"The World is a book, and those who do not travel read only a page\" - Aurelius Augustinus (354 - 430 AD) Travel is our passion. With our posts and videos we like to inspire people who are planning or preparing for holidays as well as people who simply want to escape from everyday life and dream of faraway countries.","sameAs":["https:\/\/www.myvideomedia.com","https:\/\/www.facebook.com\/ursula.streit.520"],"url":"https:\/\/blog.myvideomedia.com\/de\/author\/traveladm\/"}]}},"featured_image_src":"https:\/\/blog.myvideomedia.com\/wp-content\/uploads\/2017\/11\/Khiva-from-abov_DSC4157-c.jpg","featured_image_src_square":"https:\/\/blog.myvideomedia.com\/wp-content\/uploads\/2017\/11\/Khiva-from-abov_DSC4157-c.jpg","author_info":{"display_name":"myVideoMedia","author_link":"https:\/\/blog.myvideomedia.com\/de\/author\/traveladm\/"},"_links":{"self":[{"href":"https:\/\/blog.myvideomedia.com\/de\/wp-json\/wp\/v2\/posts\/16749","targetHints":{"allow":["GET"]}}],"collection":[{"href":"https:\/\/blog.myvideomedia.com\/de\/wp-json\/wp\/v2\/posts"}],"about":[{"href":"https:\/\/blog.myvideomedia.com\/de\/wp-json\/wp\/v2\/types\/post"}],"author":[{"embeddable":true,"href":"https:\/\/blog.myvideomedia.com\/de\/wp-json\/wp\/v2\/users\/1"}],"replies":[{"embeddable":true,"href":"https:\/\/blog.myvideomedia.com\/de\/wp-json\/wp\/v2\/comments?post=16749"}],"version-history":[{"count":0,"href":"https:\/\/blog.myvideomedia.com\/de\/wp-json\/wp\/v2\/posts\/16749\/revisions"}],"wp:featuredmedia":[{"embeddable":true,"href":"https:\/\/blog.myvideomedia.com\/de\/wp-json\/wp\/v2\/media\/16736"}],"wp:attachment":[{"href":"https:\/\/blog.myvideomedia.com\/de\/wp-json\/wp\/v2\/media?parent=16749"}],"wp:term":[{"taxonomy":"category","embeddable":true,"href":"https:\/\/blog.myvideomedia.com\/de\/wp-json\/wp\/v2\/categories?post=16749"},{"taxonomy":"post_tag","embeddable":true,"href":"https:\/\/blog.myvideomedia.com\/de\/wp-json\/wp\/v2\/tags?post=16749"}],"curies":[{"name":"wp","href":"https:\/\/api.w.org\/{rel}","templated":true}]}}