{"id":16773,"date":"2017-12-01T08:37:17","date_gmt":"2017-12-01T07:37:17","guid":{"rendered":"https:\/\/blog.myvideomedia.com\/?p=16773"},"modified":"2020-09-27T10:29:21","modified_gmt":"2020-09-27T09:29:21","slug":"festung-ayaz-kala","status":"publish","type":"post","link":"https:\/\/blog.myvideomedia.com\/de\/festung-ayaz-kala\/","title":{"rendered":"Festung Ayaz Kala"},"content":{"rendered":"\n<p>W\u00e4hrend wir von Taschkent nach Xiva geflogen sind und bereits zwei Tage die Stadt erkundet haben, ist unser Fahrer Shamil die 1000 km lange Strecke mit dem Auto gefahren. So steht er heute morgen wieder bereit um uns nach Bukhara zu fahren.<\/p>\n\n\n\n<div class=\"wp-block-image\"><figure class=\"aligncenter\"><img loading=\"lazy\" decoding=\"async\" width=\"600\" height=\"338\" src=\"https:\/\/blog.myvideomedia.com\/wp-content\/uploads\/2017\/11\/Khiva-20170902_074823_002-c-600x338.jpg\" alt=\"Stadtmauer Xiva\" class=\"wp-image-16754\" srcset=\"https:\/\/blog.myvideomedia.com\/wp-content\/uploads\/2017\/11\/Khiva-20170902_074823_002-c-600x338.jpg 600w, https:\/\/blog.myvideomedia.com\/wp-content\/uploads\/2017\/11\/Khiva-20170902_074823_002-c-768x432.jpg 768w, https:\/\/blog.myvideomedia.com\/wp-content\/uploads\/2017\/11\/Khiva-20170902_074823_002-c-1260x709.jpg 1260w, https:\/\/blog.myvideomedia.com\/wp-content\/uploads\/2017\/11\/Khiva-20170902_074823_002-c.jpg 1280w\" sizes=\"auto, (max-width: 600px) 100vw, 600px\" \/><\/figure><\/div>\n\n\n\n<p>Ein letzter Blick auf die Stadtmauern, dann fahren wir Richtung Urganch, das wir aber links liegen lassen. Nach der \u00dcberquerung des Amudarja geht es weiter zur Festung Ayaz Kala.<\/p>\n\n\n\n<h3 class=\"has-text-align-center wp-block-heading\"><a href=\"https:\/\/youtu.be\/RE8dWBwQbbA\" target=\"_blank\" rel=\"noopener nofollow noreferrer\">Hier sehen Sie das 4K UHD Video<\/a><\/h3>\n\n\n\n<figure> <div class=\"brlbs-cmpnt-container brlbs-cmpnt-content-blocker brlbs-cmpnt-with-individual-styles\" data-borlabs-cookie-content-blocker-id=\"youtube-content-blocker\" data-borlabs-cookie-content=\"PGlmcmFtZSBzcmM9Imh0dHBzOi8vd3d3LnlvdXR1YmUtbm9jb29raWUuY29tL2VtYmVkL1JFOGRXQndRYmJBIiB3aWR0aD0iNjAwIiBoZWlnaHQ9IjMzOCI+PC9pZnJhbWU+\"><div class=\"brlbs-cmpnt-cb-preset-c brlbs-cmpnt-cb-youtube\"> <div class=\"brlbs-cmpnt-cb-thumbnail\" style=\"background-image: url('https:\/\/blog.myvideomedia.com\/wp-content\/uploads\/borlabs-cookie\/1\/yt_RE8dWBwQbbA_hqdefault.jpg')\"><\/div> <div class=\"brlbs-cmpnt-cb-main\"> <div class=\"brlbs-cmpnt-cb-play-button\"><\/div> <div class=\"brlbs-cmpnt-cb-content\"> <p class=\"brlbs-cmpnt-cb-description\">Sie sehen gerade einen Platzhalterinhalt von <strong>YouTube<\/strong>. Um auf den eigentlichen Inhalt zuzugreifen, klicken Sie auf die Schaltfl\u00e4che unten. Bitte beachten Sie, dass dabei Daten an Drittanbieter weitergegeben werden.<\/p> <a class=\"brlbs-cmpnt-cb-provider-toggle\" href=\"#\" data-borlabs-cookie-show-provider-information role=\"button\">Mehr Informationen<\/a> <\/div> <div class=\"brlbs-cmpnt-cb-buttons\"> <a class=\"brlbs-cmpnt-cb-btn\" href=\"#\" data-borlabs-cookie-unblock role=\"button\">Inhalt entsperren<\/a> <a class=\"brlbs-cmpnt-cb-btn\" href=\"#\" data-borlabs-cookie-accept-service role=\"button\" style=\"display: inherit\">Erforderlichen Service akzeptieren und Inhalte entsperren<\/a> <\/div> <\/div> <\/div><\/div><\/figure>\n\n\n\n<p>Die Festung Ayaz Kala liegt am rechten Ufer des Amudarja, ungef\u00e4hr 40 km nord\u00f6stlich der Stadt Beruniy, das in antiken Zeiten Kath hie\u00df. Eigentlich sind es drei Festungen, wobei die Gr\u00f6\u00dfte auf der Spitze eine H\u00fcgels liegt.<\/p>\n\n\n\n<p>Urspr\u00fcnglich m\u00e4chtige Lehmmauern umspannen diesen. Heute ist die Festung dem Verfall preisgegeben. Erosion durch das Wetter und Touristen machen dem Gem\u00e4uer zu schaffen. Die oberste Festung stammt aus dem 4. Jahrhundert vor Chr.<\/p>\n\n\n\n<div class=\"wp-block-image\"><figure class=\"aligncenter\"><img loading=\"lazy\" decoding=\"async\" width=\"600\" height=\"400\" src=\"https:\/\/blog.myvideomedia.com\/wp-content\/uploads\/2017\/11\/Ayaz-Kala-Fortress_DSC4291-c-600x400.jpg\" alt=\"Festung Ayaz Kala\" class=\"wp-image-16772\" srcset=\"https:\/\/blog.myvideomedia.com\/wp-content\/uploads\/2017\/11\/Ayaz-Kala-Fortress_DSC4291-c-600x400.jpg 600w, https:\/\/blog.myvideomedia.com\/wp-content\/uploads\/2017\/11\/Ayaz-Kala-Fortress_DSC4291-c-768x512.jpg 768w, https:\/\/blog.myvideomedia.com\/wp-content\/uploads\/2017\/11\/Ayaz-Kala-Fortress_DSC4291-c-1260x841.jpg 1260w, https:\/\/blog.myvideomedia.com\/wp-content\/uploads\/2017\/11\/Ayaz-Kala-Fortress_DSC4291-c.jpg 1280w\" sizes=\"auto, (max-width: 600px) 100vw, 600px\" \/><\/figure><\/div>\n\n\n\n<p>Es war eine sogenannte Fluchtburg mit gro\u00dfem unverbautem Innenhof und diente dem Schutz vor marodierenden Nomaden. Bei Gefahr konnte sich die Bev\u00f6lkerung mitsamt ihren Tieren in die Festung zur\u00fcckziehen.<\/p>\n\n\n\n<div class=\"wp-block-image\"><figure class=\"aligncenter\"><img loading=\"lazy\" decoding=\"async\" width=\"600\" height=\"400\" src=\"https:\/\/blog.myvideomedia.com\/wp-content\/uploads\/2017\/11\/Ayaz-Kala-Fortress_DSC4297-c-600x400.jpg\" alt=\"Festung Ayaz Kala\" class=\"wp-image-16768\" srcset=\"https:\/\/blog.myvideomedia.com\/wp-content\/uploads\/2017\/11\/Ayaz-Kala-Fortress_DSC4297-c-600x400.jpg 600w, https:\/\/blog.myvideomedia.com\/wp-content\/uploads\/2017\/11\/Ayaz-Kala-Fortress_DSC4297-c-768x512.jpg 768w, https:\/\/blog.myvideomedia.com\/wp-content\/uploads\/2017\/11\/Ayaz-Kala-Fortress_DSC4297-c-1260x841.jpg 1260w, https:\/\/blog.myvideomedia.com\/wp-content\/uploads\/2017\/11\/Ayaz-Kala-Fortress_DSC4297-c.jpg 1280w\" sizes=\"auto, (max-width: 600px) 100vw, 600px\" \/><\/figure><\/div>\n\n\n\n<p>Seit etwa 1300 Jahren sind die Festungen unbewohnt. In jener Zeit war die umgebende Landschaft noch Sumpfgebiet und gr\u00fcnes Weideland. Mit dem Austrocknen des Aralsees verwandelte sich das umgebende Land in W\u00fcste.<\/p>\n\n\n\n<div class=\"wp-block-image\"><figure class=\"aligncenter\"><img loading=\"lazy\" decoding=\"async\" width=\"600\" height=\"400\" src=\"https:\/\/blog.myvideomedia.com\/wp-content\/uploads\/2017\/11\/Ayaz-Kala-Fortress_DSC4293-c-600x400.jpg\" alt=\"Ayaz Kala Fortress \" class=\"wp-image-16758\" srcset=\"https:\/\/blog.myvideomedia.com\/wp-content\/uploads\/2017\/11\/Ayaz-Kala-Fortress_DSC4293-c-600x400.jpg 600w, https:\/\/blog.myvideomedia.com\/wp-content\/uploads\/2017\/11\/Ayaz-Kala-Fortress_DSC4293-c-768x512.jpg 768w, https:\/\/blog.myvideomedia.com\/wp-content\/uploads\/2017\/11\/Ayaz-Kala-Fortress_DSC4293-c-1260x841.jpg 1260w, https:\/\/blog.myvideomedia.com\/wp-content\/uploads\/2017\/11\/Ayaz-Kala-Fortress_DSC4293-c.jpg 1280w\" sizes=\"auto, (max-width: 600px) 100vw, 600px\" \/><\/figure><\/div>\n\n\n\n<p>Sirojiddin von <a href=\"http:\/\/www.registontravel.com\/de\" target=\"_blank\" rel=\"noopener nofollow noreferrer\">Registon Travel<\/a> will an diesem Tag besonders hoch hinaus.<\/p>\n\n\n\n<p>Die W\u00fcste mag hier zwar sehr trocken sein, dennoch reichen die sp\u00e4rlichen Pflanzen um vereinzelt kleine Kamelherden zu ern\u00e4hren.<\/p>\n\n\n\n<div class=\"wp-block-image\"><figure class=\"aligncenter\"><img loading=\"lazy\" decoding=\"async\" width=\"600\" height=\"400\" src=\"https:\/\/blog.myvideomedia.com\/wp-content\/uploads\/2017\/11\/Camels_DSC4277m-c-600x400.jpg\" alt=\"Kamele bei der Festung Ayaz Kala\" class=\"wp-image-16760\" srcset=\"https:\/\/blog.myvideomedia.com\/wp-content\/uploads\/2017\/11\/Camels_DSC4277m-c-600x400.jpg 600w, https:\/\/blog.myvideomedia.com\/wp-content\/uploads\/2017\/11\/Camels_DSC4277m-c-768x512.jpg 768w, https:\/\/blog.myvideomedia.com\/wp-content\/uploads\/2017\/11\/Camels_DSC4277m-c-1260x841.jpg 1260w, https:\/\/blog.myvideomedia.com\/wp-content\/uploads\/2017\/11\/Camels_DSC4277m-c.jpg 1280w\" sizes=\"auto, (max-width: 600px) 100vw, 600px\" \/><\/figure><\/div>\n\n\n\n<p><br>Zwischen den trockenen Str\u00e4uchern laufen immer wieder kleine Eidechsen umher.<\/p>\n\n\n\n<div class=\"wp-block-image\"><figure class=\"aligncenter\"><img loading=\"lazy\" decoding=\"async\" width=\"600\" height=\"400\" src=\"https:\/\/blog.myvideomedia.com\/wp-content\/uploads\/2017\/11\/Lizard_DSC4298m-c-600x400.jpg\" alt=\"Eidechse\" class=\"wp-image-16762\" srcset=\"https:\/\/blog.myvideomedia.com\/wp-content\/uploads\/2017\/11\/Lizard_DSC4298m-c-600x400.jpg 600w, https:\/\/blog.myvideomedia.com\/wp-content\/uploads\/2017\/11\/Lizard_DSC4298m-c-768x512.jpg 768w, https:\/\/blog.myvideomedia.com\/wp-content\/uploads\/2017\/11\/Lizard_DSC4298m-c-1260x841.jpg 1260w, https:\/\/blog.myvideomedia.com\/wp-content\/uploads\/2017\/11\/Lizard_DSC4298m-c.jpg 1280w\" sizes=\"auto, (max-width: 600px) 100vw, 600px\" \/><\/figure><\/div>\n\n\n\n<p>Auf einem kleinen vorgelagerten H\u00fcgel liegt eine weitere kleinere Festung. Sie stammt aus dem 7. Jahrhundert n. Chr.<\/p>\n\n\n\n<div class=\"wp-block-image\"><figure class=\"aligncenter\"><img loading=\"lazy\" decoding=\"async\" width=\"600\" height=\"338\" src=\"https:\/\/blog.myvideomedia.com\/wp-content\/uploads\/2017\/11\/Ayaz-Kala-Usbekistan_035-c-600x338.jpg\" alt=\"Festung Ayaz Kala\" class=\"wp-image-16777\" srcset=\"https:\/\/blog.myvideomedia.com\/wp-content\/uploads\/2017\/11\/Ayaz-Kala-Usbekistan_035-c-600x338.jpg 600w, https:\/\/blog.myvideomedia.com\/wp-content\/uploads\/2017\/11\/Ayaz-Kala-Usbekistan_035-c-768x432.jpg 768w, https:\/\/blog.myvideomedia.com\/wp-content\/uploads\/2017\/11\/Ayaz-Kala-Usbekistan_035-c-1260x709.jpg 1260w, https:\/\/blog.myvideomedia.com\/wp-content\/uploads\/2017\/11\/Ayaz-Kala-Usbekistan_035-c.jpg 1280w\" sizes=\"auto, (max-width: 600px) 100vw, 600px\" \/><\/figure><\/div>\n\n\n\n<p>In der Ebene davor befinden sich die Reste einer dritten Festung, von der aber kaum noch etwas zu sehen ist.<\/p>\n\n\n\n<div class=\"wp-block-image\"><figure class=\"aligncenter\"><img loading=\"lazy\" decoding=\"async\" width=\"600\" height=\"400\" src=\"https:\/\/blog.myvideomedia.com\/wp-content\/uploads\/2017\/11\/Ayaz-Kala-Yurt-camp_DSC4301-c-600x400.jpg\" alt=\"Ayaz Kala Jurtendorf\" class=\"wp-image-16764\" srcset=\"https:\/\/blog.myvideomedia.com\/wp-content\/uploads\/2017\/11\/Ayaz-Kala-Yurt-camp_DSC4301-c-600x400.jpg 600w, https:\/\/blog.myvideomedia.com\/wp-content\/uploads\/2017\/11\/Ayaz-Kala-Yurt-camp_DSC4301-c-768x512.jpg 768w, https:\/\/blog.myvideomedia.com\/wp-content\/uploads\/2017\/11\/Ayaz-Kala-Yurt-camp_DSC4301-c-1260x841.jpg 1260w, https:\/\/blog.myvideomedia.com\/wp-content\/uploads\/2017\/11\/Ayaz-Kala-Yurt-camp_DSC4301-c.jpg 1280w\" sizes=\"auto, (max-width: 600px) 100vw, 600px\" \/><\/figure><\/div>\n\n\n\n<p>Auf halber H\u00f6he wurde ein kleines Jurtendorf errichtet, in dem man auch \u00fcbernachten kann.<\/p>\n\n\n\n<p>Die Reise geht weiter &gt; <a href=\"https:\/\/blog.myvideomedia.com\/de\/durch-die-kyzylkum-wueste\/\">Durch die Kyzylkum W\u00fcst<\/a>e<\/p>\n\n\n\n<h3 class=\"has-text-align-center wp-block-heading\">Pin it f\u00fcr sp\u00e4ter merken<\/h3>\n\n\n\n<div class=\"wp-block-image\"><figure class=\"aligncenter\"><img loading=\"lazy\" decoding=\"async\" width=\"400\" height=\"600\" src=\"https:\/\/blog.myvideomedia.com\/wp-content\/uploads\/2017\/11\/Ayaz-Kala-Festung-c-400x600.jpg\" alt=\"Festung Ayaz Kala\" class=\"wp-image-16774\" srcset=\"https:\/\/blog.myvideomedia.com\/wp-content\/uploads\/2017\/11\/Ayaz-Kala-Festung-c-400x600.jpg 400w, https:\/\/blog.myvideomedia.com\/wp-content\/uploads\/2017\/11\/Ayaz-Kala-Festung-c.jpg 735w\" sizes=\"auto, (max-width: 400px) 100vw, 400px\" \/><\/figure><\/div>\n\n\n\n<p>Text, Fotos und Video: Copyright \u00a9 <a href=\"https:\/\/www.myvideomedia.com\/de\" target=\"_blank\" rel=\"noopener noreferrer\">myVideoMedia<\/a><\/p>\n","protected":false},"excerpt":{"rendered":"<p>W\u00e4hrend wir von Taschkent nach Xiva geflogen sind und bereits zwei Tage die Stadt erkundet haben, ist unser Fahrer Shamil die 1000 km lange Strecke mit dem Auto gefahren. So steht er heute morgen wieder bereit um uns nach Bukhara zu fahren. Ein letzter Blick auf die Stadtmauern, dann fahren wir Richtung Urganch, das wir [&hellip;]<\/p>\n","protected":false},"author":1,"featured_media":16772,"comment_status":"open","ping_status":"closed","sticky":false,"template":"","format":"standard","meta":{"_genesis_hide_title":false,"_genesis_hide_breadcrumbs":false,"_genesis_hide_singular_image":false,"_genesis_hide_footer_widgets":false,"_genesis_custom_body_class":"","_genesis_custom_post_class":"","_genesis_layout":"","footnotes":""},"categories":[488,884],"tags":[446,1600,880],"class_list":{"0":"post-16773","1":"post","2":"type-post","3":"status-publish","4":"format-standard","5":"has-post-thumbnail","7":"category-asien","8":"category-usbekistan","9":"tag-archaeologie","10":"tag-festung","11":"tag-seidenstrasse","12":"entry"},"yoast_head":"<!-- This site is optimized with the Yoast SEO plugin v27.4 - https:\/\/yoast.com\/product\/yoast-seo-wordpress\/ -->\n<title>Festung Ayaz Kala - Usbekistan - Reise Video Blog<\/title>\n<meta name=\"description\" content=\"Die Festung Ayaz Kala liegt am rechten Ufer des Amudarja, ungef\u00e4hr 40 km nord\u00f6stlich der Stadt Beruniy, das in antiken Zeiten Kath hie\u00df.\" \/>\n<meta name=\"robots\" content=\"index, follow, max-snippet:-1, max-image-preview:large, max-video-preview:-1\" \/>\n<link rel=\"canonical\" href=\"https:\/\/blog.myvideomedia.com\/de\/festung-ayaz-kala\/\" \/>\n<meta property=\"og:locale\" content=\"de_DE\" \/>\n<meta property=\"og:type\" content=\"article\" \/>\n<meta property=\"og:title\" content=\"Festung Ayaz Kala - Usbekistan - Reise Video Blog\" \/>\n<meta property=\"og:description\" content=\"Die Festung Ayaz Kala liegt am rechten Ufer des Amudarja, ungef\u00e4hr 40 km nord\u00f6stlich der Stadt Beruniy, das in antiken Zeiten Kath hie\u00df.\" \/>\n<meta property=\"og:url\" content=\"https:\/\/blog.myvideomedia.com\/de\/festung-ayaz-kala\/\" \/>\n<meta property=\"og:site_name\" content=\"Reise Video Blog\" \/>\n<meta property=\"article:publisher\" content=\"https:\/\/www.facebook.com\/ursula.streit.520\" \/>\n<meta property=\"article:author\" content=\"https:\/\/www.facebook.com\/ursula.streit.520\" \/>\n<meta property=\"article:published_time\" content=\"2017-12-01T07:37:17+00:00\" \/>\n<meta property=\"article:modified_time\" content=\"2020-09-27T09:29:21+00:00\" \/>\n<meta property=\"og:image\" content=\"https:\/\/blog.myvideomedia.com\/wp-content\/uploads\/2017\/11\/Ayaz-Kala-Fortress_DSC4291-c.jpg\" \/>\n\t<meta property=\"og:image:width\" content=\"1280\" \/>\n\t<meta property=\"og:image:height\" content=\"854\" \/>\n\t<meta property=\"og:image:type\" content=\"image\/jpeg\" \/>\n<meta name=\"author\" content=\"myVideoMedia\" \/>\n<meta name=\"twitter:card\" content=\"summary_large_image\" \/>\n<meta name=\"twitter:creator\" content=\"@myvideomedia\" \/>\n<meta name=\"twitter:site\" content=\"@myvideomedia\" \/>\n<meta name=\"twitter:label1\" content=\"Verfasst von\" \/>\n\t<meta name=\"twitter:data1\" content=\"myVideoMedia\" \/>\n\t<meta name=\"twitter:label2\" content=\"Gesch\u00e4tzte Lesezeit\" \/>\n\t<meta name=\"twitter:data2\" content=\"2\u00a0Minuten\" \/>\n<script type=\"application\/ld+json\" class=\"yoast-schema-graph\">{\"@context\":\"https:\\\/\\\/schema.org\",\"@graph\":[{\"@type\":\"Article\",\"@id\":\"https:\\\/\\\/blog.myvideomedia.com\\\/de\\\/festung-ayaz-kala\\\/#article\",\"isPartOf\":{\"@id\":\"https:\\\/\\\/blog.myvideomedia.com\\\/de\\\/festung-ayaz-kala\\\/\"},\"author\":{\"name\":\"myVideoMedia\",\"@id\":\"https:\\\/\\\/blog.myvideomedia.com\\\/de\\\/#\\\/schema\\\/person\\\/87be8fbbed69b1562242448c1c3dcbec\"},\"headline\":\"Festung Ayaz Kala\",\"datePublished\":\"2017-12-01T07:37:17+00:00\",\"dateModified\":\"2020-09-27T09:29:21+00:00\",\"mainEntityOfPage\":{\"@id\":\"https:\\\/\\\/blog.myvideomedia.com\\\/de\\\/festung-ayaz-kala\\\/\"},\"wordCount\":341,\"commentCount\":0,\"publisher\":{\"@id\":\"https:\\\/\\\/blog.myvideomedia.com\\\/de\\\/#\\\/schema\\\/person\\\/87be8fbbed69b1562242448c1c3dcbec\"},\"image\":{\"@id\":\"https:\\\/\\\/blog.myvideomedia.com\\\/de\\\/festung-ayaz-kala\\\/#primaryimage\"},\"thumbnailUrl\":\"https:\\\/\\\/blog.myvideomedia.com\\\/wp-content\\\/uploads\\\/2017\\\/11\\\/Ayaz-Kala-Fortress_DSC4291-c.jpg\",\"keywords\":[\"Arch\u00e4ologie\",\"Festung\",\"Seidenstra\u00dfe\"],\"articleSection\":[\"Asien\",\"Usbekistan\"],\"inLanguage\":\"de\",\"potentialAction\":[{\"@type\":\"CommentAction\",\"name\":\"Comment\",\"target\":[\"https:\\\/\\\/blog.myvideomedia.com\\\/de\\\/festung-ayaz-kala\\\/#respond\"]}]},{\"@type\":\"WebPage\",\"@id\":\"https:\\\/\\\/blog.myvideomedia.com\\\/de\\\/festung-ayaz-kala\\\/\",\"url\":\"https:\\\/\\\/blog.myvideomedia.com\\\/de\\\/festung-ayaz-kala\\\/\",\"name\":\"Festung Ayaz Kala - Usbekistan - Reise Video Blog\",\"isPartOf\":{\"@id\":\"https:\\\/\\\/blog.myvideomedia.com\\\/de\\\/#website\"},\"primaryImageOfPage\":{\"@id\":\"https:\\\/\\\/blog.myvideomedia.com\\\/de\\\/festung-ayaz-kala\\\/#primaryimage\"},\"image\":{\"@id\":\"https:\\\/\\\/blog.myvideomedia.com\\\/de\\\/festung-ayaz-kala\\\/#primaryimage\"},\"thumbnailUrl\":\"https:\\\/\\\/blog.myvideomedia.com\\\/wp-content\\\/uploads\\\/2017\\\/11\\\/Ayaz-Kala-Fortress_DSC4291-c.jpg\",\"datePublished\":\"2017-12-01T07:37:17+00:00\",\"dateModified\":\"2020-09-27T09:29:21+00:00\",\"description\":\"Die Festung Ayaz Kala liegt am rechten Ufer des Amudarja, ungef\u00e4hr 40 km nord\u00f6stlich der Stadt Beruniy, das in antiken Zeiten Kath hie\u00df.\",\"breadcrumb\":{\"@id\":\"https:\\\/\\\/blog.myvideomedia.com\\\/de\\\/festung-ayaz-kala\\\/#breadcrumb\"},\"inLanguage\":\"de\",\"potentialAction\":[{\"@type\":\"ReadAction\",\"target\":[\"https:\\\/\\\/blog.myvideomedia.com\\\/de\\\/festung-ayaz-kala\\\/\"]}]},{\"@type\":\"ImageObject\",\"inLanguage\":\"de\",\"@id\":\"https:\\\/\\\/blog.myvideomedia.com\\\/de\\\/festung-ayaz-kala\\\/#primaryimage\",\"url\":\"https:\\\/\\\/blog.myvideomedia.com\\\/wp-content\\\/uploads\\\/2017\\\/11\\\/Ayaz-Kala-Fortress_DSC4291-c.jpg\",\"contentUrl\":\"https:\\\/\\\/blog.myvideomedia.com\\\/wp-content\\\/uploads\\\/2017\\\/11\\\/Ayaz-Kala-Fortress_DSC4291-c.jpg\",\"width\":1280,\"height\":854,\"caption\":\"Festung Ayaz Kala\"},{\"@type\":\"BreadcrumbList\",\"@id\":\"https:\\\/\\\/blog.myvideomedia.com\\\/de\\\/festung-ayaz-kala\\\/#breadcrumb\",\"itemListElement\":[{\"@type\":\"ListItem\",\"position\":1,\"name\":\"Home\",\"item\":\"https:\\\/\\\/blog.myvideomedia.com\\\/de\\\/\"},{\"@type\":\"ListItem\",\"position\":2,\"name\":\"Festung Ayaz Kala\"}]},{\"@type\":\"WebSite\",\"@id\":\"https:\\\/\\\/blog.myvideomedia.com\\\/de\\\/#website\",\"url\":\"https:\\\/\\\/blog.myvideomedia.com\\\/de\\\/\",\"name\":\"Travel Video Blog\",\"description\":\"myVideoMedia Reisetipps und Reisevideos\",\"publisher\":{\"@id\":\"https:\\\/\\\/blog.myvideomedia.com\\\/de\\\/#\\\/schema\\\/person\\\/87be8fbbed69b1562242448c1c3dcbec\"},\"potentialAction\":[{\"@type\":\"SearchAction\",\"target\":{\"@type\":\"EntryPoint\",\"urlTemplate\":\"https:\\\/\\\/blog.myvideomedia.com\\\/de\\\/?s={search_term_string}\"},\"query-input\":{\"@type\":\"PropertyValueSpecification\",\"valueRequired\":true,\"valueName\":\"search_term_string\"}}],\"inLanguage\":\"de\"},{\"@type\":[\"Person\",\"Organization\"],\"@id\":\"https:\\\/\\\/blog.myvideomedia.com\\\/de\\\/#\\\/schema\\\/person\\\/87be8fbbed69b1562242448c1c3dcbec\",\"name\":\"myVideoMedia\",\"image\":{\"@type\":\"ImageObject\",\"inLanguage\":\"de\",\"@id\":\"https:\\\/\\\/secure.gravatar.com\\\/avatar\\\/460720160715ef8975b781abd1b6985e55ce2f01567bb6757bebd73e7cf74c97?s=96&d=mm&r=g\",\"url\":\"https:\\\/\\\/secure.gravatar.com\\\/avatar\\\/460720160715ef8975b781abd1b6985e55ce2f01567bb6757bebd73e7cf74c97?s=96&d=mm&r=g\",\"contentUrl\":\"https:\\\/\\\/secure.gravatar.com\\\/avatar\\\/460720160715ef8975b781abd1b6985e55ce2f01567bb6757bebd73e7cf74c97?s=96&d=mm&r=g\",\"caption\":\"myVideoMedia\"},\"logo\":{\"@id\":\"https:\\\/\\\/secure.gravatar.com\\\/avatar\\\/460720160715ef8975b781abd1b6985e55ce2f01567bb6757bebd73e7cf74c97?s=96&d=mm&r=g\"},\"description\":\"\\\"The World is a book, and those who do not travel read only a page\\\" - Aurelius Augustinus (354 - 430 AD) Travel is our passion. With our posts and videos we like to inspire people who are planning or preparing for holidays as well as people who simply want to escape from everyday life and dream of faraway countries.\",\"sameAs\":[\"https:\\\/\\\/www.myvideomedia.com\",\"https:\\\/\\\/www.facebook.com\\\/ursula.streit.520\"],\"url\":\"https:\\\/\\\/blog.myvideomedia.com\\\/de\\\/author\\\/traveladm\\\/\"}]}<\/script>\n<!-- \/ Yoast SEO plugin. -->","yoast_head_json":{"title":"Festung Ayaz Kala - Usbekistan - Reise Video Blog","description":"Die Festung Ayaz Kala liegt am rechten Ufer des Amudarja, ungef\u00e4hr 40 km nord\u00f6stlich der Stadt Beruniy, das in antiken Zeiten Kath hie\u00df.","robots":{"index":"index","follow":"follow","max-snippet":"max-snippet:-1","max-image-preview":"max-image-preview:large","max-video-preview":"max-video-preview:-1"},"canonical":"https:\/\/blog.myvideomedia.com\/de\/festung-ayaz-kala\/","og_locale":"de_DE","og_type":"article","og_title":"Festung Ayaz Kala - Usbekistan - Reise Video Blog","og_description":"Die Festung Ayaz Kala liegt am rechten Ufer des Amudarja, ungef\u00e4hr 40 km nord\u00f6stlich der Stadt Beruniy, das in antiken Zeiten Kath hie\u00df.","og_url":"https:\/\/blog.myvideomedia.com\/de\/festung-ayaz-kala\/","og_site_name":"Reise Video Blog","article_publisher":"https:\/\/www.facebook.com\/ursula.streit.520","article_author":"https:\/\/www.facebook.com\/ursula.streit.520","article_published_time":"2017-12-01T07:37:17+00:00","article_modified_time":"2020-09-27T09:29:21+00:00","og_image":[{"width":1280,"height":854,"url":"https:\/\/blog.myvideomedia.com\/wp-content\/uploads\/2017\/11\/Ayaz-Kala-Fortress_DSC4291-c.jpg","type":"image\/jpeg"}],"author":"myVideoMedia","twitter_card":"summary_large_image","twitter_creator":"@myvideomedia","twitter_site":"@myvideomedia","twitter_misc":{"Verfasst von":"myVideoMedia","Gesch\u00e4tzte Lesezeit":"2\u00a0Minuten"},"schema":{"@context":"https:\/\/schema.org","@graph":[{"@type":"Article","@id":"https:\/\/blog.myvideomedia.com\/de\/festung-ayaz-kala\/#article","isPartOf":{"@id":"https:\/\/blog.myvideomedia.com\/de\/festung-ayaz-kala\/"},"author":{"name":"myVideoMedia","@id":"https:\/\/blog.myvideomedia.com\/de\/#\/schema\/person\/87be8fbbed69b1562242448c1c3dcbec"},"headline":"Festung Ayaz Kala","datePublished":"2017-12-01T07:37:17+00:00","dateModified":"2020-09-27T09:29:21+00:00","mainEntityOfPage":{"@id":"https:\/\/blog.myvideomedia.com\/de\/festung-ayaz-kala\/"},"wordCount":341,"commentCount":0,"publisher":{"@id":"https:\/\/blog.myvideomedia.com\/de\/#\/schema\/person\/87be8fbbed69b1562242448c1c3dcbec"},"image":{"@id":"https:\/\/blog.myvideomedia.com\/de\/festung-ayaz-kala\/#primaryimage"},"thumbnailUrl":"https:\/\/blog.myvideomedia.com\/wp-content\/uploads\/2017\/11\/Ayaz-Kala-Fortress_DSC4291-c.jpg","keywords":["Arch\u00e4ologie","Festung","Seidenstra\u00dfe"],"articleSection":["Asien","Usbekistan"],"inLanguage":"de","potentialAction":[{"@type":"CommentAction","name":"Comment","target":["https:\/\/blog.myvideomedia.com\/de\/festung-ayaz-kala\/#respond"]}]},{"@type":"WebPage","@id":"https:\/\/blog.myvideomedia.com\/de\/festung-ayaz-kala\/","url":"https:\/\/blog.myvideomedia.com\/de\/festung-ayaz-kala\/","name":"Festung Ayaz Kala - Usbekistan - Reise Video Blog","isPartOf":{"@id":"https:\/\/blog.myvideomedia.com\/de\/#website"},"primaryImageOfPage":{"@id":"https:\/\/blog.myvideomedia.com\/de\/festung-ayaz-kala\/#primaryimage"},"image":{"@id":"https:\/\/blog.myvideomedia.com\/de\/festung-ayaz-kala\/#primaryimage"},"thumbnailUrl":"https:\/\/blog.myvideomedia.com\/wp-content\/uploads\/2017\/11\/Ayaz-Kala-Fortress_DSC4291-c.jpg","datePublished":"2017-12-01T07:37:17+00:00","dateModified":"2020-09-27T09:29:21+00:00","description":"Die Festung Ayaz Kala liegt am rechten Ufer des Amudarja, ungef\u00e4hr 40 km nord\u00f6stlich der Stadt Beruniy, das in antiken Zeiten Kath hie\u00df.","breadcrumb":{"@id":"https:\/\/blog.myvideomedia.com\/de\/festung-ayaz-kala\/#breadcrumb"},"inLanguage":"de","potentialAction":[{"@type":"ReadAction","target":["https:\/\/blog.myvideomedia.com\/de\/festung-ayaz-kala\/"]}]},{"@type":"ImageObject","inLanguage":"de","@id":"https:\/\/blog.myvideomedia.com\/de\/festung-ayaz-kala\/#primaryimage","url":"https:\/\/blog.myvideomedia.com\/wp-content\/uploads\/2017\/11\/Ayaz-Kala-Fortress_DSC4291-c.jpg","contentUrl":"https:\/\/blog.myvideomedia.com\/wp-content\/uploads\/2017\/11\/Ayaz-Kala-Fortress_DSC4291-c.jpg","width":1280,"height":854,"caption":"Festung Ayaz Kala"},{"@type":"BreadcrumbList","@id":"https:\/\/blog.myvideomedia.com\/de\/festung-ayaz-kala\/#breadcrumb","itemListElement":[{"@type":"ListItem","position":1,"name":"Home","item":"https:\/\/blog.myvideomedia.com\/de\/"},{"@type":"ListItem","position":2,"name":"Festung Ayaz Kala"}]},{"@type":"WebSite","@id":"https:\/\/blog.myvideomedia.com\/de\/#website","url":"https:\/\/blog.myvideomedia.com\/de\/","name":"Travel Video Blog","description":"myVideoMedia Reisetipps und Reisevideos","publisher":{"@id":"https:\/\/blog.myvideomedia.com\/de\/#\/schema\/person\/87be8fbbed69b1562242448c1c3dcbec"},"potentialAction":[{"@type":"SearchAction","target":{"@type":"EntryPoint","urlTemplate":"https:\/\/blog.myvideomedia.com\/de\/?s={search_term_string}"},"query-input":{"@type":"PropertyValueSpecification","valueRequired":true,"valueName":"search_term_string"}}],"inLanguage":"de"},{"@type":["Person","Organization"],"@id":"https:\/\/blog.myvideomedia.com\/de\/#\/schema\/person\/87be8fbbed69b1562242448c1c3dcbec","name":"myVideoMedia","image":{"@type":"ImageObject","inLanguage":"de","@id":"https:\/\/secure.gravatar.com\/avatar\/460720160715ef8975b781abd1b6985e55ce2f01567bb6757bebd73e7cf74c97?s=96&d=mm&r=g","url":"https:\/\/secure.gravatar.com\/avatar\/460720160715ef8975b781abd1b6985e55ce2f01567bb6757bebd73e7cf74c97?s=96&d=mm&r=g","contentUrl":"https:\/\/secure.gravatar.com\/avatar\/460720160715ef8975b781abd1b6985e55ce2f01567bb6757bebd73e7cf74c97?s=96&d=mm&r=g","caption":"myVideoMedia"},"logo":{"@id":"https:\/\/secure.gravatar.com\/avatar\/460720160715ef8975b781abd1b6985e55ce2f01567bb6757bebd73e7cf74c97?s=96&d=mm&r=g"},"description":"\"The World is a book, and those who do not travel read only a page\" - Aurelius Augustinus (354 - 430 AD) Travel is our passion. With our posts and videos we like to inspire people who are planning or preparing for holidays as well as people who simply want to escape from everyday life and dream of faraway countries.","sameAs":["https:\/\/www.myvideomedia.com","https:\/\/www.facebook.com\/ursula.streit.520"],"url":"https:\/\/blog.myvideomedia.com\/de\/author\/traveladm\/"}]}},"featured_image_src":"https:\/\/blog.myvideomedia.com\/wp-content\/uploads\/2017\/11\/Ayaz-Kala-Fortress_DSC4291-c.jpg","featured_image_src_square":"https:\/\/blog.myvideomedia.com\/wp-content\/uploads\/2017\/11\/Ayaz-Kala-Fortress_DSC4291-c.jpg","author_info":{"display_name":"myVideoMedia","author_link":"https:\/\/blog.myvideomedia.com\/de\/author\/traveladm\/"},"_links":{"self":[{"href":"https:\/\/blog.myvideomedia.com\/de\/wp-json\/wp\/v2\/posts\/16773","targetHints":{"allow":["GET"]}}],"collection":[{"href":"https:\/\/blog.myvideomedia.com\/de\/wp-json\/wp\/v2\/posts"}],"about":[{"href":"https:\/\/blog.myvideomedia.com\/de\/wp-json\/wp\/v2\/types\/post"}],"author":[{"embeddable":true,"href":"https:\/\/blog.myvideomedia.com\/de\/wp-json\/wp\/v2\/users\/1"}],"replies":[{"embeddable":true,"href":"https:\/\/blog.myvideomedia.com\/de\/wp-json\/wp\/v2\/comments?post=16773"}],"version-history":[{"count":0,"href":"https:\/\/blog.myvideomedia.com\/de\/wp-json\/wp\/v2\/posts\/16773\/revisions"}],"wp:featuredmedia":[{"embeddable":true,"href":"https:\/\/blog.myvideomedia.com\/de\/wp-json\/wp\/v2\/media\/16772"}],"wp:attachment":[{"href":"https:\/\/blog.myvideomedia.com\/de\/wp-json\/wp\/v2\/media?parent=16773"}],"wp:term":[{"taxonomy":"category","embeddable":true,"href":"https:\/\/blog.myvideomedia.com\/de\/wp-json\/wp\/v2\/categories?post=16773"},{"taxonomy":"post_tag","embeddable":true,"href":"https:\/\/blog.myvideomedia.com\/de\/wp-json\/wp\/v2\/tags?post=16773"}],"curies":[{"name":"wp","href":"https:\/\/api.w.org\/{rel}","templated":true}]}}