{"id":16816,"date":"2017-12-05T12:25:36","date_gmt":"2017-12-05T11:25:36","guid":{"rendered":"https:\/\/blog.myvideomedia.com\/?p=16816"},"modified":"2020-04-23T14:46:04","modified_gmt":"2020-04-23T13:46:04","slug":"pha-taem-und-der-zwei-farben-fluss","status":"publish","type":"post","link":"https:\/\/blog.myvideomedia.com\/de\/pha-taem-und-der-zwei-farben-fluss\/","title":{"rendered":"Pha Taem und der Zwei Farben Fluss"},"content":{"rendered":"\n<div id=\"ez-toc-container\" class=\"ez-toc-v2_0_82_2 counter-hierarchy ez-toc-counter ez-toc-grey ez-toc-container-direction\">\n<div class=\"ez-toc-title-container\">\n<p class=\"ez-toc-title\" style=\"cursor:inherit\">Inhaltsverzeichnis<\/p>\n<span class=\"ez-toc-title-toggle\"><a href=\"#\" class=\"ez-toc-pull-right ez-toc-btn ez-toc-btn-xs ez-toc-btn-default ez-toc-toggle\" aria-label=\"Toggle Table of Content\"><span class=\"ez-toc-js-icon-con\"><span class=\"\"><span class=\"eztoc-hide\" style=\"display:none;\">Toggle<\/span><span class=\"ez-toc-icon-toggle-span\"><svg style=\"fill: #999;color:#999\" xmlns=\"http:\/\/www.w3.org\/2000\/svg\" class=\"list-377408\" width=\"20px\" height=\"20px\" viewBox=\"0 0 24 24\" fill=\"none\"><path d=\"M6 6H4v2h2V6zm14 0H8v2h12V6zM4 11h2v2H4v-2zm16 0H8v2h12v-2zM4 16h2v2H4v-2zm16 0H8v2h12v-2z\" fill=\"currentColor\"><\/path><\/svg><svg style=\"fill: #999;color:#999\" class=\"arrow-unsorted-368013\" xmlns=\"http:\/\/www.w3.org\/2000\/svg\" width=\"10px\" height=\"10px\" viewBox=\"0 0 24 24\" version=\"1.2\" baseProfile=\"tiny\"><path d=\"M18.2 9.3l-6.2-6.3-6.2 6.3c-.2.2-.3.4-.3.7s.1.5.3.7c.2.2.4.3.7.3h11c.3 0 .5-.1.7-.3.2-.2.3-.5.3-.7s-.1-.5-.3-.7zM5.8 14.7l6.2 6.3 6.2-6.3c.2-.2.3-.5.3-.7s-.1-.5-.3-.7c-.2-.2-.4-.3-.7-.3h-11c-.3 0-.5.1-.7.3-.2.2-.3.5-.3.7s.1.5.3.7z\"\/><\/svg><\/span><\/span><\/span><\/a><\/span><\/div>\n<nav><ul class='ez-toc-list ez-toc-list-level-1 ' ><li class='ez-toc-page-1 ez-toc-heading-level-2'><a class=\"ez-toc-link ez-toc-heading-1\" href=\"https:\/\/blog.myvideomedia.com\/de\/pha-taem-und-der-zwei-farben-fluss\/#Isan_%E2%80%93_das_urspruengliche_Thailand\" >Isan \u2013 das urspr\u00fcngliche Thailand<\/a><ul class='ez-toc-list-level-3' ><li class='ez-toc-heading-level-3'><a class=\"ez-toc-link ez-toc-heading-2\" href=\"https:\/\/blog.myvideomedia.com\/de\/pha-taem-und-der-zwei-farben-fluss\/#Hier_sehen_Sie_das_zugehoerige_4K_UHD_Video\" >Hier sehen Sie das zugeh\u00f6rige 4K UHD Video<\/a><\/li><\/ul><\/li><li class='ez-toc-page-1 ez-toc-heading-level-2'><a class=\"ez-toc-link ez-toc-heading-3\" href=\"https:\/\/blog.myvideomedia.com\/de\/pha-taem-und-der-zwei-farben-fluss\/#Bevoelkerung\" >Bev\u00f6lkerung<\/a><\/li><li class='ez-toc-page-1 ez-toc-heading-level-2'><a class=\"ez-toc-link ez-toc-heading-4\" href=\"https:\/\/blog.myvideomedia.com\/de\/pha-taem-und-der-zwei-farben-fluss\/#Nationalpark_Pha_team\" >Nationalpark Pha team<\/a><\/li><li class='ez-toc-page-1 ez-toc-heading-level-2'><a class=\"ez-toc-link ez-toc-heading-5\" href=\"https:\/\/blog.myvideomedia.com\/de\/pha-taem-und-der-zwei-farben-fluss\/#Zwei_Farben_Fluss\" >Zwei Farben Fluss<\/a><\/li><li class='ez-toc-page-1 ez-toc-heading-level-2'><a class=\"ez-toc-link ez-toc-heading-6\" href=\"https:\/\/blog.myvideomedia.com\/de\/pha-taem-und-der-zwei-farben-fluss\/#Weitere_Reisetipps_im_Isan\" >Weitere Reisetipps im Isan<\/a><ul class='ez-toc-list-level-3' ><li class='ez-toc-heading-level-3'><a class=\"ez-toc-link ez-toc-heading-7\" href=\"https:\/\/blog.myvideomedia.com\/de\/pha-taem-und-der-zwei-farben-fluss\/#Pin_it_%E2%80%93_fuer_spaeter_merken\" >Pin it &#8211; f\u00fcr sp\u00e4ter merken<\/a><\/li><\/ul><\/li><\/ul><\/nav><\/div>\n<h2 class=\"wp-block-heading\"><span class=\"ez-toc-section\" id=\"Isan_%E2%80%93_das_urspruengliche_Thailand\"><\/span>Isan \u2013 das urspr\u00fcngliche Thailand<span class=\"ez-toc-section-end\"><\/span><\/h2>\n\n\n\n<p>Der Besucheransturm auf Thailand w\u00e4chst von Jahr zu Jahr, was dazu f\u00fchrt, dass einige Gegenden hoffnungslos \u00fcberlaufen sind. Wir konnten den Unterschied bei Besuchen des K\u00f6nigspalastes in Bangkok im Jahre 1991 und 2015 hautnah miterleben.<br>\nAber es gibt sie noch, die urspr\u00fcnglichen Regionen, die bei Touristen noch nicht allzu bekannt sind. Eine Region ist der Isan, die Nordostregion Thailands, auch Isaan genannt.<\/p>\n\n\n\n<p>Der Isan wird oft als das Armenhaus Thailands bezeichnet. Wirtschaftlich ist er stark von der Landwirtschaft gepr\u00e4gt. Reisanbau ist die vorherrschende Richtung. Eigentlich ist die Region nicht sonderlich f\u00fcr die Landwirtschaft geeignet, da viel Fl\u00e4chen leicht \u00fcberschwemmt werden k\u00f6nnen, der Boden damit stark salzhaltig ist, aber auch \u00f6fters D\u00fcrren auftreten k\u00f6nnen. Vielfach wird heute Seide produziert und es wird versucht mit Hilfe des Tourismus die Wirtschaftskraft in der Region zu st\u00e4rken.<\/p>\n\n\n\n<h3 class=\"has-text-align-center wp-block-heading\"><span class=\"ez-toc-section\" id=\"Hier_sehen_Sie_das_zugehoerige_4K_UHD_Video\"><\/span><a href=\"https:\/\/youtu.be\/jH6EUwlpFuQ\" target=\"_blank\" rel=\"noopener nofollow noreferrer\">Hier sehen Sie das zugeh\u00f6rige 4K UHD Video<\/a><span class=\"ez-toc-section-end\"><\/span><\/h3>\n\n\n\n<figure> <div class=\"brlbs-cmpnt-container brlbs-cmpnt-content-blocker brlbs-cmpnt-with-individual-styles\" data-borlabs-cookie-content-blocker-id=\"youtube-content-blocker\" data-borlabs-cookie-content=\"PGlmcmFtZSBzcmM9Imh0dHBzOi8vd3d3LnlvdXR1YmUtbm9jb29raWUuY29tL2VtYmVkL2pINkVVd2xwRnVRIiB3aWR0aD0iNjAwIiBoZWlnaHQ9IjMzOCI+PC9pZnJhbWU+\"><div class=\"brlbs-cmpnt-cb-preset-c brlbs-cmpnt-cb-youtube\"> <div class=\"brlbs-cmpnt-cb-thumbnail\" style=\"background-image: url('https:\/\/blog.myvideomedia.com\/wp-content\/uploads\/borlabs-cookie\/1\/yt_jH6EUwlpFuQ_hqdefault.jpg')\"><\/div> <div class=\"brlbs-cmpnt-cb-main\"> <div class=\"brlbs-cmpnt-cb-play-button\"><\/div> <div class=\"brlbs-cmpnt-cb-content\"> <p class=\"brlbs-cmpnt-cb-description\">Sie sehen gerade einen Platzhalterinhalt von <strong>YouTube<\/strong>. Um auf den eigentlichen Inhalt zuzugreifen, klicken Sie auf die Schaltfl\u00e4che unten. Bitte beachten Sie, dass dabei Daten an Drittanbieter weitergegeben werden.<\/p> <a class=\"brlbs-cmpnt-cb-provider-toggle\" href=\"#\" data-borlabs-cookie-show-provider-information role=\"button\">Mehr Informationen<\/a> <\/div> <div class=\"brlbs-cmpnt-cb-buttons\"> <a class=\"brlbs-cmpnt-cb-btn\" href=\"#\" data-borlabs-cookie-unblock role=\"button\">Inhalt entsperren<\/a> <a class=\"brlbs-cmpnt-cb-btn\" href=\"#\" data-borlabs-cookie-accept-service role=\"button\" style=\"display: inherit\">Erforderlichen Service akzeptieren und Inhalte entsperren<\/a> <\/div> <\/div> <\/div><\/div><\/figure>\n\n\n\n<p>In den letzten Jahren hat der Isan wirtschaftlich stark aufgeholt und abgewanderter Bewohner sind teilweise wieder zur\u00fcckgekehrt. Unabh\u00e4ngig davon stellt f\u00fcr uns der Isan die authentischste Region Thailands dar. Das Leben verl\u00e4uft ruhiger und die Menschen sind wesentlich st\u00e4rker mit der Natur verbunden, wie in anderen Landesteilen.<\/p>\n\n\n\n<h2 class=\"wp-block-heading\"><span class=\"ez-toc-section\" id=\"Bevoelkerung\"><\/span>Bev\u00f6lkerung<span class=\"ez-toc-section-end\"><\/span><\/h2>\n\n\n\n<p>M\u00f6glicherweise ist die wirtschaftliche Schw\u00e4che der Grund, dass der Isan erst relativ sp\u00e4t dichter besiedelt wurde. Bis heute wei\u00df man relativ wenig \u00fcber die urspr\u00fcngliche Besiedlung S\u00fcdost-Asiens. Es gab sicherlich drei gro\u00dfe Str\u00f6mungen. Die erste kam aus Sri Lanka und Indien, die zweite aus Polynesien und die dritte aus dem Norden, aus China. Vereinzelte arch\u00e4ologische Funde, wie z.B. in Ban Chiang, deuten bereits eine Besiedlung vor 3500 Jahren an.<\/p>\n\n\n\n<p>Der Isan findet erst mit der Dvaravati Kultur, zwischen dem 6. und 11. Jahrhundert, seinen Einzug in die Geschichtsb\u00fccher. Ab dem 9. Jahrhundert dominierten die Khmer, als das alte Reich Funan verschwand. 1354 wurde Lan Xang auf dem Gebiet des heutigen Laos gegr\u00fcndet. Der Isan diente als Pufferzone zwischen Lan Xiang und dem K\u00f6nigreich von Ayutthaya. Ab 1694 zerfiel Lan Xang in drei einzelne K\u00f6nigreiche. Das siamesische K\u00f6nigreich Thonburi, der Vorl\u00e4ufer des heutigen Thailands, brachte sie unter seine Kontrolle. Nach einer erfolglosen Rebellion 1828 deportierten die Siamesen mehr als 100.000 Lao in das Gebiet des Isan.<\/p>\n\n\n\n<p>Insofern wundert es nicht, dass die Lao heute die ethnische Mehrheit der Bev\u00f6lkerung im Isan stellen. Durch die starke Anbindung an Thailand unterscheiden sich die Lao heute aber auch von den Laoten im heutigen Laos.<\/p>\n\n\n\n<p>10% der Bev\u00f6lkerung, vor allem im S\u00fcden des Isan sind ethnische Khmer.<\/p>\n\n\n\n<h2 class=\"wp-block-heading\"><span class=\"ez-toc-section\" id=\"Nationalpark_Pha_team\"><\/span>Nationalpark Pha team<span class=\"ez-toc-section-end\"><\/span><\/h2>\n\n\n\n<p>Der Nationalpark liegt in der Provinz Ubon Ratchathani, ca. 100 km \u00f6stlich der gleichnamigen Stadt. Pha Taem gilt als Wiege des Isan und beherbergt ebenfalls Zeugnisse einer fr\u00fchen Kultur. Er liegt direkt am Ufer des Mekong, der im Osten auf einer L\u00e4nger von 63 km die Grenze zu Laos bildet. Der Park hat eine Fl\u00e4che von 340 km\u00b2 und ist von zahlreichen Sandsteinfelsen durchzogen.<\/p>\n\n\n\n<div class=\"wp-block-image\"><figure class=\"aligncenter\"><img loading=\"lazy\" decoding=\"async\" width=\"600\" height=\"338\" src=\"https:\/\/blog.myvideomedia.com\/wp-content\/uploads\/2017\/12\/National-Park-Pha-Taem-20151108_113241-c-600x338.jpg\" alt=\"National Park Pha Taem \" class=\"wp-image-16807\" srcset=\"https:\/\/blog.myvideomedia.com\/wp-content\/uploads\/2017\/12\/National-Park-Pha-Taem-20151108_113241-c-600x338.jpg 600w, https:\/\/blog.myvideomedia.com\/wp-content\/uploads\/2017\/12\/National-Park-Pha-Taem-20151108_113241-c-768x432.jpg 768w, https:\/\/blog.myvideomedia.com\/wp-content\/uploads\/2017\/12\/National-Park-Pha-Taem-20151108_113241-c-1260x709.jpg 1260w, https:\/\/blog.myvideomedia.com\/wp-content\/uploads\/2017\/12\/National-Park-Pha-Taem-20151108_113241-c.jpg 1280w\" sizes=\"auto, (max-width: 600px) 100vw, 600px\" \/><\/figure><\/div>\n\n\n\n<p>Eine spektakul\u00e4re Sandstein &#8211; Felsklippe gibt die Sicht \u00fcber das gesamte Flusstal frei.<\/p>\n\n\n\n<p>Die gr\u00f6\u00dfte Attraktion sind die Felszeichnungen von Pha Taem. Man sch\u00e4tzt das Alter dieser Malereien auf 3000 \u2013 4000 Jahre. Am Fu\u00df der Felswand haben fr\u00fche Bewohner dieses Gebiets ihr Leben in Form von mehr als 300 Felszeichnungen f\u00fcr sp\u00e4tere Generationen festgehalten. Neben Menschen und Tieren sind auch Werkzeuge zum Fischfang dargestellt.<\/p>\n\n\n\n<div class=\"wp-block-image\"><figure class=\"aligncenter\"><img loading=\"lazy\" decoding=\"async\" width=\"600\" height=\"338\" src=\"https:\/\/blog.myvideomedia.com\/wp-content\/uploads\/2017\/12\/National-Park-Pha-Taem-20151108_120218-c-600x338.jpg\" alt=\"Felszeichnungen Pha Taem\" class=\"wp-image-16809\" srcset=\"https:\/\/blog.myvideomedia.com\/wp-content\/uploads\/2017\/12\/National-Park-Pha-Taem-20151108_120218-c-600x338.jpg 600w, https:\/\/blog.myvideomedia.com\/wp-content\/uploads\/2017\/12\/National-Park-Pha-Taem-20151108_120218-c-768x432.jpg 768w, https:\/\/blog.myvideomedia.com\/wp-content\/uploads\/2017\/12\/National-Park-Pha-Taem-20151108_120218-c-1260x709.jpg 1260w, https:\/\/blog.myvideomedia.com\/wp-content\/uploads\/2017\/12\/National-Park-Pha-Taem-20151108_120218-c.jpg 1280w\" sizes=\"auto, (max-width: 600px) 100vw, 600px\" \/><\/figure><\/div>\n\n\n\n<p>Beeindruckend sind die Darstellungen von Elefanten, dem Mekong-Wels, Hunden und Menschen. Es zeigt sich, dass hier nicht J\u00e4ger- und Sammler unterwegs waren, sondern dass Siedler hier sesshaft waren. Offensichtlich hatten sie schon gen\u00fcgend Zeit sich mit Kunst zu besch\u00e4ftigen. Die zahlreichen Handabdr\u00fccke sind vermutlich die Vorl\u00e4ufer von \u201eSelfies\u201c<\/p>\n\n\n\n<p>Aber auch die Wissenschaft kennt nicht alle Fakten. Es bleibt zu kl\u00e4ren, ob diese Siedler Vorfahren der Khmer, der Cham, der Laoten, der Lao oder einer ganz anderen Volksgruppe sind.<\/p>\n\n\n\n<div class=\"wp-block-image\"><figure class=\"aligncenter\"><img loading=\"lazy\" decoding=\"async\" width=\"600\" height=\"338\" src=\"https:\/\/blog.myvideomedia.com\/wp-content\/uploads\/2017\/12\/National-Park-Pha-Taem-20151108_105032-c-600x338.jpg\" alt=\"Nationalpark Pha Taem \" class=\"wp-image-16811\" srcset=\"https:\/\/blog.myvideomedia.com\/wp-content\/uploads\/2017\/12\/National-Park-Pha-Taem-20151108_105032-c-600x338.jpg 600w, https:\/\/blog.myvideomedia.com\/wp-content\/uploads\/2017\/12\/National-Park-Pha-Taem-20151108_105032-c-768x432.jpg 768w, https:\/\/blog.myvideomedia.com\/wp-content\/uploads\/2017\/12\/National-Park-Pha-Taem-20151108_105032-c-1260x709.jpg 1260w, https:\/\/blog.myvideomedia.com\/wp-content\/uploads\/2017\/12\/National-Park-Pha-Taem-20151108_105032-c.jpg 1280w\" sizes=\"auto, (max-width: 600px) 100vw, 600px\" \/><\/figure><\/div>\n\n\n\n<p>Neben den Felszeichnungen gibt es hier auch noch die Sao Chaliang, markante Felsformationen. Wind und Erosion haben pilzf\u00f6rmige Sandsteinnadeln mit flachen Felsen an ihren Spitzen geformt. Man hat das Gef\u00fchl durch eine \u00fcberdimensionale Pilzzucht zu spazieren.<\/p>\n\n\n\n<p>In dieser Landschaft hoch \u00fcber dem Mekong erlebt man den Glauben, fast alleine auf dieser Erde zu sein und die Natur sei unber\u00fchrt.<\/p>\n\n\n\n<p>Der Park ist t\u00e4glich von 6-18 Uhr, das Besucherzentrum von 8:30 -16:30 ge\u00f6ffnet. Die ideale Besuchszeit ist die k\u00fchle Jahreszeit von Oktober bis Februar.<\/p>\n\n\n\n<h2 class=\"wp-block-heading\"><span class=\"ez-toc-section\" id=\"Zwei_Farben_Fluss\"><\/span>Zwei Farben Fluss<span class=\"ez-toc-section-end\"><\/span><\/h2>\n\n\n\n<p>Am Zusammenfluss des Mun-Flusses und des Mekong mischen sich die zwei verschiedenfarbigen Wasser in einer riesigen Flusslandschaft, in der auch B\u00e4ume aus dem Wasser ragen.<\/p>\n\n\n\n<div class=\"wp-block-image\"><figure class=\"aligncenter\"><img loading=\"lazy\" decoding=\"async\" width=\"600\" height=\"338\" src=\"https:\/\/blog.myvideomedia.com\/wp-content\/uploads\/2017\/12\/Two-Color-River-20151108_141209m-c-600x338.jpg\" alt=\"Zwei Farben Fluss\" class=\"wp-image-16813\" srcset=\"https:\/\/blog.myvideomedia.com\/wp-content\/uploads\/2017\/12\/Two-Color-River-20151108_141209m-c-600x338.jpg 600w, https:\/\/blog.myvideomedia.com\/wp-content\/uploads\/2017\/12\/Two-Color-River-20151108_141209m-c-768x432.jpg 768w, https:\/\/blog.myvideomedia.com\/wp-content\/uploads\/2017\/12\/Two-Color-River-20151108_141209m-c-1260x709.jpg 1260w, https:\/\/blog.myvideomedia.com\/wp-content\/uploads\/2017\/12\/Two-Color-River-20151108_141209m-c.jpg 1280w\" sizes=\"auto, (max-width: 600px) 100vw, 600px\" \/><\/figure><\/div>\n\n\n\n<p>Flussabw\u00e4rts umfasst der Kaeng Tana Nationalpark hohe Felsklippen, die Tana Stromschnellen und einige Wasserf\u00e4lle.<\/p>\n\n\n\n<h2 class=\"wp-block-heading\"><span class=\"ez-toc-section\" id=\"Weitere_Reisetipps_im_Isan\"><\/span>Weitere Reisetipps im Isan<span class=\"ez-toc-section-end\"><\/span><\/h2>\n\n\n\n<ul class=\"wp-block-list\"><li>Wer zwischen Oktober und Februar die Provinz Udon Thani besucht, sollte fr\u00fch morgens zum <a href=\"https:\/\/blog.myvideomedia.com\/de\/udon-thani-see-der-roten-lotusblueten\/\">See der roten Lotusbl\u00fcten<\/a> im Bezirk Kumphawapi, fahren. Es ist ein erhebendes Gef\u00fchl mit dem Boot auf dem 36 km\u00b2 gro\u00dfen See durch ein Meer von Lotusbl\u00fcten zu fahren.<\/li><li>Historisch Interessierten empfehlen wir einen Besuch des pr\u00e4historischen Fundortes einer <a href=\"https:\/\/blog.myvideomedia.com\/de\/ban-chiang-raetselhafte-hochkultur\/\">r\u00e4tselhaften Hochkultur in Ban Chiang<\/a>, ca 50 km \u00f6stlich von Udon Thani. 1992 wurde Ban Chiang von der UNESCO als Weltkulturerbe anerkannt.<\/li><li>Besuchern der Provinz Loei finden im <a href=\"https:\/\/blog.myvideomedia.com\/de\/sirila-farm-tent-camp-resort-in-isan\/\">Sirila Farm Tent Camp Resort<\/a> die ideale \u00dcbernachtungsm\u00f6glichkeit in Einklang mit der Natur..<\/li><\/ul>\n\n\n\n<h3 class=\"has-text-align-center wp-block-heading\"><span class=\"ez-toc-section\" id=\"Pin_it_%E2%80%93_fuer_spaeter_merken\"><\/span>Pin it &#8211; f\u00fcr sp\u00e4ter merken<span class=\"ez-toc-section-end\"><\/span><\/h3>\n\n\n\n<div class=\"wp-block-image\"><figure class=\"aligncenter\"><img loading=\"lazy\" decoding=\"async\" width=\"400\" height=\"600\" src=\"https:\/\/blog.myvideomedia.com\/wp-content\/uploads\/2017\/12\/Pha-Taem-c-400x600.jpg\" alt=\"Pha Taem im Isan - Thailand\" class=\"wp-image-16815\" srcset=\"https:\/\/blog.myvideomedia.com\/wp-content\/uploads\/2017\/12\/Pha-Taem-c-400x600.jpg 400w, https:\/\/blog.myvideomedia.com\/wp-content\/uploads\/2017\/12\/Pha-Taem-c.jpg 735w\" sizes=\"auto, (max-width: 400px) 100vw, 400px\" \/><\/figure><\/div>\n\n\n\n<p>Text, Fotos und Video: Copyright \u00a9 <a href=\"https:\/\/www.myvideomedia.com\/de\" target=\"_blank\" rel=\"noopener noreferrer\">myVideoMedia<\/a><\/p>\n","protected":false},"excerpt":{"rendered":"<p>Isan \u2013 das urspr\u00fcngliche Thailand Der Besucheransturm auf Thailand w\u00e4chst von Jahr zu Jahr, was dazu f\u00fchrt, dass einige Gegenden hoffnungslos \u00fcberlaufen sind. Wir konnten den Unterschied bei Besuchen des K\u00f6nigspalastes in Bangkok im Jahre 1991 und 2015 hautnah miterleben. Aber es gibt sie noch, die urspr\u00fcnglichen Regionen, die bei Touristen noch nicht allzu bekannt [&hellip;]<\/p>\n","protected":false},"author":1,"featured_media":16811,"comment_status":"open","ping_status":"closed","sticky":false,"template":"","format":"standard","meta":{"_genesis_hide_title":false,"_genesis_hide_breadcrumbs":false,"_genesis_hide_singular_image":false,"_genesis_hide_footer_widgets":false,"_genesis_custom_body_class":"","_genesis_custom_post_class":"","_genesis_layout":"","footnotes":""},"categories":[488,826,731,681],"tags":[469,448],"class_list":{"0":"post-16816","1":"post","2":"type-post","3":"status-publish","4":"format-standard","5":"has-post-thumbnail","7":"category-asien","8":"category-isan-de","9":"category-nordostthailand","10":"category-thailand-de","11":"tag-natur","12":"tag-sehenswuerdigkeit","13":"entry"},"yoast_head":"<!-- This site is optimized with the Yoast SEO plugin v27.4 - https:\/\/yoast.com\/product\/yoast-seo-wordpress\/ -->\n<title>Pha Taem und der Zwei Farben Fluss - Isan - Reise Video Blog<\/title>\n<meta name=\"description\" content=\"Pha Taem gilt als die Wiege von Isan und beherbergt auch Zeugnisse einer fr\u00fchen Kultur. Die gr\u00f6\u00dfte Attraktion sind die Felszeichnungen.\" \/>\n<meta name=\"robots\" content=\"index, follow, max-snippet:-1, max-image-preview:large, max-video-preview:-1\" \/>\n<link rel=\"canonical\" href=\"https:\/\/blog.myvideomedia.com\/de\/pha-taem-und-der-zwei-farben-fluss\/\" \/>\n<meta property=\"og:locale\" content=\"de_DE\" \/>\n<meta property=\"og:type\" content=\"article\" \/>\n<meta property=\"og:title\" content=\"Pha Taem und der Zwei Farben Fluss - Isan - Reise Video Blog\" \/>\n<meta property=\"og:description\" content=\"Pha Taem gilt als die Wiege von Isan und beherbergt auch Zeugnisse einer fr\u00fchen Kultur. Die gr\u00f6\u00dfte Attraktion sind die Felszeichnungen.\" \/>\n<meta property=\"og:url\" content=\"https:\/\/blog.myvideomedia.com\/de\/pha-taem-und-der-zwei-farben-fluss\/\" \/>\n<meta property=\"og:site_name\" content=\"Reise Video Blog\" \/>\n<meta property=\"article:publisher\" content=\"https:\/\/www.facebook.com\/ursula.streit.520\" \/>\n<meta property=\"article:author\" content=\"https:\/\/www.facebook.com\/ursula.streit.520\" \/>\n<meta property=\"article:published_time\" content=\"2017-12-05T11:25:36+00:00\" \/>\n<meta property=\"article:modified_time\" content=\"2020-04-23T13:46:04+00:00\" \/>\n<meta property=\"og:image\" content=\"https:\/\/blog.myvideomedia.com\/wp-content\/uploads\/2017\/12\/National-Park-Pha-Taem-20151108_105032-c.jpg\" \/>\n\t<meta property=\"og:image:width\" content=\"1280\" \/>\n\t<meta property=\"og:image:height\" content=\"720\" \/>\n\t<meta property=\"og:image:type\" content=\"image\/jpeg\" \/>\n<meta name=\"author\" content=\"myVideoMedia\" \/>\n<meta name=\"twitter:card\" content=\"summary_large_image\" \/>\n<meta name=\"twitter:creator\" content=\"@myvideomedia\" \/>\n<meta name=\"twitter:site\" content=\"@myvideomedia\" \/>\n<meta name=\"twitter:label1\" content=\"Verfasst von\" \/>\n\t<meta name=\"twitter:data1\" content=\"myVideoMedia\" \/>\n\t<meta name=\"twitter:label2\" content=\"Gesch\u00e4tzte Lesezeit\" \/>\n\t<meta name=\"twitter:data2\" content=\"4\u00a0Minuten\" \/>\n<script type=\"application\/ld+json\" class=\"yoast-schema-graph\">{\"@context\":\"https:\\\/\\\/schema.org\",\"@graph\":[{\"@type\":\"Article\",\"@id\":\"https:\\\/\\\/blog.myvideomedia.com\\\/de\\\/pha-taem-und-der-zwei-farben-fluss\\\/#article\",\"isPartOf\":{\"@id\":\"https:\\\/\\\/blog.myvideomedia.com\\\/de\\\/pha-taem-und-der-zwei-farben-fluss\\\/\"},\"author\":{\"name\":\"myVideoMedia\",\"@id\":\"https:\\\/\\\/blog.myvideomedia.com\\\/de\\\/#\\\/schema\\\/person\\\/87be8fbbed69b1562242448c1c3dcbec\"},\"headline\":\"Pha Taem und der Zwei Farben Fluss\",\"datePublished\":\"2017-12-05T11:25:36+00:00\",\"dateModified\":\"2020-04-23T13:46:04+00:00\",\"mainEntityOfPage\":{\"@id\":\"https:\\\/\\\/blog.myvideomedia.com\\\/de\\\/pha-taem-und-der-zwei-farben-fluss\\\/\"},\"wordCount\":906,\"commentCount\":2,\"publisher\":{\"@id\":\"https:\\\/\\\/blog.myvideomedia.com\\\/de\\\/#\\\/schema\\\/person\\\/87be8fbbed69b1562242448c1c3dcbec\"},\"image\":{\"@id\":\"https:\\\/\\\/blog.myvideomedia.com\\\/de\\\/pha-taem-und-der-zwei-farben-fluss\\\/#primaryimage\"},\"thumbnailUrl\":\"https:\\\/\\\/blog.myvideomedia.com\\\/wp-content\\\/uploads\\\/2017\\\/12\\\/National-Park-Pha-Taem-20151108_105032-c.jpg\",\"keywords\":[\"Natur\",\"Sehensw\u00fcrdigkeit\"],\"articleSection\":[\"Asien\",\"Isan\",\"Nordostthailand\",\"Thailand\"],\"inLanguage\":\"de\",\"potentialAction\":[{\"@type\":\"CommentAction\",\"name\":\"Comment\",\"target\":[\"https:\\\/\\\/blog.myvideomedia.com\\\/de\\\/pha-taem-und-der-zwei-farben-fluss\\\/#respond\"]}]},{\"@type\":\"WebPage\",\"@id\":\"https:\\\/\\\/blog.myvideomedia.com\\\/de\\\/pha-taem-und-der-zwei-farben-fluss\\\/\",\"url\":\"https:\\\/\\\/blog.myvideomedia.com\\\/de\\\/pha-taem-und-der-zwei-farben-fluss\\\/\",\"name\":\"Pha Taem und der Zwei Farben Fluss - Isan - Reise Video Blog\",\"isPartOf\":{\"@id\":\"https:\\\/\\\/blog.myvideomedia.com\\\/de\\\/#website\"},\"primaryImageOfPage\":{\"@id\":\"https:\\\/\\\/blog.myvideomedia.com\\\/de\\\/pha-taem-und-der-zwei-farben-fluss\\\/#primaryimage\"},\"image\":{\"@id\":\"https:\\\/\\\/blog.myvideomedia.com\\\/de\\\/pha-taem-und-der-zwei-farben-fluss\\\/#primaryimage\"},\"thumbnailUrl\":\"https:\\\/\\\/blog.myvideomedia.com\\\/wp-content\\\/uploads\\\/2017\\\/12\\\/National-Park-Pha-Taem-20151108_105032-c.jpg\",\"datePublished\":\"2017-12-05T11:25:36+00:00\",\"dateModified\":\"2020-04-23T13:46:04+00:00\",\"description\":\"Pha Taem gilt als die Wiege von Isan und beherbergt auch Zeugnisse einer fr\u00fchen Kultur. Die gr\u00f6\u00dfte Attraktion sind die Felszeichnungen.\",\"breadcrumb\":{\"@id\":\"https:\\\/\\\/blog.myvideomedia.com\\\/de\\\/pha-taem-und-der-zwei-farben-fluss\\\/#breadcrumb\"},\"inLanguage\":\"de\",\"potentialAction\":[{\"@type\":\"ReadAction\",\"target\":[\"https:\\\/\\\/blog.myvideomedia.com\\\/de\\\/pha-taem-und-der-zwei-farben-fluss\\\/\"]}]},{\"@type\":\"ImageObject\",\"inLanguage\":\"de\",\"@id\":\"https:\\\/\\\/blog.myvideomedia.com\\\/de\\\/pha-taem-und-der-zwei-farben-fluss\\\/#primaryimage\",\"url\":\"https:\\\/\\\/blog.myvideomedia.com\\\/wp-content\\\/uploads\\\/2017\\\/12\\\/National-Park-Pha-Taem-20151108_105032-c.jpg\",\"contentUrl\":\"https:\\\/\\\/blog.myvideomedia.com\\\/wp-content\\\/uploads\\\/2017\\\/12\\\/National-Park-Pha-Taem-20151108_105032-c.jpg\",\"width\":1280,\"height\":720,\"caption\":\"Nationalpark Pha Taem\"},{\"@type\":\"BreadcrumbList\",\"@id\":\"https:\\\/\\\/blog.myvideomedia.com\\\/de\\\/pha-taem-und-der-zwei-farben-fluss\\\/#breadcrumb\",\"itemListElement\":[{\"@type\":\"ListItem\",\"position\":1,\"name\":\"Home\",\"item\":\"https:\\\/\\\/blog.myvideomedia.com\\\/de\\\/\"},{\"@type\":\"ListItem\",\"position\":2,\"name\":\"Pha Taem und der Zwei Farben Fluss\"}]},{\"@type\":\"WebSite\",\"@id\":\"https:\\\/\\\/blog.myvideomedia.com\\\/de\\\/#website\",\"url\":\"https:\\\/\\\/blog.myvideomedia.com\\\/de\\\/\",\"name\":\"Travel Video Blog\",\"description\":\"myVideoMedia Reisetipps und Reisevideos\",\"publisher\":{\"@id\":\"https:\\\/\\\/blog.myvideomedia.com\\\/de\\\/#\\\/schema\\\/person\\\/87be8fbbed69b1562242448c1c3dcbec\"},\"potentialAction\":[{\"@type\":\"SearchAction\",\"target\":{\"@type\":\"EntryPoint\",\"urlTemplate\":\"https:\\\/\\\/blog.myvideomedia.com\\\/de\\\/?s={search_term_string}\"},\"query-input\":{\"@type\":\"PropertyValueSpecification\",\"valueRequired\":true,\"valueName\":\"search_term_string\"}}],\"inLanguage\":\"de\"},{\"@type\":[\"Person\",\"Organization\"],\"@id\":\"https:\\\/\\\/blog.myvideomedia.com\\\/de\\\/#\\\/schema\\\/person\\\/87be8fbbed69b1562242448c1c3dcbec\",\"name\":\"myVideoMedia\",\"image\":{\"@type\":\"ImageObject\",\"inLanguage\":\"de\",\"@id\":\"https:\\\/\\\/secure.gravatar.com\\\/avatar\\\/460720160715ef8975b781abd1b6985e55ce2f01567bb6757bebd73e7cf74c97?s=96&d=mm&r=g\",\"url\":\"https:\\\/\\\/secure.gravatar.com\\\/avatar\\\/460720160715ef8975b781abd1b6985e55ce2f01567bb6757bebd73e7cf74c97?s=96&d=mm&r=g\",\"contentUrl\":\"https:\\\/\\\/secure.gravatar.com\\\/avatar\\\/460720160715ef8975b781abd1b6985e55ce2f01567bb6757bebd73e7cf74c97?s=96&d=mm&r=g\",\"caption\":\"myVideoMedia\"},\"logo\":{\"@id\":\"https:\\\/\\\/secure.gravatar.com\\\/avatar\\\/460720160715ef8975b781abd1b6985e55ce2f01567bb6757bebd73e7cf74c97?s=96&d=mm&r=g\"},\"description\":\"\\\"The World is a book, and those who do not travel read only a page\\\" - Aurelius Augustinus (354 - 430 AD) Travel is our passion. With our posts and videos we like to inspire people who are planning or preparing for holidays as well as people who simply want to escape from everyday life and dream of faraway countries.\",\"sameAs\":[\"https:\\\/\\\/www.myvideomedia.com\",\"https:\\\/\\\/www.facebook.com\\\/ursula.streit.520\"],\"url\":\"https:\\\/\\\/blog.myvideomedia.com\\\/de\\\/author\\\/traveladm\\\/\"}]}<\/script>\n<!-- \/ Yoast SEO plugin. -->","yoast_head_json":{"title":"Pha Taem und der Zwei Farben Fluss - Isan - Reise Video Blog","description":"Pha Taem gilt als die Wiege von Isan und beherbergt auch Zeugnisse einer fr\u00fchen Kultur. Die gr\u00f6\u00dfte Attraktion sind die Felszeichnungen.","robots":{"index":"index","follow":"follow","max-snippet":"max-snippet:-1","max-image-preview":"max-image-preview:large","max-video-preview":"max-video-preview:-1"},"canonical":"https:\/\/blog.myvideomedia.com\/de\/pha-taem-und-der-zwei-farben-fluss\/","og_locale":"de_DE","og_type":"article","og_title":"Pha Taem und der Zwei Farben Fluss - Isan - Reise Video Blog","og_description":"Pha Taem gilt als die Wiege von Isan und beherbergt auch Zeugnisse einer fr\u00fchen Kultur. Die gr\u00f6\u00dfte Attraktion sind die Felszeichnungen.","og_url":"https:\/\/blog.myvideomedia.com\/de\/pha-taem-und-der-zwei-farben-fluss\/","og_site_name":"Reise Video Blog","article_publisher":"https:\/\/www.facebook.com\/ursula.streit.520","article_author":"https:\/\/www.facebook.com\/ursula.streit.520","article_published_time":"2017-12-05T11:25:36+00:00","article_modified_time":"2020-04-23T13:46:04+00:00","og_image":[{"width":1280,"height":720,"url":"https:\/\/blog.myvideomedia.com\/wp-content\/uploads\/2017\/12\/National-Park-Pha-Taem-20151108_105032-c.jpg","type":"image\/jpeg"}],"author":"myVideoMedia","twitter_card":"summary_large_image","twitter_creator":"@myvideomedia","twitter_site":"@myvideomedia","twitter_misc":{"Verfasst von":"myVideoMedia","Gesch\u00e4tzte Lesezeit":"4\u00a0Minuten"},"schema":{"@context":"https:\/\/schema.org","@graph":[{"@type":"Article","@id":"https:\/\/blog.myvideomedia.com\/de\/pha-taem-und-der-zwei-farben-fluss\/#article","isPartOf":{"@id":"https:\/\/blog.myvideomedia.com\/de\/pha-taem-und-der-zwei-farben-fluss\/"},"author":{"name":"myVideoMedia","@id":"https:\/\/blog.myvideomedia.com\/de\/#\/schema\/person\/87be8fbbed69b1562242448c1c3dcbec"},"headline":"Pha Taem und der Zwei Farben Fluss","datePublished":"2017-12-05T11:25:36+00:00","dateModified":"2020-04-23T13:46:04+00:00","mainEntityOfPage":{"@id":"https:\/\/blog.myvideomedia.com\/de\/pha-taem-und-der-zwei-farben-fluss\/"},"wordCount":906,"commentCount":2,"publisher":{"@id":"https:\/\/blog.myvideomedia.com\/de\/#\/schema\/person\/87be8fbbed69b1562242448c1c3dcbec"},"image":{"@id":"https:\/\/blog.myvideomedia.com\/de\/pha-taem-und-der-zwei-farben-fluss\/#primaryimage"},"thumbnailUrl":"https:\/\/blog.myvideomedia.com\/wp-content\/uploads\/2017\/12\/National-Park-Pha-Taem-20151108_105032-c.jpg","keywords":["Natur","Sehensw\u00fcrdigkeit"],"articleSection":["Asien","Isan","Nordostthailand","Thailand"],"inLanguage":"de","potentialAction":[{"@type":"CommentAction","name":"Comment","target":["https:\/\/blog.myvideomedia.com\/de\/pha-taem-und-der-zwei-farben-fluss\/#respond"]}]},{"@type":"WebPage","@id":"https:\/\/blog.myvideomedia.com\/de\/pha-taem-und-der-zwei-farben-fluss\/","url":"https:\/\/blog.myvideomedia.com\/de\/pha-taem-und-der-zwei-farben-fluss\/","name":"Pha Taem und der Zwei Farben Fluss - Isan - Reise Video Blog","isPartOf":{"@id":"https:\/\/blog.myvideomedia.com\/de\/#website"},"primaryImageOfPage":{"@id":"https:\/\/blog.myvideomedia.com\/de\/pha-taem-und-der-zwei-farben-fluss\/#primaryimage"},"image":{"@id":"https:\/\/blog.myvideomedia.com\/de\/pha-taem-und-der-zwei-farben-fluss\/#primaryimage"},"thumbnailUrl":"https:\/\/blog.myvideomedia.com\/wp-content\/uploads\/2017\/12\/National-Park-Pha-Taem-20151108_105032-c.jpg","datePublished":"2017-12-05T11:25:36+00:00","dateModified":"2020-04-23T13:46:04+00:00","description":"Pha Taem gilt als die Wiege von Isan und beherbergt auch Zeugnisse einer fr\u00fchen Kultur. Die gr\u00f6\u00dfte Attraktion sind die Felszeichnungen.","breadcrumb":{"@id":"https:\/\/blog.myvideomedia.com\/de\/pha-taem-und-der-zwei-farben-fluss\/#breadcrumb"},"inLanguage":"de","potentialAction":[{"@type":"ReadAction","target":["https:\/\/blog.myvideomedia.com\/de\/pha-taem-und-der-zwei-farben-fluss\/"]}]},{"@type":"ImageObject","inLanguage":"de","@id":"https:\/\/blog.myvideomedia.com\/de\/pha-taem-und-der-zwei-farben-fluss\/#primaryimage","url":"https:\/\/blog.myvideomedia.com\/wp-content\/uploads\/2017\/12\/National-Park-Pha-Taem-20151108_105032-c.jpg","contentUrl":"https:\/\/blog.myvideomedia.com\/wp-content\/uploads\/2017\/12\/National-Park-Pha-Taem-20151108_105032-c.jpg","width":1280,"height":720,"caption":"Nationalpark Pha Taem"},{"@type":"BreadcrumbList","@id":"https:\/\/blog.myvideomedia.com\/de\/pha-taem-und-der-zwei-farben-fluss\/#breadcrumb","itemListElement":[{"@type":"ListItem","position":1,"name":"Home","item":"https:\/\/blog.myvideomedia.com\/de\/"},{"@type":"ListItem","position":2,"name":"Pha Taem und der Zwei Farben Fluss"}]},{"@type":"WebSite","@id":"https:\/\/blog.myvideomedia.com\/de\/#website","url":"https:\/\/blog.myvideomedia.com\/de\/","name":"Travel Video Blog","description":"myVideoMedia Reisetipps und Reisevideos","publisher":{"@id":"https:\/\/blog.myvideomedia.com\/de\/#\/schema\/person\/87be8fbbed69b1562242448c1c3dcbec"},"potentialAction":[{"@type":"SearchAction","target":{"@type":"EntryPoint","urlTemplate":"https:\/\/blog.myvideomedia.com\/de\/?s={search_term_string}"},"query-input":{"@type":"PropertyValueSpecification","valueRequired":true,"valueName":"search_term_string"}}],"inLanguage":"de"},{"@type":["Person","Organization"],"@id":"https:\/\/blog.myvideomedia.com\/de\/#\/schema\/person\/87be8fbbed69b1562242448c1c3dcbec","name":"myVideoMedia","image":{"@type":"ImageObject","inLanguage":"de","@id":"https:\/\/secure.gravatar.com\/avatar\/460720160715ef8975b781abd1b6985e55ce2f01567bb6757bebd73e7cf74c97?s=96&d=mm&r=g","url":"https:\/\/secure.gravatar.com\/avatar\/460720160715ef8975b781abd1b6985e55ce2f01567bb6757bebd73e7cf74c97?s=96&d=mm&r=g","contentUrl":"https:\/\/secure.gravatar.com\/avatar\/460720160715ef8975b781abd1b6985e55ce2f01567bb6757bebd73e7cf74c97?s=96&d=mm&r=g","caption":"myVideoMedia"},"logo":{"@id":"https:\/\/secure.gravatar.com\/avatar\/460720160715ef8975b781abd1b6985e55ce2f01567bb6757bebd73e7cf74c97?s=96&d=mm&r=g"},"description":"\"The World is a book, and those who do not travel read only a page\" - Aurelius Augustinus (354 - 430 AD) Travel is our passion. With our posts and videos we like to inspire people who are planning or preparing for holidays as well as people who simply want to escape from everyday life and dream of faraway countries.","sameAs":["https:\/\/www.myvideomedia.com","https:\/\/www.facebook.com\/ursula.streit.520"],"url":"https:\/\/blog.myvideomedia.com\/de\/author\/traveladm\/"}]}},"featured_image_src":"https:\/\/blog.myvideomedia.com\/wp-content\/uploads\/2017\/12\/National-Park-Pha-Taem-20151108_105032-c.jpg","featured_image_src_square":"https:\/\/blog.myvideomedia.com\/wp-content\/uploads\/2017\/12\/National-Park-Pha-Taem-20151108_105032-c.jpg","author_info":{"display_name":"myVideoMedia","author_link":"https:\/\/blog.myvideomedia.com\/de\/author\/traveladm\/"},"_links":{"self":[{"href":"https:\/\/blog.myvideomedia.com\/de\/wp-json\/wp\/v2\/posts\/16816","targetHints":{"allow":["GET"]}}],"collection":[{"href":"https:\/\/blog.myvideomedia.com\/de\/wp-json\/wp\/v2\/posts"}],"about":[{"href":"https:\/\/blog.myvideomedia.com\/de\/wp-json\/wp\/v2\/types\/post"}],"author":[{"embeddable":true,"href":"https:\/\/blog.myvideomedia.com\/de\/wp-json\/wp\/v2\/users\/1"}],"replies":[{"embeddable":true,"href":"https:\/\/blog.myvideomedia.com\/de\/wp-json\/wp\/v2\/comments?post=16816"}],"version-history":[{"count":0,"href":"https:\/\/blog.myvideomedia.com\/de\/wp-json\/wp\/v2\/posts\/16816\/revisions"}],"wp:featuredmedia":[{"embeddable":true,"href":"https:\/\/blog.myvideomedia.com\/de\/wp-json\/wp\/v2\/media\/16811"}],"wp:attachment":[{"href":"https:\/\/blog.myvideomedia.com\/de\/wp-json\/wp\/v2\/media?parent=16816"}],"wp:term":[{"taxonomy":"category","embeddable":true,"href":"https:\/\/blog.myvideomedia.com\/de\/wp-json\/wp\/v2\/categories?post=16816"},{"taxonomy":"post_tag","embeddable":true,"href":"https:\/\/blog.myvideomedia.com\/de\/wp-json\/wp\/v2\/tags?post=16816"}],"curies":[{"name":"wp","href":"https:\/\/api.w.org\/{rel}","templated":true}]}}