{"id":17227,"date":"2018-01-11T08:47:22","date_gmt":"2018-01-11T07:47:22","guid":{"rendered":"https:\/\/blog.myvideomedia.com\/?p=17227"},"modified":"2025-06-04T16:46:13","modified_gmt":"2025-06-04T15:46:13","slug":"erste-schritte-im-zentrum-von-riga","status":"publish","type":"post","link":"https:\/\/blog.myvideomedia.com\/de\/erste-schritte-im-zentrum-von-riga\/","title":{"rendered":"Erste Schritte im Zentrum von Riga"},"content":{"rendered":"\n<h2 class=\"wp-block-heading\">Geschichte Lettlands<\/h2>\n\n\n\n<p>Lettland ist die Mittlere der drei Baltischen Republiken und seit 2004 Mitglied der Europ\u00e4ischen Union und seit 2014 Teil der Eurozone.<\/p>\n\n\n\n<p>Vor 4000 Jahren wurden die hier siedelnden finno-ugurischen St\u00e4mme von indoeurop\u00e4ischen St\u00e4mmen verdr\u00e4ngt. Im fr\u00fchen Mittelalter war die Gegend in zahlreiche kleine F\u00fcrstent\u00fcmer zersplittert. 1202 wurden diese vom Schwertbr\u00fcderorden erobert, der 1237 im Deutschen Orden aufging.<\/p>\n\n\n\n<p>Die Deutschen stellten dann jahrhundertelang die Oberschicht aus Stadtb\u00fcrgertum und Gro\u00dfgrundbesitzern. W\u00e4hrend der Reformation wurde Lettland lutherisch, nur Teile von Polen-Litauen blieben katholisch.1795 wurde Lettland dem Russischen Kaiserreich angegliedert und erkl\u00e4rte 1918 die Unabh\u00e4ngigkeit. W\u00e4hrend des 2. Weltkrieges wurde Lettland erst von der Sowjetunion, dann vom Deutschen Reich und zuletzt wieder von der Sowjetunion besetzt.<\/p>\n\n\n\n<h2 class=\"wp-block-heading\">Geschichte Rigas<\/h2>\n\n\n\n<p>Riga ist die Hauptstadt Lettlands mit rund 700.000 Einwohnern. Heute ist sie ber\u00fchmt f\u00fcr ihre \u00fcber 700 gut erhaltenen Jugendstilbauten. Der Altstadtkern machte einen sauberen und gepflegten Eindruck.<\/p>\n\n\n<div class=\"wp-block-image\">\n<figure class=\"aligncenter\"><img loading=\"lazy\" decoding=\"async\" width=\"600\" height=\"338\" src=\"https:\/\/blog.myvideomedia.com\/wp-content\/uploads\/2018\/01\/Center-Riga-20160804_141401-c-600x338.jpg\" alt=\"Zentrum von Riga\" class=\"wp-image-17224\" srcset=\"https:\/\/blog.myvideomedia.com\/wp-content\/uploads\/2018\/01\/Center-Riga-20160804_141401-c-600x338.jpg 600w, https:\/\/blog.myvideomedia.com\/wp-content\/uploads\/2018\/01\/Center-Riga-20160804_141401-c-768x432.jpg 768w, https:\/\/blog.myvideomedia.com\/wp-content\/uploads\/2018\/01\/Center-Riga-20160804_141401-c-1260x709.jpg 1260w, https:\/\/blog.myvideomedia.com\/wp-content\/uploads\/2018\/01\/Center-Riga-20160804_141401-c.jpg 1280w\" sizes=\"auto, (max-width: 600px) 100vw, 600px\" \/><\/figure>\n<\/div>\n\n\n<p>Gegr\u00fcndet wurde Riga 1201, nachdem hier bereits seit 1150 gotl\u00e4ndische Kaufleute regelm\u00e4\u00dfig Handel trieben. Bis 1492 kam es oft zu b\u00fcrgerkriegs\u00e4hnlichen Konstellationen, da sich Deutscher Orden und die Erzbisch\u00f6fe bekriegten. Dem Handel tat dies keinen Abbruch und die Stadt, die der Hanse angeh\u00f6rte wuchs rasch. Erst ab 1492 wurde der Deutsche Orden als Schutzmacht anerkannt.<\/p>\n\n\n\n<p>1621 eroberte der schwedische K\u00f6nig Gustav II. Adolf die Stadt und hielt im Russisch-Schwedischen Krieg 1658 der russischen Belagerung stand. Bis zur Einnahme durch russische Truppen 1710 erhielt Riga weitgehend die Selbstverwaltung. Doch die deutsche Oberschicht pr\u00e4gte die Kultur bis ins 19. Jahrhundert.<\/p>\n\n\n\n<p>In den beiden Weltkriegen wechselten die Machtverh\u00e4ltnisse mehrmals und die Stadt erlebte mehrfach einen gewaltsamen Exodus. Zur Zeit verliert die Stadt wieder massiv an Einwohnern wegen Abwanderung ins europ\u00e4ische Ausland, in die Umgebung von Riga und durch eine niedrige Geburtenrate.<\/p>\n\n\n\n<h2 class=\"wp-block-heading\">Erste Schritte in Riga<\/h2>\n\n\n\n<p>Wir sind im Wellton Riga Hotel &amp; SPA untergekommen und so k\u00f6nnen wir die Altstadt bequem zu Fu\u00df erkunden. Wie meist bei der Ankunft machen wir uns auf die Suche nach einem Geldautomaten und werden im Einkaufszentrum Galerija Centrs f\u00fcndig.<\/p>\n\n\n<div class=\"wp-block-image\">\n<figure class=\"aligncenter\"><img loading=\"lazy\" decoding=\"async\" width=\"600\" height=\"338\" src=\"https:\/\/blog.myvideomedia.com\/wp-content\/uploads\/2018\/01\/Center-Riga_002-c-600x338.jpg\" alt=\"Zentrum von Riga\" class=\"wp-image-17218\" srcset=\"https:\/\/blog.myvideomedia.com\/wp-content\/uploads\/2018\/01\/Center-Riga_002-c-600x338.jpg 600w, https:\/\/blog.myvideomedia.com\/wp-content\/uploads\/2018\/01\/Center-Riga_002-c-768x432.jpg 768w, https:\/\/blog.myvideomedia.com\/wp-content\/uploads\/2018\/01\/Center-Riga_002-c-1260x709.jpg 1260w, https:\/\/blog.myvideomedia.com\/wp-content\/uploads\/2018\/01\/Center-Riga_002-c.jpg 1280w\" sizes=\"auto, (max-width: 600px) 100vw, 600px\" \/><\/figure>\n<\/div>\n\n\n<p>Kurz danach k\u00f6nnen wir die ersten Jugendstil Geb\u00e4ude bewundern.<\/p>\n\n\n<div class=\"wp-block-image\">\n<figure class=\"aligncenter\"><img loading=\"lazy\" decoding=\"async\" width=\"337\" height=\"600\" src=\"https:\/\/blog.myvideomedia.com\/wp-content\/uploads\/2018\/01\/Center-Riga-DSC02716-c-337x600.jpg\" alt=\"Zentrum von Riga\" class=\"wp-image-17211\" srcset=\"https:\/\/blog.myvideomedia.com\/wp-content\/uploads\/2018\/01\/Center-Riga-DSC02716-c-337x600.jpg 337w, https:\/\/blog.myvideomedia.com\/wp-content\/uploads\/2018\/01\/Center-Riga-DSC02716-c-708x1260.jpg 708w, https:\/\/blog.myvideomedia.com\/wp-content\/uploads\/2018\/01\/Center-Riga-DSC02716-c.jpg 719w\" sizes=\"auto, (max-width: 337px) 100vw, 337px\" \/><\/figure>\n<\/div>\n\n\n<p>Bei einem Kaffee am Amatnieku tirgus einem Platz mit kleinem Park und Kunstgewerbemarkt beobachten wir die Touristen, die die Stadtrundfahrt mit Segways unternehmen.<\/p>\n\n\n<div class=\"wp-block-image\">\n<figure class=\"aligncenter\"><img loading=\"lazy\" decoding=\"async\" width=\"600\" height=\"338\" src=\"https:\/\/blog.myvideomedia.com\/wp-content\/uploads\/2018\/01\/Center-Riga_003-c-600x338.jpg\" alt=\"Zentrum von Riga\" class=\"wp-image-17220\" srcset=\"https:\/\/blog.myvideomedia.com\/wp-content\/uploads\/2018\/01\/Center-Riga_003-c-600x338.jpg 600w, https:\/\/blog.myvideomedia.com\/wp-content\/uploads\/2018\/01\/Center-Riga_003-c-768x432.jpg 768w, https:\/\/blog.myvideomedia.com\/wp-content\/uploads\/2018\/01\/Center-Riga_003-c-1260x709.jpg 1260w, https:\/\/blog.myvideomedia.com\/wp-content\/uploads\/2018\/01\/Center-Riga_003-c.jpg 1280w\" sizes=\"auto, (max-width: 600px) 100vw, 600px\" \/><\/figure>\n<\/div>\n\n\n<p>Wir gehen weiter zum Freilichterholungspark EGLE (Br\u012bvdabas atp\u016btas parks) an dem sich auch ein Eingang in das Rathaus befindet. Immer wieder bestaunen wir die gut erhaltenen Architektur.<\/p>\n\n\n\n<p><a href=\"https:\/\/youtu.be\/UgULY_jDYww\" target=\"_blank\" rel=\"noopener nofollow noreferrer\">Hier sehen Sie das 4K UHD Video<\/a><\/p>\n\n\n\n<figure> <div class=\"brlbs-cmpnt-container brlbs-cmpnt-content-blocker brlbs-cmpnt-with-individual-styles\" data-borlabs-cookie-content-blocker-id=\"youtube-content-blocker\" data-borlabs-cookie-content=\"PGlmcmFtZSBzcmM9Imh0dHBzOi8vd3d3LnlvdXR1YmUtbm9jb29raWUuY29tL2VtYmVkL1VnVUxZX2pEWXd3IiB3aWR0aD0iNjAwIiBoZWlnaHQ9IjMzOCI+PC9pZnJhbWU+\"><div class=\"brlbs-cmpnt-cb-preset-c brlbs-cmpnt-cb-youtube\"> <div class=\"brlbs-cmpnt-cb-thumbnail\" style=\"background-image: url('https:\/\/blog.myvideomedia.com\/wp-content\/uploads\/borlabs-cookie\/1\/yt_UgULY_jDYww_hqdefault.jpg')\"><\/div> <div class=\"brlbs-cmpnt-cb-main\"> <div class=\"brlbs-cmpnt-cb-play-button\"><\/div> <div class=\"brlbs-cmpnt-cb-content\"> <p class=\"brlbs-cmpnt-cb-description\">Sie sehen gerade einen Platzhalterinhalt von <strong>YouTube<\/strong>. Um auf den eigentlichen Inhalt zuzugreifen, klicken Sie auf die Schaltfl\u00e4che unten. Bitte beachten Sie, dass dabei Daten an Drittanbieter weitergegeben werden.<\/p> <a class=\"brlbs-cmpnt-cb-provider-toggle\" href=\"#\" data-borlabs-cookie-show-provider-information role=\"button\">Mehr Informationen<\/a> <\/div> <div class=\"brlbs-cmpnt-cb-buttons\"> <a class=\"brlbs-cmpnt-cb-btn\" href=\"#\" data-borlabs-cookie-unblock role=\"button\">Inhalt entsperren<\/a> <a class=\"brlbs-cmpnt-cb-btn\" href=\"#\" data-borlabs-cookie-accept-service role=\"button\" style=\"display: inherit\">Erforderlichen Service akzeptieren und Inhalte entsperren<\/a> <\/div> <\/div> <\/div><\/div><\/figure>\n\n\n\n<p>Am R\u00e4tslaukums erreichen wir das eigentliche Zentrum der Stadt. Eine Seite ist vom Rathaus begrenzt, die zweite vom Lettischen Okkupationsmuseum, einem grauen rechteckigen Block und die dritte Seite vom Schwarzh\u00e4upterhaus (Melngalvju nams), dem Wahrzeichen der Stadt.<\/p>\n\n\n<div class=\"wp-block-image\">\n<figure class=\"aligncenter\"><img loading=\"lazy\" decoding=\"async\" width=\"600\" height=\"337\" src=\"https:\/\/blog.myvideomedia.com\/wp-content\/uploads\/2018\/01\/Melngalvju-nams-DSC02562-600x337.jpg\" alt=\"Melngalvju nams\" class=\"wp-image-17233\" srcset=\"https:\/\/blog.myvideomedia.com\/wp-content\/uploads\/2018\/01\/Melngalvju-nams-DSC02562-600x337.jpg 600w, https:\/\/blog.myvideomedia.com\/wp-content\/uploads\/2018\/01\/Melngalvju-nams-DSC02562-768x431.jpg 768w, https:\/\/blog.myvideomedia.com\/wp-content\/uploads\/2018\/01\/Melngalvju-nams-DSC02562-1260x708.jpg 1260w, https:\/\/blog.myvideomedia.com\/wp-content\/uploads\/2018\/01\/Melngalvju-nams-DSC02562.jpg 1280w\" sizes=\"auto, (max-width: 600px) 100vw, 600px\" \/><\/figure>\n<\/div>\n\n\n<p>Es wurde 1334 als Neues Haus der Gro\u00dfen Gilde im gotischen Stil errichtet und diente sowohl den Kaufleuten als auch der B\u00fcrgerschaft als Versammlungsort. Im 2. Weltkrieg wurde es durch deutschen Beschuss zerst\u00f6rt und 1948 gesprengt. Von 1993 bis 1999 wurde es originalgetreu wieder aufgebaut.<\/p>\n\n\n\n<p>Der Name geht auf den Namen der Compagnie der Schwarzen H\u00e4upter zur\u00fcck, an die das Geb\u00e4ude 1447 vermietet wurde und in deren Besitz das Haus 1713 \u00fcberging. Schutzpatron dieses Bundes ist der Hl. Mauritius, der immer mit schwarzer Hautfarbe abgebildet wird. Im Hintergrund ist die Petrikirche (R\u012bgas Sv. P\u0113tera bazn\u012bca) zu sehen.<\/p>\n\n\n<div class=\"wp-block-image\">\n<figure class=\"aligncenter\"><img loading=\"lazy\" decoding=\"async\" width=\"600\" height=\"338\" src=\"https:\/\/blog.myvideomedia.com\/wp-content\/uploads\/2018\/01\/Center-Riga_004-c-600x338.jpg\" alt=\"Zentrum von Riga\" class=\"wp-image-17222\" srcset=\"https:\/\/blog.myvideomedia.com\/wp-content\/uploads\/2018\/01\/Center-Riga_004-c-600x338.jpg 600w, https:\/\/blog.myvideomedia.com\/wp-content\/uploads\/2018\/01\/Center-Riga_004-c-768x432.jpg 768w, https:\/\/blog.myvideomedia.com\/wp-content\/uploads\/2018\/01\/Center-Riga_004-c-1260x709.jpg 1260w, https:\/\/blog.myvideomedia.com\/wp-content\/uploads\/2018\/01\/Center-Riga_004-c.jpg 1280w\" sizes=\"auto, (max-width: 600px) 100vw, 600px\" \/><\/figure>\n<\/div>\n\n\n<p>Von hier aus sind es nur wenige Schritte zum Ufer der D\u00fcna. Am anderen Ufer wurde ein futuristisches Geb\u00e4ude mit geschwungener Fassade errichtet, die lettische Nationalbibliothek.<\/p>\n\n\n\n<p>Zur Bl\u00fctezeit in den 1920er Jahren ver\u00f6ffentlichte Lettland die zweith\u00f6chste Anzahl an B\u00fcchern (bezogen auf die Einwohnerzahl) in Europa nach Island. 1922 wurden \u00fcber 300 kommunale Bibliotheken im Land errichtet.<\/p>\n\n\n<div class=\"wp-block-image size-medium wp-image-17213\">\n<figure class=\"aligncenter\"><img loading=\"lazy\" decoding=\"async\" width=\"600\" height=\"337\" src=\"https:\/\/blog.myvideomedia.com\/wp-content\/uploads\/2018\/01\/Center-Riga-DSC02618-cjpg-600x337.jpg\" alt=\"Zentrum von Riga\" class=\"wp-image-17213\" srcset=\"https:\/\/blog.myvideomedia.com\/wp-content\/uploads\/2018\/01\/Center-Riga-DSC02618-cjpg-600x337.jpg 600w, https:\/\/blog.myvideomedia.com\/wp-content\/uploads\/2018\/01\/Center-Riga-DSC02618-cjpg-768x431.jpg 768w, https:\/\/blog.myvideomedia.com\/wp-content\/uploads\/2018\/01\/Center-Riga-DSC02618-cjpg-1260x708.jpg 1260w, https:\/\/blog.myvideomedia.com\/wp-content\/uploads\/2018\/01\/Center-Riga-DSC02618-cjpg.jpg 1280w\" sizes=\"auto, (max-width: 600px) 100vw, 600px\" \/><figcaption class=\"wp-element-caption\">Lettische Nationalbibliothek<\/figcaption><\/figure>\n<\/div>\n\n\n<p>Am R\u00fcckweg durch die schmalen Stra\u00dfen mit ihren mittelalterlichen Fassaden passieren wir die <strong>St.-Jakobs-Kathedrale<\/strong>, eine lutheranische Basilika.<\/p>\n\n\n<div class=\"wp-block-image\">\n<figure class=\"aligncenter\"><img loading=\"lazy\" decoding=\"async\" width=\"600\" height=\"337\" src=\"https:\/\/blog.myvideomedia.com\/wp-content\/uploads\/2018\/01\/Center-Riga-DSC02591-c-600x337.jpg\" alt=\"Zentrum von Riga\" class=\"wp-image-17215\" srcset=\"https:\/\/blog.myvideomedia.com\/wp-content\/uploads\/2018\/01\/Center-Riga-DSC02591-c-600x337.jpg 600w, https:\/\/blog.myvideomedia.com\/wp-content\/uploads\/2018\/01\/Center-Riga-DSC02591-c-768x431.jpg 768w, https:\/\/blog.myvideomedia.com\/wp-content\/uploads\/2018\/01\/Center-Riga-DSC02591-c-1260x708.jpg 1260w, https:\/\/blog.myvideomedia.com\/wp-content\/uploads\/2018\/01\/Center-Riga-DSC02591-c.jpg 1280w\" sizes=\"auto, (max-width: 600px) 100vw, 600px\" \/><\/figure>\n<\/div>\n\n\n<p>Nach einem Besuch im Rathaus gehen wir zur\u00fcck zu unserem Hotel, das gegen\u00fcber dem Hauptbahnhof liegt.<\/p>\n\n\n\n<p>Bitte lesen Sie weiter &gt; <a href=\"https:\/\/blog.myvideomedia.com\/de\/stadtrundgang-in-riga\/\">Stadtrundgang in Riga<\/a><\/p>\n\n\n\n<p>Pin it &#8211; f\u00fcr sp\u00e4ter merken<\/p>\n\n\n<div class=\"wp-block-image\">\n<figure class=\"aligncenter\"><img loading=\"lazy\" decoding=\"async\" width=\"400\" height=\"600\" src=\"https:\/\/blog.myvideomedia.com\/wp-content\/uploads\/2018\/01\/Im-Zentrum-von-Riga2-c-400x600.jpg\" alt=\"Im Zentrum von Riga\" class=\"wp-image-17228\" srcset=\"https:\/\/blog.myvideomedia.com\/wp-content\/uploads\/2018\/01\/Im-Zentrum-von-Riga2-c-400x600.jpg 400w, https:\/\/blog.myvideomedia.com\/wp-content\/uploads\/2018\/01\/Im-Zentrum-von-Riga2-c.jpg 735w\" sizes=\"auto, (max-width: 400px) 100vw, 400px\" \/><\/figure>\n<\/div>\n\n\n<p>Text, Fotos und Video: Copyright \u00a9 <a href=\"https:\/\/www.myvideomedia.com\/de\">myVideoMedia<\/a><\/p>\n","protected":false},"excerpt":{"rendered":"<p>Vom Wellton Riga Hotel &#038; SPA starten wir unsere erste Erkundungstour durch die Altstadt. Auf dem Weg zum Rathaus bestaunen wir immer wieder die Architektur<\/p>\n","protected":false},"author":1,"featured_media":17226,"comment_status":"closed","ping_status":"closed","sticky":false,"template":"","format":"standard","meta":{"_genesis_hide_title":false,"_genesis_hide_breadcrumbs":false,"_genesis_hide_singular_image":false,"_genesis_hide_footer_widgets":false,"_genesis_custom_body_class":"","_genesis_custom_post_class":"","_genesis_layout":"","footnotes":""},"categories":[1550,869],"tags":[453,476],"class_list":{"0":"post-17227","1":"post","2":"type-post","3":"status-publish","4":"format-standard","5":"has-post-thumbnail","7":"category-europa","8":"category-lettland","9":"tag-stadt","10":"tag-unesco-weltkulturerbe","11":"entry"},"yoast_head":"<!-- This site is optimized with the Yoast SEO plugin v27.4 - https:\/\/yoast.com\/product\/yoast-seo-wordpress\/ -->\n<title>Erste Schritte im Zentrum von Riga - Lettland - Reise Video Blog<\/title>\n<meta name=\"description\" content=\"Wir sind im Wellton Riga Hotel &amp; SPA im Zentrum von Riga untergekommen und so k\u00f6nnen wir die Altstadt bequem zu Fu\u00df erkunden.\" \/>\n<meta name=\"robots\" content=\"index, follow, max-snippet:-1, max-image-preview:large, max-video-preview:-1\" \/>\n<link rel=\"canonical\" href=\"https:\/\/blog.myvideomedia.com\/de\/erste-schritte-im-zentrum-von-riga\/\" \/>\n<meta property=\"og:locale\" content=\"de_DE\" \/>\n<meta property=\"og:type\" content=\"article\" \/>\n<meta property=\"og:title\" content=\"Erste Schritte im Zentrum von Riga - Lettland - Reise Video Blog\" \/>\n<meta property=\"og:description\" content=\"Wir sind im Wellton Riga Hotel &amp; SPA im Zentrum von Riga untergekommen und so k\u00f6nnen wir die Altstadt bequem zu Fu\u00df erkunden.\" \/>\n<meta property=\"og:url\" content=\"https:\/\/blog.myvideomedia.com\/de\/erste-schritte-im-zentrum-von-riga\/\" \/>\n<meta property=\"og:site_name\" content=\"Reise Video Blog\" \/>\n<meta property=\"article:publisher\" content=\"https:\/\/www.facebook.com\/ursula.streit.520\" \/>\n<meta property=\"article:author\" content=\"https:\/\/www.facebook.com\/ursula.streit.520\" \/>\n<meta property=\"article:published_time\" content=\"2018-01-11T07:47:22+00:00\" \/>\n<meta property=\"article:modified_time\" content=\"2025-06-04T15:46:13+00:00\" \/>\n<meta property=\"og:image\" content=\"https:\/\/blog.myvideomedia.com\/wp-content\/uploads\/2018\/01\/Center-Riga-20160803_192653-c.jpg\" \/>\n\t<meta property=\"og:image:width\" content=\"1280\" \/>\n\t<meta property=\"og:image:height\" content=\"720\" \/>\n\t<meta property=\"og:image:type\" content=\"image\/jpeg\" \/>\n<meta name=\"author\" content=\"myVideoMedia\" \/>\n<meta name=\"twitter:card\" content=\"summary_large_image\" \/>\n<meta name=\"twitter:creator\" content=\"@myvideomedia\" \/>\n<meta name=\"twitter:site\" content=\"@myvideomedia\" \/>\n<meta name=\"twitter:label1\" content=\"Verfasst von\" \/>\n\t<meta name=\"twitter:data1\" content=\"myVideoMedia\" \/>\n\t<meta name=\"twitter:label2\" content=\"Gesch\u00e4tzte Lesezeit\" \/>\n\t<meta name=\"twitter:data2\" content=\"6\u00a0Minuten\" \/>\n<script type=\"application\/ld+json\" class=\"yoast-schema-graph\">{\"@context\":\"https:\\\/\\\/schema.org\",\"@graph\":[{\"@type\":\"Article\",\"@id\":\"https:\\\/\\\/blog.myvideomedia.com\\\/de\\\/erste-schritte-im-zentrum-von-riga\\\/#article\",\"isPartOf\":{\"@id\":\"https:\\\/\\\/blog.myvideomedia.com\\\/de\\\/erste-schritte-im-zentrum-von-riga\\\/\"},\"author\":{\"name\":\"myVideoMedia\",\"@id\":\"https:\\\/\\\/blog.myvideomedia.com\\\/de\\\/#\\\/schema\\\/person\\\/87be8fbbed69b1562242448c1c3dcbec\"},\"headline\":\"Erste Schritte im Zentrum von Riga\",\"datePublished\":\"2018-01-11T07:47:22+00:00\",\"dateModified\":\"2025-06-04T15:46:13+00:00\",\"mainEntityOfPage\":{\"@id\":\"https:\\\/\\\/blog.myvideomedia.com\\\/de\\\/erste-schritte-im-zentrum-von-riga\\\/\"},\"wordCount\":674,\"publisher\":{\"@id\":\"https:\\\/\\\/blog.myvideomedia.com\\\/de\\\/#\\\/schema\\\/person\\\/87be8fbbed69b1562242448c1c3dcbec\"},\"image\":{\"@id\":\"https:\\\/\\\/blog.myvideomedia.com\\\/de\\\/erste-schritte-im-zentrum-von-riga\\\/#primaryimage\"},\"thumbnailUrl\":\"https:\\\/\\\/blog.myvideomedia.com\\\/wp-content\\\/uploads\\\/2018\\\/01\\\/Center-Riga-20160803_192653-c.jpg\",\"keywords\":[\"Stadt\",\"UNESCO Weltkulturerbe\"],\"articleSection\":[\"Europa\",\"Lettland\"],\"inLanguage\":\"de\"},{\"@type\":\"WebPage\",\"@id\":\"https:\\\/\\\/blog.myvideomedia.com\\\/de\\\/erste-schritte-im-zentrum-von-riga\\\/\",\"url\":\"https:\\\/\\\/blog.myvideomedia.com\\\/de\\\/erste-schritte-im-zentrum-von-riga\\\/\",\"name\":\"Erste Schritte im Zentrum von Riga - Lettland - Reise Video Blog\",\"isPartOf\":{\"@id\":\"https:\\\/\\\/blog.myvideomedia.com\\\/de\\\/#website\"},\"primaryImageOfPage\":{\"@id\":\"https:\\\/\\\/blog.myvideomedia.com\\\/de\\\/erste-schritte-im-zentrum-von-riga\\\/#primaryimage\"},\"image\":{\"@id\":\"https:\\\/\\\/blog.myvideomedia.com\\\/de\\\/erste-schritte-im-zentrum-von-riga\\\/#primaryimage\"},\"thumbnailUrl\":\"https:\\\/\\\/blog.myvideomedia.com\\\/wp-content\\\/uploads\\\/2018\\\/01\\\/Center-Riga-20160803_192653-c.jpg\",\"datePublished\":\"2018-01-11T07:47:22+00:00\",\"dateModified\":\"2025-06-04T15:46:13+00:00\",\"description\":\"Wir sind im Wellton Riga Hotel & SPA im Zentrum von Riga untergekommen und so k\u00f6nnen wir die Altstadt bequem zu Fu\u00df erkunden.\",\"breadcrumb\":{\"@id\":\"https:\\\/\\\/blog.myvideomedia.com\\\/de\\\/erste-schritte-im-zentrum-von-riga\\\/#breadcrumb\"},\"inLanguage\":\"de\",\"potentialAction\":[{\"@type\":\"ReadAction\",\"target\":[\"https:\\\/\\\/blog.myvideomedia.com\\\/de\\\/erste-schritte-im-zentrum-von-riga\\\/\"]}]},{\"@type\":\"ImageObject\",\"inLanguage\":\"de\",\"@id\":\"https:\\\/\\\/blog.myvideomedia.com\\\/de\\\/erste-schritte-im-zentrum-von-riga\\\/#primaryimage\",\"url\":\"https:\\\/\\\/blog.myvideomedia.com\\\/wp-content\\\/uploads\\\/2018\\\/01\\\/Center-Riga-20160803_192653-c.jpg\",\"contentUrl\":\"https:\\\/\\\/blog.myvideomedia.com\\\/wp-content\\\/uploads\\\/2018\\\/01\\\/Center-Riga-20160803_192653-c.jpg\",\"width\":1280,\"height\":720,\"caption\":\"Zentrum von Riga\"},{\"@type\":\"BreadcrumbList\",\"@id\":\"https:\\\/\\\/blog.myvideomedia.com\\\/de\\\/erste-schritte-im-zentrum-von-riga\\\/#breadcrumb\",\"itemListElement\":[{\"@type\":\"ListItem\",\"position\":1,\"name\":\"Home\",\"item\":\"https:\\\/\\\/blog.myvideomedia.com\\\/de\\\/\"},{\"@type\":\"ListItem\",\"position\":2,\"name\":\"Erste Schritte im Zentrum von Riga\"}]},{\"@type\":\"WebSite\",\"@id\":\"https:\\\/\\\/blog.myvideomedia.com\\\/de\\\/#website\",\"url\":\"https:\\\/\\\/blog.myvideomedia.com\\\/de\\\/\",\"name\":\"Travel Video Blog\",\"description\":\"myVideoMedia Reisetipps und Reisevideos\",\"publisher\":{\"@id\":\"https:\\\/\\\/blog.myvideomedia.com\\\/de\\\/#\\\/schema\\\/person\\\/87be8fbbed69b1562242448c1c3dcbec\"},\"potentialAction\":[{\"@type\":\"SearchAction\",\"target\":{\"@type\":\"EntryPoint\",\"urlTemplate\":\"https:\\\/\\\/blog.myvideomedia.com\\\/de\\\/?s={search_term_string}\"},\"query-input\":{\"@type\":\"PropertyValueSpecification\",\"valueRequired\":true,\"valueName\":\"search_term_string\"}}],\"inLanguage\":\"de\"},{\"@type\":[\"Person\",\"Organization\"],\"@id\":\"https:\\\/\\\/blog.myvideomedia.com\\\/de\\\/#\\\/schema\\\/person\\\/87be8fbbed69b1562242448c1c3dcbec\",\"name\":\"myVideoMedia\",\"image\":{\"@type\":\"ImageObject\",\"inLanguage\":\"de\",\"@id\":\"https:\\\/\\\/secure.gravatar.com\\\/avatar\\\/460720160715ef8975b781abd1b6985e55ce2f01567bb6757bebd73e7cf74c97?s=96&d=mm&r=g\",\"url\":\"https:\\\/\\\/secure.gravatar.com\\\/avatar\\\/460720160715ef8975b781abd1b6985e55ce2f01567bb6757bebd73e7cf74c97?s=96&d=mm&r=g\",\"contentUrl\":\"https:\\\/\\\/secure.gravatar.com\\\/avatar\\\/460720160715ef8975b781abd1b6985e55ce2f01567bb6757bebd73e7cf74c97?s=96&d=mm&r=g\",\"caption\":\"myVideoMedia\"},\"logo\":{\"@id\":\"https:\\\/\\\/secure.gravatar.com\\\/avatar\\\/460720160715ef8975b781abd1b6985e55ce2f01567bb6757bebd73e7cf74c97?s=96&d=mm&r=g\"},\"description\":\"\\\"The World is a book, and those who do not travel read only a page\\\" - Aurelius Augustinus (354 - 430 AD) Travel is our passion. With our posts and videos we like to inspire people who are planning or preparing for holidays as well as people who simply want to escape from everyday life and dream of faraway countries.\",\"sameAs\":[\"https:\\\/\\\/www.myvideomedia.com\",\"https:\\\/\\\/www.facebook.com\\\/ursula.streit.520\"],\"url\":\"https:\\\/\\\/blog.myvideomedia.com\\\/de\\\/author\\\/traveladm\\\/\"}]}<\/script>\n<!-- \/ Yoast SEO plugin. -->","yoast_head_json":{"title":"Erste Schritte im Zentrum von Riga - Lettland - Reise Video Blog","description":"Wir sind im Wellton Riga Hotel & SPA im Zentrum von Riga untergekommen und so k\u00f6nnen wir die Altstadt bequem zu Fu\u00df erkunden.","robots":{"index":"index","follow":"follow","max-snippet":"max-snippet:-1","max-image-preview":"max-image-preview:large","max-video-preview":"max-video-preview:-1"},"canonical":"https:\/\/blog.myvideomedia.com\/de\/erste-schritte-im-zentrum-von-riga\/","og_locale":"de_DE","og_type":"article","og_title":"Erste Schritte im Zentrum von Riga - Lettland - Reise Video Blog","og_description":"Wir sind im Wellton Riga Hotel & SPA im Zentrum von Riga untergekommen und so k\u00f6nnen wir die Altstadt bequem zu Fu\u00df erkunden.","og_url":"https:\/\/blog.myvideomedia.com\/de\/erste-schritte-im-zentrum-von-riga\/","og_site_name":"Reise Video Blog","article_publisher":"https:\/\/www.facebook.com\/ursula.streit.520","article_author":"https:\/\/www.facebook.com\/ursula.streit.520","article_published_time":"2018-01-11T07:47:22+00:00","article_modified_time":"2025-06-04T15:46:13+00:00","og_image":[{"width":1280,"height":720,"url":"https:\/\/blog.myvideomedia.com\/wp-content\/uploads\/2018\/01\/Center-Riga-20160803_192653-c.jpg","type":"image\/jpeg"}],"author":"myVideoMedia","twitter_card":"summary_large_image","twitter_creator":"@myvideomedia","twitter_site":"@myvideomedia","twitter_misc":{"Verfasst von":"myVideoMedia","Gesch\u00e4tzte Lesezeit":"6\u00a0Minuten"},"schema":{"@context":"https:\/\/schema.org","@graph":[{"@type":"Article","@id":"https:\/\/blog.myvideomedia.com\/de\/erste-schritte-im-zentrum-von-riga\/#article","isPartOf":{"@id":"https:\/\/blog.myvideomedia.com\/de\/erste-schritte-im-zentrum-von-riga\/"},"author":{"name":"myVideoMedia","@id":"https:\/\/blog.myvideomedia.com\/de\/#\/schema\/person\/87be8fbbed69b1562242448c1c3dcbec"},"headline":"Erste Schritte im Zentrum von Riga","datePublished":"2018-01-11T07:47:22+00:00","dateModified":"2025-06-04T15:46:13+00:00","mainEntityOfPage":{"@id":"https:\/\/blog.myvideomedia.com\/de\/erste-schritte-im-zentrum-von-riga\/"},"wordCount":674,"publisher":{"@id":"https:\/\/blog.myvideomedia.com\/de\/#\/schema\/person\/87be8fbbed69b1562242448c1c3dcbec"},"image":{"@id":"https:\/\/blog.myvideomedia.com\/de\/erste-schritte-im-zentrum-von-riga\/#primaryimage"},"thumbnailUrl":"https:\/\/blog.myvideomedia.com\/wp-content\/uploads\/2018\/01\/Center-Riga-20160803_192653-c.jpg","keywords":["Stadt","UNESCO Weltkulturerbe"],"articleSection":["Europa","Lettland"],"inLanguage":"de"},{"@type":"WebPage","@id":"https:\/\/blog.myvideomedia.com\/de\/erste-schritte-im-zentrum-von-riga\/","url":"https:\/\/blog.myvideomedia.com\/de\/erste-schritte-im-zentrum-von-riga\/","name":"Erste Schritte im Zentrum von Riga - Lettland - Reise Video Blog","isPartOf":{"@id":"https:\/\/blog.myvideomedia.com\/de\/#website"},"primaryImageOfPage":{"@id":"https:\/\/blog.myvideomedia.com\/de\/erste-schritte-im-zentrum-von-riga\/#primaryimage"},"image":{"@id":"https:\/\/blog.myvideomedia.com\/de\/erste-schritte-im-zentrum-von-riga\/#primaryimage"},"thumbnailUrl":"https:\/\/blog.myvideomedia.com\/wp-content\/uploads\/2018\/01\/Center-Riga-20160803_192653-c.jpg","datePublished":"2018-01-11T07:47:22+00:00","dateModified":"2025-06-04T15:46:13+00:00","description":"Wir sind im Wellton Riga Hotel & SPA im Zentrum von Riga untergekommen und so k\u00f6nnen wir die Altstadt bequem zu Fu\u00df erkunden.","breadcrumb":{"@id":"https:\/\/blog.myvideomedia.com\/de\/erste-schritte-im-zentrum-von-riga\/#breadcrumb"},"inLanguage":"de","potentialAction":[{"@type":"ReadAction","target":["https:\/\/blog.myvideomedia.com\/de\/erste-schritte-im-zentrum-von-riga\/"]}]},{"@type":"ImageObject","inLanguage":"de","@id":"https:\/\/blog.myvideomedia.com\/de\/erste-schritte-im-zentrum-von-riga\/#primaryimage","url":"https:\/\/blog.myvideomedia.com\/wp-content\/uploads\/2018\/01\/Center-Riga-20160803_192653-c.jpg","contentUrl":"https:\/\/blog.myvideomedia.com\/wp-content\/uploads\/2018\/01\/Center-Riga-20160803_192653-c.jpg","width":1280,"height":720,"caption":"Zentrum von Riga"},{"@type":"BreadcrumbList","@id":"https:\/\/blog.myvideomedia.com\/de\/erste-schritte-im-zentrum-von-riga\/#breadcrumb","itemListElement":[{"@type":"ListItem","position":1,"name":"Home","item":"https:\/\/blog.myvideomedia.com\/de\/"},{"@type":"ListItem","position":2,"name":"Erste Schritte im Zentrum von Riga"}]},{"@type":"WebSite","@id":"https:\/\/blog.myvideomedia.com\/de\/#website","url":"https:\/\/blog.myvideomedia.com\/de\/","name":"Travel Video Blog","description":"myVideoMedia Reisetipps und Reisevideos","publisher":{"@id":"https:\/\/blog.myvideomedia.com\/de\/#\/schema\/person\/87be8fbbed69b1562242448c1c3dcbec"},"potentialAction":[{"@type":"SearchAction","target":{"@type":"EntryPoint","urlTemplate":"https:\/\/blog.myvideomedia.com\/de\/?s={search_term_string}"},"query-input":{"@type":"PropertyValueSpecification","valueRequired":true,"valueName":"search_term_string"}}],"inLanguage":"de"},{"@type":["Person","Organization"],"@id":"https:\/\/blog.myvideomedia.com\/de\/#\/schema\/person\/87be8fbbed69b1562242448c1c3dcbec","name":"myVideoMedia","image":{"@type":"ImageObject","inLanguage":"de","@id":"https:\/\/secure.gravatar.com\/avatar\/460720160715ef8975b781abd1b6985e55ce2f01567bb6757bebd73e7cf74c97?s=96&d=mm&r=g","url":"https:\/\/secure.gravatar.com\/avatar\/460720160715ef8975b781abd1b6985e55ce2f01567bb6757bebd73e7cf74c97?s=96&d=mm&r=g","contentUrl":"https:\/\/secure.gravatar.com\/avatar\/460720160715ef8975b781abd1b6985e55ce2f01567bb6757bebd73e7cf74c97?s=96&d=mm&r=g","caption":"myVideoMedia"},"logo":{"@id":"https:\/\/secure.gravatar.com\/avatar\/460720160715ef8975b781abd1b6985e55ce2f01567bb6757bebd73e7cf74c97?s=96&d=mm&r=g"},"description":"\"The World is a book, and those who do not travel read only a page\" - Aurelius Augustinus (354 - 430 AD) Travel is our passion. With our posts and videos we like to inspire people who are planning or preparing for holidays as well as people who simply want to escape from everyday life and dream of faraway countries.","sameAs":["https:\/\/www.myvideomedia.com","https:\/\/www.facebook.com\/ursula.streit.520"],"url":"https:\/\/blog.myvideomedia.com\/de\/author\/traveladm\/"}]}},"featured_image_src":"https:\/\/blog.myvideomedia.com\/wp-content\/uploads\/2018\/01\/Center-Riga-20160803_192653-c.jpg","featured_image_src_square":"https:\/\/blog.myvideomedia.com\/wp-content\/uploads\/2018\/01\/Center-Riga-20160803_192653-c.jpg","author_info":{"display_name":"myVideoMedia","author_link":"https:\/\/blog.myvideomedia.com\/de\/author\/traveladm\/"},"_links":{"self":[{"href":"https:\/\/blog.myvideomedia.com\/de\/wp-json\/wp\/v2\/posts\/17227","targetHints":{"allow":["GET"]}}],"collection":[{"href":"https:\/\/blog.myvideomedia.com\/de\/wp-json\/wp\/v2\/posts"}],"about":[{"href":"https:\/\/blog.myvideomedia.com\/de\/wp-json\/wp\/v2\/types\/post"}],"author":[{"embeddable":true,"href":"https:\/\/blog.myvideomedia.com\/de\/wp-json\/wp\/v2\/users\/1"}],"replies":[{"embeddable":true,"href":"https:\/\/blog.myvideomedia.com\/de\/wp-json\/wp\/v2\/comments?post=17227"}],"version-history":[{"count":0,"href":"https:\/\/blog.myvideomedia.com\/de\/wp-json\/wp\/v2\/posts\/17227\/revisions"}],"wp:featuredmedia":[{"embeddable":true,"href":"https:\/\/blog.myvideomedia.com\/de\/wp-json\/wp\/v2\/media\/17226"}],"wp:attachment":[{"href":"https:\/\/blog.myvideomedia.com\/de\/wp-json\/wp\/v2\/media?parent=17227"}],"wp:term":[{"taxonomy":"category","embeddable":true,"href":"https:\/\/blog.myvideomedia.com\/de\/wp-json\/wp\/v2\/categories?post=17227"},{"taxonomy":"post_tag","embeddable":true,"href":"https:\/\/blog.myvideomedia.com\/de\/wp-json\/wp\/v2\/tags?post=17227"}],"curies":[{"name":"wp","href":"https:\/\/api.w.org\/{rel}","templated":true}]}}