{"id":18183,"date":"2018-03-18T12:26:36","date_gmt":"2018-03-18T11:26:36","guid":{"rendered":"https:\/\/blog.myvideomedia.com\/?p=18183"},"modified":"2025-06-05T14:51:47","modified_gmt":"2025-06-05T13:51:47","slug":"bel-tam-yurt-camp-am-yssykkoel-see","status":"publish","type":"post","link":"https:\/\/blog.myvideomedia.com\/de\/bel-tam-yurt-camp-am-yssykkoel-see\/","title":{"rendered":"Bel-Tam Yurt Camp am Yssykk\u00f6l See"},"content":{"rendered":"\n<p>Das Bel-Tam Yurt Camp liegt 5km \u00f6stlich von Bokonbaevo. Wir haben im ca 2 km entfernten Almaluu Yurt Camp \u00fcbernachtet, wollen uns aber dieses Camp auch einmal anschauen. So fahren wir zum Mittagessen ins Bel-Tam Yurt Camp. W\u00e4hrend das<a href=\"https:\/\/blog.myvideomedia.com\/de\/almaluu-yurt-camp\/\"> Almaluu Yurt Camp<\/a> direkt im Gr\u00fcnen liegt, ist das Bel-Tram Yurt Camp direkt am Ufer des Yssykk\u00f6l Sees.<\/p>\n\n\n<div class=\"wp-block-image\">\n<figure class=\"aligncenter\"><img loading=\"lazy\" decoding=\"async\" width=\"600\" height=\"400\" src=\"https:\/\/blog.myvideomedia.com\/wp-content\/uploads\/2018\/03\/Bel-Tam-Yurt-Camp_DSC2806-c-600x400.jpg\" alt=\"Yssykk\u00f6l See\" class=\"wp-image-18172\" srcset=\"https:\/\/blog.myvideomedia.com\/wp-content\/uploads\/2018\/03\/Bel-Tam-Yurt-Camp_DSC2806-c-600x400.jpg 600w, https:\/\/blog.myvideomedia.com\/wp-content\/uploads\/2018\/03\/Bel-Tam-Yurt-Camp_DSC2806-c-768x512.jpg 768w, https:\/\/blog.myvideomedia.com\/wp-content\/uploads\/2018\/03\/Bel-Tam-Yurt-Camp_DSC2806-c-1260x841.jpg 1260w, https:\/\/blog.myvideomedia.com\/wp-content\/uploads\/2018\/03\/Bel-Tam-Yurt-Camp_DSC2806-c.jpg 1280w\" sizes=\"auto, (max-width: 600px) 100vw, 600px\" \/><\/figure>\n<\/div>\n\n\n<p>Wir w\u00e4ren gerne kurz schwimmen gegangen, doch die dunklen Wolken am Himmel hinderten uns dann doch daran. So besichtigen wird das Camp und haben Zeit f\u00fcr einen Drohnenflug.<\/p>\n\n\n<div class=\"wp-block-image\">\n<figure class=\"aligncenter\"><img loading=\"lazy\" decoding=\"async\" width=\"600\" height=\"400\" src=\"https:\/\/blog.myvideomedia.com\/wp-content\/uploads\/2018\/03\/Bel-Tam-Yurt-Camp_DSC2805-c-600x400.jpg\" alt=\"Bel-Tam Yurt Camp\" class=\"wp-image-18173\" srcset=\"https:\/\/blog.myvideomedia.com\/wp-content\/uploads\/2018\/03\/Bel-Tam-Yurt-Camp_DSC2805-c-600x400.jpg 600w, https:\/\/blog.myvideomedia.com\/wp-content\/uploads\/2018\/03\/Bel-Tam-Yurt-Camp_DSC2805-c-768x512.jpg 768w, https:\/\/blog.myvideomedia.com\/wp-content\/uploads\/2018\/03\/Bel-Tam-Yurt-Camp_DSC2805-c-1260x841.jpg 1260w, https:\/\/blog.myvideomedia.com\/wp-content\/uploads\/2018\/03\/Bel-Tam-Yurt-Camp_DSC2805-c.jpg 1280w\" sizes=\"auto, (max-width: 600px) 100vw, 600px\" \/><\/figure>\n<\/div>\n\n\n<p>Die Sanit\u00e4reinrichtungen im Bel-Tam Yurt Camp entsprechen westlichem Standard. Sogar eine Waschmaschine kann genutzt werden. Beim Bau der Mauern wurden Flussteine verwendet.<\/p>\n\n\n<div class=\"wp-block-image\">\n<figure class=\"aligncenter\"><img loading=\"lazy\" decoding=\"async\" width=\"600\" height=\"400\" src=\"https:\/\/blog.myvideomedia.com\/wp-content\/uploads\/2018\/03\/Bel-Tam-Yurt-Camp_DSC2811m-c-600x400.jpg\" alt=\"Bel-Tam Yurt Camp\" class=\"wp-image-18175\" srcset=\"https:\/\/blog.myvideomedia.com\/wp-content\/uploads\/2018\/03\/Bel-Tam-Yurt-Camp_DSC2811m-c-600x400.jpg 600w, https:\/\/blog.myvideomedia.com\/wp-content\/uploads\/2018\/03\/Bel-Tam-Yurt-Camp_DSC2811m-c-768x512.jpg 768w, https:\/\/blog.myvideomedia.com\/wp-content\/uploads\/2018\/03\/Bel-Tam-Yurt-Camp_DSC2811m-c-1260x841.jpg 1260w, https:\/\/blog.myvideomedia.com\/wp-content\/uploads\/2018\/03\/Bel-Tam-Yurt-Camp_DSC2811m-c.jpg 1280w\" sizes=\"auto, (max-width: 600px) 100vw, 600px\" \/><\/figure>\n<\/div>\n\n\n<p>Einige Jurten k\u00f6nnen im Winter beheizt werden. Die Gastgeber sind sehr hilfsbereit und gastfreundlich.<\/p>\n\n\n\n<p class=\"has-text-align-center\"><a href=\"https:\/\/youtu.be\/DjYFVCQvO0M\" target=\"_blank\" rel=\"noopener noreferrer\">Hier sehen sie unser 4k UHD Video<\/a><\/p>\n\n\n\n<figure> <div class=\"brlbs-cmpnt-container brlbs-cmpnt-content-blocker brlbs-cmpnt-with-individual-styles\" data-borlabs-cookie-content-blocker-id=\"youtube-content-blocker\" data-borlabs-cookie-content=\"PGlmcmFtZSBzcmM9Imh0dHBzOi8vd3d3LnlvdXR1YmUtbm9jb29raWUuY29tL2VtYmVkL0RqWUZWQ1F2TzBNIiB3aWR0aD0iNjAwIiBoZWlnaHQ9IjMzOCI+PC9pZnJhbWU+\"><div class=\"brlbs-cmpnt-cb-preset-c brlbs-cmpnt-cb-youtube\"> <div class=\"brlbs-cmpnt-cb-thumbnail\" style=\"background-image: url('https:\/\/blog.myvideomedia.com\/wp-content\/uploads\/borlabs-cookie\/1\/yt_DjYFVCQvO0M_hqdefault.jpg')\"><\/div> <div class=\"brlbs-cmpnt-cb-main\"> <div class=\"brlbs-cmpnt-cb-play-button\"><\/div> <div class=\"brlbs-cmpnt-cb-content\"> <p class=\"brlbs-cmpnt-cb-description\">Sie sehen gerade einen Platzhalterinhalt von <strong>YouTube<\/strong>. Um auf den eigentlichen Inhalt zuzugreifen, klicken Sie auf die Schaltfl\u00e4che unten. Bitte beachten Sie, dass dabei Daten an Drittanbieter weitergegeben werden.<\/p> <a class=\"brlbs-cmpnt-cb-provider-toggle\" href=\"#\" data-borlabs-cookie-show-provider-information role=\"button\">Mehr Informationen<\/a> <\/div> <div class=\"brlbs-cmpnt-cb-buttons\"> <a class=\"brlbs-cmpnt-cb-btn\" href=\"#\" data-borlabs-cookie-unblock role=\"button\">Inhalt entsperren<\/a> <a class=\"brlbs-cmpnt-cb-btn\" href=\"#\" data-borlabs-cookie-accept-service role=\"button\" style=\"display: inherit\">Erforderlichen Service akzeptieren und Inhalte entsperren<\/a> <\/div> <\/div> <\/div><\/div><\/figure>\n\n\n\n<p>Mittels Drohne k\u00f6nnen wir die herrlichen Farben des Yssykk\u00f6l See bestaunen. Das Wasser ist kristallklar und sauber. Der Sandstrand sieht sehr einladend aus.&nbsp;<\/p>\n\n\n<div class=\"wp-block-image\">\n<figure class=\"aligncenter\"><img loading=\"lazy\" decoding=\"async\" width=\"600\" height=\"400\" src=\"https:\/\/blog.myvideomedia.com\/wp-content\/uploads\/2018\/03\/Bel-Tam-Yurt-Camp_DSC2813-c-600x400.jpg\" alt=\"Bel-Tam Yurt Camp\" class=\"wp-image-18180\" srcset=\"https:\/\/blog.myvideomedia.com\/wp-content\/uploads\/2018\/03\/Bel-Tam-Yurt-Camp_DSC2813-c-600x400.jpg 600w, https:\/\/blog.myvideomedia.com\/wp-content\/uploads\/2018\/03\/Bel-Tam-Yurt-Camp_DSC2813-c-768x512.jpg 768w, https:\/\/blog.myvideomedia.com\/wp-content\/uploads\/2018\/03\/Bel-Tam-Yurt-Camp_DSC2813-c-1260x841.jpg 1260w, https:\/\/blog.myvideomedia.com\/wp-content\/uploads\/2018\/03\/Bel-Tam-Yurt-Camp_DSC2813-c.jpg 1280w\" sizes=\"auto, (max-width: 600px) 100vw, 600px\" \/><\/figure>\n<\/div>\n\n\n<p>Das Angebot des Camps schlie\u00dft einen Fahrradverleih mit ein, um Tagestouren oder kurze Ausfl\u00fcge zu unternehmen. Auch Massagen werden angeboten. Eine Bar erlaubt gem\u00fctliches Miteinander am Abend.<\/p>\n\n\n<div class=\"wp-block-image\">\n<figure class=\"aligncenter\"><img loading=\"lazy\" decoding=\"async\" width=\"600\" height=\"400\" src=\"https:\/\/blog.myvideomedia.com\/wp-content\/uploads\/2018\/03\/Bar-Bel-Tam-Yurt-Camp_DSC2815-c-600x400.jpg\" alt=\"Bar Bel-Tam Yurt Camp\" class=\"wp-image-18182\" srcset=\"https:\/\/blog.myvideomedia.com\/wp-content\/uploads\/2018\/03\/Bar-Bel-Tam-Yurt-Camp_DSC2815-c-600x400.jpg 600w, https:\/\/blog.myvideomedia.com\/wp-content\/uploads\/2018\/03\/Bar-Bel-Tam-Yurt-Camp_DSC2815-c-768x512.jpg 768w, https:\/\/blog.myvideomedia.com\/wp-content\/uploads\/2018\/03\/Bar-Bel-Tam-Yurt-Camp_DSC2815-c-1260x841.jpg 1260w, https:\/\/blog.myvideomedia.com\/wp-content\/uploads\/2018\/03\/Bar-Bel-Tam-Yurt-Camp_DSC2815-c.jpg 1280w\" sizes=\"auto, (max-width: 600px) 100vw, 600px\" \/><\/figure>\n<\/div>\n\n\n<p>Als Mittagessen genie\u00dfen wir einen leckeren Plov und am\u00fcsieren die Tochter des Hauses mit der Drohne.<\/p>\n\n\n<div class=\"wp-block-image\">\n<figure class=\"aligncenter\"><img loading=\"lazy\" decoding=\"async\" width=\"600\" height=\"400\" src=\"https:\/\/blog.myvideomedia.com\/wp-content\/uploads\/2018\/03\/Kitchen-Bel-Tam-Yurt-Camp_DSC2817-c-600x400.jpg\" alt=\"Kueche Bel-Tam Yurt Camp\" class=\"wp-image-18178\" srcset=\"https:\/\/blog.myvideomedia.com\/wp-content\/uploads\/2018\/03\/Kitchen-Bel-Tam-Yurt-Camp_DSC2817-c-600x400.jpg 600w, https:\/\/blog.myvideomedia.com\/wp-content\/uploads\/2018\/03\/Kitchen-Bel-Tam-Yurt-Camp_DSC2817-c-768x512.jpg 768w, https:\/\/blog.myvideomedia.com\/wp-content\/uploads\/2018\/03\/Kitchen-Bel-Tam-Yurt-Camp_DSC2817-c-1260x841.jpg 1260w, https:\/\/blog.myvideomedia.com\/wp-content\/uploads\/2018\/03\/Kitchen-Bel-Tam-Yurt-Camp_DSC2817-c.jpg 1280w\" sizes=\"auto, (max-width: 600px) 100vw, 600px\" \/><\/figure>\n<\/div>\n\n\n<p>Das Bel-Tam Yurt Camp ist ein Ort, an dem man wahrhaft Entspannung findet und neue Kraft tanken kann.<\/p>\n\n\n\n<div class=\"content-box-blue\">\n<p>Sie planen eine Reise an die S\u00fcdseite des Yssykk\u00f6l See?<\/p>\n<p>Bei&nbsp;<a href=\"https:\/\/southshorekg.com\/\" target=\"_blank\" rel=\"noopener nofollow noreferrer\">Destination South Shore<\/a>&nbsp;finden Sie alle Informationen zu Aktivit\u00e4ten, Touren und \u00dcbernachtungsm\u00f6glichkeiten<\/p>\n<\/div>\n\n\n\n<p>Bitte lesen Sie weiter &gt; <a href=\"https:\/\/blog.myvideomedia.com\/de\/skazka-canyon-maerchenschlucht\/\">Skazka Canyon &#8211; Die M\u00e4rchenschlucht<\/a><\/p>\n\n\n\n<p class=\"has-text-align-center\">Pin it &#8211; F\u00fcr sp\u00e4ter merken<\/p>\n\n\n<div class=\"wp-block-image\">\n<figure class=\"aligncenter\"><img loading=\"lazy\" decoding=\"async\" width=\"400\" height=\"600\" src=\"https:\/\/blog.myvideomedia.com\/wp-content\/uploads\/2018\/03\/Bel-Tam-Yurt-Camp-c-400x600.jpg\" alt=\"Bel-Tam Yurt Camp \" class=\"wp-image-18169\" srcset=\"https:\/\/blog.myvideomedia.com\/wp-content\/uploads\/2018\/03\/Bel-Tam-Yurt-Camp-c-400x600.jpg 400w, https:\/\/blog.myvideomedia.com\/wp-content\/uploads\/2018\/03\/Bel-Tam-Yurt-Camp-c.jpg 735w\" sizes=\"auto, (max-width: 400px) 100vw, 400px\" \/><\/figure>\n<\/div>\n\n\n<p><em>Hinweis: Unsere Reise wurde in Zusammenarbeit mit <a href=\"http:\/\/www.discoverkyrgyzstan.org\/\" target=\"_blank\" rel=\"noopener nofollow noreferrer\">Discover Kyrgyzstan<\/a> organisiert und durch die Unterst\u00fctzung der United States Agency for International Development (USAID) erm\u00f6glicht. Alle Meinungen sind unsere eigenen.<\/em><\/p>\n\n\n\n<p>Text, Fotos und Video: Copyright \u00a9 <a href=\"https:\/\/www.myvideomedia.com\/de\" target=\"_blank\" rel=\"noopener noreferrer\">myVideoMedia<\/a><\/p>\n","protected":false},"excerpt":{"rendered":"<p>Das Bel-Tam Yurt Camp liegt 5km \u00f6stlich von Bokonbaevo. Wir haben im ca 2 km entfernten Almaluu Yurt Camp \u00fcbernachtet, wollen uns aber dieses Camp auch einmal anschauen. So fahren wir zum Mittagessen ins Bel-Tam Yurt Camp. W\u00e4hrend das Almaluu Yurt Camp direkt im Gr\u00fcnen liegt, ist das Bel-Tram Yurt Camp direkt am Ufer des [&hellip;]<\/p>\n","protected":false},"author":1,"featured_media":18180,"comment_status":"closed","ping_status":"closed","sticky":false,"template":"","format":"standard","meta":{"_genesis_hide_title":false,"_genesis_hide_breadcrumbs":false,"_genesis_hide_singular_image":false,"_genesis_hide_footer_widgets":false,"_genesis_custom_body_class":"","_genesis_custom_post_class":"","_genesis_layout":"","footnotes":""},"categories":[488,878],"tags":[916,1467,880],"class_list":{"0":"post-18183","1":"post","2":"type-post","3":"status-publish","4":"format-standard","5":"has-post-thumbnail","7":"category-asien","8":"category-kirgisistan","9":"tag-drohnenflug","10":"tag-hotel-de-2","11":"tag-seidenstrasse","12":"entry"},"yoast_head":"<!-- This site is optimized with the Yoast SEO plugin v27.4 - https:\/\/yoast.com\/product\/yoast-seo-wordpress\/ -->\n<title>Bel-Tam Yurt Camp am Yssykk\u00f6l See - Kirgisistan - Reise Video Blog<\/title>\n<meta name=\"description\" content=\"Das Bel-Tam Yurt Camp liegt 5 km \u00f6stlich von Bokonbaevo, direkt am Ufer des Yssykk\u00f6l Sees und 2 km vom Almaluu Yurt Camp entfernt.\" \/>\n<meta name=\"robots\" content=\"index, follow, max-snippet:-1, max-image-preview:large, max-video-preview:-1\" \/>\n<link rel=\"canonical\" href=\"https:\/\/blog.myvideomedia.com\/de\/bel-tam-yurt-camp-am-yssykkoel-see\/\" \/>\n<meta property=\"og:locale\" content=\"de_DE\" \/>\n<meta property=\"og:type\" content=\"article\" \/>\n<meta property=\"og:title\" content=\"Bel-Tam Yurt Camp am Yssykk\u00f6l See - Kirgisistan - Reise Video Blog\" \/>\n<meta property=\"og:description\" content=\"Das Bel-Tam Yurt Camp liegt 5 km \u00f6stlich von Bokonbaevo, direkt am Ufer des Yssykk\u00f6l Sees und 2 km vom Almaluu Yurt Camp entfernt.\" \/>\n<meta property=\"og:url\" content=\"https:\/\/blog.myvideomedia.com\/de\/bel-tam-yurt-camp-am-yssykkoel-see\/\" \/>\n<meta property=\"og:site_name\" content=\"Reise Video Blog\" \/>\n<meta property=\"article:publisher\" content=\"https:\/\/www.facebook.com\/ursula.streit.520\" \/>\n<meta property=\"article:author\" content=\"https:\/\/www.facebook.com\/ursula.streit.520\" \/>\n<meta property=\"article:published_time\" content=\"2018-03-18T11:26:36+00:00\" \/>\n<meta property=\"article:modified_time\" content=\"2025-06-05T13:51:47+00:00\" \/>\n<meta property=\"og:image\" content=\"https:\/\/blog.myvideomedia.com\/wp-content\/uploads\/2018\/03\/Bel-Tam-Yurt-Camp_DSC2813-c.jpg\" \/>\n\t<meta property=\"og:image:width\" content=\"1280\" \/>\n\t<meta property=\"og:image:height\" content=\"854\" \/>\n\t<meta property=\"og:image:type\" content=\"image\/jpeg\" \/>\n<meta name=\"author\" content=\"myVideoMedia\" \/>\n<meta name=\"twitter:card\" content=\"summary_large_image\" \/>\n<meta name=\"twitter:creator\" content=\"@myvideomedia\" \/>\n<meta name=\"twitter:site\" content=\"@myvideomedia\" \/>\n<meta name=\"twitter:label1\" content=\"Verfasst von\" \/>\n\t<meta name=\"twitter:data1\" content=\"myVideoMedia\" \/>\n\t<meta name=\"twitter:label2\" content=\"Gesch\u00e4tzte Lesezeit\" \/>\n\t<meta name=\"twitter:data2\" content=\"4\u00a0Minuten\" \/>\n<script type=\"application\/ld+json\" class=\"yoast-schema-graph\">{\"@context\":\"https:\\\/\\\/schema.org\",\"@graph\":[{\"@type\":\"Article\",\"@id\":\"https:\\\/\\\/blog.myvideomedia.com\\\/de\\\/bel-tam-yurt-camp-am-yssykkoel-see\\\/#article\",\"isPartOf\":{\"@id\":\"https:\\\/\\\/blog.myvideomedia.com\\\/de\\\/bel-tam-yurt-camp-am-yssykkoel-see\\\/\"},\"author\":{\"name\":\"myVideoMedia\",\"@id\":\"https:\\\/\\\/blog.myvideomedia.com\\\/de\\\/#\\\/schema\\\/person\\\/87be8fbbed69b1562242448c1c3dcbec\"},\"headline\":\"Bel-Tam Yurt Camp am Yssykk\u00f6l See\",\"datePublished\":\"2018-03-18T11:26:36+00:00\",\"dateModified\":\"2025-06-05T13:51:47+00:00\",\"mainEntityOfPage\":{\"@id\":\"https:\\\/\\\/blog.myvideomedia.com\\\/de\\\/bel-tam-yurt-camp-am-yssykkoel-see\\\/\"},\"wordCount\":317,\"publisher\":{\"@id\":\"https:\\\/\\\/blog.myvideomedia.com\\\/de\\\/#\\\/schema\\\/person\\\/87be8fbbed69b1562242448c1c3dcbec\"},\"image\":{\"@id\":\"https:\\\/\\\/blog.myvideomedia.com\\\/de\\\/bel-tam-yurt-camp-am-yssykkoel-see\\\/#primaryimage\"},\"thumbnailUrl\":\"https:\\\/\\\/blog.myvideomedia.com\\\/wp-content\\\/uploads\\\/2018\\\/03\\\/Bel-Tam-Yurt-Camp_DSC2813-c.jpg\",\"keywords\":[\"Drohnenflug\",\"Hotel\",\"Seidenstra\u00dfe\"],\"articleSection\":[\"Asien\",\"Kirgisistan\"],\"inLanguage\":\"de\"},{\"@type\":\"WebPage\",\"@id\":\"https:\\\/\\\/blog.myvideomedia.com\\\/de\\\/bel-tam-yurt-camp-am-yssykkoel-see\\\/\",\"url\":\"https:\\\/\\\/blog.myvideomedia.com\\\/de\\\/bel-tam-yurt-camp-am-yssykkoel-see\\\/\",\"name\":\"Bel-Tam Yurt Camp am Yssykk\u00f6l See - Kirgisistan - Reise Video Blog\",\"isPartOf\":{\"@id\":\"https:\\\/\\\/blog.myvideomedia.com\\\/de\\\/#website\"},\"primaryImageOfPage\":{\"@id\":\"https:\\\/\\\/blog.myvideomedia.com\\\/de\\\/bel-tam-yurt-camp-am-yssykkoel-see\\\/#primaryimage\"},\"image\":{\"@id\":\"https:\\\/\\\/blog.myvideomedia.com\\\/de\\\/bel-tam-yurt-camp-am-yssykkoel-see\\\/#primaryimage\"},\"thumbnailUrl\":\"https:\\\/\\\/blog.myvideomedia.com\\\/wp-content\\\/uploads\\\/2018\\\/03\\\/Bel-Tam-Yurt-Camp_DSC2813-c.jpg\",\"datePublished\":\"2018-03-18T11:26:36+00:00\",\"dateModified\":\"2025-06-05T13:51:47+00:00\",\"description\":\"Das Bel-Tam Yurt Camp liegt 5 km \u00f6stlich von Bokonbaevo, direkt am Ufer des Yssykk\u00f6l Sees und 2 km vom Almaluu Yurt Camp entfernt.\",\"breadcrumb\":{\"@id\":\"https:\\\/\\\/blog.myvideomedia.com\\\/de\\\/bel-tam-yurt-camp-am-yssykkoel-see\\\/#breadcrumb\"},\"inLanguage\":\"de\",\"potentialAction\":[{\"@type\":\"ReadAction\",\"target\":[\"https:\\\/\\\/blog.myvideomedia.com\\\/de\\\/bel-tam-yurt-camp-am-yssykkoel-see\\\/\"]}]},{\"@type\":\"ImageObject\",\"inLanguage\":\"de\",\"@id\":\"https:\\\/\\\/blog.myvideomedia.com\\\/de\\\/bel-tam-yurt-camp-am-yssykkoel-see\\\/#primaryimage\",\"url\":\"https:\\\/\\\/blog.myvideomedia.com\\\/wp-content\\\/uploads\\\/2018\\\/03\\\/Bel-Tam-Yurt-Camp_DSC2813-c.jpg\",\"contentUrl\":\"https:\\\/\\\/blog.myvideomedia.com\\\/wp-content\\\/uploads\\\/2018\\\/03\\\/Bel-Tam-Yurt-Camp_DSC2813-c.jpg\",\"width\":1280,\"height\":854,\"caption\":\"Bel-Tam Yurt Camp\"},{\"@type\":\"BreadcrumbList\",\"@id\":\"https:\\\/\\\/blog.myvideomedia.com\\\/de\\\/bel-tam-yurt-camp-am-yssykkoel-see\\\/#breadcrumb\",\"itemListElement\":[{\"@type\":\"ListItem\",\"position\":1,\"name\":\"Home\",\"item\":\"https:\\\/\\\/blog.myvideomedia.com\\\/de\\\/\"},{\"@type\":\"ListItem\",\"position\":2,\"name\":\"Bel-Tam Yurt Camp am Yssykk\u00f6l See\"}]},{\"@type\":\"WebSite\",\"@id\":\"https:\\\/\\\/blog.myvideomedia.com\\\/de\\\/#website\",\"url\":\"https:\\\/\\\/blog.myvideomedia.com\\\/de\\\/\",\"name\":\"Travel Video Blog\",\"description\":\"myVideoMedia Reisetipps und Reisevideos\",\"publisher\":{\"@id\":\"https:\\\/\\\/blog.myvideomedia.com\\\/de\\\/#\\\/schema\\\/person\\\/87be8fbbed69b1562242448c1c3dcbec\"},\"potentialAction\":[{\"@type\":\"SearchAction\",\"target\":{\"@type\":\"EntryPoint\",\"urlTemplate\":\"https:\\\/\\\/blog.myvideomedia.com\\\/de\\\/?s={search_term_string}\"},\"query-input\":{\"@type\":\"PropertyValueSpecification\",\"valueRequired\":true,\"valueName\":\"search_term_string\"}}],\"inLanguage\":\"de\"},{\"@type\":[\"Person\",\"Organization\"],\"@id\":\"https:\\\/\\\/blog.myvideomedia.com\\\/de\\\/#\\\/schema\\\/person\\\/87be8fbbed69b1562242448c1c3dcbec\",\"name\":\"myVideoMedia\",\"image\":{\"@type\":\"ImageObject\",\"inLanguage\":\"de\",\"@id\":\"https:\\\/\\\/secure.gravatar.com\\\/avatar\\\/460720160715ef8975b781abd1b6985e55ce2f01567bb6757bebd73e7cf74c97?s=96&d=mm&r=g\",\"url\":\"https:\\\/\\\/secure.gravatar.com\\\/avatar\\\/460720160715ef8975b781abd1b6985e55ce2f01567bb6757bebd73e7cf74c97?s=96&d=mm&r=g\",\"contentUrl\":\"https:\\\/\\\/secure.gravatar.com\\\/avatar\\\/460720160715ef8975b781abd1b6985e55ce2f01567bb6757bebd73e7cf74c97?s=96&d=mm&r=g\",\"caption\":\"myVideoMedia\"},\"logo\":{\"@id\":\"https:\\\/\\\/secure.gravatar.com\\\/avatar\\\/460720160715ef8975b781abd1b6985e55ce2f01567bb6757bebd73e7cf74c97?s=96&d=mm&r=g\"},\"description\":\"\\\"The World is a book, and those who do not travel read only a page\\\" - Aurelius Augustinus (354 - 430 AD) Travel is our passion. With our posts and videos we like to inspire people who are planning or preparing for holidays as well as people who simply want to escape from everyday life and dream of faraway countries.\",\"sameAs\":[\"https:\\\/\\\/www.myvideomedia.com\",\"https:\\\/\\\/www.facebook.com\\\/ursula.streit.520\"],\"url\":\"https:\\\/\\\/blog.myvideomedia.com\\\/de\\\/author\\\/traveladm\\\/\"}]}<\/script>\n<!-- \/ Yoast SEO plugin. -->","yoast_head_json":{"title":"Bel-Tam Yurt Camp am Yssykk\u00f6l See - Kirgisistan - Reise Video Blog","description":"Das Bel-Tam Yurt Camp liegt 5 km \u00f6stlich von Bokonbaevo, direkt am Ufer des Yssykk\u00f6l Sees und 2 km vom Almaluu Yurt Camp entfernt.","robots":{"index":"index","follow":"follow","max-snippet":"max-snippet:-1","max-image-preview":"max-image-preview:large","max-video-preview":"max-video-preview:-1"},"canonical":"https:\/\/blog.myvideomedia.com\/de\/bel-tam-yurt-camp-am-yssykkoel-see\/","og_locale":"de_DE","og_type":"article","og_title":"Bel-Tam Yurt Camp am Yssykk\u00f6l See - Kirgisistan - Reise Video Blog","og_description":"Das Bel-Tam Yurt Camp liegt 5 km \u00f6stlich von Bokonbaevo, direkt am Ufer des Yssykk\u00f6l Sees und 2 km vom Almaluu Yurt Camp entfernt.","og_url":"https:\/\/blog.myvideomedia.com\/de\/bel-tam-yurt-camp-am-yssykkoel-see\/","og_site_name":"Reise Video Blog","article_publisher":"https:\/\/www.facebook.com\/ursula.streit.520","article_author":"https:\/\/www.facebook.com\/ursula.streit.520","article_published_time":"2018-03-18T11:26:36+00:00","article_modified_time":"2025-06-05T13:51:47+00:00","og_image":[{"width":1280,"height":854,"url":"https:\/\/blog.myvideomedia.com\/wp-content\/uploads\/2018\/03\/Bel-Tam-Yurt-Camp_DSC2813-c.jpg","type":"image\/jpeg"}],"author":"myVideoMedia","twitter_card":"summary_large_image","twitter_creator":"@myvideomedia","twitter_site":"@myvideomedia","twitter_misc":{"Verfasst von":"myVideoMedia","Gesch\u00e4tzte Lesezeit":"4\u00a0Minuten"},"schema":{"@context":"https:\/\/schema.org","@graph":[{"@type":"Article","@id":"https:\/\/blog.myvideomedia.com\/de\/bel-tam-yurt-camp-am-yssykkoel-see\/#article","isPartOf":{"@id":"https:\/\/blog.myvideomedia.com\/de\/bel-tam-yurt-camp-am-yssykkoel-see\/"},"author":{"name":"myVideoMedia","@id":"https:\/\/blog.myvideomedia.com\/de\/#\/schema\/person\/87be8fbbed69b1562242448c1c3dcbec"},"headline":"Bel-Tam Yurt Camp am Yssykk\u00f6l See","datePublished":"2018-03-18T11:26:36+00:00","dateModified":"2025-06-05T13:51:47+00:00","mainEntityOfPage":{"@id":"https:\/\/blog.myvideomedia.com\/de\/bel-tam-yurt-camp-am-yssykkoel-see\/"},"wordCount":317,"publisher":{"@id":"https:\/\/blog.myvideomedia.com\/de\/#\/schema\/person\/87be8fbbed69b1562242448c1c3dcbec"},"image":{"@id":"https:\/\/blog.myvideomedia.com\/de\/bel-tam-yurt-camp-am-yssykkoel-see\/#primaryimage"},"thumbnailUrl":"https:\/\/blog.myvideomedia.com\/wp-content\/uploads\/2018\/03\/Bel-Tam-Yurt-Camp_DSC2813-c.jpg","keywords":["Drohnenflug","Hotel","Seidenstra\u00dfe"],"articleSection":["Asien","Kirgisistan"],"inLanguage":"de"},{"@type":"WebPage","@id":"https:\/\/blog.myvideomedia.com\/de\/bel-tam-yurt-camp-am-yssykkoel-see\/","url":"https:\/\/blog.myvideomedia.com\/de\/bel-tam-yurt-camp-am-yssykkoel-see\/","name":"Bel-Tam Yurt Camp am Yssykk\u00f6l See - Kirgisistan - Reise Video Blog","isPartOf":{"@id":"https:\/\/blog.myvideomedia.com\/de\/#website"},"primaryImageOfPage":{"@id":"https:\/\/blog.myvideomedia.com\/de\/bel-tam-yurt-camp-am-yssykkoel-see\/#primaryimage"},"image":{"@id":"https:\/\/blog.myvideomedia.com\/de\/bel-tam-yurt-camp-am-yssykkoel-see\/#primaryimage"},"thumbnailUrl":"https:\/\/blog.myvideomedia.com\/wp-content\/uploads\/2018\/03\/Bel-Tam-Yurt-Camp_DSC2813-c.jpg","datePublished":"2018-03-18T11:26:36+00:00","dateModified":"2025-06-05T13:51:47+00:00","description":"Das Bel-Tam Yurt Camp liegt 5 km \u00f6stlich von Bokonbaevo, direkt am Ufer des Yssykk\u00f6l Sees und 2 km vom Almaluu Yurt Camp entfernt.","breadcrumb":{"@id":"https:\/\/blog.myvideomedia.com\/de\/bel-tam-yurt-camp-am-yssykkoel-see\/#breadcrumb"},"inLanguage":"de","potentialAction":[{"@type":"ReadAction","target":["https:\/\/blog.myvideomedia.com\/de\/bel-tam-yurt-camp-am-yssykkoel-see\/"]}]},{"@type":"ImageObject","inLanguage":"de","@id":"https:\/\/blog.myvideomedia.com\/de\/bel-tam-yurt-camp-am-yssykkoel-see\/#primaryimage","url":"https:\/\/blog.myvideomedia.com\/wp-content\/uploads\/2018\/03\/Bel-Tam-Yurt-Camp_DSC2813-c.jpg","contentUrl":"https:\/\/blog.myvideomedia.com\/wp-content\/uploads\/2018\/03\/Bel-Tam-Yurt-Camp_DSC2813-c.jpg","width":1280,"height":854,"caption":"Bel-Tam Yurt Camp"},{"@type":"BreadcrumbList","@id":"https:\/\/blog.myvideomedia.com\/de\/bel-tam-yurt-camp-am-yssykkoel-see\/#breadcrumb","itemListElement":[{"@type":"ListItem","position":1,"name":"Home","item":"https:\/\/blog.myvideomedia.com\/de\/"},{"@type":"ListItem","position":2,"name":"Bel-Tam Yurt Camp am Yssykk\u00f6l See"}]},{"@type":"WebSite","@id":"https:\/\/blog.myvideomedia.com\/de\/#website","url":"https:\/\/blog.myvideomedia.com\/de\/","name":"Travel Video Blog","description":"myVideoMedia Reisetipps und Reisevideos","publisher":{"@id":"https:\/\/blog.myvideomedia.com\/de\/#\/schema\/person\/87be8fbbed69b1562242448c1c3dcbec"},"potentialAction":[{"@type":"SearchAction","target":{"@type":"EntryPoint","urlTemplate":"https:\/\/blog.myvideomedia.com\/de\/?s={search_term_string}"},"query-input":{"@type":"PropertyValueSpecification","valueRequired":true,"valueName":"search_term_string"}}],"inLanguage":"de"},{"@type":["Person","Organization"],"@id":"https:\/\/blog.myvideomedia.com\/de\/#\/schema\/person\/87be8fbbed69b1562242448c1c3dcbec","name":"myVideoMedia","image":{"@type":"ImageObject","inLanguage":"de","@id":"https:\/\/secure.gravatar.com\/avatar\/460720160715ef8975b781abd1b6985e55ce2f01567bb6757bebd73e7cf74c97?s=96&d=mm&r=g","url":"https:\/\/secure.gravatar.com\/avatar\/460720160715ef8975b781abd1b6985e55ce2f01567bb6757bebd73e7cf74c97?s=96&d=mm&r=g","contentUrl":"https:\/\/secure.gravatar.com\/avatar\/460720160715ef8975b781abd1b6985e55ce2f01567bb6757bebd73e7cf74c97?s=96&d=mm&r=g","caption":"myVideoMedia"},"logo":{"@id":"https:\/\/secure.gravatar.com\/avatar\/460720160715ef8975b781abd1b6985e55ce2f01567bb6757bebd73e7cf74c97?s=96&d=mm&r=g"},"description":"\"The World is a book, and those who do not travel read only a page\" - Aurelius Augustinus (354 - 430 AD) Travel is our passion. With our posts and videos we like to inspire people who are planning or preparing for holidays as well as people who simply want to escape from everyday life and dream of faraway countries.","sameAs":["https:\/\/www.myvideomedia.com","https:\/\/www.facebook.com\/ursula.streit.520"],"url":"https:\/\/blog.myvideomedia.com\/de\/author\/traveladm\/"}]}},"featured_image_src":"https:\/\/blog.myvideomedia.com\/wp-content\/uploads\/2018\/03\/Bel-Tam-Yurt-Camp_DSC2813-c.jpg","featured_image_src_square":"https:\/\/blog.myvideomedia.com\/wp-content\/uploads\/2018\/03\/Bel-Tam-Yurt-Camp_DSC2813-c.jpg","author_info":{"display_name":"myVideoMedia","author_link":"https:\/\/blog.myvideomedia.com\/de\/author\/traveladm\/"},"_links":{"self":[{"href":"https:\/\/blog.myvideomedia.com\/de\/wp-json\/wp\/v2\/posts\/18183","targetHints":{"allow":["GET"]}}],"collection":[{"href":"https:\/\/blog.myvideomedia.com\/de\/wp-json\/wp\/v2\/posts"}],"about":[{"href":"https:\/\/blog.myvideomedia.com\/de\/wp-json\/wp\/v2\/types\/post"}],"author":[{"embeddable":true,"href":"https:\/\/blog.myvideomedia.com\/de\/wp-json\/wp\/v2\/users\/1"}],"replies":[{"embeddable":true,"href":"https:\/\/blog.myvideomedia.com\/de\/wp-json\/wp\/v2\/comments?post=18183"}],"version-history":[{"count":0,"href":"https:\/\/blog.myvideomedia.com\/de\/wp-json\/wp\/v2\/posts\/18183\/revisions"}],"wp:featuredmedia":[{"embeddable":true,"href":"https:\/\/blog.myvideomedia.com\/de\/wp-json\/wp\/v2\/media\/18180"}],"wp:attachment":[{"href":"https:\/\/blog.myvideomedia.com\/de\/wp-json\/wp\/v2\/media?parent=18183"}],"wp:term":[{"taxonomy":"category","embeddable":true,"href":"https:\/\/blog.myvideomedia.com\/de\/wp-json\/wp\/v2\/categories?post=18183"},{"taxonomy":"post_tag","embeddable":true,"href":"https:\/\/blog.myvideomedia.com\/de\/wp-json\/wp\/v2\/tags?post=18183"}],"curies":[{"name":"wp","href":"https:\/\/api.w.org\/{rel}","templated":true}]}}