{"id":18232,"date":"2018-03-22T14:08:47","date_gmt":"2018-03-22T13:08:47","guid":{"rendered":"https:\/\/blog.myvideomedia.com\/?p=18232"},"modified":"2025-06-04T16:41:56","modified_gmt":"2025-06-04T15:41:56","slug":"gefuehrter-stadtrundgang-in-buchara-teil1","status":"publish","type":"post","link":"https:\/\/blog.myvideomedia.com\/de\/gefuehrter-stadtrundgang-in-buchara-teil1\/","title":{"rendered":"Gef\u00fchrter Stadtrundgang in Buchara &#8211; Teil1"},"content":{"rendered":"\n<p>Buchara ist eine der \u00e4ltesten St\u00e4dte in Usbekistan. Die UNESCO erkl\u00e4rte Buchara zum Weltkulturerbe, als \u201edas vollst\u00e4ndigste Beispiel einer mittelalterlichen Stadt in Zentralasien mit einem weitgehend intakten st\u00e4dtischen Gef\u00fcge.&#8220;<\/p>\n\n\n<div class=\"wp-block-image\">\n<figure class=\"aligncenter\"><img loading=\"lazy\" decoding=\"async\" width=\"600\" height=\"338\" src=\"https:\/\/blog.myvideomedia.com\/wp-content\/uploads\/2018\/03\/Registan-Usbekistan_042-c-600x338.jpg\" alt=\"Ark-Zitadelle Buchara\" class=\"wp-image-18236\" srcset=\"https:\/\/blog.myvideomedia.com\/wp-content\/uploads\/2018\/03\/Registan-Usbekistan_042-c-600x338.jpg 600w, https:\/\/blog.myvideomedia.com\/wp-content\/uploads\/2018\/03\/Registan-Usbekistan_042-c-768x432.jpg 768w, https:\/\/blog.myvideomedia.com\/wp-content\/uploads\/2018\/03\/Registan-Usbekistan_042-c-1260x709.jpg 1260w, https:\/\/blog.myvideomedia.com\/wp-content\/uploads\/2018\/03\/Registan-Usbekistan_042-c.jpg 1280w\" sizes=\"auto, (max-width: 600px) 100vw, 600px\" \/><\/figure>\n<\/div>\n\n\n<div id=\"ez-toc-container\" class=\"ez-toc-v2_0_82_2 counter-hierarchy ez-toc-counter ez-toc-grey ez-toc-container-direction\">\n<div class=\"ez-toc-title-container\">\n<p class=\"ez-toc-title\" style=\"cursor:inherit\">Inhaltsverzeichnis<\/p>\n<span class=\"ez-toc-title-toggle\"><a href=\"#\" class=\"ez-toc-pull-right ez-toc-btn ez-toc-btn-xs ez-toc-btn-default ez-toc-toggle\" aria-label=\"Toggle Table of Content\"><span class=\"ez-toc-js-icon-con\"><span class=\"\"><span class=\"eztoc-hide\" style=\"display:none;\">Toggle<\/span><span class=\"ez-toc-icon-toggle-span\"><svg style=\"fill: #999;color:#999\" xmlns=\"http:\/\/www.w3.org\/2000\/svg\" class=\"list-377408\" width=\"20px\" height=\"20px\" viewBox=\"0 0 24 24\" fill=\"none\"><path d=\"M6 6H4v2h2V6zm14 0H8v2h12V6zM4 11h2v2H4v-2zm16 0H8v2h12v-2zM4 16h2v2H4v-2zm16 0H8v2h12v-2z\" fill=\"currentColor\"><\/path><\/svg><svg style=\"fill: #999;color:#999\" class=\"arrow-unsorted-368013\" xmlns=\"http:\/\/www.w3.org\/2000\/svg\" width=\"10px\" height=\"10px\" viewBox=\"0 0 24 24\" version=\"1.2\" baseProfile=\"tiny\"><path d=\"M18.2 9.3l-6.2-6.3-6.2 6.3c-.2.2-.3.4-.3.7s.1.5.3.7c.2.2.4.3.7.3h11c.3 0 .5-.1.7-.3.2-.2.3-.5.3-.7s-.1-.5-.3-.7zM5.8 14.7l6.2 6.3 6.2-6.3c.2-.2.3-.5.3-.7s-.1-.5-.3-.7c-.2-.2-.4-.3-.7-.3h-11c-.3 0-.5.1-.7.3-.2.2-.3.5-.3.7s.1.5.3.7z\"\/><\/svg><\/span><\/span><\/span><\/a><\/span><\/div>\n<nav><ul class='ez-toc-list ez-toc-list-level-1 ' ><li class='ez-toc-page-1 ez-toc-heading-level-2'><a class=\"ez-toc-link ez-toc-heading-1\" href=\"https:\/\/blog.myvideomedia.com\/de\/gefuehrter-stadtrundgang-in-buchara-teil1\/#Geschichte\" >Geschichte<\/a><\/li><li class='ez-toc-page-1 ez-toc-heading-level-2'><a class=\"ez-toc-link ez-toc-heading-2\" href=\"https:\/\/blog.myvideomedia.com\/de\/gefuehrter-stadtrundgang-in-buchara-teil1\/#Gefuehrter_Stadtrundgang\" >Gef\u00fchrter Stadtrundgang<\/a><ul class='ez-toc-list-level-3' ><li class='ez-toc-heading-level-3'><a class=\"ez-toc-link ez-toc-heading-3\" href=\"https:\/\/blog.myvideomedia.com\/de\/gefuehrter-stadtrundgang-in-buchara-teil1\/#Samaniden_Mausoleum\" >Samaniden Mausoleum<\/a><\/li><li class='ez-toc-page-1 ez-toc-heading-level-3'><a class=\"ez-toc-link ez-toc-heading-4\" href=\"https:\/\/blog.myvideomedia.com\/de\/gefuehrter-stadtrundgang-in-buchara-teil1\/#Chashmai-Ayyub-Mausoleum\" >Chashmai-Ayyub-Mausoleum<\/a><\/li><li class='ez-toc-page-1 ez-toc-heading-level-3'><a class=\"ez-toc-link ez-toc-heading-5\" href=\"https:\/\/blog.myvideomedia.com\/de\/gefuehrter-stadtrundgang-in-buchara-teil1\/#Bolo-Hovuz-Moschee\" >Bolo-Hovuz-Moschee<\/a><\/li><li class='ez-toc-page-1 ez-toc-heading-level-3'><a class=\"ez-toc-link ez-toc-heading-6\" href=\"https:\/\/blog.myvideomedia.com\/de\/gefuehrter-stadtrundgang-in-buchara-teil1\/#Ark-Zitadelle\" >Ark-Zitadelle<\/a><\/li><\/ul><\/li><\/ul><\/nav><\/div>\n<h2 class=\"wp-block-heading\"><span class=\"ez-toc-section\" id=\"Geschichte\"><\/span>Geschichte<span class=\"ez-toc-section-end\"><\/span><\/h2>\n\n\n\n<p>Die Region um Buchara (Buxoro), Sogdien war Anfangs Teil des Ach\u00e4menidenreiches (Altpersiches Reich), das von Alexander dem Gro\u00dfen beendet wurde. Es folgte eine unruhige Phase, in der kleine F\u00fcrstent\u00fcmer und Stadtstaaten diesen Teil der Seidenstra\u00dfe beherrschten. In den folgenden 2 Jahrhunderten kam es immer wieder zu K\u00e4mpfen mit den iranischen Hunnen und den K\u00f6k-T\u00fcrken. Schlie\u00dflich \u00fcbernahmen die Araber die Macht und trieben in Sogdien und im Sassanidenreich die Islamisierung voran. 865 kamen die persischen Samaniden an die Macht und Buxoro wurde die Hauptstadt Transoxaniens und Chorasans.<\/p>\n\n\n\n<p>Die Herrschaft der Samaniden wurde von den t\u00fcrkischen Karachaniden beendet, mussten sich sp\u00e4ter aber den Gro\u00dfseldschuken unterordnen.<\/p>\n\n\n\n<p>Nach einer weiteren Phase wechselnder Herrscher zerst\u00f6rte Dschingis Khan die Stadt. 1238 bis 1241 kam es zum Tarabi Aufstand, dem Zehntausende Menschen zum Opfer fielen. W\u00e4hrend der Herrschaft der Timuriden, mit Samarkand als Hauptstadt fiel Buxoro in die Bedeutungslosigkeit. Erst unter den Scheibaniden mit dem Usbeken-Khanat, erlebte Buxoro einen neue Bl\u00fcte, die aber mit den Dschaniden wieder verschwand.<\/p>\n\n\n<div class=\"wp-block-image\">\n<figure class=\"aligncenter\"><img loading=\"lazy\" decoding=\"async\" width=\"600\" height=\"338\" src=\"https:\/\/blog.myvideomedia.com\/wp-content\/uploads\/2018\/03\/History-Usbekistan_043-c-600x338.jpg\" alt=\"Geschichte Buchara\" class=\"wp-image-18238\" srcset=\"https:\/\/blog.myvideomedia.com\/wp-content\/uploads\/2018\/03\/History-Usbekistan_043-c-600x338.jpg 600w, https:\/\/blog.myvideomedia.com\/wp-content\/uploads\/2018\/03\/History-Usbekistan_043-c-768x432.jpg 768w, https:\/\/blog.myvideomedia.com\/wp-content\/uploads\/2018\/03\/History-Usbekistan_043-c-1260x709.jpg 1260w, https:\/\/blog.myvideomedia.com\/wp-content\/uploads\/2018\/03\/History-Usbekistan_043-c.jpg 1280w\" sizes=\"auto, (max-width: 600px) 100vw, 600px\" \/><\/figure>\n<\/div>\n\n\n<p>1920 wurde bei schweren K\u00e4mpfen mit der Roten Armee, 75% der Stadt zerst\u00f6rt. In der Usbekischen Sozialistischen Sowjetrepublik war die 1945 wiederer\u00f6ffnete Miri-Arab Madrasa die einzige islamische Bildungsst\u00e4tte der Sowjetunion. 1991 wurde Usbekistan ein unabh\u00e4ngiger Staat.<\/p>\n\n\n\n<p>Buchara besitzt mehr als 140 Baudenkm\u00e4ler aus verschiedenen Epochen.<\/p>\n\n\n\n<h2 class=\"wp-block-heading\"><span class=\"ez-toc-section\" id=\"Gefuehrter_Stadtrundgang\"><\/span>Gef\u00fchrter Stadtrundgang<span class=\"ez-toc-section-end\"><\/span><\/h2>\n\n\n\n<p>Unser Stadtrundgang beginnt beim \u00e4ltesten Geb\u00e4ude der Stadt aus dem 10. Jahrhundert, dem Mausoleum der Samaniden.<\/p>\n\n\n\n<h3 class=\"wp-block-heading\"><span class=\"ez-toc-section\" id=\"Samaniden_Mausoleum\"><\/span>Samaniden Mausoleum<span class=\"ez-toc-section-end\"><\/span><\/h3>\n\n\n\n<p>Begleitet werden wir von unserer kompetenten Touristenf\u00fchrerin Gulchekhra Faiziyeva.<\/p>\n\n\n\n<p class=\"has-text-align-center\"><a href=\"https:\/\/youtu.be\/Ycgv-9PhCM4\" target=\"_blank\" rel=\"noopener nofollow noreferrer\">Hier sehen Sie das 4K UHD Video<\/a><\/p>\n\n\n\n<figure> <div class=\"brlbs-cmpnt-container brlbs-cmpnt-content-blocker brlbs-cmpnt-with-individual-styles\" data-borlabs-cookie-content-blocker-id=\"youtube-content-blocker\" data-borlabs-cookie-content=\"PGlmcmFtZSBzcmM9Imh0dHBzOi8vd3d3LnlvdXR1YmUtbm9jb29raWUuY29tL2VtYmVkL1ljZ3YtOVBoQ000IiB3aWR0aD0iNjAwIiBoZWlnaHQ9IjMzOCI+PC9pZnJhbWU+\"><div class=\"brlbs-cmpnt-cb-preset-c brlbs-cmpnt-cb-youtube\"> <div class=\"brlbs-cmpnt-cb-thumbnail\" style=\"background-image: url('https:\/\/blog.myvideomedia.com\/wp-content\/uploads\/borlabs-cookie\/1\/yt_Ycgv-9PhCM4_hqdefault.jpg')\"><\/div> <div class=\"brlbs-cmpnt-cb-main\"> <div class=\"brlbs-cmpnt-cb-play-button\"><\/div> <div class=\"brlbs-cmpnt-cb-content\"> <p class=\"brlbs-cmpnt-cb-description\">Sie sehen gerade einen Platzhalterinhalt von <strong>YouTube<\/strong>. Um auf den eigentlichen Inhalt zuzugreifen, klicken Sie auf die Schaltfl\u00e4che unten. Bitte beachten Sie, dass dabei Daten an Drittanbieter weitergegeben werden.<\/p> <a class=\"brlbs-cmpnt-cb-provider-toggle\" href=\"#\" data-borlabs-cookie-show-provider-information role=\"button\">Mehr Informationen<\/a> <\/div> <div class=\"brlbs-cmpnt-cb-buttons\"> <a class=\"brlbs-cmpnt-cb-btn\" href=\"#\" data-borlabs-cookie-unblock role=\"button\">Inhalt entsperren<\/a> <a class=\"brlbs-cmpnt-cb-btn\" href=\"#\" data-borlabs-cookie-accept-service role=\"button\" style=\"display: inherit\">Erforderlichen Service akzeptieren und Inhalte entsperren<\/a> <\/div> <\/div> <\/div><\/div><\/figure>\n\n\n\n<p>Das Mausoleum ist gleichzeitig das \u00e4lteste erhaltenen Bauwerk Zentralasiens, das vor 907 erbaut wurde. Architektonisch ist es die Fortsetzung der zoroastrischen Feuertempel. Es bestimmte ma\u00dfgeblich den Baustil der folgenden Geb\u00e4ude.<\/p>\n\n\n\n<p>Es wird vermutet, dass es sich dabei um das \u00e4lteste islamische Kuppelgrab \u00fcberhaupt handelt.<\/p>\n\n\n<div class=\"wp-block-image\">\n<figure class=\"aligncenter\"><img loading=\"lazy\" decoding=\"async\" width=\"600\" height=\"400\" src=\"https:\/\/blog.myvideomedia.com\/wp-content\/uploads\/2018\/03\/Samanid-Mausoleum_DSC4352-c-600x400.jpg\" alt=\"Samaniden Mausoleum\" class=\"wp-image-18231\" srcset=\"https:\/\/blog.myvideomedia.com\/wp-content\/uploads\/2018\/03\/Samanid-Mausoleum_DSC4352-c-600x400.jpg 600w, https:\/\/blog.myvideomedia.com\/wp-content\/uploads\/2018\/03\/Samanid-Mausoleum_DSC4352-c-768x512.jpg 768w, https:\/\/blog.myvideomedia.com\/wp-content\/uploads\/2018\/03\/Samanid-Mausoleum_DSC4352-c-1260x841.jpg 1260w, https:\/\/blog.myvideomedia.com\/wp-content\/uploads\/2018\/03\/Samanid-Mausoleum_DSC4352-c.jpg 1280w\" sizes=\"auto, (max-width: 600px) 100vw, 600px\" \/><\/figure>\n<\/div>\n\n\n<h3 class=\"wp-block-heading\"><span class=\"ez-toc-section\" id=\"Chashmai-Ayyub-Mausoleum\"><\/span>Chashmai-Ayyub-Mausoleum<span class=\"ez-toc-section-end\"><\/span><\/h3>\n\n\n\n<p>N\u00f6rdlich des Samaniden Mausoleums, am Rande des Parks, liegt das Chasmai-Ayyub-Mausuleum (Hiobsbrunnen-Mausoleum), vermutlich aus der Timuridenzeit. Im Inneren befindet sich ein Brunnen.<\/p>\n\n\n<div class=\"wp-block-image\">\n<figure class=\"aligncenter\"><img loading=\"lazy\" decoding=\"async\" width=\"600\" height=\"400\" src=\"https:\/\/blog.myvideomedia.com\/wp-content\/uploads\/2018\/03\/Chashma-Ayub-Mausoleum_DSC4364-c-600x400.jpg\" alt=\"Chashmai-Ayyub-Mausoleum\" class=\"wp-image-18217\" srcset=\"https:\/\/blog.myvideomedia.com\/wp-content\/uploads\/2018\/03\/Chashma-Ayub-Mausoleum_DSC4364-c-600x400.jpg 600w, https:\/\/blog.myvideomedia.com\/wp-content\/uploads\/2018\/03\/Chashma-Ayub-Mausoleum_DSC4364-c-768x512.jpg 768w, https:\/\/blog.myvideomedia.com\/wp-content\/uploads\/2018\/03\/Chashma-Ayub-Mausoleum_DSC4364-c-1260x841.jpg 1260w, https:\/\/blog.myvideomedia.com\/wp-content\/uploads\/2018\/03\/Chashma-Ayub-Mausoleum_DSC4364-c.jpg 1280w\" sizes=\"auto, (max-width: 600px) 100vw, 600px\" \/><\/figure>\n<\/div>\n\n\n<p><br>Der Legende nach soll Hiob mit einem Stab die Quelle aus dem Fels geschlagen haben. Angeblich besitzt das Wasser Heilkr\u00e4fte. Gegen\u00fcber dem Mausoleum wurde 1998 eine Gedenkst\u00e4tte und Bibliothek f\u00fcr Ismail al Buchari, einem bedeutenden islamischen Gelehrten, der in Samarkand bestattet ist, errichtet.<\/p>\n\n\n<div class=\"wp-block-image\">\n<figure class=\"aligncenter\"><img loading=\"lazy\" decoding=\"async\" width=\"600\" height=\"400\" src=\"https:\/\/blog.myvideomedia.com\/wp-content\/uploads\/2018\/03\/memorial-and-library-for-Ismail-al-Buchari_DSC4378-c-600x400.jpg\" alt=\"Gedenkst\u00e4tte und Bibliothek f\u00fcr Ismail al Buchari\" class=\"wp-image-18215\" srcset=\"https:\/\/blog.myvideomedia.com\/wp-content\/uploads\/2018\/03\/memorial-and-library-for-Ismail-al-Buchari_DSC4378-c-600x400.jpg 600w, https:\/\/blog.myvideomedia.com\/wp-content\/uploads\/2018\/03\/memorial-and-library-for-Ismail-al-Buchari_DSC4378-c-768x512.jpg 768w, https:\/\/blog.myvideomedia.com\/wp-content\/uploads\/2018\/03\/memorial-and-library-for-Ismail-al-Buchari_DSC4378-c-1260x841.jpg 1260w, https:\/\/blog.myvideomedia.com\/wp-content\/uploads\/2018\/03\/memorial-and-library-for-Ismail-al-Buchari_DSC4378-c.jpg 1280w\" sizes=\"auto, (max-width: 600px) 100vw, 600px\" \/><\/figure>\n<\/div>\n\n\n<h3 class=\"wp-block-heading\"><span class=\"ez-toc-section\" id=\"Bolo-Hovuz-Moschee\"><\/span>Bolo-Hovuz-Moschee<span class=\"ez-toc-section-end\"><\/span><\/h3>\n\n\n\n<p>Unsere n\u00e4chste Station ist die Bolo-Hovuz-Moschee. Sie befindet sich gegen\u00fcber der Ark-Zitadelle auf der Westseite des Registan, dem urspr\u00fcnglichen Hauptplatz der Stadt.<\/p>\n\n\n<div class=\"wp-block-image\">\n<figure class=\"aligncenter\"><img loading=\"lazy\" decoding=\"async\" width=\"600\" height=\"400\" src=\"https:\/\/blog.myvideomedia.com\/wp-content\/uploads\/2018\/03\/Bolo-Haouz-Mosque_DSC4380-c-600x400.jpg\" alt=\"Bolo-Hovuz-Moschee.\" class=\"wp-image-18213\" srcset=\"https:\/\/blog.myvideomedia.com\/wp-content\/uploads\/2018\/03\/Bolo-Haouz-Mosque_DSC4380-c-600x400.jpg 600w, https:\/\/blog.myvideomedia.com\/wp-content\/uploads\/2018\/03\/Bolo-Haouz-Mosque_DSC4380-c-768x512.jpg 768w, https:\/\/blog.myvideomedia.com\/wp-content\/uploads\/2018\/03\/Bolo-Haouz-Mosque_DSC4380-c-1260x841.jpg 1260w, https:\/\/blog.myvideomedia.com\/wp-content\/uploads\/2018\/03\/Bolo-Haouz-Mosque_DSC4380-c.jpg 1280w\" sizes=\"auto, (max-width: 600px) 100vw, 600px\" \/><\/figure>\n<\/div>\n\n\n<p>Der Teich vor der Moschee diente urspr\u00fcnglich der Wasserversorgung der Bev\u00f6lkerung. Er ist \u00e4lter als die Moschee und hei\u00dft Bolo Hovuz, Kinderteich. Die Moschee wurde 1712 errichtet, ein kleines Minarett daneben 1917.<\/p>\n\n\n\n<p>Die Moschee verf\u00fcgt \u00fcber eine 10 m tiefe Vorhalle, die als Sommermoschee genutzt wurde. Kunstvoll verzierte S\u00e4ulen mit Stalaktiten Kapitellen und eine reichhaltig verzierte Kassettendecke zeichnen dieses Geb\u00e4ude aus.<\/p>\n\n\n<div class=\"wp-block-image\">\n<figure class=\"aligncenter\"><img loading=\"lazy\" decoding=\"async\" width=\"600\" height=\"400\" src=\"https:\/\/blog.myvideomedia.com\/wp-content\/uploads\/2018\/03\/Bolo-Haouz-Mosque_DSC4384-c-600x400.jpg\" alt=\"Bolo-Hovuz-Moschee\" class=\"wp-image-18219\" srcset=\"https:\/\/blog.myvideomedia.com\/wp-content\/uploads\/2018\/03\/Bolo-Haouz-Mosque_DSC4384-c-600x400.jpg 600w, https:\/\/blog.myvideomedia.com\/wp-content\/uploads\/2018\/03\/Bolo-Haouz-Mosque_DSC4384-c-768x512.jpg 768w, https:\/\/blog.myvideomedia.com\/wp-content\/uploads\/2018\/03\/Bolo-Haouz-Mosque_DSC4384-c-1260x841.jpg 1260w, https:\/\/blog.myvideomedia.com\/wp-content\/uploads\/2018\/03\/Bolo-Haouz-Mosque_DSC4384-c.jpg 1280w\" sizes=\"auto, (max-width: 600px) 100vw, 600px\" \/><\/figure>\n<\/div>\n\n\n<p>Das innere der Moschee ist blau ausgeleuchtet, ebenso wie viele Geb\u00e4ude im Islam \u00fcber blaue Dekorationen verf\u00fcgen. Das Blau des Himmels und des Meeres ist im Islam die Farbe der Unergr\u00fcndlichkeit und der Unendlichkeit.<\/p>\n\n\n\n<h3 class=\"wp-block-heading\"><span class=\"ez-toc-section\" id=\"Ark-Zitadelle\"><\/span>Ark-Zitadelle<span class=\"ez-toc-section-end\"><\/span><\/h3>\n\n\n\n<p>Wir \u00fcberqueren den Registan und betreten die Ark-Zitadelle, eine m\u00e4chtige Festung. Direkt hinter dem Eingang befindet sich das Verlies.<\/p>\n\n\n<div class=\"wp-block-image\">\n<figure class=\"aligncenter\"><img loading=\"lazy\" decoding=\"async\" width=\"600\" height=\"400\" src=\"https:\/\/blog.myvideomedia.com\/wp-content\/uploads\/2018\/03\/Dungeon_DSC4410m-c-600x400.jpg\" alt=\"Verlies Ark-Zitadelle\" class=\"wp-image-18221\" srcset=\"https:\/\/blog.myvideomedia.com\/wp-content\/uploads\/2018\/03\/Dungeon_DSC4410m-c-600x400.jpg 600w, https:\/\/blog.myvideomedia.com\/wp-content\/uploads\/2018\/03\/Dungeon_DSC4410m-c-768x512.jpg 768w, https:\/\/blog.myvideomedia.com\/wp-content\/uploads\/2018\/03\/Dungeon_DSC4410m-c-1260x841.jpg 1260w, https:\/\/blog.myvideomedia.com\/wp-content\/uploads\/2018\/03\/Dungeon_DSC4410m-c.jpg 1280w\" sizes=\"auto, (max-width: 600px) 100vw, 600px\" \/><\/figure>\n<\/div>\n\n\n<p>Der Zindon, das ehemalige Gef\u00e4ngnis ist allerdings ein eigenes Geb\u00e4ude nord\u00f6stlich der Ark-Zitadelle. Im Laufe der Geschichte wurde das Geb\u00e4ude mehrfach zerst\u00f6rt und wieder aufgebaut, zuletzt unter den Scheibaniden.<\/p>\n\n\n<div class=\"wp-block-image size-medium wp-image-18223\">\n<figure class=\"aligncenter\"><img loading=\"lazy\" decoding=\"async\" width=\"600\" height=\"400\" src=\"https:\/\/blog.myvideomedia.com\/wp-content\/uploads\/2018\/03\/Bolo-Haouz-Mosque_DSC4412-cjpg-600x400.jpg\" alt=\"Djami-Moschee -die Freitagsmoschee\" class=\"wp-image-18223\" srcset=\"https:\/\/blog.myvideomedia.com\/wp-content\/uploads\/2018\/03\/Bolo-Haouz-Mosque_DSC4412-cjpg-600x400.jpg 600w, https:\/\/blog.myvideomedia.com\/wp-content\/uploads\/2018\/03\/Bolo-Haouz-Mosque_DSC4412-cjpg-768x512.jpg 768w, https:\/\/blog.myvideomedia.com\/wp-content\/uploads\/2018\/03\/Bolo-Haouz-Mosque_DSC4412-cjpg-1260x841.jpg 1260w, https:\/\/blog.myvideomedia.com\/wp-content\/uploads\/2018\/03\/Bolo-Haouz-Mosque_DSC4412-cjpg.jpg 1280w\" sizes=\"auto, (max-width: 600px) 100vw, 600px\" \/><figcaption class=\"wp-element-caption\">Djami-Moschee<\/figcaption><\/figure>\n<\/div>\n\n\n<p>Am Ende des Aufgangs befindet sich die Djami-Moschee, die Freitagsmoschee. Sie wurde 1712 erbaut. Auch hier finden wir wieder kunstvoll gestaltete S\u00e4ulen und Decken.&nbsp;Danach betreten wir den Thronsaal, von dessen \u00dcberdachung aber nur noch ein kleiner Teil erhalten ist.<\/p>\n\n\n<div class=\"wp-block-image size-medium wp-image-18225\">\n<figure class=\"aligncenter\"><img loading=\"lazy\" decoding=\"async\" width=\"600\" height=\"400\" src=\"https:\/\/blog.myvideomedia.com\/wp-content\/uploads\/2018\/03\/Throne-room_DSC4423-c-600x400.jpg\" alt=\"Thronsaal Ark-Zitadelle\" class=\"wp-image-18225\" srcset=\"https:\/\/blog.myvideomedia.com\/wp-content\/uploads\/2018\/03\/Throne-room_DSC4423-c-600x400.jpg 600w, https:\/\/blog.myvideomedia.com\/wp-content\/uploads\/2018\/03\/Throne-room_DSC4423-c-768x512.jpg 768w, https:\/\/blog.myvideomedia.com\/wp-content\/uploads\/2018\/03\/Throne-room_DSC4423-c-1260x841.jpg 1260w, https:\/\/blog.myvideomedia.com\/wp-content\/uploads\/2018\/03\/Throne-room_DSC4423-c.jpg 1280w\" sizes=\"auto, (max-width: 600px) 100vw, 600px\" \/><figcaption class=\"wp-element-caption\">Thronsaal<\/figcaption><\/figure>\n<\/div>\n\n\n<p>So pr\u00e4sentiert er sich als gro\u00dfer Innenhof mit von S\u00e4ulen getragenen Vord\u00e4chern. Eine Treppe, die von einem kleinen steinernen L\u00f6wen bewacht wird, f\u00fchrt in die ehemalige Schatzkammer.<\/p>\n\n\n<div class=\"wp-block-image\">\n<figure class=\"aligncenter\"><img loading=\"lazy\" decoding=\"async\" width=\"600\" height=\"338\" src=\"https:\/\/blog.myvideomedia.com\/wp-content\/uploads\/2018\/03\/Schatzkammer-Usbekistan_040-c-600x338.jpg\" alt=\"Schatzkammer Buchara\" class=\"wp-image-18242\" srcset=\"https:\/\/blog.myvideomedia.com\/wp-content\/uploads\/2018\/03\/Schatzkammer-Usbekistan_040-c-600x338.jpg 600w, https:\/\/blog.myvideomedia.com\/wp-content\/uploads\/2018\/03\/Schatzkammer-Usbekistan_040-c-768x432.jpg 768w, https:\/\/blog.myvideomedia.com\/wp-content\/uploads\/2018\/03\/Schatzkammer-Usbekistan_040-c-1260x709.jpg 1260w, https:\/\/blog.myvideomedia.com\/wp-content\/uploads\/2018\/03\/Schatzkammer-Usbekistan_040-c.jpg 1280w\" sizes=\"auto, (max-width: 600px) 100vw, 600px\" \/><\/figure>\n<\/div>\n\n\n<p>Im ehemaligen Palast ist heute ein Museum f\u00fcr Landeskunde untergebracht. Neben Alltagsgegenst\u00e4nden werden Waffen, Malereien und Gem\u00e4lde gezeigt. Von der Plattform vor dem Palast hat man einen sehr sch\u00f6nen Ausblick \u00fcber den Registan, auf dem ein einsames Kamel, Touristen eine Runde tragen darf.<\/p>\n\n\n<div class=\"wp-block-image\">\n<figure class=\"aligncenter\"><img loading=\"lazy\" decoding=\"async\" width=\"600\" height=\"338\" src=\"https:\/\/blog.myvideomedia.com\/wp-content\/uploads\/2018\/03\/Registan-Usbekistan_039-c-600x338.jpg\" alt=\"Registan Buchara\" class=\"wp-image-18240\" srcset=\"https:\/\/blog.myvideomedia.com\/wp-content\/uploads\/2018\/03\/Registan-Usbekistan_039-c-600x338.jpg 600w, https:\/\/blog.myvideomedia.com\/wp-content\/uploads\/2018\/03\/Registan-Usbekistan_039-c-768x432.jpg 768w, https:\/\/blog.myvideomedia.com\/wp-content\/uploads\/2018\/03\/Registan-Usbekistan_039-c-1260x709.jpg 1260w, https:\/\/blog.myvideomedia.com\/wp-content\/uploads\/2018\/03\/Registan-Usbekistan_039-c.jpg 1280w\" sizes=\"auto, (max-width: 600px) 100vw, 600px\" \/><\/figure>\n<\/div>\n\n\n<p>Zur\u00fcck auf dem Registan bestaunen wir noch einmal die m\u00e4chtigen Mauern der Zitadelle, bevor wir weiter ins Zentrum von Buchara gehen.<\/p>\n\n\n<div class=\"wp-block-image\">\n<figure class=\"aligncenter\"><img loading=\"lazy\" decoding=\"async\" width=\"600\" height=\"400\" src=\"https:\/\/blog.myvideomedia.com\/wp-content\/uploads\/2018\/03\/Registan_DSC4440-c-600x400.jpg\" alt=\"Registan\" class=\"wp-image-18227\" srcset=\"https:\/\/blog.myvideomedia.com\/wp-content\/uploads\/2018\/03\/Registan_DSC4440-c-600x400.jpg 600w, https:\/\/blog.myvideomedia.com\/wp-content\/uploads\/2018\/03\/Registan_DSC4440-c-768x512.jpg 768w, https:\/\/blog.myvideomedia.com\/wp-content\/uploads\/2018\/03\/Registan_DSC4440-c-1260x841.jpg 1260w, https:\/\/blog.myvideomedia.com\/wp-content\/uploads\/2018\/03\/Registan_DSC4440-c.jpg 1280w\" sizes=\"auto, (max-width: 600px) 100vw, 600px\" \/><\/figure>\n<\/div>\n\n\n<p>Bitte lesen Sie weiter &gt;&nbsp; <a href=\"https:\/\/blog.myvideomedia.com\/de\/gefuehrter-stadtrundgang-in-buchara-teil2\/\">Gef\u00fchrter Stadtrundgang in Buchara &#8211; Teil2<\/a><\/p>\n\n\n\n<p class=\"has-text-align-center\">Pin it &#8211; f\u00fcr sp\u00e4ter merken<\/p>\n\n\n<div class=\"wp-block-image\">\n<figure class=\"aligncenter\"><img loading=\"lazy\" decoding=\"async\" width=\"400\" height=\"600\" src=\"https:\/\/blog.myvideomedia.com\/wp-content\/uploads\/2018\/03\/Stadtrundgang-Buchara-c-400x600.jpg\" alt=\"Stadtrundgang-Buchara.jpg\" class=\"wp-image-18243\" srcset=\"https:\/\/blog.myvideomedia.com\/wp-content\/uploads\/2018\/03\/Stadtrundgang-Buchara-c-400x600.jpg 400w, https:\/\/blog.myvideomedia.com\/wp-content\/uploads\/2018\/03\/Stadtrundgang-Buchara-c.jpg 735w\" sizes=\"auto, (max-width: 400px) 100vw, 400px\" \/><\/figure>\n<\/div>\n\n\n<p>Text, Fotos und Video: Copyright \u00a9 <a href=\"https:\/\/www.myvideomedia.com\/de\" target=\"_blank\" rel=\"noopener noreferrer\">myVideoMedia<\/a><\/p>\n","protected":false},"excerpt":{"rendered":"<p>Buchara ist eine der \u00e4ltesten St\u00e4dte in Usbekistan. Die UNESCO erkl\u00e4rte Buchara zum Weltkulturerbe, als \u201edas vollst\u00e4ndigste Beispiel einer mittelalterlichen Stadt in Zentralasien mit einem weitgehend intakten st\u00e4dtischen Gef\u00fcge.&#8220; Geschichte Die Region um Buchara (Buxoro), Sogdien war Anfangs Teil des Ach\u00e4menidenreiches (Altpersiches Reich), das von Alexander dem Gro\u00dfen beendet wurde. Es folgte eine unruhige Phase, [&hellip;]<\/p>\n","protected":false},"author":1,"featured_media":18213,"comment_status":"closed","ping_status":"closed","sticky":false,"template":"","format":"standard","meta":{"_genesis_hide_title":false,"_genesis_hide_breadcrumbs":false,"_genesis_hide_singular_image":false,"_genesis_hide_footer_widgets":false,"_genesis_custom_body_class":"","_genesis_custom_post_class":"","_genesis_layout":"","footnotes":""},"categories":[488,884],"tags":[901,880,476],"class_list":{"0":"post-18232","1":"post","2":"type-post","3":"status-publish","4":"format-standard","5":"has-post-thumbnail","7":"category-asien","8":"category-usbekistan","9":"tag-buchara","10":"tag-seidenstrasse","11":"tag-unesco-weltkulturerbe","12":"entry"},"yoast_head":"<!-- This site is optimized with the Yoast SEO plugin v27.4 - https:\/\/yoast.com\/product\/yoast-seo-wordpress\/ -->\n<title>Gef\u00fchrter Stadtrundgang in Buchara - Teil1 - Usbekistan<\/title>\n<meta name=\"description\" content=\"Buchara ist eine der \u00e4ltesten St\u00e4dte in Usbekistan und hat mehr als 140 Denkm\u00e4ler. Unser Stadtrundgang in Buchara beginnt am Samanid Mausoleum\" \/>\n<meta name=\"robots\" content=\"index, follow, max-snippet:-1, max-image-preview:large, max-video-preview:-1\" \/>\n<link rel=\"canonical\" href=\"https:\/\/blog.myvideomedia.com\/de\/gefuehrter-stadtrundgang-in-buchara-teil1\/\" \/>\n<meta property=\"og:locale\" content=\"de_DE\" \/>\n<meta property=\"og:type\" content=\"article\" \/>\n<meta property=\"og:title\" content=\"Gef\u00fchrter Stadtrundgang in Buchara - Teil1 - Usbekistan\" \/>\n<meta property=\"og:description\" content=\"Buchara ist eine der \u00e4ltesten St\u00e4dte in Usbekistan und hat mehr als 140 Denkm\u00e4ler. Unser Stadtrundgang in Buchara beginnt am Samanid Mausoleum\" \/>\n<meta property=\"og:url\" content=\"https:\/\/blog.myvideomedia.com\/de\/gefuehrter-stadtrundgang-in-buchara-teil1\/\" \/>\n<meta property=\"og:site_name\" content=\"Reise Video Blog\" \/>\n<meta property=\"article:publisher\" content=\"https:\/\/www.facebook.com\/ursula.streit.520\" \/>\n<meta property=\"article:author\" content=\"https:\/\/www.facebook.com\/ursula.streit.520\" \/>\n<meta property=\"article:published_time\" content=\"2018-03-22T13:08:47+00:00\" \/>\n<meta property=\"article:modified_time\" content=\"2025-06-04T15:41:56+00:00\" \/>\n<meta property=\"og:image\" content=\"https:\/\/blog.myvideomedia.com\/wp-content\/uploads\/2018\/03\/Bolo-Haouz-Mosque_DSC4380-c.jpg\" \/>\n\t<meta property=\"og:image:width\" content=\"1280\" \/>\n\t<meta property=\"og:image:height\" content=\"854\" \/>\n\t<meta property=\"og:image:type\" content=\"image\/jpeg\" \/>\n<meta name=\"author\" content=\"myVideoMedia\" \/>\n<meta name=\"twitter:card\" content=\"summary_large_image\" \/>\n<meta name=\"twitter:creator\" content=\"@myvideomedia\" \/>\n<meta name=\"twitter:site\" content=\"@myvideomedia\" \/>\n<meta name=\"twitter:label1\" content=\"Verfasst von\" \/>\n\t<meta name=\"twitter:data1\" content=\"myVideoMedia\" \/>\n\t<meta name=\"twitter:label2\" content=\"Gesch\u00e4tzte Lesezeit\" \/>\n\t<meta name=\"twitter:data2\" content=\"7\u00a0Minuten\" \/>\n<script type=\"application\/ld+json\" class=\"yoast-schema-graph\">{\"@context\":\"https:\\\/\\\/schema.org\",\"@graph\":[{\"@type\":\"Article\",\"@id\":\"https:\\\/\\\/blog.myvideomedia.com\\\/de\\\/gefuehrter-stadtrundgang-in-buchara-teil1\\\/#article\",\"isPartOf\":{\"@id\":\"https:\\\/\\\/blog.myvideomedia.com\\\/de\\\/gefuehrter-stadtrundgang-in-buchara-teil1\\\/\"},\"author\":{\"name\":\"myVideoMedia\",\"@id\":\"https:\\\/\\\/blog.myvideomedia.com\\\/de\\\/#\\\/schema\\\/person\\\/87be8fbbed69b1562242448c1c3dcbec\"},\"headline\":\"Gef\u00fchrter Stadtrundgang in Buchara &#8211; Teil1\",\"datePublished\":\"2018-03-22T13:08:47+00:00\",\"dateModified\":\"2025-06-04T15:41:56+00:00\",\"mainEntityOfPage\":{\"@id\":\"https:\\\/\\\/blog.myvideomedia.com\\\/de\\\/gefuehrter-stadtrundgang-in-buchara-teil1\\\/\"},\"wordCount\":768,\"publisher\":{\"@id\":\"https:\\\/\\\/blog.myvideomedia.com\\\/de\\\/#\\\/schema\\\/person\\\/87be8fbbed69b1562242448c1c3dcbec\"},\"image\":{\"@id\":\"https:\\\/\\\/blog.myvideomedia.com\\\/de\\\/gefuehrter-stadtrundgang-in-buchara-teil1\\\/#primaryimage\"},\"thumbnailUrl\":\"https:\\\/\\\/blog.myvideomedia.com\\\/wp-content\\\/uploads\\\/2018\\\/03\\\/Bolo-Haouz-Mosque_DSC4380-c.jpg\",\"keywords\":[\"Buchara\",\"Seidenstra\u00dfe\",\"UNESCO Weltkulturerbe\"],\"articleSection\":[\"Asien\",\"Usbekistan\"],\"inLanguage\":\"de\"},{\"@type\":\"WebPage\",\"@id\":\"https:\\\/\\\/blog.myvideomedia.com\\\/de\\\/gefuehrter-stadtrundgang-in-buchara-teil1\\\/\",\"url\":\"https:\\\/\\\/blog.myvideomedia.com\\\/de\\\/gefuehrter-stadtrundgang-in-buchara-teil1\\\/\",\"name\":\"Gef\u00fchrter Stadtrundgang in Buchara - Teil1 - Usbekistan\",\"isPartOf\":{\"@id\":\"https:\\\/\\\/blog.myvideomedia.com\\\/de\\\/#website\"},\"primaryImageOfPage\":{\"@id\":\"https:\\\/\\\/blog.myvideomedia.com\\\/de\\\/gefuehrter-stadtrundgang-in-buchara-teil1\\\/#primaryimage\"},\"image\":{\"@id\":\"https:\\\/\\\/blog.myvideomedia.com\\\/de\\\/gefuehrter-stadtrundgang-in-buchara-teil1\\\/#primaryimage\"},\"thumbnailUrl\":\"https:\\\/\\\/blog.myvideomedia.com\\\/wp-content\\\/uploads\\\/2018\\\/03\\\/Bolo-Haouz-Mosque_DSC4380-c.jpg\",\"datePublished\":\"2018-03-22T13:08:47+00:00\",\"dateModified\":\"2025-06-04T15:41:56+00:00\",\"description\":\"Buchara ist eine der \u00e4ltesten St\u00e4dte in Usbekistan und hat mehr als 140 Denkm\u00e4ler. Unser Stadtrundgang in Buchara beginnt am Samanid Mausoleum\",\"breadcrumb\":{\"@id\":\"https:\\\/\\\/blog.myvideomedia.com\\\/de\\\/gefuehrter-stadtrundgang-in-buchara-teil1\\\/#breadcrumb\"},\"inLanguage\":\"de\",\"potentialAction\":[{\"@type\":\"ReadAction\",\"target\":[\"https:\\\/\\\/blog.myvideomedia.com\\\/de\\\/gefuehrter-stadtrundgang-in-buchara-teil1\\\/\"]}]},{\"@type\":\"ImageObject\",\"inLanguage\":\"de\",\"@id\":\"https:\\\/\\\/blog.myvideomedia.com\\\/de\\\/gefuehrter-stadtrundgang-in-buchara-teil1\\\/#primaryimage\",\"url\":\"https:\\\/\\\/blog.myvideomedia.com\\\/wp-content\\\/uploads\\\/2018\\\/03\\\/Bolo-Haouz-Mosque_DSC4380-c.jpg\",\"contentUrl\":\"https:\\\/\\\/blog.myvideomedia.com\\\/wp-content\\\/uploads\\\/2018\\\/03\\\/Bolo-Haouz-Mosque_DSC4380-c.jpg\",\"width\":1280,\"height\":854,\"caption\":\"Bolo-Hovuz-Moschee.\"},{\"@type\":\"BreadcrumbList\",\"@id\":\"https:\\\/\\\/blog.myvideomedia.com\\\/de\\\/gefuehrter-stadtrundgang-in-buchara-teil1\\\/#breadcrumb\",\"itemListElement\":[{\"@type\":\"ListItem\",\"position\":1,\"name\":\"Home\",\"item\":\"https:\\\/\\\/blog.myvideomedia.com\\\/de\\\/\"},{\"@type\":\"ListItem\",\"position\":2,\"name\":\"Gef\u00fchrter Stadtrundgang in Buchara &#8211; Teil1\"}]},{\"@type\":\"WebSite\",\"@id\":\"https:\\\/\\\/blog.myvideomedia.com\\\/de\\\/#website\",\"url\":\"https:\\\/\\\/blog.myvideomedia.com\\\/de\\\/\",\"name\":\"Travel Video Blog\",\"description\":\"myVideoMedia Reisetipps und Reisevideos\",\"publisher\":{\"@id\":\"https:\\\/\\\/blog.myvideomedia.com\\\/de\\\/#\\\/schema\\\/person\\\/87be8fbbed69b1562242448c1c3dcbec\"},\"potentialAction\":[{\"@type\":\"SearchAction\",\"target\":{\"@type\":\"EntryPoint\",\"urlTemplate\":\"https:\\\/\\\/blog.myvideomedia.com\\\/de\\\/?s={search_term_string}\"},\"query-input\":{\"@type\":\"PropertyValueSpecification\",\"valueRequired\":true,\"valueName\":\"search_term_string\"}}],\"inLanguage\":\"de\"},{\"@type\":[\"Person\",\"Organization\"],\"@id\":\"https:\\\/\\\/blog.myvideomedia.com\\\/de\\\/#\\\/schema\\\/person\\\/87be8fbbed69b1562242448c1c3dcbec\",\"name\":\"myVideoMedia\",\"image\":{\"@type\":\"ImageObject\",\"inLanguage\":\"de\",\"@id\":\"https:\\\/\\\/secure.gravatar.com\\\/avatar\\\/460720160715ef8975b781abd1b6985e55ce2f01567bb6757bebd73e7cf74c97?s=96&d=mm&r=g\",\"url\":\"https:\\\/\\\/secure.gravatar.com\\\/avatar\\\/460720160715ef8975b781abd1b6985e55ce2f01567bb6757bebd73e7cf74c97?s=96&d=mm&r=g\",\"contentUrl\":\"https:\\\/\\\/secure.gravatar.com\\\/avatar\\\/460720160715ef8975b781abd1b6985e55ce2f01567bb6757bebd73e7cf74c97?s=96&d=mm&r=g\",\"caption\":\"myVideoMedia\"},\"logo\":{\"@id\":\"https:\\\/\\\/secure.gravatar.com\\\/avatar\\\/460720160715ef8975b781abd1b6985e55ce2f01567bb6757bebd73e7cf74c97?s=96&d=mm&r=g\"},\"description\":\"\\\"The World is a book, and those who do not travel read only a page\\\" - Aurelius Augustinus (354 - 430 AD) Travel is our passion. With our posts and videos we like to inspire people who are planning or preparing for holidays as well as people who simply want to escape from everyday life and dream of faraway countries.\",\"sameAs\":[\"https:\\\/\\\/www.myvideomedia.com\",\"https:\\\/\\\/www.facebook.com\\\/ursula.streit.520\"],\"url\":\"https:\\\/\\\/blog.myvideomedia.com\\\/de\\\/author\\\/traveladm\\\/\"}]}<\/script>\n<!-- \/ Yoast SEO plugin. -->","yoast_head_json":{"title":"Gef\u00fchrter Stadtrundgang in Buchara - Teil1 - Usbekistan","description":"Buchara ist eine der \u00e4ltesten St\u00e4dte in Usbekistan und hat mehr als 140 Denkm\u00e4ler. Unser Stadtrundgang in Buchara beginnt am Samanid Mausoleum","robots":{"index":"index","follow":"follow","max-snippet":"max-snippet:-1","max-image-preview":"max-image-preview:large","max-video-preview":"max-video-preview:-1"},"canonical":"https:\/\/blog.myvideomedia.com\/de\/gefuehrter-stadtrundgang-in-buchara-teil1\/","og_locale":"de_DE","og_type":"article","og_title":"Gef\u00fchrter Stadtrundgang in Buchara - Teil1 - Usbekistan","og_description":"Buchara ist eine der \u00e4ltesten St\u00e4dte in Usbekistan und hat mehr als 140 Denkm\u00e4ler. Unser Stadtrundgang in Buchara beginnt am Samanid Mausoleum","og_url":"https:\/\/blog.myvideomedia.com\/de\/gefuehrter-stadtrundgang-in-buchara-teil1\/","og_site_name":"Reise Video Blog","article_publisher":"https:\/\/www.facebook.com\/ursula.streit.520","article_author":"https:\/\/www.facebook.com\/ursula.streit.520","article_published_time":"2018-03-22T13:08:47+00:00","article_modified_time":"2025-06-04T15:41:56+00:00","og_image":[{"width":1280,"height":854,"url":"https:\/\/blog.myvideomedia.com\/wp-content\/uploads\/2018\/03\/Bolo-Haouz-Mosque_DSC4380-c.jpg","type":"image\/jpeg"}],"author":"myVideoMedia","twitter_card":"summary_large_image","twitter_creator":"@myvideomedia","twitter_site":"@myvideomedia","twitter_misc":{"Verfasst von":"myVideoMedia","Gesch\u00e4tzte Lesezeit":"7\u00a0Minuten"},"schema":{"@context":"https:\/\/schema.org","@graph":[{"@type":"Article","@id":"https:\/\/blog.myvideomedia.com\/de\/gefuehrter-stadtrundgang-in-buchara-teil1\/#article","isPartOf":{"@id":"https:\/\/blog.myvideomedia.com\/de\/gefuehrter-stadtrundgang-in-buchara-teil1\/"},"author":{"name":"myVideoMedia","@id":"https:\/\/blog.myvideomedia.com\/de\/#\/schema\/person\/87be8fbbed69b1562242448c1c3dcbec"},"headline":"Gef\u00fchrter Stadtrundgang in Buchara &#8211; Teil1","datePublished":"2018-03-22T13:08:47+00:00","dateModified":"2025-06-04T15:41:56+00:00","mainEntityOfPage":{"@id":"https:\/\/blog.myvideomedia.com\/de\/gefuehrter-stadtrundgang-in-buchara-teil1\/"},"wordCount":768,"publisher":{"@id":"https:\/\/blog.myvideomedia.com\/de\/#\/schema\/person\/87be8fbbed69b1562242448c1c3dcbec"},"image":{"@id":"https:\/\/blog.myvideomedia.com\/de\/gefuehrter-stadtrundgang-in-buchara-teil1\/#primaryimage"},"thumbnailUrl":"https:\/\/blog.myvideomedia.com\/wp-content\/uploads\/2018\/03\/Bolo-Haouz-Mosque_DSC4380-c.jpg","keywords":["Buchara","Seidenstra\u00dfe","UNESCO Weltkulturerbe"],"articleSection":["Asien","Usbekistan"],"inLanguage":"de"},{"@type":"WebPage","@id":"https:\/\/blog.myvideomedia.com\/de\/gefuehrter-stadtrundgang-in-buchara-teil1\/","url":"https:\/\/blog.myvideomedia.com\/de\/gefuehrter-stadtrundgang-in-buchara-teil1\/","name":"Gef\u00fchrter Stadtrundgang in Buchara - Teil1 - Usbekistan","isPartOf":{"@id":"https:\/\/blog.myvideomedia.com\/de\/#website"},"primaryImageOfPage":{"@id":"https:\/\/blog.myvideomedia.com\/de\/gefuehrter-stadtrundgang-in-buchara-teil1\/#primaryimage"},"image":{"@id":"https:\/\/blog.myvideomedia.com\/de\/gefuehrter-stadtrundgang-in-buchara-teil1\/#primaryimage"},"thumbnailUrl":"https:\/\/blog.myvideomedia.com\/wp-content\/uploads\/2018\/03\/Bolo-Haouz-Mosque_DSC4380-c.jpg","datePublished":"2018-03-22T13:08:47+00:00","dateModified":"2025-06-04T15:41:56+00:00","description":"Buchara ist eine der \u00e4ltesten St\u00e4dte in Usbekistan und hat mehr als 140 Denkm\u00e4ler. Unser Stadtrundgang in Buchara beginnt am Samanid Mausoleum","breadcrumb":{"@id":"https:\/\/blog.myvideomedia.com\/de\/gefuehrter-stadtrundgang-in-buchara-teil1\/#breadcrumb"},"inLanguage":"de","potentialAction":[{"@type":"ReadAction","target":["https:\/\/blog.myvideomedia.com\/de\/gefuehrter-stadtrundgang-in-buchara-teil1\/"]}]},{"@type":"ImageObject","inLanguage":"de","@id":"https:\/\/blog.myvideomedia.com\/de\/gefuehrter-stadtrundgang-in-buchara-teil1\/#primaryimage","url":"https:\/\/blog.myvideomedia.com\/wp-content\/uploads\/2018\/03\/Bolo-Haouz-Mosque_DSC4380-c.jpg","contentUrl":"https:\/\/blog.myvideomedia.com\/wp-content\/uploads\/2018\/03\/Bolo-Haouz-Mosque_DSC4380-c.jpg","width":1280,"height":854,"caption":"Bolo-Hovuz-Moschee."},{"@type":"BreadcrumbList","@id":"https:\/\/blog.myvideomedia.com\/de\/gefuehrter-stadtrundgang-in-buchara-teil1\/#breadcrumb","itemListElement":[{"@type":"ListItem","position":1,"name":"Home","item":"https:\/\/blog.myvideomedia.com\/de\/"},{"@type":"ListItem","position":2,"name":"Gef\u00fchrter Stadtrundgang in Buchara &#8211; Teil1"}]},{"@type":"WebSite","@id":"https:\/\/blog.myvideomedia.com\/de\/#website","url":"https:\/\/blog.myvideomedia.com\/de\/","name":"Travel Video Blog","description":"myVideoMedia Reisetipps und Reisevideos","publisher":{"@id":"https:\/\/blog.myvideomedia.com\/de\/#\/schema\/person\/87be8fbbed69b1562242448c1c3dcbec"},"potentialAction":[{"@type":"SearchAction","target":{"@type":"EntryPoint","urlTemplate":"https:\/\/blog.myvideomedia.com\/de\/?s={search_term_string}"},"query-input":{"@type":"PropertyValueSpecification","valueRequired":true,"valueName":"search_term_string"}}],"inLanguage":"de"},{"@type":["Person","Organization"],"@id":"https:\/\/blog.myvideomedia.com\/de\/#\/schema\/person\/87be8fbbed69b1562242448c1c3dcbec","name":"myVideoMedia","image":{"@type":"ImageObject","inLanguage":"de","@id":"https:\/\/secure.gravatar.com\/avatar\/460720160715ef8975b781abd1b6985e55ce2f01567bb6757bebd73e7cf74c97?s=96&d=mm&r=g","url":"https:\/\/secure.gravatar.com\/avatar\/460720160715ef8975b781abd1b6985e55ce2f01567bb6757bebd73e7cf74c97?s=96&d=mm&r=g","contentUrl":"https:\/\/secure.gravatar.com\/avatar\/460720160715ef8975b781abd1b6985e55ce2f01567bb6757bebd73e7cf74c97?s=96&d=mm&r=g","caption":"myVideoMedia"},"logo":{"@id":"https:\/\/secure.gravatar.com\/avatar\/460720160715ef8975b781abd1b6985e55ce2f01567bb6757bebd73e7cf74c97?s=96&d=mm&r=g"},"description":"\"The World is a book, and those who do not travel read only a page\" - Aurelius Augustinus (354 - 430 AD) Travel is our passion. With our posts and videos we like to inspire people who are planning or preparing for holidays as well as people who simply want to escape from everyday life and dream of faraway countries.","sameAs":["https:\/\/www.myvideomedia.com","https:\/\/www.facebook.com\/ursula.streit.520"],"url":"https:\/\/blog.myvideomedia.com\/de\/author\/traveladm\/"}]}},"featured_image_src":"https:\/\/blog.myvideomedia.com\/wp-content\/uploads\/2018\/03\/Bolo-Haouz-Mosque_DSC4380-c.jpg","featured_image_src_square":"https:\/\/blog.myvideomedia.com\/wp-content\/uploads\/2018\/03\/Bolo-Haouz-Mosque_DSC4380-c.jpg","author_info":{"display_name":"myVideoMedia","author_link":"https:\/\/blog.myvideomedia.com\/de\/author\/traveladm\/"},"_links":{"self":[{"href":"https:\/\/blog.myvideomedia.com\/de\/wp-json\/wp\/v2\/posts\/18232","targetHints":{"allow":["GET"]}}],"collection":[{"href":"https:\/\/blog.myvideomedia.com\/de\/wp-json\/wp\/v2\/posts"}],"about":[{"href":"https:\/\/blog.myvideomedia.com\/de\/wp-json\/wp\/v2\/types\/post"}],"author":[{"embeddable":true,"href":"https:\/\/blog.myvideomedia.com\/de\/wp-json\/wp\/v2\/users\/1"}],"replies":[{"embeddable":true,"href":"https:\/\/blog.myvideomedia.com\/de\/wp-json\/wp\/v2\/comments?post=18232"}],"version-history":[{"count":0,"href":"https:\/\/blog.myvideomedia.com\/de\/wp-json\/wp\/v2\/posts\/18232\/revisions"}],"wp:featuredmedia":[{"embeddable":true,"href":"https:\/\/blog.myvideomedia.com\/de\/wp-json\/wp\/v2\/media\/18213"}],"wp:attachment":[{"href":"https:\/\/blog.myvideomedia.com\/de\/wp-json\/wp\/v2\/media?parent=18232"}],"wp:term":[{"taxonomy":"category","embeddable":true,"href":"https:\/\/blog.myvideomedia.com\/de\/wp-json\/wp\/v2\/categories?post=18232"},{"taxonomy":"post_tag","embeddable":true,"href":"https:\/\/blog.myvideomedia.com\/de\/wp-json\/wp\/v2\/tags?post=18232"}],"curies":[{"name":"wp","href":"https:\/\/api.w.org\/{rel}","templated":true}]}}