{"id":18246,"date":"2018-03-24T14:37:06","date_gmt":"2018-03-24T13:37:06","guid":{"rendered":"https:\/\/blog.myvideomedia.com\/?p=18246"},"modified":"2020-08-07T09:27:46","modified_gmt":"2020-08-07T08:27:46","slug":"gefuehrter-stadtrundgang-in-buchara-teil2","status":"publish","type":"post","link":"https:\/\/blog.myvideomedia.com\/de\/gefuehrter-stadtrundgang-in-buchara-teil2\/","title":{"rendered":"Gef\u00fchrter Stadtrundgang in Buchara \u2013 Teil2"},"content":{"rendered":"\n<p>Wir setzen unseren <a href=\"https:\/\/blog.myvideomedia.com\/de\/gefuehrter-stadtrundgang-in-buchara-teil1\/\">gef\u00fchrten Stadtrundgang<\/a>&nbsp;in Buchara an der Ark-Zitadelle fort und gehen durch die Khodja Nurobobod Street weiter zum Poi Kalon.<\/p>\n\n\n\n<div id=\"ez-toc-container\" class=\"ez-toc-v2_0_82_2 counter-hierarchy ez-toc-counter ez-toc-grey ez-toc-container-direction\">\n<div class=\"ez-toc-title-container\">\n<p class=\"ez-toc-title\" style=\"cursor:inherit\">Inhaltsverzeichnis<\/p>\n<span class=\"ez-toc-title-toggle\"><a href=\"#\" class=\"ez-toc-pull-right ez-toc-btn ez-toc-btn-xs ez-toc-btn-default ez-toc-toggle\" aria-label=\"Toggle Table of Content\"><span class=\"ez-toc-js-icon-con\"><span class=\"\"><span class=\"eztoc-hide\" style=\"display:none;\">Toggle<\/span><span class=\"ez-toc-icon-toggle-span\"><svg style=\"fill: #999;color:#999\" xmlns=\"http:\/\/www.w3.org\/2000\/svg\" class=\"list-377408\" width=\"20px\" height=\"20px\" viewBox=\"0 0 24 24\" fill=\"none\"><path d=\"M6 6H4v2h2V6zm14 0H8v2h12V6zM4 11h2v2H4v-2zm16 0H8v2h12v-2zM4 16h2v2H4v-2zm16 0H8v2h12v-2z\" fill=\"currentColor\"><\/path><\/svg><svg style=\"fill: #999;color:#999\" class=\"arrow-unsorted-368013\" xmlns=\"http:\/\/www.w3.org\/2000\/svg\" width=\"10px\" height=\"10px\" viewBox=\"0 0 24 24\" version=\"1.2\" baseProfile=\"tiny\"><path d=\"M18.2 9.3l-6.2-6.3-6.2 6.3c-.2.2-.3.4-.3.7s.1.5.3.7c.2.2.4.3.7.3h11c.3 0 .5-.1.7-.3.2-.2.3-.5.3-.7s-.1-.5-.3-.7zM5.8 14.7l6.2 6.3 6.2-6.3c.2-.2.3-.5.3-.7s-.1-.5-.3-.7c-.2-.2-.4-.3-.7-.3h-11c-.3 0-.5.1-.7.3-.2.2-.3.5-.3.7s.1.5.3.7z\"\/><\/svg><\/span><\/span><\/span><\/a><\/span><\/div>\n<nav><ul class='ez-toc-list ez-toc-list-level-1 ' ><li class='ez-toc-page-1 ez-toc-heading-level-2'><a class=\"ez-toc-link ez-toc-heading-1\" href=\"https:\/\/blog.myvideomedia.com\/de\/gefuehrter-stadtrundgang-in-buchara-teil2\/#Poi_Kalon\" >Poi Kalon<\/a><ul class='ez-toc-list-level-3' ><li class='ez-toc-heading-level-3'><a class=\"ez-toc-link ez-toc-heading-2\" href=\"https:\/\/blog.myvideomedia.com\/de\/gefuehrter-stadtrundgang-in-buchara-teil2\/#Hier_sehen_Sie_das_4K_UHD_Video\" >Hier sehen Sie das 4K UHD Video<\/a><\/li><\/ul><\/li><li class='ez-toc-page-1 ez-toc-heading-level-2'><a class=\"ez-toc-link ez-toc-heading-3\" href=\"https:\/\/blog.myvideomedia.com\/de\/gefuehrter-stadtrundgang-in-buchara-teil2\/#Toqi_Zargaron_Markt\" >Toqi Zargaron Markt<\/a><\/li><li class='ez-toc-page-1 ez-toc-heading-level-2'><a class=\"ez-toc-link ez-toc-heading-4\" href=\"https:\/\/blog.myvideomedia.com\/de\/gefuehrter-stadtrundgang-in-buchara-teil2\/#Ulugbek_Madrasa\" >Ulug&#8217;bek Madrasa<\/a><\/li><li class='ez-toc-page-1 ez-toc-heading-level-2'><a class=\"ez-toc-link ez-toc-heading-5\" href=\"https:\/\/blog.myvideomedia.com\/de\/gefuehrter-stadtrundgang-in-buchara-teil2\/#Abdulaziz-Khan-Madrasa\" >Abdulaziz-Khan-Madrasa<\/a><\/li><li class='ez-toc-page-1 ez-toc-heading-level-2'><a class=\"ez-toc-link ez-toc-heading-6\" href=\"https:\/\/blog.myvideomedia.com\/de\/gefuehrter-stadtrundgang-in-buchara-teil2\/#Cafe_Wishbone\" >Caf\u00e9 Wishbone<\/a><\/li><li class='ez-toc-page-1 ez-toc-heading-level-2'><a class=\"ez-toc-link ez-toc-heading-7\" href=\"https:\/\/blog.myvideomedia.com\/de\/gefuehrter-stadtrundgang-in-buchara-teil2\/#Taqi-Telpak_Furushon_Basar\" >Taqi-Telpak Furushon Basar<\/a><\/li><li class='ez-toc-page-1 ez-toc-heading-level-2'><a class=\"ez-toc-link ez-toc-heading-8\" href=\"https:\/\/blog.myvideomedia.com\/de\/gefuehrter-stadtrundgang-in-buchara-teil2\/#Puppenmuseum\" >Puppenmuseum<\/a><ul class='ez-toc-list-level-3' ><li class='ez-toc-heading-level-3'><a class=\"ez-toc-link ez-toc-heading-9\" href=\"https:\/\/blog.myvideomedia.com\/de\/gefuehrter-stadtrundgang-in-buchara-teil2\/#Pin_it_%E2%80%93_fuer_spaeter_merken\" >Pin it &#8211; f\u00fcr sp\u00e4ter merken<\/a><\/li><\/ul><\/li><\/ul><\/nav><\/div>\n<h2 class=\"wp-block-heading\"><span class=\"ez-toc-section\" id=\"Poi_Kalon\"><\/span>Poi Kalon<span class=\"ez-toc-section-end\"><\/span><\/h2>\n\n\n\n<p>Poi Kalon ist eine Geb\u00e4udeensemble bestehend aus dem Kalon Minarett mit der Emir-Alim-Khan-Madrase direkt daneben. Im Vordergrund liegen sich die Kalon Moschee und die Mir-i-Arab Madrasa gegen\u00fcber.<\/p>\n\n\n\n<div class=\"wp-block-image\"><figure class=\"aligncenter\"><img loading=\"lazy\" decoding=\"async\" width=\"600\" height=\"400\" src=\"https:\/\/blog.myvideomedia.com\/wp-content\/uploads\/2018\/03\/Poi-Kalon_DSC4482-c-600x400.jpg\" alt=\"Poi Kalon\" class=\"wp-image-18260\" srcset=\"https:\/\/blog.myvideomedia.com\/wp-content\/uploads\/2018\/03\/Poi-Kalon_DSC4482-c-600x400.jpg 600w, https:\/\/blog.myvideomedia.com\/wp-content\/uploads\/2018\/03\/Poi-Kalon_DSC4482-c-768x512.jpg 768w, https:\/\/blog.myvideomedia.com\/wp-content\/uploads\/2018\/03\/Poi-Kalon_DSC4482-c-1260x841.jpg 1260w, https:\/\/blog.myvideomedia.com\/wp-content\/uploads\/2018\/03\/Poi-Kalon_DSC4482-c.jpg 1280w\" sizes=\"auto, (max-width: 600px) 100vw, 600px\" \/><\/figure><\/div>\n\n\n\n<p>Das Kalon Minaret ist \u00fcber 46 m hoch und z\u00e4hlt ebenso wie das Samaniden Mausoleum zu den \u00e4ltesten Geb\u00e4uden der Stadt. Es wurde 1227 errichtet und wurde von Dschingis Khan ebenso von der Zerst\u00f6rung ausgenommen, wie das Samaniden Mausoleum. Das Kalon Minaret gilt als das Wahrzeichen der Stadt.<\/p>\n\n\n\n<p>Die Kalon Mosque mit ihren 288 Kuppeln liegt zur rechten Hand. Sie wurde vom Karachaniden Herrscher Arslan Khan im 12. Jahrhundert errichtet. Nach verschiedenen Umbauten und Erweiterungen wurde sie aber erst 1514 fertiggestellt. Sie ist nach der Bibi-Chanum Moschee in Sarmakand die zweitgr\u00f6\u00dfte Moschee in Zentralasien.<\/p>\n\n\n\n<h3 class=\"has-text-align-center wp-block-heading\"><span class=\"ez-toc-section\" id=\"Hier_sehen_Sie_das_4K_UHD_Video\"><\/span><a href=\"https:\/\/youtu.be\/kK4rIfdT_gs\" target=\"_blank\" rel=\"noopener nofollow noreferrer\">Hier sehen Sie das 4K UHD Video<\/a><span class=\"ez-toc-section-end\"><\/span><\/h3>\n\n\n\n<figure> <div class=\"brlbs-cmpnt-container brlbs-cmpnt-content-blocker brlbs-cmpnt-with-individual-styles\" data-borlabs-cookie-content-blocker-id=\"youtube-content-blocker\" data-borlabs-cookie-content=\"PGlmcmFtZSBzcmM9Imh0dHBzOi8vd3d3LnlvdXR1YmUtbm9jb29raWUuY29tL2VtYmVkL2tLNHJJZmRUX2dzIiB3aWR0aD0iNjAwIiBoZWlnaHQ9IjMzOCI+PC9pZnJhbWU+\"><div class=\"brlbs-cmpnt-cb-preset-c brlbs-cmpnt-cb-youtube\"> <div class=\"brlbs-cmpnt-cb-thumbnail\" style=\"background-image: url('https:\/\/blog.myvideomedia.com\/wp-content\/uploads\/borlabs-cookie\/1\/yt_kK4rIfdT_gs_hqdefault.jpg')\"><\/div> <div class=\"brlbs-cmpnt-cb-main\"> <div class=\"brlbs-cmpnt-cb-play-button\"><\/div> <div class=\"brlbs-cmpnt-cb-content\"> <p class=\"brlbs-cmpnt-cb-description\">Sie sehen gerade einen Platzhalterinhalt von <strong>YouTube<\/strong>. Um auf den eigentlichen Inhalt zuzugreifen, klicken Sie auf die Schaltfl\u00e4che unten. Bitte beachten Sie, dass dabei Daten an Drittanbieter weitergegeben werden.<\/p> <a class=\"brlbs-cmpnt-cb-provider-toggle\" href=\"#\" data-borlabs-cookie-show-provider-information role=\"button\">Mehr Informationen<\/a> <\/div> <div class=\"brlbs-cmpnt-cb-buttons\"> <a class=\"brlbs-cmpnt-cb-btn\" href=\"#\" data-borlabs-cookie-unblock role=\"button\">Inhalt entsperren<\/a> <a class=\"brlbs-cmpnt-cb-btn\" href=\"#\" data-borlabs-cookie-accept-service role=\"button\" style=\"display: inherit\">Erforderlichen Service akzeptieren und Inhalte entsperren<\/a> <\/div> <\/div> <\/div><\/div><\/figure>\n\n\n\n<p>Der 80 m lange Innenhof ist von 208 Pfeilern, die die Kuppeln tragen, umgeben. Am gegen\u00fcber liegenden Ende ist die Mihrab, die Gebetsnische, die die Gebetsrichtung vorgibt.<\/p>\n\n\n\n<p>Die Emir-Alim-Khan-Madrasa liegt direkt neben dem Minarett und wurde Anfang des 20. Jahrhunderts von Alim Khan, dem letzten Emir des Emirats Buchara, errichtet.<\/p>\n\n\n\n<div class=\"wp-block-image\"><figure class=\"aligncenter\"><img loading=\"lazy\" decoding=\"async\" width=\"600\" height=\"400\" src=\"https:\/\/blog.myvideomedia.com\/wp-content\/uploads\/2018\/03\/Emir-Alim-Khan-Madrasa_DSC4444-c-600x400.jpg\" alt=\"Emir Alim Khan Madrasa\" class=\"wp-image-18278\" srcset=\"https:\/\/blog.myvideomedia.com\/wp-content\/uploads\/2018\/03\/Emir-Alim-Khan-Madrasa_DSC4444-c-600x400.jpg 600w, https:\/\/blog.myvideomedia.com\/wp-content\/uploads\/2018\/03\/Emir-Alim-Khan-Madrasa_DSC4444-c-768x512.jpg 768w, https:\/\/blog.myvideomedia.com\/wp-content\/uploads\/2018\/03\/Emir-Alim-Khan-Madrasa_DSC4444-c-1260x841.jpg 1260w, https:\/\/blog.myvideomedia.com\/wp-content\/uploads\/2018\/03\/Emir-Alim-Khan-Madrasa_DSC4444-c.jpg 1280w\" sizes=\"auto, (max-width: 600px) 100vw, 600px\" \/><\/figure><\/div>\n\n\n\n<p>Die Mir-i-Arab Madrasa liegt direkt gegen\u00fcber der Kalon Mosque. F\u00fcr Besucher ist nur das Foyer zug\u00e4nglich. Sie wurde 1920 geschlossen aber 1945 wieder er\u00f6ffnet und war in der Sowjetzeit die einzige Madrasa, die einen Lehrbetrieb aufrecht erhalten durfte. Damit war sie das islamischen Zentrum der Sowjetunion.<\/p>\n\n\n\n<p>Sie wurde von Scheich Abdullah Yamani aus dem Jemen, auch Mir-i-Arab genannt errichtet. Er war der geistige Mentor der Scheibaniden und hatte gro\u00dfen Einfluss auf Ubaidullah Khan. Beide wurden in der 1536 vollendeten Madrasa beigesetzt.<\/p>\n\n\n\n<div class=\"wp-block-image\"><figure class=\"aligncenter\"><img loading=\"lazy\" decoding=\"async\" width=\"600\" height=\"338\" src=\"https:\/\/blog.myvideomedia.com\/wp-content\/uploads\/2018\/03\/Mir-i-Arab-Madrassah-Usbekistan_048-c-600x338.jpg\" alt=\"Mir-i-Arab Madrasa\" class=\"wp-image-18282\" srcset=\"https:\/\/blog.myvideomedia.com\/wp-content\/uploads\/2018\/03\/Mir-i-Arab-Madrassah-Usbekistan_048-c-600x338.jpg 600w, https:\/\/blog.myvideomedia.com\/wp-content\/uploads\/2018\/03\/Mir-i-Arab-Madrassah-Usbekistan_048-c-768x432.jpg 768w, https:\/\/blog.myvideomedia.com\/wp-content\/uploads\/2018\/03\/Mir-i-Arab-Madrassah-Usbekistan_048-c-1260x709.jpg 1260w, https:\/\/blog.myvideomedia.com\/wp-content\/uploads\/2018\/03\/Mir-i-Arab-Madrassah-Usbekistan_048-c.jpg 1280w\" sizes=\"auto, (max-width: 600px) 100vw, 600px\" \/><\/figure><\/div>\n\n\n\n<p>Nun machen wir erst einmal eine kurze Pause im\u00a0Minor Cafe House.<\/p>\n\n\n\n<div class=\"wp-block-image\"><figure class=\"aligncenter\"><img loading=\"lazy\" decoding=\"async\" width=\"600\" height=\"400\" src=\"https:\/\/blog.myvideomedia.com\/wp-content\/uploads\/2018\/03\/Photo-shooting-DSC4504-c-600x400.jpg\" alt=\"Photo shooting\" class=\"wp-image-18298\" srcset=\"https:\/\/blog.myvideomedia.com\/wp-content\/uploads\/2018\/03\/Photo-shooting-DSC4504-c-600x400.jpg 600w, https:\/\/blog.myvideomedia.com\/wp-content\/uploads\/2018\/03\/Photo-shooting-DSC4504-c-768x512.jpg 768w, https:\/\/blog.myvideomedia.com\/wp-content\/uploads\/2018\/03\/Photo-shooting-DSC4504-c-1260x841.jpg 1260w, https:\/\/blog.myvideomedia.com\/wp-content\/uploads\/2018\/03\/Photo-shooting-DSC4504-c.jpg 1280w\" sizes=\"auto, (max-width: 600px) 100vw, 600px\" \/><\/figure><\/div>\n\n\n\n<p>Das Caf\u00e9 hat eine hochgelegenen Terrasse, von der aus man den Platz und das Geb\u00e4udeensemble gut \u00fcberblicken kann. Hier findet gerade ein Fotoshooting statt.<\/p>\n\n\n\n<div class=\"wp-block-image\"><figure class=\"aligncenter\"><img loading=\"lazy\" decoding=\"async\" width=\"600\" height=\"400\" src=\"https:\/\/blog.myvideomedia.com\/wp-content\/uploads\/2018\/03\/Bride-DSC4486-c-600x400.jpg\" alt=\"Minor Cafe House\" class=\"wp-image-18296\" srcset=\"https:\/\/blog.myvideomedia.com\/wp-content\/uploads\/2018\/03\/Bride-DSC4486-c-600x400.jpg 600w, https:\/\/blog.myvideomedia.com\/wp-content\/uploads\/2018\/03\/Bride-DSC4486-c-768x512.jpg 768w, https:\/\/blog.myvideomedia.com\/wp-content\/uploads\/2018\/03\/Bride-DSC4486-c-1260x841.jpg 1260w, https:\/\/blog.myvideomedia.com\/wp-content\/uploads\/2018\/03\/Bride-DSC4486-c.jpg 1280w\" sizes=\"auto, (max-width: 600px) 100vw, 600px\" \/><\/figure><\/div>\n\n\n\n<h2 class=\"wp-block-heading\"><span class=\"ez-toc-section\" id=\"Toqi_Zargaron_Markt\"><\/span>Toqi Zargaron Markt<span class=\"ez-toc-section-end\"><\/span><\/h2>\n\n\n\n<p>Wir gehen weiter Richtung Osten und treffen auf den Toqi Zargaron Markt. Es ist eine Markthalle, die mit mehreren Kuppeln \u00fcberdacht ist. Sie stammt aus dem 16. Jahrhundert und ist die gr\u00f6\u00dfte alte Markthalle in Buchara.<\/p>\n\n\n\n<p>Der Name bedeutet \u201eHaube der Juweliere\u201c. Fr\u00fcher wurden hier auch Duftkerzen und Seifen verkauft, die ebenso teuer waren wie Schmuck. Heute umfasst das Warenangebot Kleidung, Teppiche, Schmuck, Bilder und handwerklich gefertigte Gegenst\u00e4nde.<\/p>\n\n\n\n<div class=\"wp-block-image\"><figure class=\"aligncenter\"><img loading=\"lazy\" decoding=\"async\" width=\"600\" height=\"400\" src=\"https:\/\/blog.myvideomedia.com\/wp-content\/uploads\/2018\/03\/Taq-Telpak-Furushon-Bazaar-DSC4502-c-600x400.jpg\" alt=\"Toqi Zargaron Markt\" class=\"wp-image-18268\" srcset=\"https:\/\/blog.myvideomedia.com\/wp-content\/uploads\/2018\/03\/Taq-Telpak-Furushon-Bazaar-DSC4502-c-600x400.jpg 600w, https:\/\/blog.myvideomedia.com\/wp-content\/uploads\/2018\/03\/Taq-Telpak-Furushon-Bazaar-DSC4502-c-768x512.jpg 768w, https:\/\/blog.myvideomedia.com\/wp-content\/uploads\/2018\/03\/Taq-Telpak-Furushon-Bazaar-DSC4502-c-1260x841.jpg 1260w, https:\/\/blog.myvideomedia.com\/wp-content\/uploads\/2018\/03\/Taq-Telpak-Furushon-Bazaar-DSC4502-c.jpg 1280w\" sizes=\"auto, (max-width: 600px) 100vw, 600px\" \/><\/figure><\/div>\n\n\n\n<p>Als wir die Markthalle am anderen Ende verlassen stehen wir mitten in einer Baustelle. Der gesamte Innenstadtbereich wird zu einer Fu\u00dfg\u00e4ngerzone umfunktioniert und mit neuem Pflaster belegt.<\/p>\n\n\n\n<h2 class=\"wp-block-heading\"><span class=\"ez-toc-section\" id=\"Ulugbek_Madrasa\"><\/span>Ulug&#8217;bek Madrasa<span class=\"ez-toc-section-end\"><\/span><\/h2>\n\n\n\n<p>Am N\u00f6rdlichen Ende des Platzes liegt die Ulug&#8217;bek Madrasa. Sie wurde Anfang des 15. Jahrhunderts vom Timuriden-Khan Ulugh Beg errichtet und 1417 fertiggestellt.<\/p>\n\n\n\n<div class=\"wp-block-image\"><figure class=\"aligncenter\"><img loading=\"lazy\" decoding=\"async\" width=\"600\" height=\"338\" src=\"https:\/\/blog.myvideomedia.com\/wp-content\/uploads\/2018\/03\/Ulugbek-Madrasa-Usbekistan_047-c-600x338.jpg\" alt=\"Ulugbek Madrasa Usbekistan_047-c\" class=\"wp-image-18284\" srcset=\"https:\/\/blog.myvideomedia.com\/wp-content\/uploads\/2018\/03\/Ulugbek-Madrasa-Usbekistan_047-c-600x338.jpg 600w, https:\/\/blog.myvideomedia.com\/wp-content\/uploads\/2018\/03\/Ulugbek-Madrasa-Usbekistan_047-c-768x432.jpg 768w, https:\/\/blog.myvideomedia.com\/wp-content\/uploads\/2018\/03\/Ulugbek-Madrasa-Usbekistan_047-c-1260x709.jpg 1260w, https:\/\/blog.myvideomedia.com\/wp-content\/uploads\/2018\/03\/Ulugbek-Madrasa-Usbekistan_047-c.jpg 1280w\" sizes=\"auto, (max-width: 600px) 100vw, 600px\" \/><\/figure><\/div>\n\n\n\n<p>Damit ist sie die \u00e4lteste erhaltenen Madrasa Zentralasiens.<\/p>\n\n\n\n<h2 class=\"wp-block-heading\"><span class=\"ez-toc-section\" id=\"Abdulaziz-Khan-Madrasa\"><\/span>Abdulaziz-Khan-Madrasa<span class=\"ez-toc-section-end\"><\/span><\/h2>\n\n\n\n<p>Gegen\u00fcber liegt die Abdulaziz-Khan-Madrasa. Sie wurde 1652 vom Dschaniden-Khan Abd al-Aziz erbaut und ist die gr\u00f6\u00dfte Madrasa in Buchara.<\/p>\n\n\n\n<div class=\"wp-block-image size-medium wp-image-18248\"><figure class=\"aligncenter\"><img loading=\"lazy\" decoding=\"async\" width=\"600\" height=\"400\" src=\"https:\/\/blog.myvideomedia.com\/wp-content\/uploads\/2018\/03\/Abdulaziz-Khan-Madrasa_DSC4499-c-600x400.jpg\" alt=\"Abdulaziz Khan Madrasa\" class=\"wp-image-18248\" srcset=\"https:\/\/blog.myvideomedia.com\/wp-content\/uploads\/2018\/03\/Abdulaziz-Khan-Madrasa_DSC4499-c-600x400.jpg 600w, https:\/\/blog.myvideomedia.com\/wp-content\/uploads\/2018\/03\/Abdulaziz-Khan-Madrasa_DSC4499-c-768x512.jpg 768w, https:\/\/blog.myvideomedia.com\/wp-content\/uploads\/2018\/03\/Abdulaziz-Khan-Madrasa_DSC4499-c-1260x841.jpg 1260w, https:\/\/blog.myvideomedia.com\/wp-content\/uploads\/2018\/03\/Abdulaziz-Khan-Madrasa_DSC4499-c.jpg 1280w\" sizes=\"auto, (max-width: 600px) 100vw, 600px\" \/><figcaption>Abdulaziz Khan Madrasa<\/figcaption><\/figure><\/div>\n\n\n\n<p>Der Bau der Abdulaziz-Khan-Madrasa markiert den Fortschritt der zentralasiatischen Architektur. Die erstaunlichen F\u00e4higkeiten der Architekten, Baumeister und K\u00fcnstler zeigt sich nicht nur in den aufwendigen Dekorationen, wie Reliefe, Marmorschnitzereien und Ziegelmosaiken.<\/p>\n\n\n\n<p>Auch die Wohnr\u00e4ume wandelten sich. Sie bestanden aus einem Eingangsbereich, Feuerstelle und einer zweiten Etage, die mit Wandnischen als Stauraum ausgestattet waren.<\/p>\n\n\n\n<div class=\"wp-block-image\"><figure class=\"aligncenter\"><img loading=\"lazy\" decoding=\"async\" width=\"600\" height=\"400\" src=\"https:\/\/blog.myvideomedia.com\/wp-content\/uploads\/2018\/03\/Abdulaziz-Khan-Madrasa_DSC4509-c-600x400.jpg\" alt=\"Abdulaziz Khan Madrasa\" class=\"wp-image-18252\" srcset=\"https:\/\/blog.myvideomedia.com\/wp-content\/uploads\/2018\/03\/Abdulaziz-Khan-Madrasa_DSC4509-c-600x400.jpg 600w, https:\/\/blog.myvideomedia.com\/wp-content\/uploads\/2018\/03\/Abdulaziz-Khan-Madrasa_DSC4509-c-768x512.jpg 768w, https:\/\/blog.myvideomedia.com\/wp-content\/uploads\/2018\/03\/Abdulaziz-Khan-Madrasa_DSC4509-c-1260x841.jpg 1260w, https:\/\/blog.myvideomedia.com\/wp-content\/uploads\/2018\/03\/Abdulaziz-Khan-Madrasa_DSC4509-c.jpg 1280w\" sizes=\"auto, (max-width: 600px) 100vw, 600px\" \/><\/figure><\/div>\n\n\n\n<p>Hinter dem Eingang der Abdulaziz-Khan-Madrasa schlie\u00dfen sich auf der einen Seite ein Unterrichtsraum und auf der anderen Seite ein Wintermoschee an. Der Innenhof diente einst als Sommermoschee. In den Zwischenbereichen haben sich \u00fcberall H\u00e4ndler eingerichtet.<\/p>\n\n\n\n<div class=\"wp-block-image\"><figure class=\"aligncenter\"><img loading=\"lazy\" decoding=\"async\" width=\"600\" height=\"400\" src=\"https:\/\/blog.myvideomedia.com\/wp-content\/uploads\/2018\/03\/Abdulaziz-Khan-Madrasa-DSC4513-c-600x400.jpg\" alt=\"\" class=\"wp-image-18274\" srcset=\"https:\/\/blog.myvideomedia.com\/wp-content\/uploads\/2018\/03\/Abdulaziz-Khan-Madrasa-DSC4513-c-600x400.jpg 600w, https:\/\/blog.myvideomedia.com\/wp-content\/uploads\/2018\/03\/Abdulaziz-Khan-Madrasa-DSC4513-c-768x512.jpg 768w, https:\/\/blog.myvideomedia.com\/wp-content\/uploads\/2018\/03\/Abdulaziz-Khan-Madrasa-DSC4513-c-1260x841.jpg 1260w, https:\/\/blog.myvideomedia.com\/wp-content\/uploads\/2018\/03\/Abdulaziz-Khan-Madrasa-DSC4513-c.jpg 1280w\" sizes=\"auto, (max-width: 600px) 100vw, 600px\" \/><\/figure><\/div>\n\n\n\n<p>Wir verlassen die Madrasa und wenden uns Richtung S\u00fcden. Dort passieren wir die Markthalle Trading dome of Tim Abdullah-khan.<\/p>\n\n\n\n<div class=\"wp-block-image\"><figure class=\"aligncenter\"><img loading=\"lazy\" decoding=\"async\" width=\"600\" height=\"400\" src=\"https:\/\/blog.myvideomedia.com\/wp-content\/uploads\/2018\/03\/Trading-dome-of-Tim-Abdullah-khan-DSC4514-c-600x400.jpg\" alt=\"Trading dome of Tim Abdullah-khan\" class=\"wp-image-18303\" srcset=\"https:\/\/blog.myvideomedia.com\/wp-content\/uploads\/2018\/03\/Trading-dome-of-Tim-Abdullah-khan-DSC4514-c-600x400.jpg 600w, https:\/\/blog.myvideomedia.com\/wp-content\/uploads\/2018\/03\/Trading-dome-of-Tim-Abdullah-khan-DSC4514-c-768x512.jpg 768w, https:\/\/blog.myvideomedia.com\/wp-content\/uploads\/2018\/03\/Trading-dome-of-Tim-Abdullah-khan-DSC4514-c-1260x841.jpg 1260w, https:\/\/blog.myvideomedia.com\/wp-content\/uploads\/2018\/03\/Trading-dome-of-Tim-Abdullah-khan-DSC4514-c.jpg 1280w\" sizes=\"auto, (max-width: 600px) 100vw, 600px\" \/><\/figure><\/div>\n\n\n\n<h2 class=\"wp-block-heading\"><span class=\"ez-toc-section\" id=\"Cafe_Wishbone\"><\/span>Caf\u00e9 Wishbone<span class=\"ez-toc-section-end\"><\/span><\/h2>\n\n\n\n<p>Im Caf\u00e9 Wishbone Bukhara machen wir eine kleine Pause.<\/p>\n\n\n\n<div class=\"wp-block-image\"><figure class=\"aligncenter\"><img loading=\"lazy\" decoding=\"async\" width=\"600\" height=\"400\" src=\"https:\/\/blog.myvideomedia.com\/wp-content\/uploads\/2018\/03\/Cafe-Wishbone-DSC4519-c-600x400.jpg\" alt=\"Cafe Wishbone Bukhara\" class=\"wp-image-18256\" srcset=\"https:\/\/blog.myvideomedia.com\/wp-content\/uploads\/2018\/03\/Cafe-Wishbone-DSC4519-c-600x400.jpg 600w, https:\/\/blog.myvideomedia.com\/wp-content\/uploads\/2018\/03\/Cafe-Wishbone-DSC4519-c-768x512.jpg 768w, https:\/\/blog.myvideomedia.com\/wp-content\/uploads\/2018\/03\/Cafe-Wishbone-DSC4519-c-1260x841.jpg 1260w, https:\/\/blog.myvideomedia.com\/wp-content\/uploads\/2018\/03\/Cafe-Wishbone-DSC4519-c.jpg 1280w\" sizes=\"auto, (max-width: 600px) 100vw, 600px\" \/><\/figure><\/div>\n\n\n\n<p>Das Caf\u00e9 geh\u00f6rt einer deutschen Besitzerin, die ihren G\u00e4sten u.a. Fr\u00fchst\u00fcck und deutschen Kuchen serviert.<\/p>\n\n\n\n<div class=\"wp-block-image\"><figure class=\"aligncenter\"><img loading=\"lazy\" decoding=\"async\" width=\"600\" height=\"400\" src=\"https:\/\/blog.myvideomedia.com\/wp-content\/uploads\/2018\/03\/Cafe-Wishbone-Bukhara-DSC4520-c-600x400.jpg\" alt=\"Cafe Wishbone Bukhara\" class=\"wp-image-18292\" srcset=\"https:\/\/blog.myvideomedia.com\/wp-content\/uploads\/2018\/03\/Cafe-Wishbone-Bukhara-DSC4520-c-600x400.jpg 600w, https:\/\/blog.myvideomedia.com\/wp-content\/uploads\/2018\/03\/Cafe-Wishbone-Bukhara-DSC4520-c-768x512.jpg 768w, https:\/\/blog.myvideomedia.com\/wp-content\/uploads\/2018\/03\/Cafe-Wishbone-Bukhara-DSC4520-c-1260x841.jpg 1260w, https:\/\/blog.myvideomedia.com\/wp-content\/uploads\/2018\/03\/Cafe-Wishbone-Bukhara-DSC4520-c.jpg 1280w\" sizes=\"auto, (max-width: 600px) 100vw, 600px\" \/><\/figure><\/div>\n\n\n\n<p>Bei unserem Besuch war sie allerdings nicht anwesend.<\/p>\n\n\n\n<div class=\"wp-block-image\"><figure class=\"aligncenter\"><img loading=\"lazy\" decoding=\"async\" width=\"600\" height=\"400\" src=\"https:\/\/blog.myvideomedia.com\/wp-content\/uploads\/2018\/03\/Cafe-Wishbone-Bukhara-DSC4524-c-600x400.jpg\" alt=\"Cafe Wishbone Bukhara\" class=\"wp-image-18294\" srcset=\"https:\/\/blog.myvideomedia.com\/wp-content\/uploads\/2018\/03\/Cafe-Wishbone-Bukhara-DSC4524-c-600x400.jpg 600w, https:\/\/blog.myvideomedia.com\/wp-content\/uploads\/2018\/03\/Cafe-Wishbone-Bukhara-DSC4524-c-768x512.jpg 768w, https:\/\/blog.myvideomedia.com\/wp-content\/uploads\/2018\/03\/Cafe-Wishbone-Bukhara-DSC4524-c-1260x841.jpg 1260w, https:\/\/blog.myvideomedia.com\/wp-content\/uploads\/2018\/03\/Cafe-Wishbone-Bukhara-DSC4524-c.jpg 1280w\" sizes=\"auto, (max-width: 600px) 100vw, 600px\" \/><\/figure><\/div>\n\n\n\n<h2 class=\"wp-block-heading\"><span class=\"ez-toc-section\" id=\"Taqi-Telpak_Furushon_Basar\"><\/span>Taqi-Telpak Furushon Basar<span class=\"ez-toc-section-end\"><\/span><\/h2>\n\n\n\n<p>Auf unserem weiteren Weg landen wir im n\u00e4chsten Basar, dem Taqi-Telpak Furushon Basar. Er wurde direkt \u00fcber die Kreuzung mehrerer Stra\u00dfen gebaut.<\/p>\n\n\n\n<p>Fr\u00fcher wurden hier B\u00fccher, sp\u00e4ter H\u00fcte und M\u00fctzen angeboten. Heute unterscheidet sich das Angebot kaum von dem der anderen Basare.<\/p>\n\n\n\n<div class=\"wp-block-image\"><figure class=\"aligncenter\"><img loading=\"lazy\" decoding=\"async\" width=\"600\" height=\"400\" src=\"https:\/\/blog.myvideomedia.com\/wp-content\/uploads\/2018\/03\/Taqi-Zargaron-Market-DSC4528-c-600x400.jpg\" alt=\"Taqi-Telpak Furushon Basar\" class=\"wp-image-18280\" srcset=\"https:\/\/blog.myvideomedia.com\/wp-content\/uploads\/2018\/03\/Taqi-Zargaron-Market-DSC4528-c-600x400.jpg 600w, https:\/\/blog.myvideomedia.com\/wp-content\/uploads\/2018\/03\/Taqi-Zargaron-Market-DSC4528-c-768x512.jpg 768w, https:\/\/blog.myvideomedia.com\/wp-content\/uploads\/2018\/03\/Taqi-Zargaron-Market-DSC4528-c-1260x841.jpg 1260w, https:\/\/blog.myvideomedia.com\/wp-content\/uploads\/2018\/03\/Taqi-Zargaron-Market-DSC4528-c.jpg 1280w\" sizes=\"auto, (max-width: 600px) 100vw, 600px\" \/><\/figure><\/div>\n\n\n\n<p>Wir verlassen den Basar am anderen Ende und stehen vor einer arch\u00e4ologischen Grabungsst\u00e4tte. Es war fr\u00fcher eine Karawanserei und eine Badeanstalt.<\/p>\n\n\n\n<p>Bevor die Karawanen in die Stadt durften mussten die H\u00e4ndler hier ein Bad nehmen und konnten ihre Tiere versorgen.<\/p>\n\n\n\n<div class=\"wp-block-image\"><figure class=\"aligncenter\"><img loading=\"lazy\" decoding=\"async\" width=\"600\" height=\"400\" src=\"https:\/\/blog.myvideomedia.com\/wp-content\/uploads\/2018\/03\/Archaeological-Excavations_DSC4529-c-600x400.jpg\" alt=\"Ausgrabungen in Buchara\" class=\"wp-image-18254\" srcset=\"https:\/\/blog.myvideomedia.com\/wp-content\/uploads\/2018\/03\/Archaeological-Excavations_DSC4529-c-600x400.jpg 600w, https:\/\/blog.myvideomedia.com\/wp-content\/uploads\/2018\/03\/Archaeological-Excavations_DSC4529-c-768x512.jpg 768w, https:\/\/blog.myvideomedia.com\/wp-content\/uploads\/2018\/03\/Archaeological-Excavations_DSC4529-c-1260x841.jpg 1260w, https:\/\/blog.myvideomedia.com\/wp-content\/uploads\/2018\/03\/Archaeological-Excavations_DSC4529-c.jpg 1280w\" sizes=\"auto, (max-width: 600px) 100vw, 600px\" \/><\/figure><\/div>\n\n\n\n<p>Direkt daneben ist die Mag`oki Attori Moschee. Sie hat ebenfalls den Mongolensturm von Dschingis Khan \u00fcberstanden und z\u00e4hlt zu den \u00e4ltesten erhaltenen Moscheen Zentralasiens.<\/p>\n\n\n\n<div class=\"wp-block-image\"><figure class=\"aligncenter\"><img loading=\"lazy\" decoding=\"async\" width=\"600\" height=\"400\" src=\"https:\/\/blog.myvideomedia.com\/wp-content\/uploads\/2018\/03\/Magoki-Attori-Mosque-DSC4532-c-600x400.jpg\" alt=\"Magoki Attori Moschee\" class=\"wp-image-18288\" srcset=\"https:\/\/blog.myvideomedia.com\/wp-content\/uploads\/2018\/03\/Magoki-Attori-Mosque-DSC4532-c-600x400.jpg 600w, https:\/\/blog.myvideomedia.com\/wp-content\/uploads\/2018\/03\/Magoki-Attori-Mosque-DSC4532-c-768x512.jpg 768w, https:\/\/blog.myvideomedia.com\/wp-content\/uploads\/2018\/03\/Magoki-Attori-Mosque-DSC4532-c-1260x841.jpg 1260w, https:\/\/blog.myvideomedia.com\/wp-content\/uploads\/2018\/03\/Magoki-Attori-Mosque-DSC4532-c.jpg 1280w\" sizes=\"auto, (max-width: 600px) 100vw, 600px\" \/><\/figure><\/div>\n\n\n\n<p>Der Boden liegt ca. 4.50 m unter dem umliegenden Bodenniveau, deshalb hat sie den Namenszusatz Mag`oki (bedeutet: in der Grube). Im Laufe der Zeit wurde sie immer wieder erweitert, umgebaut und renoviert. Zuletzt in den 1930er Jahren. In einer Ecke im Innenraum ist noch ein Teil der Originalsubstanz zu sehen. Heute dient sie als Teppichmuseum.<\/p>\n\n\n\n<p>Wir erreichen das Geb\u00e4udeensemble Labi Hovuz, in dessen N\u00e4he wir auch unser Quartier haben. Wir sto\u00dfen auf das Nodir-Devonbegi-Chanaqa, das am Westufer des zentralen Teiches liegt. Es diente als Wohn- und Versammlungsort f\u00fcr die Derwische und als Herberge f\u00fcr die Pilger.<\/p>\n\n\n\n<div class=\"wp-block-image size-medium wp-image-18286\"><figure class=\"aligncenter\"><img loading=\"lazy\" decoding=\"async\" width=\"600\" height=\"338\" src=\"https:\/\/blog.myvideomedia.com\/wp-content\/uploads\/2018\/03\/Nodir-Devonbegi-Chanaqa-Uzbekistan_046-c-600x338.jpg\" alt=\"Nodir Devonbegi Chanaqa\" class=\"wp-image-18286\" srcset=\"https:\/\/blog.myvideomedia.com\/wp-content\/uploads\/2018\/03\/Nodir-Devonbegi-Chanaqa-Uzbekistan_046-c-600x338.jpg 600w, https:\/\/blog.myvideomedia.com\/wp-content\/uploads\/2018\/03\/Nodir-Devonbegi-Chanaqa-Uzbekistan_046-c-768x432.jpg 768w, https:\/\/blog.myvideomedia.com\/wp-content\/uploads\/2018\/03\/Nodir-Devonbegi-Chanaqa-Uzbekistan_046-c-1260x709.jpg 1260w, https:\/\/blog.myvideomedia.com\/wp-content\/uploads\/2018\/03\/Nodir-Devonbegi-Chanaqa-Uzbekistan_046-c.jpg 1280w\" sizes=\"auto, (max-width: 600px) 100vw, 600px\" \/><figcaption>Nodir-Devonbegi Chanaqa<\/figcaption><\/figure><\/div>\n\n\n\n<h2 class=\"wp-block-heading\"><span class=\"ez-toc-section\" id=\"Puppenmuseum\"><\/span>Puppenmuseum<span class=\"ez-toc-section-end\"><\/span><\/h2>\n\n\n\n<p>Als letzter Programmpunkt an diesem Tag ist das ber\u00fchmte Puppenmuseum vorgesehen. Hier werden kostbare Puppen gezeigt und gefertigt. Eine Reihe von Auszeichnungen weltweit zeugen davon.<\/p>\n\n\n\n<div class=\"wp-block-image\"><figure class=\"aligncenter\"><img loading=\"lazy\" decoding=\"async\" width=\"600\" height=\"400\" src=\"https:\/\/blog.myvideomedia.com\/wp-content\/uploads\/2018\/03\/Puppet-Museum-Bukhara-DSC4548-c-600x400.jpg\" alt=\"Puppenmuseum Buchara \" class=\"wp-image-18264\" srcset=\"https:\/\/blog.myvideomedia.com\/wp-content\/uploads\/2018\/03\/Puppet-Museum-Bukhara-DSC4548-c-600x400.jpg 600w, https:\/\/blog.myvideomedia.com\/wp-content\/uploads\/2018\/03\/Puppet-Museum-Bukhara-DSC4548-c-768x512.jpg 768w, https:\/\/blog.myvideomedia.com\/wp-content\/uploads\/2018\/03\/Puppet-Museum-Bukhara-DSC4548-c-1260x841.jpg 1260w, https:\/\/blog.myvideomedia.com\/wp-content\/uploads\/2018\/03\/Puppet-Museum-Bukhara-DSC4548-c.jpg 1280w\" sizes=\"auto, (max-width: 600px) 100vw, 600px\" \/><\/figure><\/div>\n\n\n\n<p>Neben Ali Baba und den 40 R\u00e4ubern findet man Puppen aus den verschiedensten Jahren der Firmengeschichte. Der Besitzer zeigt aber auch die Bedienung und Handhabung. Er hat mit seinen Puppen schon viele L\u00e4nder bereist.<\/p>\n\n\n\n<div class=\"wp-block-image\"><figure class=\"aligncenter\"><img loading=\"lazy\" decoding=\"async\" width=\"600\" height=\"400\" src=\"https:\/\/blog.myvideomedia.com\/wp-content\/uploads\/2018\/03\/Puppet-Museum-DSC4551-c-600x400.jpg\" alt=\"Puppenmuseum Buchara \" class=\"wp-image-18262\" srcset=\"https:\/\/blog.myvideomedia.com\/wp-content\/uploads\/2018\/03\/Puppet-Museum-DSC4551-c-600x400.jpg 600w, https:\/\/blog.myvideomedia.com\/wp-content\/uploads\/2018\/03\/Puppet-Museum-DSC4551-c-768x512.jpg 768w, https:\/\/blog.myvideomedia.com\/wp-content\/uploads\/2018\/03\/Puppet-Museum-DSC4551-c-1260x841.jpg 1260w, https:\/\/blog.myvideomedia.com\/wp-content\/uploads\/2018\/03\/Puppet-Museum-DSC4551-c.jpg 1280w\" sizes=\"auto, (max-width: 600px) 100vw, 600px\" \/><\/figure><\/div>\n\n\n\n<p>Ursula muss das Museum aber alleine besuchen, da ich mich rasch in das Hotel begeben muss. Eine Magen- Darm- Infektion zwingt mich dazu. Gl\u00fccklicherweise haben wir aber noch Uzara Tropfen, so dass es mir am n\u00e4chsten Morgen wieder besser geht.<\/p>\n\n\n\n<p>Bitte lesen Sie weiter &gt; <a href=\"https:\/\/blog.myvideomedia.com\/de\/nationaler-tanz-und-musik\/\">Nationaler Tanz, Musik und Modenschau<\/a><\/p>\n\n\n\n<h3 class=\"has-text-align-center wp-block-heading\"><span class=\"ez-toc-section\" id=\"Pin_it_%E2%80%93_fuer_spaeter_merken\"><\/span>Pin it &#8211; f\u00fcr sp\u00e4ter merken<span class=\"ez-toc-section-end\"><\/span><\/h3>\n\n\n\n<div class=\"wp-block-image\"><figure class=\"aligncenter\"><img loading=\"lazy\" decoding=\"async\" width=\"400\" height=\"600\" src=\"https:\/\/blog.myvideomedia.com\/wp-content\/uploads\/2018\/03\/Stadtrundgang-Buchara-2-c-400x600.jpg\" alt=\"Stadtrundgang Buchara Teil2 \" class=\"wp-image-18302\" srcset=\"https:\/\/blog.myvideomedia.com\/wp-content\/uploads\/2018\/03\/Stadtrundgang-Buchara-2-c-400x600.jpg 400w, https:\/\/blog.myvideomedia.com\/wp-content\/uploads\/2018\/03\/Stadtrundgang-Buchara-2-c.jpg 735w\" sizes=\"auto, (max-width: 400px) 100vw, 400px\" \/><\/figure><\/div>\n\n\n\n<p class=\"has-text-align-left\">Text, Fotos und Video: Copyright \u00a9 <a href=\"https:\/\/www.myvideomedia.com\/de\" target=\"_blank\" rel=\"noopener noreferrer\">myVideoMedia<\/a><\/p>\n","protected":false},"excerpt":{"rendered":"<p>Wir setzen unseren gef\u00fchrten Stadtrundgang&nbsp;in Buchara an der Ark-Zitadelle fort und gehen durch die Khodja Nurobobod Street weiter zum Poi Kalon. Poi Kalon Poi Kalon ist eine Geb\u00e4udeensemble bestehend aus dem Kalon Minarett mit der Emir-Alim-Khan-Madrase direkt daneben. Im Vordergrund liegen sich die Kalon Moschee und die Mir-i-Arab Madrasa gegen\u00fcber. Das Kalon Minaret ist \u00fcber [&hellip;]<\/p>\n","protected":false},"author":1,"featured_media":18260,"comment_status":"open","ping_status":"closed","sticky":false,"template":"","format":"standard","meta":{"_genesis_hide_title":false,"_genesis_hide_breadcrumbs":false,"_genesis_hide_singular_image":false,"_genesis_hide_footer_widgets":false,"_genesis_custom_body_class":"","_genesis_custom_post_class":"","_genesis_layout":"","footnotes":""},"categories":[488,884],"tags":[901,880,476],"class_list":{"0":"post-18246","1":"post","2":"type-post","3":"status-publish","4":"format-standard","5":"has-post-thumbnail","7":"category-asien","8":"category-usbekistan","9":"tag-buchara","10":"tag-seidenstrasse","11":"tag-unesco-weltkulturerbe","12":"entry"},"yoast_head":"<!-- This site is optimized with the Yoast SEO plugin v27.4 - https:\/\/yoast.com\/product\/yoast-seo-wordpress\/ -->\n<title>Gef\u00fchrter Stadtrundgang in Buchara \u2013 Teil2 - Usbekistan<\/title>\n<meta name=\"description\" content=\"Wir setzen unseren gef\u00fchrten Stadtrundgang in Buchara an der Ark-Zitadelle fort und gehen durch die Khodja Nurobobod Street weiter zum Poi Kalon. Poi Kalon ist eine Geb\u00e4udeensemble bestehend aus dem Kalon Minarett mit der Emir-Alim-Khan-Madrase direkt daneben.\" \/>\n<meta name=\"robots\" content=\"index, follow, max-snippet:-1, max-image-preview:large, max-video-preview:-1\" \/>\n<link rel=\"canonical\" href=\"https:\/\/blog.myvideomedia.com\/de\/gefuehrter-stadtrundgang-in-buchara-teil2\/\" \/>\n<meta property=\"og:locale\" content=\"de_DE\" \/>\n<meta property=\"og:type\" content=\"article\" \/>\n<meta property=\"og:title\" content=\"Gef\u00fchrter Stadtrundgang in Buchara \u2013 Teil2 - Usbekistan\" \/>\n<meta property=\"og:description\" content=\"Wir setzen unseren gef\u00fchrten Stadtrundgang in Buchara an der Ark-Zitadelle fort und gehen durch die Khodja Nurobobod Street weiter zum Poi Kalon. Poi Kalon ist eine Geb\u00e4udeensemble bestehend aus dem Kalon Minarett mit der Emir-Alim-Khan-Madrase direkt daneben.\" \/>\n<meta property=\"og:url\" content=\"https:\/\/blog.myvideomedia.com\/de\/gefuehrter-stadtrundgang-in-buchara-teil2\/\" \/>\n<meta property=\"og:site_name\" content=\"Reise Video Blog\" \/>\n<meta property=\"article:publisher\" content=\"https:\/\/www.facebook.com\/ursula.streit.520\" \/>\n<meta property=\"article:author\" content=\"https:\/\/www.facebook.com\/ursula.streit.520\" \/>\n<meta property=\"article:published_time\" content=\"2018-03-24T13:37:06+00:00\" \/>\n<meta property=\"article:modified_time\" content=\"2020-08-07T08:27:46+00:00\" \/>\n<meta property=\"og:image\" content=\"https:\/\/blog.myvideomedia.com\/wp-content\/uploads\/2018\/03\/Poi-Kalon_DSC4482-c.jpg\" \/>\n\t<meta property=\"og:image:width\" content=\"1280\" \/>\n\t<meta property=\"og:image:height\" content=\"854\" \/>\n\t<meta property=\"og:image:type\" content=\"image\/jpeg\" \/>\n<meta name=\"author\" content=\"myVideoMedia\" \/>\n<meta name=\"twitter:card\" content=\"summary_large_image\" \/>\n<meta name=\"twitter:creator\" content=\"@myvideomedia\" \/>\n<meta name=\"twitter:site\" content=\"@myvideomedia\" \/>\n<meta name=\"twitter:label1\" content=\"Verfasst von\" \/>\n\t<meta name=\"twitter:data1\" content=\"myVideoMedia\" \/>\n\t<meta name=\"twitter:label2\" content=\"Gesch\u00e4tzte Lesezeit\" \/>\n\t<meta name=\"twitter:data2\" content=\"5\u00a0Minuten\" \/>\n<script type=\"application\/ld+json\" class=\"yoast-schema-graph\">{\"@context\":\"https:\\\/\\\/schema.org\",\"@graph\":[{\"@type\":\"Article\",\"@id\":\"https:\\\/\\\/blog.myvideomedia.com\\\/de\\\/gefuehrter-stadtrundgang-in-buchara-teil2\\\/#article\",\"isPartOf\":{\"@id\":\"https:\\\/\\\/blog.myvideomedia.com\\\/de\\\/gefuehrter-stadtrundgang-in-buchara-teil2\\\/\"},\"author\":{\"name\":\"myVideoMedia\",\"@id\":\"https:\\\/\\\/blog.myvideomedia.com\\\/de\\\/#\\\/schema\\\/person\\\/87be8fbbed69b1562242448c1c3dcbec\"},\"headline\":\"Gef\u00fchrter Stadtrundgang in Buchara \u2013 Teil2\",\"datePublished\":\"2018-03-24T13:37:06+00:00\",\"dateModified\":\"2020-08-07T08:27:46+00:00\",\"mainEntityOfPage\":{\"@id\":\"https:\\\/\\\/blog.myvideomedia.com\\\/de\\\/gefuehrter-stadtrundgang-in-buchara-teil2\\\/\"},\"wordCount\":994,\"commentCount\":0,\"publisher\":{\"@id\":\"https:\\\/\\\/blog.myvideomedia.com\\\/de\\\/#\\\/schema\\\/person\\\/87be8fbbed69b1562242448c1c3dcbec\"},\"image\":{\"@id\":\"https:\\\/\\\/blog.myvideomedia.com\\\/de\\\/gefuehrter-stadtrundgang-in-buchara-teil2\\\/#primaryimage\"},\"thumbnailUrl\":\"https:\\\/\\\/blog.myvideomedia.com\\\/wp-content\\\/uploads\\\/2018\\\/03\\\/Poi-Kalon_DSC4482-c.jpg\",\"keywords\":[\"Buchara\",\"Seidenstra\u00dfe\",\"UNESCO Weltkulturerbe\"],\"articleSection\":[\"Asien\",\"Usbekistan\"],\"inLanguage\":\"de\",\"potentialAction\":[{\"@type\":\"CommentAction\",\"name\":\"Comment\",\"target\":[\"https:\\\/\\\/blog.myvideomedia.com\\\/de\\\/gefuehrter-stadtrundgang-in-buchara-teil2\\\/#respond\"]}]},{\"@type\":\"WebPage\",\"@id\":\"https:\\\/\\\/blog.myvideomedia.com\\\/de\\\/gefuehrter-stadtrundgang-in-buchara-teil2\\\/\",\"url\":\"https:\\\/\\\/blog.myvideomedia.com\\\/de\\\/gefuehrter-stadtrundgang-in-buchara-teil2\\\/\",\"name\":\"Gef\u00fchrter Stadtrundgang in Buchara \u2013 Teil2 - Usbekistan\",\"isPartOf\":{\"@id\":\"https:\\\/\\\/blog.myvideomedia.com\\\/de\\\/#website\"},\"primaryImageOfPage\":{\"@id\":\"https:\\\/\\\/blog.myvideomedia.com\\\/de\\\/gefuehrter-stadtrundgang-in-buchara-teil2\\\/#primaryimage\"},\"image\":{\"@id\":\"https:\\\/\\\/blog.myvideomedia.com\\\/de\\\/gefuehrter-stadtrundgang-in-buchara-teil2\\\/#primaryimage\"},\"thumbnailUrl\":\"https:\\\/\\\/blog.myvideomedia.com\\\/wp-content\\\/uploads\\\/2018\\\/03\\\/Poi-Kalon_DSC4482-c.jpg\",\"datePublished\":\"2018-03-24T13:37:06+00:00\",\"dateModified\":\"2020-08-07T08:27:46+00:00\",\"description\":\"Wir setzen unseren gef\u00fchrten Stadtrundgang in Buchara an der Ark-Zitadelle fort und gehen durch die Khodja Nurobobod Street weiter zum Poi Kalon. Poi Kalon ist eine Geb\u00e4udeensemble bestehend aus dem Kalon Minarett mit der Emir-Alim-Khan-Madrase direkt daneben.\",\"breadcrumb\":{\"@id\":\"https:\\\/\\\/blog.myvideomedia.com\\\/de\\\/gefuehrter-stadtrundgang-in-buchara-teil2\\\/#breadcrumb\"},\"inLanguage\":\"de\",\"potentialAction\":[{\"@type\":\"ReadAction\",\"target\":[\"https:\\\/\\\/blog.myvideomedia.com\\\/de\\\/gefuehrter-stadtrundgang-in-buchara-teil2\\\/\"]}]},{\"@type\":\"ImageObject\",\"inLanguage\":\"de\",\"@id\":\"https:\\\/\\\/blog.myvideomedia.com\\\/de\\\/gefuehrter-stadtrundgang-in-buchara-teil2\\\/#primaryimage\",\"url\":\"https:\\\/\\\/blog.myvideomedia.com\\\/wp-content\\\/uploads\\\/2018\\\/03\\\/Poi-Kalon_DSC4482-c.jpg\",\"contentUrl\":\"https:\\\/\\\/blog.myvideomedia.com\\\/wp-content\\\/uploads\\\/2018\\\/03\\\/Poi-Kalon_DSC4482-c.jpg\",\"width\":1280,\"height\":854,\"caption\":\"Poi Kalon\"},{\"@type\":\"BreadcrumbList\",\"@id\":\"https:\\\/\\\/blog.myvideomedia.com\\\/de\\\/gefuehrter-stadtrundgang-in-buchara-teil2\\\/#breadcrumb\",\"itemListElement\":[{\"@type\":\"ListItem\",\"position\":1,\"name\":\"Home\",\"item\":\"https:\\\/\\\/blog.myvideomedia.com\\\/de\\\/\"},{\"@type\":\"ListItem\",\"position\":2,\"name\":\"Gef\u00fchrter Stadtrundgang in Buchara \u2013 Teil2\"}]},{\"@type\":\"WebSite\",\"@id\":\"https:\\\/\\\/blog.myvideomedia.com\\\/de\\\/#website\",\"url\":\"https:\\\/\\\/blog.myvideomedia.com\\\/de\\\/\",\"name\":\"Travel Video Blog\",\"description\":\"myVideoMedia Reisetipps und Reisevideos\",\"publisher\":{\"@id\":\"https:\\\/\\\/blog.myvideomedia.com\\\/de\\\/#\\\/schema\\\/person\\\/87be8fbbed69b1562242448c1c3dcbec\"},\"potentialAction\":[{\"@type\":\"SearchAction\",\"target\":{\"@type\":\"EntryPoint\",\"urlTemplate\":\"https:\\\/\\\/blog.myvideomedia.com\\\/de\\\/?s={search_term_string}\"},\"query-input\":{\"@type\":\"PropertyValueSpecification\",\"valueRequired\":true,\"valueName\":\"search_term_string\"}}],\"inLanguage\":\"de\"},{\"@type\":[\"Person\",\"Organization\"],\"@id\":\"https:\\\/\\\/blog.myvideomedia.com\\\/de\\\/#\\\/schema\\\/person\\\/87be8fbbed69b1562242448c1c3dcbec\",\"name\":\"myVideoMedia\",\"image\":{\"@type\":\"ImageObject\",\"inLanguage\":\"de\",\"@id\":\"https:\\\/\\\/secure.gravatar.com\\\/avatar\\\/460720160715ef8975b781abd1b6985e55ce2f01567bb6757bebd73e7cf74c97?s=96&d=mm&r=g\",\"url\":\"https:\\\/\\\/secure.gravatar.com\\\/avatar\\\/460720160715ef8975b781abd1b6985e55ce2f01567bb6757bebd73e7cf74c97?s=96&d=mm&r=g\",\"contentUrl\":\"https:\\\/\\\/secure.gravatar.com\\\/avatar\\\/460720160715ef8975b781abd1b6985e55ce2f01567bb6757bebd73e7cf74c97?s=96&d=mm&r=g\",\"caption\":\"myVideoMedia\"},\"logo\":{\"@id\":\"https:\\\/\\\/secure.gravatar.com\\\/avatar\\\/460720160715ef8975b781abd1b6985e55ce2f01567bb6757bebd73e7cf74c97?s=96&d=mm&r=g\"},\"description\":\"\\\"The World is a book, and those who do not travel read only a page\\\" - Aurelius Augustinus (354 - 430 AD) Travel is our passion. With our posts and videos we like to inspire people who are planning or preparing for holidays as well as people who simply want to escape from everyday life and dream of faraway countries.\",\"sameAs\":[\"https:\\\/\\\/www.myvideomedia.com\",\"https:\\\/\\\/www.facebook.com\\\/ursula.streit.520\"],\"url\":\"https:\\\/\\\/blog.myvideomedia.com\\\/de\\\/author\\\/traveladm\\\/\"}]}<\/script>\n<!-- \/ Yoast SEO plugin. -->","yoast_head_json":{"title":"Gef\u00fchrter Stadtrundgang in Buchara \u2013 Teil2 - Usbekistan","description":"Wir setzen unseren gef\u00fchrten Stadtrundgang in Buchara an der Ark-Zitadelle fort und gehen durch die Khodja Nurobobod Street weiter zum Poi Kalon. Poi Kalon ist eine Geb\u00e4udeensemble bestehend aus dem Kalon Minarett mit der Emir-Alim-Khan-Madrase direkt daneben.","robots":{"index":"index","follow":"follow","max-snippet":"max-snippet:-1","max-image-preview":"max-image-preview:large","max-video-preview":"max-video-preview:-1"},"canonical":"https:\/\/blog.myvideomedia.com\/de\/gefuehrter-stadtrundgang-in-buchara-teil2\/","og_locale":"de_DE","og_type":"article","og_title":"Gef\u00fchrter Stadtrundgang in Buchara \u2013 Teil2 - Usbekistan","og_description":"Wir setzen unseren gef\u00fchrten Stadtrundgang in Buchara an der Ark-Zitadelle fort und gehen durch die Khodja Nurobobod Street weiter zum Poi Kalon. Poi Kalon ist eine Geb\u00e4udeensemble bestehend aus dem Kalon Minarett mit der Emir-Alim-Khan-Madrase direkt daneben.","og_url":"https:\/\/blog.myvideomedia.com\/de\/gefuehrter-stadtrundgang-in-buchara-teil2\/","og_site_name":"Reise Video Blog","article_publisher":"https:\/\/www.facebook.com\/ursula.streit.520","article_author":"https:\/\/www.facebook.com\/ursula.streit.520","article_published_time":"2018-03-24T13:37:06+00:00","article_modified_time":"2020-08-07T08:27:46+00:00","og_image":[{"width":1280,"height":854,"url":"https:\/\/blog.myvideomedia.com\/wp-content\/uploads\/2018\/03\/Poi-Kalon_DSC4482-c.jpg","type":"image\/jpeg"}],"author":"myVideoMedia","twitter_card":"summary_large_image","twitter_creator":"@myvideomedia","twitter_site":"@myvideomedia","twitter_misc":{"Verfasst von":"myVideoMedia","Gesch\u00e4tzte Lesezeit":"5\u00a0Minuten"},"schema":{"@context":"https:\/\/schema.org","@graph":[{"@type":"Article","@id":"https:\/\/blog.myvideomedia.com\/de\/gefuehrter-stadtrundgang-in-buchara-teil2\/#article","isPartOf":{"@id":"https:\/\/blog.myvideomedia.com\/de\/gefuehrter-stadtrundgang-in-buchara-teil2\/"},"author":{"name":"myVideoMedia","@id":"https:\/\/blog.myvideomedia.com\/de\/#\/schema\/person\/87be8fbbed69b1562242448c1c3dcbec"},"headline":"Gef\u00fchrter Stadtrundgang in Buchara \u2013 Teil2","datePublished":"2018-03-24T13:37:06+00:00","dateModified":"2020-08-07T08:27:46+00:00","mainEntityOfPage":{"@id":"https:\/\/blog.myvideomedia.com\/de\/gefuehrter-stadtrundgang-in-buchara-teil2\/"},"wordCount":994,"commentCount":0,"publisher":{"@id":"https:\/\/blog.myvideomedia.com\/de\/#\/schema\/person\/87be8fbbed69b1562242448c1c3dcbec"},"image":{"@id":"https:\/\/blog.myvideomedia.com\/de\/gefuehrter-stadtrundgang-in-buchara-teil2\/#primaryimage"},"thumbnailUrl":"https:\/\/blog.myvideomedia.com\/wp-content\/uploads\/2018\/03\/Poi-Kalon_DSC4482-c.jpg","keywords":["Buchara","Seidenstra\u00dfe","UNESCO Weltkulturerbe"],"articleSection":["Asien","Usbekistan"],"inLanguage":"de","potentialAction":[{"@type":"CommentAction","name":"Comment","target":["https:\/\/blog.myvideomedia.com\/de\/gefuehrter-stadtrundgang-in-buchara-teil2\/#respond"]}]},{"@type":"WebPage","@id":"https:\/\/blog.myvideomedia.com\/de\/gefuehrter-stadtrundgang-in-buchara-teil2\/","url":"https:\/\/blog.myvideomedia.com\/de\/gefuehrter-stadtrundgang-in-buchara-teil2\/","name":"Gef\u00fchrter Stadtrundgang in Buchara \u2013 Teil2 - Usbekistan","isPartOf":{"@id":"https:\/\/blog.myvideomedia.com\/de\/#website"},"primaryImageOfPage":{"@id":"https:\/\/blog.myvideomedia.com\/de\/gefuehrter-stadtrundgang-in-buchara-teil2\/#primaryimage"},"image":{"@id":"https:\/\/blog.myvideomedia.com\/de\/gefuehrter-stadtrundgang-in-buchara-teil2\/#primaryimage"},"thumbnailUrl":"https:\/\/blog.myvideomedia.com\/wp-content\/uploads\/2018\/03\/Poi-Kalon_DSC4482-c.jpg","datePublished":"2018-03-24T13:37:06+00:00","dateModified":"2020-08-07T08:27:46+00:00","description":"Wir setzen unseren gef\u00fchrten Stadtrundgang in Buchara an der Ark-Zitadelle fort und gehen durch die Khodja Nurobobod Street weiter zum Poi Kalon. Poi Kalon ist eine Geb\u00e4udeensemble bestehend aus dem Kalon Minarett mit der Emir-Alim-Khan-Madrase direkt daneben.","breadcrumb":{"@id":"https:\/\/blog.myvideomedia.com\/de\/gefuehrter-stadtrundgang-in-buchara-teil2\/#breadcrumb"},"inLanguage":"de","potentialAction":[{"@type":"ReadAction","target":["https:\/\/blog.myvideomedia.com\/de\/gefuehrter-stadtrundgang-in-buchara-teil2\/"]}]},{"@type":"ImageObject","inLanguage":"de","@id":"https:\/\/blog.myvideomedia.com\/de\/gefuehrter-stadtrundgang-in-buchara-teil2\/#primaryimage","url":"https:\/\/blog.myvideomedia.com\/wp-content\/uploads\/2018\/03\/Poi-Kalon_DSC4482-c.jpg","contentUrl":"https:\/\/blog.myvideomedia.com\/wp-content\/uploads\/2018\/03\/Poi-Kalon_DSC4482-c.jpg","width":1280,"height":854,"caption":"Poi Kalon"},{"@type":"BreadcrumbList","@id":"https:\/\/blog.myvideomedia.com\/de\/gefuehrter-stadtrundgang-in-buchara-teil2\/#breadcrumb","itemListElement":[{"@type":"ListItem","position":1,"name":"Home","item":"https:\/\/blog.myvideomedia.com\/de\/"},{"@type":"ListItem","position":2,"name":"Gef\u00fchrter Stadtrundgang in Buchara \u2013 Teil2"}]},{"@type":"WebSite","@id":"https:\/\/blog.myvideomedia.com\/de\/#website","url":"https:\/\/blog.myvideomedia.com\/de\/","name":"Travel Video Blog","description":"myVideoMedia Reisetipps und Reisevideos","publisher":{"@id":"https:\/\/blog.myvideomedia.com\/de\/#\/schema\/person\/87be8fbbed69b1562242448c1c3dcbec"},"potentialAction":[{"@type":"SearchAction","target":{"@type":"EntryPoint","urlTemplate":"https:\/\/blog.myvideomedia.com\/de\/?s={search_term_string}"},"query-input":{"@type":"PropertyValueSpecification","valueRequired":true,"valueName":"search_term_string"}}],"inLanguage":"de"},{"@type":["Person","Organization"],"@id":"https:\/\/blog.myvideomedia.com\/de\/#\/schema\/person\/87be8fbbed69b1562242448c1c3dcbec","name":"myVideoMedia","image":{"@type":"ImageObject","inLanguage":"de","@id":"https:\/\/secure.gravatar.com\/avatar\/460720160715ef8975b781abd1b6985e55ce2f01567bb6757bebd73e7cf74c97?s=96&d=mm&r=g","url":"https:\/\/secure.gravatar.com\/avatar\/460720160715ef8975b781abd1b6985e55ce2f01567bb6757bebd73e7cf74c97?s=96&d=mm&r=g","contentUrl":"https:\/\/secure.gravatar.com\/avatar\/460720160715ef8975b781abd1b6985e55ce2f01567bb6757bebd73e7cf74c97?s=96&d=mm&r=g","caption":"myVideoMedia"},"logo":{"@id":"https:\/\/secure.gravatar.com\/avatar\/460720160715ef8975b781abd1b6985e55ce2f01567bb6757bebd73e7cf74c97?s=96&d=mm&r=g"},"description":"\"The World is a book, and those who do not travel read only a page\" - Aurelius Augustinus (354 - 430 AD) Travel is our passion. With our posts and videos we like to inspire people who are planning or preparing for holidays as well as people who simply want to escape from everyday life and dream of faraway countries.","sameAs":["https:\/\/www.myvideomedia.com","https:\/\/www.facebook.com\/ursula.streit.520"],"url":"https:\/\/blog.myvideomedia.com\/de\/author\/traveladm\/"}]}},"featured_image_src":"https:\/\/blog.myvideomedia.com\/wp-content\/uploads\/2018\/03\/Poi-Kalon_DSC4482-c.jpg","featured_image_src_square":"https:\/\/blog.myvideomedia.com\/wp-content\/uploads\/2018\/03\/Poi-Kalon_DSC4482-c.jpg","author_info":{"display_name":"myVideoMedia","author_link":"https:\/\/blog.myvideomedia.com\/de\/author\/traveladm\/"},"_links":{"self":[{"href":"https:\/\/blog.myvideomedia.com\/de\/wp-json\/wp\/v2\/posts\/18246","targetHints":{"allow":["GET"]}}],"collection":[{"href":"https:\/\/blog.myvideomedia.com\/de\/wp-json\/wp\/v2\/posts"}],"about":[{"href":"https:\/\/blog.myvideomedia.com\/de\/wp-json\/wp\/v2\/types\/post"}],"author":[{"embeddable":true,"href":"https:\/\/blog.myvideomedia.com\/de\/wp-json\/wp\/v2\/users\/1"}],"replies":[{"embeddable":true,"href":"https:\/\/blog.myvideomedia.com\/de\/wp-json\/wp\/v2\/comments?post=18246"}],"version-history":[{"count":0,"href":"https:\/\/blog.myvideomedia.com\/de\/wp-json\/wp\/v2\/posts\/18246\/revisions"}],"wp:featuredmedia":[{"embeddable":true,"href":"https:\/\/blog.myvideomedia.com\/de\/wp-json\/wp\/v2\/media\/18260"}],"wp:attachment":[{"href":"https:\/\/blog.myvideomedia.com\/de\/wp-json\/wp\/v2\/media?parent=18246"}],"wp:term":[{"taxonomy":"category","embeddable":true,"href":"https:\/\/blog.myvideomedia.com\/de\/wp-json\/wp\/v2\/categories?post=18246"},{"taxonomy":"post_tag","embeddable":true,"href":"https:\/\/blog.myvideomedia.com\/de\/wp-json\/wp\/v2\/tags?post=18246"}],"curies":[{"name":"wp","href":"https:\/\/api.w.org\/{rel}","templated":true}]}}