{"id":19091,"date":"2018-05-29T08:36:28","date_gmt":"2018-05-29T07:36:28","guid":{"rendered":"https:\/\/blog.myvideomedia.com\/?p=19091"},"modified":"2020-09-08T12:44:19","modified_gmt":"2020-09-08T11:44:19","slug":"ethno-dorf-und-manastschi","status":"publish","type":"post","link":"https:\/\/blog.myvideomedia.com\/de\/ethno-dorf-und-manastschi\/","title":{"rendered":"Ethno-Dorf und Manastschi"},"content":{"rendered":"\n<p>Zwischen dem Ufer des Yssykk\u00f6l und der Stra\u00dfe nach Karakol liegt ein eingez\u00e4untes Gel\u00e4nde. Der Verwendungszweck ist auf den ersten Blick nicht zu erkennen.<\/p>\n\n\n\n<div id=\"ez-toc-container\" class=\"ez-toc-v2_0_82_2 counter-hierarchy ez-toc-counter ez-toc-grey ez-toc-container-direction\">\n<div class=\"ez-toc-title-container\">\n<p class=\"ez-toc-title\" style=\"cursor:inherit\">Inhaltsverzeichnis<\/p>\n<span class=\"ez-toc-title-toggle\"><a href=\"#\" class=\"ez-toc-pull-right ez-toc-btn ez-toc-btn-xs ez-toc-btn-default ez-toc-toggle\" aria-label=\"Toggle Table of Content\"><span class=\"ez-toc-js-icon-con\"><span class=\"\"><span class=\"eztoc-hide\" style=\"display:none;\">Toggle<\/span><span class=\"ez-toc-icon-toggle-span\"><svg style=\"fill: #999;color:#999\" xmlns=\"http:\/\/www.w3.org\/2000\/svg\" class=\"list-377408\" width=\"20px\" height=\"20px\" viewBox=\"0 0 24 24\" fill=\"none\"><path d=\"M6 6H4v2h2V6zm14 0H8v2h12V6zM4 11h2v2H4v-2zm16 0H8v2h12v-2zM4 16h2v2H4v-2zm16 0H8v2h12v-2z\" fill=\"currentColor\"><\/path><\/svg><svg style=\"fill: #999;color:#999\" class=\"arrow-unsorted-368013\" xmlns=\"http:\/\/www.w3.org\/2000\/svg\" width=\"10px\" height=\"10px\" viewBox=\"0 0 24 24\" version=\"1.2\" baseProfile=\"tiny\"><path d=\"M18.2 9.3l-6.2-6.3-6.2 6.3c-.2.2-.3.4-.3.7s.1.5.3.7c.2.2.4.3.7.3h11c.3 0 .5-.1.7-.3.2-.2.3-.5.3-.7s-.1-.5-.3-.7zM5.8 14.7l6.2 6.3 6.2-6.3c.2-.2.3-.5.3-.7s-.1-.5-.3-.7c-.2-.2-.4-.3-.7-.3h-11c-.3 0-.5.1-.7.3-.2.2-.3.5-.3.7s.1.5.3.7z\"\/><\/svg><\/span><\/span><\/span><\/a><\/span><\/div>\n<nav><ul class='ez-toc-list ez-toc-list-level-1 ' ><li class='ez-toc-page-1 ez-toc-heading-level-2'><a class=\"ez-toc-link ez-toc-heading-1\" href=\"https:\/\/blog.myvideomedia.com\/de\/ethno-dorf-und-manastschi\/#Ethno-Dorf_am_Yssykkoel\" >Ethno-Dorf am Yssykk\u00f6l<\/a><ul class='ez-toc-list-level-3' ><li class='ez-toc-heading-level-3'><a class=\"ez-toc-link ez-toc-heading-2\" href=\"https:\/\/blog.myvideomedia.com\/de\/ethno-dorf-und-manastschi\/#Hier_sehen_Sie_das_4K_UHD_Video\" >Hier sehen Sie das 4K UHD Video<\/a><\/li><\/ul><\/li><li class='ez-toc-page-1 ez-toc-heading-level-2'><a class=\"ez-toc-link ez-toc-heading-3\" href=\"https:\/\/blog.myvideomedia.com\/de\/ethno-dorf-und-manastschi\/#Manastschi\" >Manastschi<\/a><ul class='ez-toc-list-level-3' ><li class='ez-toc-heading-level-3'><a class=\"ez-toc-link ez-toc-heading-4\" href=\"https:\/\/blog.myvideomedia.com\/de\/ethno-dorf-und-manastschi\/#Pin_it_%E2%80%93_fuer_spaeter_merken\" >Pin it &#8211; f\u00fcr sp\u00e4ter merken<\/a><\/li><\/ul><\/li><\/ul><\/nav><\/div>\n<h2 class=\"wp-block-heading\"><span class=\"ez-toc-section\" id=\"Ethno-Dorf_am_Yssykkoel\"><\/span>Ethno-Dorf am Yssykk\u00f6l<span class=\"ez-toc-section-end\"><\/span><\/h2>\n\n\n\n<p>Oft werden die Bauwerke f\u00fcr \u00dcberreste aus der Sowjetzeit gehalten, dem ist aber nicht so. Es sind die \u00dcberreste eines geplanten Ethno-Dorfes, das um die Jahrtausendwende geplant wurde. Leider ging dem Investor dann aber das Geld aus.<\/p>\n\n\n\n<div class=\"wp-block-image\"><figure class=\"aligncenter\"><img loading=\"lazy\" decoding=\"async\" width=\"600\" height=\"400\" src=\"https:\/\/blog.myvideomedia.com\/wp-content\/uploads\/2018\/05\/Ethno-Village-Manaschi_DSC2986-c-600x400.jpg\" alt=\"Ethno-Dorf und Manastschi \" class=\"wp-image-19078\" srcset=\"https:\/\/blog.myvideomedia.com\/wp-content\/uploads\/2018\/05\/Ethno-Village-Manaschi_DSC2986-c-600x400.jpg 600w, https:\/\/blog.myvideomedia.com\/wp-content\/uploads\/2018\/05\/Ethno-Village-Manaschi_DSC2986-c-768x512.jpg 768w, https:\/\/blog.myvideomedia.com\/wp-content\/uploads\/2018\/05\/Ethno-Village-Manaschi_DSC2986-c-1260x841.jpg 1260w, https:\/\/blog.myvideomedia.com\/wp-content\/uploads\/2018\/05\/Ethno-Village-Manaschi_DSC2986-c.jpg 1280w\" sizes=\"auto, (max-width: 600px) 100vw, 600px\" \/><\/figure><\/div>\n\n\n\n<p>Seither verrotten die Anlagen. Ein Flug mit der Drohne \u00fcber das Gel\u00e4nde zeigt die wahren Dimensionen des Gel\u00e4ndes.<\/p>\n\n\n\n<h3 class=\"has-text-align-center wp-block-heading\"><span class=\"ez-toc-section\" id=\"Hier_sehen_Sie_das_4K_UHD_Video\"><\/span><a href=\"https:\/\/youtu.be\/D6GYhxEEnKM\" target=\"_blank\" rel=\"noopener nofollow noreferrer\">Hier sehen Sie das 4K UHD Video<\/a><span class=\"ez-toc-section-end\"><\/span><\/h3>\n\n\n\n<figure> <div class=\"brlbs-cmpnt-container brlbs-cmpnt-content-blocker brlbs-cmpnt-with-individual-styles\" data-borlabs-cookie-content-blocker-id=\"youtube-content-blocker\" data-borlabs-cookie-content=\"PGlmcmFtZSBzcmM9Imh0dHBzOi8vd3d3LnlvdXR1YmUtbm9jb29raWUuY29tL2VtYmVkL0Q2R1loeEVFbktNIiB3aWR0aD0iNjAwIiBoZWlnaHQ9IjMzOCI+PC9pZnJhbWU+\"><div class=\"brlbs-cmpnt-cb-preset-c brlbs-cmpnt-cb-youtube\"> <div class=\"brlbs-cmpnt-cb-thumbnail\" style=\"background-image: url('https:\/\/blog.myvideomedia.com\/wp-content\/uploads\/borlabs-cookie\/1\/yt_D6GYhxEEnKM_hqdefault.jpg')\"><\/div> <div class=\"brlbs-cmpnt-cb-main\"> <div class=\"brlbs-cmpnt-cb-play-button\"><\/div> <div class=\"brlbs-cmpnt-cb-content\"> <p class=\"brlbs-cmpnt-cb-description\">Sie sehen gerade einen Platzhalterinhalt von <strong>YouTube<\/strong>. Um auf den eigentlichen Inhalt zuzugreifen, klicken Sie auf die Schaltfl\u00e4che unten. Bitte beachten Sie, dass dabei Daten an Drittanbieter weitergegeben werden.<\/p> <a class=\"brlbs-cmpnt-cb-provider-toggle\" href=\"#\" data-borlabs-cookie-show-provider-information role=\"button\">Mehr Informationen<\/a> <\/div> <div class=\"brlbs-cmpnt-cb-buttons\"> <a class=\"brlbs-cmpnt-cb-btn\" href=\"#\" data-borlabs-cookie-unblock role=\"button\">Inhalt entsperren<\/a> <a class=\"brlbs-cmpnt-cb-btn\" href=\"#\" data-borlabs-cookie-accept-service role=\"button\" style=\"display: inherit\">Erforderlichen Service akzeptieren und Inhalte entsperren<\/a> <\/div> <\/div> <\/div><\/div><\/figure>\n\n\n\n<p>Hinter der Stra\u00dfe geht das Gel\u00e4nde in ein h\u00fcgeliges Vorland des Tian Shan Gebirges \u00fcber. Auf einem dieser H\u00fcgel sitzt die Figur eines Manastschi.<\/p>\n\n\n\n<div class=\"wp-block-image\"><figure class=\"aligncenter\"><img loading=\"lazy\" decoding=\"async\" width=\"600\" height=\"400\" src=\"https:\/\/blog.myvideomedia.com\/wp-content\/uploads\/2018\/05\/Ethno-Village-Manaschi_DSC2990m-c-600x400.jpg\" alt=\"Ethno-Dorf und Manastschi \" class=\"wp-image-19084\" srcset=\"https:\/\/blog.myvideomedia.com\/wp-content\/uploads\/2018\/05\/Ethno-Village-Manaschi_DSC2990m-c-600x400.jpg 600w, https:\/\/blog.myvideomedia.com\/wp-content\/uploads\/2018\/05\/Ethno-Village-Manaschi_DSC2990m-c-768x512.jpg 768w, https:\/\/blog.myvideomedia.com\/wp-content\/uploads\/2018\/05\/Ethno-Village-Manaschi_DSC2990m-c-1260x841.jpg 1260w, https:\/\/blog.myvideomedia.com\/wp-content\/uploads\/2018\/05\/Ethno-Village-Manaschi_DSC2990m-c.jpg 1280w\" sizes=\"auto, (max-width: 600px) 100vw, 600px\" \/><\/figure><\/div>\n\n\n\n<h2 class=\"wp-block-heading\"><span class=\"ez-toc-section\" id=\"Manastschi\"><\/span>Manastschi<span class=\"ez-toc-section-end\"><\/span><\/h2>\n\n\n\n<p>Manastschis sind jene Menschen, die \u00fcber Jahrhunderte m\u00fcndlich das Manas Epos \u00fcbermittelt haben.<\/p>\n\n\n\n<div class=\"wp-block-image\"><figure class=\"aligncenter\"><img loading=\"lazy\" decoding=\"async\" width=\"600\" height=\"338\" src=\"https:\/\/blog.myvideomedia.com\/wp-content\/uploads\/2018\/05\/Ethno-Village-Manaschi-Kyrgyzstan_154m-c-600x338.jpg\" alt=\"Ethno-Dorf und Manastschi \" class=\"wp-image-19082\" srcset=\"https:\/\/blog.myvideomedia.com\/wp-content\/uploads\/2018\/05\/Ethno-Village-Manaschi-Kyrgyzstan_154m-c-600x338.jpg 600w, https:\/\/blog.myvideomedia.com\/wp-content\/uploads\/2018\/05\/Ethno-Village-Manaschi-Kyrgyzstan_154m-c-768x432.jpg 768w, https:\/\/blog.myvideomedia.com\/wp-content\/uploads\/2018\/05\/Ethno-Village-Manaschi-Kyrgyzstan_154m-c-1260x709.jpg 1260w, https:\/\/blog.myvideomedia.com\/wp-content\/uploads\/2018\/05\/Ethno-Village-Manaschi-Kyrgyzstan_154m-c.jpg 1280w\" sizes=\"auto, (max-width: 600px) 100vw, 600px\" \/><\/figure><\/div>\n\n\n\n<p>Das Manas Epos ist ist das wichtigste Werk der klassischen kirgisischen Literatur. Es handelt vom Kampf des mythischen Volkshelden Manas gegen die Uiguren. Es umfasst 500.000 Verse. Erst 1885 wurde eine erste Version schriftlich niedergelegt. Heute existieren rund 65 verschiedene Versionen des Werks. Manas soll in der Stadt Talas geboren und beerdigt worden sein. Das Mausoleum wurde vermutlich 1334 errichtet.<\/p>\n\n\n\n<p>Das Manas Epos wurde 2013 in die Repr\u00e4sentative Liste des Immateriellen Kulturerbes der Menschheit der UNESCO aufgenommen.<\/p>\n\n\n\n<div class=\"content-box-blue\">\n<p>Sie planen eine Reise an das S\u00fcdufer des Yssykk\u00f6l?<\/p>\n<p>Bei&nbsp;<a href=\"https:\/\/southshorekg.com\/\" target=\"_blank\" rel=\"noopener noreferrer\">Destination South Shore<\/a>&nbsp;finden Sie alle Informationen zu Aktivit\u00e4ten, Touren und \u00dcbernachtungsm\u00f6glichkeiten<\/p>\n<\/div>\n\n\n\n<p>Bitte lesen Sie weiter&gt; <a href=\"https:\/\/blog.myvideomedia.com\/de\/gebrochenes-herz-und-sieben-bullen\/\">Gebrochenes Herz und Sieben Bullen<\/a><\/p>\n\n\n\n<h3 class=\"has-text-align-center wp-block-heading\"><span class=\"ez-toc-section\" id=\"Pin_it_%E2%80%93_fuer_spaeter_merken\"><\/span>Pin it &#8211; f\u00fcr sp\u00e4ter merken<span class=\"ez-toc-section-end\"><\/span><\/h3>\n\n\n\n<div class=\"wp-block-image\"><figure class=\"aligncenter\"><img loading=\"lazy\" decoding=\"async\" width=\"400\" height=\"600\" src=\"https:\/\/blog.myvideomedia.com\/wp-content\/uploads\/2018\/05\/Ethno-dorf-und-Manastschi-c-400x600.jpg\" alt=\"Ethno-Dorf und Manastschi \" class=\"wp-image-19092\" srcset=\"https:\/\/blog.myvideomedia.com\/wp-content\/uploads\/2018\/05\/Ethno-dorf-und-Manastschi-c-400x600.jpg 400w, https:\/\/blog.myvideomedia.com\/wp-content\/uploads\/2018\/05\/Ethno-dorf-und-Manastschi-c.jpg 600w\" sizes=\"auto, (max-width: 400px) 100vw, 400px\" \/><\/figure><\/div>\n\n\n\n<p><em>Hinweis: Unsere Reise wurde in Zusammenarbeit mit <a href=\"http:\/\/www.discoverkyrgyzstan.org\/\" target=\"_blank\" rel=\"noopener nofollow noreferrer\">Discover Kyrgyzstan<\/a> organisiert und durch die Unterst\u00fctzung der United States Agency for International Development (USAID) erm\u00f6glicht. Alle Meinungen sind unsere eigenen.<\/em><\/p>\n\n\n\n<p>Text, Fotos und Video: Copyright \u00a9 <a href=\"https:\/\/www.myvideomedia.com\/de\" target=\"_blank\" rel=\"noopener noreferrer\">myVideoMedia<\/a><\/p>\n","protected":false},"excerpt":{"rendered":"<p>Zwischen dem Ufer des Yssykk\u00f6l und der Stra\u00dfe nach Karakol liegt ein eingez\u00e4untes Gel\u00e4nde. Der Verwendungszweck ist auf den ersten Blick nicht zu erkennen. Ethno-Dorf am Yssykk\u00f6l Oft werden die Bauwerke f\u00fcr \u00dcberreste aus der Sowjetzeit gehalten, dem ist aber nicht so. Es sind die \u00dcberreste eines geplanten Ethno-Dorfes, das um die Jahrtausendwende geplant wurde. [&hellip;]<\/p>\n","protected":false},"author":1,"featured_media":19080,"comment_status":"open","ping_status":"closed","sticky":false,"template":"","format":"standard","meta":{"_genesis_hide_title":false,"_genesis_hide_breadcrumbs":false,"_genesis_hide_singular_image":false,"_genesis_hide_footer_widgets":false,"_genesis_custom_body_class":"","_genesis_custom_post_class":"","_genesis_layout":"","footnotes":""},"categories":[488,878],"tags":[692,880],"class_list":{"0":"post-19091","1":"post","2":"type-post","3":"status-publish","4":"format-standard","5":"has-post-thumbnail","7":"category-asien","8":"category-kirgisistan","9":"tag-autofahrt","10":"tag-seidenstrasse","11":"entry"},"yoast_head":"<!-- This site is optimized with the Yoast SEO plugin v27.4 - https:\/\/yoast.com\/product\/yoast-seo-wordpress\/ -->\n<title>Ethno-Dorf und Manastschi - Kirgisistan -Reise Video Blog<\/title>\n<meta name=\"description\" content=\"Zwischen dem Ufer von Issyk-Kul und der Stra\u00dfe nach Karakol sto\u00dfen wir auf ein Ethno-Dorf und eine Manastschi Statue auf einem H\u00fcgel. Lesen Sie mehr und sehen Sie sich das 4K-UHD-Video inklusive Drohnenflug an\" \/>\n<meta name=\"robots\" content=\"index, follow, max-snippet:-1, max-image-preview:large, max-video-preview:-1\" \/>\n<link rel=\"canonical\" href=\"https:\/\/blog.myvideomedia.com\/de\/ethno-dorf-und-manastschi\/\" \/>\n<meta property=\"og:locale\" content=\"de_DE\" \/>\n<meta property=\"og:type\" content=\"article\" \/>\n<meta property=\"og:title\" content=\"Ethno-Dorf und Manastschi - Kirgisistan -Reise Video Blog\" \/>\n<meta property=\"og:description\" content=\"Zwischen dem Ufer von Issyk-Kul und der Stra\u00dfe nach Karakol sto\u00dfen wir auf ein Ethno-Dorf und eine Manastschi Statue auf einem H\u00fcgel. Lesen Sie mehr und sehen Sie sich das 4K-UHD-Video inklusive Drohnenflug an\" \/>\n<meta property=\"og:url\" content=\"https:\/\/blog.myvideomedia.com\/de\/ethno-dorf-und-manastschi\/\" \/>\n<meta property=\"og:site_name\" content=\"Reise Video Blog\" \/>\n<meta property=\"article:publisher\" content=\"https:\/\/www.facebook.com\/ursula.streit.520\" \/>\n<meta property=\"article:author\" content=\"https:\/\/www.facebook.com\/ursula.streit.520\" \/>\n<meta property=\"article:published_time\" content=\"2018-05-29T07:36:28+00:00\" \/>\n<meta property=\"article:modified_time\" content=\"2020-09-08T11:44:19+00:00\" \/>\n<meta property=\"og:image\" content=\"https:\/\/blog.myvideomedia.com\/wp-content\/uploads\/2018\/05\/Ethno-Village-Manaschi-Kyrgyzstan_150-c.jpg\" \/>\n\t<meta property=\"og:image:width\" content=\"1280\" \/>\n\t<meta property=\"og:image:height\" content=\"720\" \/>\n\t<meta property=\"og:image:type\" content=\"image\/jpeg\" \/>\n<meta name=\"author\" content=\"myVideoMedia\" \/>\n<meta name=\"twitter:card\" content=\"summary_large_image\" \/>\n<meta name=\"twitter:creator\" content=\"@myvideomedia\" \/>\n<meta name=\"twitter:site\" content=\"@myvideomedia\" \/>\n<meta name=\"twitter:label1\" content=\"Verfasst von\" \/>\n\t<meta name=\"twitter:data1\" content=\"myVideoMedia\" \/>\n\t<meta name=\"twitter:label2\" content=\"Gesch\u00e4tzte Lesezeit\" \/>\n\t<meta name=\"twitter:data2\" content=\"1\u00a0Minute\" \/>\n<script type=\"application\/ld+json\" class=\"yoast-schema-graph\">{\"@context\":\"https:\\\/\\\/schema.org\",\"@graph\":[{\"@type\":\"Article\",\"@id\":\"https:\\\/\\\/blog.myvideomedia.com\\\/de\\\/ethno-dorf-und-manastschi\\\/#article\",\"isPartOf\":{\"@id\":\"https:\\\/\\\/blog.myvideomedia.com\\\/de\\\/ethno-dorf-und-manastschi\\\/\"},\"author\":{\"name\":\"myVideoMedia\",\"@id\":\"https:\\\/\\\/blog.myvideomedia.com\\\/de\\\/#\\\/schema\\\/person\\\/87be8fbbed69b1562242448c1c3dcbec\"},\"headline\":\"Ethno-Dorf und Manastschi\",\"datePublished\":\"2018-05-29T07:36:28+00:00\",\"dateModified\":\"2020-09-08T11:44:19+00:00\",\"mainEntityOfPage\":{\"@id\":\"https:\\\/\\\/blog.myvideomedia.com\\\/de\\\/ethno-dorf-und-manastschi\\\/\"},\"wordCount\":298,\"commentCount\":0,\"publisher\":{\"@id\":\"https:\\\/\\\/blog.myvideomedia.com\\\/de\\\/#\\\/schema\\\/person\\\/87be8fbbed69b1562242448c1c3dcbec\"},\"image\":{\"@id\":\"https:\\\/\\\/blog.myvideomedia.com\\\/de\\\/ethno-dorf-und-manastschi\\\/#primaryimage\"},\"thumbnailUrl\":\"https:\\\/\\\/blog.myvideomedia.com\\\/wp-content\\\/uploads\\\/2018\\\/05\\\/Ethno-Village-Manaschi-Kyrgyzstan_150-c.jpg\",\"keywords\":[\"mit dem Auto\",\"Seidenstra\u00dfe\"],\"articleSection\":[\"Asien\",\"Kirgisistan\"],\"inLanguage\":\"de\",\"potentialAction\":[{\"@type\":\"CommentAction\",\"name\":\"Comment\",\"target\":[\"https:\\\/\\\/blog.myvideomedia.com\\\/de\\\/ethno-dorf-und-manastschi\\\/#respond\"]}]},{\"@type\":\"WebPage\",\"@id\":\"https:\\\/\\\/blog.myvideomedia.com\\\/de\\\/ethno-dorf-und-manastschi\\\/\",\"url\":\"https:\\\/\\\/blog.myvideomedia.com\\\/de\\\/ethno-dorf-und-manastschi\\\/\",\"name\":\"Ethno-Dorf und Manastschi - Kirgisistan -Reise Video Blog\",\"isPartOf\":{\"@id\":\"https:\\\/\\\/blog.myvideomedia.com\\\/de\\\/#website\"},\"primaryImageOfPage\":{\"@id\":\"https:\\\/\\\/blog.myvideomedia.com\\\/de\\\/ethno-dorf-und-manastschi\\\/#primaryimage\"},\"image\":{\"@id\":\"https:\\\/\\\/blog.myvideomedia.com\\\/de\\\/ethno-dorf-und-manastschi\\\/#primaryimage\"},\"thumbnailUrl\":\"https:\\\/\\\/blog.myvideomedia.com\\\/wp-content\\\/uploads\\\/2018\\\/05\\\/Ethno-Village-Manaschi-Kyrgyzstan_150-c.jpg\",\"datePublished\":\"2018-05-29T07:36:28+00:00\",\"dateModified\":\"2020-09-08T11:44:19+00:00\",\"description\":\"Zwischen dem Ufer von Issyk-Kul und der Stra\u00dfe nach Karakol sto\u00dfen wir auf ein Ethno-Dorf und eine Manastschi Statue auf einem H\u00fcgel. Lesen Sie mehr und sehen Sie sich das 4K-UHD-Video inklusive Drohnenflug an\",\"breadcrumb\":{\"@id\":\"https:\\\/\\\/blog.myvideomedia.com\\\/de\\\/ethno-dorf-und-manastschi\\\/#breadcrumb\"},\"inLanguage\":\"de\",\"potentialAction\":[{\"@type\":\"ReadAction\",\"target\":[\"https:\\\/\\\/blog.myvideomedia.com\\\/de\\\/ethno-dorf-und-manastschi\\\/\"]}]},{\"@type\":\"ImageObject\",\"inLanguage\":\"de\",\"@id\":\"https:\\\/\\\/blog.myvideomedia.com\\\/de\\\/ethno-dorf-und-manastschi\\\/#primaryimage\",\"url\":\"https:\\\/\\\/blog.myvideomedia.com\\\/wp-content\\\/uploads\\\/2018\\\/05\\\/Ethno-Village-Manaschi-Kyrgyzstan_150-c.jpg\",\"contentUrl\":\"https:\\\/\\\/blog.myvideomedia.com\\\/wp-content\\\/uploads\\\/2018\\\/05\\\/Ethno-Village-Manaschi-Kyrgyzstan_150-c.jpg\",\"width\":1280,\"height\":720,\"caption\":\"Ethno-Dorf und Manastschi\"},{\"@type\":\"BreadcrumbList\",\"@id\":\"https:\\\/\\\/blog.myvideomedia.com\\\/de\\\/ethno-dorf-und-manastschi\\\/#breadcrumb\",\"itemListElement\":[{\"@type\":\"ListItem\",\"position\":1,\"name\":\"Home\",\"item\":\"https:\\\/\\\/blog.myvideomedia.com\\\/de\\\/\"},{\"@type\":\"ListItem\",\"position\":2,\"name\":\"Ethno-Dorf und Manastschi\"}]},{\"@type\":\"WebSite\",\"@id\":\"https:\\\/\\\/blog.myvideomedia.com\\\/de\\\/#website\",\"url\":\"https:\\\/\\\/blog.myvideomedia.com\\\/de\\\/\",\"name\":\"Travel Video Blog\",\"description\":\"myVideoMedia Reisetipps und Reisevideos\",\"publisher\":{\"@id\":\"https:\\\/\\\/blog.myvideomedia.com\\\/de\\\/#\\\/schema\\\/person\\\/87be8fbbed69b1562242448c1c3dcbec\"},\"potentialAction\":[{\"@type\":\"SearchAction\",\"target\":{\"@type\":\"EntryPoint\",\"urlTemplate\":\"https:\\\/\\\/blog.myvideomedia.com\\\/de\\\/?s={search_term_string}\"},\"query-input\":{\"@type\":\"PropertyValueSpecification\",\"valueRequired\":true,\"valueName\":\"search_term_string\"}}],\"inLanguage\":\"de\"},{\"@type\":[\"Person\",\"Organization\"],\"@id\":\"https:\\\/\\\/blog.myvideomedia.com\\\/de\\\/#\\\/schema\\\/person\\\/87be8fbbed69b1562242448c1c3dcbec\",\"name\":\"myVideoMedia\",\"image\":{\"@type\":\"ImageObject\",\"inLanguage\":\"de\",\"@id\":\"https:\\\/\\\/secure.gravatar.com\\\/avatar\\\/460720160715ef8975b781abd1b6985e55ce2f01567bb6757bebd73e7cf74c97?s=96&d=mm&r=g\",\"url\":\"https:\\\/\\\/secure.gravatar.com\\\/avatar\\\/460720160715ef8975b781abd1b6985e55ce2f01567bb6757bebd73e7cf74c97?s=96&d=mm&r=g\",\"contentUrl\":\"https:\\\/\\\/secure.gravatar.com\\\/avatar\\\/460720160715ef8975b781abd1b6985e55ce2f01567bb6757bebd73e7cf74c97?s=96&d=mm&r=g\",\"caption\":\"myVideoMedia\"},\"logo\":{\"@id\":\"https:\\\/\\\/secure.gravatar.com\\\/avatar\\\/460720160715ef8975b781abd1b6985e55ce2f01567bb6757bebd73e7cf74c97?s=96&d=mm&r=g\"},\"description\":\"\\\"The World is a book, and those who do not travel read only a page\\\" - Aurelius Augustinus (354 - 430 AD) Travel is our passion. With our posts and videos we like to inspire people who are planning or preparing for holidays as well as people who simply want to escape from everyday life and dream of faraway countries.\",\"sameAs\":[\"https:\\\/\\\/www.myvideomedia.com\",\"https:\\\/\\\/www.facebook.com\\\/ursula.streit.520\"],\"url\":\"https:\\\/\\\/blog.myvideomedia.com\\\/de\\\/author\\\/traveladm\\\/\"}]}<\/script>\n<!-- \/ Yoast SEO plugin. -->","yoast_head_json":{"title":"Ethno-Dorf und Manastschi - Kirgisistan -Reise Video Blog","description":"Zwischen dem Ufer von Issyk-Kul und der Stra\u00dfe nach Karakol sto\u00dfen wir auf ein Ethno-Dorf und eine Manastschi Statue auf einem H\u00fcgel. Lesen Sie mehr und sehen Sie sich das 4K-UHD-Video inklusive Drohnenflug an","robots":{"index":"index","follow":"follow","max-snippet":"max-snippet:-1","max-image-preview":"max-image-preview:large","max-video-preview":"max-video-preview:-1"},"canonical":"https:\/\/blog.myvideomedia.com\/de\/ethno-dorf-und-manastschi\/","og_locale":"de_DE","og_type":"article","og_title":"Ethno-Dorf und Manastschi - Kirgisistan -Reise Video Blog","og_description":"Zwischen dem Ufer von Issyk-Kul und der Stra\u00dfe nach Karakol sto\u00dfen wir auf ein Ethno-Dorf und eine Manastschi Statue auf einem H\u00fcgel. Lesen Sie mehr und sehen Sie sich das 4K-UHD-Video inklusive Drohnenflug an","og_url":"https:\/\/blog.myvideomedia.com\/de\/ethno-dorf-und-manastschi\/","og_site_name":"Reise Video Blog","article_publisher":"https:\/\/www.facebook.com\/ursula.streit.520","article_author":"https:\/\/www.facebook.com\/ursula.streit.520","article_published_time":"2018-05-29T07:36:28+00:00","article_modified_time":"2020-09-08T11:44:19+00:00","og_image":[{"width":1280,"height":720,"url":"https:\/\/blog.myvideomedia.com\/wp-content\/uploads\/2018\/05\/Ethno-Village-Manaschi-Kyrgyzstan_150-c.jpg","type":"image\/jpeg"}],"author":"myVideoMedia","twitter_card":"summary_large_image","twitter_creator":"@myvideomedia","twitter_site":"@myvideomedia","twitter_misc":{"Verfasst von":"myVideoMedia","Gesch\u00e4tzte Lesezeit":"1\u00a0Minute"},"schema":{"@context":"https:\/\/schema.org","@graph":[{"@type":"Article","@id":"https:\/\/blog.myvideomedia.com\/de\/ethno-dorf-und-manastschi\/#article","isPartOf":{"@id":"https:\/\/blog.myvideomedia.com\/de\/ethno-dorf-und-manastschi\/"},"author":{"name":"myVideoMedia","@id":"https:\/\/blog.myvideomedia.com\/de\/#\/schema\/person\/87be8fbbed69b1562242448c1c3dcbec"},"headline":"Ethno-Dorf und Manastschi","datePublished":"2018-05-29T07:36:28+00:00","dateModified":"2020-09-08T11:44:19+00:00","mainEntityOfPage":{"@id":"https:\/\/blog.myvideomedia.com\/de\/ethno-dorf-und-manastschi\/"},"wordCount":298,"commentCount":0,"publisher":{"@id":"https:\/\/blog.myvideomedia.com\/de\/#\/schema\/person\/87be8fbbed69b1562242448c1c3dcbec"},"image":{"@id":"https:\/\/blog.myvideomedia.com\/de\/ethno-dorf-und-manastschi\/#primaryimage"},"thumbnailUrl":"https:\/\/blog.myvideomedia.com\/wp-content\/uploads\/2018\/05\/Ethno-Village-Manaschi-Kyrgyzstan_150-c.jpg","keywords":["mit dem Auto","Seidenstra\u00dfe"],"articleSection":["Asien","Kirgisistan"],"inLanguage":"de","potentialAction":[{"@type":"CommentAction","name":"Comment","target":["https:\/\/blog.myvideomedia.com\/de\/ethno-dorf-und-manastschi\/#respond"]}]},{"@type":"WebPage","@id":"https:\/\/blog.myvideomedia.com\/de\/ethno-dorf-und-manastschi\/","url":"https:\/\/blog.myvideomedia.com\/de\/ethno-dorf-und-manastschi\/","name":"Ethno-Dorf und Manastschi - Kirgisistan -Reise Video Blog","isPartOf":{"@id":"https:\/\/blog.myvideomedia.com\/de\/#website"},"primaryImageOfPage":{"@id":"https:\/\/blog.myvideomedia.com\/de\/ethno-dorf-und-manastschi\/#primaryimage"},"image":{"@id":"https:\/\/blog.myvideomedia.com\/de\/ethno-dorf-und-manastschi\/#primaryimage"},"thumbnailUrl":"https:\/\/blog.myvideomedia.com\/wp-content\/uploads\/2018\/05\/Ethno-Village-Manaschi-Kyrgyzstan_150-c.jpg","datePublished":"2018-05-29T07:36:28+00:00","dateModified":"2020-09-08T11:44:19+00:00","description":"Zwischen dem Ufer von Issyk-Kul und der Stra\u00dfe nach Karakol sto\u00dfen wir auf ein Ethno-Dorf und eine Manastschi Statue auf einem H\u00fcgel. Lesen Sie mehr und sehen Sie sich das 4K-UHD-Video inklusive Drohnenflug an","breadcrumb":{"@id":"https:\/\/blog.myvideomedia.com\/de\/ethno-dorf-und-manastschi\/#breadcrumb"},"inLanguage":"de","potentialAction":[{"@type":"ReadAction","target":["https:\/\/blog.myvideomedia.com\/de\/ethno-dorf-und-manastschi\/"]}]},{"@type":"ImageObject","inLanguage":"de","@id":"https:\/\/blog.myvideomedia.com\/de\/ethno-dorf-und-manastschi\/#primaryimage","url":"https:\/\/blog.myvideomedia.com\/wp-content\/uploads\/2018\/05\/Ethno-Village-Manaschi-Kyrgyzstan_150-c.jpg","contentUrl":"https:\/\/blog.myvideomedia.com\/wp-content\/uploads\/2018\/05\/Ethno-Village-Manaschi-Kyrgyzstan_150-c.jpg","width":1280,"height":720,"caption":"Ethno-Dorf und Manastschi"},{"@type":"BreadcrumbList","@id":"https:\/\/blog.myvideomedia.com\/de\/ethno-dorf-und-manastschi\/#breadcrumb","itemListElement":[{"@type":"ListItem","position":1,"name":"Home","item":"https:\/\/blog.myvideomedia.com\/de\/"},{"@type":"ListItem","position":2,"name":"Ethno-Dorf und Manastschi"}]},{"@type":"WebSite","@id":"https:\/\/blog.myvideomedia.com\/de\/#website","url":"https:\/\/blog.myvideomedia.com\/de\/","name":"Travel Video Blog","description":"myVideoMedia Reisetipps und Reisevideos","publisher":{"@id":"https:\/\/blog.myvideomedia.com\/de\/#\/schema\/person\/87be8fbbed69b1562242448c1c3dcbec"},"potentialAction":[{"@type":"SearchAction","target":{"@type":"EntryPoint","urlTemplate":"https:\/\/blog.myvideomedia.com\/de\/?s={search_term_string}"},"query-input":{"@type":"PropertyValueSpecification","valueRequired":true,"valueName":"search_term_string"}}],"inLanguage":"de"},{"@type":["Person","Organization"],"@id":"https:\/\/blog.myvideomedia.com\/de\/#\/schema\/person\/87be8fbbed69b1562242448c1c3dcbec","name":"myVideoMedia","image":{"@type":"ImageObject","inLanguage":"de","@id":"https:\/\/secure.gravatar.com\/avatar\/460720160715ef8975b781abd1b6985e55ce2f01567bb6757bebd73e7cf74c97?s=96&d=mm&r=g","url":"https:\/\/secure.gravatar.com\/avatar\/460720160715ef8975b781abd1b6985e55ce2f01567bb6757bebd73e7cf74c97?s=96&d=mm&r=g","contentUrl":"https:\/\/secure.gravatar.com\/avatar\/460720160715ef8975b781abd1b6985e55ce2f01567bb6757bebd73e7cf74c97?s=96&d=mm&r=g","caption":"myVideoMedia"},"logo":{"@id":"https:\/\/secure.gravatar.com\/avatar\/460720160715ef8975b781abd1b6985e55ce2f01567bb6757bebd73e7cf74c97?s=96&d=mm&r=g"},"description":"\"The World is a book, and those who do not travel read only a page\" - Aurelius Augustinus (354 - 430 AD) Travel is our passion. With our posts and videos we like to inspire people who are planning or preparing for holidays as well as people who simply want to escape from everyday life and dream of faraway countries.","sameAs":["https:\/\/www.myvideomedia.com","https:\/\/www.facebook.com\/ursula.streit.520"],"url":"https:\/\/blog.myvideomedia.com\/de\/author\/traveladm\/"}]}},"featured_image_src":"https:\/\/blog.myvideomedia.com\/wp-content\/uploads\/2018\/05\/Ethno-Village-Manaschi-Kyrgyzstan_150-c.jpg","featured_image_src_square":"https:\/\/blog.myvideomedia.com\/wp-content\/uploads\/2018\/05\/Ethno-Village-Manaschi-Kyrgyzstan_150-c.jpg","author_info":{"display_name":"myVideoMedia","author_link":"https:\/\/blog.myvideomedia.com\/de\/author\/traveladm\/"},"_links":{"self":[{"href":"https:\/\/blog.myvideomedia.com\/de\/wp-json\/wp\/v2\/posts\/19091","targetHints":{"allow":["GET"]}}],"collection":[{"href":"https:\/\/blog.myvideomedia.com\/de\/wp-json\/wp\/v2\/posts"}],"about":[{"href":"https:\/\/blog.myvideomedia.com\/de\/wp-json\/wp\/v2\/types\/post"}],"author":[{"embeddable":true,"href":"https:\/\/blog.myvideomedia.com\/de\/wp-json\/wp\/v2\/users\/1"}],"replies":[{"embeddable":true,"href":"https:\/\/blog.myvideomedia.com\/de\/wp-json\/wp\/v2\/comments?post=19091"}],"version-history":[{"count":0,"href":"https:\/\/blog.myvideomedia.com\/de\/wp-json\/wp\/v2\/posts\/19091\/revisions"}],"wp:featuredmedia":[{"embeddable":true,"href":"https:\/\/blog.myvideomedia.com\/de\/wp-json\/wp\/v2\/media\/19080"}],"wp:attachment":[{"href":"https:\/\/blog.myvideomedia.com\/de\/wp-json\/wp\/v2\/media?parent=19091"}],"wp:term":[{"taxonomy":"category","embeddable":true,"href":"https:\/\/blog.myvideomedia.com\/de\/wp-json\/wp\/v2\/categories?post=19091"},{"taxonomy":"post_tag","embeddable":true,"href":"https:\/\/blog.myvideomedia.com\/de\/wp-json\/wp\/v2\/tags?post=19091"}],"curies":[{"name":"wp","href":"https:\/\/api.w.org\/{rel}","templated":true}]}}