{"id":19730,"date":"2018-07-21T10:06:56","date_gmt":"2018-07-21T09:06:56","guid":{"rendered":"https:\/\/blog.myvideomedia.com\/?p=19730"},"modified":"2020-09-08T12:32:43","modified_gmt":"2020-09-08T11:32:43","slug":"karakol-aus-der-vogelperspektive","status":"publish","type":"post","link":"https:\/\/blog.myvideomedia.com\/de\/karakol-aus-der-vogelperspektive\/","title":{"rendered":"Karakol aus der Vogelperspektive"},"content":{"rendered":"\n<p>Karakol liegt zwischen dem \u00f6stlichen Ende des gr\u00f6\u00dften Sees Kirgistans, dem Yssykk\u00f6l und dem Tian Shan Gebirge.<\/p>\n\n\n\n<div class=\"wp-block-image\"><figure class=\"aligncenter\"><img loading=\"lazy\" decoding=\"async\" width=\"600\" height=\"338\" src=\"https:\/\/blog.myvideomedia.com\/wp-content\/uploads\/2018\/07\/Birds-Eye-view-Karakol-Kyrgyzstan_167-c-600x338.jpg\" alt=\"Karakol aus der Vogelperspektive\" class=\"wp-image-19719\" srcset=\"https:\/\/blog.myvideomedia.com\/wp-content\/uploads\/2018\/07\/Birds-Eye-view-Karakol-Kyrgyzstan_167-c-600x338.jpg 600w, https:\/\/blog.myvideomedia.com\/wp-content\/uploads\/2018\/07\/Birds-Eye-view-Karakol-Kyrgyzstan_167-c-768x432.jpg 768w, https:\/\/blog.myvideomedia.com\/wp-content\/uploads\/2018\/07\/Birds-Eye-view-Karakol-Kyrgyzstan_167-c-1260x709.jpg 1260w, https:\/\/blog.myvideomedia.com\/wp-content\/uploads\/2018\/07\/Birds-Eye-view-Karakol-Kyrgyzstan_167-c.jpg 1280w\" sizes=\"auto, (max-width: 600px) 100vw, 600px\" \/><\/figure><\/div>\n\n\n\n<p>Die Stadt wurde 1860 als vorgeschobene russische Milit\u00e4rbasis gegr\u00fcndet. Sie entwickelte sich aber erst, als Forschungsreisende die Region zwischen China und Kirgisistan begannen zu erforschen.<\/p>\n\n\n\n<p>1888 starb hier der russische Milit\u00e4r und Geograph Prschewalski, w\u00e4hrend der Vorbereitungen einer Reise nach Tibet, an Typhus. Sein Grab und ein Museum liegen heute in einem nahegelegenen Gedenkpark.<\/p>\n\n\n\n<h3 class=\"wp-block-heading\"><a rel=\"noopener nofollow noreferrer\" href=\"https:\/\/youtu.be\/MhmGT_lenTE\" target=\"_blank\">Hier sehen Sie das 4K UHD Video<\/a><\/h3>\n\n\n\n<figure> <div class=\"brlbs-cmpnt-container brlbs-cmpnt-content-blocker brlbs-cmpnt-with-individual-styles\" data-borlabs-cookie-content-blocker-id=\"youtube-content-blocker\" data-borlabs-cookie-content=\"PGlmcmFtZSBzcmM9Imh0dHBzOi8vd3d3LnlvdXR1YmUtbm9jb29raWUuY29tL2VtYmVkL01obUdUX2xlblRFIiB3aWR0aD0iNjAwIiBoZWlnaHQ9IjMzOCI+PC9pZnJhbWU+\"><div class=\"brlbs-cmpnt-cb-preset-c brlbs-cmpnt-cb-youtube\"> <div class=\"brlbs-cmpnt-cb-thumbnail\" style=\"background-image: url('https:\/\/blog.myvideomedia.com\/wp-content\/uploads\/borlabs-cookie\/1\/yt_MhmGT_lenTE_hqdefault.jpg')\"><\/div> <div class=\"brlbs-cmpnt-cb-main\"> <div class=\"brlbs-cmpnt-cb-play-button\"><\/div> <div class=\"brlbs-cmpnt-cb-content\"> <p class=\"brlbs-cmpnt-cb-description\">Sie sehen gerade einen Platzhalterinhalt von <strong>YouTube<\/strong>. Um auf den eigentlichen Inhalt zuzugreifen, klicken Sie auf die Schaltfl\u00e4che unten. Bitte beachten Sie, dass dabei Daten an Drittanbieter weitergegeben werden.<\/p> <a class=\"brlbs-cmpnt-cb-provider-toggle\" href=\"#\" data-borlabs-cookie-show-provider-information role=\"button\">Mehr Informationen<\/a> <\/div> <div class=\"brlbs-cmpnt-cb-buttons\"> <a class=\"brlbs-cmpnt-cb-btn\" href=\"#\" data-borlabs-cookie-unblock role=\"button\">Inhalt entsperren<\/a> <a class=\"brlbs-cmpnt-cb-btn\" href=\"#\" data-borlabs-cookie-accept-service role=\"button\" style=\"display: inherit\">Erforderlichen Service akzeptieren und Inhalte entsperren<\/a> <\/div> <\/div> <\/div><\/div><\/figure>\n\n\n\n<p>Die wichtigsten Sehensw\u00fcrdigkeiten in der Stadt ist eine Dunganen Moschee von 1910 und eine h\u00f6lzerne orthodoxe Kirche von 1895.<\/p>\n\n\n\n<p>Als wir etwas freie Zeit haben unternehmen wir eine kleinen Rundflug mit der Drohne. Wir starten auf dem gro\u00dfen Platz vor dem Geb\u00e4ude Nr. 1, in dem die Stadtverwaltung und ein Kickboxer Club untergebracht sind. Westlich davon befindet sich das Stadttheater und \u00f6stlich ein Lenin Denkmal.<\/p>\n\n\n\n<div class=\"wp-block-image\"><figure class=\"aligncenter\"><img loading=\"lazy\" decoding=\"async\" width=\"600\" height=\"338\" src=\"https:\/\/blog.myvideomedia.com\/wp-content\/uploads\/2018\/07\/Lenin-Kyrgyzstan_175-c-600x338.jpg\" alt=\"Lenin Karakol\" class=\"wp-image-19727\" srcset=\"https:\/\/blog.myvideomedia.com\/wp-content\/uploads\/2018\/07\/Lenin-Kyrgyzstan_175-c-600x338.jpg 600w, https:\/\/blog.myvideomedia.com\/wp-content\/uploads\/2018\/07\/Lenin-Kyrgyzstan_175-c-768x432.jpg 768w, https:\/\/blog.myvideomedia.com\/wp-content\/uploads\/2018\/07\/Lenin-Kyrgyzstan_175-c-1260x709.jpg 1260w, https:\/\/blog.myvideomedia.com\/wp-content\/uploads\/2018\/07\/Lenin-Kyrgyzstan_175-c.jpg 1280w\" sizes=\"auto, (max-width: 600px) 100vw, 600px\" \/><\/figure><\/div>\n\n\n\n<p>Mittels der Drohne ist in Richtung Norden das Kungej-Alatau Gebirge. Es liegt jenseits den Yssykk\u00f6l und erhebt sich bis auf 4771 m. Im S\u00fcden kann man das Tian Shan Gebirge sehen.<\/p>\n\n\n\n<div class=\"wp-block-image\"><figure class=\"aligncenter\"><img loading=\"lazy\" decoding=\"async\" width=\"600\" height=\"338\" src=\"https:\/\/blog.myvideomedia.com\/wp-content\/uploads\/2018\/07\/Birds-Eye-view-Karakol-Kyrgyzstan_173-c-600x338.jpg\" alt=\"Karakol aus der Vogelperspektive\" class=\"wp-image-19725\" srcset=\"https:\/\/blog.myvideomedia.com\/wp-content\/uploads\/2018\/07\/Birds-Eye-view-Karakol-Kyrgyzstan_173-c-600x338.jpg 600w, https:\/\/blog.myvideomedia.com\/wp-content\/uploads\/2018\/07\/Birds-Eye-view-Karakol-Kyrgyzstan_173-c-768x432.jpg 768w, https:\/\/blog.myvideomedia.com\/wp-content\/uploads\/2018\/07\/Birds-Eye-view-Karakol-Kyrgyzstan_173-c-1260x709.jpg 1260w, https:\/\/blog.myvideomedia.com\/wp-content\/uploads\/2018\/07\/Birds-Eye-view-Karakol-Kyrgyzstan_173-c.jpg 1280w\" sizes=\"auto, (max-width: 600px) 100vw, 600px\" \/><\/figure><\/div>\n\n\n\n<p>Daraus ist leicht zu erkennen, dass Karakol ein idealer Ausgangspunkt f\u00fcr Trekking und Radtouren ist<\/p>\n\n\n\n<div class=\"wp-block-image\"><figure class=\"aligncenter\"><img loading=\"lazy\" decoding=\"async\" width=\"600\" height=\"338\" src=\"https:\/\/blog.myvideomedia.com\/wp-content\/uploads\/2018\/07\/Birds-Eye-view-Karakol-Kyrgyzstan_174-c-600x338.jpg\" alt=\"Karakol aus der Vogelperspektive\" class=\"wp-image-19729\" srcset=\"https:\/\/blog.myvideomedia.com\/wp-content\/uploads\/2018\/07\/Birds-Eye-view-Karakol-Kyrgyzstan_174-c-600x338.jpg 600w, https:\/\/blog.myvideomedia.com\/wp-content\/uploads\/2018\/07\/Birds-Eye-view-Karakol-Kyrgyzstan_174-c-768x432.jpg 768w, https:\/\/blog.myvideomedia.com\/wp-content\/uploads\/2018\/07\/Birds-Eye-view-Karakol-Kyrgyzstan_174-c-1260x709.jpg 1260w, https:\/\/blog.myvideomedia.com\/wp-content\/uploads\/2018\/07\/Birds-Eye-view-Karakol-Kyrgyzstan_174-c.jpg 1280w\" sizes=\"auto, (max-width: 600px) 100vw, 600px\" \/><\/figure><\/div>\n\n\n\n<p>Gut zu sehen ist auch die russisch orthodoxe Kirche westlich des Platzes.<\/p>\n\n\n\n<p>Lesen Sie weiter &gt; <a href=\"https:\/\/blog.myvideomedia.com\/de\/stadtrundgang-in-karakol\/\">Stadtrundgang in Karakol<\/a><\/p>\n\n\n\n<h3 class=\"wp-block-heading\">Pin it &#8211; f\u00fcr spa\u00e4ter merken<\/h3>\n\n\n\n<div class=\"wp-block-image\"><figure class=\"aligncenter\"><img decoding=\"async\" src=\"https:\/\/blog.myvideomedia.com\/wp-content\/uploads\/2018\/07\/Karakol-aus-der-Vogelperspektive-c.jpg\" alt=\"Birds Eye view Karakol\" class=\"wp-image-19720\"\/><\/figure><\/div>\n\n\n\n<p>Text, Fotos und Video: Copyright \u00a9 <a href=\"https:\/\/www.myvideomedia.com\/de\" target=\"_blank\" rel=\"noopener noreferrer\">myVideoMedia<\/a><\/p>\n","protected":false},"excerpt":{"rendered":"<p>Karakol liegt zwischen dem \u00f6stlichen Ende des gr\u00f6\u00dften Sees Kirgistans, dem Yssykk\u00f6l und dem Tian Shan Gebirge. Die Stadt wurde 1860 als vorgeschobene russische Milit\u00e4rbasis gegr\u00fcndet. Sie entwickelte sich aber erst, als Forschungsreisende die Region zwischen China und Kirgisistan begannen zu erforschen. 1888 starb hier der russische Milit\u00e4r und Geograph Prschewalski, w\u00e4hrend der Vorbereitungen einer [&hellip;]<\/p>\n","protected":false},"author":1,"featured_media":19725,"comment_status":"open","ping_status":"closed","sticky":false,"template":"","format":"standard","meta":{"_genesis_hide_title":false,"_genesis_hide_breadcrumbs":false,"_genesis_hide_singular_image":false,"_genesis_hide_footer_widgets":false,"_genesis_custom_body_class":"","_genesis_custom_post_class":"","_genesis_layout":"","footnotes":""},"categories":[488,878],"tags":[916,880],"class_list":{"0":"post-19730","1":"post","2":"type-post","3":"status-publish","4":"format-standard","5":"has-post-thumbnail","7":"category-asien","8":"category-kirgisistan","9":"tag-drohnenflug","10":"tag-seidenstrasse","11":"entry"},"yoast_head":"<!-- This site is optimized with the Yoast SEO plugin v27.4 - https:\/\/yoast.com\/product\/yoast-seo-wordpress\/ -->\n<title>Karakol aus der Vogelperspektive -Kirgisistan Reise Video Blog<\/title>\n<meta name=\"description\" content=\"Da wir etwas Freizeit haben, machen wir einen kurzen Flug mit der Drohne, um Karakol aus der Vogelperspektive zu sehen. Mehr und Video hier.\" \/>\n<meta name=\"robots\" content=\"index, follow, max-snippet:-1, max-image-preview:large, max-video-preview:-1\" \/>\n<link rel=\"canonical\" href=\"https:\/\/blog.myvideomedia.com\/de\/karakol-aus-der-vogelperspektive\/\" \/>\n<meta property=\"og:locale\" content=\"de_DE\" \/>\n<meta property=\"og:type\" content=\"article\" \/>\n<meta property=\"og:title\" content=\"Karakol aus der Vogelperspektive -Kirgisistan Reise Video Blog\" \/>\n<meta property=\"og:description\" content=\"Da wir etwas Freizeit haben, machen wir einen kurzen Flug mit der Drohne, um Karakol aus der Vogelperspektive zu sehen. Mehr und Video hier.\" \/>\n<meta property=\"og:url\" content=\"https:\/\/blog.myvideomedia.com\/de\/karakol-aus-der-vogelperspektive\/\" \/>\n<meta property=\"og:site_name\" content=\"Reise Video Blog\" \/>\n<meta property=\"article:publisher\" content=\"https:\/\/www.facebook.com\/ursula.streit.520\" \/>\n<meta property=\"article:author\" content=\"https:\/\/www.facebook.com\/ursula.streit.520\" \/>\n<meta property=\"article:published_time\" content=\"2018-07-21T09:06:56+00:00\" \/>\n<meta property=\"article:modified_time\" content=\"2020-09-08T11:32:43+00:00\" \/>\n<meta property=\"og:image\" content=\"https:\/\/blog.myvideomedia.com\/wp-content\/uploads\/2018\/07\/Birds-Eye-view-Karakol-Kyrgyzstan_173-c.jpg\" \/>\n\t<meta property=\"og:image:width\" content=\"1280\" \/>\n\t<meta property=\"og:image:height\" content=\"720\" \/>\n\t<meta property=\"og:image:type\" content=\"image\/jpeg\" \/>\n<meta name=\"author\" content=\"myVideoMedia\" \/>\n<meta name=\"twitter:card\" content=\"summary_large_image\" \/>\n<meta name=\"twitter:creator\" content=\"@myvideomedia\" \/>\n<meta name=\"twitter:site\" content=\"@myvideomedia\" \/>\n<meta name=\"twitter:label1\" content=\"Verfasst von\" \/>\n\t<meta name=\"twitter:data1\" content=\"myVideoMedia\" \/>\n\t<meta name=\"twitter:label2\" content=\"Gesch\u00e4tzte Lesezeit\" \/>\n\t<meta name=\"twitter:data2\" content=\"1\u00a0Minute\" \/>\n<script type=\"application\/ld+json\" class=\"yoast-schema-graph\">{\"@context\":\"https:\\\/\\\/schema.org\",\"@graph\":[{\"@type\":\"Article\",\"@id\":\"https:\\\/\\\/blog.myvideomedia.com\\\/de\\\/karakol-aus-der-vogelperspektive\\\/#article\",\"isPartOf\":{\"@id\":\"https:\\\/\\\/blog.myvideomedia.com\\\/de\\\/karakol-aus-der-vogelperspektive\\\/\"},\"author\":{\"name\":\"myVideoMedia\",\"@id\":\"https:\\\/\\\/blog.myvideomedia.com\\\/de\\\/#\\\/schema\\\/person\\\/87be8fbbed69b1562242448c1c3dcbec\"},\"headline\":\"Karakol aus der Vogelperspektive\",\"datePublished\":\"2018-07-21T09:06:56+00:00\",\"dateModified\":\"2020-09-08T11:32:43+00:00\",\"mainEntityOfPage\":{\"@id\":\"https:\\\/\\\/blog.myvideomedia.com\\\/de\\\/karakol-aus-der-vogelperspektive\\\/\"},\"wordCount\":233,\"commentCount\":0,\"publisher\":{\"@id\":\"https:\\\/\\\/blog.myvideomedia.com\\\/de\\\/#\\\/schema\\\/person\\\/87be8fbbed69b1562242448c1c3dcbec\"},\"image\":{\"@id\":\"https:\\\/\\\/blog.myvideomedia.com\\\/de\\\/karakol-aus-der-vogelperspektive\\\/#primaryimage\"},\"thumbnailUrl\":\"https:\\\/\\\/blog.myvideomedia.com\\\/wp-content\\\/uploads\\\/2018\\\/07\\\/Birds-Eye-view-Karakol-Kyrgyzstan_173-c.jpg\",\"keywords\":[\"Drohnenflug\",\"Seidenstra\u00dfe\"],\"articleSection\":[\"Asien\",\"Kirgisistan\"],\"inLanguage\":\"de\",\"potentialAction\":[{\"@type\":\"CommentAction\",\"name\":\"Comment\",\"target\":[\"https:\\\/\\\/blog.myvideomedia.com\\\/de\\\/karakol-aus-der-vogelperspektive\\\/#respond\"]}]},{\"@type\":\"WebPage\",\"@id\":\"https:\\\/\\\/blog.myvideomedia.com\\\/de\\\/karakol-aus-der-vogelperspektive\\\/\",\"url\":\"https:\\\/\\\/blog.myvideomedia.com\\\/de\\\/karakol-aus-der-vogelperspektive\\\/\",\"name\":\"Karakol aus der Vogelperspektive -Kirgisistan Reise Video Blog\",\"isPartOf\":{\"@id\":\"https:\\\/\\\/blog.myvideomedia.com\\\/de\\\/#website\"},\"primaryImageOfPage\":{\"@id\":\"https:\\\/\\\/blog.myvideomedia.com\\\/de\\\/karakol-aus-der-vogelperspektive\\\/#primaryimage\"},\"image\":{\"@id\":\"https:\\\/\\\/blog.myvideomedia.com\\\/de\\\/karakol-aus-der-vogelperspektive\\\/#primaryimage\"},\"thumbnailUrl\":\"https:\\\/\\\/blog.myvideomedia.com\\\/wp-content\\\/uploads\\\/2018\\\/07\\\/Birds-Eye-view-Karakol-Kyrgyzstan_173-c.jpg\",\"datePublished\":\"2018-07-21T09:06:56+00:00\",\"dateModified\":\"2020-09-08T11:32:43+00:00\",\"description\":\"Da wir etwas Freizeit haben, machen wir einen kurzen Flug mit der Drohne, um Karakol aus der Vogelperspektive zu sehen. Mehr und Video hier.\",\"breadcrumb\":{\"@id\":\"https:\\\/\\\/blog.myvideomedia.com\\\/de\\\/karakol-aus-der-vogelperspektive\\\/#breadcrumb\"},\"inLanguage\":\"de\",\"potentialAction\":[{\"@type\":\"ReadAction\",\"target\":[\"https:\\\/\\\/blog.myvideomedia.com\\\/de\\\/karakol-aus-der-vogelperspektive\\\/\"]}]},{\"@type\":\"ImageObject\",\"inLanguage\":\"de\",\"@id\":\"https:\\\/\\\/blog.myvideomedia.com\\\/de\\\/karakol-aus-der-vogelperspektive\\\/#primaryimage\",\"url\":\"https:\\\/\\\/blog.myvideomedia.com\\\/wp-content\\\/uploads\\\/2018\\\/07\\\/Birds-Eye-view-Karakol-Kyrgyzstan_173-c.jpg\",\"contentUrl\":\"https:\\\/\\\/blog.myvideomedia.com\\\/wp-content\\\/uploads\\\/2018\\\/07\\\/Birds-Eye-view-Karakol-Kyrgyzstan_173-c.jpg\",\"width\":1280,\"height\":720,\"caption\":\"Karakol aus der Vogelperspektive\"},{\"@type\":\"BreadcrumbList\",\"@id\":\"https:\\\/\\\/blog.myvideomedia.com\\\/de\\\/karakol-aus-der-vogelperspektive\\\/#breadcrumb\",\"itemListElement\":[{\"@type\":\"ListItem\",\"position\":1,\"name\":\"Home\",\"item\":\"https:\\\/\\\/blog.myvideomedia.com\\\/de\\\/\"},{\"@type\":\"ListItem\",\"position\":2,\"name\":\"Karakol aus der Vogelperspektive\"}]},{\"@type\":\"WebSite\",\"@id\":\"https:\\\/\\\/blog.myvideomedia.com\\\/de\\\/#website\",\"url\":\"https:\\\/\\\/blog.myvideomedia.com\\\/de\\\/\",\"name\":\"Travel Video Blog\",\"description\":\"myVideoMedia Reisetipps und Reisevideos\",\"publisher\":{\"@id\":\"https:\\\/\\\/blog.myvideomedia.com\\\/de\\\/#\\\/schema\\\/person\\\/87be8fbbed69b1562242448c1c3dcbec\"},\"potentialAction\":[{\"@type\":\"SearchAction\",\"target\":{\"@type\":\"EntryPoint\",\"urlTemplate\":\"https:\\\/\\\/blog.myvideomedia.com\\\/de\\\/?s={search_term_string}\"},\"query-input\":{\"@type\":\"PropertyValueSpecification\",\"valueRequired\":true,\"valueName\":\"search_term_string\"}}],\"inLanguage\":\"de\"},{\"@type\":[\"Person\",\"Organization\"],\"@id\":\"https:\\\/\\\/blog.myvideomedia.com\\\/de\\\/#\\\/schema\\\/person\\\/87be8fbbed69b1562242448c1c3dcbec\",\"name\":\"myVideoMedia\",\"image\":{\"@type\":\"ImageObject\",\"inLanguage\":\"de\",\"@id\":\"https:\\\/\\\/secure.gravatar.com\\\/avatar\\\/460720160715ef8975b781abd1b6985e55ce2f01567bb6757bebd73e7cf74c97?s=96&d=mm&r=g\",\"url\":\"https:\\\/\\\/secure.gravatar.com\\\/avatar\\\/460720160715ef8975b781abd1b6985e55ce2f01567bb6757bebd73e7cf74c97?s=96&d=mm&r=g\",\"contentUrl\":\"https:\\\/\\\/secure.gravatar.com\\\/avatar\\\/460720160715ef8975b781abd1b6985e55ce2f01567bb6757bebd73e7cf74c97?s=96&d=mm&r=g\",\"caption\":\"myVideoMedia\"},\"logo\":{\"@id\":\"https:\\\/\\\/secure.gravatar.com\\\/avatar\\\/460720160715ef8975b781abd1b6985e55ce2f01567bb6757bebd73e7cf74c97?s=96&d=mm&r=g\"},\"description\":\"\\\"The World is a book, and those who do not travel read only a page\\\" - Aurelius Augustinus (354 - 430 AD) Travel is our passion. With our posts and videos we like to inspire people who are planning or preparing for holidays as well as people who simply want to escape from everyday life and dream of faraway countries.\",\"sameAs\":[\"https:\\\/\\\/www.myvideomedia.com\",\"https:\\\/\\\/www.facebook.com\\\/ursula.streit.520\"],\"url\":\"https:\\\/\\\/blog.myvideomedia.com\\\/de\\\/author\\\/traveladm\\\/\"}]}<\/script>\n<!-- \/ Yoast SEO plugin. -->","yoast_head_json":{"title":"Karakol aus der Vogelperspektive -Kirgisistan Reise Video Blog","description":"Da wir etwas Freizeit haben, machen wir einen kurzen Flug mit der Drohne, um Karakol aus der Vogelperspektive zu sehen. Mehr und Video hier.","robots":{"index":"index","follow":"follow","max-snippet":"max-snippet:-1","max-image-preview":"max-image-preview:large","max-video-preview":"max-video-preview:-1"},"canonical":"https:\/\/blog.myvideomedia.com\/de\/karakol-aus-der-vogelperspektive\/","og_locale":"de_DE","og_type":"article","og_title":"Karakol aus der Vogelperspektive -Kirgisistan Reise Video Blog","og_description":"Da wir etwas Freizeit haben, machen wir einen kurzen Flug mit der Drohne, um Karakol aus der Vogelperspektive zu sehen. Mehr und Video hier.","og_url":"https:\/\/blog.myvideomedia.com\/de\/karakol-aus-der-vogelperspektive\/","og_site_name":"Reise Video Blog","article_publisher":"https:\/\/www.facebook.com\/ursula.streit.520","article_author":"https:\/\/www.facebook.com\/ursula.streit.520","article_published_time":"2018-07-21T09:06:56+00:00","article_modified_time":"2020-09-08T11:32:43+00:00","og_image":[{"width":1280,"height":720,"url":"https:\/\/blog.myvideomedia.com\/wp-content\/uploads\/2018\/07\/Birds-Eye-view-Karakol-Kyrgyzstan_173-c.jpg","type":"image\/jpeg"}],"author":"myVideoMedia","twitter_card":"summary_large_image","twitter_creator":"@myvideomedia","twitter_site":"@myvideomedia","twitter_misc":{"Verfasst von":"myVideoMedia","Gesch\u00e4tzte Lesezeit":"1\u00a0Minute"},"schema":{"@context":"https:\/\/schema.org","@graph":[{"@type":"Article","@id":"https:\/\/blog.myvideomedia.com\/de\/karakol-aus-der-vogelperspektive\/#article","isPartOf":{"@id":"https:\/\/blog.myvideomedia.com\/de\/karakol-aus-der-vogelperspektive\/"},"author":{"name":"myVideoMedia","@id":"https:\/\/blog.myvideomedia.com\/de\/#\/schema\/person\/87be8fbbed69b1562242448c1c3dcbec"},"headline":"Karakol aus der Vogelperspektive","datePublished":"2018-07-21T09:06:56+00:00","dateModified":"2020-09-08T11:32:43+00:00","mainEntityOfPage":{"@id":"https:\/\/blog.myvideomedia.com\/de\/karakol-aus-der-vogelperspektive\/"},"wordCount":233,"commentCount":0,"publisher":{"@id":"https:\/\/blog.myvideomedia.com\/de\/#\/schema\/person\/87be8fbbed69b1562242448c1c3dcbec"},"image":{"@id":"https:\/\/blog.myvideomedia.com\/de\/karakol-aus-der-vogelperspektive\/#primaryimage"},"thumbnailUrl":"https:\/\/blog.myvideomedia.com\/wp-content\/uploads\/2018\/07\/Birds-Eye-view-Karakol-Kyrgyzstan_173-c.jpg","keywords":["Drohnenflug","Seidenstra\u00dfe"],"articleSection":["Asien","Kirgisistan"],"inLanguage":"de","potentialAction":[{"@type":"CommentAction","name":"Comment","target":["https:\/\/blog.myvideomedia.com\/de\/karakol-aus-der-vogelperspektive\/#respond"]}]},{"@type":"WebPage","@id":"https:\/\/blog.myvideomedia.com\/de\/karakol-aus-der-vogelperspektive\/","url":"https:\/\/blog.myvideomedia.com\/de\/karakol-aus-der-vogelperspektive\/","name":"Karakol aus der Vogelperspektive -Kirgisistan Reise Video Blog","isPartOf":{"@id":"https:\/\/blog.myvideomedia.com\/de\/#website"},"primaryImageOfPage":{"@id":"https:\/\/blog.myvideomedia.com\/de\/karakol-aus-der-vogelperspektive\/#primaryimage"},"image":{"@id":"https:\/\/blog.myvideomedia.com\/de\/karakol-aus-der-vogelperspektive\/#primaryimage"},"thumbnailUrl":"https:\/\/blog.myvideomedia.com\/wp-content\/uploads\/2018\/07\/Birds-Eye-view-Karakol-Kyrgyzstan_173-c.jpg","datePublished":"2018-07-21T09:06:56+00:00","dateModified":"2020-09-08T11:32:43+00:00","description":"Da wir etwas Freizeit haben, machen wir einen kurzen Flug mit der Drohne, um Karakol aus der Vogelperspektive zu sehen. Mehr und Video hier.","breadcrumb":{"@id":"https:\/\/blog.myvideomedia.com\/de\/karakol-aus-der-vogelperspektive\/#breadcrumb"},"inLanguage":"de","potentialAction":[{"@type":"ReadAction","target":["https:\/\/blog.myvideomedia.com\/de\/karakol-aus-der-vogelperspektive\/"]}]},{"@type":"ImageObject","inLanguage":"de","@id":"https:\/\/blog.myvideomedia.com\/de\/karakol-aus-der-vogelperspektive\/#primaryimage","url":"https:\/\/blog.myvideomedia.com\/wp-content\/uploads\/2018\/07\/Birds-Eye-view-Karakol-Kyrgyzstan_173-c.jpg","contentUrl":"https:\/\/blog.myvideomedia.com\/wp-content\/uploads\/2018\/07\/Birds-Eye-view-Karakol-Kyrgyzstan_173-c.jpg","width":1280,"height":720,"caption":"Karakol aus der Vogelperspektive"},{"@type":"BreadcrumbList","@id":"https:\/\/blog.myvideomedia.com\/de\/karakol-aus-der-vogelperspektive\/#breadcrumb","itemListElement":[{"@type":"ListItem","position":1,"name":"Home","item":"https:\/\/blog.myvideomedia.com\/de\/"},{"@type":"ListItem","position":2,"name":"Karakol aus der Vogelperspektive"}]},{"@type":"WebSite","@id":"https:\/\/blog.myvideomedia.com\/de\/#website","url":"https:\/\/blog.myvideomedia.com\/de\/","name":"Travel Video Blog","description":"myVideoMedia Reisetipps und Reisevideos","publisher":{"@id":"https:\/\/blog.myvideomedia.com\/de\/#\/schema\/person\/87be8fbbed69b1562242448c1c3dcbec"},"potentialAction":[{"@type":"SearchAction","target":{"@type":"EntryPoint","urlTemplate":"https:\/\/blog.myvideomedia.com\/de\/?s={search_term_string}"},"query-input":{"@type":"PropertyValueSpecification","valueRequired":true,"valueName":"search_term_string"}}],"inLanguage":"de"},{"@type":["Person","Organization"],"@id":"https:\/\/blog.myvideomedia.com\/de\/#\/schema\/person\/87be8fbbed69b1562242448c1c3dcbec","name":"myVideoMedia","image":{"@type":"ImageObject","inLanguage":"de","@id":"https:\/\/secure.gravatar.com\/avatar\/460720160715ef8975b781abd1b6985e55ce2f01567bb6757bebd73e7cf74c97?s=96&d=mm&r=g","url":"https:\/\/secure.gravatar.com\/avatar\/460720160715ef8975b781abd1b6985e55ce2f01567bb6757bebd73e7cf74c97?s=96&d=mm&r=g","contentUrl":"https:\/\/secure.gravatar.com\/avatar\/460720160715ef8975b781abd1b6985e55ce2f01567bb6757bebd73e7cf74c97?s=96&d=mm&r=g","caption":"myVideoMedia"},"logo":{"@id":"https:\/\/secure.gravatar.com\/avatar\/460720160715ef8975b781abd1b6985e55ce2f01567bb6757bebd73e7cf74c97?s=96&d=mm&r=g"},"description":"\"The World is a book, and those who do not travel read only a page\" - Aurelius Augustinus (354 - 430 AD) Travel is our passion. With our posts and videos we like to inspire people who are planning or preparing for holidays as well as people who simply want to escape from everyday life and dream of faraway countries.","sameAs":["https:\/\/www.myvideomedia.com","https:\/\/www.facebook.com\/ursula.streit.520"],"url":"https:\/\/blog.myvideomedia.com\/de\/author\/traveladm\/"}]}},"featured_image_src":"https:\/\/blog.myvideomedia.com\/wp-content\/uploads\/2018\/07\/Birds-Eye-view-Karakol-Kyrgyzstan_173-c.jpg","featured_image_src_square":"https:\/\/blog.myvideomedia.com\/wp-content\/uploads\/2018\/07\/Birds-Eye-view-Karakol-Kyrgyzstan_173-c.jpg","author_info":{"display_name":"myVideoMedia","author_link":"https:\/\/blog.myvideomedia.com\/de\/author\/traveladm\/"},"_links":{"self":[{"href":"https:\/\/blog.myvideomedia.com\/de\/wp-json\/wp\/v2\/posts\/19730","targetHints":{"allow":["GET"]}}],"collection":[{"href":"https:\/\/blog.myvideomedia.com\/de\/wp-json\/wp\/v2\/posts"}],"about":[{"href":"https:\/\/blog.myvideomedia.com\/de\/wp-json\/wp\/v2\/types\/post"}],"author":[{"embeddable":true,"href":"https:\/\/blog.myvideomedia.com\/de\/wp-json\/wp\/v2\/users\/1"}],"replies":[{"embeddable":true,"href":"https:\/\/blog.myvideomedia.com\/de\/wp-json\/wp\/v2\/comments?post=19730"}],"version-history":[{"count":0,"href":"https:\/\/blog.myvideomedia.com\/de\/wp-json\/wp\/v2\/posts\/19730\/revisions"}],"wp:featuredmedia":[{"embeddable":true,"href":"https:\/\/blog.myvideomedia.com\/de\/wp-json\/wp\/v2\/media\/19725"}],"wp:attachment":[{"href":"https:\/\/blog.myvideomedia.com\/de\/wp-json\/wp\/v2\/media?parent=19730"}],"wp:term":[{"taxonomy":"category","embeddable":true,"href":"https:\/\/blog.myvideomedia.com\/de\/wp-json\/wp\/v2\/categories?post=19730"},{"taxonomy":"post_tag","embeddable":true,"href":"https:\/\/blog.myvideomedia.com\/de\/wp-json\/wp\/v2\/tags?post=19730"}],"curies":[{"name":"wp","href":"https:\/\/api.w.org\/{rel}","templated":true}]}}