{"id":19904,"date":"2018-08-02T08:27:14","date_gmt":"2018-08-02T07:27:14","guid":{"rendered":"https:\/\/blog.myvideomedia.com\/?p=19904"},"modified":"2020-10-04T17:09:36","modified_gmt":"2020-10-04T16:09:36","slug":"prschewalski-gedenkpark","status":"publish","type":"post","link":"https:\/\/blog.myvideomedia.com\/de\/prschewalski-gedenkpark\/","title":{"rendered":"Prschewalski Gedenkpark"},"content":{"rendered":"\n<p>Knapp 10 km nordwestlich von Karakol, am Ufer des Yssykk\u00f6l liegt der Przewalski Gedenkpark. Er beinhaltet das Grab von Prschewalski und ein Denkmal und ein Museum zu seinen Ehren.<\/p>\n\n\n\n<p>Nikolai Michailowitsch Prschewalski, oft auch nach der polnischen Schreibweise Przewalski genannt, war Offizier des Zaren. Seine hervorragenden Beitr\u00e4ge zur Erforschung Zentralasiens machten ihn zum aktiven Mitglied der Russischen Geographischen Gesellschaft und Mitglied der Russischen Akademie der Wissenschaften.<\/p>\n\n\n\n<div class=\"wp-block-image\"><figure class=\"aligncenter size-large\"><img loading=\"lazy\" decoding=\"async\" width=\"1260\" height=\"709\" src=\"https:\/\/blog.myvideomedia.com\/wp-content\/uploads\/2018\/08\/Przhevalsky-Museum-3164m-c-1260x709.jpg\" alt=\"Prschewalski Museum\" class=\"wp-image-19897\" srcset=\"https:\/\/blog.myvideomedia.com\/wp-content\/uploads\/2018\/08\/Przhevalsky-Museum-3164m-c-1260x709.jpg 1260w, https:\/\/blog.myvideomedia.com\/wp-content\/uploads\/2018\/08\/Przhevalsky-Museum-3164m-c-600x338.jpg 600w, https:\/\/blog.myvideomedia.com\/wp-content\/uploads\/2018\/08\/Przhevalsky-Museum-3164m-c-768x432.jpg 768w, https:\/\/blog.myvideomedia.com\/wp-content\/uploads\/2018\/08\/Przhevalsky-Museum-3164m-c.jpg 1280w\" sizes=\"auto, (max-width: 1260px) 100vw, 1260px\" \/><\/figure><\/div>\n\n\n\n<p>Zwischen 1867 und 1888, entsandte man ihn in die Yssykk\u00f6l Region und viermal nach China, in die Mongolei und nach Tibet. Er sollte einen kurzen Weg nach Tibet finden. Prschewalski brachte viele informative Daten mit, die dem Zar Nikolai II bei seiner Expansionspolitik halfen. In Tibet traf er den damaligen Dalai Lama.<\/p>\n\n\n\n<p>1888, w\u00e4hrend der Vorbereitungen einer Expedition nach Tibet, starb Przhevalsky in Karakol an Typhus. Er wurde am Ufer des Yssykk\u00f6l begraben. Sein Denkmal, das angeblich nach Lhasa in Tibet ausgerichtet ist, wird von einem Adler mit einem Zweig und einer Karte Zentralasiens markiert.<\/p>\n\n\n\n<h3 class=\"wp-block-heading\"><a rel=\"noopener nofollow noreferrer\" href=\"https:\/\/youtu.be\/KUeIhGKlzZY\" target=\"_blank\">Hier sehen Sie das 4K UHD Video<\/a><\/h3>\n\n\n\n<figure> <div class=\"brlbs-cmpnt-container brlbs-cmpnt-content-blocker brlbs-cmpnt-with-individual-styles\" data-borlabs-cookie-content-blocker-id=\"youtube-content-blocker\" data-borlabs-cookie-content=\"PGlmcmFtZSBzcmM9Imh0dHBzOi8vd3d3LnlvdXR1YmUtbm9jb29raWUuY29tL2VtYmVkL0tVZUloR0tselpZIiB3aWR0aD0iNjAwIiBoZWlnaHQ9IjMzOCI+PC9pZnJhbWU+\"><div class=\"brlbs-cmpnt-cb-preset-c brlbs-cmpnt-cb-youtube\"> <div class=\"brlbs-cmpnt-cb-thumbnail\" style=\"background-image: url('https:\/\/blog.myvideomedia.com\/wp-content\/uploads\/borlabs-cookie\/1\/yt_KUeIhGKlzZY_hqdefault.jpg')\"><\/div> <div class=\"brlbs-cmpnt-cb-main\"> <div class=\"brlbs-cmpnt-cb-play-button\"><\/div> <div class=\"brlbs-cmpnt-cb-content\"> <p class=\"brlbs-cmpnt-cb-description\">Sie sehen gerade einen Platzhalterinhalt von <strong>YouTube<\/strong>. Um auf den eigentlichen Inhalt zuzugreifen, klicken Sie auf die Schaltfl\u00e4che unten. Bitte beachten Sie, dass dabei Daten an Drittanbieter weitergegeben werden.<\/p> <a class=\"brlbs-cmpnt-cb-provider-toggle\" href=\"#\" data-borlabs-cookie-show-provider-information role=\"button\">Mehr Informationen<\/a> <\/div> <div class=\"brlbs-cmpnt-cb-buttons\"> <a class=\"brlbs-cmpnt-cb-btn\" href=\"#\" data-borlabs-cookie-unblock role=\"button\">Inhalt entsperren<\/a> <a class=\"brlbs-cmpnt-cb-btn\" href=\"#\" data-borlabs-cookie-accept-service role=\"button\" style=\"display: inherit\">Erforderlichen Service akzeptieren und Inhalte entsperren<\/a> <\/div> <\/div> <\/div><\/div><\/figure>\n\n\n\n<p>Nach seinem Tod wurde Karakol in Prhevalsk umbenannt. Nach lokalen Protesten im Jahre 1921, wurde der alte Name Karakol verwendet. Diese Entscheidung wurde 1939 widerrufen und so blieb der Name Przhevalsk bis zum Ende der Sowjetunion 1991 erhalten.<\/p>\n\n\n\n<div class=\"wp-block-image\"><figure class=\"aligncenter\"><img loading=\"lazy\" decoding=\"async\" width=\"344\" height=\"600\" src=\"https:\/\/blog.myvideomedia.com\/wp-content\/uploads\/2018\/08\/Przhevalsky-20170826_095622-c-344x600.jpg\" alt=\"Przewalski\" class=\"wp-image-19883\" srcset=\"https:\/\/blog.myvideomedia.com\/wp-content\/uploads\/2018\/08\/Przhevalsky-20170826_095622-c-344x600.jpg 344w, https:\/\/blog.myvideomedia.com\/wp-content\/uploads\/2018\/08\/Przhevalsky-20170826_095622-c-722x1260.jpg 722w, https:\/\/blog.myvideomedia.com\/wp-content\/uploads\/2018\/08\/Przhevalsky-20170826_095622-c.jpg 733w\" sizes=\"auto, (max-width: 344px) 100vw, 344px\" \/><\/figure><\/div>\n\n\n\n<p>Wir beginnen unseren Rundgang im Prschewalski Museum. Auf einem gro\u00dfen Gem\u00e4lde empf\u00e4ngt uns der Forscher. In einem kleinen Nebenraum zeigt eine keramische Reliefkarte die Routen seiner Expeditionen, die ihn durch weite Teile Chinas und der Mongolei f\u00fchrten.<\/p>\n\n\n\n<div class=\"wp-block-image\"><figure class=\"aligncenter size-large\"><img loading=\"lazy\" decoding=\"async\" width=\"1260\" height=\"709\" src=\"https:\/\/blog.myvideomedia.com\/wp-content\/uploads\/2018\/08\/Przhevalsky-museum-20170826_093259-c-1260x709.jpg\" alt=\"Prschewalski Museum\" class=\"wp-image-19899\" srcset=\"https:\/\/blog.myvideomedia.com\/wp-content\/uploads\/2018\/08\/Przhevalsky-museum-20170826_093259-c-1260x709.jpg 1260w, https:\/\/blog.myvideomedia.com\/wp-content\/uploads\/2018\/08\/Przhevalsky-museum-20170826_093259-c-600x338.jpg 600w, https:\/\/blog.myvideomedia.com\/wp-content\/uploads\/2018\/08\/Przhevalsky-museum-20170826_093259-c-768x432.jpg 768w, https:\/\/blog.myvideomedia.com\/wp-content\/uploads\/2018\/08\/Przhevalsky-museum-20170826_093259-c.jpg 1280w\" sizes=\"auto, (max-width: 1260px) 100vw, 1260px\" \/><\/figure><\/div>\n\n\n\n<p><br>Mehrfach berichtete er von Sichtungen von Wildpferden, bis er von einer seiner Expeditionen den Sch\u00e4del und die Haut eines Wildpferdes mitbrachte und wissenschaftlich beschreiben lie\u00df. Diese Rasse ging als Przewalski Pferde in die Geschichte ein. Heute wissen wir, dass dies keine reinen Wildpferde waren, sondern Verwilderungen des vor 5500 Jahren domestizierten Botai Pferdes in Kasachstan ist.<\/p>\n\n\n\n<div class=\"wp-block-image\"><figure class=\"aligncenter size-large\"><img loading=\"lazy\" decoding=\"async\" width=\"1260\" height=\"709\" src=\"https:\/\/blog.myvideomedia.com\/wp-content\/uploads\/2018\/08\/Przhevalsky-20170826_094048m-c-1260x709.jpg\" alt=\"Prschewalski Museum\" class=\"wp-image-19901\" srcset=\"https:\/\/blog.myvideomedia.com\/wp-content\/uploads\/2018\/08\/Przhevalsky-20170826_094048m-c-1260x709.jpg 1260w, https:\/\/blog.myvideomedia.com\/wp-content\/uploads\/2018\/08\/Przhevalsky-20170826_094048m-c-600x338.jpg 600w, https:\/\/blog.myvideomedia.com\/wp-content\/uploads\/2018\/08\/Przhevalsky-20170826_094048m-c-768x432.jpg 768w, https:\/\/blog.myvideomedia.com\/wp-content\/uploads\/2018\/08\/Przhevalsky-20170826_094048m-c.jpg 1280w\" sizes=\"auto, (max-width: 1260px) 100vw, 1260px\" \/><\/figure><\/div>\n\n\n\n<p>Uns ist das Przewalski Pferd schon lange bekannt, da wir 30 Jahre in M\u00fcnchen gelebt haben. Im dortigen Tierpark Hellabrunn werden Przewalski Pferde zur\u00fcck gez\u00fcchtet und in der Mongolei wieder ausgewildert. Nachdem der Bestand auf unter 40 Pferde weltweit gefallen war, betr\u00e4gt er heute wieder mehr als 2000 Tiere. Die R\u00fcckz\u00fcchtung findet in verschiedenen Zoos statt. Am bekanntesten daf\u00fcr ist der Prager Zoo.<\/p>\n\n\n\n<div class=\"wp-block-image\"><figure class=\"aligncenter size-large\"><img loading=\"lazy\" decoding=\"async\" width=\"1260\" height=\"709\" src=\"https:\/\/blog.myvideomedia.com\/wp-content\/uploads\/2018\/08\/Przhevalsky-Museum-20170826_094546-c-1260x709.jpg\" alt=\"Prschewalski Museum\" class=\"wp-image-19903\" srcset=\"https:\/\/blog.myvideomedia.com\/wp-content\/uploads\/2018\/08\/Przhevalsky-Museum-20170826_094546-c-1260x709.jpg 1260w, https:\/\/blog.myvideomedia.com\/wp-content\/uploads\/2018\/08\/Przhevalsky-Museum-20170826_094546-c-600x338.jpg 600w, https:\/\/blog.myvideomedia.com\/wp-content\/uploads\/2018\/08\/Przhevalsky-Museum-20170826_094546-c-768x432.jpg 768w, https:\/\/blog.myvideomedia.com\/wp-content\/uploads\/2018\/08\/Przhevalsky-Museum-20170826_094546-c.jpg 1280w\" sizes=\"auto, (max-width: 1260px) 100vw, 1260px\" \/><\/figure><\/div>\n\n\n\n<p>Das Museum in Karakol beinhaltet viele Tierpr\u00e4parate der zentralasiatischen Tierwelt und viele Original Fotografien, Zeichnungen, Dokumente und wissenschaftliche Ger\u00e4te aus jener Zeit.<\/p>\n\n\n\n<div class=\"wp-block-image\"><figure class=\"aligncenter size-large\"><img loading=\"lazy\" decoding=\"async\" width=\"1260\" height=\"709\" src=\"https:\/\/blog.myvideomedia.com\/wp-content\/uploads\/2018\/08\/Przhevalsky-3173m-c-1260x709.jpg\" alt=\"Przewalski Gedenkpark\" class=\"wp-image-19887\" srcset=\"https:\/\/blog.myvideomedia.com\/wp-content\/uploads\/2018\/08\/Przhevalsky-3173m-c-1260x709.jpg 1260w, https:\/\/blog.myvideomedia.com\/wp-content\/uploads\/2018\/08\/Przhevalsky-3173m-c-600x338.jpg 600w, https:\/\/blog.myvideomedia.com\/wp-content\/uploads\/2018\/08\/Przhevalsky-3173m-c-768x432.jpg 768w, https:\/\/blog.myvideomedia.com\/wp-content\/uploads\/2018\/08\/Przhevalsky-3173m-c.jpg 1280w\" sizes=\"auto, (max-width: 1260px) 100vw, 1260px\" \/><\/figure><\/div>\n\n\n\n<p>Wir gehen weiter zu Prschewalski Denkmal und zu seinem Grab. Von hier aus hat man einen sch\u00f6nen Ausblick auf den Yssykk\u00f6l.<\/p>\n\n\n\n<div class=\"wp-block-image\"><figure class=\"aligncenter\"><img loading=\"lazy\" decoding=\"async\" width=\"338\" height=\"600\" src=\"https:\/\/blog.myvideomedia.com\/wp-content\/uploads\/2018\/08\/Monument-20170826_101639-c-338x600.jpg\" alt=\"Karasai Ulu Kuseiin\" class=\"wp-image-19891\" srcset=\"https:\/\/blog.myvideomedia.com\/wp-content\/uploads\/2018\/08\/Monument-20170826_101639-c-338x600.jpg 338w, https:\/\/blog.myvideomedia.com\/wp-content\/uploads\/2018\/08\/Monument-20170826_101639-c-709x1260.jpg 709w, https:\/\/blog.myvideomedia.com\/wp-content\/uploads\/2018\/08\/Monument-20170826_101639-c.jpg 720w\" sizes=\"auto, (max-width: 338px) 100vw, 338px\" \/><\/figure><\/div>\n\n\n\n<p>In diesem Gedenkpark gibt es noch ein zweites Denkmal und Museum. Hiermit wird Karasai Ulu Kuseiin ein Poet, Schriftsteller und Politiker geehrt.<\/p>\n\n\n\n<div class=\"wp-block-image\"><figure class=\"aligncenter size-large\"><img loading=\"lazy\" decoding=\"async\" width=\"1260\" height=\"709\" src=\"https:\/\/blog.myvideomedia.com\/wp-content\/uploads\/2018\/08\/Museum-20170826_102048-c-1260x709.jpg\" alt=\"Karasai Ulu Kuseiin\" class=\"wp-image-19893\" srcset=\"https:\/\/blog.myvideomedia.com\/wp-content\/uploads\/2018\/08\/Museum-20170826_102048-c-1260x709.jpg 1260w, https:\/\/blog.myvideomedia.com\/wp-content\/uploads\/2018\/08\/Museum-20170826_102048-c-600x338.jpg 600w, https:\/\/blog.myvideomedia.com\/wp-content\/uploads\/2018\/08\/Museum-20170826_102048-c-768x432.jpg 768w, https:\/\/blog.myvideomedia.com\/wp-content\/uploads\/2018\/08\/Museum-20170826_102048-c.jpg 1280w\" sizes=\"auto, (max-width: 1260px) 100vw, 1260px\" \/><\/figure><\/div>\n\n\n\n<p>Auf dem Weg zum Auto sehen wir eine kleine Schlange, vermutlich eine ungiftige Natter.<\/p>\n\n\n\n<figure class=\"wp-block-image size-large\"><img loading=\"lazy\" decoding=\"async\" width=\"1260\" height=\"709\" src=\"https:\/\/blog.myvideomedia.com\/wp-content\/uploads\/2018\/08\/Snake-20170826_103128m-c-1260x709.jpg\" alt=\"Schlange im Przhevalsky Memorial Park\" class=\"wp-image-19895\" srcset=\"https:\/\/blog.myvideomedia.com\/wp-content\/uploads\/2018\/08\/Snake-20170826_103128m-c-1260x709.jpg 1260w, https:\/\/blog.myvideomedia.com\/wp-content\/uploads\/2018\/08\/Snake-20170826_103128m-c-600x338.jpg 600w, https:\/\/blog.myvideomedia.com\/wp-content\/uploads\/2018\/08\/Snake-20170826_103128m-c-768x432.jpg 768w, https:\/\/blog.myvideomedia.com\/wp-content\/uploads\/2018\/08\/Snake-20170826_103128m-c.jpg 1280w\" sizes=\"auto, (max-width: 1260px) 100vw, 1260px\" \/><\/figure>\n\n\n\n<p>Lesen Sie auch > <a href=\"https:\/\/blog.myvideomedia.com\/de\/kara-kyz-yurt-camp\/\">Kara-Kyz Yurt Camp<\/a><\/p>\n\n\n\n<p>Sie planen eine Reise nach Karakol?<\/p>\n\n\n\n<p>Das Team von <a href=\"https:\/\/destinationkarakol.com\/\" target=\"_blank\" rel=\"noopener nofollow noreferrer\">Destination Karakol<\/a>&nbsp;hilft Ihnen gerne mit n\u00fctzlichen Informationen weiter<\/p>\n\n\n\n<p><\/p>\n\n\n\n<h3 class=\"wp-block-heading\">Pin it for later<\/h3>\n\n\n\n<figure class=\"wp-block-image\"><img loading=\"lazy\" decoding=\"async\" width=\"600\" height=\"900\" src=\"https:\/\/blog.myvideomedia.com\/wp-content\/uploads\/2018\/08\/Prschewalski-museum-c.jpg\" alt=\"Prezhevalsky Memorial Park\" class=\"wp-image-19881\" srcset=\"https:\/\/blog.myvideomedia.com\/wp-content\/uploads\/2018\/08\/Prschewalski-museum-c.jpg 600w, https:\/\/blog.myvideomedia.com\/wp-content\/uploads\/2018\/08\/Prschewalski-museum-c-400x600.jpg 400w\" sizes=\"auto, (max-width: 600px) 100vw, 600px\" \/><\/figure>\n\n\n\n<p><em>Hinweis: Unsere Reise wurde in Zusammenarbeit mit <a href=\"http:\/\/www.discoverkyrgyzstan.org\/\" target=\"_blank\" rel=\"noopener nofollow noreferrer\">Discover Kyrgyzstan<\/a> organisiert und durch die Unterst\u00fctzung der United States Agency for International Development (USAID) erm\u00f6glicht. Alle Meinungen sind unsere eigenen.<\/em><\/p>\n\n\n\n<p>Text, Fotos und Video: Copyright \u00a9 <a href=\"https:\/\/www.myvideomedia.com\/de\" target=\"_blank\" rel=\"noopener noreferrer\">myVideoMedia<\/a><\/p>\n","protected":false},"excerpt":{"rendered":"<p>Knapp 10 km nordwestlich von Karakol, am Ufer des Yssykk\u00f6l liegt der Przewalski Gedenkpark. Er beinhaltet das Grab von Prschewalski und ein Denkmal und ein Museum zu seinen Ehren. Nikolai Michailowitsch Prschewalski, oft auch nach der polnischen Schreibweise Przewalski genannt, war Offizier des Zaren. Seine hervorragenden Beitr\u00e4ge zur Erforschung Zentralasiens machten ihn zum aktiven Mitglied [&hellip;]<\/p>\n","protected":false},"author":1,"featured_media":19885,"comment_status":"open","ping_status":"closed","sticky":false,"template":"","format":"standard","meta":{"_genesis_hide_title":false,"_genesis_hide_breadcrumbs":false,"_genesis_hide_singular_image":false,"_genesis_hide_footer_widgets":false,"_genesis_custom_body_class":"","_genesis_custom_post_class":"","_genesis_layout":"","footnotes":""},"categories":[488,878],"tags":[378,467,880],"class_list":{"0":"post-19904","1":"post","2":"type-post","3":"status-publish","4":"format-standard","5":"has-post-thumbnail","7":"category-asien","8":"category-kirgisistan","9":"tag-museum","10":"tag-museum-de","11":"tag-seidenstrasse","12":"entry"},"yoast_head":"<!-- This site is optimized with the Yoast SEO plugin v27.4 - https:\/\/yoast.com\/product\/yoast-seo-wordpress\/ -->\n<title>Prschewalski Gedenkpark - Reise Video Blog<\/title>\n<meta name=\"description\" content=\"Am Ufer des Yssykk\u00f6l liegt der Prschewalski Gedenkpark. Er beinhaltet das Grab von Prschewalski, ein Denkmal und ein Museum zu seinen Ehren.\" \/>\n<meta name=\"robots\" content=\"index, follow, max-snippet:-1, max-image-preview:large, max-video-preview:-1\" \/>\n<link rel=\"canonical\" href=\"https:\/\/blog.myvideomedia.com\/de\/prschewalski-gedenkpark\/\" \/>\n<meta property=\"og:locale\" content=\"de_DE\" \/>\n<meta property=\"og:type\" content=\"article\" \/>\n<meta property=\"og:title\" content=\"Prschewalski Gedenkpark - Reise Video Blog\" \/>\n<meta property=\"og:description\" content=\"Am Ufer des Yssykk\u00f6l liegt der Prschewalski Gedenkpark. Er beinhaltet das Grab von Prschewalski, ein Denkmal und ein Museum zu seinen Ehren.\" \/>\n<meta property=\"og:url\" content=\"https:\/\/blog.myvideomedia.com\/de\/prschewalski-gedenkpark\/\" \/>\n<meta property=\"og:site_name\" content=\"Reise Video Blog\" \/>\n<meta property=\"article:publisher\" content=\"https:\/\/www.facebook.com\/ursula.streit.520\" \/>\n<meta property=\"article:author\" content=\"https:\/\/www.facebook.com\/ursula.streit.520\" \/>\n<meta property=\"article:published_time\" content=\"2018-08-02T07:27:14+00:00\" \/>\n<meta property=\"article:modified_time\" content=\"2020-10-04T16:09:36+00:00\" \/>\n<meta property=\"og:image\" content=\"https:\/\/blog.myvideomedia.com\/wp-content\/uploads\/2018\/08\/Przhevalsky-3167m-c.jpg\" \/>\n\t<meta property=\"og:image:width\" content=\"1280\" \/>\n\t<meta property=\"og:image:height\" content=\"720\" \/>\n\t<meta property=\"og:image:type\" content=\"image\/jpeg\" \/>\n<meta name=\"author\" content=\"myVideoMedia\" \/>\n<meta name=\"twitter:card\" content=\"summary_large_image\" \/>\n<meta name=\"twitter:creator\" content=\"@myvideomedia\" \/>\n<meta name=\"twitter:site\" content=\"@myvideomedia\" \/>\n<meta name=\"twitter:label1\" content=\"Verfasst von\" \/>\n\t<meta name=\"twitter:data1\" content=\"myVideoMedia\" \/>\n\t<meta name=\"twitter:label2\" content=\"Gesch\u00e4tzte Lesezeit\" \/>\n\t<meta name=\"twitter:data2\" content=\"3\u00a0Minuten\" \/>\n<script type=\"application\/ld+json\" class=\"yoast-schema-graph\">{\"@context\":\"https:\\\/\\\/schema.org\",\"@graph\":[{\"@type\":\"Article\",\"@id\":\"https:\\\/\\\/blog.myvideomedia.com\\\/de\\\/prschewalski-gedenkpark\\\/#article\",\"isPartOf\":{\"@id\":\"https:\\\/\\\/blog.myvideomedia.com\\\/de\\\/prschewalski-gedenkpark\\\/\"},\"author\":{\"name\":\"myVideoMedia\",\"@id\":\"https:\\\/\\\/blog.myvideomedia.com\\\/de\\\/#\\\/schema\\\/person\\\/87be8fbbed69b1562242448c1c3dcbec\"},\"headline\":\"Prschewalski Gedenkpark\",\"datePublished\":\"2018-08-02T07:27:14+00:00\",\"dateModified\":\"2020-10-04T16:09:36+00:00\",\"mainEntityOfPage\":{\"@id\":\"https:\\\/\\\/blog.myvideomedia.com\\\/de\\\/prschewalski-gedenkpark\\\/\"},\"wordCount\":519,\"commentCount\":0,\"publisher\":{\"@id\":\"https:\\\/\\\/blog.myvideomedia.com\\\/de\\\/#\\\/schema\\\/person\\\/87be8fbbed69b1562242448c1c3dcbec\"},\"image\":{\"@id\":\"https:\\\/\\\/blog.myvideomedia.com\\\/de\\\/prschewalski-gedenkpark\\\/#primaryimage\"},\"thumbnailUrl\":\"https:\\\/\\\/blog.myvideomedia.com\\\/wp-content\\\/uploads\\\/2018\\\/08\\\/Przhevalsky-3167m-c.jpg\",\"keywords\":[\"Museum\",\"Museum\",\"Seidenstra\u00dfe\"],\"articleSection\":[\"Asien\",\"Kirgisistan\"],\"inLanguage\":\"de\",\"potentialAction\":[{\"@type\":\"CommentAction\",\"name\":\"Comment\",\"target\":[\"https:\\\/\\\/blog.myvideomedia.com\\\/de\\\/prschewalski-gedenkpark\\\/#respond\"]}]},{\"@type\":\"WebPage\",\"@id\":\"https:\\\/\\\/blog.myvideomedia.com\\\/de\\\/prschewalski-gedenkpark\\\/\",\"url\":\"https:\\\/\\\/blog.myvideomedia.com\\\/de\\\/prschewalski-gedenkpark\\\/\",\"name\":\"Prschewalski Gedenkpark - Reise Video Blog\",\"isPartOf\":{\"@id\":\"https:\\\/\\\/blog.myvideomedia.com\\\/de\\\/#website\"},\"primaryImageOfPage\":{\"@id\":\"https:\\\/\\\/blog.myvideomedia.com\\\/de\\\/prschewalski-gedenkpark\\\/#primaryimage\"},\"image\":{\"@id\":\"https:\\\/\\\/blog.myvideomedia.com\\\/de\\\/prschewalski-gedenkpark\\\/#primaryimage\"},\"thumbnailUrl\":\"https:\\\/\\\/blog.myvideomedia.com\\\/wp-content\\\/uploads\\\/2018\\\/08\\\/Przhevalsky-3167m-c.jpg\",\"datePublished\":\"2018-08-02T07:27:14+00:00\",\"dateModified\":\"2020-10-04T16:09:36+00:00\",\"description\":\"Am Ufer des Yssykk\u00f6l liegt der Prschewalski Gedenkpark. Er beinhaltet das Grab von Prschewalski, ein Denkmal und ein Museum zu seinen Ehren.\",\"breadcrumb\":{\"@id\":\"https:\\\/\\\/blog.myvideomedia.com\\\/de\\\/prschewalski-gedenkpark\\\/#breadcrumb\"},\"inLanguage\":\"de\",\"potentialAction\":[{\"@type\":\"ReadAction\",\"target\":[\"https:\\\/\\\/blog.myvideomedia.com\\\/de\\\/prschewalski-gedenkpark\\\/\"]}]},{\"@type\":\"ImageObject\",\"inLanguage\":\"de\",\"@id\":\"https:\\\/\\\/blog.myvideomedia.com\\\/de\\\/prschewalski-gedenkpark\\\/#primaryimage\",\"url\":\"https:\\\/\\\/blog.myvideomedia.com\\\/wp-content\\\/uploads\\\/2018\\\/08\\\/Przhevalsky-3167m-c.jpg\",\"contentUrl\":\"https:\\\/\\\/blog.myvideomedia.com\\\/wp-content\\\/uploads\\\/2018\\\/08\\\/Przhevalsky-3167m-c.jpg\",\"width\":1280,\"height\":720,\"caption\":\"Przewalski Gedenkpark\"},{\"@type\":\"BreadcrumbList\",\"@id\":\"https:\\\/\\\/blog.myvideomedia.com\\\/de\\\/prschewalski-gedenkpark\\\/#breadcrumb\",\"itemListElement\":[{\"@type\":\"ListItem\",\"position\":1,\"name\":\"Home\",\"item\":\"https:\\\/\\\/blog.myvideomedia.com\\\/de\\\/\"},{\"@type\":\"ListItem\",\"position\":2,\"name\":\"Prschewalski Gedenkpark\"}]},{\"@type\":\"WebSite\",\"@id\":\"https:\\\/\\\/blog.myvideomedia.com\\\/de\\\/#website\",\"url\":\"https:\\\/\\\/blog.myvideomedia.com\\\/de\\\/\",\"name\":\"Travel Video Blog\",\"description\":\"myVideoMedia Reisetipps und Reisevideos\",\"publisher\":{\"@id\":\"https:\\\/\\\/blog.myvideomedia.com\\\/de\\\/#\\\/schema\\\/person\\\/87be8fbbed69b1562242448c1c3dcbec\"},\"potentialAction\":[{\"@type\":\"SearchAction\",\"target\":{\"@type\":\"EntryPoint\",\"urlTemplate\":\"https:\\\/\\\/blog.myvideomedia.com\\\/de\\\/?s={search_term_string}\"},\"query-input\":{\"@type\":\"PropertyValueSpecification\",\"valueRequired\":true,\"valueName\":\"search_term_string\"}}],\"inLanguage\":\"de\"},{\"@type\":[\"Person\",\"Organization\"],\"@id\":\"https:\\\/\\\/blog.myvideomedia.com\\\/de\\\/#\\\/schema\\\/person\\\/87be8fbbed69b1562242448c1c3dcbec\",\"name\":\"myVideoMedia\",\"image\":{\"@type\":\"ImageObject\",\"inLanguage\":\"de\",\"@id\":\"https:\\\/\\\/secure.gravatar.com\\\/avatar\\\/460720160715ef8975b781abd1b6985e55ce2f01567bb6757bebd73e7cf74c97?s=96&d=mm&r=g\",\"url\":\"https:\\\/\\\/secure.gravatar.com\\\/avatar\\\/460720160715ef8975b781abd1b6985e55ce2f01567bb6757bebd73e7cf74c97?s=96&d=mm&r=g\",\"contentUrl\":\"https:\\\/\\\/secure.gravatar.com\\\/avatar\\\/460720160715ef8975b781abd1b6985e55ce2f01567bb6757bebd73e7cf74c97?s=96&d=mm&r=g\",\"caption\":\"myVideoMedia\"},\"logo\":{\"@id\":\"https:\\\/\\\/secure.gravatar.com\\\/avatar\\\/460720160715ef8975b781abd1b6985e55ce2f01567bb6757bebd73e7cf74c97?s=96&d=mm&r=g\"},\"description\":\"\\\"The World is a book, and those who do not travel read only a page\\\" - Aurelius Augustinus (354 - 430 AD) Travel is our passion. With our posts and videos we like to inspire people who are planning or preparing for holidays as well as people who simply want to escape from everyday life and dream of faraway countries.\",\"sameAs\":[\"https:\\\/\\\/www.myvideomedia.com\",\"https:\\\/\\\/www.facebook.com\\\/ursula.streit.520\"],\"url\":\"https:\\\/\\\/blog.myvideomedia.com\\\/de\\\/author\\\/traveladm\\\/\"}]}<\/script>\n<!-- \/ Yoast SEO plugin. -->","yoast_head_json":{"title":"Prschewalski Gedenkpark - Reise Video Blog","description":"Am Ufer des Yssykk\u00f6l liegt der Prschewalski Gedenkpark. Er beinhaltet das Grab von Prschewalski, ein Denkmal und ein Museum zu seinen Ehren.","robots":{"index":"index","follow":"follow","max-snippet":"max-snippet:-1","max-image-preview":"max-image-preview:large","max-video-preview":"max-video-preview:-1"},"canonical":"https:\/\/blog.myvideomedia.com\/de\/prschewalski-gedenkpark\/","og_locale":"de_DE","og_type":"article","og_title":"Prschewalski Gedenkpark - Reise Video Blog","og_description":"Am Ufer des Yssykk\u00f6l liegt der Prschewalski Gedenkpark. Er beinhaltet das Grab von Prschewalski, ein Denkmal und ein Museum zu seinen Ehren.","og_url":"https:\/\/blog.myvideomedia.com\/de\/prschewalski-gedenkpark\/","og_site_name":"Reise Video Blog","article_publisher":"https:\/\/www.facebook.com\/ursula.streit.520","article_author":"https:\/\/www.facebook.com\/ursula.streit.520","article_published_time":"2018-08-02T07:27:14+00:00","article_modified_time":"2020-10-04T16:09:36+00:00","og_image":[{"width":1280,"height":720,"url":"https:\/\/blog.myvideomedia.com\/wp-content\/uploads\/2018\/08\/Przhevalsky-3167m-c.jpg","type":"image\/jpeg"}],"author":"myVideoMedia","twitter_card":"summary_large_image","twitter_creator":"@myvideomedia","twitter_site":"@myvideomedia","twitter_misc":{"Verfasst von":"myVideoMedia","Gesch\u00e4tzte Lesezeit":"3\u00a0Minuten"},"schema":{"@context":"https:\/\/schema.org","@graph":[{"@type":"Article","@id":"https:\/\/blog.myvideomedia.com\/de\/prschewalski-gedenkpark\/#article","isPartOf":{"@id":"https:\/\/blog.myvideomedia.com\/de\/prschewalski-gedenkpark\/"},"author":{"name":"myVideoMedia","@id":"https:\/\/blog.myvideomedia.com\/de\/#\/schema\/person\/87be8fbbed69b1562242448c1c3dcbec"},"headline":"Prschewalski Gedenkpark","datePublished":"2018-08-02T07:27:14+00:00","dateModified":"2020-10-04T16:09:36+00:00","mainEntityOfPage":{"@id":"https:\/\/blog.myvideomedia.com\/de\/prschewalski-gedenkpark\/"},"wordCount":519,"commentCount":0,"publisher":{"@id":"https:\/\/blog.myvideomedia.com\/de\/#\/schema\/person\/87be8fbbed69b1562242448c1c3dcbec"},"image":{"@id":"https:\/\/blog.myvideomedia.com\/de\/prschewalski-gedenkpark\/#primaryimage"},"thumbnailUrl":"https:\/\/blog.myvideomedia.com\/wp-content\/uploads\/2018\/08\/Przhevalsky-3167m-c.jpg","keywords":["Museum","Museum","Seidenstra\u00dfe"],"articleSection":["Asien","Kirgisistan"],"inLanguage":"de","potentialAction":[{"@type":"CommentAction","name":"Comment","target":["https:\/\/blog.myvideomedia.com\/de\/prschewalski-gedenkpark\/#respond"]}]},{"@type":"WebPage","@id":"https:\/\/blog.myvideomedia.com\/de\/prschewalski-gedenkpark\/","url":"https:\/\/blog.myvideomedia.com\/de\/prschewalski-gedenkpark\/","name":"Prschewalski Gedenkpark - Reise Video Blog","isPartOf":{"@id":"https:\/\/blog.myvideomedia.com\/de\/#website"},"primaryImageOfPage":{"@id":"https:\/\/blog.myvideomedia.com\/de\/prschewalski-gedenkpark\/#primaryimage"},"image":{"@id":"https:\/\/blog.myvideomedia.com\/de\/prschewalski-gedenkpark\/#primaryimage"},"thumbnailUrl":"https:\/\/blog.myvideomedia.com\/wp-content\/uploads\/2018\/08\/Przhevalsky-3167m-c.jpg","datePublished":"2018-08-02T07:27:14+00:00","dateModified":"2020-10-04T16:09:36+00:00","description":"Am Ufer des Yssykk\u00f6l liegt der Prschewalski Gedenkpark. Er beinhaltet das Grab von Prschewalski, ein Denkmal und ein Museum zu seinen Ehren.","breadcrumb":{"@id":"https:\/\/blog.myvideomedia.com\/de\/prschewalski-gedenkpark\/#breadcrumb"},"inLanguage":"de","potentialAction":[{"@type":"ReadAction","target":["https:\/\/blog.myvideomedia.com\/de\/prschewalski-gedenkpark\/"]}]},{"@type":"ImageObject","inLanguage":"de","@id":"https:\/\/blog.myvideomedia.com\/de\/prschewalski-gedenkpark\/#primaryimage","url":"https:\/\/blog.myvideomedia.com\/wp-content\/uploads\/2018\/08\/Przhevalsky-3167m-c.jpg","contentUrl":"https:\/\/blog.myvideomedia.com\/wp-content\/uploads\/2018\/08\/Przhevalsky-3167m-c.jpg","width":1280,"height":720,"caption":"Przewalski Gedenkpark"},{"@type":"BreadcrumbList","@id":"https:\/\/blog.myvideomedia.com\/de\/prschewalski-gedenkpark\/#breadcrumb","itemListElement":[{"@type":"ListItem","position":1,"name":"Home","item":"https:\/\/blog.myvideomedia.com\/de\/"},{"@type":"ListItem","position":2,"name":"Prschewalski Gedenkpark"}]},{"@type":"WebSite","@id":"https:\/\/blog.myvideomedia.com\/de\/#website","url":"https:\/\/blog.myvideomedia.com\/de\/","name":"Travel Video Blog","description":"myVideoMedia Reisetipps und Reisevideos","publisher":{"@id":"https:\/\/blog.myvideomedia.com\/de\/#\/schema\/person\/87be8fbbed69b1562242448c1c3dcbec"},"potentialAction":[{"@type":"SearchAction","target":{"@type":"EntryPoint","urlTemplate":"https:\/\/blog.myvideomedia.com\/de\/?s={search_term_string}"},"query-input":{"@type":"PropertyValueSpecification","valueRequired":true,"valueName":"search_term_string"}}],"inLanguage":"de"},{"@type":["Person","Organization"],"@id":"https:\/\/blog.myvideomedia.com\/de\/#\/schema\/person\/87be8fbbed69b1562242448c1c3dcbec","name":"myVideoMedia","image":{"@type":"ImageObject","inLanguage":"de","@id":"https:\/\/secure.gravatar.com\/avatar\/460720160715ef8975b781abd1b6985e55ce2f01567bb6757bebd73e7cf74c97?s=96&d=mm&r=g","url":"https:\/\/secure.gravatar.com\/avatar\/460720160715ef8975b781abd1b6985e55ce2f01567bb6757bebd73e7cf74c97?s=96&d=mm&r=g","contentUrl":"https:\/\/secure.gravatar.com\/avatar\/460720160715ef8975b781abd1b6985e55ce2f01567bb6757bebd73e7cf74c97?s=96&d=mm&r=g","caption":"myVideoMedia"},"logo":{"@id":"https:\/\/secure.gravatar.com\/avatar\/460720160715ef8975b781abd1b6985e55ce2f01567bb6757bebd73e7cf74c97?s=96&d=mm&r=g"},"description":"\"The World is a book, and those who do not travel read only a page\" - Aurelius Augustinus (354 - 430 AD) Travel is our passion. With our posts and videos we like to inspire people who are planning or preparing for holidays as well as people who simply want to escape from everyday life and dream of faraway countries.","sameAs":["https:\/\/www.myvideomedia.com","https:\/\/www.facebook.com\/ursula.streit.520"],"url":"https:\/\/blog.myvideomedia.com\/de\/author\/traveladm\/"}]}},"featured_image_src":"https:\/\/blog.myvideomedia.com\/wp-content\/uploads\/2018\/08\/Przhevalsky-3167m-c.jpg","featured_image_src_square":"https:\/\/blog.myvideomedia.com\/wp-content\/uploads\/2018\/08\/Przhevalsky-3167m-c.jpg","author_info":{"display_name":"myVideoMedia","author_link":"https:\/\/blog.myvideomedia.com\/de\/author\/traveladm\/"},"_links":{"self":[{"href":"https:\/\/blog.myvideomedia.com\/de\/wp-json\/wp\/v2\/posts\/19904","targetHints":{"allow":["GET"]}}],"collection":[{"href":"https:\/\/blog.myvideomedia.com\/de\/wp-json\/wp\/v2\/posts"}],"about":[{"href":"https:\/\/blog.myvideomedia.com\/de\/wp-json\/wp\/v2\/types\/post"}],"author":[{"embeddable":true,"href":"https:\/\/blog.myvideomedia.com\/de\/wp-json\/wp\/v2\/users\/1"}],"replies":[{"embeddable":true,"href":"https:\/\/blog.myvideomedia.com\/de\/wp-json\/wp\/v2\/comments?post=19904"}],"version-history":[{"count":0,"href":"https:\/\/blog.myvideomedia.com\/de\/wp-json\/wp\/v2\/posts\/19904\/revisions"}],"wp:featuredmedia":[{"embeddable":true,"href":"https:\/\/blog.myvideomedia.com\/de\/wp-json\/wp\/v2\/media\/19885"}],"wp:attachment":[{"href":"https:\/\/blog.myvideomedia.com\/de\/wp-json\/wp\/v2\/media?parent=19904"}],"wp:term":[{"taxonomy":"category","embeddable":true,"href":"https:\/\/blog.myvideomedia.com\/de\/wp-json\/wp\/v2\/categories?post=19904"},{"taxonomy":"post_tag","embeddable":true,"href":"https:\/\/blog.myvideomedia.com\/de\/wp-json\/wp\/v2\/tags?post=19904"}],"curies":[{"name":"wp","href":"https:\/\/api.w.org\/{rel}","templated":true}]}}