{"id":19923,"date":"2018-08-04T10:31:15","date_gmt":"2018-08-04T09:31:15","guid":{"rendered":"https:\/\/blog.myvideomedia.com\/?p=19923"},"modified":"2020-09-08T12:37:05","modified_gmt":"2020-09-08T11:37:05","slug":"kara-kyz-yurt-camp","status":"publish","type":"post","link":"https:\/\/blog.myvideomedia.com\/de\/kara-kyz-yurt-camp\/","title":{"rendered":"Kara-Kyz Yurt Camp"},"content":{"rendered":"\n<p>Das Kara-Kyz Yurt Camp liegt ca. 30 km in \u00f6stlicher Richtung von Karakol in einem dem Tien Shan vorgelagerten kleinen Tal.<\/p>\n\n\n\n<div class=\"wp-block-image\"><figure class=\"aligncenter\"><img loading=\"lazy\" decoding=\"async\" width=\"600\" height=\"400\" src=\"https:\/\/blog.myvideomedia.com\/wp-content\/uploads\/2018\/08\/Kara-Kyz-Yurt-Camp-DSC3193m-c-600x400.jpg\" alt=\"Auf dem Weg zum Kara-Kyz Yurt Camp\" class=\"wp-image-19908\" srcset=\"https:\/\/blog.myvideomedia.com\/wp-content\/uploads\/2018\/08\/Kara-Kyz-Yurt-Camp-DSC3193m-c-600x400.jpg 600w, https:\/\/blog.myvideomedia.com\/wp-content\/uploads\/2018\/08\/Kara-Kyz-Yurt-Camp-DSC3193m-c-768x512.jpg 768w, https:\/\/blog.myvideomedia.com\/wp-content\/uploads\/2018\/08\/Kara-Kyz-Yurt-Camp-DSC3193m-c-1260x841.jpg 1260w, https:\/\/blog.myvideomedia.com\/wp-content\/uploads\/2018\/08\/Kara-Kyz-Yurt-Camp-DSC3193m-c.jpg 1280w\" sizes=\"auto, (max-width: 600px) 100vw, 600px\" \/><\/figure><\/div>\n\n\n\n<p>Der Zugang zum Camp ist relativ schwierig zu finden und wir m\u00fcssen zwischen Konstantinovka und Kaiyrma Aryk mehrfach nach dem Weg fragen. Nachdem wir dann eine Bach durchquert und einen H\u00fcgel \u00fcberwunden haben, kommen wir gut im Camp an, das auf einer H\u00f6he von 2200 m liegt.<\/p>\n\n\n\n<h3 class=\"wp-block-heading\"><a rel=\"noopener noreferrer\" href=\"https:\/\/youtu.be\/65QPmABLEms\" target=\"_blank\">Hier sehen Sie das 4K UHD Video<\/a><\/h3>\n\n\n\n<figure> <div class=\"brlbs-cmpnt-container brlbs-cmpnt-content-blocker brlbs-cmpnt-with-individual-styles\" data-borlabs-cookie-content-blocker-id=\"youtube-content-blocker\" data-borlabs-cookie-content=\"PGlmcmFtZSBzcmM9Imh0dHBzOi8vd3d3LnlvdXR1YmUtbm9jb29raWUuY29tL2VtYmVkLzY1UVBtQUJMRW1zIiB3aWR0aD0iNjAwIiBoZWlnaHQ9IjMzOCI+PC9pZnJhbWU+\"><div class=\"brlbs-cmpnt-cb-preset-c brlbs-cmpnt-cb-youtube\"> <div class=\"brlbs-cmpnt-cb-thumbnail\" style=\"background-image: url('https:\/\/blog.myvideomedia.com\/wp-content\/uploads\/borlabs-cookie\/1\/yt_65QPmABLEms_hqdefault.jpg')\"><\/div> <div class=\"brlbs-cmpnt-cb-main\"> <div class=\"brlbs-cmpnt-cb-play-button\"><\/div> <div class=\"brlbs-cmpnt-cb-content\"> <p class=\"brlbs-cmpnt-cb-description\">Sie sehen gerade einen Platzhalterinhalt von <strong>YouTube<\/strong>. Um auf den eigentlichen Inhalt zuzugreifen, klicken Sie auf die Schaltfl\u00e4che unten. Bitte beachten Sie, dass dabei Daten an Drittanbieter weitergegeben werden.<\/p> <a class=\"brlbs-cmpnt-cb-provider-toggle\" href=\"#\" data-borlabs-cookie-show-provider-information role=\"button\">Mehr Informationen<\/a> <\/div> <div class=\"brlbs-cmpnt-cb-buttons\"> <a class=\"brlbs-cmpnt-cb-btn\" href=\"#\" data-borlabs-cookie-unblock role=\"button\">Inhalt entsperren<\/a> <a class=\"brlbs-cmpnt-cb-btn\" href=\"#\" data-borlabs-cookie-accept-service role=\"button\" style=\"display: inherit\">Erforderlichen Service akzeptieren und Inhalte entsperren<\/a> <\/div> <\/div> <\/div><\/div><\/figure>\n\n\n\n<p>Das Camp ist malerisch in ein kleines Tal, das von dichter Vegetation \u00fcberzogen ist, eingebettet. Neben einem kleinen Fluss stehen mehrere Jurten.<\/p>\n\n\n\n<div class=\"wp-block-image\"><figure class=\"aligncenter\"><img loading=\"lazy\" decoding=\"async\" width=\"600\" height=\"400\" src=\"https:\/\/blog.myvideomedia.com\/wp-content\/uploads\/2018\/08\/Kara-Kyz-Yurt-Camp-DSC3209-c-600x400.jpg\" alt=\"Kara-Kyz Yurt Camp\" class=\"wp-image-19912\" srcset=\"https:\/\/blog.myvideomedia.com\/wp-content\/uploads\/2018\/08\/Kara-Kyz-Yurt-Camp-DSC3209-c-600x400.jpg 600w, https:\/\/blog.myvideomedia.com\/wp-content\/uploads\/2018\/08\/Kara-Kyz-Yurt-Camp-DSC3209-c-768x512.jpg 768w, https:\/\/blog.myvideomedia.com\/wp-content\/uploads\/2018\/08\/Kara-Kyz-Yurt-Camp-DSC3209-c-1260x841.jpg 1260w, https:\/\/blog.myvideomedia.com\/wp-content\/uploads\/2018\/08\/Kara-Kyz-Yurt-Camp-DSC3209-c.jpg 1280w\" sizes=\"auto, (max-width: 600px) 100vw, 600px\" \/><\/figure><\/div>\n\n\n\n<p>Russische Berberitzen, die als Heilmittel zur Anwendung kommen und Sanddorn, der durch seinen hohen Vitamin C Gehalt bekannt ist, wachsen hier wild.<\/p>\n\n\n\n<div class=\"wp-block-image\"><figure class=\"aligncenter\"><img loading=\"lazy\" decoding=\"async\" width=\"600\" height=\"400\" src=\"https:\/\/blog.myvideomedia.com\/wp-content\/uploads\/2018\/08\/Kara-Kyz-Yurt-Camp-DSC3224-c-600x400.jpg\" alt=\"Kara-Kyz Yurt Camp\" class=\"wp-image-19914\" srcset=\"https:\/\/blog.myvideomedia.com\/wp-content\/uploads\/2018\/08\/Kara-Kyz-Yurt-Camp-DSC3224-c-600x400.jpg 600w, https:\/\/blog.myvideomedia.com\/wp-content\/uploads\/2018\/08\/Kara-Kyz-Yurt-Camp-DSC3224-c-768x512.jpg 768w, https:\/\/blog.myvideomedia.com\/wp-content\/uploads\/2018\/08\/Kara-Kyz-Yurt-Camp-DSC3224-c-1260x841.jpg 1260w, https:\/\/blog.myvideomedia.com\/wp-content\/uploads\/2018\/08\/Kara-Kyz-Yurt-Camp-DSC3224-c.jpg 1280w\" sizes=\"auto, (max-width: 600px) 100vw, 600px\" \/><\/figure><\/div>\n\n\n\n<p>Ein festes Geb\u00e4ude beinhaltet die K\u00fcche und einen Speisesaal.<\/p>\n\n\n\n<div class=\"wp-block-image\"><figure class=\"aligncenter\"><img loading=\"lazy\" decoding=\"async\" width=\"600\" height=\"400\" src=\"https:\/\/blog.myvideomedia.com\/wp-content\/uploads\/2018\/08\/Kara-Kyz-Yurt-Camp-DSC3210-cr-600x400.jpg\" alt=\"Kara-Kyz Yurt Camp\" class=\"wp-image-19916\" srcset=\"https:\/\/blog.myvideomedia.com\/wp-content\/uploads\/2018\/08\/Kara-Kyz-Yurt-Camp-DSC3210-cr-600x400.jpg 600w, https:\/\/blog.myvideomedia.com\/wp-content\/uploads\/2018\/08\/Kara-Kyz-Yurt-Camp-DSC3210-cr-768x512.jpg 768w, https:\/\/blog.myvideomedia.com\/wp-content\/uploads\/2018\/08\/Kara-Kyz-Yurt-Camp-DSC3210-cr-1260x841.jpg 1260w, https:\/\/blog.myvideomedia.com\/wp-content\/uploads\/2018\/08\/Kara-Kyz-Yurt-Camp-DSC3210-cr.jpg 1280w\" sizes=\"auto, (max-width: 600px) 100vw, 600px\" \/><\/figure><\/div>\n\n\n\n<p>Das Kara-Kyz Yurt Camp ist, abh\u00e4ngig von der Wetterlage, von Mai bis September ge\u00f6ffnet. Ein idealer Ausgangspunkt f\u00fcr Wanderungen oder Ausfl\u00fcge zu Pferde, die Ihnen die Betreiber gerne besorgt.<\/p>\n\n\n\n<div class=\"wp-block-image\"><figure class=\"aligncenter\"><img loading=\"lazy\" decoding=\"async\" width=\"600\" height=\"400\" src=\"https:\/\/blog.myvideomedia.com\/wp-content\/uploads\/2018\/08\/Kara_kyz-yurt-Camp-189-c-600x400.jpg\" alt=\"Kara-Kyz Yurt Camp\" class=\"wp-image-19934\" srcset=\"https:\/\/blog.myvideomedia.com\/wp-content\/uploads\/2018\/08\/Kara_kyz-yurt-Camp-189-c-600x400.jpg 600w, https:\/\/blog.myvideomedia.com\/wp-content\/uploads\/2018\/08\/Kara_kyz-yurt-Camp-189-c-768x512.jpg 768w, https:\/\/blog.myvideomedia.com\/wp-content\/uploads\/2018\/08\/Kara_kyz-yurt-Camp-189-c-1260x841.jpg 1260w, https:\/\/blog.myvideomedia.com\/wp-content\/uploads\/2018\/08\/Kara_kyz-yurt-Camp-189-c.jpg 1280w\" sizes=\"auto, (max-width: 600px) 100vw, 600px\" \/><\/figure><\/div>\n\n\n\n<p>Adilet zeigt uns die Anlage und f\u00fchrt uns herum. Nargiza seine Schwester bereitet uns ein leckeres Essen.<\/p>\n\n\n\n<p>Zur Begr\u00fc\u00dfung empf\u00e4ngt uns eine Schlange, die aber rasch unter einem Auto verschwindet. Es scheint eine Halysotter, eine Unterart der Grubenotter zu sein. Diese Schlangen sind sehr giftig, wobei es aber nur sehr selten zu Todesf\u00e4llen kommt, da sie sehr scheu sind. Dennoch sollte man gewisse Vorsichtsma\u00dfnahmen ber\u00fccksichtigen. Wichtig ist es stabiles Schuhwerk zu tragen.<\/p>\n\n\n\n<div class=\"wp-block-image\"><figure class=\"aligncenter\"><img loading=\"lazy\" decoding=\"async\" width=\"600\" height=\"400\" src=\"https:\/\/blog.myvideomedia.com\/wp-content\/uploads\/2018\/08\/Kara-Kyz-Yurt-Camp-184c-600x400.jpg\" alt=\"Kara-Kyz Yurt Camp\" class=\"wp-image-19927\" srcset=\"https:\/\/blog.myvideomedia.com\/wp-content\/uploads\/2018\/08\/Kara-Kyz-Yurt-Camp-184c-600x400.jpg 600w, https:\/\/blog.myvideomedia.com\/wp-content\/uploads\/2018\/08\/Kara-Kyz-Yurt-Camp-184c-768x512.jpg 768w, https:\/\/blog.myvideomedia.com\/wp-content\/uploads\/2018\/08\/Kara-Kyz-Yurt-Camp-184c-1260x841.jpg 1260w, https:\/\/blog.myvideomedia.com\/wp-content\/uploads\/2018\/08\/Kara-Kyz-Yurt-Camp-184c.jpg 1280w\" sizes=\"auto, (max-width: 600px) 100vw, 600px\" \/><\/figure><\/div>\n\n\n\n<p>In der Nacht ist besondere Vorsicht geboten, da die Halysottern \u00fcber Infrarot empfindliche Sinnesorgane verf\u00fcgt und damit in der Nacht jagen kann. Deshalb nachts die n\u00e4here Umgebung immer mit einer Taschenlampe ausleuchten.<\/p>\n\n\n\n<div class=\"wp-block-image\"><figure class=\"aligncenter\"><img loading=\"lazy\" decoding=\"async\" width=\"600\" height=\"400\" src=\"https:\/\/blog.myvideomedia.com\/wp-content\/uploads\/2018\/08\/Kara-Kyz-Yurt-Camp-185-c-600x400.jpg\" alt=\"Kara-Kyz Yurt Camp\" class=\"wp-image-19929\" srcset=\"https:\/\/blog.myvideomedia.com\/wp-content\/uploads\/2018\/08\/Kara-Kyz-Yurt-Camp-185-c-600x400.jpg 600w, https:\/\/blog.myvideomedia.com\/wp-content\/uploads\/2018\/08\/Kara-Kyz-Yurt-Camp-185-c-768x512.jpg 768w, https:\/\/blog.myvideomedia.com\/wp-content\/uploads\/2018\/08\/Kara-Kyz-Yurt-Camp-185-c-1260x841.jpg 1260w, https:\/\/blog.myvideomedia.com\/wp-content\/uploads\/2018\/08\/Kara-Kyz-Yurt-Camp-185-c.jpg 1280w\" sizes=\"auto, (max-width: 600px) 100vw, 600px\" \/><\/figure><\/div>\n\n\n\n<p>Die Schlange scheint auch niemanden nerv\u00f6s zu machen, weder Adilet noch Nargiza, noch die netten Arbeiter, die gerade ihr Essen einnehmen und mich gleich einladen, als ich sie filme. Auch der junge Hund, der fest angeleint ist, scheint nicht beunruhigt zu sein.<\/p>\n\n\n\n<div class=\"wp-block-image\"><figure class=\"aligncenter\"><img loading=\"lazy\" decoding=\"async\" width=\"600\" height=\"400\" src=\"https:\/\/blog.myvideomedia.com\/wp-content\/uploads\/2018\/08\/Kara-Kyz-Yurt-Camp-20170826_120345m-c-600x400.jpg\" alt=\"Kara-Kyz Yurt Camp\" class=\"wp-image-19922\" srcset=\"https:\/\/blog.myvideomedia.com\/wp-content\/uploads\/2018\/08\/Kara-Kyz-Yurt-Camp-20170826_120345m-c-600x400.jpg 600w, https:\/\/blog.myvideomedia.com\/wp-content\/uploads\/2018\/08\/Kara-Kyz-Yurt-Camp-20170826_120345m-c-768x512.jpg 768w, https:\/\/blog.myvideomedia.com\/wp-content\/uploads\/2018\/08\/Kara-Kyz-Yurt-Camp-20170826_120345m-c-1260x841.jpg 1260w, https:\/\/blog.myvideomedia.com\/wp-content\/uploads\/2018\/08\/Kara-Kyz-Yurt-Camp-20170826_120345m-c.jpg 1280w\" sizes=\"auto, (max-width: 600px) 100vw, 600px\" \/><\/figure><\/div>\n\n\n\n<p>Ich unternehme solange wir auf das Essen warten noch einen Drohnenflug, der mir einen wundersch\u00f6nen Blick auf das Camp und die Landschaft erlaubt. Leider stelle ich am Abend fest, dass ich die Videoaufzeichnung nicht eingeschaltet habe. Aber so ist das Leben, manchmal geht auch etwas schief.<\/p>\n\n\n\n<div class=\"wp-block-image\"><figure class=\"aligncenter\"><img loading=\"lazy\" decoding=\"async\" width=\"600\" height=\"400\" src=\"https:\/\/blog.myvideomedia.com\/wp-content\/uploads\/2018\/08\/Kara-Kyz-Yurt-Camp-186-c-600x400.jpg\" alt=\"Kara-Kyz Yurt Camp\" class=\"wp-image-19931\" srcset=\"https:\/\/blog.myvideomedia.com\/wp-content\/uploads\/2018\/08\/Kara-Kyz-Yurt-Camp-186-c-600x400.jpg 600w, https:\/\/blog.myvideomedia.com\/wp-content\/uploads\/2018\/08\/Kara-Kyz-Yurt-Camp-186-c-768x512.jpg 768w, https:\/\/blog.myvideomedia.com\/wp-content\/uploads\/2018\/08\/Kara-Kyz-Yurt-Camp-186-c-1260x841.jpg 1260w, https:\/\/blog.myvideomedia.com\/wp-content\/uploads\/2018\/08\/Kara-Kyz-Yurt-Camp-186-c.jpg 1280w\" sizes=\"auto, (max-width: 600px) 100vw, 600px\" \/><\/figure><\/div>\n\n\n\n<p>Dennoch ist es ein wundersch\u00f6ner Ausflug, der uns Kirgisistans Natur von seiner sch\u00f6nsten Seite zeigt.<\/p>\n\n\n\n<div class=\"wp-block-image\"><figure class=\"aligncenter\"><img loading=\"lazy\" decoding=\"async\" width=\"600\" height=\"400\" src=\"https:\/\/blog.myvideomedia.com\/wp-content\/uploads\/2018\/08\/Kara-Kyz-Yurt-Camp-DSC3217-c-600x400.jpg\" alt=\"Kara-Kyz Yurt Camp\" class=\"wp-image-19920\" srcset=\"https:\/\/blog.myvideomedia.com\/wp-content\/uploads\/2018\/08\/Kara-Kyz-Yurt-Camp-DSC3217-c-600x400.jpg 600w, https:\/\/blog.myvideomedia.com\/wp-content\/uploads\/2018\/08\/Kara-Kyz-Yurt-Camp-DSC3217-c-768x512.jpg 768w, https:\/\/blog.myvideomedia.com\/wp-content\/uploads\/2018\/08\/Kara-Kyz-Yurt-Camp-DSC3217-c-1260x841.jpg 1260w, https:\/\/blog.myvideomedia.com\/wp-content\/uploads\/2018\/08\/Kara-Kyz-Yurt-Camp-DSC3217-c.jpg 1280w\" sizes=\"auto, (max-width: 600px) 100vw, 600px\" \/><\/figure><\/div>\n\n\n\n<div class=\"content-box-blue\">\n<p>Sie besuchen Karakol und wollen in einem Jurtendorf \u00fcbernachten?<\/p>\n<p>Das Team von <a href=\"https:\/\/destinationkarakol.com\/\" target=\"_blank\" rel=\"noopener nofollow noreferrer\">Destination Karakol<\/a>&nbsp;hilft Ihnen gerne mit n\u00fctzlichen Informationen weiter<\/p>\n<\/div>\n\n\n\n<p>Lesen Sie weiter &gt; <a href=\"https:\/\/blog.myvideomedia.com\/de\/sonnenuntergang-auf-dem-yssykkoel\/\">Sonnenuntergang auf dem Yssykk\u00f6l<\/a><\/p>\n\n\n\n<h3 class=\"wp-block-heading\">Pin it for later<\/h3>\n\n\n\n<div class=\"wp-block-image\"><figure class=\"aligncenter\"><img loading=\"lazy\" decoding=\"async\" width=\"400\" height=\"600\" src=\"https:\/\/blog.myvideomedia.com\/wp-content\/uploads\/2018\/08\/Kara-Kyz-Yurt-Camp-c-400x600.jpg\" alt=\"Kara-Kyz Yurt Camp\" class=\"wp-image-19910\" srcset=\"https:\/\/blog.myvideomedia.com\/wp-content\/uploads\/2018\/08\/Kara-Kyz-Yurt-Camp-c-400x600.jpg 400w, https:\/\/blog.myvideomedia.com\/wp-content\/uploads\/2018\/08\/Kara-Kyz-Yurt-Camp-c.jpg 600w\" sizes=\"auto, (max-width: 400px) 100vw, 400px\" \/><\/figure><\/div>\n\n\n\n<p><em>Hinweis: Unsere Reise wurde in Zusammenarbeit mit <a href=\"http:\/\/www.discoverkyrgyzstan.org\/\" target=\"_blank\" rel=\"noopener nofollow noreferrer\">Discover Kyrgyzstan<\/a> organisiert und durch die Unterst\u00fctzung der United States Agency for International Development (USAID) erm\u00f6glicht. Alle Meinungen sind unsere eigenen.<\/em><\/p>\n\n\n\n<p>Text, Fotos und Video: Copyright \u00a9 <a href=\"https:\/\/www.myvideomedia.com\/de\" target=\"_blank\" rel=\"noopener noreferrer\">myVideoMedia<\/a><\/p>\n","protected":false},"excerpt":{"rendered":"<p>Das Kara-Kyz Yurt Camp liegt ca. 30 km in \u00f6stlicher Richtung von Karakol in einem dem Tien Shan vorgelagerten kleinen Tal. Der Zugang zum Camp ist relativ schwierig zu finden und wir m\u00fcssen zwischen Konstantinovka und Kaiyrma Aryk mehrfach nach dem Weg fragen. Nachdem wir dann eine Bach durchquert und einen H\u00fcgel \u00fcberwunden haben, kommen [&hellip;]<\/p>\n","protected":false},"author":1,"featured_media":19922,"comment_status":"open","ping_status":"closed","sticky":false,"template":"","format":"standard","meta":{"_genesis_hide_title":false,"_genesis_hide_breadcrumbs":false,"_genesis_hide_singular_image":false,"_genesis_hide_footer_widgets":false,"_genesis_custom_body_class":"","_genesis_custom_post_class":"","_genesis_layout":"","footnotes":""},"categories":[488,878],"tags":[89,1467,880],"class_list":{"0":"post-19923","1":"post","2":"type-post","3":"status-publish","4":"format-standard","5":"has-post-thumbnail","7":"category-asien","8":"category-kirgisistan","9":"tag-hotel","10":"tag-hotel-de-2","11":"tag-seidenstrasse","12":"entry"},"yoast_head":"<!-- This site is optimized with the Yoast SEO plugin v27.4 - https:\/\/yoast.com\/product\/yoast-seo-wordpress\/ -->\n<title>Kara-Kyz Yurt Camp - Kirgisistan - Reise Video Blog<\/title>\n<meta name=\"description\" content=\"Das Kara-Kyz Yurt Camp liegt ca. 30 km in \u00f6stlicher Richtung von Karakol in einem dem Tien Shan vorgelagerten malerischen kleinen Tal.\" \/>\n<meta name=\"robots\" content=\"index, follow, max-snippet:-1, max-image-preview:large, max-video-preview:-1\" \/>\n<link rel=\"canonical\" href=\"https:\/\/blog.myvideomedia.com\/de\/kara-kyz-yurt-camp\/\" \/>\n<meta property=\"og:locale\" content=\"de_DE\" \/>\n<meta property=\"og:type\" content=\"article\" \/>\n<meta property=\"og:title\" content=\"Kara-Kyz Yurt Camp - Kirgisistan - Reise Video Blog\" \/>\n<meta property=\"og:description\" content=\"Das Kara-Kyz Yurt Camp liegt ca. 30 km in \u00f6stlicher Richtung von Karakol in einem dem Tien Shan vorgelagerten malerischen kleinen Tal.\" \/>\n<meta property=\"og:url\" content=\"https:\/\/blog.myvideomedia.com\/de\/kara-kyz-yurt-camp\/\" \/>\n<meta property=\"og:site_name\" content=\"Reise Video Blog\" \/>\n<meta property=\"article:publisher\" content=\"https:\/\/www.facebook.com\/ursula.streit.520\" \/>\n<meta property=\"article:author\" content=\"https:\/\/www.facebook.com\/ursula.streit.520\" \/>\n<meta property=\"article:published_time\" content=\"2018-08-04T09:31:15+00:00\" \/>\n<meta property=\"article:modified_time\" content=\"2020-09-08T11:37:05+00:00\" \/>\n<meta property=\"og:image\" content=\"https:\/\/blog.myvideomedia.com\/wp-content\/uploads\/2018\/08\/Kara-Kyz-Yurt-Camp-20170826_120345m-c.jpg\" \/>\n\t<meta property=\"og:image:width\" content=\"1280\" \/>\n\t<meta property=\"og:image:height\" content=\"854\" \/>\n\t<meta property=\"og:image:type\" content=\"image\/jpeg\" \/>\n<meta name=\"author\" content=\"myVideoMedia\" \/>\n<meta name=\"twitter:card\" content=\"summary_large_image\" \/>\n<meta name=\"twitter:creator\" content=\"@myvideomedia\" \/>\n<meta name=\"twitter:site\" content=\"@myvideomedia\" \/>\n<meta name=\"twitter:label1\" content=\"Verfasst von\" \/>\n\t<meta name=\"twitter:data1\" content=\"myVideoMedia\" \/>\n\t<meta name=\"twitter:label2\" content=\"Gesch\u00e4tzte Lesezeit\" \/>\n\t<meta name=\"twitter:data2\" content=\"2\u00a0Minuten\" \/>\n<script type=\"application\/ld+json\" class=\"yoast-schema-graph\">{\"@context\":\"https:\\\/\\\/schema.org\",\"@graph\":[{\"@type\":\"Article\",\"@id\":\"https:\\\/\\\/blog.myvideomedia.com\\\/de\\\/kara-kyz-yurt-camp\\\/#article\",\"isPartOf\":{\"@id\":\"https:\\\/\\\/blog.myvideomedia.com\\\/de\\\/kara-kyz-yurt-camp\\\/\"},\"author\":{\"name\":\"myVideoMedia\",\"@id\":\"https:\\\/\\\/blog.myvideomedia.com\\\/de\\\/#\\\/schema\\\/person\\\/87be8fbbed69b1562242448c1c3dcbec\"},\"headline\":\"Kara-Kyz Yurt Camp\",\"datePublished\":\"2018-08-04T09:31:15+00:00\",\"dateModified\":\"2020-09-08T11:37:05+00:00\",\"mainEntityOfPage\":{\"@id\":\"https:\\\/\\\/blog.myvideomedia.com\\\/de\\\/kara-kyz-yurt-camp\\\/\"},\"wordCount\":458,\"commentCount\":0,\"publisher\":{\"@id\":\"https:\\\/\\\/blog.myvideomedia.com\\\/de\\\/#\\\/schema\\\/person\\\/87be8fbbed69b1562242448c1c3dcbec\"},\"image\":{\"@id\":\"https:\\\/\\\/blog.myvideomedia.com\\\/de\\\/kara-kyz-yurt-camp\\\/#primaryimage\"},\"thumbnailUrl\":\"https:\\\/\\\/blog.myvideomedia.com\\\/wp-content\\\/uploads\\\/2018\\\/08\\\/Kara-Kyz-Yurt-Camp-20170826_120345m-c.jpg\",\"keywords\":[\"Hotel\",\"Hotel\",\"Seidenstra\u00dfe\"],\"articleSection\":[\"Asien\",\"Kirgisistan\"],\"inLanguage\":\"de\",\"potentialAction\":[{\"@type\":\"CommentAction\",\"name\":\"Comment\",\"target\":[\"https:\\\/\\\/blog.myvideomedia.com\\\/de\\\/kara-kyz-yurt-camp\\\/#respond\"]}]},{\"@type\":\"WebPage\",\"@id\":\"https:\\\/\\\/blog.myvideomedia.com\\\/de\\\/kara-kyz-yurt-camp\\\/\",\"url\":\"https:\\\/\\\/blog.myvideomedia.com\\\/de\\\/kara-kyz-yurt-camp\\\/\",\"name\":\"Kara-Kyz Yurt Camp - Kirgisistan - Reise Video Blog\",\"isPartOf\":{\"@id\":\"https:\\\/\\\/blog.myvideomedia.com\\\/de\\\/#website\"},\"primaryImageOfPage\":{\"@id\":\"https:\\\/\\\/blog.myvideomedia.com\\\/de\\\/kara-kyz-yurt-camp\\\/#primaryimage\"},\"image\":{\"@id\":\"https:\\\/\\\/blog.myvideomedia.com\\\/de\\\/kara-kyz-yurt-camp\\\/#primaryimage\"},\"thumbnailUrl\":\"https:\\\/\\\/blog.myvideomedia.com\\\/wp-content\\\/uploads\\\/2018\\\/08\\\/Kara-Kyz-Yurt-Camp-20170826_120345m-c.jpg\",\"datePublished\":\"2018-08-04T09:31:15+00:00\",\"dateModified\":\"2020-09-08T11:37:05+00:00\",\"description\":\"Das Kara-Kyz Yurt Camp liegt ca. 30 km in \u00f6stlicher Richtung von Karakol in einem dem Tien Shan vorgelagerten malerischen kleinen Tal.\",\"breadcrumb\":{\"@id\":\"https:\\\/\\\/blog.myvideomedia.com\\\/de\\\/kara-kyz-yurt-camp\\\/#breadcrumb\"},\"inLanguage\":\"de\",\"potentialAction\":[{\"@type\":\"ReadAction\",\"target\":[\"https:\\\/\\\/blog.myvideomedia.com\\\/de\\\/kara-kyz-yurt-camp\\\/\"]}]},{\"@type\":\"ImageObject\",\"inLanguage\":\"de\",\"@id\":\"https:\\\/\\\/blog.myvideomedia.com\\\/de\\\/kara-kyz-yurt-camp\\\/#primaryimage\",\"url\":\"https:\\\/\\\/blog.myvideomedia.com\\\/wp-content\\\/uploads\\\/2018\\\/08\\\/Kara-Kyz-Yurt-Camp-20170826_120345m-c.jpg\",\"contentUrl\":\"https:\\\/\\\/blog.myvideomedia.com\\\/wp-content\\\/uploads\\\/2018\\\/08\\\/Kara-Kyz-Yurt-Camp-20170826_120345m-c.jpg\",\"width\":1280,\"height\":854,\"caption\":\"Kara-Kyz Yurt Camp\"},{\"@type\":\"BreadcrumbList\",\"@id\":\"https:\\\/\\\/blog.myvideomedia.com\\\/de\\\/kara-kyz-yurt-camp\\\/#breadcrumb\",\"itemListElement\":[{\"@type\":\"ListItem\",\"position\":1,\"name\":\"Home\",\"item\":\"https:\\\/\\\/blog.myvideomedia.com\\\/de\\\/\"},{\"@type\":\"ListItem\",\"position\":2,\"name\":\"Kara-Kyz Yurt Camp\"}]},{\"@type\":\"WebSite\",\"@id\":\"https:\\\/\\\/blog.myvideomedia.com\\\/de\\\/#website\",\"url\":\"https:\\\/\\\/blog.myvideomedia.com\\\/de\\\/\",\"name\":\"Travel Video Blog\",\"description\":\"myVideoMedia Reisetipps und Reisevideos\",\"publisher\":{\"@id\":\"https:\\\/\\\/blog.myvideomedia.com\\\/de\\\/#\\\/schema\\\/person\\\/87be8fbbed69b1562242448c1c3dcbec\"},\"potentialAction\":[{\"@type\":\"SearchAction\",\"target\":{\"@type\":\"EntryPoint\",\"urlTemplate\":\"https:\\\/\\\/blog.myvideomedia.com\\\/de\\\/?s={search_term_string}\"},\"query-input\":{\"@type\":\"PropertyValueSpecification\",\"valueRequired\":true,\"valueName\":\"search_term_string\"}}],\"inLanguage\":\"de\"},{\"@type\":[\"Person\",\"Organization\"],\"@id\":\"https:\\\/\\\/blog.myvideomedia.com\\\/de\\\/#\\\/schema\\\/person\\\/87be8fbbed69b1562242448c1c3dcbec\",\"name\":\"myVideoMedia\",\"image\":{\"@type\":\"ImageObject\",\"inLanguage\":\"de\",\"@id\":\"https:\\\/\\\/secure.gravatar.com\\\/avatar\\\/460720160715ef8975b781abd1b6985e55ce2f01567bb6757bebd73e7cf74c97?s=96&d=mm&r=g\",\"url\":\"https:\\\/\\\/secure.gravatar.com\\\/avatar\\\/460720160715ef8975b781abd1b6985e55ce2f01567bb6757bebd73e7cf74c97?s=96&d=mm&r=g\",\"contentUrl\":\"https:\\\/\\\/secure.gravatar.com\\\/avatar\\\/460720160715ef8975b781abd1b6985e55ce2f01567bb6757bebd73e7cf74c97?s=96&d=mm&r=g\",\"caption\":\"myVideoMedia\"},\"logo\":{\"@id\":\"https:\\\/\\\/secure.gravatar.com\\\/avatar\\\/460720160715ef8975b781abd1b6985e55ce2f01567bb6757bebd73e7cf74c97?s=96&d=mm&r=g\"},\"description\":\"\\\"The World is a book, and those who do not travel read only a page\\\" - Aurelius Augustinus (354 - 430 AD) Travel is our passion. With our posts and videos we like to inspire people who are planning or preparing for holidays as well as people who simply want to escape from everyday life and dream of faraway countries.\",\"sameAs\":[\"https:\\\/\\\/www.myvideomedia.com\",\"https:\\\/\\\/www.facebook.com\\\/ursula.streit.520\"],\"url\":\"https:\\\/\\\/blog.myvideomedia.com\\\/de\\\/author\\\/traveladm\\\/\"}]}<\/script>\n<!-- \/ Yoast SEO plugin. -->","yoast_head_json":{"title":"Kara-Kyz Yurt Camp - Kirgisistan - Reise Video Blog","description":"Das Kara-Kyz Yurt Camp liegt ca. 30 km in \u00f6stlicher Richtung von Karakol in einem dem Tien Shan vorgelagerten malerischen kleinen Tal.","robots":{"index":"index","follow":"follow","max-snippet":"max-snippet:-1","max-image-preview":"max-image-preview:large","max-video-preview":"max-video-preview:-1"},"canonical":"https:\/\/blog.myvideomedia.com\/de\/kara-kyz-yurt-camp\/","og_locale":"de_DE","og_type":"article","og_title":"Kara-Kyz Yurt Camp - Kirgisistan - Reise Video Blog","og_description":"Das Kara-Kyz Yurt Camp liegt ca. 30 km in \u00f6stlicher Richtung von Karakol in einem dem Tien Shan vorgelagerten malerischen kleinen Tal.","og_url":"https:\/\/blog.myvideomedia.com\/de\/kara-kyz-yurt-camp\/","og_site_name":"Reise Video Blog","article_publisher":"https:\/\/www.facebook.com\/ursula.streit.520","article_author":"https:\/\/www.facebook.com\/ursula.streit.520","article_published_time":"2018-08-04T09:31:15+00:00","article_modified_time":"2020-09-08T11:37:05+00:00","og_image":[{"width":1280,"height":854,"url":"https:\/\/blog.myvideomedia.com\/wp-content\/uploads\/2018\/08\/Kara-Kyz-Yurt-Camp-20170826_120345m-c.jpg","type":"image\/jpeg"}],"author":"myVideoMedia","twitter_card":"summary_large_image","twitter_creator":"@myvideomedia","twitter_site":"@myvideomedia","twitter_misc":{"Verfasst von":"myVideoMedia","Gesch\u00e4tzte Lesezeit":"2\u00a0Minuten"},"schema":{"@context":"https:\/\/schema.org","@graph":[{"@type":"Article","@id":"https:\/\/blog.myvideomedia.com\/de\/kara-kyz-yurt-camp\/#article","isPartOf":{"@id":"https:\/\/blog.myvideomedia.com\/de\/kara-kyz-yurt-camp\/"},"author":{"name":"myVideoMedia","@id":"https:\/\/blog.myvideomedia.com\/de\/#\/schema\/person\/87be8fbbed69b1562242448c1c3dcbec"},"headline":"Kara-Kyz Yurt Camp","datePublished":"2018-08-04T09:31:15+00:00","dateModified":"2020-09-08T11:37:05+00:00","mainEntityOfPage":{"@id":"https:\/\/blog.myvideomedia.com\/de\/kara-kyz-yurt-camp\/"},"wordCount":458,"commentCount":0,"publisher":{"@id":"https:\/\/blog.myvideomedia.com\/de\/#\/schema\/person\/87be8fbbed69b1562242448c1c3dcbec"},"image":{"@id":"https:\/\/blog.myvideomedia.com\/de\/kara-kyz-yurt-camp\/#primaryimage"},"thumbnailUrl":"https:\/\/blog.myvideomedia.com\/wp-content\/uploads\/2018\/08\/Kara-Kyz-Yurt-Camp-20170826_120345m-c.jpg","keywords":["Hotel","Hotel","Seidenstra\u00dfe"],"articleSection":["Asien","Kirgisistan"],"inLanguage":"de","potentialAction":[{"@type":"CommentAction","name":"Comment","target":["https:\/\/blog.myvideomedia.com\/de\/kara-kyz-yurt-camp\/#respond"]}]},{"@type":"WebPage","@id":"https:\/\/blog.myvideomedia.com\/de\/kara-kyz-yurt-camp\/","url":"https:\/\/blog.myvideomedia.com\/de\/kara-kyz-yurt-camp\/","name":"Kara-Kyz Yurt Camp - Kirgisistan - Reise Video Blog","isPartOf":{"@id":"https:\/\/blog.myvideomedia.com\/de\/#website"},"primaryImageOfPage":{"@id":"https:\/\/blog.myvideomedia.com\/de\/kara-kyz-yurt-camp\/#primaryimage"},"image":{"@id":"https:\/\/blog.myvideomedia.com\/de\/kara-kyz-yurt-camp\/#primaryimage"},"thumbnailUrl":"https:\/\/blog.myvideomedia.com\/wp-content\/uploads\/2018\/08\/Kara-Kyz-Yurt-Camp-20170826_120345m-c.jpg","datePublished":"2018-08-04T09:31:15+00:00","dateModified":"2020-09-08T11:37:05+00:00","description":"Das Kara-Kyz Yurt Camp liegt ca. 30 km in \u00f6stlicher Richtung von Karakol in einem dem Tien Shan vorgelagerten malerischen kleinen Tal.","breadcrumb":{"@id":"https:\/\/blog.myvideomedia.com\/de\/kara-kyz-yurt-camp\/#breadcrumb"},"inLanguage":"de","potentialAction":[{"@type":"ReadAction","target":["https:\/\/blog.myvideomedia.com\/de\/kara-kyz-yurt-camp\/"]}]},{"@type":"ImageObject","inLanguage":"de","@id":"https:\/\/blog.myvideomedia.com\/de\/kara-kyz-yurt-camp\/#primaryimage","url":"https:\/\/blog.myvideomedia.com\/wp-content\/uploads\/2018\/08\/Kara-Kyz-Yurt-Camp-20170826_120345m-c.jpg","contentUrl":"https:\/\/blog.myvideomedia.com\/wp-content\/uploads\/2018\/08\/Kara-Kyz-Yurt-Camp-20170826_120345m-c.jpg","width":1280,"height":854,"caption":"Kara-Kyz Yurt Camp"},{"@type":"BreadcrumbList","@id":"https:\/\/blog.myvideomedia.com\/de\/kara-kyz-yurt-camp\/#breadcrumb","itemListElement":[{"@type":"ListItem","position":1,"name":"Home","item":"https:\/\/blog.myvideomedia.com\/de\/"},{"@type":"ListItem","position":2,"name":"Kara-Kyz Yurt Camp"}]},{"@type":"WebSite","@id":"https:\/\/blog.myvideomedia.com\/de\/#website","url":"https:\/\/blog.myvideomedia.com\/de\/","name":"Travel Video Blog","description":"myVideoMedia Reisetipps und Reisevideos","publisher":{"@id":"https:\/\/blog.myvideomedia.com\/de\/#\/schema\/person\/87be8fbbed69b1562242448c1c3dcbec"},"potentialAction":[{"@type":"SearchAction","target":{"@type":"EntryPoint","urlTemplate":"https:\/\/blog.myvideomedia.com\/de\/?s={search_term_string}"},"query-input":{"@type":"PropertyValueSpecification","valueRequired":true,"valueName":"search_term_string"}}],"inLanguage":"de"},{"@type":["Person","Organization"],"@id":"https:\/\/blog.myvideomedia.com\/de\/#\/schema\/person\/87be8fbbed69b1562242448c1c3dcbec","name":"myVideoMedia","image":{"@type":"ImageObject","inLanguage":"de","@id":"https:\/\/secure.gravatar.com\/avatar\/460720160715ef8975b781abd1b6985e55ce2f01567bb6757bebd73e7cf74c97?s=96&d=mm&r=g","url":"https:\/\/secure.gravatar.com\/avatar\/460720160715ef8975b781abd1b6985e55ce2f01567bb6757bebd73e7cf74c97?s=96&d=mm&r=g","contentUrl":"https:\/\/secure.gravatar.com\/avatar\/460720160715ef8975b781abd1b6985e55ce2f01567bb6757bebd73e7cf74c97?s=96&d=mm&r=g","caption":"myVideoMedia"},"logo":{"@id":"https:\/\/secure.gravatar.com\/avatar\/460720160715ef8975b781abd1b6985e55ce2f01567bb6757bebd73e7cf74c97?s=96&d=mm&r=g"},"description":"\"The World is a book, and those who do not travel read only a page\" - Aurelius Augustinus (354 - 430 AD) Travel is our passion. With our posts and videos we like to inspire people who are planning or preparing for holidays as well as people who simply want to escape from everyday life and dream of faraway countries.","sameAs":["https:\/\/www.myvideomedia.com","https:\/\/www.facebook.com\/ursula.streit.520"],"url":"https:\/\/blog.myvideomedia.com\/de\/author\/traveladm\/"}]}},"featured_image_src":"https:\/\/blog.myvideomedia.com\/wp-content\/uploads\/2018\/08\/Kara-Kyz-Yurt-Camp-20170826_120345m-c.jpg","featured_image_src_square":"https:\/\/blog.myvideomedia.com\/wp-content\/uploads\/2018\/08\/Kara-Kyz-Yurt-Camp-20170826_120345m-c.jpg","author_info":{"display_name":"myVideoMedia","author_link":"https:\/\/blog.myvideomedia.com\/de\/author\/traveladm\/"},"_links":{"self":[{"href":"https:\/\/blog.myvideomedia.com\/de\/wp-json\/wp\/v2\/posts\/19923","targetHints":{"allow":["GET"]}}],"collection":[{"href":"https:\/\/blog.myvideomedia.com\/de\/wp-json\/wp\/v2\/posts"}],"about":[{"href":"https:\/\/blog.myvideomedia.com\/de\/wp-json\/wp\/v2\/types\/post"}],"author":[{"embeddable":true,"href":"https:\/\/blog.myvideomedia.com\/de\/wp-json\/wp\/v2\/users\/1"}],"replies":[{"embeddable":true,"href":"https:\/\/blog.myvideomedia.com\/de\/wp-json\/wp\/v2\/comments?post=19923"}],"version-history":[{"count":0,"href":"https:\/\/blog.myvideomedia.com\/de\/wp-json\/wp\/v2\/posts\/19923\/revisions"}],"wp:featuredmedia":[{"embeddable":true,"href":"https:\/\/blog.myvideomedia.com\/de\/wp-json\/wp\/v2\/media\/19922"}],"wp:attachment":[{"href":"https:\/\/blog.myvideomedia.com\/de\/wp-json\/wp\/v2\/media?parent=19923"}],"wp:term":[{"taxonomy":"category","embeddable":true,"href":"https:\/\/blog.myvideomedia.com\/de\/wp-json\/wp\/v2\/categories?post=19923"},{"taxonomy":"post_tag","embeddable":true,"href":"https:\/\/blog.myvideomedia.com\/de\/wp-json\/wp\/v2\/tags?post=19923"}],"curies":[{"name":"wp","href":"https:\/\/api.w.org\/{rel}","templated":true}]}}