{"id":20379,"date":"2018-09-22T07:21:47","date_gmt":"2018-09-22T06:21:47","guid":{"rendered":"https:\/\/blog.myvideomedia.com\/?p=20379"},"modified":"2020-08-09T12:03:42","modified_gmt":"2020-08-09T11:03:42","slug":"an-der-saarschleife","status":"publish","type":"post","link":"https:\/\/blog.myvideomedia.com\/de\/an-der-saarschleife\/","title":{"rendered":"An der Saarschleife"},"content":{"rendered":"\n<p>Die Saarschleife liegt im Dreil\u00e4ndereck, Deutschland, Frankreich und Luxemburg.<\/p>\n\n\n\n<p>kennengelernt. Schon damals haben wir vereinbart, dass wir uns wiedersehen wollen. Eithne ist Irin, lebt aber in Dubai. Auf dem Weg in ihre alte Heimat hat sie in Luxemburg einen Zwischenstopp eingelegt und eine Freundin besucht. Somit hat sich auch ein Besuch bei uns angeboten.<\/p>\n\n\n\n<p>Da sie sehr reisefreudig ist, wollen wir ihr nat\u00fcrlich auch unsere Gegend zeigen. Auf dem Weg von Luxemburg zu uns nach Hause besuchen wir die Saarschleife bei Mettlach.<\/p>\n\n\n\n<div class=\"wp-block-image\"><figure class=\"aligncenter\"><img loading=\"lazy\" decoding=\"async\" width=\"600\" height=\"400\" src=\"https:\/\/blog.myvideomedia.com\/wp-content\/uploads\/2018\/09\/Saarschleife_001m-600x400.jpg\" alt=\"Saarschleife\" class=\"wp-image-20366\" srcset=\"https:\/\/blog.myvideomedia.com\/wp-content\/uploads\/2018\/09\/Saarschleife_001m-600x400.jpg 600w, https:\/\/blog.myvideomedia.com\/wp-content\/uploads\/2018\/09\/Saarschleife_001m-768x512.jpg 768w, https:\/\/blog.myvideomedia.com\/wp-content\/uploads\/2018\/09\/Saarschleife_001m-1260x841.jpg 1260w, https:\/\/blog.myvideomedia.com\/wp-content\/uploads\/2018\/09\/Saarschleife_001m.jpg 1280w\" sizes=\"auto, (max-width: 600px) 100vw, 600px\" \/><\/figure><\/div>\n\n\n\n<p>Eigentlich sind es von Besseringen nach Mettlach nur 2 km Luftlinie, doch die Saar ist gezwungen einen Umweg von fast 10 km durch den Taunusquarzit zu machen.<\/p>\n\n\n\n<p>Aus 180 m H\u00f6he \u00fcber dem Fluss hat man eine herrlichen Blick auf nahezu die gesamte Schleife. Bislang war der Ausblick nur vom Cloef-Atrium, einer Steinterrasse, aus m\u00f6glich.<\/p>\n\n\n\n<div class=\"wp-block-image\"><figure class=\"aligncenter\"><img loading=\"lazy\" decoding=\"async\" width=\"600\" height=\"400\" src=\"https:\/\/blog.myvideomedia.com\/wp-content\/uploads\/2018\/09\/treetop-path_DSC8699-600x400.jpg\" alt=\"Baumwipfelpfad Saarschleife\" class=\"wp-image-20368\" srcset=\"https:\/\/blog.myvideomedia.com\/wp-content\/uploads\/2018\/09\/treetop-path_DSC8699-600x400.jpg 600w, https:\/\/blog.myvideomedia.com\/wp-content\/uploads\/2018\/09\/treetop-path_DSC8699-768x512.jpg 768w, https:\/\/blog.myvideomedia.com\/wp-content\/uploads\/2018\/09\/treetop-path_DSC8699-1260x841.jpg 1260w, https:\/\/blog.myvideomedia.com\/wp-content\/uploads\/2018\/09\/treetop-path_DSC8699.jpg 1280w\" sizes=\"auto, (max-width: 600px) 100vw, 600px\" \/><\/figure><\/div>\n\n\n\n<p>2016 wurde ein Baumwipfelpfad errichtet. Der Pfad f\u00fchrt 1250 m weit durch den Wald, wobei der Steg in einer H\u00f6he von bis zu 23 m verl\u00e4uft. An seinem Ende wurde ein 42 m hoher Aussichtsturm mit einer 70 m\u00b2 gro\u00dfen Terrasse errichtet.<\/p>\n\n\n\n<p>Der Weg f\u00fchrt in Serpentinen hinauf und hat keine Stufen. Der Aussichtsturm besteht \u00fcberwiegend aus Holz. Nur das tragende Ger\u00fcst ist aus Stahl.<\/p>\n\n\n\n<h3 class=\"has-text-align-center wp-block-heading\"><a href=\"https:\/\/youtu.be\/3YVcnr_1abo\" target=\"_blank\" rel=\"noopener nofollow noreferrer\">Hier sehen Sie das 4K UHD Video<\/a><\/h3>\n\n\n\n<figure> <div class=\"brlbs-cmpnt-container brlbs-cmpnt-content-blocker brlbs-cmpnt-with-individual-styles\" data-borlabs-cookie-content-blocker-id=\"youtube-content-blocker\" data-borlabs-cookie-content=\"PGlmcmFtZSBzcmM9Imh0dHBzOi8vd3d3LnlvdXR1YmUtbm9jb29raWUuY29tL2VtYmVkLzNZVmNucl8xYWJvIiB3aWR0aD0iNjAwIiBoZWlnaHQ9IjMzOCI+PC9pZnJhbWU+\"><div class=\"brlbs-cmpnt-cb-preset-c brlbs-cmpnt-cb-youtube\"> <div class=\"brlbs-cmpnt-cb-thumbnail\" style=\"background-image: url('https:\/\/blog.myvideomedia.com\/wp-content\/uploads\/borlabs-cookie\/1\/yt_3YVcnr_1abo_hqdefault.jpg')\"><\/div> <div class=\"brlbs-cmpnt-cb-main\"> <div class=\"brlbs-cmpnt-cb-play-button\"><\/div> <div class=\"brlbs-cmpnt-cb-content\"> <p class=\"brlbs-cmpnt-cb-description\">Sie sehen gerade einen Platzhalterinhalt von <strong>YouTube<\/strong>. Um auf den eigentlichen Inhalt zuzugreifen, klicken Sie auf die Schaltfl\u00e4che unten. Bitte beachten Sie, dass dabei Daten an Drittanbieter weitergegeben werden.<\/p> <a class=\"brlbs-cmpnt-cb-provider-toggle\" href=\"#\" data-borlabs-cookie-show-provider-information role=\"button\">Mehr Informationen<\/a> <\/div> <div class=\"brlbs-cmpnt-cb-buttons\"> <a class=\"brlbs-cmpnt-cb-btn\" href=\"#\" data-borlabs-cookie-unblock role=\"button\">Inhalt entsperren<\/a> <a class=\"brlbs-cmpnt-cb-btn\" href=\"#\" data-borlabs-cookie-accept-service role=\"button\" style=\"display: inherit\">Erforderlichen Service akzeptieren und Inhalte entsperren<\/a> <\/div> <\/div> <\/div><\/div><\/figure>\n\n\n\n<p>Bei guter Sicht kann man das stillgelegte Kohlekraftwerk Ensdorf in 28 km Entfernung erkennen. <\/p>\n\n\n\n<div class=\"wp-block-image\"><figure class=\"aligncenter\"><img loading=\"lazy\" decoding=\"async\" width=\"600\" height=\"400\" src=\"https:\/\/blog.myvideomedia.com\/wp-content\/uploads\/2018\/09\/Saarschleife_DSC8717-600x400.jpg\" alt=\"Saarschleife\" class=\"wp-image-20372\" srcset=\"https:\/\/blog.myvideomedia.com\/wp-content\/uploads\/2018\/09\/Saarschleife_DSC8717-600x400.jpg 600w, https:\/\/blog.myvideomedia.com\/wp-content\/uploads\/2018\/09\/Saarschleife_DSC8717-768x512.jpg 768w, https:\/\/blog.myvideomedia.com\/wp-content\/uploads\/2018\/09\/Saarschleife_DSC8717-1260x841.jpg 1260w, https:\/\/blog.myvideomedia.com\/wp-content\/uploads\/2018\/09\/Saarschleife_DSC8717.jpg 1280w\" sizes=\"auto, (max-width: 600px) 100vw, 600px\" \/><\/figure><\/div>\n\n\n\n<p>Wir glauben, dass die Saarschleife und der Baumwipfelpfad nicht nur uns, sondern auch Eithne sehr gut gefallen hat.<\/p>\n\n\n\n<div class=\"wp-block-image\"><figure class=\"aligncenter\"><img loading=\"lazy\" decoding=\"async\" width=\"600\" height=\"400\" src=\"https:\/\/blog.myvideomedia.com\/wp-content\/uploads\/2018\/09\/Eitne_DSC8734-600x400.jpg\" alt=\"Eithne\" class=\"wp-image-20376\" srcset=\"https:\/\/blog.myvideomedia.com\/wp-content\/uploads\/2018\/09\/Eitne_DSC8734-600x400.jpg 600w, https:\/\/blog.myvideomedia.com\/wp-content\/uploads\/2018\/09\/Eitne_DSC8734-768x512.jpg 768w, https:\/\/blog.myvideomedia.com\/wp-content\/uploads\/2018\/09\/Eitne_DSC8734-1260x841.jpg 1260w, https:\/\/blog.myvideomedia.com\/wp-content\/uploads\/2018\/09\/Eitne_DSC8734.jpg 1280w\" sizes=\"auto, (max-width: 600px) 100vw, 600px\" \/><\/figure><\/div>\n\n\n\n<p>Bitte lesen Sie auch &gt; <a href=\"https:\/\/blog.myvideomedia.com\/de\/besuch-bei-karl-marx-in-trier\/\">Besuch bei Karl Marx in Trier<\/a><\/p>\n\n\n\n<h3 class=\"has-text-align-center wp-block-heading\">Pin it &#8211; f\u00fcr sp\u00e4ter merken<\/h3>\n\n\n\n<div class=\"wp-block-image\"><figure class=\"aligncenter\"><img decoding=\"async\" src=\"https:\/\/blog.myvideomedia.com\/wp-content\/uploads\/2018\/09\/Saarschleife.jpg\" alt=\"Saar Loop\" class=\"wp-image-20373\"\/><\/figure><\/div>\n\n\n\n<p>Text, Fotos und Video: Copyright \u00a9 <a href=\"https:\/\/www.myvideomedia.com\/de\" target=\"_blank\" rel=\"noopener noreferrer\">myVideoMedia<\/a><\/p>\n\n\n\n<p><em>Soundtrack im Video:<br>Close My Eyes and See by Rewob (c) copyright 2018<br>Licensed under a Creative Commons Attribution (3.0) license. http:\/\/dig.ccmixter.org\/files\/rewob\/57473 <\/em><\/p>\n","protected":false},"excerpt":{"rendered":"<p>Die Saarschleife liegt im Dreil\u00e4ndereck, Deutschland, Frankreich und Luxemburg. kennengelernt. Schon damals haben wir vereinbart, dass wir uns wiedersehen wollen. Eithne ist Irin, lebt aber in Dubai. Auf dem Weg in ihre alte Heimat hat sie in Luxemburg einen Zwischenstopp eingelegt und eine Freundin besucht. Somit hat sich auch ein Besuch bei uns angeboten. Da [&hellip;]<\/p>\n","protected":false},"author":1,"featured_media":20372,"comment_status":"open","ping_status":"closed","sticky":false,"template":"","format":"standard","meta":{"_genesis_hide_title":false,"_genesis_hide_breadcrumbs":false,"_genesis_hide_singular_image":false,"_genesis_hide_footer_widgets":false,"_genesis_custom_body_class":"","_genesis_custom_post_class":"","_genesis_layout":"","footnotes":""},"categories":[501,1550,921],"tags":[472,448],"class_list":{"0":"post-20379","1":"post","2":"type-post","3":"status-publish","4":"format-standard","5":"has-post-thumbnail","7":"category-deutschland","8":"category-europa","9":"category-saarland-de","10":"tag-fluss","11":"tag-sehenswuerdigkeit","12":"entry"},"yoast_head":"<!-- This site is optimized with the Yoast SEO plugin v27.4 - https:\/\/yoast.com\/product\/yoast-seo-wordpress\/ -->\n<title>An der Saarschleife - Deutschland - Reise Video Blog<\/title>\n<meta name=\"description\" content=\"Die Saarschleife liegt im Dreil\u00e4ndereck Deutschland, Frankreich und Luxemburg. Der Baumwipfelpfad bietet einen sch\u00f6nen Blick\" \/>\n<meta name=\"robots\" content=\"index, follow, max-snippet:-1, max-image-preview:large, max-video-preview:-1\" \/>\n<link rel=\"canonical\" href=\"https:\/\/blog.myvideomedia.com\/de\/an-der-saarschleife\/\" \/>\n<meta property=\"og:locale\" content=\"de_DE\" \/>\n<meta property=\"og:type\" content=\"article\" \/>\n<meta property=\"og:title\" content=\"An der Saarschleife - Deutschland - Reise Video Blog\" \/>\n<meta property=\"og:description\" content=\"Die Saarschleife liegt im Dreil\u00e4ndereck Deutschland, Frankreich und Luxemburg. Der Baumwipfelpfad bietet einen sch\u00f6nen Blick\" \/>\n<meta property=\"og:url\" content=\"https:\/\/blog.myvideomedia.com\/de\/an-der-saarschleife\/\" \/>\n<meta property=\"og:site_name\" content=\"Reise Video Blog\" \/>\n<meta property=\"article:publisher\" content=\"https:\/\/www.facebook.com\/ursula.streit.520\" \/>\n<meta property=\"article:author\" content=\"https:\/\/www.facebook.com\/ursula.streit.520\" \/>\n<meta property=\"article:published_time\" content=\"2018-09-22T06:21:47+00:00\" \/>\n<meta property=\"article:modified_time\" content=\"2020-08-09T11:03:42+00:00\" \/>\n<meta property=\"og:image\" content=\"https:\/\/blog.myvideomedia.com\/wp-content\/uploads\/2018\/09\/Saarschleife_DSC8717.jpg\" \/>\n\t<meta property=\"og:image:width\" content=\"1280\" \/>\n\t<meta property=\"og:image:height\" content=\"854\" \/>\n\t<meta property=\"og:image:type\" content=\"image\/jpeg\" \/>\n<meta name=\"author\" content=\"myVideoMedia\" \/>\n<meta name=\"twitter:card\" content=\"summary_large_image\" \/>\n<meta name=\"twitter:creator\" content=\"@myvideomedia\" \/>\n<meta name=\"twitter:site\" content=\"@myvideomedia\" \/>\n<meta name=\"twitter:label1\" content=\"Verfasst von\" \/>\n\t<meta name=\"twitter:data1\" content=\"myVideoMedia\" \/>\n\t<meta name=\"twitter:label2\" content=\"Gesch\u00e4tzte Lesezeit\" \/>\n\t<meta name=\"twitter:data2\" content=\"1\u00a0Minute\" \/>\n<script type=\"application\/ld+json\" class=\"yoast-schema-graph\">{\"@context\":\"https:\\\/\\\/schema.org\",\"@graph\":[{\"@type\":\"Article\",\"@id\":\"https:\\\/\\\/blog.myvideomedia.com\\\/de\\\/an-der-saarschleife\\\/#article\",\"isPartOf\":{\"@id\":\"https:\\\/\\\/blog.myvideomedia.com\\\/de\\\/an-der-saarschleife\\\/\"},\"author\":{\"name\":\"myVideoMedia\",\"@id\":\"https:\\\/\\\/blog.myvideomedia.com\\\/de\\\/#\\\/schema\\\/person\\\/87be8fbbed69b1562242448c1c3dcbec\"},\"headline\":\"An der Saarschleife\",\"datePublished\":\"2018-09-22T06:21:47+00:00\",\"dateModified\":\"2020-08-09T11:03:42+00:00\",\"mainEntityOfPage\":{\"@id\":\"https:\\\/\\\/blog.myvideomedia.com\\\/de\\\/an-der-saarschleife\\\/\"},\"wordCount\":295,\"commentCount\":0,\"publisher\":{\"@id\":\"https:\\\/\\\/blog.myvideomedia.com\\\/de\\\/#\\\/schema\\\/person\\\/87be8fbbed69b1562242448c1c3dcbec\"},\"image\":{\"@id\":\"https:\\\/\\\/blog.myvideomedia.com\\\/de\\\/an-der-saarschleife\\\/#primaryimage\"},\"thumbnailUrl\":\"https:\\\/\\\/blog.myvideomedia.com\\\/wp-content\\\/uploads\\\/2018\\\/09\\\/Saarschleife_DSC8717.jpg\",\"keywords\":[\"Fluss\",\"Sehensw\u00fcrdigkeit\"],\"articleSection\":[\"Deutschland\",\"Europa\",\"Saarland\"],\"inLanguage\":\"de\",\"potentialAction\":[{\"@type\":\"CommentAction\",\"name\":\"Comment\",\"target\":[\"https:\\\/\\\/blog.myvideomedia.com\\\/de\\\/an-der-saarschleife\\\/#respond\"]}]},{\"@type\":\"WebPage\",\"@id\":\"https:\\\/\\\/blog.myvideomedia.com\\\/de\\\/an-der-saarschleife\\\/\",\"url\":\"https:\\\/\\\/blog.myvideomedia.com\\\/de\\\/an-der-saarschleife\\\/\",\"name\":\"An der Saarschleife - Deutschland - Reise Video Blog\",\"isPartOf\":{\"@id\":\"https:\\\/\\\/blog.myvideomedia.com\\\/de\\\/#website\"},\"primaryImageOfPage\":{\"@id\":\"https:\\\/\\\/blog.myvideomedia.com\\\/de\\\/an-der-saarschleife\\\/#primaryimage\"},\"image\":{\"@id\":\"https:\\\/\\\/blog.myvideomedia.com\\\/de\\\/an-der-saarschleife\\\/#primaryimage\"},\"thumbnailUrl\":\"https:\\\/\\\/blog.myvideomedia.com\\\/wp-content\\\/uploads\\\/2018\\\/09\\\/Saarschleife_DSC8717.jpg\",\"datePublished\":\"2018-09-22T06:21:47+00:00\",\"dateModified\":\"2020-08-09T11:03:42+00:00\",\"description\":\"Die Saarschleife liegt im Dreil\u00e4ndereck Deutschland, Frankreich und Luxemburg. Der Baumwipfelpfad bietet einen sch\u00f6nen Blick\",\"breadcrumb\":{\"@id\":\"https:\\\/\\\/blog.myvideomedia.com\\\/de\\\/an-der-saarschleife\\\/#breadcrumb\"},\"inLanguage\":\"de\",\"potentialAction\":[{\"@type\":\"ReadAction\",\"target\":[\"https:\\\/\\\/blog.myvideomedia.com\\\/de\\\/an-der-saarschleife\\\/\"]}]},{\"@type\":\"ImageObject\",\"inLanguage\":\"de\",\"@id\":\"https:\\\/\\\/blog.myvideomedia.com\\\/de\\\/an-der-saarschleife\\\/#primaryimage\",\"url\":\"https:\\\/\\\/blog.myvideomedia.com\\\/wp-content\\\/uploads\\\/2018\\\/09\\\/Saarschleife_DSC8717.jpg\",\"contentUrl\":\"https:\\\/\\\/blog.myvideomedia.com\\\/wp-content\\\/uploads\\\/2018\\\/09\\\/Saarschleife_DSC8717.jpg\",\"width\":1280,\"height\":854,\"caption\":\"Saarschleife\"},{\"@type\":\"BreadcrumbList\",\"@id\":\"https:\\\/\\\/blog.myvideomedia.com\\\/de\\\/an-der-saarschleife\\\/#breadcrumb\",\"itemListElement\":[{\"@type\":\"ListItem\",\"position\":1,\"name\":\"Home\",\"item\":\"https:\\\/\\\/blog.myvideomedia.com\\\/de\\\/\"},{\"@type\":\"ListItem\",\"position\":2,\"name\":\"An der Saarschleife\"}]},{\"@type\":\"WebSite\",\"@id\":\"https:\\\/\\\/blog.myvideomedia.com\\\/de\\\/#website\",\"url\":\"https:\\\/\\\/blog.myvideomedia.com\\\/de\\\/\",\"name\":\"Travel Video Blog\",\"description\":\"myVideoMedia Reisetipps und Reisevideos\",\"publisher\":{\"@id\":\"https:\\\/\\\/blog.myvideomedia.com\\\/de\\\/#\\\/schema\\\/person\\\/87be8fbbed69b1562242448c1c3dcbec\"},\"potentialAction\":[{\"@type\":\"SearchAction\",\"target\":{\"@type\":\"EntryPoint\",\"urlTemplate\":\"https:\\\/\\\/blog.myvideomedia.com\\\/de\\\/?s={search_term_string}\"},\"query-input\":{\"@type\":\"PropertyValueSpecification\",\"valueRequired\":true,\"valueName\":\"search_term_string\"}}],\"inLanguage\":\"de\"},{\"@type\":[\"Person\",\"Organization\"],\"@id\":\"https:\\\/\\\/blog.myvideomedia.com\\\/de\\\/#\\\/schema\\\/person\\\/87be8fbbed69b1562242448c1c3dcbec\",\"name\":\"myVideoMedia\",\"image\":{\"@type\":\"ImageObject\",\"inLanguage\":\"de\",\"@id\":\"https:\\\/\\\/secure.gravatar.com\\\/avatar\\\/460720160715ef8975b781abd1b6985e55ce2f01567bb6757bebd73e7cf74c97?s=96&d=mm&r=g\",\"url\":\"https:\\\/\\\/secure.gravatar.com\\\/avatar\\\/460720160715ef8975b781abd1b6985e55ce2f01567bb6757bebd73e7cf74c97?s=96&d=mm&r=g\",\"contentUrl\":\"https:\\\/\\\/secure.gravatar.com\\\/avatar\\\/460720160715ef8975b781abd1b6985e55ce2f01567bb6757bebd73e7cf74c97?s=96&d=mm&r=g\",\"caption\":\"myVideoMedia\"},\"logo\":{\"@id\":\"https:\\\/\\\/secure.gravatar.com\\\/avatar\\\/460720160715ef8975b781abd1b6985e55ce2f01567bb6757bebd73e7cf74c97?s=96&d=mm&r=g\"},\"description\":\"\\\"The World is a book, and those who do not travel read only a page\\\" - Aurelius Augustinus (354 - 430 AD) Travel is our passion. With our posts and videos we like to inspire people who are planning or preparing for holidays as well as people who simply want to escape from everyday life and dream of faraway countries.\",\"sameAs\":[\"https:\\\/\\\/www.myvideomedia.com\",\"https:\\\/\\\/www.facebook.com\\\/ursula.streit.520\"],\"url\":\"https:\\\/\\\/blog.myvideomedia.com\\\/de\\\/author\\\/traveladm\\\/\"}]}<\/script>\n<!-- \/ Yoast SEO plugin. -->","yoast_head_json":{"title":"An der Saarschleife - Deutschland - Reise Video Blog","description":"Die Saarschleife liegt im Dreil\u00e4ndereck Deutschland, Frankreich und Luxemburg. Der Baumwipfelpfad bietet einen sch\u00f6nen Blick","robots":{"index":"index","follow":"follow","max-snippet":"max-snippet:-1","max-image-preview":"max-image-preview:large","max-video-preview":"max-video-preview:-1"},"canonical":"https:\/\/blog.myvideomedia.com\/de\/an-der-saarschleife\/","og_locale":"de_DE","og_type":"article","og_title":"An der Saarschleife - Deutschland - Reise Video Blog","og_description":"Die Saarschleife liegt im Dreil\u00e4ndereck Deutschland, Frankreich und Luxemburg. Der Baumwipfelpfad bietet einen sch\u00f6nen Blick","og_url":"https:\/\/blog.myvideomedia.com\/de\/an-der-saarschleife\/","og_site_name":"Reise Video Blog","article_publisher":"https:\/\/www.facebook.com\/ursula.streit.520","article_author":"https:\/\/www.facebook.com\/ursula.streit.520","article_published_time":"2018-09-22T06:21:47+00:00","article_modified_time":"2020-08-09T11:03:42+00:00","og_image":[{"width":1280,"height":854,"url":"https:\/\/blog.myvideomedia.com\/wp-content\/uploads\/2018\/09\/Saarschleife_DSC8717.jpg","type":"image\/jpeg"}],"author":"myVideoMedia","twitter_card":"summary_large_image","twitter_creator":"@myvideomedia","twitter_site":"@myvideomedia","twitter_misc":{"Verfasst von":"myVideoMedia","Gesch\u00e4tzte Lesezeit":"1\u00a0Minute"},"schema":{"@context":"https:\/\/schema.org","@graph":[{"@type":"Article","@id":"https:\/\/blog.myvideomedia.com\/de\/an-der-saarschleife\/#article","isPartOf":{"@id":"https:\/\/blog.myvideomedia.com\/de\/an-der-saarschleife\/"},"author":{"name":"myVideoMedia","@id":"https:\/\/blog.myvideomedia.com\/de\/#\/schema\/person\/87be8fbbed69b1562242448c1c3dcbec"},"headline":"An der Saarschleife","datePublished":"2018-09-22T06:21:47+00:00","dateModified":"2020-08-09T11:03:42+00:00","mainEntityOfPage":{"@id":"https:\/\/blog.myvideomedia.com\/de\/an-der-saarschleife\/"},"wordCount":295,"commentCount":0,"publisher":{"@id":"https:\/\/blog.myvideomedia.com\/de\/#\/schema\/person\/87be8fbbed69b1562242448c1c3dcbec"},"image":{"@id":"https:\/\/blog.myvideomedia.com\/de\/an-der-saarschleife\/#primaryimage"},"thumbnailUrl":"https:\/\/blog.myvideomedia.com\/wp-content\/uploads\/2018\/09\/Saarschleife_DSC8717.jpg","keywords":["Fluss","Sehensw\u00fcrdigkeit"],"articleSection":["Deutschland","Europa","Saarland"],"inLanguage":"de","potentialAction":[{"@type":"CommentAction","name":"Comment","target":["https:\/\/blog.myvideomedia.com\/de\/an-der-saarschleife\/#respond"]}]},{"@type":"WebPage","@id":"https:\/\/blog.myvideomedia.com\/de\/an-der-saarschleife\/","url":"https:\/\/blog.myvideomedia.com\/de\/an-der-saarschleife\/","name":"An der Saarschleife - Deutschland - Reise Video Blog","isPartOf":{"@id":"https:\/\/blog.myvideomedia.com\/de\/#website"},"primaryImageOfPage":{"@id":"https:\/\/blog.myvideomedia.com\/de\/an-der-saarschleife\/#primaryimage"},"image":{"@id":"https:\/\/blog.myvideomedia.com\/de\/an-der-saarschleife\/#primaryimage"},"thumbnailUrl":"https:\/\/blog.myvideomedia.com\/wp-content\/uploads\/2018\/09\/Saarschleife_DSC8717.jpg","datePublished":"2018-09-22T06:21:47+00:00","dateModified":"2020-08-09T11:03:42+00:00","description":"Die Saarschleife liegt im Dreil\u00e4ndereck Deutschland, Frankreich und Luxemburg. Der Baumwipfelpfad bietet einen sch\u00f6nen Blick","breadcrumb":{"@id":"https:\/\/blog.myvideomedia.com\/de\/an-der-saarschleife\/#breadcrumb"},"inLanguage":"de","potentialAction":[{"@type":"ReadAction","target":["https:\/\/blog.myvideomedia.com\/de\/an-der-saarschleife\/"]}]},{"@type":"ImageObject","inLanguage":"de","@id":"https:\/\/blog.myvideomedia.com\/de\/an-der-saarschleife\/#primaryimage","url":"https:\/\/blog.myvideomedia.com\/wp-content\/uploads\/2018\/09\/Saarschleife_DSC8717.jpg","contentUrl":"https:\/\/blog.myvideomedia.com\/wp-content\/uploads\/2018\/09\/Saarschleife_DSC8717.jpg","width":1280,"height":854,"caption":"Saarschleife"},{"@type":"BreadcrumbList","@id":"https:\/\/blog.myvideomedia.com\/de\/an-der-saarschleife\/#breadcrumb","itemListElement":[{"@type":"ListItem","position":1,"name":"Home","item":"https:\/\/blog.myvideomedia.com\/de\/"},{"@type":"ListItem","position":2,"name":"An der Saarschleife"}]},{"@type":"WebSite","@id":"https:\/\/blog.myvideomedia.com\/de\/#website","url":"https:\/\/blog.myvideomedia.com\/de\/","name":"Travel Video Blog","description":"myVideoMedia Reisetipps und Reisevideos","publisher":{"@id":"https:\/\/blog.myvideomedia.com\/de\/#\/schema\/person\/87be8fbbed69b1562242448c1c3dcbec"},"potentialAction":[{"@type":"SearchAction","target":{"@type":"EntryPoint","urlTemplate":"https:\/\/blog.myvideomedia.com\/de\/?s={search_term_string}"},"query-input":{"@type":"PropertyValueSpecification","valueRequired":true,"valueName":"search_term_string"}}],"inLanguage":"de"},{"@type":["Person","Organization"],"@id":"https:\/\/blog.myvideomedia.com\/de\/#\/schema\/person\/87be8fbbed69b1562242448c1c3dcbec","name":"myVideoMedia","image":{"@type":"ImageObject","inLanguage":"de","@id":"https:\/\/secure.gravatar.com\/avatar\/460720160715ef8975b781abd1b6985e55ce2f01567bb6757bebd73e7cf74c97?s=96&d=mm&r=g","url":"https:\/\/secure.gravatar.com\/avatar\/460720160715ef8975b781abd1b6985e55ce2f01567bb6757bebd73e7cf74c97?s=96&d=mm&r=g","contentUrl":"https:\/\/secure.gravatar.com\/avatar\/460720160715ef8975b781abd1b6985e55ce2f01567bb6757bebd73e7cf74c97?s=96&d=mm&r=g","caption":"myVideoMedia"},"logo":{"@id":"https:\/\/secure.gravatar.com\/avatar\/460720160715ef8975b781abd1b6985e55ce2f01567bb6757bebd73e7cf74c97?s=96&d=mm&r=g"},"description":"\"The World is a book, and those who do not travel read only a page\" - Aurelius Augustinus (354 - 430 AD) Travel is our passion. With our posts and videos we like to inspire people who are planning or preparing for holidays as well as people who simply want to escape from everyday life and dream of faraway countries.","sameAs":["https:\/\/www.myvideomedia.com","https:\/\/www.facebook.com\/ursula.streit.520"],"url":"https:\/\/blog.myvideomedia.com\/de\/author\/traveladm\/"}]}},"featured_image_src":"https:\/\/blog.myvideomedia.com\/wp-content\/uploads\/2018\/09\/Saarschleife_DSC8717.jpg","featured_image_src_square":"https:\/\/blog.myvideomedia.com\/wp-content\/uploads\/2018\/09\/Saarschleife_DSC8717.jpg","author_info":{"display_name":"myVideoMedia","author_link":"https:\/\/blog.myvideomedia.com\/de\/author\/traveladm\/"},"_links":{"self":[{"href":"https:\/\/blog.myvideomedia.com\/de\/wp-json\/wp\/v2\/posts\/20379","targetHints":{"allow":["GET"]}}],"collection":[{"href":"https:\/\/blog.myvideomedia.com\/de\/wp-json\/wp\/v2\/posts"}],"about":[{"href":"https:\/\/blog.myvideomedia.com\/de\/wp-json\/wp\/v2\/types\/post"}],"author":[{"embeddable":true,"href":"https:\/\/blog.myvideomedia.com\/de\/wp-json\/wp\/v2\/users\/1"}],"replies":[{"embeddable":true,"href":"https:\/\/blog.myvideomedia.com\/de\/wp-json\/wp\/v2\/comments?post=20379"}],"version-history":[{"count":0,"href":"https:\/\/blog.myvideomedia.com\/de\/wp-json\/wp\/v2\/posts\/20379\/revisions"}],"wp:featuredmedia":[{"embeddable":true,"href":"https:\/\/blog.myvideomedia.com\/de\/wp-json\/wp\/v2\/media\/20372"}],"wp:attachment":[{"href":"https:\/\/blog.myvideomedia.com\/de\/wp-json\/wp\/v2\/media?parent=20379"}],"wp:term":[{"taxonomy":"category","embeddable":true,"href":"https:\/\/blog.myvideomedia.com\/de\/wp-json\/wp\/v2\/categories?post=20379"},{"taxonomy":"post_tag","embeddable":true,"href":"https:\/\/blog.myvideomedia.com\/de\/wp-json\/wp\/v2\/tags?post=20379"}],"curies":[{"name":"wp","href":"https:\/\/api.w.org\/{rel}","templated":true}]}}