{"id":20501,"date":"2018-09-30T09:54:14","date_gmt":"2018-09-30T08:54:14","guid":{"rendered":"https:\/\/blog.myvideomedia.com\/?p=20501"},"modified":"2019-02-04T17:25:09","modified_gmt":"2019-02-04T16:25:09","slug":"erste-schritte-in-warschau","status":"publish","type":"post","link":"https:\/\/blog.myvideomedia.com\/de\/erste-schritte-in-warschau\/","title":{"rendered":"Erste Schritte in Warschau"},"content":{"rendered":"<p>Nachdem wir am Abend bereits bei Dunkelheit in Warschau angekommen sind, machen wir uns am n\u00e4chsten Morgen auf um das Zentrum der Stadt zu erkunden. Leider spielt uns das Wetter einen Streich; es regnet. Wir haben nur eine ungef\u00e4hre Ahnung, in welche Richtung wir fahren sollen, deshalb verpassen wir in der Metro den rechtzeitigen Ausstieg und fahren eine Station zu weit.<\/p>\n<p>Als wir wieder das Tageslicht erblicken, stehen wir am Ufer der Weichsel mit Ausblick auf die \u015awi\u0119tokrzyski Bridge und das Stadion PGE Narodowy, das polnische Nationalstadion, das f\u00fcr die Fu\u00dfball EM 2012 erbaut wurde.<\/p>\n<p><img loading=\"lazy\" decoding=\"async\" class=\"aligncenter size-medium wp-image-20488\" src=\"https:\/\/blog.myvideomedia.com\/wp-content\/uploads\/2018\/09\/First-steps-Warsaw-20160810_105820-600x338.jpg\" alt=\"Erste Schritte in Warschau\" width=\"600\" height=\"338\" srcset=\"https:\/\/blog.myvideomedia.com\/wp-content\/uploads\/2018\/09\/First-steps-Warsaw-20160810_105820-600x338.jpg 600w, https:\/\/blog.myvideomedia.com\/wp-content\/uploads\/2018\/09\/First-steps-Warsaw-20160810_105820-768x432.jpg 768w, https:\/\/blog.myvideomedia.com\/wp-content\/uploads\/2018\/09\/First-steps-Warsaw-20160810_105820-1260x709.jpg 1260w, https:\/\/blog.myvideomedia.com\/wp-content\/uploads\/2018\/09\/First-steps-Warsaw-20160810_105820.jpg 1280w\" sizes=\"auto, (max-width: 600px) 100vw, 600px\" \/><\/p>\n<p>Also fahren wir wieder eine Metro Station zur\u00fcck und steigen an der Station Nowy \u015awiat-Uniwersytet aus. Wie der Name schon vermuten l\u00e4sst befinden wir uns an der Nowy \u015awiat-Uniwersytet, vor der ein ber\u00fchmtes Denkmal von Nikolaus Kopernikus steht,<\/p>\n<p><img loading=\"lazy\" decoding=\"async\" class=\"aligncenter size-medium wp-image-20490\" src=\"https:\/\/blog.myvideomedia.com\/wp-content\/uploads\/2018\/09\/monument-Nicolaus-Copernicus-20160810_111301-338x600.jpg\" alt=\"Monument Nikolaus Kopernicus Warschau\" width=\"338\" height=\"600\" srcset=\"https:\/\/blog.myvideomedia.com\/wp-content\/uploads\/2018\/09\/monument-Nicolaus-Copernicus-20160810_111301-338x600.jpg 338w, https:\/\/blog.myvideomedia.com\/wp-content\/uploads\/2018\/09\/monument-Nicolaus-Copernicus-20160810_111301-709x1260.jpg 709w, https:\/\/blog.myvideomedia.com\/wp-content\/uploads\/2018\/09\/monument-Nicolaus-Copernicus-20160810_111301.jpg 720w\" sizes=\"auto, (max-width: 338px) 100vw, 338px\" \/><\/p>\n<p>Es wurde 1822 im Auftrag von Stanis\u0142aw Staszic, einem Vertreter der Aufkl\u00e4rung errichtet. Eine Kopie davon steht in Montreal und eine in Chicago. Wir gehen die Krakowskie Przedmie\u015bcie entlang, vorbei am Museum f\u00fcr moderne Kunst und der Universit\u00e4t.<\/p>\n<p><img loading=\"lazy\" decoding=\"async\" class=\"aligncenter size-medium wp-image-20492\" src=\"https:\/\/blog.myvideomedia.com\/wp-content\/uploads\/2018\/09\/Nowy-Swiat-Uniwersytet-20160810_111812-600x338.jpg\" alt=\"Universit\u00e4t Warschau \" width=\"600\" height=\"338\" srcset=\"https:\/\/blog.myvideomedia.com\/wp-content\/uploads\/2018\/09\/Nowy-Swiat-Uniwersytet-20160810_111812-600x338.jpg 600w, https:\/\/blog.myvideomedia.com\/wp-content\/uploads\/2018\/09\/Nowy-Swiat-Uniwersytet-20160810_111812-768x432.jpg 768w, https:\/\/blog.myvideomedia.com\/wp-content\/uploads\/2018\/09\/Nowy-Swiat-Uniwersytet-20160810_111812-1260x709.jpg 1260w, https:\/\/blog.myvideomedia.com\/wp-content\/uploads\/2018\/09\/Nowy-Swiat-Uniwersytet-20160810_111812.jpg 1280w\" sizes=\"auto, (max-width: 600px) 100vw, 600px\" \/><\/p>\n<p>Vor der Visitantinnen-Kirche finden wir ein Denkmal des beliebten Stefan Kardinal Wyszy\u0144ski, dem ehemaligen Primas von Polen.<\/p>\n<p><img loading=\"lazy\" decoding=\"async\" class=\"aligncenter size-medium wp-image-20507\" src=\"https:\/\/blog.myvideomedia.com\/wp-content\/uploads\/2018\/09\/Visitationist-Church-20160810_112108-600x338.jpg\" alt=\"Visitantinnen-Kirche Warschau\" width=\"600\" height=\"338\" srcset=\"https:\/\/blog.myvideomedia.com\/wp-content\/uploads\/2018\/09\/Visitationist-Church-20160810_112108-600x338.jpg 600w, https:\/\/blog.myvideomedia.com\/wp-content\/uploads\/2018\/09\/Visitationist-Church-20160810_112108-768x432.jpg 768w, https:\/\/blog.myvideomedia.com\/wp-content\/uploads\/2018\/09\/Visitationist-Church-20160810_112108-1260x709.jpg 1260w, https:\/\/blog.myvideomedia.com\/wp-content\/uploads\/2018\/09\/Visitationist-Church-20160810_112108.jpg 1280w\" sizes=\"auto, (max-width: 600px) 100vw, 600px\" \/><\/p>\n<p>Danach folgt das Hotel Bristol und der Pr\u00e4sidenten Palast.<\/p>\n<h3 style=\"text-align: center;\"><a href=\"https:\/\/youtu.be\/H49zt0uGlnM\" target=\"_blank\" rel=\"noopener nofollow\">Hier sehen Sie das 4K UHD Video<img loading=\"lazy\" decoding=\"async\" class=\"aligncenter size-medium wp-image-22368\" src=\"https:\/\/blog.myvideomedia.com\/wp-content\/uploads\/2018\/09\/Polen_001_b-Warsaw-first-steps-600x338.jpg\" alt=\"Video Erste Schritte in Warschau\" width=\"600\" height=\"338\" \/><\/a><\/h3>\n<p>Vor diesem und dem gegen\u00fcber liegenden Potocki-Palast, in dem sich heute das Kultusministerium befindet, werden Wehrmachtsfahrzeuge ausgestellt und an einem provisorischen Denkmal der Kriegsopfer gedacht.<\/p>\n<p><img loading=\"lazy\" decoding=\"async\" class=\"aligncenter size-medium wp-image-20496\" src=\"https:\/\/blog.myvideomedia.com\/wp-content\/uploads\/2018\/09\/First-steps-Warsaw-20160810_113249-600x338.jpg\" alt=\"Erste Schritte in Warschau\" width=\"600\" height=\"338\" srcset=\"https:\/\/blog.myvideomedia.com\/wp-content\/uploads\/2018\/09\/First-steps-Warsaw-20160810_113249-600x338.jpg 600w, https:\/\/blog.myvideomedia.com\/wp-content\/uploads\/2018\/09\/First-steps-Warsaw-20160810_113249-768x432.jpg 768w, https:\/\/blog.myvideomedia.com\/wp-content\/uploads\/2018\/09\/First-steps-Warsaw-20160810_113249-1260x709.jpg 1260w, https:\/\/blog.myvideomedia.com\/wp-content\/uploads\/2018\/09\/First-steps-Warsaw-20160810_113249.jpg 1280w\" sizes=\"auto, (max-width: 600px) 100vw, 600px\" \/><\/p>\n<p>Der Pr\u00e4sidentenpalast war urspr\u00fcnglich in Privatbesitz. 1818 ging er in den Besitz des K\u00f6nigreichs Polen \u00fcber. Danach wurde es Sitz des russischen Statthalters. Seit 1995 ist es Sitz des polnischen Pr\u00e4sidenten. An den Pr\u00e4sidentenpalast schlie\u00dft die Karmeliterkirche an.<\/p>\n<p><img loading=\"lazy\" decoding=\"async\" class=\"aligncenter size-medium wp-image-20505\" src=\"https:\/\/blog.myvideomedia.com\/wp-content\/uploads\/2018\/09\/Erste-schritte-in-Warschau-Polen_003-600x338.jpg\" alt=\"Erste Schritte in Warschau\" width=\"600\" height=\"338\" srcset=\"https:\/\/blog.myvideomedia.com\/wp-content\/uploads\/2018\/09\/Erste-schritte-in-Warschau-Polen_003-600x338.jpg 600w, https:\/\/blog.myvideomedia.com\/wp-content\/uploads\/2018\/09\/Erste-schritte-in-Warschau-Polen_003-768x432.jpg 768w, https:\/\/blog.myvideomedia.com\/wp-content\/uploads\/2018\/09\/Erste-schritte-in-Warschau-Polen_003-1260x709.jpg 1260w, https:\/\/blog.myvideomedia.com\/wp-content\/uploads\/2018\/09\/Erste-schritte-in-Warschau-Polen_003.jpg 1280w\" sizes=\"auto, (max-width: 600px) 100vw, 600px\" \/><\/p>\n<p>Wir erreichen den Warschauer Schlossplatz mit der Sigismunds\u00e4ule. Sigismund erkl\u00e4rte Warschau 1596 zur Hauptstadt von Polen. An der S\u00fcdseite des Platzes befindet sich das Schloss. Im Norden kann man noch Teile der alten Stadtmauer sehen.<\/p>\n<p>Da das Wetter noch immer nicht besser ist beschlie\u00dfen wir erst einmal Fr\u00fchst\u00fccken zu gehen. Die V\u00f6gle auf dem Altstadtmarkt finden das auch eine gute Idee.<\/p>\n<p><img loading=\"lazy\" decoding=\"async\" class=\"aligncenter size-medium wp-image-20503\" src=\"https:\/\/blog.myvideomedia.com\/wp-content\/uploads\/2018\/09\/Erste-schritte-in-Warschau-Polen_002-600x338.jpg\" alt=\"Erste Schritte in Warschau\" width=\"600\" height=\"338\" srcset=\"https:\/\/blog.myvideomedia.com\/wp-content\/uploads\/2018\/09\/Erste-schritte-in-Warschau-Polen_002-600x338.jpg 600w, https:\/\/blog.myvideomedia.com\/wp-content\/uploads\/2018\/09\/Erste-schritte-in-Warschau-Polen_002-768x432.jpg 768w, https:\/\/blog.myvideomedia.com\/wp-content\/uploads\/2018\/09\/Erste-schritte-in-Warschau-Polen_002-1260x709.jpg 1260w, https:\/\/blog.myvideomedia.com\/wp-content\/uploads\/2018\/09\/Erste-schritte-in-Warschau-Polen_002.jpg 1280w\" sizes=\"auto, (max-width: 600px) 100vw, 600px\" \/><\/p>\n<p>Danach besuchen wir das <a href=\"https:\/\/blog.myvideomedia.com\/de\/warschauer-koenigsschloss\/\">K\u00f6nigsschloss von Warschau<\/a>. Unsere Vermutung trifft zu, dass nach dem Besuch des Schlosses das Wetter wieder etwas besser ist.<\/p>\n<h3 style=\"text-align: center;\">Pin it &#8211; f\u00fcr sp\u00e4ter merken<\/h3>\n<p><img loading=\"lazy\" decoding=\"async\" class=\"aligncenter size-medium wp-image-20485\" src=\"https:\/\/blog.myvideomedia.com\/wp-content\/uploads\/2018\/09\/Ertste-Schritte-in-Warschau-400x600.jpg\" alt=\"First steps in Warsaw\" width=\"400\" height=\"600\" \/><\/p>\n<p>Text, Fotos und Video: Copyright \u00a9 <a href=\"https:\/\/www.myvideomedia.com\/de\" target=\"_blank\" rel=\"noopener\">myVideoMedia<\/a><\/p>\n<p><em>Soundtrack im Video:\u00a0<\/em><em>ccMixter Nation by Dysfunction_AL (c) copyright 2014<br \/>\nLicensed under a Creative Commons Attribution (3.0) license. <a href=\"http:\/\/dig.ccmixter.org\/files\/destinazione_altrove\/48194\" target=\"_blank\" rel=\"noopener nofollow\">http:\/\/dig.ccmixter.org\/files\/destinazione_altrove\/48194<\/a> Ft: Snowflake<\/em><\/p>\n","protected":false},"excerpt":{"rendered":"<p>Nachdem wir am Abend bereits bei Dunkelheit in Warschau angekommen sind, machen wir uns am n\u00e4chsten Morgen auf um das Zentrum der Stadt zu erkunden. Leider spielt uns das Wetter einen Streich; es regnet. Wir haben nur eine ungef\u00e4hre Ahnung, in welche Richtung wir fahren sollen, deshalb verpassen wir in der Metro den rechtzeitigen Ausstieg [&hellip;]<\/p>\n","protected":false},"author":1,"featured_media":20492,"comment_status":"open","ping_status":"closed","sticky":false,"template":"","format":"standard","meta":{"_genesis_hide_title":false,"_genesis_hide_breadcrumbs":false,"_genesis_hide_singular_image":false,"_genesis_hide_footer_widgets":false,"_genesis_custom_body_class":"","_genesis_custom_post_class":"","_genesis_layout":"","footnotes":""},"categories":[1550,899],"tags":[453,1326],"class_list":{"0":"post-20501","1":"post","2":"type-post","3":"status-publish","4":"format-standard","5":"has-post-thumbnail","7":"category-europa","8":"category-polen","9":"tag-stadt","10":"tag-stadtrundgang","11":"entry"},"yoast_head":"<!-- This site is optimized with the Yoast SEO plugin v27.4 - https:\/\/yoast.com\/product\/yoast-seo-wordpress\/ -->\n<title>Erste Schritte in Warschau - Polen - Reise Video Blog<\/title>\n<meta name=\"description\" content=\"Nachdem wir am Abend bereits bei Dunkelheit in Warschau angekommen sind, machen wir uns am n\u00e4chsten Morgen auf um das Zentrum der Stadt zu erkunden.\" \/>\n<meta name=\"robots\" content=\"index, follow, max-snippet:-1, max-image-preview:large, max-video-preview:-1\" \/>\n<link rel=\"canonical\" href=\"https:\/\/blog.myvideomedia.com\/de\/erste-schritte-in-warschau\/\" \/>\n<meta property=\"og:locale\" content=\"de_DE\" \/>\n<meta property=\"og:type\" content=\"article\" \/>\n<meta property=\"og:title\" content=\"Erste Schritte in Warschau - Polen - Reise Video Blog\" \/>\n<meta property=\"og:description\" content=\"Nachdem wir am Abend bereits bei Dunkelheit in Warschau angekommen sind, machen wir uns am n\u00e4chsten Morgen auf um das Zentrum der Stadt zu erkunden.\" \/>\n<meta property=\"og:url\" content=\"https:\/\/blog.myvideomedia.com\/de\/erste-schritte-in-warschau\/\" \/>\n<meta property=\"og:site_name\" content=\"Reise Video Blog\" \/>\n<meta property=\"article:publisher\" content=\"https:\/\/www.facebook.com\/ursula.streit.520\" \/>\n<meta property=\"article:author\" content=\"https:\/\/www.facebook.com\/ursula.streit.520\" \/>\n<meta property=\"article:published_time\" content=\"2018-09-30T08:54:14+00:00\" \/>\n<meta property=\"article:modified_time\" content=\"2019-02-04T16:25:09+00:00\" \/>\n<meta property=\"og:image\" content=\"https:\/\/blog.myvideomedia.com\/wp-content\/uploads\/2018\/09\/Nowy-Swiat-Uniwersytet-20160810_111812.jpg\" \/>\n\t<meta property=\"og:image:width\" content=\"1280\" \/>\n\t<meta property=\"og:image:height\" content=\"720\" \/>\n\t<meta property=\"og:image:type\" content=\"image\/jpeg\" \/>\n<meta name=\"author\" content=\"myVideoMedia\" \/>\n<meta name=\"twitter:card\" content=\"summary_large_image\" \/>\n<meta name=\"twitter:creator\" content=\"@myvideomedia\" \/>\n<meta name=\"twitter:site\" content=\"@myvideomedia\" \/>\n<meta name=\"twitter:label1\" content=\"Verfasst von\" \/>\n\t<meta name=\"twitter:data1\" content=\"myVideoMedia\" \/>\n\t<meta name=\"twitter:label2\" content=\"Gesch\u00e4tzte Lesezeit\" \/>\n\t<meta name=\"twitter:data2\" content=\"2\u00a0Minuten\" \/>\n<script type=\"application\/ld+json\" class=\"yoast-schema-graph\">{\"@context\":\"https:\\\/\\\/schema.org\",\"@graph\":[{\"@type\":\"Article\",\"@id\":\"https:\\\/\\\/blog.myvideomedia.com\\\/de\\\/erste-schritte-in-warschau\\\/#article\",\"isPartOf\":{\"@id\":\"https:\\\/\\\/blog.myvideomedia.com\\\/de\\\/erste-schritte-in-warschau\\\/\"},\"author\":{\"name\":\"myVideoMedia\",\"@id\":\"https:\\\/\\\/blog.myvideomedia.com\\\/de\\\/#\\\/schema\\\/person\\\/87be8fbbed69b1562242448c1c3dcbec\"},\"headline\":\"Erste Schritte in Warschau\",\"datePublished\":\"2018-09-30T08:54:14+00:00\",\"dateModified\":\"2019-02-04T16:25:09+00:00\",\"mainEntityOfPage\":{\"@id\":\"https:\\\/\\\/blog.myvideomedia.com\\\/de\\\/erste-schritte-in-warschau\\\/\"},\"wordCount\":420,\"commentCount\":0,\"publisher\":{\"@id\":\"https:\\\/\\\/blog.myvideomedia.com\\\/de\\\/#\\\/schema\\\/person\\\/87be8fbbed69b1562242448c1c3dcbec\"},\"image\":{\"@id\":\"https:\\\/\\\/blog.myvideomedia.com\\\/de\\\/erste-schritte-in-warschau\\\/#primaryimage\"},\"thumbnailUrl\":\"https:\\\/\\\/blog.myvideomedia.com\\\/wp-content\\\/uploads\\\/2018\\\/09\\\/Nowy-Swiat-Uniwersytet-20160810_111812.jpg\",\"keywords\":[\"Stadt\",\"Stadtrundgang\"],\"articleSection\":[\"Europa\",\"Polen\"],\"inLanguage\":\"de\",\"potentialAction\":[{\"@type\":\"CommentAction\",\"name\":\"Comment\",\"target\":[\"https:\\\/\\\/blog.myvideomedia.com\\\/de\\\/erste-schritte-in-warschau\\\/#respond\"]}]},{\"@type\":\"WebPage\",\"@id\":\"https:\\\/\\\/blog.myvideomedia.com\\\/de\\\/erste-schritte-in-warschau\\\/\",\"url\":\"https:\\\/\\\/blog.myvideomedia.com\\\/de\\\/erste-schritte-in-warschau\\\/\",\"name\":\"Erste Schritte in Warschau - Polen - Reise Video Blog\",\"isPartOf\":{\"@id\":\"https:\\\/\\\/blog.myvideomedia.com\\\/de\\\/#website\"},\"primaryImageOfPage\":{\"@id\":\"https:\\\/\\\/blog.myvideomedia.com\\\/de\\\/erste-schritte-in-warschau\\\/#primaryimage\"},\"image\":{\"@id\":\"https:\\\/\\\/blog.myvideomedia.com\\\/de\\\/erste-schritte-in-warschau\\\/#primaryimage\"},\"thumbnailUrl\":\"https:\\\/\\\/blog.myvideomedia.com\\\/wp-content\\\/uploads\\\/2018\\\/09\\\/Nowy-Swiat-Uniwersytet-20160810_111812.jpg\",\"datePublished\":\"2018-09-30T08:54:14+00:00\",\"dateModified\":\"2019-02-04T16:25:09+00:00\",\"description\":\"Nachdem wir am Abend bereits bei Dunkelheit in Warschau angekommen sind, machen wir uns am n\u00e4chsten Morgen auf um das Zentrum der Stadt zu erkunden.\",\"breadcrumb\":{\"@id\":\"https:\\\/\\\/blog.myvideomedia.com\\\/de\\\/erste-schritte-in-warschau\\\/#breadcrumb\"},\"inLanguage\":\"de\",\"potentialAction\":[{\"@type\":\"ReadAction\",\"target\":[\"https:\\\/\\\/blog.myvideomedia.com\\\/de\\\/erste-schritte-in-warschau\\\/\"]}]},{\"@type\":\"ImageObject\",\"inLanguage\":\"de\",\"@id\":\"https:\\\/\\\/blog.myvideomedia.com\\\/de\\\/erste-schritte-in-warschau\\\/#primaryimage\",\"url\":\"https:\\\/\\\/blog.myvideomedia.com\\\/wp-content\\\/uploads\\\/2018\\\/09\\\/Nowy-Swiat-Uniwersytet-20160810_111812.jpg\",\"contentUrl\":\"https:\\\/\\\/blog.myvideomedia.com\\\/wp-content\\\/uploads\\\/2018\\\/09\\\/Nowy-Swiat-Uniwersytet-20160810_111812.jpg\",\"width\":1280,\"height\":720,\"caption\":\"Universit\u00e4t Warschau\"},{\"@type\":\"BreadcrumbList\",\"@id\":\"https:\\\/\\\/blog.myvideomedia.com\\\/de\\\/erste-schritte-in-warschau\\\/#breadcrumb\",\"itemListElement\":[{\"@type\":\"ListItem\",\"position\":1,\"name\":\"Home\",\"item\":\"https:\\\/\\\/blog.myvideomedia.com\\\/de\\\/\"},{\"@type\":\"ListItem\",\"position\":2,\"name\":\"Erste Schritte in Warschau\"}]},{\"@type\":\"WebSite\",\"@id\":\"https:\\\/\\\/blog.myvideomedia.com\\\/de\\\/#website\",\"url\":\"https:\\\/\\\/blog.myvideomedia.com\\\/de\\\/\",\"name\":\"Travel Video Blog\",\"description\":\"myVideoMedia Reisetipps und Reisevideos\",\"publisher\":{\"@id\":\"https:\\\/\\\/blog.myvideomedia.com\\\/de\\\/#\\\/schema\\\/person\\\/87be8fbbed69b1562242448c1c3dcbec\"},\"potentialAction\":[{\"@type\":\"SearchAction\",\"target\":{\"@type\":\"EntryPoint\",\"urlTemplate\":\"https:\\\/\\\/blog.myvideomedia.com\\\/de\\\/?s={search_term_string}\"},\"query-input\":{\"@type\":\"PropertyValueSpecification\",\"valueRequired\":true,\"valueName\":\"search_term_string\"}}],\"inLanguage\":\"de\"},{\"@type\":[\"Person\",\"Organization\"],\"@id\":\"https:\\\/\\\/blog.myvideomedia.com\\\/de\\\/#\\\/schema\\\/person\\\/87be8fbbed69b1562242448c1c3dcbec\",\"name\":\"myVideoMedia\",\"image\":{\"@type\":\"ImageObject\",\"inLanguage\":\"de\",\"@id\":\"https:\\\/\\\/secure.gravatar.com\\\/avatar\\\/460720160715ef8975b781abd1b6985e55ce2f01567bb6757bebd73e7cf74c97?s=96&d=mm&r=g\",\"url\":\"https:\\\/\\\/secure.gravatar.com\\\/avatar\\\/460720160715ef8975b781abd1b6985e55ce2f01567bb6757bebd73e7cf74c97?s=96&d=mm&r=g\",\"contentUrl\":\"https:\\\/\\\/secure.gravatar.com\\\/avatar\\\/460720160715ef8975b781abd1b6985e55ce2f01567bb6757bebd73e7cf74c97?s=96&d=mm&r=g\",\"caption\":\"myVideoMedia\"},\"logo\":{\"@id\":\"https:\\\/\\\/secure.gravatar.com\\\/avatar\\\/460720160715ef8975b781abd1b6985e55ce2f01567bb6757bebd73e7cf74c97?s=96&d=mm&r=g\"},\"description\":\"\\\"The World is a book, and those who do not travel read only a page\\\" - Aurelius Augustinus (354 - 430 AD) Travel is our passion. With our posts and videos we like to inspire people who are planning or preparing for holidays as well as people who simply want to escape from everyday life and dream of faraway countries.\",\"sameAs\":[\"https:\\\/\\\/www.myvideomedia.com\",\"https:\\\/\\\/www.facebook.com\\\/ursula.streit.520\"],\"url\":\"https:\\\/\\\/blog.myvideomedia.com\\\/de\\\/author\\\/traveladm\\\/\"}]}<\/script>\n<!-- \/ Yoast SEO plugin. -->","yoast_head_json":{"title":"Erste Schritte in Warschau - Polen - Reise Video Blog","description":"Nachdem wir am Abend bereits bei Dunkelheit in Warschau angekommen sind, machen wir uns am n\u00e4chsten Morgen auf um das Zentrum der Stadt zu erkunden.","robots":{"index":"index","follow":"follow","max-snippet":"max-snippet:-1","max-image-preview":"max-image-preview:large","max-video-preview":"max-video-preview:-1"},"canonical":"https:\/\/blog.myvideomedia.com\/de\/erste-schritte-in-warschau\/","og_locale":"de_DE","og_type":"article","og_title":"Erste Schritte in Warschau - Polen - Reise Video Blog","og_description":"Nachdem wir am Abend bereits bei Dunkelheit in Warschau angekommen sind, machen wir uns am n\u00e4chsten Morgen auf um das Zentrum der Stadt zu erkunden.","og_url":"https:\/\/blog.myvideomedia.com\/de\/erste-schritte-in-warschau\/","og_site_name":"Reise Video Blog","article_publisher":"https:\/\/www.facebook.com\/ursula.streit.520","article_author":"https:\/\/www.facebook.com\/ursula.streit.520","article_published_time":"2018-09-30T08:54:14+00:00","article_modified_time":"2019-02-04T16:25:09+00:00","og_image":[{"width":1280,"height":720,"url":"https:\/\/blog.myvideomedia.com\/wp-content\/uploads\/2018\/09\/Nowy-Swiat-Uniwersytet-20160810_111812.jpg","type":"image\/jpeg"}],"author":"myVideoMedia","twitter_card":"summary_large_image","twitter_creator":"@myvideomedia","twitter_site":"@myvideomedia","twitter_misc":{"Verfasst von":"myVideoMedia","Gesch\u00e4tzte Lesezeit":"2\u00a0Minuten"},"schema":{"@context":"https:\/\/schema.org","@graph":[{"@type":"Article","@id":"https:\/\/blog.myvideomedia.com\/de\/erste-schritte-in-warschau\/#article","isPartOf":{"@id":"https:\/\/blog.myvideomedia.com\/de\/erste-schritte-in-warschau\/"},"author":{"name":"myVideoMedia","@id":"https:\/\/blog.myvideomedia.com\/de\/#\/schema\/person\/87be8fbbed69b1562242448c1c3dcbec"},"headline":"Erste Schritte in Warschau","datePublished":"2018-09-30T08:54:14+00:00","dateModified":"2019-02-04T16:25:09+00:00","mainEntityOfPage":{"@id":"https:\/\/blog.myvideomedia.com\/de\/erste-schritte-in-warschau\/"},"wordCount":420,"commentCount":0,"publisher":{"@id":"https:\/\/blog.myvideomedia.com\/de\/#\/schema\/person\/87be8fbbed69b1562242448c1c3dcbec"},"image":{"@id":"https:\/\/blog.myvideomedia.com\/de\/erste-schritte-in-warschau\/#primaryimage"},"thumbnailUrl":"https:\/\/blog.myvideomedia.com\/wp-content\/uploads\/2018\/09\/Nowy-Swiat-Uniwersytet-20160810_111812.jpg","keywords":["Stadt","Stadtrundgang"],"articleSection":["Europa","Polen"],"inLanguage":"de","potentialAction":[{"@type":"CommentAction","name":"Comment","target":["https:\/\/blog.myvideomedia.com\/de\/erste-schritte-in-warschau\/#respond"]}]},{"@type":"WebPage","@id":"https:\/\/blog.myvideomedia.com\/de\/erste-schritte-in-warschau\/","url":"https:\/\/blog.myvideomedia.com\/de\/erste-schritte-in-warschau\/","name":"Erste Schritte in Warschau - Polen - Reise Video Blog","isPartOf":{"@id":"https:\/\/blog.myvideomedia.com\/de\/#website"},"primaryImageOfPage":{"@id":"https:\/\/blog.myvideomedia.com\/de\/erste-schritte-in-warschau\/#primaryimage"},"image":{"@id":"https:\/\/blog.myvideomedia.com\/de\/erste-schritte-in-warschau\/#primaryimage"},"thumbnailUrl":"https:\/\/blog.myvideomedia.com\/wp-content\/uploads\/2018\/09\/Nowy-Swiat-Uniwersytet-20160810_111812.jpg","datePublished":"2018-09-30T08:54:14+00:00","dateModified":"2019-02-04T16:25:09+00:00","description":"Nachdem wir am Abend bereits bei Dunkelheit in Warschau angekommen sind, machen wir uns am n\u00e4chsten Morgen auf um das Zentrum der Stadt zu erkunden.","breadcrumb":{"@id":"https:\/\/blog.myvideomedia.com\/de\/erste-schritte-in-warschau\/#breadcrumb"},"inLanguage":"de","potentialAction":[{"@type":"ReadAction","target":["https:\/\/blog.myvideomedia.com\/de\/erste-schritte-in-warschau\/"]}]},{"@type":"ImageObject","inLanguage":"de","@id":"https:\/\/blog.myvideomedia.com\/de\/erste-schritte-in-warschau\/#primaryimage","url":"https:\/\/blog.myvideomedia.com\/wp-content\/uploads\/2018\/09\/Nowy-Swiat-Uniwersytet-20160810_111812.jpg","contentUrl":"https:\/\/blog.myvideomedia.com\/wp-content\/uploads\/2018\/09\/Nowy-Swiat-Uniwersytet-20160810_111812.jpg","width":1280,"height":720,"caption":"Universit\u00e4t Warschau"},{"@type":"BreadcrumbList","@id":"https:\/\/blog.myvideomedia.com\/de\/erste-schritte-in-warschau\/#breadcrumb","itemListElement":[{"@type":"ListItem","position":1,"name":"Home","item":"https:\/\/blog.myvideomedia.com\/de\/"},{"@type":"ListItem","position":2,"name":"Erste Schritte in Warschau"}]},{"@type":"WebSite","@id":"https:\/\/blog.myvideomedia.com\/de\/#website","url":"https:\/\/blog.myvideomedia.com\/de\/","name":"Travel Video Blog","description":"myVideoMedia Reisetipps und Reisevideos","publisher":{"@id":"https:\/\/blog.myvideomedia.com\/de\/#\/schema\/person\/87be8fbbed69b1562242448c1c3dcbec"},"potentialAction":[{"@type":"SearchAction","target":{"@type":"EntryPoint","urlTemplate":"https:\/\/blog.myvideomedia.com\/de\/?s={search_term_string}"},"query-input":{"@type":"PropertyValueSpecification","valueRequired":true,"valueName":"search_term_string"}}],"inLanguage":"de"},{"@type":["Person","Organization"],"@id":"https:\/\/blog.myvideomedia.com\/de\/#\/schema\/person\/87be8fbbed69b1562242448c1c3dcbec","name":"myVideoMedia","image":{"@type":"ImageObject","inLanguage":"de","@id":"https:\/\/secure.gravatar.com\/avatar\/460720160715ef8975b781abd1b6985e55ce2f01567bb6757bebd73e7cf74c97?s=96&d=mm&r=g","url":"https:\/\/secure.gravatar.com\/avatar\/460720160715ef8975b781abd1b6985e55ce2f01567bb6757bebd73e7cf74c97?s=96&d=mm&r=g","contentUrl":"https:\/\/secure.gravatar.com\/avatar\/460720160715ef8975b781abd1b6985e55ce2f01567bb6757bebd73e7cf74c97?s=96&d=mm&r=g","caption":"myVideoMedia"},"logo":{"@id":"https:\/\/secure.gravatar.com\/avatar\/460720160715ef8975b781abd1b6985e55ce2f01567bb6757bebd73e7cf74c97?s=96&d=mm&r=g"},"description":"\"The World is a book, and those who do not travel read only a page\" - Aurelius Augustinus (354 - 430 AD) Travel is our passion. With our posts and videos we like to inspire people who are planning or preparing for holidays as well as people who simply want to escape from everyday life and dream of faraway countries.","sameAs":["https:\/\/www.myvideomedia.com","https:\/\/www.facebook.com\/ursula.streit.520"],"url":"https:\/\/blog.myvideomedia.com\/de\/author\/traveladm\/"}]}},"featured_image_src":"https:\/\/blog.myvideomedia.com\/wp-content\/uploads\/2018\/09\/Nowy-Swiat-Uniwersytet-20160810_111812.jpg","featured_image_src_square":"https:\/\/blog.myvideomedia.com\/wp-content\/uploads\/2018\/09\/Nowy-Swiat-Uniwersytet-20160810_111812.jpg","author_info":{"display_name":"myVideoMedia","author_link":"https:\/\/blog.myvideomedia.com\/de\/author\/traveladm\/"},"_links":{"self":[{"href":"https:\/\/blog.myvideomedia.com\/de\/wp-json\/wp\/v2\/posts\/20501","targetHints":{"allow":["GET"]}}],"collection":[{"href":"https:\/\/blog.myvideomedia.com\/de\/wp-json\/wp\/v2\/posts"}],"about":[{"href":"https:\/\/blog.myvideomedia.com\/de\/wp-json\/wp\/v2\/types\/post"}],"author":[{"embeddable":true,"href":"https:\/\/blog.myvideomedia.com\/de\/wp-json\/wp\/v2\/users\/1"}],"replies":[{"embeddable":true,"href":"https:\/\/blog.myvideomedia.com\/de\/wp-json\/wp\/v2\/comments?post=20501"}],"version-history":[{"count":0,"href":"https:\/\/blog.myvideomedia.com\/de\/wp-json\/wp\/v2\/posts\/20501\/revisions"}],"wp:featuredmedia":[{"embeddable":true,"href":"https:\/\/blog.myvideomedia.com\/de\/wp-json\/wp\/v2\/media\/20492"}],"wp:attachment":[{"href":"https:\/\/blog.myvideomedia.com\/de\/wp-json\/wp\/v2\/media?parent=20501"}],"wp:term":[{"taxonomy":"category","embeddable":true,"href":"https:\/\/blog.myvideomedia.com\/de\/wp-json\/wp\/v2\/categories?post=20501"},{"taxonomy":"post_tag","embeddable":true,"href":"https:\/\/blog.myvideomedia.com\/de\/wp-json\/wp\/v2\/tags?post=20501"}],"curies":[{"name":"wp","href":"https:\/\/api.w.org\/{rel}","templated":true}]}}