{"id":21758,"date":"2018-12-28T09:17:03","date_gmt":"2018-12-28T08:17:03","guid":{"rendered":"https:\/\/blog.myvideomedia.com\/?p=21758"},"modified":"2021-02-09T15:23:36","modified_gmt":"2021-02-09T14:23:36","slug":"stadtspaziergang-in-bischkek","status":"publish","type":"post","link":"https:\/\/blog.myvideomedia.com\/de\/stadtspaziergang-in-bischkek\/","title":{"rendered":"Stadtspaziergang in Bischkek"},"content":{"rendered":"\n<p>Wir beginnen unseren Stadtspaziergang in Bischkek beim Rathaus in der Chui Avenue. Die Chui Avenue ist die wichtigste Querverbindung von West nach Ost in Bischkek.<\/p>\n\n\n\n<div class=\"wp-block-image\"><figure class=\"aligncenter\"><img loading=\"lazy\" decoding=\"async\" width=\"600\" height=\"400\" src=\"https:\/\/blog.myvideomedia.com\/wp-content\/uploads\/2018\/12\/Rathaus-Bischkek_DSC3616-600x400.jpg\" alt=\"Rathaus Bischkek\" class=\"wp-image-21729\" srcset=\"https:\/\/blog.myvideomedia.com\/wp-content\/uploads\/2018\/12\/Rathaus-Bischkek_DSC3616-600x400.jpg 600w, https:\/\/blog.myvideomedia.com\/wp-content\/uploads\/2018\/12\/Rathaus-Bischkek_DSC3616-768x512.jpg 768w, https:\/\/blog.myvideomedia.com\/wp-content\/uploads\/2018\/12\/Rathaus-Bischkek_DSC3616-1260x841.jpg 1260w, https:\/\/blog.myvideomedia.com\/wp-content\/uploads\/2018\/12\/Rathaus-Bischkek_DSC3616.jpg 1280w\" sizes=\"auto, (max-width: 600px) 100vw, 600px\" \/><\/figure><\/div>\n\n\n\n<p>Der blaue Dachgiebel des Rathauses bringt eine erfrischende Farbe in das Stadtbild. Rechts daneben ist die Nationalbank untergebracht.<\/p>\n\n\n\n<div class=\"wp-block-image\"><figure class=\"aligncenter\"><img loading=\"lazy\" decoding=\"async\" width=\"600\" height=\"400\" src=\"https:\/\/blog.myvideomedia.com\/wp-content\/uploads\/2018\/12\/Bishkek-city_DSC3627-600x400.jpg\" alt=\"Universitaet Bischkek\" class=\"wp-image-21757\" srcset=\"https:\/\/blog.myvideomedia.com\/wp-content\/uploads\/2018\/12\/Bishkek-city_DSC3627-600x400.jpg 600w, https:\/\/blog.myvideomedia.com\/wp-content\/uploads\/2018\/12\/Bishkek-city_DSC3627-768x512.jpg 768w, https:\/\/blog.myvideomedia.com\/wp-content\/uploads\/2018\/12\/Bishkek-city_DSC3627-1260x841.jpg 1260w, https:\/\/blog.myvideomedia.com\/wp-content\/uploads\/2018\/12\/Bishkek-city_DSC3627.jpg 1280w\" sizes=\"auto, (max-width: 600px) 100vw, 600px\" \/><\/figure><\/div>\n\n\n\n<p>Gegen\u00fcber ist am Ende einer langen Alle ein Geb\u00e4ude der Universit\u00e4t erkennbar. Rechts von der Allee steht die Philharmonie (Philarmonic Hall Named Toktogul Satylganov).<\/p>\n\n\n\n<p>Davor befindet sich ein gewaltiges Denkmal von Manas, dem Kirgisischen Nationalhelden. Sein ausgestreckter Arm mit dem Schwert als Verl\u00e4ngerung dient den V\u00f6geln als bevorzugter Rastplatz.<\/p>\n\n\n\n<h3 class=\"wp-block-heading\"><a rel=\"noopener nofollow noreferrer\" href=\"https:\/\/youtu.be\/Pyhy2HoVYpU\" target=\"_blank\">Hier sehen Sie das 4K UHD Video<\/a><\/h3>\n\n\n\n<figure> <div class=\"brlbs-cmpnt-container brlbs-cmpnt-content-blocker brlbs-cmpnt-with-individual-styles\" data-borlabs-cookie-content-blocker-id=\"youtube-content-blocker\" data-borlabs-cookie-content=\"PGlmcmFtZSBzcmM9Imh0dHBzOi8vd3d3LnlvdXR1YmUtbm9jb29raWUuY29tL2VtYmVkL1B5aHkySG9WWXBVIiB3aWR0aD0iNjAwIiBoZWlnaHQ9IjMzOCI+PC9pZnJhbWU+\"><div class=\"brlbs-cmpnt-cb-preset-c brlbs-cmpnt-cb-youtube\"> <div class=\"brlbs-cmpnt-cb-thumbnail\" style=\"background-image: url('https:\/\/blog.myvideomedia.com\/wp-content\/uploads\/borlabs-cookie\/1\/yt_Pyhy2HoVYpU_hqdefault.jpg')\"><\/div> <div class=\"brlbs-cmpnt-cb-main\"> <div class=\"brlbs-cmpnt-cb-play-button\"><\/div> <div class=\"brlbs-cmpnt-cb-content\"> <p class=\"brlbs-cmpnt-cb-description\">Sie sehen gerade einen Platzhalterinhalt von <strong>YouTube<\/strong>. Um auf den eigentlichen Inhalt zuzugreifen, klicken Sie auf die Schaltfl\u00e4che unten. Bitte beachten Sie, dass dabei Daten an Drittanbieter weitergegeben werden.<\/p> <a class=\"brlbs-cmpnt-cb-provider-toggle\" href=\"#\" data-borlabs-cookie-show-provider-information role=\"button\">Mehr Informationen<\/a> <\/div> <div class=\"brlbs-cmpnt-cb-buttons\"> <a class=\"brlbs-cmpnt-cb-btn\" href=\"#\" data-borlabs-cookie-unblock role=\"button\">Inhalt entsperren<\/a> <a class=\"brlbs-cmpnt-cb-btn\" href=\"#\" data-borlabs-cookie-accept-service role=\"button\" style=\"display: inherit\">Erforderlichen Service akzeptieren und Inhalte entsperren<\/a> <\/div> <\/div> <\/div><\/div><\/figure>\n\n\n\n<p>Der Blick zur\u00fcck entlang der Chui Avenue zeigt ein weiteres Geb\u00e4ude der Universit\u00e4t, gegen\u00fcber der Nationalbank.<\/p>\n\n\n\n<p>Wir machen im Video nun einen virtuellen Sprung um einen Kilometer nach Osten und befinden uns nun vor dem Wei\u00dfen Haus, dem Parlament von Kirgisistan. Die Zahl der Abgeordneten betr\u00e4gt 129. Eine interessante Regelung ist aber, dass die Zahl der Abgeordneten pro Partei auf 85 beschr\u00e4nkt ist.<\/p>\n\n\n\n<p>Somit kann eine einzelne Partei nicht allm\u00e4chtig werden. Allerdings sind trotz aller Bem\u00fchungen zur Gleichberechtigung der Frauen die Frauen im Parlament unterrepr\u00e4sentiert.<\/p>\n\n\n\n<div class=\"wp-block-image\"><figure class=\"aligncenter\"><img loading=\"lazy\" decoding=\"async\" width=\"600\" height=\"400\" src=\"https:\/\/blog.myvideomedia.com\/wp-content\/uploads\/2018\/12\/Regierung-Bishkek_DSC3639m-600x400.jpg\" alt=\"Weisses Haus Bischkek\" class=\"wp-image-21733\" srcset=\"https:\/\/blog.myvideomedia.com\/wp-content\/uploads\/2018\/12\/Regierung-Bishkek_DSC3639m-600x400.jpg 600w, https:\/\/blog.myvideomedia.com\/wp-content\/uploads\/2018\/12\/Regierung-Bishkek_DSC3639m-768x512.jpg 768w, https:\/\/blog.myvideomedia.com\/wp-content\/uploads\/2018\/12\/Regierung-Bishkek_DSC3639m-1260x841.jpg 1260w, https:\/\/blog.myvideomedia.com\/wp-content\/uploads\/2018\/12\/Regierung-Bishkek_DSC3639m.jpg 1280w\" sizes=\"auto, (max-width: 600px) 100vw, 600px\" \/><\/figure><\/div>\n\n\n\n<p>\u00d6stlich des Parlaments streckt sich die Stele f\u00fcr die Freundschaft der V\u00f6lker gen Himmel.<\/p>\n\n\n\n<div class=\"wp-block-image\"><figure class=\"aligncenter\"><img loading=\"lazy\" decoding=\"async\" width=\"600\" height=\"400\" src=\"https:\/\/blog.myvideomedia.com\/wp-content\/uploads\/2018\/12\/Stela-of-Nations-Friendship-DSC3642m-600x400.jpg\" alt=\"Stele f\u00fcr die Freundschaft der V\u00f6lker\" class=\"wp-image-21735\" srcset=\"https:\/\/blog.myvideomedia.com\/wp-content\/uploads\/2018\/12\/Stela-of-Nations-Friendship-DSC3642m-600x400.jpg 600w, https:\/\/blog.myvideomedia.com\/wp-content\/uploads\/2018\/12\/Stela-of-Nations-Friendship-DSC3642m-768x512.jpg 768w, https:\/\/blog.myvideomedia.com\/wp-content\/uploads\/2018\/12\/Stela-of-Nations-Friendship-DSC3642m-1260x841.jpg 1260w, https:\/\/blog.myvideomedia.com\/wp-content\/uploads\/2018\/12\/Stela-of-Nations-Friendship-DSC3642m.jpg 1280w\" sizes=\"auto, (max-width: 600px) 100vw, 600px\" \/><\/figure><\/div>\n\n\n\n<p>Wir erreichen jetzt das Zentrum von Bischkek mit dem Ala Too Platz, der im Norden durch das National Historische Museum begrenzt wird. Auf der Freifl\u00e4che davor befindet sich ein weiteres Denkmal des Nationalhelden Manas, das von deutschen Kriegsgefangenen errichtet wurde, von denen die meisten nicht \u00fcberlebten.<\/p>\n\n\n\n<div class=\"wp-block-image\"><figure class=\"aligncenter\"><img loading=\"lazy\" decoding=\"async\" width=\"400\" height=\"600\" src=\"https:\/\/blog.myvideomedia.com\/wp-content\/uploads\/2018\/12\/Bishkek_DSC3646-400x600.jpg\" alt=\"Kirgisische Flagge und Manas Bischkek\" class=\"wp-image-21737\" srcset=\"https:\/\/blog.myvideomedia.com\/wp-content\/uploads\/2018\/12\/Bishkek_DSC3646-400x600.jpg 400w, https:\/\/blog.myvideomedia.com\/wp-content\/uploads\/2018\/12\/Bishkek_DSC3646-768x1151.jpg 768w, https:\/\/blog.myvideomedia.com\/wp-content\/uploads\/2018\/12\/Bishkek_DSC3646-841x1260.jpg 841w, https:\/\/blog.myvideomedia.com\/wp-content\/uploads\/2018\/12\/Bishkek_DSC3646.jpg 854w\" sizes=\"auto, (max-width: 400px) 100vw, 400px\" \/><\/figure><\/div>\n\n\n\n<p>Au\u00dferdem steht hier eine beeindruckende Fahne Kirgisistans. Am Stra\u00dfenrand zur Chuy Ave werden gerade Flaggen und Podien f\u00fcr den bevorstehenden Unabh\u00e4ngigkeitstag aufgestellt.<\/p>\n\n\n\n<div class=\"wp-block-image\"><figure class=\"aligncenter\"><img loading=\"lazy\" decoding=\"async\" width=\"600\" height=\"400\" src=\"https:\/\/blog.myvideomedia.com\/wp-content\/uploads\/2018\/12\/Bishkek_DSC3652-600x400.jpg\" alt=\"Shopping center\" class=\"wp-image-21739\" srcset=\"https:\/\/blog.myvideomedia.com\/wp-content\/uploads\/2018\/12\/Bishkek_DSC3652-600x400.jpg 600w, https:\/\/blog.myvideomedia.com\/wp-content\/uploads\/2018\/12\/Bishkek_DSC3652-768x512.jpg 768w, https:\/\/blog.myvideomedia.com\/wp-content\/uploads\/2018\/12\/Bishkek_DSC3652-1260x841.jpg 1260w, https:\/\/blog.myvideomedia.com\/wp-content\/uploads\/2018\/12\/Bishkek_DSC3652.jpg 1280w\" sizes=\"auto, (max-width: 600px) 100vw, 600px\" \/><\/figure><\/div>\n\n\n\n<p>Auf der gegen\u00fcber liegenden Seite der Chuy Ave befinden sich zwei riesige Geb\u00e4udebl\u00f6cke, die von Zeltstadt &#8211; artigen Arkaden umgeben sind. In ihnen sind Restaurants, Gesch\u00e4fte und Banken untergebracht. Ein \u00e4hnliches Geb\u00e4ude in der Mitte, aber etwas in den Hintergrund versetzt, mit einer goldenen Kuppel auf dem Dach beherbergt das Landwirtschaftsministerium.<\/p>\n\n\n\n<div class=\"wp-block-image\"><figure class=\"aligncenter\"><img loading=\"lazy\" decoding=\"async\" width=\"600\" height=\"400\" src=\"https:\/\/blog.myvideomedia.com\/wp-content\/uploads\/2018\/12\/Bishkek_DSC3648-600x400.jpg\" alt=\"Landwirtschaftsministerium Bischkek\" class=\"wp-image-21741\" srcset=\"https:\/\/blog.myvideomedia.com\/wp-content\/uploads\/2018\/12\/Bishkek_DSC3648-600x400.jpg 600w, https:\/\/blog.myvideomedia.com\/wp-content\/uploads\/2018\/12\/Bishkek_DSC3648-768x512.jpg 768w, https:\/\/blog.myvideomedia.com\/wp-content\/uploads\/2018\/12\/Bishkek_DSC3648-1260x841.jpg 1260w, https:\/\/blog.myvideomedia.com\/wp-content\/uploads\/2018\/12\/Bishkek_DSC3648.jpg 1280w\" sizes=\"auto, (max-width: 600px) 100vw, 600px\" \/><\/figure><\/div>\n\n\n\n<p>Davor steht ein Denkmal des bedeutendsten Kirgisischen Schriftstellers und Politikers Chingiz Aitmatov, den wir bereits in <a href=\"https:\/\/blog.myvideomedia.com\/de\/tscholponata-inklusive-drohnenflug\/\">Tscholponata<\/a> kennengelernt haben.<\/p>\n\n\n\n<p>In \u00f6stlicher Richtung schlie\u00dft ein Geb\u00e4ude in der original Architektur der pre-sowjetischen \u00c4ra an. Es ist das Ministerium f\u00fcr Kultur und Information. Noch einmal \u00f6stlich ist eine Bildergalerie.<\/p>\n\n\n\n<div class=\"wp-block-image\"><figure class=\"aligncenter\"><img loading=\"lazy\" decoding=\"async\" width=\"600\" height=\"400\" src=\"https:\/\/blog.myvideomedia.com\/wp-content\/uploads\/2018\/12\/Nullmeridian_DSC3666-600x400.jpg\" alt=\"Km Null Bischkek\" class=\"wp-image-21743\" srcset=\"https:\/\/blog.myvideomedia.com\/wp-content\/uploads\/2018\/12\/Nullmeridian_DSC3666-600x400.jpg 600w, https:\/\/blog.myvideomedia.com\/wp-content\/uploads\/2018\/12\/Nullmeridian_DSC3666-768x512.jpg 768w, https:\/\/blog.myvideomedia.com\/wp-content\/uploads\/2018\/12\/Nullmeridian_DSC3666-1260x841.jpg 1260w, https:\/\/blog.myvideomedia.com\/wp-content\/uploads\/2018\/12\/Nullmeridian_DSC3666.jpg 1280w\" sizes=\"auto, (max-width: 600px) 100vw, 600px\" \/><\/figure><\/div>\n\n\n\n<p>Wiederum \u00f6stlich ist der Dubviy Park, in dem auch der Kilometer Null ist, wo wir mit der <a href=\"https:\/\/blog.myvideomedia.com\/de\/hochzeitspalast-und-bischkek-aus-der-vogelprespektive\/\">Drohne gestartet<\/a> sind. Davor ist das Denkmal von Kurmanjan Datka (Kurmanzhan Datka). Sie wird als K\u00f6nigin des S\u00fcdens bezeichnet.<\/p>\n\n\n\n<p>In jungen Jahren wurde sie zwangsverheiratet, floh aber, da sie den zuk\u00fcnftigen Ehemann nicht mochte. Sp\u00e4ter heiratete sie den \u00f6rtlichen Feudalherrn Datka Alimbek, der aber schon bald ermordet wurde.<\/p>\n\n\n\n<div class=\"wp-block-image\"><figure class=\"aligncenter\"><img loading=\"lazy\" decoding=\"async\" width=\"600\" height=\"400\" src=\"https:\/\/blog.myvideomedia.com\/wp-content\/uploads\/2018\/12\/Kurmanjan-Datka_DSC3660m-600x400.jpg\" alt=\"Kurmanjan Datka Bischkek\" class=\"wp-image-21745\" srcset=\"https:\/\/blog.myvideomedia.com\/wp-content\/uploads\/2018\/12\/Kurmanjan-Datka_DSC3660m-600x400.jpg 600w, https:\/\/blog.myvideomedia.com\/wp-content\/uploads\/2018\/12\/Kurmanjan-Datka_DSC3660m-768x512.jpg 768w, https:\/\/blog.myvideomedia.com\/wp-content\/uploads\/2018\/12\/Kurmanjan-Datka_DSC3660m-1260x841.jpg 1260w, https:\/\/blog.myvideomedia.com\/wp-content\/uploads\/2018\/12\/Kurmanjan-Datka_DSC3660m.jpg 1280w\" sizes=\"auto, (max-width: 600px) 100vw, 600px\" \/><\/figure><\/div>\n\n\n\n<p>Sie wurde aber von den Khans von Buchara und Kokand als Herrscherin der Alai anerkannt und bekam nun den Titel Datka. Als das Alai-Gebiet von Russland annektiert wurde \u00fcberredetet sie ihr Volk den sinnlosen Widerstand aufzugeben. Sp\u00e4ter wurde ihr Lieblingssohn wegen Schmuggel zum Tode verurteilt und hingerichtet.<\/p>\n\n\n\n<p>Sie lehnte eine Intervention ab, da sie nicht bereit war ihre privaten Probleme zu Problemen ihres Volkes zu machen. Danach zog sie sich im wesentlichen aus dem \u00f6ffentlichen Leben zur\u00fcck. Sie wurde \u00fcber 90 Jahre alt. 1995 wurde eine Frauenkommission nach ihr benannt, die heute \u201eWoman&#8217;s Public Union Arayim\u201c hei\u00dft.<\/p>\n\n\n\n<div class=\"wp-block-image\"><figure class=\"aligncenter\"><img loading=\"lazy\" decoding=\"async\" width=\"600\" height=\"400\" src=\"https:\/\/blog.myvideomedia.com\/wp-content\/uploads\/2018\/12\/Bishkek_DSC3670-600x400.jpg\" alt=\"Park Bischkek\" class=\"wp-image-21747\" srcset=\"https:\/\/blog.myvideomedia.com\/wp-content\/uploads\/2018\/12\/Bishkek_DSC3670-600x400.jpg 600w, https:\/\/blog.myvideomedia.com\/wp-content\/uploads\/2018\/12\/Bishkek_DSC3670-768x512.jpg 768w, https:\/\/blog.myvideomedia.com\/wp-content\/uploads\/2018\/12\/Bishkek_DSC3670-1260x841.jpg 1260w, https:\/\/blog.myvideomedia.com\/wp-content\/uploads\/2018\/12\/Bishkek_DSC3670.jpg 1280w\" sizes=\"auto, (max-width: 600px) 100vw, 600px\" \/><\/figure><\/div>\n\n\n\n<p>Wir gehen weiter durch den Park, der von zahlreichen Statuen geschm\u00fcckt ist. Au\u00dferdem Befindet sich hier, neben einem Springbrunnen ein Denkmal f\u00fcr die roten Garden.<\/p>\n\n\n\n<p>Wir erreichen das Nationalmuseum der Sch\u00f6nen K\u00fcnste, benannt nach Gapar Aitiev, einem kirgisischen K\u00fcnstler, Mitglied der KPDSU und Empf\u00e4nger des Toktogul &#8211; Staatspreis, des Lenin Ordens und weitere Orden und Medaillen.<\/p>\n\n\n\n<p>Auf der gegen\u00fcber liegenden Stra\u00dfenseite befindet sich die Oper, die gerade restauriert wird.<\/p>\n\n\n\n<div class=\"wp-block-image\"><figure class=\"aligncenter\"><img loading=\"lazy\" decoding=\"async\" width=\"600\" height=\"400\" src=\"https:\/\/blog.myvideomedia.com\/wp-content\/uploads\/2018\/12\/Bishkek-20170829_114603m-600x400.jpg\" alt=\"Oper Bischkek\" class=\"wp-image-21753\" srcset=\"https:\/\/blog.myvideomedia.com\/wp-content\/uploads\/2018\/12\/Bishkek-20170829_114603m-600x400.jpg 600w, https:\/\/blog.myvideomedia.com\/wp-content\/uploads\/2018\/12\/Bishkek-20170829_114603m-768x512.jpg 768w, https:\/\/blog.myvideomedia.com\/wp-content\/uploads\/2018\/12\/Bishkek-20170829_114603m-1260x841.jpg 1260w, https:\/\/blog.myvideomedia.com\/wp-content\/uploads\/2018\/12\/Bishkek-20170829_114603m.jpg 1280w\" sizes=\"auto, (max-width: 600px) 100vw, 600px\" \/><\/figure><\/div>\n\n\n\n<p>Wir bewegen uns weiter in Richtung S\u00fcden zum Denkmal f\u00fcr die K\u00e4mpfer der Revolution. Es ist ein typisches Monumental &#8211; Denkmal aus sowjetischer Zeit.<\/p>\n\n\n\n<div class=\"wp-block-image\"><figure class=\"aligncenter\"><img loading=\"lazy\" decoding=\"async\" width=\"600\" height=\"400\" src=\"https:\/\/blog.myvideomedia.com\/wp-content\/uploads\/2018\/12\/Denkmal-der-Kaempfer-der-Revolution_DSC3688-600x400.jpg\" alt=\"Denkmal der Kaempfer der Revolution\" class=\"wp-image-21751\" srcset=\"https:\/\/blog.myvideomedia.com\/wp-content\/uploads\/2018\/12\/Denkmal-der-Kaempfer-der-Revolution_DSC3688-600x400.jpg 600w, https:\/\/blog.myvideomedia.com\/wp-content\/uploads\/2018\/12\/Denkmal-der-Kaempfer-der-Revolution_DSC3688-768x512.jpg 768w, https:\/\/blog.myvideomedia.com\/wp-content\/uploads\/2018\/12\/Denkmal-der-Kaempfer-der-Revolution_DSC3688-1260x841.jpg 1260w, https:\/\/blog.myvideomedia.com\/wp-content\/uploads\/2018\/12\/Denkmal-der-Kaempfer-der-Revolution_DSC3688.jpg 1280w\" sizes=\"auto, (max-width: 600px) 100vw, 600px\" \/><\/figure><\/div>\n\n\n\n<p><br>In der Mitte eine Freiheitsstatue in Frauengestalt, w\u00e4hrend au\u00dfen herum einige Gruppen zu Ehren der M\u00e4rtyrer der Revolution drapiert sind.<\/p>\n\n\n\n<p>Unsere letzte Station an diesem Nachmittag ist der Siegesplatz, Victory Square. Das Denkmal wurde zum 40 Jahrestag der Befreiung der UdSSR erbaut und ist dem Sieg \u00fcber Nazi-Deutschland gewidmet.<\/p>\n\n\n\n<div class=\"wp-block-image\"><figure class=\"aligncenter\"><img loading=\"lazy\" decoding=\"async\" width=\"600\" height=\"400\" src=\"https:\/\/blog.myvideomedia.com\/wp-content\/uploads\/2018\/12\/Memorial-Bishkek_DSC3697-600x400.jpg\" alt=\"Victory Square Bischkek\" class=\"wp-image-21749\" srcset=\"https:\/\/blog.myvideomedia.com\/wp-content\/uploads\/2018\/12\/Memorial-Bishkek_DSC3697-600x400.jpg 600w, https:\/\/blog.myvideomedia.com\/wp-content\/uploads\/2018\/12\/Memorial-Bishkek_DSC3697-768x512.jpg 768w, https:\/\/blog.myvideomedia.com\/wp-content\/uploads\/2018\/12\/Memorial-Bishkek_DSC3697-1260x841.jpg 1260w, https:\/\/blog.myvideomedia.com\/wp-content\/uploads\/2018\/12\/Memorial-Bishkek_DSC3697.jpg 1280w\" sizes=\"auto, (max-width: 600px) 100vw, 600px\" \/><\/figure><\/div>\n\n\n\n<p>Drei B\u00f6gen aus rotem Granit symbolisieren eine Jurte in der eine Frau steht, die auf ihren Mann wartet. Eine ewige Flamme verleiht dem inneren Bereich eine besondere Atmosph\u00e4re.<\/p>\n\n\n\n<p><strong><em>Sie wollen dem Trubel der Stadt entfliehen und die Ruhe genie\u00dfen?<\/em><\/strong><\/p>\n\n\n\n<figure class=\"wp-block-image size-large is-style-default\"><img loading=\"lazy\" decoding=\"async\" width=\"1260\" height=\"835\" src=\"https:\/\/blog.myvideomedia.com\/wp-content\/uploads\/2021\/02\/Feelnomad-DSC_4396-1260x835.jpg\" alt=\"Feel Nomad Jurt Camp\" class=\"wp-image-27030\" srcset=\"https:\/\/blog.myvideomedia.com\/wp-content\/uploads\/2021\/02\/Feelnomad-DSC_4396-1260x835.jpg 1260w, https:\/\/blog.myvideomedia.com\/wp-content\/uploads\/2021\/02\/Feelnomad-DSC_4396-600x397.jpg 600w, https:\/\/blog.myvideomedia.com\/wp-content\/uploads\/2021\/02\/Feelnomad-DSC_4396-768x509.jpg 768w, https:\/\/blog.myvideomedia.com\/wp-content\/uploads\/2021\/02\/Feelnomad-DSC_4396-1536x1017.jpg 1536w, https:\/\/blog.myvideomedia.com\/wp-content\/uploads\/2021\/02\/Feelnomad-DSC_4396-2048x1356.jpg 2048w\" sizes=\"auto, (max-width: 1260px) 100vw, 1260px\" \/><figcaption>Foto mit freundlicher Genehmigung von FeelNomad Travel<\/figcaption><\/figure>\n\n\n\n<p><em>Dann ist das <a href=\"https:\/\/feelnomad.com\/yurt-camp\/\" target=\"_blank\" rel=\"noreferrer noopener\">Feel Nomad Jurt Camp<\/a>, umgeben von endlosen Canyons und dem Issyk-Kul See, der perfekte Ort f\u00fcr Sie.<\/em><\/p>\n\n\n\n<p>Das k\u00f6nnte Sie auch interessieren &gt; <a href=\"https:\/\/blog.myvideomedia.com\/de\/abendessen-im-ethno-komplex-supara\/\">Abendessen im Ethno-Komplex Supara<\/a><\/p>\n\n\n\n<h3 class=\"wp-block-heading\">Pin it &#8211; f\u00fcr sp\u00e4ter merken<\/h3>\n\n\n\n<div class=\"wp-block-image\"><figure class=\"aligncenter\"><img loading=\"lazy\" decoding=\"async\" width=\"400\" height=\"600\" src=\"https:\/\/blog.myvideomedia.com\/wp-content\/uploads\/2018\/12\/Stadtspaziergang-Bischkek-400x600.jpg\" alt=\"Stadtspaziergang in Bischkek\" class=\"wp-image-21760\" srcset=\"https:\/\/blog.myvideomedia.com\/wp-content\/uploads\/2018\/12\/Stadtspaziergang-Bischkek-400x600.jpg 400w, https:\/\/blog.myvideomedia.com\/wp-content\/uploads\/2018\/12\/Stadtspaziergang-Bischkek.jpg 600w\" sizes=\"auto, (max-width: 400px) 100vw, 400px\" \/><\/figure><\/div>\n\n\n\n<p><em>Hinweis: Unsere Reise wurde in Zusammenarbeit mit Discover Kyrgyzstan organisiert und durch die Unterst\u00fctzung der United States Agency for International Development (USAID) erm\u00f6glicht. Alle Meinungen sind unsere eigenen.<\/em><\/p>\n\n\n\n<p>Text, Fotos und Video: Copyright \u00a9 <a rel=\"noopener noreferrer\" href=\"https:\/\/www.myvideomedia.com\" target=\"_blank\">myVideoMedia<\/a><\/p>\n\n\n\n<p><em>Soundtracks im Video:<\/em><\/p>\n\n\n\n<ul class=\"wp-block-list\"><li><em>Yume O Yume (Dream your Dream) by reiswerk (c) copyright 2016<\/em><br><em>Licensed under a Creative Commons Attribution (3.0) license.<\/em><br><em>http:\/\/dig.ccmixter.org\/files\/Reiswerk\/54391 Ft: veezyn<\/em><\/li><li><em>Life Is Short by coruscate (c) copyright 2010<\/em><br><em>Licensed under a Creative Commons Attribution (3.0) license.<\/em><br><em>http:\/\/dig.ccmixter.org\/files\/Coruscate\/28478 <\/em><\/li><\/ul>\n","protected":false},"excerpt":{"rendered":"<p>Wir beginnen unseren Stadtspaziergang in Bischkek beim Rathaus in der Chui Avenue. Die Chui Avenue ist die wichtigste Querverbindung von West nach Ost in Bischkek. Der blaue Dachgiebel des Rathauses bringt eine erfrischende Farbe in das Stadtbild. Rechts daneben ist die Nationalbank untergebracht. Gegen\u00fcber ist am Ende einer langen Alle ein Geb\u00e4ude der Universit\u00e4t erkennbar. [&hellip;]<\/p>\n","protected":false},"author":1,"featured_media":21733,"comment_status":"open","ping_status":"closed","sticky":false,"template":"","format":"standard","meta":{"_genesis_hide_title":false,"_genesis_hide_breadcrumbs":false,"_genesis_hide_singular_image":false,"_genesis_hide_footer_widgets":false,"_genesis_custom_body_class":"","_genesis_custom_post_class":"","_genesis_layout":"","footnotes":""},"categories":[488,878],"tags":[584,379,880],"class_list":{"0":"post-21758","1":"post","2":"type-post","3":"status-publish","4":"format-standard","5":"has-post-thumbnail","7":"category-asien","8":"category-kirgisistan","9":"tag-city-tour-de","10":"tag-city-tour","11":"tag-seidenstrasse","12":"entry"},"yoast_head":"<!-- This site is optimized with the Yoast SEO plugin v27.4 - https:\/\/yoast.com\/product\/yoast-seo-wordpress\/ -->\n<title>Stadtspaziergang in Bischkek - Kirgisistan - Reise Video Blog<\/title>\n<meta name=\"description\" content=\"Wier beginnen unseren Stadtspaziergang in Bischkek beim Rathaus in der Chui Avenue der wichtigsten Querverbindung von West nach Ost\" \/>\n<meta name=\"robots\" content=\"index, follow, max-snippet:-1, max-image-preview:large, max-video-preview:-1\" \/>\n<link rel=\"canonical\" href=\"https:\/\/blog.myvideomedia.com\/de\/stadtspaziergang-in-bischkek\/\" \/>\n<meta property=\"og:locale\" content=\"de_DE\" \/>\n<meta property=\"og:type\" content=\"article\" \/>\n<meta property=\"og:title\" content=\"Stadtspaziergang in Bischkek - Kirgisistan - Reise Video Blog\" \/>\n<meta property=\"og:description\" content=\"Wier beginnen unseren Stadtspaziergang in Bischkek beim Rathaus in der Chui Avenue der wichtigsten Querverbindung von West nach Ost\" \/>\n<meta property=\"og:url\" content=\"https:\/\/blog.myvideomedia.com\/de\/stadtspaziergang-in-bischkek\/\" \/>\n<meta property=\"og:site_name\" content=\"Reise Video Blog\" \/>\n<meta property=\"article:publisher\" content=\"https:\/\/www.facebook.com\/ursula.streit.520\" \/>\n<meta property=\"article:author\" content=\"https:\/\/www.facebook.com\/ursula.streit.520\" \/>\n<meta property=\"article:published_time\" content=\"2018-12-28T08:17:03+00:00\" \/>\n<meta property=\"article:modified_time\" content=\"2021-02-09T14:23:36+00:00\" \/>\n<meta property=\"og:image\" content=\"https:\/\/blog.myvideomedia.com\/wp-content\/uploads\/2018\/12\/Regierung-Bishkek_DSC3639m.jpg\" \/>\n\t<meta property=\"og:image:width\" content=\"1280\" \/>\n\t<meta property=\"og:image:height\" content=\"854\" \/>\n\t<meta property=\"og:image:type\" content=\"image\/jpeg\" \/>\n<meta name=\"author\" content=\"myVideoMedia\" \/>\n<meta name=\"twitter:card\" content=\"summary_large_image\" \/>\n<meta name=\"twitter:creator\" content=\"@myvideomedia\" \/>\n<meta name=\"twitter:site\" content=\"@myvideomedia\" \/>\n<meta name=\"twitter:label1\" content=\"Verfasst von\" \/>\n\t<meta name=\"twitter:data1\" content=\"myVideoMedia\" \/>\n\t<meta name=\"twitter:label2\" content=\"Gesch\u00e4tzte Lesezeit\" \/>\n\t<meta name=\"twitter:data2\" content=\"7\u00a0Minuten\" \/>\n<script type=\"application\/ld+json\" class=\"yoast-schema-graph\">{\"@context\":\"https:\\\/\\\/schema.org\",\"@graph\":[{\"@type\":\"Article\",\"@id\":\"https:\\\/\\\/blog.myvideomedia.com\\\/de\\\/stadtspaziergang-in-bischkek\\\/#article\",\"isPartOf\":{\"@id\":\"https:\\\/\\\/blog.myvideomedia.com\\\/de\\\/stadtspaziergang-in-bischkek\\\/\"},\"author\":{\"name\":\"myVideoMedia\",\"@id\":\"https:\\\/\\\/blog.myvideomedia.com\\\/de\\\/#\\\/schema\\\/person\\\/87be8fbbed69b1562242448c1c3dcbec\"},\"headline\":\"Stadtspaziergang in Bischkek\",\"datePublished\":\"2018-12-28T08:17:03+00:00\",\"dateModified\":\"2021-02-09T14:23:36+00:00\",\"mainEntityOfPage\":{\"@id\":\"https:\\\/\\\/blog.myvideomedia.com\\\/de\\\/stadtspaziergang-in-bischkek\\\/\"},\"wordCount\":892,\"commentCount\":0,\"publisher\":{\"@id\":\"https:\\\/\\\/blog.myvideomedia.com\\\/de\\\/#\\\/schema\\\/person\\\/87be8fbbed69b1562242448c1c3dcbec\"},\"image\":{\"@id\":\"https:\\\/\\\/blog.myvideomedia.com\\\/de\\\/stadtspaziergang-in-bischkek\\\/#primaryimage\"},\"thumbnailUrl\":\"https:\\\/\\\/blog.myvideomedia.com\\\/wp-content\\\/uploads\\\/2018\\\/12\\\/Regierung-Bishkek_DSC3639m.jpg\",\"keywords\":[\"City tour\",\"City tour\",\"Seidenstra\u00dfe\"],\"articleSection\":[\"Asien\",\"Kirgisistan\"],\"inLanguage\":\"de\",\"potentialAction\":[{\"@type\":\"CommentAction\",\"name\":\"Comment\",\"target\":[\"https:\\\/\\\/blog.myvideomedia.com\\\/de\\\/stadtspaziergang-in-bischkek\\\/#respond\"]}]},{\"@type\":\"WebPage\",\"@id\":\"https:\\\/\\\/blog.myvideomedia.com\\\/de\\\/stadtspaziergang-in-bischkek\\\/\",\"url\":\"https:\\\/\\\/blog.myvideomedia.com\\\/de\\\/stadtspaziergang-in-bischkek\\\/\",\"name\":\"Stadtspaziergang in Bischkek - Kirgisistan - Reise Video Blog\",\"isPartOf\":{\"@id\":\"https:\\\/\\\/blog.myvideomedia.com\\\/de\\\/#website\"},\"primaryImageOfPage\":{\"@id\":\"https:\\\/\\\/blog.myvideomedia.com\\\/de\\\/stadtspaziergang-in-bischkek\\\/#primaryimage\"},\"image\":{\"@id\":\"https:\\\/\\\/blog.myvideomedia.com\\\/de\\\/stadtspaziergang-in-bischkek\\\/#primaryimage\"},\"thumbnailUrl\":\"https:\\\/\\\/blog.myvideomedia.com\\\/wp-content\\\/uploads\\\/2018\\\/12\\\/Regierung-Bishkek_DSC3639m.jpg\",\"datePublished\":\"2018-12-28T08:17:03+00:00\",\"dateModified\":\"2021-02-09T14:23:36+00:00\",\"description\":\"Wier beginnen unseren Stadtspaziergang in Bischkek beim Rathaus in der Chui Avenue der wichtigsten Querverbindung von West nach Ost\",\"breadcrumb\":{\"@id\":\"https:\\\/\\\/blog.myvideomedia.com\\\/de\\\/stadtspaziergang-in-bischkek\\\/#breadcrumb\"},\"inLanguage\":\"de\",\"potentialAction\":[{\"@type\":\"ReadAction\",\"target\":[\"https:\\\/\\\/blog.myvideomedia.com\\\/de\\\/stadtspaziergang-in-bischkek\\\/\"]}]},{\"@type\":\"ImageObject\",\"inLanguage\":\"de\",\"@id\":\"https:\\\/\\\/blog.myvideomedia.com\\\/de\\\/stadtspaziergang-in-bischkek\\\/#primaryimage\",\"url\":\"https:\\\/\\\/blog.myvideomedia.com\\\/wp-content\\\/uploads\\\/2018\\\/12\\\/Regierung-Bishkek_DSC3639m.jpg\",\"contentUrl\":\"https:\\\/\\\/blog.myvideomedia.com\\\/wp-content\\\/uploads\\\/2018\\\/12\\\/Regierung-Bishkek_DSC3639m.jpg\",\"width\":1280,\"height\":854,\"caption\":\"Weisses Haus Bischkek\"},{\"@type\":\"BreadcrumbList\",\"@id\":\"https:\\\/\\\/blog.myvideomedia.com\\\/de\\\/stadtspaziergang-in-bischkek\\\/#breadcrumb\",\"itemListElement\":[{\"@type\":\"ListItem\",\"position\":1,\"name\":\"Home\",\"item\":\"https:\\\/\\\/blog.myvideomedia.com\\\/de\\\/\"},{\"@type\":\"ListItem\",\"position\":2,\"name\":\"Stadtspaziergang in Bischkek\"}]},{\"@type\":\"WebSite\",\"@id\":\"https:\\\/\\\/blog.myvideomedia.com\\\/de\\\/#website\",\"url\":\"https:\\\/\\\/blog.myvideomedia.com\\\/de\\\/\",\"name\":\"Travel Video Blog\",\"description\":\"myVideoMedia Reisetipps und Reisevideos\",\"publisher\":{\"@id\":\"https:\\\/\\\/blog.myvideomedia.com\\\/de\\\/#\\\/schema\\\/person\\\/87be8fbbed69b1562242448c1c3dcbec\"},\"potentialAction\":[{\"@type\":\"SearchAction\",\"target\":{\"@type\":\"EntryPoint\",\"urlTemplate\":\"https:\\\/\\\/blog.myvideomedia.com\\\/de\\\/?s={search_term_string}\"},\"query-input\":{\"@type\":\"PropertyValueSpecification\",\"valueRequired\":true,\"valueName\":\"search_term_string\"}}],\"inLanguage\":\"de\"},{\"@type\":[\"Person\",\"Organization\"],\"@id\":\"https:\\\/\\\/blog.myvideomedia.com\\\/de\\\/#\\\/schema\\\/person\\\/87be8fbbed69b1562242448c1c3dcbec\",\"name\":\"myVideoMedia\",\"image\":{\"@type\":\"ImageObject\",\"inLanguage\":\"de\",\"@id\":\"https:\\\/\\\/secure.gravatar.com\\\/avatar\\\/460720160715ef8975b781abd1b6985e55ce2f01567bb6757bebd73e7cf74c97?s=96&d=mm&r=g\",\"url\":\"https:\\\/\\\/secure.gravatar.com\\\/avatar\\\/460720160715ef8975b781abd1b6985e55ce2f01567bb6757bebd73e7cf74c97?s=96&d=mm&r=g\",\"contentUrl\":\"https:\\\/\\\/secure.gravatar.com\\\/avatar\\\/460720160715ef8975b781abd1b6985e55ce2f01567bb6757bebd73e7cf74c97?s=96&d=mm&r=g\",\"caption\":\"myVideoMedia\"},\"logo\":{\"@id\":\"https:\\\/\\\/secure.gravatar.com\\\/avatar\\\/460720160715ef8975b781abd1b6985e55ce2f01567bb6757bebd73e7cf74c97?s=96&d=mm&r=g\"},\"description\":\"\\\"The World is a book, and those who do not travel read only a page\\\" - Aurelius Augustinus (354 - 430 AD) Travel is our passion. With our posts and videos we like to inspire people who are planning or preparing for holidays as well as people who simply want to escape from everyday life and dream of faraway countries.\",\"sameAs\":[\"https:\\\/\\\/www.myvideomedia.com\",\"https:\\\/\\\/www.facebook.com\\\/ursula.streit.520\"],\"url\":\"https:\\\/\\\/blog.myvideomedia.com\\\/de\\\/author\\\/traveladm\\\/\"}]}<\/script>\n<!-- \/ Yoast SEO plugin. -->","yoast_head_json":{"title":"Stadtspaziergang in Bischkek - Kirgisistan - Reise Video Blog","description":"Wier beginnen unseren Stadtspaziergang in Bischkek beim Rathaus in der Chui Avenue der wichtigsten Querverbindung von West nach Ost","robots":{"index":"index","follow":"follow","max-snippet":"max-snippet:-1","max-image-preview":"max-image-preview:large","max-video-preview":"max-video-preview:-1"},"canonical":"https:\/\/blog.myvideomedia.com\/de\/stadtspaziergang-in-bischkek\/","og_locale":"de_DE","og_type":"article","og_title":"Stadtspaziergang in Bischkek - Kirgisistan - Reise Video Blog","og_description":"Wier beginnen unseren Stadtspaziergang in Bischkek beim Rathaus in der Chui Avenue der wichtigsten Querverbindung von West nach Ost","og_url":"https:\/\/blog.myvideomedia.com\/de\/stadtspaziergang-in-bischkek\/","og_site_name":"Reise Video Blog","article_publisher":"https:\/\/www.facebook.com\/ursula.streit.520","article_author":"https:\/\/www.facebook.com\/ursula.streit.520","article_published_time":"2018-12-28T08:17:03+00:00","article_modified_time":"2021-02-09T14:23:36+00:00","og_image":[{"width":1280,"height":854,"url":"https:\/\/blog.myvideomedia.com\/wp-content\/uploads\/2018\/12\/Regierung-Bishkek_DSC3639m.jpg","type":"image\/jpeg"}],"author":"myVideoMedia","twitter_card":"summary_large_image","twitter_creator":"@myvideomedia","twitter_site":"@myvideomedia","twitter_misc":{"Verfasst von":"myVideoMedia","Gesch\u00e4tzte Lesezeit":"7\u00a0Minuten"},"schema":{"@context":"https:\/\/schema.org","@graph":[{"@type":"Article","@id":"https:\/\/blog.myvideomedia.com\/de\/stadtspaziergang-in-bischkek\/#article","isPartOf":{"@id":"https:\/\/blog.myvideomedia.com\/de\/stadtspaziergang-in-bischkek\/"},"author":{"name":"myVideoMedia","@id":"https:\/\/blog.myvideomedia.com\/de\/#\/schema\/person\/87be8fbbed69b1562242448c1c3dcbec"},"headline":"Stadtspaziergang in Bischkek","datePublished":"2018-12-28T08:17:03+00:00","dateModified":"2021-02-09T14:23:36+00:00","mainEntityOfPage":{"@id":"https:\/\/blog.myvideomedia.com\/de\/stadtspaziergang-in-bischkek\/"},"wordCount":892,"commentCount":0,"publisher":{"@id":"https:\/\/blog.myvideomedia.com\/de\/#\/schema\/person\/87be8fbbed69b1562242448c1c3dcbec"},"image":{"@id":"https:\/\/blog.myvideomedia.com\/de\/stadtspaziergang-in-bischkek\/#primaryimage"},"thumbnailUrl":"https:\/\/blog.myvideomedia.com\/wp-content\/uploads\/2018\/12\/Regierung-Bishkek_DSC3639m.jpg","keywords":["City tour","City tour","Seidenstra\u00dfe"],"articleSection":["Asien","Kirgisistan"],"inLanguage":"de","potentialAction":[{"@type":"CommentAction","name":"Comment","target":["https:\/\/blog.myvideomedia.com\/de\/stadtspaziergang-in-bischkek\/#respond"]}]},{"@type":"WebPage","@id":"https:\/\/blog.myvideomedia.com\/de\/stadtspaziergang-in-bischkek\/","url":"https:\/\/blog.myvideomedia.com\/de\/stadtspaziergang-in-bischkek\/","name":"Stadtspaziergang in Bischkek - Kirgisistan - Reise Video Blog","isPartOf":{"@id":"https:\/\/blog.myvideomedia.com\/de\/#website"},"primaryImageOfPage":{"@id":"https:\/\/blog.myvideomedia.com\/de\/stadtspaziergang-in-bischkek\/#primaryimage"},"image":{"@id":"https:\/\/blog.myvideomedia.com\/de\/stadtspaziergang-in-bischkek\/#primaryimage"},"thumbnailUrl":"https:\/\/blog.myvideomedia.com\/wp-content\/uploads\/2018\/12\/Regierung-Bishkek_DSC3639m.jpg","datePublished":"2018-12-28T08:17:03+00:00","dateModified":"2021-02-09T14:23:36+00:00","description":"Wier beginnen unseren Stadtspaziergang in Bischkek beim Rathaus in der Chui Avenue der wichtigsten Querverbindung von West nach Ost","breadcrumb":{"@id":"https:\/\/blog.myvideomedia.com\/de\/stadtspaziergang-in-bischkek\/#breadcrumb"},"inLanguage":"de","potentialAction":[{"@type":"ReadAction","target":["https:\/\/blog.myvideomedia.com\/de\/stadtspaziergang-in-bischkek\/"]}]},{"@type":"ImageObject","inLanguage":"de","@id":"https:\/\/blog.myvideomedia.com\/de\/stadtspaziergang-in-bischkek\/#primaryimage","url":"https:\/\/blog.myvideomedia.com\/wp-content\/uploads\/2018\/12\/Regierung-Bishkek_DSC3639m.jpg","contentUrl":"https:\/\/blog.myvideomedia.com\/wp-content\/uploads\/2018\/12\/Regierung-Bishkek_DSC3639m.jpg","width":1280,"height":854,"caption":"Weisses Haus Bischkek"},{"@type":"BreadcrumbList","@id":"https:\/\/blog.myvideomedia.com\/de\/stadtspaziergang-in-bischkek\/#breadcrumb","itemListElement":[{"@type":"ListItem","position":1,"name":"Home","item":"https:\/\/blog.myvideomedia.com\/de\/"},{"@type":"ListItem","position":2,"name":"Stadtspaziergang in Bischkek"}]},{"@type":"WebSite","@id":"https:\/\/blog.myvideomedia.com\/de\/#website","url":"https:\/\/blog.myvideomedia.com\/de\/","name":"Travel Video Blog","description":"myVideoMedia Reisetipps und Reisevideos","publisher":{"@id":"https:\/\/blog.myvideomedia.com\/de\/#\/schema\/person\/87be8fbbed69b1562242448c1c3dcbec"},"potentialAction":[{"@type":"SearchAction","target":{"@type":"EntryPoint","urlTemplate":"https:\/\/blog.myvideomedia.com\/de\/?s={search_term_string}"},"query-input":{"@type":"PropertyValueSpecification","valueRequired":true,"valueName":"search_term_string"}}],"inLanguage":"de"},{"@type":["Person","Organization"],"@id":"https:\/\/blog.myvideomedia.com\/de\/#\/schema\/person\/87be8fbbed69b1562242448c1c3dcbec","name":"myVideoMedia","image":{"@type":"ImageObject","inLanguage":"de","@id":"https:\/\/secure.gravatar.com\/avatar\/460720160715ef8975b781abd1b6985e55ce2f01567bb6757bebd73e7cf74c97?s=96&d=mm&r=g","url":"https:\/\/secure.gravatar.com\/avatar\/460720160715ef8975b781abd1b6985e55ce2f01567bb6757bebd73e7cf74c97?s=96&d=mm&r=g","contentUrl":"https:\/\/secure.gravatar.com\/avatar\/460720160715ef8975b781abd1b6985e55ce2f01567bb6757bebd73e7cf74c97?s=96&d=mm&r=g","caption":"myVideoMedia"},"logo":{"@id":"https:\/\/secure.gravatar.com\/avatar\/460720160715ef8975b781abd1b6985e55ce2f01567bb6757bebd73e7cf74c97?s=96&d=mm&r=g"},"description":"\"The World is a book, and those who do not travel read only a page\" - Aurelius Augustinus (354 - 430 AD) Travel is our passion. With our posts and videos we like to inspire people who are planning or preparing for holidays as well as people who simply want to escape from everyday life and dream of faraway countries.","sameAs":["https:\/\/www.myvideomedia.com","https:\/\/www.facebook.com\/ursula.streit.520"],"url":"https:\/\/blog.myvideomedia.com\/de\/author\/traveladm\/"}]}},"featured_image_src":"https:\/\/blog.myvideomedia.com\/wp-content\/uploads\/2018\/12\/Regierung-Bishkek_DSC3639m.jpg","featured_image_src_square":"https:\/\/blog.myvideomedia.com\/wp-content\/uploads\/2018\/12\/Regierung-Bishkek_DSC3639m.jpg","author_info":{"display_name":"myVideoMedia","author_link":"https:\/\/blog.myvideomedia.com\/de\/author\/traveladm\/"},"_links":{"self":[{"href":"https:\/\/blog.myvideomedia.com\/de\/wp-json\/wp\/v2\/posts\/21758","targetHints":{"allow":["GET"]}}],"collection":[{"href":"https:\/\/blog.myvideomedia.com\/de\/wp-json\/wp\/v2\/posts"}],"about":[{"href":"https:\/\/blog.myvideomedia.com\/de\/wp-json\/wp\/v2\/types\/post"}],"author":[{"embeddable":true,"href":"https:\/\/blog.myvideomedia.com\/de\/wp-json\/wp\/v2\/users\/1"}],"replies":[{"embeddable":true,"href":"https:\/\/blog.myvideomedia.com\/de\/wp-json\/wp\/v2\/comments?post=21758"}],"version-history":[{"count":0,"href":"https:\/\/blog.myvideomedia.com\/de\/wp-json\/wp\/v2\/posts\/21758\/revisions"}],"wp:featuredmedia":[{"embeddable":true,"href":"https:\/\/blog.myvideomedia.com\/de\/wp-json\/wp\/v2\/media\/21733"}],"wp:attachment":[{"href":"https:\/\/blog.myvideomedia.com\/de\/wp-json\/wp\/v2\/media?parent=21758"}],"wp:term":[{"taxonomy":"category","embeddable":true,"href":"https:\/\/blog.myvideomedia.com\/de\/wp-json\/wp\/v2\/categories?post=21758"},{"taxonomy":"post_tag","embeddable":true,"href":"https:\/\/blog.myvideomedia.com\/de\/wp-json\/wp\/v2\/tags?post=21758"}],"curies":[{"name":"wp","href":"https:\/\/api.w.org\/{rel}","templated":true}]}}