{"id":23778,"date":"2019-09-06T08:36:45","date_gmt":"2019-09-06T07:36:45","guid":{"rendered":"https:\/\/blog.myvideomedia.com\/?p=23778"},"modified":"2019-09-10T15:55:58","modified_gmt":"2019-09-10T14:55:58","slug":"schokolade-und-eine-grachtentour","status":"publish","type":"post","link":"https:\/\/blog.myvideomedia.com\/de\/schokolade-und-eine-grachtentour\/","title":{"rendered":"Schokolade und Grachtentour"},"content":{"rendered":"\n<p>Bevor wir zu unserer Grachtenfahrt starten, schlendern wir durch die Breidelstraat, zwischen Grote Markt und Burg.<\/p>\n\n<figure class=\"wp-block-image\"><img loading=\"lazy\" decoding=\"async\" width=\"1260\" height=\"709\" src=\"https:\/\/blog.myvideomedia.com\/wp-content\/uploads\/2019\/09\/Biermuseum-DSC3182m-1260x709.jpg\" alt=\"\" class=\"wp-image-23760\" srcset=\"https:\/\/blog.myvideomedia.com\/wp-content\/uploads\/2019\/09\/Biermuseum-DSC3182m-1260x709.jpg 1260w, https:\/\/blog.myvideomedia.com\/wp-content\/uploads\/2019\/09\/Biermuseum-DSC3182m-600x338.jpg 600w, https:\/\/blog.myvideomedia.com\/wp-content\/uploads\/2019\/09\/Biermuseum-DSC3182m-768x432.jpg 768w, https:\/\/blog.myvideomedia.com\/wp-content\/uploads\/2019\/09\/Biermuseum-DSC3182m.jpg 1280w\" sizes=\"auto, (max-width: 1260px) 100vw, 1260px\" \/><\/figure>\n<p>Hier ist das Biermuseum angesiedelt. Wir ziehen es aber vor, uns in der Schokolaterie La Belgique Gourmande umzusehen. <\/p>\n\n<figure class=\"wp-block-image\"><img loading=\"lazy\" decoding=\"async\" width=\"1260\" height=\"709\" src=\"https:\/\/blog.myvideomedia.com\/wp-content\/uploads\/2019\/09\/la-belgique-Gourmande-20190430_103525-1260x709.jpg\" alt=\"\" class=\"wp-image-23762\" srcset=\"https:\/\/blog.myvideomedia.com\/wp-content\/uploads\/2019\/09\/la-belgique-Gourmande-20190430_103525-1260x709.jpg 1260w, https:\/\/blog.myvideomedia.com\/wp-content\/uploads\/2019\/09\/la-belgique-Gourmande-20190430_103525-600x338.jpg 600w, https:\/\/blog.myvideomedia.com\/wp-content\/uploads\/2019\/09\/la-belgique-Gourmande-20190430_103525-768x432.jpg 768w, https:\/\/blog.myvideomedia.com\/wp-content\/uploads\/2019\/09\/la-belgique-Gourmande-20190430_103525.jpg 1280w\" sizes=\"auto, (max-width: 1260px) 100vw, 1260px\" \/><\/figure>\n<p>Neben den vielen belgischen Spezialit\u00e4ten gibt es hier Werkzeuge aus Schokolade. Man bekommt tats\u00e4chlich den Eindruck die Werkzeuge k\u00f6nnten aus einer Schmiede stammen. <\/p>\n\n<figure class=\"wp-block-image\"><img loading=\"lazy\" decoding=\"async\" width=\"1260\" height=\"709\" src=\"https:\/\/blog.myvideomedia.com\/wp-content\/uploads\/2019\/09\/tools-chocolate-20190430_103201_001-1260x709.jpg\" alt=\"\" class=\"wp-image-23747\" srcset=\"https:\/\/blog.myvideomedia.com\/wp-content\/uploads\/2019\/09\/tools-chocolate-20190430_103201_001-1260x709.jpg 1260w, https:\/\/blog.myvideomedia.com\/wp-content\/uploads\/2019\/09\/tools-chocolate-20190430_103201_001-600x338.jpg 600w, https:\/\/blog.myvideomedia.com\/wp-content\/uploads\/2019\/09\/tools-chocolate-20190430_103201_001-768x432.jpg 768w, https:\/\/blog.myvideomedia.com\/wp-content\/uploads\/2019\/09\/tools-chocolate-20190430_103201_001.jpg 1280w\" sizes=\"auto, (max-width: 1260px) 100vw, 1260px\" \/><\/figure>\n<p>Nebenbei konnten wir uns noch kurz mit einer netten Verk\u00e4uferin \u00fcber Br\u00fcgge unterhalten.<\/p>\n\n<figure class=\"wp-block-image\"><img loading=\"lazy\" decoding=\"async\" width=\"1260\" height=\"841\" src=\"https:\/\/blog.myvideomedia.com\/wp-content\/uploads\/2019\/09\/Vismarkt-Bruges_DSC3194-1260x841.jpg\" alt=\"\" class=\"wp-image-23749\" srcset=\"https:\/\/blog.myvideomedia.com\/wp-content\/uploads\/2019\/09\/Vismarkt-Bruges_DSC3194-1260x841.jpg 1260w, https:\/\/blog.myvideomedia.com\/wp-content\/uploads\/2019\/09\/Vismarkt-Bruges_DSC3194-600x400.jpg 600w, https:\/\/blog.myvideomedia.com\/wp-content\/uploads\/2019\/09\/Vismarkt-Bruges_DSC3194-768x512.jpg 768w, https:\/\/blog.myvideomedia.com\/wp-content\/uploads\/2019\/09\/Vismarkt-Bruges_DSC3194.jpg 1280w\" sizes=\"auto, (max-width: 1260px) 100vw, 1260px\" \/><\/figure>\n<p>Wir lassen das Rathaus rechts liegen und passieren die Blinde-Ezelstraat. Eine kleine Br\u00fccke f\u00fchrt \u00fcber den Groenerei Kanal. Auf der anderen Kanalseite ist der Vismarkt (Fischmarkt), auf dem aber zu dieser Stunde kaum Betrieb ist. <\/p>\n\n<p>Zur rechten Hand befindet sich eine Bootsanlegestelle, an der wir auch gleich ein Boot besteigen k\u00f6nnen.<\/p>\n\n<figure class=\"wp-block-image\"><img loading=\"lazy\" decoding=\"async\" width=\"1260\" height=\"841\" src=\"https:\/\/blog.myvideomedia.com\/wp-content\/uploads\/2019\/09\/Canal-Tour-Bruges-_DSC3190-1260x841.jpg\" alt=\"Anlegestelle Grachtenfahrt Br\u00fcgge\" class=\"wp-image-23768\" srcset=\"https:\/\/blog.myvideomedia.com\/wp-content\/uploads\/2019\/09\/Canal-Tour-Bruges-_DSC3190-1260x841.jpg 1260w, https:\/\/blog.myvideomedia.com\/wp-content\/uploads\/2019\/09\/Canal-Tour-Bruges-_DSC3190-600x400.jpg 600w, https:\/\/blog.myvideomedia.com\/wp-content\/uploads\/2019\/09\/Canal-Tour-Bruges-_DSC3190-768x512.jpg 768w, https:\/\/blog.myvideomedia.com\/wp-content\/uploads\/2019\/09\/Canal-Tour-Bruges-_DSC3190.jpg 1280w\" sizes=\"auto, (max-width: 1260px) 100vw, 1260px\" \/><\/figure>\n<p>Wir fahren den Kanal in Richtung Osten bis zur Abzweigung des Coupure Kanals und biegen Richtung Norden ab.<\/p>\n\n<p>Kurz vor der Br\u00fccke mit der Camerstraat schwenken wir nochmals nach Westen und Erreichen den ehemaligen Hafen am Jan van Eyck Platz.<\/p>\n\n<figure class=\"wp-block-image\"><img loading=\"lazy\" decoding=\"async\" width=\"1260\" height=\"841\" src=\"https:\/\/blog.myvideomedia.com\/wp-content\/uploads\/2019\/09\/Canal-tour-Bruges_DSC3219-1260x841.jpg\" alt=\"Kanal Tour Bruges - Jan van Eyck Platz\" class=\"wp-image-23757\" srcset=\"https:\/\/blog.myvideomedia.com\/wp-content\/uploads\/2019\/09\/Canal-tour-Bruges_DSC3219-1260x841.jpg 1260w, https:\/\/blog.myvideomedia.com\/wp-content\/uploads\/2019\/09\/Canal-tour-Bruges_DSC3219-600x400.jpg 600w, https:\/\/blog.myvideomedia.com\/wp-content\/uploads\/2019\/09\/Canal-tour-Bruges_DSC3219-768x512.jpg 768w, https:\/\/blog.myvideomedia.com\/wp-content\/uploads\/2019\/09\/Canal-tour-Bruges_DSC3219.jpg 1280w\" sizes=\"auto, (max-width: 1260px) 100vw, 1260px\" \/><\/figure>\n<p>Nun geht es den gleichen Weg zur\u00fcck bis zur Anlegestelle. Nach dem Einbiegen in den Groenerei Kanal macht man uns auf die Secret Garden Luxury Suites aufmerksam. <\/p>\n\n<p>Was mit seinen gro\u00dfen Kaminen aussieht wie ein Fabrikgeb\u00e4ude ist ein gehobenes Altersheim.<\/p>\n\n<figure class=\"wp-block-image\"><img loading=\"lazy\" decoding=\"async\" width=\"1260\" height=\"709\" src=\"https:\/\/blog.myvideomedia.com\/wp-content\/uploads\/2019\/09\/retirement-home-bruges-Belgien_012-1260x709.jpg\" alt=\"Luxus Altenheim in Br\u00fcgge\" class=\"wp-image-23753\" srcset=\"https:\/\/blog.myvideomedia.com\/wp-content\/uploads\/2019\/09\/retirement-home-bruges-Belgien_012-1260x709.jpg 1260w, https:\/\/blog.myvideomedia.com\/wp-content\/uploads\/2019\/09\/retirement-home-bruges-Belgien_012-600x338.jpg 600w, https:\/\/blog.myvideomedia.com\/wp-content\/uploads\/2019\/09\/retirement-home-bruges-Belgien_012-768x432.jpg 768w, https:\/\/blog.myvideomedia.com\/wp-content\/uploads\/2019\/09\/retirement-home-bruges-Belgien_012.jpg 1280w\" sizes=\"auto, (max-width: 1260px) 100vw, 1260px\" \/><\/figure>\n<p>Nach dem Passieren der Anlegestelle erreichen wir den Dijver Kanal und biegen nach S\u00fcden und gleich darauf wieder nach Westen ab. Diese Ecke z\u00e4hlt zu den sch\u00f6nsten in Br\u00fcgge. Wir werden aber nochmals bei einem Spaziergang zur\u00fcckkommen.<\/p>\n\n<figure class=\"wp-block-image\"><img loading=\"lazy\" decoding=\"async\" width=\"1260\" height=\"841\" src=\"https:\/\/blog.myvideomedia.com\/wp-content\/uploads\/2019\/09\/Canal-tour-Bruges_DSC3249-1260x841.jpg\" alt=\"Grachtenfahrt - Liebfrauenkirche\" class=\"wp-image-23764\" srcset=\"https:\/\/blog.myvideomedia.com\/wp-content\/uploads\/2019\/09\/Canal-tour-Bruges_DSC3249-1260x841.jpg 1260w, https:\/\/blog.myvideomedia.com\/wp-content\/uploads\/2019\/09\/Canal-tour-Bruges_DSC3249-600x400.jpg 600w, https:\/\/blog.myvideomedia.com\/wp-content\/uploads\/2019\/09\/Canal-tour-Bruges_DSC3249-768x512.jpg 768w, https:\/\/blog.myvideomedia.com\/wp-content\/uploads\/2019\/09\/Canal-tour-Bruges_DSC3249.jpg 1280w\" sizes=\"auto, (max-width: 1260px) 100vw, 1260px\" \/><\/figure>\n<p>Wir passieren einen kleinen Park auf der linken Seite und sehen vor uns bereits die Liebfrauenkirche, in der Herzog Karl der K\u00fchne und Maria von Burgund bestattet liegen. Zu deren F\u00fc\u00dfen wurde auf Wunsch von Maximilian I sein Herz zu Ehren von Maria beigelegt.<\/p>\n<div id=\"myvid-1541394456\" style=\"margin-top: 5px;margin-bottom: 5px;\" data-cfpa=\"23791\" data-cfpw=\"23791\"><div class=\"myvid-adlabel\">Anzeige<\/div><script async defer src=\"https:\/\/widget.getyourguide.com\/v2\/widget.js\"><\/script><div data-gyg-href=\"https:\/\/widget.getyourguide.com\/default\/activites.frame\" data-gyg-locale-code=\"en-US\" data-gyg-widget=\"activities\" data-gyg-number-of-items=\"3\" data-gyg-currency=\"USD\" data-gyg-partner-id=\"WA7ZVJZ\" data-gyg-q=\"Bruges\"><\/div><\/div><script type=\"text\/javascript\">;new advadsCfpAd( 23791 );<\/script>\n<p>Die Kanaltour f\u00fchrt unter der Dijver hindurch und folgt dem Kanal in s\u00fcdwestlicher Richtung bis zum Begijnhof. <\/p>\n\n<figure class=\"wp-block-image\"><img loading=\"lazy\" decoding=\"async\" width=\"1260\" height=\"841\" src=\"https:\/\/blog.myvideomedia.com\/wp-content\/uploads\/2019\/09\/Canal-tour-Bruges_DSC3261m-1260x841.jpg\" alt=\"Schw\u00e4ne von Maximilian\" class=\"wp-image-23751\" srcset=\"https:\/\/blog.myvideomedia.com\/wp-content\/uploads\/2019\/09\/Canal-tour-Bruges_DSC3261m-1260x841.jpg 1260w, https:\/\/blog.myvideomedia.com\/wp-content\/uploads\/2019\/09\/Canal-tour-Bruges_DSC3261m-600x400.jpg 600w, https:\/\/blog.myvideomedia.com\/wp-content\/uploads\/2019\/09\/Canal-tour-Bruges_DSC3261m-768x512.jpg 768w, https:\/\/blog.myvideomedia.com\/wp-content\/uploads\/2019\/09\/Canal-tour-Bruges_DSC3261m.jpg 1280w\" sizes=\"auto, (max-width: 1260px) 100vw, 1260px\" \/><\/figure>\n<p>Auf einer Wiese vergn\u00fcgen sich eine Reihe von Schw\u00e4nen. Die Legende besagt, Dass Maximilian I. Br\u00fcgge auferlegt hat die Schw\u00e4ne (Langh\u00e4lse) auf ewige Zeiten zu pflegen, als Strafe f\u00fcr ihre Rebellion und seine Inhaftierung.<\/p>\n\n<h3 class=\"wp-block-heading\"><a href=\"https:\/\/youtu.be\/aTyTrw1PdYU\" target=\"_blank\" rel=\"noreferrer noopener nofollow\" aria-label=\"Hier sehen Sie das 4K UHD Video (opens in a new tab)\">Hier sehen Sie das 4K UHD Video<\/a><\/h3>\n<figure> <div class=\"brlbs-cmpnt-container brlbs-cmpnt-content-blocker brlbs-cmpnt-with-individual-styles\" data-borlabs-cookie-content-blocker-id=\"youtube-content-blocker\" data-borlabs-cookie-content=\"PGlmcmFtZSBzcmM9Imh0dHBzOi8vd3d3LnlvdXR1YmUtbm9jb29raWUuY29tL2VtYmVkL2FUeVRydzFQZFlVIiB3aWR0aD0iNjAwIiBoZWlnaHQ9IjMzOCI+PC9pZnJhbWU+\"><div class=\"brlbs-cmpnt-cb-preset-c brlbs-cmpnt-cb-youtube\"> <div class=\"brlbs-cmpnt-cb-thumbnail\" style=\"background-image: url('https:\/\/blog.myvideomedia.com\/wp-content\/uploads\/borlabs-cookie\/1\/yt_aTyTrw1PdYU_hqdefault.jpg')\"><\/div> <div class=\"brlbs-cmpnt-cb-main\"> <div class=\"brlbs-cmpnt-cb-play-button\"><\/div> <div class=\"brlbs-cmpnt-cb-content\"> <p class=\"brlbs-cmpnt-cb-description\">Sie sehen gerade einen Platzhalterinhalt von <strong>YouTube<\/strong>. Um auf den eigentlichen Inhalt zuzugreifen, klicken Sie auf die Schaltfl\u00e4che unten. Bitte beachten Sie, dass dabei Daten an Drittanbieter weitergegeben werden.<\/p> <a class=\"brlbs-cmpnt-cb-provider-toggle\" href=\"#\" data-borlabs-cookie-show-provider-information role=\"button\">Mehr Informationen<\/a> <\/div> <div class=\"brlbs-cmpnt-cb-buttons\"> <a class=\"brlbs-cmpnt-cb-btn\" href=\"#\" data-borlabs-cookie-unblock role=\"button\">Inhalt entsperren<\/a> <a class=\"brlbs-cmpnt-cb-btn\" href=\"#\" data-borlabs-cookie-accept-service role=\"button\" style=\"display: inherit\">Erforderlichen Service akzeptieren und Inhalte entsperren<\/a> <\/div> <\/div> <\/div><\/div><\/figure>\r\n\n<p>Hier wenden wir und fahren wieder zur\u00fcck zur Anlegestelle.<\/p>\n\n<figure class=\"wp-block-image\"><img loading=\"lazy\" decoding=\"async\" width=\"1260\" height=\"841\" src=\"https:\/\/blog.myvideomedia.com\/wp-content\/uploads\/2019\/09\/Canal-Tour-Bruges_DSC3287-1260x841.jpg\" alt=\"Grachtenfahrt in Br\u00fcgge\" class=\"wp-image-23772\" srcset=\"https:\/\/blog.myvideomedia.com\/wp-content\/uploads\/2019\/09\/Canal-Tour-Bruges_DSC3287-1260x841.jpg 1260w, https:\/\/blog.myvideomedia.com\/wp-content\/uploads\/2019\/09\/Canal-Tour-Bruges_DSC3287-600x400.jpg 600w, https:\/\/blog.myvideomedia.com\/wp-content\/uploads\/2019\/09\/Canal-Tour-Bruges_DSC3287-768x512.jpg 768w, https:\/\/blog.myvideomedia.com\/wp-content\/uploads\/2019\/09\/Canal-Tour-Bruges_DSC3287.jpg 1280w\" sizes=\"auto, (max-width: 1260px) 100vw, 1260px\" \/><\/figure>\n<p>Bitte lesen Sie weiter &gt;  <a href=\"https:\/\/blog.myvideomedia.com\/de\/die-liebfrauenkirche-und-die-burg\/\">Liebfrauenkirche und Burg<\/a><\/p>\n\n<h3 class=\"wp-block-heading\">Pin it &#8211; f\u00fcr sp\u00e4ter merken<\/h3>\n\n<figure class=\"wp-block-image\"><img decoding=\"async\" src=\"https:\/\/blog.myvideomedia.com\/wp-content\/uploads\/2019\/09\/Canal-Tour-Bruges-_DSC3190.jpg\" alt=\"Pin Schokolade und Kanaltour in Br\u00fcgge\" class=\"wp-image-23770\"><\/figure>\n<p>Text, Fotos und Video: Copyright \u00a9 <a href=\"https:\/\/www.myvideomedia.de\" target=\"_blank\" rel=\"noreferrer noopener\" aria-label=\"myVideoMedia (opens in a new tab)\">myVideoMedia<\/a><\/p>\n\n<p><em>Musik im Video:<\/em><\/p>\n\n<ul class=\"wp-block-list\"><li><em>Age of the Individual by go1dfish (c) copyright 2013\r\nLicensed under a Creative Commons Attribution (3.0) license. <\/em><a href=\"http:\/\/dig.ccmixter.org\/files\/go1dfish\/43040\" target=\"_blank\" rel=\"noreferrer nofollow noopener\" aria-label=\"http:\/\/dig.ccmixter.org\/files\/go1dfish\/43040 (opens in a new tab)\"><em>http:\/\/dig.ccmixter.org\/files\/go1dfish\/43040<\/em><\/a><em> Ft: Hans Atom, Silkwords <\/em><\/li><li><em> This Wall by Stefan Kartenberg (c) copyright 2017 <br> Licensed under a Creative Commons Attribution (3.0) license. <\/em><a rel=\"noreferrer nofollow noopener\" aria-label=\"http:\/\/dig.ccmixter.org\/files\/JeffSpeed68\/55645 (opens in a new tab)\" href=\"http:\/\/dig.ccmixter.org\/files\/JeffSpeed68\/55645\" target=\"_blank\"><em>http:\/\/dig.ccmixter.org\/files\/JeffSpeed68\/55645<\/em><\/a><em> Ft: Admiral Bob (admiralbob77)<\/em><\/li><li><em> Falling for You by Rewob (c) copyright 2018 <br> Licensed under a Creative Commons Attribution (3.0) license. <\/em><a rel=\"noreferrer nofollow noopener\" aria-label=\"http:\/\/dig.ccmixter.org\/files\/rewob\/57539 (opens in a new tab)\" href=\"http:\/\/dig.ccmixter.org\/files\/rewob\/57539\" target=\"_blank\"><em>http:\/\/dig.ccmixter.org\/files\/rewob\/57539<\/em><\/a><em> Ft: Zutsuri  <\/em><\/li><\/ul>","protected":false},"excerpt":{"rendered":"<p>Bevor wir zu unserer Grachtenfahrt starten, schlendern wir durch die Breidelstraat, zwischen Grote Markt und Burg. Hier ist das Biermuseum angesiedelt. Wir ziehen es aber vor, uns in der Schokolaterie La Belgique Gourmande umzusehen. Neben den vielen belgischen Spezialit\u00e4ten gibt es hier Werkzeuge aus Schokolade. Man bekommt tats\u00e4chlich den Eindruck die Werkzeuge k\u00f6nnten aus einer [&hellip;]<\/p>\n","protected":false},"author":1,"featured_media":23783,"comment_status":"open","ping_status":"closed","sticky":false,"template":"","format":"standard","meta":{"_genesis_hide_title":false,"_genesis_hide_breadcrumbs":false,"_genesis_hide_singular_image":false,"_genesis_hide_footer_widgets":false,"_genesis_custom_body_class":"","_genesis_custom_post_class":"","_genesis_layout":"","footnotes":""},"categories":[499,1175],"tags":[479],"class_list":{"0":"post-23778","1":"post","2":"type-post","3":"status-publish","4":"format-standard","5":"has-post-thumbnail","7":"category-belgien","8":"category-flandern","9":"tag-bootstour","10":"entry"},"yoast_head":"<!-- This site is optimized with the Yoast SEO plugin v27.4 - https:\/\/yoast.com\/product\/yoast-seo-wordpress\/ -->\n<title>Schokolade und Grachtentour - Reise Video Blog<\/title>\n<meta name=\"robots\" content=\"index, follow, max-snippet:-1, max-image-preview:large, max-video-preview:-1\" \/>\n<link rel=\"canonical\" href=\"https:\/\/blog.myvideomedia.com\/de\/schokolade-und-eine-grachtentour\/\" \/>\n<meta property=\"og:locale\" content=\"de_DE\" \/>\n<meta property=\"og:type\" content=\"article\" \/>\n<meta property=\"og:title\" content=\"Schokolade und Grachtentour - Reise Video Blog\" \/>\n<meta property=\"og:description\" content=\"Bevor wir zu unserer Grachtenfahrt starten, schlendern wir durch die Breidelstraat, zwischen Grote Markt und Burg. Hier ist das Biermuseum angesiedelt. Wir ziehen es aber vor, uns in der Schokolaterie La Belgique Gourmande umzusehen. Neben den vielen belgischen Spezialit\u00e4ten gibt es hier Werkzeuge aus Schokolade. Man bekommt tats\u00e4chlich den Eindruck die Werkzeuge k\u00f6nnten aus einer [&hellip;]\" \/>\n<meta property=\"og:url\" content=\"https:\/\/blog.myvideomedia.com\/de\/schokolade-und-eine-grachtentour\/\" \/>\n<meta property=\"og:site_name\" content=\"Reise Video Blog\" \/>\n<meta property=\"article:publisher\" content=\"https:\/\/www.facebook.com\/ursula.streit.520\" \/>\n<meta property=\"article:author\" content=\"https:\/\/www.facebook.com\/ursula.streit.520\" \/>\n<meta property=\"article:published_time\" content=\"2019-09-06T07:36:45+00:00\" \/>\n<meta property=\"article:modified_time\" content=\"2019-09-10T14:55:58+00:00\" \/>\n<meta property=\"og:image\" content=\"https:\/\/blog.myvideomedia.com\/wp-content\/uploads\/2019\/09\/cropped-Canal-tour-Bruges_DSC3250.jpg\" \/>\n\t<meta property=\"og:image:width\" content=\"1280\" \/>\n\t<meta property=\"og:image:height\" content=\"720\" \/>\n\t<meta property=\"og:image:type\" content=\"image\/jpeg\" \/>\n<meta name=\"author\" content=\"myVideoMedia\" \/>\n<meta name=\"twitter:card\" content=\"summary_large_image\" \/>\n<meta name=\"twitter:creator\" content=\"@myvideomedia\" \/>\n<meta name=\"twitter:site\" content=\"@myvideomedia\" \/>\n<meta name=\"twitter:label1\" content=\"Verfasst von\" \/>\n\t<meta name=\"twitter:data1\" content=\"myVideoMedia\" \/>\n\t<meta name=\"twitter:label2\" content=\"Gesch\u00e4tzte Lesezeit\" \/>\n\t<meta name=\"twitter:data2\" content=\"2\u00a0Minuten\" \/>\n<script type=\"application\/ld+json\" class=\"yoast-schema-graph\">{\"@context\":\"https:\\\/\\\/schema.org\",\"@graph\":[{\"@type\":\"Article\",\"@id\":\"https:\\\/\\\/blog.myvideomedia.com\\\/de\\\/schokolade-und-eine-grachtentour\\\/#article\",\"isPartOf\":{\"@id\":\"https:\\\/\\\/blog.myvideomedia.com\\\/de\\\/schokolade-und-eine-grachtentour\\\/\"},\"author\":{\"name\":\"myVideoMedia\",\"@id\":\"https:\\\/\\\/blog.myvideomedia.com\\\/de\\\/#\\\/schema\\\/person\\\/87be8fbbed69b1562242448c1c3dcbec\"},\"headline\":\"Schokolade und Grachtentour\",\"datePublished\":\"2019-09-06T07:36:45+00:00\",\"dateModified\":\"2019-09-10T14:55:58+00:00\",\"mainEntityOfPage\":{\"@id\":\"https:\\\/\\\/blog.myvideomedia.com\\\/de\\\/schokolade-und-eine-grachtentour\\\/\"},\"wordCount\":478,\"commentCount\":0,\"publisher\":{\"@id\":\"https:\\\/\\\/blog.myvideomedia.com\\\/de\\\/#\\\/schema\\\/person\\\/87be8fbbed69b1562242448c1c3dcbec\"},\"image\":{\"@id\":\"https:\\\/\\\/blog.myvideomedia.com\\\/de\\\/schokolade-und-eine-grachtentour\\\/#primaryimage\"},\"thumbnailUrl\":\"https:\\\/\\\/blog.myvideomedia.com\\\/wp-content\\\/uploads\\\/2019\\\/09\\\/cropped-Canal-tour-Bruges_DSC3250.jpg\",\"keywords\":[\"Bootstour\"],\"articleSection\":[\"Belgien\",\"Flandern\"],\"inLanguage\":\"de\",\"potentialAction\":[{\"@type\":\"CommentAction\",\"name\":\"Comment\",\"target\":[\"https:\\\/\\\/blog.myvideomedia.com\\\/de\\\/schokolade-und-eine-grachtentour\\\/#respond\"]}]},{\"@type\":\"WebPage\",\"@id\":\"https:\\\/\\\/blog.myvideomedia.com\\\/de\\\/schokolade-und-eine-grachtentour\\\/\",\"url\":\"https:\\\/\\\/blog.myvideomedia.com\\\/de\\\/schokolade-und-eine-grachtentour\\\/\",\"name\":\"Schokolade und Grachtentour - Reise Video Blog\",\"isPartOf\":{\"@id\":\"https:\\\/\\\/blog.myvideomedia.com\\\/de\\\/#website\"},\"primaryImageOfPage\":{\"@id\":\"https:\\\/\\\/blog.myvideomedia.com\\\/de\\\/schokolade-und-eine-grachtentour\\\/#primaryimage\"},\"image\":{\"@id\":\"https:\\\/\\\/blog.myvideomedia.com\\\/de\\\/schokolade-und-eine-grachtentour\\\/#primaryimage\"},\"thumbnailUrl\":\"https:\\\/\\\/blog.myvideomedia.com\\\/wp-content\\\/uploads\\\/2019\\\/09\\\/cropped-Canal-tour-Bruges_DSC3250.jpg\",\"datePublished\":\"2019-09-06T07:36:45+00:00\",\"dateModified\":\"2019-09-10T14:55:58+00:00\",\"breadcrumb\":{\"@id\":\"https:\\\/\\\/blog.myvideomedia.com\\\/de\\\/schokolade-und-eine-grachtentour\\\/#breadcrumb\"},\"inLanguage\":\"de\",\"potentialAction\":[{\"@type\":\"ReadAction\",\"target\":[\"https:\\\/\\\/blog.myvideomedia.com\\\/de\\\/schokolade-und-eine-grachtentour\\\/\"]}]},{\"@type\":\"ImageObject\",\"inLanguage\":\"de\",\"@id\":\"https:\\\/\\\/blog.myvideomedia.com\\\/de\\\/schokolade-und-eine-grachtentour\\\/#primaryimage\",\"url\":\"https:\\\/\\\/blog.myvideomedia.com\\\/wp-content\\\/uploads\\\/2019\\\/09\\\/cropped-Canal-tour-Bruges_DSC3250.jpg\",\"contentUrl\":\"https:\\\/\\\/blog.myvideomedia.com\\\/wp-content\\\/uploads\\\/2019\\\/09\\\/cropped-Canal-tour-Bruges_DSC3250.jpg\",\"width\":1280,\"height\":720},{\"@type\":\"BreadcrumbList\",\"@id\":\"https:\\\/\\\/blog.myvideomedia.com\\\/de\\\/schokolade-und-eine-grachtentour\\\/#breadcrumb\",\"itemListElement\":[{\"@type\":\"ListItem\",\"position\":1,\"name\":\"Home\",\"item\":\"https:\\\/\\\/blog.myvideomedia.com\\\/de\\\/\"},{\"@type\":\"ListItem\",\"position\":2,\"name\":\"Schokolade und Grachtentour\"}]},{\"@type\":\"WebSite\",\"@id\":\"https:\\\/\\\/blog.myvideomedia.com\\\/de\\\/#website\",\"url\":\"https:\\\/\\\/blog.myvideomedia.com\\\/de\\\/\",\"name\":\"Travel Video Blog\",\"description\":\"myVideoMedia Reisetipps und Reisevideos\",\"publisher\":{\"@id\":\"https:\\\/\\\/blog.myvideomedia.com\\\/de\\\/#\\\/schema\\\/person\\\/87be8fbbed69b1562242448c1c3dcbec\"},\"potentialAction\":[{\"@type\":\"SearchAction\",\"target\":{\"@type\":\"EntryPoint\",\"urlTemplate\":\"https:\\\/\\\/blog.myvideomedia.com\\\/de\\\/?s={search_term_string}\"},\"query-input\":{\"@type\":\"PropertyValueSpecification\",\"valueRequired\":true,\"valueName\":\"search_term_string\"}}],\"inLanguage\":\"de\"},{\"@type\":[\"Person\",\"Organization\"],\"@id\":\"https:\\\/\\\/blog.myvideomedia.com\\\/de\\\/#\\\/schema\\\/person\\\/87be8fbbed69b1562242448c1c3dcbec\",\"name\":\"myVideoMedia\",\"image\":{\"@type\":\"ImageObject\",\"inLanguage\":\"de\",\"@id\":\"https:\\\/\\\/secure.gravatar.com\\\/avatar\\\/460720160715ef8975b781abd1b6985e55ce2f01567bb6757bebd73e7cf74c97?s=96&d=mm&r=g\",\"url\":\"https:\\\/\\\/secure.gravatar.com\\\/avatar\\\/460720160715ef8975b781abd1b6985e55ce2f01567bb6757bebd73e7cf74c97?s=96&d=mm&r=g\",\"contentUrl\":\"https:\\\/\\\/secure.gravatar.com\\\/avatar\\\/460720160715ef8975b781abd1b6985e55ce2f01567bb6757bebd73e7cf74c97?s=96&d=mm&r=g\",\"caption\":\"myVideoMedia\"},\"logo\":{\"@id\":\"https:\\\/\\\/secure.gravatar.com\\\/avatar\\\/460720160715ef8975b781abd1b6985e55ce2f01567bb6757bebd73e7cf74c97?s=96&d=mm&r=g\"},\"description\":\"\\\"The World is a book, and those who do not travel read only a page\\\" - Aurelius Augustinus (354 - 430 AD) Travel is our passion. With our posts and videos we like to inspire people who are planning or preparing for holidays as well as people who simply want to escape from everyday life and dream of faraway countries.\",\"sameAs\":[\"https:\\\/\\\/www.myvideomedia.com\",\"https:\\\/\\\/www.facebook.com\\\/ursula.streit.520\"],\"url\":\"https:\\\/\\\/blog.myvideomedia.com\\\/de\\\/author\\\/traveladm\\\/\"}]}<\/script>\n<!-- \/ Yoast SEO plugin. -->","yoast_head_json":{"title":"Schokolade und Grachtentour - Reise Video Blog","robots":{"index":"index","follow":"follow","max-snippet":"max-snippet:-1","max-image-preview":"max-image-preview:large","max-video-preview":"max-video-preview:-1"},"canonical":"https:\/\/blog.myvideomedia.com\/de\/schokolade-und-eine-grachtentour\/","og_locale":"de_DE","og_type":"article","og_title":"Schokolade und Grachtentour - Reise Video Blog","og_description":"Bevor wir zu unserer Grachtenfahrt starten, schlendern wir durch die Breidelstraat, zwischen Grote Markt und Burg. Hier ist das Biermuseum angesiedelt. Wir ziehen es aber vor, uns in der Schokolaterie La Belgique Gourmande umzusehen. Neben den vielen belgischen Spezialit\u00e4ten gibt es hier Werkzeuge aus Schokolade. Man bekommt tats\u00e4chlich den Eindruck die Werkzeuge k\u00f6nnten aus einer [&hellip;]","og_url":"https:\/\/blog.myvideomedia.com\/de\/schokolade-und-eine-grachtentour\/","og_site_name":"Reise Video Blog","article_publisher":"https:\/\/www.facebook.com\/ursula.streit.520","article_author":"https:\/\/www.facebook.com\/ursula.streit.520","article_published_time":"2019-09-06T07:36:45+00:00","article_modified_time":"2019-09-10T14:55:58+00:00","og_image":[{"width":1280,"height":720,"url":"https:\/\/blog.myvideomedia.com\/wp-content\/uploads\/2019\/09\/cropped-Canal-tour-Bruges_DSC3250.jpg","type":"image\/jpeg"}],"author":"myVideoMedia","twitter_card":"summary_large_image","twitter_creator":"@myvideomedia","twitter_site":"@myvideomedia","twitter_misc":{"Verfasst von":"myVideoMedia","Gesch\u00e4tzte Lesezeit":"2\u00a0Minuten"},"schema":{"@context":"https:\/\/schema.org","@graph":[{"@type":"Article","@id":"https:\/\/blog.myvideomedia.com\/de\/schokolade-und-eine-grachtentour\/#article","isPartOf":{"@id":"https:\/\/blog.myvideomedia.com\/de\/schokolade-und-eine-grachtentour\/"},"author":{"name":"myVideoMedia","@id":"https:\/\/blog.myvideomedia.com\/de\/#\/schema\/person\/87be8fbbed69b1562242448c1c3dcbec"},"headline":"Schokolade und Grachtentour","datePublished":"2019-09-06T07:36:45+00:00","dateModified":"2019-09-10T14:55:58+00:00","mainEntityOfPage":{"@id":"https:\/\/blog.myvideomedia.com\/de\/schokolade-und-eine-grachtentour\/"},"wordCount":478,"commentCount":0,"publisher":{"@id":"https:\/\/blog.myvideomedia.com\/de\/#\/schema\/person\/87be8fbbed69b1562242448c1c3dcbec"},"image":{"@id":"https:\/\/blog.myvideomedia.com\/de\/schokolade-und-eine-grachtentour\/#primaryimage"},"thumbnailUrl":"https:\/\/blog.myvideomedia.com\/wp-content\/uploads\/2019\/09\/cropped-Canal-tour-Bruges_DSC3250.jpg","keywords":["Bootstour"],"articleSection":["Belgien","Flandern"],"inLanguage":"de","potentialAction":[{"@type":"CommentAction","name":"Comment","target":["https:\/\/blog.myvideomedia.com\/de\/schokolade-und-eine-grachtentour\/#respond"]}]},{"@type":"WebPage","@id":"https:\/\/blog.myvideomedia.com\/de\/schokolade-und-eine-grachtentour\/","url":"https:\/\/blog.myvideomedia.com\/de\/schokolade-und-eine-grachtentour\/","name":"Schokolade und Grachtentour - Reise Video Blog","isPartOf":{"@id":"https:\/\/blog.myvideomedia.com\/de\/#website"},"primaryImageOfPage":{"@id":"https:\/\/blog.myvideomedia.com\/de\/schokolade-und-eine-grachtentour\/#primaryimage"},"image":{"@id":"https:\/\/blog.myvideomedia.com\/de\/schokolade-und-eine-grachtentour\/#primaryimage"},"thumbnailUrl":"https:\/\/blog.myvideomedia.com\/wp-content\/uploads\/2019\/09\/cropped-Canal-tour-Bruges_DSC3250.jpg","datePublished":"2019-09-06T07:36:45+00:00","dateModified":"2019-09-10T14:55:58+00:00","breadcrumb":{"@id":"https:\/\/blog.myvideomedia.com\/de\/schokolade-und-eine-grachtentour\/#breadcrumb"},"inLanguage":"de","potentialAction":[{"@type":"ReadAction","target":["https:\/\/blog.myvideomedia.com\/de\/schokolade-und-eine-grachtentour\/"]}]},{"@type":"ImageObject","inLanguage":"de","@id":"https:\/\/blog.myvideomedia.com\/de\/schokolade-und-eine-grachtentour\/#primaryimage","url":"https:\/\/blog.myvideomedia.com\/wp-content\/uploads\/2019\/09\/cropped-Canal-tour-Bruges_DSC3250.jpg","contentUrl":"https:\/\/blog.myvideomedia.com\/wp-content\/uploads\/2019\/09\/cropped-Canal-tour-Bruges_DSC3250.jpg","width":1280,"height":720},{"@type":"BreadcrumbList","@id":"https:\/\/blog.myvideomedia.com\/de\/schokolade-und-eine-grachtentour\/#breadcrumb","itemListElement":[{"@type":"ListItem","position":1,"name":"Home","item":"https:\/\/blog.myvideomedia.com\/de\/"},{"@type":"ListItem","position":2,"name":"Schokolade und Grachtentour"}]},{"@type":"WebSite","@id":"https:\/\/blog.myvideomedia.com\/de\/#website","url":"https:\/\/blog.myvideomedia.com\/de\/","name":"Travel Video Blog","description":"myVideoMedia Reisetipps und Reisevideos","publisher":{"@id":"https:\/\/blog.myvideomedia.com\/de\/#\/schema\/person\/87be8fbbed69b1562242448c1c3dcbec"},"potentialAction":[{"@type":"SearchAction","target":{"@type":"EntryPoint","urlTemplate":"https:\/\/blog.myvideomedia.com\/de\/?s={search_term_string}"},"query-input":{"@type":"PropertyValueSpecification","valueRequired":true,"valueName":"search_term_string"}}],"inLanguage":"de"},{"@type":["Person","Organization"],"@id":"https:\/\/blog.myvideomedia.com\/de\/#\/schema\/person\/87be8fbbed69b1562242448c1c3dcbec","name":"myVideoMedia","image":{"@type":"ImageObject","inLanguage":"de","@id":"https:\/\/secure.gravatar.com\/avatar\/460720160715ef8975b781abd1b6985e55ce2f01567bb6757bebd73e7cf74c97?s=96&d=mm&r=g","url":"https:\/\/secure.gravatar.com\/avatar\/460720160715ef8975b781abd1b6985e55ce2f01567bb6757bebd73e7cf74c97?s=96&d=mm&r=g","contentUrl":"https:\/\/secure.gravatar.com\/avatar\/460720160715ef8975b781abd1b6985e55ce2f01567bb6757bebd73e7cf74c97?s=96&d=mm&r=g","caption":"myVideoMedia"},"logo":{"@id":"https:\/\/secure.gravatar.com\/avatar\/460720160715ef8975b781abd1b6985e55ce2f01567bb6757bebd73e7cf74c97?s=96&d=mm&r=g"},"description":"\"The World is a book, and those who do not travel read only a page\" - Aurelius Augustinus (354 - 430 AD) Travel is our passion. With our posts and videos we like to inspire people who are planning or preparing for holidays as well as people who simply want to escape from everyday life and dream of faraway countries.","sameAs":["https:\/\/www.myvideomedia.com","https:\/\/www.facebook.com\/ursula.streit.520"],"url":"https:\/\/blog.myvideomedia.com\/de\/author\/traveladm\/"}]}},"featured_image_src":"https:\/\/blog.myvideomedia.com\/wp-content\/uploads\/2019\/09\/cropped-Canal-tour-Bruges_DSC3250.jpg","featured_image_src_square":"https:\/\/blog.myvideomedia.com\/wp-content\/uploads\/2019\/09\/cropped-Canal-tour-Bruges_DSC3250.jpg","author_info":{"display_name":"myVideoMedia","author_link":"https:\/\/blog.myvideomedia.com\/de\/author\/traveladm\/"},"_links":{"self":[{"href":"https:\/\/blog.myvideomedia.com\/de\/wp-json\/wp\/v2\/posts\/23778","targetHints":{"allow":["GET"]}}],"collection":[{"href":"https:\/\/blog.myvideomedia.com\/de\/wp-json\/wp\/v2\/posts"}],"about":[{"href":"https:\/\/blog.myvideomedia.com\/de\/wp-json\/wp\/v2\/types\/post"}],"author":[{"embeddable":true,"href":"https:\/\/blog.myvideomedia.com\/de\/wp-json\/wp\/v2\/users\/1"}],"replies":[{"embeddable":true,"href":"https:\/\/blog.myvideomedia.com\/de\/wp-json\/wp\/v2\/comments?post=23778"}],"version-history":[{"count":0,"href":"https:\/\/blog.myvideomedia.com\/de\/wp-json\/wp\/v2\/posts\/23778\/revisions"}],"wp:featuredmedia":[{"embeddable":true,"href":"https:\/\/blog.myvideomedia.com\/de\/wp-json\/wp\/v2\/media\/23783"}],"wp:attachment":[{"href":"https:\/\/blog.myvideomedia.com\/de\/wp-json\/wp\/v2\/media?parent=23778"}],"wp:term":[{"taxonomy":"category","embeddable":true,"href":"https:\/\/blog.myvideomedia.com\/de\/wp-json\/wp\/v2\/categories?post=23778"},{"taxonomy":"post_tag","embeddable":true,"href":"https:\/\/blog.myvideomedia.com\/de\/wp-json\/wp\/v2\/tags?post=23778"}],"curies":[{"name":"wp","href":"https:\/\/api.w.org\/{rel}","templated":true}]}}