{"id":24001,"date":"2019-09-20T08:26:21","date_gmt":"2019-09-20T07:26:21","guid":{"rendered":"https:\/\/blog.myvideomedia.com\/?p=24001"},"modified":"2019-09-25T08:47:25","modified_gmt":"2019-09-25T07:47:25","slug":"beginenhof-und-meulenaere-hospiz-in-bruegge","status":"publish","type":"post","link":"https:\/\/blog.myvideomedia.com\/de\/beginenhof-und-meulenaere-hospiz-in-bruegge\/","title":{"rendered":"Beginenhof und Meulenaere Hospiz in Br\u00fcgge"},"content":{"rendered":"\n<p>Unser Spaziergang zum Begijnhof beginnt am Walplein Platz. Dieser Platz und die n\u00e4here Umgebung in der s\u00fcdlichen Altstadt von Br\u00fcgge bietet eine Vielzahl von Restaurants und Br\u00fcgges \u00e4lteste Brauerei \u201eDe Halve Maan\u201c.<\/p>\n\n<figure class=\"wp-block-image\"><img loading=\"lazy\" decoding=\"async\" width=\"1260\" height=\"841\" src=\"https:\/\/blog.myvideomedia.com\/wp-content\/uploads\/2019\/09\/De-Halve-Maan_DSC3569-1260x841.jpg\" alt=\"\" class=\"wp-image-23968\" srcset=\"https:\/\/blog.myvideomedia.com\/wp-content\/uploads\/2019\/09\/De-Halve-Maan_DSC3569-1260x841.jpg 1260w, https:\/\/blog.myvideomedia.com\/wp-content\/uploads\/2019\/09\/De-Halve-Maan_DSC3569-600x400.jpg 600w, https:\/\/blog.myvideomedia.com\/wp-content\/uploads\/2019\/09\/De-Halve-Maan_DSC3569-768x512.jpg 768w, https:\/\/blog.myvideomedia.com\/wp-content\/uploads\/2019\/09\/De-Halve-Maan_DSC3569.jpg 1280w\" sizes=\"auto, (max-width: 1260px) 100vw, 1260px\" \/><\/figure>\n<p>Au\u00dferdem gibt es eine Menge Gastg\u00e4rten zum Sitzen im Freien, nat\u00fcrlich nur bei sch\u00f6nem Wetter. Eine Skulptur zu Ehren der Kutscher schm\u00fcckt den Platz.<\/p>\n\n<figure class=\"wp-block-image\"><img loading=\"lazy\" decoding=\"async\" width=\"1260\" height=\"841\" src=\"https:\/\/blog.myvideomedia.com\/wp-content\/uploads\/2019\/09\/Walplein-Square_DSC3566m-1260x841.jpg\" alt=\"\" class=\"wp-image-23966\" srcset=\"https:\/\/blog.myvideomedia.com\/wp-content\/uploads\/2019\/09\/Walplein-Square_DSC3566m-1260x841.jpg 1260w, https:\/\/blog.myvideomedia.com\/wp-content\/uploads\/2019\/09\/Walplein-Square_DSC3566m-600x400.jpg 600w, https:\/\/blog.myvideomedia.com\/wp-content\/uploads\/2019\/09\/Walplein-Square_DSC3566m-768x512.jpg 768w, https:\/\/blog.myvideomedia.com\/wp-content\/uploads\/2019\/09\/Walplein-Square_DSC3566m.jpg 1280w\" sizes=\"auto, (max-width: 1260px) 100vw, 1260px\" \/><\/figure>\n<p>Die 1982 vom belgischen Bildhauers Jef Claerhout geschaffene Skulptur zeigt  Zeus, Leda und Prometheus auf dem gefl\u00fcgelten Pegasus.<\/p>\n\n<p>Durch die Wijngaardstraat erreichen wir die Wijngaardplein, die Wiese mit den Schw\u00e4nen, die wir bereits von der Boots Tour kennen. \u00dcber eine kleine Br\u00fccke und durch einen Torbogen erreichen wir den Beginenhof.<\/p>\n\n<figure class=\"wp-block-image\"><img loading=\"lazy\" decoding=\"async\" width=\"1260\" height=\"841\" src=\"https:\/\/blog.myvideomedia.com\/wp-content\/uploads\/2019\/09\/Begijnhof_DSC3580-1260x841.jpg\" alt=\"\" class=\"wp-image-23970\" srcset=\"https:\/\/blog.myvideomedia.com\/wp-content\/uploads\/2019\/09\/Begijnhof_DSC3580-1260x841.jpg 1260w, https:\/\/blog.myvideomedia.com\/wp-content\/uploads\/2019\/09\/Begijnhof_DSC3580-600x400.jpg 600w, https:\/\/blog.myvideomedia.com\/wp-content\/uploads\/2019\/09\/Begijnhof_DSC3580-768x512.jpg 768w, https:\/\/blog.myvideomedia.com\/wp-content\/uploads\/2019\/09\/Begijnhof_DSC3580.jpg 1280w\" sizes=\"auto, (max-width: 1260px) 100vw, 1260px\" \/><\/figure>\n<p>Der Beginenhof in Br\u00fcgge z\u00e4hlt zum UNESCO Weltkulturerbe. Der Beginenhof ist ein Frauenhaus des Mittelalters, in der alleinstehende Frauen eine Zuflucht fanden. <\/p>\n\n<figure class=\"wp-block-image\"><img loading=\"lazy\" decoding=\"async\" width=\"1260\" height=\"841\" src=\"https:\/\/blog.myvideomedia.com\/wp-content\/uploads\/2019\/09\/Begijnhof-Church_DSC3587m-1260x841.jpg\" alt=\"\" class=\"wp-image-23974\" srcset=\"https:\/\/blog.myvideomedia.com\/wp-content\/uploads\/2019\/09\/Begijnhof-Church_DSC3587m-1260x841.jpg 1260w, https:\/\/blog.myvideomedia.com\/wp-content\/uploads\/2019\/09\/Begijnhof-Church_DSC3587m-600x400.jpg 600w, https:\/\/blog.myvideomedia.com\/wp-content\/uploads\/2019\/09\/Begijnhof-Church_DSC3587m-768x512.jpg 768w, https:\/\/blog.myvideomedia.com\/wp-content\/uploads\/2019\/09\/Begijnhof-Church_DSC3587m.jpg 1280w\" sizes=\"auto, (max-width: 1260px) 100vw, 1260px\" \/><\/figure>\n<p>Um einen Hof reihen sich in der Regel eine Kirche und eine gr\u00f6\u00dfere Zahl an kleinen H\u00e4usern, in denen die Beginen lebten. <\/p>\n\n<p>Obwohl konfessionslos betrieben, gestaltete sich das Leben doch zu einer Zwischenstufe von Ordensleben und Laientum.<\/p>\n\n<figure class=\"wp-block-image\"><img loading=\"lazy\" decoding=\"async\" width=\"1260\" height=\"841\" src=\"https:\/\/blog.myvideomedia.com\/wp-content\/uploads\/2019\/09\/Begijnhof_DSC3583-1260x841.jpg\" alt=\"\" class=\"wp-image-23976\" srcset=\"https:\/\/blog.myvideomedia.com\/wp-content\/uploads\/2019\/09\/Begijnhof_DSC3583-1260x841.jpg 1260w, https:\/\/blog.myvideomedia.com\/wp-content\/uploads\/2019\/09\/Begijnhof_DSC3583-600x400.jpg 600w, https:\/\/blog.myvideomedia.com\/wp-content\/uploads\/2019\/09\/Begijnhof_DSC3583-768x512.jpg 768w, https:\/\/blog.myvideomedia.com\/wp-content\/uploads\/2019\/09\/Begijnhof_DSC3583.jpg 1280w\" sizes=\"auto, (max-width: 1260px) 100vw, 1260px\" \/><\/figure>\n<p>Der Beginenhof in Br\u00fcgge, F\u00fcrstlicher Beginenhof Ten Wijngaarde, wurde im 13. Jahrhundert gegr\u00fcndet und wird heute von Benediktinerinnen bewohnt und bewirtschaftet. Wir haben Gl\u00fcck und im Innenhof bl\u00fchen, der Jahreszeit entsprechend, unz\u00e4hlige Narzissen.<\/p>\n\n<p>Wir verlassen den Beginenhof am s\u00fcdlichen Ausgang und besuchen den Minnewaterpark, eine Oase der Ruhe in der doch stark touristisch gepr\u00e4gten Stadt. <\/p>\n\n<figure class=\"wp-block-image\"><img loading=\"lazy\" decoding=\"async\" width=\"1260\" height=\"841\" src=\"https:\/\/blog.myvideomedia.com\/wp-content\/uploads\/2019\/09\/Begijnhof_DSC3594-1260x841.jpg\" alt=\"\" class=\"wp-image-23978\" srcset=\"https:\/\/blog.myvideomedia.com\/wp-content\/uploads\/2019\/09\/Begijnhof_DSC3594-1260x841.jpg 1260w, https:\/\/blog.myvideomedia.com\/wp-content\/uploads\/2019\/09\/Begijnhof_DSC3594-600x400.jpg 600w, https:\/\/blog.myvideomedia.com\/wp-content\/uploads\/2019\/09\/Begijnhof_DSC3594-768x512.jpg 768w, https:\/\/blog.myvideomedia.com\/wp-content\/uploads\/2019\/09\/Begijnhof_DSC3594.jpg 1280w\" sizes=\"auto, (max-width: 1260px) 100vw, 1260px\" \/><\/figure>\n<p>Das Minnewater war fr\u00fcher eine Anlegestelle f\u00fcr Flussschiffe und Treckschuten, eine Art Wassershuttle zwischen Br\u00fcgge und Gent.<\/p>\n\n<figure class=\"wp-block-image\"><img loading=\"lazy\" decoding=\"async\" width=\"1260\" height=\"841\" src=\"https:\/\/blog.myvideomedia.com\/wp-content\/uploads\/2019\/09\/Begijnhof-Kasteel-Minnewater_DSC3596m-1260x841.jpg\" alt=\"\" class=\"wp-image-23980\" srcset=\"https:\/\/blog.myvideomedia.com\/wp-content\/uploads\/2019\/09\/Begijnhof-Kasteel-Minnewater_DSC3596m-1260x841.jpg 1260w, https:\/\/blog.myvideomedia.com\/wp-content\/uploads\/2019\/09\/Begijnhof-Kasteel-Minnewater_DSC3596m-600x400.jpg 600w, https:\/\/blog.myvideomedia.com\/wp-content\/uploads\/2019\/09\/Begijnhof-Kasteel-Minnewater_DSC3596m-768x512.jpg 768w, https:\/\/blog.myvideomedia.com\/wp-content\/uploads\/2019\/09\/Begijnhof-Kasteel-Minnewater_DSC3596m.jpg 1280w\" sizes=\"auto, (max-width: 1260px) 100vw, 1260px\" \/><\/figure>\n<p>Das Kasteel Minnewater bietet einen sch\u00f6nen Gastgarten direkt am Wasser, der es erlaubt die herrliche Umgebung zu genie\u00dfen. <\/p>\n\n<figure class=\"wp-block-image\"><img loading=\"lazy\" decoding=\"async\" width=\"1260\" height=\"841\" src=\"https:\/\/blog.myvideomedia.com\/wp-content\/uploads\/2019\/09\/Godshuis-de-Meulenaere_DSC3623m-1260x841.jpg\" alt=\"\" class=\"wp-image-23982\" srcset=\"https:\/\/blog.myvideomedia.com\/wp-content\/uploads\/2019\/09\/Godshuis-de-Meulenaere_DSC3623m-1260x841.jpg 1260w, https:\/\/blog.myvideomedia.com\/wp-content\/uploads\/2019\/09\/Godshuis-de-Meulenaere_DSC3623m-600x400.jpg 600w, https:\/\/blog.myvideomedia.com\/wp-content\/uploads\/2019\/09\/Godshuis-de-Meulenaere_DSC3623m-768x512.jpg 768w, https:\/\/blog.myvideomedia.com\/wp-content\/uploads\/2019\/09\/Godshuis-de-Meulenaere_DSC3623m.jpg 1280w\" sizes=\"auto, (max-width: 1260px) 100vw, 1260px\" \/><\/figure>\n<p>Zur\u00fcck an der Katelijnestraat biegen wir ein in den Nieuwe Gentweg und erreichen das Godshuis de Meulenaere, das Meulenaere Hospiz.<\/p>\n\n<h3 class=\"wp-block-heading\"><a href=\"https:\/\/youtu.be\/UnPjBgT1mAM\" target=\"_blank\" rel=\"noreferrer noopener\" aria-label=\"Hier sehen Sie das 4K UHD Video (oeffnet in neuem Tab)\">Please watch the 4K UHD video<\/a><\/h3>\n<figure> <div class=\"brlbs-cmpnt-container brlbs-cmpnt-content-blocker brlbs-cmpnt-with-individual-styles\" data-borlabs-cookie-content-blocker-id=\"youtube-content-blocker\" data-borlabs-cookie-content=\"PGlmcmFtZSBzcmM9Imh0dHBzOi8vd3d3LnlvdXR1YmUtbm9jb29raWUuY29tL2VtYmVkL1VuUGpCZ1QxbUFNIiB3aWR0aD0iNjAwIiBoZWlnaHQ9IjMzOCI+PC9pZnJhbWU+\"><div class=\"brlbs-cmpnt-cb-preset-c brlbs-cmpnt-cb-youtube\"> <div class=\"brlbs-cmpnt-cb-thumbnail\" style=\"background-image: url('https:\/\/blog.myvideomedia.com\/wp-content\/uploads\/borlabs-cookie\/1\/yt_UnPjBgT1mAM_hqdefault.jpg')\"><\/div> <div class=\"brlbs-cmpnt-cb-main\"> <div class=\"brlbs-cmpnt-cb-play-button\"><\/div> <div class=\"brlbs-cmpnt-cb-content\"> <p class=\"brlbs-cmpnt-cb-description\">Sie sehen gerade einen Platzhalterinhalt von <strong>YouTube<\/strong>. Um auf den eigentlichen Inhalt zuzugreifen, klicken Sie auf die Schaltfl\u00e4che unten. Bitte beachten Sie, dass dabei Daten an Drittanbieter weitergegeben werden.<\/p> <a class=\"brlbs-cmpnt-cb-provider-toggle\" href=\"#\" data-borlabs-cookie-show-provider-information role=\"button\">Mehr Informationen<\/a> <\/div> <div class=\"brlbs-cmpnt-cb-buttons\"> <a class=\"brlbs-cmpnt-cb-btn\" href=\"#\" data-borlabs-cookie-unblock role=\"button\">Inhalt entsperren<\/a> <a class=\"brlbs-cmpnt-cb-btn\" href=\"#\" data-borlabs-cookie-accept-service role=\"button\" style=\"display: inherit\">Erforderlichen Service akzeptieren und Inhalte entsperren<\/a> <\/div> <\/div> <\/div><\/div><\/figure>\r\n\n<p>In Br\u00fcgge gibt es 46 Godshuizen, H\u00e4user Gottes. Die Armenh\u00e4user wurden  im 14. Jahrhundert von reichen B\u00fcrgern oder Gilden gegr\u00fcndet wurden. Um einen Innenhof sind viele kleine H\u00e4user gruppiert, die von Armen oder alten Bed\u00fcrftigen bewohnt werden. 43 davon erf\u00fcllen noch immer ihren sozialen Zweck. <\/p>\n\n<p>Durch verschiedene Nebenstra\u00dfen erreichen wir den Simon Stevin Platz. Im Zentrum steht das Denkmal zu Ehren von Simon Stevin, einem fl\u00e4mischen Mathematiker, Physiker und Ingenieur aus dem 16. Jahrhundert. Er erfand u.a. das Dezimalsystem f\u00fcr Br\u00fcche.<\/p>\n\n<figure class=\"wp-block-image\"><img loading=\"lazy\" decoding=\"async\" width=\"911\" height=\"1260\" src=\"https:\/\/blog.myvideomedia.com\/wp-content\/uploads\/2019\/09\/Simon-Stevin-memorial_DSC3633m-911x1260.jpg\" alt=\"Simon Stevin Denkmal\" class=\"wp-image-23986\" srcset=\"https:\/\/blog.myvideomedia.com\/wp-content\/uploads\/2019\/09\/Simon-Stevin-memorial_DSC3633m-911x1260.jpg 911w, https:\/\/blog.myvideomedia.com\/wp-content\/uploads\/2019\/09\/Simon-Stevin-memorial_DSC3633m-434x600.jpg 434w, https:\/\/blog.myvideomedia.com\/wp-content\/uploads\/2019\/09\/Simon-Stevin-memorial_DSC3633m-768x1062.jpg 768w, https:\/\/blog.myvideomedia.com\/wp-content\/uploads\/2019\/09\/Simon-Stevin-memorial_DSC3633m.jpg 925w\" sizes=\"auto, (max-width: 911px) 100vw, 911px\" \/><\/figure>\n<p>Vor den gut erhaltenen Geb\u00e4uden sieht man Pferdekutschen mit Touristen vorbeifahren. Jedoch geht es auf dem Platz mit seinen Caf\u00e9s und Restaurants weniger touristisch zu als auf dem Hauptplatz.<\/p>\n\n<figure class=\"wp-block-image\"><img loading=\"lazy\" decoding=\"async\" width=\"1260\" height=\"841\" src=\"https:\/\/blog.myvideomedia.com\/wp-content\/uploads\/2019\/09\/Simon-Stevin-Square-021-1260x841.jpg\" alt=\"Simon Stevin Platz\" class=\"wp-image-23996\" srcset=\"https:\/\/blog.myvideomedia.com\/wp-content\/uploads\/2019\/09\/Simon-Stevin-Square-021-1260x841.jpg 1260w, https:\/\/blog.myvideomedia.com\/wp-content\/uploads\/2019\/09\/Simon-Stevin-Square-021-600x400.jpg 600w, https:\/\/blog.myvideomedia.com\/wp-content\/uploads\/2019\/09\/Simon-Stevin-Square-021-768x512.jpg 768w, https:\/\/blog.myvideomedia.com\/wp-content\/uploads\/2019\/09\/Simon-Stevin-Square-021.jpg 1280w\" sizes=\"auto, (max-width: 1260px) 100vw, 1260px\" \/><\/figure>\n<p>Wir gehen weiter zum Marktplatz,dem <a href=\"https:\/\/blog.myvideomedia.com\/de\/erste-schritte-in-bruegge\/\">Grote Markt<\/a> und begutachten nochmals das Grand Cafe Craenenburg, ein historischer Ort.<\/p>\n\n<figure class=\"wp-block-image\"><img loading=\"lazy\" decoding=\"async\" width=\"1260\" height=\"841\" src=\"https:\/\/blog.myvideomedia.com\/wp-content\/uploads\/2019\/09\/Grand-Cafe-Craenenburg_DSC3744-1260x841.jpg\" alt=\"\" class=\"wp-image-23988\" srcset=\"https:\/\/blog.myvideomedia.com\/wp-content\/uploads\/2019\/09\/Grand-Cafe-Craenenburg_DSC3744-1260x841.jpg 1260w, https:\/\/blog.myvideomedia.com\/wp-content\/uploads\/2019\/09\/Grand-Cafe-Craenenburg_DSC3744-600x400.jpg 600w, https:\/\/blog.myvideomedia.com\/wp-content\/uploads\/2019\/09\/Grand-Cafe-Craenenburg_DSC3744-768x512.jpg 768w, https:\/\/blog.myvideomedia.com\/wp-content\/uploads\/2019\/09\/Grand-Cafe-Craenenburg_DSC3744.jpg 1280w\" sizes=\"auto, (max-width: 1260px) 100vw, 1260px\" \/><\/figure>\n<p>Anl\u00e4sslich der Hochzeit Karls des K\u00fchnen im Jahre 1468 sah Maximilian I. hier zusammen mit Margareta von York die Ritterspiele. Im Jahre 1488 setzten die Br\u00fcgger B\u00fcrger Maximilian f\u00fcr 4 Monate fest. Sp\u00e4ter konnte er von hier die Hinrichtung seiner Peiniger miterleben.<\/p>\n\n<figure class=\"wp-block-image\"><img loading=\"lazy\" decoding=\"async\" width=\"1260\" height=\"841\" src=\"https:\/\/blog.myvideomedia.com\/wp-content\/uploads\/2019\/09\/egg-market_DSC3766m-1260x841.jpg\" alt=\"\" class=\"wp-image-23990\" srcset=\"https:\/\/blog.myvideomedia.com\/wp-content\/uploads\/2019\/09\/egg-market_DSC3766m-1260x841.jpg 1260w, https:\/\/blog.myvideomedia.com\/wp-content\/uploads\/2019\/09\/egg-market_DSC3766m-600x400.jpg 600w, https:\/\/blog.myvideomedia.com\/wp-content\/uploads\/2019\/09\/egg-market_DSC3766m-768x512.jpg 768w, https:\/\/blog.myvideomedia.com\/wp-content\/uploads\/2019\/09\/egg-market_DSC3766m.jpg 1280w\" sizes=\"auto, (max-width: 1260px) 100vw, 1260px\" \/><\/figure>\n<p>In n\u00f6rdlicher Richtung etwas versteckt liegt der Eiermarkt um den sich eine Reihe von Bars und Restaurants gruppieren. Sehenswert die denkmalgesch\u00fctzte Wasserpumpe in der Mitte des Platzes. \r\n\r\nDer L\u00f6wen von Flandern und der B\u00e4ren von Br\u00fcgge kr\u00f6nen den 761 vom Br\u00fcgger Bildhauer Pieter Pepers geschaffenen Sandsteinbrunnen  <\/p>\n\n<p>Bitte lesen Sie weiter &gt; <a href=\"https:\/\/blog.myvideomedia.com\/de\/kostenlose-shuttle-bus-tour-in-bruegge\/\">Fahrt mit dem kostenlosen City Shuttle<\/a><\/p>\n\n<h3 class=\"wp-block-heading\">Pin it &#8211; f\u00fcr sp\u00e4ter merken<\/h3>\n\n<figure class=\"wp-block-image\"><img decoding=\"async\" src=\"https:\/\/blog.myvideomedia.com\/wp-content\/uploads\/2019\/09\/Pin-Beginenhof-und-Meulenaere-Hospiz.jpg\" alt=\"\" class=\"wp-image-23994\"><\/figure>\n<p>Text, Fotos und Video: Copyright \u00a9 <a href=\"https:\/\/www.myvideomedia.de\" target=\"_blank\" rel=\"noreferrer noopener\" aria-label=\"myVideoMedia (oeffnet in neuem Tab)\">myVideoMedia<\/a><\/p>\n\n<p><em>Soundtrack im Video: <br>Licensed under a Creative Commons Attribution Noncommercial  (3.0) license. <\/em><a rel=\"noreferrer noopener\" aria-label=\"http:\/\/dig.ccmixter.org\/files\/doxent\/50553 (oeffnet in neuem Tab)\" href=\"http:\/\/dig.ccmixter.org\/files\/doxent\/50553\" target=\"_blank\"><em>http:\/\/dig.ccmixter.org\/files\/doxent\/50553<\/em><\/a><em> Ft: Snowflake, Jeris<\/em><\/p>\n","protected":false},"excerpt":{"rendered":"<p>Unser Spaziergang zum Begijnhof beginnt am Walplein Platz. Dieser Platz und die n\u00e4here Umgebung in der s\u00fcdlichen Altstadt von Br\u00fcgge bietet eine Vielzahl von Restaurants und Br\u00fcgges \u00e4lteste Brauerei \u201eDe Halve Maan\u201c. Au\u00dferdem gibt es eine Menge Gastg\u00e4rten zum Sitzen im Freien, nat\u00fcrlich nur bei sch\u00f6nem Wetter. Eine Skulptur zu Ehren der Kutscher schm\u00fcckt den [&hellip;]<\/p>\n","protected":false},"author":1,"featured_media":23999,"comment_status":"open","ping_status":"closed","sticky":false,"template":"","format":"standard","meta":{"_genesis_hide_title":false,"_genesis_hide_breadcrumbs":false,"_genesis_hide_singular_image":false,"_genesis_hide_footer_widgets":false,"_genesis_custom_body_class":"","_genesis_custom_post_class":"","_genesis_layout":"","footnotes":""},"categories":[499,1175],"tags":[448,476],"class_list":{"0":"post-24001","1":"post","2":"type-post","3":"status-publish","4":"format-standard","5":"has-post-thumbnail","7":"category-belgien","8":"category-flandern","9":"tag-sehenswuerdigkeit","10":"tag-unesco-weltkulturerbe","11":"entry"},"yoast_head":"<!-- This site is optimized with the Yoast SEO plugin v27.4 - https:\/\/yoast.com\/product\/yoast-seo-wordpress\/ -->\n<title>Beginenhof und Meulenaere Hospiz in Br\u00fcgge - Belgien - Reise Video Blog<\/title>\n<meta name=\"description\" content=\"Das Beginenhof in Br\u00fcgge war fr\u00fcher ein mittelalterliches Frauenhaus. Das Hospiz Meulenaere bot den Armen oder alten Bed\u00fcrftigen ein Zuhause.\" \/>\n<meta name=\"robots\" content=\"index, follow, max-snippet:-1, max-image-preview:large, max-video-preview:-1\" \/>\n<link rel=\"canonical\" href=\"https:\/\/blog.myvideomedia.com\/de\/beginenhof-und-meulenaere-hospiz-in-bruegge\/\" \/>\n<meta property=\"og:locale\" content=\"de_DE\" \/>\n<meta property=\"og:type\" content=\"article\" \/>\n<meta property=\"og:title\" content=\"Beginenhof und Meulenaere Hospiz in Br\u00fcgge - Belgien - Reise Video Blog\" \/>\n<meta property=\"og:description\" content=\"Das Beginenhof in Br\u00fcgge war fr\u00fcher ein mittelalterliches Frauenhaus. Das Hospiz Meulenaere bot den Armen oder alten Bed\u00fcrftigen ein Zuhause.\" \/>\n<meta property=\"og:url\" content=\"https:\/\/blog.myvideomedia.com\/de\/beginenhof-und-meulenaere-hospiz-in-bruegge\/\" \/>\n<meta property=\"og:site_name\" content=\"Reise Video Blog\" \/>\n<meta property=\"article:publisher\" content=\"https:\/\/www.facebook.com\/ursula.streit.520\" \/>\n<meta property=\"article:author\" content=\"https:\/\/www.facebook.com\/ursula.streit.520\" \/>\n<meta property=\"article:published_time\" content=\"2019-09-20T07:26:21+00:00\" \/>\n<meta property=\"article:modified_time\" content=\"2019-09-25T07:47:25+00:00\" \/>\n<meta property=\"og:image\" content=\"https:\/\/blog.myvideomedia.com\/wp-content\/uploads\/2019\/09\/cropped-Begijnhof_DSC3584.jpg\" \/>\n\t<meta property=\"og:image:width\" content=\"1280\" \/>\n\t<meta property=\"og:image:height\" content=\"720\" \/>\n\t<meta property=\"og:image:type\" content=\"image\/jpeg\" \/>\n<meta name=\"author\" content=\"myVideoMedia\" \/>\n<meta name=\"twitter:card\" content=\"summary_large_image\" \/>\n<meta name=\"twitter:creator\" content=\"@myvideomedia\" \/>\n<meta name=\"twitter:site\" content=\"@myvideomedia\" \/>\n<meta name=\"twitter:label1\" content=\"Verfasst von\" \/>\n\t<meta name=\"twitter:data1\" content=\"myVideoMedia\" \/>\n\t<meta name=\"twitter:label2\" content=\"Gesch\u00e4tzte Lesezeit\" \/>\n\t<meta name=\"twitter:data2\" content=\"3\u00a0Minuten\" \/>\n<script type=\"application\/ld+json\" class=\"yoast-schema-graph\">{\"@context\":\"https:\\\/\\\/schema.org\",\"@graph\":[{\"@type\":\"Article\",\"@id\":\"https:\\\/\\\/blog.myvideomedia.com\\\/de\\\/beginenhof-und-meulenaere-hospiz-in-bruegge\\\/#article\",\"isPartOf\":{\"@id\":\"https:\\\/\\\/blog.myvideomedia.com\\\/de\\\/beginenhof-und-meulenaere-hospiz-in-bruegge\\\/\"},\"author\":{\"name\":\"myVideoMedia\",\"@id\":\"https:\\\/\\\/blog.myvideomedia.com\\\/de\\\/#\\\/schema\\\/person\\\/87be8fbbed69b1562242448c1c3dcbec\"},\"headline\":\"Beginenhof und Meulenaere Hospiz in Br\u00fcgge\",\"datePublished\":\"2019-09-20T07:26:21+00:00\",\"dateModified\":\"2019-09-25T07:47:25+00:00\",\"mainEntityOfPage\":{\"@id\":\"https:\\\/\\\/blog.myvideomedia.com\\\/de\\\/beginenhof-und-meulenaere-hospiz-in-bruegge\\\/\"},\"wordCount\":597,\"commentCount\":0,\"publisher\":{\"@id\":\"https:\\\/\\\/blog.myvideomedia.com\\\/de\\\/#\\\/schema\\\/person\\\/87be8fbbed69b1562242448c1c3dcbec\"},\"image\":{\"@id\":\"https:\\\/\\\/blog.myvideomedia.com\\\/de\\\/beginenhof-und-meulenaere-hospiz-in-bruegge\\\/#primaryimage\"},\"thumbnailUrl\":\"https:\\\/\\\/blog.myvideomedia.com\\\/wp-content\\\/uploads\\\/2019\\\/09\\\/cropped-Begijnhof_DSC3584.jpg\",\"keywords\":[\"Sehensw\u00fcrdigkeit\",\"UNESCO Weltkulturerbe\"],\"articleSection\":[\"Belgien\",\"Flandern\"],\"inLanguage\":\"de\",\"potentialAction\":[{\"@type\":\"CommentAction\",\"name\":\"Comment\",\"target\":[\"https:\\\/\\\/blog.myvideomedia.com\\\/de\\\/beginenhof-und-meulenaere-hospiz-in-bruegge\\\/#respond\"]}]},{\"@type\":\"WebPage\",\"@id\":\"https:\\\/\\\/blog.myvideomedia.com\\\/de\\\/beginenhof-und-meulenaere-hospiz-in-bruegge\\\/\",\"url\":\"https:\\\/\\\/blog.myvideomedia.com\\\/de\\\/beginenhof-und-meulenaere-hospiz-in-bruegge\\\/\",\"name\":\"Beginenhof und Meulenaere Hospiz in Br\u00fcgge - Belgien - Reise Video Blog\",\"isPartOf\":{\"@id\":\"https:\\\/\\\/blog.myvideomedia.com\\\/de\\\/#website\"},\"primaryImageOfPage\":{\"@id\":\"https:\\\/\\\/blog.myvideomedia.com\\\/de\\\/beginenhof-und-meulenaere-hospiz-in-bruegge\\\/#primaryimage\"},\"image\":{\"@id\":\"https:\\\/\\\/blog.myvideomedia.com\\\/de\\\/beginenhof-und-meulenaere-hospiz-in-bruegge\\\/#primaryimage\"},\"thumbnailUrl\":\"https:\\\/\\\/blog.myvideomedia.com\\\/wp-content\\\/uploads\\\/2019\\\/09\\\/cropped-Begijnhof_DSC3584.jpg\",\"datePublished\":\"2019-09-20T07:26:21+00:00\",\"dateModified\":\"2019-09-25T07:47:25+00:00\",\"description\":\"Das Beginenhof in Br\u00fcgge war fr\u00fcher ein mittelalterliches Frauenhaus. Das Hospiz Meulenaere bot den Armen oder alten Bed\u00fcrftigen ein Zuhause.\",\"breadcrumb\":{\"@id\":\"https:\\\/\\\/blog.myvideomedia.com\\\/de\\\/beginenhof-und-meulenaere-hospiz-in-bruegge\\\/#breadcrumb\"},\"inLanguage\":\"de\",\"potentialAction\":[{\"@type\":\"ReadAction\",\"target\":[\"https:\\\/\\\/blog.myvideomedia.com\\\/de\\\/beginenhof-und-meulenaere-hospiz-in-bruegge\\\/\"]}]},{\"@type\":\"ImageObject\",\"inLanguage\":\"de\",\"@id\":\"https:\\\/\\\/blog.myvideomedia.com\\\/de\\\/beginenhof-und-meulenaere-hospiz-in-bruegge\\\/#primaryimage\",\"url\":\"https:\\\/\\\/blog.myvideomedia.com\\\/wp-content\\\/uploads\\\/2019\\\/09\\\/cropped-Begijnhof_DSC3584.jpg\",\"contentUrl\":\"https:\\\/\\\/blog.myvideomedia.com\\\/wp-content\\\/uploads\\\/2019\\\/09\\\/cropped-Begijnhof_DSC3584.jpg\",\"width\":1280,\"height\":720},{\"@type\":\"BreadcrumbList\",\"@id\":\"https:\\\/\\\/blog.myvideomedia.com\\\/de\\\/beginenhof-und-meulenaere-hospiz-in-bruegge\\\/#breadcrumb\",\"itemListElement\":[{\"@type\":\"ListItem\",\"position\":1,\"name\":\"Home\",\"item\":\"https:\\\/\\\/blog.myvideomedia.com\\\/de\\\/\"},{\"@type\":\"ListItem\",\"position\":2,\"name\":\"Beginenhof und Meulenaere Hospiz in Br\u00fcgge\"}]},{\"@type\":\"WebSite\",\"@id\":\"https:\\\/\\\/blog.myvideomedia.com\\\/de\\\/#website\",\"url\":\"https:\\\/\\\/blog.myvideomedia.com\\\/de\\\/\",\"name\":\"Travel Video Blog\",\"description\":\"myVideoMedia Reisetipps und Reisevideos\",\"publisher\":{\"@id\":\"https:\\\/\\\/blog.myvideomedia.com\\\/de\\\/#\\\/schema\\\/person\\\/87be8fbbed69b1562242448c1c3dcbec\"},\"potentialAction\":[{\"@type\":\"SearchAction\",\"target\":{\"@type\":\"EntryPoint\",\"urlTemplate\":\"https:\\\/\\\/blog.myvideomedia.com\\\/de\\\/?s={search_term_string}\"},\"query-input\":{\"@type\":\"PropertyValueSpecification\",\"valueRequired\":true,\"valueName\":\"search_term_string\"}}],\"inLanguage\":\"de\"},{\"@type\":[\"Person\",\"Organization\"],\"@id\":\"https:\\\/\\\/blog.myvideomedia.com\\\/de\\\/#\\\/schema\\\/person\\\/87be8fbbed69b1562242448c1c3dcbec\",\"name\":\"myVideoMedia\",\"image\":{\"@type\":\"ImageObject\",\"inLanguage\":\"de\",\"@id\":\"https:\\\/\\\/secure.gravatar.com\\\/avatar\\\/460720160715ef8975b781abd1b6985e55ce2f01567bb6757bebd73e7cf74c97?s=96&d=mm&r=g\",\"url\":\"https:\\\/\\\/secure.gravatar.com\\\/avatar\\\/460720160715ef8975b781abd1b6985e55ce2f01567bb6757bebd73e7cf74c97?s=96&d=mm&r=g\",\"contentUrl\":\"https:\\\/\\\/secure.gravatar.com\\\/avatar\\\/460720160715ef8975b781abd1b6985e55ce2f01567bb6757bebd73e7cf74c97?s=96&d=mm&r=g\",\"caption\":\"myVideoMedia\"},\"logo\":{\"@id\":\"https:\\\/\\\/secure.gravatar.com\\\/avatar\\\/460720160715ef8975b781abd1b6985e55ce2f01567bb6757bebd73e7cf74c97?s=96&d=mm&r=g\"},\"description\":\"\\\"The World is a book, and those who do not travel read only a page\\\" - Aurelius Augustinus (354 - 430 AD) Travel is our passion. With our posts and videos we like to inspire people who are planning or preparing for holidays as well as people who simply want to escape from everyday life and dream of faraway countries.\",\"sameAs\":[\"https:\\\/\\\/www.myvideomedia.com\",\"https:\\\/\\\/www.facebook.com\\\/ursula.streit.520\"],\"url\":\"https:\\\/\\\/blog.myvideomedia.com\\\/de\\\/author\\\/traveladm\\\/\"}]}<\/script>\n<!-- \/ Yoast SEO plugin. -->","yoast_head_json":{"title":"Beginenhof und Meulenaere Hospiz in Br\u00fcgge - Belgien - Reise Video Blog","description":"Das Beginenhof in Br\u00fcgge war fr\u00fcher ein mittelalterliches Frauenhaus. Das Hospiz Meulenaere bot den Armen oder alten Bed\u00fcrftigen ein Zuhause.","robots":{"index":"index","follow":"follow","max-snippet":"max-snippet:-1","max-image-preview":"max-image-preview:large","max-video-preview":"max-video-preview:-1"},"canonical":"https:\/\/blog.myvideomedia.com\/de\/beginenhof-und-meulenaere-hospiz-in-bruegge\/","og_locale":"de_DE","og_type":"article","og_title":"Beginenhof und Meulenaere Hospiz in Br\u00fcgge - Belgien - Reise Video Blog","og_description":"Das Beginenhof in Br\u00fcgge war fr\u00fcher ein mittelalterliches Frauenhaus. Das Hospiz Meulenaere bot den Armen oder alten Bed\u00fcrftigen ein Zuhause.","og_url":"https:\/\/blog.myvideomedia.com\/de\/beginenhof-und-meulenaere-hospiz-in-bruegge\/","og_site_name":"Reise Video Blog","article_publisher":"https:\/\/www.facebook.com\/ursula.streit.520","article_author":"https:\/\/www.facebook.com\/ursula.streit.520","article_published_time":"2019-09-20T07:26:21+00:00","article_modified_time":"2019-09-25T07:47:25+00:00","og_image":[{"width":1280,"height":720,"url":"https:\/\/blog.myvideomedia.com\/wp-content\/uploads\/2019\/09\/cropped-Begijnhof_DSC3584.jpg","type":"image\/jpeg"}],"author":"myVideoMedia","twitter_card":"summary_large_image","twitter_creator":"@myvideomedia","twitter_site":"@myvideomedia","twitter_misc":{"Verfasst von":"myVideoMedia","Gesch\u00e4tzte Lesezeit":"3\u00a0Minuten"},"schema":{"@context":"https:\/\/schema.org","@graph":[{"@type":"Article","@id":"https:\/\/blog.myvideomedia.com\/de\/beginenhof-und-meulenaere-hospiz-in-bruegge\/#article","isPartOf":{"@id":"https:\/\/blog.myvideomedia.com\/de\/beginenhof-und-meulenaere-hospiz-in-bruegge\/"},"author":{"name":"myVideoMedia","@id":"https:\/\/blog.myvideomedia.com\/de\/#\/schema\/person\/87be8fbbed69b1562242448c1c3dcbec"},"headline":"Beginenhof und Meulenaere Hospiz in Br\u00fcgge","datePublished":"2019-09-20T07:26:21+00:00","dateModified":"2019-09-25T07:47:25+00:00","mainEntityOfPage":{"@id":"https:\/\/blog.myvideomedia.com\/de\/beginenhof-und-meulenaere-hospiz-in-bruegge\/"},"wordCount":597,"commentCount":0,"publisher":{"@id":"https:\/\/blog.myvideomedia.com\/de\/#\/schema\/person\/87be8fbbed69b1562242448c1c3dcbec"},"image":{"@id":"https:\/\/blog.myvideomedia.com\/de\/beginenhof-und-meulenaere-hospiz-in-bruegge\/#primaryimage"},"thumbnailUrl":"https:\/\/blog.myvideomedia.com\/wp-content\/uploads\/2019\/09\/cropped-Begijnhof_DSC3584.jpg","keywords":["Sehensw\u00fcrdigkeit","UNESCO Weltkulturerbe"],"articleSection":["Belgien","Flandern"],"inLanguage":"de","potentialAction":[{"@type":"CommentAction","name":"Comment","target":["https:\/\/blog.myvideomedia.com\/de\/beginenhof-und-meulenaere-hospiz-in-bruegge\/#respond"]}]},{"@type":"WebPage","@id":"https:\/\/blog.myvideomedia.com\/de\/beginenhof-und-meulenaere-hospiz-in-bruegge\/","url":"https:\/\/blog.myvideomedia.com\/de\/beginenhof-und-meulenaere-hospiz-in-bruegge\/","name":"Beginenhof und Meulenaere Hospiz in Br\u00fcgge - Belgien - Reise Video Blog","isPartOf":{"@id":"https:\/\/blog.myvideomedia.com\/de\/#website"},"primaryImageOfPage":{"@id":"https:\/\/blog.myvideomedia.com\/de\/beginenhof-und-meulenaere-hospiz-in-bruegge\/#primaryimage"},"image":{"@id":"https:\/\/blog.myvideomedia.com\/de\/beginenhof-und-meulenaere-hospiz-in-bruegge\/#primaryimage"},"thumbnailUrl":"https:\/\/blog.myvideomedia.com\/wp-content\/uploads\/2019\/09\/cropped-Begijnhof_DSC3584.jpg","datePublished":"2019-09-20T07:26:21+00:00","dateModified":"2019-09-25T07:47:25+00:00","description":"Das Beginenhof in Br\u00fcgge war fr\u00fcher ein mittelalterliches Frauenhaus. Das Hospiz Meulenaere bot den Armen oder alten Bed\u00fcrftigen ein Zuhause.","breadcrumb":{"@id":"https:\/\/blog.myvideomedia.com\/de\/beginenhof-und-meulenaere-hospiz-in-bruegge\/#breadcrumb"},"inLanguage":"de","potentialAction":[{"@type":"ReadAction","target":["https:\/\/blog.myvideomedia.com\/de\/beginenhof-und-meulenaere-hospiz-in-bruegge\/"]}]},{"@type":"ImageObject","inLanguage":"de","@id":"https:\/\/blog.myvideomedia.com\/de\/beginenhof-und-meulenaere-hospiz-in-bruegge\/#primaryimage","url":"https:\/\/blog.myvideomedia.com\/wp-content\/uploads\/2019\/09\/cropped-Begijnhof_DSC3584.jpg","contentUrl":"https:\/\/blog.myvideomedia.com\/wp-content\/uploads\/2019\/09\/cropped-Begijnhof_DSC3584.jpg","width":1280,"height":720},{"@type":"BreadcrumbList","@id":"https:\/\/blog.myvideomedia.com\/de\/beginenhof-und-meulenaere-hospiz-in-bruegge\/#breadcrumb","itemListElement":[{"@type":"ListItem","position":1,"name":"Home","item":"https:\/\/blog.myvideomedia.com\/de\/"},{"@type":"ListItem","position":2,"name":"Beginenhof und Meulenaere Hospiz in Br\u00fcgge"}]},{"@type":"WebSite","@id":"https:\/\/blog.myvideomedia.com\/de\/#website","url":"https:\/\/blog.myvideomedia.com\/de\/","name":"Travel Video Blog","description":"myVideoMedia Reisetipps und Reisevideos","publisher":{"@id":"https:\/\/blog.myvideomedia.com\/de\/#\/schema\/person\/87be8fbbed69b1562242448c1c3dcbec"},"potentialAction":[{"@type":"SearchAction","target":{"@type":"EntryPoint","urlTemplate":"https:\/\/blog.myvideomedia.com\/de\/?s={search_term_string}"},"query-input":{"@type":"PropertyValueSpecification","valueRequired":true,"valueName":"search_term_string"}}],"inLanguage":"de"},{"@type":["Person","Organization"],"@id":"https:\/\/blog.myvideomedia.com\/de\/#\/schema\/person\/87be8fbbed69b1562242448c1c3dcbec","name":"myVideoMedia","image":{"@type":"ImageObject","inLanguage":"de","@id":"https:\/\/secure.gravatar.com\/avatar\/460720160715ef8975b781abd1b6985e55ce2f01567bb6757bebd73e7cf74c97?s=96&d=mm&r=g","url":"https:\/\/secure.gravatar.com\/avatar\/460720160715ef8975b781abd1b6985e55ce2f01567bb6757bebd73e7cf74c97?s=96&d=mm&r=g","contentUrl":"https:\/\/secure.gravatar.com\/avatar\/460720160715ef8975b781abd1b6985e55ce2f01567bb6757bebd73e7cf74c97?s=96&d=mm&r=g","caption":"myVideoMedia"},"logo":{"@id":"https:\/\/secure.gravatar.com\/avatar\/460720160715ef8975b781abd1b6985e55ce2f01567bb6757bebd73e7cf74c97?s=96&d=mm&r=g"},"description":"\"The World is a book, and those who do not travel read only a page\" - Aurelius Augustinus (354 - 430 AD) Travel is our passion. With our posts and videos we like to inspire people who are planning or preparing for holidays as well as people who simply want to escape from everyday life and dream of faraway countries.","sameAs":["https:\/\/www.myvideomedia.com","https:\/\/www.facebook.com\/ursula.streit.520"],"url":"https:\/\/blog.myvideomedia.com\/de\/author\/traveladm\/"}]}},"featured_image_src":"https:\/\/blog.myvideomedia.com\/wp-content\/uploads\/2019\/09\/cropped-Begijnhof_DSC3584.jpg","featured_image_src_square":"https:\/\/blog.myvideomedia.com\/wp-content\/uploads\/2019\/09\/cropped-Begijnhof_DSC3584.jpg","author_info":{"display_name":"myVideoMedia","author_link":"https:\/\/blog.myvideomedia.com\/de\/author\/traveladm\/"},"_links":{"self":[{"href":"https:\/\/blog.myvideomedia.com\/de\/wp-json\/wp\/v2\/posts\/24001","targetHints":{"allow":["GET"]}}],"collection":[{"href":"https:\/\/blog.myvideomedia.com\/de\/wp-json\/wp\/v2\/posts"}],"about":[{"href":"https:\/\/blog.myvideomedia.com\/de\/wp-json\/wp\/v2\/types\/post"}],"author":[{"embeddable":true,"href":"https:\/\/blog.myvideomedia.com\/de\/wp-json\/wp\/v2\/users\/1"}],"replies":[{"embeddable":true,"href":"https:\/\/blog.myvideomedia.com\/de\/wp-json\/wp\/v2\/comments?post=24001"}],"version-history":[{"count":0,"href":"https:\/\/blog.myvideomedia.com\/de\/wp-json\/wp\/v2\/posts\/24001\/revisions"}],"wp:featuredmedia":[{"embeddable":true,"href":"https:\/\/blog.myvideomedia.com\/de\/wp-json\/wp\/v2\/media\/23999"}],"wp:attachment":[{"href":"https:\/\/blog.myvideomedia.com\/de\/wp-json\/wp\/v2\/media?parent=24001"}],"wp:term":[{"taxonomy":"category","embeddable":true,"href":"https:\/\/blog.myvideomedia.com\/de\/wp-json\/wp\/v2\/categories?post=24001"},{"taxonomy":"post_tag","embeddable":true,"href":"https:\/\/blog.myvideomedia.com\/de\/wp-json\/wp\/v2\/tags?post=24001"}],"curies":[{"name":"wp","href":"https:\/\/api.w.org\/{rel}","templated":true}]}}