{"id":24096,"date":"2019-09-28T07:41:17","date_gmt":"2019-09-28T06:41:17","guid":{"rendered":"https:\/\/blog.myvideomedia.com\/?p=24096"},"modified":"2019-09-28T07:41:30","modified_gmt":"2019-09-28T06:41:30","slug":"ein-kurzbesuch-in-ostende","status":"publish","type":"post","link":"https:\/\/blog.myvideomedia.com\/de\/ein-kurzbesuch-in-ostende\/","title":{"rendered":"Ein Kurzbesuch in Ostende"},"content":{"rendered":"\n<p>Wir kombinieren unseren Aufenthalt in Br\u00fcgge mit einem Kurzbesuch in Ostende. <\/p>\n\n\n\n<p>Die ca. 20 km von Br\u00fcgge nach Ostende fahren wir mit der Bahn. Eine Fahrt dauert ungef\u00e4hr 15 min. Der normale Fahrpreis f\u00fcr eine Hin- und R\u00fcckfahrt betr\u00e4gt \u20ac 8,40, Senioren zahlen \u20ac 6,50. Eine Fahrt mit dem Auto h\u00e4tte sich nicht gelohnt, denn vermutlich w\u00e4ren die Parkgeb\u00fchren schon h\u00f6her gewesen. <\/p>\n\n\n\n<figure class=\"wp-block-image\"><img loading=\"lazy\" decoding=\"async\" width=\"1260\" height=\"841\" src=\"https:\/\/blog.myvideomedia.com\/wp-content\/uploads\/2019\/09\/Bruges-Main-Station-20190502_110923m-1260x841.jpg\" alt=\"Hauptbahnhof Br\u00fcgge\" class=\"wp-image-24064\" srcset=\"https:\/\/blog.myvideomedia.com\/wp-content\/uploads\/2019\/09\/Bruges-Main-Station-20190502_110923m-1260x841.jpg 1260w, https:\/\/blog.myvideomedia.com\/wp-content\/uploads\/2019\/09\/Bruges-Main-Station-20190502_110923m-600x400.jpg 600w, https:\/\/blog.myvideomedia.com\/wp-content\/uploads\/2019\/09\/Bruges-Main-Station-20190502_110923m-768x512.jpg 768w, https:\/\/blog.myvideomedia.com\/wp-content\/uploads\/2019\/09\/Bruges-Main-Station-20190502_110923m.jpg 1304w\" sizes=\"auto, (max-width: 1260px) 100vw, 1260px\" \/><\/figure>\n\n\n\n<p>Der gro\u00dfe und moderne Bahnhof in Br\u00fcgge bietet eine Vielzahl von Gesch\u00e4ften, in denen man sich die Wartezeit vertreiben kann. <\/p>\n\n\n\n<p>Die Bahnfahrt f\u00fchrt durch flache Wiesen, die vermutlich auch \u00dcberschwemmungsgebiet sind.<\/p>\n\n\n\n<figure class=\"wp-block-image\"><img loading=\"lazy\" decoding=\"async\" width=\"1260\" height=\"841\" src=\"https:\/\/blog.myvideomedia.com\/wp-content\/uploads\/2019\/09\/Vol-au-Vent-Ostend_DSC3668-1260x841.jpg\" alt=\"Vol au Vent in Ostende\" class=\"wp-image-24066\" srcset=\"https:\/\/blog.myvideomedia.com\/wp-content\/uploads\/2019\/09\/Vol-au-Vent-Ostend_DSC3668-1260x841.jpg 1260w, https:\/\/blog.myvideomedia.com\/wp-content\/uploads\/2019\/09\/Vol-au-Vent-Ostend_DSC3668-600x400.jpg 600w, https:\/\/blog.myvideomedia.com\/wp-content\/uploads\/2019\/09\/Vol-au-Vent-Ostend_DSC3668-768x512.jpg 768w, https:\/\/blog.myvideomedia.com\/wp-content\/uploads\/2019\/09\/Vol-au-Vent-Ostend_DSC3668.jpg 1304w\" sizes=\"auto, (max-width: 1260px) 100vw, 1260px\" \/><\/figure>\n\n\n\n<p>Beim Erreichen von Ostende bietet sich uns ein Blick auf den Industriehafen, in dem gerade eine schwimmende Plattform f\u00fcr die Errichtung von Windkraftwerken angelegt hat. Es ist das Errichterschiff \u201eVole au Vent\u201c, das urspr\u00fcnglich f\u00fcr Hochtief gebaut und 2015 an die Jan de Nul Group verkauft wurde.<\/p>\n\n\n\n<figure class=\"wp-block-image\"><img loading=\"lazy\" decoding=\"async\" width=\"1260\" height=\"841\" src=\"https:\/\/blog.myvideomedia.com\/wp-content\/uploads\/2019\/09\/Main-Station_DSC3740m-1260x841.jpg\" alt=\"Hauptbahnhof Ostende\" class=\"wp-image-24068\" srcset=\"https:\/\/blog.myvideomedia.com\/wp-content\/uploads\/2019\/09\/Main-Station_DSC3740m-1260x841.jpg 1260w, https:\/\/blog.myvideomedia.com\/wp-content\/uploads\/2019\/09\/Main-Station_DSC3740m-600x400.jpg 600w, https:\/\/blog.myvideomedia.com\/wp-content\/uploads\/2019\/09\/Main-Station_DSC3740m-768x512.jpg 768w, https:\/\/blog.myvideomedia.com\/wp-content\/uploads\/2019\/09\/Main-Station_DSC3740m.jpg 1304w\" sizes=\"auto, (max-width: 1260px) 100vw, 1260px\" \/><\/figure>\n\n\n\n<p>Das Bahnhofsgeb\u00e4ude von Ostende wurde 1907 bis 1913 im Stil der Belle \u00c9poque gebaut.<\/p>\n\n\n\n<figure class=\"wp-block-image\"><img loading=\"lazy\" decoding=\"async\" width=\"1260\" height=\"841\" src=\"https:\/\/blog.myvideomedia.com\/wp-content\/uploads\/2019\/09\/Arrival-Ostend_DSC3652-1260x841.jpg\" alt=\"Ankunft in Ostende\" class=\"wp-image-24070\" srcset=\"https:\/\/blog.myvideomedia.com\/wp-content\/uploads\/2019\/09\/Arrival-Ostend_DSC3652-1260x841.jpg 1260w, https:\/\/blog.myvideomedia.com\/wp-content\/uploads\/2019\/09\/Arrival-Ostend_DSC3652-600x400.jpg 600w, https:\/\/blog.myvideomedia.com\/wp-content\/uploads\/2019\/09\/Arrival-Ostend_DSC3652-768x512.jpg 768w, https:\/\/blog.myvideomedia.com\/wp-content\/uploads\/2019\/09\/Arrival-Ostend_DSC3652.jpg 1304w\" sizes=\"auto, (max-width: 1260px) 100vw, 1260px\" \/><\/figure>\n\n\n\n<p>Vor dem Bahnhof in Ostende beobachten wir ein Segelschiff bei der Einfahrt in den Sporthafen. Dazu m\u00fcssen zwei Klappbr\u00fccken passiert werden<\/p>\n\n\n\n<figure class=\"wp-block-image\"><img loading=\"lazy\" decoding=\"async\" width=\"1260\" height=\"841\" src=\"https:\/\/blog.myvideomedia.com\/wp-content\/uploads\/2019\/09\/Ostend_DSC3671-1260x841.jpg\" alt=\"Fort Napoleon in der Ferne\" class=\"wp-image-24072\" srcset=\"https:\/\/blog.myvideomedia.com\/wp-content\/uploads\/2019\/09\/Ostend_DSC3671-1260x841.jpg 1260w, https:\/\/blog.myvideomedia.com\/wp-content\/uploads\/2019\/09\/Ostend_DSC3671-600x400.jpg 600w, https:\/\/blog.myvideomedia.com\/wp-content\/uploads\/2019\/09\/Ostend_DSC3671-768x512.jpg 768w, https:\/\/blog.myvideomedia.com\/wp-content\/uploads\/2019\/09\/Ostend_DSC3671.jpg 1304w\" sizes=\"auto, (max-width: 1260px) 100vw, 1260px\" \/><\/figure>\n\n\n\n<p>W\u00e4hrend wir am Hafenbecken entlang spazieren, sehen wir in der Ferne das Fort Napoleon, eine Festungsanlage die 1814 vom franz\u00f6sischen Kaiser Napoleon errichtet wurde. Heute ist es ein Museum und Kongresszentrum.<\/p>\n\n\n\n<figure class=\"wp-block-image\"><img loading=\"lazy\" decoding=\"async\" width=\"1260\" height=\"841\" src=\"https:\/\/blog.myvideomedia.com\/wp-content\/uploads\/2019\/09\/Ostend_DSC3741-1260x841.jpg\" alt=\"Ostende\" class=\"wp-image-24074\" srcset=\"https:\/\/blog.myvideomedia.com\/wp-content\/uploads\/2019\/09\/Ostend_DSC3741-1260x841.jpg 1260w, https:\/\/blog.myvideomedia.com\/wp-content\/uploads\/2019\/09\/Ostend_DSC3741-600x400.jpg 600w, https:\/\/blog.myvideomedia.com\/wp-content\/uploads\/2019\/09\/Ostend_DSC3741-768x512.jpg 768w, https:\/\/blog.myvideomedia.com\/wp-content\/uploads\/2019\/09\/Ostend_DSC3741.jpg 1304w\" sizes=\"auto, (max-width: 1260px) 100vw, 1260px\" \/><\/figure>\n\n\n\n<p>In der entgegengesetzten Richtung sehen wir die Sint-Petrus-en-Pauluskerk, ein m\u00e4chtiger gotischer Dom, den wir sp\u00e4ter noch besuchen werden.<\/p>\n\n\n\n<h3 class=\"wp-block-heading\"><a href=\"https:\/\/youtu.be\/7jNwZ_tM_Ok\" target=\"_blank\" rel=\"noreferrer noopener\" aria-label=\"Hier sehen Sie das 4K UHD Video\">Hier sehen Sie das 4K UHD Video<\/a><\/h3>\n\n\n\n<figure> <div class=\"brlbs-cmpnt-container brlbs-cmpnt-content-blocker brlbs-cmpnt-with-individual-styles\" data-borlabs-cookie-content-blocker-id=\"youtube-content-blocker\" data-borlabs-cookie-content=\"PGlmcmFtZSBzcmM9Imh0dHBzOi8vd3d3LnlvdXR1YmUtbm9jb29raWUuY29tL2VtYmVkLzdqTndaX3RNX09rIiB3aWR0aD0iNjAwIiBoZWlnaHQ9IjMzOCI+PC9pZnJhbWU+\"><div class=\"brlbs-cmpnt-cb-preset-c brlbs-cmpnt-cb-youtube\"> <div class=\"brlbs-cmpnt-cb-thumbnail\" style=\"background-image: url('https:\/\/blog.myvideomedia.com\/wp-content\/uploads\/borlabs-cookie\/1\/yt_7jNwZ_tM_Ok_hqdefault.jpg')\"><\/div> <div class=\"brlbs-cmpnt-cb-main\"> <div class=\"brlbs-cmpnt-cb-play-button\"><\/div> <div class=\"brlbs-cmpnt-cb-content\"> <p class=\"brlbs-cmpnt-cb-description\">Sie sehen gerade einen Platzhalterinhalt von <strong>YouTube<\/strong>. Um auf den eigentlichen Inhalt zuzugreifen, klicken Sie auf die Schaltfl\u00e4che unten. Bitte beachten Sie, dass dabei Daten an Drittanbieter weitergegeben werden.<\/p> <a class=\"brlbs-cmpnt-cb-provider-toggle\" href=\"#\" data-borlabs-cookie-show-provider-information role=\"button\">Mehr Informationen<\/a> <\/div> <div class=\"brlbs-cmpnt-cb-buttons\"> <a class=\"brlbs-cmpnt-cb-btn\" href=\"#\" data-borlabs-cookie-unblock role=\"button\">Inhalt entsperren<\/a> <a class=\"brlbs-cmpnt-cb-btn\" href=\"#\" data-borlabs-cookie-accept-service role=\"button\" style=\"display: inherit\">Erforderlichen Service akzeptieren und Inhalte entsperren<\/a> <\/div> <\/div> <\/div><\/div><\/figure>\n\n\n\n<p>Schlie\u00dflich erreichen wir den Sandstrand und sind \u00fcberrascht von dessen Dimensionen.<\/p>\n\n\n\n<figure class=\"wp-block-image\"><img loading=\"lazy\" decoding=\"async\" width=\"1260\" height=\"841\" src=\"https:\/\/blog.myvideomedia.com\/wp-content\/uploads\/2019\/09\/Dog-beach-Ostend_DSC3680-1260x841.jpg\" alt=\"Hundestrand Ostende\" class=\"wp-image-24097\" srcset=\"https:\/\/blog.myvideomedia.com\/wp-content\/uploads\/2019\/09\/Dog-beach-Ostend_DSC3680-1260x841.jpg 1260w, https:\/\/blog.myvideomedia.com\/wp-content\/uploads\/2019\/09\/Dog-beach-Ostend_DSC3680-600x400.jpg 600w, https:\/\/blog.myvideomedia.com\/wp-content\/uploads\/2019\/09\/Dog-beach-Ostend_DSC3680-768x512.jpg 768w, https:\/\/blog.myvideomedia.com\/wp-content\/uploads\/2019\/09\/Dog-beach-Ostend_DSC3680.jpg 1304w\" sizes=\"auto, (max-width: 1260px) 100vw, 1260px\" \/><\/figure>\n\n\n\n<p>Es gibt sogar einen eigenen Hundestrand.<\/p>\n\n\n\n<figure class=\"wp-block-image\"><img loading=\"lazy\" decoding=\"async\" width=\"1260\" height=\"841\" src=\"https:\/\/blog.myvideomedia.com\/wp-content\/uploads\/2019\/09\/Street-art-Ostend_DSC3694m-1260x841.jpg\" alt=\"Rock Strangers von Arne Quinze\" class=\"wp-image-24078\" srcset=\"https:\/\/blog.myvideomedia.com\/wp-content\/uploads\/2019\/09\/Street-art-Ostend_DSC3694m-1260x841.jpg 1260w, https:\/\/blog.myvideomedia.com\/wp-content\/uploads\/2019\/09\/Street-art-Ostend_DSC3694m-600x400.jpg 600w, https:\/\/blog.myvideomedia.com\/wp-content\/uploads\/2019\/09\/Street-art-Ostend_DSC3694m-768x512.jpg 768w, https:\/\/blog.myvideomedia.com\/wp-content\/uploads\/2019\/09\/Street-art-Ostend_DSC3694m.jpg 1304w\" sizes=\"auto, (max-width: 1260px) 100vw, 1260px\" \/><\/figure>\n\n\n\n<p>Direkt an der Hafeneinfahrt wurde auf dem Zeeheldenplein, einer riesigen Flanierpromenade entlang des Sandstrandes, das Kunstwerk Rock Strangers von Arne Quinze aufgestellt. <\/p>\n\n\n\n<figure class=\"wp-block-image\"><img loading=\"lazy\" decoding=\"async\" width=\"1260\" height=\"841\" src=\"https:\/\/blog.myvideomedia.com\/wp-content\/uploads\/2019\/09\/Casino-Kursaal-Ostende_DSC3703-1260x841.jpg\" alt=\"Casino Kursaal\" class=\"wp-image-24080\" srcset=\"https:\/\/blog.myvideomedia.com\/wp-content\/uploads\/2019\/09\/Casino-Kursaal-Ostende_DSC3703-1260x841.jpg 1260w, https:\/\/blog.myvideomedia.com\/wp-content\/uploads\/2019\/09\/Casino-Kursaal-Ostende_DSC3703-600x400.jpg 600w, https:\/\/blog.myvideomedia.com\/wp-content\/uploads\/2019\/09\/Casino-Kursaal-Ostende_DSC3703-768x512.jpg 768w, https:\/\/blog.myvideomedia.com\/wp-content\/uploads\/2019\/09\/Casino-Kursaal-Ostende_DSC3703.jpg 1304w\" sizes=\"auto, (max-width: 1260px) 100vw, 1260px\" \/><\/figure>\n\n\n\n<p>Wir gehen ca. 600 m weiter zum Casino und Kursaal, wo wir in die Leopold II-Laan abbiegen. Gegen\u00fcber dem Leopoldpark befindet sich das Cultuurcentrum De Grote Post. <\/p>\n\n\n\n<figure class=\"wp-block-image\"><img loading=\"lazy\" decoding=\"async\" width=\"1260\" height=\"841\" src=\"https:\/\/blog.myvideomedia.com\/wp-content\/uploads\/2019\/09\/Post-office-ostend_DSC3711m-1260x841.jpg\" alt=\"Postamt\" class=\"wp-image-24082\" srcset=\"https:\/\/blog.myvideomedia.com\/wp-content\/uploads\/2019\/09\/Post-office-ostend_DSC3711m-1260x841.jpg 1260w, https:\/\/blog.myvideomedia.com\/wp-content\/uploads\/2019\/09\/Post-office-ostend_DSC3711m-600x400.jpg 600w, https:\/\/blog.myvideomedia.com\/wp-content\/uploads\/2019\/09\/Post-office-ostend_DSC3711m-768x512.jpg 768w, https:\/\/blog.myvideomedia.com\/wp-content\/uploads\/2019\/09\/Post-office-ostend_DSC3711m.jpg 1304w\" sizes=\"auto, (max-width: 1260px) 100vw, 1260px\" \/><\/figure>\n\n\n\n<p>Wieder biegen wir ab in die Jozef II-straat, wo wir wieder auf die Sint-Petrus-en-Pauluskerk sto\u00dfen. Zuvor \u00fcberqueren wir die Kapellestraat, die Fu\u00dfg\u00e4ngerzone von Ostende mit vielen Einkaufsm\u00f6glichkeiten.<\/p>\n\n\n\n<figure class=\"wp-block-image\"><img loading=\"lazy\" decoding=\"async\" width=\"1260\" height=\"841\" src=\"https:\/\/blog.myvideomedia.com\/wp-content\/uploads\/2019\/09\/Memorial-Church_DSC3720-1260x841.jpg\" alt=\"Sint-Petrus-en-Pauluskerk\" class=\"wp-image-24084\" srcset=\"https:\/\/blog.myvideomedia.com\/wp-content\/uploads\/2019\/09\/Memorial-Church_DSC3720-1260x841.jpg 1260w, https:\/\/blog.myvideomedia.com\/wp-content\/uploads\/2019\/09\/Memorial-Church_DSC3720-600x400.jpg 600w, https:\/\/blog.myvideomedia.com\/wp-content\/uploads\/2019\/09\/Memorial-Church_DSC3720-768x512.jpg 768w, https:\/\/blog.myvideomedia.com\/wp-content\/uploads\/2019\/09\/Memorial-Church_DSC3720.jpg 1304w\" sizes=\"auto, (max-width: 1260px) 100vw, 1260px\" \/><\/figure>\n\n\n\n<p>Die  Sint-Petrus-en-Pauluskerk wurde von 1899 bis 1908 mit Unterst\u00fctzung von K\u00f6nig Leopold II. errichtet. Der Architekt Louis Delacenserie lehnte seinen Entwurf an den K\u00f6lner Dom und die Votivkirche in Wien an. Die Kirche ist 70 m lang und 30 m breit. Die T\u00fcrme sind 72 m hoch.<\/p>\n\n\n\n<figure class=\"wp-block-image\"><img loading=\"lazy\" decoding=\"async\" width=\"1260\" height=\"841\" src=\"https:\/\/blog.myvideomedia.com\/wp-content\/uploads\/2019\/09\/Church-of-Saint-Peter-and-Saint-Paul_DSC3726-1260x841.jpg\" alt=\"Im Inneren der Sint-Petrus-en-Pauluskerk\" class=\"wp-image-24086\" srcset=\"https:\/\/blog.myvideomedia.com\/wp-content\/uploads\/2019\/09\/Church-of-Saint-Peter-and-Saint-Paul_DSC3726-1260x841.jpg 1260w, https:\/\/blog.myvideomedia.com\/wp-content\/uploads\/2019\/09\/Church-of-Saint-Peter-and-Saint-Paul_DSC3726-600x400.jpg 600w, https:\/\/blog.myvideomedia.com\/wp-content\/uploads\/2019\/09\/Church-of-Saint-Peter-and-Saint-Paul_DSC3726-768x512.jpg 768w, https:\/\/blog.myvideomedia.com\/wp-content\/uploads\/2019\/09\/Church-of-Saint-Peter-and-Saint-Paul_DSC3726.jpg 1304w\" sizes=\"auto, (max-width: 1260px) 100vw, 1260px\" \/><\/figure>\n\n\n\n<p>Wir befinden uns nun wieder unmittelbar am Bahnhof und fahren zur\u00fcck nach Br\u00fcgge.<\/p>\n\n\n\n<figure class=\"wp-block-image\"><img loading=\"lazy\" decoding=\"async\" width=\"1260\" height=\"841\" src=\"https:\/\/blog.myvideomedia.com\/wp-content\/uploads\/2019\/09\/Train-Bruges-Ostend-20190502_124732m-1260x841.jpg\" alt=\"Im Zug von Ostende nacj Br\u00fcgge\" class=\"wp-image-24088\" srcset=\"https:\/\/blog.myvideomedia.com\/wp-content\/uploads\/2019\/09\/Train-Bruges-Ostend-20190502_124732m-1260x841.jpg 1260w, https:\/\/blog.myvideomedia.com\/wp-content\/uploads\/2019\/09\/Train-Bruges-Ostend-20190502_124732m-600x400.jpg 600w, https:\/\/blog.myvideomedia.com\/wp-content\/uploads\/2019\/09\/Train-Bruges-Ostend-20190502_124732m-768x512.jpg 768w, https:\/\/blog.myvideomedia.com\/wp-content\/uploads\/2019\/09\/Train-Bruges-Ostend-20190502_124732m.jpg 1304w\" sizes=\"auto, (max-width: 1260px) 100vw, 1260px\" \/><\/figure>\n\n\n\n<h2 class=\"wp-block-heading\">Pin it &#8211; f\u00fcr sp\u00e4ter merken<\/h2>\n\n\n\n<figure class=\"wp-block-image\"><img decoding=\"async\" src=\"https:\/\/blog.myvideomedia.com\/wp-content\/uploads\/2019\/09\/Pin-Ostende-Kurzbesuch-mit-dem-Zug.jpg\" alt=\" Ostende Kurzbesuch mit dem Zug\" class=\"wp-image-24099\"\/><\/figure>\n\n\n\n<p>Text, Fotos und Video: Copyright \u00a9 <a href=\"https:\/\/www.myvideomedia.de\" target=\"_blank\" rel=\"noreferrer noopener\" aria-label=\"myVideoMedia (oeffnet in neuem tab)\">myVideoMedia<\/a><\/p>\n\n\n\n<p><em>Soundtracks im Video:<\/em><\/p>\n\n\n\n<ul class=\"wp-block-list\"><li><em>On the sea by unreal_dm (c) copyright 2014  Licensed under a Creative Commons Attribution Noncommercial  (3.0) license.  <\/em><a rel=\"noreferrer noopener\" aria-label=\"http:\/\/dig.ccmixter.org\/files\/unreal_dm\/45042 (opens in a new tab)\" href=\"http:\/\/dig.ccmixter.org\/files\/unreal_dm\/45042\" target=\"_blank\"><em>http:\/\/dig.ccmixter.org\/files\/unreal_dm\/45042<\/em><\/a><em> Ft: diaphane<\/em><\/li><li><em>Fishes in the Sea by Clarence Simpson (c) copyright 2011  Licensed under a Creative Commons Attribution Noncommercial  (3.0) license.  <\/em><a rel=\"noreferrer noopener\" aria-label=\"http:\/\/dig.ccmixter.org\/files\/casimps1\/32480 (opens in a new tab)\" href=\"http:\/\/dig.ccmixter.org\/files\/casimps1\/32480\" target=\"_blank\"><em>http:\/\/dig.ccmixter.org\/files\/casimps1\/32480<\/em><\/a><em> Ft: Scomber, Jeris<\/em><\/li><\/ul>\n","protected":false},"excerpt":{"rendered":"<p>Wir kombinieren unseren Aufenthalt in Br\u00fcgge mit einem Kurzbesuch in Ostende. Die ca. 20 km von Br\u00fcgge nach Ostende fahren wir mit der Bahn. Eine Fahrt dauert ungef\u00e4hr 15 min. Der normale Fahrpreis f\u00fcr eine Hin- und R\u00fcckfahrt betr\u00e4gt \u20ac 8,40, Senioren zahlen \u20ac 6,50. Eine Fahrt mit dem Auto h\u00e4tte sich nicht gelohnt, denn [&hellip;]<\/p>\n","protected":false},"author":1,"featured_media":24091,"comment_status":"open","ping_status":"closed","sticky":false,"template":"","format":"standard","meta":{"_genesis_hide_title":false,"_genesis_hide_breadcrumbs":false,"_genesis_hide_singular_image":false,"_genesis_hide_footer_widgets":false,"_genesis_custom_body_class":"","_genesis_custom_post_class":"","_genesis_layout":"","footnotes":""},"categories":[499,1175],"tags":[453,669],"class_list":{"0":"post-24096","1":"post","2":"type-post","3":"status-publish","4":"format-standard","5":"has-post-thumbnail","7":"category-belgien","8":"category-flandern","9":"tag-stadt","10":"tag-zugfahrt","11":"entry"},"yoast_head":"<!-- This site is optimized with the Yoast SEO plugin v27.4 - https:\/\/yoast.com\/product\/yoast-seo-wordpress\/ -->\n<title>Ein Kurzbesuch in Ostende - BelgienReise Video Blog<\/title>\n<meta name=\"description\" content=\"Wir kombinieren unseren Aufenthalt in Br\u00fcgge mit einem Kurzbesuch in Ostende. Die ca. 20 km von Br\u00fcgge nach Ostende fahren wir mit der Bahn.\" \/>\n<meta name=\"robots\" content=\"index, follow, max-snippet:-1, max-image-preview:large, max-video-preview:-1\" \/>\n<link rel=\"canonical\" href=\"https:\/\/blog.myvideomedia.com\/de\/ein-kurzbesuch-in-ostende\/\" \/>\n<meta property=\"og:locale\" content=\"de_DE\" \/>\n<meta property=\"og:type\" content=\"article\" \/>\n<meta property=\"og:title\" content=\"Ein Kurzbesuch in Ostende - BelgienReise Video Blog\" \/>\n<meta property=\"og:description\" content=\"Wir kombinieren unseren Aufenthalt in Br\u00fcgge mit einem Kurzbesuch in Ostende. Die ca. 20 km von Br\u00fcgge nach Ostende fahren wir mit der Bahn.\" \/>\n<meta property=\"og:url\" content=\"https:\/\/blog.myvideomedia.com\/de\/ein-kurzbesuch-in-ostende\/\" \/>\n<meta property=\"og:site_name\" content=\"Reise Video Blog\" \/>\n<meta property=\"article:publisher\" content=\"https:\/\/www.facebook.com\/ursula.streit.520\" \/>\n<meta property=\"article:author\" content=\"https:\/\/www.facebook.com\/ursula.streit.520\" \/>\n<meta property=\"article:published_time\" content=\"2019-09-28T06:41:17+00:00\" \/>\n<meta property=\"article:modified_time\" content=\"2019-09-28T06:41:30+00:00\" \/>\n<meta property=\"og:image\" content=\"https:\/\/blog.myvideomedia.com\/wp-content\/uploads\/2019\/09\/cropped-Arrival-Ostend_DSC3652.jpg\" \/>\n\t<meta property=\"og:image:width\" content=\"1304\" \/>\n\t<meta property=\"og:image:height\" content=\"734\" \/>\n\t<meta property=\"og:image:type\" content=\"image\/jpeg\" \/>\n<meta name=\"author\" content=\"myVideoMedia\" \/>\n<meta name=\"twitter:card\" content=\"summary_large_image\" \/>\n<meta name=\"twitter:creator\" content=\"@myvideomedia\" \/>\n<meta name=\"twitter:site\" content=\"@myvideomedia\" \/>\n<meta name=\"twitter:label1\" content=\"Verfasst von\" \/>\n\t<meta name=\"twitter:data1\" content=\"myVideoMedia\" \/>\n\t<meta name=\"twitter:label2\" content=\"Gesch\u00e4tzte Lesezeit\" \/>\n\t<meta name=\"twitter:data2\" content=\"2\u00a0Minuten\" \/>\n<script type=\"application\/ld+json\" class=\"yoast-schema-graph\">{\"@context\":\"https:\\\/\\\/schema.org\",\"@graph\":[{\"@type\":\"Article\",\"@id\":\"https:\\\/\\\/blog.myvideomedia.com\\\/de\\\/ein-kurzbesuch-in-ostende\\\/#article\",\"isPartOf\":{\"@id\":\"https:\\\/\\\/blog.myvideomedia.com\\\/de\\\/ein-kurzbesuch-in-ostende\\\/\"},\"author\":{\"name\":\"myVideoMedia\",\"@id\":\"https:\\\/\\\/blog.myvideomedia.com\\\/de\\\/#\\\/schema\\\/person\\\/87be8fbbed69b1562242448c1c3dcbec\"},\"headline\":\"Ein Kurzbesuch in Ostende\",\"datePublished\":\"2019-09-28T06:41:17+00:00\",\"dateModified\":\"2019-09-28T06:41:30+00:00\",\"mainEntityOfPage\":{\"@id\":\"https:\\\/\\\/blog.myvideomedia.com\\\/de\\\/ein-kurzbesuch-in-ostende\\\/\"},\"wordCount\":476,\"commentCount\":2,\"publisher\":{\"@id\":\"https:\\\/\\\/blog.myvideomedia.com\\\/de\\\/#\\\/schema\\\/person\\\/87be8fbbed69b1562242448c1c3dcbec\"},\"image\":{\"@id\":\"https:\\\/\\\/blog.myvideomedia.com\\\/de\\\/ein-kurzbesuch-in-ostende\\\/#primaryimage\"},\"thumbnailUrl\":\"https:\\\/\\\/blog.myvideomedia.com\\\/wp-content\\\/uploads\\\/2019\\\/09\\\/cropped-Arrival-Ostend_DSC3652.jpg\",\"keywords\":[\"Stadt\",\"Zugfahrt\"],\"articleSection\":[\"Belgien\",\"Flandern\"],\"inLanguage\":\"de\",\"potentialAction\":[{\"@type\":\"CommentAction\",\"name\":\"Comment\",\"target\":[\"https:\\\/\\\/blog.myvideomedia.com\\\/de\\\/ein-kurzbesuch-in-ostende\\\/#respond\"]}]},{\"@type\":\"WebPage\",\"@id\":\"https:\\\/\\\/blog.myvideomedia.com\\\/de\\\/ein-kurzbesuch-in-ostende\\\/\",\"url\":\"https:\\\/\\\/blog.myvideomedia.com\\\/de\\\/ein-kurzbesuch-in-ostende\\\/\",\"name\":\"Ein Kurzbesuch in Ostende - BelgienReise Video Blog\",\"isPartOf\":{\"@id\":\"https:\\\/\\\/blog.myvideomedia.com\\\/de\\\/#website\"},\"primaryImageOfPage\":{\"@id\":\"https:\\\/\\\/blog.myvideomedia.com\\\/de\\\/ein-kurzbesuch-in-ostende\\\/#primaryimage\"},\"image\":{\"@id\":\"https:\\\/\\\/blog.myvideomedia.com\\\/de\\\/ein-kurzbesuch-in-ostende\\\/#primaryimage\"},\"thumbnailUrl\":\"https:\\\/\\\/blog.myvideomedia.com\\\/wp-content\\\/uploads\\\/2019\\\/09\\\/cropped-Arrival-Ostend_DSC3652.jpg\",\"datePublished\":\"2019-09-28T06:41:17+00:00\",\"dateModified\":\"2019-09-28T06:41:30+00:00\",\"description\":\"Wir kombinieren unseren Aufenthalt in Br\u00fcgge mit einem Kurzbesuch in Ostende. Die ca. 20 km von Br\u00fcgge nach Ostende fahren wir mit der Bahn.\",\"breadcrumb\":{\"@id\":\"https:\\\/\\\/blog.myvideomedia.com\\\/de\\\/ein-kurzbesuch-in-ostende\\\/#breadcrumb\"},\"inLanguage\":\"de\",\"potentialAction\":[{\"@type\":\"ReadAction\",\"target\":[\"https:\\\/\\\/blog.myvideomedia.com\\\/de\\\/ein-kurzbesuch-in-ostende\\\/\"]}]},{\"@type\":\"ImageObject\",\"inLanguage\":\"de\",\"@id\":\"https:\\\/\\\/blog.myvideomedia.com\\\/de\\\/ein-kurzbesuch-in-ostende\\\/#primaryimage\",\"url\":\"https:\\\/\\\/blog.myvideomedia.com\\\/wp-content\\\/uploads\\\/2019\\\/09\\\/cropped-Arrival-Ostend_DSC3652.jpg\",\"contentUrl\":\"https:\\\/\\\/blog.myvideomedia.com\\\/wp-content\\\/uploads\\\/2019\\\/09\\\/cropped-Arrival-Ostend_DSC3652.jpg\",\"width\":1304,\"height\":734},{\"@type\":\"BreadcrumbList\",\"@id\":\"https:\\\/\\\/blog.myvideomedia.com\\\/de\\\/ein-kurzbesuch-in-ostende\\\/#breadcrumb\",\"itemListElement\":[{\"@type\":\"ListItem\",\"position\":1,\"name\":\"Home\",\"item\":\"https:\\\/\\\/blog.myvideomedia.com\\\/de\\\/\"},{\"@type\":\"ListItem\",\"position\":2,\"name\":\"Ein Kurzbesuch in Ostende\"}]},{\"@type\":\"WebSite\",\"@id\":\"https:\\\/\\\/blog.myvideomedia.com\\\/de\\\/#website\",\"url\":\"https:\\\/\\\/blog.myvideomedia.com\\\/de\\\/\",\"name\":\"Travel Video Blog\",\"description\":\"myVideoMedia Reisetipps und Reisevideos\",\"publisher\":{\"@id\":\"https:\\\/\\\/blog.myvideomedia.com\\\/de\\\/#\\\/schema\\\/person\\\/87be8fbbed69b1562242448c1c3dcbec\"},\"potentialAction\":[{\"@type\":\"SearchAction\",\"target\":{\"@type\":\"EntryPoint\",\"urlTemplate\":\"https:\\\/\\\/blog.myvideomedia.com\\\/de\\\/?s={search_term_string}\"},\"query-input\":{\"@type\":\"PropertyValueSpecification\",\"valueRequired\":true,\"valueName\":\"search_term_string\"}}],\"inLanguage\":\"de\"},{\"@type\":[\"Person\",\"Organization\"],\"@id\":\"https:\\\/\\\/blog.myvideomedia.com\\\/de\\\/#\\\/schema\\\/person\\\/87be8fbbed69b1562242448c1c3dcbec\",\"name\":\"myVideoMedia\",\"image\":{\"@type\":\"ImageObject\",\"inLanguage\":\"de\",\"@id\":\"https:\\\/\\\/secure.gravatar.com\\\/avatar\\\/460720160715ef8975b781abd1b6985e55ce2f01567bb6757bebd73e7cf74c97?s=96&d=mm&r=g\",\"url\":\"https:\\\/\\\/secure.gravatar.com\\\/avatar\\\/460720160715ef8975b781abd1b6985e55ce2f01567bb6757bebd73e7cf74c97?s=96&d=mm&r=g\",\"contentUrl\":\"https:\\\/\\\/secure.gravatar.com\\\/avatar\\\/460720160715ef8975b781abd1b6985e55ce2f01567bb6757bebd73e7cf74c97?s=96&d=mm&r=g\",\"caption\":\"myVideoMedia\"},\"logo\":{\"@id\":\"https:\\\/\\\/secure.gravatar.com\\\/avatar\\\/460720160715ef8975b781abd1b6985e55ce2f01567bb6757bebd73e7cf74c97?s=96&d=mm&r=g\"},\"description\":\"\\\"The World is a book, and those who do not travel read only a page\\\" - Aurelius Augustinus (354 - 430 AD) Travel is our passion. With our posts and videos we like to inspire people who are planning or preparing for holidays as well as people who simply want to escape from everyday life and dream of faraway countries.\",\"sameAs\":[\"https:\\\/\\\/www.myvideomedia.com\",\"https:\\\/\\\/www.facebook.com\\\/ursula.streit.520\"],\"url\":\"https:\\\/\\\/blog.myvideomedia.com\\\/de\\\/author\\\/traveladm\\\/\"}]}<\/script>\n<!-- \/ Yoast SEO plugin. -->","yoast_head_json":{"title":"Ein Kurzbesuch in Ostende - BelgienReise Video Blog","description":"Wir kombinieren unseren Aufenthalt in Br\u00fcgge mit einem Kurzbesuch in Ostende. Die ca. 20 km von Br\u00fcgge nach Ostende fahren wir mit der Bahn.","robots":{"index":"index","follow":"follow","max-snippet":"max-snippet:-1","max-image-preview":"max-image-preview:large","max-video-preview":"max-video-preview:-1"},"canonical":"https:\/\/blog.myvideomedia.com\/de\/ein-kurzbesuch-in-ostende\/","og_locale":"de_DE","og_type":"article","og_title":"Ein Kurzbesuch in Ostende - BelgienReise Video Blog","og_description":"Wir kombinieren unseren Aufenthalt in Br\u00fcgge mit einem Kurzbesuch in Ostende. Die ca. 20 km von Br\u00fcgge nach Ostende fahren wir mit der Bahn.","og_url":"https:\/\/blog.myvideomedia.com\/de\/ein-kurzbesuch-in-ostende\/","og_site_name":"Reise Video Blog","article_publisher":"https:\/\/www.facebook.com\/ursula.streit.520","article_author":"https:\/\/www.facebook.com\/ursula.streit.520","article_published_time":"2019-09-28T06:41:17+00:00","article_modified_time":"2019-09-28T06:41:30+00:00","og_image":[{"width":1304,"height":734,"url":"https:\/\/blog.myvideomedia.com\/wp-content\/uploads\/2019\/09\/cropped-Arrival-Ostend_DSC3652.jpg","type":"image\/jpeg"}],"author":"myVideoMedia","twitter_card":"summary_large_image","twitter_creator":"@myvideomedia","twitter_site":"@myvideomedia","twitter_misc":{"Verfasst von":"myVideoMedia","Gesch\u00e4tzte Lesezeit":"2\u00a0Minuten"},"schema":{"@context":"https:\/\/schema.org","@graph":[{"@type":"Article","@id":"https:\/\/blog.myvideomedia.com\/de\/ein-kurzbesuch-in-ostende\/#article","isPartOf":{"@id":"https:\/\/blog.myvideomedia.com\/de\/ein-kurzbesuch-in-ostende\/"},"author":{"name":"myVideoMedia","@id":"https:\/\/blog.myvideomedia.com\/de\/#\/schema\/person\/87be8fbbed69b1562242448c1c3dcbec"},"headline":"Ein Kurzbesuch in Ostende","datePublished":"2019-09-28T06:41:17+00:00","dateModified":"2019-09-28T06:41:30+00:00","mainEntityOfPage":{"@id":"https:\/\/blog.myvideomedia.com\/de\/ein-kurzbesuch-in-ostende\/"},"wordCount":476,"commentCount":2,"publisher":{"@id":"https:\/\/blog.myvideomedia.com\/de\/#\/schema\/person\/87be8fbbed69b1562242448c1c3dcbec"},"image":{"@id":"https:\/\/blog.myvideomedia.com\/de\/ein-kurzbesuch-in-ostende\/#primaryimage"},"thumbnailUrl":"https:\/\/blog.myvideomedia.com\/wp-content\/uploads\/2019\/09\/cropped-Arrival-Ostend_DSC3652.jpg","keywords":["Stadt","Zugfahrt"],"articleSection":["Belgien","Flandern"],"inLanguage":"de","potentialAction":[{"@type":"CommentAction","name":"Comment","target":["https:\/\/blog.myvideomedia.com\/de\/ein-kurzbesuch-in-ostende\/#respond"]}]},{"@type":"WebPage","@id":"https:\/\/blog.myvideomedia.com\/de\/ein-kurzbesuch-in-ostende\/","url":"https:\/\/blog.myvideomedia.com\/de\/ein-kurzbesuch-in-ostende\/","name":"Ein Kurzbesuch in Ostende - BelgienReise Video Blog","isPartOf":{"@id":"https:\/\/blog.myvideomedia.com\/de\/#website"},"primaryImageOfPage":{"@id":"https:\/\/blog.myvideomedia.com\/de\/ein-kurzbesuch-in-ostende\/#primaryimage"},"image":{"@id":"https:\/\/blog.myvideomedia.com\/de\/ein-kurzbesuch-in-ostende\/#primaryimage"},"thumbnailUrl":"https:\/\/blog.myvideomedia.com\/wp-content\/uploads\/2019\/09\/cropped-Arrival-Ostend_DSC3652.jpg","datePublished":"2019-09-28T06:41:17+00:00","dateModified":"2019-09-28T06:41:30+00:00","description":"Wir kombinieren unseren Aufenthalt in Br\u00fcgge mit einem Kurzbesuch in Ostende. Die ca. 20 km von Br\u00fcgge nach Ostende fahren wir mit der Bahn.","breadcrumb":{"@id":"https:\/\/blog.myvideomedia.com\/de\/ein-kurzbesuch-in-ostende\/#breadcrumb"},"inLanguage":"de","potentialAction":[{"@type":"ReadAction","target":["https:\/\/blog.myvideomedia.com\/de\/ein-kurzbesuch-in-ostende\/"]}]},{"@type":"ImageObject","inLanguage":"de","@id":"https:\/\/blog.myvideomedia.com\/de\/ein-kurzbesuch-in-ostende\/#primaryimage","url":"https:\/\/blog.myvideomedia.com\/wp-content\/uploads\/2019\/09\/cropped-Arrival-Ostend_DSC3652.jpg","contentUrl":"https:\/\/blog.myvideomedia.com\/wp-content\/uploads\/2019\/09\/cropped-Arrival-Ostend_DSC3652.jpg","width":1304,"height":734},{"@type":"BreadcrumbList","@id":"https:\/\/blog.myvideomedia.com\/de\/ein-kurzbesuch-in-ostende\/#breadcrumb","itemListElement":[{"@type":"ListItem","position":1,"name":"Home","item":"https:\/\/blog.myvideomedia.com\/de\/"},{"@type":"ListItem","position":2,"name":"Ein Kurzbesuch in Ostende"}]},{"@type":"WebSite","@id":"https:\/\/blog.myvideomedia.com\/de\/#website","url":"https:\/\/blog.myvideomedia.com\/de\/","name":"Travel Video Blog","description":"myVideoMedia Reisetipps und Reisevideos","publisher":{"@id":"https:\/\/blog.myvideomedia.com\/de\/#\/schema\/person\/87be8fbbed69b1562242448c1c3dcbec"},"potentialAction":[{"@type":"SearchAction","target":{"@type":"EntryPoint","urlTemplate":"https:\/\/blog.myvideomedia.com\/de\/?s={search_term_string}"},"query-input":{"@type":"PropertyValueSpecification","valueRequired":true,"valueName":"search_term_string"}}],"inLanguage":"de"},{"@type":["Person","Organization"],"@id":"https:\/\/blog.myvideomedia.com\/de\/#\/schema\/person\/87be8fbbed69b1562242448c1c3dcbec","name":"myVideoMedia","image":{"@type":"ImageObject","inLanguage":"de","@id":"https:\/\/secure.gravatar.com\/avatar\/460720160715ef8975b781abd1b6985e55ce2f01567bb6757bebd73e7cf74c97?s=96&d=mm&r=g","url":"https:\/\/secure.gravatar.com\/avatar\/460720160715ef8975b781abd1b6985e55ce2f01567bb6757bebd73e7cf74c97?s=96&d=mm&r=g","contentUrl":"https:\/\/secure.gravatar.com\/avatar\/460720160715ef8975b781abd1b6985e55ce2f01567bb6757bebd73e7cf74c97?s=96&d=mm&r=g","caption":"myVideoMedia"},"logo":{"@id":"https:\/\/secure.gravatar.com\/avatar\/460720160715ef8975b781abd1b6985e55ce2f01567bb6757bebd73e7cf74c97?s=96&d=mm&r=g"},"description":"\"The World is a book, and those who do not travel read only a page\" - Aurelius Augustinus (354 - 430 AD) Travel is our passion. With our posts and videos we like to inspire people who are planning or preparing for holidays as well as people who simply want to escape from everyday life and dream of faraway countries.","sameAs":["https:\/\/www.myvideomedia.com","https:\/\/www.facebook.com\/ursula.streit.520"],"url":"https:\/\/blog.myvideomedia.com\/de\/author\/traveladm\/"}]}},"featured_image_src":"https:\/\/blog.myvideomedia.com\/wp-content\/uploads\/2019\/09\/cropped-Arrival-Ostend_DSC3652.jpg","featured_image_src_square":"https:\/\/blog.myvideomedia.com\/wp-content\/uploads\/2019\/09\/cropped-Arrival-Ostend_DSC3652.jpg","author_info":{"display_name":"myVideoMedia","author_link":"https:\/\/blog.myvideomedia.com\/de\/author\/traveladm\/"},"_links":{"self":[{"href":"https:\/\/blog.myvideomedia.com\/de\/wp-json\/wp\/v2\/posts\/24096","targetHints":{"allow":["GET"]}}],"collection":[{"href":"https:\/\/blog.myvideomedia.com\/de\/wp-json\/wp\/v2\/posts"}],"about":[{"href":"https:\/\/blog.myvideomedia.com\/de\/wp-json\/wp\/v2\/types\/post"}],"author":[{"embeddable":true,"href":"https:\/\/blog.myvideomedia.com\/de\/wp-json\/wp\/v2\/users\/1"}],"replies":[{"embeddable":true,"href":"https:\/\/blog.myvideomedia.com\/de\/wp-json\/wp\/v2\/comments?post=24096"}],"version-history":[{"count":0,"href":"https:\/\/blog.myvideomedia.com\/de\/wp-json\/wp\/v2\/posts\/24096\/revisions"}],"wp:featuredmedia":[{"embeddable":true,"href":"https:\/\/blog.myvideomedia.com\/de\/wp-json\/wp\/v2\/media\/24091"}],"wp:attachment":[{"href":"https:\/\/blog.myvideomedia.com\/de\/wp-json\/wp\/v2\/media?parent=24096"}],"wp:term":[{"taxonomy":"category","embeddable":true,"href":"https:\/\/blog.myvideomedia.com\/de\/wp-json\/wp\/v2\/categories?post=24096"},{"taxonomy":"post_tag","embeddable":true,"href":"https:\/\/blog.myvideomedia.com\/de\/wp-json\/wp\/v2\/tags?post=24096"}],"curies":[{"name":"wp","href":"https:\/\/api.w.org\/{rel}","templated":true}]}}