{"id":24180,"date":"2019-10-04T07:48:43","date_gmt":"2019-10-04T06:48:43","guid":{"rendered":"https:\/\/blog.myvideomedia.com\/?p=24180"},"modified":"2025-06-05T14:47:52","modified_gmt":"2025-06-05T13:47:52","slug":"chambreplus-kriski-in-gent","status":"publish","type":"post","link":"https:\/\/blog.myvideomedia.com\/de\/chambreplus-kriski-in-gent\/","title":{"rendered":"Chambreplus Kriski in Gent"},"content":{"rendered":"\n<p>Die zentrale Lage des Chambreplus Kriski in Gent war die Hauptmotivation f\u00fcr unsere Buchung. Es liegt in der Fu\u00dfg\u00e4ngerzone unweit vom Stadthuis, dem Rathaus. Als wir vor dem Haus stehen sehen wir jedoch nur das Reiseb\u00fcro Kriski. <\/p>\n\n\n\n<figure class=\"wp-block-image\"><img loading=\"lazy\" decoding=\"async\" width=\"1260\" height=\"841\" src=\"https:\/\/blog.myvideomedia.com\/wp-content\/uploads\/2019\/10\/Entrance-Chambreplus_DSC3919-1260x841.jpg\" alt=\"Eingang Chambreplus Kriski\" class=\"wp-image-24168\" srcset=\"https:\/\/blog.myvideomedia.com\/wp-content\/uploads\/2019\/10\/Entrance-Chambreplus_DSC3919-1260x841.jpg 1260w, https:\/\/blog.myvideomedia.com\/wp-content\/uploads\/2019\/10\/Entrance-Chambreplus_DSC3919-600x400.jpg 600w, https:\/\/blog.myvideomedia.com\/wp-content\/uploads\/2019\/10\/Entrance-Chambreplus_DSC3919-768x512.jpg 768w, https:\/\/blog.myvideomedia.com\/wp-content\/uploads\/2019\/10\/Entrance-Chambreplus_DSC3919.jpg 1280w\" sizes=\"auto, (max-width: 1260px) 100vw, 1260px\" \/><\/figure>\n\n\n\n<p>Rasch stellt sich aber heraus, dass der Leiter des Reiseb\u00fcros auch der Betreiber des Chambreplus ist. Links neben dem Reiseb\u00fcro gibt es noch eine T\u00fcr, die in einen schmalen Gang f\u00fchrt, von dem eine Wendeltreppe in die oberen Stockwerke abzweigt.<\/p>\n\n\n\n<p>An der h\u00f6chsten Stelle erwartet uns das Appartement Sultan. Mit gr\u00f6\u00dferen Gep\u00e4ckst\u00fccken kann es schon etwas komplizierter sein,die Wendeltreppe zu passieren. <\/p>\n\n\n\n<p><a aria-label=\"Hier sehen Sie das 4K UHD Video (oeffnet in neuem Tab)\" href=\"https:\/\/youtu.be\/N1d9oPPbjb8\" target=\"_blank\" rel=\"noreferrer noopener\">Hier sehen Sie das 4K UHD Video<\/a> <\/p>\n\n\n\n<figure> <div class=\"brlbs-cmpnt-container brlbs-cmpnt-content-blocker brlbs-cmpnt-with-individual-styles\" data-borlabs-cookie-content-blocker-id=\"youtube-content-blocker\" data-borlabs-cookie-content=\"PGlmcmFtZSBzcmM9Imh0dHBzOi8vd3d3LnlvdXR1YmUtbm9jb29raWUuY29tL2VtYmVkL04xZDlvUFBiamI4IiB3aWR0aD0iNjAwIiBoZWlnaHQ9IjMzOCI+PC9pZnJhbWU+\"><div class=\"brlbs-cmpnt-cb-preset-c brlbs-cmpnt-cb-youtube\"> <div class=\"brlbs-cmpnt-cb-thumbnail\" style=\"background-image: url('https:\/\/blog.myvideomedia.com\/wp-content\/uploads\/borlabs-cookie\/1\/yt_N1d9oPPbjb8_hqdefault.jpg')\"><\/div> <div class=\"brlbs-cmpnt-cb-main\"> <div class=\"brlbs-cmpnt-cb-play-button\"><\/div> <div class=\"brlbs-cmpnt-cb-content\"> <p class=\"brlbs-cmpnt-cb-description\">Sie sehen gerade einen Platzhalterinhalt von <strong>YouTube<\/strong>. Um auf den eigentlichen Inhalt zuzugreifen, klicken Sie auf die Schaltfl\u00e4che unten. Bitte beachten Sie, dass dabei Daten an Drittanbieter weitergegeben werden.<\/p> <a class=\"brlbs-cmpnt-cb-provider-toggle\" href=\"#\" data-borlabs-cookie-show-provider-information role=\"button\">Mehr Informationen<\/a> <\/div> <div class=\"brlbs-cmpnt-cb-buttons\"> <a class=\"brlbs-cmpnt-cb-btn\" href=\"#\" data-borlabs-cookie-unblock role=\"button\">Inhalt entsperren<\/a> <a class=\"brlbs-cmpnt-cb-btn\" href=\"#\" data-borlabs-cookie-accept-service role=\"button\" style=\"display: inherit\">Erforderlichen Service akzeptieren und Inhalte entsperren<\/a> <\/div> <\/div> <\/div><\/div><\/figure>\n\n\n\n<p>Der Blick aus dem Fenster f\u00fchrt in einen gr\u00fcn bewachsenen Hinterhof, den man bei sch\u00f6nem Wetter sicherlich auch benutzen kann.<\/p>\n\n\n\n<figure class=\"wp-block-image\"><img loading=\"lazy\" decoding=\"async\" width=\"676\" height=\"1260\" src=\"https:\/\/blog.myvideomedia.com\/wp-content\/uploads\/2019\/10\/Garden-Chambreplus-20190504_083959-676x1260.jpg\" alt=\"Garten Chambreplus Kriski\" class=\"wp-image-24172\" srcset=\"https:\/\/blog.myvideomedia.com\/wp-content\/uploads\/2019\/10\/Garden-Chambreplus-20190504_083959-676x1260.jpg 676w, https:\/\/blog.myvideomedia.com\/wp-content\/uploads\/2019\/10\/Garden-Chambreplus-20190504_083959-322x600.jpg 322w, https:\/\/blog.myvideomedia.com\/wp-content\/uploads\/2019\/10\/Garden-Chambreplus-20190504_083959.jpg 700w\" sizes=\"auto, (max-width: 676px) 100vw, 676px\" \/><\/figure>\n\n\n\n<p>Nun bleibt noch die Frage nach der Garage f\u00fcr das Auto. Der freundlichen Betreiber hat uns eine Wegbeschreibung zukommen lassen. Jedoch gibt es eine Besonderheit. <\/p>\n\n\n\n<p>Das Chambreplus Kriski liegt in der Fu\u00dfg\u00e4ngerzone und hier ist die Einfahrt mit dem Auto normalerweise verboten.  Zudem liegt die Garage auf der gegen\u00fcber liegenden Seite des Zentrums. <\/p>\n\n\n\n<p>Zum Be- und Entladen unseres Gep\u00e4cks hat der Betreiber unsere Fahrt bei der Polizei angemeldet.  Somit ist es gestattet langsam durch die Fu\u00dfg\u00e4ngerzone zu fahren. Wir erreichen die Garage und lassen dann das Auto bis zu unserer Abreise stehen.<\/p>\n\n\n\n<p>Bitte lesen Sie weiter &gt; <a href=\"https:\/\/blog.myvideomedia.com\/de\/stadtrundgang-in-gent\/\">Erster Stadtrundgang in Gent<\/a><\/p>\n\n\n\n<p>Pin it &#8211; f\u00fcr sp\u00e4ter merken<\/p>\n\n\n\n<figure class=\"wp-block-image\"><img decoding=\"async\" src=\"https:\/\/blog.myvideomedia.com\/wp-content\/uploads\/2019\/10\/Pin-Chambreplus-Kriski-d.jpg\" alt=\"Pin Chambreplus Kriski in Gent\" class=\"wp-image-24176\"\/><\/figure>\n\n\n\n<p><em>Soundtracks im Video:<\/em><\/p>\n\n\n\n<ul class=\"wp-block-list\">\n<li><em>Home Tonight by DoKashiteru (c) copyright 2008  <br>Licensed under a Creative Commons Attribution license. <br><\/em><a aria-label=\"http:\/\/dig.ccmixter.org\/files\/DoKashiteru\/15611 (opens in a new tab)\" href=\"http:\/\/dig.ccmixter.org\/files\/DoKashiteru\/15611\" target=\"_blank\" rel=\"noreferrer nofollow noopener\"><em>http:\/\/dig.ccmixter.org\/files\/DoKashiteru\/15611<\/em><\/a><em> Ft: Colin Mutchler<\/em><\/li>\n\n\n\n<li><em>Traveling Lights by Stefan Kartenberg (c) copyright 2017  <br>Licensed under a Creative Commons Attribution (3.0) license.<br><\/em><a aria-label=\"http:\/\/dig.ccmixter.org\/files\/JeffSpeed68\/56852 (opens in a new tab)\" href=\"http:\/\/dig.ccmixter.org\/files\/JeffSpeed68\/56852\" target=\"_blank\" rel=\"noreferrer nofollow noopener\"><em>http:\/\/dig.ccmixter.org\/files\/JeffSpeed68\/56852<\/em><\/a><em> Ft: DeBenedictis (lisadb)<\/em><\/li>\n<\/ul>\n","protected":false},"excerpt":{"rendered":"<p>Die zentrale Lage des Chambreplus Kriski in Gent war die Hauptmotivation f\u00fcr unsere Buchung. Es liegt in der Fu\u00dfg\u00e4ngerzone unweit vom Stadthuis, dem Rathaus. Als wir vor dem Haus stehen sehen wir jedoch nur das Reiseb\u00fcro Kriski. Rasch stellt sich aber heraus, dass der Leiter des Reiseb\u00fcros auch der Betreiber des Chambreplus ist. Links neben [&hellip;]<\/p>\n","protected":false},"author":1,"featured_media":24171,"comment_status":"closed","ping_status":"closed","sticky":false,"template":"","format":"standard","meta":{"_genesis_hide_title":false,"_genesis_hide_breadcrumbs":false,"_genesis_hide_singular_image":false,"_genesis_hide_footer_widgets":false,"_genesis_custom_body_class":"","_genesis_custom_post_class":"","_genesis_layout":"","footnotes":""},"categories":[499,1550,1175],"tags":[1467],"class_list":{"0":"post-24180","1":"post","2":"type-post","3":"status-publish","4":"format-standard","5":"has-post-thumbnail","7":"category-belgien","8":"category-europa","9":"category-flandern","10":"tag-hotel-de-2","11":"entry"},"yoast_head":"<!-- This site is optimized with the Yoast SEO plugin v27.4 - https:\/\/yoast.com\/product\/yoast-seo-wordpress\/ -->\n<title>Chambreplus Kriski in Gent - Belgien - Reise Video Blog<\/title>\n<meta name=\"description\" content=\"Das Chambreplus Kriski in Gent liegt in der Fu\u00dfg\u00e4ngerzone,unweit vom Stadthuis, dem Rathaus.\" \/>\n<meta name=\"robots\" content=\"index, follow, max-snippet:-1, max-image-preview:large, max-video-preview:-1\" \/>\n<link rel=\"canonical\" href=\"https:\/\/blog.myvideomedia.com\/de\/chambreplus-kriski-in-gent\/\" \/>\n<meta property=\"og:locale\" content=\"de_DE\" \/>\n<meta property=\"og:type\" content=\"article\" \/>\n<meta property=\"og:title\" content=\"Chambreplus Kriski in Gent - Belgien - Reise Video Blog\" \/>\n<meta property=\"og:description\" content=\"Das Chambreplus Kriski in Gent liegt in der Fu\u00dfg\u00e4ngerzone,unweit vom Stadthuis, dem Rathaus.\" \/>\n<meta property=\"og:url\" content=\"https:\/\/blog.myvideomedia.com\/de\/chambreplus-kriski-in-gent\/\" \/>\n<meta property=\"og:site_name\" content=\"Reise Video Blog\" \/>\n<meta property=\"article:publisher\" content=\"https:\/\/www.facebook.com\/ursula.streit.520\" \/>\n<meta property=\"article:author\" content=\"https:\/\/www.facebook.com\/ursula.streit.520\" \/>\n<meta property=\"article:published_time\" content=\"2019-10-04T06:48:43+00:00\" \/>\n<meta property=\"article:modified_time\" content=\"2025-06-05T13:47:52+00:00\" \/>\n<meta property=\"og:image\" content=\"https:\/\/blog.myvideomedia.com\/wp-content\/uploads\/2019\/10\/Room-Chambreplus-20190503_165617.jpg\" \/>\n\t<meta property=\"og:image:width\" content=\"1304\" \/>\n\t<meta property=\"og:image:height\" content=\"734\" \/>\n\t<meta property=\"og:image:type\" content=\"image\/jpeg\" \/>\n<meta name=\"author\" content=\"myVideoMedia\" \/>\n<meta name=\"twitter:card\" content=\"summary_large_image\" \/>\n<meta name=\"twitter:creator\" content=\"@myvideomedia\" \/>\n<meta name=\"twitter:site\" content=\"@myvideomedia\" \/>\n<meta name=\"twitter:label1\" content=\"Verfasst von\" \/>\n\t<meta name=\"twitter:data1\" content=\"myVideoMedia\" \/>\n\t<meta name=\"twitter:label2\" content=\"Gesch\u00e4tzte Lesezeit\" \/>\n\t<meta name=\"twitter:data2\" content=\"2\u00a0Minuten\" \/>\n<script type=\"application\/ld+json\" class=\"yoast-schema-graph\">{\"@context\":\"https:\\\/\\\/schema.org\",\"@graph\":[{\"@type\":\"Article\",\"@id\":\"https:\\\/\\\/blog.myvideomedia.com\\\/de\\\/chambreplus-kriski-in-gent\\\/#article\",\"isPartOf\":{\"@id\":\"https:\\\/\\\/blog.myvideomedia.com\\\/de\\\/chambreplus-kriski-in-gent\\\/\"},\"author\":{\"name\":\"myVideoMedia\",\"@id\":\"https:\\\/\\\/blog.myvideomedia.com\\\/de\\\/#\\\/schema\\\/person\\\/87be8fbbed69b1562242448c1c3dcbec\"},\"headline\":\"Chambreplus Kriski in Gent\",\"datePublished\":\"2019-10-04T06:48:43+00:00\",\"dateModified\":\"2025-06-05T13:47:52+00:00\",\"mainEntityOfPage\":{\"@id\":\"https:\\\/\\\/blog.myvideomedia.com\\\/de\\\/chambreplus-kriski-in-gent\\\/\"},\"wordCount\":309,\"publisher\":{\"@id\":\"https:\\\/\\\/blog.myvideomedia.com\\\/de\\\/#\\\/schema\\\/person\\\/87be8fbbed69b1562242448c1c3dcbec\"},\"image\":{\"@id\":\"https:\\\/\\\/blog.myvideomedia.com\\\/de\\\/chambreplus-kriski-in-gent\\\/#primaryimage\"},\"thumbnailUrl\":\"https:\\\/\\\/blog.myvideomedia.com\\\/wp-content\\\/uploads\\\/2019\\\/10\\\/Room-Chambreplus-20190503_165617.jpg\",\"keywords\":[\"Hotel\"],\"articleSection\":[\"Belgien\",\"Europa\",\"Flandern\"],\"inLanguage\":\"de\"},{\"@type\":\"WebPage\",\"@id\":\"https:\\\/\\\/blog.myvideomedia.com\\\/de\\\/chambreplus-kriski-in-gent\\\/\",\"url\":\"https:\\\/\\\/blog.myvideomedia.com\\\/de\\\/chambreplus-kriski-in-gent\\\/\",\"name\":\"Chambreplus Kriski in Gent - Belgien - Reise Video Blog\",\"isPartOf\":{\"@id\":\"https:\\\/\\\/blog.myvideomedia.com\\\/de\\\/#website\"},\"primaryImageOfPage\":{\"@id\":\"https:\\\/\\\/blog.myvideomedia.com\\\/de\\\/chambreplus-kriski-in-gent\\\/#primaryimage\"},\"image\":{\"@id\":\"https:\\\/\\\/blog.myvideomedia.com\\\/de\\\/chambreplus-kriski-in-gent\\\/#primaryimage\"},\"thumbnailUrl\":\"https:\\\/\\\/blog.myvideomedia.com\\\/wp-content\\\/uploads\\\/2019\\\/10\\\/Room-Chambreplus-20190503_165617.jpg\",\"datePublished\":\"2019-10-04T06:48:43+00:00\",\"dateModified\":\"2025-06-05T13:47:52+00:00\",\"description\":\"Das Chambreplus Kriski in Gent liegt in der Fu\u00dfg\u00e4ngerzone,unweit vom Stadthuis, dem Rathaus.\",\"breadcrumb\":{\"@id\":\"https:\\\/\\\/blog.myvideomedia.com\\\/de\\\/chambreplus-kriski-in-gent\\\/#breadcrumb\"},\"inLanguage\":\"de\",\"potentialAction\":[{\"@type\":\"ReadAction\",\"target\":[\"https:\\\/\\\/blog.myvideomedia.com\\\/de\\\/chambreplus-kriski-in-gent\\\/\"]}]},{\"@type\":\"ImageObject\",\"inLanguage\":\"de\",\"@id\":\"https:\\\/\\\/blog.myvideomedia.com\\\/de\\\/chambreplus-kriski-in-gent\\\/#primaryimage\",\"url\":\"https:\\\/\\\/blog.myvideomedia.com\\\/wp-content\\\/uploads\\\/2019\\\/10\\\/Room-Chambreplus-20190503_165617.jpg\",\"contentUrl\":\"https:\\\/\\\/blog.myvideomedia.com\\\/wp-content\\\/uploads\\\/2019\\\/10\\\/Room-Chambreplus-20190503_165617.jpg\",\"width\":1304,\"height\":734,\"caption\":\"Zimmer Chambreplus\"},{\"@type\":\"BreadcrumbList\",\"@id\":\"https:\\\/\\\/blog.myvideomedia.com\\\/de\\\/chambreplus-kriski-in-gent\\\/#breadcrumb\",\"itemListElement\":[{\"@type\":\"ListItem\",\"position\":1,\"name\":\"Home\",\"item\":\"https:\\\/\\\/blog.myvideomedia.com\\\/de\\\/\"},{\"@type\":\"ListItem\",\"position\":2,\"name\":\"Chambreplus Kriski in Gent\"}]},{\"@type\":\"WebSite\",\"@id\":\"https:\\\/\\\/blog.myvideomedia.com\\\/de\\\/#website\",\"url\":\"https:\\\/\\\/blog.myvideomedia.com\\\/de\\\/\",\"name\":\"Travel Video Blog\",\"description\":\"myVideoMedia Reisetipps und Reisevideos\",\"publisher\":{\"@id\":\"https:\\\/\\\/blog.myvideomedia.com\\\/de\\\/#\\\/schema\\\/person\\\/87be8fbbed69b1562242448c1c3dcbec\"},\"potentialAction\":[{\"@type\":\"SearchAction\",\"target\":{\"@type\":\"EntryPoint\",\"urlTemplate\":\"https:\\\/\\\/blog.myvideomedia.com\\\/de\\\/?s={search_term_string}\"},\"query-input\":{\"@type\":\"PropertyValueSpecification\",\"valueRequired\":true,\"valueName\":\"search_term_string\"}}],\"inLanguage\":\"de\"},{\"@type\":[\"Person\",\"Organization\"],\"@id\":\"https:\\\/\\\/blog.myvideomedia.com\\\/de\\\/#\\\/schema\\\/person\\\/87be8fbbed69b1562242448c1c3dcbec\",\"name\":\"myVideoMedia\",\"image\":{\"@type\":\"ImageObject\",\"inLanguage\":\"de\",\"@id\":\"https:\\\/\\\/secure.gravatar.com\\\/avatar\\\/460720160715ef8975b781abd1b6985e55ce2f01567bb6757bebd73e7cf74c97?s=96&d=mm&r=g\",\"url\":\"https:\\\/\\\/secure.gravatar.com\\\/avatar\\\/460720160715ef8975b781abd1b6985e55ce2f01567bb6757bebd73e7cf74c97?s=96&d=mm&r=g\",\"contentUrl\":\"https:\\\/\\\/secure.gravatar.com\\\/avatar\\\/460720160715ef8975b781abd1b6985e55ce2f01567bb6757bebd73e7cf74c97?s=96&d=mm&r=g\",\"caption\":\"myVideoMedia\"},\"logo\":{\"@id\":\"https:\\\/\\\/secure.gravatar.com\\\/avatar\\\/460720160715ef8975b781abd1b6985e55ce2f01567bb6757bebd73e7cf74c97?s=96&d=mm&r=g\"},\"description\":\"\\\"The World is a book, and those who do not travel read only a page\\\" - Aurelius Augustinus (354 - 430 AD) Travel is our passion. With our posts and videos we like to inspire people who are planning or preparing for holidays as well as people who simply want to escape from everyday life and dream of faraway countries.\",\"sameAs\":[\"https:\\\/\\\/www.myvideomedia.com\",\"https:\\\/\\\/www.facebook.com\\\/ursula.streit.520\"],\"url\":\"https:\\\/\\\/blog.myvideomedia.com\\\/de\\\/author\\\/traveladm\\\/\"}]}<\/script>\n<!-- \/ Yoast SEO plugin. -->","yoast_head_json":{"title":"Chambreplus Kriski in Gent - Belgien - Reise Video Blog","description":"Das Chambreplus Kriski in Gent liegt in der Fu\u00dfg\u00e4ngerzone,unweit vom Stadthuis, dem Rathaus.","robots":{"index":"index","follow":"follow","max-snippet":"max-snippet:-1","max-image-preview":"max-image-preview:large","max-video-preview":"max-video-preview:-1"},"canonical":"https:\/\/blog.myvideomedia.com\/de\/chambreplus-kriski-in-gent\/","og_locale":"de_DE","og_type":"article","og_title":"Chambreplus Kriski in Gent - Belgien - Reise Video Blog","og_description":"Das Chambreplus Kriski in Gent liegt in der Fu\u00dfg\u00e4ngerzone,unweit vom Stadthuis, dem Rathaus.","og_url":"https:\/\/blog.myvideomedia.com\/de\/chambreplus-kriski-in-gent\/","og_site_name":"Reise Video Blog","article_publisher":"https:\/\/www.facebook.com\/ursula.streit.520","article_author":"https:\/\/www.facebook.com\/ursula.streit.520","article_published_time":"2019-10-04T06:48:43+00:00","article_modified_time":"2025-06-05T13:47:52+00:00","og_image":[{"width":1304,"height":734,"url":"https:\/\/blog.myvideomedia.com\/wp-content\/uploads\/2019\/10\/Room-Chambreplus-20190503_165617.jpg","type":"image\/jpeg"}],"author":"myVideoMedia","twitter_card":"summary_large_image","twitter_creator":"@myvideomedia","twitter_site":"@myvideomedia","twitter_misc":{"Verfasst von":"myVideoMedia","Gesch\u00e4tzte Lesezeit":"2\u00a0Minuten"},"schema":{"@context":"https:\/\/schema.org","@graph":[{"@type":"Article","@id":"https:\/\/blog.myvideomedia.com\/de\/chambreplus-kriski-in-gent\/#article","isPartOf":{"@id":"https:\/\/blog.myvideomedia.com\/de\/chambreplus-kriski-in-gent\/"},"author":{"name":"myVideoMedia","@id":"https:\/\/blog.myvideomedia.com\/de\/#\/schema\/person\/87be8fbbed69b1562242448c1c3dcbec"},"headline":"Chambreplus Kriski in Gent","datePublished":"2019-10-04T06:48:43+00:00","dateModified":"2025-06-05T13:47:52+00:00","mainEntityOfPage":{"@id":"https:\/\/blog.myvideomedia.com\/de\/chambreplus-kriski-in-gent\/"},"wordCount":309,"publisher":{"@id":"https:\/\/blog.myvideomedia.com\/de\/#\/schema\/person\/87be8fbbed69b1562242448c1c3dcbec"},"image":{"@id":"https:\/\/blog.myvideomedia.com\/de\/chambreplus-kriski-in-gent\/#primaryimage"},"thumbnailUrl":"https:\/\/blog.myvideomedia.com\/wp-content\/uploads\/2019\/10\/Room-Chambreplus-20190503_165617.jpg","keywords":["Hotel"],"articleSection":["Belgien","Europa","Flandern"],"inLanguage":"de"},{"@type":"WebPage","@id":"https:\/\/blog.myvideomedia.com\/de\/chambreplus-kriski-in-gent\/","url":"https:\/\/blog.myvideomedia.com\/de\/chambreplus-kriski-in-gent\/","name":"Chambreplus Kriski in Gent - Belgien - Reise Video Blog","isPartOf":{"@id":"https:\/\/blog.myvideomedia.com\/de\/#website"},"primaryImageOfPage":{"@id":"https:\/\/blog.myvideomedia.com\/de\/chambreplus-kriski-in-gent\/#primaryimage"},"image":{"@id":"https:\/\/blog.myvideomedia.com\/de\/chambreplus-kriski-in-gent\/#primaryimage"},"thumbnailUrl":"https:\/\/blog.myvideomedia.com\/wp-content\/uploads\/2019\/10\/Room-Chambreplus-20190503_165617.jpg","datePublished":"2019-10-04T06:48:43+00:00","dateModified":"2025-06-05T13:47:52+00:00","description":"Das Chambreplus Kriski in Gent liegt in der Fu\u00dfg\u00e4ngerzone,unweit vom Stadthuis, dem Rathaus.","breadcrumb":{"@id":"https:\/\/blog.myvideomedia.com\/de\/chambreplus-kriski-in-gent\/#breadcrumb"},"inLanguage":"de","potentialAction":[{"@type":"ReadAction","target":["https:\/\/blog.myvideomedia.com\/de\/chambreplus-kriski-in-gent\/"]}]},{"@type":"ImageObject","inLanguage":"de","@id":"https:\/\/blog.myvideomedia.com\/de\/chambreplus-kriski-in-gent\/#primaryimage","url":"https:\/\/blog.myvideomedia.com\/wp-content\/uploads\/2019\/10\/Room-Chambreplus-20190503_165617.jpg","contentUrl":"https:\/\/blog.myvideomedia.com\/wp-content\/uploads\/2019\/10\/Room-Chambreplus-20190503_165617.jpg","width":1304,"height":734,"caption":"Zimmer Chambreplus"},{"@type":"BreadcrumbList","@id":"https:\/\/blog.myvideomedia.com\/de\/chambreplus-kriski-in-gent\/#breadcrumb","itemListElement":[{"@type":"ListItem","position":1,"name":"Home","item":"https:\/\/blog.myvideomedia.com\/de\/"},{"@type":"ListItem","position":2,"name":"Chambreplus Kriski in Gent"}]},{"@type":"WebSite","@id":"https:\/\/blog.myvideomedia.com\/de\/#website","url":"https:\/\/blog.myvideomedia.com\/de\/","name":"Travel Video Blog","description":"myVideoMedia Reisetipps und Reisevideos","publisher":{"@id":"https:\/\/blog.myvideomedia.com\/de\/#\/schema\/person\/87be8fbbed69b1562242448c1c3dcbec"},"potentialAction":[{"@type":"SearchAction","target":{"@type":"EntryPoint","urlTemplate":"https:\/\/blog.myvideomedia.com\/de\/?s={search_term_string}"},"query-input":{"@type":"PropertyValueSpecification","valueRequired":true,"valueName":"search_term_string"}}],"inLanguage":"de"},{"@type":["Person","Organization"],"@id":"https:\/\/blog.myvideomedia.com\/de\/#\/schema\/person\/87be8fbbed69b1562242448c1c3dcbec","name":"myVideoMedia","image":{"@type":"ImageObject","inLanguage":"de","@id":"https:\/\/secure.gravatar.com\/avatar\/460720160715ef8975b781abd1b6985e55ce2f01567bb6757bebd73e7cf74c97?s=96&d=mm&r=g","url":"https:\/\/secure.gravatar.com\/avatar\/460720160715ef8975b781abd1b6985e55ce2f01567bb6757bebd73e7cf74c97?s=96&d=mm&r=g","contentUrl":"https:\/\/secure.gravatar.com\/avatar\/460720160715ef8975b781abd1b6985e55ce2f01567bb6757bebd73e7cf74c97?s=96&d=mm&r=g","caption":"myVideoMedia"},"logo":{"@id":"https:\/\/secure.gravatar.com\/avatar\/460720160715ef8975b781abd1b6985e55ce2f01567bb6757bebd73e7cf74c97?s=96&d=mm&r=g"},"description":"\"The World is a book, and those who do not travel read only a page\" - Aurelius Augustinus (354 - 430 AD) Travel is our passion. With our posts and videos we like to inspire people who are planning or preparing for holidays as well as people who simply want to escape from everyday life and dream of faraway countries.","sameAs":["https:\/\/www.myvideomedia.com","https:\/\/www.facebook.com\/ursula.streit.520"],"url":"https:\/\/blog.myvideomedia.com\/de\/author\/traveladm\/"}]}},"featured_image_src":"https:\/\/blog.myvideomedia.com\/wp-content\/uploads\/2019\/10\/Room-Chambreplus-20190503_165617.jpg","featured_image_src_square":"https:\/\/blog.myvideomedia.com\/wp-content\/uploads\/2019\/10\/Room-Chambreplus-20190503_165617.jpg","author_info":{"display_name":"myVideoMedia","author_link":"https:\/\/blog.myvideomedia.com\/de\/author\/traveladm\/"},"_links":{"self":[{"href":"https:\/\/blog.myvideomedia.com\/de\/wp-json\/wp\/v2\/posts\/24180","targetHints":{"allow":["GET"]}}],"collection":[{"href":"https:\/\/blog.myvideomedia.com\/de\/wp-json\/wp\/v2\/posts"}],"about":[{"href":"https:\/\/blog.myvideomedia.com\/de\/wp-json\/wp\/v2\/types\/post"}],"author":[{"embeddable":true,"href":"https:\/\/blog.myvideomedia.com\/de\/wp-json\/wp\/v2\/users\/1"}],"replies":[{"embeddable":true,"href":"https:\/\/blog.myvideomedia.com\/de\/wp-json\/wp\/v2\/comments?post=24180"}],"version-history":[{"count":0,"href":"https:\/\/blog.myvideomedia.com\/de\/wp-json\/wp\/v2\/posts\/24180\/revisions"}],"wp:featuredmedia":[{"embeddable":true,"href":"https:\/\/blog.myvideomedia.com\/de\/wp-json\/wp\/v2\/media\/24171"}],"wp:attachment":[{"href":"https:\/\/blog.myvideomedia.com\/de\/wp-json\/wp\/v2\/media?parent=24180"}],"wp:term":[{"taxonomy":"category","embeddable":true,"href":"https:\/\/blog.myvideomedia.com\/de\/wp-json\/wp\/v2\/categories?post=24180"},{"taxonomy":"post_tag","embeddable":true,"href":"https:\/\/blog.myvideomedia.com\/de\/wp-json\/wp\/v2\/tags?post=24180"}],"curies":[{"name":"wp","href":"https:\/\/api.w.org\/{rel}","templated":true}]}}