{"id":24347,"date":"2019-10-19T07:57:25","date_gmt":"2019-10-19T06:57:25","guid":{"rendered":"https:\/\/blog.myvideomedia.com\/?p=24347"},"modified":"2020-03-06T17:08:24","modified_gmt":"2020-03-06T16:08:24","slug":"spaziergang-zum-prinzenhof-in-gent","status":"publish","type":"post","link":"https:\/\/blog.myvideomedia.com\/de\/spaziergang-zum-prinzenhof-in-gent\/","title":{"rendered":"Spaziergang zum Prinzenhof in Gent"},"content":{"rendered":"\n<p>Nach unserer Fahrt mit dem Wandelbus machen wir uns zu Fu\u00df auf den Weg  zum Prinzenhof.<\/p>\n\n<p>Der Prinzenhof wurde im 14. Jahrhundert f\u00fcr einen italienischen Financier und Politiker erbaut. Sp\u00e4ter wurde er zur Residenz der Grafen von Flandern umgewandelt. Der Kern nannte sich damals Hof zum Walle. <\/p>\n\n<p>Maximilian der Habsburger feierte hier feierlich mit Maria von Burgund 1477 seine Hochzeit. Doch bereits 1482 starb Maria bei einem Jagdunfall. Maximilian war in vielen Kriegen gebunden und konnte seine Vormundschaft f\u00fcr seinen Sohn Philipp gegen\u00fcber den niederl\u00e4ndischen St\u00e4nden und Frankreich nicht durchsetzen. Erst 1493 gelang ihm das. Praktisch wurde Philipp und seine Schwester Margarete in Gent als Geiseln gehalten. Am 24. Februar 1500 wurde hier der Sohn Philipps, der Enkel von Kaiser Maximilian I., der zuk\u00fcnftige Kaiser Karl V. geboren. <\/p>\n\n<p>Das Verh\u00e4ltnis zwischen den Habsburgern und den Bewohnern von Flandern war von jeher gespalten. Maximilian I. wurde bei einem Besuch 1488 in Br\u00fcgge inhaftiert und kam erst nach Monaten frei, als sein Vater mit Truppen aufmarschierte. Im Gegenzug wurden einige R\u00e4delsf\u00fchrer in Br\u00fcgge hingerichtet. &#13;\n<\/p>\n\n<p>Sp\u00e4ter verweigerte sich die Stadt Gent Karl V im Krieg gegen Frankreich zu unterst\u00fctzen, obwohl Br\u00fcgge zu Ehren von Karl V 1530 einen mond\u00e4nen Kamin f\u00fcr die Befreiung von der franz\u00f6sischen Herrschaft errichtet hat. <\/p>\n\n<figure class=\"wp-block-image\"><img loading=\"lazy\" decoding=\"async\" width=\"1260\" height=\"841\" src=\"https:\/\/blog.myvideomedia.com\/wp-content\/uploads\/2019\/10\/Opstand_DSC4026-1260x841.jpg\" alt=\"\" class=\"wp-image-24308\" srcset=\"https:\/\/blog.myvideomedia.com\/wp-content\/uploads\/2019\/10\/Opstand_DSC4026-1260x841.jpg 1260w, https:\/\/blog.myvideomedia.com\/wp-content\/uploads\/2019\/10\/Opstand_DSC4026-600x400.jpg 600w, https:\/\/blog.myvideomedia.com\/wp-content\/uploads\/2019\/10\/Opstand_DSC4026-768x512.jpg 768w, https:\/\/blog.myvideomedia.com\/wp-content\/uploads\/2019\/10\/Opstand_DSC4026.jpg 1304w\" sizes=\"auto, (max-width: 1260px) 100vw, 1260px\" \/><\/figure>\n<p>Karl V. revanchierte sich mit der Hinrichtung von 18 R\u00e4delsf\u00fchrern. Siebzehn wurden 1540 durch Enthauptung hingerichtet und einer wurde 1545 verbrannt. Bekannt wurde dieser Vorfall haupts\u00e4chlich dadurch, dass Gent viele seiner wichtigsten Privilegien verlor und zahlreiche B\u00fcrger mit einem Strick um den Hals vor dem Kaiser niederknien mussten.<\/p>\n<div id=\"myvid-3175080859\" style=\"margin-top: 5px;margin-bottom: 5px;margin-left: auto;margin-right: auto;text-align: center;\" data-cfpa=\"24239\" data-cfpw=\"24239\"><div class=\"myvid-adlabel\">Anzeige<\/div><div data-gyg-href=\"https:\/\/widget.getyourguide.com\/default\/activites.frame\" data-gyg-locale-code=\"en-US\" data-gyg-widget=\"activities\" data-gyg-number-of-items=\"3\" data-gyg-cmp=\"Ghent\" data-gyg-currency=\"USD\" data-gyg-partner-id=\"WA7ZVJZ\" data-gyg-placement=\"content-middle\" data-gyg-q=\"Ghent\"><\/div><script async defer src=\"https:\/\/widget.getyourguide.com\/v2\/widget.js\"><\/script><\/div><script type=\"text\/javascript\">;new advadsCfpAd( 24239 );<\/script>\n<h2 class=\"wp-block-heading\">Unser Spaziergang zum Prinzenhof<\/h2>\n\n<p>Zun\u00e4chst folgen wir der Fahrt des Wandelbuses in umgekehrter Richtung und erreichten den Vrijdagmarkt (Freitagsmarkt). Die H\u00e4ndler sind allerdings bereits damit besch\u00e4ftigt ihre St\u00e4nde abzubauen. Obwohl er Freitagsmarkt genannt wird, haben wir das Video an einem Samstag gemacht!<\/p>\n\n<figure class=\"wp-block-image\"><img loading=\"lazy\" decoding=\"async\" width=\"1260\" height=\"841\" src=\"https:\/\/blog.myvideomedia.com\/wp-content\/uploads\/2019\/10\/Vrijdagmarkt_DSC3980-1260x841.jpg\" alt=\"\" class=\"wp-image-24312\" srcset=\"https:\/\/blog.myvideomedia.com\/wp-content\/uploads\/2019\/10\/Vrijdagmarkt_DSC3980-1260x841.jpg 1260w, https:\/\/blog.myvideomedia.com\/wp-content\/uploads\/2019\/10\/Vrijdagmarkt_DSC3980-600x400.jpg 600w, https:\/\/blog.myvideomedia.com\/wp-content\/uploads\/2019\/10\/Vrijdagmarkt_DSC3980-768x512.jpg 768w, https:\/\/blog.myvideomedia.com\/wp-content\/uploads\/2019\/10\/Vrijdagmarkt_DSC3980.jpg 1304w\" sizes=\"auto, (max-width: 1260px) 100vw, 1260px\" \/><\/figure>\n<p>In der Mitte des Platzes befindet sich die Statue von Jacob van Artevelde aus dem Jahr 1832. Er war der Anf\u00fchrer eines Aufstands in Gent gegen Graf Ludwig I. von Flandern, um den Boykott englischer Wollimporte r\u00fcckg\u00e4ngig zu machen. Er wurde 1345 ermordet.<\/p>\n\n<figure class=\"wp-block-image\"><img loading=\"lazy\" decoding=\"async\" width=\"1260\" height=\"841\" src=\"https:\/\/blog.myvideomedia.com\/wp-content\/uploads\/2019\/10\/Vrijdagmarkt_DSC3978-1260x841.jpg\" alt=\"\" class=\"wp-image-24310\" srcset=\"https:\/\/blog.myvideomedia.com\/wp-content\/uploads\/2019\/10\/Vrijdagmarkt_DSC3978-1260x841.jpg 1260w, https:\/\/blog.myvideomedia.com\/wp-content\/uploads\/2019\/10\/Vrijdagmarkt_DSC3978-600x400.jpg 600w, https:\/\/blog.myvideomedia.com\/wp-content\/uploads\/2019\/10\/Vrijdagmarkt_DSC3978-768x512.jpg 768w, https:\/\/blog.myvideomedia.com\/wp-content\/uploads\/2019\/10\/Vrijdagmarkt_DSC3978.jpg 1304w\" sizes=\"auto, (max-width: 1260px) 100vw, 1260px\" \/><\/figure>\n<p>An der S\u00fcdost-Ecke des Platzes steht Het Toreken, das \u00e4lteste Haus am Platz. Es war das Zunfthaus der Dermatologen bis 1549 Kaiser Karl die Macht der Gilden beendete. <\/p>\n\n<p>Heute dient es als Bibliothek. Auf dem Vrijdagmarkt  wurden auch zahlreiche Hinrichtungen ausgef\u00fchrt.<\/p>\n\n<figure class=\"wp-block-image\"><img loading=\"lazy\" decoding=\"async\" width=\"1260\" height=\"841\" src=\"https:\/\/blog.myvideomedia.com\/wp-content\/uploads\/2019\/10\/Way-to-Vrijdagmarkt_DSC3979-1260x841.jpg\" alt=\"\" class=\"wp-image-24314\" srcset=\"https:\/\/blog.myvideomedia.com\/wp-content\/uploads\/2019\/10\/Way-to-Vrijdagmarkt_DSC3979-1260x841.jpg 1260w, https:\/\/blog.myvideomedia.com\/wp-content\/uploads\/2019\/10\/Way-to-Vrijdagmarkt_DSC3979-600x400.jpg 600w, https:\/\/blog.myvideomedia.com\/wp-content\/uploads\/2019\/10\/Way-to-Vrijdagmarkt_DSC3979-768x512.jpg 768w, https:\/\/blog.myvideomedia.com\/wp-content\/uploads\/2019\/10\/Way-to-Vrijdagmarkt_DSC3979.jpg 1304w\" sizes=\"auto, (max-width: 1260px) 100vw, 1260px\" \/><figcaption>Het Toreken<\/figcaption><\/figure>\n<p>Nur wenige Schritte weiter sto\u00dfen wir auf die gr\u00f6\u00dfte Kanone jener Zeit, die 12,5 t schwere \u201edulle griet\u201c, die tolle oder verr\u00fcckte Grete. Sie wurde in der ersten H\u00e4lfte des 15 Jahrhunderts konstruiert und bei der Belagerung von Oudenaarde eingesetzt. Der einzige abgefeuerte Schuss soll aber nur 2,5 m weit gegangen sein.<\/p>\n\n<figure class=\"wp-block-image\"><img loading=\"lazy\" decoding=\"async\" width=\"1260\" height=\"841\" src=\"https:\/\/blog.myvideomedia.com\/wp-content\/uploads\/2019\/10\/Big-Canon_DSC3987-1260x841.jpg\" alt=\"\" class=\"wp-image-24316\" srcset=\"https:\/\/blog.myvideomedia.com\/wp-content\/uploads\/2019\/10\/Big-Canon_DSC3987-1260x841.jpg 1260w, https:\/\/blog.myvideomedia.com\/wp-content\/uploads\/2019\/10\/Big-Canon_DSC3987-600x400.jpg 600w, https:\/\/blog.myvideomedia.com\/wp-content\/uploads\/2019\/10\/Big-Canon_DSC3987-768x512.jpg 768w, https:\/\/blog.myvideomedia.com\/wp-content\/uploads\/2019\/10\/Big-Canon_DSC3987.jpg 1304w\" sizes=\"auto, (max-width: 1260px) 100vw, 1260px\" \/><\/figure>\n<p>Nach der \u00dcberquerung der Leie sto\u00dfen wir auf die beiden Geb\u00e4ude mit sehr sch\u00f6ner Barock-Fassade \u201eHet huis Zeven werken van barmhartigheid\u201c, das  Haus Sieben Werke der Barmherzigkeit, und das \u201e het huis De fluitspeler\u201c, das Haus der Fl\u00f6tenspieler.<\/p>\n\n<figure class=\"wp-block-image\"><img loading=\"lazy\" decoding=\"async\" width=\"841\" height=\"1260\" src=\"https:\/\/blog.myvideomedia.com\/wp-content\/uploads\/2019\/10\/baroque-facades_DSC3995-841x1260.jpg\" alt=\"\" class=\"wp-image-24318\" srcset=\"https:\/\/blog.myvideomedia.com\/wp-content\/uploads\/2019\/10\/baroque-facades_DSC3995-841x1260.jpg 841w, https:\/\/blog.myvideomedia.com\/wp-content\/uploads\/2019\/10\/baroque-facades_DSC3995-400x600.jpg 400w, https:\/\/blog.myvideomedia.com\/wp-content\/uploads\/2019\/10\/baroque-facades_DSC3995-768x1151.jpg 768w, https:\/\/blog.myvideomedia.com\/wp-content\/uploads\/2019\/10\/baroque-facades_DSC3995.jpg 854w\" sizes=\"auto, (max-width: 841px) 100vw, 841px\" \/><figcaption>Het huis Zeven werken van barmhartigheid und Het huis De fluitspeler<\/figcaption><\/figure>\n<p>Wir schlendern durch einige Stra\u00dfen mit mittelalterlichen Gem\u00e4uern. Pl\u00f6tzlich stehen wir vor herrlicher Streetart. Die Hasen sind vom bekannten K\u00fcnstler Roa, von dem wir in Rom bereits die Streetart &#8222;<a href=\"https:\/\/blog.myvideomedia.com\/de\/rom-abseits-der-touristenpfade\/\" target=\"_blank\" rel=\"noreferrer noopener\" aria-label=\"der springende Wolf (in neuem Tab)\">der springende Wolf<\/a>&#8220; gesehen haben.<\/p>\n\n<figure class=\"wp-block-image\"><img loading=\"lazy\" decoding=\"async\" width=\"1260\" height=\"841\" src=\"https:\/\/blog.myvideomedia.com\/wp-content\/uploads\/2019\/10\/Street-art-Roa_DSC4007-1260x841.jpg\" alt=\"\" class=\"wp-image-24320\" srcset=\"https:\/\/blog.myvideomedia.com\/wp-content\/uploads\/2019\/10\/Street-art-Roa_DSC4007-1260x841.jpg 1260w, https:\/\/blog.myvideomedia.com\/wp-content\/uploads\/2019\/10\/Street-art-Roa_DSC4007-600x400.jpg 600w, https:\/\/blog.myvideomedia.com\/wp-content\/uploads\/2019\/10\/Street-art-Roa_DSC4007-768x512.jpg 768w, https:\/\/blog.myvideomedia.com\/wp-content\/uploads\/2019\/10\/Street-art-Roa_DSC4007.jpg 1304w\" sizes=\"auto, (max-width: 1260px) 100vw, 1260px\" \/><\/figure>\n<p>Nicht weit entfernt gibt es ein weiteres Kunstwerk des beliebten Streetart K\u00fcnstlers Cee Pil, mit \u00fcberdimensionalen B\u00e4ren.<\/p>\n\n<figure class=\"wp-block-image\"><img loading=\"lazy\" decoding=\"async\" width=\"840\" height=\"1260\" src=\"https:\/\/blog.myvideomedia.com\/wp-content\/uploads\/2019\/10\/Street-art_DSC4017-840x1260.jpg\" alt=\"\" class=\"wp-image-24322\" srcset=\"https:\/\/blog.myvideomedia.com\/wp-content\/uploads\/2019\/10\/Street-art_DSC4017-840x1260.jpg 840w, https:\/\/blog.myvideomedia.com\/wp-content\/uploads\/2019\/10\/Street-art_DSC4017-400x600.jpg 400w, https:\/\/blog.myvideomedia.com\/wp-content\/uploads\/2019\/10\/Street-art_DSC4017-768x1151.jpg 768w, https:\/\/blog.myvideomedia.com\/wp-content\/uploads\/2019\/10\/Street-art_DSC4017.jpg 1304w\" sizes=\"auto, (max-width: 840px) 100vw, 840px\" \/><\/figure>\n<p>Kurz danach erreichen wir den Hof zum Walle. Nur eine Statue erinnert an den Geburtsort des m\u00e4chtigsten Kaisers Europas,Karl V. <\/p>\n\n<h3 class=\"wp-block-heading\"><a href=\"https:\/\/youtu.be\/SAPWpWMLBMs\" target=\"_blank\" rel=\"noreferrer noopener\" aria-label=\"Hier sehen Sie das 4K UHD Video (in neuem Tab)\">Hier sehen Sie das 4K UHD Video<\/a><\/h3>\n<figure> <div class=\"brlbs-cmpnt-container brlbs-cmpnt-content-blocker brlbs-cmpnt-with-individual-styles\" data-borlabs-cookie-content-blocker-id=\"youtube-content-blocker\" data-borlabs-cookie-content=\"PGlmcmFtZSBzcmM9Imh0dHBzOi8vd3d3LnlvdXR1YmUtbm9jb29raWUuY29tL2VtYmVkL1NBUFdwV01MQk1zIiB3aWR0aD0iNjAwIiBoZWlnaHQ9IjMzOCI+PC9pZnJhbWU+\"><div class=\"brlbs-cmpnt-cb-preset-c brlbs-cmpnt-cb-youtube\"> <div class=\"brlbs-cmpnt-cb-thumbnail\" style=\"background-image: url('https:\/\/blog.myvideomedia.com\/wp-content\/uploads\/borlabs-cookie\/1\/yt_SAPWpWMLBMs_hqdefault.jpg')\"><\/div> <div class=\"brlbs-cmpnt-cb-main\"> <div class=\"brlbs-cmpnt-cb-play-button\"><\/div> <div class=\"brlbs-cmpnt-cb-content\"> <p class=\"brlbs-cmpnt-cb-description\">Sie sehen gerade einen Platzhalterinhalt von <strong>YouTube<\/strong>. Um auf den eigentlichen Inhalt zuzugreifen, klicken Sie auf die Schaltfl\u00e4che unten. Bitte beachten Sie, dass dabei Daten an Drittanbieter weitergegeben werden.<\/p> <a class=\"brlbs-cmpnt-cb-provider-toggle\" href=\"#\" data-borlabs-cookie-show-provider-information role=\"button\">Mehr Informationen<\/a> <\/div> <div class=\"brlbs-cmpnt-cb-buttons\"> <a class=\"brlbs-cmpnt-cb-btn\" href=\"#\" data-borlabs-cookie-unblock role=\"button\">Inhalt entsperren<\/a> <a class=\"brlbs-cmpnt-cb-btn\" href=\"#\" data-borlabs-cookie-accept-service role=\"button\" style=\"display: inherit\">Erforderlichen Service akzeptieren und Inhalte entsperren<\/a> <\/div> <\/div> <\/div><\/div><\/figure>\r\n\n<p>Gestiftet wurde sie von der Stadt Toledo in Spanien. Vermutlich hat er in Spanien seine gl\u00fccklichste Zeit verbracht. Nach seiner Hochzeit mit Isabella von Portugal in Sevilla, verbrachten die beiden ein halbes Jahr in der <a href=\"https:\/\/blog.myvideomedia.com\/de\/alhambra-granada\/\">Alhambra in Granada<\/a>.<\/p>\n\n<figure class=\"wp-block-image\"><img loading=\"lazy\" decoding=\"async\" width=\"1260\" height=\"841\" src=\"https:\/\/blog.myvideomedia.com\/wp-content\/uploads\/2019\/10\/Prinsenhof_DSC4031-1260x841.jpg\" alt=\"\" class=\"wp-image-24326\" srcset=\"https:\/\/blog.myvideomedia.com\/wp-content\/uploads\/2019\/10\/Prinsenhof_DSC4031-1260x841.jpg 1260w, https:\/\/blog.myvideomedia.com\/wp-content\/uploads\/2019\/10\/Prinsenhof_DSC4031-600x400.jpg 600w, https:\/\/blog.myvideomedia.com\/wp-content\/uploads\/2019\/10\/Prinsenhof_DSC4031-768x512.jpg 768w, https:\/\/blog.myvideomedia.com\/wp-content\/uploads\/2019\/10\/Prinsenhof_DSC4031.jpg 1304w\" sizes=\"auto, (max-width: 1260px) 100vw, 1260px\" \/><\/figure>\n<p>Au\u00dferdem sind hier lediglich Wohngeb\u00e4ude und das Donkere Poort zu sehen. <\/p>\n\n<figure class=\"wp-block-image\"><img loading=\"lazy\" decoding=\"async\" width=\"1260\" height=\"841\" src=\"https:\/\/blog.myvideomedia.com\/wp-content\/uploads\/2019\/10\/Prinsenhof-Canal_DSC4038m-1260x841.jpg\" alt=\"\" class=\"wp-image-24328\" srcset=\"https:\/\/blog.myvideomedia.com\/wp-content\/uploads\/2019\/10\/Prinsenhof-Canal_DSC4038m-1260x841.jpg 1260w, https:\/\/blog.myvideomedia.com\/wp-content\/uploads\/2019\/10\/Prinsenhof-Canal_DSC4038m-600x400.jpg 600w, https:\/\/blog.myvideomedia.com\/wp-content\/uploads\/2019\/10\/Prinsenhof-Canal_DSC4038m-768x512.jpg 768w, https:\/\/blog.myvideomedia.com\/wp-content\/uploads\/2019\/10\/Prinsenhof-Canal_DSC4038m.jpg 1304w\" sizes=\"auto, (max-width: 1260px) 100vw, 1260px\" \/><\/figure>\n<p>Das Gebiet des Prinzenhofs erstreckt sich vom Rabot, einer Schleuse mit zwei flankierenden T\u00fcrmen der alten Stadtmauer entlang des Lieve Kanals bis zur Burg Grafenstein.  <\/p>\n\n<figure class=\"wp-block-image\"><img loading=\"lazy\" decoding=\"async\" width=\"1260\" height=\"841\" src=\"https:\/\/blog.myvideomedia.com\/wp-content\/uploads\/2019\/10\/Lievekaai_DSC4055-1260x841.jpg\" alt=\"\" class=\"wp-image-24343\" srcset=\"https:\/\/blog.myvideomedia.com\/wp-content\/uploads\/2019\/10\/Lievekaai_DSC4055-1260x841.jpg 1260w, https:\/\/blog.myvideomedia.com\/wp-content\/uploads\/2019\/10\/Lievekaai_DSC4055-600x400.jpg 600w, https:\/\/blog.myvideomedia.com\/wp-content\/uploads\/2019\/10\/Lievekaai_DSC4055-768x512.jpg 768w, https:\/\/blog.myvideomedia.com\/wp-content\/uploads\/2019\/10\/Lievekaai_DSC4055.jpg 1304w\" sizes=\"auto, (max-width: 1260px) 100vw, 1260px\" \/><\/figure>\n<p>Die \u201eBr\u00fccke der kaiserlichen Freuden\u201c mit ihren imposanten Figuren f\u00fchrt zum Gemeindezentrum Prinzenhof, Buurthuis Prinsenhof. Auf der gegen\u00fcber liegenden Seite des Kanals befindet sich die Cultuurkapel St-Vincent, die auch f\u00fcr Veranstaltungen gemietet werden kann.<\/p>\n\n<figure class=\"wp-block-image\"><img loading=\"lazy\" decoding=\"async\" width=\"1260\" height=\"841\" src=\"https:\/\/blog.myvideomedia.com\/wp-content\/uploads\/2019\/10\/Bridge-of-Imperial-Pleasures_DSC4047-1260x841.jpg\" alt=\"\" class=\"wp-image-24336\" srcset=\"https:\/\/blog.myvideomedia.com\/wp-content\/uploads\/2019\/10\/Bridge-of-Imperial-Pleasures_DSC4047-1260x841.jpg 1260w, https:\/\/blog.myvideomedia.com\/wp-content\/uploads\/2019\/10\/Bridge-of-Imperial-Pleasures_DSC4047-600x400.jpg 600w, https:\/\/blog.myvideomedia.com\/wp-content\/uploads\/2019\/10\/Bridge-of-Imperial-Pleasures_DSC4047-768x512.jpg 768w, https:\/\/blog.myvideomedia.com\/wp-content\/uploads\/2019\/10\/Bridge-of-Imperial-Pleasures_DSC4047.jpg 1304w\" sizes=\"auto, (max-width: 1260px) 100vw, 1260px\" \/><\/figure>\n<p>Vor dem Augustijnenklooster biegen wir ab in den Lievekaai und sto\u00dfen wieder auf die Burg Grafenstein. Von hier aus haben wir den pr\u00e4chtigsten Ausblick auf diese m\u00e4chtige Burg.&#13;\n<\/p>\n\n<figure class=\"wp-block-image\"><img loading=\"lazy\" decoding=\"async\" width=\"1260\" height=\"841\" src=\"https:\/\/blog.myvideomedia.com\/wp-content\/uploads\/2019\/10\/Gravensteen-Castle_DSC4056m-1260x841.jpg\" alt=\"\" class=\"wp-image-24338\" srcset=\"https:\/\/blog.myvideomedia.com\/wp-content\/uploads\/2019\/10\/Gravensteen-Castle_DSC4056m-1260x841.jpg 1260w, https:\/\/blog.myvideomedia.com\/wp-content\/uploads\/2019\/10\/Gravensteen-Castle_DSC4056m-600x400.jpg 600w, https:\/\/blog.myvideomedia.com\/wp-content\/uploads\/2019\/10\/Gravensteen-Castle_DSC4056m-768x512.jpg 768w, https:\/\/blog.myvideomedia.com\/wp-content\/uploads\/2019\/10\/Gravensteen-Castle_DSC4056m.jpg 1304w\" sizes=\"auto, (max-width: 1260px) 100vw, 1260px\" \/><\/figure>\n<p>In der Burgstraat Ecke Gewad befindet sich das Restaurant \u201eDe Gekroonde Hoofden\u201c. Schon die Fassade von 1560 ist \u00e4u\u00dferst sehenswert. Sie zeigt die B\u00fcsten der fl\u00e4mischen Grafen zwischen dem 12ten und 16ten Jahrhundert.<\/p>\n\n<figure class=\"wp-block-image\"><img loading=\"lazy\" decoding=\"async\" width=\"1260\" height=\"841\" src=\"https:\/\/blog.myvideomedia.com\/wp-content\/uploads\/2019\/10\/De-Gekroonde-Hoofden-Ghent_DSC4246-1260x841.jpg\" alt=\"\" class=\"wp-image-24330\" srcset=\"https:\/\/blog.myvideomedia.com\/wp-content\/uploads\/2019\/10\/De-Gekroonde-Hoofden-Ghent_DSC4246-1260x841.jpg 1260w, https:\/\/blog.myvideomedia.com\/wp-content\/uploads\/2019\/10\/De-Gekroonde-Hoofden-Ghent_DSC4246-600x400.jpg 600w, https:\/\/blog.myvideomedia.com\/wp-content\/uploads\/2019\/10\/De-Gekroonde-Hoofden-Ghent_DSC4246-768x512.jpg 768w, https:\/\/blog.myvideomedia.com\/wp-content\/uploads\/2019\/10\/De-Gekroonde-Hoofden-Ghent_DSC4246.jpg 1304w\" sizes=\"auto, (max-width: 1260px) 100vw, 1260px\" \/><\/figure>\n<p>Das ber\u00fchmteste Gesicht stellt Kaiser Karl V. dar und ist \u00fcber dem Eingangsportal zu finden.<\/p>\n\n<p>Die Spezialit\u00e4t des Hauses sind &#8222;Spare-ribs \u00e0 Volonte&#8220;, d.h. zum Pauschalpreis kann man so viele Spareribs essen, wie man mag. Es gibt sie Natur, oder mit unterschiedlichen Marinaden, serviert mit Salat, Brot und Kartoffeln. <\/p>\n\n<figure class=\"wp-block-image\"><img loading=\"lazy\" decoding=\"async\" width=\"1260\" height=\"841\" src=\"https:\/\/blog.myvideomedia.com\/wp-content\/uploads\/2019\/10\/De-Gekroonde-Hoofden_DSC4249-1260x841.jpg\" alt=\"\" class=\"wp-image-24332\" srcset=\"https:\/\/blog.myvideomedia.com\/wp-content\/uploads\/2019\/10\/De-Gekroonde-Hoofden_DSC4249-1260x841.jpg 1260w, https:\/\/blog.myvideomedia.com\/wp-content\/uploads\/2019\/10\/De-Gekroonde-Hoofden_DSC4249-600x400.jpg 600w, https:\/\/blog.myvideomedia.com\/wp-content\/uploads\/2019\/10\/De-Gekroonde-Hoofden_DSC4249-768x512.jpg 768w, https:\/\/blog.myvideomedia.com\/wp-content\/uploads\/2019\/10\/De-Gekroonde-Hoofden_DSC4249.jpg 1304w\" sizes=\"auto, (max-width: 1260px) 100vw, 1260px\" \/><\/figure>\n<p>Kaum hat man die ersten aufgegessen, kommt die Bedienung mit Nachschub. So kann man auch unterschiedliche Varianten probieren. Sie schmecken exzellent.<\/p>\n\n<figure class=\"wp-block-image\"><img loading=\"lazy\" decoding=\"async\" width=\"1260\" height=\"841\" src=\"https:\/\/blog.myvideomedia.com\/wp-content\/uploads\/2019\/10\/De-Gekroonde-Hoofden-spare-ribs20190505_183607m-1260x841.jpg\" alt=\"\" class=\"wp-image-24334\" srcset=\"https:\/\/blog.myvideomedia.com\/wp-content\/uploads\/2019\/10\/De-Gekroonde-Hoofden-spare-ribs20190505_183607m-1260x841.jpg 1260w, https:\/\/blog.myvideomedia.com\/wp-content\/uploads\/2019\/10\/De-Gekroonde-Hoofden-spare-ribs20190505_183607m-600x400.jpg 600w, https:\/\/blog.myvideomedia.com\/wp-content\/uploads\/2019\/10\/De-Gekroonde-Hoofden-spare-ribs20190505_183607m-768x512.jpg 768w, https:\/\/blog.myvideomedia.com\/wp-content\/uploads\/2019\/10\/De-Gekroonde-Hoofden-spare-ribs20190505_183607m.jpg 1304w\" sizes=\"auto, (max-width: 1260px) 100vw, 1260px\" \/><\/figure>\n<p>Allerdings sollte man unbedingt mindestens einen Tag vorher reservieren.<\/p>\n\n<p>Bitte lesen Sie weiter &gt; <a href=\"https:\/\/blog.myvideomedia.com\/de\/vom-bahnhof-in-die-innenstadt-von-gent\/\">Spaziergang vom Bahnhof in die Innenstadt<\/a><\/p>\n\n<h3 class=\"wp-block-heading\">Pin it &#8211; f\u00fcr sp\u00e4ter merken<\/h3>\n\n<figure class=\"wp-block-image\"><img decoding=\"async\" src=\"https:\/\/blog.myvideomedia.com\/wp-content\/uploads\/2019\/10\/Pin-Spaziergang-zum-Prinzenhof.jpg\" alt=\"Spaziergang zum Prinzenhof\" class=\"wp-image-24345\"\/><\/figure>\n<p>Text, Fotos und Video: Copyright \u00a9 <a href=\"https:\/\/www.myvideomedia.com\/de\" target=\"_blank\" rel=\"noreferrer noopener\" aria-label=\"myVideoMedia (oeffnet in neuem Tab)\">myVideoMedia<\/a><\/p>\n\n<p><em>Soundtrack im Video:<br\/>Where you are now by Hans Atom (c) copyright 2013  <br\/>Licensed under a Creative Commons Attribution (3.0) license.  http:\/\/dig.ccmixter.org\/files\/hansatom\/42021 Ft: Wolf<\/em><\/p>\n","protected":false},"excerpt":{"rendered":"<p>Nach unserer Fahrt mit dem Wandelbus machen wir uns zu Fu\u00df auf den Weg zum Prinzenhof. Der Prinzenhof wurde im 14. Jahrhundert f\u00fcr einen italienischen Financier und Politiker erbaut. Sp\u00e4ter wurde er zur Residenz der Grafen von Flandern umgewandelt. Der Kern nannte sich damals Hof zum Walle. Maximilian der Habsburger feierte hier feierlich mit Maria [&hellip;]<\/p>\n","protected":false},"author":1,"featured_media":24342,"comment_status":"open","ping_status":"closed","sticky":false,"template":"","format":"standard","meta":{"_genesis_hide_title":false,"_genesis_hide_breadcrumbs":false,"_genesis_hide_singular_image":false,"_genesis_hide_footer_widgets":false,"_genesis_custom_body_class":"","_genesis_custom_post_class":"","_genesis_layout":"","footnotes":""},"categories":[499,1550,1175],"tags":[1326],"class_list":{"0":"post-24347","1":"post","2":"type-post","3":"status-publish","4":"format-standard","5":"has-post-thumbnail","7":"category-belgien","8":"category-europa","9":"category-flandern","10":"tag-stadtrundgang","11":"entry"},"yoast_head":"<!-- This site is optimized with the Yoast SEO plugin v27.4 - https:\/\/yoast.com\/product\/yoast-seo-wordpress\/ -->\n<title>Spaziergang zum Prinzenhof in Gent - Belgien - Reise Video Blog<\/title>\n<meta name=\"description\" content=\"Nach der Fahrt mit dem Wandelbus schlendern wir durch die mittelalterlichen Stra\u00dfen zum Prinzenhof. Wir beenden unseren Spaziergang mit leckeren Spareribs.\" \/>\n<meta name=\"robots\" content=\"index, follow, max-snippet:-1, max-image-preview:large, max-video-preview:-1\" \/>\n<link rel=\"canonical\" href=\"https:\/\/blog.myvideomedia.com\/de\/spaziergang-zum-prinzenhof-in-gent\/\" \/>\n<meta property=\"og:locale\" content=\"de_DE\" \/>\n<meta property=\"og:type\" content=\"article\" \/>\n<meta property=\"og:title\" content=\"Spaziergang zum Prinzenhof in Gent - Belgien - Reise Video Blog\" \/>\n<meta property=\"og:description\" content=\"Nach der Fahrt mit dem Wandelbus schlendern wir durch die mittelalterlichen Stra\u00dfen zum Prinzenhof. Wir beenden unseren Spaziergang mit leckeren Spareribs.\" \/>\n<meta property=\"og:url\" content=\"https:\/\/blog.myvideomedia.com\/de\/spaziergang-zum-prinzenhof-in-gent\/\" \/>\n<meta property=\"og:site_name\" content=\"Reise Video Blog\" \/>\n<meta property=\"article:publisher\" content=\"https:\/\/www.facebook.com\/ursula.streit.520\" \/>\n<meta property=\"article:author\" content=\"https:\/\/www.facebook.com\/ursula.streit.520\" \/>\n<meta property=\"article:published_time\" content=\"2019-10-19T06:57:25+00:00\" \/>\n<meta property=\"article:modified_time\" content=\"2020-03-06T16:08:24+00:00\" \/>\n<meta property=\"og:image\" content=\"https:\/\/blog.myvideomedia.com\/wp-content\/uploads\/2019\/10\/Prinsenhof_DSC4012.jpg\" \/>\n\t<meta property=\"og:image:width\" content=\"1304\" \/>\n\t<meta property=\"og:image:height\" content=\"870\" \/>\n\t<meta property=\"og:image:type\" content=\"image\/jpeg\" \/>\n<meta name=\"author\" content=\"myVideoMedia\" \/>\n<meta name=\"twitter:card\" content=\"summary_large_image\" \/>\n<meta name=\"twitter:creator\" content=\"@myvideomedia\" \/>\n<meta name=\"twitter:site\" content=\"@myvideomedia\" \/>\n<meta name=\"twitter:label1\" content=\"Verfasst von\" \/>\n\t<meta name=\"twitter:data1\" content=\"myVideoMedia\" \/>\n\t<meta name=\"twitter:label2\" content=\"Gesch\u00e4tzte Lesezeit\" \/>\n\t<meta name=\"twitter:data2\" content=\"5\u00a0Minuten\" \/>\n<script type=\"application\/ld+json\" class=\"yoast-schema-graph\">{\"@context\":\"https:\\\/\\\/schema.org\",\"@graph\":[{\"@type\":\"Article\",\"@id\":\"https:\\\/\\\/blog.myvideomedia.com\\\/de\\\/spaziergang-zum-prinzenhof-in-gent\\\/#article\",\"isPartOf\":{\"@id\":\"https:\\\/\\\/blog.myvideomedia.com\\\/de\\\/spaziergang-zum-prinzenhof-in-gent\\\/\"},\"author\":{\"name\":\"myVideoMedia\",\"@id\":\"https:\\\/\\\/blog.myvideomedia.com\\\/de\\\/#\\\/schema\\\/person\\\/87be8fbbed69b1562242448c1c3dcbec\"},\"headline\":\"Spaziergang zum Prinzenhof in Gent\",\"datePublished\":\"2019-10-19T06:57:25+00:00\",\"dateModified\":\"2020-03-06T16:08:24+00:00\",\"mainEntityOfPage\":{\"@id\":\"https:\\\/\\\/blog.myvideomedia.com\\\/de\\\/spaziergang-zum-prinzenhof-in-gent\\\/\"},\"wordCount\":910,\"commentCount\":0,\"publisher\":{\"@id\":\"https:\\\/\\\/blog.myvideomedia.com\\\/de\\\/#\\\/schema\\\/person\\\/87be8fbbed69b1562242448c1c3dcbec\"},\"image\":{\"@id\":\"https:\\\/\\\/blog.myvideomedia.com\\\/de\\\/spaziergang-zum-prinzenhof-in-gent\\\/#primaryimage\"},\"thumbnailUrl\":\"https:\\\/\\\/blog.myvideomedia.com\\\/wp-content\\\/uploads\\\/2019\\\/10\\\/Prinsenhof_DSC4012.jpg\",\"keywords\":[\"Stadtrundgang\"],\"articleSection\":[\"Belgien\",\"Europa\",\"Flandern\"],\"inLanguage\":\"de\",\"potentialAction\":[{\"@type\":\"CommentAction\",\"name\":\"Comment\",\"target\":[\"https:\\\/\\\/blog.myvideomedia.com\\\/de\\\/spaziergang-zum-prinzenhof-in-gent\\\/#respond\"]}]},{\"@type\":\"WebPage\",\"@id\":\"https:\\\/\\\/blog.myvideomedia.com\\\/de\\\/spaziergang-zum-prinzenhof-in-gent\\\/\",\"url\":\"https:\\\/\\\/blog.myvideomedia.com\\\/de\\\/spaziergang-zum-prinzenhof-in-gent\\\/\",\"name\":\"Spaziergang zum Prinzenhof in Gent - Belgien - Reise Video Blog\",\"isPartOf\":{\"@id\":\"https:\\\/\\\/blog.myvideomedia.com\\\/de\\\/#website\"},\"primaryImageOfPage\":{\"@id\":\"https:\\\/\\\/blog.myvideomedia.com\\\/de\\\/spaziergang-zum-prinzenhof-in-gent\\\/#primaryimage\"},\"image\":{\"@id\":\"https:\\\/\\\/blog.myvideomedia.com\\\/de\\\/spaziergang-zum-prinzenhof-in-gent\\\/#primaryimage\"},\"thumbnailUrl\":\"https:\\\/\\\/blog.myvideomedia.com\\\/wp-content\\\/uploads\\\/2019\\\/10\\\/Prinsenhof_DSC4012.jpg\",\"datePublished\":\"2019-10-19T06:57:25+00:00\",\"dateModified\":\"2020-03-06T16:08:24+00:00\",\"description\":\"Nach der Fahrt mit dem Wandelbus schlendern wir durch die mittelalterlichen Stra\u00dfen zum Prinzenhof. Wir beenden unseren Spaziergang mit leckeren Spareribs.\",\"breadcrumb\":{\"@id\":\"https:\\\/\\\/blog.myvideomedia.com\\\/de\\\/spaziergang-zum-prinzenhof-in-gent\\\/#breadcrumb\"},\"inLanguage\":\"de\",\"potentialAction\":[{\"@type\":\"ReadAction\",\"target\":[\"https:\\\/\\\/blog.myvideomedia.com\\\/de\\\/spaziergang-zum-prinzenhof-in-gent\\\/\"]}]},{\"@type\":\"ImageObject\",\"inLanguage\":\"de\",\"@id\":\"https:\\\/\\\/blog.myvideomedia.com\\\/de\\\/spaziergang-zum-prinzenhof-in-gent\\\/#primaryimage\",\"url\":\"https:\\\/\\\/blog.myvideomedia.com\\\/wp-content\\\/uploads\\\/2019\\\/10\\\/Prinsenhof_DSC4012.jpg\",\"contentUrl\":\"https:\\\/\\\/blog.myvideomedia.com\\\/wp-content\\\/uploads\\\/2019\\\/10\\\/Prinsenhof_DSC4012.jpg\",\"width\":1304,\"height\":870,\"caption\":\"Strolling to the Prinsenhof\"},{\"@type\":\"BreadcrumbList\",\"@id\":\"https:\\\/\\\/blog.myvideomedia.com\\\/de\\\/spaziergang-zum-prinzenhof-in-gent\\\/#breadcrumb\",\"itemListElement\":[{\"@type\":\"ListItem\",\"position\":1,\"name\":\"Home\",\"item\":\"https:\\\/\\\/blog.myvideomedia.com\\\/de\\\/\"},{\"@type\":\"ListItem\",\"position\":2,\"name\":\"Spaziergang zum Prinzenhof in Gent\"}]},{\"@type\":\"WebSite\",\"@id\":\"https:\\\/\\\/blog.myvideomedia.com\\\/de\\\/#website\",\"url\":\"https:\\\/\\\/blog.myvideomedia.com\\\/de\\\/\",\"name\":\"Travel Video Blog\",\"description\":\"myVideoMedia Reisetipps und Reisevideos\",\"publisher\":{\"@id\":\"https:\\\/\\\/blog.myvideomedia.com\\\/de\\\/#\\\/schema\\\/person\\\/87be8fbbed69b1562242448c1c3dcbec\"},\"potentialAction\":[{\"@type\":\"SearchAction\",\"target\":{\"@type\":\"EntryPoint\",\"urlTemplate\":\"https:\\\/\\\/blog.myvideomedia.com\\\/de\\\/?s={search_term_string}\"},\"query-input\":{\"@type\":\"PropertyValueSpecification\",\"valueRequired\":true,\"valueName\":\"search_term_string\"}}],\"inLanguage\":\"de\"},{\"@type\":[\"Person\",\"Organization\"],\"@id\":\"https:\\\/\\\/blog.myvideomedia.com\\\/de\\\/#\\\/schema\\\/person\\\/87be8fbbed69b1562242448c1c3dcbec\",\"name\":\"myVideoMedia\",\"image\":{\"@type\":\"ImageObject\",\"inLanguage\":\"de\",\"@id\":\"https:\\\/\\\/secure.gravatar.com\\\/avatar\\\/460720160715ef8975b781abd1b6985e55ce2f01567bb6757bebd73e7cf74c97?s=96&d=mm&r=g\",\"url\":\"https:\\\/\\\/secure.gravatar.com\\\/avatar\\\/460720160715ef8975b781abd1b6985e55ce2f01567bb6757bebd73e7cf74c97?s=96&d=mm&r=g\",\"contentUrl\":\"https:\\\/\\\/secure.gravatar.com\\\/avatar\\\/460720160715ef8975b781abd1b6985e55ce2f01567bb6757bebd73e7cf74c97?s=96&d=mm&r=g\",\"caption\":\"myVideoMedia\"},\"logo\":{\"@id\":\"https:\\\/\\\/secure.gravatar.com\\\/avatar\\\/460720160715ef8975b781abd1b6985e55ce2f01567bb6757bebd73e7cf74c97?s=96&d=mm&r=g\"},\"description\":\"\\\"The World is a book, and those who do not travel read only a page\\\" - Aurelius Augustinus (354 - 430 AD) Travel is our passion. With our posts and videos we like to inspire people who are planning or preparing for holidays as well as people who simply want to escape from everyday life and dream of faraway countries.\",\"sameAs\":[\"https:\\\/\\\/www.myvideomedia.com\",\"https:\\\/\\\/www.facebook.com\\\/ursula.streit.520\"],\"url\":\"https:\\\/\\\/blog.myvideomedia.com\\\/de\\\/author\\\/traveladm\\\/\"}]}<\/script>\n<!-- \/ Yoast SEO plugin. -->","yoast_head_json":{"title":"Spaziergang zum Prinzenhof in Gent - Belgien - Reise Video Blog","description":"Nach der Fahrt mit dem Wandelbus schlendern wir durch die mittelalterlichen Stra\u00dfen zum Prinzenhof. Wir beenden unseren Spaziergang mit leckeren Spareribs.","robots":{"index":"index","follow":"follow","max-snippet":"max-snippet:-1","max-image-preview":"max-image-preview:large","max-video-preview":"max-video-preview:-1"},"canonical":"https:\/\/blog.myvideomedia.com\/de\/spaziergang-zum-prinzenhof-in-gent\/","og_locale":"de_DE","og_type":"article","og_title":"Spaziergang zum Prinzenhof in Gent - Belgien - Reise Video Blog","og_description":"Nach der Fahrt mit dem Wandelbus schlendern wir durch die mittelalterlichen Stra\u00dfen zum Prinzenhof. Wir beenden unseren Spaziergang mit leckeren Spareribs.","og_url":"https:\/\/blog.myvideomedia.com\/de\/spaziergang-zum-prinzenhof-in-gent\/","og_site_name":"Reise Video Blog","article_publisher":"https:\/\/www.facebook.com\/ursula.streit.520","article_author":"https:\/\/www.facebook.com\/ursula.streit.520","article_published_time":"2019-10-19T06:57:25+00:00","article_modified_time":"2020-03-06T16:08:24+00:00","og_image":[{"width":1304,"height":870,"url":"https:\/\/blog.myvideomedia.com\/wp-content\/uploads\/2019\/10\/Prinsenhof_DSC4012.jpg","type":"image\/jpeg"}],"author":"myVideoMedia","twitter_card":"summary_large_image","twitter_creator":"@myvideomedia","twitter_site":"@myvideomedia","twitter_misc":{"Verfasst von":"myVideoMedia","Gesch\u00e4tzte Lesezeit":"5\u00a0Minuten"},"schema":{"@context":"https:\/\/schema.org","@graph":[{"@type":"Article","@id":"https:\/\/blog.myvideomedia.com\/de\/spaziergang-zum-prinzenhof-in-gent\/#article","isPartOf":{"@id":"https:\/\/blog.myvideomedia.com\/de\/spaziergang-zum-prinzenhof-in-gent\/"},"author":{"name":"myVideoMedia","@id":"https:\/\/blog.myvideomedia.com\/de\/#\/schema\/person\/87be8fbbed69b1562242448c1c3dcbec"},"headline":"Spaziergang zum Prinzenhof in Gent","datePublished":"2019-10-19T06:57:25+00:00","dateModified":"2020-03-06T16:08:24+00:00","mainEntityOfPage":{"@id":"https:\/\/blog.myvideomedia.com\/de\/spaziergang-zum-prinzenhof-in-gent\/"},"wordCount":910,"commentCount":0,"publisher":{"@id":"https:\/\/blog.myvideomedia.com\/de\/#\/schema\/person\/87be8fbbed69b1562242448c1c3dcbec"},"image":{"@id":"https:\/\/blog.myvideomedia.com\/de\/spaziergang-zum-prinzenhof-in-gent\/#primaryimage"},"thumbnailUrl":"https:\/\/blog.myvideomedia.com\/wp-content\/uploads\/2019\/10\/Prinsenhof_DSC4012.jpg","keywords":["Stadtrundgang"],"articleSection":["Belgien","Europa","Flandern"],"inLanguage":"de","potentialAction":[{"@type":"CommentAction","name":"Comment","target":["https:\/\/blog.myvideomedia.com\/de\/spaziergang-zum-prinzenhof-in-gent\/#respond"]}]},{"@type":"WebPage","@id":"https:\/\/blog.myvideomedia.com\/de\/spaziergang-zum-prinzenhof-in-gent\/","url":"https:\/\/blog.myvideomedia.com\/de\/spaziergang-zum-prinzenhof-in-gent\/","name":"Spaziergang zum Prinzenhof in Gent - Belgien - Reise Video Blog","isPartOf":{"@id":"https:\/\/blog.myvideomedia.com\/de\/#website"},"primaryImageOfPage":{"@id":"https:\/\/blog.myvideomedia.com\/de\/spaziergang-zum-prinzenhof-in-gent\/#primaryimage"},"image":{"@id":"https:\/\/blog.myvideomedia.com\/de\/spaziergang-zum-prinzenhof-in-gent\/#primaryimage"},"thumbnailUrl":"https:\/\/blog.myvideomedia.com\/wp-content\/uploads\/2019\/10\/Prinsenhof_DSC4012.jpg","datePublished":"2019-10-19T06:57:25+00:00","dateModified":"2020-03-06T16:08:24+00:00","description":"Nach der Fahrt mit dem Wandelbus schlendern wir durch die mittelalterlichen Stra\u00dfen zum Prinzenhof. Wir beenden unseren Spaziergang mit leckeren Spareribs.","breadcrumb":{"@id":"https:\/\/blog.myvideomedia.com\/de\/spaziergang-zum-prinzenhof-in-gent\/#breadcrumb"},"inLanguage":"de","potentialAction":[{"@type":"ReadAction","target":["https:\/\/blog.myvideomedia.com\/de\/spaziergang-zum-prinzenhof-in-gent\/"]}]},{"@type":"ImageObject","inLanguage":"de","@id":"https:\/\/blog.myvideomedia.com\/de\/spaziergang-zum-prinzenhof-in-gent\/#primaryimage","url":"https:\/\/blog.myvideomedia.com\/wp-content\/uploads\/2019\/10\/Prinsenhof_DSC4012.jpg","contentUrl":"https:\/\/blog.myvideomedia.com\/wp-content\/uploads\/2019\/10\/Prinsenhof_DSC4012.jpg","width":1304,"height":870,"caption":"Strolling to the Prinsenhof"},{"@type":"BreadcrumbList","@id":"https:\/\/blog.myvideomedia.com\/de\/spaziergang-zum-prinzenhof-in-gent\/#breadcrumb","itemListElement":[{"@type":"ListItem","position":1,"name":"Home","item":"https:\/\/blog.myvideomedia.com\/de\/"},{"@type":"ListItem","position":2,"name":"Spaziergang zum Prinzenhof in Gent"}]},{"@type":"WebSite","@id":"https:\/\/blog.myvideomedia.com\/de\/#website","url":"https:\/\/blog.myvideomedia.com\/de\/","name":"Travel Video Blog","description":"myVideoMedia Reisetipps und Reisevideos","publisher":{"@id":"https:\/\/blog.myvideomedia.com\/de\/#\/schema\/person\/87be8fbbed69b1562242448c1c3dcbec"},"potentialAction":[{"@type":"SearchAction","target":{"@type":"EntryPoint","urlTemplate":"https:\/\/blog.myvideomedia.com\/de\/?s={search_term_string}"},"query-input":{"@type":"PropertyValueSpecification","valueRequired":true,"valueName":"search_term_string"}}],"inLanguage":"de"},{"@type":["Person","Organization"],"@id":"https:\/\/blog.myvideomedia.com\/de\/#\/schema\/person\/87be8fbbed69b1562242448c1c3dcbec","name":"myVideoMedia","image":{"@type":"ImageObject","inLanguage":"de","@id":"https:\/\/secure.gravatar.com\/avatar\/460720160715ef8975b781abd1b6985e55ce2f01567bb6757bebd73e7cf74c97?s=96&d=mm&r=g","url":"https:\/\/secure.gravatar.com\/avatar\/460720160715ef8975b781abd1b6985e55ce2f01567bb6757bebd73e7cf74c97?s=96&d=mm&r=g","contentUrl":"https:\/\/secure.gravatar.com\/avatar\/460720160715ef8975b781abd1b6985e55ce2f01567bb6757bebd73e7cf74c97?s=96&d=mm&r=g","caption":"myVideoMedia"},"logo":{"@id":"https:\/\/secure.gravatar.com\/avatar\/460720160715ef8975b781abd1b6985e55ce2f01567bb6757bebd73e7cf74c97?s=96&d=mm&r=g"},"description":"\"The World is a book, and those who do not travel read only a page\" - Aurelius Augustinus (354 - 430 AD) Travel is our passion. With our posts and videos we like to inspire people who are planning or preparing for holidays as well as people who simply want to escape from everyday life and dream of faraway countries.","sameAs":["https:\/\/www.myvideomedia.com","https:\/\/www.facebook.com\/ursula.streit.520"],"url":"https:\/\/blog.myvideomedia.com\/de\/author\/traveladm\/"}]}},"featured_image_src":"https:\/\/blog.myvideomedia.com\/wp-content\/uploads\/2019\/10\/Prinsenhof_DSC4012.jpg","featured_image_src_square":"https:\/\/blog.myvideomedia.com\/wp-content\/uploads\/2019\/10\/Prinsenhof_DSC4012.jpg","author_info":{"display_name":"myVideoMedia","author_link":"https:\/\/blog.myvideomedia.com\/de\/author\/traveladm\/"},"_links":{"self":[{"href":"https:\/\/blog.myvideomedia.com\/de\/wp-json\/wp\/v2\/posts\/24347","targetHints":{"allow":["GET"]}}],"collection":[{"href":"https:\/\/blog.myvideomedia.com\/de\/wp-json\/wp\/v2\/posts"}],"about":[{"href":"https:\/\/blog.myvideomedia.com\/de\/wp-json\/wp\/v2\/types\/post"}],"author":[{"embeddable":true,"href":"https:\/\/blog.myvideomedia.com\/de\/wp-json\/wp\/v2\/users\/1"}],"replies":[{"embeddable":true,"href":"https:\/\/blog.myvideomedia.com\/de\/wp-json\/wp\/v2\/comments?post=24347"}],"version-history":[{"count":0,"href":"https:\/\/blog.myvideomedia.com\/de\/wp-json\/wp\/v2\/posts\/24347\/revisions"}],"wp:featuredmedia":[{"embeddable":true,"href":"https:\/\/blog.myvideomedia.com\/de\/wp-json\/wp\/v2\/media\/24342"}],"wp:attachment":[{"href":"https:\/\/blog.myvideomedia.com\/de\/wp-json\/wp\/v2\/media?parent=24347"}],"wp:term":[{"taxonomy":"category","embeddable":true,"href":"https:\/\/blog.myvideomedia.com\/de\/wp-json\/wp\/v2\/categories?post=24347"},{"taxonomy":"post_tag","embeddable":true,"href":"https:\/\/blog.myvideomedia.com\/de\/wp-json\/wp\/v2\/tags?post=24347"}],"curies":[{"name":"wp","href":"https:\/\/api.w.org\/{rel}","templated":true}]}}