{"id":24385,"date":"2019-10-22T07:27:38","date_gmt":"2019-10-22T06:27:38","guid":{"rendered":"https:\/\/blog.myvideomedia.com\/?p=24385"},"modified":"2019-10-25T15:24:56","modified_gmt":"2019-10-25T14:24:56","slug":"vom-bahnhof-in-die-innenstadt-von-gent","status":"publish","type":"post","link":"https:\/\/blog.myvideomedia.com\/de\/vom-bahnhof-in-die-innenstadt-von-gent\/","title":{"rendered":"Vom Bahnhof in die Innenstadt von Gent"},"content":{"rendered":"\n<p>Wir nutzen die Gelegenheit am Sonntag und nehmen die Stra\u00dfenbahn zum Bahnhof Gent-Sint-Pieters. Gelegenheit deshalb, da am ersten Sonntag im Monat die \u00f6ffentlichen Verkehrsmittel in Gent kostenlos sind! Es ist verkaufsoffener Sonntag. Ein wirklich vorbildlicher Service!<\/p>\n\n<p>Die Haltestelle der Stra\u00dfenbahn liegt unter modernen Geb\u00e4uden, die ebenfalls Teil des Bahnhofs sind. Nur wenige Schritte entfernt befindet sich aber der historische Bahnhof. Er wurde zur Weltausstellung 1913 erbaut. Die Eingangshalle ist mit wundersch\u00f6nen Mosaiken geschm\u00fcckt. <\/p>\n\n<figure class=\"wp-block-image\"><img loading=\"lazy\" decoding=\"async\" width=\"1260\" height=\"841\" src=\"https:\/\/blog.myvideomedia.com\/wp-content\/uploads\/2019\/10\/Train-station_DSC4072-1260x841.jpg\" alt=\"Bahnhof Gent\" class=\"wp-image-24357\" srcset=\"https:\/\/blog.myvideomedia.com\/wp-content\/uploads\/2019\/10\/Train-station_DSC4072-1260x841.jpg 1260w, https:\/\/blog.myvideomedia.com\/wp-content\/uploads\/2019\/10\/Train-station_DSC4072-600x400.jpg 600w, https:\/\/blog.myvideomedia.com\/wp-content\/uploads\/2019\/10\/Train-station_DSC4072-768x512.jpg 768w, https:\/\/blog.myvideomedia.com\/wp-content\/uploads\/2019\/10\/Train-station_DSC4072.jpg 1304w\" sizes=\"auto, (max-width: 1260px) 100vw, 1260px\" \/><\/figure>\n<h3 class=\"wp-block-heading\"><a href=\"https:\/\/youtu.be\/b-oIaO2gP9s\" target=\"_blank\" rel=\"noreferrer noopener\" aria-label=\"Hier sehen Sie das 4K UHD Video (oeffnet in neuem Tab)\">Hier sehen Sie das 4K UHD Video<\/a><\/h3>\n<figure> <div class=\"brlbs-cmpnt-container brlbs-cmpnt-content-blocker brlbs-cmpnt-with-individual-styles\" data-borlabs-cookie-content-blocker-id=\"youtube-content-blocker\" data-borlabs-cookie-content=\"PGlmcmFtZSBzcmM9Imh0dHBzOi8vd3d3LnlvdXR1YmUtbm9jb29raWUuY29tL2VtYmVkL2Itb0lhTzJnUDlzIiB3aWR0aD0iNjAwIiBoZWlnaHQ9IjMzOCI+PC9pZnJhbWU+\"><div class=\"brlbs-cmpnt-cb-preset-c brlbs-cmpnt-cb-youtube\"> <div class=\"brlbs-cmpnt-cb-thumbnail\" style=\"background-image: url('https:\/\/blog.myvideomedia.com\/wp-content\/uploads\/borlabs-cookie\/1\/yt_b-oIaO2gP9s_hqdefault.jpg')\"><\/div> <div class=\"brlbs-cmpnt-cb-main\"> <div class=\"brlbs-cmpnt-cb-play-button\"><\/div> <div class=\"brlbs-cmpnt-cb-content\"> <p class=\"brlbs-cmpnt-cb-description\">Sie sehen gerade einen Platzhalterinhalt von <strong>YouTube<\/strong>. Um auf den eigentlichen Inhalt zuzugreifen, klicken Sie auf die Schaltfl\u00e4che unten. Bitte beachten Sie, dass dabei Daten an Drittanbieter weitergegeben werden.<\/p> <a class=\"brlbs-cmpnt-cb-provider-toggle\" href=\"#\" data-borlabs-cookie-show-provider-information role=\"button\">Mehr Informationen<\/a> <\/div> <div class=\"brlbs-cmpnt-cb-buttons\"> <a class=\"brlbs-cmpnt-cb-btn\" href=\"#\" data-borlabs-cookie-unblock role=\"button\">Inhalt entsperren<\/a> <a class=\"brlbs-cmpnt-cb-btn\" href=\"#\" data-borlabs-cookie-accept-service role=\"button\" style=\"display: inherit\">Erforderlichen Service akzeptieren und Inhalte entsperren<\/a> <\/div> <\/div> <\/div><\/div><\/figure>\r\n\n<p>Vor dem Bahnhof befindet sich ein kleiner Park rund um ein Denkmal. Der Platz ist nach K\u00f6nigin Maria Hendrikaplein benannt. Er dient auch als Fahrradparkplatz, auf den viele deutsche St\u00e4dte stolz sein k\u00f6nnten. <\/p>\n\n<p>Auf dem Platz findet gerade ein Bio-Markt statt.<\/p>\n\n<figure class=\"wp-block-image\"><img loading=\"lazy\" decoding=\"async\" width=\"1260\" height=\"841\" src=\"https:\/\/blog.myvideomedia.com\/wp-content\/uploads\/2019\/10\/Train-station-Market_DSC4081-1260x841.jpg\" alt=\"Biomarkt\" class=\"wp-image-24359\" srcset=\"https:\/\/blog.myvideomedia.com\/wp-content\/uploads\/2019\/10\/Train-station-Market_DSC4081-1260x841.jpg 1260w, https:\/\/blog.myvideomedia.com\/wp-content\/uploads\/2019\/10\/Train-station-Market_DSC4081-600x400.jpg 600w, https:\/\/blog.myvideomedia.com\/wp-content\/uploads\/2019\/10\/Train-station-Market_DSC4081-768x512.jpg 768w, https:\/\/blog.myvideomedia.com\/wp-content\/uploads\/2019\/10\/Train-station-Market_DSC4081.jpg 1304w\" sizes=\"auto, (max-width: 1260px) 100vw, 1260px\" \/><\/figure>\n<p>Wir kehren zur\u00fcck bis zur Bagattenstraat und sto\u00dfen direkt auf das Kulturzentrum Vooruit. Es ist das Herz des Kulturlebens in Gent. Es beinhaltet auch ein Theater. <\/p>\n\n<figure class=\"wp-block-image\"><img loading=\"lazy\" decoding=\"async\" width=\"841\" height=\"1260\" src=\"https:\/\/blog.myvideomedia.com\/wp-content\/uploads\/2019\/10\/Vooruit-Ghent_DSC4092-841x1260.jpg\" alt=\"Kulturzentrum Vooruit\" class=\"wp-image-24361\" srcset=\"https:\/\/blog.myvideomedia.com\/wp-content\/uploads\/2019\/10\/Vooruit-Ghent_DSC4092-841x1260.jpg 841w, https:\/\/blog.myvideomedia.com\/wp-content\/uploads\/2019\/10\/Vooruit-Ghent_DSC4092-400x600.jpg 400w, https:\/\/blog.myvideomedia.com\/wp-content\/uploads\/2019\/10\/Vooruit-Ghent_DSC4092-768x1151.jpg 768w, https:\/\/blog.myvideomedia.com\/wp-content\/uploads\/2019\/10\/Vooruit-Ghent_DSC4092.jpg 854w\" sizes=\"auto, (max-width: 841px) 100vw, 841px\" \/><\/figure>\n<p>Direkt um die Ecke in der Lammerstraat sto\u00dfen wir auf den modernen dunklen Bau De Krook. Wir befinden uns im Herzen des Kulturzentrums der Stadt. Das architektonisch herausragende Bauwerk ist eine Bibliothek und ein Treffpunkt f\u00fcr Kultur- und Innovations- Interessierte.<\/p>\n\n<figure class=\"wp-block-image\"><img loading=\"lazy\" decoding=\"async\" width=\"1260\" height=\"841\" src=\"https:\/\/blog.myvideomedia.com\/wp-content\/uploads\/2019\/10\/De-Krook_DSC4099m-1260x841.jpg\" alt=\"De Krook\" class=\"wp-image-24377\" srcset=\"https:\/\/blog.myvideomedia.com\/wp-content\/uploads\/2019\/10\/De-Krook_DSC4099m-1260x841.jpg 1260w, https:\/\/blog.myvideomedia.com\/wp-content\/uploads\/2019\/10\/De-Krook_DSC4099m-600x400.jpg 600w, https:\/\/blog.myvideomedia.com\/wp-content\/uploads\/2019\/10\/De-Krook_DSC4099m-768x512.jpg 768w, https:\/\/blog.myvideomedia.com\/wp-content\/uploads\/2019\/10\/De-Krook_DSC4099m.jpg 1304w\" sizes=\"auto, (max-width: 1260px) 100vw, 1260px\" \/><\/figure>\n<p>Wir befinden uns mitten im kulturellen Leben der Stadt. Das architektonisch herausragende Bauwerk ist eine Bibliothek und ein Treffpunkt f\u00fcr Kultur- und Innovations- Interessierte.<\/p>\n\n<figure class=\"wp-block-image\"><img loading=\"lazy\" decoding=\"async\" width=\"1260\" height=\"841\" src=\"https:\/\/blog.myvideomedia.com\/wp-content\/uploads\/2019\/10\/Ghent_DSC4102m-1260x841.jpg\" alt=\"Woodrow Wilsonplein\" class=\"wp-image-24379\" srcset=\"https:\/\/blog.myvideomedia.com\/wp-content\/uploads\/2019\/10\/Ghent_DSC4102m-1260x841.jpg 1260w, https:\/\/blog.myvideomedia.com\/wp-content\/uploads\/2019\/10\/Ghent_DSC4102m-600x400.jpg 600w, https:\/\/blog.myvideomedia.com\/wp-content\/uploads\/2019\/10\/Ghent_DSC4102m-768x512.jpg 768w, https:\/\/blog.myvideomedia.com\/wp-content\/uploads\/2019\/10\/Ghent_DSC4102m.jpg 1304w\" sizes=\"auto, (max-width: 1260px) 100vw, 1260px\" \/><\/figure>\n<p>Der Woodrow Wilsonplein, ein m\u00e4chtiger Platz, ist einges\u00e4umt von Einkaufszentren und diversen Kulturgeb\u00e4uden. Wir verlieren etwas die Orientierung und landen bei der Sint-Annakerk und biegen in den Brabantdam ein.<\/p>\n<div id=\"myvid-2747630165\" style=\"margin-top: 5px;margin-bottom: 5px;margin-left: auto;margin-right: auto;text-align: center;\" data-cfpa=\"24239\" data-cfpw=\"24239\"><div class=\"myvid-adlabel\">Anzeige<\/div><div data-gyg-href=\"https:\/\/widget.getyourguide.com\/default\/activites.frame\" data-gyg-locale-code=\"en-US\" data-gyg-widget=\"activities\" data-gyg-number-of-items=\"3\" data-gyg-cmp=\"Ghent\" data-gyg-currency=\"USD\" data-gyg-partner-id=\"WA7ZVJZ\" data-gyg-placement=\"content-middle\" data-gyg-q=\"Ghent\"><\/div><script async defer src=\"https:\/\/widget.getyourguide.com\/v2\/widget.js\"><\/script><\/div><script type=\"text\/javascript\">;new advadsCfpAd( 24239 );<\/script>\n<p>Unterwegs sto\u00dfen wir unvermittelt auf eine kleine \u00fcberdachte Fu\u00dfg\u00e4ngerpassage, die Glass Alley. Im ersten Moment halten wir sie f\u00fcr eine Einkaufspassage, die sich jedoch rasch als Rotlichtbezirk entpuppt.\r\n<\/p>\n\n<figure class=\"wp-block-image\"><img loading=\"lazy\" decoding=\"async\" width=\"1260\" height=\"841\" src=\"https:\/\/blog.myvideomedia.com\/wp-content\/uploads\/2019\/10\/Route-du-soleil-Ghent_DSC4107-1260x841.jpg\" alt=\"\" class=\"wp-image-24365\" srcset=\"https:\/\/blog.myvideomedia.com\/wp-content\/uploads\/2019\/10\/Route-du-soleil-Ghent_DSC4107-1260x841.jpg 1260w, https:\/\/blog.myvideomedia.com\/wp-content\/uploads\/2019\/10\/Route-du-soleil-Ghent_DSC4107-600x400.jpg 600w, https:\/\/blog.myvideomedia.com\/wp-content\/uploads\/2019\/10\/Route-du-soleil-Ghent_DSC4107-768x512.jpg 768w, https:\/\/blog.myvideomedia.com\/wp-content\/uploads\/2019\/10\/Route-du-soleil-Ghent_DSC4107.jpg 1304w\" sizes=\"auto, (max-width: 1260px) 100vw, 1260px\" \/><\/figure>\n<p>Vom Lieven Bauwensplein haben wir einen sch\u00f6nen Blick auf die Burganlage Kasteel Geraard de Duivelsteen. Der urspr\u00fcngliche Besitzer, Graf Geeraad Vilain wurde wegen seiner dunklen Hautfarbe Geeraard der Teufel genannt.<\/p>\n\n<figure class=\"wp-block-image\"><img loading=\"lazy\" decoding=\"async\" width=\"1260\" height=\"841\" src=\"https:\/\/blog.myvideomedia.com\/wp-content\/uploads\/2019\/10\/Kasteel-Geeraard-de-Duivelsteen_DSC4116-1260x841.jpg\" alt=\"Kasteel Geeraard de Duivelsteen\" class=\"wp-image-24367\" srcset=\"https:\/\/blog.myvideomedia.com\/wp-content\/uploads\/2019\/10\/Kasteel-Geeraard-de-Duivelsteen_DSC4116-1260x841.jpg 1260w, https:\/\/blog.myvideomedia.com\/wp-content\/uploads\/2019\/10\/Kasteel-Geeraard-de-Duivelsteen_DSC4116-600x400.jpg 600w, https:\/\/blog.myvideomedia.com\/wp-content\/uploads\/2019\/10\/Kasteel-Geeraard-de-Duivelsteen_DSC4116-768x512.jpg 768w, https:\/\/blog.myvideomedia.com\/wp-content\/uploads\/2019\/10\/Kasteel-Geeraard-de-Duivelsteen_DSC4116.jpg 1304w\" sizes=\"auto, (max-width: 1260px) 100vw, 1260px\" \/><\/figure>\n<p>Wir kehren aber wieder um und gehen zum Blumenmarkt am Kouter.<\/p>\n\n<figure class=\"wp-block-image\"><img loading=\"lazy\" decoding=\"async\" width=\"1260\" height=\"841\" src=\"https:\/\/blog.myvideomedia.com\/wp-content\/uploads\/2019\/10\/Flower-Market-Ghent_DSC4126-1260x841.jpg\" alt=\"Blumenmarkt am Kouter\" class=\"wp-image-24369\" srcset=\"https:\/\/blog.myvideomedia.com\/wp-content\/uploads\/2019\/10\/Flower-Market-Ghent_DSC4126-1260x841.jpg 1260w, https:\/\/blog.myvideomedia.com\/wp-content\/uploads\/2019\/10\/Flower-Market-Ghent_DSC4126-600x400.jpg 600w, https:\/\/blog.myvideomedia.com\/wp-content\/uploads\/2019\/10\/Flower-Market-Ghent_DSC4126-768x512.jpg 768w, https:\/\/blog.myvideomedia.com\/wp-content\/uploads\/2019\/10\/Flower-Market-Ghent_DSC4126.jpg 1304w\" sizes=\"auto, (max-width: 1260px) 100vw, 1260px\" \/><\/figure>\n<p>Da Sonntag ist und damit Markttag, sind auch jede Menge wundersch\u00f6ner Pflanzen zu bewundern und zu erwerben.<\/p>\n\n<figure class=\"wp-block-image\"><img loading=\"lazy\" decoding=\"async\" width=\"1260\" height=\"841\" src=\"https:\/\/blog.myvideomedia.com\/wp-content\/uploads\/2019\/10\/Opera-Ghent_DSC4133-1260x841.jpg\" alt=\"Oper Gent\" class=\"wp-image-24371\" srcset=\"https:\/\/blog.myvideomedia.com\/wp-content\/uploads\/2019\/10\/Opera-Ghent_DSC4133-1260x841.jpg 1260w, https:\/\/blog.myvideomedia.com\/wp-content\/uploads\/2019\/10\/Opera-Ghent_DSC4133-600x400.jpg 600w, https:\/\/blog.myvideomedia.com\/wp-content\/uploads\/2019\/10\/Opera-Ghent_DSC4133-768x512.jpg 768w, https:\/\/blog.myvideomedia.com\/wp-content\/uploads\/2019\/10\/Opera-Ghent_DSC4133.jpg 1304w\" sizes=\"auto, (max-width: 1260px) 100vw, 1260px\" \/><\/figure>\n<p>Gegen\u00fcber der Oper von Gent machen wir im Bistro Rigoletto kurz halt und nehmen einen kleinen Imbiss zu uns.<\/p>\n\n<figure class=\"wp-block-image\"><img loading=\"lazy\" decoding=\"async\" width=\"1260\" height=\"841\" src=\"https:\/\/blog.myvideomedia.com\/wp-content\/uploads\/2019\/10\/Tea-Room-Rigoletto-Ghent_DSC4136-1260x841.jpg\" alt=\"Bistro Rigoletto Gent\" class=\"wp-image-24373\" srcset=\"https:\/\/blog.myvideomedia.com\/wp-content\/uploads\/2019\/10\/Tea-Room-Rigoletto-Ghent_DSC4136-1260x841.jpg 1260w, https:\/\/blog.myvideomedia.com\/wp-content\/uploads\/2019\/10\/Tea-Room-Rigoletto-Ghent_DSC4136-600x400.jpg 600w, https:\/\/blog.myvideomedia.com\/wp-content\/uploads\/2019\/10\/Tea-Room-Rigoletto-Ghent_DSC4136-768x512.jpg 768w, https:\/\/blog.myvideomedia.com\/wp-content\/uploads\/2019\/10\/Tea-Room-Rigoletto-Ghent_DSC4136.jpg 1304w\" sizes=\"auto, (max-width: 1260px) 100vw, 1260px\" \/><\/figure>\n<p>Auf dem Weg zur <a href=\"https:\/\/blog.myvideomedia.com\/de\/burg-gravensteen-in-gent\/\">Burg Grafenstein<\/a>, passieren wir noch den Hof van Beroep, eines von f\u00fcnf Berufungsgerichten in Belgien.<\/p>\n\n<figure class=\"wp-block-image\"><img loading=\"lazy\" decoding=\"async\" width=\"1260\" height=\"841\" src=\"https:\/\/blog.myvideomedia.com\/wp-content\/uploads\/2019\/10\/Hof-van-Beroep_DSC4138-1260x841.jpg\" alt=\"Hof van Beroep\" class=\"wp-image-24375\" srcset=\"https:\/\/blog.myvideomedia.com\/wp-content\/uploads\/2019\/10\/Hof-van-Beroep_DSC4138-1260x841.jpg 1260w, https:\/\/blog.myvideomedia.com\/wp-content\/uploads\/2019\/10\/Hof-van-Beroep_DSC4138-600x400.jpg 600w, https:\/\/blog.myvideomedia.com\/wp-content\/uploads\/2019\/10\/Hof-van-Beroep_DSC4138-768x512.jpg 768w, https:\/\/blog.myvideomedia.com\/wp-content\/uploads\/2019\/10\/Hof-van-Beroep_DSC4138.jpg 1304w\" sizes=\"auto, (max-width: 1260px) 100vw, 1260px\" \/><\/figure>\n<p>Dieses Berufungsgericht ist f\u00fcr die Provinz Flandern zust\u00e4ndig.<br><br>Bitte lesen Sie weiter &gt; <a href=\"https:\/\/blog.myvideomedia.com\/de\/hotel-dhane-steenhuyse-und-hotel-clemmen-in-gent\/\">Hotel D\u2019Hane-Steenhuyse und Hotel Clemmen<\/a><\/p>\n\n<h3 class=\"wp-block-heading\">Pin it &#8211; f\u00fcr sp\u00e4ter merken<\/h3>\n\n<figure class=\"wp-block-image\"><img decoding=\"async\" src=\"https:\/\/blog.myvideomedia.com\/wp-content\/uploads\/2019\/10\/Pin-Vom-Bahnhof-in-die-Innenstadt.jpg\" alt=\"Vom Bahnhof in die Innenstadt von Gent\" class=\"wp-image-24381\"><\/figure>\n<p>Text, Fotos und Video: Copyright \u00a9 <a href=\"https:\/\/www.myvideomedia.com\/de\" target=\"_blank\" rel=\"noreferrer noopener\" aria-label=\"myVideoMedia (oeffnet in neuem Tab)\">myVideoMedia<\/a><\/p>\n\n<p><em>Sountracks im Video:<\/em><\/p>\n\n<ul class=\"wp-block-list\"><li><em>the sky changes colour by urmymuse (c) copyright 2013  <br>Licensed under a Creative Commons Attribution (3.0) license. <\/em><a rel=\"noreferrer noopener nofollow\" aria-label=\"http:\/\/dig.ccmixter.org\/files\/urmymuse\/44288 (opens in a new tab)\" href=\"http:\/\/dig.ccmixter.org\/files\/urmymuse\/44288\" target=\"_blank\"><em>http:\/\/dig.ccmixter.org\/files\/urmymuse\/44288<\/em><\/a><em> Ft: Orrisroot<\/em><\/li><li><em>No Flowers, No Cry by duckett (c) copyright 2007  <br>Licensed under a Creative Commons Attribution (3.0) license. <\/em><a rel=\"noreferrer noopener nofollow\" aria-label=\"http:\/\/dig.ccmixter.org\/files\/duckett\/12633 (opens in a new tab)\" href=\"http:\/\/dig.ccmixter.org\/files\/duckett\/12633\" target=\"_blank\"><em>http:\/\/dig.ccmixter.org\/files\/duckett\/12633<\/em><\/a><em> Ft: Elvia Vargas<\/em><\/li><\/ul>","protected":false},"excerpt":{"rendered":"<p>Wir nutzen die Gelegenheit am Sonntag und nehmen die Stra\u00dfenbahn zum Bahnhof Gent-Sint-Pieters. Gelegenheit deshalb, da am ersten Sonntag im Monat die \u00f6ffentlichen Verkehrsmittel in Gent kostenlos sind! Es ist verkaufsoffener Sonntag. Ein wirklich vorbildlicher Service! Die Haltestelle der Stra\u00dfenbahn liegt unter modernen Geb\u00e4uden, die ebenfalls Teil des Bahnhofs sind. Nur wenige Schritte entfernt befindet [&hellip;]<\/p>\n","protected":false},"author":1,"featured_media":24384,"comment_status":"open","ping_status":"closed","sticky":false,"template":"","format":"standard","meta":{"_genesis_hide_title":false,"_genesis_hide_breadcrumbs":false,"_genesis_hide_singular_image":false,"_genesis_hide_footer_widgets":false,"_genesis_custom_body_class":"","_genesis_custom_post_class":"","_genesis_layout":"","footnotes":""},"categories":[499,1175],"tags":[1326],"class_list":{"0":"post-24385","1":"post","2":"type-post","3":"status-publish","4":"format-standard","5":"has-post-thumbnail","7":"category-belgien","8":"category-flandern","9":"tag-stadtrundgang","10":"entry"},"yoast_head":"<!-- This site is optimized with the Yoast SEO plugin v27.4 - https:\/\/yoast.com\/product\/yoast-seo-wordpress\/ -->\n<title>Vom Bahnhof in die Innenstadt von Gent - Belgien - Reise Video Blog<\/title>\n<meta name=\"description\" content=\"Wir fahren mit der Stra\u00dfenbahn zum Bahnhof. Es ist der erste Sonntag im Monat, die Gesch\u00e4fte sind ge\u00f6ffnet und die \u00f6ffentlichen Verkehrsmittel sind kostenlos!\" \/>\n<meta name=\"robots\" content=\"index, follow, max-snippet:-1, max-image-preview:large, max-video-preview:-1\" \/>\n<link rel=\"canonical\" href=\"https:\/\/blog.myvideomedia.com\/de\/vom-bahnhof-in-die-innenstadt-von-gent\/\" \/>\n<meta property=\"og:locale\" content=\"de_DE\" \/>\n<meta property=\"og:type\" content=\"article\" \/>\n<meta property=\"og:title\" content=\"Vom Bahnhof in die Innenstadt von Gent - Belgien - Reise Video Blog\" \/>\n<meta property=\"og:description\" content=\"Wir fahren mit der Stra\u00dfenbahn zum Bahnhof. Es ist der erste Sonntag im Monat, die Gesch\u00e4fte sind ge\u00f6ffnet und die \u00f6ffentlichen Verkehrsmittel sind kostenlos!\" \/>\n<meta property=\"og:url\" content=\"https:\/\/blog.myvideomedia.com\/de\/vom-bahnhof-in-die-innenstadt-von-gent\/\" \/>\n<meta property=\"og:site_name\" content=\"Reise Video Blog\" \/>\n<meta property=\"article:publisher\" content=\"https:\/\/www.facebook.com\/ursula.streit.520\" \/>\n<meta property=\"article:author\" content=\"https:\/\/www.facebook.com\/ursula.streit.520\" \/>\n<meta property=\"article:published_time\" content=\"2019-10-22T06:27:38+00:00\" \/>\n<meta property=\"article:modified_time\" content=\"2019-10-25T14:24:56+00:00\" \/>\n<meta property=\"og:image\" content=\"https:\/\/blog.myvideomedia.com\/wp-content\/uploads\/2019\/10\/Train-Station-Ghent_DSC4073.jpg\" \/>\n\t<meta property=\"og:image:width\" content=\"1304\" \/>\n\t<meta property=\"og:image:height\" content=\"870\" \/>\n\t<meta property=\"og:image:type\" content=\"image\/jpeg\" \/>\n<meta name=\"author\" content=\"myVideoMedia\" \/>\n<meta name=\"twitter:card\" content=\"summary_large_image\" \/>\n<meta name=\"twitter:creator\" content=\"@myvideomedia\" \/>\n<meta name=\"twitter:site\" content=\"@myvideomedia\" \/>\n<meta name=\"twitter:label1\" content=\"Verfasst von\" \/>\n\t<meta name=\"twitter:data1\" content=\"myVideoMedia\" \/>\n\t<meta name=\"twitter:label2\" content=\"Gesch\u00e4tzte Lesezeit\" \/>\n\t<meta name=\"twitter:data2\" content=\"2\u00a0Minuten\" \/>\n<script type=\"application\/ld+json\" class=\"yoast-schema-graph\">{\"@context\":\"https:\\\/\\\/schema.org\",\"@graph\":[{\"@type\":\"Article\",\"@id\":\"https:\\\/\\\/blog.myvideomedia.com\\\/de\\\/vom-bahnhof-in-die-innenstadt-von-gent\\\/#article\",\"isPartOf\":{\"@id\":\"https:\\\/\\\/blog.myvideomedia.com\\\/de\\\/vom-bahnhof-in-die-innenstadt-von-gent\\\/\"},\"author\":{\"name\":\"myVideoMedia\",\"@id\":\"https:\\\/\\\/blog.myvideomedia.com\\\/de\\\/#\\\/schema\\\/person\\\/87be8fbbed69b1562242448c1c3dcbec\"},\"headline\":\"Vom Bahnhof in die Innenstadt von Gent\",\"datePublished\":\"2019-10-22T06:27:38+00:00\",\"dateModified\":\"2019-10-25T14:24:56+00:00\",\"mainEntityOfPage\":{\"@id\":\"https:\\\/\\\/blog.myvideomedia.com\\\/de\\\/vom-bahnhof-in-die-innenstadt-von-gent\\\/\"},\"wordCount\":480,\"commentCount\":0,\"publisher\":{\"@id\":\"https:\\\/\\\/blog.myvideomedia.com\\\/de\\\/#\\\/schema\\\/person\\\/87be8fbbed69b1562242448c1c3dcbec\"},\"image\":{\"@id\":\"https:\\\/\\\/blog.myvideomedia.com\\\/de\\\/vom-bahnhof-in-die-innenstadt-von-gent\\\/#primaryimage\"},\"thumbnailUrl\":\"https:\\\/\\\/blog.myvideomedia.com\\\/wp-content\\\/uploads\\\/2019\\\/10\\\/Train-Station-Ghent_DSC4073.jpg\",\"keywords\":[\"Stadtrundgang\"],\"articleSection\":[\"Belgien\",\"Flandern\"],\"inLanguage\":\"de\",\"potentialAction\":[{\"@type\":\"CommentAction\",\"name\":\"Comment\",\"target\":[\"https:\\\/\\\/blog.myvideomedia.com\\\/de\\\/vom-bahnhof-in-die-innenstadt-von-gent\\\/#respond\"]}]},{\"@type\":\"WebPage\",\"@id\":\"https:\\\/\\\/blog.myvideomedia.com\\\/de\\\/vom-bahnhof-in-die-innenstadt-von-gent\\\/\",\"url\":\"https:\\\/\\\/blog.myvideomedia.com\\\/de\\\/vom-bahnhof-in-die-innenstadt-von-gent\\\/\",\"name\":\"Vom Bahnhof in die Innenstadt von Gent - Belgien - Reise Video Blog\",\"isPartOf\":{\"@id\":\"https:\\\/\\\/blog.myvideomedia.com\\\/de\\\/#website\"},\"primaryImageOfPage\":{\"@id\":\"https:\\\/\\\/blog.myvideomedia.com\\\/de\\\/vom-bahnhof-in-die-innenstadt-von-gent\\\/#primaryimage\"},\"image\":{\"@id\":\"https:\\\/\\\/blog.myvideomedia.com\\\/de\\\/vom-bahnhof-in-die-innenstadt-von-gent\\\/#primaryimage\"},\"thumbnailUrl\":\"https:\\\/\\\/blog.myvideomedia.com\\\/wp-content\\\/uploads\\\/2019\\\/10\\\/Train-Station-Ghent_DSC4073.jpg\",\"datePublished\":\"2019-10-22T06:27:38+00:00\",\"dateModified\":\"2019-10-25T14:24:56+00:00\",\"description\":\"Wir fahren mit der Stra\u00dfenbahn zum Bahnhof. Es ist der erste Sonntag im Monat, die Gesch\u00e4fte sind ge\u00f6ffnet und die \u00f6ffentlichen Verkehrsmittel sind kostenlos!\",\"breadcrumb\":{\"@id\":\"https:\\\/\\\/blog.myvideomedia.com\\\/de\\\/vom-bahnhof-in-die-innenstadt-von-gent\\\/#breadcrumb\"},\"inLanguage\":\"de\",\"potentialAction\":[{\"@type\":\"ReadAction\",\"target\":[\"https:\\\/\\\/blog.myvideomedia.com\\\/de\\\/vom-bahnhof-in-die-innenstadt-von-gent\\\/\"]}]},{\"@type\":\"ImageObject\",\"inLanguage\":\"de\",\"@id\":\"https:\\\/\\\/blog.myvideomedia.com\\\/de\\\/vom-bahnhof-in-die-innenstadt-von-gent\\\/#primaryimage\",\"url\":\"https:\\\/\\\/blog.myvideomedia.com\\\/wp-content\\\/uploads\\\/2019\\\/10\\\/Train-Station-Ghent_DSC4073.jpg\",\"contentUrl\":\"https:\\\/\\\/blog.myvideomedia.com\\\/wp-content\\\/uploads\\\/2019\\\/10\\\/Train-Station-Ghent_DSC4073.jpg\",\"width\":1304,\"height\":870,\"caption\":\"Train Station Ghent\"},{\"@type\":\"BreadcrumbList\",\"@id\":\"https:\\\/\\\/blog.myvideomedia.com\\\/de\\\/vom-bahnhof-in-die-innenstadt-von-gent\\\/#breadcrumb\",\"itemListElement\":[{\"@type\":\"ListItem\",\"position\":1,\"name\":\"Home\",\"item\":\"https:\\\/\\\/blog.myvideomedia.com\\\/de\\\/\"},{\"@type\":\"ListItem\",\"position\":2,\"name\":\"Vom Bahnhof in die Innenstadt von Gent\"}]},{\"@type\":\"WebSite\",\"@id\":\"https:\\\/\\\/blog.myvideomedia.com\\\/de\\\/#website\",\"url\":\"https:\\\/\\\/blog.myvideomedia.com\\\/de\\\/\",\"name\":\"Travel Video Blog\",\"description\":\"myVideoMedia Reisetipps und Reisevideos\",\"publisher\":{\"@id\":\"https:\\\/\\\/blog.myvideomedia.com\\\/de\\\/#\\\/schema\\\/person\\\/87be8fbbed69b1562242448c1c3dcbec\"},\"potentialAction\":[{\"@type\":\"SearchAction\",\"target\":{\"@type\":\"EntryPoint\",\"urlTemplate\":\"https:\\\/\\\/blog.myvideomedia.com\\\/de\\\/?s={search_term_string}\"},\"query-input\":{\"@type\":\"PropertyValueSpecification\",\"valueRequired\":true,\"valueName\":\"search_term_string\"}}],\"inLanguage\":\"de\"},{\"@type\":[\"Person\",\"Organization\"],\"@id\":\"https:\\\/\\\/blog.myvideomedia.com\\\/de\\\/#\\\/schema\\\/person\\\/87be8fbbed69b1562242448c1c3dcbec\",\"name\":\"myVideoMedia\",\"image\":{\"@type\":\"ImageObject\",\"inLanguage\":\"de\",\"@id\":\"https:\\\/\\\/secure.gravatar.com\\\/avatar\\\/460720160715ef8975b781abd1b6985e55ce2f01567bb6757bebd73e7cf74c97?s=96&d=mm&r=g\",\"url\":\"https:\\\/\\\/secure.gravatar.com\\\/avatar\\\/460720160715ef8975b781abd1b6985e55ce2f01567bb6757bebd73e7cf74c97?s=96&d=mm&r=g\",\"contentUrl\":\"https:\\\/\\\/secure.gravatar.com\\\/avatar\\\/460720160715ef8975b781abd1b6985e55ce2f01567bb6757bebd73e7cf74c97?s=96&d=mm&r=g\",\"caption\":\"myVideoMedia\"},\"logo\":{\"@id\":\"https:\\\/\\\/secure.gravatar.com\\\/avatar\\\/460720160715ef8975b781abd1b6985e55ce2f01567bb6757bebd73e7cf74c97?s=96&d=mm&r=g\"},\"description\":\"\\\"The World is a book, and those who do not travel read only a page\\\" - Aurelius Augustinus (354 - 430 AD) Travel is our passion. With our posts and videos we like to inspire people who are planning or preparing for holidays as well as people who simply want to escape from everyday life and dream of faraway countries.\",\"sameAs\":[\"https:\\\/\\\/www.myvideomedia.com\",\"https:\\\/\\\/www.facebook.com\\\/ursula.streit.520\"],\"url\":\"https:\\\/\\\/blog.myvideomedia.com\\\/de\\\/author\\\/traveladm\\\/\"}]}<\/script>\n<!-- \/ Yoast SEO plugin. -->","yoast_head_json":{"title":"Vom Bahnhof in die Innenstadt von Gent - Belgien - Reise Video Blog","description":"Wir fahren mit der Stra\u00dfenbahn zum Bahnhof. Es ist der erste Sonntag im Monat, die Gesch\u00e4fte sind ge\u00f6ffnet und die \u00f6ffentlichen Verkehrsmittel sind kostenlos!","robots":{"index":"index","follow":"follow","max-snippet":"max-snippet:-1","max-image-preview":"max-image-preview:large","max-video-preview":"max-video-preview:-1"},"canonical":"https:\/\/blog.myvideomedia.com\/de\/vom-bahnhof-in-die-innenstadt-von-gent\/","og_locale":"de_DE","og_type":"article","og_title":"Vom Bahnhof in die Innenstadt von Gent - Belgien - Reise Video Blog","og_description":"Wir fahren mit der Stra\u00dfenbahn zum Bahnhof. Es ist der erste Sonntag im Monat, die Gesch\u00e4fte sind ge\u00f6ffnet und die \u00f6ffentlichen Verkehrsmittel sind kostenlos!","og_url":"https:\/\/blog.myvideomedia.com\/de\/vom-bahnhof-in-die-innenstadt-von-gent\/","og_site_name":"Reise Video Blog","article_publisher":"https:\/\/www.facebook.com\/ursula.streit.520","article_author":"https:\/\/www.facebook.com\/ursula.streit.520","article_published_time":"2019-10-22T06:27:38+00:00","article_modified_time":"2019-10-25T14:24:56+00:00","og_image":[{"width":1304,"height":870,"url":"https:\/\/blog.myvideomedia.com\/wp-content\/uploads\/2019\/10\/Train-Station-Ghent_DSC4073.jpg","type":"image\/jpeg"}],"author":"myVideoMedia","twitter_card":"summary_large_image","twitter_creator":"@myvideomedia","twitter_site":"@myvideomedia","twitter_misc":{"Verfasst von":"myVideoMedia","Gesch\u00e4tzte Lesezeit":"2\u00a0Minuten"},"schema":{"@context":"https:\/\/schema.org","@graph":[{"@type":"Article","@id":"https:\/\/blog.myvideomedia.com\/de\/vom-bahnhof-in-die-innenstadt-von-gent\/#article","isPartOf":{"@id":"https:\/\/blog.myvideomedia.com\/de\/vom-bahnhof-in-die-innenstadt-von-gent\/"},"author":{"name":"myVideoMedia","@id":"https:\/\/blog.myvideomedia.com\/de\/#\/schema\/person\/87be8fbbed69b1562242448c1c3dcbec"},"headline":"Vom Bahnhof in die Innenstadt von Gent","datePublished":"2019-10-22T06:27:38+00:00","dateModified":"2019-10-25T14:24:56+00:00","mainEntityOfPage":{"@id":"https:\/\/blog.myvideomedia.com\/de\/vom-bahnhof-in-die-innenstadt-von-gent\/"},"wordCount":480,"commentCount":0,"publisher":{"@id":"https:\/\/blog.myvideomedia.com\/de\/#\/schema\/person\/87be8fbbed69b1562242448c1c3dcbec"},"image":{"@id":"https:\/\/blog.myvideomedia.com\/de\/vom-bahnhof-in-die-innenstadt-von-gent\/#primaryimage"},"thumbnailUrl":"https:\/\/blog.myvideomedia.com\/wp-content\/uploads\/2019\/10\/Train-Station-Ghent_DSC4073.jpg","keywords":["Stadtrundgang"],"articleSection":["Belgien","Flandern"],"inLanguage":"de","potentialAction":[{"@type":"CommentAction","name":"Comment","target":["https:\/\/blog.myvideomedia.com\/de\/vom-bahnhof-in-die-innenstadt-von-gent\/#respond"]}]},{"@type":"WebPage","@id":"https:\/\/blog.myvideomedia.com\/de\/vom-bahnhof-in-die-innenstadt-von-gent\/","url":"https:\/\/blog.myvideomedia.com\/de\/vom-bahnhof-in-die-innenstadt-von-gent\/","name":"Vom Bahnhof in die Innenstadt von Gent - Belgien - Reise Video Blog","isPartOf":{"@id":"https:\/\/blog.myvideomedia.com\/de\/#website"},"primaryImageOfPage":{"@id":"https:\/\/blog.myvideomedia.com\/de\/vom-bahnhof-in-die-innenstadt-von-gent\/#primaryimage"},"image":{"@id":"https:\/\/blog.myvideomedia.com\/de\/vom-bahnhof-in-die-innenstadt-von-gent\/#primaryimage"},"thumbnailUrl":"https:\/\/blog.myvideomedia.com\/wp-content\/uploads\/2019\/10\/Train-Station-Ghent_DSC4073.jpg","datePublished":"2019-10-22T06:27:38+00:00","dateModified":"2019-10-25T14:24:56+00:00","description":"Wir fahren mit der Stra\u00dfenbahn zum Bahnhof. Es ist der erste Sonntag im Monat, die Gesch\u00e4fte sind ge\u00f6ffnet und die \u00f6ffentlichen Verkehrsmittel sind kostenlos!","breadcrumb":{"@id":"https:\/\/blog.myvideomedia.com\/de\/vom-bahnhof-in-die-innenstadt-von-gent\/#breadcrumb"},"inLanguage":"de","potentialAction":[{"@type":"ReadAction","target":["https:\/\/blog.myvideomedia.com\/de\/vom-bahnhof-in-die-innenstadt-von-gent\/"]}]},{"@type":"ImageObject","inLanguage":"de","@id":"https:\/\/blog.myvideomedia.com\/de\/vom-bahnhof-in-die-innenstadt-von-gent\/#primaryimage","url":"https:\/\/blog.myvideomedia.com\/wp-content\/uploads\/2019\/10\/Train-Station-Ghent_DSC4073.jpg","contentUrl":"https:\/\/blog.myvideomedia.com\/wp-content\/uploads\/2019\/10\/Train-Station-Ghent_DSC4073.jpg","width":1304,"height":870,"caption":"Train Station Ghent"},{"@type":"BreadcrumbList","@id":"https:\/\/blog.myvideomedia.com\/de\/vom-bahnhof-in-die-innenstadt-von-gent\/#breadcrumb","itemListElement":[{"@type":"ListItem","position":1,"name":"Home","item":"https:\/\/blog.myvideomedia.com\/de\/"},{"@type":"ListItem","position":2,"name":"Vom Bahnhof in die Innenstadt von Gent"}]},{"@type":"WebSite","@id":"https:\/\/blog.myvideomedia.com\/de\/#website","url":"https:\/\/blog.myvideomedia.com\/de\/","name":"Travel Video Blog","description":"myVideoMedia Reisetipps und Reisevideos","publisher":{"@id":"https:\/\/blog.myvideomedia.com\/de\/#\/schema\/person\/87be8fbbed69b1562242448c1c3dcbec"},"potentialAction":[{"@type":"SearchAction","target":{"@type":"EntryPoint","urlTemplate":"https:\/\/blog.myvideomedia.com\/de\/?s={search_term_string}"},"query-input":{"@type":"PropertyValueSpecification","valueRequired":true,"valueName":"search_term_string"}}],"inLanguage":"de"},{"@type":["Person","Organization"],"@id":"https:\/\/blog.myvideomedia.com\/de\/#\/schema\/person\/87be8fbbed69b1562242448c1c3dcbec","name":"myVideoMedia","image":{"@type":"ImageObject","inLanguage":"de","@id":"https:\/\/secure.gravatar.com\/avatar\/460720160715ef8975b781abd1b6985e55ce2f01567bb6757bebd73e7cf74c97?s=96&d=mm&r=g","url":"https:\/\/secure.gravatar.com\/avatar\/460720160715ef8975b781abd1b6985e55ce2f01567bb6757bebd73e7cf74c97?s=96&d=mm&r=g","contentUrl":"https:\/\/secure.gravatar.com\/avatar\/460720160715ef8975b781abd1b6985e55ce2f01567bb6757bebd73e7cf74c97?s=96&d=mm&r=g","caption":"myVideoMedia"},"logo":{"@id":"https:\/\/secure.gravatar.com\/avatar\/460720160715ef8975b781abd1b6985e55ce2f01567bb6757bebd73e7cf74c97?s=96&d=mm&r=g"},"description":"\"The World is a book, and those who do not travel read only a page\" - Aurelius Augustinus (354 - 430 AD) Travel is our passion. With our posts and videos we like to inspire people who are planning or preparing for holidays as well as people who simply want to escape from everyday life and dream of faraway countries.","sameAs":["https:\/\/www.myvideomedia.com","https:\/\/www.facebook.com\/ursula.streit.520"],"url":"https:\/\/blog.myvideomedia.com\/de\/author\/traveladm\/"}]}},"featured_image_src":"https:\/\/blog.myvideomedia.com\/wp-content\/uploads\/2019\/10\/Train-Station-Ghent_DSC4073.jpg","featured_image_src_square":"https:\/\/blog.myvideomedia.com\/wp-content\/uploads\/2019\/10\/Train-Station-Ghent_DSC4073.jpg","author_info":{"display_name":"myVideoMedia","author_link":"https:\/\/blog.myvideomedia.com\/de\/author\/traveladm\/"},"_links":{"self":[{"href":"https:\/\/blog.myvideomedia.com\/de\/wp-json\/wp\/v2\/posts\/24385","targetHints":{"allow":["GET"]}}],"collection":[{"href":"https:\/\/blog.myvideomedia.com\/de\/wp-json\/wp\/v2\/posts"}],"about":[{"href":"https:\/\/blog.myvideomedia.com\/de\/wp-json\/wp\/v2\/types\/post"}],"author":[{"embeddable":true,"href":"https:\/\/blog.myvideomedia.com\/de\/wp-json\/wp\/v2\/users\/1"}],"replies":[{"embeddable":true,"href":"https:\/\/blog.myvideomedia.com\/de\/wp-json\/wp\/v2\/comments?post=24385"}],"version-history":[{"count":0,"href":"https:\/\/blog.myvideomedia.com\/de\/wp-json\/wp\/v2\/posts\/24385\/revisions"}],"wp:featuredmedia":[{"embeddable":true,"href":"https:\/\/blog.myvideomedia.com\/de\/wp-json\/wp\/v2\/media\/24384"}],"wp:attachment":[{"href":"https:\/\/blog.myvideomedia.com\/de\/wp-json\/wp\/v2\/media?parent=24385"}],"wp:term":[{"taxonomy":"category","embeddable":true,"href":"https:\/\/blog.myvideomedia.com\/de\/wp-json\/wp\/v2\/categories?post=24385"},{"taxonomy":"post_tag","embeddable":true,"href":"https:\/\/blog.myvideomedia.com\/de\/wp-json\/wp\/v2\/tags?post=24385"}],"curies":[{"name":"wp","href":"https:\/\/api.w.org\/{rel}","templated":true}]}}