{"id":24408,"date":"2019-10-25T06:38:42","date_gmt":"2019-10-25T05:38:42","guid":{"rendered":"https:\/\/blog.myvideomedia.com\/?p=24408"},"modified":"2019-10-29T09:53:21","modified_gmt":"2019-10-29T08:53:21","slug":"hotel-dhane-steenhuyse-und-hotel-clemmen-in-gent","status":"publish","type":"post","link":"https:\/\/blog.myvideomedia.com\/de\/hotel-dhane-steenhuyse-und-hotel-clemmen-in-gent\/","title":{"rendered":"Hotel D&#8217;Hane-Steenhuyse und Hotel Clemmen in Gent"},"content":{"rendered":"\n<p>Auf dem Weg vom Bahnhof ins Zentrum besuchen wir in der Veldstraat noch das Hotel D&#8217;Hane-Steenhuyse, sowie das gegen\u00fcberliegende Hotel Clemmen. <\/p>\n\n<p>Hierbei handelt es sich jedoch nicht um Hotels im heutigen Sinne, in der damaligen Zeit war Hotel die Bezeichnung f\u00fcr ein Stadthaus. Heute sind es Museen.<\/p>\n\n<div id=\"ez-toc-container\" class=\"ez-toc-v2_0_82_2 counter-hierarchy ez-toc-counter ez-toc-grey ez-toc-container-direction\">\n<div class=\"ez-toc-title-container\">\n<p class=\"ez-toc-title\" style=\"cursor:inherit\">Inhaltsverzeichnis<\/p>\n<span class=\"ez-toc-title-toggle\"><a href=\"#\" class=\"ez-toc-pull-right ez-toc-btn ez-toc-btn-xs ez-toc-btn-default ez-toc-toggle\" aria-label=\"Toggle Table of Content\"><span class=\"ez-toc-js-icon-con\"><span class=\"\"><span class=\"eztoc-hide\" style=\"display:none;\">Toggle<\/span><span class=\"ez-toc-icon-toggle-span\"><svg style=\"fill: #999;color:#999\" xmlns=\"http:\/\/www.w3.org\/2000\/svg\" class=\"list-377408\" width=\"20px\" height=\"20px\" viewBox=\"0 0 24 24\" fill=\"none\"><path d=\"M6 6H4v2h2V6zm14 0H8v2h12V6zM4 11h2v2H4v-2zm16 0H8v2h12v-2zM4 16h2v2H4v-2zm16 0H8v2h12v-2z\" fill=\"currentColor\"><\/path><\/svg><svg style=\"fill: #999;color:#999\" class=\"arrow-unsorted-368013\" xmlns=\"http:\/\/www.w3.org\/2000\/svg\" width=\"10px\" height=\"10px\" viewBox=\"0 0 24 24\" version=\"1.2\" baseProfile=\"tiny\"><path d=\"M18.2 9.3l-6.2-6.3-6.2 6.3c-.2.2-.3.4-.3.7s.1.5.3.7c.2.2.4.3.7.3h11c.3 0 .5-.1.7-.3.2-.2.3-.5.3-.7s-.1-.5-.3-.7zM5.8 14.7l6.2 6.3 6.2-6.3c.2-.2.3-.5.3-.7s-.1-.5-.3-.7c-.2-.2-.4-.3-.7-.3h-11c-.3 0-.5.1-.7.3-.2.2-.3.5-.3.7s.1.5.3.7z\"\/><\/svg><\/span><\/span><\/span><\/a><\/span><\/div>\n<nav><ul class='ez-toc-list ez-toc-list-level-1 ' ><li class='ez-toc-page-1 ez-toc-heading-level-2'><a class=\"ez-toc-link ez-toc-heading-1\" href=\"https:\/\/blog.myvideomedia.com\/de\/hotel-dhane-steenhuyse-und-hotel-clemmen-in-gent\/#Hotel_DHane-Steenhuyse\" >Hotel D&#8217;Hane-Steenhuyse<\/a><ul class='ez-toc-list-level-3' ><li class='ez-toc-heading-level-3'><a class=\"ez-toc-link ez-toc-heading-2\" href=\"https:\/\/blog.myvideomedia.com\/de\/hotel-dhane-steenhuyse-und-hotel-clemmen-in-gent\/#Hier_sehen_Sie_das_4K_UHD_Video\" >Hier sehen Sie das 4K UHD Video<\/a><\/li><\/ul><\/li><li class='ez-toc-page-1 ez-toc-heading-level-2'><a class=\"ez-toc-link ez-toc-heading-3\" href=\"https:\/\/blog.myvideomedia.com\/de\/hotel-dhane-steenhuyse-und-hotel-clemmen-in-gent\/#Hotel_Clemmen\" >Hotel Clemmen<\/a><\/li><li class='ez-toc-page-1 ez-toc-heading-level-2'><a class=\"ez-toc-link ez-toc-heading-4\" href=\"https:\/\/blog.myvideomedia.com\/de\/hotel-dhane-steenhuyse-und-hotel-clemmen-in-gent\/#Oeffnungszeiten\" >\u00d6ffnungszeiten<\/a><ul class='ez-toc-list-level-3' ><li class='ez-toc-heading-level-3'><a class=\"ez-toc-link ez-toc-heading-5\" href=\"https:\/\/blog.myvideomedia.com\/de\/hotel-dhane-steenhuyse-und-hotel-clemmen-in-gent\/#Pin_it_%E2%80%93_fuer_spaeter_merken\" >Pin it &#8211; f\u00fcr sp\u00e4ter merken<\/a><\/li><\/ul><\/li><\/ul><\/nav><\/div>\n<h2 class=\"wp-block-heading\"><span class=\"ez-toc-section\" id=\"Hotel_DHane-Steenhuyse\"><\/span>Hotel D&#8217;Hane-Steenhuyse<span class=\"ez-toc-section-end\"><\/span><\/h2>\n\n<p>Nachdem Kaiser Napoleon I. aus Elba zur\u00fcckkehrte und seine Herrschaft der Hundert Tage antrat, musste der franz\u00f6sische K\u00f6nig Ludwig XVIII. im Jahre 1815 nach Gent ins Exil fliehen. <\/p>\n\n<h3 class=\"wp-block-heading\"><span class=\"ez-toc-section\" id=\"Hier_sehen_Sie_das_4K_UHD_Video\"><\/span><a href=\"https:\/\/youtu.be\/0U2xY3PZpE0%20\" target=\"_blank\" rel=\"noreferrer noopener\" aria-label=\"Hier sehen Sie das 4K UHD Video (oeffnet in neuem Tab)\">Hier sehen Sie das 4K UHD Video<\/a><span class=\"ez-toc-section-end\"><\/span><\/h3>\n<figure> <div class=\"brlbs-cmpnt-container brlbs-cmpnt-content-blocker brlbs-cmpnt-with-individual-styles\" data-borlabs-cookie-content-blocker-id=\"youtube-content-blocker\" data-borlabs-cookie-content=\"PGlmcmFtZSBzcmM9Imh0dHBzOi8vd3d3LnlvdXR1YmUtbm9jb29raWUuY29tL2VtYmVkLzBVMnhZM1BacEUwIiB3aWR0aD0iNjAwIiBoZWlnaHQ9IjMzOCI+PC9pZnJhbWU+\"><div class=\"brlbs-cmpnt-cb-preset-c brlbs-cmpnt-cb-youtube\"> <div class=\"brlbs-cmpnt-cb-thumbnail\" style=\"background-image: url('https:\/\/blog.myvideomedia.com\/wp-content\/uploads\/borlabs-cookie\/1\/yt_0U2xY3PZpE0_hqdefault.jpg')\"><\/div> <div class=\"brlbs-cmpnt-cb-main\"> <div class=\"brlbs-cmpnt-cb-play-button\"><\/div> <div class=\"brlbs-cmpnt-cb-content\"> <p class=\"brlbs-cmpnt-cb-description\">Sie sehen gerade einen Platzhalterinhalt von <strong>YouTube<\/strong>. Um auf den eigentlichen Inhalt zuzugreifen, klicken Sie auf die Schaltfl\u00e4che unten. Bitte beachten Sie, dass dabei Daten an Drittanbieter weitergegeben werden.<\/p> <a class=\"brlbs-cmpnt-cb-provider-toggle\" href=\"#\" data-borlabs-cookie-show-provider-information role=\"button\">Mehr Informationen<\/a> <\/div> <div class=\"brlbs-cmpnt-cb-buttons\"> <a class=\"brlbs-cmpnt-cb-btn\" href=\"#\" data-borlabs-cookie-unblock role=\"button\">Inhalt entsperren<\/a> <a class=\"brlbs-cmpnt-cb-btn\" href=\"#\" data-borlabs-cookie-accept-service role=\"button\" style=\"display: inherit\">Erforderlichen Service akzeptieren und Inhalte entsperren<\/a> <\/div> <\/div> <\/div><\/div><\/figure>\r\n\n<p>1814 war bereits der Zar Alexander I von Russland hier zu Gast. Im Hotel D&#8217;Hane-Steenhuyse wurde K\u00f6nig Ludwig XVIII. der Aufenthalt gew\u00e4hrt. <\/p>\n\n<figure class=\"wp-block-image\"><img loading=\"lazy\" decoding=\"async\" width=\"1260\" height=\"841\" src=\"https:\/\/blog.myvideomedia.com\/wp-content\/uploads\/2019\/10\/Hotel-D-Hane-Steenhuyse_DSC4183-1260x841.jpg\" alt=\"R\u00e4ume des K\u00f6nigs\" class=\"wp-image-24391\" srcset=\"https:\/\/blog.myvideomedia.com\/wp-content\/uploads\/2019\/10\/Hotel-D-Hane-Steenhuyse_DSC4183-1260x841.jpg 1260w, https:\/\/blog.myvideomedia.com\/wp-content\/uploads\/2019\/10\/Hotel-D-Hane-Steenhuyse_DSC4183-600x400.jpg 600w, https:\/\/blog.myvideomedia.com\/wp-content\/uploads\/2019\/10\/Hotel-D-Hane-Steenhuyse_DSC4183-768x512.jpg 768w, https:\/\/blog.myvideomedia.com\/wp-content\/uploads\/2019\/10\/Hotel-D-Hane-Steenhuyse_DSC4183.jpg 1304w\" sizes=\"auto, (max-width: 1260px) 100vw, 1260px\" \/><\/figure>\n<p>Besichtigt werden k\u00f6nnen sowohl die Aufenthalts- und Pr\u00e4sentationsr\u00e4ume des K\u00f6nigs, als auch die Wirtschaftsr\u00e4ume, wie K\u00fcche und Vorratsr\u00e4ume.<\/p>\n\n<figure class=\"wp-block-image\"><img loading=\"lazy\" decoding=\"async\" width=\"1260\" height=\"841\" src=\"https:\/\/blog.myvideomedia.com\/wp-content\/uploads\/2019\/10\/Hotel-D-Hane-Steenhuyse_DSC4207-1260x841.jpg\" alt=\"\" class=\"wp-image-24393\" srcset=\"https:\/\/blog.myvideomedia.com\/wp-content\/uploads\/2019\/10\/Hotel-D-Hane-Steenhuyse_DSC4207-1260x841.jpg 1260w, https:\/\/blog.myvideomedia.com\/wp-content\/uploads\/2019\/10\/Hotel-D-Hane-Steenhuyse_DSC4207-600x400.jpg 600w, https:\/\/blog.myvideomedia.com\/wp-content\/uploads\/2019\/10\/Hotel-D-Hane-Steenhuyse_DSC4207-768x512.jpg 768w, https:\/\/blog.myvideomedia.com\/wp-content\/uploads\/2019\/10\/Hotel-D-Hane-Steenhuyse_DSC4207.jpg 1304w\" sizes=\"auto, (max-width: 1260px) 100vw, 1260px\" \/><\/figure>\n<p>Nach einer umfangreichen Renovierung in den 90er Jahren des letzten Jahrhunderts wirken die R\u00e4umlichkeiten als w\u00e4ren sie erst k\u00fcrzlich verlassen worden. <\/p>\n\n<p>Besonders sehenswert ist der italienische Ballsaal, der sich \u00fcber zwei Etagen erstreckt. <\/p>\n\n<figure class=\"wp-block-image\"><img loading=\"lazy\" decoding=\"async\" width=\"1260\" height=\"841\" src=\"https:\/\/blog.myvideomedia.com\/wp-content\/uploads\/2019\/10\/Hotel-d-Hane-Steenhuyse_DSC4145-1260x841.jpg\" alt=\"Ballsaal\" class=\"wp-image-24395\" srcset=\"https:\/\/blog.myvideomedia.com\/wp-content\/uploads\/2019\/10\/Hotel-d-Hane-Steenhuyse_DSC4145-1260x841.jpg 1260w, https:\/\/blog.myvideomedia.com\/wp-content\/uploads\/2019\/10\/Hotel-d-Hane-Steenhuyse_DSC4145-600x400.jpg 600w, https:\/\/blog.myvideomedia.com\/wp-content\/uploads\/2019\/10\/Hotel-d-Hane-Steenhuyse_DSC4145-768x512.jpg 768w, https:\/\/blog.myvideomedia.com\/wp-content\/uploads\/2019\/10\/Hotel-d-Hane-Steenhuyse_DSC4145.jpg 1304w\" sizes=\"auto, (max-width: 1260px) 100vw, 1260px\" \/><\/figure>\n<p>K\u00f6nig Ludwig XVIII. war in Gent f\u00fcr seinen ausschweifenden und \u00fcppigen Lebensstil ber\u00fcchtigt.<\/p>\n\n<p>Auch der gepflegte Garten im Innenhof kann besichtigt werden.<\/p>\n<div id=\"myvid-230077335\" style=\"margin-top: 5px;margin-bottom: 5px;margin-left: auto;margin-right: auto;text-align: center;\" data-cfpa=\"24239\" data-cfpw=\"24239\"><div class=\"myvid-adlabel\">Anzeige<\/div><div data-gyg-href=\"https:\/\/widget.getyourguide.com\/default\/activites.frame\" data-gyg-locale-code=\"en-US\" data-gyg-widget=\"activities\" data-gyg-number-of-items=\"3\" data-gyg-cmp=\"Ghent\" data-gyg-currency=\"USD\" data-gyg-partner-id=\"WA7ZVJZ\" data-gyg-placement=\"content-middle\" data-gyg-q=\"Ghent\"><\/div><script async defer src=\"https:\/\/widget.getyourguide.com\/v2\/widget.js\"><\/script><\/div><script type=\"text\/javascript\">;new advadsCfpAd( 24239 );<\/script>\n<h2 class=\"wp-block-heading\"><span class=\"ez-toc-section\" id=\"Hotel_Clemmen\"><\/span>Hotel Clemmen<span class=\"ez-toc-section-end\"><\/span><\/h2>\n\n<p>Schr\u00e4g gegen\u00fcber dem Hotel D&#8217;Hane-Steenhuyse befindet sich das Hotel Clemmen. Judocus Clemmen, einer der ersten Textilbarone in Gent kaufte und renovierte das Haus im 18ten Jahrhundert. Heute ist hier das Museum  Arnold Vander Haeghen untergebracht. <\/p>\n\n<figure class=\"wp-block-image\"><img loading=\"lazy\" decoding=\"async\" width=\"1304\" height=\"870\" src=\"https:\/\/blog.myvideomedia.com\/wp-content\/uploads\/2019\/10\/Huis-Arnold-Van\u00adder-Haeg\u00adhen_DSC4236m.jpg\" alt=\"\" class=\"wp-image-24397\" srcset=\"https:\/\/blog.myvideomedia.com\/wp-content\/uploads\/2019\/10\/Huis-Arnold-Van\u00adder-Haeg\u00adhen_DSC4236m.jpg 1304w, https:\/\/blog.myvideomedia.com\/wp-content\/uploads\/2019\/10\/Huis-Arnold-Van\u00adder-Haeg\u00adhen_DSC4236m-600x400.jpg 600w, https:\/\/blog.myvideomedia.com\/wp-content\/uploads\/2019\/10\/Huis-Arnold-Van\u00adder-Haeg\u00adhen_DSC4236m-768x512.jpg 768w, https:\/\/blog.myvideomedia.com\/wp-content\/uploads\/2019\/10\/Huis-Arnold-Van\u00adder-Haeg\u00adhen_DSC4236m-1260x841.jpg 1260w\" sizes=\"auto, (max-width: 1304px) 100vw, 1304px\" \/><\/figure>\n<p>Hier hielt sich Arthur Wellesley, der erste Duke of Wellington vor der Schlacht bei Waterloo gegen Napoleon I auf, um K\u00f6nig Ludwig XVIII. im Auge zu behalten.<\/p>\n\n<p>Arnold Vander Haeghen war ein leidenschaftlicher Street Life Fotograf, der das Leben und die Menschen von Gent Anfang des 20. Jahrhunderts dokumentierte. Besonders hervorzuheben ist der Chinesische Salon. Original chinesische Seidentapeten und chinesisches Porzellan zeichnen diesen Raum aus.<\/p>\n\n<figure class=\"wp-block-image\"><img loading=\"lazy\" decoding=\"async\" width=\"1260\" height=\"841\" src=\"https:\/\/blog.myvideomedia.com\/wp-content\/uploads\/2019\/10\/Hotel-Clemmen-chinesischer-salon_DSC4226-1260x841.jpg\" alt=\"Chinesischer Raum\" class=\"wp-image-24399\" srcset=\"https:\/\/blog.myvideomedia.com\/wp-content\/uploads\/2019\/10\/Hotel-Clemmen-chinesischer-salon_DSC4226-1260x841.jpg 1260w, https:\/\/blog.myvideomedia.com\/wp-content\/uploads\/2019\/10\/Hotel-Clemmen-chinesischer-salon_DSC4226-600x400.jpg 600w, https:\/\/blog.myvideomedia.com\/wp-content\/uploads\/2019\/10\/Hotel-Clemmen-chinesischer-salon_DSC4226-768x512.jpg 768w, https:\/\/blog.myvideomedia.com\/wp-content\/uploads\/2019\/10\/Hotel-Clemmen-chinesischer-salon_DSC4226.jpg 1304w\" sizes=\"auto, (max-width: 1260px) 100vw, 1260px\" \/><\/figure>\n<p>Im Museum ist auch das Kabinett des geb\u00fcrtigen Genter Nobel-Preistr\u00e4gers f\u00fcr Literatur Maurice Maeterlinck untergebracht. Er lebte zwar zuletzt in Nizza, vermachte nach seinem Tod aber sein Arbeitszimmer der Stadt Gent. Deshalb wurde das Arbeitszimmer in diesem Haus untergebracht.<\/p>\n\n<figure class=\"wp-block-image\"><img loading=\"lazy\" decoding=\"async\" width=\"1260\" height=\"841\" src=\"https:\/\/blog.myvideomedia.com\/wp-content\/uploads\/2019\/10\/cabinet-of-Maurice-Maeterlinck_DSC4222-1260x841.jpg\" alt=\"Arbeitszimmer von Maurice Maeterlinck\" class=\"wp-image-24402\" srcset=\"https:\/\/blog.myvideomedia.com\/wp-content\/uploads\/2019\/10\/cabinet-of-Maurice-Maeterlinck_DSC4222-1260x841.jpg 1260w, https:\/\/blog.myvideomedia.com\/wp-content\/uploads\/2019\/10\/cabinet-of-Maurice-Maeterlinck_DSC4222-600x400.jpg 600w, https:\/\/blog.myvideomedia.com\/wp-content\/uploads\/2019\/10\/cabinet-of-Maurice-Maeterlinck_DSC4222-768x512.jpg 768w, https:\/\/blog.myvideomedia.com\/wp-content\/uploads\/2019\/10\/cabinet-of-Maurice-Maeterlinck_DSC4222.jpg 1304w\" sizes=\"auto, (max-width: 1260px) 100vw, 1260px\" \/><\/figure>\n<h2 class=\"wp-block-heading\"><span class=\"ez-toc-section\" id=\"Oeffnungszeiten\"><\/span>\u00d6ffnungszeiten<span class=\"ez-toc-section-end\"><\/span><\/h2>\n\n<p>Das Hotel D&#8217;Hane-Steenhuyse und das Hotel Clemmen sind freitags, samstags und sonntags von 14 bis 18 Uhr frei zug\u00e4nglich.<\/p>\n\n<p>Bitte lesen Sie weiter &gt; <a href=\"https:\/\/blog.myvideomedia.com\/de\/besuch-des-genter-belfried\/\">Der Belfried von Gent<\/a><\/p>\n\n<h3 class=\"wp-block-heading\"><span class=\"ez-toc-section\" id=\"Pin_it_%E2%80%93_fuer_spaeter_merken\"><\/span>Pin it &#8211; f\u00fcr sp\u00e4ter merken<span class=\"ez-toc-section-end\"><\/span><\/h3>\n\n<figure class=\"wp-block-image\"><img decoding=\"async\" src=\"https:\/\/blog.myvideomedia.com\/wp-content\/uploads\/2019\/10\/Pin-Hotel-D-Hane-Steenhuyse-und-Hotel-Clemmen-l.jpg\" alt=\"Pin Hotel D'Hane-Steenhuyse und Hotel Clemmen in Ghent\" class=\"wp-image-24404\"><\/figure>\n<p>Text, Fotos und Video: Copyright \u00a9 <a href=\"https:\/\/www.myvideomedia.com\/de\" target=\"_blank\" rel=\"noreferrer noopener\" aria-label=\"myVideoMedia (oeffnet in neuem Tab)\">myVideoMedia<\/a><\/p>\n","protected":false},"excerpt":{"rendered":"<p>Auf dem Weg vom Bahnhof ins Zentrum besuchen wir in der Veldstraat noch das Hotel D&#8217;Hane-Steenhuyse, sowie das gegen\u00fcberliegende Hotel Clemmen. Hierbei handelt es sich jedoch nicht um Hotels im heutigen Sinne, in der damaligen Zeit war Hotel die Bezeichnung f\u00fcr ein Stadthaus. Heute sind es Museen. Hotel D&#8217;Hane-Steenhuyse Nachdem Kaiser Napoleon I. aus Elba [&hellip;]<\/p>\n","protected":false},"author":1,"featured_media":24407,"comment_status":"open","ping_status":"closed","sticky":false,"template":"","format":"standard","meta":{"_genesis_hide_title":false,"_genesis_hide_breadcrumbs":false,"_genesis_hide_singular_image":false,"_genesis_hide_footer_widgets":false,"_genesis_custom_body_class":"","_genesis_custom_post_class":"","_genesis_layout":"","footnotes":""},"categories":[499,1175],"tags":[448],"class_list":{"0":"post-24408","1":"post","2":"type-post","3":"status-publish","4":"format-standard","5":"has-post-thumbnail","7":"category-belgien","8":"category-flandern","9":"tag-sehenswuerdigkeit","10":"entry"},"yoast_head":"<!-- This site is optimized with the Yoast SEO plugin v27.4 - https:\/\/yoast.com\/product\/yoast-seo-wordpress\/ -->\n<title>Hotel D&#039;Hane-Steenhuyse und Hotel Clemmen in Gent<\/title>\n<meta name=\"description\" content=\"Auf dem Weg vom Bahnhof ins Zentrum besuchen wir in der Veldstraat noch das Hotel D&#039;Hane-Steenhuyse, sowie das gegen\u00fcberliegende Hotel Clemmen.\" \/>\n<meta name=\"robots\" content=\"index, follow, max-snippet:-1, max-image-preview:large, max-video-preview:-1\" \/>\n<link rel=\"canonical\" href=\"https:\/\/blog.myvideomedia.com\/de\/hotel-dhane-steenhuyse-und-hotel-clemmen-in-gent\/\" \/>\n<meta property=\"og:locale\" content=\"de_DE\" \/>\n<meta property=\"og:type\" content=\"article\" \/>\n<meta property=\"og:title\" content=\"Hotel D&#039;Hane-Steenhuyse und Hotel Clemmen in Gent\" \/>\n<meta property=\"og:description\" content=\"Auf dem Weg vom Bahnhof ins Zentrum besuchen wir in der Veldstraat noch das Hotel D&#039;Hane-Steenhuyse, sowie das gegen\u00fcberliegende Hotel Clemmen.\" \/>\n<meta property=\"og:url\" content=\"https:\/\/blog.myvideomedia.com\/de\/hotel-dhane-steenhuyse-und-hotel-clemmen-in-gent\/\" \/>\n<meta property=\"og:site_name\" content=\"Reise Video Blog\" \/>\n<meta property=\"article:publisher\" content=\"https:\/\/www.facebook.com\/ursula.streit.520\" \/>\n<meta property=\"article:author\" content=\"https:\/\/www.facebook.com\/ursula.streit.520\" \/>\n<meta property=\"article:published_time\" content=\"2019-10-25T05:38:42+00:00\" \/>\n<meta property=\"article:modified_time\" content=\"2019-10-29T08:53:21+00:00\" \/>\n<meta property=\"og:image\" content=\"https:\/\/blog.myvideomedia.com\/wp-content\/uploads\/2019\/10\/Hotel-D-Hane-Steenhuyse_DSC4146m.jpg\" \/>\n\t<meta property=\"og:image:width\" content=\"1304\" \/>\n\t<meta property=\"og:image:height\" content=\"870\" \/>\n\t<meta property=\"og:image:type\" content=\"image\/jpeg\" \/>\n<meta name=\"author\" content=\"myVideoMedia\" \/>\n<meta name=\"twitter:card\" content=\"summary_large_image\" \/>\n<meta name=\"twitter:creator\" content=\"@myvideomedia\" \/>\n<meta name=\"twitter:site\" content=\"@myvideomedia\" \/>\n<meta name=\"twitter:label1\" content=\"Verfasst von\" \/>\n\t<meta name=\"twitter:data1\" content=\"myVideoMedia\" \/>\n\t<meta name=\"twitter:label2\" content=\"Gesch\u00e4tzte Lesezeit\" \/>\n\t<meta name=\"twitter:data2\" content=\"2\u00a0Minuten\" \/>\n<script type=\"application\/ld+json\" class=\"yoast-schema-graph\">{\"@context\":\"https:\\\/\\\/schema.org\",\"@graph\":[{\"@type\":\"Article\",\"@id\":\"https:\\\/\\\/blog.myvideomedia.com\\\/de\\\/hotel-dhane-steenhuyse-und-hotel-clemmen-in-gent\\\/#article\",\"isPartOf\":{\"@id\":\"https:\\\/\\\/blog.myvideomedia.com\\\/de\\\/hotel-dhane-steenhuyse-und-hotel-clemmen-in-gent\\\/\"},\"author\":{\"name\":\"myVideoMedia\",\"@id\":\"https:\\\/\\\/blog.myvideomedia.com\\\/de\\\/#\\\/schema\\\/person\\\/87be8fbbed69b1562242448c1c3dcbec\"},\"headline\":\"Hotel D&#8217;Hane-Steenhuyse und Hotel Clemmen in Gent\",\"datePublished\":\"2019-10-25T05:38:42+00:00\",\"dateModified\":\"2019-10-29T08:53:21+00:00\",\"mainEntityOfPage\":{\"@id\":\"https:\\\/\\\/blog.myvideomedia.com\\\/de\\\/hotel-dhane-steenhuyse-und-hotel-clemmen-in-gent\\\/\"},\"wordCount\":398,\"commentCount\":0,\"publisher\":{\"@id\":\"https:\\\/\\\/blog.myvideomedia.com\\\/de\\\/#\\\/schema\\\/person\\\/87be8fbbed69b1562242448c1c3dcbec\"},\"image\":{\"@id\":\"https:\\\/\\\/blog.myvideomedia.com\\\/de\\\/hotel-dhane-steenhuyse-und-hotel-clemmen-in-gent\\\/#primaryimage\"},\"thumbnailUrl\":\"https:\\\/\\\/blog.myvideomedia.com\\\/wp-content\\\/uploads\\\/2019\\\/10\\\/Hotel-D-Hane-Steenhuyse_DSC4146m.jpg\",\"keywords\":[\"Sehensw\u00fcrdigkeit\"],\"articleSection\":[\"Belgien\",\"Flandern\"],\"inLanguage\":\"de\",\"potentialAction\":[{\"@type\":\"CommentAction\",\"name\":\"Comment\",\"target\":[\"https:\\\/\\\/blog.myvideomedia.com\\\/de\\\/hotel-dhane-steenhuyse-und-hotel-clemmen-in-gent\\\/#respond\"]}]},{\"@type\":\"WebPage\",\"@id\":\"https:\\\/\\\/blog.myvideomedia.com\\\/de\\\/hotel-dhane-steenhuyse-und-hotel-clemmen-in-gent\\\/\",\"url\":\"https:\\\/\\\/blog.myvideomedia.com\\\/de\\\/hotel-dhane-steenhuyse-und-hotel-clemmen-in-gent\\\/\",\"name\":\"Hotel D'Hane-Steenhuyse und Hotel Clemmen in Gent\",\"isPartOf\":{\"@id\":\"https:\\\/\\\/blog.myvideomedia.com\\\/de\\\/#website\"},\"primaryImageOfPage\":{\"@id\":\"https:\\\/\\\/blog.myvideomedia.com\\\/de\\\/hotel-dhane-steenhuyse-und-hotel-clemmen-in-gent\\\/#primaryimage\"},\"image\":{\"@id\":\"https:\\\/\\\/blog.myvideomedia.com\\\/de\\\/hotel-dhane-steenhuyse-und-hotel-clemmen-in-gent\\\/#primaryimage\"},\"thumbnailUrl\":\"https:\\\/\\\/blog.myvideomedia.com\\\/wp-content\\\/uploads\\\/2019\\\/10\\\/Hotel-D-Hane-Steenhuyse_DSC4146m.jpg\",\"datePublished\":\"2019-10-25T05:38:42+00:00\",\"dateModified\":\"2019-10-29T08:53:21+00:00\",\"description\":\"Auf dem Weg vom Bahnhof ins Zentrum besuchen wir in der Veldstraat noch das Hotel D'Hane-Steenhuyse, sowie das gegen\u00fcberliegende Hotel Clemmen.\",\"breadcrumb\":{\"@id\":\"https:\\\/\\\/blog.myvideomedia.com\\\/de\\\/hotel-dhane-steenhuyse-und-hotel-clemmen-in-gent\\\/#breadcrumb\"},\"inLanguage\":\"de\",\"potentialAction\":[{\"@type\":\"ReadAction\",\"target\":[\"https:\\\/\\\/blog.myvideomedia.com\\\/de\\\/hotel-dhane-steenhuyse-und-hotel-clemmen-in-gent\\\/\"]}]},{\"@type\":\"ImageObject\",\"inLanguage\":\"de\",\"@id\":\"https:\\\/\\\/blog.myvideomedia.com\\\/de\\\/hotel-dhane-steenhuyse-und-hotel-clemmen-in-gent\\\/#primaryimage\",\"url\":\"https:\\\/\\\/blog.myvideomedia.com\\\/wp-content\\\/uploads\\\/2019\\\/10\\\/Hotel-D-Hane-Steenhuyse_DSC4146m.jpg\",\"contentUrl\":\"https:\\\/\\\/blog.myvideomedia.com\\\/wp-content\\\/uploads\\\/2019\\\/10\\\/Hotel-D-Hane-Steenhuyse_DSC4146m.jpg\",\"width\":1304,\"height\":870,\"caption\":\"Hotel D'Hane-Steenhuyse und Hotel Clemmen in Ghent\"},{\"@type\":\"BreadcrumbList\",\"@id\":\"https:\\\/\\\/blog.myvideomedia.com\\\/de\\\/hotel-dhane-steenhuyse-und-hotel-clemmen-in-gent\\\/#breadcrumb\",\"itemListElement\":[{\"@type\":\"ListItem\",\"position\":1,\"name\":\"Home\",\"item\":\"https:\\\/\\\/blog.myvideomedia.com\\\/de\\\/\"},{\"@type\":\"ListItem\",\"position\":2,\"name\":\"Hotel D&#8217;Hane-Steenhuyse und Hotel Clemmen in Gent\"}]},{\"@type\":\"WebSite\",\"@id\":\"https:\\\/\\\/blog.myvideomedia.com\\\/de\\\/#website\",\"url\":\"https:\\\/\\\/blog.myvideomedia.com\\\/de\\\/\",\"name\":\"Travel Video Blog\",\"description\":\"myVideoMedia Reisetipps und Reisevideos\",\"publisher\":{\"@id\":\"https:\\\/\\\/blog.myvideomedia.com\\\/de\\\/#\\\/schema\\\/person\\\/87be8fbbed69b1562242448c1c3dcbec\"},\"potentialAction\":[{\"@type\":\"SearchAction\",\"target\":{\"@type\":\"EntryPoint\",\"urlTemplate\":\"https:\\\/\\\/blog.myvideomedia.com\\\/de\\\/?s={search_term_string}\"},\"query-input\":{\"@type\":\"PropertyValueSpecification\",\"valueRequired\":true,\"valueName\":\"search_term_string\"}}],\"inLanguage\":\"de\"},{\"@type\":[\"Person\",\"Organization\"],\"@id\":\"https:\\\/\\\/blog.myvideomedia.com\\\/de\\\/#\\\/schema\\\/person\\\/87be8fbbed69b1562242448c1c3dcbec\",\"name\":\"myVideoMedia\",\"image\":{\"@type\":\"ImageObject\",\"inLanguage\":\"de\",\"@id\":\"https:\\\/\\\/secure.gravatar.com\\\/avatar\\\/460720160715ef8975b781abd1b6985e55ce2f01567bb6757bebd73e7cf74c97?s=96&d=mm&r=g\",\"url\":\"https:\\\/\\\/secure.gravatar.com\\\/avatar\\\/460720160715ef8975b781abd1b6985e55ce2f01567bb6757bebd73e7cf74c97?s=96&d=mm&r=g\",\"contentUrl\":\"https:\\\/\\\/secure.gravatar.com\\\/avatar\\\/460720160715ef8975b781abd1b6985e55ce2f01567bb6757bebd73e7cf74c97?s=96&d=mm&r=g\",\"caption\":\"myVideoMedia\"},\"logo\":{\"@id\":\"https:\\\/\\\/secure.gravatar.com\\\/avatar\\\/460720160715ef8975b781abd1b6985e55ce2f01567bb6757bebd73e7cf74c97?s=96&d=mm&r=g\"},\"description\":\"\\\"The World is a book, and those who do not travel read only a page\\\" - Aurelius Augustinus (354 - 430 AD) Travel is our passion. With our posts and videos we like to inspire people who are planning or preparing for holidays as well as people who simply want to escape from everyday life and dream of faraway countries.\",\"sameAs\":[\"https:\\\/\\\/www.myvideomedia.com\",\"https:\\\/\\\/www.facebook.com\\\/ursula.streit.520\"],\"url\":\"https:\\\/\\\/blog.myvideomedia.com\\\/de\\\/author\\\/traveladm\\\/\"}]}<\/script>\n<!-- \/ Yoast SEO plugin. -->","yoast_head_json":{"title":"Hotel D'Hane-Steenhuyse und Hotel Clemmen in Gent","description":"Auf dem Weg vom Bahnhof ins Zentrum besuchen wir in der Veldstraat noch das Hotel D'Hane-Steenhuyse, sowie das gegen\u00fcberliegende Hotel Clemmen.","robots":{"index":"index","follow":"follow","max-snippet":"max-snippet:-1","max-image-preview":"max-image-preview:large","max-video-preview":"max-video-preview:-1"},"canonical":"https:\/\/blog.myvideomedia.com\/de\/hotel-dhane-steenhuyse-und-hotel-clemmen-in-gent\/","og_locale":"de_DE","og_type":"article","og_title":"Hotel D'Hane-Steenhuyse und Hotel Clemmen in Gent","og_description":"Auf dem Weg vom Bahnhof ins Zentrum besuchen wir in der Veldstraat noch das Hotel D'Hane-Steenhuyse, sowie das gegen\u00fcberliegende Hotel Clemmen.","og_url":"https:\/\/blog.myvideomedia.com\/de\/hotel-dhane-steenhuyse-und-hotel-clemmen-in-gent\/","og_site_name":"Reise Video Blog","article_publisher":"https:\/\/www.facebook.com\/ursula.streit.520","article_author":"https:\/\/www.facebook.com\/ursula.streit.520","article_published_time":"2019-10-25T05:38:42+00:00","article_modified_time":"2019-10-29T08:53:21+00:00","og_image":[{"width":1304,"height":870,"url":"https:\/\/blog.myvideomedia.com\/wp-content\/uploads\/2019\/10\/Hotel-D-Hane-Steenhuyse_DSC4146m.jpg","type":"image\/jpeg"}],"author":"myVideoMedia","twitter_card":"summary_large_image","twitter_creator":"@myvideomedia","twitter_site":"@myvideomedia","twitter_misc":{"Verfasst von":"myVideoMedia","Gesch\u00e4tzte Lesezeit":"2\u00a0Minuten"},"schema":{"@context":"https:\/\/schema.org","@graph":[{"@type":"Article","@id":"https:\/\/blog.myvideomedia.com\/de\/hotel-dhane-steenhuyse-und-hotel-clemmen-in-gent\/#article","isPartOf":{"@id":"https:\/\/blog.myvideomedia.com\/de\/hotel-dhane-steenhuyse-und-hotel-clemmen-in-gent\/"},"author":{"name":"myVideoMedia","@id":"https:\/\/blog.myvideomedia.com\/de\/#\/schema\/person\/87be8fbbed69b1562242448c1c3dcbec"},"headline":"Hotel D&#8217;Hane-Steenhuyse und Hotel Clemmen in Gent","datePublished":"2019-10-25T05:38:42+00:00","dateModified":"2019-10-29T08:53:21+00:00","mainEntityOfPage":{"@id":"https:\/\/blog.myvideomedia.com\/de\/hotel-dhane-steenhuyse-und-hotel-clemmen-in-gent\/"},"wordCount":398,"commentCount":0,"publisher":{"@id":"https:\/\/blog.myvideomedia.com\/de\/#\/schema\/person\/87be8fbbed69b1562242448c1c3dcbec"},"image":{"@id":"https:\/\/blog.myvideomedia.com\/de\/hotel-dhane-steenhuyse-und-hotel-clemmen-in-gent\/#primaryimage"},"thumbnailUrl":"https:\/\/blog.myvideomedia.com\/wp-content\/uploads\/2019\/10\/Hotel-D-Hane-Steenhuyse_DSC4146m.jpg","keywords":["Sehensw\u00fcrdigkeit"],"articleSection":["Belgien","Flandern"],"inLanguage":"de","potentialAction":[{"@type":"CommentAction","name":"Comment","target":["https:\/\/blog.myvideomedia.com\/de\/hotel-dhane-steenhuyse-und-hotel-clemmen-in-gent\/#respond"]}]},{"@type":"WebPage","@id":"https:\/\/blog.myvideomedia.com\/de\/hotel-dhane-steenhuyse-und-hotel-clemmen-in-gent\/","url":"https:\/\/blog.myvideomedia.com\/de\/hotel-dhane-steenhuyse-und-hotel-clemmen-in-gent\/","name":"Hotel D'Hane-Steenhuyse und Hotel Clemmen in Gent","isPartOf":{"@id":"https:\/\/blog.myvideomedia.com\/de\/#website"},"primaryImageOfPage":{"@id":"https:\/\/blog.myvideomedia.com\/de\/hotel-dhane-steenhuyse-und-hotel-clemmen-in-gent\/#primaryimage"},"image":{"@id":"https:\/\/blog.myvideomedia.com\/de\/hotel-dhane-steenhuyse-und-hotel-clemmen-in-gent\/#primaryimage"},"thumbnailUrl":"https:\/\/blog.myvideomedia.com\/wp-content\/uploads\/2019\/10\/Hotel-D-Hane-Steenhuyse_DSC4146m.jpg","datePublished":"2019-10-25T05:38:42+00:00","dateModified":"2019-10-29T08:53:21+00:00","description":"Auf dem Weg vom Bahnhof ins Zentrum besuchen wir in der Veldstraat noch das Hotel D'Hane-Steenhuyse, sowie das gegen\u00fcberliegende Hotel Clemmen.","breadcrumb":{"@id":"https:\/\/blog.myvideomedia.com\/de\/hotel-dhane-steenhuyse-und-hotel-clemmen-in-gent\/#breadcrumb"},"inLanguage":"de","potentialAction":[{"@type":"ReadAction","target":["https:\/\/blog.myvideomedia.com\/de\/hotel-dhane-steenhuyse-und-hotel-clemmen-in-gent\/"]}]},{"@type":"ImageObject","inLanguage":"de","@id":"https:\/\/blog.myvideomedia.com\/de\/hotel-dhane-steenhuyse-und-hotel-clemmen-in-gent\/#primaryimage","url":"https:\/\/blog.myvideomedia.com\/wp-content\/uploads\/2019\/10\/Hotel-D-Hane-Steenhuyse_DSC4146m.jpg","contentUrl":"https:\/\/blog.myvideomedia.com\/wp-content\/uploads\/2019\/10\/Hotel-D-Hane-Steenhuyse_DSC4146m.jpg","width":1304,"height":870,"caption":"Hotel D'Hane-Steenhuyse und Hotel Clemmen in Ghent"},{"@type":"BreadcrumbList","@id":"https:\/\/blog.myvideomedia.com\/de\/hotel-dhane-steenhuyse-und-hotel-clemmen-in-gent\/#breadcrumb","itemListElement":[{"@type":"ListItem","position":1,"name":"Home","item":"https:\/\/blog.myvideomedia.com\/de\/"},{"@type":"ListItem","position":2,"name":"Hotel D&#8217;Hane-Steenhuyse und Hotel Clemmen in Gent"}]},{"@type":"WebSite","@id":"https:\/\/blog.myvideomedia.com\/de\/#website","url":"https:\/\/blog.myvideomedia.com\/de\/","name":"Travel Video Blog","description":"myVideoMedia Reisetipps und Reisevideos","publisher":{"@id":"https:\/\/blog.myvideomedia.com\/de\/#\/schema\/person\/87be8fbbed69b1562242448c1c3dcbec"},"potentialAction":[{"@type":"SearchAction","target":{"@type":"EntryPoint","urlTemplate":"https:\/\/blog.myvideomedia.com\/de\/?s={search_term_string}"},"query-input":{"@type":"PropertyValueSpecification","valueRequired":true,"valueName":"search_term_string"}}],"inLanguage":"de"},{"@type":["Person","Organization"],"@id":"https:\/\/blog.myvideomedia.com\/de\/#\/schema\/person\/87be8fbbed69b1562242448c1c3dcbec","name":"myVideoMedia","image":{"@type":"ImageObject","inLanguage":"de","@id":"https:\/\/secure.gravatar.com\/avatar\/460720160715ef8975b781abd1b6985e55ce2f01567bb6757bebd73e7cf74c97?s=96&d=mm&r=g","url":"https:\/\/secure.gravatar.com\/avatar\/460720160715ef8975b781abd1b6985e55ce2f01567bb6757bebd73e7cf74c97?s=96&d=mm&r=g","contentUrl":"https:\/\/secure.gravatar.com\/avatar\/460720160715ef8975b781abd1b6985e55ce2f01567bb6757bebd73e7cf74c97?s=96&d=mm&r=g","caption":"myVideoMedia"},"logo":{"@id":"https:\/\/secure.gravatar.com\/avatar\/460720160715ef8975b781abd1b6985e55ce2f01567bb6757bebd73e7cf74c97?s=96&d=mm&r=g"},"description":"\"The World is a book, and those who do not travel read only a page\" - Aurelius Augustinus (354 - 430 AD) Travel is our passion. With our posts and videos we like to inspire people who are planning or preparing for holidays as well as people who simply want to escape from everyday life and dream of faraway countries.","sameAs":["https:\/\/www.myvideomedia.com","https:\/\/www.facebook.com\/ursula.streit.520"],"url":"https:\/\/blog.myvideomedia.com\/de\/author\/traveladm\/"}]}},"featured_image_src":"https:\/\/blog.myvideomedia.com\/wp-content\/uploads\/2019\/10\/Hotel-D-Hane-Steenhuyse_DSC4146m.jpg","featured_image_src_square":"https:\/\/blog.myvideomedia.com\/wp-content\/uploads\/2019\/10\/Hotel-D-Hane-Steenhuyse_DSC4146m.jpg","author_info":{"display_name":"myVideoMedia","author_link":"https:\/\/blog.myvideomedia.com\/de\/author\/traveladm\/"},"_links":{"self":[{"href":"https:\/\/blog.myvideomedia.com\/de\/wp-json\/wp\/v2\/posts\/24408","targetHints":{"allow":["GET"]}}],"collection":[{"href":"https:\/\/blog.myvideomedia.com\/de\/wp-json\/wp\/v2\/posts"}],"about":[{"href":"https:\/\/blog.myvideomedia.com\/de\/wp-json\/wp\/v2\/types\/post"}],"author":[{"embeddable":true,"href":"https:\/\/blog.myvideomedia.com\/de\/wp-json\/wp\/v2\/users\/1"}],"replies":[{"embeddable":true,"href":"https:\/\/blog.myvideomedia.com\/de\/wp-json\/wp\/v2\/comments?post=24408"}],"version-history":[{"count":0,"href":"https:\/\/blog.myvideomedia.com\/de\/wp-json\/wp\/v2\/posts\/24408\/revisions"}],"wp:featuredmedia":[{"embeddable":true,"href":"https:\/\/blog.myvideomedia.com\/de\/wp-json\/wp\/v2\/media\/24407"}],"wp:attachment":[{"href":"https:\/\/blog.myvideomedia.com\/de\/wp-json\/wp\/v2\/media?parent=24408"}],"wp:term":[{"taxonomy":"category","embeddable":true,"href":"https:\/\/blog.myvideomedia.com\/de\/wp-json\/wp\/v2\/categories?post=24408"},{"taxonomy":"post_tag","embeddable":true,"href":"https:\/\/blog.myvideomedia.com\/de\/wp-json\/wp\/v2\/tags?post=24408"}],"curies":[{"name":"wp","href":"https:\/\/api.w.org\/{rel}","templated":true}]}}