{"id":24455,"date":"2019-10-29T09:48:01","date_gmt":"2019-10-29T08:48:01","guid":{"rendered":"https:\/\/blog.myvideomedia.com\/?p=24455"},"modified":"2019-11-03T09:36:20","modified_gmt":"2019-11-03T08:36:20","slug":"besuch-des-genter-belfried","status":"publish","type":"post","link":"https:\/\/blog.myvideomedia.com\/de\/besuch-des-genter-belfried\/","title":{"rendered":"Besuch des Genter Belfried"},"content":{"rendered":"\n<p>Der Genter Belfried, 95 m hoch und im Zentrum der Stadt angesiedelt, ist die ideale Aussichtsplattform um die Stadt aus der Vogelperspektive zu sehen. Er befindet sich zwischen St.-Bavo-Kathedrale und St. Nikolaskirche. Mit dem Bau des Turmes wurde 1314 begonnen.<\/p>\n\n<figure class=\"wp-block-image\"><img loading=\"lazy\" decoding=\"async\" width=\"841\" height=\"1260\" src=\"https:\/\/blog.myvideomedia.com\/wp-content\/uploads\/2019\/10\/Belfry_DSC3913-841x1260.jpg\" alt=\"Belfried Gent\" class=\"wp-image-24430\" srcset=\"https:\/\/blog.myvideomedia.com\/wp-content\/uploads\/2019\/10\/Belfry_DSC3913-841x1260.jpg 841w, https:\/\/blog.myvideomedia.com\/wp-content\/uploads\/2019\/10\/Belfry_DSC3913-400x600.jpg 400w, https:\/\/blog.myvideomedia.com\/wp-content\/uploads\/2019\/10\/Belfry_DSC3913-768x1151.jpg 768w, https:\/\/blog.myvideomedia.com\/wp-content\/uploads\/2019\/10\/Belfry_DSC3913.jpg 870w\" sizes=\"auto, (max-width: 841px) 100vw, 841px\" \/><\/figure>\n<p>Der Turm und die damit verbundene Tuchhalle erf\u00fcllten mehrere Zwecke. Im Keller des Belfried war das Stadtgef\u00e4ngnis untergebracht. <\/p>\n\n<p>\u00dcber dem Eingang des kleinen Anbaus, der als Wachstube diente, wurde eine R\u00f6mische Legende bildlich dargestellt. Es zeigt den Mammelokker, was soviel bedeutet wie Brustsauger.<\/p>\n\n<figure class=\"wp-block-image\"><img loading=\"lazy\" decoding=\"async\" width=\"1260\" height=\"841\" src=\"https:\/\/blog.myvideomedia.com\/wp-content\/uploads\/2019\/10\/Mammelokker_DSC3938m-1260x841.jpg\" alt=\"Mammelokker Gent\" class=\"wp-image-24432\" srcset=\"https:\/\/blog.myvideomedia.com\/wp-content\/uploads\/2019\/10\/Mammelokker_DSC3938m-1260x841.jpg 1260w, https:\/\/blog.myvideomedia.com\/wp-content\/uploads\/2019\/10\/Mammelokker_DSC3938m-600x400.jpg 600w, https:\/\/blog.myvideomedia.com\/wp-content\/uploads\/2019\/10\/Mammelokker_DSC3938m-768x512.jpg 768w, https:\/\/blog.myvideomedia.com\/wp-content\/uploads\/2019\/10\/Mammelokker_DSC3938m.jpg 1304w\" sizes=\"auto, (max-width: 1260px) 100vw, 1260px\" \/><\/figure>\n<p>Cimon, ein alter Mann wurde zum Tode durch Verhungern verurteilt. Seine Tochter besuchte ihn t\u00e4glich und s\u00e4ugte ihn, wodurch er \u00fcberlebte. Als der Schwindel aufflog, wurde ihm die Strafe erlassen.<\/p>\n\n<figure class=\"wp-block-image\"><img loading=\"lazy\" decoding=\"async\" width=\"1260\" height=\"841\" src=\"https:\/\/blog.myvideomedia.com\/wp-content\/uploads\/2019\/10\/Bell_DSC4296-1260x841.jpg\" alt=\"Rolandglocke - Klokke Roeland\" class=\"wp-image-24434\" srcset=\"https:\/\/blog.myvideomedia.com\/wp-content\/uploads\/2019\/10\/Bell_DSC4296-1260x841.jpg 1260w, https:\/\/blog.myvideomedia.com\/wp-content\/uploads\/2019\/10\/Bell_DSC4296-600x400.jpg 600w, https:\/\/blog.myvideomedia.com\/wp-content\/uploads\/2019\/10\/Bell_DSC4296-768x512.jpg 768w, https:\/\/blog.myvideomedia.com\/wp-content\/uploads\/2019\/10\/Bell_DSC4296.jpg 1304w\" sizes=\"auto, (max-width: 1260px) 100vw, 1260px\" \/><\/figure>\n<p>Die bekannteste Glocke des Belfrieds ist die Rolandglocke (Klokke Roeland), die auch \u201eGro\u00dfe Triomfante\u201c genannt wird. Als Gent seine Privilegien wegen des Aufstands verlor, lie\u00df Kaiser Karl V. die Glocke entfernen. Sie ist heute auf dem Emile Braunplein, neben der Stadshal zu sehen.<\/p>\n\n<figure class=\"wp-block-image\"><img loading=\"lazy\" decoding=\"async\" width=\"1260\" height=\"841\" src=\"https:\/\/blog.myvideomedia.com\/wp-content\/uploads\/2019\/10\/Belfried-view_DSC4292-1260x841.jpg\" alt=\"Blick vom Genter Belfried\" class=\"wp-image-24436\" srcset=\"https:\/\/blog.myvideomedia.com\/wp-content\/uploads\/2019\/10\/Belfried-view_DSC4292-1260x841.jpg 1260w, https:\/\/blog.myvideomedia.com\/wp-content\/uploads\/2019\/10\/Belfried-view_DSC4292-600x400.jpg 600w, https:\/\/blog.myvideomedia.com\/wp-content\/uploads\/2019\/10\/Belfried-view_DSC4292-768x512.jpg 768w, https:\/\/blog.myvideomedia.com\/wp-content\/uploads\/2019\/10\/Belfried-view_DSC4292.jpg 1304w\" sizes=\"auto, (max-width: 1260px) 100vw, 1260px\" \/><\/figure>\n<p>Im Erdgeschoss wurden die Stadtprivilegien in einem Schrank aufbewahrt, dessen Schl\u00fcssel auf verschiedene Z\u00fcnfte und W\u00fcrdentr\u00e4ger verteilt waren. <\/p>\n\n<h3 class=\"wp-block-heading\"><a href=\"https:\/\/youtu.be\/CMqB_Rb-kow\" target=\"_blank\" rel=\"noreferrer noopener\" aria-label=\"Hier sehen Sie das 4K UHD Video (oeffnet in neuem Tab)\">Hier sehen Sie das 4K UHD Video<\/a><\/h3>\n<figure> <div class=\"brlbs-cmpnt-container brlbs-cmpnt-content-blocker brlbs-cmpnt-with-individual-styles\" data-borlabs-cookie-content-blocker-id=\"youtube-content-blocker\" data-borlabs-cookie-content=\"PGlmcmFtZSBzcmM9Imh0dHBzOi8vd3d3LnlvdXR1YmUtbm9jb29raWUuY29tL2VtYmVkL0NNcUJfUmIta293IiB3aWR0aD0iNjAwIiBoZWlnaHQ9IjMzOCI+PC9pZnJhbWU+\"><div class=\"brlbs-cmpnt-cb-preset-c brlbs-cmpnt-cb-youtube\"> <div class=\"brlbs-cmpnt-cb-thumbnail\" style=\"background-image: url('https:\/\/blog.myvideomedia.com\/wp-content\/uploads\/borlabs-cookie\/1\/yt_CMqB_Rb-kow_hqdefault.jpg')\"><\/div> <div class=\"brlbs-cmpnt-cb-main\"> <div class=\"brlbs-cmpnt-cb-play-button\"><\/div> <div class=\"brlbs-cmpnt-cb-content\"> <p class=\"brlbs-cmpnt-cb-description\">Sie sehen gerade einen Platzhalterinhalt von <strong>YouTube<\/strong>. Um auf den eigentlichen Inhalt zuzugreifen, klicken Sie auf die Schaltfl\u00e4che unten. Bitte beachten Sie, dass dabei Daten an Drittanbieter weitergegeben werden.<\/p> <a class=\"brlbs-cmpnt-cb-provider-toggle\" href=\"#\" data-borlabs-cookie-show-provider-information role=\"button\">Mehr Informationen<\/a> <\/div> <div class=\"brlbs-cmpnt-cb-buttons\"> <a class=\"brlbs-cmpnt-cb-btn\" href=\"#\" data-borlabs-cookie-unblock role=\"button\">Inhalt entsperren<\/a> <a class=\"brlbs-cmpnt-cb-btn\" href=\"#\" data-borlabs-cookie-accept-service role=\"button\" style=\"display: inherit\">Erforderlichen Service akzeptieren und Inhalte entsperren<\/a> <\/div> <\/div> <\/div><\/div><\/figure>\r\n\n<p>Im ersten Stock wird der Drache von Gent gezeigt. Er diente als Turmspitze und wurde 1377 gegossen. <\/p>\n\n<figure class=\"wp-block-image\"><img loading=\"lazy\" decoding=\"async\" width=\"1260\" height=\"841\" src=\"https:\/\/blog.myvideomedia.com\/wp-content\/uploads\/2019\/10\/Dragon_DSC4266-1260x841.jpg\" alt=\"Drache von Gent\" class=\"wp-image-24439\" srcset=\"https:\/\/blog.myvideomedia.com\/wp-content\/uploads\/2019\/10\/Dragon_DSC4266-1260x841.jpg 1260w, https:\/\/blog.myvideomedia.com\/wp-content\/uploads\/2019\/10\/Dragon_DSC4266-600x400.jpg 600w, https:\/\/blog.myvideomedia.com\/wp-content\/uploads\/2019\/10\/Dragon_DSC4266-768x512.jpg 768w, https:\/\/blog.myvideomedia.com\/wp-content\/uploads\/2019\/10\/Dragon_DSC4266.jpg 1304w\" sizes=\"auto, (max-width: 1260px) 100vw, 1260px\" \/><\/figure>\n<p>Ab dem 1. Stock f\u00fchrt ein Aufzug auf die Aussichtsplattform. Vom Stadtmuseum bis zur Burg Grafenstein sind alle Sehensw\u00fcrdigkeiten gut zu erkennen. <\/p>\n\n<figure class=\"wp-block-image\"><img loading=\"lazy\" decoding=\"async\" width=\"1260\" height=\"841\" src=\"https:\/\/blog.myvideomedia.com\/wp-content\/uploads\/2019\/10\/Belfried-view_DSC4288m-1260x841.jpg\" alt=\"Blick vom Belfried auf Burg Grafenstein\" class=\"wp-image-24441\" srcset=\"https:\/\/blog.myvideomedia.com\/wp-content\/uploads\/2019\/10\/Belfried-view_DSC4288m-1260x841.jpg 1260w, https:\/\/blog.myvideomedia.com\/wp-content\/uploads\/2019\/10\/Belfried-view_DSC4288m-600x400.jpg 600w, https:\/\/blog.myvideomedia.com\/wp-content\/uploads\/2019\/10\/Belfried-view_DSC4288m-768x512.jpg 768w, https:\/\/blog.myvideomedia.com\/wp-content\/uploads\/2019\/10\/Belfried-view_DSC4288m.jpg 1304w\" sizes=\"auto, (max-width: 1260px) 100vw, 1260px\" \/><\/figure>\n<p>Im Turm sind au\u00dferdem alte Uhrwerke und ein Glockenspiel, das jeden Sonntag von 11 bis 12 Uhr ert\u00f6nt, zu sehen. <\/p>\n\n<figure class=\"wp-block-image\"><img loading=\"lazy\" decoding=\"async\" width=\"1260\" height=\"841\" src=\"https:\/\/blog.myvideomedia.com\/wp-content\/uploads\/2019\/10\/carillon_DSC4267-1260x841.jpg\" alt=\"Belfried Gent\" class=\"wp-image-24443\" srcset=\"https:\/\/blog.myvideomedia.com\/wp-content\/uploads\/2019\/10\/carillon_DSC4267-1260x841.jpg 1260w, https:\/\/blog.myvideomedia.com\/wp-content\/uploads\/2019\/10\/carillon_DSC4267-600x400.jpg 600w, https:\/\/blog.myvideomedia.com\/wp-content\/uploads\/2019\/10\/carillon_DSC4267-768x512.jpg 768w, https:\/\/blog.myvideomedia.com\/wp-content\/uploads\/2019\/10\/carillon_DSC4267.jpg 1304w\" sizes=\"auto, (max-width: 1260px) 100vw, 1260px\" \/><\/figure>\n<p>Freitagabend ert\u00f6nt es von 20 bis 21 Uhr und im Sommer jeden Samstagabend.<\/p>\n\n<figure class=\"wp-block-image\"><img loading=\"lazy\" decoding=\"async\" width=\"1260\" height=\"841\" src=\"https:\/\/blog.myvideomedia.com\/wp-content\/uploads\/2019\/10\/Bells_DSC4298-1260x841.jpg\" alt=\"Carillon Belfried Gent\" class=\"wp-image-24445\" srcset=\"https:\/\/blog.myvideomedia.com\/wp-content\/uploads\/2019\/10\/Bells_DSC4298-1260x841.jpg 1260w, https:\/\/blog.myvideomedia.com\/wp-content\/uploads\/2019\/10\/Bells_DSC4298-600x400.jpg 600w, https:\/\/blog.myvideomedia.com\/wp-content\/uploads\/2019\/10\/Bells_DSC4298-768x512.jpg 768w, https:\/\/blog.myvideomedia.com\/wp-content\/uploads\/2019\/10\/Bells_DSC4298.jpg 1304w\" sizes=\"auto, (max-width: 1260px) 100vw, 1260px\" \/><\/figure>\n<p>Angrenzend an den Belfried begann man 1425 mit dem Bau der Tuchhalle (Lakenhal), die allerdings erst 1907 endg\u00fcltig fertiggestellt.wurde. Im eleganten Saal finden Stadtfeierlichkeiten statt. <\/p>\n\n<figure class=\"wp-block-image\"><img loading=\"lazy\" decoding=\"async\" width=\"1260\" height=\"841\" src=\"https:\/\/blog.myvideomedia.com\/wp-content\/uploads\/2019\/10\/Cloth-Hall_DSC4304-1260x841.jpg\" alt=\"Tuchhalle Gent\" class=\"wp-image-24447\" srcset=\"https:\/\/blog.myvideomedia.com\/wp-content\/uploads\/2019\/10\/Cloth-Hall_DSC4304-1260x841.jpg 1260w, https:\/\/blog.myvideomedia.com\/wp-content\/uploads\/2019\/10\/Cloth-Hall_DSC4304-600x400.jpg 600w, https:\/\/blog.myvideomedia.com\/wp-content\/uploads\/2019\/10\/Cloth-Hall_DSC4304-768x512.jpg 768w, https:\/\/blog.myvideomedia.com\/wp-content\/uploads\/2019\/10\/Cloth-Hall_DSC4304.jpg 1304w\" sizes=\"auto, (max-width: 1260px) 100vw, 1260px\" \/><\/figure>\n<p>Im ersten Stock genie\u00dfen die Fechter der K\u00f6niglichen und Ritterlichen Hauptgilde von St. Michael seit 1613 das Privileg den Ort f\u00fcr Zusammenk\u00fcnfte nutzen zu d\u00fcrfen, da sie sich einst an der Stadtverteidigung beteiligt haben.<\/p>\n\n<figure class=\"wp-block-image\"><img loading=\"lazy\" decoding=\"async\" width=\"1260\" height=\"841\" src=\"https:\/\/blog.myvideomedia.com\/wp-content\/uploads\/2019\/10\/Cloth-Hall_DSC4310-1260x841.jpg\" alt=\"Tuchhalle- Lakenhal\" class=\"wp-image-24449\" srcset=\"https:\/\/blog.myvideomedia.com\/wp-content\/uploads\/2019\/10\/Cloth-Hall_DSC4310-1260x841.jpg 1260w, https:\/\/blog.myvideomedia.com\/wp-content\/uploads\/2019\/10\/Cloth-Hall_DSC4310-600x400.jpg 600w, https:\/\/blog.myvideomedia.com\/wp-content\/uploads\/2019\/10\/Cloth-Hall_DSC4310-768x512.jpg 768w, https:\/\/blog.myvideomedia.com\/wp-content\/uploads\/2019\/10\/Cloth-Hall_DSC4310.jpg 1304w\" sizes=\"auto, (max-width: 1260px) 100vw, 1260px\" \/><\/figure>\n<p>Seit 1999 geh\u00f6rt der Genter Belfried mit der Tuchhalle und dem Mammelokker zum UNESCO Weltkulturerbe\r\n<\/p>\n<div id=\"myvid-2400202262\" style=\"margin-top: 5px;margin-bottom: 5px;margin-left: auto;margin-right: auto;text-align: center;\" data-cfpa=\"24239\" data-cfpw=\"24239\"><div class=\"myvid-adlabel\">Anzeige<\/div><div data-gyg-href=\"https:\/\/widget.getyourguide.com\/default\/activites.frame\" data-gyg-locale-code=\"en-US\" data-gyg-widget=\"activities\" data-gyg-number-of-items=\"3\" data-gyg-cmp=\"Ghent\" data-gyg-currency=\"USD\" data-gyg-partner-id=\"WA7ZVJZ\" data-gyg-placement=\"content-middle\" data-gyg-q=\"Ghent\"><\/div><script async defer src=\"https:\/\/widget.getyourguide.com\/v2\/widget.js\"><\/script><\/div><script type=\"text\/javascript\">;new advadsCfpAd( 24239 );<\/script>\n<p>Bitte lesen Sie weiter &gt; <a href=\"https:\/\/blog.myvideomedia.com\/de\/bootstour-in-gent\/\">Bootstour in Gent<\/a><\/p>\n\n<h3 class=\"wp-block-heading\">Pin it &#8211; f\u00fcr sp\u00e4ter merken<\/h3>\n\n<figure class=\"wp-block-image\"><img decoding=\"async\" src=\"https:\/\/blog.myvideomedia.com\/wp-content\/uploads\/2019\/10\/Pin-Besuch-des-Belfried-2.jpg\" alt=\"Pin Besuch des Genter Belfried\" class=\"wp-image-24453\"><\/figure>\n<p>Text, Fotos und Video: Copyright \u00a9 <a href=\"https:\/\/www.myvideomedia.com\/de\">myVideoMedia<\/a><\/p>\n\n<p><em>Soundtrack im Video: <br>close my eyes (bw mix) by backwedge (c) copyright 2007 <br>Licensed under a Creative Commons Attribution (3.0) license. <br><\/em><a rel=\"noreferrer noopener nofollow\" aria-label=\"http:\/\/dig.ccmixter.org\/files\/backwedge\/10589 (opens in a new tab)\" href=\"http:\/\/dig.ccmixter.org\/files\/backwedge\/10589\" target=\"_blank\"><em>http:\/\/dig.ccmixter.org\/files\/backwedge\/10589<\/em><\/a><em> <\/em><\/p>\n","protected":false},"excerpt":{"rendered":"<p>Der Genter Belfried, 95 m hoch und im Zentrum der Stadt angesiedelt, ist die ideale Aussichtsplattform um die Stadt aus der Vogelperspektive zu sehen. Er befindet sich zwischen St.-Bavo-Kathedrale und St. Nikolaskirche. Mit dem Bau des Turmes wurde 1314 begonnen. Der Turm und die damit verbundene Tuchhalle erf\u00fcllten mehrere Zwecke. Im Keller des Belfried war [&hellip;]<\/p>\n","protected":false},"author":1,"featured_media":24440,"comment_status":"open","ping_status":"closed","sticky":false,"template":"","format":"standard","meta":{"_genesis_hide_title":false,"_genesis_hide_breadcrumbs":false,"_genesis_hide_singular_image":false,"_genesis_hide_footer_widgets":false,"_genesis_custom_body_class":"","_genesis_custom_post_class":"","_genesis_layout":"","footnotes":""},"categories":[499,1175],"tags":[476],"class_list":{"0":"post-24455","1":"post","2":"type-post","3":"status-publish","4":"format-standard","5":"has-post-thumbnail","7":"category-belgien","8":"category-flandern","9":"tag-unesco-weltkulturerbe","10":"entry"},"yoast_head":"<!-- This site is optimized with the Yoast SEO plugin v27.4 - https:\/\/yoast.com\/product\/yoast-seo-wordpress\/ -->\n<title>Besuch des Genter Belfried - Belgien - Reise Video Blog<\/title>\n<meta name=\"description\" content=\"Der Genter Belfried, 95 m hoch und im Zentrum der Stadt angesiedelt, ist die ideale Aussichtsplattform um die Stadt aus der Vogelperspektive zu sehen.\" \/>\n<meta name=\"robots\" content=\"index, follow, max-snippet:-1, max-image-preview:large, max-video-preview:-1\" \/>\n<link rel=\"canonical\" href=\"https:\/\/blog.myvideomedia.com\/de\/besuch-des-genter-belfried\/\" \/>\n<meta property=\"og:locale\" content=\"de_DE\" \/>\n<meta property=\"og:type\" content=\"article\" \/>\n<meta property=\"og:title\" content=\"Besuch des Genter Belfried - Belgien - Reise Video Blog\" \/>\n<meta property=\"og:description\" content=\"Der Genter Belfried, 95 m hoch und im Zentrum der Stadt angesiedelt, ist die ideale Aussichtsplattform um die Stadt aus der Vogelperspektive zu sehen.\" \/>\n<meta property=\"og:url\" content=\"https:\/\/blog.myvideomedia.com\/de\/besuch-des-genter-belfried\/\" \/>\n<meta property=\"og:site_name\" content=\"Reise Video Blog\" \/>\n<meta property=\"article:publisher\" content=\"https:\/\/www.facebook.com\/ursula.streit.520\" \/>\n<meta property=\"article:author\" content=\"https:\/\/www.facebook.com\/ursula.streit.520\" \/>\n<meta property=\"article:published_time\" content=\"2019-10-29T08:48:01+00:00\" \/>\n<meta property=\"article:modified_time\" content=\"2019-11-03T08:36:20+00:00\" \/>\n<meta property=\"og:image\" content=\"https:\/\/blog.myvideomedia.com\/wp-content\/uploads\/2019\/10\/Dragon_DSC4266.jpg\" \/>\n\t<meta property=\"og:image:width\" content=\"1304\" \/>\n\t<meta property=\"og:image:height\" content=\"870\" \/>\n\t<meta property=\"og:image:type\" content=\"image\/jpeg\" \/>\n<meta name=\"author\" content=\"myVideoMedia\" \/>\n<meta name=\"twitter:card\" content=\"summary_large_image\" \/>\n<meta name=\"twitter:creator\" content=\"@myvideomedia\" \/>\n<meta name=\"twitter:site\" content=\"@myvideomedia\" \/>\n<meta name=\"twitter:label1\" content=\"Verfasst von\" \/>\n\t<meta name=\"twitter:data1\" content=\"myVideoMedia\" \/>\n\t<meta name=\"twitter:label2\" content=\"Gesch\u00e4tzte Lesezeit\" \/>\n\t<meta name=\"twitter:data2\" content=\"2\u00a0Minuten\" \/>\n<script type=\"application\/ld+json\" class=\"yoast-schema-graph\">{\"@context\":\"https:\\\/\\\/schema.org\",\"@graph\":[{\"@type\":\"Article\",\"@id\":\"https:\\\/\\\/blog.myvideomedia.com\\\/de\\\/besuch-des-genter-belfried\\\/#article\",\"isPartOf\":{\"@id\":\"https:\\\/\\\/blog.myvideomedia.com\\\/de\\\/besuch-des-genter-belfried\\\/\"},\"author\":{\"name\":\"myVideoMedia\",\"@id\":\"https:\\\/\\\/blog.myvideomedia.com\\\/de\\\/#\\\/schema\\\/person\\\/87be8fbbed69b1562242448c1c3dcbec\"},\"headline\":\"Besuch des Genter Belfried\",\"datePublished\":\"2019-10-29T08:48:01+00:00\",\"dateModified\":\"2019-11-03T08:36:20+00:00\",\"mainEntityOfPage\":{\"@id\":\"https:\\\/\\\/blog.myvideomedia.com\\\/de\\\/besuch-des-genter-belfried\\\/\"},\"wordCount\":390,\"commentCount\":0,\"publisher\":{\"@id\":\"https:\\\/\\\/blog.myvideomedia.com\\\/de\\\/#\\\/schema\\\/person\\\/87be8fbbed69b1562242448c1c3dcbec\"},\"image\":{\"@id\":\"https:\\\/\\\/blog.myvideomedia.com\\\/de\\\/besuch-des-genter-belfried\\\/#primaryimage\"},\"thumbnailUrl\":\"https:\\\/\\\/blog.myvideomedia.com\\\/wp-content\\\/uploads\\\/2019\\\/10\\\/Dragon_DSC4266.jpg\",\"keywords\":[\"UNESCO Weltkulturerbe\"],\"articleSection\":[\"Belgien\",\"Flandern\"],\"inLanguage\":\"de\",\"potentialAction\":[{\"@type\":\"CommentAction\",\"name\":\"Comment\",\"target\":[\"https:\\\/\\\/blog.myvideomedia.com\\\/de\\\/besuch-des-genter-belfried\\\/#respond\"]}]},{\"@type\":\"WebPage\",\"@id\":\"https:\\\/\\\/blog.myvideomedia.com\\\/de\\\/besuch-des-genter-belfried\\\/\",\"url\":\"https:\\\/\\\/blog.myvideomedia.com\\\/de\\\/besuch-des-genter-belfried\\\/\",\"name\":\"Besuch des Genter Belfried - Belgien - Reise Video Blog\",\"isPartOf\":{\"@id\":\"https:\\\/\\\/blog.myvideomedia.com\\\/de\\\/#website\"},\"primaryImageOfPage\":{\"@id\":\"https:\\\/\\\/blog.myvideomedia.com\\\/de\\\/besuch-des-genter-belfried\\\/#primaryimage\"},\"image\":{\"@id\":\"https:\\\/\\\/blog.myvideomedia.com\\\/de\\\/besuch-des-genter-belfried\\\/#primaryimage\"},\"thumbnailUrl\":\"https:\\\/\\\/blog.myvideomedia.com\\\/wp-content\\\/uploads\\\/2019\\\/10\\\/Dragon_DSC4266.jpg\",\"datePublished\":\"2019-10-29T08:48:01+00:00\",\"dateModified\":\"2019-11-03T08:36:20+00:00\",\"description\":\"Der Genter Belfried, 95 m hoch und im Zentrum der Stadt angesiedelt, ist die ideale Aussichtsplattform um die Stadt aus der Vogelperspektive zu sehen.\",\"breadcrumb\":{\"@id\":\"https:\\\/\\\/blog.myvideomedia.com\\\/de\\\/besuch-des-genter-belfried\\\/#breadcrumb\"},\"inLanguage\":\"de\",\"potentialAction\":[{\"@type\":\"ReadAction\",\"target\":[\"https:\\\/\\\/blog.myvideomedia.com\\\/de\\\/besuch-des-genter-belfried\\\/\"]}]},{\"@type\":\"ImageObject\",\"inLanguage\":\"de\",\"@id\":\"https:\\\/\\\/blog.myvideomedia.com\\\/de\\\/besuch-des-genter-belfried\\\/#primaryimage\",\"url\":\"https:\\\/\\\/blog.myvideomedia.com\\\/wp-content\\\/uploads\\\/2019\\\/10\\\/Dragon_DSC4266.jpg\",\"contentUrl\":\"https:\\\/\\\/blog.myvideomedia.com\\\/wp-content\\\/uploads\\\/2019\\\/10\\\/Dragon_DSC4266.jpg\",\"width\":1304,\"height\":870,\"caption\":\"Belfried Gent - Drache von Gent\"},{\"@type\":\"BreadcrumbList\",\"@id\":\"https:\\\/\\\/blog.myvideomedia.com\\\/de\\\/besuch-des-genter-belfried\\\/#breadcrumb\",\"itemListElement\":[{\"@type\":\"ListItem\",\"position\":1,\"name\":\"Home\",\"item\":\"https:\\\/\\\/blog.myvideomedia.com\\\/de\\\/\"},{\"@type\":\"ListItem\",\"position\":2,\"name\":\"Besuch des Genter Belfried\"}]},{\"@type\":\"WebSite\",\"@id\":\"https:\\\/\\\/blog.myvideomedia.com\\\/de\\\/#website\",\"url\":\"https:\\\/\\\/blog.myvideomedia.com\\\/de\\\/\",\"name\":\"Travel Video Blog\",\"description\":\"myVideoMedia Reisetipps und Reisevideos\",\"publisher\":{\"@id\":\"https:\\\/\\\/blog.myvideomedia.com\\\/de\\\/#\\\/schema\\\/person\\\/87be8fbbed69b1562242448c1c3dcbec\"},\"potentialAction\":[{\"@type\":\"SearchAction\",\"target\":{\"@type\":\"EntryPoint\",\"urlTemplate\":\"https:\\\/\\\/blog.myvideomedia.com\\\/de\\\/?s={search_term_string}\"},\"query-input\":{\"@type\":\"PropertyValueSpecification\",\"valueRequired\":true,\"valueName\":\"search_term_string\"}}],\"inLanguage\":\"de\"},{\"@type\":[\"Person\",\"Organization\"],\"@id\":\"https:\\\/\\\/blog.myvideomedia.com\\\/de\\\/#\\\/schema\\\/person\\\/87be8fbbed69b1562242448c1c3dcbec\",\"name\":\"myVideoMedia\",\"image\":{\"@type\":\"ImageObject\",\"inLanguage\":\"de\",\"@id\":\"https:\\\/\\\/secure.gravatar.com\\\/avatar\\\/460720160715ef8975b781abd1b6985e55ce2f01567bb6757bebd73e7cf74c97?s=96&d=mm&r=g\",\"url\":\"https:\\\/\\\/secure.gravatar.com\\\/avatar\\\/460720160715ef8975b781abd1b6985e55ce2f01567bb6757bebd73e7cf74c97?s=96&d=mm&r=g\",\"contentUrl\":\"https:\\\/\\\/secure.gravatar.com\\\/avatar\\\/460720160715ef8975b781abd1b6985e55ce2f01567bb6757bebd73e7cf74c97?s=96&d=mm&r=g\",\"caption\":\"myVideoMedia\"},\"logo\":{\"@id\":\"https:\\\/\\\/secure.gravatar.com\\\/avatar\\\/460720160715ef8975b781abd1b6985e55ce2f01567bb6757bebd73e7cf74c97?s=96&d=mm&r=g\"},\"description\":\"\\\"The World is a book, and those who do not travel read only a page\\\" - Aurelius Augustinus (354 - 430 AD) Travel is our passion. With our posts and videos we like to inspire people who are planning or preparing for holidays as well as people who simply want to escape from everyday life and dream of faraway countries.\",\"sameAs\":[\"https:\\\/\\\/www.myvideomedia.com\",\"https:\\\/\\\/www.facebook.com\\\/ursula.streit.520\"],\"url\":\"https:\\\/\\\/blog.myvideomedia.com\\\/de\\\/author\\\/traveladm\\\/\"}]}<\/script>\n<!-- \/ Yoast SEO plugin. -->","yoast_head_json":{"title":"Besuch des Genter Belfried - Belgien - Reise Video Blog","description":"Der Genter Belfried, 95 m hoch und im Zentrum der Stadt angesiedelt, ist die ideale Aussichtsplattform um die Stadt aus der Vogelperspektive zu sehen.","robots":{"index":"index","follow":"follow","max-snippet":"max-snippet:-1","max-image-preview":"max-image-preview:large","max-video-preview":"max-video-preview:-1"},"canonical":"https:\/\/blog.myvideomedia.com\/de\/besuch-des-genter-belfried\/","og_locale":"de_DE","og_type":"article","og_title":"Besuch des Genter Belfried - Belgien - Reise Video Blog","og_description":"Der Genter Belfried, 95 m hoch und im Zentrum der Stadt angesiedelt, ist die ideale Aussichtsplattform um die Stadt aus der Vogelperspektive zu sehen.","og_url":"https:\/\/blog.myvideomedia.com\/de\/besuch-des-genter-belfried\/","og_site_name":"Reise Video Blog","article_publisher":"https:\/\/www.facebook.com\/ursula.streit.520","article_author":"https:\/\/www.facebook.com\/ursula.streit.520","article_published_time":"2019-10-29T08:48:01+00:00","article_modified_time":"2019-11-03T08:36:20+00:00","og_image":[{"width":1304,"height":870,"url":"https:\/\/blog.myvideomedia.com\/wp-content\/uploads\/2019\/10\/Dragon_DSC4266.jpg","type":"image\/jpeg"}],"author":"myVideoMedia","twitter_card":"summary_large_image","twitter_creator":"@myvideomedia","twitter_site":"@myvideomedia","twitter_misc":{"Verfasst von":"myVideoMedia","Gesch\u00e4tzte Lesezeit":"2\u00a0Minuten"},"schema":{"@context":"https:\/\/schema.org","@graph":[{"@type":"Article","@id":"https:\/\/blog.myvideomedia.com\/de\/besuch-des-genter-belfried\/#article","isPartOf":{"@id":"https:\/\/blog.myvideomedia.com\/de\/besuch-des-genter-belfried\/"},"author":{"name":"myVideoMedia","@id":"https:\/\/blog.myvideomedia.com\/de\/#\/schema\/person\/87be8fbbed69b1562242448c1c3dcbec"},"headline":"Besuch des Genter Belfried","datePublished":"2019-10-29T08:48:01+00:00","dateModified":"2019-11-03T08:36:20+00:00","mainEntityOfPage":{"@id":"https:\/\/blog.myvideomedia.com\/de\/besuch-des-genter-belfried\/"},"wordCount":390,"commentCount":0,"publisher":{"@id":"https:\/\/blog.myvideomedia.com\/de\/#\/schema\/person\/87be8fbbed69b1562242448c1c3dcbec"},"image":{"@id":"https:\/\/blog.myvideomedia.com\/de\/besuch-des-genter-belfried\/#primaryimage"},"thumbnailUrl":"https:\/\/blog.myvideomedia.com\/wp-content\/uploads\/2019\/10\/Dragon_DSC4266.jpg","keywords":["UNESCO Weltkulturerbe"],"articleSection":["Belgien","Flandern"],"inLanguage":"de","potentialAction":[{"@type":"CommentAction","name":"Comment","target":["https:\/\/blog.myvideomedia.com\/de\/besuch-des-genter-belfried\/#respond"]}]},{"@type":"WebPage","@id":"https:\/\/blog.myvideomedia.com\/de\/besuch-des-genter-belfried\/","url":"https:\/\/blog.myvideomedia.com\/de\/besuch-des-genter-belfried\/","name":"Besuch des Genter Belfried - Belgien - Reise Video Blog","isPartOf":{"@id":"https:\/\/blog.myvideomedia.com\/de\/#website"},"primaryImageOfPage":{"@id":"https:\/\/blog.myvideomedia.com\/de\/besuch-des-genter-belfried\/#primaryimage"},"image":{"@id":"https:\/\/blog.myvideomedia.com\/de\/besuch-des-genter-belfried\/#primaryimage"},"thumbnailUrl":"https:\/\/blog.myvideomedia.com\/wp-content\/uploads\/2019\/10\/Dragon_DSC4266.jpg","datePublished":"2019-10-29T08:48:01+00:00","dateModified":"2019-11-03T08:36:20+00:00","description":"Der Genter Belfried, 95 m hoch und im Zentrum der Stadt angesiedelt, ist die ideale Aussichtsplattform um die Stadt aus der Vogelperspektive zu sehen.","breadcrumb":{"@id":"https:\/\/blog.myvideomedia.com\/de\/besuch-des-genter-belfried\/#breadcrumb"},"inLanguage":"de","potentialAction":[{"@type":"ReadAction","target":["https:\/\/blog.myvideomedia.com\/de\/besuch-des-genter-belfried\/"]}]},{"@type":"ImageObject","inLanguage":"de","@id":"https:\/\/blog.myvideomedia.com\/de\/besuch-des-genter-belfried\/#primaryimage","url":"https:\/\/blog.myvideomedia.com\/wp-content\/uploads\/2019\/10\/Dragon_DSC4266.jpg","contentUrl":"https:\/\/blog.myvideomedia.com\/wp-content\/uploads\/2019\/10\/Dragon_DSC4266.jpg","width":1304,"height":870,"caption":"Belfried Gent - Drache von Gent"},{"@type":"BreadcrumbList","@id":"https:\/\/blog.myvideomedia.com\/de\/besuch-des-genter-belfried\/#breadcrumb","itemListElement":[{"@type":"ListItem","position":1,"name":"Home","item":"https:\/\/blog.myvideomedia.com\/de\/"},{"@type":"ListItem","position":2,"name":"Besuch des Genter Belfried"}]},{"@type":"WebSite","@id":"https:\/\/blog.myvideomedia.com\/de\/#website","url":"https:\/\/blog.myvideomedia.com\/de\/","name":"Travel Video Blog","description":"myVideoMedia Reisetipps und Reisevideos","publisher":{"@id":"https:\/\/blog.myvideomedia.com\/de\/#\/schema\/person\/87be8fbbed69b1562242448c1c3dcbec"},"potentialAction":[{"@type":"SearchAction","target":{"@type":"EntryPoint","urlTemplate":"https:\/\/blog.myvideomedia.com\/de\/?s={search_term_string}"},"query-input":{"@type":"PropertyValueSpecification","valueRequired":true,"valueName":"search_term_string"}}],"inLanguage":"de"},{"@type":["Person","Organization"],"@id":"https:\/\/blog.myvideomedia.com\/de\/#\/schema\/person\/87be8fbbed69b1562242448c1c3dcbec","name":"myVideoMedia","image":{"@type":"ImageObject","inLanguage":"de","@id":"https:\/\/secure.gravatar.com\/avatar\/460720160715ef8975b781abd1b6985e55ce2f01567bb6757bebd73e7cf74c97?s=96&d=mm&r=g","url":"https:\/\/secure.gravatar.com\/avatar\/460720160715ef8975b781abd1b6985e55ce2f01567bb6757bebd73e7cf74c97?s=96&d=mm&r=g","contentUrl":"https:\/\/secure.gravatar.com\/avatar\/460720160715ef8975b781abd1b6985e55ce2f01567bb6757bebd73e7cf74c97?s=96&d=mm&r=g","caption":"myVideoMedia"},"logo":{"@id":"https:\/\/secure.gravatar.com\/avatar\/460720160715ef8975b781abd1b6985e55ce2f01567bb6757bebd73e7cf74c97?s=96&d=mm&r=g"},"description":"\"The World is a book, and those who do not travel read only a page\" - Aurelius Augustinus (354 - 430 AD) Travel is our passion. With our posts and videos we like to inspire people who are planning or preparing for holidays as well as people who simply want to escape from everyday life and dream of faraway countries.","sameAs":["https:\/\/www.myvideomedia.com","https:\/\/www.facebook.com\/ursula.streit.520"],"url":"https:\/\/blog.myvideomedia.com\/de\/author\/traveladm\/"}]}},"featured_image_src":"https:\/\/blog.myvideomedia.com\/wp-content\/uploads\/2019\/10\/Dragon_DSC4266.jpg","featured_image_src_square":"https:\/\/blog.myvideomedia.com\/wp-content\/uploads\/2019\/10\/Dragon_DSC4266.jpg","author_info":{"display_name":"myVideoMedia","author_link":"https:\/\/blog.myvideomedia.com\/de\/author\/traveladm\/"},"_links":{"self":[{"href":"https:\/\/blog.myvideomedia.com\/de\/wp-json\/wp\/v2\/posts\/24455","targetHints":{"allow":["GET"]}}],"collection":[{"href":"https:\/\/blog.myvideomedia.com\/de\/wp-json\/wp\/v2\/posts"}],"about":[{"href":"https:\/\/blog.myvideomedia.com\/de\/wp-json\/wp\/v2\/types\/post"}],"author":[{"embeddable":true,"href":"https:\/\/blog.myvideomedia.com\/de\/wp-json\/wp\/v2\/users\/1"}],"replies":[{"embeddable":true,"href":"https:\/\/blog.myvideomedia.com\/de\/wp-json\/wp\/v2\/comments?post=24455"}],"version-history":[{"count":0,"href":"https:\/\/blog.myvideomedia.com\/de\/wp-json\/wp\/v2\/posts\/24455\/revisions"}],"wp:featuredmedia":[{"embeddable":true,"href":"https:\/\/blog.myvideomedia.com\/de\/wp-json\/wp\/v2\/media\/24440"}],"wp:attachment":[{"href":"https:\/\/blog.myvideomedia.com\/de\/wp-json\/wp\/v2\/media?parent=24455"}],"wp:term":[{"taxonomy":"category","embeddable":true,"href":"https:\/\/blog.myvideomedia.com\/de\/wp-json\/wp\/v2\/categories?post=24455"},{"taxonomy":"post_tag","embeddable":true,"href":"https:\/\/blog.myvideomedia.com\/de\/wp-json\/wp\/v2\/tags?post=24455"}],"curies":[{"name":"wp","href":"https:\/\/api.w.org\/{rel}","templated":true}]}}