{"id":27527,"date":"2023-10-26T12:15:03","date_gmt":"2023-10-26T11:15:03","guid":{"rendered":"https:\/\/blog.myvideomedia.com\/?p=27527"},"modified":"2023-11-07T10:31:47","modified_gmt":"2023-11-07T09:31:47","slug":"ein-kurzbesuch-in-muenchen","status":"publish","type":"post","link":"https:\/\/blog.myvideomedia.com\/de\/ein-kurzbesuch-in-muenchen\/","title":{"rendered":"Ein Kurzbesuch in M\u00fcnchen"},"content":{"rendered":"\n<p>2008, vor 15 Jahren, war unser letzter Aufenthalt in M\u00fcnchen. Es wird Zeit f\u00fcr f\u00fcr einen kurzen Besuch in der Stadt, in der wir 30 Jahre lang gelebt haben.<br\/><br\/>Wir haben die M\u00f6glichkeit in der Stadtwohnung von Ursula&#8217;s Cousine in der N\u00e4he des Schwabinger Krankenhauses, nicht weit von der M\u00fcnchner Freiheit entfernt zu \u00fcbernachten. Der erste Tag in M\u00fcnchen ist sehr verregnet, so dass wir diesen Tag zum Shopping benutzten. Auch der n\u00e4chste Tag beginnt bez\u00fcglich des Wetters nicht optimal, deshalb entscheiden wir uns f\u00fcr einen Spaziergang entlang der Leopoldstra\u00dfe und der Ludwigstra\u00dfe bis zur Fu\u00dfg\u00e4ngerzone im Zentrum M\u00fcnchens. Unser eigentliches Ziel f\u00fcr unseren Besuch in M\u00fcnchen ist die Ver\u00e4nderungen zu entdecken, die M\u00fcnchen in den letzten 15 Jahren vollzogen hat.<\/p>\n\n<figure class=\"wp-block-image size-large\"><img loading=\"lazy\" decoding=\"async\" width=\"1260\" height=\"709\" src=\"https:\/\/blog.myvideomedia.com\/wp-content\/uploads\/2023\/10\/Leopoldstr-1260x709.jpg\" alt=\"\" class=\"wp-image-27537\" srcset=\"https:\/\/blog.myvideomedia.com\/wp-content\/uploads\/2023\/10\/Leopoldstr-1260x709.jpg 1260w, https:\/\/blog.myvideomedia.com\/wp-content\/uploads\/2023\/10\/Leopoldstr-600x338.jpg 600w, https:\/\/blog.myvideomedia.com\/wp-content\/uploads\/2023\/10\/Leopoldstr-768x432.jpg 768w, https:\/\/blog.myvideomedia.com\/wp-content\/uploads\/2023\/10\/Leopoldstr.jpg 1280w\" sizes=\"auto, (max-width: 1260px) 100vw, 1260px\" \/><\/figure>\n\n<p><br\/><br\/>Von der M\u00fcnchner Freiheit bis zum Odeonsplatz sind im ersten Moment keine gr\u00f6\u00dferen Ver\u00e4nderungen erkennbar. Der Bereich von der M\u00fcnchner Freiheit bis zum Siegestor ist haupts\u00e4chlich gepr\u00e4gt von Restaurants und Bars, in denen unter Tags viele Touristen verkehren und abends Essen, Getr\u00e4nke und Musik das Treiben bestimmen. Eine gro\u00dfe Ausnahme ist der Sitz der M\u00fcnchner R\u00fcckversicherung, deren Haupteingang durch den \u201eWalking Man\u201c gekennzeichnet ist.<\/p>\n\n<p>Das von Ludwig I. in Auftrag gegebene Siegestor wurde w\u00e4hrend des 2. Weltkrieges schwer besch\u00e4digt und nur teilweise wieder rekonstruiert. Heute dient es als Mahnmal f\u00fcr den Frieden.<\/p>\n\n<figure class=\"wp-block-image size-full\"><img loading=\"lazy\" decoding=\"async\" width=\"1042\" height=\"1280\" src=\"https:\/\/blog.myvideomedia.com\/wp-content\/uploads\/2023\/10\/Siegestor_PXL_20230923_095052181.jpg\" alt=\"\" class=\"wp-image-27528\" srcset=\"https:\/\/blog.myvideomedia.com\/wp-content\/uploads\/2023\/10\/Siegestor_PXL_20230923_095052181.jpg 1042w, https:\/\/blog.myvideomedia.com\/wp-content\/uploads\/2023\/10\/Siegestor_PXL_20230923_095052181-488x600.jpg 488w, https:\/\/blog.myvideomedia.com\/wp-content\/uploads\/2023\/10\/Siegestor_PXL_20230923_095052181-1026x1260.jpg 1026w, https:\/\/blog.myvideomedia.com\/wp-content\/uploads\/2023\/10\/Siegestor_PXL_20230923_095052181-768x943.jpg 768w\" sizes=\"auto, (max-width: 1042px) 100vw, 1042px\" \/><\/figure>\n\n<p><br\/>Vom Siegestor bis zum Odeonsplatz f\u00fchrt die Ludwigstra\u00dfe. Haupts\u00e4chlich ges\u00e4umt ist sie von der Ludwig-Maximilians-Universit\u00e4t und den dazu geh\u00f6renden Fachbibliotheken. Daneben findet man die Ludwigskirche (Kath. Pfarrkirche St. Ludwig) und die Bayerische Staatsbibliothek.<br\/><br\/>Vor der Feldherrenhall am Odeonsplatz findet gerade das ANDER ART Festival \u2013 ein Zero-Waste-Festival \u2013 statt. Gro\u00dfartige internationale Musik bei freiem Eintritt, Gastronomie mit geretteten Lebensmittel, Einsparung bei CO2, M\u00fcll und Energie \u2013 so pr\u00e4sentiert sich das Ander Art Festival.<\/p>\n\n<figure class=\"wp-block-image size-full\"><img loading=\"lazy\" decoding=\"async\" width=\"1280\" height=\"960\" src=\"https:\/\/blog.myvideomedia.com\/wp-content\/uploads\/2023\/10\/Ander_art_PXL_20230923_101906091.jpg\" alt=\"\" class=\"wp-image-27533\" srcset=\"https:\/\/blog.myvideomedia.com\/wp-content\/uploads\/2023\/10\/Ander_art_PXL_20230923_101906091.jpg 1280w, https:\/\/blog.myvideomedia.com\/wp-content\/uploads\/2023\/10\/Ander_art_PXL_20230923_101906091-600x450.jpg 600w, https:\/\/blog.myvideomedia.com\/wp-content\/uploads\/2023\/10\/Ander_art_PXL_20230923_101906091-1260x945.jpg 1260w, https:\/\/blog.myvideomedia.com\/wp-content\/uploads\/2023\/10\/Ander_art_PXL_20230923_101906091-768x576.jpg 768w\" sizes=\"auto, (max-width: 1280px) 100vw, 1280px\" \/><\/figure>\n\n<p><br\/><br\/>Auf dem Marienplatz vor dem Rathaus tummeln sich bereits viele Menschen, verst\u00e4rkt durch das gerade stattfindende Oktoberfest und dem am Nachmittag stattfindende Fu\u00dfballspiel des FC Bayern M\u00fcnchen. Hier f\u00e4llt uns eine erste Ver\u00e4nderung an M\u00fcnchen auf \u2013 die Fan Artikel Shops des FC Bayern haben sich in M\u00fcnchen vervielfacht.<\/p>\n\n<h3 class=\"wp-block-heading\"><a href=\"https:\/\/youtu.be\/Fm677VMAUBE\" target=\"_blank\" rel=\"noreferrer noopener\">Hier sehen Sie das 4K UHD Video<\/a><\/h3>\n\n<figure> <div class=\"brlbs-cmpnt-container brlbs-cmpnt-content-blocker brlbs-cmpnt-with-individual-styles\" data-borlabs-cookie-content-blocker-id=\"youtube-content-blocker\" data-borlabs-cookie-content=\"PGlmcmFtZSBzcmM9Imh0dHBzOi8vd3d3LnlvdXR1YmUtbm9jb29raWUuY29tL2VtYmVkL0ZtNjc3Vk1BVUJFIiB3aWR0aD0iNjAwIiBoZWlnaHQ9IjMzOCI+PC9pZnJhbWU+\"><div class=\"brlbs-cmpnt-cb-preset-c brlbs-cmpnt-cb-youtube\"> <div class=\"brlbs-cmpnt-cb-thumbnail\" style=\"background-image: url('https:\/\/blog.myvideomedia.com\/wp-content\/uploads\/borlabs-cookie\/1\/yt_Fm677VMAUBE_hqdefault.jpg')\"><\/div> <div class=\"brlbs-cmpnt-cb-main\"> <div class=\"brlbs-cmpnt-cb-play-button\"><\/div> <div class=\"brlbs-cmpnt-cb-content\"> <p class=\"brlbs-cmpnt-cb-description\">Sie sehen gerade einen Platzhalterinhalt von <strong>YouTube<\/strong>. Um auf den eigentlichen Inhalt zuzugreifen, klicken Sie auf die Schaltfl\u00e4che unten. Bitte beachten Sie, dass dabei Daten an Drittanbieter weitergegeben werden.<\/p> <a class=\"brlbs-cmpnt-cb-provider-toggle\" href=\"#\" data-borlabs-cookie-show-provider-information role=\"button\">Mehr Informationen<\/a> <\/div> <div class=\"brlbs-cmpnt-cb-buttons\"> <a class=\"brlbs-cmpnt-cb-btn\" href=\"#\" data-borlabs-cookie-unblock role=\"button\">Inhalt entsperren<\/a> <a class=\"brlbs-cmpnt-cb-btn\" href=\"#\" data-borlabs-cookie-accept-service role=\"button\" style=\"display: inherit\">Erforderlichen Service akzeptieren und Inhalte entsperren<\/a> <\/div> <\/div> <\/div><\/div><\/figure>\n\n<p><br\/>Passing the Frauenkirche, we meet the brass band Feldmoching e.V. Munich in the most beautiful Bavarian costume in front of the Hirmer department store.<br\/>Auch ein Fu\u00dfballk\u00fcnstler zeigt seine Fertigkeiten mit dem Ball.<\/p>\n\n<figure class=\"wp-block-image size-full\"><img loading=\"lazy\" decoding=\"async\" width=\"960\" height=\"1280\" src=\"https:\/\/blog.myvideomedia.com\/wp-content\/uploads\/2023\/10\/Frauenkirche-PXL_20230923_105447484.jpg\" alt=\"\" class=\"wp-image-27535\" srcset=\"https:\/\/blog.myvideomedia.com\/wp-content\/uploads\/2023\/10\/Frauenkirche-PXL_20230923_105447484.jpg 960w, https:\/\/blog.myvideomedia.com\/wp-content\/uploads\/2023\/10\/Frauenkirche-PXL_20230923_105447484-450x600.jpg 450w, https:\/\/blog.myvideomedia.com\/wp-content\/uploads\/2023\/10\/Frauenkirche-PXL_20230923_105447484-945x1260.jpg 945w, https:\/\/blog.myvideomedia.com\/wp-content\/uploads\/2023\/10\/Frauenkirche-PXL_20230923_105447484-768x1024.jpg 768w\" sizes=\"auto, (max-width: 960px) 100vw, 960px\" \/><\/figure>\n\n<p><br\/><br\/>Beim Augustiner Br\u00e4u Ausschank mit dem Bier der \u00e4ltesten Brauerei M\u00fcnchen sticht uns die Baustelle gegen\u00fcber in das Gesicht. Hier befindet sich nur noch die Fassade des urspr\u00fcnglichen Geb\u00e4udes. Bilder an den Bauz\u00e4unen zeigen einen zu erstellenden Neubau, dessen Fassade identisch mit dem Ursprungsgeb\u00e4ude ist. Dahinter entsteht ein B\u00fcro- (und Wohngeb\u00e4ude ?) mit Innenhof und Dachterrassen.<\/p>\n\n<figure class=\"wp-block-image size-large\"><img loading=\"lazy\" decoding=\"async\" width=\"945\" height=\"1260\" src=\"https:\/\/blog.myvideomedia.com\/wp-content\/uploads\/2023\/11\/Baustelle-PXL_20230925_112046998-945x1260.jpg\" alt=\"\" class=\"wp-image-27588\" srcset=\"https:\/\/blog.myvideomedia.com\/wp-content\/uploads\/2023\/11\/Baustelle-PXL_20230925_112046998-945x1260.jpg 945w, https:\/\/blog.myvideomedia.com\/wp-content\/uploads\/2023\/11\/Baustelle-PXL_20230925_112046998-450x600.jpg 450w, https:\/\/blog.myvideomedia.com\/wp-content\/uploads\/2023\/11\/Baustelle-PXL_20230925_112046998-768x1024.jpg 768w, https:\/\/blog.myvideomedia.com\/wp-content\/uploads\/2023\/11\/Baustelle-PXL_20230925_112046998-1152x1536.jpg 1152w, https:\/\/blog.myvideomedia.com\/wp-content\/uploads\/2023\/11\/Baustelle-PXL_20230925_112046998-1536x2048.jpg 1536w, https:\/\/blog.myvideomedia.com\/wp-content\/uploads\/2023\/11\/Baustelle-PXL_20230925_112046998-scaled.jpg 1920w\" sizes=\"auto, (max-width: 945px) 100vw, 945px\" \/><\/figure>\n\n<p><br\/>Dies scheint eine weitere Ver\u00e4nderung in M\u00fcnchen zu sein, wie man auch schr\u00e4g gegen\u00fcber am Geb\u00e4ude von TK Maxx Kaufhaus sehen kann. Hier ist bereits ein Innenhof mit begr\u00fcnten Dachterrassen entstanden, wie man in Google Earth gut sehen kann.<br\/><br\/>Wir gehen weiter zum <a href=\"https:\/\/weinhaus-neuner.de\/\" target=\"_blank\" rel=\"noreferrer noopener nofollow\">Weinhaus Neuner<\/a> nur wenige Meter entfernt in der Parallelstra\u00dfe Herzogspitalstra\u00dfe. Es ist das \u00e4lteste Weinhaus M\u00fcnchens und z\u00e4hlt zu den gehobeneren Restaurants in der Stadt mit bayerischer und \u00f6sterreichischer Gourmetk\u00fcche zu Weinen aus Baden und der Wachau. Wir haben zwei Tage sp\u00e4ter einen Tisch reserviert und best\u00e4tigen diesen.<\/p>\n\n<figure class=\"wp-block-image size-full\"><img loading=\"lazy\" decoding=\"async\" width=\"1280\" height=\"960\" src=\"https:\/\/blog.myvideomedia.com\/wp-content\/uploads\/2023\/10\/Neuner_PXL_20230923_111938772.jpg\" alt=\"\" class=\"wp-image-27530\" srcset=\"https:\/\/blog.myvideomedia.com\/wp-content\/uploads\/2023\/10\/Neuner_PXL_20230923_111938772.jpg 1280w, https:\/\/blog.myvideomedia.com\/wp-content\/uploads\/2023\/10\/Neuner_PXL_20230923_111938772-600x450.jpg 600w, https:\/\/blog.myvideomedia.com\/wp-content\/uploads\/2023\/10\/Neuner_PXL_20230923_111938772-1260x945.jpg 1260w, https:\/\/blog.myvideomedia.com\/wp-content\/uploads\/2023\/10\/Neuner_PXL_20230923_111938772-768x576.jpg 768w\" sizes=\"auto, (max-width: 1280px) 100vw, 1280px\" \/><\/figure>\n\n<p><br\/><br\/>An diesem Abend sind wir aber in der <a href=\"https:\/\/trattoria-la-piazza.de\/\" target=\"_blank\" rel=\"noreferrer noopener nofollow\">Trattoria La Piazza<\/a>, gegen\u00fcber dem Schwabinger Krankenhaus verabredet. Diese Trattoria zeichnet sich durch eine herrliche Terrasse und angezeichnetem Essen aus &#8211; das Wetter hat sich so gut erholt, dass wir es fast bis Mitternacht im Freien aushalten k\u00f6nnen. Au\u00dferdem gibt es eine sehr freundliche und ehrliche Bedienung! Die von mir auf der Fensterbank vergessene Filmkamera bekomme ich am n\u00e4chsten Morgen wieder zur\u00fcck.<\/p>\n\n<figure class=\"wp-block-image size-full is-resized\"><img loading=\"lazy\" decoding=\"async\" width=\"1280\" height=\"720\" src=\"https:\/\/blog.myvideomedia.com\/wp-content\/uploads\/2023\/10\/Trattoria.jpg\" alt=\"\" class=\"wp-image-27541\" style=\"aspect-ratio:1.7751479289940828;width:690px;height:auto\" srcset=\"https:\/\/blog.myvideomedia.com\/wp-content\/uploads\/2023\/10\/Trattoria.jpg 1280w, https:\/\/blog.myvideomedia.com\/wp-content\/uploads\/2023\/10\/Trattoria-600x338.jpg 600w, https:\/\/blog.myvideomedia.com\/wp-content\/uploads\/2023\/10\/Trattoria-1260x709.jpg 1260w, https:\/\/blog.myvideomedia.com\/wp-content\/uploads\/2023\/10\/Trattoria-768x432.jpg 768w\" sizes=\"auto, (max-width: 1280px) 100vw, 1280px\" \/><\/figure>\n\n<p>Bitte lesen Sie weiter -&gt; <a href=\"https:\/\/blog.myvideomedia.com\/de\/kultur-im-muenchner-schlachthofviertel\/\">Kultur im M\u00fcnchner Schlachthofviertel<\/a><\/p>\n","protected":false},"excerpt":{"rendered":"<p>2008, vor 15 Jahren, war unser letzter Aufenthalt in M\u00fcnchen. Es wird Zeit f\u00fcr f\u00fcr einen kurzen Besuch in der Stadt, in der wir 30 Jahre lang gelebt haben. Wir haben die M\u00f6glichkeit in der Stadtwohnung von Ursula&#8217;s Cousine in der N\u00e4he des Schwabinger Krankenhauses, nicht weit von der M\u00fcnchner Freiheit entfernt zu \u00fcbernachten. Der [&hellip;]<\/p>\n","protected":false},"author":1,"featured_media":27540,"comment_status":"open","ping_status":"closed","sticky":false,"template":"","format":"standard","meta":{"_genesis_hide_title":false,"_genesis_hide_breadcrumbs":false,"_genesis_hide_singular_image":false,"_genesis_hide_footer_widgets":false,"_genesis_custom_body_class":"","_genesis_custom_post_class":"","_genesis_layout":"","footnotes":""},"categories":[502,501,1550,503],"tags":[453,1326],"class_list":{"0":"post-27527","1":"post","2":"type-post","3":"status-publish","4":"format-standard","5":"has-post-thumbnail","7":"category-bayern","8":"category-deutschland","9":"category-europa","10":"category-muenchen","11":"tag-stadt","12":"tag-stadtrundgang","13":"entry"},"yoast_head":"<!-- This site is optimized with the Yoast SEO plugin v27.4 - https:\/\/yoast.com\/product\/yoast-seo-wordpress\/ -->\n<title>Ein Kurzbesuch in M\u00fcnchen - Deutschland - Reise Video Blog<\/title>\n<meta name=\"description\" content=\"Ein Grund f\u00fcr unseren Kurzbesuch in M\u00fcnchen ist sehen, wie sich die Stadt in den letzten 15 Jahren, seit wir weggezogen sind, ver\u00e4ndert hat\" \/>\n<meta name=\"robots\" content=\"index, follow, max-snippet:-1, max-image-preview:large, max-video-preview:-1\" \/>\n<link rel=\"canonical\" href=\"https:\/\/blog.myvideomedia.com\/de\/ein-kurzbesuch-in-muenchen\/\" \/>\n<meta property=\"og:locale\" content=\"de_DE\" \/>\n<meta property=\"og:type\" content=\"article\" \/>\n<meta property=\"og:title\" content=\"Ein Kurzbesuch in M\u00fcnchen - Deutschland - Reise Video Blog\" \/>\n<meta property=\"og:description\" content=\"Ein Grund f\u00fcr unseren Kurzbesuch in M\u00fcnchen ist sehen, wie sich die Stadt in den letzten 15 Jahren, seit wir weggezogen sind, ver\u00e4ndert hat\" \/>\n<meta property=\"og:url\" content=\"https:\/\/blog.myvideomedia.com\/de\/ein-kurzbesuch-in-muenchen\/\" \/>\n<meta property=\"og:site_name\" content=\"Reise Video Blog\" \/>\n<meta property=\"article:publisher\" content=\"https:\/\/www.facebook.com\/ursula.streit.520\" \/>\n<meta property=\"article:author\" content=\"https:\/\/www.facebook.com\/ursula.streit.520\" \/>\n<meta property=\"article:published_time\" content=\"2023-10-26T11:15:03+00:00\" \/>\n<meta property=\"article:modified_time\" content=\"2023-11-07T09:31:47+00:00\" \/>\n<meta property=\"og:image\" content=\"https:\/\/blog.myvideomedia.com\/wp-content\/uploads\/2023\/10\/Marienplatz_PXL_20230923_104722073.jpg\" \/>\n\t<meta property=\"og:image:width\" content=\"1280\" \/>\n\t<meta property=\"og:image:height\" content=\"960\" \/>\n\t<meta property=\"og:image:type\" content=\"image\/jpeg\" \/>\n<meta name=\"author\" content=\"myVideoMedia\" \/>\n<meta name=\"twitter:card\" content=\"summary_large_image\" \/>\n<meta name=\"twitter:creator\" content=\"@myvideomedia\" \/>\n<meta name=\"twitter:site\" content=\"@myvideomedia\" \/>\n<meta name=\"twitter:label1\" content=\"Verfasst von\" \/>\n\t<meta name=\"twitter:data1\" content=\"myVideoMedia\" \/>\n\t<meta name=\"twitter:label2\" content=\"Gesch\u00e4tzte Lesezeit\" \/>\n\t<meta name=\"twitter:data2\" content=\"4\u00a0Minuten\" \/>\n<script type=\"application\/ld+json\" class=\"yoast-schema-graph\">{\"@context\":\"https:\\\/\\\/schema.org\",\"@graph\":[{\"@type\":\"Article\",\"@id\":\"https:\\\/\\\/blog.myvideomedia.com\\\/de\\\/ein-kurzbesuch-in-muenchen\\\/#article\",\"isPartOf\":{\"@id\":\"https:\\\/\\\/blog.myvideomedia.com\\\/de\\\/ein-kurzbesuch-in-muenchen\\\/\"},\"author\":{\"name\":\"myVideoMedia\",\"@id\":\"https:\\\/\\\/blog.myvideomedia.com\\\/de\\\/#\\\/schema\\\/person\\\/87be8fbbed69b1562242448c1c3dcbec\"},\"headline\":\"Ein Kurzbesuch in M\u00fcnchen\",\"datePublished\":\"2023-10-26T11:15:03+00:00\",\"dateModified\":\"2023-11-07T09:31:47+00:00\",\"mainEntityOfPage\":{\"@id\":\"https:\\\/\\\/blog.myvideomedia.com\\\/de\\\/ein-kurzbesuch-in-muenchen\\\/\"},\"wordCount\":677,\"commentCount\":0,\"publisher\":{\"@id\":\"https:\\\/\\\/blog.myvideomedia.com\\\/de\\\/#\\\/schema\\\/person\\\/87be8fbbed69b1562242448c1c3dcbec\"},\"image\":{\"@id\":\"https:\\\/\\\/blog.myvideomedia.com\\\/de\\\/ein-kurzbesuch-in-muenchen\\\/#primaryimage\"},\"thumbnailUrl\":\"https:\\\/\\\/blog.myvideomedia.com\\\/wp-content\\\/uploads\\\/2023\\\/10\\\/Marienplatz_PXL_20230923_104722073.jpg\",\"keywords\":[\"Stadt\",\"Stadtrundgang\"],\"articleSection\":[\"Bayern\",\"Deutschland\",\"Europa\",\"M\u00fcnchen\"],\"inLanguage\":\"de\",\"potentialAction\":[{\"@type\":\"CommentAction\",\"name\":\"Comment\",\"target\":[\"https:\\\/\\\/blog.myvideomedia.com\\\/de\\\/ein-kurzbesuch-in-muenchen\\\/#respond\"]}]},{\"@type\":\"WebPage\",\"@id\":\"https:\\\/\\\/blog.myvideomedia.com\\\/de\\\/ein-kurzbesuch-in-muenchen\\\/\",\"url\":\"https:\\\/\\\/blog.myvideomedia.com\\\/de\\\/ein-kurzbesuch-in-muenchen\\\/\",\"name\":\"Ein Kurzbesuch in M\u00fcnchen - Deutschland - Reise Video Blog\",\"isPartOf\":{\"@id\":\"https:\\\/\\\/blog.myvideomedia.com\\\/de\\\/#website\"},\"primaryImageOfPage\":{\"@id\":\"https:\\\/\\\/blog.myvideomedia.com\\\/de\\\/ein-kurzbesuch-in-muenchen\\\/#primaryimage\"},\"image\":{\"@id\":\"https:\\\/\\\/blog.myvideomedia.com\\\/de\\\/ein-kurzbesuch-in-muenchen\\\/#primaryimage\"},\"thumbnailUrl\":\"https:\\\/\\\/blog.myvideomedia.com\\\/wp-content\\\/uploads\\\/2023\\\/10\\\/Marienplatz_PXL_20230923_104722073.jpg\",\"datePublished\":\"2023-10-26T11:15:03+00:00\",\"dateModified\":\"2023-11-07T09:31:47+00:00\",\"description\":\"Ein Grund f\u00fcr unseren Kurzbesuch in M\u00fcnchen ist sehen, wie sich die Stadt in den letzten 15 Jahren, seit wir weggezogen sind, ver\u00e4ndert hat\",\"breadcrumb\":{\"@id\":\"https:\\\/\\\/blog.myvideomedia.com\\\/de\\\/ein-kurzbesuch-in-muenchen\\\/#breadcrumb\"},\"inLanguage\":\"de\",\"potentialAction\":[{\"@type\":\"ReadAction\",\"target\":[\"https:\\\/\\\/blog.myvideomedia.com\\\/de\\\/ein-kurzbesuch-in-muenchen\\\/\"]}]},{\"@type\":\"ImageObject\",\"inLanguage\":\"de\",\"@id\":\"https:\\\/\\\/blog.myvideomedia.com\\\/de\\\/ein-kurzbesuch-in-muenchen\\\/#primaryimage\",\"url\":\"https:\\\/\\\/blog.myvideomedia.com\\\/wp-content\\\/uploads\\\/2023\\\/10\\\/Marienplatz_PXL_20230923_104722073.jpg\",\"contentUrl\":\"https:\\\/\\\/blog.myvideomedia.com\\\/wp-content\\\/uploads\\\/2023\\\/10\\\/Marienplatz_PXL_20230923_104722073.jpg\",\"width\":1280,\"height\":960,\"caption\":\"Munich short visit\"},{\"@type\":\"BreadcrumbList\",\"@id\":\"https:\\\/\\\/blog.myvideomedia.com\\\/de\\\/ein-kurzbesuch-in-muenchen\\\/#breadcrumb\",\"itemListElement\":[{\"@type\":\"ListItem\",\"position\":1,\"name\":\"Home\",\"item\":\"https:\\\/\\\/blog.myvideomedia.com\\\/de\\\/\"},{\"@type\":\"ListItem\",\"position\":2,\"name\":\"Ein Kurzbesuch in M\u00fcnchen\"}]},{\"@type\":\"WebSite\",\"@id\":\"https:\\\/\\\/blog.myvideomedia.com\\\/de\\\/#website\",\"url\":\"https:\\\/\\\/blog.myvideomedia.com\\\/de\\\/\",\"name\":\"Travel Video Blog\",\"description\":\"myVideoMedia Reisetipps und Reisevideos\",\"publisher\":{\"@id\":\"https:\\\/\\\/blog.myvideomedia.com\\\/de\\\/#\\\/schema\\\/person\\\/87be8fbbed69b1562242448c1c3dcbec\"},\"potentialAction\":[{\"@type\":\"SearchAction\",\"target\":{\"@type\":\"EntryPoint\",\"urlTemplate\":\"https:\\\/\\\/blog.myvideomedia.com\\\/de\\\/?s={search_term_string}\"},\"query-input\":{\"@type\":\"PropertyValueSpecification\",\"valueRequired\":true,\"valueName\":\"search_term_string\"}}],\"inLanguage\":\"de\"},{\"@type\":[\"Person\",\"Organization\"],\"@id\":\"https:\\\/\\\/blog.myvideomedia.com\\\/de\\\/#\\\/schema\\\/person\\\/87be8fbbed69b1562242448c1c3dcbec\",\"name\":\"myVideoMedia\",\"image\":{\"@type\":\"ImageObject\",\"inLanguage\":\"de\",\"@id\":\"https:\\\/\\\/secure.gravatar.com\\\/avatar\\\/460720160715ef8975b781abd1b6985e55ce2f01567bb6757bebd73e7cf74c97?s=96&d=mm&r=g\",\"url\":\"https:\\\/\\\/secure.gravatar.com\\\/avatar\\\/460720160715ef8975b781abd1b6985e55ce2f01567bb6757bebd73e7cf74c97?s=96&d=mm&r=g\",\"contentUrl\":\"https:\\\/\\\/secure.gravatar.com\\\/avatar\\\/460720160715ef8975b781abd1b6985e55ce2f01567bb6757bebd73e7cf74c97?s=96&d=mm&r=g\",\"caption\":\"myVideoMedia\"},\"logo\":{\"@id\":\"https:\\\/\\\/secure.gravatar.com\\\/avatar\\\/460720160715ef8975b781abd1b6985e55ce2f01567bb6757bebd73e7cf74c97?s=96&d=mm&r=g\"},\"description\":\"\\\"The World is a book, and those who do not travel read only a page\\\" - Aurelius Augustinus (354 - 430 AD) Travel is our passion. With our posts and videos we like to inspire people who are planning or preparing for holidays as well as people who simply want to escape from everyday life and dream of faraway countries.\",\"sameAs\":[\"https:\\\/\\\/www.myvideomedia.com\",\"https:\\\/\\\/www.facebook.com\\\/ursula.streit.520\"],\"url\":\"https:\\\/\\\/blog.myvideomedia.com\\\/de\\\/author\\\/traveladm\\\/\"}]}<\/script>\n<!-- \/ Yoast SEO plugin. -->","yoast_head_json":{"title":"Ein Kurzbesuch in M\u00fcnchen - Deutschland - Reise Video Blog","description":"Ein Grund f\u00fcr unseren Kurzbesuch in M\u00fcnchen ist sehen, wie sich die Stadt in den letzten 15 Jahren, seit wir weggezogen sind, ver\u00e4ndert hat","robots":{"index":"index","follow":"follow","max-snippet":"max-snippet:-1","max-image-preview":"max-image-preview:large","max-video-preview":"max-video-preview:-1"},"canonical":"https:\/\/blog.myvideomedia.com\/de\/ein-kurzbesuch-in-muenchen\/","og_locale":"de_DE","og_type":"article","og_title":"Ein Kurzbesuch in M\u00fcnchen - Deutschland - Reise Video Blog","og_description":"Ein Grund f\u00fcr unseren Kurzbesuch in M\u00fcnchen ist sehen, wie sich die Stadt in den letzten 15 Jahren, seit wir weggezogen sind, ver\u00e4ndert hat","og_url":"https:\/\/blog.myvideomedia.com\/de\/ein-kurzbesuch-in-muenchen\/","og_site_name":"Reise Video Blog","article_publisher":"https:\/\/www.facebook.com\/ursula.streit.520","article_author":"https:\/\/www.facebook.com\/ursula.streit.520","article_published_time":"2023-10-26T11:15:03+00:00","article_modified_time":"2023-11-07T09:31:47+00:00","og_image":[{"width":1280,"height":960,"url":"https:\/\/blog.myvideomedia.com\/wp-content\/uploads\/2023\/10\/Marienplatz_PXL_20230923_104722073.jpg","type":"image\/jpeg"}],"author":"myVideoMedia","twitter_card":"summary_large_image","twitter_creator":"@myvideomedia","twitter_site":"@myvideomedia","twitter_misc":{"Verfasst von":"myVideoMedia","Gesch\u00e4tzte Lesezeit":"4\u00a0Minuten"},"schema":{"@context":"https:\/\/schema.org","@graph":[{"@type":"Article","@id":"https:\/\/blog.myvideomedia.com\/de\/ein-kurzbesuch-in-muenchen\/#article","isPartOf":{"@id":"https:\/\/blog.myvideomedia.com\/de\/ein-kurzbesuch-in-muenchen\/"},"author":{"name":"myVideoMedia","@id":"https:\/\/blog.myvideomedia.com\/de\/#\/schema\/person\/87be8fbbed69b1562242448c1c3dcbec"},"headline":"Ein Kurzbesuch in M\u00fcnchen","datePublished":"2023-10-26T11:15:03+00:00","dateModified":"2023-11-07T09:31:47+00:00","mainEntityOfPage":{"@id":"https:\/\/blog.myvideomedia.com\/de\/ein-kurzbesuch-in-muenchen\/"},"wordCount":677,"commentCount":0,"publisher":{"@id":"https:\/\/blog.myvideomedia.com\/de\/#\/schema\/person\/87be8fbbed69b1562242448c1c3dcbec"},"image":{"@id":"https:\/\/blog.myvideomedia.com\/de\/ein-kurzbesuch-in-muenchen\/#primaryimage"},"thumbnailUrl":"https:\/\/blog.myvideomedia.com\/wp-content\/uploads\/2023\/10\/Marienplatz_PXL_20230923_104722073.jpg","keywords":["Stadt","Stadtrundgang"],"articleSection":["Bayern","Deutschland","Europa","M\u00fcnchen"],"inLanguage":"de","potentialAction":[{"@type":"CommentAction","name":"Comment","target":["https:\/\/blog.myvideomedia.com\/de\/ein-kurzbesuch-in-muenchen\/#respond"]}]},{"@type":"WebPage","@id":"https:\/\/blog.myvideomedia.com\/de\/ein-kurzbesuch-in-muenchen\/","url":"https:\/\/blog.myvideomedia.com\/de\/ein-kurzbesuch-in-muenchen\/","name":"Ein Kurzbesuch in M\u00fcnchen - Deutschland - Reise Video Blog","isPartOf":{"@id":"https:\/\/blog.myvideomedia.com\/de\/#website"},"primaryImageOfPage":{"@id":"https:\/\/blog.myvideomedia.com\/de\/ein-kurzbesuch-in-muenchen\/#primaryimage"},"image":{"@id":"https:\/\/blog.myvideomedia.com\/de\/ein-kurzbesuch-in-muenchen\/#primaryimage"},"thumbnailUrl":"https:\/\/blog.myvideomedia.com\/wp-content\/uploads\/2023\/10\/Marienplatz_PXL_20230923_104722073.jpg","datePublished":"2023-10-26T11:15:03+00:00","dateModified":"2023-11-07T09:31:47+00:00","description":"Ein Grund f\u00fcr unseren Kurzbesuch in M\u00fcnchen ist sehen, wie sich die Stadt in den letzten 15 Jahren, seit wir weggezogen sind, ver\u00e4ndert hat","breadcrumb":{"@id":"https:\/\/blog.myvideomedia.com\/de\/ein-kurzbesuch-in-muenchen\/#breadcrumb"},"inLanguage":"de","potentialAction":[{"@type":"ReadAction","target":["https:\/\/blog.myvideomedia.com\/de\/ein-kurzbesuch-in-muenchen\/"]}]},{"@type":"ImageObject","inLanguage":"de","@id":"https:\/\/blog.myvideomedia.com\/de\/ein-kurzbesuch-in-muenchen\/#primaryimage","url":"https:\/\/blog.myvideomedia.com\/wp-content\/uploads\/2023\/10\/Marienplatz_PXL_20230923_104722073.jpg","contentUrl":"https:\/\/blog.myvideomedia.com\/wp-content\/uploads\/2023\/10\/Marienplatz_PXL_20230923_104722073.jpg","width":1280,"height":960,"caption":"Munich short visit"},{"@type":"BreadcrumbList","@id":"https:\/\/blog.myvideomedia.com\/de\/ein-kurzbesuch-in-muenchen\/#breadcrumb","itemListElement":[{"@type":"ListItem","position":1,"name":"Home","item":"https:\/\/blog.myvideomedia.com\/de\/"},{"@type":"ListItem","position":2,"name":"Ein Kurzbesuch in M\u00fcnchen"}]},{"@type":"WebSite","@id":"https:\/\/blog.myvideomedia.com\/de\/#website","url":"https:\/\/blog.myvideomedia.com\/de\/","name":"Travel Video Blog","description":"myVideoMedia Reisetipps und Reisevideos","publisher":{"@id":"https:\/\/blog.myvideomedia.com\/de\/#\/schema\/person\/87be8fbbed69b1562242448c1c3dcbec"},"potentialAction":[{"@type":"SearchAction","target":{"@type":"EntryPoint","urlTemplate":"https:\/\/blog.myvideomedia.com\/de\/?s={search_term_string}"},"query-input":{"@type":"PropertyValueSpecification","valueRequired":true,"valueName":"search_term_string"}}],"inLanguage":"de"},{"@type":["Person","Organization"],"@id":"https:\/\/blog.myvideomedia.com\/de\/#\/schema\/person\/87be8fbbed69b1562242448c1c3dcbec","name":"myVideoMedia","image":{"@type":"ImageObject","inLanguage":"de","@id":"https:\/\/secure.gravatar.com\/avatar\/460720160715ef8975b781abd1b6985e55ce2f01567bb6757bebd73e7cf74c97?s=96&d=mm&r=g","url":"https:\/\/secure.gravatar.com\/avatar\/460720160715ef8975b781abd1b6985e55ce2f01567bb6757bebd73e7cf74c97?s=96&d=mm&r=g","contentUrl":"https:\/\/secure.gravatar.com\/avatar\/460720160715ef8975b781abd1b6985e55ce2f01567bb6757bebd73e7cf74c97?s=96&d=mm&r=g","caption":"myVideoMedia"},"logo":{"@id":"https:\/\/secure.gravatar.com\/avatar\/460720160715ef8975b781abd1b6985e55ce2f01567bb6757bebd73e7cf74c97?s=96&d=mm&r=g"},"description":"\"The World is a book, and those who do not travel read only a page\" - Aurelius Augustinus (354 - 430 AD) Travel is our passion. With our posts and videos we like to inspire people who are planning or preparing for holidays as well as people who simply want to escape from everyday life and dream of faraway countries.","sameAs":["https:\/\/www.myvideomedia.com","https:\/\/www.facebook.com\/ursula.streit.520"],"url":"https:\/\/blog.myvideomedia.com\/de\/author\/traveladm\/"}]}},"featured_image_src":"https:\/\/blog.myvideomedia.com\/wp-content\/uploads\/2023\/10\/Marienplatz_PXL_20230923_104722073-600x400.jpg","featured_image_src_square":"https:\/\/blog.myvideomedia.com\/wp-content\/uploads\/2023\/10\/Marienplatz_PXL_20230923_104722073-600x600.jpg","author_info":{"display_name":"myVideoMedia","author_link":"https:\/\/blog.myvideomedia.com\/de\/author\/traveladm\/"},"_links":{"self":[{"href":"https:\/\/blog.myvideomedia.com\/de\/wp-json\/wp\/v2\/posts\/27527","targetHints":{"allow":["GET"]}}],"collection":[{"href":"https:\/\/blog.myvideomedia.com\/de\/wp-json\/wp\/v2\/posts"}],"about":[{"href":"https:\/\/blog.myvideomedia.com\/de\/wp-json\/wp\/v2\/types\/post"}],"author":[{"embeddable":true,"href":"https:\/\/blog.myvideomedia.com\/de\/wp-json\/wp\/v2\/users\/1"}],"replies":[{"embeddable":true,"href":"https:\/\/blog.myvideomedia.com\/de\/wp-json\/wp\/v2\/comments?post=27527"}],"version-history":[{"count":0,"href":"https:\/\/blog.myvideomedia.com\/de\/wp-json\/wp\/v2\/posts\/27527\/revisions"}],"wp:featuredmedia":[{"embeddable":true,"href":"https:\/\/blog.myvideomedia.com\/de\/wp-json\/wp\/v2\/media\/27540"}],"wp:attachment":[{"href":"https:\/\/blog.myvideomedia.com\/de\/wp-json\/wp\/v2\/media?parent=27527"}],"wp:term":[{"taxonomy":"category","embeddable":true,"href":"https:\/\/blog.myvideomedia.com\/de\/wp-json\/wp\/v2\/categories?post=27527"},{"taxonomy":"post_tag","embeddable":true,"href":"https:\/\/blog.myvideomedia.com\/de\/wp-json\/wp\/v2\/tags?post=27527"}],"curies":[{"name":"wp","href":"https:\/\/api.w.org\/{rel}","templated":true}]}}