{"id":27733,"date":"2023-12-13T14:04:16","date_gmt":"2023-12-13T13:04:16","guid":{"rendered":"https:\/\/blog.myvideomedia.com\/?p=27733"},"modified":"2023-12-13T14:41:28","modified_gmt":"2023-12-13T13:41:28","slug":"cochemer-weihnachtsmarkt","status":"publish","type":"post","link":"https:\/\/blog.myvideomedia.com\/de\/cochemer-weihnachtsmarkt\/","title":{"rendered":"Cochemer Weihnachtsmarkt"},"content":{"rendered":"\n<p>Neben dem eigentlichen Cochemer Weihnachtsmarkt findet auf der Reichsburg die Cochemer Burgweihnacht statt.<\/p>\n\n\n\n<figure class=\"wp-block-image size-large\"><img loading=\"lazy\" decoding=\"async\" width=\"1260\" height=\"709\" src=\"https:\/\/blog.myvideomedia.com\/wp-content\/uploads\/2023\/12\/Cochem-Weihnachtsmarkt-1260x709.jpg\" alt=\"\" class=\"wp-image-27748\" srcset=\"https:\/\/blog.myvideomedia.com\/wp-content\/uploads\/2023\/12\/Cochem-Weihnachtsmarkt-1260x709.jpg 1260w, https:\/\/blog.myvideomedia.com\/wp-content\/uploads\/2023\/12\/Cochem-Weihnachtsmarkt-600x338.jpg 600w, https:\/\/blog.myvideomedia.com\/wp-content\/uploads\/2023\/12\/Cochem-Weihnachtsmarkt-768x432.jpg 768w, https:\/\/blog.myvideomedia.com\/wp-content\/uploads\/2023\/12\/Cochem-Weihnachtsmarkt-1536x864.jpg 1536w, https:\/\/blog.myvideomedia.com\/wp-content\/uploads\/2023\/12\/Cochem-Weihnachtsmarkt.jpg 1920w\" sizes=\"auto, (max-width: 1260px) 100vw, 1260px\" \/><\/figure>\n\n\n\n<p> Die Reichsburg ist mit einer kleinen Touristenbahn oder einem Linienbus vom Endertplatz aus erreichbar.<\/p>\n\n\n\n<figure class=\"wp-block-image size-large\"><img loading=\"lazy\" decoding=\"async\" width=\"1260\" height=\"945\" src=\"https:\/\/blog.myvideomedia.com\/wp-content\/uploads\/2023\/12\/1_CochemPXL_20231210_132836666.MP_-1260x945.jpg\" alt=\"\" class=\"wp-image-27738\" srcset=\"https:\/\/blog.myvideomedia.com\/wp-content\/uploads\/2023\/12\/1_CochemPXL_20231210_132836666.MP_-1260x945.jpg 1260w, https:\/\/blog.myvideomedia.com\/wp-content\/uploads\/2023\/12\/1_CochemPXL_20231210_132836666.MP_-600x450.jpg 600w, https:\/\/blog.myvideomedia.com\/wp-content\/uploads\/2023\/12\/1_CochemPXL_20231210_132836666.MP_-768x576.jpg 768w, https:\/\/blog.myvideomedia.com\/wp-content\/uploads\/2023\/12\/1_CochemPXL_20231210_132836666.MP_-1536x1152.jpg 1536w, https:\/\/blog.myvideomedia.com\/wp-content\/uploads\/2023\/12\/1_CochemPXL_20231210_132836666.MP_.jpg 1800w\" sizes=\"auto, (max-width: 1260px) 100vw, 1260px\" \/><\/figure>\n\n\n\n<p><br>Die Reichsburg liegt malerisch \u00fcber Cochem oberhalb der Weinberge. Einst von Pfalzgrafen errichtet, wurde sie sp\u00e4ter von K\u00f6nigen und Kurf\u00fcrsten verwaltet. 1789 wurde die Burg von franz\u00f6sischen Truppen zerst\u00f6rt und 1868 von von Louis Raven\u00e9, einem Stahlgro\u00dfh\u00e4ndler und Kunstm\u00e4zen als Sommerresidenz wieder aufgebaut. Nach dem 2. Weltkrieg \u00fcbergaben amerikanischen Truppen die Reichsburg dem Land Rheinland-Pfalz. 1978 erwarb die Stadt Cochem die Burg vom Land.<\/p>\n\n\n\n<figure class=\"wp-block-image size-large\"><img loading=\"lazy\" decoding=\"async\" width=\"1260\" height=\"945\" src=\"https:\/\/blog.myvideomedia.com\/wp-content\/uploads\/2023\/12\/CochemPXL_20231210_121955253.MP_-1260x945.jpg\" alt=\"\" class=\"wp-image-27740\" srcset=\"https:\/\/blog.myvideomedia.com\/wp-content\/uploads\/2023\/12\/CochemPXL_20231210_121955253.MP_-1260x945.jpg 1260w, https:\/\/blog.myvideomedia.com\/wp-content\/uploads\/2023\/12\/CochemPXL_20231210_121955253.MP_-600x450.jpg 600w, https:\/\/blog.myvideomedia.com\/wp-content\/uploads\/2023\/12\/CochemPXL_20231210_121955253.MP_-768x576.jpg 768w, https:\/\/blog.myvideomedia.com\/wp-content\/uploads\/2023\/12\/CochemPXL_20231210_121955253.MP_-1536x1152.jpg 1536w, https:\/\/blog.myvideomedia.com\/wp-content\/uploads\/2023\/12\/CochemPXL_20231210_121955253.MP_.jpg 1800w\" sizes=\"auto, (max-width: 1260px) 100vw, 1260px\" \/><\/figure>\n\n\n\n<p><br>Wir besuchen die Reichsburg am 2. Adventswochenende. An diesem Wochenende findet die Cochemer Burgweihnacht statt. Dabei wird ein lebendiges Krippenspiel aufgef\u00fchrt, das sich symbolisch an die Ereignisse von Betlehem anlehnt.<\/p>\n\n\n\n<h3 class=\"wp-block-heading\"><a href=\"https:\/\/youtu.be\/2L19MOfi5FI\">Hier sehen Sie das 4K UHD Video<\/a><\/h3>\n\n\n\n<figure> <div class=\"brlbs-cmpnt-container brlbs-cmpnt-content-blocker brlbs-cmpnt-with-individual-styles\" data-borlabs-cookie-content-blocker-id=\"youtube-content-blocker\" data-borlabs-cookie-content=\"PGlmcmFtZSBzcmM9Imh0dHBzOi8vd3d3LnlvdXR1YmUtbm9jb29raWUuY29tL2VtYmVkLzJMMTlNT2ZpNUZJIiB3aWR0aD0iNjAwIiBoZWlnaHQ9IjMzOCI+PC9pZnJhbWU+\"><div class=\"brlbs-cmpnt-cb-preset-c brlbs-cmpnt-cb-youtube\"> <div class=\"brlbs-cmpnt-cb-thumbnail\" style=\"background-image: url('https:\/\/blog.myvideomedia.com\/wp-content\/uploads\/borlabs-cookie\/1\/yt_2L19MOfi5FI_hqdefault.jpg')\"><\/div> <div class=\"brlbs-cmpnt-cb-main\"> <div class=\"brlbs-cmpnt-cb-play-button\"><\/div> <div class=\"brlbs-cmpnt-cb-content\"> <p class=\"brlbs-cmpnt-cb-description\">Sie sehen gerade einen Platzhalterinhalt von <strong>YouTube<\/strong>. Um auf den eigentlichen Inhalt zuzugreifen, klicken Sie auf die Schaltfl\u00e4che unten. Bitte beachten Sie, dass dabei Daten an Drittanbieter weitergegeben werden.<\/p> <a class=\"brlbs-cmpnt-cb-provider-toggle\" href=\"#\" data-borlabs-cookie-show-provider-information role=\"button\">Mehr Informationen<\/a> <\/div> <div class=\"brlbs-cmpnt-cb-buttons\"> <a class=\"brlbs-cmpnt-cb-btn\" href=\"#\" data-borlabs-cookie-unblock role=\"button\">Inhalt entsperren<\/a> <a class=\"brlbs-cmpnt-cb-btn\" href=\"#\" data-borlabs-cookie-accept-service role=\"button\" style=\"display: inherit\">Erforderlichen Service akzeptieren und Inhalte entsperren<\/a> <\/div> <\/div> <\/div><\/div><\/figure>\n\n\n\n<p><br>Die Besucher k\u00f6nnen Maria und Josef mit ihrem Esel bei der Herbergssuche begleiten. Das Krippenspiel endet im Stall mit weiteren lebenden Tieren. Teile davon zeigen wir im Video. Es empfiehlt sich vorab ein Online &#8211; Ticket zu kaufen, denn der Andrang ist sehr hoch. Speziell Kindern, aber auch Erwachsenen bereitet diese 25 min\u00fctige Auff\u00fchrung mit lebendigen Tieren vor der beeindruckenden Kulisse sehr viel Freude.<\/p>\n\n\n\n<figure class=\"wp-block-image size-large\"><img loading=\"lazy\" decoding=\"async\" width=\"1260\" height=\"945\" src=\"https:\/\/blog.myvideomedia.com\/wp-content\/uploads\/2023\/12\/CochemPXL_20231210_124012045.MP_-1260x945.jpg\" alt=\"\" class=\"wp-image-27744\" srcset=\"https:\/\/blog.myvideomedia.com\/wp-content\/uploads\/2023\/12\/CochemPXL_20231210_124012045.MP_-1260x945.jpg 1260w, https:\/\/blog.myvideomedia.com\/wp-content\/uploads\/2023\/12\/CochemPXL_20231210_124012045.MP_-600x450.jpg 600w, https:\/\/blog.myvideomedia.com\/wp-content\/uploads\/2023\/12\/CochemPXL_20231210_124012045.MP_-768x576.jpg 768w, https:\/\/blog.myvideomedia.com\/wp-content\/uploads\/2023\/12\/CochemPXL_20231210_124012045.MP_-1536x1152.jpg 1536w, https:\/\/blog.myvideomedia.com\/wp-content\/uploads\/2023\/12\/CochemPXL_20231210_124012045.MP_.jpg 1800w\" sizes=\"auto, (max-width: 1260px) 100vw, 1260px\" \/><\/figure>\n\n\n\n<p><br>Im Rosenhof der Burg gibt es einen kleinen Weihnachtsmarkt. or dem Abstieg zum malerischen Marktplatz g\u00f6nnen wir uns hier noch einen Gl\u00fchwein und einen kleinen Imbiss.<\/p>\n\n\n\n<figure class=\"wp-block-image size-large\"><img loading=\"lazy\" decoding=\"async\" width=\"1260\" height=\"945\" src=\"https:\/\/blog.myvideomedia.com\/wp-content\/uploads\/2023\/12\/CochemPXL_20231210_124544551.MP_-1260x945.jpg\" alt=\"\" class=\"wp-image-27746\" srcset=\"https:\/\/blog.myvideomedia.com\/wp-content\/uploads\/2023\/12\/CochemPXL_20231210_124544551.MP_-1260x945.jpg 1260w, https:\/\/blog.myvideomedia.com\/wp-content\/uploads\/2023\/12\/CochemPXL_20231210_124544551.MP_-600x450.jpg 600w, https:\/\/blog.myvideomedia.com\/wp-content\/uploads\/2023\/12\/CochemPXL_20231210_124544551.MP_-768x576.jpg 768w, https:\/\/blog.myvideomedia.com\/wp-content\/uploads\/2023\/12\/CochemPXL_20231210_124544551.MP_-1536x1152.jpg 1536w, https:\/\/blog.myvideomedia.com\/wp-content\/uploads\/2023\/12\/CochemPXL_20231210_124544551.MP_.jpg 1800w\" sizes=\"auto, (max-width: 1260px) 100vw, 1260px\" \/><\/figure>\n\n\n\n<p><br>In der Stadt verteilt sich der Weihnachtmarkt \u00fcber den Endertplatz, den Carlfritz-Nicolay-Platz und den Marktplatz.<\/p>\n\n\n\n<figure class=\"wp-block-image size-large\"><img loading=\"lazy\" decoding=\"async\" width=\"1260\" height=\"945\" src=\"https:\/\/blog.myvideomedia.com\/wp-content\/uploads\/2023\/12\/CochemPXL_20231210_155313973.MP_-1260x945.jpg\" alt=\"\" class=\"wp-image-27742\" srcset=\"https:\/\/blog.myvideomedia.com\/wp-content\/uploads\/2023\/12\/CochemPXL_20231210_155313973.MP_-1260x945.jpg 1260w, https:\/\/blog.myvideomedia.com\/wp-content\/uploads\/2023\/12\/CochemPXL_20231210_155313973.MP_-600x450.jpg 600w, https:\/\/blog.myvideomedia.com\/wp-content\/uploads\/2023\/12\/CochemPXL_20231210_155313973.MP_-768x576.jpg 768w, https:\/\/blog.myvideomedia.com\/wp-content\/uploads\/2023\/12\/CochemPXL_20231210_155313973.MP_-1536x1152.jpg 1536w, https:\/\/blog.myvideomedia.com\/wp-content\/uploads\/2023\/12\/CochemPXL_20231210_155313973.MP_.jpg 1800w\" sizes=\"auto, (max-width: 1260px) 100vw, 1260px\" \/><\/figure>\n\n\n\n<p><br>Geschm\u00fcckte St\u00e4nde bieten Weihnachtsschmuck, Weihnachtskrippen, sowie Leckereien und warme Getr\u00e4nke an.<br><br>Vom Ufer der Mosel aus scheint die illuminierte Reichsburg bei Dunkelheit \u00fcber der Stadt zu schweben.<\/p>\n\n\n\n<figure class=\"wp-block-image size-large\"><img loading=\"lazy\" decoding=\"async\" width=\"1260\" height=\"709\" src=\"https:\/\/blog.myvideomedia.com\/wp-content\/uploads\/2023\/12\/z_Cochem_UG_3289-6-1260x709.jpg\" alt=\"\" class=\"wp-image-27736\" srcset=\"https:\/\/blog.myvideomedia.com\/wp-content\/uploads\/2023\/12\/z_Cochem_UG_3289-6-1260x709.jpg 1260w, https:\/\/blog.myvideomedia.com\/wp-content\/uploads\/2023\/12\/z_Cochem_UG_3289-6-600x338.jpg 600w, https:\/\/blog.myvideomedia.com\/wp-content\/uploads\/2023\/12\/z_Cochem_UG_3289-6-768x432.jpg 768w, https:\/\/blog.myvideomedia.com\/wp-content\/uploads\/2023\/12\/z_Cochem_UG_3289-6-1536x864.jpg 1536w, https:\/\/blog.myvideomedia.com\/wp-content\/uploads\/2023\/12\/z_Cochem_UG_3289-6.jpg 1800w\" sizes=\"auto, (max-width: 1260px) 100vw, 1260px\" \/><\/figure>\n\n\n\n<p>Um weitere Fotos von unserem Besuch zu sehen, <a href=\"https:\/\/www.myvideomedia.com\/de\/cochemer-weihnachtsmarkt\/\">klic<\/a><a href=\"https:\/\/www.myvideomedia.com\/cochem-christmas-market\/\">ken Sie bitte hier<\/a><\/p>\n\n\n","protected":false},"excerpt":{"rendered":"<p>Neben dem eigentlichen Cochemer Weihnachtsmarkt findet auf der Reichsburg die Cochemer Burgweihnacht statt. Die Reichsburg ist mit einer kleinen Touristenbahn oder einem Linienbus vom Endertplatz aus erreichbar. Die Reichsburg liegt malerisch \u00fcber Cochem oberhalb der Weinberge. Einst von Pfalzgrafen errichtet, wurde sie sp\u00e4ter von K\u00f6nigen und Kurf\u00fcrsten verwaltet. 1789 wurde die Burg von franz\u00f6sischen Truppen [&hellip;]<\/p>\n","protected":false},"author":1,"featured_media":27735,"comment_status":"open","ping_status":"closed","sticky":false,"template":"","format":"standard","meta":{"_genesis_hide_title":false,"_genesis_hide_breadcrumbs":false,"_genesis_hide_singular_image":false,"_genesis_hide_footer_widgets":false,"_genesis_custom_body_class":"","_genesis_custom_post_class":"","_genesis_layout":"","footnotes":""},"categories":[501,1973],"tags":[],"class_list":{"0":"post-27733","1":"post","2":"type-post","3":"status-publish","4":"format-standard","5":"has-post-thumbnail","7":"category-deutschland","8":"category-weihnachtsmarkte","9":"entry"},"yoast_head":"<!-- This site is optimized with the Yoast SEO plugin v27.4 - https:\/\/yoast.com\/product\/yoast-seo-wordpress\/ -->\n<title>Cochemer Weihnachtsmarkt - Deutschland - Reise Video Blog<\/title>\n<meta name=\"description\" content=\"Neben dem eigentlichen Cochemer Weihnachtsmarkt findet auf der Reichsburg die Cochemer Burgweihnacht statt. Mehr und Video hier..\" \/>\n<meta name=\"robots\" content=\"index, follow, max-snippet:-1, max-image-preview:large, max-video-preview:-1\" \/>\n<link rel=\"canonical\" href=\"https:\/\/blog.myvideomedia.com\/de\/cochemer-weihnachtsmarkt\/\" \/>\n<meta property=\"og:locale\" content=\"de_DE\" \/>\n<meta property=\"og:type\" content=\"article\" \/>\n<meta property=\"og:title\" content=\"Cochemer Weihnachtsmarkt - Deutschland - Reise Video Blog\" \/>\n<meta property=\"og:description\" content=\"Neben dem eigentlichen Cochemer Weihnachtsmarkt findet auf der Reichsburg die Cochemer Burgweihnacht statt. Mehr und Video hier..\" \/>\n<meta property=\"og:url\" content=\"https:\/\/blog.myvideomedia.com\/de\/cochemer-weihnachtsmarkt\/\" \/>\n<meta property=\"og:site_name\" content=\"Reise Video Blog\" \/>\n<meta property=\"article:publisher\" content=\"https:\/\/www.facebook.com\/ursula.streit.520\" \/>\n<meta property=\"article:author\" content=\"https:\/\/www.facebook.com\/ursula.streit.520\" \/>\n<meta property=\"article:published_time\" content=\"2023-12-13T13:04:16+00:00\" \/>\n<meta property=\"article:modified_time\" content=\"2023-12-13T13:41:28+00:00\" \/>\n<meta property=\"og:image\" content=\"https:\/\/blog.myvideomedia.com\/wp-content\/uploads\/2023\/12\/CochemPXL_20231210_155915499.MP_.jpg\" \/>\n\t<meta property=\"og:image:width\" content=\"1800\" \/>\n\t<meta property=\"og:image:height\" content=\"1350\" \/>\n\t<meta property=\"og:image:type\" content=\"image\/jpeg\" \/>\n<meta name=\"author\" content=\"myVideoMedia\" \/>\n<meta name=\"twitter:card\" content=\"summary_large_image\" \/>\n<meta name=\"twitter:creator\" content=\"@myvideomedia\" \/>\n<meta name=\"twitter:site\" content=\"@myvideomedia\" \/>\n<meta name=\"twitter:label1\" content=\"Verfasst von\" \/>\n\t<meta name=\"twitter:data1\" content=\"myVideoMedia\" \/>\n\t<meta name=\"twitter:label2\" content=\"Gesch\u00e4tzte Lesezeit\" \/>\n\t<meta name=\"twitter:data2\" content=\"4\u00a0Minuten\" \/>\n<script type=\"application\/ld+json\" class=\"yoast-schema-graph\">{\"@context\":\"https:\\\/\\\/schema.org\",\"@graph\":[{\"@type\":\"Article\",\"@id\":\"https:\\\/\\\/blog.myvideomedia.com\\\/de\\\/cochemer-weihnachtsmarkt\\\/#article\",\"isPartOf\":{\"@id\":\"https:\\\/\\\/blog.myvideomedia.com\\\/de\\\/cochemer-weihnachtsmarkt\\\/\"},\"author\":{\"name\":\"myVideoMedia\",\"@id\":\"https:\\\/\\\/blog.myvideomedia.com\\\/de\\\/#\\\/schema\\\/person\\\/87be8fbbed69b1562242448c1c3dcbec\"},\"headline\":\"Cochemer Weihnachtsmarkt\",\"datePublished\":\"2023-12-13T13:04:16+00:00\",\"dateModified\":\"2023-12-13T13:41:28+00:00\",\"mainEntityOfPage\":{\"@id\":\"https:\\\/\\\/blog.myvideomedia.com\\\/de\\\/cochemer-weihnachtsmarkt\\\/\"},\"wordCount\":286,\"commentCount\":0,\"publisher\":{\"@id\":\"https:\\\/\\\/blog.myvideomedia.com\\\/de\\\/#\\\/schema\\\/person\\\/87be8fbbed69b1562242448c1c3dcbec\"},\"image\":{\"@id\":\"https:\\\/\\\/blog.myvideomedia.com\\\/de\\\/cochemer-weihnachtsmarkt\\\/#primaryimage\"},\"thumbnailUrl\":\"https:\\\/\\\/blog.myvideomedia.com\\\/wp-content\\\/uploads\\\/2023\\\/12\\\/CochemPXL_20231210_155915499.MP_.jpg\",\"articleSection\":[\"Deutschland\",\"Weihnachtsm\u00e4rkte\"],\"inLanguage\":\"de\",\"potentialAction\":[{\"@type\":\"CommentAction\",\"name\":\"Comment\",\"target\":[\"https:\\\/\\\/blog.myvideomedia.com\\\/de\\\/cochemer-weihnachtsmarkt\\\/#respond\"]}]},{\"@type\":\"WebPage\",\"@id\":\"https:\\\/\\\/blog.myvideomedia.com\\\/de\\\/cochemer-weihnachtsmarkt\\\/\",\"url\":\"https:\\\/\\\/blog.myvideomedia.com\\\/de\\\/cochemer-weihnachtsmarkt\\\/\",\"name\":\"Cochemer Weihnachtsmarkt - Deutschland - Reise Video Blog\",\"isPartOf\":{\"@id\":\"https:\\\/\\\/blog.myvideomedia.com\\\/de\\\/#website\"},\"primaryImageOfPage\":{\"@id\":\"https:\\\/\\\/blog.myvideomedia.com\\\/de\\\/cochemer-weihnachtsmarkt\\\/#primaryimage\"},\"image\":{\"@id\":\"https:\\\/\\\/blog.myvideomedia.com\\\/de\\\/cochemer-weihnachtsmarkt\\\/#primaryimage\"},\"thumbnailUrl\":\"https:\\\/\\\/blog.myvideomedia.com\\\/wp-content\\\/uploads\\\/2023\\\/12\\\/CochemPXL_20231210_155915499.MP_.jpg\",\"datePublished\":\"2023-12-13T13:04:16+00:00\",\"dateModified\":\"2023-12-13T13:41:28+00:00\",\"description\":\"Neben dem eigentlichen Cochemer Weihnachtsmarkt findet auf der Reichsburg die Cochemer Burgweihnacht statt. Mehr und Video hier..\",\"breadcrumb\":{\"@id\":\"https:\\\/\\\/blog.myvideomedia.com\\\/de\\\/cochemer-weihnachtsmarkt\\\/#breadcrumb\"},\"inLanguage\":\"de\",\"potentialAction\":[{\"@type\":\"ReadAction\",\"target\":[\"https:\\\/\\\/blog.myvideomedia.com\\\/de\\\/cochemer-weihnachtsmarkt\\\/\"]}]},{\"@type\":\"ImageObject\",\"inLanguage\":\"de\",\"@id\":\"https:\\\/\\\/blog.myvideomedia.com\\\/de\\\/cochemer-weihnachtsmarkt\\\/#primaryimage\",\"url\":\"https:\\\/\\\/blog.myvideomedia.com\\\/wp-content\\\/uploads\\\/2023\\\/12\\\/CochemPXL_20231210_155915499.MP_.jpg\",\"contentUrl\":\"https:\\\/\\\/blog.myvideomedia.com\\\/wp-content\\\/uploads\\\/2023\\\/12\\\/CochemPXL_20231210_155915499.MP_.jpg\",\"width\":1800,\"height\":1350,\"caption\":\"Cochem Christmas Market\"},{\"@type\":\"BreadcrumbList\",\"@id\":\"https:\\\/\\\/blog.myvideomedia.com\\\/de\\\/cochemer-weihnachtsmarkt\\\/#breadcrumb\",\"itemListElement\":[{\"@type\":\"ListItem\",\"position\":1,\"name\":\"Home\",\"item\":\"https:\\\/\\\/blog.myvideomedia.com\\\/de\\\/\"},{\"@type\":\"ListItem\",\"position\":2,\"name\":\"Cochemer Weihnachtsmarkt\"}]},{\"@type\":\"WebSite\",\"@id\":\"https:\\\/\\\/blog.myvideomedia.com\\\/de\\\/#website\",\"url\":\"https:\\\/\\\/blog.myvideomedia.com\\\/de\\\/\",\"name\":\"Travel Video Blog\",\"description\":\"myVideoMedia Reisetipps und Reisevideos\",\"publisher\":{\"@id\":\"https:\\\/\\\/blog.myvideomedia.com\\\/de\\\/#\\\/schema\\\/person\\\/87be8fbbed69b1562242448c1c3dcbec\"},\"potentialAction\":[{\"@type\":\"SearchAction\",\"target\":{\"@type\":\"EntryPoint\",\"urlTemplate\":\"https:\\\/\\\/blog.myvideomedia.com\\\/de\\\/?s={search_term_string}\"},\"query-input\":{\"@type\":\"PropertyValueSpecification\",\"valueRequired\":true,\"valueName\":\"search_term_string\"}}],\"inLanguage\":\"de\"},{\"@type\":[\"Person\",\"Organization\"],\"@id\":\"https:\\\/\\\/blog.myvideomedia.com\\\/de\\\/#\\\/schema\\\/person\\\/87be8fbbed69b1562242448c1c3dcbec\",\"name\":\"myVideoMedia\",\"image\":{\"@type\":\"ImageObject\",\"inLanguage\":\"de\",\"@id\":\"https:\\\/\\\/secure.gravatar.com\\\/avatar\\\/460720160715ef8975b781abd1b6985e55ce2f01567bb6757bebd73e7cf74c97?s=96&d=mm&r=g\",\"url\":\"https:\\\/\\\/secure.gravatar.com\\\/avatar\\\/460720160715ef8975b781abd1b6985e55ce2f01567bb6757bebd73e7cf74c97?s=96&d=mm&r=g\",\"contentUrl\":\"https:\\\/\\\/secure.gravatar.com\\\/avatar\\\/460720160715ef8975b781abd1b6985e55ce2f01567bb6757bebd73e7cf74c97?s=96&d=mm&r=g\",\"caption\":\"myVideoMedia\"},\"logo\":{\"@id\":\"https:\\\/\\\/secure.gravatar.com\\\/avatar\\\/460720160715ef8975b781abd1b6985e55ce2f01567bb6757bebd73e7cf74c97?s=96&d=mm&r=g\"},\"description\":\"\\\"The World is a book, and those who do not travel read only a page\\\" - Aurelius Augustinus (354 - 430 AD) Travel is our passion. With our posts and videos we like to inspire people who are planning or preparing for holidays as well as people who simply want to escape from everyday life and dream of faraway countries.\",\"sameAs\":[\"https:\\\/\\\/www.myvideomedia.com\",\"https:\\\/\\\/www.facebook.com\\\/ursula.streit.520\"],\"url\":\"https:\\\/\\\/blog.myvideomedia.com\\\/de\\\/author\\\/traveladm\\\/\"}]}<\/script>\n<!-- \/ Yoast SEO plugin. -->","yoast_head_json":{"title":"Cochemer Weihnachtsmarkt - Deutschland - Reise Video Blog","description":"Neben dem eigentlichen Cochemer Weihnachtsmarkt findet auf der Reichsburg die Cochemer Burgweihnacht statt. Mehr und Video hier..","robots":{"index":"index","follow":"follow","max-snippet":"max-snippet:-1","max-image-preview":"max-image-preview:large","max-video-preview":"max-video-preview:-1"},"canonical":"https:\/\/blog.myvideomedia.com\/de\/cochemer-weihnachtsmarkt\/","og_locale":"de_DE","og_type":"article","og_title":"Cochemer Weihnachtsmarkt - Deutschland - Reise Video Blog","og_description":"Neben dem eigentlichen Cochemer Weihnachtsmarkt findet auf der Reichsburg die Cochemer Burgweihnacht statt. Mehr und Video hier..","og_url":"https:\/\/blog.myvideomedia.com\/de\/cochemer-weihnachtsmarkt\/","og_site_name":"Reise Video Blog","article_publisher":"https:\/\/www.facebook.com\/ursula.streit.520","article_author":"https:\/\/www.facebook.com\/ursula.streit.520","article_published_time":"2023-12-13T13:04:16+00:00","article_modified_time":"2023-12-13T13:41:28+00:00","og_image":[{"width":1800,"height":1350,"url":"https:\/\/blog.myvideomedia.com\/wp-content\/uploads\/2023\/12\/CochemPXL_20231210_155915499.MP_.jpg","type":"image\/jpeg"}],"author":"myVideoMedia","twitter_card":"summary_large_image","twitter_creator":"@myvideomedia","twitter_site":"@myvideomedia","twitter_misc":{"Verfasst von":"myVideoMedia","Gesch\u00e4tzte Lesezeit":"4\u00a0Minuten"},"schema":{"@context":"https:\/\/schema.org","@graph":[{"@type":"Article","@id":"https:\/\/blog.myvideomedia.com\/de\/cochemer-weihnachtsmarkt\/#article","isPartOf":{"@id":"https:\/\/blog.myvideomedia.com\/de\/cochemer-weihnachtsmarkt\/"},"author":{"name":"myVideoMedia","@id":"https:\/\/blog.myvideomedia.com\/de\/#\/schema\/person\/87be8fbbed69b1562242448c1c3dcbec"},"headline":"Cochemer Weihnachtsmarkt","datePublished":"2023-12-13T13:04:16+00:00","dateModified":"2023-12-13T13:41:28+00:00","mainEntityOfPage":{"@id":"https:\/\/blog.myvideomedia.com\/de\/cochemer-weihnachtsmarkt\/"},"wordCount":286,"commentCount":0,"publisher":{"@id":"https:\/\/blog.myvideomedia.com\/de\/#\/schema\/person\/87be8fbbed69b1562242448c1c3dcbec"},"image":{"@id":"https:\/\/blog.myvideomedia.com\/de\/cochemer-weihnachtsmarkt\/#primaryimage"},"thumbnailUrl":"https:\/\/blog.myvideomedia.com\/wp-content\/uploads\/2023\/12\/CochemPXL_20231210_155915499.MP_.jpg","articleSection":["Deutschland","Weihnachtsm\u00e4rkte"],"inLanguage":"de","potentialAction":[{"@type":"CommentAction","name":"Comment","target":["https:\/\/blog.myvideomedia.com\/de\/cochemer-weihnachtsmarkt\/#respond"]}]},{"@type":"WebPage","@id":"https:\/\/blog.myvideomedia.com\/de\/cochemer-weihnachtsmarkt\/","url":"https:\/\/blog.myvideomedia.com\/de\/cochemer-weihnachtsmarkt\/","name":"Cochemer Weihnachtsmarkt - Deutschland - Reise Video Blog","isPartOf":{"@id":"https:\/\/blog.myvideomedia.com\/de\/#website"},"primaryImageOfPage":{"@id":"https:\/\/blog.myvideomedia.com\/de\/cochemer-weihnachtsmarkt\/#primaryimage"},"image":{"@id":"https:\/\/blog.myvideomedia.com\/de\/cochemer-weihnachtsmarkt\/#primaryimage"},"thumbnailUrl":"https:\/\/blog.myvideomedia.com\/wp-content\/uploads\/2023\/12\/CochemPXL_20231210_155915499.MP_.jpg","datePublished":"2023-12-13T13:04:16+00:00","dateModified":"2023-12-13T13:41:28+00:00","description":"Neben dem eigentlichen Cochemer Weihnachtsmarkt findet auf der Reichsburg die Cochemer Burgweihnacht statt. Mehr und Video hier..","breadcrumb":{"@id":"https:\/\/blog.myvideomedia.com\/de\/cochemer-weihnachtsmarkt\/#breadcrumb"},"inLanguage":"de","potentialAction":[{"@type":"ReadAction","target":["https:\/\/blog.myvideomedia.com\/de\/cochemer-weihnachtsmarkt\/"]}]},{"@type":"ImageObject","inLanguage":"de","@id":"https:\/\/blog.myvideomedia.com\/de\/cochemer-weihnachtsmarkt\/#primaryimage","url":"https:\/\/blog.myvideomedia.com\/wp-content\/uploads\/2023\/12\/CochemPXL_20231210_155915499.MP_.jpg","contentUrl":"https:\/\/blog.myvideomedia.com\/wp-content\/uploads\/2023\/12\/CochemPXL_20231210_155915499.MP_.jpg","width":1800,"height":1350,"caption":"Cochem Christmas Market"},{"@type":"BreadcrumbList","@id":"https:\/\/blog.myvideomedia.com\/de\/cochemer-weihnachtsmarkt\/#breadcrumb","itemListElement":[{"@type":"ListItem","position":1,"name":"Home","item":"https:\/\/blog.myvideomedia.com\/de\/"},{"@type":"ListItem","position":2,"name":"Cochemer Weihnachtsmarkt"}]},{"@type":"WebSite","@id":"https:\/\/blog.myvideomedia.com\/de\/#website","url":"https:\/\/blog.myvideomedia.com\/de\/","name":"Travel Video Blog","description":"myVideoMedia Reisetipps und Reisevideos","publisher":{"@id":"https:\/\/blog.myvideomedia.com\/de\/#\/schema\/person\/87be8fbbed69b1562242448c1c3dcbec"},"potentialAction":[{"@type":"SearchAction","target":{"@type":"EntryPoint","urlTemplate":"https:\/\/blog.myvideomedia.com\/de\/?s={search_term_string}"},"query-input":{"@type":"PropertyValueSpecification","valueRequired":true,"valueName":"search_term_string"}}],"inLanguage":"de"},{"@type":["Person","Organization"],"@id":"https:\/\/blog.myvideomedia.com\/de\/#\/schema\/person\/87be8fbbed69b1562242448c1c3dcbec","name":"myVideoMedia","image":{"@type":"ImageObject","inLanguage":"de","@id":"https:\/\/secure.gravatar.com\/avatar\/460720160715ef8975b781abd1b6985e55ce2f01567bb6757bebd73e7cf74c97?s=96&d=mm&r=g","url":"https:\/\/secure.gravatar.com\/avatar\/460720160715ef8975b781abd1b6985e55ce2f01567bb6757bebd73e7cf74c97?s=96&d=mm&r=g","contentUrl":"https:\/\/secure.gravatar.com\/avatar\/460720160715ef8975b781abd1b6985e55ce2f01567bb6757bebd73e7cf74c97?s=96&d=mm&r=g","caption":"myVideoMedia"},"logo":{"@id":"https:\/\/secure.gravatar.com\/avatar\/460720160715ef8975b781abd1b6985e55ce2f01567bb6757bebd73e7cf74c97?s=96&d=mm&r=g"},"description":"\"The World is a book, and those who do not travel read only a page\" - Aurelius Augustinus (354 - 430 AD) Travel is our passion. With our posts and videos we like to inspire people who are planning or preparing for holidays as well as people who simply want to escape from everyday life and dream of faraway countries.","sameAs":["https:\/\/www.myvideomedia.com","https:\/\/www.facebook.com\/ursula.streit.520"],"url":"https:\/\/blog.myvideomedia.com\/de\/author\/traveladm\/"}]}},"featured_image_src":"https:\/\/blog.myvideomedia.com\/wp-content\/uploads\/2023\/12\/CochemPXL_20231210_155915499.MP_-600x400.jpg","featured_image_src_square":"https:\/\/blog.myvideomedia.com\/wp-content\/uploads\/2023\/12\/CochemPXL_20231210_155915499.MP_-600x600.jpg","author_info":{"display_name":"myVideoMedia","author_link":"https:\/\/blog.myvideomedia.com\/de\/author\/traveladm\/"},"_links":{"self":[{"href":"https:\/\/blog.myvideomedia.com\/de\/wp-json\/wp\/v2\/posts\/27733","targetHints":{"allow":["GET"]}}],"collection":[{"href":"https:\/\/blog.myvideomedia.com\/de\/wp-json\/wp\/v2\/posts"}],"about":[{"href":"https:\/\/blog.myvideomedia.com\/de\/wp-json\/wp\/v2\/types\/post"}],"author":[{"embeddable":true,"href":"https:\/\/blog.myvideomedia.com\/de\/wp-json\/wp\/v2\/users\/1"}],"replies":[{"embeddable":true,"href":"https:\/\/blog.myvideomedia.com\/de\/wp-json\/wp\/v2\/comments?post=27733"}],"version-history":[{"count":0,"href":"https:\/\/blog.myvideomedia.com\/de\/wp-json\/wp\/v2\/posts\/27733\/revisions"}],"wp:featuredmedia":[{"embeddable":true,"href":"https:\/\/blog.myvideomedia.com\/de\/wp-json\/wp\/v2\/media\/27735"}],"wp:attachment":[{"href":"https:\/\/blog.myvideomedia.com\/de\/wp-json\/wp\/v2\/media?parent=27733"}],"wp:term":[{"taxonomy":"category","embeddable":true,"href":"https:\/\/blog.myvideomedia.com\/de\/wp-json\/wp\/v2\/categories?post=27733"},{"taxonomy":"post_tag","embeddable":true,"href":"https:\/\/blog.myvideomedia.com\/de\/wp-json\/wp\/v2\/tags?post=27733"}],"curies":[{"name":"wp","href":"https:\/\/api.w.org\/{rel}","templated":true}]}}