{"id":27752,"date":"2023-12-20T12:17:57","date_gmt":"2023-12-20T11:17:57","guid":{"rendered":"https:\/\/blog.myvideomedia.com\/?p=27752"},"modified":"2023-12-20T12:19:26","modified_gmt":"2023-12-20T11:19:26","slug":"saarburg-viktorianischer-und-christkindlmarkt","status":"publish","type":"post","link":"https:\/\/blog.myvideomedia.com\/de\/saarburg-viktorianischer-und-christkindlmarkt\/","title":{"rendered":"Saarburg &#8211; Viktorianischer und Christkindlmarkt"},"content":{"rendered":"\n<p>Wir beenden unseren &#8222;Weihnachtsmarkt&#8220;-Zyklus 2023 am dritten Adventswochenende mit zwei Weihnachtsm\u00e4rkten in Saarburg, dem Viktorianischen Weihnachtsmarkt und dem Christkindlmarkt.<br><br>Der Viktorianische Weihnachtsmarkt Jingle Bells findet in der ehemaligen Glockengie\u00dferei Mabilion, der KulturGie\u00dferei statt. Bereits im Sommer haben wir diese historische Handwerkst\u00e4tte besucht, doch dieses Mal pr\u00e4sentiert sie sich in einem v\u00f6llig anderen Gewand.<\/p>\n\n\n\n<figure class=\"wp-block-image size-large\"><img loading=\"lazy\" decoding=\"async\" width=\"1260\" height=\"709\" src=\"https:\/\/blog.myvideomedia.com\/wp-content\/uploads\/2023\/12\/Saarburg-_PXL_20231216_134256699.MP_-1260x709.jpg\" alt=\"\" class=\"wp-image-27773\" srcset=\"https:\/\/blog.myvideomedia.com\/wp-content\/uploads\/2023\/12\/Saarburg-_PXL_20231216_134256699.MP_-1260x709.jpg 1260w, https:\/\/blog.myvideomedia.com\/wp-content\/uploads\/2023\/12\/Saarburg-_PXL_20231216_134256699.MP_-600x338.jpg 600w, https:\/\/blog.myvideomedia.com\/wp-content\/uploads\/2023\/12\/Saarburg-_PXL_20231216_134256699.MP_-768x432.jpg 768w, https:\/\/blog.myvideomedia.com\/wp-content\/uploads\/2023\/12\/Saarburg-_PXL_20231216_134256699.MP_-1536x864.jpg 1536w, https:\/\/blog.myvideomedia.com\/wp-content\/uploads\/2023\/12\/Saarburg-_PXL_20231216_134256699.MP_.jpg 1920w\" sizes=\"auto, (max-width: 1260px) 100vw, 1260px\" \/><\/figure>\n\n\n\n<p><br><br>Jingle Bells feiert dieses Jahr sein 10-j\u00e4hriges Bestehen und wie zu erwarten ist der Besucherandrang gro\u00df. Die Veranstaltung f\u00fchrt uns in das London des 19. Jahrhunderts.<br><br>Viele Besucher pr\u00e4sentieren sich nicht nur in historischen Kost\u00fcmen, sondern auch in phantasievollen Kost\u00fcmen, angelehnt an die Geschichten von Jules Verne.<\/p>\n\n\n\n<h3 class=\"wp-block-heading\"><a href=\"https:\/\/youtu.be\/b3WDdLByKDE\" target=\"_blank\" rel=\"noreferrer noopener\">Hier sehen Sie das 4K UHD Video<\/a><\/h3>\n\n\n\n<figure> <div class=\"brlbs-cmpnt-container brlbs-cmpnt-content-blocker brlbs-cmpnt-with-individual-styles\" data-borlabs-cookie-content-blocker-id=\"youtube-content-blocker\" data-borlabs-cookie-content=\"PGlmcmFtZSBzcmM9Imh0dHBzOi8vd3d3LnlvdXR1YmUtbm9jb29raWUuY29tL2VtYmVkL2IzV0RkTEJ5S0RFIiB3aWR0aD0iNjAwIiBoZWlnaHQ9IjMzOCI+PC9pZnJhbWU+\"><div class=\"brlbs-cmpnt-cb-preset-c brlbs-cmpnt-cb-youtube\"> <div class=\"brlbs-cmpnt-cb-thumbnail\" style=\"background-image: url('https:\/\/blog.myvideomedia.com\/wp-content\/uploads\/borlabs-cookie\/1\/yt_b3WDdLByKDE_hqdefault.jpg')\"><\/div> <div class=\"brlbs-cmpnt-cb-main\"> <div class=\"brlbs-cmpnt-cb-play-button\"><\/div> <div class=\"brlbs-cmpnt-cb-content\"> <p class=\"brlbs-cmpnt-cb-description\">Sie sehen gerade einen Platzhalterinhalt von <strong>YouTube<\/strong>. Um auf den eigentlichen Inhalt zuzugreifen, klicken Sie auf die Schaltfl\u00e4che unten. Bitte beachten Sie, dass dabei Daten an Drittanbieter weitergegeben werden.<\/p> <a class=\"brlbs-cmpnt-cb-provider-toggle\" href=\"#\" data-borlabs-cookie-show-provider-information role=\"button\">Mehr Informationen<\/a> <\/div> <div class=\"brlbs-cmpnt-cb-buttons\"> <a class=\"brlbs-cmpnt-cb-btn\" href=\"#\" data-borlabs-cookie-unblock role=\"button\">Inhalt entsperren<\/a> <a class=\"brlbs-cmpnt-cb-btn\" href=\"#\" data-borlabs-cookie-accept-service role=\"button\" style=\"display: inherit\">Erforderlichen Service akzeptieren und Inhalte entsperren<\/a> <\/div> <\/div> <\/div><\/div><\/figure>\n\n\n\n<p>Die Glockengie\u00dferei verwandelt sich f\u00fcr zwei Tage in einen Treffpunkt f\u00fcr Zeitreisende aus der Steampunk-Community. Es werden auch allerlei Gegenst\u00e4nde, wie Steampunk Lampen angeboten.<\/p>\n\n\n\n<figure class=\"wp-block-image size-large\"><img loading=\"lazy\" decoding=\"async\" width=\"1260\" height=\"709\" src=\"https:\/\/blog.myvideomedia.com\/wp-content\/uploads\/2023\/12\/Saarburg-_PXL_20231216_133830013.MP_-1260x709.jpg\" alt=\"\" class=\"wp-image-27757\" srcset=\"https:\/\/blog.myvideomedia.com\/wp-content\/uploads\/2023\/12\/Saarburg-_PXL_20231216_133830013.MP_-1260x709.jpg 1260w, https:\/\/blog.myvideomedia.com\/wp-content\/uploads\/2023\/12\/Saarburg-_PXL_20231216_133830013.MP_-600x338.jpg 600w, https:\/\/blog.myvideomedia.com\/wp-content\/uploads\/2023\/12\/Saarburg-_PXL_20231216_133830013.MP_-768x432.jpg 768w, https:\/\/blog.myvideomedia.com\/wp-content\/uploads\/2023\/12\/Saarburg-_PXL_20231216_133830013.MP_-1536x864.jpg 1536w, https:\/\/blog.myvideomedia.com\/wp-content\/uploads\/2023\/12\/Saarburg-_PXL_20231216_133830013.MP_.jpg 1920w\" sizes=\"auto, (max-width: 1260px) 100vw, 1260px\" \/><\/figure>\n\n\n\n<p><br>Einige der Kost\u00fcme sind von den Tr\u00e4gern selbst geschneidert. Die Besucher erhalten beim Eintritt drei Buttons, die sie an die Tr\u00e4ger oder die Gruppe mit dem besten Kost\u00fcmen verteilen d\u00fcrfen. Am Ende des Viktorianischen Weihnachtsmarktes werden die Buttons ausgez\u00e4hlt. Die Gewinner erhalten ein exklusives Fotoshooting und werden zum Covermodell f\u00fcr die Werbekampagne Jingle Bells 2024.<\/p>\n\n\n\n<figure class=\"wp-block-image size-large\"><img loading=\"lazy\" decoding=\"async\" width=\"709\" height=\"1260\" src=\"https:\/\/blog.myvideomedia.com\/wp-content\/uploads\/2023\/12\/Saarburg-_PXL_20231216_132948873.Mo_-709x1260.jpg\" alt=\"\" class=\"wp-image-27761\" srcset=\"https:\/\/blog.myvideomedia.com\/wp-content\/uploads\/2023\/12\/Saarburg-_PXL_20231216_132948873.Mo_-709x1260.jpg 709w, https:\/\/blog.myvideomedia.com\/wp-content\/uploads\/2023\/12\/Saarburg-_PXL_20231216_132948873.Mo_-338x600.jpg 338w, https:\/\/blog.myvideomedia.com\/wp-content\/uploads\/2023\/12\/Saarburg-_PXL_20231216_132948873.Mo_-768x1365.jpg 768w, https:\/\/blog.myvideomedia.com\/wp-content\/uploads\/2023\/12\/Saarburg-_PXL_20231216_132948873.Mo_-864x1536.jpg 864w, https:\/\/blog.myvideomedia.com\/wp-content\/uploads\/2023\/12\/Saarburg-_PXL_20231216_132948873.Mo_.jpg 1080w\" sizes=\"auto, (max-width: 709px) 100vw, 709px\" \/><\/figure>\n\n\n\n<p>In dieser wundersch\u00f6nen Atmosph\u00e4re werden aber auch viele handwerkliche sch\u00f6ne und kunstvoll gestaltete Artikel, wie z.B. Glasbl\u00e4serschmuck oder Tonwaren angeboten. Dazu befeuern die Jingle-Bell-Singers die Stimmung mit ihren Liedern.<\/p>\n\n\n\n<figure class=\"wp-block-image size-large\"><img loading=\"lazy\" decoding=\"async\" width=\"1260\" height=\"709\" src=\"https:\/\/blog.myvideomedia.com\/wp-content\/uploads\/2023\/12\/Saarburg-_PXL_20231216_131311736.MP_-1260x709.jpg\" alt=\"\" class=\"wp-image-27759\" srcset=\"https:\/\/blog.myvideomedia.com\/wp-content\/uploads\/2023\/12\/Saarburg-_PXL_20231216_131311736.MP_-1260x709.jpg 1260w, https:\/\/blog.myvideomedia.com\/wp-content\/uploads\/2023\/12\/Saarburg-_PXL_20231216_131311736.MP_-600x338.jpg 600w, https:\/\/blog.myvideomedia.com\/wp-content\/uploads\/2023\/12\/Saarburg-_PXL_20231216_131311736.MP_-768x432.jpg 768w, https:\/\/blog.myvideomedia.com\/wp-content\/uploads\/2023\/12\/Saarburg-_PXL_20231216_131311736.MP_-1536x864.jpg 1536w, https:\/\/blog.myvideomedia.com\/wp-content\/uploads\/2023\/12\/Saarburg-_PXL_20231216_131311736.MP_.jpg 1920w\" sizes=\"auto, (max-width: 1260px) 100vw, 1260px\" \/><\/figure>\n\n\n\n<p><br>Im Anschluss besuchen wir den Saarburger Christkindlmarkt rund um den Wasserfall, der sich durch seine illuminierte Farbenpracht auszeichnet. <\/p>\n\n\n\n<figure class=\"wp-block-image size-large\"><img loading=\"lazy\" decoding=\"async\" width=\"1260\" height=\"709\" src=\"https:\/\/blog.myvideomedia.com\/wp-content\/uploads\/2023\/12\/Saarburg-_PXL_20231216_145253354.MP_-1260x709.jpg\" alt=\"\" class=\"wp-image-27772\" srcset=\"https:\/\/blog.myvideomedia.com\/wp-content\/uploads\/2023\/12\/Saarburg-_PXL_20231216_145253354.MP_-1260x709.jpg 1260w, https:\/\/blog.myvideomedia.com\/wp-content\/uploads\/2023\/12\/Saarburg-_PXL_20231216_145253354.MP_-600x338.jpg 600w, https:\/\/blog.myvideomedia.com\/wp-content\/uploads\/2023\/12\/Saarburg-_PXL_20231216_145253354.MP_-768x432.jpg 768w, https:\/\/blog.myvideomedia.com\/wp-content\/uploads\/2023\/12\/Saarburg-_PXL_20231216_145253354.MP_-1536x864.jpg 1536w, https:\/\/blog.myvideomedia.com\/wp-content\/uploads\/2023\/12\/Saarburg-_PXL_20231216_145253354.MP_.jpg 1920w\" sizes=\"auto, (max-width: 1260px) 100vw, 1260px\" \/><\/figure>\n\n\n\n<p>Besonders gefallen hat uns die E-Kutsche, mit der man sich bequem und umweltfreundlich von der Glockengie\u00dferei zum Weihnachtsmarkt und zur\u00fcck bef\u00f6rdern lassen kann.<\/p>\n\n\n\n<figure class=\"wp-block-image size-large\"><img loading=\"lazy\" decoding=\"async\" width=\"1260\" height=\"709\" src=\"https:\/\/blog.myvideomedia.com\/wp-content\/uploads\/2023\/12\/Saarburg-_PXL_20231216_164549552.MP_-1260x709.jpg\" alt=\"\" class=\"wp-image-27763\" srcset=\"https:\/\/blog.myvideomedia.com\/wp-content\/uploads\/2023\/12\/Saarburg-_PXL_20231216_164549552.MP_-1260x709.jpg 1260w, https:\/\/blog.myvideomedia.com\/wp-content\/uploads\/2023\/12\/Saarburg-_PXL_20231216_164549552.MP_-600x338.jpg 600w, https:\/\/blog.myvideomedia.com\/wp-content\/uploads\/2023\/12\/Saarburg-_PXL_20231216_164549552.MP_-768x432.jpg 768w, https:\/\/blog.myvideomedia.com\/wp-content\/uploads\/2023\/12\/Saarburg-_PXL_20231216_164549552.MP_-1536x864.jpg 1536w, https:\/\/blog.myvideomedia.com\/wp-content\/uploads\/2023\/12\/Saarburg-_PXL_20231216_164549552.MP_.jpg 1920w\" sizes=\"auto, (max-width: 1260px) 100vw, 1260px\" \/><\/figure>\n\n\n\n<p><br>Die St\u00e4nde rund um den Wasserfall bieten allerlei weihnachtliche Artikel. Selbstverst\u00e4ndlich ist auch f\u00fcr das leibliche Wohl ist gesorgt.<\/p>\n\n\n\n<figure class=\"wp-block-image size-large\"><img loading=\"lazy\" decoding=\"async\" width=\"1260\" height=\"709\" src=\"https:\/\/blog.myvideomedia.com\/wp-content\/uploads\/2023\/12\/Saarburg-_PXL_20231216_164949636.MP_-1260x709.jpg\" alt=\"\" class=\"wp-image-27770\" srcset=\"https:\/\/blog.myvideomedia.com\/wp-content\/uploads\/2023\/12\/Saarburg-_PXL_20231216_164949636.MP_-1260x709.jpg 1260w, https:\/\/blog.myvideomedia.com\/wp-content\/uploads\/2023\/12\/Saarburg-_PXL_20231216_164949636.MP_-600x338.jpg 600w, https:\/\/blog.myvideomedia.com\/wp-content\/uploads\/2023\/12\/Saarburg-_PXL_20231216_164949636.MP_-768x432.jpg 768w, https:\/\/blog.myvideomedia.com\/wp-content\/uploads\/2023\/12\/Saarburg-_PXL_20231216_164949636.MP_-1536x864.jpg 1536w, https:\/\/blog.myvideomedia.com\/wp-content\/uploads\/2023\/12\/Saarburg-_PXL_20231216_164949636.MP_.jpg 1920w\" sizes=\"auto, (max-width: 1260px) 100vw, 1260px\" \/><\/figure>\n\n\n\n<p>Wer neben einem Christkindlmarkt auch mal in die viktorianische Zeit abtauchen m\u00f6chte, sollte sich die Veranstaltung bereits f\u00fcr das n\u00e4chste Jahr vormerken.<\/p>\n\n\n\n<p>Weitere Fotos von unserem Besuch finden Sie <a href=\"https:\/\/www.myvideomedia.com\/de\/saarburg-viktorianischer-und-christkindlmarkt\/\" target=\"_blank\" rel=\"noreferrer noopener\">hier<\/a><\/p>\n\n\n","protected":false},"excerpt":{"rendered":"<p>Wir beenden unseren &#8222;Weihnachtsmarkt&#8220;-Zyklus 2023 am dritten Adventswochenende mit zwei Weihnachtsm\u00e4rkten in Saarburg, dem Viktorianischen Weihnachtsmarkt und dem Christkindlmarkt. Der Viktorianische Weihnachtsmarkt Jingle Bells findet in der ehemaligen Glockengie\u00dferei Mabilion, der KulturGie\u00dferei statt. Bereits im Sommer haben wir diese historische Handwerkst\u00e4tte besucht, doch dieses Mal pr\u00e4sentiert sie sich in einem v\u00f6llig anderen Gewand. Jingle Bells [&hellip;]<\/p>\n","protected":false},"author":1,"featured_media":27754,"comment_status":"open","ping_status":"closed","sticky":false,"template":"","format":"standard","meta":{"_genesis_hide_title":false,"_genesis_hide_breadcrumbs":false,"_genesis_hide_singular_image":false,"_genesis_hide_footer_widgets":false,"_genesis_custom_body_class":"","_genesis_custom_post_class":"","_genesis_layout":"","footnotes":""},"categories":[501,1973],"tags":[],"class_list":{"0":"post-27752","1":"post","2":"type-post","3":"status-publish","4":"format-standard","5":"has-post-thumbnail","7":"category-deutschland","8":"category-weihnachtsmarkte","9":"entry"},"yoast_head":"<!-- This site is optimized with the Yoast SEO plugin v27.4 - https:\/\/yoast.com\/product\/yoast-seo-wordpress\/ -->\n<title>Saarburg - Viktorianischer und Christkindlmarkt - Deutschland - Reise Video Blog<\/title>\n<meta name=\"description\" content=\"Am dritten Adventswochenende besuchen wir die beiden Weihnachtsm\u00e4rkte in Saarburg, den Viktorianischen Weihnachtsmarkt und den Christkindlmarkt.\" \/>\n<meta name=\"robots\" content=\"index, follow, max-snippet:-1, max-image-preview:large, max-video-preview:-1\" \/>\n<link rel=\"canonical\" href=\"https:\/\/blog.myvideomedia.com\/de\/saarburg-viktorianischer-und-christkindlmarkt\/\" \/>\n<meta property=\"og:locale\" content=\"de_DE\" \/>\n<meta property=\"og:type\" content=\"article\" \/>\n<meta property=\"og:title\" content=\"Saarburg - Viktorianischer und Christkindlmarkt - Deutschland - Reise Video Blog\" \/>\n<meta property=\"og:description\" content=\"Am dritten Adventswochenende besuchen wir die beiden Weihnachtsm\u00e4rkte in Saarburg, den Viktorianischen Weihnachtsmarkt und den Christkindlmarkt.\" \/>\n<meta property=\"og:url\" content=\"https:\/\/blog.myvideomedia.com\/de\/saarburg-viktorianischer-und-christkindlmarkt\/\" \/>\n<meta property=\"og:site_name\" content=\"Reise Video Blog\" \/>\n<meta property=\"article:publisher\" content=\"https:\/\/www.facebook.com\/ursula.streit.520\" \/>\n<meta property=\"article:author\" content=\"https:\/\/www.facebook.com\/ursula.streit.520\" \/>\n<meta property=\"article:published_time\" content=\"2023-12-20T11:17:57+00:00\" \/>\n<meta property=\"article:modified_time\" content=\"2023-12-20T11:19:26+00:00\" \/>\n<meta property=\"og:image\" content=\"https:\/\/blog.myvideomedia.com\/wp-content\/uploads\/2023\/12\/Saarburg-_PXL_20231216_160103519.NIGHT_.jpg\" \/>\n\t<meta property=\"og:image:width\" content=\"1920\" \/>\n\t<meta property=\"og:image:height\" content=\"1080\" \/>\n\t<meta property=\"og:image:type\" content=\"image\/jpeg\" \/>\n<meta name=\"author\" content=\"myVideoMedia\" \/>\n<meta name=\"twitter:card\" content=\"summary_large_image\" \/>\n<meta name=\"twitter:creator\" content=\"@myvideomedia\" \/>\n<meta name=\"twitter:site\" content=\"@myvideomedia\" \/>\n<meta name=\"twitter:label1\" content=\"Verfasst von\" \/>\n\t<meta name=\"twitter:data1\" content=\"myVideoMedia\" \/>\n\t<meta name=\"twitter:label2\" content=\"Gesch\u00e4tzte Lesezeit\" \/>\n\t<meta name=\"twitter:data2\" content=\"4\u00a0Minuten\" \/>\n<script type=\"application\/ld+json\" class=\"yoast-schema-graph\">{\"@context\":\"https:\\\/\\\/schema.org\",\"@graph\":[{\"@type\":\"Article\",\"@id\":\"https:\\\/\\\/blog.myvideomedia.com\\\/de\\\/saarburg-viktorianischer-und-christkindlmarkt\\\/#article\",\"isPartOf\":{\"@id\":\"https:\\\/\\\/blog.myvideomedia.com\\\/de\\\/saarburg-viktorianischer-und-christkindlmarkt\\\/\"},\"author\":{\"name\":\"myVideoMedia\",\"@id\":\"https:\\\/\\\/blog.myvideomedia.com\\\/de\\\/#\\\/schema\\\/person\\\/87be8fbbed69b1562242448c1c3dcbec\"},\"headline\":\"Saarburg &#8211; Viktorianischer und Christkindlmarkt\",\"datePublished\":\"2023-12-20T11:17:57+00:00\",\"dateModified\":\"2023-12-20T11:19:26+00:00\",\"mainEntityOfPage\":{\"@id\":\"https:\\\/\\\/blog.myvideomedia.com\\\/de\\\/saarburg-viktorianischer-und-christkindlmarkt\\\/\"},\"wordCount\":344,\"commentCount\":0,\"publisher\":{\"@id\":\"https:\\\/\\\/blog.myvideomedia.com\\\/de\\\/#\\\/schema\\\/person\\\/87be8fbbed69b1562242448c1c3dcbec\"},\"image\":{\"@id\":\"https:\\\/\\\/blog.myvideomedia.com\\\/de\\\/saarburg-viktorianischer-und-christkindlmarkt\\\/#primaryimage\"},\"thumbnailUrl\":\"https:\\\/\\\/blog.myvideomedia.com\\\/wp-content\\\/uploads\\\/2023\\\/12\\\/Saarburg-_PXL_20231216_160103519.NIGHT_.jpg\",\"articleSection\":[\"Deutschland\",\"Weihnachtsm\u00e4rkte\"],\"inLanguage\":\"de\",\"potentialAction\":[{\"@type\":\"CommentAction\",\"name\":\"Comment\",\"target\":[\"https:\\\/\\\/blog.myvideomedia.com\\\/de\\\/saarburg-viktorianischer-und-christkindlmarkt\\\/#respond\"]}]},{\"@type\":\"WebPage\",\"@id\":\"https:\\\/\\\/blog.myvideomedia.com\\\/de\\\/saarburg-viktorianischer-und-christkindlmarkt\\\/\",\"url\":\"https:\\\/\\\/blog.myvideomedia.com\\\/de\\\/saarburg-viktorianischer-und-christkindlmarkt\\\/\",\"name\":\"Saarburg - Viktorianischer und Christkindlmarkt - Deutschland - Reise Video Blog\",\"isPartOf\":{\"@id\":\"https:\\\/\\\/blog.myvideomedia.com\\\/de\\\/#website\"},\"primaryImageOfPage\":{\"@id\":\"https:\\\/\\\/blog.myvideomedia.com\\\/de\\\/saarburg-viktorianischer-und-christkindlmarkt\\\/#primaryimage\"},\"image\":{\"@id\":\"https:\\\/\\\/blog.myvideomedia.com\\\/de\\\/saarburg-viktorianischer-und-christkindlmarkt\\\/#primaryimage\"},\"thumbnailUrl\":\"https:\\\/\\\/blog.myvideomedia.com\\\/wp-content\\\/uploads\\\/2023\\\/12\\\/Saarburg-_PXL_20231216_160103519.NIGHT_.jpg\",\"datePublished\":\"2023-12-20T11:17:57+00:00\",\"dateModified\":\"2023-12-20T11:19:26+00:00\",\"description\":\"Am dritten Adventswochenende besuchen wir die beiden Weihnachtsm\u00e4rkte in Saarburg, den Viktorianischen Weihnachtsmarkt und den Christkindlmarkt.\",\"breadcrumb\":{\"@id\":\"https:\\\/\\\/blog.myvideomedia.com\\\/de\\\/saarburg-viktorianischer-und-christkindlmarkt\\\/#breadcrumb\"},\"inLanguage\":\"de\",\"potentialAction\":[{\"@type\":\"ReadAction\",\"target\":[\"https:\\\/\\\/blog.myvideomedia.com\\\/de\\\/saarburg-viktorianischer-und-christkindlmarkt\\\/\"]}]},{\"@type\":\"ImageObject\",\"inLanguage\":\"de\",\"@id\":\"https:\\\/\\\/blog.myvideomedia.com\\\/de\\\/saarburg-viktorianischer-und-christkindlmarkt\\\/#primaryimage\",\"url\":\"https:\\\/\\\/blog.myvideomedia.com\\\/wp-content\\\/uploads\\\/2023\\\/12\\\/Saarburg-_PXL_20231216_160103519.NIGHT_.jpg\",\"contentUrl\":\"https:\\\/\\\/blog.myvideomedia.com\\\/wp-content\\\/uploads\\\/2023\\\/12\\\/Saarburg-_PXL_20231216_160103519.NIGHT_.jpg\",\"width\":1920,\"height\":1080,\"caption\":\"Saarburg - Victorian and Christmas market\"},{\"@type\":\"BreadcrumbList\",\"@id\":\"https:\\\/\\\/blog.myvideomedia.com\\\/de\\\/saarburg-viktorianischer-und-christkindlmarkt\\\/#breadcrumb\",\"itemListElement\":[{\"@type\":\"ListItem\",\"position\":1,\"name\":\"Home\",\"item\":\"https:\\\/\\\/blog.myvideomedia.com\\\/de\\\/\"},{\"@type\":\"ListItem\",\"position\":2,\"name\":\"Saarburg &#8211; Viktorianischer und Christkindlmarkt\"}]},{\"@type\":\"WebSite\",\"@id\":\"https:\\\/\\\/blog.myvideomedia.com\\\/de\\\/#website\",\"url\":\"https:\\\/\\\/blog.myvideomedia.com\\\/de\\\/\",\"name\":\"Travel Video Blog\",\"description\":\"myVideoMedia Reisetipps und Reisevideos\",\"publisher\":{\"@id\":\"https:\\\/\\\/blog.myvideomedia.com\\\/de\\\/#\\\/schema\\\/person\\\/87be8fbbed69b1562242448c1c3dcbec\"},\"potentialAction\":[{\"@type\":\"SearchAction\",\"target\":{\"@type\":\"EntryPoint\",\"urlTemplate\":\"https:\\\/\\\/blog.myvideomedia.com\\\/de\\\/?s={search_term_string}\"},\"query-input\":{\"@type\":\"PropertyValueSpecification\",\"valueRequired\":true,\"valueName\":\"search_term_string\"}}],\"inLanguage\":\"de\"},{\"@type\":[\"Person\",\"Organization\"],\"@id\":\"https:\\\/\\\/blog.myvideomedia.com\\\/de\\\/#\\\/schema\\\/person\\\/87be8fbbed69b1562242448c1c3dcbec\",\"name\":\"myVideoMedia\",\"image\":{\"@type\":\"ImageObject\",\"inLanguage\":\"de\",\"@id\":\"https:\\\/\\\/secure.gravatar.com\\\/avatar\\\/460720160715ef8975b781abd1b6985e55ce2f01567bb6757bebd73e7cf74c97?s=96&d=mm&r=g\",\"url\":\"https:\\\/\\\/secure.gravatar.com\\\/avatar\\\/460720160715ef8975b781abd1b6985e55ce2f01567bb6757bebd73e7cf74c97?s=96&d=mm&r=g\",\"contentUrl\":\"https:\\\/\\\/secure.gravatar.com\\\/avatar\\\/460720160715ef8975b781abd1b6985e55ce2f01567bb6757bebd73e7cf74c97?s=96&d=mm&r=g\",\"caption\":\"myVideoMedia\"},\"logo\":{\"@id\":\"https:\\\/\\\/secure.gravatar.com\\\/avatar\\\/460720160715ef8975b781abd1b6985e55ce2f01567bb6757bebd73e7cf74c97?s=96&d=mm&r=g\"},\"description\":\"\\\"The World is a book, and those who do not travel read only a page\\\" - Aurelius Augustinus (354 - 430 AD) Travel is our passion. With our posts and videos we like to inspire people who are planning or preparing for holidays as well as people who simply want to escape from everyday life and dream of faraway countries.\",\"sameAs\":[\"https:\\\/\\\/www.myvideomedia.com\",\"https:\\\/\\\/www.facebook.com\\\/ursula.streit.520\"],\"url\":\"https:\\\/\\\/blog.myvideomedia.com\\\/de\\\/author\\\/traveladm\\\/\"}]}<\/script>\n<!-- \/ Yoast SEO plugin. -->","yoast_head_json":{"title":"Saarburg - Viktorianischer und Christkindlmarkt - Deutschland - Reise Video Blog","description":"Am dritten Adventswochenende besuchen wir die beiden Weihnachtsm\u00e4rkte in Saarburg, den Viktorianischen Weihnachtsmarkt und den Christkindlmarkt.","robots":{"index":"index","follow":"follow","max-snippet":"max-snippet:-1","max-image-preview":"max-image-preview:large","max-video-preview":"max-video-preview:-1"},"canonical":"https:\/\/blog.myvideomedia.com\/de\/saarburg-viktorianischer-und-christkindlmarkt\/","og_locale":"de_DE","og_type":"article","og_title":"Saarburg - Viktorianischer und Christkindlmarkt - Deutschland - Reise Video Blog","og_description":"Am dritten Adventswochenende besuchen wir die beiden Weihnachtsm\u00e4rkte in Saarburg, den Viktorianischen Weihnachtsmarkt und den Christkindlmarkt.","og_url":"https:\/\/blog.myvideomedia.com\/de\/saarburg-viktorianischer-und-christkindlmarkt\/","og_site_name":"Reise Video Blog","article_publisher":"https:\/\/www.facebook.com\/ursula.streit.520","article_author":"https:\/\/www.facebook.com\/ursula.streit.520","article_published_time":"2023-12-20T11:17:57+00:00","article_modified_time":"2023-12-20T11:19:26+00:00","og_image":[{"width":1920,"height":1080,"url":"https:\/\/blog.myvideomedia.com\/wp-content\/uploads\/2023\/12\/Saarburg-_PXL_20231216_160103519.NIGHT_.jpg","type":"image\/jpeg"}],"author":"myVideoMedia","twitter_card":"summary_large_image","twitter_creator":"@myvideomedia","twitter_site":"@myvideomedia","twitter_misc":{"Verfasst von":"myVideoMedia","Gesch\u00e4tzte Lesezeit":"4\u00a0Minuten"},"schema":{"@context":"https:\/\/schema.org","@graph":[{"@type":"Article","@id":"https:\/\/blog.myvideomedia.com\/de\/saarburg-viktorianischer-und-christkindlmarkt\/#article","isPartOf":{"@id":"https:\/\/blog.myvideomedia.com\/de\/saarburg-viktorianischer-und-christkindlmarkt\/"},"author":{"name":"myVideoMedia","@id":"https:\/\/blog.myvideomedia.com\/de\/#\/schema\/person\/87be8fbbed69b1562242448c1c3dcbec"},"headline":"Saarburg &#8211; Viktorianischer und Christkindlmarkt","datePublished":"2023-12-20T11:17:57+00:00","dateModified":"2023-12-20T11:19:26+00:00","mainEntityOfPage":{"@id":"https:\/\/blog.myvideomedia.com\/de\/saarburg-viktorianischer-und-christkindlmarkt\/"},"wordCount":344,"commentCount":0,"publisher":{"@id":"https:\/\/blog.myvideomedia.com\/de\/#\/schema\/person\/87be8fbbed69b1562242448c1c3dcbec"},"image":{"@id":"https:\/\/blog.myvideomedia.com\/de\/saarburg-viktorianischer-und-christkindlmarkt\/#primaryimage"},"thumbnailUrl":"https:\/\/blog.myvideomedia.com\/wp-content\/uploads\/2023\/12\/Saarburg-_PXL_20231216_160103519.NIGHT_.jpg","articleSection":["Deutschland","Weihnachtsm\u00e4rkte"],"inLanguage":"de","potentialAction":[{"@type":"CommentAction","name":"Comment","target":["https:\/\/blog.myvideomedia.com\/de\/saarburg-viktorianischer-und-christkindlmarkt\/#respond"]}]},{"@type":"WebPage","@id":"https:\/\/blog.myvideomedia.com\/de\/saarburg-viktorianischer-und-christkindlmarkt\/","url":"https:\/\/blog.myvideomedia.com\/de\/saarburg-viktorianischer-und-christkindlmarkt\/","name":"Saarburg - Viktorianischer und Christkindlmarkt - Deutschland - Reise Video Blog","isPartOf":{"@id":"https:\/\/blog.myvideomedia.com\/de\/#website"},"primaryImageOfPage":{"@id":"https:\/\/blog.myvideomedia.com\/de\/saarburg-viktorianischer-und-christkindlmarkt\/#primaryimage"},"image":{"@id":"https:\/\/blog.myvideomedia.com\/de\/saarburg-viktorianischer-und-christkindlmarkt\/#primaryimage"},"thumbnailUrl":"https:\/\/blog.myvideomedia.com\/wp-content\/uploads\/2023\/12\/Saarburg-_PXL_20231216_160103519.NIGHT_.jpg","datePublished":"2023-12-20T11:17:57+00:00","dateModified":"2023-12-20T11:19:26+00:00","description":"Am dritten Adventswochenende besuchen wir die beiden Weihnachtsm\u00e4rkte in Saarburg, den Viktorianischen Weihnachtsmarkt und den Christkindlmarkt.","breadcrumb":{"@id":"https:\/\/blog.myvideomedia.com\/de\/saarburg-viktorianischer-und-christkindlmarkt\/#breadcrumb"},"inLanguage":"de","potentialAction":[{"@type":"ReadAction","target":["https:\/\/blog.myvideomedia.com\/de\/saarburg-viktorianischer-und-christkindlmarkt\/"]}]},{"@type":"ImageObject","inLanguage":"de","@id":"https:\/\/blog.myvideomedia.com\/de\/saarburg-viktorianischer-und-christkindlmarkt\/#primaryimage","url":"https:\/\/blog.myvideomedia.com\/wp-content\/uploads\/2023\/12\/Saarburg-_PXL_20231216_160103519.NIGHT_.jpg","contentUrl":"https:\/\/blog.myvideomedia.com\/wp-content\/uploads\/2023\/12\/Saarburg-_PXL_20231216_160103519.NIGHT_.jpg","width":1920,"height":1080,"caption":"Saarburg - Victorian and Christmas market"},{"@type":"BreadcrumbList","@id":"https:\/\/blog.myvideomedia.com\/de\/saarburg-viktorianischer-und-christkindlmarkt\/#breadcrumb","itemListElement":[{"@type":"ListItem","position":1,"name":"Home","item":"https:\/\/blog.myvideomedia.com\/de\/"},{"@type":"ListItem","position":2,"name":"Saarburg &#8211; Viktorianischer und Christkindlmarkt"}]},{"@type":"WebSite","@id":"https:\/\/blog.myvideomedia.com\/de\/#website","url":"https:\/\/blog.myvideomedia.com\/de\/","name":"Travel Video Blog","description":"myVideoMedia Reisetipps und Reisevideos","publisher":{"@id":"https:\/\/blog.myvideomedia.com\/de\/#\/schema\/person\/87be8fbbed69b1562242448c1c3dcbec"},"potentialAction":[{"@type":"SearchAction","target":{"@type":"EntryPoint","urlTemplate":"https:\/\/blog.myvideomedia.com\/de\/?s={search_term_string}"},"query-input":{"@type":"PropertyValueSpecification","valueRequired":true,"valueName":"search_term_string"}}],"inLanguage":"de"},{"@type":["Person","Organization"],"@id":"https:\/\/blog.myvideomedia.com\/de\/#\/schema\/person\/87be8fbbed69b1562242448c1c3dcbec","name":"myVideoMedia","image":{"@type":"ImageObject","inLanguage":"de","@id":"https:\/\/secure.gravatar.com\/avatar\/460720160715ef8975b781abd1b6985e55ce2f01567bb6757bebd73e7cf74c97?s=96&d=mm&r=g","url":"https:\/\/secure.gravatar.com\/avatar\/460720160715ef8975b781abd1b6985e55ce2f01567bb6757bebd73e7cf74c97?s=96&d=mm&r=g","contentUrl":"https:\/\/secure.gravatar.com\/avatar\/460720160715ef8975b781abd1b6985e55ce2f01567bb6757bebd73e7cf74c97?s=96&d=mm&r=g","caption":"myVideoMedia"},"logo":{"@id":"https:\/\/secure.gravatar.com\/avatar\/460720160715ef8975b781abd1b6985e55ce2f01567bb6757bebd73e7cf74c97?s=96&d=mm&r=g"},"description":"\"The World is a book, and those who do not travel read only a page\" - Aurelius Augustinus (354 - 430 AD) Travel is our passion. With our posts and videos we like to inspire people who are planning or preparing for holidays as well as people who simply want to escape from everyday life and dream of faraway countries.","sameAs":["https:\/\/www.myvideomedia.com","https:\/\/www.facebook.com\/ursula.streit.520"],"url":"https:\/\/blog.myvideomedia.com\/de\/author\/traveladm\/"}]}},"featured_image_src":"https:\/\/blog.myvideomedia.com\/wp-content\/uploads\/2023\/12\/Saarburg-_PXL_20231216_160103519.NIGHT_-600x400.jpg","featured_image_src_square":"https:\/\/blog.myvideomedia.com\/wp-content\/uploads\/2023\/12\/Saarburg-_PXL_20231216_160103519.NIGHT_-600x600.jpg","author_info":{"display_name":"myVideoMedia","author_link":"https:\/\/blog.myvideomedia.com\/de\/author\/traveladm\/"},"_links":{"self":[{"href":"https:\/\/blog.myvideomedia.com\/de\/wp-json\/wp\/v2\/posts\/27752","targetHints":{"allow":["GET"]}}],"collection":[{"href":"https:\/\/blog.myvideomedia.com\/de\/wp-json\/wp\/v2\/posts"}],"about":[{"href":"https:\/\/blog.myvideomedia.com\/de\/wp-json\/wp\/v2\/types\/post"}],"author":[{"embeddable":true,"href":"https:\/\/blog.myvideomedia.com\/de\/wp-json\/wp\/v2\/users\/1"}],"replies":[{"embeddable":true,"href":"https:\/\/blog.myvideomedia.com\/de\/wp-json\/wp\/v2\/comments?post=27752"}],"version-history":[{"count":0,"href":"https:\/\/blog.myvideomedia.com\/de\/wp-json\/wp\/v2\/posts\/27752\/revisions"}],"wp:featuredmedia":[{"embeddable":true,"href":"https:\/\/blog.myvideomedia.com\/de\/wp-json\/wp\/v2\/media\/27754"}],"wp:attachment":[{"href":"https:\/\/blog.myvideomedia.com\/de\/wp-json\/wp\/v2\/media?parent=27752"}],"wp:term":[{"taxonomy":"category","embeddable":true,"href":"https:\/\/blog.myvideomedia.com\/de\/wp-json\/wp\/v2\/categories?post=27752"},{"taxonomy":"post_tag","embeddable":true,"href":"https:\/\/blog.myvideomedia.com\/de\/wp-json\/wp\/v2\/tags?post=27752"}],"curies":[{"name":"wp","href":"https:\/\/api.w.org\/{rel}","templated":true}]}}