{"id":27783,"date":"2024-02-13T11:24:03","date_gmt":"2024-02-13T10:24:03","guid":{"rendered":"https:\/\/blog.myvideomedia.com\/?p=27783"},"modified":"2025-05-29T09:37:08","modified_gmt":"2025-05-29T08:37:08","slug":"luxemburg-nach-porto-und-hannahs-studios","status":"publish","type":"post","link":"https:\/\/blog.myvideomedia.com\/de\/luxemburg-nach-porto-und-hannahs-studios\/","title":{"rendered":"Flug von Luxemburg nach Porto und Hannah&#8217;s Studios"},"content":{"rendered":"\n<p>Nach einem stark verregneten Winter beschlie\u00dfen wir Anfang Februar die Stadt Porto in Portugal zu besuchen. Die Wetterprognosen erweisen sich als sehr g\u00fcnstig und wir hoffen auf eine fr\u00fchlingshafte Atmosph\u00e4re.<br><br>Der n\u00e4chstgelegene Flughafen von unserem zuhause aus ist Luxemburg. Bereits fr\u00fchmorgens starten wir mit dem Auto, da an diesem Tag der Nahverkehr bestreikt wird und wir mit einem h\u00f6heren Verkehrsaufkommen auf der Autobahn rechnen. Doch alles verl\u00e4uft gut und wir sind rechtzeitig vor dem Abflug am Flughafen.<\/p>\n\n\n\n<figure class=\"wp-block-image size-large\"><img loading=\"lazy\" decoding=\"async\" width=\"1260\" height=\"709\" src=\"https:\/\/blog.myvideomedia.com\/wp-content\/uploads\/2024\/02\/Flughafen-PXL_20240202_084622530.RAW-01.MP_.COVER_-1260x709.jpg\" alt=\"\" class=\"wp-image-27785\" srcset=\"https:\/\/blog.myvideomedia.com\/wp-content\/uploads\/2024\/02\/Flughafen-PXL_20240202_084622530.RAW-01.MP_.COVER_-1260x709.jpg 1260w, https:\/\/blog.myvideomedia.com\/wp-content\/uploads\/2024\/02\/Flughafen-PXL_20240202_084622530.RAW-01.MP_.COVER_-600x338.jpg 600w, https:\/\/blog.myvideomedia.com\/wp-content\/uploads\/2024\/02\/Flughafen-PXL_20240202_084622530.RAW-01.MP_.COVER_-768x432.jpg 768w, https:\/\/blog.myvideomedia.com\/wp-content\/uploads\/2024\/02\/Flughafen-PXL_20240202_084622530.RAW-01.MP_.COVER_-1536x864.jpg 1536w, https:\/\/blog.myvideomedia.com\/wp-content\/uploads\/2024\/02\/Flughafen-PXL_20240202_084622530.RAW-01.MP_.COVER_.jpg 1920w\" sizes=\"auto, (max-width: 1260px) 100vw, 1260px\" \/><\/figure>\n\n\n\n<p><br><br>Das Wetter in Deutschland ist nach wie vor tr\u00fcbe, aber kurz vor Nantes in der Bretagne lichten sich die Wolken und wir bekommen eine gute Sicht. \u00dcber der Insel \u00cele de Noirmoutier verlassen wir Frankreich und erreichen bei Ribadeo und Figueras das spanische Festland.<br><br>Anschlie\u00dfend \u00fcberfliegen wir die Wasserkraftwerke und Staud\u00e4mme Central Hidr\u00e1ulica De Belesar und Embalse de los Peares am Rio Mi\u00f1o.<br><br>Vorbei an Ourense erreichen wir Lindoso, wo wir die Grenze zu Portugal \u00fcberfliegen. S\u00fcdlich von Arcos de Valdeve f\u00fchrt der Flug nach Viana do Castelo. Auffallend viele Windkraftwerke sind beim \u00dcberflug sowohl in Spanien als auch in Portugal zu erkennen.<\/p>\n\n\n\n<h3 class=\"wp-block-heading\"><a href=\"https:\/\/youtu.be\/cN3qS6xelkk\">Hier sehen Sie das 4K UHD Video<\/a><\/h3>\n\n\n\n<figure> <div class=\"brlbs-cmpnt-container brlbs-cmpnt-content-blocker brlbs-cmpnt-with-individual-styles\" data-borlabs-cookie-content-blocker-id=\"youtube-content-blocker\" data-borlabs-cookie-content=\"PGlmcmFtZSBzcmM9Imh0dHBzOi8vd3d3LnlvdXR1YmUtbm9jb29raWUuY29tL2VtYmVkL2NOM3FTNnhlbGtrIiB3aWR0aD0iNjAwIiBoZWlnaHQ9IjMzOCI+PC9pZnJhbWU+\"><div class=\"brlbs-cmpnt-cb-preset-c brlbs-cmpnt-cb-youtube\"> <div class=\"brlbs-cmpnt-cb-thumbnail\" style=\"background-image: url('https:\/\/blog.myvideomedia.com\/wp-content\/uploads\/borlabs-cookie\/1\/yt_cN3qS6xelkk_hqdefault.jpg')\"><\/div> <div class=\"brlbs-cmpnt-cb-main\"> <div class=\"brlbs-cmpnt-cb-play-button\"><\/div> <div class=\"brlbs-cmpnt-cb-content\"> <p class=\"brlbs-cmpnt-cb-description\">Sie sehen gerade einen Platzhalterinhalt von <strong>YouTube<\/strong>. Um auf den eigentlichen Inhalt zuzugreifen, klicken Sie auf die Schaltfl\u00e4che unten. Bitte beachten Sie, dass dabei Daten an Drittanbieter weitergegeben werden.<\/p> <a class=\"brlbs-cmpnt-cb-provider-toggle\" href=\"#\" data-borlabs-cookie-show-provider-information role=\"button\">Mehr Informationen<\/a> <\/div> <div class=\"brlbs-cmpnt-cb-buttons\"> <a class=\"brlbs-cmpnt-cb-btn\" href=\"#\" data-borlabs-cookie-unblock role=\"button\">Inhalt entsperren<\/a> <a class=\"brlbs-cmpnt-cb-btn\" href=\"#\" data-borlabs-cookie-accept-service role=\"button\" style=\"display: inherit\">Erforderlichen Service akzeptieren und Inhalte entsperren<\/a> <\/div> <\/div> <\/div><\/div><\/figure>\n\n\n\n<p><br>Der Eindruck, dass intensiv in gr\u00fcne Energien investiert wird verst\u00e4rkte sich sp\u00e4ter bei einer Zugfahrt entlang des Douro, wo wir mindesten f\u00fcnf Stromtrassen vom Norden in den S\u00fcden Portugals erkennen konnten.<\/p>\n\n\n\n<figure class=\"wp-block-image size-large\"><img loading=\"lazy\" decoding=\"async\" width=\"1260\" height=\"709\" src=\"https:\/\/blog.myvideomedia.com\/wp-content\/uploads\/2024\/02\/Vila-do-Conde-1260x709.jpg\" alt=\"\" class=\"wp-image-27797\" srcset=\"https:\/\/blog.myvideomedia.com\/wp-content\/uploads\/2024\/02\/Vila-do-Conde-1260x709.jpg 1260w, https:\/\/blog.myvideomedia.com\/wp-content\/uploads\/2024\/02\/Vila-do-Conde-600x338.jpg 600w, https:\/\/blog.myvideomedia.com\/wp-content\/uploads\/2024\/02\/Vila-do-Conde-768x432.jpg 768w, https:\/\/blog.myvideomedia.com\/wp-content\/uploads\/2024\/02\/Vila-do-Conde-1536x864.jpg 1536w, https:\/\/blog.myvideomedia.com\/wp-content\/uploads\/2024\/02\/Vila-do-Conde.jpg 1920w\" sizes=\"auto, (max-width: 1260px) 100vw, 1260px\" \/><\/figure>\n\n\n\n<p><br>Doch nun f\u00fchrt der Flug entlang der herrlichen K\u00fcste von der M\u00fcndung des Rio Lima \u00fcber Amorosa, Marinhas, Eposende, F\u00e3o nach P\u00f3voa de Varzim. Von hier bis Vila do Conde sind auch aus dem Flugzeug die r\u00f6mischen Viadukte gut erkennbar. Danach geht es direkt zum Porto Aeroporte.<\/p>\n\n\n\n<figure class=\"wp-block-image size-large\"><img loading=\"lazy\" decoding=\"async\" width=\"1260\" height=\"709\" src=\"https:\/\/blog.myvideomedia.com\/wp-content\/uploads\/2024\/02\/Flughafen_PXL_20240202_121240288.RAW-01.MP_.COVER_-1260x709.jpg\" alt=\"\" class=\"wp-image-27787\" srcset=\"https:\/\/blog.myvideomedia.com\/wp-content\/uploads\/2024\/02\/Flughafen_PXL_20240202_121240288.RAW-01.MP_.COVER_-1260x709.jpg 1260w, https:\/\/blog.myvideomedia.com\/wp-content\/uploads\/2024\/02\/Flughafen_PXL_20240202_121240288.RAW-01.MP_.COVER_-600x338.jpg 600w, https:\/\/blog.myvideomedia.com\/wp-content\/uploads\/2024\/02\/Flughafen_PXL_20240202_121240288.RAW-01.MP_.COVER_-768x432.jpg 768w, https:\/\/blog.myvideomedia.com\/wp-content\/uploads\/2024\/02\/Flughafen_PXL_20240202_121240288.RAW-01.MP_.COVER_-1536x864.jpg 1536w, https:\/\/blog.myvideomedia.com\/wp-content\/uploads\/2024\/02\/Flughafen_PXL_20240202_121240288.RAW-01.MP_.COVER_.jpg 1920w\" sizes=\"auto, (max-width: 1260px) 100vw, 1260px\" \/><\/figure>\n\n\n\n<p><br><br>Mit der Metro erreichen wir nach dem Umsteigen bei der Station Trinidad die Station Porto S\u00e3o Bento nach ca. 40 Minuten vom Flughafen.<\/p>\n\n\n\n<figure class=\"wp-block-image size-large\"><img loading=\"lazy\" decoding=\"async\" width=\"1260\" height=\"709\" src=\"https:\/\/blog.myvideomedia.com\/wp-content\/uploads\/2024\/02\/sao_Bento_UG_3317-1260x709.jpg\" alt=\"\" class=\"wp-image-27789\" srcset=\"https:\/\/blog.myvideomedia.com\/wp-content\/uploads\/2024\/02\/sao_Bento_UG_3317-1260x709.jpg 1260w, https:\/\/blog.myvideomedia.com\/wp-content\/uploads\/2024\/02\/sao_Bento_UG_3317-600x338.jpg 600w, https:\/\/blog.myvideomedia.com\/wp-content\/uploads\/2024\/02\/sao_Bento_UG_3317-768x432.jpg 768w, https:\/\/blog.myvideomedia.com\/wp-content\/uploads\/2024\/02\/sao_Bento_UG_3317-1536x864.jpg 1536w, https:\/\/blog.myvideomedia.com\/wp-content\/uploads\/2024\/02\/sao_Bento_UG_3317.jpg 1920w\" sizes=\"auto, (max-width: 1260px) 100vw, 1260px\" \/><\/figure>\n\n\n\n<p><br>Die letzten 3 Minuten gehen wir zu Fu\u00df zu unserem Quartier Hannah&#8217;s Studios.<br><br><a href=\"https:\/\/hannahs-studios.allportohotels.com\/de\/\" target=\"_blank\" rel=\"noreferrer noopener nofollow\">Hannah&#8217;s Studios<\/a> stellt sich f\u00fcr uns als wahrer Gl\u00fccksgriff heraus. Unsere Unterkunft befindet sich direkt neben dem Zentrum der Altstadt von Porto, unmittelbar neben der Metrostation und dem Bahnhof S\u00e3o Bento. Von hier aus l\u00e4sst sich die Stadt wunderbar zu Fu\u00df erkunden.<\/p>\n\n\n\n<figure class=\"wp-block-image size-large\"><img loading=\"lazy\" decoding=\"async\" width=\"1260\" height=\"709\" src=\"https:\/\/blog.myvideomedia.com\/wp-content\/uploads\/2024\/02\/Hannahs-Studio-PXL_20240202_134638185.RAW-01.MP_.COVER_-1260x709.jpg\" alt=\"\" class=\"wp-image-27791\" srcset=\"https:\/\/blog.myvideomedia.com\/wp-content\/uploads\/2024\/02\/Hannahs-Studio-PXL_20240202_134638185.RAW-01.MP_.COVER_-1260x709.jpg 1260w, https:\/\/blog.myvideomedia.com\/wp-content\/uploads\/2024\/02\/Hannahs-Studio-PXL_20240202_134638185.RAW-01.MP_.COVER_-600x338.jpg 600w, https:\/\/blog.myvideomedia.com\/wp-content\/uploads\/2024\/02\/Hannahs-Studio-PXL_20240202_134638185.RAW-01.MP_.COVER_-768x432.jpg 768w, https:\/\/blog.myvideomedia.com\/wp-content\/uploads\/2024\/02\/Hannahs-Studio-PXL_20240202_134638185.RAW-01.MP_.COVER_-1536x864.jpg 1536w, https:\/\/blog.myvideomedia.com\/wp-content\/uploads\/2024\/02\/Hannahs-Studio-PXL_20240202_134638185.RAW-01.MP_.COVER_.jpg 1920w\" sizes=\"auto, (max-width: 1260px) 100vw, 1260px\" \/><\/figure>\n\n\n\n<p><br><br>Weiter entfernte Ziele sind mit der Metro oder dem Zug gut erreichbar. Hannahs Studio verf\u00fcgt \u00fcber eine Klimaanlage, eine kleine K\u00fcchenzeile und ein Badezimmer mit einer fantastischen Dusche. In unmittelbarer Umgebung gibt es zahlreiche Caf\u00e9s zum Fr\u00fchst\u00fccken und die Rua das Flores, Portos wichtigste Restaurant- und Einkaufsstra\u00dfe.<br><br>Am vorletzten Tag in Porto lernen wir die Eigent\u00fcmerin pers\u00f6nlich kennen, Frau Ana Maria Carvalho. ei einem Caf\u00e9 im Erdgeschoss treffen wir sie mit ihrer Schwester. Dabei erfahren wir ein wenig aus ihrem Leben und welch ein Multitalent sie ist.<br><\/p>\n\n\n\n<figure class=\"wp-block-image size-large\"><img loading=\"lazy\" decoding=\"async\" width=\"1260\" height=\"709\" src=\"https:\/\/blog.myvideomedia.com\/wp-content\/uploads\/2024\/02\/Hannahs-Studio-PXL_20240202_135051448.RAW-01.MP_.COVER_-1260x709.jpg\" alt=\"\" class=\"wp-image-27793\" srcset=\"https:\/\/blog.myvideomedia.com\/wp-content\/uploads\/2024\/02\/Hannahs-Studio-PXL_20240202_135051448.RAW-01.MP_.COVER_-1260x709.jpg 1260w, https:\/\/blog.myvideomedia.com\/wp-content\/uploads\/2024\/02\/Hannahs-Studio-PXL_20240202_135051448.RAW-01.MP_.COVER_-600x338.jpg 600w, https:\/\/blog.myvideomedia.com\/wp-content\/uploads\/2024\/02\/Hannahs-Studio-PXL_20240202_135051448.RAW-01.MP_.COVER_-768x432.jpg 768w, https:\/\/blog.myvideomedia.com\/wp-content\/uploads\/2024\/02\/Hannahs-Studio-PXL_20240202_135051448.RAW-01.MP_.COVER_-1536x864.jpg 1536w, https:\/\/blog.myvideomedia.com\/wp-content\/uploads\/2024\/02\/Hannahs-Studio-PXL_20240202_135051448.RAW-01.MP_.COVER_.jpg 1920w\" sizes=\"auto, (max-width: 1260px) 100vw, 1260px\" \/><\/figure>\n\n\n\n<p>Ana ist Heilpraktikerin und Hom\u00f6opathin und hat dieses Haus in Porto zusammen mit ihrem Mann gekauft und renoviert. Sie betriebt eine Dentalklinik und besitzt zusammen mit ihrem Mann zwei Restaurants in Argoncilhe. Ihr j\u00fcngerer Sohn ist ein chirurgischer Zahnarzt und der \u00e4lteste ein Naturheilkundler. Sie arbeiten beide auch im Restaurant mit. Ein echtes Familienunternehmen.<\/p>\n\n\n\n<p>Sie k\u00f6nnen aber auch einen entspannten Urlaub an der Algarve in Anas Apartment Vista Mar verbringen.<br><br>Auf Ana&#8217;s Wunschliste steht noch ein eigenes Hotel. Wir k\u00f6nnen uns vorstellen, dass auch dies ein Erfolg wird, denn Ana hat bereits Hannah&#8217;s Studios mit viel Liebe zum Detail gestaltet.<br><br>Hier finden Sie weitere Informationen und Links zu Ana Maria Carvalho :<br><strong>Argo Dental<\/strong><br>Clinic de Medicina Sentaria e Medicina Integrativa<br>Homeopata e Naturopata<br>Rua Professor Ferreira da Silva, 381<br>Argoncilhe<br><a href=\"http:\/\/www.argodental.pt\/\">www.argodental.pt<\/a><br><a href=\"http:\/\/www.anamariacarvalho.com\/\">www.anamariacarvalho.com<\/a><br><br><strong>Restaurante 1715<\/strong><br>Rua Professor Ferreira da Silva, 321<br>Argoncilhe<br><a href=\"http:\/\/www.restaurante1715.com.pt\/\">www.restaurante1715.com.pt<\/a><br><br><strong>Restaurante Rampinha<\/strong><br>Rua Vendas de Grijo, 334<br>Argoncilhe<br><a href=\"http:\/\/www.restauranterampinha.pt\/\">www.restauranterampinha.pt<\/a><\/p>\n","protected":false},"excerpt":{"rendered":"<p>Nach einem stark verregneten Winter beschlie\u00dfen wir Anfang Februar die Stadt Porto in Portugal zu besuchen. Die Wetterprognosen erweisen sich als sehr g\u00fcnstig und wir hoffen auf eine fr\u00fchlingshafte Atmosph\u00e4re. Der n\u00e4chstgelegene Flughafen von unserem zuhause aus ist Luxemburg. Bereits fr\u00fchmorgens starten wir mit dem Auto, da an diesem Tag der Nahverkehr bestreikt wird und [&hellip;]<\/p>\n","protected":false},"author":1,"featured_media":27796,"comment_status":"closed","ping_status":"closed","sticky":false,"template":"","format":"standard","meta":{"_genesis_hide_title":false,"_genesis_hide_breadcrumbs":false,"_genesis_hide_singular_image":false,"_genesis_hide_footer_widgets":false,"_genesis_custom_body_class":"","_genesis_custom_post_class":"","_genesis_layout":"","footnotes":""},"categories":[1550,525],"tags":[457,1467],"class_list":{"0":"post-27783","1":"post","2":"type-post","3":"status-publish","4":"format-standard","5":"has-post-thumbnail","7":"category-europa","8":"category-portugal_d","9":"tag-flug","10":"tag-hotel-de-2","11":"entry"},"yoast_head":"<!-- This site is optimized with the Yoast SEO plugin v27.4 - https:\/\/yoast.com\/product\/yoast-seo-wordpress\/ -->\n<title>Flug von Luxemburg nach Porto und Hannah&#039;s Studios - Reise Video Blog<\/title>\n<meta name=\"description\" content=\"Nach einem stark verregneten Winter beschlie\u00dfen wir Anfang Februar die Stadt Porto in Portugal zu besuchen. Lesen Sie mehr und sehen Sie das Video..\" \/>\n<meta name=\"robots\" content=\"index, follow, max-snippet:-1, max-image-preview:large, max-video-preview:-1\" \/>\n<link rel=\"canonical\" href=\"https:\/\/blog.myvideomedia.com\/de\/luxemburg-nach-porto-und-hannahs-studios\/\" \/>\n<meta property=\"og:locale\" content=\"de_DE\" \/>\n<meta property=\"og:type\" content=\"article\" \/>\n<meta property=\"og:title\" content=\"Flug von Luxemburg nach Porto und Hannah&#039;s Studios - Reise Video Blog\" \/>\n<meta property=\"og:description\" content=\"Nach einem stark verregneten Winter beschlie\u00dfen wir Anfang Februar die Stadt Porto in Portugal zu besuchen. Lesen Sie mehr und sehen Sie das Video..\" \/>\n<meta property=\"og:url\" content=\"https:\/\/blog.myvideomedia.com\/de\/luxemburg-nach-porto-und-hannahs-studios\/\" \/>\n<meta property=\"og:site_name\" content=\"Reise Video Blog\" \/>\n<meta property=\"article:publisher\" content=\"https:\/\/www.facebook.com\/ursula.streit.520\" \/>\n<meta property=\"article:author\" content=\"https:\/\/www.facebook.com\/ursula.streit.520\" \/>\n<meta property=\"article:published_time\" content=\"2024-02-13T10:24:03+00:00\" \/>\n<meta property=\"article:modified_time\" content=\"2025-05-29T08:37:08+00:00\" \/>\n<meta property=\"og:image\" content=\"https:\/\/blog.myvideomedia.com\/wp-content\/uploads\/2024\/02\/Viana-do-Castelo.jpg\" \/>\n\t<meta property=\"og:image:width\" content=\"1920\" \/>\n\t<meta property=\"og:image:height\" content=\"1080\" \/>\n\t<meta property=\"og:image:type\" content=\"image\/jpeg\" \/>\n<meta name=\"author\" content=\"myVideoMedia\" \/>\n<meta name=\"twitter:card\" content=\"summary_large_image\" \/>\n<meta name=\"twitter:creator\" content=\"@myvideomedia\" \/>\n<meta name=\"twitter:site\" content=\"@myvideomedia\" \/>\n<meta name=\"twitter:label1\" content=\"Verfasst von\" \/>\n\t<meta name=\"twitter:data1\" content=\"myVideoMedia\" \/>\n\t<meta name=\"twitter:label2\" content=\"Gesch\u00e4tzte Lesezeit\" \/>\n\t<meta name=\"twitter:data2\" content=\"4\u00a0Minuten\" \/>\n<script type=\"application\/ld+json\" class=\"yoast-schema-graph\">{\"@context\":\"https:\\\/\\\/schema.org\",\"@graph\":[{\"@type\":\"Article\",\"@id\":\"https:\\\/\\\/blog.myvideomedia.com\\\/de\\\/luxemburg-nach-porto-und-hannahs-studios\\\/#article\",\"isPartOf\":{\"@id\":\"https:\\\/\\\/blog.myvideomedia.com\\\/de\\\/luxemburg-nach-porto-und-hannahs-studios\\\/\"},\"author\":{\"name\":\"myVideoMedia\",\"@id\":\"https:\\\/\\\/blog.myvideomedia.com\\\/de\\\/#\\\/schema\\\/person\\\/87be8fbbed69b1562242448c1c3dcbec\"},\"headline\":\"Flug von Luxemburg nach Porto und Hannah&#8217;s Studios\",\"datePublished\":\"2024-02-13T10:24:03+00:00\",\"dateModified\":\"2025-05-29T08:37:08+00:00\",\"mainEntityOfPage\":{\"@id\":\"https:\\\/\\\/blog.myvideomedia.com\\\/de\\\/luxemburg-nach-porto-und-hannahs-studios\\\/\"},\"wordCount\":638,\"publisher\":{\"@id\":\"https:\\\/\\\/blog.myvideomedia.com\\\/de\\\/#\\\/schema\\\/person\\\/87be8fbbed69b1562242448c1c3dcbec\"},\"image\":{\"@id\":\"https:\\\/\\\/blog.myvideomedia.com\\\/de\\\/luxemburg-nach-porto-und-hannahs-studios\\\/#primaryimage\"},\"thumbnailUrl\":\"https:\\\/\\\/blog.myvideomedia.com\\\/wp-content\\\/uploads\\\/2024\\\/02\\\/Viana-do-Castelo.jpg\",\"keywords\":[\"Flug\",\"Hotel\"],\"articleSection\":[\"Europa\",\"Portugal\"],\"inLanguage\":\"de\"},{\"@type\":\"WebPage\",\"@id\":\"https:\\\/\\\/blog.myvideomedia.com\\\/de\\\/luxemburg-nach-porto-und-hannahs-studios\\\/\",\"url\":\"https:\\\/\\\/blog.myvideomedia.com\\\/de\\\/luxemburg-nach-porto-und-hannahs-studios\\\/\",\"name\":\"Flug von Luxemburg nach Porto und Hannah's Studios - Reise Video Blog\",\"isPartOf\":{\"@id\":\"https:\\\/\\\/blog.myvideomedia.com\\\/de\\\/#website\"},\"primaryImageOfPage\":{\"@id\":\"https:\\\/\\\/blog.myvideomedia.com\\\/de\\\/luxemburg-nach-porto-und-hannahs-studios\\\/#primaryimage\"},\"image\":{\"@id\":\"https:\\\/\\\/blog.myvideomedia.com\\\/de\\\/luxemburg-nach-porto-und-hannahs-studios\\\/#primaryimage\"},\"thumbnailUrl\":\"https:\\\/\\\/blog.myvideomedia.com\\\/wp-content\\\/uploads\\\/2024\\\/02\\\/Viana-do-Castelo.jpg\",\"datePublished\":\"2024-02-13T10:24:03+00:00\",\"dateModified\":\"2025-05-29T08:37:08+00:00\",\"description\":\"Nach einem stark verregneten Winter beschlie\u00dfen wir Anfang Februar die Stadt Porto in Portugal zu besuchen. Lesen Sie mehr und sehen Sie das Video..\",\"breadcrumb\":{\"@id\":\"https:\\\/\\\/blog.myvideomedia.com\\\/de\\\/luxemburg-nach-porto-und-hannahs-studios\\\/#breadcrumb\"},\"inLanguage\":\"de\",\"potentialAction\":[{\"@type\":\"ReadAction\",\"target\":[\"https:\\\/\\\/blog.myvideomedia.com\\\/de\\\/luxemburg-nach-porto-und-hannahs-studios\\\/\"]}]},{\"@type\":\"ImageObject\",\"inLanguage\":\"de\",\"@id\":\"https:\\\/\\\/blog.myvideomedia.com\\\/de\\\/luxemburg-nach-porto-und-hannahs-studios\\\/#primaryimage\",\"url\":\"https:\\\/\\\/blog.myvideomedia.com\\\/wp-content\\\/uploads\\\/2024\\\/02\\\/Viana-do-Castelo.jpg\",\"contentUrl\":\"https:\\\/\\\/blog.myvideomedia.com\\\/wp-content\\\/uploads\\\/2024\\\/02\\\/Viana-do-Castelo.jpg\",\"width\":1920,\"height\":1080,\"caption\":\"Flight to Porto\"},{\"@type\":\"BreadcrumbList\",\"@id\":\"https:\\\/\\\/blog.myvideomedia.com\\\/de\\\/luxemburg-nach-porto-und-hannahs-studios\\\/#breadcrumb\",\"itemListElement\":[{\"@type\":\"ListItem\",\"position\":1,\"name\":\"Home\",\"item\":\"https:\\\/\\\/blog.myvideomedia.com\\\/de\\\/\"},{\"@type\":\"ListItem\",\"position\":2,\"name\":\"Flug von Luxemburg nach Porto und Hannah&#8217;s Studios\"}]},{\"@type\":\"WebSite\",\"@id\":\"https:\\\/\\\/blog.myvideomedia.com\\\/de\\\/#website\",\"url\":\"https:\\\/\\\/blog.myvideomedia.com\\\/de\\\/\",\"name\":\"Travel Video Blog\",\"description\":\"myVideoMedia Reisetipps und Reisevideos\",\"publisher\":{\"@id\":\"https:\\\/\\\/blog.myvideomedia.com\\\/de\\\/#\\\/schema\\\/person\\\/87be8fbbed69b1562242448c1c3dcbec\"},\"potentialAction\":[{\"@type\":\"SearchAction\",\"target\":{\"@type\":\"EntryPoint\",\"urlTemplate\":\"https:\\\/\\\/blog.myvideomedia.com\\\/de\\\/?s={search_term_string}\"},\"query-input\":{\"@type\":\"PropertyValueSpecification\",\"valueRequired\":true,\"valueName\":\"search_term_string\"}}],\"inLanguage\":\"de\"},{\"@type\":[\"Person\",\"Organization\"],\"@id\":\"https:\\\/\\\/blog.myvideomedia.com\\\/de\\\/#\\\/schema\\\/person\\\/87be8fbbed69b1562242448c1c3dcbec\",\"name\":\"myVideoMedia\",\"image\":{\"@type\":\"ImageObject\",\"inLanguage\":\"de\",\"@id\":\"https:\\\/\\\/secure.gravatar.com\\\/avatar\\\/460720160715ef8975b781abd1b6985e55ce2f01567bb6757bebd73e7cf74c97?s=96&d=mm&r=g\",\"url\":\"https:\\\/\\\/secure.gravatar.com\\\/avatar\\\/460720160715ef8975b781abd1b6985e55ce2f01567bb6757bebd73e7cf74c97?s=96&d=mm&r=g\",\"contentUrl\":\"https:\\\/\\\/secure.gravatar.com\\\/avatar\\\/460720160715ef8975b781abd1b6985e55ce2f01567bb6757bebd73e7cf74c97?s=96&d=mm&r=g\",\"caption\":\"myVideoMedia\"},\"logo\":{\"@id\":\"https:\\\/\\\/secure.gravatar.com\\\/avatar\\\/460720160715ef8975b781abd1b6985e55ce2f01567bb6757bebd73e7cf74c97?s=96&d=mm&r=g\"},\"description\":\"\\\"The World is a book, and those who do not travel read only a page\\\" - Aurelius Augustinus (354 - 430 AD) Travel is our passion. With our posts and videos we like to inspire people who are planning or preparing for holidays as well as people who simply want to escape from everyday life and dream of faraway countries.\",\"sameAs\":[\"https:\\\/\\\/www.myvideomedia.com\",\"https:\\\/\\\/www.facebook.com\\\/ursula.streit.520\"],\"url\":\"https:\\\/\\\/blog.myvideomedia.com\\\/de\\\/author\\\/traveladm\\\/\"}]}<\/script>\n<!-- \/ Yoast SEO plugin. -->","yoast_head_json":{"title":"Flug von Luxemburg nach Porto und Hannah's Studios - Reise Video Blog","description":"Nach einem stark verregneten Winter beschlie\u00dfen wir Anfang Februar die Stadt Porto in Portugal zu besuchen. Lesen Sie mehr und sehen Sie das Video..","robots":{"index":"index","follow":"follow","max-snippet":"max-snippet:-1","max-image-preview":"max-image-preview:large","max-video-preview":"max-video-preview:-1"},"canonical":"https:\/\/blog.myvideomedia.com\/de\/luxemburg-nach-porto-und-hannahs-studios\/","og_locale":"de_DE","og_type":"article","og_title":"Flug von Luxemburg nach Porto und Hannah's Studios - Reise Video Blog","og_description":"Nach einem stark verregneten Winter beschlie\u00dfen wir Anfang Februar die Stadt Porto in Portugal zu besuchen. Lesen Sie mehr und sehen Sie das Video..","og_url":"https:\/\/blog.myvideomedia.com\/de\/luxemburg-nach-porto-und-hannahs-studios\/","og_site_name":"Reise Video Blog","article_publisher":"https:\/\/www.facebook.com\/ursula.streit.520","article_author":"https:\/\/www.facebook.com\/ursula.streit.520","article_published_time":"2024-02-13T10:24:03+00:00","article_modified_time":"2025-05-29T08:37:08+00:00","og_image":[{"width":1920,"height":1080,"url":"https:\/\/blog.myvideomedia.com\/wp-content\/uploads\/2024\/02\/Viana-do-Castelo.jpg","type":"image\/jpeg"}],"author":"myVideoMedia","twitter_card":"summary_large_image","twitter_creator":"@myvideomedia","twitter_site":"@myvideomedia","twitter_misc":{"Verfasst von":"myVideoMedia","Gesch\u00e4tzte Lesezeit":"4\u00a0Minuten"},"schema":{"@context":"https:\/\/schema.org","@graph":[{"@type":"Article","@id":"https:\/\/blog.myvideomedia.com\/de\/luxemburg-nach-porto-und-hannahs-studios\/#article","isPartOf":{"@id":"https:\/\/blog.myvideomedia.com\/de\/luxemburg-nach-porto-und-hannahs-studios\/"},"author":{"name":"myVideoMedia","@id":"https:\/\/blog.myvideomedia.com\/de\/#\/schema\/person\/87be8fbbed69b1562242448c1c3dcbec"},"headline":"Flug von Luxemburg nach Porto und Hannah&#8217;s Studios","datePublished":"2024-02-13T10:24:03+00:00","dateModified":"2025-05-29T08:37:08+00:00","mainEntityOfPage":{"@id":"https:\/\/blog.myvideomedia.com\/de\/luxemburg-nach-porto-und-hannahs-studios\/"},"wordCount":638,"publisher":{"@id":"https:\/\/blog.myvideomedia.com\/de\/#\/schema\/person\/87be8fbbed69b1562242448c1c3dcbec"},"image":{"@id":"https:\/\/blog.myvideomedia.com\/de\/luxemburg-nach-porto-und-hannahs-studios\/#primaryimage"},"thumbnailUrl":"https:\/\/blog.myvideomedia.com\/wp-content\/uploads\/2024\/02\/Viana-do-Castelo.jpg","keywords":["Flug","Hotel"],"articleSection":["Europa","Portugal"],"inLanguage":"de"},{"@type":"WebPage","@id":"https:\/\/blog.myvideomedia.com\/de\/luxemburg-nach-porto-und-hannahs-studios\/","url":"https:\/\/blog.myvideomedia.com\/de\/luxemburg-nach-porto-und-hannahs-studios\/","name":"Flug von Luxemburg nach Porto und Hannah's Studios - Reise Video Blog","isPartOf":{"@id":"https:\/\/blog.myvideomedia.com\/de\/#website"},"primaryImageOfPage":{"@id":"https:\/\/blog.myvideomedia.com\/de\/luxemburg-nach-porto-und-hannahs-studios\/#primaryimage"},"image":{"@id":"https:\/\/blog.myvideomedia.com\/de\/luxemburg-nach-porto-und-hannahs-studios\/#primaryimage"},"thumbnailUrl":"https:\/\/blog.myvideomedia.com\/wp-content\/uploads\/2024\/02\/Viana-do-Castelo.jpg","datePublished":"2024-02-13T10:24:03+00:00","dateModified":"2025-05-29T08:37:08+00:00","description":"Nach einem stark verregneten Winter beschlie\u00dfen wir Anfang Februar die Stadt Porto in Portugal zu besuchen. Lesen Sie mehr und sehen Sie das Video..","breadcrumb":{"@id":"https:\/\/blog.myvideomedia.com\/de\/luxemburg-nach-porto-und-hannahs-studios\/#breadcrumb"},"inLanguage":"de","potentialAction":[{"@type":"ReadAction","target":["https:\/\/blog.myvideomedia.com\/de\/luxemburg-nach-porto-und-hannahs-studios\/"]}]},{"@type":"ImageObject","inLanguage":"de","@id":"https:\/\/blog.myvideomedia.com\/de\/luxemburg-nach-porto-und-hannahs-studios\/#primaryimage","url":"https:\/\/blog.myvideomedia.com\/wp-content\/uploads\/2024\/02\/Viana-do-Castelo.jpg","contentUrl":"https:\/\/blog.myvideomedia.com\/wp-content\/uploads\/2024\/02\/Viana-do-Castelo.jpg","width":1920,"height":1080,"caption":"Flight to Porto"},{"@type":"BreadcrumbList","@id":"https:\/\/blog.myvideomedia.com\/de\/luxemburg-nach-porto-und-hannahs-studios\/#breadcrumb","itemListElement":[{"@type":"ListItem","position":1,"name":"Home","item":"https:\/\/blog.myvideomedia.com\/de\/"},{"@type":"ListItem","position":2,"name":"Flug von Luxemburg nach Porto und Hannah&#8217;s Studios"}]},{"@type":"WebSite","@id":"https:\/\/blog.myvideomedia.com\/de\/#website","url":"https:\/\/blog.myvideomedia.com\/de\/","name":"Travel Video Blog","description":"myVideoMedia Reisetipps und Reisevideos","publisher":{"@id":"https:\/\/blog.myvideomedia.com\/de\/#\/schema\/person\/87be8fbbed69b1562242448c1c3dcbec"},"potentialAction":[{"@type":"SearchAction","target":{"@type":"EntryPoint","urlTemplate":"https:\/\/blog.myvideomedia.com\/de\/?s={search_term_string}"},"query-input":{"@type":"PropertyValueSpecification","valueRequired":true,"valueName":"search_term_string"}}],"inLanguage":"de"},{"@type":["Person","Organization"],"@id":"https:\/\/blog.myvideomedia.com\/de\/#\/schema\/person\/87be8fbbed69b1562242448c1c3dcbec","name":"myVideoMedia","image":{"@type":"ImageObject","inLanguage":"de","@id":"https:\/\/secure.gravatar.com\/avatar\/460720160715ef8975b781abd1b6985e55ce2f01567bb6757bebd73e7cf74c97?s=96&d=mm&r=g","url":"https:\/\/secure.gravatar.com\/avatar\/460720160715ef8975b781abd1b6985e55ce2f01567bb6757bebd73e7cf74c97?s=96&d=mm&r=g","contentUrl":"https:\/\/secure.gravatar.com\/avatar\/460720160715ef8975b781abd1b6985e55ce2f01567bb6757bebd73e7cf74c97?s=96&d=mm&r=g","caption":"myVideoMedia"},"logo":{"@id":"https:\/\/secure.gravatar.com\/avatar\/460720160715ef8975b781abd1b6985e55ce2f01567bb6757bebd73e7cf74c97?s=96&d=mm&r=g"},"description":"\"The World is a book, and those who do not travel read only a page\" - Aurelius Augustinus (354 - 430 AD) Travel is our passion. With our posts and videos we like to inspire people who are planning or preparing for holidays as well as people who simply want to escape from everyday life and dream of faraway countries.","sameAs":["https:\/\/www.myvideomedia.com","https:\/\/www.facebook.com\/ursula.streit.520"],"url":"https:\/\/blog.myvideomedia.com\/de\/author\/traveladm\/"}]}},"featured_image_src":"https:\/\/blog.myvideomedia.com\/wp-content\/uploads\/2024\/02\/Viana-do-Castelo-600x400.jpg","featured_image_src_square":"https:\/\/blog.myvideomedia.com\/wp-content\/uploads\/2024\/02\/Viana-do-Castelo-600x600.jpg","author_info":{"display_name":"myVideoMedia","author_link":"https:\/\/blog.myvideomedia.com\/de\/author\/traveladm\/"},"_links":{"self":[{"href":"https:\/\/blog.myvideomedia.com\/de\/wp-json\/wp\/v2\/posts\/27783","targetHints":{"allow":["GET"]}}],"collection":[{"href":"https:\/\/blog.myvideomedia.com\/de\/wp-json\/wp\/v2\/posts"}],"about":[{"href":"https:\/\/blog.myvideomedia.com\/de\/wp-json\/wp\/v2\/types\/post"}],"author":[{"embeddable":true,"href":"https:\/\/blog.myvideomedia.com\/de\/wp-json\/wp\/v2\/users\/1"}],"replies":[{"embeddable":true,"href":"https:\/\/blog.myvideomedia.com\/de\/wp-json\/wp\/v2\/comments?post=27783"}],"version-history":[{"count":0,"href":"https:\/\/blog.myvideomedia.com\/de\/wp-json\/wp\/v2\/posts\/27783\/revisions"}],"wp:featuredmedia":[{"embeddable":true,"href":"https:\/\/blog.myvideomedia.com\/de\/wp-json\/wp\/v2\/media\/27796"}],"wp:attachment":[{"href":"https:\/\/blog.myvideomedia.com\/de\/wp-json\/wp\/v2\/media?parent=27783"}],"wp:term":[{"taxonomy":"category","embeddable":true,"href":"https:\/\/blog.myvideomedia.com\/de\/wp-json\/wp\/v2\/categories?post=27783"},{"taxonomy":"post_tag","embeddable":true,"href":"https:\/\/blog.myvideomedia.com\/de\/wp-json\/wp\/v2\/tags?post=27783"}],"curies":[{"name":"wp","href":"https:\/\/api.w.org\/{rel}","templated":true}]}}