{"id":27800,"date":"2024-02-18T08:10:36","date_gmt":"2024-02-18T07:10:36","guid":{"rendered":"https:\/\/blog.myvideomedia.com\/?p=27800"},"modified":"2025-05-29T10:25:57","modified_gmt":"2025-05-29T09:25:57","slug":"porto-erste-impressionen","status":"publish","type":"post","link":"https:\/\/blog.myvideomedia.com\/de\/porto-erste-impressionen\/","title":{"rendered":"Erste Eindr\u00fccke von Porto"},"content":{"rendered":"\n<p>Nach unserer Ankunft in Porto nutzen wir die Gelegenheit erste Eindr\u00fccke dieser unglaublichen Stadt zu sammeln. Ausgehend von S\u00e3o Bento werfen wir eine Blick in die Rua das Flores, eine der bedeutenden Einkaufs- und Restaurant-Stra\u00dfen in Porto, bevor wir die Rua de Mouzinho da Silveira entlang gehen, die zum Ufer des Douro f\u00fchrt.<br><br>Ein m\u00e4chtiger Trinkwasserbrunnen, der Fuente monumental de Mouzinho de Silveira, sticht uns ins Auge. Erst sp\u00e4ter begreifen wir, dass das Mauerwerk auch dazu dient die dar\u00fcber liegende Stra\u00dfe zu st\u00fctzen.<\/p>\n\n\n\n<figure class=\"wp-block-image size-full\"><img loading=\"lazy\" decoding=\"async\" width=\"1280\" height=\"720\" src=\"https:\/\/blog.myvideomedia.com\/wp-content\/uploads\/2024\/02\/Brunnen-in-Porto.jpg\" alt=\"Fuente Monumental de Mouzinho\" class=\"wp-image-27820\" srcset=\"https:\/\/blog.myvideomedia.com\/wp-content\/uploads\/2024\/02\/Brunnen-in-Porto.jpg 1280w, https:\/\/blog.myvideomedia.com\/wp-content\/uploads\/2024\/02\/Brunnen-in-Porto-600x338.jpg 600w, https:\/\/blog.myvideomedia.com\/wp-content\/uploads\/2024\/02\/Brunnen-in-Porto-768x432.jpg 768w\" sizes=\"auto, (max-width: 1280px) 100vw, 1280px\" \/><\/figure>\n\n\n\n<p><br><br>Uns beeindrucken die schmalen Gassen, die rechts und links im H\u00e4usermeer verschwinden.<\/p>\n\n\n\n<figure class=\"wp-block-image size-full\"><img loading=\"lazy\" decoding=\"async\" width=\"1280\" height=\"720\" src=\"https:\/\/blog.myvideomedia.com\/wp-content\/uploads\/2024\/02\/Porto-_PXL_20240202_154400003.RAW-01.MP_.COVER_.jpg\" alt=\"\" class=\"wp-image-27813\" srcset=\"https:\/\/blog.myvideomedia.com\/wp-content\/uploads\/2024\/02\/Porto-_PXL_20240202_154400003.RAW-01.MP_.COVER_.jpg 1280w, https:\/\/blog.myvideomedia.com\/wp-content\/uploads\/2024\/02\/Porto-_PXL_20240202_154400003.RAW-01.MP_.COVER_-600x338.jpg 600w, https:\/\/blog.myvideomedia.com\/wp-content\/uploads\/2024\/02\/Porto-_PXL_20240202_154400003.RAW-01.MP_.COVER_-768x432.jpg 768w\" sizes=\"auto, (max-width: 1280px) 100vw, 1280px\" \/><\/figure>\n\n\n\n<p><br><br>An der Travessa da Bainharia steht eine alte Telefonzelle, die gerne als Fotomotiv genutzt wird. Die Stra\u00dfe links hinunter ist die Rua de S\u00e3o Jo\u00e3o, die direkt zum Douro f\u00fchrt. Hier beginnt die Altstadt Ribeira, die zum Weltkulturerbe der UNESCO z\u00e4hlt.<\/p>\n\n\n\n<h3 class=\"wp-block-heading\"><a href=\"https:\/\/youtu.be\/wLHU7lWCkkA\" target=\"_blank\" rel=\"noreferrer noopener\">Hier sehen Sie das 4K UHD Video<\/a><\/h3>\n\n\n\n<figure> <div class=\"brlbs-cmpnt-container brlbs-cmpnt-content-blocker brlbs-cmpnt-with-individual-styles\" data-borlabs-cookie-content-blocker-id=\"youtube-content-blocker\" data-borlabs-cookie-content=\"PGlmcmFtZSBzcmM9Imh0dHBzOi8vd3d3LnlvdXR1YmUtbm9jb29raWUuY29tL2VtYmVkL3dMSFU3bFdDa2tBIiB3aWR0aD0iNjAwIiBoZWlnaHQ9IjMzOCI+PC9pZnJhbWU+\"><div class=\"brlbs-cmpnt-cb-preset-c brlbs-cmpnt-cb-youtube\"> <div class=\"brlbs-cmpnt-cb-thumbnail\" style=\"background-image: url('https:\/\/blog.myvideomedia.com\/wp-content\/uploads\/borlabs-cookie\/1\/yt_wLHU7lWCkkA_hqdefault.jpg')\"><\/div> <div class=\"brlbs-cmpnt-cb-main\"> <div class=\"brlbs-cmpnt-cb-play-button\"><\/div> <div class=\"brlbs-cmpnt-cb-content\"> <p class=\"brlbs-cmpnt-cb-description\">Sie sehen gerade einen Platzhalterinhalt von <strong>YouTube<\/strong>. Um auf den eigentlichen Inhalt zuzugreifen, klicken Sie auf die Schaltfl\u00e4che unten. Bitte beachten Sie, dass dabei Daten an Drittanbieter weitergegeben werden.<\/p> <a class=\"brlbs-cmpnt-cb-provider-toggle\" href=\"#\" data-borlabs-cookie-show-provider-information role=\"button\">Mehr Informationen<\/a> <\/div> <div class=\"brlbs-cmpnt-cb-buttons\"> <a class=\"brlbs-cmpnt-cb-btn\" href=\"#\" data-borlabs-cookie-unblock role=\"button\">Inhalt entsperren<\/a> <a class=\"brlbs-cmpnt-cb-btn\" href=\"#\" data-borlabs-cookie-accept-service role=\"button\" style=\"display: inherit\">Erforderlichen Service akzeptieren und Inhalte entsperren<\/a> <\/div> <\/div> <\/div><\/div><\/figure>\n\n\n\n<p><br>Hinter der Telefonzelle zweigen wir links in die Rua da Bainharia ab und \u00fcberqueren die Rua dos Mercadores, zu der wir sp\u00e4ter nochmals zur\u00fcck kommen. Wir gehen gerade aus weiter und merken sehr rasch, dass es schon beschwerlich sein kann, st\u00e4ndig so steil bergauf und bergab zu gehen. Au\u00dferdem \u00fcberrascht uns die Tatsache, dass in diesen engen steilen Gassen auch Autos fahren.<\/p>\n\n\n\n<figure class=\"wp-block-image size-full\"><img loading=\"lazy\" decoding=\"async\" width=\"1280\" height=\"720\" src=\"https:\/\/blog.myvideomedia.com\/wp-content\/uploads\/2024\/02\/Porto-_PXL_20240202_155745363.RAW-01.MP_.COVER_.jpg\" alt=\"\" class=\"wp-image-27811\" srcset=\"https:\/\/blog.myvideomedia.com\/wp-content\/uploads\/2024\/02\/Porto-_PXL_20240202_155745363.RAW-01.MP_.COVER_.jpg 1280w, https:\/\/blog.myvideomedia.com\/wp-content\/uploads\/2024\/02\/Porto-_PXL_20240202_155745363.RAW-01.MP_.COVER_-600x338.jpg 600w, https:\/\/blog.myvideomedia.com\/wp-content\/uploads\/2024\/02\/Porto-_PXL_20240202_155745363.RAW-01.MP_.COVER_-768x432.jpg 768w\" sizes=\"auto, (max-width: 1280px) 100vw, 1280px\" \/><\/figure>\n\n\n\n<p><br>Die Architektur verziert mit den bekannten portugiesischen Kacheln, den schmalen Balkonen und der W\u00e4sche, die an den Fassaden zum Trocknen aufgeh\u00e4ngt werden, bilden eine malerische, friedliche Kulisse.<\/p>\n\n\n\n<figure class=\"wp-block-image size-full\"><img loading=\"lazy\" decoding=\"async\" width=\"1280\" height=\"720\" src=\"https:\/\/blog.myvideomedia.com\/wp-content\/uploads\/2024\/02\/Kacheln.jpg\" alt=\"In den Strassen von Porto\" class=\"wp-image-27822\" srcset=\"https:\/\/blog.myvideomedia.com\/wp-content\/uploads\/2024\/02\/Kacheln.jpg 1280w, https:\/\/blog.myvideomedia.com\/wp-content\/uploads\/2024\/02\/Kacheln-600x338.jpg 600w, https:\/\/blog.myvideomedia.com\/wp-content\/uploads\/2024\/02\/Kacheln-768x432.jpg 768w\" sizes=\"auto, (max-width: 1280px) 100vw, 1280px\" \/><\/figure>\n\n\n\n<p><br>Je mehr wir die H\u00e4user betrachten umso mehr wird uns klar, welches Kunstwerk die Architekten und Baumeister hier vollbracht haben, dass sie in dieser h\u00fcgeligen Landschaft eine so gro\u00dfe Bev\u00f6lkerungsdichte ansiedeln konnten.<br><br>Wir biegen in die Rua Escura rechts ab. Pl\u00f6tzlich \u00f6ffnet sich der Blick hoch hinauf auf die Kathedrale von Porto, S\u00e9 do Porto, das bedeutendste Heiligtum dieser Stadt.<\/p>\n\n\n\n<figure class=\"wp-block-image size-full\"><img loading=\"lazy\" decoding=\"async\" width=\"1280\" height=\"720\" src=\"https:\/\/blog.myvideomedia.com\/wp-content\/uploads\/2024\/02\/Porto-_PXL_20240202_155834376.RAW-01.MP_.COVER_.jpg\" alt=\"\" class=\"wp-image-27801\" srcset=\"https:\/\/blog.myvideomedia.com\/wp-content\/uploads\/2024\/02\/Porto-_PXL_20240202_155834376.RAW-01.MP_.COVER_.jpg 1280w, https:\/\/blog.myvideomedia.com\/wp-content\/uploads\/2024\/02\/Porto-_PXL_20240202_155834376.RAW-01.MP_.COVER_-600x338.jpg 600w, https:\/\/blog.myvideomedia.com\/wp-content\/uploads\/2024\/02\/Porto-_PXL_20240202_155834376.RAW-01.MP_.COVER_-768x432.jpg 768w\" sizes=\"auto, (max-width: 1280px) 100vw, 1280px\" \/><\/figure>\n\n\n\n<p><br>\u00dcber eine breite Treppe erklimmen wir die Terrasse die um die Kathedrale f\u00fchrt. Von hier bietet sich uns sich ein herrlicher Blick auf die D\u00e4cher der Stadt und den Douro.<\/p>\n\n\n\n<figure class=\"wp-block-image size-full\"><img loading=\"lazy\" decoding=\"async\" width=\"1280\" height=\"720\" src=\"https:\/\/blog.myvideomedia.com\/wp-content\/uploads\/2024\/02\/Porto_-PXL_20240202_160553336.RAW-01.MP_.COVER_.jpg\" alt=\"\" class=\"wp-image-27807\" srcset=\"https:\/\/blog.myvideomedia.com\/wp-content\/uploads\/2024\/02\/Porto_-PXL_20240202_160553336.RAW-01.MP_.COVER_.jpg 1280w, https:\/\/blog.myvideomedia.com\/wp-content\/uploads\/2024\/02\/Porto_-PXL_20240202_160553336.RAW-01.MP_.COVER_-600x338.jpg 600w, https:\/\/blog.myvideomedia.com\/wp-content\/uploads\/2024\/02\/Porto_-PXL_20240202_160553336.RAW-01.MP_.COVER_-768x432.jpg 768w\" sizes=\"auto, (max-width: 1280px) 100vw, 1280px\" \/><\/figure>\n\n\n\n<p><br>Ein kurzer Besuch in der Kathedrale und im angrenzenden Kreuzgang zeigt uns die beeindruckenden bemalten Fliesen, die Azulejos, und die mit Edelmetall verzierten Alt\u00e4re. <\/p>\n\n\n\n<figure class=\"wp-block-image size-full\"><img loading=\"lazy\" decoding=\"async\" width=\"1280\" height=\"720\" src=\"https:\/\/blog.myvideomedia.com\/wp-content\/uploads\/2024\/02\/Porto-_PXL_20240202_163314541.RAW-01.MP_.COVER_.jpg\" alt=\"\" class=\"wp-image-27809\" srcset=\"https:\/\/blog.myvideomedia.com\/wp-content\/uploads\/2024\/02\/Porto-_PXL_20240202_163314541.RAW-01.MP_.COVER_.jpg 1280w, https:\/\/blog.myvideomedia.com\/wp-content\/uploads\/2024\/02\/Porto-_PXL_20240202_163314541.RAW-01.MP_.COVER_-600x338.jpg 600w, https:\/\/blog.myvideomedia.com\/wp-content\/uploads\/2024\/02\/Porto-_PXL_20240202_163314541.RAW-01.MP_.COVER_-768x432.jpg 768w\" sizes=\"auto, (max-width: 1280px) 100vw, 1280px\" \/><\/figure>\n\n\n\n<p>Der Charakter der ehemaligen Wehrkirche ist auch heute noch nach vielen Umbauten deutlich zu erkennen. <\/p>\n\n\n\n<figure class=\"wp-block-image size-full\"><img loading=\"lazy\" decoding=\"async\" width=\"1280\" height=\"720\" src=\"https:\/\/blog.myvideomedia.com\/wp-content\/uploads\/2024\/02\/Porto-__UG_3337.jpg\" alt=\"\" class=\"wp-image-27803\" srcset=\"https:\/\/blog.myvideomedia.com\/wp-content\/uploads\/2024\/02\/Porto-__UG_3337.jpg 1280w, https:\/\/blog.myvideomedia.com\/wp-content\/uploads\/2024\/02\/Porto-__UG_3337-600x338.jpg 600w, https:\/\/blog.myvideomedia.com\/wp-content\/uploads\/2024\/02\/Porto-__UG_3337-768x432.jpg 768w\" sizes=\"auto, (max-width: 1280px) 100vw, 1280px\" \/><\/figure>\n\n\n\n<p><\/p>\n\n\n\n<p>Neben der Kirche wurde der Bischofspalast errichtet, der m\u00e4chtiger als das Gotteshaus erscheint.<br><br>\u00dcber Treppen steigen wir wieder ab und passieren die Kirche Igreja de S\u00e3o Louren\u00e7o.<\/p>\n\n\n\n<figure class=\"wp-block-image size-full is-resized\"><img loading=\"lazy\" decoding=\"async\" width=\"720\" height=\"1280\" src=\"https:\/\/blog.myvideomedia.com\/wp-content\/uploads\/2024\/02\/Porto-_PXL_20240202_165717117.RAW-01.MP_.COVER_.jpg\" alt=\"\" class=\"wp-image-27805\" style=\"aspect-ratio:16\/9;object-fit:cover;width:690px;height:auto\" srcset=\"https:\/\/blog.myvideomedia.com\/wp-content\/uploads\/2024\/02\/Porto-_PXL_20240202_165717117.RAW-01.MP_.COVER_.jpg 720w, https:\/\/blog.myvideomedia.com\/wp-content\/uploads\/2024\/02\/Porto-_PXL_20240202_165717117.RAW-01.MP_.COVER_-338x600.jpg 338w\" sizes=\"auto, (max-width: 720px) 100vw, 720px\" \/><\/figure>\n\n\n\n<p><br><br>Durch eine schmale Gasse, die Rua de Sant&#8216; Ana erreichen wir wieder die Rua da Bainharia. Da wir noch zum Ufer des Douro gehen wollen, biegen wir in die Rua dos Mercadores ab.<br><br>Vor dem Dom Pedro Gastropub stehen einige kleine Tische am Rand der schmalen Gasse. Wir kommen mit einem netten Mann ins Gespr\u00e4ch und rasch stellt sich heraus, dass er in Kordel, einem Nachbarort von Trier, der Geburtsstadt von Ursula wohnt, also auch nicht weit entfernt von unserem Wohnort.<br><br>Er l\u00e4dt uns ein, bei ihm Platz zu nehmen, was wir gerne annehmen. So erfahren wir, das er gerade eine Woche auf dem Jakobsweg gewandert war und kurz nach Porto gefahren ist, um ein paar Freunde zu treffen. Er hat hier zu Mittag gegessen und empfiehlt uns die K\u00fcche. Da ihm die Atmosph\u00e4re in der Gasse so gut gef\u00e4llt, ist er nach dem Essen einige Stunden vor dem Dom Pedro sitzen geblieben.<\/p>\n\n\n\n<figure class=\"wp-block-image size-full\"><img loading=\"lazy\" decoding=\"async\" width=\"1280\" height=\"720\" src=\"https:\/\/blog.myvideomedia.com\/wp-content\/uploads\/2024\/02\/Dom-Pedro.jpg\" alt=\"\" class=\"wp-image-27824\" srcset=\"https:\/\/blog.myvideomedia.com\/wp-content\/uploads\/2024\/02\/Dom-Pedro.jpg 1280w, https:\/\/blog.myvideomedia.com\/wp-content\/uploads\/2024\/02\/Dom-Pedro-600x338.jpg 600w, https:\/\/blog.myvideomedia.com\/wp-content\/uploads\/2024\/02\/Dom-Pedro-768x432.jpg 768w\" sizes=\"auto, (max-width: 1280px) 100vw, 1280px\" \/><\/figure>\n\n\n\n<p><br>Eine Gruppe singender junger Frauen kommt gut gelaunt vorbei und unterstreicht seine Worte. Solche feiernden Frauen- bzw. M\u00e4dchengruppen kann man in Nordportugal \u00f6fter sehen. Auch mit dem Personal des Gastropubs k\u00f6nnen wir uns kurz unterhalten und erfahren, dass der Kellner 2 Monate hier arbeitet, aber aus Brasilien stammt. Die Kellnerin ist ebenfalls f\u00fcr 2 Monate hier und stammt aus Buenos Aires. Das zeigt, dass das Zusammenleben \u00fcber ethnische Grenzen und Kulturkreise hinweg in diesem Land sehr gut funktioniert.<\/p>\n\n\n\n<figure class=\"wp-block-image size-full\"><img loading=\"lazy\" decoding=\"async\" width=\"1280\" height=\"720\" src=\"https:\/\/blog.myvideomedia.com\/wp-content\/uploads\/2024\/02\/Gasse-bei-Nacht.jpg\" alt=\"Porto bei Nacht\" class=\"wp-image-27826\" srcset=\"https:\/\/blog.myvideomedia.com\/wp-content\/uploads\/2024\/02\/Gasse-bei-Nacht.jpg 1280w, https:\/\/blog.myvideomedia.com\/wp-content\/uploads\/2024\/02\/Gasse-bei-Nacht-600x338.jpg 600w, https:\/\/blog.myvideomedia.com\/wp-content\/uploads\/2024\/02\/Gasse-bei-Nacht-768x432.jpg 768w\" sizes=\"auto, (max-width: 1280px) 100vw, 1280px\" \/><\/figure>\n\n\n\n<p><br>Nach diesem angenehmen Abend gehen wir mit vielen neuen Eindr\u00fccken wieder zur\u00fcck zu unserer Unterkunft <a href=\"https:\/\/hannahs-studios.allportohotels.com\/de\/\" target=\"_blank\" rel=\"noreferrer noopener nofollow\">Hannah\u00b4s Studios<\/a>.<br><br>Text, Fotos und Video: Copyright \u00a9 <a href=\"https:\/\/www.myvideomedia.com\" target=\"_blank\" rel=\"noreferrer noopener\">myVideoMedia<\/a><\/p>\n","protected":false},"excerpt":{"rendered":"<p>Nach unserer Ankunft in Porto nutzen wir die Gelegenheit erste Eindr\u00fccke dieser unglaublichen Stadt zu sammeln. Ausgehend von S\u00e3o Bento werfen wir eine Blick in die Rua das Flores, eine der bedeutenden Einkaufs- und Restaurant-Stra\u00dfen in Porto, bevor wir die Rua de Mouzinho da Silveira entlang gehen, die zum Ufer des Douro f\u00fchrt. Ein m\u00e4chtiger [&hellip;]<\/p>\n","protected":false},"author":1,"featured_media":27816,"comment_status":"closed","ping_status":"closed","sticky":false,"template":"","format":"standard","meta":{"_genesis_hide_title":false,"_genesis_hide_breadcrumbs":false,"_genesis_hide_singular_image":false,"_genesis_hide_footer_widgets":false,"_genesis_custom_body_class":"","_genesis_custom_post_class":"","_genesis_layout":"","footnotes":""},"categories":[1550,525],"tags":[447,453,1326,476],"class_list":{"0":"post-27800","1":"post","2":"type-post","3":"status-publish","4":"format-standard","5":"has-post-thumbnail","7":"category-europa","8":"category-portugal_d","9":"tag-architektur","10":"tag-stadt","11":"tag-stadtrundgang","12":"tag-unesco-weltkulturerbe","13":"entry"},"yoast_head":"<!-- This site is optimized with the Yoast SEO plugin v27.4 - https:\/\/yoast.com\/product\/yoast-seo-wordpress\/ -->\n<title>Erste Eindr\u00fccke von Porto - Portugal - Reise Video Blog<\/title>\n<meta name=\"description\" content=\"Wir sind beeindruckt von der Architektur und den engen Gassen, die rechts und links in einem H\u00e4usermeer verschwinden. Mehr und Video ..\" \/>\n<meta name=\"robots\" content=\"index, follow, max-snippet:-1, max-image-preview:large, max-video-preview:-1\" \/>\n<link rel=\"canonical\" href=\"https:\/\/blog.myvideomedia.com\/de\/porto-erste-impressionen\/\" \/>\n<meta property=\"og:locale\" content=\"de_DE\" \/>\n<meta property=\"og:type\" content=\"article\" \/>\n<meta property=\"og:title\" content=\"Erste Eindr\u00fccke von Porto - Portugal - Reise Video Blog\" \/>\n<meta property=\"og:description\" content=\"Wir sind beeindruckt von der Architektur und den engen Gassen, die rechts und links in einem H\u00e4usermeer verschwinden. Mehr und Video ..\" \/>\n<meta property=\"og:url\" content=\"https:\/\/blog.myvideomedia.com\/de\/porto-erste-impressionen\/\" \/>\n<meta property=\"og:site_name\" content=\"Reise Video Blog\" \/>\n<meta property=\"article:publisher\" content=\"https:\/\/www.facebook.com\/ursula.streit.520\" \/>\n<meta property=\"article:author\" content=\"https:\/\/www.facebook.com\/ursula.streit.520\" \/>\n<meta property=\"article:published_time\" content=\"2024-02-18T07:10:36+00:00\" \/>\n<meta property=\"article:modified_time\" content=\"2025-05-29T09:25:57+00:00\" \/>\n<meta property=\"og:image\" content=\"https:\/\/blog.myvideomedia.com\/wp-content\/uploads\/2024\/02\/Porto-__UG_3343.jpg\" \/>\n\t<meta property=\"og:image:width\" content=\"1280\" \/>\n\t<meta property=\"og:image:height\" content=\"720\" \/>\n\t<meta property=\"og:image:type\" content=\"image\/jpeg\" \/>\n<meta name=\"author\" content=\"myVideoMedia\" \/>\n<meta name=\"twitter:card\" content=\"summary_large_image\" \/>\n<meta name=\"twitter:creator\" content=\"@myvideomedia\" \/>\n<meta name=\"twitter:site\" content=\"@myvideomedia\" \/>\n<meta name=\"twitter:label1\" content=\"Verfasst von\" \/>\n\t<meta name=\"twitter:data1\" content=\"myVideoMedia\" \/>\n\t<meta name=\"twitter:label2\" content=\"Gesch\u00e4tzte Lesezeit\" \/>\n\t<meta name=\"twitter:data2\" content=\"6\u00a0Minuten\" \/>\n<script type=\"application\/ld+json\" class=\"yoast-schema-graph\">{\"@context\":\"https:\\\/\\\/schema.org\",\"@graph\":[{\"@type\":\"Article\",\"@id\":\"https:\\\/\\\/blog.myvideomedia.com\\\/de\\\/porto-erste-impressionen\\\/#article\",\"isPartOf\":{\"@id\":\"https:\\\/\\\/blog.myvideomedia.com\\\/de\\\/porto-erste-impressionen\\\/\"},\"author\":{\"name\":\"myVideoMedia\",\"@id\":\"https:\\\/\\\/blog.myvideomedia.com\\\/de\\\/#\\\/schema\\\/person\\\/87be8fbbed69b1562242448c1c3dcbec\"},\"headline\":\"Erste Eindr\u00fccke von Porto\",\"datePublished\":\"2024-02-18T07:10:36+00:00\",\"dateModified\":\"2025-05-29T09:25:57+00:00\",\"mainEntityOfPage\":{\"@id\":\"https:\\\/\\\/blog.myvideomedia.com\\\/de\\\/porto-erste-impressionen\\\/\"},\"wordCount\":688,\"publisher\":{\"@id\":\"https:\\\/\\\/blog.myvideomedia.com\\\/de\\\/#\\\/schema\\\/person\\\/87be8fbbed69b1562242448c1c3dcbec\"},\"image\":{\"@id\":\"https:\\\/\\\/blog.myvideomedia.com\\\/de\\\/porto-erste-impressionen\\\/#primaryimage\"},\"thumbnailUrl\":\"https:\\\/\\\/blog.myvideomedia.com\\\/wp-content\\\/uploads\\\/2024\\\/02\\\/Porto-__UG_3343.jpg\",\"keywords\":[\"Architektur\",\"Stadt\",\"Stadtrundgang\",\"UNESCO Weltkulturerbe\"],\"articleSection\":[\"Europa\",\"Portugal\"],\"inLanguage\":\"de\"},{\"@type\":\"WebPage\",\"@id\":\"https:\\\/\\\/blog.myvideomedia.com\\\/de\\\/porto-erste-impressionen\\\/\",\"url\":\"https:\\\/\\\/blog.myvideomedia.com\\\/de\\\/porto-erste-impressionen\\\/\",\"name\":\"Erste Eindr\u00fccke von Porto - Portugal - Reise Video Blog\",\"isPartOf\":{\"@id\":\"https:\\\/\\\/blog.myvideomedia.com\\\/de\\\/#website\"},\"primaryImageOfPage\":{\"@id\":\"https:\\\/\\\/blog.myvideomedia.com\\\/de\\\/porto-erste-impressionen\\\/#primaryimage\"},\"image\":{\"@id\":\"https:\\\/\\\/blog.myvideomedia.com\\\/de\\\/porto-erste-impressionen\\\/#primaryimage\"},\"thumbnailUrl\":\"https:\\\/\\\/blog.myvideomedia.com\\\/wp-content\\\/uploads\\\/2024\\\/02\\\/Porto-__UG_3343.jpg\",\"datePublished\":\"2024-02-18T07:10:36+00:00\",\"dateModified\":\"2025-05-29T09:25:57+00:00\",\"description\":\"Wir sind beeindruckt von der Architektur und den engen Gassen, die rechts und links in einem H\u00e4usermeer verschwinden. Mehr und Video ..\",\"breadcrumb\":{\"@id\":\"https:\\\/\\\/blog.myvideomedia.com\\\/de\\\/porto-erste-impressionen\\\/#breadcrumb\"},\"inLanguage\":\"de\",\"potentialAction\":[{\"@type\":\"ReadAction\",\"target\":[\"https:\\\/\\\/blog.myvideomedia.com\\\/de\\\/porto-erste-impressionen\\\/\"]}]},{\"@type\":\"ImageObject\",\"inLanguage\":\"de\",\"@id\":\"https:\\\/\\\/blog.myvideomedia.com\\\/de\\\/porto-erste-impressionen\\\/#primaryimage\",\"url\":\"https:\\\/\\\/blog.myvideomedia.com\\\/wp-content\\\/uploads\\\/2024\\\/02\\\/Porto-__UG_3343.jpg\",\"contentUrl\":\"https:\\\/\\\/blog.myvideomedia.com\\\/wp-content\\\/uploads\\\/2024\\\/02\\\/Porto-__UG_3343.jpg\",\"width\":1280,\"height\":720,\"caption\":\"First impressions of Porto\"},{\"@type\":\"BreadcrumbList\",\"@id\":\"https:\\\/\\\/blog.myvideomedia.com\\\/de\\\/porto-erste-impressionen\\\/#breadcrumb\",\"itemListElement\":[{\"@type\":\"ListItem\",\"position\":1,\"name\":\"Home\",\"item\":\"https:\\\/\\\/blog.myvideomedia.com\\\/de\\\/\"},{\"@type\":\"ListItem\",\"position\":2,\"name\":\"Erste Eindr\u00fccke von Porto\"}]},{\"@type\":\"WebSite\",\"@id\":\"https:\\\/\\\/blog.myvideomedia.com\\\/de\\\/#website\",\"url\":\"https:\\\/\\\/blog.myvideomedia.com\\\/de\\\/\",\"name\":\"Travel Video Blog\",\"description\":\"myVideoMedia Reisetipps und Reisevideos\",\"publisher\":{\"@id\":\"https:\\\/\\\/blog.myvideomedia.com\\\/de\\\/#\\\/schema\\\/person\\\/87be8fbbed69b1562242448c1c3dcbec\"},\"potentialAction\":[{\"@type\":\"SearchAction\",\"target\":{\"@type\":\"EntryPoint\",\"urlTemplate\":\"https:\\\/\\\/blog.myvideomedia.com\\\/de\\\/?s={search_term_string}\"},\"query-input\":{\"@type\":\"PropertyValueSpecification\",\"valueRequired\":true,\"valueName\":\"search_term_string\"}}],\"inLanguage\":\"de\"},{\"@type\":[\"Person\",\"Organization\"],\"@id\":\"https:\\\/\\\/blog.myvideomedia.com\\\/de\\\/#\\\/schema\\\/person\\\/87be8fbbed69b1562242448c1c3dcbec\",\"name\":\"myVideoMedia\",\"image\":{\"@type\":\"ImageObject\",\"inLanguage\":\"de\",\"@id\":\"https:\\\/\\\/secure.gravatar.com\\\/avatar\\\/460720160715ef8975b781abd1b6985e55ce2f01567bb6757bebd73e7cf74c97?s=96&d=mm&r=g\",\"url\":\"https:\\\/\\\/secure.gravatar.com\\\/avatar\\\/460720160715ef8975b781abd1b6985e55ce2f01567bb6757bebd73e7cf74c97?s=96&d=mm&r=g\",\"contentUrl\":\"https:\\\/\\\/secure.gravatar.com\\\/avatar\\\/460720160715ef8975b781abd1b6985e55ce2f01567bb6757bebd73e7cf74c97?s=96&d=mm&r=g\",\"caption\":\"myVideoMedia\"},\"logo\":{\"@id\":\"https:\\\/\\\/secure.gravatar.com\\\/avatar\\\/460720160715ef8975b781abd1b6985e55ce2f01567bb6757bebd73e7cf74c97?s=96&d=mm&r=g\"},\"description\":\"\\\"The World is a book, and those who do not travel read only a page\\\" - Aurelius Augustinus (354 - 430 AD) Travel is our passion. With our posts and videos we like to inspire people who are planning or preparing for holidays as well as people who simply want to escape from everyday life and dream of faraway countries.\",\"sameAs\":[\"https:\\\/\\\/www.myvideomedia.com\",\"https:\\\/\\\/www.facebook.com\\\/ursula.streit.520\"],\"url\":\"https:\\\/\\\/blog.myvideomedia.com\\\/de\\\/author\\\/traveladm\\\/\"}]}<\/script>\n<!-- \/ Yoast SEO plugin. -->","yoast_head_json":{"title":"Erste Eindr\u00fccke von Porto - Portugal - Reise Video Blog","description":"Wir sind beeindruckt von der Architektur und den engen Gassen, die rechts und links in einem H\u00e4usermeer verschwinden. Mehr und Video ..","robots":{"index":"index","follow":"follow","max-snippet":"max-snippet:-1","max-image-preview":"max-image-preview:large","max-video-preview":"max-video-preview:-1"},"canonical":"https:\/\/blog.myvideomedia.com\/de\/porto-erste-impressionen\/","og_locale":"de_DE","og_type":"article","og_title":"Erste Eindr\u00fccke von Porto - Portugal - Reise Video Blog","og_description":"Wir sind beeindruckt von der Architektur und den engen Gassen, die rechts und links in einem H\u00e4usermeer verschwinden. Mehr und Video ..","og_url":"https:\/\/blog.myvideomedia.com\/de\/porto-erste-impressionen\/","og_site_name":"Reise Video Blog","article_publisher":"https:\/\/www.facebook.com\/ursula.streit.520","article_author":"https:\/\/www.facebook.com\/ursula.streit.520","article_published_time":"2024-02-18T07:10:36+00:00","article_modified_time":"2025-05-29T09:25:57+00:00","og_image":[{"width":1280,"height":720,"url":"https:\/\/blog.myvideomedia.com\/wp-content\/uploads\/2024\/02\/Porto-__UG_3343.jpg","type":"image\/jpeg"}],"author":"myVideoMedia","twitter_card":"summary_large_image","twitter_creator":"@myvideomedia","twitter_site":"@myvideomedia","twitter_misc":{"Verfasst von":"myVideoMedia","Gesch\u00e4tzte Lesezeit":"6\u00a0Minuten"},"schema":{"@context":"https:\/\/schema.org","@graph":[{"@type":"Article","@id":"https:\/\/blog.myvideomedia.com\/de\/porto-erste-impressionen\/#article","isPartOf":{"@id":"https:\/\/blog.myvideomedia.com\/de\/porto-erste-impressionen\/"},"author":{"name":"myVideoMedia","@id":"https:\/\/blog.myvideomedia.com\/de\/#\/schema\/person\/87be8fbbed69b1562242448c1c3dcbec"},"headline":"Erste Eindr\u00fccke von Porto","datePublished":"2024-02-18T07:10:36+00:00","dateModified":"2025-05-29T09:25:57+00:00","mainEntityOfPage":{"@id":"https:\/\/blog.myvideomedia.com\/de\/porto-erste-impressionen\/"},"wordCount":688,"publisher":{"@id":"https:\/\/blog.myvideomedia.com\/de\/#\/schema\/person\/87be8fbbed69b1562242448c1c3dcbec"},"image":{"@id":"https:\/\/blog.myvideomedia.com\/de\/porto-erste-impressionen\/#primaryimage"},"thumbnailUrl":"https:\/\/blog.myvideomedia.com\/wp-content\/uploads\/2024\/02\/Porto-__UG_3343.jpg","keywords":["Architektur","Stadt","Stadtrundgang","UNESCO Weltkulturerbe"],"articleSection":["Europa","Portugal"],"inLanguage":"de"},{"@type":"WebPage","@id":"https:\/\/blog.myvideomedia.com\/de\/porto-erste-impressionen\/","url":"https:\/\/blog.myvideomedia.com\/de\/porto-erste-impressionen\/","name":"Erste Eindr\u00fccke von Porto - Portugal - Reise Video Blog","isPartOf":{"@id":"https:\/\/blog.myvideomedia.com\/de\/#website"},"primaryImageOfPage":{"@id":"https:\/\/blog.myvideomedia.com\/de\/porto-erste-impressionen\/#primaryimage"},"image":{"@id":"https:\/\/blog.myvideomedia.com\/de\/porto-erste-impressionen\/#primaryimage"},"thumbnailUrl":"https:\/\/blog.myvideomedia.com\/wp-content\/uploads\/2024\/02\/Porto-__UG_3343.jpg","datePublished":"2024-02-18T07:10:36+00:00","dateModified":"2025-05-29T09:25:57+00:00","description":"Wir sind beeindruckt von der Architektur und den engen Gassen, die rechts und links in einem H\u00e4usermeer verschwinden. Mehr und Video ..","breadcrumb":{"@id":"https:\/\/blog.myvideomedia.com\/de\/porto-erste-impressionen\/#breadcrumb"},"inLanguage":"de","potentialAction":[{"@type":"ReadAction","target":["https:\/\/blog.myvideomedia.com\/de\/porto-erste-impressionen\/"]}]},{"@type":"ImageObject","inLanguage":"de","@id":"https:\/\/blog.myvideomedia.com\/de\/porto-erste-impressionen\/#primaryimage","url":"https:\/\/blog.myvideomedia.com\/wp-content\/uploads\/2024\/02\/Porto-__UG_3343.jpg","contentUrl":"https:\/\/blog.myvideomedia.com\/wp-content\/uploads\/2024\/02\/Porto-__UG_3343.jpg","width":1280,"height":720,"caption":"First impressions of Porto"},{"@type":"BreadcrumbList","@id":"https:\/\/blog.myvideomedia.com\/de\/porto-erste-impressionen\/#breadcrumb","itemListElement":[{"@type":"ListItem","position":1,"name":"Home","item":"https:\/\/blog.myvideomedia.com\/de\/"},{"@type":"ListItem","position":2,"name":"Erste Eindr\u00fccke von Porto"}]},{"@type":"WebSite","@id":"https:\/\/blog.myvideomedia.com\/de\/#website","url":"https:\/\/blog.myvideomedia.com\/de\/","name":"Travel Video Blog","description":"myVideoMedia Reisetipps und Reisevideos","publisher":{"@id":"https:\/\/blog.myvideomedia.com\/de\/#\/schema\/person\/87be8fbbed69b1562242448c1c3dcbec"},"potentialAction":[{"@type":"SearchAction","target":{"@type":"EntryPoint","urlTemplate":"https:\/\/blog.myvideomedia.com\/de\/?s={search_term_string}"},"query-input":{"@type":"PropertyValueSpecification","valueRequired":true,"valueName":"search_term_string"}}],"inLanguage":"de"},{"@type":["Person","Organization"],"@id":"https:\/\/blog.myvideomedia.com\/de\/#\/schema\/person\/87be8fbbed69b1562242448c1c3dcbec","name":"myVideoMedia","image":{"@type":"ImageObject","inLanguage":"de","@id":"https:\/\/secure.gravatar.com\/avatar\/460720160715ef8975b781abd1b6985e55ce2f01567bb6757bebd73e7cf74c97?s=96&d=mm&r=g","url":"https:\/\/secure.gravatar.com\/avatar\/460720160715ef8975b781abd1b6985e55ce2f01567bb6757bebd73e7cf74c97?s=96&d=mm&r=g","contentUrl":"https:\/\/secure.gravatar.com\/avatar\/460720160715ef8975b781abd1b6985e55ce2f01567bb6757bebd73e7cf74c97?s=96&d=mm&r=g","caption":"myVideoMedia"},"logo":{"@id":"https:\/\/secure.gravatar.com\/avatar\/460720160715ef8975b781abd1b6985e55ce2f01567bb6757bebd73e7cf74c97?s=96&d=mm&r=g"},"description":"\"The World is a book, and those who do not travel read only a page\" - Aurelius Augustinus (354 - 430 AD) Travel is our passion. With our posts and videos we like to inspire people who are planning or preparing for holidays as well as people who simply want to escape from everyday life and dream of faraway countries.","sameAs":["https:\/\/www.myvideomedia.com","https:\/\/www.facebook.com\/ursula.streit.520"],"url":"https:\/\/blog.myvideomedia.com\/de\/author\/traveladm\/"}]}},"featured_image_src":"https:\/\/blog.myvideomedia.com\/wp-content\/uploads\/2024\/02\/Porto-__UG_3343-600x400.jpg","featured_image_src_square":"https:\/\/blog.myvideomedia.com\/wp-content\/uploads\/2024\/02\/Porto-__UG_3343-600x600.jpg","author_info":{"display_name":"myVideoMedia","author_link":"https:\/\/blog.myvideomedia.com\/de\/author\/traveladm\/"},"_links":{"self":[{"href":"https:\/\/blog.myvideomedia.com\/de\/wp-json\/wp\/v2\/posts\/27800","targetHints":{"allow":["GET"]}}],"collection":[{"href":"https:\/\/blog.myvideomedia.com\/de\/wp-json\/wp\/v2\/posts"}],"about":[{"href":"https:\/\/blog.myvideomedia.com\/de\/wp-json\/wp\/v2\/types\/post"}],"author":[{"embeddable":true,"href":"https:\/\/blog.myvideomedia.com\/de\/wp-json\/wp\/v2\/users\/1"}],"replies":[{"embeddable":true,"href":"https:\/\/blog.myvideomedia.com\/de\/wp-json\/wp\/v2\/comments?post=27800"}],"version-history":[{"count":0,"href":"https:\/\/blog.myvideomedia.com\/de\/wp-json\/wp\/v2\/posts\/27800\/revisions"}],"wp:featuredmedia":[{"embeddable":true,"href":"https:\/\/blog.myvideomedia.com\/de\/wp-json\/wp\/v2\/media\/27816"}],"wp:attachment":[{"href":"https:\/\/blog.myvideomedia.com\/de\/wp-json\/wp\/v2\/media?parent=27800"}],"wp:term":[{"taxonomy":"category","embeddable":true,"href":"https:\/\/blog.myvideomedia.com\/de\/wp-json\/wp\/v2\/categories?post=27800"},{"taxonomy":"post_tag","embeddable":true,"href":"https:\/\/blog.myvideomedia.com\/de\/wp-json\/wp\/v2\/tags?post=27800"}],"curies":[{"name":"wp","href":"https:\/\/api.w.org\/{rel}","templated":true}]}}