{"id":27829,"date":"2024-02-22T16:38:11","date_gmt":"2024-02-22T15:38:11","guid":{"rendered":"https:\/\/blog.myvideomedia.com\/?p=27829"},"modified":"2024-03-01T18:35:12","modified_gmt":"2024-03-01T17:35:12","slug":"porto-stadtspaziergang-1","status":"publish","type":"post","link":"https:\/\/blog.myvideomedia.com\/de\/porto-stadtspaziergang-1\/","title":{"rendered":"Porto Stadtspaziergang &#8211; Teil 1"},"content":{"rendered":"\n<p>Heute versuchen wir bei unserem Stadtspaziergang den n\u00f6rdlichen Teil der Altstadt von Porto zu erkunden. Ausgangspunkt ist der Bahnhof S\u00e3o Bento.<\/p>\n\n\n\n<figure class=\"wp-block-image size-full\"><img loading=\"lazy\" decoding=\"async\" width=\"1280\" height=\"720\" src=\"https:\/\/blog.myvideomedia.com\/wp-content\/uploads\/2024\/02\/Porto-__UG_3351.jpg\" alt=\"Bahnhof Sao Bento in Porto\" class=\"wp-image-27830\" srcset=\"https:\/\/blog.myvideomedia.com\/wp-content\/uploads\/2024\/02\/Porto-__UG_3351.jpg 1280w, https:\/\/blog.myvideomedia.com\/wp-content\/uploads\/2024\/02\/Porto-__UG_3351-600x338.jpg 600w, https:\/\/blog.myvideomedia.com\/wp-content\/uploads\/2024\/02\/Porto-__UG_3351-768x432.jpg 768w\" sizes=\"auto, (max-width: 1280px) 100vw, 1280px\" \/><\/figure>\n\n\n\n<p><br>Die Einganghalle ist reich geschm\u00fcckt mit Azulejos (portugiesische Fliesenbilder). Eines Zeigt die Eroberung Ceutas durch Infante D. Henrique, durch den Portugal zur Seefahrer-Nation aufstieg. Der Bahnhof ist durch ein Tunnelsystem mit dem Bahnhof Campanh\u00e3, an dem die Fernverkehrsz\u00fcge halten. Unterhalb des Bahnhofs befindet sich die Metrostation, die zum Knotenpunkt Trindade f\u00fchrt.<\/p>\n\n\n\n<figure class=\"wp-block-image size-full\"><img loading=\"lazy\" decoding=\"async\" width=\"1280\" height=\"720\" src=\"https:\/\/blog.myvideomedia.com\/wp-content\/uploads\/2024\/02\/Porto-_PXL_20240203_090212279.RAW-01.MP_.COVER_.jpg\" alt=\"\" class=\"wp-image-27832\" srcset=\"https:\/\/blog.myvideomedia.com\/wp-content\/uploads\/2024\/02\/Porto-_PXL_20240203_090212279.RAW-01.MP_.COVER_.jpg 1280w, https:\/\/blog.myvideomedia.com\/wp-content\/uploads\/2024\/02\/Porto-_PXL_20240203_090212279.RAW-01.MP_.COVER_-600x338.jpg 600w, https:\/\/blog.myvideomedia.com\/wp-content\/uploads\/2024\/02\/Porto-_PXL_20240203_090212279.RAW-01.MP_.COVER_-768x432.jpg 768w\" sizes=\"auto, (max-width: 1280px) 100vw, 1280px\" \/><\/figure>\n\n\n\n<p>Wir gehen weiter Richtung Kathedrale und biegen links ab in die Rua Cha, in der die typische portugiesische Architektur besonders sch\u00f6n zu sehen ist. Weiter entlang der Rua do Cativo erreichen wir den Platz Pra\u00e7a da Batalha. Ein Markt beherrscht hier das Geschehen. An seiner S\u00fcdseite erhebt sich das Nationaltheater Teatro Nacional S\u00e3o Jo\u00e3o.<\/p>\n\n\n\n<figure class=\"wp-block-image size-full\"><img loading=\"lazy\" decoding=\"async\" width=\"1280\" height=\"720\" src=\"https:\/\/blog.myvideomedia.com\/wp-content\/uploads\/2024\/02\/Porto-__UG_3361.jpg\" alt=\"\" class=\"wp-image-27834\" srcset=\"https:\/\/blog.myvideomedia.com\/wp-content\/uploads\/2024\/02\/Porto-__UG_3361.jpg 1280w, https:\/\/blog.myvideomedia.com\/wp-content\/uploads\/2024\/02\/Porto-__UG_3361-600x338.jpg 600w, https:\/\/blog.myvideomedia.com\/wp-content\/uploads\/2024\/02\/Porto-__UG_3361-768x432.jpg 768w\" sizes=\"auto, (max-width: 1280px) 100vw, 1280px\" \/><\/figure>\n\n\n\n<p><br>Im Nordosten begrenzt den Platz die Kirche Igreja Paroquial de Santo Ildefonso. Sie zeichnet sich durch ihre besonders sch\u00f6nen Fliesenbilder aus, die aus 11000 Kacheln bestehen.<\/p>\n\n\n\n<p>Richtung Westen f\u00fchrt von hier aus die Rua de 31 de Janeiro steil bergab und an der gegen\u00fcberliegenden Seite bergauf zur Kirche Igreja dos Cl\u00e9rigos. Der Name der Stra\u00dfe bezieht sich auf das Datum, an dem 1891 hier der Aufstand gegen die Monarchie zur Gr\u00fcndung der Republik ihren Anfang nahm. Im Mai 2007 veranstaltete hier der portugiesische Skiverband auf einer 200 m langen Piste ein Skirennen. Daf\u00fcr wurden 250 Tonnen Stickstoff ben\u00f6tigt.<br><\/p>\n\n\n\n<h3 class=\"wp-block-heading\"><a href=\"https:\/\/youtu.be\/00nLkb2gZ2g\">Hier sehen Sie das 4K UHD Vi<\/a><a href=\"https:\/\/youtu.be\/00nLkb2gZ2g\" target=\"_blank\" rel=\"noreferrer noopener\">deo<\/a><\/h3>\n\n\n\n<figure class=\"wp-block-embed is-type-video is-provider-youtube wp-block-embed-youtube wp-embed-aspect-16-9 wp-has-aspect-ratio\"><div class=\"wp-block-embed__wrapper\">\n <div class=\"brlbs-cmpnt-container brlbs-cmpnt-content-blocker brlbs-cmpnt-with-individual-styles\" data-borlabs-cookie-content-blocker-id=\"youtube-content-blocker\" data-borlabs-cookie-content=\"PGlmcmFtZSB0aXRsZT0iUG9ydG8sIENpdHkgV2FsayAgUGFydDEg4oCTIFBvcnR1Z2FsIDRLIFRyYXZlbCBDaGFubmVsIiB3aWR0aD0iNTAwIiBoZWlnaHQ9IjI4MSIgc3JjPSJodHRwczovL3d3dy55b3V0dWJlLW5vY29va2llLmNvbS9lbWJlZC8wMG5Ma2IyZ1oyZz9mZWF0dXJlPW9lbWJlZCIgZnJhbWVib3JkZXI9IjAiIGFsbG93PSJhY2NlbGVyb21ldGVyOyBhdXRvcGxheTsgY2xpcGJvYXJkLXdyaXRlOyBlbmNyeXB0ZWQtbWVkaWE7IGd5cm9zY29wZTsgcGljdHVyZS1pbi1waWN0dXJlOyB3ZWItc2hhcmUiIHJlZmVycmVycG9saWN5PSJzdHJpY3Qtb3JpZ2luLXdoZW4tY3Jvc3Mtb3JpZ2luIiBhbGxvd2Z1bGxzY3JlZW4+PC9pZnJhbWU+\"><div class=\"brlbs-cmpnt-cb-preset-c brlbs-cmpnt-cb-youtube\"> <div class=\"brlbs-cmpnt-cb-thumbnail\" style=\"background-image: url('https:\/\/blog.myvideomedia.com\/wp-content\/uploads\/borlabs-cookie\/1\/yt_00nLkb2gZ2g_hqdefault.jpg')\"><\/div> <div class=\"brlbs-cmpnt-cb-main\"> <div class=\"brlbs-cmpnt-cb-play-button\"><\/div> <div class=\"brlbs-cmpnt-cb-content\"> <p class=\"brlbs-cmpnt-cb-description\">Sie sehen gerade einen Platzhalterinhalt von <strong>YouTube<\/strong>. Um auf den eigentlichen Inhalt zuzugreifen, klicken Sie auf die Schaltfl\u00e4che unten. Bitte beachten Sie, dass dabei Daten an Drittanbieter weitergegeben werden.<\/p> <a class=\"brlbs-cmpnt-cb-provider-toggle\" href=\"#\" data-borlabs-cookie-show-provider-information role=\"button\">Mehr Informationen<\/a> <\/div> <div class=\"brlbs-cmpnt-cb-buttons\"> <a class=\"brlbs-cmpnt-cb-btn\" href=\"#\" data-borlabs-cookie-unblock role=\"button\">Inhalt entsperren<\/a> <a class=\"brlbs-cmpnt-cb-btn\" href=\"#\" data-borlabs-cookie-accept-service role=\"button\" style=\"display: inherit\">Erforderlichen Service akzeptieren und Inhalte entsperren<\/a> <\/div> <\/div> <\/div><\/div>\n<\/div><figcaption class=\"wp-element-caption\">Video Porto City Walk &#8211; Part 1<\/figcaption><\/figure>\n\n\n\n<p>Richtung Nordosten verl\u00e4uft die R. de Santa Catarina, eine weitere bedeutende Einkaufs- und Restaurant-Stra\u00dfe.Hier besuchen wir das Caf\u00e9 Majestic, eines der touristischen Highlights von Porto. In diesem, im Jugendstil errichteten Caf\u00e9, hielt sich h\u00e4ufig Joanne K. Rowling auf und schrieb hier Anfang der 1990 Jahre die ersten Kapitel ihres ersten Harry-Potter-Buches.<\/p>\n\n\n\n<figure class=\"wp-block-image size-full\"><img loading=\"lazy\" decoding=\"async\" width=\"1280\" height=\"720\" src=\"https:\/\/blog.myvideomedia.com\/wp-content\/uploads\/2024\/02\/Porto-_PXL_20240203_093644516.RAW-01.MP_.COVER_.jpg\" alt=\"Caf\u00e9 Majestic, der Geburtsort der Harry Potter-B\u00fccher\" class=\"wp-image-27854\" srcset=\"https:\/\/blog.myvideomedia.com\/wp-content\/uploads\/2024\/02\/Porto-_PXL_20240203_093644516.RAW-01.MP_.COVER_.jpg 1280w, https:\/\/blog.myvideomedia.com\/wp-content\/uploads\/2024\/02\/Porto-_PXL_20240203_093644516.RAW-01.MP_.COVER_-600x338.jpg 600w, https:\/\/blog.myvideomedia.com\/wp-content\/uploads\/2024\/02\/Porto-_PXL_20240203_093644516.RAW-01.MP_.COVER_-768x432.jpg 768w\" sizes=\"auto, (max-width: 1280px) 100vw, 1280px\" \/><\/figure>\n\n\n\n<p>N\u00e4chste Station ist die Markhalle Mercado do Bolh\u00e3o. Sie ist \u00fcber die R. Formosa erreichbar, vorbei an dem Geschenke- und Lebensmittelgesch\u00e4ft P\u00e9rola do Bolh\u00e3o, das sich durch seine im Art-D\u00e9co-Stil gestaltete Fassade auszeichnet. Doch auch seine ausgew\u00e4hlten Lebensmittel machen ihn zu einem Anziehungspunkt f\u00fcr Touristen.<\/p>\n\n\n\n<figure class=\"wp-block-image size-full\"><img loading=\"lazy\" decoding=\"async\" width=\"1280\" height=\"720\" src=\"https:\/\/blog.myvideomedia.com\/wp-content\/uploads\/2024\/02\/Porto-__UG_3397.jpg\" alt=\"Mercado do Bolh\u00e3o\" class=\"wp-image-27842\" srcset=\"https:\/\/blog.myvideomedia.com\/wp-content\/uploads\/2024\/02\/Porto-__UG_3397.jpg 1280w, https:\/\/blog.myvideomedia.com\/wp-content\/uploads\/2024\/02\/Porto-__UG_3397-600x338.jpg 600w, https:\/\/blog.myvideomedia.com\/wp-content\/uploads\/2024\/02\/Porto-__UG_3397-768x432.jpg 768w\" sizes=\"auto, (max-width: 1280px) 100vw, 1280px\" \/><\/figure>\n\n\n\n<p><br>Der Mercado do Bolh\u00e3o ist ein Lebensmittelmarkt f\u00fcr regionale Waren. as Treiben zieht Einheimische und Touristen gleicherma\u00dfen an. Das neoklassische Geb\u00e4ude ist in einen Hang gebaut, so da\u00df die Nebeneing\u00e4nge im ersten Stock und der r\u00fcckw\u00e4rtige Eingang im 2. Stock liegen.<\/p>\n\n\n\n<figure class=\"wp-block-image size-full\"><img loading=\"lazy\" decoding=\"async\" width=\"1280\" height=\"720\" src=\"https:\/\/blog.myvideomedia.com\/wp-content\/uploads\/2024\/02\/Porto-_PXL_20240203_103025747.RAW-01.MP_.COVER_.jpg\" alt=\"Mercado do Bolh\u00e3o\" class=\"wp-image-27840\" srcset=\"https:\/\/blog.myvideomedia.com\/wp-content\/uploads\/2024\/02\/Porto-_PXL_20240203_103025747.RAW-01.MP_.COVER_.jpg 1280w, https:\/\/blog.myvideomedia.com\/wp-content\/uploads\/2024\/02\/Porto-_PXL_20240203_103025747.RAW-01.MP_.COVER_-600x338.jpg 600w, https:\/\/blog.myvideomedia.com\/wp-content\/uploads\/2024\/02\/Porto-_PXL_20240203_103025747.RAW-01.MP_.COVER_-768x432.jpg 768w\" sizes=\"auto, (max-width: 1280px) 100vw, 1280px\" \/><\/figure>\n\n\n\n<p><\/p>\n\n\n\n<p><br>Nur wenige Minuten zu F\u00fc\u00df liegt der wichtigste Platz der Stadt, der Platz Avenida dos Aliados, der im Norden vom Rathaus (C\u00e2mara Municipal de Porto) mit seinem 70m hohen Turm \u00fcberragt wird. <\/p>\n\n\n\n<figure class=\"wp-block-image size-full\"><img loading=\"lazy\" decoding=\"async\" width=\"1280\" height=\"720\" src=\"https:\/\/blog.myvideomedia.com\/wp-content\/uploads\/2024\/02\/Porto-__UG_3407.jpg\" alt=\"\" class=\"wp-image-27844\" srcset=\"https:\/\/blog.myvideomedia.com\/wp-content\/uploads\/2024\/02\/Porto-__UG_3407.jpg 1280w, https:\/\/blog.myvideomedia.com\/wp-content\/uploads\/2024\/02\/Porto-__UG_3407-600x338.jpg 600w, https:\/\/blog.myvideomedia.com\/wp-content\/uploads\/2024\/02\/Porto-__UG_3407-768x432.jpg 768w\" sizes=\"auto, (max-width: 1280px) 100vw, 1280px\" \/><\/figure>\n\n\n\n<p>Der Platz ist im s\u00fcdlichen Teil aktuell leider eine Baustelle, da an der U-Bahn zum Douro gebaut wird. Die Reiterstatue von Dom Pedro IV. aus 10 Tonnen Bronze ist deshalb nur eingeschr\u00e4nkt zu sehen ist. Die U-Bahnstrecke soll 2025 fertiggestellt werden. Die S\u00fcdseite wird vom Hotel InterContinental Porto begrenzt.<\/p>\n\n\n\n<figure class=\"wp-block-image size-full\"><img loading=\"lazy\" decoding=\"async\" width=\"1280\" height=\"720\" src=\"https:\/\/blog.myvideomedia.com\/wp-content\/uploads\/2024\/02\/Porto-__UG_3423.jpg\" alt=\"Reiterstatue von Dom Pedro IV in Porto\" class=\"wp-image-27846\" srcset=\"https:\/\/blog.myvideomedia.com\/wp-content\/uploads\/2024\/02\/Porto-__UG_3423.jpg 1280w, https:\/\/blog.myvideomedia.com\/wp-content\/uploads\/2024\/02\/Porto-__UG_3423-600x338.jpg 600w, https:\/\/blog.myvideomedia.com\/wp-content\/uploads\/2024\/02\/Porto-__UG_3423-768x432.jpg 768w\" sizes=\"auto, (max-width: 1280px) 100vw, 1280px\" \/><\/figure>\n\n\n\n<p><br><br>Als wir die Rua dos Cl\u00e9rigos erreichen sehen wir links das Sardinengesch\u00e4ft O Mundo Fant\u00e1stico das Sardinhas Portuguesas. <\/p>\n\n\n\n<figure class=\"wp-block-image size-full\"><img loading=\"lazy\" decoding=\"async\" width=\"1280\" height=\"720\" src=\"https:\/\/blog.myvideomedia.com\/wp-content\/uploads\/2024\/02\/Porto-__UG_3434.jpg\" alt=\"O Mundo Fant\u00e1stico das Sardinhas Portuguesas\" class=\"wp-image-27858\" srcset=\"https:\/\/blog.myvideomedia.com\/wp-content\/uploads\/2024\/02\/Porto-__UG_3434.jpg 1280w, https:\/\/blog.myvideomedia.com\/wp-content\/uploads\/2024\/02\/Porto-__UG_3434-600x338.jpg 600w, https:\/\/blog.myvideomedia.com\/wp-content\/uploads\/2024\/02\/Porto-__UG_3434-768x432.jpg 768w\" sizes=\"auto, (max-width: 1280px) 100vw, 1280px\" \/><\/figure>\n\n\n\n<p>Ausgew\u00e4hlte Sardinen und andere Meeresfr\u00fcchte werden hier in fantasievoll bedruckten Dosen vermarktet. Ein zweites Gesch\u00e4ft existiert in New York. Der nette Verk\u00e4ufer stammt von den Kapverden.<\/p>\n\n\n\n<figure class=\"wp-block-image size-full\"><img loading=\"lazy\" decoding=\"async\" width=\"1280\" height=\"720\" src=\"https:\/\/blog.myvideomedia.com\/wp-content\/uploads\/2024\/02\/Porto-__UG_3433.jpg\" alt=\"O Mundo Fant\u00e1stico das Sardinhas Portuguesas\" class=\"wp-image-27848\" srcset=\"https:\/\/blog.myvideomedia.com\/wp-content\/uploads\/2024\/02\/Porto-__UG_3433.jpg 1280w, https:\/\/blog.myvideomedia.com\/wp-content\/uploads\/2024\/02\/Porto-__UG_3433-600x338.jpg 600w, https:\/\/blog.myvideomedia.com\/wp-content\/uploads\/2024\/02\/Porto-__UG_3433-768x432.jpg 768w\" sizes=\"auto, (max-width: 1280px) 100vw, 1280px\" \/><\/figure>\n\n\n\n<p>Am Ende der Stra\u00dfe erhebt sich die Kirche Igreja e Torre dos Cl\u00e9rigos. Es ist Samstag und der Besucherandrang am Eingang ist sehr gro\u00df, so dass wir auf einen Besuch verzichten.<br><br>Auf dem Platz vor der Kirche befindet sich der Park Jardim da Cordoaria. Neben der Kirche umrahmen ihn das Portugiesisches Zentrum f\u00fcr Fotografie (Centro Portugu\u00eas de Fotografia), das St\u00e4dtische Gerichtsgeb\u00e4ude (Tribunal Judicial da Comarca do Porto) und das Museum f\u00fcr Naturgeschichte und Wissenschaft (Museu de Hist\u00f3ria Natural e da Ci\u00eancia da Universidade do Porto). Das Museum wiederum teilt sich das Geb\u00e4ude mit der Universit\u00e4t von Porto (Universidade do Porto).<br><\/p>\n\n\n\n<figure class=\"wp-block-image size-full\"><img loading=\"lazy\" decoding=\"async\" width=\"1280\" height=\"720\" src=\"https:\/\/blog.myvideomedia.com\/wp-content\/uploads\/2024\/02\/Porto-__UG_3451.jpg\" alt=\"\" class=\"wp-image-27850\" srcset=\"https:\/\/blog.myvideomedia.com\/wp-content\/uploads\/2024\/02\/Porto-__UG_3451.jpg 1280w, https:\/\/blog.myvideomedia.com\/wp-content\/uploads\/2024\/02\/Porto-__UG_3451-600x338.jpg 600w, https:\/\/blog.myvideomedia.com\/wp-content\/uploads\/2024\/02\/Porto-__UG_3451-768x432.jpg 768w\" sizes=\"auto, (max-width: 1280px) 100vw, 1280px\" \/><\/figure>\n\n\n\n<p><br>Gegen\u00fcber der Universit\u00e4t befindet sich die Katholische Kirche Portugals (Igreja do Carmo), die als Nationaldenkmal eingestuft wurde. Die Seitenwand ist mit einer gro\u00dfen Kacheltafel bedeckt.<\/p>\n\n\n\n<figure class=\"wp-block-image size-full\"><img loading=\"lazy\" decoding=\"async\" width=\"1280\" height=\"720\" src=\"https:\/\/blog.myvideomedia.com\/wp-content\/uploads\/2024\/02\/Porto-__UG_3462.jpg\" alt=\"\" class=\"wp-image-27852\" srcset=\"https:\/\/blog.myvideomedia.com\/wp-content\/uploads\/2024\/02\/Porto-__UG_3462.jpg 1280w, https:\/\/blog.myvideomedia.com\/wp-content\/uploads\/2024\/02\/Porto-__UG_3462-600x338.jpg 600w, https:\/\/blog.myvideomedia.com\/wp-content\/uploads\/2024\/02\/Porto-__UG_3462-768x432.jpg 768w\" sizes=\"auto, (max-width: 1280px) 100vw, 1280px\" \/><\/figure>\n\n\n\n<p><br>\u00d6stlich der Universit\u00e4t, in R. das Carmelitas, buchen wir f\u00fcr die n\u00e4chsten Tage einen Besuch bei Livraria Lello, der ber\u00fchmten Harry-Potter-Buchhandlung, bevor wir wieder in Richtung S\u00e3o Bento absteigen.<\/p>\n\n\n\n<p>Text, Fotos und Video: Copyright \u00a9 <a href=\"https:\/\/www.myvideomedia.de\" target=\"_blank\" rel=\"noreferrer noopener\">myVideoMedia<\/a><\/p>\n","protected":false},"excerpt":{"rendered":"<p>Heute versuchen wir bei unserem Stadtspaziergang den n\u00f6rdlichen Teil der Altstadt von Porto zu erkunden. Ausgangspunkt ist der Bahnhof S\u00e3o Bento. Die Einganghalle ist reich geschm\u00fcckt mit Azulejos (portugiesische Fliesenbilder). Eines Zeigt die Eroberung Ceutas durch Infante D. Henrique, durch den Portugal zur Seefahrer-Nation aufstieg. Der Bahnhof ist durch ein Tunnelsystem mit dem Bahnhof Campanh\u00e3, [&hellip;]<\/p>\n","protected":false},"author":1,"featured_media":27857,"comment_status":"open","ping_status":"closed","sticky":false,"template":"","format":"standard","meta":{"_genesis_hide_title":false,"_genesis_hide_breadcrumbs":false,"_genesis_hide_singular_image":false,"_genesis_hide_footer_widgets":false,"_genesis_custom_body_class":"","_genesis_custom_post_class":"","_genesis_layout":"","footnotes":""},"categories":[1149,1550,525],"tags":[447,460,1512,453,1326],"class_list":{"0":"post-27829","1":"post","2":"type-post","3":"status-publish","4":"format-standard","5":"has-post-thumbnail","7":"category-allgemein","8":"category-europa","9":"category-portugal_d","10":"tag-architektur","11":"tag-filmkulisse","12":"tag-markt-de","13":"tag-stadt","14":"tag-stadtrundgang","15":"entry"},"yoast_head":"<!-- This site is optimized with the Yoast SEO plugin v27.4 - https:\/\/yoast.com\/product\/yoast-seo-wordpress\/ -->\n<title>Porto Stadtspaziergang - Teil 1 - Portugal - Reise Video Blog<\/title>\n<meta name=\"description\" content=\"Der erste Teil unseres Stadtspaziergangs durch Porto f\u00fchrt uns unter anderem vom Bahnhof S\u00e3o Bentou zum ber\u00fchmten Caf\u00e9 Majestics und der Markthalle.\" \/>\n<meta name=\"robots\" content=\"index, follow, max-snippet:-1, max-image-preview:large, max-video-preview:-1\" \/>\n<link rel=\"canonical\" href=\"https:\/\/blog.myvideomedia.com\/de\/porto-stadtspaziergang-1\/\" \/>\n<meta property=\"og:locale\" content=\"de_DE\" \/>\n<meta property=\"og:type\" content=\"article\" \/>\n<meta property=\"og:title\" content=\"Porto Stadtspaziergang - Teil 1 - Portugal - Reise Video Blog\" \/>\n<meta property=\"og:description\" content=\"Der erste Teil unseres Stadtspaziergangs durch Porto f\u00fchrt uns unter anderem vom Bahnhof S\u00e3o Bentou zum ber\u00fchmten Caf\u00e9 Majestics und der Markthalle.\" \/>\n<meta property=\"og:url\" content=\"https:\/\/blog.myvideomedia.com\/de\/porto-stadtspaziergang-1\/\" \/>\n<meta property=\"og:site_name\" content=\"Reise Video Blog\" \/>\n<meta property=\"article:publisher\" content=\"https:\/\/www.facebook.com\/ursula.streit.520\" \/>\n<meta property=\"article:author\" content=\"https:\/\/www.facebook.com\/ursula.streit.520\" \/>\n<meta property=\"article:published_time\" content=\"2024-02-22T15:38:11+00:00\" \/>\n<meta property=\"article:modified_time\" content=\"2024-03-01T17:35:12+00:00\" \/>\n<meta property=\"og:image\" content=\"https:\/\/blog.myvideomedia.com\/wp-content\/uploads\/2024\/02\/Porto-__UG_3448.jpg\" \/>\n\t<meta property=\"og:image:width\" content=\"1280\" \/>\n\t<meta property=\"og:image:height\" content=\"720\" \/>\n\t<meta property=\"og:image:type\" content=\"image\/jpeg\" \/>\n<meta name=\"author\" content=\"myVideoMedia\" \/>\n<meta name=\"twitter:card\" content=\"summary_large_image\" \/>\n<meta name=\"twitter:creator\" content=\"@myvideomedia\" \/>\n<meta name=\"twitter:site\" content=\"@myvideomedia\" \/>\n<meta name=\"twitter:label1\" content=\"Verfasst von\" \/>\n\t<meta name=\"twitter:data1\" content=\"myVideoMedia\" \/>\n\t<meta name=\"twitter:label2\" content=\"Gesch\u00e4tzte Lesezeit\" \/>\n\t<meta name=\"twitter:data2\" content=\"7\u00a0Minuten\" \/>\n<script type=\"application\/ld+json\" class=\"yoast-schema-graph\">{\"@context\":\"https:\\\/\\\/schema.org\",\"@graph\":[{\"@type\":\"Article\",\"@id\":\"https:\\\/\\\/blog.myvideomedia.com\\\/de\\\/porto-stadtspaziergang-1\\\/#article\",\"isPartOf\":{\"@id\":\"https:\\\/\\\/blog.myvideomedia.com\\\/de\\\/porto-stadtspaziergang-1\\\/\"},\"author\":{\"name\":\"myVideoMedia\",\"@id\":\"https:\\\/\\\/blog.myvideomedia.com\\\/de\\\/#\\\/schema\\\/person\\\/87be8fbbed69b1562242448c1c3dcbec\"},\"headline\":\"Porto Stadtspaziergang &#8211; Teil 1\",\"datePublished\":\"2024-02-22T15:38:11+00:00\",\"dateModified\":\"2024-03-01T17:35:12+00:00\",\"mainEntityOfPage\":{\"@id\":\"https:\\\/\\\/blog.myvideomedia.com\\\/de\\\/porto-stadtspaziergang-1\\\/\"},\"wordCount\":721,\"commentCount\":0,\"publisher\":{\"@id\":\"https:\\\/\\\/blog.myvideomedia.com\\\/de\\\/#\\\/schema\\\/person\\\/87be8fbbed69b1562242448c1c3dcbec\"},\"image\":{\"@id\":\"https:\\\/\\\/blog.myvideomedia.com\\\/de\\\/porto-stadtspaziergang-1\\\/#primaryimage\"},\"thumbnailUrl\":\"https:\\\/\\\/blog.myvideomedia.com\\\/wp-content\\\/uploads\\\/2024\\\/02\\\/Porto-__UG_3448.jpg\",\"keywords\":[\"Architektur\",\"Filmkulisse\",\"Markt\",\"Stadt\",\"Stadtrundgang\"],\"articleSection\":{\"1\":\"Europa\",\"2\":\"Portugal\"},\"inLanguage\":\"de\",\"potentialAction\":[{\"@type\":\"CommentAction\",\"name\":\"Comment\",\"target\":[\"https:\\\/\\\/blog.myvideomedia.com\\\/de\\\/porto-stadtspaziergang-1\\\/#respond\"]}]},{\"@type\":\"WebPage\",\"@id\":\"https:\\\/\\\/blog.myvideomedia.com\\\/de\\\/porto-stadtspaziergang-1\\\/\",\"url\":\"https:\\\/\\\/blog.myvideomedia.com\\\/de\\\/porto-stadtspaziergang-1\\\/\",\"name\":\"Porto Stadtspaziergang - Teil 1 - Portugal - Reise Video Blog\",\"isPartOf\":{\"@id\":\"https:\\\/\\\/blog.myvideomedia.com\\\/de\\\/#website\"},\"primaryImageOfPage\":{\"@id\":\"https:\\\/\\\/blog.myvideomedia.com\\\/de\\\/porto-stadtspaziergang-1\\\/#primaryimage\"},\"image\":{\"@id\":\"https:\\\/\\\/blog.myvideomedia.com\\\/de\\\/porto-stadtspaziergang-1\\\/#primaryimage\"},\"thumbnailUrl\":\"https:\\\/\\\/blog.myvideomedia.com\\\/wp-content\\\/uploads\\\/2024\\\/02\\\/Porto-__UG_3448.jpg\",\"datePublished\":\"2024-02-22T15:38:11+00:00\",\"dateModified\":\"2024-03-01T17:35:12+00:00\",\"description\":\"Der erste Teil unseres Stadtspaziergangs durch Porto f\u00fchrt uns unter anderem vom Bahnhof S\u00e3o Bentou zum ber\u00fchmten Caf\u00e9 Majestics und der Markthalle.\",\"breadcrumb\":{\"@id\":\"https:\\\/\\\/blog.myvideomedia.com\\\/de\\\/porto-stadtspaziergang-1\\\/#breadcrumb\"},\"inLanguage\":\"de\",\"potentialAction\":[{\"@type\":\"ReadAction\",\"target\":[\"https:\\\/\\\/blog.myvideomedia.com\\\/de\\\/porto-stadtspaziergang-1\\\/\"]}]},{\"@type\":\"ImageObject\",\"inLanguage\":\"de\",\"@id\":\"https:\\\/\\\/blog.myvideomedia.com\\\/de\\\/porto-stadtspaziergang-1\\\/#primaryimage\",\"url\":\"https:\\\/\\\/blog.myvideomedia.com\\\/wp-content\\\/uploads\\\/2024\\\/02\\\/Porto-__UG_3448.jpg\",\"contentUrl\":\"https:\\\/\\\/blog.myvideomedia.com\\\/wp-content\\\/uploads\\\/2024\\\/02\\\/Porto-__UG_3448.jpg\",\"width\":1280,\"height\":720,\"caption\":\"Porto City Walk - Part 1\"},{\"@type\":\"BreadcrumbList\",\"@id\":\"https:\\\/\\\/blog.myvideomedia.com\\\/de\\\/porto-stadtspaziergang-1\\\/#breadcrumb\",\"itemListElement\":[{\"@type\":\"ListItem\",\"position\":1,\"name\":\"Home\",\"item\":\"https:\\\/\\\/blog.myvideomedia.com\\\/de\\\/\"},{\"@type\":\"ListItem\",\"position\":2,\"name\":\"Porto Stadtspaziergang &#8211; Teil 1\"}]},{\"@type\":\"WebSite\",\"@id\":\"https:\\\/\\\/blog.myvideomedia.com\\\/de\\\/#website\",\"url\":\"https:\\\/\\\/blog.myvideomedia.com\\\/de\\\/\",\"name\":\"Travel Video Blog\",\"description\":\"myVideoMedia Reisetipps und Reisevideos\",\"publisher\":{\"@id\":\"https:\\\/\\\/blog.myvideomedia.com\\\/de\\\/#\\\/schema\\\/person\\\/87be8fbbed69b1562242448c1c3dcbec\"},\"potentialAction\":[{\"@type\":\"SearchAction\",\"target\":{\"@type\":\"EntryPoint\",\"urlTemplate\":\"https:\\\/\\\/blog.myvideomedia.com\\\/de\\\/?s={search_term_string}\"},\"query-input\":{\"@type\":\"PropertyValueSpecification\",\"valueRequired\":true,\"valueName\":\"search_term_string\"}}],\"inLanguage\":\"de\"},{\"@type\":[\"Person\",\"Organization\"],\"@id\":\"https:\\\/\\\/blog.myvideomedia.com\\\/de\\\/#\\\/schema\\\/person\\\/87be8fbbed69b1562242448c1c3dcbec\",\"name\":\"myVideoMedia\",\"image\":{\"@type\":\"ImageObject\",\"inLanguage\":\"de\",\"@id\":\"https:\\\/\\\/secure.gravatar.com\\\/avatar\\\/460720160715ef8975b781abd1b6985e55ce2f01567bb6757bebd73e7cf74c97?s=96&d=mm&r=g\",\"url\":\"https:\\\/\\\/secure.gravatar.com\\\/avatar\\\/460720160715ef8975b781abd1b6985e55ce2f01567bb6757bebd73e7cf74c97?s=96&d=mm&r=g\",\"contentUrl\":\"https:\\\/\\\/secure.gravatar.com\\\/avatar\\\/460720160715ef8975b781abd1b6985e55ce2f01567bb6757bebd73e7cf74c97?s=96&d=mm&r=g\",\"caption\":\"myVideoMedia\"},\"logo\":{\"@id\":\"https:\\\/\\\/secure.gravatar.com\\\/avatar\\\/460720160715ef8975b781abd1b6985e55ce2f01567bb6757bebd73e7cf74c97?s=96&d=mm&r=g\"},\"description\":\"\\\"The World is a book, and those who do not travel read only a page\\\" - Aurelius Augustinus (354 - 430 AD) Travel is our passion. With our posts and videos we like to inspire people who are planning or preparing for holidays as well as people who simply want to escape from everyday life and dream of faraway countries.\",\"sameAs\":[\"https:\\\/\\\/www.myvideomedia.com\",\"https:\\\/\\\/www.facebook.com\\\/ursula.streit.520\"],\"url\":\"https:\\\/\\\/blog.myvideomedia.com\\\/de\\\/author\\\/traveladm\\\/\"}]}<\/script>\n<!-- \/ Yoast SEO plugin. -->","yoast_head_json":{"title":"Porto Stadtspaziergang - Teil 1 - Portugal - Reise Video Blog","description":"Der erste Teil unseres Stadtspaziergangs durch Porto f\u00fchrt uns unter anderem vom Bahnhof S\u00e3o Bentou zum ber\u00fchmten Caf\u00e9 Majestics und der Markthalle.","robots":{"index":"index","follow":"follow","max-snippet":"max-snippet:-1","max-image-preview":"max-image-preview:large","max-video-preview":"max-video-preview:-1"},"canonical":"https:\/\/blog.myvideomedia.com\/de\/porto-stadtspaziergang-1\/","og_locale":"de_DE","og_type":"article","og_title":"Porto Stadtspaziergang - Teil 1 - Portugal - Reise Video Blog","og_description":"Der erste Teil unseres Stadtspaziergangs durch Porto f\u00fchrt uns unter anderem vom Bahnhof S\u00e3o Bentou zum ber\u00fchmten Caf\u00e9 Majestics und der Markthalle.","og_url":"https:\/\/blog.myvideomedia.com\/de\/porto-stadtspaziergang-1\/","og_site_name":"Reise Video Blog","article_publisher":"https:\/\/www.facebook.com\/ursula.streit.520","article_author":"https:\/\/www.facebook.com\/ursula.streit.520","article_published_time":"2024-02-22T15:38:11+00:00","article_modified_time":"2024-03-01T17:35:12+00:00","og_image":[{"width":1280,"height":720,"url":"https:\/\/blog.myvideomedia.com\/wp-content\/uploads\/2024\/02\/Porto-__UG_3448.jpg","type":"image\/jpeg"}],"author":"myVideoMedia","twitter_card":"summary_large_image","twitter_creator":"@myvideomedia","twitter_site":"@myvideomedia","twitter_misc":{"Verfasst von":"myVideoMedia","Gesch\u00e4tzte Lesezeit":"7\u00a0Minuten"},"schema":{"@context":"https:\/\/schema.org","@graph":[{"@type":"Article","@id":"https:\/\/blog.myvideomedia.com\/de\/porto-stadtspaziergang-1\/#article","isPartOf":{"@id":"https:\/\/blog.myvideomedia.com\/de\/porto-stadtspaziergang-1\/"},"author":{"name":"myVideoMedia","@id":"https:\/\/blog.myvideomedia.com\/de\/#\/schema\/person\/87be8fbbed69b1562242448c1c3dcbec"},"headline":"Porto Stadtspaziergang &#8211; Teil 1","datePublished":"2024-02-22T15:38:11+00:00","dateModified":"2024-03-01T17:35:12+00:00","mainEntityOfPage":{"@id":"https:\/\/blog.myvideomedia.com\/de\/porto-stadtspaziergang-1\/"},"wordCount":721,"commentCount":0,"publisher":{"@id":"https:\/\/blog.myvideomedia.com\/de\/#\/schema\/person\/87be8fbbed69b1562242448c1c3dcbec"},"image":{"@id":"https:\/\/blog.myvideomedia.com\/de\/porto-stadtspaziergang-1\/#primaryimage"},"thumbnailUrl":"https:\/\/blog.myvideomedia.com\/wp-content\/uploads\/2024\/02\/Porto-__UG_3448.jpg","keywords":["Architektur","Filmkulisse","Markt","Stadt","Stadtrundgang"],"articleSection":{"1":"Europa","2":"Portugal"},"inLanguage":"de","potentialAction":[{"@type":"CommentAction","name":"Comment","target":["https:\/\/blog.myvideomedia.com\/de\/porto-stadtspaziergang-1\/#respond"]}]},{"@type":"WebPage","@id":"https:\/\/blog.myvideomedia.com\/de\/porto-stadtspaziergang-1\/","url":"https:\/\/blog.myvideomedia.com\/de\/porto-stadtspaziergang-1\/","name":"Porto Stadtspaziergang - Teil 1 - Portugal - Reise Video Blog","isPartOf":{"@id":"https:\/\/blog.myvideomedia.com\/de\/#website"},"primaryImageOfPage":{"@id":"https:\/\/blog.myvideomedia.com\/de\/porto-stadtspaziergang-1\/#primaryimage"},"image":{"@id":"https:\/\/blog.myvideomedia.com\/de\/porto-stadtspaziergang-1\/#primaryimage"},"thumbnailUrl":"https:\/\/blog.myvideomedia.com\/wp-content\/uploads\/2024\/02\/Porto-__UG_3448.jpg","datePublished":"2024-02-22T15:38:11+00:00","dateModified":"2024-03-01T17:35:12+00:00","description":"Der erste Teil unseres Stadtspaziergangs durch Porto f\u00fchrt uns unter anderem vom Bahnhof S\u00e3o Bentou zum ber\u00fchmten Caf\u00e9 Majestics und der Markthalle.","breadcrumb":{"@id":"https:\/\/blog.myvideomedia.com\/de\/porto-stadtspaziergang-1\/#breadcrumb"},"inLanguage":"de","potentialAction":[{"@type":"ReadAction","target":["https:\/\/blog.myvideomedia.com\/de\/porto-stadtspaziergang-1\/"]}]},{"@type":"ImageObject","inLanguage":"de","@id":"https:\/\/blog.myvideomedia.com\/de\/porto-stadtspaziergang-1\/#primaryimage","url":"https:\/\/blog.myvideomedia.com\/wp-content\/uploads\/2024\/02\/Porto-__UG_3448.jpg","contentUrl":"https:\/\/blog.myvideomedia.com\/wp-content\/uploads\/2024\/02\/Porto-__UG_3448.jpg","width":1280,"height":720,"caption":"Porto City Walk - Part 1"},{"@type":"BreadcrumbList","@id":"https:\/\/blog.myvideomedia.com\/de\/porto-stadtspaziergang-1\/#breadcrumb","itemListElement":[{"@type":"ListItem","position":1,"name":"Home","item":"https:\/\/blog.myvideomedia.com\/de\/"},{"@type":"ListItem","position":2,"name":"Porto Stadtspaziergang &#8211; Teil 1"}]},{"@type":"WebSite","@id":"https:\/\/blog.myvideomedia.com\/de\/#website","url":"https:\/\/blog.myvideomedia.com\/de\/","name":"Travel Video Blog","description":"myVideoMedia Reisetipps und Reisevideos","publisher":{"@id":"https:\/\/blog.myvideomedia.com\/de\/#\/schema\/person\/87be8fbbed69b1562242448c1c3dcbec"},"potentialAction":[{"@type":"SearchAction","target":{"@type":"EntryPoint","urlTemplate":"https:\/\/blog.myvideomedia.com\/de\/?s={search_term_string}"},"query-input":{"@type":"PropertyValueSpecification","valueRequired":true,"valueName":"search_term_string"}}],"inLanguage":"de"},{"@type":["Person","Organization"],"@id":"https:\/\/blog.myvideomedia.com\/de\/#\/schema\/person\/87be8fbbed69b1562242448c1c3dcbec","name":"myVideoMedia","image":{"@type":"ImageObject","inLanguage":"de","@id":"https:\/\/secure.gravatar.com\/avatar\/460720160715ef8975b781abd1b6985e55ce2f01567bb6757bebd73e7cf74c97?s=96&d=mm&r=g","url":"https:\/\/secure.gravatar.com\/avatar\/460720160715ef8975b781abd1b6985e55ce2f01567bb6757bebd73e7cf74c97?s=96&d=mm&r=g","contentUrl":"https:\/\/secure.gravatar.com\/avatar\/460720160715ef8975b781abd1b6985e55ce2f01567bb6757bebd73e7cf74c97?s=96&d=mm&r=g","caption":"myVideoMedia"},"logo":{"@id":"https:\/\/secure.gravatar.com\/avatar\/460720160715ef8975b781abd1b6985e55ce2f01567bb6757bebd73e7cf74c97?s=96&d=mm&r=g"},"description":"\"The World is a book, and those who do not travel read only a page\" - Aurelius Augustinus (354 - 430 AD) Travel is our passion. With our posts and videos we like to inspire people who are planning or preparing for holidays as well as people who simply want to escape from everyday life and dream of faraway countries.","sameAs":["https:\/\/www.myvideomedia.com","https:\/\/www.facebook.com\/ursula.streit.520"],"url":"https:\/\/blog.myvideomedia.com\/de\/author\/traveladm\/"}]}},"featured_image_src":"https:\/\/blog.myvideomedia.com\/wp-content\/uploads\/2024\/02\/Porto-__UG_3448-600x400.jpg","featured_image_src_square":"https:\/\/blog.myvideomedia.com\/wp-content\/uploads\/2024\/02\/Porto-__UG_3448-600x600.jpg","author_info":{"display_name":"myVideoMedia","author_link":"https:\/\/blog.myvideomedia.com\/de\/author\/traveladm\/"},"_links":{"self":[{"href":"https:\/\/blog.myvideomedia.com\/de\/wp-json\/wp\/v2\/posts\/27829","targetHints":{"allow":["GET"]}}],"collection":[{"href":"https:\/\/blog.myvideomedia.com\/de\/wp-json\/wp\/v2\/posts"}],"about":[{"href":"https:\/\/blog.myvideomedia.com\/de\/wp-json\/wp\/v2\/types\/post"}],"author":[{"embeddable":true,"href":"https:\/\/blog.myvideomedia.com\/de\/wp-json\/wp\/v2\/users\/1"}],"replies":[{"embeddable":true,"href":"https:\/\/blog.myvideomedia.com\/de\/wp-json\/wp\/v2\/comments?post=27829"}],"version-history":[{"count":0,"href":"https:\/\/blog.myvideomedia.com\/de\/wp-json\/wp\/v2\/posts\/27829\/revisions"}],"wp:featuredmedia":[{"embeddable":true,"href":"https:\/\/blog.myvideomedia.com\/de\/wp-json\/wp\/v2\/media\/27857"}],"wp:attachment":[{"href":"https:\/\/blog.myvideomedia.com\/de\/wp-json\/wp\/v2\/media?parent=27829"}],"wp:term":[{"taxonomy":"category","embeddable":true,"href":"https:\/\/blog.myvideomedia.com\/de\/wp-json\/wp\/v2\/categories?post=27829"},{"taxonomy":"post_tag","embeddable":true,"href":"https:\/\/blog.myvideomedia.com\/de\/wp-json\/wp\/v2\/tags?post=27829"}],"curies":[{"name":"wp","href":"https:\/\/api.w.org\/{rel}","templated":true}]}}