{"id":27865,"date":"2024-02-26T13:27:38","date_gmt":"2024-02-26T12:27:38","guid":{"rendered":"https:\/\/blog.myvideomedia.com\/?p=27865"},"modified":"2024-03-06T08:36:36","modified_gmt":"2024-03-06T07:36:36","slug":"vila-nova-de-gaia-und-porto","status":"publish","type":"post","link":"https:\/\/blog.myvideomedia.com\/de\/vila-nova-de-gaia-und-porto\/","title":{"rendered":"Vila Nova de Gaia und Porto"},"content":{"rendered":"\n<p>Ein strahlender Nachmittag l\u00e4dt uns ein Vila Nova de Gaia, die Stadt auf dem gegen\u00fcberliegenden Ufer des Douro zu besuchen.<br\/><\/p>\n\n<figure class=\"wp-block-image size-full\"><img loading=\"lazy\" decoding=\"async\" width=\"1280\" height=\"720\" src=\"https:\/\/blog.myvideomedia.com\/wp-content\/uploads\/2024\/02\/Porto-_PXL_20240203_131301195.RAW-01.MP_.COVER_.jpg\" alt=\"\" class=\"wp-image-27870\" srcset=\"https:\/\/blog.myvideomedia.com\/wp-content\/uploads\/2024\/02\/Porto-_PXL_20240203_131301195.RAW-01.MP_.COVER_.jpg 1280w, https:\/\/blog.myvideomedia.com\/wp-content\/uploads\/2024\/02\/Porto-_PXL_20240203_131301195.RAW-01.MP_.COVER_-600x338.jpg 600w, https:\/\/blog.myvideomedia.com\/wp-content\/uploads\/2024\/02\/Porto-_PXL_20240203_131301195.RAW-01.MP_.COVER_-768x432.jpg 768w\" sizes=\"auto, (max-width: 1280px) 100vw, 1280px\" \/><\/figure>\n\n<p>Mit der Metro \u00fcberqueren wir \u00fcber die Ponte Dom Lu\u00eds I den Douro. Sie wurde von Th\u00e9ophile Seyrig entworfen und gebaut und 1886 er\u00f6ffnet.<\/p>\n\n<figure class=\"wp-block-image size-full\"><img loading=\"lazy\" decoding=\"async\" width=\"1280\" height=\"720\" src=\"https:\/\/blog.myvideomedia.com\/wp-content\/uploads\/2024\/02\/Porto-__UG_3490.jpg\" alt=\"Ponte Dom Lu&#xED;s I\" class=\"wp-image-27884\" srcset=\"https:\/\/blog.myvideomedia.com\/wp-content\/uploads\/2024\/02\/Porto-__UG_3490.jpg 1280w, https:\/\/blog.myvideomedia.com\/wp-content\/uploads\/2024\/02\/Porto-__UG_3490-600x338.jpg 600w, https:\/\/blog.myvideomedia.com\/wp-content\/uploads\/2024\/02\/Porto-__UG_3490-768x432.jpg 768w\" sizes=\"auto, (max-width: 1280px) 100vw, 1280px\" \/><\/figure>\n\n<p><br\/>Bereits 1877 wurde die von Gustave Eiffel erbaut Ponte Maria Pia er\u00f6ffnet. Sie liegt ca. 1 km flussaufw\u00e4rts von der Ponte Dom Lu\u00eds I. Die Ponte Maria Pia wurde von Th\u00e9ophile Seyrig geplant, der bei Eiffel lernte. Diese Br\u00fccke wurde 1991 au\u00dfer Betrieb genommen, da sie nur eingleisig befahrbar war.<\/p>\n\n<figure class=\"wp-block-image size-full\"><img loading=\"lazy\" decoding=\"async\" width=\"1280\" height=\"720\" src=\"https:\/\/blog.myvideomedia.com\/wp-content\/uploads\/2024\/02\/Porto-__UG_3488.jpg\" alt=\"\" class=\"wp-image-27882\" srcset=\"https:\/\/blog.myvideomedia.com\/wp-content\/uploads\/2024\/02\/Porto-__UG_3488.jpg 1280w, https:\/\/blog.myvideomedia.com\/wp-content\/uploads\/2024\/02\/Porto-__UG_3488-600x338.jpg 600w, https:\/\/blog.myvideomedia.com\/wp-content\/uploads\/2024\/02\/Porto-__UG_3488-768x432.jpg 768w\" sizes=\"auto, (max-width: 1280px) 100vw, 1280px\" \/><\/figure>\n\n<p><br\/>In unmittelbarer N\u00e4he der Metrostation gibt es eine Reihe hervorragender Aussichtspunkte wie den Miradouro da Ribeira, Miradouro da Serra do Pilar, oder den Miradouro do Telef\u00e9rico. Bei Letztgenanntem ist die Bergstation der Seilbahn zur Uferpromenade am Douro, die wir gleich benutzen.<\/p>\n\n<figure class=\"wp-block-image size-full\"><img loading=\"lazy\" decoding=\"async\" width=\"1280\" height=\"720\" src=\"https:\/\/blog.myvideomedia.com\/wp-content\/uploads\/2024\/02\/Porto-__UG_3499.jpg\" alt=\"\" class=\"wp-image-27872\" srcset=\"https:\/\/blog.myvideomedia.com\/wp-content\/uploads\/2024\/02\/Porto-__UG_3499.jpg 1280w, https:\/\/blog.myvideomedia.com\/wp-content\/uploads\/2024\/02\/Porto-__UG_3499-600x338.jpg 600w, https:\/\/blog.myvideomedia.com\/wp-content\/uploads\/2024\/02\/Porto-__UG_3499-768x432.jpg 768w\" sizes=\"auto, (max-width: 1280px) 100vw, 1280px\" \/><\/figure>\n\n<p>Die Uferpromenade ist ein beliebtes Freizeitziel zum Flanieren und bietet eine Reihe von Restaurants und Caf\u00e9s. Sie ist aber auch Ausgangspunkt zur Besichtigung verschiedener Weinkeller und Museen.<\/p>\n\n<h3 class=\"wp-block-heading\"><a href=\"https:\/\/youtu.be\/dIEjA6b5dsE\" target=\"_blank\" rel=\"noreferrer noopener\">Hier sehen Sie das 4K UHD Video<\/a><\/h3>\n\n<figure> <div class=\"brlbs-cmpnt-container brlbs-cmpnt-content-blocker brlbs-cmpnt-with-individual-styles\" data-borlabs-cookie-content-blocker-id=\"youtube-content-blocker\" data-borlabs-cookie-content=\"PGlmcmFtZSBzcmM9Imh0dHBzOi8vd3d3LnlvdXR1YmUtbm9jb29raWUuY29tL2VtYmVkL2RJRWpBNmI1ZHNFIiB3aWR0aD0iNjAwIiBoZWlnaHQ9IjMzOCI+PC9pZnJhbWU+\"><div class=\"brlbs-cmpnt-cb-preset-c brlbs-cmpnt-cb-youtube\"> <div class=\"brlbs-cmpnt-cb-thumbnail\" style=\"background-image: url('https:\/\/blog.myvideomedia.com\/wp-content\/uploads\/borlabs-cookie\/1\/yt_dIEjA6b5dsE_hqdefault.jpg')\"><\/div> <div class=\"brlbs-cmpnt-cb-main\"> <div class=\"brlbs-cmpnt-cb-play-button\"><\/div> <div class=\"brlbs-cmpnt-cb-content\"> <p class=\"brlbs-cmpnt-cb-description\">Sie sehen gerade einen Platzhalterinhalt von <strong>YouTube<\/strong>. Um auf den eigentlichen Inhalt zuzugreifen, klicken Sie auf die Schaltfl\u00e4che unten. Bitte beachten Sie, dass dabei Daten an Drittanbieter weitergegeben werden.<\/p> <a class=\"brlbs-cmpnt-cb-provider-toggle\" href=\"#\" data-borlabs-cookie-show-provider-information role=\"button\">Mehr Informationen<\/a> <\/div> <div class=\"brlbs-cmpnt-cb-buttons\"> <a class=\"brlbs-cmpnt-cb-btn\" href=\"#\" data-borlabs-cookie-unblock role=\"button\">Inhalt entsperren<\/a> <a class=\"brlbs-cmpnt-cb-btn\" href=\"#\" data-borlabs-cookie-accept-service role=\"button\" style=\"display: inherit\">Erforderlichen Service akzeptieren und Inhalte entsperren<\/a> <\/div> <\/div> <\/div><\/div><\/figure>\n\n<p><br\/>Wir besuchen die Bar Pandaria Beira Rio, da sie eine vorz\u00fcgliche M\u00f6glichkeit bietet eine Weinprobe mit verschiedenen Porto-Weinen durchzuf\u00fchren. <\/p>\n\n<figure class=\"wp-block-image size-full\"><img loading=\"lazy\" decoding=\"async\" width=\"1280\" height=\"720\" src=\"https:\/\/blog.myvideomedia.com\/wp-content\/uploads\/2024\/02\/Porto-_PXL_20240203_135615336.RAW-01.MP_.COVER_.jpg\" alt=\"\" class=\"wp-image-27866\" srcset=\"https:\/\/blog.myvideomedia.com\/wp-content\/uploads\/2024\/02\/Porto-_PXL_20240203_135615336.RAW-01.MP_.COVER_.jpg 1280w, https:\/\/blog.myvideomedia.com\/wp-content\/uploads\/2024\/02\/Porto-_PXL_20240203_135615336.RAW-01.MP_.COVER_-600x338.jpg 600w, https:\/\/blog.myvideomedia.com\/wp-content\/uploads\/2024\/02\/Porto-_PXL_20240203_135615336.RAW-01.MP_.COVER_-768x432.jpg 768w\" sizes=\"auto, (max-width: 1280px) 100vw, 1280px\" \/><\/figure>\n\n<p>Besonders hat es uns aber die originelle Zubereitung der gebratenen Chorizo angetan. Sie wird direkt auf einem Metalltablet auf einem K\u00fcchenstuhl in offenem Feuer gebraten und schmeckt ausgezeichnet.<\/p>\n\n<figure class=\"wp-block-image size-full\"><img loading=\"lazy\" decoding=\"async\" width=\"1280\" height=\"720\" src=\"https:\/\/blog.myvideomedia.com\/wp-content\/uploads\/2024\/02\/Porto-__UG_3505.jpg\" alt=\"\" class=\"wp-image-27876\" srcset=\"https:\/\/blog.myvideomedia.com\/wp-content\/uploads\/2024\/02\/Porto-__UG_3505.jpg 1280w, https:\/\/blog.myvideomedia.com\/wp-content\/uploads\/2024\/02\/Porto-__UG_3505-600x338.jpg 600w, https:\/\/blog.myvideomedia.com\/wp-content\/uploads\/2024\/02\/Porto-__UG_3505-768x432.jpg 768w\" sizes=\"auto, (max-width: 1280px) 100vw, 1280px\" \/><\/figure>\n\n<p><br\/>Nicht weit entfernt an der Kreuzung von R. Dom Alfonso III. und der Rua Guilherme Gomes Fernandes befindet sich die ber\u00fchmte Kunstfigur Half Rabbit by Bordalo II, halb Skulptur und halb Graffiti.<\/p>\n\n<figure class=\"wp-block-image size-full\"><img loading=\"lazy\" decoding=\"async\" width=\"1280\" height=\"720\" src=\"https:\/\/blog.myvideomedia.com\/wp-content\/uploads\/2024\/02\/Hase.jpg\" alt=\"Half Rabbit by Bordalo II\" class=\"wp-image-27889\" srcset=\"https:\/\/blog.myvideomedia.com\/wp-content\/uploads\/2024\/02\/Hase.jpg 1280w, https:\/\/blog.myvideomedia.com\/wp-content\/uploads\/2024\/02\/Hase-600x338.jpg 600w, https:\/\/blog.myvideomedia.com\/wp-content\/uploads\/2024\/02\/Hase-768x432.jpg 768w\" sizes=\"auto, (max-width: 1280px) 100vw, 1280px\" \/><\/figure>\n\n<p><br\/><br\/>Nur ca. 200 m entfernt ist der Eingang zur WOW Porto, der World Of Wine, einem Kulturkomplex. Hier wird die Geschichte des Portweins erz\u00e4hlt. Der Kulturkomplex beherbergt eine Anzahl von Museen, beginnend bei der Bridge Collection, benannt nach dem WOW Gr\u00fcnder, dessen Sammlung Trinkgef\u00e4\u00dfe aus 9000 Jahren Kulturgeschichte beinhaltet. \u00dcber Korken, Textilien, die Region Porto bis hin zu Schokolade werden gegenst\u00e4ndliche, visuelle und akustische Eindr\u00fccke vermittelt. Daneben gibt es eine gr\u00f6\u00dfere Anzahl Restaurants, eine Weinschule und Weinkeller-Bars.<\/p>\n\n<figure class=\"wp-block-image size-full\"><img loading=\"lazy\" decoding=\"async\" width=\"1280\" height=\"720\" src=\"https:\/\/blog.myvideomedia.com\/wp-content\/uploads\/2024\/02\/WOW.jpg\" alt=\"WOW Porto\" class=\"wp-image-27891\" srcset=\"https:\/\/blog.myvideomedia.com\/wp-content\/uploads\/2024\/02\/WOW.jpg 1280w, https:\/\/blog.myvideomedia.com\/wp-content\/uploads\/2024\/02\/WOW-600x338.jpg 600w, https:\/\/blog.myvideomedia.com\/wp-content\/uploads\/2024\/02\/WOW-768x432.jpg 768w\" sizes=\"auto, (max-width: 1280px) 100vw, 1280px\" \/><\/figure>\n\n<p>Nach all diesen einzigartigen Eindr\u00fccken lassen wir nochmals die Architektur von Vila Nova de Gaia und die Silhouette Portos in der Nachmittags- und Abendsonne auf uns wirken. <\/p>\n\n<figure class=\"wp-block-image size-full\"><img loading=\"lazy\" decoding=\"async\" width=\"1280\" height=\"720\" src=\"https:\/\/blog.myvideomedia.com\/wp-content\/uploads\/2024\/02\/Porto-__UG_3542.jpg\" alt=\"Porto im Sonnenuntergang\" class=\"wp-image-27880\" srcset=\"https:\/\/blog.myvideomedia.com\/wp-content\/uploads\/2024\/02\/Porto-__UG_3542.jpg 1280w, https:\/\/blog.myvideomedia.com\/wp-content\/uploads\/2024\/02\/Porto-__UG_3542-600x338.jpg 600w, https:\/\/blog.myvideomedia.com\/wp-content\/uploads\/2024\/02\/Porto-__UG_3542-768x432.jpg 768w\" sizes=\"auto, (max-width: 1280px) 100vw, 1280px\" \/><\/figure>\n\n<p>Zu Fu\u00df \u00fcberqueren wir den Douro \u00fcber die Ponte Dom Lu\u00eds I und steigen die Treppen hinauf zur Kathedrale, S\u00e9 do Porto. Zum Abschluss des Tages kommen wir auch noch in den Genuss eines kleinen Feuerwerks.<\/p>\n\n<figure class=\"wp-block-image size-full\"><img loading=\"lazy\" decoding=\"async\" width=\"1280\" height=\"720\" src=\"https:\/\/blog.myvideomedia.com\/wp-content\/uploads\/2024\/02\/Porto-__UG_3584.jpg\" alt=\"\" class=\"wp-image-27878\" srcset=\"https:\/\/blog.myvideomedia.com\/wp-content\/uploads\/2024\/02\/Porto-__UG_3584.jpg 1280w, https:\/\/blog.myvideomedia.com\/wp-content\/uploads\/2024\/02\/Porto-__UG_3584-600x338.jpg 600w, https:\/\/blog.myvideomedia.com\/wp-content\/uploads\/2024\/02\/Porto-__UG_3584-768x432.jpg 768w\" sizes=\"auto, (max-width: 1280px) 100vw, 1280px\" \/><\/figure>\n\n<p>Text, Fotos und Video: Copyright \u00a9 <a href=\"https:\/\/www.myvideomedia.de\" target=\"_blank\" rel=\"noreferrer noopener\">myVideoMedia<\/a><\/p>\n","protected":false},"excerpt":{"rendered":"<p>Ein strahlender Nachmittag l\u00e4dt uns ein Vila Nova de Gaia, die Stadt auf dem gegen\u00fcberliegenden Ufer des Douro zu besuchen. Mit der Metro \u00fcberqueren wir \u00fcber die Ponte Dom Lu\u00eds I den Douro. Sie wurde von Th\u00e9ophile Seyrig entworfen und gebaut und 1886 er\u00f6ffnet. Bereits 1877 wurde die von Gustave Eiffel erbaut Ponte Maria Pia [&hellip;]<\/p>\n","protected":false},"author":1,"featured_media":27887,"comment_status":"open","ping_status":"closed","sticky":false,"template":"","format":"standard","meta":{"_genesis_hide_title":false,"_genesis_hide_breadcrumbs":false,"_genesis_hide_singular_image":false,"_genesis_hide_footer_widgets":false,"_genesis_custom_body_class":"","_genesis_custom_post_class":"","_genesis_layout":"","footnotes":""},"categories":[1550,525],"tags":[752,453,1326,1971],"class_list":{"0":"post-27865","1":"post","2":"type-post","3":"status-publish","4":"format-standard","5":"has-post-thumbnail","7":"category-europa","8":"category-portugal_d","9":"tag-besichtigung","10":"tag-stadt","11":"tag-stadtrundgang","12":"tag-streetart-de","13":"entry"},"yoast_head":"<!-- This site is optimized with the Yoast SEO plugin v27.4 - https:\/\/yoast.com\/product\/yoast-seo-wordpress\/ -->\n<title>Vila Nova de Gaia und Porto - Portugal - Reise Video Blog<\/title>\n<meta name=\"description\" content=\"Ein strahlender Nachmittag l\u00e4dt uns ein Vila Nova de Gaia, die Stadt auf dem gegen\u00fcberliegenden Ufer des Douro zu besuchen und u.a. Portwein zu probieren\" \/>\n<meta name=\"robots\" content=\"index, follow, max-snippet:-1, max-image-preview:large, max-video-preview:-1\" \/>\n<link rel=\"canonical\" href=\"https:\/\/blog.myvideomedia.com\/de\/vila-nova-de-gaia-und-porto\/\" \/>\n<meta property=\"og:locale\" content=\"de_DE\" \/>\n<meta property=\"og:type\" content=\"article\" \/>\n<meta property=\"og:title\" content=\"Vila Nova de Gaia und Porto - Portugal - Reise Video Blog\" \/>\n<meta property=\"og:description\" content=\"Ein strahlender Nachmittag l\u00e4dt uns ein Vila Nova de Gaia, die Stadt auf dem gegen\u00fcberliegenden Ufer des Douro zu besuchen und u.a. Portwein zu probieren\" \/>\n<meta property=\"og:url\" content=\"https:\/\/blog.myvideomedia.com\/de\/vila-nova-de-gaia-und-porto\/\" \/>\n<meta property=\"og:site_name\" content=\"Reise Video Blog\" \/>\n<meta property=\"article:publisher\" content=\"https:\/\/www.facebook.com\/ursula.streit.520\" \/>\n<meta property=\"article:author\" content=\"https:\/\/www.facebook.com\/ursula.streit.520\" \/>\n<meta property=\"article:published_time\" content=\"2024-02-26T12:27:38+00:00\" \/>\n<meta property=\"article:modified_time\" content=\"2024-03-06T07:36:36+00:00\" \/>\n<meta property=\"og:image\" content=\"https:\/\/blog.myvideomedia.com\/wp-content\/uploads\/2024\/02\/Porto-__UG_3498.jpg\" \/>\n\t<meta property=\"og:image:width\" content=\"1280\" \/>\n\t<meta property=\"og:image:height\" content=\"720\" \/>\n\t<meta property=\"og:image:type\" content=\"image\/jpeg\" \/>\n<meta name=\"author\" content=\"myVideoMedia\" \/>\n<meta name=\"twitter:card\" content=\"summary_large_image\" \/>\n<meta name=\"twitter:creator\" content=\"@myvideomedia\" \/>\n<meta name=\"twitter:site\" content=\"@myvideomedia\" \/>\n<meta name=\"twitter:label1\" content=\"Verfasst von\" \/>\n\t<meta name=\"twitter:data1\" content=\"myVideoMedia\" \/>\n\t<meta name=\"twitter:label2\" content=\"Gesch\u00e4tzte Lesezeit\" \/>\n\t<meta name=\"twitter:data2\" content=\"5\u00a0Minuten\" \/>\n<script type=\"application\/ld+json\" class=\"yoast-schema-graph\">{\"@context\":\"https:\\\/\\\/schema.org\",\"@graph\":[{\"@type\":\"Article\",\"@id\":\"https:\\\/\\\/blog.myvideomedia.com\\\/de\\\/vila-nova-de-gaia-und-porto\\\/#article\",\"isPartOf\":{\"@id\":\"https:\\\/\\\/blog.myvideomedia.com\\\/de\\\/vila-nova-de-gaia-und-porto\\\/\"},\"author\":{\"name\":\"myVideoMedia\",\"@id\":\"https:\\\/\\\/blog.myvideomedia.com\\\/de\\\/#\\\/schema\\\/person\\\/87be8fbbed69b1562242448c1c3dcbec\"},\"headline\":\"Vila Nova de Gaia und Porto\",\"datePublished\":\"2024-02-26T12:27:38+00:00\",\"dateModified\":\"2024-03-06T07:36:36+00:00\",\"mainEntityOfPage\":{\"@id\":\"https:\\\/\\\/blog.myvideomedia.com\\\/de\\\/vila-nova-de-gaia-und-porto\\\/\"},\"wordCount\":415,\"commentCount\":0,\"publisher\":{\"@id\":\"https:\\\/\\\/blog.myvideomedia.com\\\/de\\\/#\\\/schema\\\/person\\\/87be8fbbed69b1562242448c1c3dcbec\"},\"image\":{\"@id\":\"https:\\\/\\\/blog.myvideomedia.com\\\/de\\\/vila-nova-de-gaia-und-porto\\\/#primaryimage\"},\"thumbnailUrl\":\"https:\\\/\\\/blog.myvideomedia.com\\\/wp-content\\\/uploads\\\/2024\\\/02\\\/Porto-__UG_3498.jpg\",\"keywords\":[\"Besichtigung\",\"Stadt\",\"Stadtrundgang\",\"Streetart\"],\"articleSection\":[\"Europa\",\"Portugal\"],\"inLanguage\":\"de\",\"potentialAction\":[{\"@type\":\"CommentAction\",\"name\":\"Comment\",\"target\":[\"https:\\\/\\\/blog.myvideomedia.com\\\/de\\\/vila-nova-de-gaia-und-porto\\\/#respond\"]}]},{\"@type\":\"WebPage\",\"@id\":\"https:\\\/\\\/blog.myvideomedia.com\\\/de\\\/vila-nova-de-gaia-und-porto\\\/\",\"url\":\"https:\\\/\\\/blog.myvideomedia.com\\\/de\\\/vila-nova-de-gaia-und-porto\\\/\",\"name\":\"Vila Nova de Gaia und Porto - Portugal - Reise Video Blog\",\"isPartOf\":{\"@id\":\"https:\\\/\\\/blog.myvideomedia.com\\\/de\\\/#website\"},\"primaryImageOfPage\":{\"@id\":\"https:\\\/\\\/blog.myvideomedia.com\\\/de\\\/vila-nova-de-gaia-und-porto\\\/#primaryimage\"},\"image\":{\"@id\":\"https:\\\/\\\/blog.myvideomedia.com\\\/de\\\/vila-nova-de-gaia-und-porto\\\/#primaryimage\"},\"thumbnailUrl\":\"https:\\\/\\\/blog.myvideomedia.com\\\/wp-content\\\/uploads\\\/2024\\\/02\\\/Porto-__UG_3498.jpg\",\"datePublished\":\"2024-02-26T12:27:38+00:00\",\"dateModified\":\"2024-03-06T07:36:36+00:00\",\"description\":\"Ein strahlender Nachmittag l\u00e4dt uns ein Vila Nova de Gaia, die Stadt auf dem gegen\u00fcberliegenden Ufer des Douro zu besuchen und u.a. Portwein zu probieren\",\"breadcrumb\":{\"@id\":\"https:\\\/\\\/blog.myvideomedia.com\\\/de\\\/vila-nova-de-gaia-und-porto\\\/#breadcrumb\"},\"inLanguage\":\"de\",\"potentialAction\":[{\"@type\":\"ReadAction\",\"target\":[\"https:\\\/\\\/blog.myvideomedia.com\\\/de\\\/vila-nova-de-gaia-und-porto\\\/\"]}]},{\"@type\":\"ImageObject\",\"inLanguage\":\"de\",\"@id\":\"https:\\\/\\\/blog.myvideomedia.com\\\/de\\\/vila-nova-de-gaia-und-porto\\\/#primaryimage\",\"url\":\"https:\\\/\\\/blog.myvideomedia.com\\\/wp-content\\\/uploads\\\/2024\\\/02\\\/Porto-__UG_3498.jpg\",\"contentUrl\":\"https:\\\/\\\/blog.myvideomedia.com\\\/wp-content\\\/uploads\\\/2024\\\/02\\\/Porto-__UG_3498.jpg\",\"width\":1280,\"height\":720,\"caption\":\"Vila Nova de Gaia\"},{\"@type\":\"BreadcrumbList\",\"@id\":\"https:\\\/\\\/blog.myvideomedia.com\\\/de\\\/vila-nova-de-gaia-und-porto\\\/#breadcrumb\",\"itemListElement\":[{\"@type\":\"ListItem\",\"position\":1,\"name\":\"Home\",\"item\":\"https:\\\/\\\/blog.myvideomedia.com\\\/de\\\/\"},{\"@type\":\"ListItem\",\"position\":2,\"name\":\"Vila Nova de Gaia und Porto\"}]},{\"@type\":\"WebSite\",\"@id\":\"https:\\\/\\\/blog.myvideomedia.com\\\/de\\\/#website\",\"url\":\"https:\\\/\\\/blog.myvideomedia.com\\\/de\\\/\",\"name\":\"Travel Video Blog\",\"description\":\"myVideoMedia Reisetipps und Reisevideos\",\"publisher\":{\"@id\":\"https:\\\/\\\/blog.myvideomedia.com\\\/de\\\/#\\\/schema\\\/person\\\/87be8fbbed69b1562242448c1c3dcbec\"},\"potentialAction\":[{\"@type\":\"SearchAction\",\"target\":{\"@type\":\"EntryPoint\",\"urlTemplate\":\"https:\\\/\\\/blog.myvideomedia.com\\\/de\\\/?s={search_term_string}\"},\"query-input\":{\"@type\":\"PropertyValueSpecification\",\"valueRequired\":true,\"valueName\":\"search_term_string\"}}],\"inLanguage\":\"de\"},{\"@type\":[\"Person\",\"Organization\"],\"@id\":\"https:\\\/\\\/blog.myvideomedia.com\\\/de\\\/#\\\/schema\\\/person\\\/87be8fbbed69b1562242448c1c3dcbec\",\"name\":\"myVideoMedia\",\"image\":{\"@type\":\"ImageObject\",\"inLanguage\":\"de\",\"@id\":\"https:\\\/\\\/secure.gravatar.com\\\/avatar\\\/460720160715ef8975b781abd1b6985e55ce2f01567bb6757bebd73e7cf74c97?s=96&d=mm&r=g\",\"url\":\"https:\\\/\\\/secure.gravatar.com\\\/avatar\\\/460720160715ef8975b781abd1b6985e55ce2f01567bb6757bebd73e7cf74c97?s=96&d=mm&r=g\",\"contentUrl\":\"https:\\\/\\\/secure.gravatar.com\\\/avatar\\\/460720160715ef8975b781abd1b6985e55ce2f01567bb6757bebd73e7cf74c97?s=96&d=mm&r=g\",\"caption\":\"myVideoMedia\"},\"logo\":{\"@id\":\"https:\\\/\\\/secure.gravatar.com\\\/avatar\\\/460720160715ef8975b781abd1b6985e55ce2f01567bb6757bebd73e7cf74c97?s=96&d=mm&r=g\"},\"description\":\"\\\"The World is a book, and those who do not travel read only a page\\\" - Aurelius Augustinus (354 - 430 AD) Travel is our passion. With our posts and videos we like to inspire people who are planning or preparing for holidays as well as people who simply want to escape from everyday life and dream of faraway countries.\",\"sameAs\":[\"https:\\\/\\\/www.myvideomedia.com\",\"https:\\\/\\\/www.facebook.com\\\/ursula.streit.520\"],\"url\":\"https:\\\/\\\/blog.myvideomedia.com\\\/de\\\/author\\\/traveladm\\\/\"}]}<\/script>\n<!-- \/ Yoast SEO plugin. -->","yoast_head_json":{"title":"Vila Nova de Gaia und Porto - Portugal - Reise Video Blog","description":"Ein strahlender Nachmittag l\u00e4dt uns ein Vila Nova de Gaia, die Stadt auf dem gegen\u00fcberliegenden Ufer des Douro zu besuchen und u.a. Portwein zu probieren","robots":{"index":"index","follow":"follow","max-snippet":"max-snippet:-1","max-image-preview":"max-image-preview:large","max-video-preview":"max-video-preview:-1"},"canonical":"https:\/\/blog.myvideomedia.com\/de\/vila-nova-de-gaia-und-porto\/","og_locale":"de_DE","og_type":"article","og_title":"Vila Nova de Gaia und Porto - Portugal - Reise Video Blog","og_description":"Ein strahlender Nachmittag l\u00e4dt uns ein Vila Nova de Gaia, die Stadt auf dem gegen\u00fcberliegenden Ufer des Douro zu besuchen und u.a. Portwein zu probieren","og_url":"https:\/\/blog.myvideomedia.com\/de\/vila-nova-de-gaia-und-porto\/","og_site_name":"Reise Video Blog","article_publisher":"https:\/\/www.facebook.com\/ursula.streit.520","article_author":"https:\/\/www.facebook.com\/ursula.streit.520","article_published_time":"2024-02-26T12:27:38+00:00","article_modified_time":"2024-03-06T07:36:36+00:00","og_image":[{"width":1280,"height":720,"url":"https:\/\/blog.myvideomedia.com\/wp-content\/uploads\/2024\/02\/Porto-__UG_3498.jpg","type":"image\/jpeg"}],"author":"myVideoMedia","twitter_card":"summary_large_image","twitter_creator":"@myvideomedia","twitter_site":"@myvideomedia","twitter_misc":{"Verfasst von":"myVideoMedia","Gesch\u00e4tzte Lesezeit":"5\u00a0Minuten"},"schema":{"@context":"https:\/\/schema.org","@graph":[{"@type":"Article","@id":"https:\/\/blog.myvideomedia.com\/de\/vila-nova-de-gaia-und-porto\/#article","isPartOf":{"@id":"https:\/\/blog.myvideomedia.com\/de\/vila-nova-de-gaia-und-porto\/"},"author":{"name":"myVideoMedia","@id":"https:\/\/blog.myvideomedia.com\/de\/#\/schema\/person\/87be8fbbed69b1562242448c1c3dcbec"},"headline":"Vila Nova de Gaia und Porto","datePublished":"2024-02-26T12:27:38+00:00","dateModified":"2024-03-06T07:36:36+00:00","mainEntityOfPage":{"@id":"https:\/\/blog.myvideomedia.com\/de\/vila-nova-de-gaia-und-porto\/"},"wordCount":415,"commentCount":0,"publisher":{"@id":"https:\/\/blog.myvideomedia.com\/de\/#\/schema\/person\/87be8fbbed69b1562242448c1c3dcbec"},"image":{"@id":"https:\/\/blog.myvideomedia.com\/de\/vila-nova-de-gaia-und-porto\/#primaryimage"},"thumbnailUrl":"https:\/\/blog.myvideomedia.com\/wp-content\/uploads\/2024\/02\/Porto-__UG_3498.jpg","keywords":["Besichtigung","Stadt","Stadtrundgang","Streetart"],"articleSection":["Europa","Portugal"],"inLanguage":"de","potentialAction":[{"@type":"CommentAction","name":"Comment","target":["https:\/\/blog.myvideomedia.com\/de\/vila-nova-de-gaia-und-porto\/#respond"]}]},{"@type":"WebPage","@id":"https:\/\/blog.myvideomedia.com\/de\/vila-nova-de-gaia-und-porto\/","url":"https:\/\/blog.myvideomedia.com\/de\/vila-nova-de-gaia-und-porto\/","name":"Vila Nova de Gaia und Porto - Portugal - Reise Video Blog","isPartOf":{"@id":"https:\/\/blog.myvideomedia.com\/de\/#website"},"primaryImageOfPage":{"@id":"https:\/\/blog.myvideomedia.com\/de\/vila-nova-de-gaia-und-porto\/#primaryimage"},"image":{"@id":"https:\/\/blog.myvideomedia.com\/de\/vila-nova-de-gaia-und-porto\/#primaryimage"},"thumbnailUrl":"https:\/\/blog.myvideomedia.com\/wp-content\/uploads\/2024\/02\/Porto-__UG_3498.jpg","datePublished":"2024-02-26T12:27:38+00:00","dateModified":"2024-03-06T07:36:36+00:00","description":"Ein strahlender Nachmittag l\u00e4dt uns ein Vila Nova de Gaia, die Stadt auf dem gegen\u00fcberliegenden Ufer des Douro zu besuchen und u.a. Portwein zu probieren","breadcrumb":{"@id":"https:\/\/blog.myvideomedia.com\/de\/vila-nova-de-gaia-und-porto\/#breadcrumb"},"inLanguage":"de","potentialAction":[{"@type":"ReadAction","target":["https:\/\/blog.myvideomedia.com\/de\/vila-nova-de-gaia-und-porto\/"]}]},{"@type":"ImageObject","inLanguage":"de","@id":"https:\/\/blog.myvideomedia.com\/de\/vila-nova-de-gaia-und-porto\/#primaryimage","url":"https:\/\/blog.myvideomedia.com\/wp-content\/uploads\/2024\/02\/Porto-__UG_3498.jpg","contentUrl":"https:\/\/blog.myvideomedia.com\/wp-content\/uploads\/2024\/02\/Porto-__UG_3498.jpg","width":1280,"height":720,"caption":"Vila Nova de Gaia"},{"@type":"BreadcrumbList","@id":"https:\/\/blog.myvideomedia.com\/de\/vila-nova-de-gaia-und-porto\/#breadcrumb","itemListElement":[{"@type":"ListItem","position":1,"name":"Home","item":"https:\/\/blog.myvideomedia.com\/de\/"},{"@type":"ListItem","position":2,"name":"Vila Nova de Gaia und Porto"}]},{"@type":"WebSite","@id":"https:\/\/blog.myvideomedia.com\/de\/#website","url":"https:\/\/blog.myvideomedia.com\/de\/","name":"Travel Video Blog","description":"myVideoMedia Reisetipps und Reisevideos","publisher":{"@id":"https:\/\/blog.myvideomedia.com\/de\/#\/schema\/person\/87be8fbbed69b1562242448c1c3dcbec"},"potentialAction":[{"@type":"SearchAction","target":{"@type":"EntryPoint","urlTemplate":"https:\/\/blog.myvideomedia.com\/de\/?s={search_term_string}"},"query-input":{"@type":"PropertyValueSpecification","valueRequired":true,"valueName":"search_term_string"}}],"inLanguage":"de"},{"@type":["Person","Organization"],"@id":"https:\/\/blog.myvideomedia.com\/de\/#\/schema\/person\/87be8fbbed69b1562242448c1c3dcbec","name":"myVideoMedia","image":{"@type":"ImageObject","inLanguage":"de","@id":"https:\/\/secure.gravatar.com\/avatar\/460720160715ef8975b781abd1b6985e55ce2f01567bb6757bebd73e7cf74c97?s=96&d=mm&r=g","url":"https:\/\/secure.gravatar.com\/avatar\/460720160715ef8975b781abd1b6985e55ce2f01567bb6757bebd73e7cf74c97?s=96&d=mm&r=g","contentUrl":"https:\/\/secure.gravatar.com\/avatar\/460720160715ef8975b781abd1b6985e55ce2f01567bb6757bebd73e7cf74c97?s=96&d=mm&r=g","caption":"myVideoMedia"},"logo":{"@id":"https:\/\/secure.gravatar.com\/avatar\/460720160715ef8975b781abd1b6985e55ce2f01567bb6757bebd73e7cf74c97?s=96&d=mm&r=g"},"description":"\"The World is a book, and those who do not travel read only a page\" - Aurelius Augustinus (354 - 430 AD) Travel is our passion. With our posts and videos we like to inspire people who are planning or preparing for holidays as well as people who simply want to escape from everyday life and dream of faraway countries.","sameAs":["https:\/\/www.myvideomedia.com","https:\/\/www.facebook.com\/ursula.streit.520"],"url":"https:\/\/blog.myvideomedia.com\/de\/author\/traveladm\/"}]}},"featured_image_src":"https:\/\/blog.myvideomedia.com\/wp-content\/uploads\/2024\/02\/Porto-__UG_3498-600x400.jpg","featured_image_src_square":"https:\/\/blog.myvideomedia.com\/wp-content\/uploads\/2024\/02\/Porto-__UG_3498-600x600.jpg","author_info":{"display_name":"myVideoMedia","author_link":"https:\/\/blog.myvideomedia.com\/de\/author\/traveladm\/"},"_links":{"self":[{"href":"https:\/\/blog.myvideomedia.com\/de\/wp-json\/wp\/v2\/posts\/27865","targetHints":{"allow":["GET"]}}],"collection":[{"href":"https:\/\/blog.myvideomedia.com\/de\/wp-json\/wp\/v2\/posts"}],"about":[{"href":"https:\/\/blog.myvideomedia.com\/de\/wp-json\/wp\/v2\/types\/post"}],"author":[{"embeddable":true,"href":"https:\/\/blog.myvideomedia.com\/de\/wp-json\/wp\/v2\/users\/1"}],"replies":[{"embeddable":true,"href":"https:\/\/blog.myvideomedia.com\/de\/wp-json\/wp\/v2\/comments?post=27865"}],"version-history":[{"count":0,"href":"https:\/\/blog.myvideomedia.com\/de\/wp-json\/wp\/v2\/posts\/27865\/revisions"}],"wp:featuredmedia":[{"embeddable":true,"href":"https:\/\/blog.myvideomedia.com\/de\/wp-json\/wp\/v2\/media\/27887"}],"wp:attachment":[{"href":"https:\/\/blog.myvideomedia.com\/de\/wp-json\/wp\/v2\/media?parent=27865"}],"wp:term":[{"taxonomy":"category","embeddable":true,"href":"https:\/\/blog.myvideomedia.com\/de\/wp-json\/wp\/v2\/categories?post=27865"},{"taxonomy":"post_tag","embeddable":true,"href":"https:\/\/blog.myvideomedia.com\/de\/wp-json\/wp\/v2\/tags?post=27865"}],"curies":[{"name":"wp","href":"https:\/\/api.w.org\/{rel}","templated":true}]}}