{"id":28248,"date":"2024-11-15T13:17:17","date_gmt":"2024-11-15T12:17:17","guid":{"rendered":"https:\/\/blog.myvideomedia.com\/?p=28248"},"modified":"2024-11-15T13:17:18","modified_gmt":"2024-11-15T12:17:18","slug":"mit-dem-twin-city-liner-von-wien-nach-bratislawa","status":"publish","type":"post","link":"https:\/\/blog.myvideomedia.com\/de\/mit-dem-twin-city-liner-von-wien-nach-bratislawa\/","title":{"rendered":"Mit dem Twin City Liner von Wien nach Bratislawa"},"content":{"rendered":"\n<p>Die Fahrt mit dem Twin City Liner von Wien nach Bratislava ist ein besonderes Erlebnis. Noch nie sind wir mit einem Schiff dieser Gr\u00f6\u00dfe so schnell \u00fcber einen Fluss und durch einen schmalen Kanal gefahren. Der Twin City Liner ist ein Katamaran mit Jet-Antrieb, der das Schiff auf bis zu 70 km\/h beschleunigt und Platz f\u00fcr 250 Passagiere bietet. Die Fahrzeit nach Bratislava betr\u00e4gt 75 Minuten.    <\/p>\n\n<figure class=\"wp-block-image size-full\"><img loading=\"lazy\" decoding=\"async\" width=\"1280\" height=\"720\" src=\"https:\/\/blog.myvideomedia.com\/wp-content\/uploads\/2024\/11\/Twin_City_Liner-Schwedenplatz_UG_4379.jpg\" alt=\"Twin City Liner Schwedenplatz\" class=\"wp-image-28246\" srcset=\"https:\/\/blog.myvideomedia.com\/wp-content\/uploads\/2024\/11\/Twin_City_Liner-Schwedenplatz_UG_4379.jpg 1280w, https:\/\/blog.myvideomedia.com\/wp-content\/uploads\/2024\/11\/Twin_City_Liner-Schwedenplatz_UG_4379-600x338.jpg 600w, https:\/\/blog.myvideomedia.com\/wp-content\/uploads\/2024\/11\/Twin_City_Liner-Schwedenplatz_UG_4379-768x432.jpg 768w\" sizes=\"auto, (max-width: 1280px) 100vw, 1280px\" \/><\/figure>\n\n<p>Die Fahrt beginnt in Wien an der Anlegestelle Schwedenplatz und endet in Bratislava an der Anlegestelle R\u00e1zusovo n\u00e1bre\u017eie, ca. 500 m Fu\u00dfweg vom Stadtzentrum entfernt. Fahrr\u00e4der k\u00f6nnen mitgenommen werden, allerdings nur nach Reservierung und gegen einen kleinen Aufpreis von \u20ac 5,-. <\/p>\n\n<figure class=\"wp-block-embed is-type-video is-provider-youtube wp-block-embed-youtube wp-embed-aspect-16-9 wp-has-aspect-ratio\"><div class=\"wp-block-embed__wrapper\">\n <div class=\"brlbs-cmpnt-container brlbs-cmpnt-content-blocker brlbs-cmpnt-with-individual-styles\" data-borlabs-cookie-content-blocker-id=\"youtube-content-blocker\" data-borlabs-cookie-content=\"PGlmcmFtZSB0aXRsZT0iRnJvbSBWaWVubmEgdG8gQnJhdGlzbGF2YSBieSBUd2luIENpdHkgTGluZXIgLSBBdXN0cmlhLCBTbG92YWtpYSA0ayBUcmF2ZWwgQ2hhbm5lbCIgd2lkdGg9IjUwMCIgaGVpZ2h0PSIyODEiIHNyYz0iaHR0cHM6Ly93d3cueW91dHViZS1ub2Nvb2tpZS5jb20vZW1iZWQvX0RVMGQwVk9lcEE\/ZmVhdHVyZT1vZW1iZWQiIGZyYW1lYm9yZGVyPSIwIiBhbGxvdz0iYWNjZWxlcm9tZXRlcjsgYXV0b3BsYXk7IGNsaXBib2FyZC13cml0ZTsgZW5jcnlwdGVkLW1lZGlhOyBneXJvc2NvcGU7IHBpY3R1cmUtaW4tcGljdHVyZTsgd2ViLXNoYXJlIiByZWZlcnJlcnBvbGljeT0ic3RyaWN0LW9yaWdpbi13aGVuLWNyb3NzLW9yaWdpbiIgYWxsb3dmdWxsc2NyZWVuPjwvaWZyYW1lPg==\"><div class=\"brlbs-cmpnt-cb-preset-c brlbs-cmpnt-cb-youtube\"> <div class=\"brlbs-cmpnt-cb-thumbnail\" style=\"background-image: url('https:\/\/blog.myvideomedia.com\/wp-content\/uploads\/borlabs-cookie\/1\/yt__DU0d0VOepA_hqdefault.jpg')\"><\/div> <div class=\"brlbs-cmpnt-cb-main\"> <div class=\"brlbs-cmpnt-cb-play-button\"><\/div> <div class=\"brlbs-cmpnt-cb-content\"> <p class=\"brlbs-cmpnt-cb-description\">Sie sehen gerade einen Platzhalterinhalt von <strong>YouTube<\/strong>. Um auf den eigentlichen Inhalt zuzugreifen, klicken Sie auf die Schaltfl\u00e4che unten. Bitte beachten Sie, dass dabei Daten an Drittanbieter weitergegeben werden.<\/p> <a class=\"brlbs-cmpnt-cb-provider-toggle\" href=\"#\" data-borlabs-cookie-show-provider-information role=\"button\">Mehr Informationen<\/a> <\/div> <div class=\"brlbs-cmpnt-cb-buttons\"> <a class=\"brlbs-cmpnt-cb-btn\" href=\"#\" data-borlabs-cookie-unblock role=\"button\">Inhalt entsperren<\/a> <a class=\"brlbs-cmpnt-cb-btn\" href=\"#\" data-borlabs-cookie-accept-service role=\"button\" style=\"display: inherit\">Erforderlichen Service akzeptieren und Inhalte entsperren<\/a> <\/div> <\/div> <\/div><\/div>\n<\/div><\/figure>\n\n<p><br\/>Es ist unser erster Besuch in Bratislava, der Hauptstadt der Slowakei. Am Schleusenpark wendet das Schiff und f\u00e4hrt nun Richtung Osten. Ab der Franzensbr\u00fccke, sobald die Ufer des Donaukanals begr\u00fcnt sind, nimmt das Schiff deutlich an Fahrt auf.  <\/p>\n\n<p>Es ist den Kapit\u00e4nen hoch anzurechnen, dass sie auf dieser schmalen Wasserstra\u00dfe so schnell fahren k\u00f6nnen. Beeindruckt sind wir auch von den Hochh\u00e4usern im Bereich der Town-Town-Spange. <\/p>\n\n<figure class=\"wp-block-image size-full\"><img loading=\"lazy\" decoding=\"async\" width=\"1280\" height=\"720\" src=\"https:\/\/blog.myvideomedia.com\/wp-content\/uploads\/2024\/11\/Twin_City_Liner_UG_4389.jpg\" alt=\"Twin City Liner auf dem Donaukanal&lt;br&gt;\" class=\"wp-image-28234\" srcset=\"https:\/\/blog.myvideomedia.com\/wp-content\/uploads\/2024\/11\/Twin_City_Liner_UG_4389.jpg 1280w, https:\/\/blog.myvideomedia.com\/wp-content\/uploads\/2024\/11\/Twin_City_Liner_UG_4389-600x338.jpg 600w, https:\/\/blog.myvideomedia.com\/wp-content\/uploads\/2024\/11\/Twin_City_Liner_UG_4389-768x432.jpg 768w\" sizes=\"auto, (max-width: 1280px) 100vw, 1280px\" \/><\/figure>\n\n<p>Bei der Kraftwerksbr\u00fccke Freudenau erreichen wir die Donau. Das Kraftwerk ist das zehnte Donaukraftwerk \u00d6sterreichs. Es wurde 1998 fertiggestellt. Der Strom wird vom Energieversorger Lichtblick SE in Deutschland erfolgreich als \u00d6kostrom verkauft.<br\/>   <\/p>\n\n<figure class=\"wp-block-image size-full\"><img loading=\"lazy\" decoding=\"async\" width=\"1280\" height=\"720\" src=\"https:\/\/blog.myvideomedia.com\/wp-content\/uploads\/2024\/11\/Hainburg_UG_4396.jpg\" alt=\"Hainburg Donau\" class=\"wp-image-28236\" srcset=\"https:\/\/blog.myvideomedia.com\/wp-content\/uploads\/2024\/11\/Hainburg_UG_4396.jpg 1280w, https:\/\/blog.myvideomedia.com\/wp-content\/uploads\/2024\/11\/Hainburg_UG_4396-600x338.jpg 600w, https:\/\/blog.myvideomedia.com\/wp-content\/uploads\/2024\/11\/Hainburg_UG_4396-768x432.jpg 768w\" sizes=\"auto, (max-width: 1280px) 100vw, 1280px\" \/><\/figure>\n\n<p>Hainburg ist der Grenzort zur Slowakei. Die Festung ist eine der gr\u00f6\u00dften Europas. Die Stadt wurde wahrscheinlich von den Kelten gegr\u00fcndet. Sie litt sehr unter den Belagerungen Wiens durch die T\u00fcrken 1529 und 1683. Beide Male wurden Stadt und Burg verw\u00fcstet und zerst\u00f6rt. Die Blutgasse erinnert an das gro\u00dfe Blutbad. Von 8000 Menschen \u00fcberlebten nur etwa 100, darunter der Gro\u00dfvater von Josef Haydn.     <br\/><\/p>\n\n<figure class=\"wp-block-image size-full\"><img loading=\"lazy\" decoding=\"async\" width=\"1280\" height=\"720\" src=\"https:\/\/blog.myvideomedia.com\/wp-content\/uploads\/2024\/11\/Burg-Theben_UG_4401.jpg\" alt=\"Burg Theben\" class=\"wp-image-28238\" srcset=\"https:\/\/blog.myvideomedia.com\/wp-content\/uploads\/2024\/11\/Burg-Theben_UG_4401.jpg 1280w, https:\/\/blog.myvideomedia.com\/wp-content\/uploads\/2024\/11\/Burg-Theben_UG_4401-600x338.jpg 600w, https:\/\/blog.myvideomedia.com\/wp-content\/uploads\/2024\/11\/Burg-Theben_UG_4401-768x432.jpg 768w\" sizes=\"auto, (max-width: 1280px) 100vw, 1280px\" \/><\/figure>\n\n<p><br\/>Wenn man die Grenze zur Slowakei \u00fcberquert, sieht man schon von weitem die Ruinen der Burg Theben, die von den napoleonischen Truppen zerst\u00f6rt wurde. Schon die R\u00f6mer hatten hier einen Grenzposten. Im Jahre 864 wurde die Burg erstmals in den Fuldaer Annalen als Dowina erw\u00e4hnt.  <br\/><br\/>Nach dem Ende des M\u00e4hrischen Reiches ab dem 15. Jahrhundert geh\u00f6rte die Burg zu Ungarn. Danach geh\u00f6rte sie verschiedenen ungarischen Adelsgeschlechtern, ab 1635 den P\u00e1lffy. Napoleon und P\u00e1lffy vereinbarten, dass Wien von P\u00e1lffy mit Lebensmitteln und anderen G\u00fctern versorgt werden sollte.  <br\/><br\/>Zur Erinnerung an die Geschichte des M\u00e4hrischen Reiches unternahm \u013dudov\u00edt \u0160t\u00far am 24. April 1836 mit anderen Mitgliedern der Gesellschaft einen patriotischen Ausflug zur Burg Theben. Dies war die Geburtsstunde des Nationalmythos, der Grundlage der slowakischen Identit\u00e4tsfindung und der nationalen Wallfahrten. <\/p>\n\n<figure class=\"wp-block-image size-full\"><img loading=\"lazy\" decoding=\"async\" width=\"1280\" height=\"720\" src=\"https:\/\/blog.myvideomedia.com\/wp-content\/uploads\/2024\/11\/Bratislava_UG_4409.jpg\" alt=\"Anfahrt Bratislava\" class=\"wp-image-28244\" srcset=\"https:\/\/blog.myvideomedia.com\/wp-content\/uploads\/2024\/11\/Bratislava_UG_4409.jpg 1280w, https:\/\/blog.myvideomedia.com\/wp-content\/uploads\/2024\/11\/Bratislava_UG_4409-600x338.jpg 600w, https:\/\/blog.myvideomedia.com\/wp-content\/uploads\/2024\/11\/Bratislava_UG_4409-768x432.jpg 768w\" sizes=\"auto, (max-width: 1280px) 100vw, 1280px\" \/><\/figure>\n\n<p>1896 wurde hier die 33 m hohe \u00c1rp\u00e1dsaule eingeweiht, die als Symbol des tausendj\u00e4hrigen Reiches der Stephanskrone dienen sollte. Im Jahre 1918 wurde sie von tschechoslowakischen Legion\u00e4ren gesprengt. Die \u00dcberreste wurden nach Ungarn gebracht. Im Jahre 1938 wurde hier ein neues Nationaldenkmal zur Erinnerung an die Gr\u00fcndung der Tschechoslowakei mit dem B\u00f6hmischen L\u00f6wen errichtet. Als Adolf Hitler den L\u00f6wen bei einem Besuch sah, befahl er, ihn zu entfernen. Die Einwohner begruben ihn in der N\u00e4he. Nach der Unabh\u00e4ngigkeit der Slowakei von Tschechien wurde der L\u00f6we vor dem Slowakischen Nationalmuseum in Bratislava wieder aufgestellt. Seit 1961 ist die Burgruine ein Nationaldenkmal.       <\/p>\n\n<figure class=\"wp-block-image size-full\"><img loading=\"lazy\" decoding=\"async\" width=\"1280\" height=\"720\" src=\"https:\/\/blog.myvideomedia.com\/wp-content\/uploads\/2024\/11\/Bratislava_Ufo_tower_UG_4418.jpg\" alt=\"Bratislawa Ufo Turm\" class=\"wp-image-28242\" srcset=\"https:\/\/blog.myvideomedia.com\/wp-content\/uploads\/2024\/11\/Bratislava_Ufo_tower_UG_4418.jpg 1280w, https:\/\/blog.myvideomedia.com\/wp-content\/uploads\/2024\/11\/Bratislava_Ufo_tower_UG_4418-600x338.jpg 600w, https:\/\/blog.myvideomedia.com\/wp-content\/uploads\/2024\/11\/Bratislava_Ufo_tower_UG_4418-768x432.jpg 768w\" sizes=\"auto, (max-width: 1280px) 100vw, 1280px\" \/><\/figure>\n\n<p>Kurze Zeit sp\u00e4ter erreichen wir Bratislava und werfen erste Blicke auf die fantastische Br\u00fccke Most SNP (Br\u00fccke des Slowakischen Nationalaufstandes), inoffiziell (UFO Tower) und die Burg Bratislava.<\/p>\n\n<figure class=\"wp-block-image size-full\"><img loading=\"lazy\" decoding=\"async\" width=\"1280\" height=\"720\" src=\"https:\/\/blog.myvideomedia.com\/wp-content\/uploads\/2024\/11\/Bratislava_UG_4414.jpg\" alt=\"Bratislava from Twin City Liner\" class=\"wp-image-28240\" srcset=\"https:\/\/blog.myvideomedia.com\/wp-content\/uploads\/2024\/11\/Bratislava_UG_4414.jpg 1280w, https:\/\/blog.myvideomedia.com\/wp-content\/uploads\/2024\/11\/Bratislava_UG_4414-600x338.jpg 600w, https:\/\/blog.myvideomedia.com\/wp-content\/uploads\/2024\/11\/Bratislava_UG_4414-768x432.jpg 768w\" sizes=\"auto, (max-width: 1280px) 100vw, 1280px\" \/><\/figure>\n\n<p>Text, Fotos und Video: Copyright \u00a9 <a href=\"https:\/\/www.myvideomedia.de\" target=\"_blank\" rel=\"noreferrer noopener\">myVideoMedia<\/a><\/p>\n","protected":false},"excerpt":{"rendered":"<p>Die Fahrt mit dem Twin City Liner von Wien nach Bratislava ist ein besonderes Erlebnis. Noch nie sind wir mit einem Schiff dieser Gr\u00f6\u00dfe so schnell \u00fcber einen Fluss und durch einen schmalen Kanal gefahren. Der Twin City Liner ist ein Katamaran mit Jet-Antrieb, der das Schiff auf bis zu 70 km\/h beschleunigt und Platz [&hellip;]<\/p>\n","protected":false},"author":1,"featured_media":28233,"comment_status":"closed","ping_status":"closed","sticky":false,"template":"","format":"standard","meta":{"_genesis_hide_title":false,"_genesis_hide_breadcrumbs":false,"_genesis_hide_singular_image":false,"_genesis_hide_footer_widgets":false,"_genesis_custom_body_class":"","_genesis_custom_post_class":"","_genesis_layout":"","footnotes":""},"categories":[1550,492,1975,498],"tags":[479,472],"class_list":{"0":"post-28248","1":"post","2":"type-post","3":"status-publish","4":"format-standard","5":"has-post-thumbnail","7":"category-europa","8":"category-oesterreich","9":"category-slowakei","10":"category-wien","11":"tag-bootstour","12":"tag-fluss","13":"entry"},"yoast_head":"<!-- This site is optimized with the Yoast SEO plugin v27.4 - https:\/\/yoast.com\/product\/yoast-seo-wordpress\/ -->\n<title>Mit dem Twin City Liner von Wien nach Bratislawa - Reise Video Blog<\/title>\n<meta name=\"description\" content=\"Unsere Fahrt mit dem Twin City Liner, einem Katamaran mit D\u00fcsenantrieb, vom Schwedenplatz in Wien nach Bratislava dauert 75 Minuten. Mehr und Video...\" \/>\n<meta name=\"robots\" content=\"index, follow, max-snippet:-1, max-image-preview:large, max-video-preview:-1\" \/>\n<link rel=\"canonical\" href=\"https:\/\/blog.myvideomedia.com\/de\/mit-dem-twin-city-liner-von-wien-nach-bratislawa\/\" \/>\n<meta property=\"og:locale\" content=\"de_DE\" \/>\n<meta property=\"og:type\" content=\"article\" \/>\n<meta property=\"og:title\" content=\"Mit dem Twin City Liner von Wien nach Bratislawa - Reise Video Blog\" \/>\n<meta property=\"og:description\" content=\"Unsere Fahrt mit dem Twin City Liner, einem Katamaran mit D\u00fcsenantrieb, vom Schwedenplatz in Wien nach Bratislava dauert 75 Minuten. Mehr und Video...\" \/>\n<meta property=\"og:url\" content=\"https:\/\/blog.myvideomedia.com\/de\/mit-dem-twin-city-liner-von-wien-nach-bratislawa\/\" \/>\n<meta property=\"og:site_name\" content=\"Reise Video Blog\" \/>\n<meta property=\"article:publisher\" content=\"https:\/\/www.facebook.com\/ursula.streit.520\" \/>\n<meta property=\"article:author\" content=\"https:\/\/www.facebook.com\/ursula.streit.520\" \/>\n<meta property=\"article:published_time\" content=\"2024-11-15T12:17:17+00:00\" \/>\n<meta property=\"article:modified_time\" content=\"2024-11-15T12:17:18+00:00\" \/>\n<meta property=\"og:image\" content=\"https:\/\/blog.myvideomedia.com\/wp-content\/uploads\/2024\/11\/Wien_Twin_city_Liner_UG_4375.jpg\" \/>\n\t<meta property=\"og:image:width\" content=\"1280\" \/>\n\t<meta property=\"og:image:height\" content=\"720\" \/>\n\t<meta property=\"og:image:type\" content=\"image\/jpeg\" \/>\n<meta name=\"author\" content=\"myVideoMedia\" \/>\n<meta name=\"twitter:card\" content=\"summary_large_image\" \/>\n<meta name=\"twitter:creator\" content=\"@myvideomedia\" \/>\n<meta name=\"twitter:site\" content=\"@myvideomedia\" \/>\n<meta name=\"twitter:label1\" content=\"Verfasst von\" \/>\n\t<meta name=\"twitter:data1\" content=\"myVideoMedia\" \/>\n\t<meta name=\"twitter:label2\" content=\"Gesch\u00e4tzte Lesezeit\" \/>\n\t<meta name=\"twitter:data2\" content=\"18\u00a0Minuten\" \/>\n<script type=\"application\/ld+json\" class=\"yoast-schema-graph\">{\"@context\":\"https:\\\/\\\/schema.org\",\"@graph\":[{\"@type\":\"Article\",\"@id\":\"https:\\\/\\\/blog.myvideomedia.com\\\/de\\\/mit-dem-twin-city-liner-von-wien-nach-bratislawa\\\/#article\",\"isPartOf\":{\"@id\":\"https:\\\/\\\/blog.myvideomedia.com\\\/de\\\/mit-dem-twin-city-liner-von-wien-nach-bratislawa\\\/\"},\"author\":{\"name\":\"myVideoMedia\",\"@id\":\"https:\\\/\\\/blog.myvideomedia.com\\\/de\\\/#\\\/schema\\\/person\\\/87be8fbbed69b1562242448c1c3dcbec\"},\"headline\":\"Mit dem Twin City Liner von Wien nach Bratislawa\",\"datePublished\":\"2024-11-15T12:17:17+00:00\",\"dateModified\":\"2024-11-15T12:17:18+00:00\",\"mainEntityOfPage\":{\"@id\":\"https:\\\/\\\/blog.myvideomedia.com\\\/de\\\/mit-dem-twin-city-liner-von-wien-nach-bratislawa\\\/\"},\"wordCount\":568,\"publisher\":{\"@id\":\"https:\\\/\\\/blog.myvideomedia.com\\\/de\\\/#\\\/schema\\\/person\\\/87be8fbbed69b1562242448c1c3dcbec\"},\"image\":{\"@id\":\"https:\\\/\\\/blog.myvideomedia.com\\\/de\\\/mit-dem-twin-city-liner-von-wien-nach-bratislawa\\\/#primaryimage\"},\"thumbnailUrl\":\"https:\\\/\\\/blog.myvideomedia.com\\\/wp-content\\\/uploads\\\/2024\\\/11\\\/Wien_Twin_city_Liner_UG_4375.jpg\",\"keywords\":[\"Bootstour\",\"Fluss\"],\"articleSection\":[\"Europa\",\"\u00d6sterreich\",\"Slowakei\",\"Wien\"],\"inLanguage\":\"de\"},{\"@type\":\"WebPage\",\"@id\":\"https:\\\/\\\/blog.myvideomedia.com\\\/de\\\/mit-dem-twin-city-liner-von-wien-nach-bratislawa\\\/\",\"url\":\"https:\\\/\\\/blog.myvideomedia.com\\\/de\\\/mit-dem-twin-city-liner-von-wien-nach-bratislawa\\\/\",\"name\":\"Mit dem Twin City Liner von Wien nach Bratislawa - Reise Video Blog\",\"isPartOf\":{\"@id\":\"https:\\\/\\\/blog.myvideomedia.com\\\/de\\\/#website\"},\"primaryImageOfPage\":{\"@id\":\"https:\\\/\\\/blog.myvideomedia.com\\\/de\\\/mit-dem-twin-city-liner-von-wien-nach-bratislawa\\\/#primaryimage\"},\"image\":{\"@id\":\"https:\\\/\\\/blog.myvideomedia.com\\\/de\\\/mit-dem-twin-city-liner-von-wien-nach-bratislawa\\\/#primaryimage\"},\"thumbnailUrl\":\"https:\\\/\\\/blog.myvideomedia.com\\\/wp-content\\\/uploads\\\/2024\\\/11\\\/Wien_Twin_city_Liner_UG_4375.jpg\",\"datePublished\":\"2024-11-15T12:17:17+00:00\",\"dateModified\":\"2024-11-15T12:17:18+00:00\",\"description\":\"Unsere Fahrt mit dem Twin City Liner, einem Katamaran mit D\u00fcsenantrieb, vom Schwedenplatz in Wien nach Bratislava dauert 75 Minuten. Mehr und Video...\",\"breadcrumb\":{\"@id\":\"https:\\\/\\\/blog.myvideomedia.com\\\/de\\\/mit-dem-twin-city-liner-von-wien-nach-bratislawa\\\/#breadcrumb\"},\"inLanguage\":\"de\",\"potentialAction\":[{\"@type\":\"ReadAction\",\"target\":[\"https:\\\/\\\/blog.myvideomedia.com\\\/de\\\/mit-dem-twin-city-liner-von-wien-nach-bratislawa\\\/\"]}]},{\"@type\":\"ImageObject\",\"inLanguage\":\"de\",\"@id\":\"https:\\\/\\\/blog.myvideomedia.com\\\/de\\\/mit-dem-twin-city-liner-von-wien-nach-bratislawa\\\/#primaryimage\",\"url\":\"https:\\\/\\\/blog.myvideomedia.com\\\/wp-content\\\/uploads\\\/2024\\\/11\\\/Wien_Twin_city_Liner_UG_4375.jpg\",\"contentUrl\":\"https:\\\/\\\/blog.myvideomedia.com\\\/wp-content\\\/uploads\\\/2024\\\/11\\\/Wien_Twin_city_Liner_UG_4375.jpg\",\"width\":1280,\"height\":720,\"caption\":\"Twin City Linerfrom Vienna To Bratislava\"},{\"@type\":\"BreadcrumbList\",\"@id\":\"https:\\\/\\\/blog.myvideomedia.com\\\/de\\\/mit-dem-twin-city-liner-von-wien-nach-bratislawa\\\/#breadcrumb\",\"itemListElement\":[{\"@type\":\"ListItem\",\"position\":1,\"name\":\"Home\",\"item\":\"https:\\\/\\\/blog.myvideomedia.com\\\/de\\\/\"},{\"@type\":\"ListItem\",\"position\":2,\"name\":\"Mit dem Twin City Liner von Wien nach Bratislawa\"}]},{\"@type\":\"WebSite\",\"@id\":\"https:\\\/\\\/blog.myvideomedia.com\\\/de\\\/#website\",\"url\":\"https:\\\/\\\/blog.myvideomedia.com\\\/de\\\/\",\"name\":\"Travel Video Blog\",\"description\":\"myVideoMedia Reisetipps und Reisevideos\",\"publisher\":{\"@id\":\"https:\\\/\\\/blog.myvideomedia.com\\\/de\\\/#\\\/schema\\\/person\\\/87be8fbbed69b1562242448c1c3dcbec\"},\"potentialAction\":[{\"@type\":\"SearchAction\",\"target\":{\"@type\":\"EntryPoint\",\"urlTemplate\":\"https:\\\/\\\/blog.myvideomedia.com\\\/de\\\/?s={search_term_string}\"},\"query-input\":{\"@type\":\"PropertyValueSpecification\",\"valueRequired\":true,\"valueName\":\"search_term_string\"}}],\"inLanguage\":\"de\"},{\"@type\":[\"Person\",\"Organization\"],\"@id\":\"https:\\\/\\\/blog.myvideomedia.com\\\/de\\\/#\\\/schema\\\/person\\\/87be8fbbed69b1562242448c1c3dcbec\",\"name\":\"myVideoMedia\",\"image\":{\"@type\":\"ImageObject\",\"inLanguage\":\"de\",\"@id\":\"https:\\\/\\\/secure.gravatar.com\\\/avatar\\\/460720160715ef8975b781abd1b6985e55ce2f01567bb6757bebd73e7cf74c97?s=96&d=mm&r=g\",\"url\":\"https:\\\/\\\/secure.gravatar.com\\\/avatar\\\/460720160715ef8975b781abd1b6985e55ce2f01567bb6757bebd73e7cf74c97?s=96&d=mm&r=g\",\"contentUrl\":\"https:\\\/\\\/secure.gravatar.com\\\/avatar\\\/460720160715ef8975b781abd1b6985e55ce2f01567bb6757bebd73e7cf74c97?s=96&d=mm&r=g\",\"caption\":\"myVideoMedia\"},\"logo\":{\"@id\":\"https:\\\/\\\/secure.gravatar.com\\\/avatar\\\/460720160715ef8975b781abd1b6985e55ce2f01567bb6757bebd73e7cf74c97?s=96&d=mm&r=g\"},\"description\":\"\\\"The World is a book, and those who do not travel read only a page\\\" - Aurelius Augustinus (354 - 430 AD) Travel is our passion. With our posts and videos we like to inspire people who are planning or preparing for holidays as well as people who simply want to escape from everyday life and dream of faraway countries.\",\"sameAs\":[\"https:\\\/\\\/www.myvideomedia.com\",\"https:\\\/\\\/www.facebook.com\\\/ursula.streit.520\"],\"url\":\"https:\\\/\\\/blog.myvideomedia.com\\\/de\\\/author\\\/traveladm\\\/\"}]}<\/script>\n<!-- \/ Yoast SEO plugin. -->","yoast_head_json":{"title":"Mit dem Twin City Liner von Wien nach Bratislawa - Reise Video Blog","description":"Unsere Fahrt mit dem Twin City Liner, einem Katamaran mit D\u00fcsenantrieb, vom Schwedenplatz in Wien nach Bratislava dauert 75 Minuten. Mehr und Video...","robots":{"index":"index","follow":"follow","max-snippet":"max-snippet:-1","max-image-preview":"max-image-preview:large","max-video-preview":"max-video-preview:-1"},"canonical":"https:\/\/blog.myvideomedia.com\/de\/mit-dem-twin-city-liner-von-wien-nach-bratislawa\/","og_locale":"de_DE","og_type":"article","og_title":"Mit dem Twin City Liner von Wien nach Bratislawa - Reise Video Blog","og_description":"Unsere Fahrt mit dem Twin City Liner, einem Katamaran mit D\u00fcsenantrieb, vom Schwedenplatz in Wien nach Bratislava dauert 75 Minuten. Mehr und Video...","og_url":"https:\/\/blog.myvideomedia.com\/de\/mit-dem-twin-city-liner-von-wien-nach-bratislawa\/","og_site_name":"Reise Video Blog","article_publisher":"https:\/\/www.facebook.com\/ursula.streit.520","article_author":"https:\/\/www.facebook.com\/ursula.streit.520","article_published_time":"2024-11-15T12:17:17+00:00","article_modified_time":"2024-11-15T12:17:18+00:00","og_image":[{"width":1280,"height":720,"url":"https:\/\/blog.myvideomedia.com\/wp-content\/uploads\/2024\/11\/Wien_Twin_city_Liner_UG_4375.jpg","type":"image\/jpeg"}],"author":"myVideoMedia","twitter_card":"summary_large_image","twitter_creator":"@myvideomedia","twitter_site":"@myvideomedia","twitter_misc":{"Verfasst von":"myVideoMedia","Gesch\u00e4tzte Lesezeit":"18\u00a0Minuten"},"schema":{"@context":"https:\/\/schema.org","@graph":[{"@type":"Article","@id":"https:\/\/blog.myvideomedia.com\/de\/mit-dem-twin-city-liner-von-wien-nach-bratislawa\/#article","isPartOf":{"@id":"https:\/\/blog.myvideomedia.com\/de\/mit-dem-twin-city-liner-von-wien-nach-bratislawa\/"},"author":{"name":"myVideoMedia","@id":"https:\/\/blog.myvideomedia.com\/de\/#\/schema\/person\/87be8fbbed69b1562242448c1c3dcbec"},"headline":"Mit dem Twin City Liner von Wien nach Bratislawa","datePublished":"2024-11-15T12:17:17+00:00","dateModified":"2024-11-15T12:17:18+00:00","mainEntityOfPage":{"@id":"https:\/\/blog.myvideomedia.com\/de\/mit-dem-twin-city-liner-von-wien-nach-bratislawa\/"},"wordCount":568,"publisher":{"@id":"https:\/\/blog.myvideomedia.com\/de\/#\/schema\/person\/87be8fbbed69b1562242448c1c3dcbec"},"image":{"@id":"https:\/\/blog.myvideomedia.com\/de\/mit-dem-twin-city-liner-von-wien-nach-bratislawa\/#primaryimage"},"thumbnailUrl":"https:\/\/blog.myvideomedia.com\/wp-content\/uploads\/2024\/11\/Wien_Twin_city_Liner_UG_4375.jpg","keywords":["Bootstour","Fluss"],"articleSection":["Europa","\u00d6sterreich","Slowakei","Wien"],"inLanguage":"de"},{"@type":"WebPage","@id":"https:\/\/blog.myvideomedia.com\/de\/mit-dem-twin-city-liner-von-wien-nach-bratislawa\/","url":"https:\/\/blog.myvideomedia.com\/de\/mit-dem-twin-city-liner-von-wien-nach-bratislawa\/","name":"Mit dem Twin City Liner von Wien nach Bratislawa - Reise Video Blog","isPartOf":{"@id":"https:\/\/blog.myvideomedia.com\/de\/#website"},"primaryImageOfPage":{"@id":"https:\/\/blog.myvideomedia.com\/de\/mit-dem-twin-city-liner-von-wien-nach-bratislawa\/#primaryimage"},"image":{"@id":"https:\/\/blog.myvideomedia.com\/de\/mit-dem-twin-city-liner-von-wien-nach-bratislawa\/#primaryimage"},"thumbnailUrl":"https:\/\/blog.myvideomedia.com\/wp-content\/uploads\/2024\/11\/Wien_Twin_city_Liner_UG_4375.jpg","datePublished":"2024-11-15T12:17:17+00:00","dateModified":"2024-11-15T12:17:18+00:00","description":"Unsere Fahrt mit dem Twin City Liner, einem Katamaran mit D\u00fcsenantrieb, vom Schwedenplatz in Wien nach Bratislava dauert 75 Minuten. Mehr und Video...","breadcrumb":{"@id":"https:\/\/blog.myvideomedia.com\/de\/mit-dem-twin-city-liner-von-wien-nach-bratislawa\/#breadcrumb"},"inLanguage":"de","potentialAction":[{"@type":"ReadAction","target":["https:\/\/blog.myvideomedia.com\/de\/mit-dem-twin-city-liner-von-wien-nach-bratislawa\/"]}]},{"@type":"ImageObject","inLanguage":"de","@id":"https:\/\/blog.myvideomedia.com\/de\/mit-dem-twin-city-liner-von-wien-nach-bratislawa\/#primaryimage","url":"https:\/\/blog.myvideomedia.com\/wp-content\/uploads\/2024\/11\/Wien_Twin_city_Liner_UG_4375.jpg","contentUrl":"https:\/\/blog.myvideomedia.com\/wp-content\/uploads\/2024\/11\/Wien_Twin_city_Liner_UG_4375.jpg","width":1280,"height":720,"caption":"Twin City Linerfrom Vienna To Bratislava"},{"@type":"BreadcrumbList","@id":"https:\/\/blog.myvideomedia.com\/de\/mit-dem-twin-city-liner-von-wien-nach-bratislawa\/#breadcrumb","itemListElement":[{"@type":"ListItem","position":1,"name":"Home","item":"https:\/\/blog.myvideomedia.com\/de\/"},{"@type":"ListItem","position":2,"name":"Mit dem Twin City Liner von Wien nach Bratislawa"}]},{"@type":"WebSite","@id":"https:\/\/blog.myvideomedia.com\/de\/#website","url":"https:\/\/blog.myvideomedia.com\/de\/","name":"Travel Video Blog","description":"myVideoMedia Reisetipps und Reisevideos","publisher":{"@id":"https:\/\/blog.myvideomedia.com\/de\/#\/schema\/person\/87be8fbbed69b1562242448c1c3dcbec"},"potentialAction":[{"@type":"SearchAction","target":{"@type":"EntryPoint","urlTemplate":"https:\/\/blog.myvideomedia.com\/de\/?s={search_term_string}"},"query-input":{"@type":"PropertyValueSpecification","valueRequired":true,"valueName":"search_term_string"}}],"inLanguage":"de"},{"@type":["Person","Organization"],"@id":"https:\/\/blog.myvideomedia.com\/de\/#\/schema\/person\/87be8fbbed69b1562242448c1c3dcbec","name":"myVideoMedia","image":{"@type":"ImageObject","inLanguage":"de","@id":"https:\/\/secure.gravatar.com\/avatar\/460720160715ef8975b781abd1b6985e55ce2f01567bb6757bebd73e7cf74c97?s=96&d=mm&r=g","url":"https:\/\/secure.gravatar.com\/avatar\/460720160715ef8975b781abd1b6985e55ce2f01567bb6757bebd73e7cf74c97?s=96&d=mm&r=g","contentUrl":"https:\/\/secure.gravatar.com\/avatar\/460720160715ef8975b781abd1b6985e55ce2f01567bb6757bebd73e7cf74c97?s=96&d=mm&r=g","caption":"myVideoMedia"},"logo":{"@id":"https:\/\/secure.gravatar.com\/avatar\/460720160715ef8975b781abd1b6985e55ce2f01567bb6757bebd73e7cf74c97?s=96&d=mm&r=g"},"description":"\"The World is a book, and those who do not travel read only a page\" - Aurelius Augustinus (354 - 430 AD) Travel is our passion. With our posts and videos we like to inspire people who are planning or preparing for holidays as well as people who simply want to escape from everyday life and dream of faraway countries.","sameAs":["https:\/\/www.myvideomedia.com","https:\/\/www.facebook.com\/ursula.streit.520"],"url":"https:\/\/blog.myvideomedia.com\/de\/author\/traveladm\/"}]}},"featured_image_src":"https:\/\/blog.myvideomedia.com\/wp-content\/uploads\/2024\/11\/Wien_Twin_city_Liner_UG_4375-600x400.jpg","featured_image_src_square":"https:\/\/blog.myvideomedia.com\/wp-content\/uploads\/2024\/11\/Wien_Twin_city_Liner_UG_4375-600x600.jpg","author_info":{"display_name":"myVideoMedia","author_link":"https:\/\/blog.myvideomedia.com\/de\/author\/traveladm\/"},"_links":{"self":[{"href":"https:\/\/blog.myvideomedia.com\/de\/wp-json\/wp\/v2\/posts\/28248","targetHints":{"allow":["GET"]}}],"collection":[{"href":"https:\/\/blog.myvideomedia.com\/de\/wp-json\/wp\/v2\/posts"}],"about":[{"href":"https:\/\/blog.myvideomedia.com\/de\/wp-json\/wp\/v2\/types\/post"}],"author":[{"embeddable":true,"href":"https:\/\/blog.myvideomedia.com\/de\/wp-json\/wp\/v2\/users\/1"}],"replies":[{"embeddable":true,"href":"https:\/\/blog.myvideomedia.com\/de\/wp-json\/wp\/v2\/comments?post=28248"}],"version-history":[{"count":0,"href":"https:\/\/blog.myvideomedia.com\/de\/wp-json\/wp\/v2\/posts\/28248\/revisions"}],"wp:featuredmedia":[{"embeddable":true,"href":"https:\/\/blog.myvideomedia.com\/de\/wp-json\/wp\/v2\/media\/28233"}],"wp:attachment":[{"href":"https:\/\/blog.myvideomedia.com\/de\/wp-json\/wp\/v2\/media?parent=28248"}],"wp:term":[{"taxonomy":"category","embeddable":true,"href":"https:\/\/blog.myvideomedia.com\/de\/wp-json\/wp\/v2\/categories?post=28248"},{"taxonomy":"post_tag","embeddable":true,"href":"https:\/\/blog.myvideomedia.com\/de\/wp-json\/wp\/v2\/tags?post=28248"}],"curies":[{"name":"wp","href":"https:\/\/api.w.org\/{rel}","templated":true}]}}