{"id":28316,"date":"2024-11-23T14:02:14","date_gmt":"2024-11-23T13:02:14","guid":{"rendered":"https:\/\/blog.myvideomedia.com\/?p=28316"},"modified":"2024-11-23T14:02:18","modified_gmt":"2024-11-23T13:02:18","slug":"per-twin-city-liner-von-der-slovakei-nach-oesterreich","status":"publish","type":"post","link":"https:\/\/blog.myvideomedia.com\/de\/per-twin-city-liner-von-der-slovakei-nach-oesterreich\/","title":{"rendered":"Per Twin City Liner von der Slovakei nach \u00d6sterreich"},"content":{"rendered":"\n<p>Nach einem sch\u00f6nen Tag in <a href=\"https:\/\/blog.myvideomedia.com\/de\/kurzbesuch-in-bratislava\/\" target=\"_blank\" rel=\"noreferrer noopener\">Bratislava<\/a> ist es Zeit f\u00fcr die Heimreise. Am Donauufer legt gerade der Twin City Liner an, der uns zur\u00fcck nach Wien bringt. <\/p>\n\n<figure class=\"wp-block-image size-full\"><img loading=\"lazy\" decoding=\"async\" width=\"1280\" height=\"720\" src=\"https:\/\/blog.myvideomedia.com\/wp-content\/uploads\/2024\/11\/Bratislava_TCW_20240413_154136818.MP_.jpg\" alt=\"Twin City Liner in Bratislava\" class=\"wp-image-28306\" srcset=\"https:\/\/blog.myvideomedia.com\/wp-content\/uploads\/2024\/11\/Bratislava_TCW_20240413_154136818.MP_.jpg 1280w, https:\/\/blog.myvideomedia.com\/wp-content\/uploads\/2024\/11\/Bratislava_TCW_20240413_154136818.MP_-600x338.jpg 600w, https:\/\/blog.myvideomedia.com\/wp-content\/uploads\/2024\/11\/Bratislava_TCW_20240413_154136818.MP_-768x432.jpg 768w\" sizes=\"auto, (max-width: 1280px) 100vw, 1280px\" \/><\/figure>\n\n<p><br\/><br\/>We have gathered a lot of impressions this day. Of course, we are also interested in the historical background of the region. <\/p>\n\n<figure class=\"wp-block-embed is-type-video is-provider-youtube wp-block-embed-youtube wp-embed-aspect-16-9 wp-has-aspect-ratio\"><div class=\"wp-block-embed__wrapper\">\n <div class=\"brlbs-cmpnt-container brlbs-cmpnt-content-blocker brlbs-cmpnt-with-individual-styles\" data-borlabs-cookie-content-blocker-id=\"youtube-content-blocker\" data-borlabs-cookie-content=\"PGlmcmFtZSB0aXRsZT0iRnJvbSBTbG92YWtpYSB0byBBdXN0cmlhICAtIFNsb3Zha2lhIDRLIFRyYXZlbCBDaGFubmVsIiB3aWR0aD0iNTAwIiBoZWlnaHQ9IjI4MSIgc3JjPSJodHRwczovL3d3dy55b3V0dWJlLW5vY29va2llLmNvbS9lbWJlZC8zaGw0UmZBYmI0RT9mZWF0dXJlPW9lbWJlZCIgZnJhbWVib3JkZXI9IjAiIGFsbG93PSJhY2NlbGVyb21ldGVyOyBhdXRvcGxheTsgY2xpcGJvYXJkLXdyaXRlOyBlbmNyeXB0ZWQtbWVkaWE7IGd5cm9zY29wZTsgcGljdHVyZS1pbi1waWN0dXJlOyB3ZWItc2hhcmUiIHJlZmVycmVycG9saWN5PSJzdHJpY3Qtb3JpZ2luLXdoZW4tY3Jvc3Mtb3JpZ2luIiBhbGxvd2Z1bGxzY3JlZW4+PC9pZnJhbWU+\"><div class=\"brlbs-cmpnt-cb-preset-c brlbs-cmpnt-cb-youtube\"> <div class=\"brlbs-cmpnt-cb-thumbnail\" style=\"background-image: url('https:\/\/blog.myvideomedia.com\/wp-content\/uploads\/borlabs-cookie\/1\/yt_3hl4RfAbb4E_hqdefault.jpg')\"><\/div> <div class=\"brlbs-cmpnt-cb-main\"> <div class=\"brlbs-cmpnt-cb-play-button\"><\/div> <div class=\"brlbs-cmpnt-cb-content\"> <p class=\"brlbs-cmpnt-cb-description\">Sie sehen gerade einen Platzhalterinhalt von <strong>YouTube<\/strong>. Um auf den eigentlichen Inhalt zuzugreifen, klicken Sie auf die Schaltfl\u00e4che unten. Bitte beachten Sie, dass dabei Daten an Drittanbieter weitergegeben werden.<\/p> <a class=\"brlbs-cmpnt-cb-provider-toggle\" href=\"#\" data-borlabs-cookie-show-provider-information role=\"button\">Mehr Informationen<\/a> <\/div> <div class=\"brlbs-cmpnt-cb-buttons\"> <a class=\"brlbs-cmpnt-cb-btn\" href=\"#\" data-borlabs-cookie-unblock role=\"button\">Inhalt entsperren<\/a> <a class=\"brlbs-cmpnt-cb-btn\" href=\"#\" data-borlabs-cookie-accept-service role=\"button\" style=\"display: inherit\">Erforderlichen Service akzeptieren und Inhalte entsperren<\/a> <\/div> <\/div> <\/div><\/div>\n<\/div><\/figure>\n\n<p><br\/>The first settlements were founded around 5500 B.C. The Celts settled in the area in the 5th century B.C. The Romans then settled south of the Danube, the Germanic tribes north of the Danube, followed by the Quadi and finally the Slavs. At the end of the 8th century, the castles of Thebes and Bratislava belonged to the Principality of Nitra. They were followed by Great Moravia, the Carolingian Ostmark, and the Magyars. After Bratislava fell to Bavaria, it became part of Hungary through the marriage of Gisela of Bavaria to the Hungarian King Stephen I. Poland and Hungary alternated again. Other powers, such as the Eastern Franks and the Bohemians, attacked repeatedly. After the victorious Battle of the Lechfeld against the Hungarians in 955, the German settlement of the Pressburg region began until the Mongols devastated the country and brought about their defeat in 1241. Emperor Sigismund of Luxembourg elevated Bratislava to a royal free city in 1405.      <\/p>\n\n<figure class=\"wp-block-image size-full\"><img loading=\"lazy\" decoding=\"async\" width=\"1280\" height=\"720\" src=\"https:\/\/blog.myvideomedia.com\/wp-content\/uploads\/2024\/11\/Burg_Theben_UG_4597.jpg\" alt=\"\" class=\"wp-image-28308\" srcset=\"https:\/\/blog.myvideomedia.com\/wp-content\/uploads\/2024\/11\/Burg_Theben_UG_4597.jpg 1280w, https:\/\/blog.myvideomedia.com\/wp-content\/uploads\/2024\/11\/Burg_Theben_UG_4597-600x338.jpg 600w, https:\/\/blog.myvideomedia.com\/wp-content\/uploads\/2024\/11\/Burg_Theben_UG_4597-768x432.jpg 768w\" sizes=\"auto, (max-width: 1280px) 100vw, 1280px\" \/><\/figure>\n\n<p><br\/>1526 wurde ein Teil Ungarns an die Osmanen abgetreten, der andere Teil ging an die Habsburger, die nun \u00fcber den Rest Ungarns herrschten. Pressburg wurde zur Hauptstadt Ungarns. Pestepidemien, K\u00e4mpfe mit den Osmanen und Aufst\u00e4nde gegen die Reformation und die Habsburger pr\u00e4gten die folgenden Jahre. 1686 fiel nach der Zweiten Wiener T\u00fcrkenbelagerung ganz Ungarn an die Habsburger.   <br\/><br\/>Unter Kaiserin Maria Theresia \u00e4nderten sich die Verh\u00e4ltnisse, Pressburg wurde zur wichtigsten Stadt Ungarns und wuchs stark an. Die Architektur und das kulturelle Leben wurden stark von den Habsburgern beeinflusst. Nach der \u00dcberf\u00fchrung der ungarischen Kronjuwelen nach Wien verlor Pre\u00dfburg wieder stark an Bedeutung.  <br\/><br\/>Es kam zu zahlreichen Aufst\u00e4nden wie dem Kuruzenaufstand, der die Unzufriedenheit des armen Adels und der Landbev\u00f6lkerung widerspiegelte. Aber auch religi\u00f6se Motive wie Missionierung und S\u00e4kularisierung spielten eine Rolle. <\/p>\n\n<figure class=\"wp-block-image size-full\"><img loading=\"lazy\" decoding=\"async\" width=\"1280\" height=\"720\" src=\"https:\/\/blog.myvideomedia.com\/wp-content\/uploads\/2024\/11\/Hainburg_UG_4609.jpg\" alt=\"Hainburg\" class=\"wp-image-28314\" srcset=\"https:\/\/blog.myvideomedia.com\/wp-content\/uploads\/2024\/11\/Hainburg_UG_4609.jpg 1280w, https:\/\/blog.myvideomedia.com\/wp-content\/uploads\/2024\/11\/Hainburg_UG_4609-600x338.jpg 600w, https:\/\/blog.myvideomedia.com\/wp-content\/uploads\/2024\/11\/Hainburg_UG_4609-768x432.jpg 768w\" sizes=\"auto, (max-width: 1280px) 100vw, 1280px\" \/><\/figure>\n\n<p><br\/>Nach dem \u00f6sterreichisch-ungarischen Ausgleich von 1867 erlebte das Land jedoch einen bedeutenden wirtschaftlichen Aufschwung. Dies beseitigte jedoch nicht die Nationalit\u00e4tenkonflikte, die nach dem Ersten Weltkrieg zur Zerschlagung Ungarns f\u00fchrten. Im Jahr 1918 wurde die demokratische Republik Ungarn gegr\u00fcndet.  <br\/><br\/>Nach dem Ersten Weltkrieg wurde Bratislava auf Beschluss der Alliierten der Tschechoslowakei zugeschlagen. Weitere Unruhen waren die Folge. W\u00e4hrend des 2. Weltkrieges kam es zu zahlreichen Luftangriffen von amerikanischer und sowjetischer Seite. Nach dem Ende des Nationalsozialismus wurde die Slowakei wieder in die Tschechoslowakei eingegliedert. Seit dem 1. Januar 1993 ist Bratislava die Hauptstadt der unabh\u00e4ngigen Slowakei. Inzwischen erlebt der Staat wieder einen wirtschaftlichen Aufschwung.     <\/p>\n\n<figure class=\"wp-block-image size-full\"><img loading=\"lazy\" decoding=\"async\" width=\"1280\" height=\"720\" src=\"https:\/\/blog.myvideomedia.com\/wp-content\/uploads\/2024\/11\/Twin-City-Liner-PXL_20240413.jpg\" alt=\"Twin City Liner auf der Donau\" class=\"wp-image-28312\" srcset=\"https:\/\/blog.myvideomedia.com\/wp-content\/uploads\/2024\/11\/Twin-City-Liner-PXL_20240413.jpg 1280w, https:\/\/blog.myvideomedia.com\/wp-content\/uploads\/2024\/11\/Twin-City-Liner-PXL_20240413-600x338.jpg 600w, https:\/\/blog.myvideomedia.com\/wp-content\/uploads\/2024\/11\/Twin-City-Liner-PXL_20240413-768x432.jpg 768w\" sizes=\"auto, (max-width: 1280px) 100vw, 1280px\" \/><\/figure>\n\n<p>Wir steigen wieder in den Twin City Liner und haben eine angenehme Fahrt nach Wien. Die Lichtverh\u00e4ltnisse sind f\u00fcr Filmaufnahmen besser als auf der Hinfahrt. Wien erreichen wir bereits in der Dunkelheit.  <\/p>\n\n<figure class=\"wp-block-image size-full\"><img loading=\"lazy\" decoding=\"async\" width=\"1280\" height=\"720\" src=\"https:\/\/blog.myvideomedia.com\/wp-content\/uploads\/2024\/11\/Wien_Kai_UG_4617.jpg\" alt=\"Vienna Gisela-Werbzirk-Promenadebei Nacht\" class=\"wp-image-28310\" srcset=\"https:\/\/blog.myvideomedia.com\/wp-content\/uploads\/2024\/11\/Wien_Kai_UG_4617.jpg 1280w, https:\/\/blog.myvideomedia.com\/wp-content\/uploads\/2024\/11\/Wien_Kai_UG_4617-600x338.jpg 600w, https:\/\/blog.myvideomedia.com\/wp-content\/uploads\/2024\/11\/Wien_Kai_UG_4617-768x432.jpg 768w\" sizes=\"auto, (max-width: 1280px) 100vw, 1280px\" \/><\/figure>\n\n<p>Auf der Gisela-Werbzirk-Promenade herrscht ausgelassene Partystimmung, an der wir aber aufgrund der vielen Eindr\u00fccke nicht teilnehmen, sondern direkt ins Hotel fahren.<\/p>\n","protected":false},"excerpt":{"rendered":"<p>Nach einem sch\u00f6nen Tag in Bratislava ist es Zeit f\u00fcr die Heimreise. Am Donauufer legt gerade der Twin City Liner an, der uns zur\u00fcck nach Wien bringt. We have gathered a lot of impressions this day. Of course, we are also interested in the historical background of the region. The first settlements were founded around [&hellip;]<\/p>\n","protected":false},"author":1,"featured_media":28305,"comment_status":"closed","ping_status":"closed","sticky":false,"template":"","format":"standard","meta":{"_genesis_hide_title":false,"_genesis_hide_breadcrumbs":false,"_genesis_hide_singular_image":false,"_genesis_hide_footer_widgets":false,"_genesis_custom_body_class":"","_genesis_custom_post_class":"","_genesis_layout":"","footnotes":""},"categories":[1550,492,1975],"tags":[479],"class_list":{"0":"post-28316","1":"post","2":"type-post","3":"status-publish","4":"format-standard","5":"has-post-thumbnail","7":"category-europa","8":"category-oesterreich","9":"category-slowakei","10":"tag-bootstour","11":"entry"},"yoast_head":"<!-- This site is optimized with the Yoast SEO plugin v27.4 - https:\/\/yoast.com\/product\/yoast-seo-wordpress\/ -->\n<title>Per Twin City Liner von der Slovakei nach \u00d6sterreich - Reise Video Blog<\/title>\n<meta name=\"description\" content=\"Der Twin City Liner hat soeben am Ufer der Donau angelegt, um uns zur\u00fcck nach Wien zu bringen. Lesen Sie mehr und schauen Sie sich das Video von unserer Reise an\" \/>\n<meta name=\"robots\" content=\"index, follow, max-snippet:-1, max-image-preview:large, max-video-preview:-1\" \/>\n<link rel=\"canonical\" href=\"https:\/\/blog.myvideomedia.com\/de\/per-twin-city-liner-von-der-slovakei-nach-oesterreich\/\" \/>\n<meta property=\"og:locale\" content=\"de_DE\" \/>\n<meta property=\"og:type\" content=\"article\" \/>\n<meta property=\"og:title\" content=\"Per Twin City Liner von der Slovakei nach \u00d6sterreich - Reise Video Blog\" \/>\n<meta property=\"og:description\" content=\"Der Twin City Liner hat soeben am Ufer der Donau angelegt, um uns zur\u00fcck nach Wien zu bringen. Lesen Sie mehr und schauen Sie sich das Video von unserer Reise an\" \/>\n<meta property=\"og:url\" content=\"https:\/\/blog.myvideomedia.com\/de\/per-twin-city-liner-von-der-slovakei-nach-oesterreich\/\" \/>\n<meta property=\"og:site_name\" content=\"Reise Video Blog\" \/>\n<meta property=\"article:publisher\" content=\"https:\/\/www.facebook.com\/ursula.streit.520\" \/>\n<meta property=\"article:author\" content=\"https:\/\/www.facebook.com\/ursula.streit.520\" \/>\n<meta property=\"article:published_time\" content=\"2024-11-23T13:02:14+00:00\" \/>\n<meta property=\"article:modified_time\" content=\"2024-11-23T13:02:18+00:00\" \/>\n<meta property=\"og:image\" content=\"https:\/\/blog.myvideomedia.com\/wp-content\/uploads\/2024\/11\/Twin_City_Liner_Donau_UG_4614.jpg\" \/>\n\t<meta property=\"og:image:width\" content=\"1280\" \/>\n\t<meta property=\"og:image:height\" content=\"720\" \/>\n\t<meta property=\"og:image:type\" content=\"image\/jpeg\" \/>\n<meta name=\"author\" content=\"myVideoMedia\" \/>\n<meta name=\"twitter:card\" content=\"summary_large_image\" \/>\n<meta name=\"twitter:creator\" content=\"@myvideomedia\" \/>\n<meta name=\"twitter:site\" content=\"@myvideomedia\" \/>\n<meta name=\"twitter:label1\" content=\"Verfasst von\" \/>\n\t<meta name=\"twitter:data1\" content=\"myVideoMedia\" \/>\n\t<meta name=\"twitter:label2\" content=\"Gesch\u00e4tzte Lesezeit\" \/>\n\t<meta name=\"twitter:data2\" content=\"4\u00a0Minuten\" \/>\n<script type=\"application\/ld+json\" class=\"yoast-schema-graph\">{\"@context\":\"https:\\\/\\\/schema.org\",\"@graph\":[{\"@type\":\"Article\",\"@id\":\"https:\\\/\\\/blog.myvideomedia.com\\\/de\\\/per-twin-city-liner-von-der-slovakei-nach-oesterreich\\\/#article\",\"isPartOf\":{\"@id\":\"https:\\\/\\\/blog.myvideomedia.com\\\/de\\\/per-twin-city-liner-von-der-slovakei-nach-oesterreich\\\/\"},\"author\":{\"name\":\"myVideoMedia\",\"@id\":\"https:\\\/\\\/blog.myvideomedia.com\\\/de\\\/#\\\/schema\\\/person\\\/87be8fbbed69b1562242448c1c3dcbec\"},\"headline\":\"Per Twin City Liner von der Slovakei nach \u00d6sterreich\",\"datePublished\":\"2024-11-23T13:02:14+00:00\",\"dateModified\":\"2024-11-23T13:02:18+00:00\",\"mainEntityOfPage\":{\"@id\":\"https:\\\/\\\/blog.myvideomedia.com\\\/de\\\/per-twin-city-liner-von-der-slovakei-nach-oesterreich\\\/\"},\"wordCount\":526,\"publisher\":{\"@id\":\"https:\\\/\\\/blog.myvideomedia.com\\\/de\\\/#\\\/schema\\\/person\\\/87be8fbbed69b1562242448c1c3dcbec\"},\"image\":{\"@id\":\"https:\\\/\\\/blog.myvideomedia.com\\\/de\\\/per-twin-city-liner-von-der-slovakei-nach-oesterreich\\\/#primaryimage\"},\"thumbnailUrl\":\"https:\\\/\\\/blog.myvideomedia.com\\\/wp-content\\\/uploads\\\/2024\\\/11\\\/Twin_City_Liner_Donau_UG_4614.jpg\",\"keywords\":[\"Bootstour\"],\"articleSection\":[\"Europa\",\"\u00d6sterreich\",\"Slowakei\"],\"inLanguage\":\"de\"},{\"@type\":\"WebPage\",\"@id\":\"https:\\\/\\\/blog.myvideomedia.com\\\/de\\\/per-twin-city-liner-von-der-slovakei-nach-oesterreich\\\/\",\"url\":\"https:\\\/\\\/blog.myvideomedia.com\\\/de\\\/per-twin-city-liner-von-der-slovakei-nach-oesterreich\\\/\",\"name\":\"Per Twin City Liner von der Slovakei nach \u00d6sterreich - Reise Video Blog\",\"isPartOf\":{\"@id\":\"https:\\\/\\\/blog.myvideomedia.com\\\/de\\\/#website\"},\"primaryImageOfPage\":{\"@id\":\"https:\\\/\\\/blog.myvideomedia.com\\\/de\\\/per-twin-city-liner-von-der-slovakei-nach-oesterreich\\\/#primaryimage\"},\"image\":{\"@id\":\"https:\\\/\\\/blog.myvideomedia.com\\\/de\\\/per-twin-city-liner-von-der-slovakei-nach-oesterreich\\\/#primaryimage\"},\"thumbnailUrl\":\"https:\\\/\\\/blog.myvideomedia.com\\\/wp-content\\\/uploads\\\/2024\\\/11\\\/Twin_City_Liner_Donau_UG_4614.jpg\",\"datePublished\":\"2024-11-23T13:02:14+00:00\",\"dateModified\":\"2024-11-23T13:02:18+00:00\",\"description\":\"Der Twin City Liner hat soeben am Ufer der Donau angelegt, um uns zur\u00fcck nach Wien zu bringen. Lesen Sie mehr und schauen Sie sich das Video von unserer Reise an\",\"breadcrumb\":{\"@id\":\"https:\\\/\\\/blog.myvideomedia.com\\\/de\\\/per-twin-city-liner-von-der-slovakei-nach-oesterreich\\\/#breadcrumb\"},\"inLanguage\":\"de\",\"potentialAction\":[{\"@type\":\"ReadAction\",\"target\":[\"https:\\\/\\\/blog.myvideomedia.com\\\/de\\\/per-twin-city-liner-von-der-slovakei-nach-oesterreich\\\/\"]}]},{\"@type\":\"ImageObject\",\"inLanguage\":\"de\",\"@id\":\"https:\\\/\\\/blog.myvideomedia.com\\\/de\\\/per-twin-city-liner-von-der-slovakei-nach-oesterreich\\\/#primaryimage\",\"url\":\"https:\\\/\\\/blog.myvideomedia.com\\\/wp-content\\\/uploads\\\/2024\\\/11\\\/Twin_City_Liner_Donau_UG_4614.jpg\",\"contentUrl\":\"https:\\\/\\\/blog.myvideomedia.com\\\/wp-content\\\/uploads\\\/2024\\\/11\\\/Twin_City_Liner_Donau_UG_4614.jpg\",\"width\":1280,\"height\":720,\"caption\":\"By Twin City Liner rom Slovakia to Austria\"},{\"@type\":\"BreadcrumbList\",\"@id\":\"https:\\\/\\\/blog.myvideomedia.com\\\/de\\\/per-twin-city-liner-von-der-slovakei-nach-oesterreich\\\/#breadcrumb\",\"itemListElement\":[{\"@type\":\"ListItem\",\"position\":1,\"name\":\"Home\",\"item\":\"https:\\\/\\\/blog.myvideomedia.com\\\/de\\\/\"},{\"@type\":\"ListItem\",\"position\":2,\"name\":\"Per Twin City Liner von der Slovakei nach \u00d6sterreich\"}]},{\"@type\":\"WebSite\",\"@id\":\"https:\\\/\\\/blog.myvideomedia.com\\\/de\\\/#website\",\"url\":\"https:\\\/\\\/blog.myvideomedia.com\\\/de\\\/\",\"name\":\"Travel Video Blog\",\"description\":\"myVideoMedia Reisetipps und Reisevideos\",\"publisher\":{\"@id\":\"https:\\\/\\\/blog.myvideomedia.com\\\/de\\\/#\\\/schema\\\/person\\\/87be8fbbed69b1562242448c1c3dcbec\"},\"potentialAction\":[{\"@type\":\"SearchAction\",\"target\":{\"@type\":\"EntryPoint\",\"urlTemplate\":\"https:\\\/\\\/blog.myvideomedia.com\\\/de\\\/?s={search_term_string}\"},\"query-input\":{\"@type\":\"PropertyValueSpecification\",\"valueRequired\":true,\"valueName\":\"search_term_string\"}}],\"inLanguage\":\"de\"},{\"@type\":[\"Person\",\"Organization\"],\"@id\":\"https:\\\/\\\/blog.myvideomedia.com\\\/de\\\/#\\\/schema\\\/person\\\/87be8fbbed69b1562242448c1c3dcbec\",\"name\":\"myVideoMedia\",\"image\":{\"@type\":\"ImageObject\",\"inLanguage\":\"de\",\"@id\":\"https:\\\/\\\/secure.gravatar.com\\\/avatar\\\/460720160715ef8975b781abd1b6985e55ce2f01567bb6757bebd73e7cf74c97?s=96&d=mm&r=g\",\"url\":\"https:\\\/\\\/secure.gravatar.com\\\/avatar\\\/460720160715ef8975b781abd1b6985e55ce2f01567bb6757bebd73e7cf74c97?s=96&d=mm&r=g\",\"contentUrl\":\"https:\\\/\\\/secure.gravatar.com\\\/avatar\\\/460720160715ef8975b781abd1b6985e55ce2f01567bb6757bebd73e7cf74c97?s=96&d=mm&r=g\",\"caption\":\"myVideoMedia\"},\"logo\":{\"@id\":\"https:\\\/\\\/secure.gravatar.com\\\/avatar\\\/460720160715ef8975b781abd1b6985e55ce2f01567bb6757bebd73e7cf74c97?s=96&d=mm&r=g\"},\"description\":\"\\\"The World is a book, and those who do not travel read only a page\\\" - Aurelius Augustinus (354 - 430 AD) Travel is our passion. With our posts and videos we like to inspire people who are planning or preparing for holidays as well as people who simply want to escape from everyday life and dream of faraway countries.\",\"sameAs\":[\"https:\\\/\\\/www.myvideomedia.com\",\"https:\\\/\\\/www.facebook.com\\\/ursula.streit.520\"],\"url\":\"https:\\\/\\\/blog.myvideomedia.com\\\/de\\\/author\\\/traveladm\\\/\"}]}<\/script>\n<!-- \/ Yoast SEO plugin. -->","yoast_head_json":{"title":"Per Twin City Liner von der Slovakei nach \u00d6sterreich - Reise Video Blog","description":"Der Twin City Liner hat soeben am Ufer der Donau angelegt, um uns zur\u00fcck nach Wien zu bringen. Lesen Sie mehr und schauen Sie sich das Video von unserer Reise an","robots":{"index":"index","follow":"follow","max-snippet":"max-snippet:-1","max-image-preview":"max-image-preview:large","max-video-preview":"max-video-preview:-1"},"canonical":"https:\/\/blog.myvideomedia.com\/de\/per-twin-city-liner-von-der-slovakei-nach-oesterreich\/","og_locale":"de_DE","og_type":"article","og_title":"Per Twin City Liner von der Slovakei nach \u00d6sterreich - Reise Video Blog","og_description":"Der Twin City Liner hat soeben am Ufer der Donau angelegt, um uns zur\u00fcck nach Wien zu bringen. Lesen Sie mehr und schauen Sie sich das Video von unserer Reise an","og_url":"https:\/\/blog.myvideomedia.com\/de\/per-twin-city-liner-von-der-slovakei-nach-oesterreich\/","og_site_name":"Reise Video Blog","article_publisher":"https:\/\/www.facebook.com\/ursula.streit.520","article_author":"https:\/\/www.facebook.com\/ursula.streit.520","article_published_time":"2024-11-23T13:02:14+00:00","article_modified_time":"2024-11-23T13:02:18+00:00","og_image":[{"width":1280,"height":720,"url":"https:\/\/blog.myvideomedia.com\/wp-content\/uploads\/2024\/11\/Twin_City_Liner_Donau_UG_4614.jpg","type":"image\/jpeg"}],"author":"myVideoMedia","twitter_card":"summary_large_image","twitter_creator":"@myvideomedia","twitter_site":"@myvideomedia","twitter_misc":{"Verfasst von":"myVideoMedia","Gesch\u00e4tzte Lesezeit":"4\u00a0Minuten"},"schema":{"@context":"https:\/\/schema.org","@graph":[{"@type":"Article","@id":"https:\/\/blog.myvideomedia.com\/de\/per-twin-city-liner-von-der-slovakei-nach-oesterreich\/#article","isPartOf":{"@id":"https:\/\/blog.myvideomedia.com\/de\/per-twin-city-liner-von-der-slovakei-nach-oesterreich\/"},"author":{"name":"myVideoMedia","@id":"https:\/\/blog.myvideomedia.com\/de\/#\/schema\/person\/87be8fbbed69b1562242448c1c3dcbec"},"headline":"Per Twin City Liner von der Slovakei nach \u00d6sterreich","datePublished":"2024-11-23T13:02:14+00:00","dateModified":"2024-11-23T13:02:18+00:00","mainEntityOfPage":{"@id":"https:\/\/blog.myvideomedia.com\/de\/per-twin-city-liner-von-der-slovakei-nach-oesterreich\/"},"wordCount":526,"publisher":{"@id":"https:\/\/blog.myvideomedia.com\/de\/#\/schema\/person\/87be8fbbed69b1562242448c1c3dcbec"},"image":{"@id":"https:\/\/blog.myvideomedia.com\/de\/per-twin-city-liner-von-der-slovakei-nach-oesterreich\/#primaryimage"},"thumbnailUrl":"https:\/\/blog.myvideomedia.com\/wp-content\/uploads\/2024\/11\/Twin_City_Liner_Donau_UG_4614.jpg","keywords":["Bootstour"],"articleSection":["Europa","\u00d6sterreich","Slowakei"],"inLanguage":"de"},{"@type":"WebPage","@id":"https:\/\/blog.myvideomedia.com\/de\/per-twin-city-liner-von-der-slovakei-nach-oesterreich\/","url":"https:\/\/blog.myvideomedia.com\/de\/per-twin-city-liner-von-der-slovakei-nach-oesterreich\/","name":"Per Twin City Liner von der Slovakei nach \u00d6sterreich - Reise Video Blog","isPartOf":{"@id":"https:\/\/blog.myvideomedia.com\/de\/#website"},"primaryImageOfPage":{"@id":"https:\/\/blog.myvideomedia.com\/de\/per-twin-city-liner-von-der-slovakei-nach-oesterreich\/#primaryimage"},"image":{"@id":"https:\/\/blog.myvideomedia.com\/de\/per-twin-city-liner-von-der-slovakei-nach-oesterreich\/#primaryimage"},"thumbnailUrl":"https:\/\/blog.myvideomedia.com\/wp-content\/uploads\/2024\/11\/Twin_City_Liner_Donau_UG_4614.jpg","datePublished":"2024-11-23T13:02:14+00:00","dateModified":"2024-11-23T13:02:18+00:00","description":"Der Twin City Liner hat soeben am Ufer der Donau angelegt, um uns zur\u00fcck nach Wien zu bringen. Lesen Sie mehr und schauen Sie sich das Video von unserer Reise an","breadcrumb":{"@id":"https:\/\/blog.myvideomedia.com\/de\/per-twin-city-liner-von-der-slovakei-nach-oesterreich\/#breadcrumb"},"inLanguage":"de","potentialAction":[{"@type":"ReadAction","target":["https:\/\/blog.myvideomedia.com\/de\/per-twin-city-liner-von-der-slovakei-nach-oesterreich\/"]}]},{"@type":"ImageObject","inLanguage":"de","@id":"https:\/\/blog.myvideomedia.com\/de\/per-twin-city-liner-von-der-slovakei-nach-oesterreich\/#primaryimage","url":"https:\/\/blog.myvideomedia.com\/wp-content\/uploads\/2024\/11\/Twin_City_Liner_Donau_UG_4614.jpg","contentUrl":"https:\/\/blog.myvideomedia.com\/wp-content\/uploads\/2024\/11\/Twin_City_Liner_Donau_UG_4614.jpg","width":1280,"height":720,"caption":"By Twin City Liner rom Slovakia to Austria"},{"@type":"BreadcrumbList","@id":"https:\/\/blog.myvideomedia.com\/de\/per-twin-city-liner-von-der-slovakei-nach-oesterreich\/#breadcrumb","itemListElement":[{"@type":"ListItem","position":1,"name":"Home","item":"https:\/\/blog.myvideomedia.com\/de\/"},{"@type":"ListItem","position":2,"name":"Per Twin City Liner von der Slovakei nach \u00d6sterreich"}]},{"@type":"WebSite","@id":"https:\/\/blog.myvideomedia.com\/de\/#website","url":"https:\/\/blog.myvideomedia.com\/de\/","name":"Travel Video Blog","description":"myVideoMedia Reisetipps und Reisevideos","publisher":{"@id":"https:\/\/blog.myvideomedia.com\/de\/#\/schema\/person\/87be8fbbed69b1562242448c1c3dcbec"},"potentialAction":[{"@type":"SearchAction","target":{"@type":"EntryPoint","urlTemplate":"https:\/\/blog.myvideomedia.com\/de\/?s={search_term_string}"},"query-input":{"@type":"PropertyValueSpecification","valueRequired":true,"valueName":"search_term_string"}}],"inLanguage":"de"},{"@type":["Person","Organization"],"@id":"https:\/\/blog.myvideomedia.com\/de\/#\/schema\/person\/87be8fbbed69b1562242448c1c3dcbec","name":"myVideoMedia","image":{"@type":"ImageObject","inLanguage":"de","@id":"https:\/\/secure.gravatar.com\/avatar\/460720160715ef8975b781abd1b6985e55ce2f01567bb6757bebd73e7cf74c97?s=96&d=mm&r=g","url":"https:\/\/secure.gravatar.com\/avatar\/460720160715ef8975b781abd1b6985e55ce2f01567bb6757bebd73e7cf74c97?s=96&d=mm&r=g","contentUrl":"https:\/\/secure.gravatar.com\/avatar\/460720160715ef8975b781abd1b6985e55ce2f01567bb6757bebd73e7cf74c97?s=96&d=mm&r=g","caption":"myVideoMedia"},"logo":{"@id":"https:\/\/secure.gravatar.com\/avatar\/460720160715ef8975b781abd1b6985e55ce2f01567bb6757bebd73e7cf74c97?s=96&d=mm&r=g"},"description":"\"The World is a book, and those who do not travel read only a page\" - Aurelius Augustinus (354 - 430 AD) Travel is our passion. With our posts and videos we like to inspire people who are planning or preparing for holidays as well as people who simply want to escape from everyday life and dream of faraway countries.","sameAs":["https:\/\/www.myvideomedia.com","https:\/\/www.facebook.com\/ursula.streit.520"],"url":"https:\/\/blog.myvideomedia.com\/de\/author\/traveladm\/"}]}},"featured_image_src":"https:\/\/blog.myvideomedia.com\/wp-content\/uploads\/2024\/11\/Twin_City_Liner_Donau_UG_4614-600x400.jpg","featured_image_src_square":"https:\/\/blog.myvideomedia.com\/wp-content\/uploads\/2024\/11\/Twin_City_Liner_Donau_UG_4614-600x600.jpg","author_info":{"display_name":"myVideoMedia","author_link":"https:\/\/blog.myvideomedia.com\/de\/author\/traveladm\/"},"_links":{"self":[{"href":"https:\/\/blog.myvideomedia.com\/de\/wp-json\/wp\/v2\/posts\/28316","targetHints":{"allow":["GET"]}}],"collection":[{"href":"https:\/\/blog.myvideomedia.com\/de\/wp-json\/wp\/v2\/posts"}],"about":[{"href":"https:\/\/blog.myvideomedia.com\/de\/wp-json\/wp\/v2\/types\/post"}],"author":[{"embeddable":true,"href":"https:\/\/blog.myvideomedia.com\/de\/wp-json\/wp\/v2\/users\/1"}],"replies":[{"embeddable":true,"href":"https:\/\/blog.myvideomedia.com\/de\/wp-json\/wp\/v2\/comments?post=28316"}],"version-history":[{"count":0,"href":"https:\/\/blog.myvideomedia.com\/de\/wp-json\/wp\/v2\/posts\/28316\/revisions"}],"wp:featuredmedia":[{"embeddable":true,"href":"https:\/\/blog.myvideomedia.com\/de\/wp-json\/wp\/v2\/media\/28305"}],"wp:attachment":[{"href":"https:\/\/blog.myvideomedia.com\/de\/wp-json\/wp\/v2\/media?parent=28316"}],"wp:term":[{"taxonomy":"category","embeddable":true,"href":"https:\/\/blog.myvideomedia.com\/de\/wp-json\/wp\/v2\/categories?post=28316"},{"taxonomy":"post_tag","embeddable":true,"href":"https:\/\/blog.myvideomedia.com\/de\/wp-json\/wp\/v2\/tags?post=28316"}],"curies":[{"name":"wp","href":"https:\/\/api.w.org\/{rel}","templated":true}]}}