{"id":28463,"date":"2024-12-22T16:10:46","date_gmt":"2024-12-22T15:10:46","guid":{"rendered":"https:\/\/blog.myvideomedia.com\/spaziergang-in-wien-teil3\/"},"modified":"2024-12-22T16:12:13","modified_gmt":"2024-12-22T15:12:13","slug":"spaziergang-in-wien-teil3","status":"publish","type":"post","link":"https:\/\/blog.myvideomedia.com\/de\/spaziergang-in-wien-teil3\/","title":{"rendered":"Spaziergang in Wien &#8211; Teil3"},"content":{"rendered":"\n<p><br\/>Wir wollen unseren Tag mit einem Fr\u00fchst\u00fcck in einem traditionellen Wiener Kaffeehaus, dem Caf\u00e9 Ritter, beginnen. Dazu fahren wir mit dem Bus in die Mariahilferstra\u00dfe.  <\/p>\n\n<figure class=\"wp-block-image size-full\"><img loading=\"lazy\" decoding=\"async\" width=\"1280\" height=\"720\" src=\"https:\/\/blog.myvideomedia.com\/wp-content\/uploads\/2024\/12\/cafe-Ritter-PXL_20240418-1.jpg\" alt=\"Caf&#xE9; Ritter\" class=\"wp-image-28433\" srcset=\"https:\/\/blog.myvideomedia.com\/wp-content\/uploads\/2024\/12\/cafe-Ritter-PXL_20240418-1.jpg 1280w, https:\/\/blog.myvideomedia.com\/wp-content\/uploads\/2024\/12\/cafe-Ritter-PXL_20240418-1-600x338.jpg 600w, https:\/\/blog.myvideomedia.com\/wp-content\/uploads\/2024\/12\/cafe-Ritter-PXL_20240418-1-768x432.jpg 768w\" sizes=\"auto, (max-width: 1280px) 100vw, 1280px\" \/><\/figure>\n\n<p>Ber\u00fchmte Schriftsteller wie Peter Rosegger, Ludwig Anzengruber und andere K\u00fcnstler waren in diesem Caf\u00e9 zu Gast.<\/p>\n\n<figure class=\"wp-block-image size-full\"><img loading=\"lazy\" decoding=\"async\" width=\"1280\" height=\"720\" src=\"https:\/\/blog.myvideomedia.com\/wp-content\/uploads\/2024\/12\/Ritter-PXL_20240418_070902463.MP_.jpg\" alt=\"Cafe Ritter Wien\" class=\"wp-image-28427\" srcset=\"https:\/\/blog.myvideomedia.com\/wp-content\/uploads\/2024\/12\/Ritter-PXL_20240418_070902463.MP_.jpg 1280w, https:\/\/blog.myvideomedia.com\/wp-content\/uploads\/2024\/12\/Ritter-PXL_20240418_070902463.MP_-600x338.jpg 600w, https:\/\/blog.myvideomedia.com\/wp-content\/uploads\/2024\/12\/Ritter-PXL_20240418_070902463.MP_-768x432.jpg 768w\" sizes=\"auto, (max-width: 1280px) 100vw, 1280px\" \/><\/figure>\n\n<p>Nach dem Fr\u00fchst\u00fcck im Caf\u00e9 Ritter fahren wir mit der U-Bahn zum Volkstheater am Arthur-Schnitzler-Platz.<\/p>\n\n<figure class=\"wp-block-image size-full\"><img loading=\"lazy\" decoding=\"async\" width=\"1280\" height=\"720\" src=\"https:\/\/blog.myvideomedia.com\/wp-content\/uploads\/2024\/12\/Volkstheater-PXL_20240418.jpg\" alt=\"Volkstheater\" class=\"wp-image-28429\" srcset=\"https:\/\/blog.myvideomedia.com\/wp-content\/uploads\/2024\/12\/Volkstheater-PXL_20240418.jpg 1280w, https:\/\/blog.myvideomedia.com\/wp-content\/uploads\/2024\/12\/Volkstheater-PXL_20240418-600x338.jpg 600w, https:\/\/blog.myvideomedia.com\/wp-content\/uploads\/2024\/12\/Volkstheater-PXL_20240418-768x432.jpg 768w\" sizes=\"auto, (max-width: 1280px) 100vw, 1280px\" \/><\/figure>\n\n<p>Von dort sind es nur wenige Gehminuten bis zur Hofburg. Im Schweizerhof treffen wir Frau Mag. Ingeborg Gaisbauer. Sie ist Arch\u00e4ologin bei der Stadtarch\u00e4ologie und f\u00fchrt im Auftrag der Stadt Wien Interessierte durch die aktuellen arch\u00e4ologischen Ausgrabungen.   <\/p>\n\n<figure class=\"wp-block-image size-full\"><img loading=\"lazy\" decoding=\"async\" width=\"1280\" height=\"720\" src=\"https:\/\/blog.myvideomedia.com\/wp-content\/uploads\/2024\/12\/Stadtarchaeologie_UG_4858.jpg\" alt=\"Mrs. Mag. Ingeborg Gaisbauer \" class=\"wp-image-28431\" srcset=\"https:\/\/blog.myvideomedia.com\/wp-content\/uploads\/2024\/12\/Stadtarchaeologie_UG_4858.jpg 1280w, https:\/\/blog.myvideomedia.com\/wp-content\/uploads\/2024\/12\/Stadtarchaeologie_UG_4858-600x338.jpg 600w, https:\/\/blog.myvideomedia.com\/wp-content\/uploads\/2024\/12\/Stadtarchaeologie_UG_4858-768x432.jpg 768w\" sizes=\"auto, (max-width: 1280px) 100vw, 1280px\" \/><\/figure>\n\n<p>Die F\u00fchrungen sind kostenlos und k\u00f6nnen sp\u00e4ter im Internet genauer nachgelesen werden. An diesem Tag f\u00fchrt sie uns zu einer aktuellen Grabung in der Burg vor dem Schweizertor und wir erleben live, wie hier dokumentiert und geforscht wird. <\/p>\n\n<figure class=\"wp-block-image size-full\"><img loading=\"lazy\" decoding=\"async\" width=\"1280\" height=\"720\" src=\"https:\/\/blog.myvideomedia.com\/wp-content\/uploads\/2024\/12\/Wasserkunette_PXL_2024041.jpg\" alt=\"\" class=\"wp-image-28435\" srcset=\"https:\/\/blog.myvideomedia.com\/wp-content\/uploads\/2024\/12\/Wasserkunette_PXL_2024041.jpg 1280w, https:\/\/blog.myvideomedia.com\/wp-content\/uploads\/2024\/12\/Wasserkunette_PXL_2024041-600x338.jpg 600w, https:\/\/blog.myvideomedia.com\/wp-content\/uploads\/2024\/12\/Wasserkunette_PXL_2024041-768x432.jpg 768w\" sizes=\"auto, (max-width: 1280px) 100vw, 1280px\" \/><\/figure>\n\n<p>Aktuell geht es um eine Wasserk\u00fcnette (Wasserleitung), die im Zusammenhang mit der Vorg\u00e4ngerbebauung, n\u00e4mlich den Adelsh\u00e4usern der Hofburg, steht. F\u00fcr die F\u00fchrungen ist eine Anmeldung bei der Stadtarch\u00e4ologie oder beim Wien Museum erforderlich. <\/p>\n\n<p>Nach unserem Ausflug in die Vergangenheit gehen wir weiter zum Josefsplatz und bewundern das Eingangstor des Palais Pallavicini, bevor wir auf der anderen Seite des Platzes die Treppen zum barocken Prunksaal der \u00d6sterreichischen Nationalbibliothek hinaufsteigen.<\/p>\n\n<figure class=\"wp-block-image size-full\"><img loading=\"lazy\" decoding=\"async\" width=\"1280\" height=\"720\" src=\"https:\/\/blog.myvideomedia.com\/wp-content\/uploads\/2024\/12\/Nationalbibliothek_PXL_20240418.jpg\" alt=\"Eingang &#xD6;sterreichische Nationalbibliothek&lt;br&gt;\" class=\"wp-image-28437\" srcset=\"https:\/\/blog.myvideomedia.com\/wp-content\/uploads\/2024\/12\/Nationalbibliothek_PXL_20240418.jpg 1280w, https:\/\/blog.myvideomedia.com\/wp-content\/uploads\/2024\/12\/Nationalbibliothek_PXL_20240418-600x338.jpg 600w, https:\/\/blog.myvideomedia.com\/wp-content\/uploads\/2024\/12\/Nationalbibliothek_PXL_20240418-768x432.jpg 768w\" sizes=\"auto, (max-width: 1280px) 100vw, 1280px\" \/><\/figure>\n\n<p>Die \u00d6sterreichische Nationalbibliothek ist die zentrale wissenschaftliche Bibliothek der Republik \u00d6sterreich.<br\/><\/p>\n\n<figure class=\"wp-block-embed is-type-video is-provider-youtube wp-block-embed-youtube wp-embed-aspect-16-9 wp-has-aspect-ratio\"><div class=\"wp-block-embed__wrapper\">\n <div class=\"brlbs-cmpnt-container brlbs-cmpnt-content-blocker brlbs-cmpnt-with-individual-styles\" data-borlabs-cookie-content-blocker-id=\"youtube-content-blocker\" data-borlabs-cookie-content=\"PGlmcmFtZSB0aXRsZT0iV2FsayBpbiBWaWVubmEgUGFydDMgLSBBdXN0cmlhIDRLIFRyYXZlbCBDaGFubmVsIiB3aWR0aD0iNTAwIiBoZWlnaHQ9IjI4MSIgc3JjPSJodHRwczovL3d3dy55b3V0dWJlLW5vY29va2llLmNvbS9lbWJlZC9EMkdNeDlqUTUzaz9mZWF0dXJlPW9lbWJlZCIgZnJhbWVib3JkZXI9IjAiIGFsbG93PSJhY2NlbGVyb21ldGVyOyBhdXRvcGxheTsgY2xpcGJvYXJkLXdyaXRlOyBlbmNyeXB0ZWQtbWVkaWE7IGd5cm9zY29wZTsgcGljdHVyZS1pbi1waWN0dXJlOyB3ZWItc2hhcmUiIHJlZmVycmVycG9saWN5PSJzdHJpY3Qtb3JpZ2luLXdoZW4tY3Jvc3Mtb3JpZ2luIiBhbGxvd2Z1bGxzY3JlZW4+PC9pZnJhbWU+\"><div class=\"brlbs-cmpnt-cb-preset-c brlbs-cmpnt-cb-youtube\"> <div class=\"brlbs-cmpnt-cb-thumbnail\" style=\"background-image: url('https:\/\/blog.myvideomedia.com\/wp-content\/uploads\/borlabs-cookie\/1\/yt_D2GMx9jQ53k_hqdefault.jpg')\"><\/div> <div class=\"brlbs-cmpnt-cb-main\"> <div class=\"brlbs-cmpnt-cb-play-button\"><\/div> <div class=\"brlbs-cmpnt-cb-content\"> <p class=\"brlbs-cmpnt-cb-description\">Sie sehen gerade einen Platzhalterinhalt von <strong>YouTube<\/strong>. Um auf den eigentlichen Inhalt zuzugreifen, klicken Sie auf die Schaltfl\u00e4che unten. Bitte beachten Sie, dass dabei Daten an Drittanbieter weitergegeben werden.<\/p> <a class=\"brlbs-cmpnt-cb-provider-toggle\" href=\"#\" data-borlabs-cookie-show-provider-information role=\"button\">Mehr Informationen<\/a> <\/div> <div class=\"brlbs-cmpnt-cb-buttons\"> <a class=\"brlbs-cmpnt-cb-btn\" href=\"#\" data-borlabs-cookie-unblock role=\"button\">Inhalt entsperren<\/a> <a class=\"brlbs-cmpnt-cb-btn\" href=\"#\" data-borlabs-cookie-accept-service role=\"button\" style=\"display: inherit\">Erforderlichen Service akzeptieren und Inhalte entsperren<\/a> <\/div> <\/div> <\/div><\/div>\n<\/div><\/figure>\n\n<p><br\/>Anschlie\u00dfend besuchen wir die Augustinerkirche, die ebenfalls vom Josefsplatz aus zug\u00e4nglich ist. In der Augustinerkirche fanden die h\u00f6fischen Trauungen statt. Am bekanntesten sind die Hochzeiten von Erzherzogin Maria Theresia mit Franz von Lothringen und von Kaiser Franz Joseph I. mit Elisabeth (Sisi) von Bayern.  <\/p>\n\n<figure class=\"wp-block-image size-full\"><img loading=\"lazy\" decoding=\"async\" width=\"1280\" height=\"720\" src=\"https:\/\/blog.myvideomedia.com\/wp-content\/uploads\/2024\/12\/Augustinerkirche_UG_4902.jpg\" alt=\" Augustinerkirche Wien&lt;br&gt;\" class=\"wp-image-28439\" srcset=\"https:\/\/blog.myvideomedia.com\/wp-content\/uploads\/2024\/12\/Augustinerkirche_UG_4902.jpg 1280w, https:\/\/blog.myvideomedia.com\/wp-content\/uploads\/2024\/12\/Augustinerkirche_UG_4902-600x338.jpg 600w, https:\/\/blog.myvideomedia.com\/wp-content\/uploads\/2024\/12\/Augustinerkirche_UG_4902-768x432.jpg 768w\" sizes=\"auto, (max-width: 1280px) 100vw, 1280px\" \/><\/figure>\n\n<p>In der Habsburger Herzgruft hinter der Lorettokapelle werden die Herzen von 54 Habsburgern aufbewahrt.<\/p>\n\n<figure class=\"wp-block-image size-full\"><img loading=\"lazy\" decoding=\"async\" width=\"1280\" height=\"720\" src=\"https:\/\/blog.myvideomedia.com\/wp-content\/uploads\/2024\/12\/Albertina_UG_4915.jpg\" alt=\"Albertina Wien\" class=\"wp-image-28441\" srcset=\"https:\/\/blog.myvideomedia.com\/wp-content\/uploads\/2024\/12\/Albertina_UG_4915.jpg 1280w, https:\/\/blog.myvideomedia.com\/wp-content\/uploads\/2024\/12\/Albertina_UG_4915-600x338.jpg 600w, https:\/\/blog.myvideomedia.com\/wp-content\/uploads\/2024\/12\/Albertina_UG_4915-768x432.jpg 768w\" sizes=\"auto, (max-width: 1280px) 100vw, 1280px\" \/><\/figure>\n\n<p>Vorbei an der Albertina mit dem Albrechtsbrunnen und dem Palmenhaus erreichen wir das Kunsthistorische Museum mit dem imposanten Denkmal Maria Theresias inmitten des begr\u00fcnten Platzes.<\/p>\n\n<figure class=\"wp-block-image size-full\"><img loading=\"lazy\" decoding=\"async\" width=\"1280\" height=\"720\" src=\"https:\/\/blog.myvideomedia.com\/wp-content\/uploads\/2024\/12\/Kunsthistorisches-Museum_UG_4937.jpg\" alt=\"Kunsthistorisches Museum Wien\" class=\"wp-image-28443\" srcset=\"https:\/\/blog.myvideomedia.com\/wp-content\/uploads\/2024\/12\/Kunsthistorisches-Museum_UG_4937.jpg 1280w, https:\/\/blog.myvideomedia.com\/wp-content\/uploads\/2024\/12\/Kunsthistorisches-Museum_UG_4937-600x338.jpg 600w, https:\/\/blog.myvideomedia.com\/wp-content\/uploads\/2024\/12\/Kunsthistorisches-Museum_UG_4937-768x432.jpg 768w\" sizes=\"auto, (max-width: 1280px) 100vw, 1280px\" \/><\/figure>\n\n<p>Das Kunsthistorische Museum Wien (KHM) ist eines der bedeutendsten und wichtigsten Museen der Welt. Es geht auf die Sammlungen der Habsburger zur\u00fcck.  <\/p>\n\n<figure class=\"wp-block-image size-full\"><img loading=\"lazy\" decoding=\"async\" width=\"1280\" height=\"720\" src=\"https:\/\/blog.myvideomedia.com\/wp-content\/uploads\/2024\/12\/Kunsthistorisches-Museum-PXL_20240418_105402527.MP_.jpg\" alt=\" Kunsthistorisches Museum Wien\" class=\"wp-image-28447\" srcset=\"https:\/\/blog.myvideomedia.com\/wp-content\/uploads\/2024\/12\/Kunsthistorisches-Museum-PXL_20240418_105402527.MP_.jpg 1280w, https:\/\/blog.myvideomedia.com\/wp-content\/uploads\/2024\/12\/Kunsthistorisches-Museum-PXL_20240418_105402527.MP_-600x338.jpg 600w, https:\/\/blog.myvideomedia.com\/wp-content\/uploads\/2024\/12\/Kunsthistorisches-Museum-PXL_20240418_105402527.MP_-768x432.jpg 768w\" sizes=\"auto, (max-width: 1280px) 100vw, 1280px\" \/><\/figure>\n\n<p>Der Bau des Geb\u00e4udes wurde von Kaiser Franz Joseph I. in Auftrag gegeben.<\/p>\n\n<figure class=\"wp-block-image size-full\"><img loading=\"lazy\" decoding=\"async\" width=\"1280\" height=\"720\" src=\"https:\/\/blog.myvideomedia.com\/wp-content\/uploads\/2024\/12\/Kunsthistorisches-Museum-PXL_20240418_113716621.MP_.jpg\" alt=\" Kunsthistorisches Museum Wien\" class=\"wp-image-28445\" srcset=\"https:\/\/blog.myvideomedia.com\/wp-content\/uploads\/2024\/12\/Kunsthistorisches-Museum-PXL_20240418_113716621.MP_.jpg 1280w, https:\/\/blog.myvideomedia.com\/wp-content\/uploads\/2024\/12\/Kunsthistorisches-Museum-PXL_20240418_113716621.MP_-600x338.jpg 600w, https:\/\/blog.myvideomedia.com\/wp-content\/uploads\/2024\/12\/Kunsthistorisches-Museum-PXL_20240418_113716621.MP_-768x432.jpg 768w\" sizes=\"auto, (max-width: 1280px) 100vw, 1280px\" \/><\/figure>\n\n<p>Heute umfasst die Sammlung vor allem antike, \u00e4gyptische und orientalische Objekte, M\u00fcnzen, Skulpturen, Musikinstrumente und eine Gem\u00e4ldegalerie.<\/p>\n\n<figure class=\"wp-block-image size-full\"><img loading=\"lazy\" decoding=\"async\" width=\"1280\" height=\"720\" src=\"https:\/\/blog.myvideomedia.com\/wp-content\/uploads\/2024\/12\/Goldschatz-Nagyszentmiklos_PXL_20240418.jpg\" alt=\"\" class=\"wp-image-28449\" srcset=\"https:\/\/blog.myvideomedia.com\/wp-content\/uploads\/2024\/12\/Goldschatz-Nagyszentmiklos_PXL_20240418.jpg 1280w, https:\/\/blog.myvideomedia.com\/wp-content\/uploads\/2024\/12\/Goldschatz-Nagyszentmiklos_PXL_20240418-600x338.jpg 600w, https:\/\/blog.myvideomedia.com\/wp-content\/uploads\/2024\/12\/Goldschatz-Nagyszentmiklos_PXL_20240418-768x432.jpg 768w\" sizes=\"auto, (max-width: 1280px) 100vw, 1280px\" \/><\/figure>\n\n<p> Unser Besuch war nicht lang genug, um alles zu sehen, also haben wir die Gem\u00e4ldegalerie ausgelassen.<\/p>\n\n<figure class=\"wp-block-image size-full\"><img loading=\"lazy\" decoding=\"async\" width=\"1280\" height=\"720\" src=\"https:\/\/blog.myvideomedia.com\/wp-content\/uploads\/2024\/12\/MuseumsUartier_UG_4943.jpg\" alt=\"\" class=\"wp-image-28451\" srcset=\"https:\/\/blog.myvideomedia.com\/wp-content\/uploads\/2024\/12\/MuseumsUartier_UG_4943.jpg 1280w, https:\/\/blog.myvideomedia.com\/wp-content\/uploads\/2024\/12\/MuseumsUartier_UG_4943-600x338.jpg 600w, https:\/\/blog.myvideomedia.com\/wp-content\/uploads\/2024\/12\/MuseumsUartier_UG_4943-768x432.jpg 768w\" sizes=\"auto, (max-width: 1280px) 100vw, 1280px\" \/><\/figure>\n\n<p>Anschlie\u00dfend machen wir einen Rundgang durch das MuseumsQuartier. Hier gibt es eine Reihe von einzelnen Museen, wie z.B. das Mumok, das Leopold Museum, die Kunsthalle Wien, das Architekturmuseum, das Tanzquartier Wien, ein Theaterhaus f\u00fcr junge Leute, das ZOOM Kindermuseum und eine B\u00fchne f\u00fcr Musik und darstellende Kunst. <\/p>\n\n<figure class=\"wp-block-image size-full\"><img loading=\"lazy\" decoding=\"async\" width=\"1280\" height=\"720\" src=\"https:\/\/blog.myvideomedia.com\/wp-content\/uploads\/2024\/12\/MuseumsQuartier_UG_4962.jpg\" alt=\"Blick von der Dachterrasse des Leopold Museum\" class=\"wp-image-28455\" srcset=\"https:\/\/blog.myvideomedia.com\/wp-content\/uploads\/2024\/12\/MuseumsQuartier_UG_4962.jpg 1280w, https:\/\/blog.myvideomedia.com\/wp-content\/uploads\/2024\/12\/MuseumsQuartier_UG_4962-600x338.jpg 600w, https:\/\/blog.myvideomedia.com\/wp-content\/uploads\/2024\/12\/MuseumsQuartier_UG_4962-768x432.jpg 768w\" sizes=\"auto, (max-width: 1280px) 100vw, 1280px\" \/><\/figure>\n\n<p>Die Dachterrasse des Leopold Museums bietet einen herrlichen Blick \u00fcber die Stadt.<\/p>\n\n<p>Noch einmal geht es in die Mariahilferstra\u00dfe. Wir kommen an der Baustelle des Lamarr vorbei. Hier soll eine Einkaufspassage mit \u00f6ffentlichem Dachgarten entstehen. Nach der Insolvenz von Benkos Sigma-Gruppe hat mittlerweile ein Investor das Projekt \u00fcbernommen.<br\/>   <\/p>\n\n<p>Wir genie\u00dfen wieder die gr\u00fcne Kulisse der Mariahilferstra\u00dfe und erreichen bei Hausnummer 45, den Raimundhof, das Geburtshaus des \u00f6sterreichischen Schauspielers Ferdinand Raimund. Ein sch\u00f6ner, aber eher unscheinbarer Eingang f\u00fchrt zu einem \u201cfreiwilligen Durchgang\u201c. <\/p>\n\n<figure class=\"wp-block-image size-full\"><img loading=\"lazy\" decoding=\"async\" width=\"1280\" height=\"720\" src=\"https:\/\/blog.myvideomedia.com\/wp-content\/uploads\/2024\/12\/Raimundhof-PXL_20240418_131908800.MP_.jpg\" alt=\"Raimundhof Wien\" class=\"wp-image-28457\" srcset=\"https:\/\/blog.myvideomedia.com\/wp-content\/uploads\/2024\/12\/Raimundhof-PXL_20240418_131908800.MP_.jpg 1280w, https:\/\/blog.myvideomedia.com\/wp-content\/uploads\/2024\/12\/Raimundhof-PXL_20240418_131908800.MP_-600x338.jpg 600w, https:\/\/blog.myvideomedia.com\/wp-content\/uploads\/2024\/12\/Raimundhof-PXL_20240418_131908800.MP_-768x432.jpg 768w\" sizes=\"auto, (max-width: 1280px) 100vw, 1280px\" \/><\/figure>\n\n<p>Freiwillige Durchg\u00e4nge sind Querverbindungen zwischen parallel verlaufenden Stra\u00dfen, die durch die Hinterh\u00f6fe verschiedener H\u00e4user f\u00fchren. Sie sind f\u00fcr die \u00d6ffentlichkeit zug\u00e4nglich und beherbergen verschiedene Gesch\u00e4fte und Caf\u00e9s. <\/p>\n\n<figure class=\"wp-block-image size-full\"><img loading=\"lazy\" decoding=\"async\" width=\"1280\" height=\"720\" src=\"https:\/\/blog.myvideomedia.com\/wp-content\/uploads\/2024\/12\/Raimundhof-PXL_20240418_144450373.MP_.jpg\" alt=\"Raimundhof\" class=\"wp-image-28459\" srcset=\"https:\/\/blog.myvideomedia.com\/wp-content\/uploads\/2024\/12\/Raimundhof-PXL_20240418_144450373.MP_.jpg 1280w, https:\/\/blog.myvideomedia.com\/wp-content\/uploads\/2024\/12\/Raimundhof-PXL_20240418_144450373.MP_-600x338.jpg 600w, https:\/\/blog.myvideomedia.com\/wp-content\/uploads\/2024\/12\/Raimundhof-PXL_20240418_144450373.MP_-768x432.jpg 768w\" sizes=\"auto, (max-width: 1280px) 100vw, 1280px\" \/><\/figure>\n\n<p>Davon gibt es in Wien einige. Die Verl\u00e4ngerung des Raimundhofs ist die Stiegengasse, eine steile Treppengasse, die zur Gumpendorfer Stra\u00dfe f\u00fchrt. <\/p>\n\n<figure class=\"wp-block-image size-full\"><img loading=\"lazy\" decoding=\"async\" width=\"1280\" height=\"720\" src=\"https:\/\/blog.myvideomedia.com\/wp-content\/uploads\/2024\/12\/Stiegengasse-PXL_20240418_144322034.MP_.jpg\" alt=\"Stiegengasse\" class=\"wp-image-28461\" srcset=\"https:\/\/blog.myvideomedia.com\/wp-content\/uploads\/2024\/12\/Stiegengasse-PXL_20240418_144322034.MP_.jpg 1280w, https:\/\/blog.myvideomedia.com\/wp-content\/uploads\/2024\/12\/Stiegengasse-PXL_20240418_144322034.MP_-600x338.jpg 600w, https:\/\/blog.myvideomedia.com\/wp-content\/uploads\/2024\/12\/Stiegengasse-PXL_20240418_144322034.MP_-768x432.jpg 768w\" sizes=\"auto, (max-width: 1280px) 100vw, 1280px\" \/><\/figure>\n\n<p>Nach einem Abendessen in einem Gasthaus kehren wir in unser Hotel zur\u00fcck, da wir am n\u00e4chsten Tag nach Budapest in Ungarn weiterreisen.<br\/><\/p>\n\n<p>Text, Fotos und Video: Copyright \u00a9 <a href=\"https:\/\/www.myvideomedia.de\" target=\"_blank\" rel=\"noreferrer noopener\">myVideoMedia<\/a><\/p>\n","protected":false},"excerpt":{"rendered":"<p>Wir wollen unseren Tag mit einem Fr\u00fchst\u00fcck in einem traditionellen Wiener Kaffeehaus, dem Caf\u00e9 Ritter, beginnen. Dazu fahren wir mit dem Bus in die Mariahilferstra\u00dfe. Ber\u00fchmte Schriftsteller wie Peter Rosegger, Ludwig Anzengruber und andere K\u00fcnstler waren in diesem Caf\u00e9 zu Gast. Nach dem Fr\u00fchst\u00fcck im Caf\u00e9 Ritter fahren wir mit der U-Bahn zum Volkstheater am [&hellip;]<\/p>\n","protected":false},"author":1,"featured_media":28456,"comment_status":"closed","ping_status":"closed","sticky":false,"template":"","format":"standard","meta":{"_genesis_hide_title":false,"_genesis_hide_breadcrumbs":false,"_genesis_hide_singular_image":false,"_genesis_hide_footer_widgets":false,"_genesis_custom_body_class":"","_genesis_custom_post_class":"","_genesis_layout":"","footnotes":""},"categories":[1550,492,498],"tags":[447,453,1326],"class_list":{"0":"post-28463","1":"post","2":"type-post","3":"status-publish","4":"format-standard","5":"has-post-thumbnail","7":"category-europa","8":"category-oesterreich","9":"category-wien","10":"tag-architektur","11":"tag-stadt","12":"tag-stadtrundgang","13":"entry"},"yoast_head":"<!-- This site is optimized with the Yoast SEO plugin v27.4 - https:\/\/yoast.com\/product\/yoast-seo-wordpress\/ -->\n<title>Spaziergang in Wien - Teil3 - \u00d6sterreich - Reise Video Blog<\/title>\n<meta name=\"description\" content=\"Wir beginnen am Schweizertor und gehen weiter zur Nationalbibliothek, zum Kunsthistorischen Museum, zum MuseumsQuartier und zum Raimundhof.\" \/>\n<meta name=\"robots\" content=\"index, follow, max-snippet:-1, max-image-preview:large, max-video-preview:-1\" \/>\n<link rel=\"canonical\" href=\"https:\/\/blog.myvideomedia.com\/de\/spaziergang-in-wien-teil3\/\" \/>\n<meta property=\"og:locale\" content=\"de_DE\" \/>\n<meta property=\"og:type\" content=\"article\" \/>\n<meta property=\"og:title\" content=\"Spaziergang in Wien - Teil3 - \u00d6sterreich - Reise Video Blog\" \/>\n<meta property=\"og:description\" content=\"Wir beginnen am Schweizertor und gehen weiter zur Nationalbibliothek, zum Kunsthistorischen Museum, zum MuseumsQuartier und zum Raimundhof.\" \/>\n<meta property=\"og:url\" content=\"https:\/\/blog.myvideomedia.com\/de\/spaziergang-in-wien-teil3\/\" \/>\n<meta property=\"og:site_name\" content=\"Reise Video Blog\" \/>\n<meta property=\"article:publisher\" content=\"https:\/\/www.facebook.com\/ursula.streit.520\" \/>\n<meta property=\"article:author\" content=\"https:\/\/www.facebook.com\/ursula.streit.520\" \/>\n<meta property=\"article:published_time\" content=\"2024-12-22T15:10:46+00:00\" \/>\n<meta property=\"article:modified_time\" content=\"2024-12-22T15:12:13+00:00\" \/>\n<meta property=\"og:image\" content=\"https:\/\/blog.myvideomedia.com\/wp-content\/uploads\/2024\/12\/MuseumsQuartier_UG_4962.jpg\" \/>\n\t<meta property=\"og:image:width\" content=\"1280\" \/>\n\t<meta property=\"og:image:height\" content=\"720\" \/>\n\t<meta property=\"og:image:type\" content=\"image\/jpeg\" \/>\n<meta name=\"author\" content=\"myVideoMedia\" \/>\n<meta name=\"twitter:card\" content=\"summary_large_image\" \/>\n<meta name=\"twitter:creator\" content=\"@myvideomedia\" \/>\n<meta name=\"twitter:site\" content=\"@myvideomedia\" \/>\n<meta name=\"twitter:label1\" content=\"Verfasst von\" \/>\n\t<meta name=\"twitter:data1\" content=\"myVideoMedia\" \/>\n\t<meta name=\"twitter:label2\" content=\"Gesch\u00e4tzte Lesezeit\" \/>\n\t<meta name=\"twitter:data2\" content=\"14\u00a0Minuten\" \/>\n<script type=\"application\/ld+json\" class=\"yoast-schema-graph\">{\"@context\":\"https:\\\/\\\/schema.org\",\"@graph\":[{\"@type\":\"Article\",\"@id\":\"https:\\\/\\\/blog.myvideomedia.com\\\/de\\\/spaziergang-in-wien-teil3\\\/#article\",\"isPartOf\":{\"@id\":\"https:\\\/\\\/blog.myvideomedia.com\\\/de\\\/spaziergang-in-wien-teil3\\\/\"},\"author\":{\"name\":\"myVideoMedia\",\"@id\":\"https:\\\/\\\/blog.myvideomedia.com\\\/de\\\/#\\\/schema\\\/person\\\/87be8fbbed69b1562242448c1c3dcbec\"},\"headline\":\"Spaziergang in Wien &#8211; Teil3\",\"datePublished\":\"2024-12-22T15:10:46+00:00\",\"dateModified\":\"2024-12-22T15:12:13+00:00\",\"mainEntityOfPage\":{\"@id\":\"https:\\\/\\\/blog.myvideomedia.com\\\/de\\\/spaziergang-in-wien-teil3\\\/\"},\"wordCount\":625,\"publisher\":{\"@id\":\"https:\\\/\\\/blog.myvideomedia.com\\\/de\\\/#\\\/schema\\\/person\\\/87be8fbbed69b1562242448c1c3dcbec\"},\"image\":{\"@id\":\"https:\\\/\\\/blog.myvideomedia.com\\\/de\\\/spaziergang-in-wien-teil3\\\/#primaryimage\"},\"thumbnailUrl\":\"https:\\\/\\\/blog.myvideomedia.com\\\/wp-content\\\/uploads\\\/2024\\\/12\\\/MuseumsQuartier_UG_4962.jpg\",\"keywords\":[\"Architektur\",\"Stadt\",\"Stadtrundgang\"],\"articleSection\":[\"Europa\",\"\u00d6sterreich\",\"Wien\"],\"inLanguage\":\"de\"},{\"@type\":\"WebPage\",\"@id\":\"https:\\\/\\\/blog.myvideomedia.com\\\/de\\\/spaziergang-in-wien-teil3\\\/\",\"url\":\"https:\\\/\\\/blog.myvideomedia.com\\\/de\\\/spaziergang-in-wien-teil3\\\/\",\"name\":\"Spaziergang in Wien - Teil3 - \u00d6sterreich - Reise Video Blog\",\"isPartOf\":{\"@id\":\"https:\\\/\\\/blog.myvideomedia.com\\\/de\\\/#website\"},\"primaryImageOfPage\":{\"@id\":\"https:\\\/\\\/blog.myvideomedia.com\\\/de\\\/spaziergang-in-wien-teil3\\\/#primaryimage\"},\"image\":{\"@id\":\"https:\\\/\\\/blog.myvideomedia.com\\\/de\\\/spaziergang-in-wien-teil3\\\/#primaryimage\"},\"thumbnailUrl\":\"https:\\\/\\\/blog.myvideomedia.com\\\/wp-content\\\/uploads\\\/2024\\\/12\\\/MuseumsQuartier_UG_4962.jpg\",\"datePublished\":\"2024-12-22T15:10:46+00:00\",\"dateModified\":\"2024-12-22T15:12:13+00:00\",\"description\":\"Wir beginnen am Schweizertor und gehen weiter zur Nationalbibliothek, zum Kunsthistorischen Museum, zum MuseumsQuartier und zum Raimundhof.\",\"breadcrumb\":{\"@id\":\"https:\\\/\\\/blog.myvideomedia.com\\\/de\\\/spaziergang-in-wien-teil3\\\/#breadcrumb\"},\"inLanguage\":\"de\",\"potentialAction\":[{\"@type\":\"ReadAction\",\"target\":[\"https:\\\/\\\/blog.myvideomedia.com\\\/de\\\/spaziergang-in-wien-teil3\\\/\"]}]},{\"@type\":\"ImageObject\",\"inLanguage\":\"de\",\"@id\":\"https:\\\/\\\/blog.myvideomedia.com\\\/de\\\/spaziergang-in-wien-teil3\\\/#primaryimage\",\"url\":\"https:\\\/\\\/blog.myvideomedia.com\\\/wp-content\\\/uploads\\\/2024\\\/12\\\/MuseumsQuartier_UG_4962.jpg\",\"contentUrl\":\"https:\\\/\\\/blog.myvideomedia.com\\\/wp-content\\\/uploads\\\/2024\\\/12\\\/MuseumsQuartier_UG_4962.jpg\",\"width\":1280,\"height\":720,\"caption\":\"Walk in Vienna Part3\"},{\"@type\":\"BreadcrumbList\",\"@id\":\"https:\\\/\\\/blog.myvideomedia.com\\\/de\\\/spaziergang-in-wien-teil3\\\/#breadcrumb\",\"itemListElement\":[{\"@type\":\"ListItem\",\"position\":1,\"name\":\"Home\",\"item\":\"https:\\\/\\\/blog.myvideomedia.com\\\/de\\\/\"},{\"@type\":\"ListItem\",\"position\":2,\"name\":\"Spaziergang in Wien &#8211; Teil3\"}]},{\"@type\":\"WebSite\",\"@id\":\"https:\\\/\\\/blog.myvideomedia.com\\\/de\\\/#website\",\"url\":\"https:\\\/\\\/blog.myvideomedia.com\\\/de\\\/\",\"name\":\"Travel Video Blog\",\"description\":\"myVideoMedia Reisetipps und Reisevideos\",\"publisher\":{\"@id\":\"https:\\\/\\\/blog.myvideomedia.com\\\/de\\\/#\\\/schema\\\/person\\\/87be8fbbed69b1562242448c1c3dcbec\"},\"potentialAction\":[{\"@type\":\"SearchAction\",\"target\":{\"@type\":\"EntryPoint\",\"urlTemplate\":\"https:\\\/\\\/blog.myvideomedia.com\\\/de\\\/?s={search_term_string}\"},\"query-input\":{\"@type\":\"PropertyValueSpecification\",\"valueRequired\":true,\"valueName\":\"search_term_string\"}}],\"inLanguage\":\"de\"},{\"@type\":[\"Person\",\"Organization\"],\"@id\":\"https:\\\/\\\/blog.myvideomedia.com\\\/de\\\/#\\\/schema\\\/person\\\/87be8fbbed69b1562242448c1c3dcbec\",\"name\":\"myVideoMedia\",\"image\":{\"@type\":\"ImageObject\",\"inLanguage\":\"de\",\"@id\":\"https:\\\/\\\/secure.gravatar.com\\\/avatar\\\/460720160715ef8975b781abd1b6985e55ce2f01567bb6757bebd73e7cf74c97?s=96&d=mm&r=g\",\"url\":\"https:\\\/\\\/secure.gravatar.com\\\/avatar\\\/460720160715ef8975b781abd1b6985e55ce2f01567bb6757bebd73e7cf74c97?s=96&d=mm&r=g\",\"contentUrl\":\"https:\\\/\\\/secure.gravatar.com\\\/avatar\\\/460720160715ef8975b781abd1b6985e55ce2f01567bb6757bebd73e7cf74c97?s=96&d=mm&r=g\",\"caption\":\"myVideoMedia\"},\"logo\":{\"@id\":\"https:\\\/\\\/secure.gravatar.com\\\/avatar\\\/460720160715ef8975b781abd1b6985e55ce2f01567bb6757bebd73e7cf74c97?s=96&d=mm&r=g\"},\"description\":\"\\\"The World is a book, and those who do not travel read only a page\\\" - Aurelius Augustinus (354 - 430 AD) Travel is our passion. With our posts and videos we like to inspire people who are planning or preparing for holidays as well as people who simply want to escape from everyday life and dream of faraway countries.\",\"sameAs\":[\"https:\\\/\\\/www.myvideomedia.com\",\"https:\\\/\\\/www.facebook.com\\\/ursula.streit.520\"],\"url\":\"https:\\\/\\\/blog.myvideomedia.com\\\/de\\\/author\\\/traveladm\\\/\"}]}<\/script>\n<!-- \/ Yoast SEO plugin. -->","yoast_head_json":{"title":"Spaziergang in Wien - Teil3 - \u00d6sterreich - Reise Video Blog","description":"Wir beginnen am Schweizertor und gehen weiter zur Nationalbibliothek, zum Kunsthistorischen Museum, zum MuseumsQuartier und zum Raimundhof.","robots":{"index":"index","follow":"follow","max-snippet":"max-snippet:-1","max-image-preview":"max-image-preview:large","max-video-preview":"max-video-preview:-1"},"canonical":"https:\/\/blog.myvideomedia.com\/de\/spaziergang-in-wien-teil3\/","og_locale":"de_DE","og_type":"article","og_title":"Spaziergang in Wien - Teil3 - \u00d6sterreich - Reise Video Blog","og_description":"Wir beginnen am Schweizertor und gehen weiter zur Nationalbibliothek, zum Kunsthistorischen Museum, zum MuseumsQuartier und zum Raimundhof.","og_url":"https:\/\/blog.myvideomedia.com\/de\/spaziergang-in-wien-teil3\/","og_site_name":"Reise Video Blog","article_publisher":"https:\/\/www.facebook.com\/ursula.streit.520","article_author":"https:\/\/www.facebook.com\/ursula.streit.520","article_published_time":"2024-12-22T15:10:46+00:00","article_modified_time":"2024-12-22T15:12:13+00:00","og_image":[{"width":1280,"height":720,"url":"https:\/\/blog.myvideomedia.com\/wp-content\/uploads\/2024\/12\/MuseumsQuartier_UG_4962.jpg","type":"image\/jpeg"}],"author":"myVideoMedia","twitter_card":"summary_large_image","twitter_creator":"@myvideomedia","twitter_site":"@myvideomedia","twitter_misc":{"Verfasst von":"myVideoMedia","Gesch\u00e4tzte Lesezeit":"14\u00a0Minuten"},"schema":{"@context":"https:\/\/schema.org","@graph":[{"@type":"Article","@id":"https:\/\/blog.myvideomedia.com\/de\/spaziergang-in-wien-teil3\/#article","isPartOf":{"@id":"https:\/\/blog.myvideomedia.com\/de\/spaziergang-in-wien-teil3\/"},"author":{"name":"myVideoMedia","@id":"https:\/\/blog.myvideomedia.com\/de\/#\/schema\/person\/87be8fbbed69b1562242448c1c3dcbec"},"headline":"Spaziergang in Wien &#8211; Teil3","datePublished":"2024-12-22T15:10:46+00:00","dateModified":"2024-12-22T15:12:13+00:00","mainEntityOfPage":{"@id":"https:\/\/blog.myvideomedia.com\/de\/spaziergang-in-wien-teil3\/"},"wordCount":625,"publisher":{"@id":"https:\/\/blog.myvideomedia.com\/de\/#\/schema\/person\/87be8fbbed69b1562242448c1c3dcbec"},"image":{"@id":"https:\/\/blog.myvideomedia.com\/de\/spaziergang-in-wien-teil3\/#primaryimage"},"thumbnailUrl":"https:\/\/blog.myvideomedia.com\/wp-content\/uploads\/2024\/12\/MuseumsQuartier_UG_4962.jpg","keywords":["Architektur","Stadt","Stadtrundgang"],"articleSection":["Europa","\u00d6sterreich","Wien"],"inLanguage":"de"},{"@type":"WebPage","@id":"https:\/\/blog.myvideomedia.com\/de\/spaziergang-in-wien-teil3\/","url":"https:\/\/blog.myvideomedia.com\/de\/spaziergang-in-wien-teil3\/","name":"Spaziergang in Wien - Teil3 - \u00d6sterreich - Reise Video Blog","isPartOf":{"@id":"https:\/\/blog.myvideomedia.com\/de\/#website"},"primaryImageOfPage":{"@id":"https:\/\/blog.myvideomedia.com\/de\/spaziergang-in-wien-teil3\/#primaryimage"},"image":{"@id":"https:\/\/blog.myvideomedia.com\/de\/spaziergang-in-wien-teil3\/#primaryimage"},"thumbnailUrl":"https:\/\/blog.myvideomedia.com\/wp-content\/uploads\/2024\/12\/MuseumsQuartier_UG_4962.jpg","datePublished":"2024-12-22T15:10:46+00:00","dateModified":"2024-12-22T15:12:13+00:00","description":"Wir beginnen am Schweizertor und gehen weiter zur Nationalbibliothek, zum Kunsthistorischen Museum, zum MuseumsQuartier und zum Raimundhof.","breadcrumb":{"@id":"https:\/\/blog.myvideomedia.com\/de\/spaziergang-in-wien-teil3\/#breadcrumb"},"inLanguage":"de","potentialAction":[{"@type":"ReadAction","target":["https:\/\/blog.myvideomedia.com\/de\/spaziergang-in-wien-teil3\/"]}]},{"@type":"ImageObject","inLanguage":"de","@id":"https:\/\/blog.myvideomedia.com\/de\/spaziergang-in-wien-teil3\/#primaryimage","url":"https:\/\/blog.myvideomedia.com\/wp-content\/uploads\/2024\/12\/MuseumsQuartier_UG_4962.jpg","contentUrl":"https:\/\/blog.myvideomedia.com\/wp-content\/uploads\/2024\/12\/MuseumsQuartier_UG_4962.jpg","width":1280,"height":720,"caption":"Walk in Vienna Part3"},{"@type":"BreadcrumbList","@id":"https:\/\/blog.myvideomedia.com\/de\/spaziergang-in-wien-teil3\/#breadcrumb","itemListElement":[{"@type":"ListItem","position":1,"name":"Home","item":"https:\/\/blog.myvideomedia.com\/de\/"},{"@type":"ListItem","position":2,"name":"Spaziergang in Wien &#8211; Teil3"}]},{"@type":"WebSite","@id":"https:\/\/blog.myvideomedia.com\/de\/#website","url":"https:\/\/blog.myvideomedia.com\/de\/","name":"Travel Video Blog","description":"myVideoMedia Reisetipps und Reisevideos","publisher":{"@id":"https:\/\/blog.myvideomedia.com\/de\/#\/schema\/person\/87be8fbbed69b1562242448c1c3dcbec"},"potentialAction":[{"@type":"SearchAction","target":{"@type":"EntryPoint","urlTemplate":"https:\/\/blog.myvideomedia.com\/de\/?s={search_term_string}"},"query-input":{"@type":"PropertyValueSpecification","valueRequired":true,"valueName":"search_term_string"}}],"inLanguage":"de"},{"@type":["Person","Organization"],"@id":"https:\/\/blog.myvideomedia.com\/de\/#\/schema\/person\/87be8fbbed69b1562242448c1c3dcbec","name":"myVideoMedia","image":{"@type":"ImageObject","inLanguage":"de","@id":"https:\/\/secure.gravatar.com\/avatar\/460720160715ef8975b781abd1b6985e55ce2f01567bb6757bebd73e7cf74c97?s=96&d=mm&r=g","url":"https:\/\/secure.gravatar.com\/avatar\/460720160715ef8975b781abd1b6985e55ce2f01567bb6757bebd73e7cf74c97?s=96&d=mm&r=g","contentUrl":"https:\/\/secure.gravatar.com\/avatar\/460720160715ef8975b781abd1b6985e55ce2f01567bb6757bebd73e7cf74c97?s=96&d=mm&r=g","caption":"myVideoMedia"},"logo":{"@id":"https:\/\/secure.gravatar.com\/avatar\/460720160715ef8975b781abd1b6985e55ce2f01567bb6757bebd73e7cf74c97?s=96&d=mm&r=g"},"description":"\"The World is a book, and those who do not travel read only a page\" - Aurelius Augustinus (354 - 430 AD) Travel is our passion. With our posts and videos we like to inspire people who are planning or preparing for holidays as well as people who simply want to escape from everyday life and dream of faraway countries.","sameAs":["https:\/\/www.myvideomedia.com","https:\/\/www.facebook.com\/ursula.streit.520"],"url":"https:\/\/blog.myvideomedia.com\/de\/author\/traveladm\/"}]}},"featured_image_src":"https:\/\/blog.myvideomedia.com\/wp-content\/uploads\/2024\/12\/MuseumsQuartier_UG_4962-600x400.jpg","featured_image_src_square":"https:\/\/blog.myvideomedia.com\/wp-content\/uploads\/2024\/12\/MuseumsQuartier_UG_4962-600x600.jpg","author_info":{"display_name":"myVideoMedia","author_link":"https:\/\/blog.myvideomedia.com\/de\/author\/traveladm\/"},"_links":{"self":[{"href":"https:\/\/blog.myvideomedia.com\/de\/wp-json\/wp\/v2\/posts\/28463","targetHints":{"allow":["GET"]}}],"collection":[{"href":"https:\/\/blog.myvideomedia.com\/de\/wp-json\/wp\/v2\/posts"}],"about":[{"href":"https:\/\/blog.myvideomedia.com\/de\/wp-json\/wp\/v2\/types\/post"}],"author":[{"embeddable":true,"href":"https:\/\/blog.myvideomedia.com\/de\/wp-json\/wp\/v2\/users\/1"}],"replies":[{"embeddable":true,"href":"https:\/\/blog.myvideomedia.com\/de\/wp-json\/wp\/v2\/comments?post=28463"}],"version-history":[{"count":0,"href":"https:\/\/blog.myvideomedia.com\/de\/wp-json\/wp\/v2\/posts\/28463\/revisions"}],"wp:featuredmedia":[{"embeddable":true,"href":"https:\/\/blog.myvideomedia.com\/de\/wp-json\/wp\/v2\/media\/28456"}],"wp:attachment":[{"href":"https:\/\/blog.myvideomedia.com\/de\/wp-json\/wp\/v2\/media?parent=28463"}],"wp:term":[{"taxonomy":"category","embeddable":true,"href":"https:\/\/blog.myvideomedia.com\/de\/wp-json\/wp\/v2\/categories?post=28463"},{"taxonomy":"post_tag","embeddable":true,"href":"https:\/\/blog.myvideomedia.com\/de\/wp-json\/wp\/v2\/tags?post=28463"}],"curies":[{"name":"wp","href":"https:\/\/api.w.org\/{rel}","templated":true}]}}