{"id":28805,"date":"2025-04-24T14:55:27","date_gmt":"2025-04-24T13:55:27","guid":{"rendered":"https:\/\/blog.myvideomedia.com\/?p=28805"},"modified":"2025-04-24T14:55:29","modified_gmt":"2025-04-24T13:55:29","slug":"stadtrundgang-in-luebeck-tag-1","status":"publish","type":"post","link":"https:\/\/blog.myvideomedia.com\/de\/stadtrundgang-in-luebeck-tag-1\/","title":{"rendered":"Stadtrundgang in L\u00fcbeck &#8211; Tag 1"},"content":{"rendered":"\n<p>Unser Besuch in L\u00fcbeck beschr\u00e4nkt sich im Wesentlichen auf die Altstadt, die vollst\u00e4ndig von der Trave und der Kanaltrave umflossen wird. Die Altstadt bildet somit eine vom Wasser umsp\u00fclte Insel. L\u00fcbeck wurde um 1143 gegr\u00fcndet und entwickelte sich zum wichtigsten Standort der Hanse, einer Handelsgemeinschaft vor allem norddeutscher Kaufleute f\u00fcr den Handel mit dem Ausland. L\u00fcbeck profitierte vor allem vom direkten Zugang zur Ostsee. Sp\u00e4ter \u00fcberholte Hamburg L\u00fcbeck als gr\u00f6\u00dften Hafen Deutschlands. Noch heute ist L\u00fcbeck der gr\u00f6\u00dfte F\u00e4hrhafen an der Ostsee.     <\/p>\n\n<figure class=\"wp-block-image size-full\"><img loading=\"lazy\" decoding=\"async\" width=\"1280\" height=\"720\" src=\"https:\/\/blog.myvideomedia.com\/wp-content\/uploads\/2025\/04\/Luebeck-DSC00103.jpg\" alt=\" Ehemaliger Salzspeicher und Holstentor im Hintergrund\" class=\"wp-image-28762\" srcset=\"https:\/\/blog.myvideomedia.com\/wp-content\/uploads\/2025\/04\/Luebeck-DSC00103.jpg 1280w, https:\/\/blog.myvideomedia.com\/wp-content\/uploads\/2025\/04\/Luebeck-DSC00103-600x338.jpg 600w, https:\/\/blog.myvideomedia.com\/wp-content\/uploads\/2025\/04\/Luebeck-DSC00103-768x432.jpg 768w\" sizes=\"auto, (max-width: 1280px) 100vw, 1280px\" \/><\/figure>\n\n<p><br\/><br\/>Ein gutes Fr\u00fchst\u00fcck finden wir in der Feinb\u00e4ckerei Sch\u00fcler in der Moislinger Allee am Lindenplatz. Auf dem Weg dorthin passieren wir den Geb\u00e4udeblock des ehemaligen Salzspeichers und das Holstentor. Das 1478 fertiggestellte Holstentor ist das Wahrzeichen L\u00fcbecks.  <\/p>\n\n<figure class=\"wp-block-image size-full\"><img loading=\"lazy\" decoding=\"async\" width=\"1280\" height=\"720\" src=\"https:\/\/blog.myvideomedia.com\/wp-content\/uploads\/2025\/04\/Holstengate-DSC00110.jpg\" alt=\"Holstentor\" class=\"wp-image-28769\" srcset=\"https:\/\/blog.myvideomedia.com\/wp-content\/uploads\/2025\/04\/Holstengate-DSC00110.jpg 1280w, https:\/\/blog.myvideomedia.com\/wp-content\/uploads\/2025\/04\/Holstengate-DSC00110-600x338.jpg 600w, https:\/\/blog.myvideomedia.com\/wp-content\/uploads\/2025\/04\/Holstengate-DSC00110-768x432.jpg 768w\" sizes=\"auto, (max-width: 1280px) 100vw, 1280px\" \/><\/figure>\n\n<p><br\/><br\/>Das Holstentor ist das letzte erhaltene von vier hintereinander liegenden Toren. Es wurde auf feuchtem Untergrund errichtet und sackte schon w\u00e4hrend der Bauzeit ab. Heute liegen die untersten Schie\u00dfscharten 50 cm unter der Erdoberfl\u00e4che. Erst bei der Renovierung 1933 wurde es endg\u00fcltig stabilisiert. Deshalb neigt es sich, wie viele andere Geb\u00e4ude in L\u00fcbeck, schr\u00e4g in die Landschaft.    <br\/><br\/>Wir beginnen unseren Rundgang durch L\u00fcbeck an der St. Petri Kirche. L\u00fcbeck ist bekannt als die Stadt der sieben T\u00fcrme. An dieser Kirche bekommen wir bereits einen Eindruck von der H\u00f6he dieser Bauwerke.  <\/p>\n\n<figure class=\"wp-block-image size-full\"><img loading=\"lazy\" decoding=\"async\" width=\"1280\" height=\"720\" src=\"https:\/\/blog.myvideomedia.com\/wp-content\/uploads\/2025\/04\/Market-SquareDSC00124.jpg\" alt=\"Marktplatz L&#xFC;beck\" class=\"wp-image-28771\" srcset=\"https:\/\/blog.myvideomedia.com\/wp-content\/uploads\/2025\/04\/Market-SquareDSC00124.jpg 1280w, https:\/\/blog.myvideomedia.com\/wp-content\/uploads\/2025\/04\/Market-SquareDSC00124-600x338.jpg 600w, https:\/\/blog.myvideomedia.com\/wp-content\/uploads\/2025\/04\/Market-SquareDSC00124-768x432.jpg 768w\" sizes=\"auto, (max-width: 1280px) 100vw, 1280px\" \/><\/figure>\n\n<p><br\/>Danach konzentrieren wir uns auf das nordwestliche Viertel der Altstadt und beginnen am Marktplatz beim Rathaus. Viele Geb\u00e4ude der Stadt zieren hohe Giebel, die meist mit kreisrunden L\u00f6chern versehen sind. Diese wurden angebracht, um den Wind durchzulassen, da man bef\u00fcrchtete, dass die Giebel sonst bei Sturm umst\u00fcrzen w\u00fcrden.   <\/p>\n\n<figure class=\"wp-block-image size-full\"><img loading=\"lazy\" decoding=\"async\" width=\"1280\" height=\"720\" src=\"https:\/\/blog.myvideomedia.com\/wp-content\/uploads\/2025\/04\/Staircase-DSC00178.jpg\" alt=\"Rathaustreppe\" class=\"wp-image-28777\" srcset=\"https:\/\/blog.myvideomedia.com\/wp-content\/uploads\/2025\/04\/Staircase-DSC00178.jpg 1280w, https:\/\/blog.myvideomedia.com\/wp-content\/uploads\/2025\/04\/Staircase-DSC00178-600x338.jpg 600w, https:\/\/blog.myvideomedia.com\/wp-content\/uploads\/2025\/04\/Staircase-DSC00178-768x432.jpg 768w\" sizes=\"auto, (max-width: 1280px) 100vw, 1280px\" \/><\/figure>\n\n<p>Besonders eindrucksvoll ist die Rathaustreppe in der Breiten Stra\u00dfe. Leider darf im Inneren des Rathauses nicht gefilmt werden, so dass ich auf eine F\u00fchrung verzichte. <br\/><\/p>\n\n<figure class=\"wp-block-image size-full\"><img loading=\"lazy\" decoding=\"async\" width=\"1280\" height=\"720\" src=\"https:\/\/blog.myvideomedia.com\/wp-content\/uploads\/2025\/04\/Concert-Hall-DSC00157.jpg\" alt=\"Musik- und Kongresshalle\" class=\"wp-image-28775\" srcset=\"https:\/\/blog.myvideomedia.com\/wp-content\/uploads\/2025\/04\/Concert-Hall-DSC00157.jpg 1280w, https:\/\/blog.myvideomedia.com\/wp-content\/uploads\/2025\/04\/Concert-Hall-DSC00157-600x338.jpg 600w, https:\/\/blog.myvideomedia.com\/wp-content\/uploads\/2025\/04\/Concert-Hall-DSC00157-768x432.jpg 768w\" sizes=\"auto, (max-width: 1280px) 100vw, 1280px\" \/><\/figure>\n\n<p><br\/>Stattdessen f\u00fchrte uns die Mengstra\u00dfe zur Stra\u00dfe An der Untertrave. Am gegen\u00fcberliegenden Ufer der Trave wurde eine Musik- und Kongresshalle errichtet. Von der Untertrave zweigen die Fischergrube und die Engelsgrube ab. Die Fischergrube f\u00fchrt zum Geibelplatz mit der St.-Jakobi-Kirche und der Schiffergesellschaft.   <br\/><br\/>Sowohl von der Fischergrube als auch von der Engelsgrube zweigen oft versteckte Gassen ab, die als Thorwege oder Gang bezeichnet werden. Oft sind die H\u00e4user in den Thorwegen nur \u00fcber niedrige und schmale Durchg\u00e4nge zu erreichen. <br\/><\/p>\n\n<figure class=\"wp-block-image size-medium\"><img loading=\"lazy\" decoding=\"async\" width=\"485\" height=\"600\" src=\"https:\/\/blog.myvideomedia.com\/wp-content\/uploads\/2025\/04\/Gang-DSC00168-485x600.jpg\" alt=\"\" class=\"wp-image-28787\" style=\"aspect-ratio:4\/3;object-fit:cover\" srcset=\"https:\/\/blog.myvideomedia.com\/wp-content\/uploads\/2025\/04\/Gang-DSC00168-485x600.jpg 485w, https:\/\/blog.myvideomedia.com\/wp-content\/uploads\/2025\/04\/Gang-DSC00168-1036x1280.jpg 1036w, https:\/\/blog.myvideomedia.com\/wp-content\/uploads\/2025\/04\/Gang-DSC00168-768x949.jpg 768w, https:\/\/blog.myvideomedia.com\/wp-content\/uploads\/2025\/04\/Gang-DSC00168-1243x1536.jpg 1243w, https:\/\/blog.myvideomedia.com\/wp-content\/uploads\/2025\/04\/Gang-DSC00168.jpg 1280w\" sizes=\"auto, (max-width: 485px) 100vw, 485px\" \/><\/figure>\n\n<p><br\/>Sch\u00f6ne Beispiele sind der &#8222;Gr\u00fcne Gang\u201d, der \u201cSievers Thorweg\u201d und der \u201cZerrahns Gang\u201d.<br\/><\/p>\n\n<figure class=\"wp-block-embed is-type-video is-provider-youtube wp-block-embed-youtube wp-embed-aspect-16-9 wp-has-aspect-ratio\"><div class=\"wp-block-embed__wrapper\">\n <div class=\"brlbs-cmpnt-container brlbs-cmpnt-content-blocker brlbs-cmpnt-with-individual-styles\" data-borlabs-cookie-content-blocker-id=\"youtube-content-blocker\" data-borlabs-cookie-content=\"PGlmcmFtZSB0aXRsZT0iTMO8YmVjaywgQ2l0eSBXYWxrLCBEYXkxIC0gIEdlcm1hbnkgNEsgVHJhdmVsIENoYW5uZWwiIHdpZHRoPSI1MDAiIGhlaWdodD0iMjgxIiBzcmM9Imh0dHBzOi8vd3d3LnlvdXR1YmUtbm9jb29raWUuY29tL2VtYmVkL3QxS01Jek9ZMGNFP2ZlYXR1cmU9b2VtYmVkIiBmcmFtZWJvcmRlcj0iMCIgYWxsb3c9ImFjY2VsZXJvbWV0ZXI7IGF1dG9wbGF5OyBjbGlwYm9hcmQtd3JpdGU7IGVuY3J5cHRlZC1tZWRpYTsgZ3lyb3Njb3BlOyBwaWN0dXJlLWluLXBpY3R1cmU7IHdlYi1zaGFyZSIgcmVmZXJyZXJwb2xpY3k9InN0cmljdC1vcmlnaW4td2hlbi1jcm9zcy1vcmlnaW4iIGFsbG93ZnVsbHNjcmVlbj48L2lmcmFtZT4=\"><div class=\"brlbs-cmpnt-cb-preset-c brlbs-cmpnt-cb-youtube\"> <div class=\"brlbs-cmpnt-cb-thumbnail\" style=\"background-image: url('https:\/\/blog.myvideomedia.com\/wp-content\/uploads\/borlabs-cookie\/1\/yt_t1KMIzOY0cE_hqdefault.jpg')\"><\/div> <div class=\"brlbs-cmpnt-cb-main\"> <div class=\"brlbs-cmpnt-cb-play-button\"><\/div> <div class=\"brlbs-cmpnt-cb-content\"> <p class=\"brlbs-cmpnt-cb-description\">Sie sehen gerade einen Platzhalterinhalt von <strong>YouTube<\/strong>. Um auf den eigentlichen Inhalt zuzugreifen, klicken Sie auf die Schaltfl\u00e4che unten. Bitte beachten Sie, dass dabei Daten an Drittanbieter weitergegeben werden.<\/p> <a class=\"brlbs-cmpnt-cb-provider-toggle\" href=\"#\" data-borlabs-cookie-show-provider-information role=\"button\">Mehr Informationen<\/a> <\/div> <div class=\"brlbs-cmpnt-cb-buttons\"> <a class=\"brlbs-cmpnt-cb-btn\" href=\"#\" data-borlabs-cookie-unblock role=\"button\">Inhalt entsperren<\/a> <a class=\"brlbs-cmpnt-cb-btn\" href=\"#\" data-borlabs-cookie-accept-service role=\"button\" style=\"display: inherit\">Erforderlichen Service akzeptieren und Inhalte entsperren<\/a> <\/div> <\/div> <\/div><\/div>\n<\/div><\/figure>\n\n<p><br\/>Besonders interessant ist der \u201cHellgr\u00fcner Gang\u201d, der vom \u201cEngelwisch\u201d abzweigt.<br\/><\/p>\n\n<figure class=\"wp-block-image size-full\"><img loading=\"lazy\" decoding=\"async\" width=\"1280\" height=\"720\" src=\"https:\/\/blog.myvideomedia.com\/wp-content\/uploads\/2025\/04\/Hellgruener-gang-DSC00247.jpg\" alt=\"Hellgruener Gang\" class=\"wp-image-28789\" srcset=\"https:\/\/blog.myvideomedia.com\/wp-content\/uploads\/2025\/04\/Hellgruener-gang-DSC00247.jpg 1280w, https:\/\/blog.myvideomedia.com\/wp-content\/uploads\/2025\/04\/Hellgruener-gang-DSC00247-600x338.jpg 600w, https:\/\/blog.myvideomedia.com\/wp-content\/uploads\/2025\/04\/Hellgruener-gang-DSC00247-768x432.jpg 768w\" sizes=\"auto, (max-width: 1280px) 100vw, 1280px\" \/><\/figure>\n\n<p><br\/>Der Bereich bis zum \u201cDunkelgr\u00fcnen Gang\u201d ist extrem verdichtet. Der Vorteil einer solch kompakten Bebauung ist, dass der Autoverkehr in der Stadt sehr gering ist und man die meisten Ziele gut zu Fu\u00df erreichen kann. F\u00fcr die Menschen bedeutet dies relativ gute Luft und eine Privatsph\u00e4re, die oft durch Pflanzen versch\u00f6nert wird. Au\u00dferdem waren wir immer wieder erstaunt, wie viele Menschen auch bei eisigen Temperaturen mit dem Fahrrad unterwegs sind.   <\/p>\n\n<figure class=\"wp-block-image size-full\"><img loading=\"lazy\" decoding=\"async\" width=\"1280\" height=\"1089\" src=\"https:\/\/blog.myvideomedia.com\/wp-content\/uploads\/2025\/04\/columbarium-DSC00244m.jpg\" alt=\"Kolumbarium L&#xFC;beck\" class=\"wp-image-28799\" style=\"aspect-ratio:3\/2;object-fit:cover\" srcset=\"https:\/\/blog.myvideomedia.com\/wp-content\/uploads\/2025\/04\/columbarium-DSC00244m.jpg 1280w, https:\/\/blog.myvideomedia.com\/wp-content\/uploads\/2025\/04\/columbarium-DSC00244m-600x510.jpg 600w, https:\/\/blog.myvideomedia.com\/wp-content\/uploads\/2025\/04\/columbarium-DSC00244m-768x653.jpg 768w, https:\/\/blog.myvideomedia.com\/wp-content\/uploads\/2025\/04\/columbarium-DSC00244m-70x60.jpg 70w\" sizes=\"auto, (max-width: 1280px) 100vw, 1280px\" \/><\/figure>\n\n<p>Das Kolumbarium ist ein Urnenfriedhof, in dem eine letzte Ruhest\u00e4tte vom Einzelgrab \u00fcber Familiengr\u00e4ber bis hin zu Gemeinschaftsgr\u00e4bern gemietet werden kann. Die Laufzeit betr\u00e4gt in der Regel 15 Jahre, danach erfolgt eine Beisetzung in der Natur oder eine Seebestattung. <\/p>\n\n<figure class=\"wp-block-image size-full\"><img loading=\"lazy\" decoding=\"async\" width=\"1280\" height=\"720\" src=\"https:\/\/blog.myvideomedia.com\/wp-content\/uploads\/2025\/04\/Lift-bridge-DSC00252-1.jpg\" alt=\"Hubbr&#xFC;cke\" class=\"wp-image-28797\" srcset=\"https:\/\/blog.myvideomedia.com\/wp-content\/uploads\/2025\/04\/Lift-bridge-DSC00252-1.jpg 1280w, https:\/\/blog.myvideomedia.com\/wp-content\/uploads\/2025\/04\/Lift-bridge-DSC00252-1-600x338.jpg 600w, https:\/\/blog.myvideomedia.com\/wp-content\/uploads\/2025\/04\/Lift-bridge-DSC00252-1-768x432.jpg 768w\" sizes=\"auto, (max-width: 1280px) 100vw, 1280px\" \/><\/figure>\n\n<div class=\"wp-block-group is-nowrap is-layout-flex wp-container-core-group-is-layout-ad2f72ca wp-block-group-is-layout-flex\">\n<p><br\/>Vorbei am Europ\u00e4ischen Hansemuseum kommen wir zur Hubbr\u00fccke. Sie ist eine Hebebr\u00fccke f\u00fcr Z\u00fcge und Autos. Sie steht unter Denkmalschutz. Derzeit ist sie gesperrt und wird in den n\u00e4chsten drei Jahren saniert.   <\/p>\n<\/div>\n\n<figure class=\"wp-block-image size-full\"><img loading=\"lazy\" decoding=\"async\" width=\"1280\" height=\"720\" src=\"https:\/\/blog.myvideomedia.com\/wp-content\/uploads\/2025\/04\/Monasterio-del-Castillo-DSC00250.jpg\" alt=\"Monasterio del Castillo\" class=\"wp-image-28779\" srcset=\"https:\/\/blog.myvideomedia.com\/wp-content\/uploads\/2025\/04\/Monasterio-del-Castillo-DSC00250.jpg 1280w, https:\/\/blog.myvideomedia.com\/wp-content\/uploads\/2025\/04\/Monasterio-del-Castillo-DSC00250-600x338.jpg 600w, https:\/\/blog.myvideomedia.com\/wp-content\/uploads\/2025\/04\/Monasterio-del-Castillo-DSC00250-768x432.jpg 768w\" sizes=\"auto, (max-width: 1280px) 100vw, 1280px\" \/><\/figure>\n\n<p><br\/>Auf der anderen Stra\u00dfenseite, auf einer kleinen Anh\u00f6he, befindet sich das Burgtor mit dem Z\u00f6llnerhaus und dem Kloster \u201cMonasterio del Castillo\u201d, dem ehemaligen Standort der Burg. Nach dem Durchschreiten des Burgtors steht man vor der beeindruckenden Fassade des Landesamtes f\u00fcr soziale Dienste. <\/p>\n\n<figure class=\"wp-block-image size-full\"><img loading=\"lazy\" decoding=\"async\" width=\"1280\" height=\"720\" src=\"https:\/\/blog.myvideomedia.com\/wp-content\/uploads\/2025\/04\/State-Office-for-Social-Services-DSC00263.jpg\" alt=\"Landesamtes f&#xFC;r soziale Dienste\" class=\"wp-image-28781\" srcset=\"https:\/\/blog.myvideomedia.com\/wp-content\/uploads\/2025\/04\/State-Office-for-Social-Services-DSC00263.jpg 1280w, https:\/\/blog.myvideomedia.com\/wp-content\/uploads\/2025\/04\/State-Office-for-Social-Services-DSC00263-600x338.jpg 600w, https:\/\/blog.myvideomedia.com\/wp-content\/uploads\/2025\/04\/State-Office-for-Social-Services-DSC00263-768x432.jpg 768w\" sizes=\"auto, (max-width: 1280px) 100vw, 1280px\" \/><\/figure>\n\n<p><br\/>Folgt man der \u201cGro\u00dfen Burgstra\u00dfe\u201d, trifft man wieder auf den Geibelplatz mit dem m\u00e4chtigen Heiligen-Geist-Hospital. Es z\u00e4hlt zu den \u00e4ltesten sozialen Einrichtungen Deutschlands. <\/p>\n\n<figure class=\"wp-block-image size-full\"><img loading=\"lazy\" decoding=\"async\" width=\"1280\" height=\"720\" src=\"https:\/\/blog.myvideomedia.com\/wp-content\/uploads\/2025\/04\/geibelplatz-PXL_20250204_153532863.MP_.jpg\" alt=\"Geibelplatz\" class=\"wp-image-28783\" srcset=\"https:\/\/blog.myvideomedia.com\/wp-content\/uploads\/2025\/04\/geibelplatz-PXL_20250204_153532863.MP_.jpg 1280w, https:\/\/blog.myvideomedia.com\/wp-content\/uploads\/2025\/04\/geibelplatz-PXL_20250204_153532863.MP_-600x338.jpg 600w, https:\/\/blog.myvideomedia.com\/wp-content\/uploads\/2025\/04\/geibelplatz-PXL_20250204_153532863.MP_-768x432.jpg 768w\" sizes=\"auto, (max-width: 1280px) 100vw, 1280px\" \/><\/figure>\n\n<p><br\/>Wenige Meter weiter in der K\u00f6nigstra\u00dfe befindet sich das Willi-Brandt-Haus, das Wohnhaus des ehemaligen Bundeskanzlers. L\u00fcbeck hat einige bedeutende Pers\u00f6nlichkeiten hervorgebracht, darunter G\u00fcnther Grass und Thomas Mann. <br\/><\/p>\n\n<figure class=\"wp-block-image size-full\"><img loading=\"lazy\" decoding=\"async\" width=\"1280\" height=\"720\" src=\"https:\/\/blog.myvideomedia.com\/wp-content\/uploads\/2025\/04\/Lubeck-Katharinenkirche-Gymnasium.jpg\" alt=\"Katherinenkirche\" class=\"wp-image-28814\" srcset=\"https:\/\/blog.myvideomedia.com\/wp-content\/uploads\/2025\/04\/Lubeck-Katharinenkirche-Gymnasium.jpg 1280w, https:\/\/blog.myvideomedia.com\/wp-content\/uploads\/2025\/04\/Lubeck-Katharinenkirche-Gymnasium-600x338.jpg 600w, https:\/\/blog.myvideomedia.com\/wp-content\/uploads\/2025\/04\/Lubeck-Katharinenkirche-Gymnasium-768x432.jpg 768w\" sizes=\"auto, (max-width: 1280px) 100vw, 1280px\" \/><\/figure>\n\n<p><br\/>Die Katharinenkiche, das Katharineum Gymnasium und die Jorve Heldmann Hochschule sind weitere beeindruckende Geb\u00e4ude.<br\/>Auf dem Weg zu unserem Abendessen passieren wir noch die Pfaffenstra\u00dfe mit dem L\u00fcbecker Wein Kontor, die Glockengie\u00dferstra\u00dfe und die Dr. Lulius Leber Stra\u00dfe mit ihren pr\u00e4chtigen Fassaden.<\/p>\n\n<figure class=\"wp-block-image size-full\"><img loading=\"lazy\" decoding=\"async\" width=\"1280\" height=\"720\" src=\"https:\/\/blog.myvideomedia.com\/wp-content\/uploads\/2025\/04\/Fangfrisch-DSC00269.jpg\" alt=\"Im Restaurant Fangfrisch\" class=\"wp-image-28785\" srcset=\"https:\/\/blog.myvideomedia.com\/wp-content\/uploads\/2025\/04\/Fangfrisch-DSC00269.jpg 1280w, https:\/\/blog.myvideomedia.com\/wp-content\/uploads\/2025\/04\/Fangfrisch-DSC00269-600x338.jpg 600w, https:\/\/blog.myvideomedia.com\/wp-content\/uploads\/2025\/04\/Fangfrisch-DSC00269-768x432.jpg 768w\" sizes=\"auto, (max-width: 1280px) 100vw, 1280px\" \/><\/figure>\n\n<p><br\/>Den Abend lassen wir im Restaurant Fangfrisch ausklingen, das mit seinen hervorragenden Fischgerichten zu den renommiertesten Restaurants L\u00fcbecks z\u00e4hlt. <\/p>\n\n<figure class=\"wp-block-image size-full\"><img loading=\"lazy\" decoding=\"async\" width=\"1280\" height=\"720\" src=\"https:\/\/blog.myvideomedia.com\/wp-content\/uploads\/2025\/04\/Lubeck-Fangfrisch3.jpg\" alt=\"\" class=\"wp-image-28808\" srcset=\"https:\/\/blog.myvideomedia.com\/wp-content\/uploads\/2025\/04\/Lubeck-Fangfrisch3.jpg 1280w, https:\/\/blog.myvideomedia.com\/wp-content\/uploads\/2025\/04\/Lubeck-Fangfrisch3-600x338.jpg 600w, https:\/\/blog.myvideomedia.com\/wp-content\/uploads\/2025\/04\/Lubeck-Fangfrisch3-768x432.jpg 768w\" sizes=\"auto, (max-width: 1280px) 100vw, 1280px\" \/><\/figure>\n\n<figure class=\"wp-block-image size-full\"><img loading=\"lazy\" decoding=\"async\" width=\"1280\" height=\"720\" src=\"https:\/\/blog.myvideomedia.com\/wp-content\/uploads\/2025\/04\/Lubeck-Fangfrisch2.jpg\" alt=\"\" class=\"wp-image-28806\" srcset=\"https:\/\/blog.myvideomedia.com\/wp-content\/uploads\/2025\/04\/Lubeck-Fangfrisch2.jpg 1280w, https:\/\/blog.myvideomedia.com\/wp-content\/uploads\/2025\/04\/Lubeck-Fangfrisch2-600x338.jpg 600w, https:\/\/blog.myvideomedia.com\/wp-content\/uploads\/2025\/04\/Lubeck-Fangfrisch2-768x432.jpg 768w\" sizes=\"auto, (max-width: 1280px) 100vw, 1280px\" \/><\/figure>\n\n<p>Bekannt ist auch der Fischstand auf der anderen Stra\u00dfenseite, der Fischbr\u00f6tchen anbietet.<\/p>\n\n<p>Text, Fotos und Video: Copyright \u00a9 <a href=\"https:\/\/www.myvideomedia.de\" target=\"_blank\" rel=\"noreferrer noopener\">myVideoMedia<\/a><\/p>\n\n<p><\/p>\n","protected":false},"excerpt":{"rendered":"<p>Unser Besuch in L\u00fcbeck beschr\u00e4nkt sich im Wesentlichen auf die Altstadt, die vollst\u00e4ndig von der Trave und der Kanaltrave umflossen wird. Die Altstadt bildet somit eine vom Wasser umsp\u00fclte Insel. L\u00fcbeck wurde um 1143 gegr\u00fcndet und entwickelte sich zum wichtigsten Standort der Hanse, einer Handelsgemeinschaft vor allem norddeutscher Kaufleute f\u00fcr den Handel mit dem Ausland. [&hellip;]<\/p>\n","protected":false},"author":1,"featured_media":28804,"comment_status":"closed","ping_status":"closed","sticky":false,"template":"","format":"standard","meta":{"_genesis_hide_title":false,"_genesis_hide_breadcrumbs":false,"_genesis_hide_singular_image":false,"_genesis_hide_footer_widgets":false,"_genesis_custom_body_class":"","_genesis_custom_post_class":"","_genesis_layout":"","footnotes":""},"categories":[501,1550,2491],"tags":[447,1326],"class_list":{"0":"post-28805","1":"post","2":"type-post","3":"status-publish","4":"format-standard","5":"has-post-thumbnail","7":"category-deutschland","8":"category-europa","9":"category-norddeutschland","10":"tag-architektur","11":"tag-stadtrundgang","12":"entry"},"yoast_head":"<!-- This site is optimized with the Yoast SEO plugin v27.4 - https:\/\/yoast.com\/product\/yoast-seo-wordpress\/ -->\n<title>Stadtrundgang in L\u00fcbeck - Tag 1 - Deutschland - Reise Video Blog<\/title>\n<meta name=\"description\" content=\"Unser Spaziergang f\u00fchrt uns vom Holstentor in das Stadtzentrum mit seinen engen Gassen und endet in einem gem\u00fctlichen Fischrestaurant. Mehr und Video ..\" \/>\n<meta name=\"robots\" content=\"index, follow, max-snippet:-1, max-image-preview:large, max-video-preview:-1\" \/>\n<link rel=\"canonical\" href=\"https:\/\/blog.myvideomedia.com\/de\/stadtrundgang-in-luebeck-tag-1\/\" \/>\n<meta property=\"og:locale\" content=\"de_DE\" \/>\n<meta property=\"og:type\" content=\"article\" \/>\n<meta property=\"og:title\" content=\"Stadtrundgang in L\u00fcbeck - Tag 1 - Deutschland - Reise Video Blog\" \/>\n<meta property=\"og:description\" content=\"Unser Spaziergang f\u00fchrt uns vom Holstentor in das Stadtzentrum mit seinen engen Gassen und endet in einem gem\u00fctlichen Fischrestaurant. Mehr und Video ..\" \/>\n<meta property=\"og:url\" content=\"https:\/\/blog.myvideomedia.com\/de\/stadtrundgang-in-luebeck-tag-1\/\" \/>\n<meta property=\"og:site_name\" content=\"Reise Video Blog\" \/>\n<meta property=\"article:publisher\" content=\"https:\/\/www.facebook.com\/ursula.streit.520\" \/>\n<meta property=\"article:author\" content=\"https:\/\/www.facebook.com\/ursula.streit.520\" \/>\n<meta property=\"article:published_time\" content=\"2025-04-24T13:55:27+00:00\" \/>\n<meta property=\"article:modified_time\" content=\"2025-04-24T13:55:29+00:00\" \/>\n<meta property=\"og:image\" content=\"https:\/\/blog.myvideomedia.com\/wp-content\/uploads\/2025\/04\/Luebeck-Day1DSC00242.jpg\" \/>\n\t<meta property=\"og:image:width\" content=\"1280\" \/>\n\t<meta property=\"og:image:height\" content=\"720\" \/>\n\t<meta property=\"og:image:type\" content=\"image\/jpeg\" \/>\n<meta name=\"author\" content=\"myVideoMedia\" \/>\n<meta name=\"twitter:card\" content=\"summary_large_image\" \/>\n<meta name=\"twitter:creator\" content=\"@myvideomedia\" \/>\n<meta name=\"twitter:site\" content=\"@myvideomedia\" \/>\n<meta name=\"twitter:label1\" content=\"Verfasst von\" \/>\n\t<meta name=\"twitter:data1\" content=\"myVideoMedia\" \/>\n\t<meta name=\"twitter:label2\" content=\"Gesch\u00e4tzte Lesezeit\" \/>\n\t<meta name=\"twitter:data2\" content=\"13\u00a0Minuten\" \/>\n<script type=\"application\/ld+json\" class=\"yoast-schema-graph\">{\"@context\":\"https:\\\/\\\/schema.org\",\"@graph\":[{\"@type\":\"Article\",\"@id\":\"https:\\\/\\\/blog.myvideomedia.com\\\/de\\\/stadtrundgang-in-luebeck-tag-1\\\/#article\",\"isPartOf\":{\"@id\":\"https:\\\/\\\/blog.myvideomedia.com\\\/de\\\/stadtrundgang-in-luebeck-tag-1\\\/\"},\"author\":{\"name\":\"myVideoMedia\",\"@id\":\"https:\\\/\\\/blog.myvideomedia.com\\\/de\\\/#\\\/schema\\\/person\\\/87be8fbbed69b1562242448c1c3dcbec\"},\"headline\":\"Stadtrundgang in L\u00fcbeck &#8211; Tag 1\",\"datePublished\":\"2025-04-24T13:55:27+00:00\",\"dateModified\":\"2025-04-24T13:55:29+00:00\",\"mainEntityOfPage\":{\"@id\":\"https:\\\/\\\/blog.myvideomedia.com\\\/de\\\/stadtrundgang-in-luebeck-tag-1\\\/\"},\"wordCount\":784,\"publisher\":{\"@id\":\"https:\\\/\\\/blog.myvideomedia.com\\\/de\\\/#\\\/schema\\\/person\\\/87be8fbbed69b1562242448c1c3dcbec\"},\"image\":{\"@id\":\"https:\\\/\\\/blog.myvideomedia.com\\\/de\\\/stadtrundgang-in-luebeck-tag-1\\\/#primaryimage\"},\"thumbnailUrl\":\"https:\\\/\\\/blog.myvideomedia.com\\\/wp-content\\\/uploads\\\/2025\\\/04\\\/Luebeck-Day1DSC00242.jpg\",\"keywords\":[\"Architektur\",\"Stadtrundgang\"],\"articleSection\":[\"Deutschland\",\"Europa\",\"Norddeutschland\"],\"inLanguage\":\"de\"},{\"@type\":\"WebPage\",\"@id\":\"https:\\\/\\\/blog.myvideomedia.com\\\/de\\\/stadtrundgang-in-luebeck-tag-1\\\/\",\"url\":\"https:\\\/\\\/blog.myvideomedia.com\\\/de\\\/stadtrundgang-in-luebeck-tag-1\\\/\",\"name\":\"Stadtrundgang in L\u00fcbeck - Tag 1 - Deutschland - Reise Video Blog\",\"isPartOf\":{\"@id\":\"https:\\\/\\\/blog.myvideomedia.com\\\/de\\\/#website\"},\"primaryImageOfPage\":{\"@id\":\"https:\\\/\\\/blog.myvideomedia.com\\\/de\\\/stadtrundgang-in-luebeck-tag-1\\\/#primaryimage\"},\"image\":{\"@id\":\"https:\\\/\\\/blog.myvideomedia.com\\\/de\\\/stadtrundgang-in-luebeck-tag-1\\\/#primaryimage\"},\"thumbnailUrl\":\"https:\\\/\\\/blog.myvideomedia.com\\\/wp-content\\\/uploads\\\/2025\\\/04\\\/Luebeck-Day1DSC00242.jpg\",\"datePublished\":\"2025-04-24T13:55:27+00:00\",\"dateModified\":\"2025-04-24T13:55:29+00:00\",\"description\":\"Unser Spaziergang f\u00fchrt uns vom Holstentor in das Stadtzentrum mit seinen engen Gassen und endet in einem gem\u00fctlichen Fischrestaurant. Mehr und Video ..\",\"breadcrumb\":{\"@id\":\"https:\\\/\\\/blog.myvideomedia.com\\\/de\\\/stadtrundgang-in-luebeck-tag-1\\\/#breadcrumb\"},\"inLanguage\":\"de\",\"potentialAction\":[{\"@type\":\"ReadAction\",\"target\":[\"https:\\\/\\\/blog.myvideomedia.com\\\/de\\\/stadtrundgang-in-luebeck-tag-1\\\/\"]}]},{\"@type\":\"ImageObject\",\"inLanguage\":\"de\",\"@id\":\"https:\\\/\\\/blog.myvideomedia.com\\\/de\\\/stadtrundgang-in-luebeck-tag-1\\\/#primaryimage\",\"url\":\"https:\\\/\\\/blog.myvideomedia.com\\\/wp-content\\\/uploads\\\/2025\\\/04\\\/Luebeck-Day1DSC00242.jpg\",\"contentUrl\":\"https:\\\/\\\/blog.myvideomedia.com\\\/wp-content\\\/uploads\\\/2025\\\/04\\\/Luebeck-Day1DSC00242.jpg\",\"width\":1280,\"height\":720,\"caption\":\"City walk day 1\"},{\"@type\":\"BreadcrumbList\",\"@id\":\"https:\\\/\\\/blog.myvideomedia.com\\\/de\\\/stadtrundgang-in-luebeck-tag-1\\\/#breadcrumb\",\"itemListElement\":[{\"@type\":\"ListItem\",\"position\":1,\"name\":\"Home\",\"item\":\"https:\\\/\\\/blog.myvideomedia.com\\\/de\\\/\"},{\"@type\":\"ListItem\",\"position\":2,\"name\":\"Stadtrundgang in L\u00fcbeck &#8211; Tag 1\"}]},{\"@type\":\"WebSite\",\"@id\":\"https:\\\/\\\/blog.myvideomedia.com\\\/de\\\/#website\",\"url\":\"https:\\\/\\\/blog.myvideomedia.com\\\/de\\\/\",\"name\":\"Travel Video Blog\",\"description\":\"myVideoMedia Reisetipps und Reisevideos\",\"publisher\":{\"@id\":\"https:\\\/\\\/blog.myvideomedia.com\\\/de\\\/#\\\/schema\\\/person\\\/87be8fbbed69b1562242448c1c3dcbec\"},\"potentialAction\":[{\"@type\":\"SearchAction\",\"target\":{\"@type\":\"EntryPoint\",\"urlTemplate\":\"https:\\\/\\\/blog.myvideomedia.com\\\/de\\\/?s={search_term_string}\"},\"query-input\":{\"@type\":\"PropertyValueSpecification\",\"valueRequired\":true,\"valueName\":\"search_term_string\"}}],\"inLanguage\":\"de\"},{\"@type\":[\"Person\",\"Organization\"],\"@id\":\"https:\\\/\\\/blog.myvideomedia.com\\\/de\\\/#\\\/schema\\\/person\\\/87be8fbbed69b1562242448c1c3dcbec\",\"name\":\"myVideoMedia\",\"image\":{\"@type\":\"ImageObject\",\"inLanguage\":\"de\",\"@id\":\"https:\\\/\\\/secure.gravatar.com\\\/avatar\\\/460720160715ef8975b781abd1b6985e55ce2f01567bb6757bebd73e7cf74c97?s=96&d=mm&r=g\",\"url\":\"https:\\\/\\\/secure.gravatar.com\\\/avatar\\\/460720160715ef8975b781abd1b6985e55ce2f01567bb6757bebd73e7cf74c97?s=96&d=mm&r=g\",\"contentUrl\":\"https:\\\/\\\/secure.gravatar.com\\\/avatar\\\/460720160715ef8975b781abd1b6985e55ce2f01567bb6757bebd73e7cf74c97?s=96&d=mm&r=g\",\"caption\":\"myVideoMedia\"},\"logo\":{\"@id\":\"https:\\\/\\\/secure.gravatar.com\\\/avatar\\\/460720160715ef8975b781abd1b6985e55ce2f01567bb6757bebd73e7cf74c97?s=96&d=mm&r=g\"},\"description\":\"\\\"The World is a book, and those who do not travel read only a page\\\" - Aurelius Augustinus (354 - 430 AD) Travel is our passion. With our posts and videos we like to inspire people who are planning or preparing for holidays as well as people who simply want to escape from everyday life and dream of faraway countries.\",\"sameAs\":[\"https:\\\/\\\/www.myvideomedia.com\",\"https:\\\/\\\/www.facebook.com\\\/ursula.streit.520\"],\"url\":\"https:\\\/\\\/blog.myvideomedia.com\\\/de\\\/author\\\/traveladm\\\/\"}]}<\/script>\n<!-- \/ Yoast SEO plugin. -->","yoast_head_json":{"title":"Stadtrundgang in L\u00fcbeck - Tag 1 - Deutschland - Reise Video Blog","description":"Unser Spaziergang f\u00fchrt uns vom Holstentor in das Stadtzentrum mit seinen engen Gassen und endet in einem gem\u00fctlichen Fischrestaurant. Mehr und Video ..","robots":{"index":"index","follow":"follow","max-snippet":"max-snippet:-1","max-image-preview":"max-image-preview:large","max-video-preview":"max-video-preview:-1"},"canonical":"https:\/\/blog.myvideomedia.com\/de\/stadtrundgang-in-luebeck-tag-1\/","og_locale":"de_DE","og_type":"article","og_title":"Stadtrundgang in L\u00fcbeck - Tag 1 - Deutschland - Reise Video Blog","og_description":"Unser Spaziergang f\u00fchrt uns vom Holstentor in das Stadtzentrum mit seinen engen Gassen und endet in einem gem\u00fctlichen Fischrestaurant. Mehr und Video ..","og_url":"https:\/\/blog.myvideomedia.com\/de\/stadtrundgang-in-luebeck-tag-1\/","og_site_name":"Reise Video Blog","article_publisher":"https:\/\/www.facebook.com\/ursula.streit.520","article_author":"https:\/\/www.facebook.com\/ursula.streit.520","article_published_time":"2025-04-24T13:55:27+00:00","article_modified_time":"2025-04-24T13:55:29+00:00","og_image":[{"width":1280,"height":720,"url":"https:\/\/blog.myvideomedia.com\/wp-content\/uploads\/2025\/04\/Luebeck-Day1DSC00242.jpg","type":"image\/jpeg"}],"author":"myVideoMedia","twitter_card":"summary_large_image","twitter_creator":"@myvideomedia","twitter_site":"@myvideomedia","twitter_misc":{"Verfasst von":"myVideoMedia","Gesch\u00e4tzte Lesezeit":"13\u00a0Minuten"},"schema":{"@context":"https:\/\/schema.org","@graph":[{"@type":"Article","@id":"https:\/\/blog.myvideomedia.com\/de\/stadtrundgang-in-luebeck-tag-1\/#article","isPartOf":{"@id":"https:\/\/blog.myvideomedia.com\/de\/stadtrundgang-in-luebeck-tag-1\/"},"author":{"name":"myVideoMedia","@id":"https:\/\/blog.myvideomedia.com\/de\/#\/schema\/person\/87be8fbbed69b1562242448c1c3dcbec"},"headline":"Stadtrundgang in L\u00fcbeck &#8211; Tag 1","datePublished":"2025-04-24T13:55:27+00:00","dateModified":"2025-04-24T13:55:29+00:00","mainEntityOfPage":{"@id":"https:\/\/blog.myvideomedia.com\/de\/stadtrundgang-in-luebeck-tag-1\/"},"wordCount":784,"publisher":{"@id":"https:\/\/blog.myvideomedia.com\/de\/#\/schema\/person\/87be8fbbed69b1562242448c1c3dcbec"},"image":{"@id":"https:\/\/blog.myvideomedia.com\/de\/stadtrundgang-in-luebeck-tag-1\/#primaryimage"},"thumbnailUrl":"https:\/\/blog.myvideomedia.com\/wp-content\/uploads\/2025\/04\/Luebeck-Day1DSC00242.jpg","keywords":["Architektur","Stadtrundgang"],"articleSection":["Deutschland","Europa","Norddeutschland"],"inLanguage":"de"},{"@type":"WebPage","@id":"https:\/\/blog.myvideomedia.com\/de\/stadtrundgang-in-luebeck-tag-1\/","url":"https:\/\/blog.myvideomedia.com\/de\/stadtrundgang-in-luebeck-tag-1\/","name":"Stadtrundgang in L\u00fcbeck - Tag 1 - Deutschland - Reise Video Blog","isPartOf":{"@id":"https:\/\/blog.myvideomedia.com\/de\/#website"},"primaryImageOfPage":{"@id":"https:\/\/blog.myvideomedia.com\/de\/stadtrundgang-in-luebeck-tag-1\/#primaryimage"},"image":{"@id":"https:\/\/blog.myvideomedia.com\/de\/stadtrundgang-in-luebeck-tag-1\/#primaryimage"},"thumbnailUrl":"https:\/\/blog.myvideomedia.com\/wp-content\/uploads\/2025\/04\/Luebeck-Day1DSC00242.jpg","datePublished":"2025-04-24T13:55:27+00:00","dateModified":"2025-04-24T13:55:29+00:00","description":"Unser Spaziergang f\u00fchrt uns vom Holstentor in das Stadtzentrum mit seinen engen Gassen und endet in einem gem\u00fctlichen Fischrestaurant. Mehr und Video ..","breadcrumb":{"@id":"https:\/\/blog.myvideomedia.com\/de\/stadtrundgang-in-luebeck-tag-1\/#breadcrumb"},"inLanguage":"de","potentialAction":[{"@type":"ReadAction","target":["https:\/\/blog.myvideomedia.com\/de\/stadtrundgang-in-luebeck-tag-1\/"]}]},{"@type":"ImageObject","inLanguage":"de","@id":"https:\/\/blog.myvideomedia.com\/de\/stadtrundgang-in-luebeck-tag-1\/#primaryimage","url":"https:\/\/blog.myvideomedia.com\/wp-content\/uploads\/2025\/04\/Luebeck-Day1DSC00242.jpg","contentUrl":"https:\/\/blog.myvideomedia.com\/wp-content\/uploads\/2025\/04\/Luebeck-Day1DSC00242.jpg","width":1280,"height":720,"caption":"City walk day 1"},{"@type":"BreadcrumbList","@id":"https:\/\/blog.myvideomedia.com\/de\/stadtrundgang-in-luebeck-tag-1\/#breadcrumb","itemListElement":[{"@type":"ListItem","position":1,"name":"Home","item":"https:\/\/blog.myvideomedia.com\/de\/"},{"@type":"ListItem","position":2,"name":"Stadtrundgang in L\u00fcbeck &#8211; Tag 1"}]},{"@type":"WebSite","@id":"https:\/\/blog.myvideomedia.com\/de\/#website","url":"https:\/\/blog.myvideomedia.com\/de\/","name":"Travel Video Blog","description":"myVideoMedia Reisetipps und Reisevideos","publisher":{"@id":"https:\/\/blog.myvideomedia.com\/de\/#\/schema\/person\/87be8fbbed69b1562242448c1c3dcbec"},"potentialAction":[{"@type":"SearchAction","target":{"@type":"EntryPoint","urlTemplate":"https:\/\/blog.myvideomedia.com\/de\/?s={search_term_string}"},"query-input":{"@type":"PropertyValueSpecification","valueRequired":true,"valueName":"search_term_string"}}],"inLanguage":"de"},{"@type":["Person","Organization"],"@id":"https:\/\/blog.myvideomedia.com\/de\/#\/schema\/person\/87be8fbbed69b1562242448c1c3dcbec","name":"myVideoMedia","image":{"@type":"ImageObject","inLanguage":"de","@id":"https:\/\/secure.gravatar.com\/avatar\/460720160715ef8975b781abd1b6985e55ce2f01567bb6757bebd73e7cf74c97?s=96&d=mm&r=g","url":"https:\/\/secure.gravatar.com\/avatar\/460720160715ef8975b781abd1b6985e55ce2f01567bb6757bebd73e7cf74c97?s=96&d=mm&r=g","contentUrl":"https:\/\/secure.gravatar.com\/avatar\/460720160715ef8975b781abd1b6985e55ce2f01567bb6757bebd73e7cf74c97?s=96&d=mm&r=g","caption":"myVideoMedia"},"logo":{"@id":"https:\/\/secure.gravatar.com\/avatar\/460720160715ef8975b781abd1b6985e55ce2f01567bb6757bebd73e7cf74c97?s=96&d=mm&r=g"},"description":"\"The World is a book, and those who do not travel read only a page\" - Aurelius Augustinus (354 - 430 AD) Travel is our passion. With our posts and videos we like to inspire people who are planning or preparing for holidays as well as people who simply want to escape from everyday life and dream of faraway countries.","sameAs":["https:\/\/www.myvideomedia.com","https:\/\/www.facebook.com\/ursula.streit.520"],"url":"https:\/\/blog.myvideomedia.com\/de\/author\/traveladm\/"}]}},"featured_image_src":"https:\/\/blog.myvideomedia.com\/wp-content\/uploads\/2025\/04\/Luebeck-Day1DSC00242-600x400.jpg","featured_image_src_square":"https:\/\/blog.myvideomedia.com\/wp-content\/uploads\/2025\/04\/Luebeck-Day1DSC00242-600x600.jpg","author_info":{"display_name":"myVideoMedia","author_link":"https:\/\/blog.myvideomedia.com\/de\/author\/traveladm\/"},"_links":{"self":[{"href":"https:\/\/blog.myvideomedia.com\/de\/wp-json\/wp\/v2\/posts\/28805","targetHints":{"allow":["GET"]}}],"collection":[{"href":"https:\/\/blog.myvideomedia.com\/de\/wp-json\/wp\/v2\/posts"}],"about":[{"href":"https:\/\/blog.myvideomedia.com\/de\/wp-json\/wp\/v2\/types\/post"}],"author":[{"embeddable":true,"href":"https:\/\/blog.myvideomedia.com\/de\/wp-json\/wp\/v2\/users\/1"}],"replies":[{"embeddable":true,"href":"https:\/\/blog.myvideomedia.com\/de\/wp-json\/wp\/v2\/comments?post=28805"}],"version-history":[{"count":0,"href":"https:\/\/blog.myvideomedia.com\/de\/wp-json\/wp\/v2\/posts\/28805\/revisions"}],"wp:featuredmedia":[{"embeddable":true,"href":"https:\/\/blog.myvideomedia.com\/de\/wp-json\/wp\/v2\/media\/28804"}],"wp:attachment":[{"href":"https:\/\/blog.myvideomedia.com\/de\/wp-json\/wp\/v2\/media?parent=28805"}],"wp:term":[{"taxonomy":"category","embeddable":true,"href":"https:\/\/blog.myvideomedia.com\/de\/wp-json\/wp\/v2\/categories?post=28805"},{"taxonomy":"post_tag","embeddable":true,"href":"https:\/\/blog.myvideomedia.com\/de\/wp-json\/wp\/v2\/tags?post=28805"}],"curies":[{"name":"wp","href":"https:\/\/api.w.org\/{rel}","templated":true}]}}