{"id":29135,"date":"2025-11-04T12:39:13","date_gmt":"2025-11-04T11:39:13","guid":{"rendered":"https:\/\/blog.myvideomedia.com\/?p=29135"},"modified":"2025-11-04T12:39:14","modified_gmt":"2025-11-04T11:39:14","slug":"spaziergang-durch-maishofen-und-zell-am-see","status":"publish","type":"post","link":"https:\/\/blog.myvideomedia.com\/de\/spaziergang-durch-maishofen-und-zell-am-see\/","title":{"rendered":"Spaziergang durch Maishofen und Zell am See"},"content":{"rendered":"\n<p>Der erste Tag in Maishofen beginnt mit einem Rundgang durch den Ort. Am Nachmittag fahren wir mit dem Bus nach Zell am See und besichtigen diese weit bekannte Stadt. <\/p>\n\n<p>In Maishofen begleitet uns die Marketingbeauftragte des Hotels Quehenberger, die gleichzeitig die Tochter des Hoteliers ist. Sie zeigt uns die wichtigsten Geb\u00e4ude des Ortes und erz\u00e4hlt uns von der Geschichte sowie von bekannten B\u00fcrgern. <\/p>\n\n<figure class=\"wp-block-embed is-type-video is-provider-youtube wp-block-embed-youtube wp-embed-aspect-16-9 wp-has-aspect-ratio\"><div class=\"wp-block-embed__wrapper\">\n <div class=\"brlbs-cmpnt-container brlbs-cmpnt-content-blocker brlbs-cmpnt-with-individual-styles\" data-borlabs-cookie-content-blocker-id=\"youtube-content-blocker\" data-borlabs-cookie-content=\"PGlmcmFtZSB0aXRsZT0iV2FsayB0aHJvdWdoIE1haXNob2ZlbiBhbmQgWmVsbCBhbSBTZWUgLSAgQXVzdHJpYSA0SyBUcmF2ZWwgQ2hhbm5lbCIgd2lkdGg9IjUwMCIgaGVpZ2h0PSIyODEiIHNyYz0iaHR0cHM6Ly93d3cueW91dHViZS1ub2Nvb2tpZS5jb20vZW1iZWQvSGtpZ1d1aHd1SWs\/ZmVhdHVyZT1vZW1iZWQiIGZyYW1lYm9yZGVyPSIwIiBhbGxvdz0iYWNjZWxlcm9tZXRlcjsgYXV0b3BsYXk7IGNsaXBib2FyZC13cml0ZTsgZW5jcnlwdGVkLW1lZGlhOyBneXJvc2NvcGU7IHBpY3R1cmUtaW4tcGljdHVyZTsgd2ViLXNoYXJlIiByZWZlcnJlcnBvbGljeT0ic3RyaWN0LW9yaWdpbi13aGVuLWNyb3NzLW9yaWdpbiIgYWxsb3dmdWxsc2NyZWVuPjwvaWZyYW1lPg==\"><div class=\"brlbs-cmpnt-cb-preset-c brlbs-cmpnt-cb-youtube\"> <div class=\"brlbs-cmpnt-cb-thumbnail\" style=\"background-image: url('https:\/\/blog.myvideomedia.com\/wp-content\/uploads\/borlabs-cookie\/1\/yt_HkigWuhwuIk_hqdefault.jpg')\"><\/div> <div class=\"brlbs-cmpnt-cb-main\"> <div class=\"brlbs-cmpnt-cb-play-button\"><\/div> <div class=\"brlbs-cmpnt-cb-content\"> <p class=\"brlbs-cmpnt-cb-description\">Sie sehen gerade einen Platzhalterinhalt von <strong>YouTube<\/strong>. Um auf den eigentlichen Inhalt zuzugreifen, klicken Sie auf die Schaltfl\u00e4che unten. Bitte beachten Sie, dass dabei Daten an Drittanbieter weitergegeben werden.<\/p> <a class=\"brlbs-cmpnt-cb-provider-toggle\" href=\"#\" data-borlabs-cookie-show-provider-information role=\"button\">Mehr Informationen<\/a> <\/div> <div class=\"brlbs-cmpnt-cb-buttons\"> <a class=\"brlbs-cmpnt-cb-btn\" href=\"#\" data-borlabs-cookie-unblock role=\"button\">Inhalt entsperren<\/a> <a class=\"brlbs-cmpnt-cb-btn\" href=\"#\" data-borlabs-cookie-accept-service role=\"button\" style=\"display: inherit\">Erforderlichen Service akzeptieren und Inhalte entsperren<\/a> <\/div> <\/div> <\/div><\/div>\n<\/div><\/figure>\n\n<p>Maishofen ist ein Ort, der auf drei S\u00e4ulen beruht: Die Landwirtschaft mit den ber\u00fchmten Pinzgauer Rindern, einige Industriebetriebe und der Tourismus sind die tragenden S\u00e4ulen der Wirtschaft. Damit z\u00e4hlt der Ort zu den wohlhabendsten Kommunen \u00d6sterreichs, bezogen auf die Einwohnerzahl. <\/p>\n\n<p>Der Wohlstand des Ortes wird uns gleich zu Beginn unseres Rundgangs deutlich. Gepflegte Villen in alpenl\u00e4ndischer Architektur und sch\u00f6n gestaltete G\u00e4rten s\u00e4umen die Stra\u00dfen. <\/p>\n\n<figure class=\"wp-block-image size-full\"><img loading=\"lazy\" decoding=\"async\" width=\"1280\" height=\"720\" src=\"https:\/\/blog.myvideomedia.com\/wp-content\/uploads\/2025\/11\/Pinzgauer_DSC01975.jpg\" alt=\"\" class=\"wp-image-29118\" srcset=\"https:\/\/blog.myvideomedia.com\/wp-content\/uploads\/2025\/11\/Pinzgauer_DSC01975.jpg 1280w, https:\/\/blog.myvideomedia.com\/wp-content\/uploads\/2025\/11\/Pinzgauer_DSC01975-600x338.jpg 600w, https:\/\/blog.myvideomedia.com\/wp-content\/uploads\/2025\/11\/Pinzgauer_DSC01975-768x432.jpg 768w\" sizes=\"auto, (max-width: 1280px) 100vw, 1280px\" \/><figcaption class=\"wp-element-caption\">Pinzgauer<\/figcaption><\/figure>\n\n<p>Dazwischen liegen weitl\u00e4ufige Wiesen, auf denen die Pinzgauer Rinder grasen. Die Pinzgauer sind f\u00fcr ihre widerstandsf\u00e4higen Hufe bekannt, die ihnen eine gro\u00dfe Zugkraft f\u00fcr Fuhrwerke verleihen und es ihnen erm\u00f6glichen, auf steilen Weiden im Gebirge zu grasen. In der \u00f6sterreichisch-ungarischen Monarchie waren sie die am weitesten verbreitete Rinderrasse. Heute ist der Bestand der reinrassigen Tiere zwar gesunken, doch weltweit, besonders in Kanada, findet die Rasse immer noch Zulauf.   <\/p>\n\n<figure class=\"wp-block-image size-full\"><img loading=\"lazy\" decoding=\"async\" width=\"1280\" height=\"720\" src=\"https:\/\/blog.myvideomedia.com\/wp-content\/uploads\/2025\/11\/DSC01535.jpg\" alt=\"\" class=\"wp-image-29101\" srcset=\"https:\/\/blog.myvideomedia.com\/wp-content\/uploads\/2025\/11\/DSC01535.jpg 1280w, https:\/\/blog.myvideomedia.com\/wp-content\/uploads\/2025\/11\/DSC01535-600x338.jpg 600w, https:\/\/blog.myvideomedia.com\/wp-content\/uploads\/2025\/11\/DSC01535-768x432.jpg 768w\" sizes=\"auto, (max-width: 1280px) 100vw, 1280px\" \/><figcaption class=\"wp-element-caption\">Stiegerschl\u00f6ssl<\/figcaption><\/figure>\n\n<p>Maishofen hat vier denkmalgesch\u00fctzte Schl\u00f6sser:<\/p>\n\n<ul class=\"wp-block-list\">\n<li>Das Stiegerschl\u00f6ssl wird heute als Gasthof genutzt.<\/li>\n\n\n\n<li>In Schloss Kammer sind ein Landgasthof und ein Schlosshotel untergebracht.<\/li>\n\n\n\n<li>Auf Schloss Saalhof befindet sich das Zentrum eines landwirtschaftlichen Betriebs, zudem werden Appartements vermietet.<\/li>\n\n\n\n<li>Schloss Prielau geh\u00f6rte ab 1932 Gertrud von Hoffmannsthal, der Witwe von Hugo von Hoffmannsthal. W\u00e4hrend der NS-Zeit wurde sie enteignet, 1947 jedoch wieder restituiert. 1987 wurde es an die Familie Porsche verkauft und in ein Hotel umgewandelt. Ein gro\u00dfer Park, eine Rotwildzucht, ein Golfplatz, ein Helikopterlandeplatz, eine Wellnessabteilung und ein Privatstrand am Zeller See runden das Angebot ab.   <br\/><\/li>\n<\/ul>\n\n<figure class=\"wp-block-image size-full\"><img loading=\"lazy\" decoding=\"async\" width=\"1280\" height=\"720\" src=\"https:\/\/blog.myvideomedia.com\/wp-content\/uploads\/2025\/11\/Maishofen-Schloss.jpg\" alt=\"\" class=\"wp-image-29116\" srcset=\"https:\/\/blog.myvideomedia.com\/wp-content\/uploads\/2025\/11\/Maishofen-Schloss.jpg 1280w, https:\/\/blog.myvideomedia.com\/wp-content\/uploads\/2025\/11\/Maishofen-Schloss-600x338.jpg 600w, https:\/\/blog.myvideomedia.com\/wp-content\/uploads\/2025\/11\/Maishofen-Schloss-768x432.jpg 768w\" sizes=\"auto, (max-width: 1280px) 100vw, 1280px\" \/><figcaption class=\"wp-element-caption\">Schloss Saalhof<\/figcaption><\/figure>\n\n<p>Maishofen bietet neben vielen \u00dcbernachtungsm\u00f6glichkeiten auch den gro\u00dfen Indoorpark \u201eKreativland\u201d, der Kindern ein vielseitiges Unterhaltungsangebot bereitet. Im Geb\u00e4ude des Rinderzuchtverbandes finden Auktionen statt, die auch f\u00fcr Erwachsene unterhaltsam sind. <\/p>\n\n<figure class=\"wp-block-image size-full\"><img loading=\"lazy\" decoding=\"async\" width=\"1280\" height=\"720\" src=\"https:\/\/blog.myvideomedia.com\/wp-content\/uploads\/2025\/11\/Maishofen-Auktionshalle.jpg\" alt=\" Geb&#xE4;ude des Rinderzuchtverbandes\" class=\"wp-image-29115\" srcset=\"https:\/\/blog.myvideomedia.com\/wp-content\/uploads\/2025\/11\/Maishofen-Auktionshalle.jpg 1280w, https:\/\/blog.myvideomedia.com\/wp-content\/uploads\/2025\/11\/Maishofen-Auktionshalle-600x338.jpg 600w, https:\/\/blog.myvideomedia.com\/wp-content\/uploads\/2025\/11\/Maishofen-Auktionshalle-768x432.jpg 768w\" sizes=\"auto, (max-width: 1280px) 100vw, 1280px\" \/><\/figure>\n\n<p>Ein Rundwanderweg durch Maishofen verf\u00fcgt \u00fcber verschiedene Minigolfstationen, so dass sich Minigolf und das Erkunden von Maishofen kombinieren lassen. Schl\u00e4ger, B\u00e4lle und Karten f\u00fcr den Radwandergolf sind beim Tourismusverband Maishofen erh\u00e4ltlich. <\/p>\n\n<figure class=\"wp-block-image size-full\"><img loading=\"lazy\" decoding=\"async\" width=\"1280\" height=\"720\" src=\"https:\/\/blog.myvideomedia.com\/wp-content\/uploads\/2025\/11\/Maishofen-Zentrum.jpg\" alt=\"\" class=\"wp-image-29117\" srcset=\"https:\/\/blog.myvideomedia.com\/wp-content\/uploads\/2025\/11\/Maishofen-Zentrum.jpg 1280w, https:\/\/blog.myvideomedia.com\/wp-content\/uploads\/2025\/11\/Maishofen-Zentrum-600x338.jpg 600w, https:\/\/blog.myvideomedia.com\/wp-content\/uploads\/2025\/11\/Maishofen-Zentrum-768x432.jpg 768w\" sizes=\"auto, (max-width: 1280px) 100vw, 1280px\" \/><\/figure>\n\n<p>In der Pfarrkirche von Maishofen ist ein Werk des bekannten \u00f6sterreichischen K\u00fcnstlers Anton Faistauer zu sehen. <\/p>\n\n<figure class=\"wp-block-image size-full\"><img loading=\"lazy\" decoding=\"async\" width=\"1280\" height=\"720\" src=\"https:\/\/blog.myvideomedia.com\/wp-content\/uploads\/2025\/11\/DSC01552.jpg\" alt=\"Anton Faistauer Arbeit\" class=\"wp-image-29104\" srcset=\"https:\/\/blog.myvideomedia.com\/wp-content\/uploads\/2025\/11\/DSC01552.jpg 1280w, https:\/\/blog.myvideomedia.com\/wp-content\/uploads\/2025\/11\/DSC01552-600x338.jpg 600w, https:\/\/blog.myvideomedia.com\/wp-content\/uploads\/2025\/11\/DSC01552-768x432.jpg 768w\" sizes=\"auto, (max-width: 1280px) 100vw, 1280px\" \/><\/figure>\n\n<p>Neben der Kirche befinden sich die Schule und das Gemeindeamt sowie diverse Einkaufsm\u00f6glichkeiten.<\/p>\n\n<figure class=\"wp-block-image size-full\"><img loading=\"lazy\" decoding=\"async\" width=\"1280\" height=\"720\" src=\"https:\/\/blog.myvideomedia.com\/wp-content\/uploads\/2025\/11\/DSC01554.jpg\" alt=\"Schule in Maishofen\" class=\"wp-image-29102\" srcset=\"https:\/\/blog.myvideomedia.com\/wp-content\/uploads\/2025\/11\/DSC01554.jpg 1280w, https:\/\/blog.myvideomedia.com\/wp-content\/uploads\/2025\/11\/DSC01554-600x338.jpg 600w, https:\/\/blog.myvideomedia.com\/wp-content\/uploads\/2025\/11\/DSC01554-768x432.jpg 768w\" sizes=\"auto, (max-width: 1280px) 100vw, 1280px\" \/><\/figure>\n\n<p>Zu unserer \u00dcberraschung hat man von hier aus bei sch\u00f6nem Wetter sogar einen Blick auf die Bergstation der Schattberg-Bahn in Saalbach.<\/p>\n\n<h2 class=\"wp-block-heading\">Zell am See<\/h2>\n\n<p>Zell am See ist die Bezirkshauptstadt des Landkreises Pinzgau und ein bedeutendes Ziel f\u00fcr Wintersportler. Im Sommer bietet die Stadt eine Vielzahl an Wander- und Radwegen.  <\/p>\n\n<figure class=\"wp-block-image size-full\"><img loading=\"lazy\" decoding=\"async\" width=\"1280\" height=\"720\" src=\"https:\/\/blog.myvideomedia.com\/wp-content\/uploads\/2025\/11\/Zell-am-See-DSC01560.jpg\" alt=\"Hallenbad Zell am See\" class=\"wp-image-29105\" srcset=\"https:\/\/blog.myvideomedia.com\/wp-content\/uploads\/2025\/11\/Zell-am-See-DSC01560.jpg 1280w, https:\/\/blog.myvideomedia.com\/wp-content\/uploads\/2025\/11\/Zell-am-See-DSC01560-600x338.jpg 600w, https:\/\/blog.myvideomedia.com\/wp-content\/uploads\/2025\/11\/Zell-am-See-DSC01560-768x432.jpg 768w\" sizes=\"auto, (max-width: 1280px) 100vw, 1280px\" \/><\/figure>\n\n<p>Unser Rundgang startet auf dem Parkplatz vor dem Hallenbad. Durch die Strubergasse erreichen wir das Seeufer des Zeller Sees, die Esplanade.  <\/p>\n\n<figure class=\"wp-block-image size-full\"><img loading=\"lazy\" decoding=\"async\" width=\"1280\" height=\"720\" src=\"https:\/\/blog.myvideomedia.com\/wp-content\/uploads\/2025\/11\/Zell-am-See-DSC01571.jpg\" alt=\"\" class=\"wp-image-29114\" srcset=\"https:\/\/blog.myvideomedia.com\/wp-content\/uploads\/2025\/11\/Zell-am-See-DSC01571.jpg 1280w, https:\/\/blog.myvideomedia.com\/wp-content\/uploads\/2025\/11\/Zell-am-See-DSC01571-600x338.jpg 600w, https:\/\/blog.myvideomedia.com\/wp-content\/uploads\/2025\/11\/Zell-am-See-DSC01571-768x432.jpg 768w\" sizes=\"auto, (max-width: 1280px) 100vw, 1280px\" \/><\/figure>\n\n<p>Von hier aus gehen wir in s\u00fcdlicher Richtung weiter, vorbei am Strandbad und dem Stadtpark, bis wir das Casino und das Grand Hotel erreichen.<\/p>\n\n<figure class=\"wp-block-image size-full\"><img loading=\"lazy\" decoding=\"async\" width=\"1280\" height=\"720\" src=\"https:\/\/blog.myvideomedia.com\/wp-content\/uploads\/2025\/11\/Zell-am-See-DSC01579.jpg\" alt=\"Grand Hotel Zell am See\" class=\"wp-image-29106\" srcset=\"https:\/\/blog.myvideomedia.com\/wp-content\/uploads\/2025\/11\/Zell-am-See-DSC01579.jpg 1280w, https:\/\/blog.myvideomedia.com\/wp-content\/uploads\/2025\/11\/Zell-am-See-DSC01579-600x338.jpg 600w, https:\/\/blog.myvideomedia.com\/wp-content\/uploads\/2025\/11\/Zell-am-See-DSC01579-768x432.jpg 768w\" sizes=\"auto, (max-width: 1280px) 100vw, 1280px\" \/><\/figure>\n\n<p>Zwischen diesen beiden Geb\u00e4uden befindet sich der Hundertwasserbrunnen, der nach dem ber\u00fchmten K\u00fcnstler benannt ist, der ihn gestaltet hat. <\/p>\n\n<figure class=\"wp-block-image size-full\"><img loading=\"lazy\" decoding=\"async\" width=\"1280\" height=\"720\" src=\"https:\/\/blog.myvideomedia.com\/wp-content\/uploads\/2025\/11\/Hundertwasserbrunnen-DSC01574.jpg\" alt=\"Hundertwasser Brunnen\" class=\"wp-image-29107\" srcset=\"https:\/\/blog.myvideomedia.com\/wp-content\/uploads\/2025\/11\/Hundertwasserbrunnen-DSC01574.jpg 1280w, https:\/\/blog.myvideomedia.com\/wp-content\/uploads\/2025\/11\/Hundertwasserbrunnen-DSC01574-600x338.jpg 600w, https:\/\/blog.myvideomedia.com\/wp-content\/uploads\/2025\/11\/Hundertwasserbrunnen-DSC01574-768x432.jpg 768w\" sizes=\"auto, (max-width: 1280px) 100vw, 1280px\" \/><\/figure>\n\n<p>In der Villa Crazy Daisy in der Seegasse g\u00f6nnen wir uns einen Kaffee auf der Terrasse. Von hier aus hat man einen sch\u00f6nen Blick auf die Schmittenh\u00f6he, die im Winter oft der Ausgangspunkt f\u00fcr sch\u00f6ne Skitouren ist.  <\/p>\n\n<figure class=\"wp-block-image size-full\"><img loading=\"lazy\" decoding=\"async\" width=\"1280\" height=\"721\" src=\"https:\/\/blog.myvideomedia.com\/wp-content\/uploads\/2025\/11\/Zell-am-See-DSC01581.jpg\" alt=\"Zell am See Blick auf Schmittenh&#xF6;he\" class=\"wp-image-29108\" srcset=\"https:\/\/blog.myvideomedia.com\/wp-content\/uploads\/2025\/11\/Zell-am-See-DSC01581.jpg 1280w, https:\/\/blog.myvideomedia.com\/wp-content\/uploads\/2025\/11\/Zell-am-See-DSC01581-600x338.jpg 600w, https:\/\/blog.myvideomedia.com\/wp-content\/uploads\/2025\/11\/Zell-am-See-DSC01581-768x433.jpg 768w\" sizes=\"auto, (max-width: 1280px) 100vw, 1280px\" \/><\/figure>\n\n<p>Im See wurde eine Basis f\u00fcr die st\u00fcndlich stattfindende Wasserspiele errichtet. Die wunderbar gestalteten Spiele dauern jeweils zwischen f\u00fcnf und zehn Minuten und werden mit unterschiedlicher Musik aufgef\u00fchrt. Bei Dunkelheit werden sie zus\u00e4tzlich mit Farben illuminiert, was eine fantastische Stimmung erzeugt.   <\/p>\n\n<figure class=\"wp-block-image size-full\"><img loading=\"lazy\" decoding=\"async\" width=\"1280\" height=\"720\" src=\"https:\/\/blog.myvideomedia.com\/wp-content\/uploads\/2025\/11\/Zell-am-See-PXL_120439149.jpg\" alt=\"Wasserspiele Zell am See\" class=\"wp-image-29109\" srcset=\"https:\/\/blog.myvideomedia.com\/wp-content\/uploads\/2025\/11\/Zell-am-See-PXL_120439149.jpg 1280w, https:\/\/blog.myvideomedia.com\/wp-content\/uploads\/2025\/11\/Zell-am-See-PXL_120439149-600x338.jpg 600w, https:\/\/blog.myvideomedia.com\/wp-content\/uploads\/2025\/11\/Zell-am-See-PXL_120439149-768x432.jpg 768w\" sizes=\"auto, (max-width: 1280px) 100vw, 1280px\" \/><\/figure>\n\n<p>Wir setzen unseren Rundgang fort, erreichen \u00fcber den Bahnhof und vorbei am Ferry Porsche Congress Center die Stadtpfarrkirche und den Stadtplatz.<\/p>\n\n<figure class=\"wp-block-image size-medium\"><img loading=\"lazy\" decoding=\"async\" width=\"338\" height=\"600\" src=\"https:\/\/blog.myvideomedia.com\/wp-content\/uploads\/2025\/11\/Vogtturm-DSC01606-338x600.jpg\" alt=\"Vogtturm Zell am See\" class=\"wp-image-29112\" srcset=\"https:\/\/blog.myvideomedia.com\/wp-content\/uploads\/2025\/11\/Vogtturm-DSC01606-338x600.jpg 338w, https:\/\/blog.myvideomedia.com\/wp-content\/uploads\/2025\/11\/Vogtturm-DSC01606.jpg 720w\" sizes=\"auto, (max-width: 338px) 100vw, 338px\" \/><\/figure>\n\n<p>Das \u00e4lteste Geb\u00e4ude der Stadt ist der Vogtturm, der vermutlich im Hochmittelalter (Mitte des 12. Jahrhunderts) errichtet wurde und heute ein Museum \u00fcber die Geschichte, Kunst und Kultur der Stadt Zell beherbergt. Am Stadtplatz befindet sich auch die Bezirkshauptmannschaft.  <\/p>\n\n<figure class=\"wp-block-image size-full\"><img loading=\"lazy\" decoding=\"async\" width=\"1280\" height=\"720\" src=\"https:\/\/blog.myvideomedia.com\/wp-content\/uploads\/2025\/11\/Zell-am-See-PXL_20251013_125824466.MP_.jpg\" alt=\"Stadtplatz Zell am See\" class=\"wp-image-29110\" srcset=\"https:\/\/blog.myvideomedia.com\/wp-content\/uploads\/2025\/11\/Zell-am-See-PXL_20251013_125824466.MP_.jpg 1280w, https:\/\/blog.myvideomedia.com\/wp-content\/uploads\/2025\/11\/Zell-am-See-PXL_20251013_125824466.MP_-600x338.jpg 600w, https:\/\/blog.myvideomedia.com\/wp-content\/uploads\/2025\/11\/Zell-am-See-PXL_20251013_125824466.MP_-768x432.jpg 768w\" sizes=\"auto, (max-width: 1280px) 100vw, 1280px\" \/><\/figure>\n\n<p>Vorbei am Rathaus erreichen wir schlie\u00dflich wieder den Parkplatz vor dem Hallenbad und fahren mit dem Bus zur\u00fcck nach Maishofen.<\/p>\n\n<figure class=\"wp-block-image size-full\"><img loading=\"lazy\" decoding=\"async\" width=\"1280\" height=\"720\" src=\"https:\/\/blog.myvideomedia.com\/wp-content\/uploads\/2025\/11\/Zell-am-See-PXL_133207264.jpg\" alt=\"Rathaus Zell am See\" class=\"wp-image-29111\" srcset=\"https:\/\/blog.myvideomedia.com\/wp-content\/uploads\/2025\/11\/Zell-am-See-PXL_133207264.jpg 1280w, https:\/\/blog.myvideomedia.com\/wp-content\/uploads\/2025\/11\/Zell-am-See-PXL_133207264-600x338.jpg 600w, https:\/\/blog.myvideomedia.com\/wp-content\/uploads\/2025\/11\/Zell-am-See-PXL_133207264-768x432.jpg 768w\" sizes=\"auto, (max-width: 1280px) 100vw, 1280px\" \/><\/figure>\n\n<p>Text, Fotos und Video: Copyright \u00a9 <a href=\"https:\/\/www.myvideomedia.de\" target=\"_blank\" rel=\"noreferrer noopener\">myVideoMedia<\/a><\/p>\n","protected":false},"excerpt":{"rendered":"<p>Der erste Tag in Maishofen beginnt mit einem Rundgang durch den Ort. Am Nachmittag fahren wir mit dem Bus nach Zell am See und besichtigen diese weit bekannte Stadt. In Maishofen begleitet uns die Marketingbeauftragte des Hotels Quehenberger, die gleichzeitig die Tochter des Hoteliers ist. Sie zeigt uns die wichtigsten Geb\u00e4ude des Ortes und erz\u00e4hlt [&hellip;]<\/p>\n","protected":false},"author":1,"featured_media":0,"comment_status":"closed","ping_status":"closed","sticky":false,"template":"","format":"standard","meta":{"_genesis_hide_title":false,"_genesis_hide_breadcrumbs":false,"_genesis_hide_singular_image":false,"_genesis_hide_footer_widgets":false,"_genesis_custom_body_class":"","_genesis_custom_post_class":"","_genesis_layout":"","footnotes":""},"categories":[1550,492,543],"tags":[],"class_list":{"0":"post-29135","1":"post","2":"type-post","3":"status-publish","4":"format-standard","6":"category-europa","7":"category-oesterreich","8":"category-salzburg_d","9":"entry","10":"has-post-thumbnail"},"yoast_head":"<!-- This site is optimized with the Yoast SEO plugin v27.4 - https:\/\/yoast.com\/product\/yoast-seo-wordpress\/ -->\n<title>Spaziergang durch Maishofen und Zell am See - \u00d6sterreich - Reise Video Blog<\/title>\n<meta name=\"description\" content=\"Der erste Tag in Maishofen beginnt mit einem Rundgang durch den Ort. Am Nachmittag fahren wir mit dem Bus nach Zell am See und besichtigen diese weit bekannte Stadt.\" \/>\n<meta name=\"robots\" content=\"index, follow, max-snippet:-1, max-image-preview:large, max-video-preview:-1\" \/>\n<link rel=\"canonical\" href=\"https:\/\/blog.myvideomedia.com\/de\/spaziergang-durch-maishofen-und-zell-am-see\/\" \/>\n<meta property=\"og:locale\" content=\"de_DE\" \/>\n<meta property=\"og:type\" content=\"article\" \/>\n<meta property=\"og:title\" content=\"Spaziergang durch Maishofen und Zell am See - \u00d6sterreich - Reise Video Blog\" \/>\n<meta property=\"og:description\" content=\"Der erste Tag in Maishofen beginnt mit einem Rundgang durch den Ort. Am Nachmittag fahren wir mit dem Bus nach Zell am See und besichtigen diese weit bekannte Stadt.\" \/>\n<meta property=\"og:url\" content=\"https:\/\/blog.myvideomedia.com\/de\/spaziergang-durch-maishofen-und-zell-am-see\/\" \/>\n<meta property=\"og:site_name\" content=\"Reise Video Blog\" \/>\n<meta property=\"article:publisher\" content=\"https:\/\/www.facebook.com\/ursula.streit.520\" \/>\n<meta property=\"article:author\" content=\"https:\/\/www.facebook.com\/ursula.streit.520\" \/>\n<meta property=\"article:published_time\" content=\"2025-11-04T11:39:13+00:00\" \/>\n<meta property=\"article:modified_time\" content=\"2025-11-04T11:39:14+00:00\" \/>\n<meta property=\"og:image\" content=\"https:\/\/blog.myvideomedia.com\/wp-content\/uploads\/2025\/11\/Zell-am-See-DSC01571.jpg\" \/>\n\t<meta property=\"og:image:width\" content=\"1280\" \/>\n\t<meta property=\"og:image:height\" content=\"720\" \/>\n\t<meta property=\"og:image:type\" content=\"image\/jpeg\" \/>\n<meta name=\"author\" content=\"myVideoMedia\" \/>\n<meta name=\"twitter:card\" content=\"summary_large_image\" \/>\n<meta name=\"twitter:creator\" content=\"@myvideomedia\" \/>\n<meta name=\"twitter:site\" content=\"@myvideomedia\" \/>\n<meta name=\"twitter:label1\" content=\"Verfasst von\" \/>\n\t<meta name=\"twitter:data1\" content=\"myVideoMedia\" \/>\n\t<meta name=\"twitter:label2\" content=\"Gesch\u00e4tzte Lesezeit\" \/>\n\t<meta name=\"twitter:data2\" content=\"14\u00a0Minuten\" \/>\n<script type=\"application\/ld+json\" class=\"yoast-schema-graph\">{\"@context\":\"https:\\\/\\\/schema.org\",\"@graph\":[{\"@type\":\"Article\",\"@id\":\"https:\\\/\\\/blog.myvideomedia.com\\\/de\\\/spaziergang-durch-maishofen-und-zell-am-see\\\/#article\",\"isPartOf\":{\"@id\":\"https:\\\/\\\/blog.myvideomedia.com\\\/de\\\/spaziergang-durch-maishofen-und-zell-am-see\\\/\"},\"author\":{\"name\":\"myVideoMedia\",\"@id\":\"https:\\\/\\\/blog.myvideomedia.com\\\/de\\\/#\\\/schema\\\/person\\\/87be8fbbed69b1562242448c1c3dcbec\"},\"headline\":\"Spaziergang durch Maishofen und Zell am See\",\"datePublished\":\"2025-11-04T11:39:13+00:00\",\"dateModified\":\"2025-11-04T11:39:14+00:00\",\"mainEntityOfPage\":{\"@id\":\"https:\\\/\\\/blog.myvideomedia.com\\\/de\\\/spaziergang-durch-maishofen-und-zell-am-see\\\/\"},\"wordCount\":716,\"publisher\":{\"@id\":\"https:\\\/\\\/blog.myvideomedia.com\\\/de\\\/#\\\/schema\\\/person\\\/87be8fbbed69b1562242448c1c3dcbec\"},\"image\":{\"@id\":\"https:\\\/\\\/blog.myvideomedia.com\\\/de\\\/spaziergang-durch-maishofen-und-zell-am-see\\\/#primaryimage\"},\"thumbnailUrl\":\"https:\\\/\\\/blog.myvideomedia.com\\\/wp-content\\\/uploads\\\/2025\\\/11\\\/Pinzgauer_DSC01975.jpg\",\"articleSection\":[\"Europa\",\"\u00d6sterreich\",\"Salzburg\"],\"inLanguage\":\"de\"},{\"@type\":\"WebPage\",\"@id\":\"https:\\\/\\\/blog.myvideomedia.com\\\/de\\\/spaziergang-durch-maishofen-und-zell-am-see\\\/\",\"url\":\"https:\\\/\\\/blog.myvideomedia.com\\\/de\\\/spaziergang-durch-maishofen-und-zell-am-see\\\/\",\"name\":\"Spaziergang durch Maishofen und Zell am See - \u00d6sterreich - Reise Video Blog\",\"isPartOf\":{\"@id\":\"https:\\\/\\\/blog.myvideomedia.com\\\/de\\\/#website\"},\"primaryImageOfPage\":{\"@id\":\"https:\\\/\\\/blog.myvideomedia.com\\\/de\\\/spaziergang-durch-maishofen-und-zell-am-see\\\/#primaryimage\"},\"image\":{\"@id\":\"https:\\\/\\\/blog.myvideomedia.com\\\/de\\\/spaziergang-durch-maishofen-und-zell-am-see\\\/#primaryimage\"},\"thumbnailUrl\":\"https:\\\/\\\/blog.myvideomedia.com\\\/wp-content\\\/uploads\\\/2025\\\/11\\\/Pinzgauer_DSC01975.jpg\",\"datePublished\":\"2025-11-04T11:39:13+00:00\",\"dateModified\":\"2025-11-04T11:39:14+00:00\",\"description\":\"Der erste Tag in Maishofen beginnt mit einem Rundgang durch den Ort. Am Nachmittag fahren wir mit dem Bus nach Zell am See und besichtigen diese weit bekannte Stadt.\",\"breadcrumb\":{\"@id\":\"https:\\\/\\\/blog.myvideomedia.com\\\/de\\\/spaziergang-durch-maishofen-und-zell-am-see\\\/#breadcrumb\"},\"inLanguage\":\"de\",\"potentialAction\":[{\"@type\":\"ReadAction\",\"target\":[\"https:\\\/\\\/blog.myvideomedia.com\\\/de\\\/spaziergang-durch-maishofen-und-zell-am-see\\\/\"]}]},{\"@type\":\"ImageObject\",\"inLanguage\":\"de\",\"@id\":\"https:\\\/\\\/blog.myvideomedia.com\\\/de\\\/spaziergang-durch-maishofen-und-zell-am-see\\\/#primaryimage\",\"url\":\"https:\\\/\\\/blog.myvideomedia.com\\\/wp-content\\\/uploads\\\/2025\\\/11\\\/Pinzgauer_DSC01975.jpg\",\"contentUrl\":\"https:\\\/\\\/blog.myvideomedia.com\\\/wp-content\\\/uploads\\\/2025\\\/11\\\/Pinzgauer_DSC01975.jpg\"},{\"@type\":\"BreadcrumbList\",\"@id\":\"https:\\\/\\\/blog.myvideomedia.com\\\/de\\\/spaziergang-durch-maishofen-und-zell-am-see\\\/#breadcrumb\",\"itemListElement\":[{\"@type\":\"ListItem\",\"position\":1,\"name\":\"Home\",\"item\":\"https:\\\/\\\/blog.myvideomedia.com\\\/de\\\/\"},{\"@type\":\"ListItem\",\"position\":2,\"name\":\"Spaziergang durch Maishofen und Zell am See\"}]},{\"@type\":\"WebSite\",\"@id\":\"https:\\\/\\\/blog.myvideomedia.com\\\/de\\\/#website\",\"url\":\"https:\\\/\\\/blog.myvideomedia.com\\\/de\\\/\",\"name\":\"Travel Video Blog\",\"description\":\"myVideoMedia Reisetipps und Reisevideos\",\"publisher\":{\"@id\":\"https:\\\/\\\/blog.myvideomedia.com\\\/de\\\/#\\\/schema\\\/person\\\/87be8fbbed69b1562242448c1c3dcbec\"},\"potentialAction\":[{\"@type\":\"SearchAction\",\"target\":{\"@type\":\"EntryPoint\",\"urlTemplate\":\"https:\\\/\\\/blog.myvideomedia.com\\\/de\\\/?s={search_term_string}\"},\"query-input\":{\"@type\":\"PropertyValueSpecification\",\"valueRequired\":true,\"valueName\":\"search_term_string\"}}],\"inLanguage\":\"de\"},{\"@type\":[\"Person\",\"Organization\"],\"@id\":\"https:\\\/\\\/blog.myvideomedia.com\\\/de\\\/#\\\/schema\\\/person\\\/87be8fbbed69b1562242448c1c3dcbec\",\"name\":\"myVideoMedia\",\"image\":{\"@type\":\"ImageObject\",\"inLanguage\":\"de\",\"@id\":\"https:\\\/\\\/secure.gravatar.com\\\/avatar\\\/460720160715ef8975b781abd1b6985e55ce2f01567bb6757bebd73e7cf74c97?s=96&d=mm&r=g\",\"url\":\"https:\\\/\\\/secure.gravatar.com\\\/avatar\\\/460720160715ef8975b781abd1b6985e55ce2f01567bb6757bebd73e7cf74c97?s=96&d=mm&r=g\",\"contentUrl\":\"https:\\\/\\\/secure.gravatar.com\\\/avatar\\\/460720160715ef8975b781abd1b6985e55ce2f01567bb6757bebd73e7cf74c97?s=96&d=mm&r=g\",\"caption\":\"myVideoMedia\"},\"logo\":{\"@id\":\"https:\\\/\\\/secure.gravatar.com\\\/avatar\\\/460720160715ef8975b781abd1b6985e55ce2f01567bb6757bebd73e7cf74c97?s=96&d=mm&r=g\"},\"description\":\"\\\"The World is a book, and those who do not travel read only a page\\\" - Aurelius Augustinus (354 - 430 AD) Travel is our passion. With our posts and videos we like to inspire people who are planning or preparing for holidays as well as people who simply want to escape from everyday life and dream of faraway countries.\",\"sameAs\":[\"https:\\\/\\\/www.myvideomedia.com\",\"https:\\\/\\\/www.facebook.com\\\/ursula.streit.520\"],\"url\":\"https:\\\/\\\/blog.myvideomedia.com\\\/de\\\/author\\\/traveladm\\\/\"}]}<\/script>\n<!-- \/ Yoast SEO plugin. -->","yoast_head_json":{"title":"Spaziergang durch Maishofen und Zell am See - \u00d6sterreich - Reise Video Blog","description":"Der erste Tag in Maishofen beginnt mit einem Rundgang durch den Ort. Am Nachmittag fahren wir mit dem Bus nach Zell am See und besichtigen diese weit bekannte Stadt.","robots":{"index":"index","follow":"follow","max-snippet":"max-snippet:-1","max-image-preview":"max-image-preview:large","max-video-preview":"max-video-preview:-1"},"canonical":"https:\/\/blog.myvideomedia.com\/de\/spaziergang-durch-maishofen-und-zell-am-see\/","og_locale":"de_DE","og_type":"article","og_title":"Spaziergang durch Maishofen und Zell am See - \u00d6sterreich - Reise Video Blog","og_description":"Der erste Tag in Maishofen beginnt mit einem Rundgang durch den Ort. Am Nachmittag fahren wir mit dem Bus nach Zell am See und besichtigen diese weit bekannte Stadt.","og_url":"https:\/\/blog.myvideomedia.com\/de\/spaziergang-durch-maishofen-und-zell-am-see\/","og_site_name":"Reise Video Blog","article_publisher":"https:\/\/www.facebook.com\/ursula.streit.520","article_author":"https:\/\/www.facebook.com\/ursula.streit.520","article_published_time":"2025-11-04T11:39:13+00:00","article_modified_time":"2025-11-04T11:39:14+00:00","og_image":[{"width":1280,"height":720,"url":"https:\/\/blog.myvideomedia.com\/wp-content\/uploads\/2025\/11\/Zell-am-See-DSC01571.jpg","type":"image\/jpeg"}],"author":"myVideoMedia","twitter_card":"summary_large_image","twitter_creator":"@myvideomedia","twitter_site":"@myvideomedia","twitter_misc":{"Verfasst von":"myVideoMedia","Gesch\u00e4tzte Lesezeit":"14\u00a0Minuten"},"schema":{"@context":"https:\/\/schema.org","@graph":[{"@type":"Article","@id":"https:\/\/blog.myvideomedia.com\/de\/spaziergang-durch-maishofen-und-zell-am-see\/#article","isPartOf":{"@id":"https:\/\/blog.myvideomedia.com\/de\/spaziergang-durch-maishofen-und-zell-am-see\/"},"author":{"name":"myVideoMedia","@id":"https:\/\/blog.myvideomedia.com\/de\/#\/schema\/person\/87be8fbbed69b1562242448c1c3dcbec"},"headline":"Spaziergang durch Maishofen und Zell am See","datePublished":"2025-11-04T11:39:13+00:00","dateModified":"2025-11-04T11:39:14+00:00","mainEntityOfPage":{"@id":"https:\/\/blog.myvideomedia.com\/de\/spaziergang-durch-maishofen-und-zell-am-see\/"},"wordCount":716,"publisher":{"@id":"https:\/\/blog.myvideomedia.com\/de\/#\/schema\/person\/87be8fbbed69b1562242448c1c3dcbec"},"image":{"@id":"https:\/\/blog.myvideomedia.com\/de\/spaziergang-durch-maishofen-und-zell-am-see\/#primaryimage"},"thumbnailUrl":"https:\/\/blog.myvideomedia.com\/wp-content\/uploads\/2025\/11\/Pinzgauer_DSC01975.jpg","articleSection":["Europa","\u00d6sterreich","Salzburg"],"inLanguage":"de"},{"@type":"WebPage","@id":"https:\/\/blog.myvideomedia.com\/de\/spaziergang-durch-maishofen-und-zell-am-see\/","url":"https:\/\/blog.myvideomedia.com\/de\/spaziergang-durch-maishofen-und-zell-am-see\/","name":"Spaziergang durch Maishofen und Zell am See - \u00d6sterreich - Reise Video Blog","isPartOf":{"@id":"https:\/\/blog.myvideomedia.com\/de\/#website"},"primaryImageOfPage":{"@id":"https:\/\/blog.myvideomedia.com\/de\/spaziergang-durch-maishofen-und-zell-am-see\/#primaryimage"},"image":{"@id":"https:\/\/blog.myvideomedia.com\/de\/spaziergang-durch-maishofen-und-zell-am-see\/#primaryimage"},"thumbnailUrl":"https:\/\/blog.myvideomedia.com\/wp-content\/uploads\/2025\/11\/Pinzgauer_DSC01975.jpg","datePublished":"2025-11-04T11:39:13+00:00","dateModified":"2025-11-04T11:39:14+00:00","description":"Der erste Tag in Maishofen beginnt mit einem Rundgang durch den Ort. Am Nachmittag fahren wir mit dem Bus nach Zell am See und besichtigen diese weit bekannte Stadt.","breadcrumb":{"@id":"https:\/\/blog.myvideomedia.com\/de\/spaziergang-durch-maishofen-und-zell-am-see\/#breadcrumb"},"inLanguage":"de","potentialAction":[{"@type":"ReadAction","target":["https:\/\/blog.myvideomedia.com\/de\/spaziergang-durch-maishofen-und-zell-am-see\/"]}]},{"@type":"ImageObject","inLanguage":"de","@id":"https:\/\/blog.myvideomedia.com\/de\/spaziergang-durch-maishofen-und-zell-am-see\/#primaryimage","url":"https:\/\/blog.myvideomedia.com\/wp-content\/uploads\/2025\/11\/Pinzgauer_DSC01975.jpg","contentUrl":"https:\/\/blog.myvideomedia.com\/wp-content\/uploads\/2025\/11\/Pinzgauer_DSC01975.jpg"},{"@type":"BreadcrumbList","@id":"https:\/\/blog.myvideomedia.com\/de\/spaziergang-durch-maishofen-und-zell-am-see\/#breadcrumb","itemListElement":[{"@type":"ListItem","position":1,"name":"Home","item":"https:\/\/blog.myvideomedia.com\/de\/"},{"@type":"ListItem","position":2,"name":"Spaziergang durch Maishofen und Zell am See"}]},{"@type":"WebSite","@id":"https:\/\/blog.myvideomedia.com\/de\/#website","url":"https:\/\/blog.myvideomedia.com\/de\/","name":"Travel Video Blog","description":"myVideoMedia Reisetipps und Reisevideos","publisher":{"@id":"https:\/\/blog.myvideomedia.com\/de\/#\/schema\/person\/87be8fbbed69b1562242448c1c3dcbec"},"potentialAction":[{"@type":"SearchAction","target":{"@type":"EntryPoint","urlTemplate":"https:\/\/blog.myvideomedia.com\/de\/?s={search_term_string}"},"query-input":{"@type":"PropertyValueSpecification","valueRequired":true,"valueName":"search_term_string"}}],"inLanguage":"de"},{"@type":["Person","Organization"],"@id":"https:\/\/blog.myvideomedia.com\/de\/#\/schema\/person\/87be8fbbed69b1562242448c1c3dcbec","name":"myVideoMedia","image":{"@type":"ImageObject","inLanguage":"de","@id":"https:\/\/secure.gravatar.com\/avatar\/460720160715ef8975b781abd1b6985e55ce2f01567bb6757bebd73e7cf74c97?s=96&d=mm&r=g","url":"https:\/\/secure.gravatar.com\/avatar\/460720160715ef8975b781abd1b6985e55ce2f01567bb6757bebd73e7cf74c97?s=96&d=mm&r=g","contentUrl":"https:\/\/secure.gravatar.com\/avatar\/460720160715ef8975b781abd1b6985e55ce2f01567bb6757bebd73e7cf74c97?s=96&d=mm&r=g","caption":"myVideoMedia"},"logo":{"@id":"https:\/\/secure.gravatar.com\/avatar\/460720160715ef8975b781abd1b6985e55ce2f01567bb6757bebd73e7cf74c97?s=96&d=mm&r=g"},"description":"\"The World is a book, and those who do not travel read only a page\" - Aurelius Augustinus (354 - 430 AD) Travel is our passion. With our posts and videos we like to inspire people who are planning or preparing for holidays as well as people who simply want to escape from everyday life and dream of faraway countries.","sameAs":["https:\/\/www.myvideomedia.com","https:\/\/www.facebook.com\/ursula.streit.520"],"url":"https:\/\/blog.myvideomedia.com\/de\/author\/traveladm\/"}]}},"featured_image_src":null,"featured_image_src_square":null,"author_info":{"display_name":"myVideoMedia","author_link":"https:\/\/blog.myvideomedia.com\/de\/author\/traveladm\/"},"_links":{"self":[{"href":"https:\/\/blog.myvideomedia.com\/de\/wp-json\/wp\/v2\/posts\/29135","targetHints":{"allow":["GET"]}}],"collection":[{"href":"https:\/\/blog.myvideomedia.com\/de\/wp-json\/wp\/v2\/posts"}],"about":[{"href":"https:\/\/blog.myvideomedia.com\/de\/wp-json\/wp\/v2\/types\/post"}],"author":[{"embeddable":true,"href":"https:\/\/blog.myvideomedia.com\/de\/wp-json\/wp\/v2\/users\/1"}],"replies":[{"embeddable":true,"href":"https:\/\/blog.myvideomedia.com\/de\/wp-json\/wp\/v2\/comments?post=29135"}],"version-history":[{"count":0,"href":"https:\/\/blog.myvideomedia.com\/de\/wp-json\/wp\/v2\/posts\/29135\/revisions"}],"wp:attachment":[{"href":"https:\/\/blog.myvideomedia.com\/de\/wp-json\/wp\/v2\/media?parent=29135"}],"wp:term":[{"taxonomy":"category","embeddable":true,"href":"https:\/\/blog.myvideomedia.com\/de\/wp-json\/wp\/v2\/categories?post=29135"},{"taxonomy":"post_tag","embeddable":true,"href":"https:\/\/blog.myvideomedia.com\/de\/wp-json\/wp\/v2\/tags?post=29135"}],"curies":[{"name":"wp","href":"https:\/\/api.w.org\/{rel}","templated":true}]}}