{"id":5234,"date":"2014-12-01T11:34:12","date_gmt":"2014-12-01T10:34:12","guid":{"rendered":"https:\/\/blog.myvideomedia.com\/?p=5234"},"modified":"2022-01-14T16:52:03","modified_gmt":"2022-01-14T15:52:03","slug":"mozartstadt-salzburg","status":"publish","type":"post","link":"https:\/\/blog.myvideomedia.com\/de\/mozartstadt-salzburg\/","title":{"rendered":"Mozartstadt Salzburg"},"content":{"rendered":"\n<p>Die Mozartstadt Salzburg liegt beiderseits der Salzach, flankiert von unbebauten Bergen.<\/p>\n\n\n\n<h3 class=\"wp-block-heading\"><a href=\"https:\/\/youtu.be\/ULE7RmRz9FQ\" target=\"_blank\" rel=\"noopener nofollow\">Hier sehen Sie das Video zum Artikel<\/a><\/h3>\n\n\n\n<figure> <div class=\"brlbs-cmpnt-container brlbs-cmpnt-content-blocker brlbs-cmpnt-with-individual-styles\" data-borlabs-cookie-content-blocker-id=\"youtube-content-blocker\" data-borlabs-cookie-content=\"PGlmcmFtZSBzcmM9Ii8vd3d3LnlvdXR1YmUtbm9jb29raWUuY29tL2VtYmVkL1VMRTdSbVJ6OUZRIiB3aWR0aD0iNjAwIiBoZWlnaHQ9IjM0MCI+PC9pZnJhbWU+\"><div class=\"brlbs-cmpnt-cb-preset-c brlbs-cmpnt-cb-youtube\"> <div class=\"brlbs-cmpnt-cb-thumbnail\" style=\"background-image: url('https:\/\/blog.myvideomedia.com\/wp-content\/uploads\/borlabs-cookie\/1\/yt_ULE7RmRz9FQ_hqdefault.jpg')\"><\/div> <div class=\"brlbs-cmpnt-cb-main\"> <div class=\"brlbs-cmpnt-cb-play-button\"><\/div> <div class=\"brlbs-cmpnt-cb-content\"> <p class=\"brlbs-cmpnt-cb-description\">Sie sehen gerade einen Platzhalterinhalt von <strong>YouTube<\/strong>. Um auf den eigentlichen Inhalt zuzugreifen, klicken Sie auf die Schaltfl\u00e4che unten. Bitte beachten Sie, dass dabei Daten an Drittanbieter weitergegeben werden.<\/p> <a class=\"brlbs-cmpnt-cb-provider-toggle\" href=\"#\" data-borlabs-cookie-show-provider-information role=\"button\">Mehr Informationen<\/a> <\/div> <div class=\"brlbs-cmpnt-cb-buttons\"> <a class=\"brlbs-cmpnt-cb-btn\" href=\"#\" data-borlabs-cookie-unblock role=\"button\">Inhalt entsperren<\/a> <a class=\"brlbs-cmpnt-cb-btn\" href=\"#\" data-borlabs-cookie-accept-service role=\"button\" style=\"display: inherit\">Erforderlichen Service akzeptieren und Inhalte entsperren<\/a> <\/div> <\/div> <\/div><\/div><\/figure>\n\n\n\n<p>Heute genie\u00dft die Stadt das Flair der Mozartstadt, ihres ber\u00fchmtesten B\u00fcrgers, der hier geboren wurde und einen guten Teil seines Lebens verbracht hat.<\/p>\n\n\n\n<div class=\"wp-block-image is-style-default\"><figure class=\"aligncenter\"><img loading=\"lazy\" decoding=\"async\" width=\"1024\" height=\"682\" src=\"https:\/\/blog.myvideomedia.com\/wp-content\/uploads\/2012\/01\/Salzburg_1189-1024x682.jpg\" alt=\"City of Salzburg\" class=\"wp-image-4587\" srcset=\"https:\/\/blog.myvideomedia.com\/wp-content\/uploads\/2012\/01\/Salzburg_1189-1024x682.jpg 1024w, https:\/\/blog.myvideomedia.com\/wp-content\/uploads\/2012\/01\/Salzburg_1189-300x200.jpg 300w, https:\/\/blog.myvideomedia.com\/wp-content\/uploads\/2012\/01\/Salzburg_1189-600x400.jpg 600w, https:\/\/blog.myvideomedia.com\/wp-content\/uploads\/2012\/01\/Salzburg_1189.jpg 1038w\" sizes=\"auto, (max-width: 1024px) 100vw, 1024px\" \/><\/figure><\/div>\n\n\n\n<p>Den besten Rundblick \u00fcber die Stadt Salzburg und Festung Hohensalzburg hat man vom M\u00f6nchsberg aus. Ber\u00fchmt ist die \u00e4lteste Einkaufstrasse der Stadt, die Getreidegasse. <\/p>\n\n\n\n<p>In dieser schon durch die vielen Zunftzeichen mittelalterlich wirkenden Gasse befindet sich Mozarts Geburtshaus.<\/p>\n\n\n\n<div class=\"wp-block-image is-style-default\"><figure class=\"aligncenter\"><img loading=\"lazy\" decoding=\"async\" width=\"1024\" height=\"682\" src=\"https:\/\/blog.myvideomedia.com\/wp-content\/uploads\/2012\/01\/salzburg_1116-1024x682.jpg\" alt=\"Birthplace of Mozart\" class=\"wp-image-4586\" srcset=\"https:\/\/blog.myvideomedia.com\/wp-content\/uploads\/2012\/01\/salzburg_1116-1024x682.jpg 1024w, https:\/\/blog.myvideomedia.com\/wp-content\/uploads\/2012\/01\/salzburg_1116-300x200.jpg 300w, https:\/\/blog.myvideomedia.com\/wp-content\/uploads\/2012\/01\/salzburg_1116-600x400.jpg 600w, https:\/\/blog.myvideomedia.com\/wp-content\/uploads\/2012\/01\/salzburg_1116.jpg 1080w\" sizes=\"auto, (max-width: 1024px) 100vw, 1024px\" \/><\/figure><\/div>\n\n\n\n<p>Am Rupertitag sind alle Pl\u00e4tze rund um den Dom und die Residenz mit Buden und Fahrgesch\u00e4ften \u00fcbers\u00e4t. Nur das m\u00e4chtige Gel\u00e4ut der Glocken des Doms vermag das Treiben zu \u00fcbert\u00f6nen. Vor der Fassade des Doms, wo die Pferdekutschen warten, wird jedes Jahr der \u201eJedermann\u201c aufgef\u00fchrt.<\/p>\n\n\n\n<p>Die Residenz neben dem Dom, einstiger Wohnkomplex f\u00fcr die F\u00fcrsterzbisch\u00f6fe, kann besichtigt werden. Eng an den Berg geschmiegt liegen das Stift St. Peter und sein sehenswerter Friedhof, auf dem viele Honoratioren Salzburgs ihre letzte Ruhe fanden. In den Fels sind Katakomben gehauen, die vermutlich aus dem 3. Jahrhundert stammen.<\/p>\n\n\n\n<div class=\"wp-block-image is-style-default\"><figure class=\"aligncenter\"><img loading=\"lazy\" decoding=\"async\" width=\"1024\" height=\"682\" src=\"https:\/\/blog.myvideomedia.com\/wp-content\/uploads\/2012\/01\/salzburg_1103-1024x682.jpg\" alt=\"Pferdeschwemme\" class=\"wp-image-4585\" srcset=\"https:\/\/blog.myvideomedia.com\/wp-content\/uploads\/2012\/01\/salzburg_1103-1024x682.jpg 1024w, https:\/\/blog.myvideomedia.com\/wp-content\/uploads\/2012\/01\/salzburg_1103-300x200.jpg 300w, https:\/\/blog.myvideomedia.com\/wp-content\/uploads\/2012\/01\/salzburg_1103-600x400.jpg 600w, https:\/\/blog.myvideomedia.com\/wp-content\/uploads\/2012\/01\/salzburg_1103.jpg 1080w\" sizes=\"auto, (max-width: 1024px) 100vw, 1024px\" \/><\/figure><\/div>\n\n\n\n<p>Auf dem R\u00fcckweg passieren wir die Felsenreitschule und die Festspielh\u00e4user, die fr\u00fcher als St\u00e4lle dienten. Dazu geh\u00f6rte auch die Pferdeschwemme. Die Schauwand stammt von Fischer von Erlach, die Skulptur mit dem Pferdeb\u00e4ndiger von Bernhard Michael Mandl und die Fresken von Franz Anton Ebner.<\/p>\n\n\n\n<p>Den Abschluss des Rundgangs bildet das Schloss Mirabell, auf der anderen Seite der Salzach. Salzburg geh\u00f6rt zum Weltkulturerbe der UNESCO.<\/p>\n\n\n\n<p>Lesen Sie auch &gt; <a href=\"https:\/\/blog.myvideomedia.com\/de\/pasterze\/\">Pasterze &#8211; \u00d6sterreichs gr\u00f6\u00dfter Gletscher <\/a><\/p>\n\n\n\n<p>Text, Fotos und video: Copyright \u00a9 <a title=\"homepage myVideoMedia\" href=\"https:\/\/www.myvideomedia.com\/de\" target=\"_blank\" rel=\"noopener\">myVideoMedia<\/a><\/p>\n","protected":false},"excerpt":{"rendered":"<p>Die Mozartstadt Salzburg liegt beiderseits der Salzach, flankiert von unbebauten Bergen. Hier sehen Sie das Video zum Artikel Sie sehen gerade einen Platzhalterinhalt von YouTube. Um auf den eigentlichen Inhalt zuzugreifen, klicken Sie auf die Schaltfl\u00e4che unten. Bitte beachten Sie, dass dabei Daten an Drittanbieter weitergegeben werden. Mehr Informationen Inhalt entsperren Erforderlichen Service akzeptieren und [&hellip;]<\/p>\n","protected":false},"author":1,"featured_media":4588,"comment_status":"open","ping_status":"closed","sticky":false,"template":"","format":"standard","meta":{"_genesis_hide_title":false,"_genesis_hide_breadcrumbs":false,"_genesis_hide_singular_image":false,"_genesis_hide_footer_widgets":false,"_genesis_custom_body_class":"","_genesis_custom_post_class":"","_genesis_layout":"","footnotes":""},"categories":[1550,492,543],"tags":[584,455,470,469,476],"class_list":{"0":"post-5234","1":"post","2":"type-post","3":"status-publish","4":"format-standard","5":"has-post-thumbnail","7":"category-europa","8":"category-oesterreich","9":"category-salzburg_d","10":"tag-city-tour-de","11":"tag-kultur","12":"tag-menschen","13":"tag-natur","14":"tag-unesco-weltkulturerbe","15":"entry"},"yoast_head":"<!-- This site is optimized with the Yoast SEO plugin v27.4 - https:\/\/yoast.com\/product\/yoast-seo-wordpress\/ -->\n<title>Mozartstadt Salzburg - \u00d6sterreich - Reise Video Blog<\/title>\n<meta name=\"description\" content=\"Die Mozartstadt Salzburg liegt beiderseits der Salzach, flankiert von unbebauten Bergen. Mozarts Geburtshaus legt in der Getreidegasse.\" \/>\n<meta name=\"robots\" content=\"index, follow, max-snippet:-1, max-image-preview:large, max-video-preview:-1\" \/>\n<link rel=\"canonical\" href=\"https:\/\/blog.myvideomedia.com\/de\/mozartstadt-salzburg\/\" \/>\n<meta property=\"og:locale\" content=\"de_DE\" \/>\n<meta property=\"og:type\" content=\"article\" \/>\n<meta property=\"og:title\" content=\"Mozartstadt Salzburg - \u00d6sterreich - Reise Video Blog\" \/>\n<meta property=\"og:description\" content=\"Die Mozartstadt Salzburg liegt beiderseits der Salzach, flankiert von unbebauten Bergen. Mozarts Geburtshaus legt in der Getreidegasse.\" \/>\n<meta property=\"og:url\" content=\"https:\/\/blog.myvideomedia.com\/de\/mozartstadt-salzburg\/\" \/>\n<meta property=\"og:site_name\" content=\"Reise Video Blog\" \/>\n<meta property=\"article:publisher\" content=\"https:\/\/www.facebook.com\/ursula.streit.520\" \/>\n<meta property=\"article:author\" content=\"https:\/\/www.facebook.com\/ursula.streit.520\" \/>\n<meta property=\"article:published_time\" content=\"2014-12-01T10:34:12+00:00\" \/>\n<meta property=\"article:modified_time\" content=\"2022-01-14T15:52:03+00:00\" \/>\n<meta property=\"og:image\" content=\"https:\/\/blog.myvideomedia.com\/wp-content\/uploads\/2012\/01\/salzburg_1183.jpg\" \/>\n\t<meta property=\"og:image:width\" content=\"1080\" \/>\n\t<meta property=\"og:image:height\" content=\"720\" \/>\n\t<meta property=\"og:image:type\" content=\"image\/jpeg\" \/>\n<meta name=\"author\" content=\"myVideoMedia\" \/>\n<meta name=\"twitter:card\" content=\"summary_large_image\" \/>\n<meta name=\"twitter:creator\" content=\"@myvideomedia\" \/>\n<meta name=\"twitter:site\" content=\"@myvideomedia\" \/>\n<meta name=\"twitter:label1\" content=\"Verfasst von\" \/>\n\t<meta name=\"twitter:data1\" content=\"myVideoMedia\" \/>\n\t<meta name=\"twitter:label2\" content=\"Gesch\u00e4tzte Lesezeit\" \/>\n\t<meta name=\"twitter:data2\" content=\"2\u00a0Minuten\" \/>\n<script type=\"application\/ld+json\" class=\"yoast-schema-graph\">{\"@context\":\"https:\\\/\\\/schema.org\",\"@graph\":[{\"@type\":\"Article\",\"@id\":\"https:\\\/\\\/blog.myvideomedia.com\\\/de\\\/mozartstadt-salzburg\\\/#article\",\"isPartOf\":{\"@id\":\"https:\\\/\\\/blog.myvideomedia.com\\\/de\\\/mozartstadt-salzburg\\\/\"},\"author\":{\"name\":\"myVideoMedia\",\"@id\":\"https:\\\/\\\/blog.myvideomedia.com\\\/de\\\/#\\\/schema\\\/person\\\/87be8fbbed69b1562242448c1c3dcbec\"},\"headline\":\"Mozartstadt Salzburg\",\"datePublished\":\"2014-12-01T10:34:12+00:00\",\"dateModified\":\"2022-01-14T15:52:03+00:00\",\"mainEntityOfPage\":{\"@id\":\"https:\\\/\\\/blog.myvideomedia.com\\\/de\\\/mozartstadt-salzburg\\\/\"},\"wordCount\":275,\"commentCount\":0,\"publisher\":{\"@id\":\"https:\\\/\\\/blog.myvideomedia.com\\\/de\\\/#\\\/schema\\\/person\\\/87be8fbbed69b1562242448c1c3dcbec\"},\"image\":{\"@id\":\"https:\\\/\\\/blog.myvideomedia.com\\\/de\\\/mozartstadt-salzburg\\\/#primaryimage\"},\"thumbnailUrl\":\"https:\\\/\\\/blog.myvideomedia.com\\\/wp-content\\\/uploads\\\/2012\\\/01\\\/salzburg_1183.jpg\",\"keywords\":[\"City tour\",\"Kultur\",\"Menschen\",\"Natur\",\"UNESCO Weltkulturerbe\"],\"articleSection\":[\"Europa\",\"\u00d6sterreich\",\"Salzburg\"],\"inLanguage\":\"de\",\"potentialAction\":[{\"@type\":\"CommentAction\",\"name\":\"Comment\",\"target\":[\"https:\\\/\\\/blog.myvideomedia.com\\\/de\\\/mozartstadt-salzburg\\\/#respond\"]}]},{\"@type\":\"WebPage\",\"@id\":\"https:\\\/\\\/blog.myvideomedia.com\\\/de\\\/mozartstadt-salzburg\\\/\",\"url\":\"https:\\\/\\\/blog.myvideomedia.com\\\/de\\\/mozartstadt-salzburg\\\/\",\"name\":\"Mozartstadt Salzburg - \u00d6sterreich - Reise Video Blog\",\"isPartOf\":{\"@id\":\"https:\\\/\\\/blog.myvideomedia.com\\\/de\\\/#website\"},\"primaryImageOfPage\":{\"@id\":\"https:\\\/\\\/blog.myvideomedia.com\\\/de\\\/mozartstadt-salzburg\\\/#primaryimage\"},\"image\":{\"@id\":\"https:\\\/\\\/blog.myvideomedia.com\\\/de\\\/mozartstadt-salzburg\\\/#primaryimage\"},\"thumbnailUrl\":\"https:\\\/\\\/blog.myvideomedia.com\\\/wp-content\\\/uploads\\\/2012\\\/01\\\/salzburg_1183.jpg\",\"datePublished\":\"2014-12-01T10:34:12+00:00\",\"dateModified\":\"2022-01-14T15:52:03+00:00\",\"description\":\"Die Mozartstadt Salzburg liegt beiderseits der Salzach, flankiert von unbebauten Bergen. Mozarts Geburtshaus legt in der Getreidegasse.\",\"breadcrumb\":{\"@id\":\"https:\\\/\\\/blog.myvideomedia.com\\\/de\\\/mozartstadt-salzburg\\\/#breadcrumb\"},\"inLanguage\":\"de\",\"potentialAction\":[{\"@type\":\"ReadAction\",\"target\":[\"https:\\\/\\\/blog.myvideomedia.com\\\/de\\\/mozartstadt-salzburg\\\/\"]}]},{\"@type\":\"ImageObject\",\"inLanguage\":\"de\",\"@id\":\"https:\\\/\\\/blog.myvideomedia.com\\\/de\\\/mozartstadt-salzburg\\\/#primaryimage\",\"url\":\"https:\\\/\\\/blog.myvideomedia.com\\\/wp-content\\\/uploads\\\/2012\\\/01\\\/salzburg_1183.jpg\",\"contentUrl\":\"https:\\\/\\\/blog.myvideomedia.com\\\/wp-content\\\/uploads\\\/2012\\\/01\\\/salzburg_1183.jpg\",\"width\":1080,\"height\":720,\"caption\":\"Mozartstadt Salzburg\"},{\"@type\":\"BreadcrumbList\",\"@id\":\"https:\\\/\\\/blog.myvideomedia.com\\\/de\\\/mozartstadt-salzburg\\\/#breadcrumb\",\"itemListElement\":[{\"@type\":\"ListItem\",\"position\":1,\"name\":\"Home\",\"item\":\"https:\\\/\\\/blog.myvideomedia.com\\\/de\\\/\"},{\"@type\":\"ListItem\",\"position\":2,\"name\":\"Mozartstadt Salzburg\"}]},{\"@type\":\"WebSite\",\"@id\":\"https:\\\/\\\/blog.myvideomedia.com\\\/de\\\/#website\",\"url\":\"https:\\\/\\\/blog.myvideomedia.com\\\/de\\\/\",\"name\":\"Travel Video Blog\",\"description\":\"myVideoMedia Reisetipps und Reisevideos\",\"publisher\":{\"@id\":\"https:\\\/\\\/blog.myvideomedia.com\\\/de\\\/#\\\/schema\\\/person\\\/87be8fbbed69b1562242448c1c3dcbec\"},\"potentialAction\":[{\"@type\":\"SearchAction\",\"target\":{\"@type\":\"EntryPoint\",\"urlTemplate\":\"https:\\\/\\\/blog.myvideomedia.com\\\/de\\\/?s={search_term_string}\"},\"query-input\":{\"@type\":\"PropertyValueSpecification\",\"valueRequired\":true,\"valueName\":\"search_term_string\"}}],\"inLanguage\":\"de\"},{\"@type\":[\"Person\",\"Organization\"],\"@id\":\"https:\\\/\\\/blog.myvideomedia.com\\\/de\\\/#\\\/schema\\\/person\\\/87be8fbbed69b1562242448c1c3dcbec\",\"name\":\"myVideoMedia\",\"image\":{\"@type\":\"ImageObject\",\"inLanguage\":\"de\",\"@id\":\"https:\\\/\\\/secure.gravatar.com\\\/avatar\\\/460720160715ef8975b781abd1b6985e55ce2f01567bb6757bebd73e7cf74c97?s=96&d=mm&r=g\",\"url\":\"https:\\\/\\\/secure.gravatar.com\\\/avatar\\\/460720160715ef8975b781abd1b6985e55ce2f01567bb6757bebd73e7cf74c97?s=96&d=mm&r=g\",\"contentUrl\":\"https:\\\/\\\/secure.gravatar.com\\\/avatar\\\/460720160715ef8975b781abd1b6985e55ce2f01567bb6757bebd73e7cf74c97?s=96&d=mm&r=g\",\"caption\":\"myVideoMedia\"},\"logo\":{\"@id\":\"https:\\\/\\\/secure.gravatar.com\\\/avatar\\\/460720160715ef8975b781abd1b6985e55ce2f01567bb6757bebd73e7cf74c97?s=96&d=mm&r=g\"},\"description\":\"\\\"The World is a book, and those who do not travel read only a page\\\" - Aurelius Augustinus (354 - 430 AD) Travel is our passion. With our posts and videos we like to inspire people who are planning or preparing for holidays as well as people who simply want to escape from everyday life and dream of faraway countries.\",\"sameAs\":[\"https:\\\/\\\/www.myvideomedia.com\",\"https:\\\/\\\/www.facebook.com\\\/ursula.streit.520\"],\"url\":\"https:\\\/\\\/blog.myvideomedia.com\\\/de\\\/author\\\/traveladm\\\/\"}]}<\/script>\n<!-- \/ Yoast SEO plugin. -->","yoast_head_json":{"title":"Mozartstadt Salzburg - \u00d6sterreich - Reise Video Blog","description":"Die Mozartstadt Salzburg liegt beiderseits der Salzach, flankiert von unbebauten Bergen. Mozarts Geburtshaus legt in der Getreidegasse.","robots":{"index":"index","follow":"follow","max-snippet":"max-snippet:-1","max-image-preview":"max-image-preview:large","max-video-preview":"max-video-preview:-1"},"canonical":"https:\/\/blog.myvideomedia.com\/de\/mozartstadt-salzburg\/","og_locale":"de_DE","og_type":"article","og_title":"Mozartstadt Salzburg - \u00d6sterreich - Reise Video Blog","og_description":"Die Mozartstadt Salzburg liegt beiderseits der Salzach, flankiert von unbebauten Bergen. Mozarts Geburtshaus legt in der Getreidegasse.","og_url":"https:\/\/blog.myvideomedia.com\/de\/mozartstadt-salzburg\/","og_site_name":"Reise Video Blog","article_publisher":"https:\/\/www.facebook.com\/ursula.streit.520","article_author":"https:\/\/www.facebook.com\/ursula.streit.520","article_published_time":"2014-12-01T10:34:12+00:00","article_modified_time":"2022-01-14T15:52:03+00:00","og_image":[{"width":1080,"height":720,"url":"https:\/\/blog.myvideomedia.com\/wp-content\/uploads\/2012\/01\/salzburg_1183.jpg","type":"image\/jpeg"}],"author":"myVideoMedia","twitter_card":"summary_large_image","twitter_creator":"@myvideomedia","twitter_site":"@myvideomedia","twitter_misc":{"Verfasst von":"myVideoMedia","Gesch\u00e4tzte Lesezeit":"2\u00a0Minuten"},"schema":{"@context":"https:\/\/schema.org","@graph":[{"@type":"Article","@id":"https:\/\/blog.myvideomedia.com\/de\/mozartstadt-salzburg\/#article","isPartOf":{"@id":"https:\/\/blog.myvideomedia.com\/de\/mozartstadt-salzburg\/"},"author":{"name":"myVideoMedia","@id":"https:\/\/blog.myvideomedia.com\/de\/#\/schema\/person\/87be8fbbed69b1562242448c1c3dcbec"},"headline":"Mozartstadt Salzburg","datePublished":"2014-12-01T10:34:12+00:00","dateModified":"2022-01-14T15:52:03+00:00","mainEntityOfPage":{"@id":"https:\/\/blog.myvideomedia.com\/de\/mozartstadt-salzburg\/"},"wordCount":275,"commentCount":0,"publisher":{"@id":"https:\/\/blog.myvideomedia.com\/de\/#\/schema\/person\/87be8fbbed69b1562242448c1c3dcbec"},"image":{"@id":"https:\/\/blog.myvideomedia.com\/de\/mozartstadt-salzburg\/#primaryimage"},"thumbnailUrl":"https:\/\/blog.myvideomedia.com\/wp-content\/uploads\/2012\/01\/salzburg_1183.jpg","keywords":["City tour","Kultur","Menschen","Natur","UNESCO Weltkulturerbe"],"articleSection":["Europa","\u00d6sterreich","Salzburg"],"inLanguage":"de","potentialAction":[{"@type":"CommentAction","name":"Comment","target":["https:\/\/blog.myvideomedia.com\/de\/mozartstadt-salzburg\/#respond"]}]},{"@type":"WebPage","@id":"https:\/\/blog.myvideomedia.com\/de\/mozartstadt-salzburg\/","url":"https:\/\/blog.myvideomedia.com\/de\/mozartstadt-salzburg\/","name":"Mozartstadt Salzburg - \u00d6sterreich - Reise Video Blog","isPartOf":{"@id":"https:\/\/blog.myvideomedia.com\/de\/#website"},"primaryImageOfPage":{"@id":"https:\/\/blog.myvideomedia.com\/de\/mozartstadt-salzburg\/#primaryimage"},"image":{"@id":"https:\/\/blog.myvideomedia.com\/de\/mozartstadt-salzburg\/#primaryimage"},"thumbnailUrl":"https:\/\/blog.myvideomedia.com\/wp-content\/uploads\/2012\/01\/salzburg_1183.jpg","datePublished":"2014-12-01T10:34:12+00:00","dateModified":"2022-01-14T15:52:03+00:00","description":"Die Mozartstadt Salzburg liegt beiderseits der Salzach, flankiert von unbebauten Bergen. Mozarts Geburtshaus legt in der Getreidegasse.","breadcrumb":{"@id":"https:\/\/blog.myvideomedia.com\/de\/mozartstadt-salzburg\/#breadcrumb"},"inLanguage":"de","potentialAction":[{"@type":"ReadAction","target":["https:\/\/blog.myvideomedia.com\/de\/mozartstadt-salzburg\/"]}]},{"@type":"ImageObject","inLanguage":"de","@id":"https:\/\/blog.myvideomedia.com\/de\/mozartstadt-salzburg\/#primaryimage","url":"https:\/\/blog.myvideomedia.com\/wp-content\/uploads\/2012\/01\/salzburg_1183.jpg","contentUrl":"https:\/\/blog.myvideomedia.com\/wp-content\/uploads\/2012\/01\/salzburg_1183.jpg","width":1080,"height":720,"caption":"Mozartstadt Salzburg"},{"@type":"BreadcrumbList","@id":"https:\/\/blog.myvideomedia.com\/de\/mozartstadt-salzburg\/#breadcrumb","itemListElement":[{"@type":"ListItem","position":1,"name":"Home","item":"https:\/\/blog.myvideomedia.com\/de\/"},{"@type":"ListItem","position":2,"name":"Mozartstadt Salzburg"}]},{"@type":"WebSite","@id":"https:\/\/blog.myvideomedia.com\/de\/#website","url":"https:\/\/blog.myvideomedia.com\/de\/","name":"Travel Video Blog","description":"myVideoMedia Reisetipps und Reisevideos","publisher":{"@id":"https:\/\/blog.myvideomedia.com\/de\/#\/schema\/person\/87be8fbbed69b1562242448c1c3dcbec"},"potentialAction":[{"@type":"SearchAction","target":{"@type":"EntryPoint","urlTemplate":"https:\/\/blog.myvideomedia.com\/de\/?s={search_term_string}"},"query-input":{"@type":"PropertyValueSpecification","valueRequired":true,"valueName":"search_term_string"}}],"inLanguage":"de"},{"@type":["Person","Organization"],"@id":"https:\/\/blog.myvideomedia.com\/de\/#\/schema\/person\/87be8fbbed69b1562242448c1c3dcbec","name":"myVideoMedia","image":{"@type":"ImageObject","inLanguage":"de","@id":"https:\/\/secure.gravatar.com\/avatar\/460720160715ef8975b781abd1b6985e55ce2f01567bb6757bebd73e7cf74c97?s=96&d=mm&r=g","url":"https:\/\/secure.gravatar.com\/avatar\/460720160715ef8975b781abd1b6985e55ce2f01567bb6757bebd73e7cf74c97?s=96&d=mm&r=g","contentUrl":"https:\/\/secure.gravatar.com\/avatar\/460720160715ef8975b781abd1b6985e55ce2f01567bb6757bebd73e7cf74c97?s=96&d=mm&r=g","caption":"myVideoMedia"},"logo":{"@id":"https:\/\/secure.gravatar.com\/avatar\/460720160715ef8975b781abd1b6985e55ce2f01567bb6757bebd73e7cf74c97?s=96&d=mm&r=g"},"description":"\"The World is a book, and those who do not travel read only a page\" - Aurelius Augustinus (354 - 430 AD) Travel is our passion. With our posts and videos we like to inspire people who are planning or preparing for holidays as well as people who simply want to escape from everyday life and dream of faraway countries.","sameAs":["https:\/\/www.myvideomedia.com","https:\/\/www.facebook.com\/ursula.streit.520"],"url":"https:\/\/blog.myvideomedia.com\/de\/author\/traveladm\/"}]}},"featured_image_src":"https:\/\/blog.myvideomedia.com\/wp-content\/uploads\/2012\/01\/salzburg_1183.jpg","featured_image_src_square":"https:\/\/blog.myvideomedia.com\/wp-content\/uploads\/2012\/01\/salzburg_1183.jpg","author_info":{"display_name":"myVideoMedia","author_link":"https:\/\/blog.myvideomedia.com\/de\/author\/traveladm\/"},"_links":{"self":[{"href":"https:\/\/blog.myvideomedia.com\/de\/wp-json\/wp\/v2\/posts\/5234","targetHints":{"allow":["GET"]}}],"collection":[{"href":"https:\/\/blog.myvideomedia.com\/de\/wp-json\/wp\/v2\/posts"}],"about":[{"href":"https:\/\/blog.myvideomedia.com\/de\/wp-json\/wp\/v2\/types\/post"}],"author":[{"embeddable":true,"href":"https:\/\/blog.myvideomedia.com\/de\/wp-json\/wp\/v2\/users\/1"}],"replies":[{"embeddable":true,"href":"https:\/\/blog.myvideomedia.com\/de\/wp-json\/wp\/v2\/comments?post=5234"}],"version-history":[{"count":0,"href":"https:\/\/blog.myvideomedia.com\/de\/wp-json\/wp\/v2\/posts\/5234\/revisions"}],"wp:featuredmedia":[{"embeddable":true,"href":"https:\/\/blog.myvideomedia.com\/de\/wp-json\/wp\/v2\/media\/4588"}],"wp:attachment":[{"href":"https:\/\/blog.myvideomedia.com\/de\/wp-json\/wp\/v2\/media?parent=5234"}],"wp:term":[{"taxonomy":"category","embeddable":true,"href":"https:\/\/blog.myvideomedia.com\/de\/wp-json\/wp\/v2\/categories?post=5234"},{"taxonomy":"post_tag","embeddable":true,"href":"https:\/\/blog.myvideomedia.com\/de\/wp-json\/wp\/v2\/tags?post=5234"}],"curies":[{"name":"wp","href":"https:\/\/api.w.org\/{rel}","templated":true}]}}