{"id":5337,"date":"2014-12-05T11:41:22","date_gmt":"2014-12-05T10:41:22","guid":{"rendered":"https:\/\/blog.myvideomedia.com\/?p=5337"},"modified":"2020-02-22T16:03:20","modified_gmt":"2020-02-22T15:03:20","slug":"fuerteventura-jandia-2","status":"publish","type":"post","link":"https:\/\/blog.myvideomedia.com\/de\/fuerteventura-jandia-2\/","title":{"rendered":"Fuerteventura Jandia"},"content":{"rendered":"\n<p>Fuerteventura Jandia &#8211; Impressionen<\/p>\n\n\n\n<p>Puerto del Rosario ist die Hauptstadt der kanarischen Insel Fuerteventura.<\/p>\n\n\n\n<div class=\"wp-block-image\"><figure class=\"aligncenter\"><img loading=\"lazy\" decoding=\"async\" width=\"768\" height=\"576\" src=\"https:\/\/blog.myvideomedia.com\/wp-content\/uploads\/2014\/01\/Fuerteventura-Jandia-2.jpg\" alt=\"Fuerteventura Jandia 2\" class=\"wp-image-699\" srcset=\"https:\/\/blog.myvideomedia.com\/wp-content\/uploads\/2014\/01\/Fuerteventura-Jandia-2.jpg 768w, https:\/\/blog.myvideomedia.com\/wp-content\/uploads\/2014\/01\/Fuerteventura-Jandia-2-300x225.jpg 300w\" sizes=\"auto, (max-width: 768px) 100vw, 768px\" \/><\/figure><\/div>\n\n\n\n<p>Wir besuchen das Rosenkranzfest mit der Prozession zu Ehren der Virgen del Rosario, der Schutzpatronin der Stadt.<\/p>\n\n\n\n<div class=\"wp-block-image\"><figure class=\"aligncenter\"><img loading=\"lazy\" decoding=\"async\" width=\"768\" height=\"576\" src=\"https:\/\/blog.myvideomedia.com\/wp-content\/uploads\/2014\/01\/Fuerteventura-Jandia-1.jpg\" alt=\"Fuerteventura Jandia 1\" class=\"wp-image-700\" srcset=\"https:\/\/blog.myvideomedia.com\/wp-content\/uploads\/2014\/01\/Fuerteventura-Jandia-1.jpg 768w, https:\/\/blog.myvideomedia.com\/wp-content\/uploads\/2014\/01\/Fuerteventura-Jandia-1-300x225.jpg 300w\" sizes=\"auto, (max-width: 768px) 100vw, 768px\" \/><\/figure><\/div>\n\n\n\n<p>Danach wenden wir uns dem S\u00fcden der Insel zu, der Jand\u00eda genannt wird.<\/p>\n\n\n\n<h3 class=\"wp-block-heading\"><a href=\"https:\/\/youtu.be\/uZPO2B6uOV4\" target=\"_blank\" rel=\"noreferrer noopener\" aria-label=\"Hier sehen Sie das Video (\u00f6ffnet in neuem Tab)\">Hier sehen Sie das Video<\/a><\/h3>\n\n\n\n<figure> <div class=\"brlbs-cmpnt-container brlbs-cmpnt-content-blocker brlbs-cmpnt-with-individual-styles\" data-borlabs-cookie-content-blocker-id=\"youtube-content-blocker\" data-borlabs-cookie-content=\"PGlmcmFtZSBzcmM9Ii8vd3d3LnlvdXR1YmUtbm9jb29raWUuY29tL2VtYmVkL3VaUE8yQjZ1T1Y0IiB3aWR0aD0iNTYwIiBoZWlnaHQ9IjMxNSI+PC9pZnJhbWU+\"><div class=\"brlbs-cmpnt-cb-preset-c brlbs-cmpnt-cb-youtube\"> <div class=\"brlbs-cmpnt-cb-thumbnail\" style=\"background-image: url('https:\/\/blog.myvideomedia.com\/wp-content\/uploads\/borlabs-cookie\/1\/yt_uZPO2B6uOV4_hqdefault.jpg')\"><\/div> <div class=\"brlbs-cmpnt-cb-main\"> <div class=\"brlbs-cmpnt-cb-play-button\"><\/div> <div class=\"brlbs-cmpnt-cb-content\"> <p class=\"brlbs-cmpnt-cb-description\">Sie sehen gerade einen Platzhalterinhalt von <strong>YouTube<\/strong>. Um auf den eigentlichen Inhalt zuzugreifen, klicken Sie auf die Schaltfl\u00e4che unten. Bitte beachten Sie, dass dabei Daten an Drittanbieter weitergegeben werden.<\/p> <a class=\"brlbs-cmpnt-cb-provider-toggle\" href=\"#\" data-borlabs-cookie-show-provider-information role=\"button\">Mehr Informationen<\/a> <\/div> <div class=\"brlbs-cmpnt-cb-buttons\"> <a class=\"brlbs-cmpnt-cb-btn\" href=\"#\" data-borlabs-cookie-unblock role=\"button\">Inhalt entsperren<\/a> <a class=\"brlbs-cmpnt-cb-btn\" href=\"#\" data-borlabs-cookie-accept-service role=\"button\" style=\"display: inherit\">Erforderlichen Service akzeptieren und Inhalte entsperren<\/a> <\/div> <\/div> <\/div><\/div><\/figure>\n\n\n\n<p>Morro Jable ist das touristische Zentrum an der Spitze der s\u00fcdlichen Halbinsel. Breite Sandstr\u00e4nde sind ein Mekka f\u00fcr Windsurfer und Kitesurfer.<\/p>\n\n\n\n<div class=\"wp-block-image\"><figure class=\"aligncenter\"><img loading=\"lazy\" decoding=\"async\" width=\"768\" height=\"576\" src=\"https:\/\/blog.myvideomedia.com\/wp-content\/uploads\/2014\/01\/Fuerteventura-Jandia-6.jpg\" alt=\"Jandia-6\" class=\"wp-image-702\" srcset=\"https:\/\/blog.myvideomedia.com\/wp-content\/uploads\/2014\/01\/Fuerteventura-Jandia-6.jpg 768w, https:\/\/blog.myvideomedia.com\/wp-content\/uploads\/2014\/01\/Fuerteventura-Jandia-6-300x225.jpg 300w\" sizes=\"auto, (max-width: 768px) 100vw, 768px\" \/><\/figure><\/div>\n\n\n\n<p>Text, Fotos &nbsp;und Video: Copyright \u00a9 &nbsp;<a rel=\"noopener noreferrer\" href=\"https:\/\/www.myvideomedia.de\/\" target=\"_blank\">myVideoMedia<\/a><\/p>\n","protected":false},"excerpt":{"rendered":"<p>Fuerteventura Jandia &#8211; Impressionen Puerto del Rosario ist die Hauptstadt der kanarischen Insel Fuerteventura. Wir besuchen das Rosenkranzfest mit der Prozession zu Ehren der Virgen del Rosario, der Schutzpatronin der Stadt. Danach wenden wir uns dem S\u00fcden der Insel zu, der Jand\u00eda genannt wird. Hier sehen Sie das Video Sie sehen gerade einen Platzhalterinhalt von [&hellip;]<\/p>\n","protected":false},"author":1,"featured_media":3842,"comment_status":"open","ping_status":"closed","sticky":false,"template":"","format":"standard","meta":{"_genesis_hide_title":false,"_genesis_hide_breadcrumbs":false,"_genesis_hide_singular_image":false,"_genesis_hide_footer_widgets":false,"_genesis_custom_body_class":"","_genesis_custom_post_class":"","_genesis_layout":"","footnotes":""},"categories":[1550,528,527,526],"tags":[455,469],"class_list":{"0":"post-5337","1":"post","2":"type-post","3":"status-publish","4":"format-standard","5":"has-post-thumbnail","7":"category-europa","8":"category-fuerteventura_d","9":"category-kanarische_inseln","10":"category-spanien","11":"tag-kultur","12":"tag-natur","13":"entry"},"yoast_head":"<!-- This site is optimized with the Yoast SEO plugin v27.4 - https:\/\/yoast.com\/product\/yoast-seo-wordpress\/ -->\n<title>Fuerteventura Jandia - Kanarische Inseln - Reise Video Blog<\/title>\n<meta name=\"description\" content=\"Nach einem Besuch des Rosenkranzfestes in Puerto del Rosario, der Haupstadt der Insel Fuerteventura fahren wir weiter in den S\u00fcden\" \/>\n<meta name=\"robots\" content=\"index, follow, max-snippet:-1, max-image-preview:large, max-video-preview:-1\" \/>\n<link rel=\"canonical\" href=\"https:\/\/blog.myvideomedia.com\/de\/fuerteventura-jandia-2\/\" \/>\n<meta property=\"og:locale\" content=\"de_DE\" \/>\n<meta property=\"og:type\" content=\"article\" \/>\n<meta property=\"og:title\" content=\"Fuerteventura Jandia - Kanarische Inseln - Reise Video Blog\" \/>\n<meta property=\"og:description\" content=\"Nach einem Besuch des Rosenkranzfestes in Puerto del Rosario, der Haupstadt der Insel Fuerteventura fahren wir weiter in den S\u00fcden\" \/>\n<meta property=\"og:url\" content=\"https:\/\/blog.myvideomedia.com\/de\/fuerteventura-jandia-2\/\" \/>\n<meta property=\"og:site_name\" content=\"Reise Video Blog\" \/>\n<meta property=\"article:publisher\" content=\"https:\/\/www.facebook.com\/ursula.streit.520\" \/>\n<meta property=\"article:author\" content=\"https:\/\/www.facebook.com\/ursula.streit.520\" \/>\n<meta property=\"article:published_time\" content=\"2014-12-05T10:41:22+00:00\" \/>\n<meta property=\"article:modified_time\" content=\"2020-02-22T15:03:20+00:00\" \/>\n<meta property=\"og:image\" content=\"https:\/\/blog.myvideomedia.com\/wp-content\/uploads\/2014\/01\/Fuerteventura-Jandia-2.jpg\" \/>\n\t<meta property=\"og:image:width\" content=\"768\" \/>\n\t<meta property=\"og:image:height\" content=\"576\" \/>\n\t<meta property=\"og:image:type\" content=\"image\/jpeg\" \/>\n<meta name=\"author\" content=\"myVideoMedia\" \/>\n<meta name=\"twitter:card\" content=\"summary_large_image\" \/>\n<meta name=\"twitter:creator\" content=\"@myvideomedia\" \/>\n<meta name=\"twitter:site\" content=\"@myvideomedia\" \/>\n<meta name=\"twitter:label1\" content=\"Verfasst von\" \/>\n\t<meta name=\"twitter:data1\" content=\"myVideoMedia\" \/>\n<script type=\"application\/ld+json\" class=\"yoast-schema-graph\">{\"@context\":\"https:\\\/\\\/schema.org\",\"@graph\":[{\"@type\":\"Article\",\"@id\":\"https:\\\/\\\/blog.myvideomedia.com\\\/de\\\/fuerteventura-jandia-2\\\/#article\",\"isPartOf\":{\"@id\":\"https:\\\/\\\/blog.myvideomedia.com\\\/de\\\/fuerteventura-jandia-2\\\/\"},\"author\":{\"name\":\"myVideoMedia\",\"@id\":\"https:\\\/\\\/blog.myvideomedia.com\\\/de\\\/#\\\/schema\\\/person\\\/87be8fbbed69b1562242448c1c3dcbec\"},\"headline\":\"Fuerteventura Jandia\",\"datePublished\":\"2014-12-05T10:41:22+00:00\",\"dateModified\":\"2020-02-22T15:03:20+00:00\",\"mainEntityOfPage\":{\"@id\":\"https:\\\/\\\/blog.myvideomedia.com\\\/de\\\/fuerteventura-jandia-2\\\/\"},\"wordCount\":85,\"commentCount\":0,\"publisher\":{\"@id\":\"https:\\\/\\\/blog.myvideomedia.com\\\/de\\\/#\\\/schema\\\/person\\\/87be8fbbed69b1562242448c1c3dcbec\"},\"image\":{\"@id\":\"https:\\\/\\\/blog.myvideomedia.com\\\/de\\\/fuerteventura-jandia-2\\\/#primaryimage\"},\"thumbnailUrl\":\"https:\\\/\\\/blog.myvideomedia.com\\\/wp-content\\\/uploads\\\/2014\\\/01\\\/Fuerteventura-Jandia-2.jpg\",\"keywords\":[\"Kultur\",\"Natur\"],\"articleSection\":[\"Europa\",\"Fuerteventura\",\"Kanarische Inseln\",\"Spanien\"],\"inLanguage\":\"de\",\"potentialAction\":[{\"@type\":\"CommentAction\",\"name\":\"Comment\",\"target\":[\"https:\\\/\\\/blog.myvideomedia.com\\\/de\\\/fuerteventura-jandia-2\\\/#respond\"]}]},{\"@type\":\"WebPage\",\"@id\":\"https:\\\/\\\/blog.myvideomedia.com\\\/de\\\/fuerteventura-jandia-2\\\/\",\"url\":\"https:\\\/\\\/blog.myvideomedia.com\\\/de\\\/fuerteventura-jandia-2\\\/\",\"name\":\"Fuerteventura Jandia - Kanarische Inseln - Reise Video Blog\",\"isPartOf\":{\"@id\":\"https:\\\/\\\/blog.myvideomedia.com\\\/de\\\/#website\"},\"primaryImageOfPage\":{\"@id\":\"https:\\\/\\\/blog.myvideomedia.com\\\/de\\\/fuerteventura-jandia-2\\\/#primaryimage\"},\"image\":{\"@id\":\"https:\\\/\\\/blog.myvideomedia.com\\\/de\\\/fuerteventura-jandia-2\\\/#primaryimage\"},\"thumbnailUrl\":\"https:\\\/\\\/blog.myvideomedia.com\\\/wp-content\\\/uploads\\\/2014\\\/01\\\/Fuerteventura-Jandia-2.jpg\",\"datePublished\":\"2014-12-05T10:41:22+00:00\",\"dateModified\":\"2020-02-22T15:03:20+00:00\",\"description\":\"Nach einem Besuch des Rosenkranzfestes in Puerto del Rosario, der Haupstadt der Insel Fuerteventura fahren wir weiter in den S\u00fcden\",\"breadcrumb\":{\"@id\":\"https:\\\/\\\/blog.myvideomedia.com\\\/de\\\/fuerteventura-jandia-2\\\/#breadcrumb\"},\"inLanguage\":\"de\",\"potentialAction\":[{\"@type\":\"ReadAction\",\"target\":[\"https:\\\/\\\/blog.myvideomedia.com\\\/de\\\/fuerteventura-jandia-2\\\/\"]}]},{\"@type\":\"ImageObject\",\"inLanguage\":\"de\",\"@id\":\"https:\\\/\\\/blog.myvideomedia.com\\\/de\\\/fuerteventura-jandia-2\\\/#primaryimage\",\"url\":\"https:\\\/\\\/blog.myvideomedia.com\\\/wp-content\\\/uploads\\\/2014\\\/01\\\/Fuerteventura-Jandia-2.jpg\",\"contentUrl\":\"https:\\\/\\\/blog.myvideomedia.com\\\/wp-content\\\/uploads\\\/2014\\\/01\\\/Fuerteventura-Jandia-2.jpg\",\"width\":768,\"height\":576},{\"@type\":\"BreadcrumbList\",\"@id\":\"https:\\\/\\\/blog.myvideomedia.com\\\/de\\\/fuerteventura-jandia-2\\\/#breadcrumb\",\"itemListElement\":[{\"@type\":\"ListItem\",\"position\":1,\"name\":\"Home\",\"item\":\"https:\\\/\\\/blog.myvideomedia.com\\\/de\\\/\"},{\"@type\":\"ListItem\",\"position\":2,\"name\":\"Fuerteventura Jandia\"}]},{\"@type\":\"WebSite\",\"@id\":\"https:\\\/\\\/blog.myvideomedia.com\\\/de\\\/#website\",\"url\":\"https:\\\/\\\/blog.myvideomedia.com\\\/de\\\/\",\"name\":\"Travel Video Blog\",\"description\":\"myVideoMedia Reisetipps und Reisevideos\",\"publisher\":{\"@id\":\"https:\\\/\\\/blog.myvideomedia.com\\\/de\\\/#\\\/schema\\\/person\\\/87be8fbbed69b1562242448c1c3dcbec\"},\"potentialAction\":[{\"@type\":\"SearchAction\",\"target\":{\"@type\":\"EntryPoint\",\"urlTemplate\":\"https:\\\/\\\/blog.myvideomedia.com\\\/de\\\/?s={search_term_string}\"},\"query-input\":{\"@type\":\"PropertyValueSpecification\",\"valueRequired\":true,\"valueName\":\"search_term_string\"}}],\"inLanguage\":\"de\"},{\"@type\":[\"Person\",\"Organization\"],\"@id\":\"https:\\\/\\\/blog.myvideomedia.com\\\/de\\\/#\\\/schema\\\/person\\\/87be8fbbed69b1562242448c1c3dcbec\",\"name\":\"myVideoMedia\",\"image\":{\"@type\":\"ImageObject\",\"inLanguage\":\"de\",\"@id\":\"https:\\\/\\\/secure.gravatar.com\\\/avatar\\\/460720160715ef8975b781abd1b6985e55ce2f01567bb6757bebd73e7cf74c97?s=96&d=mm&r=g\",\"url\":\"https:\\\/\\\/secure.gravatar.com\\\/avatar\\\/460720160715ef8975b781abd1b6985e55ce2f01567bb6757bebd73e7cf74c97?s=96&d=mm&r=g\",\"contentUrl\":\"https:\\\/\\\/secure.gravatar.com\\\/avatar\\\/460720160715ef8975b781abd1b6985e55ce2f01567bb6757bebd73e7cf74c97?s=96&d=mm&r=g\",\"caption\":\"myVideoMedia\"},\"logo\":{\"@id\":\"https:\\\/\\\/secure.gravatar.com\\\/avatar\\\/460720160715ef8975b781abd1b6985e55ce2f01567bb6757bebd73e7cf74c97?s=96&d=mm&r=g\"},\"description\":\"\\\"The World is a book, and those who do not travel read only a page\\\" - Aurelius Augustinus (354 - 430 AD) Travel is our passion. With our posts and videos we like to inspire people who are planning or preparing for holidays as well as people who simply want to escape from everyday life and dream of faraway countries.\",\"sameAs\":[\"https:\\\/\\\/www.myvideomedia.com\",\"https:\\\/\\\/www.facebook.com\\\/ursula.streit.520\"],\"url\":\"https:\\\/\\\/blog.myvideomedia.com\\\/de\\\/author\\\/traveladm\\\/\"}]}<\/script>\n<!-- \/ Yoast SEO plugin. -->","yoast_head_json":{"title":"Fuerteventura Jandia - Kanarische Inseln - Reise Video Blog","description":"Nach einem Besuch des Rosenkranzfestes in Puerto del Rosario, der Haupstadt der Insel Fuerteventura fahren wir weiter in den S\u00fcden","robots":{"index":"index","follow":"follow","max-snippet":"max-snippet:-1","max-image-preview":"max-image-preview:large","max-video-preview":"max-video-preview:-1"},"canonical":"https:\/\/blog.myvideomedia.com\/de\/fuerteventura-jandia-2\/","og_locale":"de_DE","og_type":"article","og_title":"Fuerteventura Jandia - Kanarische Inseln - Reise Video Blog","og_description":"Nach einem Besuch des Rosenkranzfestes in Puerto del Rosario, der Haupstadt der Insel Fuerteventura fahren wir weiter in den S\u00fcden","og_url":"https:\/\/blog.myvideomedia.com\/de\/fuerteventura-jandia-2\/","og_site_name":"Reise Video Blog","article_publisher":"https:\/\/www.facebook.com\/ursula.streit.520","article_author":"https:\/\/www.facebook.com\/ursula.streit.520","article_published_time":"2014-12-05T10:41:22+00:00","article_modified_time":"2020-02-22T15:03:20+00:00","og_image":[{"width":768,"height":576,"url":"https:\/\/blog.myvideomedia.com\/wp-content\/uploads\/2014\/01\/Fuerteventura-Jandia-2.jpg","type":"image\/jpeg"}],"author":"myVideoMedia","twitter_card":"summary_large_image","twitter_creator":"@myvideomedia","twitter_site":"@myvideomedia","twitter_misc":{"Verfasst von":"myVideoMedia"},"schema":{"@context":"https:\/\/schema.org","@graph":[{"@type":"Article","@id":"https:\/\/blog.myvideomedia.com\/de\/fuerteventura-jandia-2\/#article","isPartOf":{"@id":"https:\/\/blog.myvideomedia.com\/de\/fuerteventura-jandia-2\/"},"author":{"name":"myVideoMedia","@id":"https:\/\/blog.myvideomedia.com\/de\/#\/schema\/person\/87be8fbbed69b1562242448c1c3dcbec"},"headline":"Fuerteventura Jandia","datePublished":"2014-12-05T10:41:22+00:00","dateModified":"2020-02-22T15:03:20+00:00","mainEntityOfPage":{"@id":"https:\/\/blog.myvideomedia.com\/de\/fuerteventura-jandia-2\/"},"wordCount":85,"commentCount":0,"publisher":{"@id":"https:\/\/blog.myvideomedia.com\/de\/#\/schema\/person\/87be8fbbed69b1562242448c1c3dcbec"},"image":{"@id":"https:\/\/blog.myvideomedia.com\/de\/fuerteventura-jandia-2\/#primaryimage"},"thumbnailUrl":"https:\/\/blog.myvideomedia.com\/wp-content\/uploads\/2014\/01\/Fuerteventura-Jandia-2.jpg","keywords":["Kultur","Natur"],"articleSection":["Europa","Fuerteventura","Kanarische Inseln","Spanien"],"inLanguage":"de","potentialAction":[{"@type":"CommentAction","name":"Comment","target":["https:\/\/blog.myvideomedia.com\/de\/fuerteventura-jandia-2\/#respond"]}]},{"@type":"WebPage","@id":"https:\/\/blog.myvideomedia.com\/de\/fuerteventura-jandia-2\/","url":"https:\/\/blog.myvideomedia.com\/de\/fuerteventura-jandia-2\/","name":"Fuerteventura Jandia - Kanarische Inseln - Reise Video Blog","isPartOf":{"@id":"https:\/\/blog.myvideomedia.com\/de\/#website"},"primaryImageOfPage":{"@id":"https:\/\/blog.myvideomedia.com\/de\/fuerteventura-jandia-2\/#primaryimage"},"image":{"@id":"https:\/\/blog.myvideomedia.com\/de\/fuerteventura-jandia-2\/#primaryimage"},"thumbnailUrl":"https:\/\/blog.myvideomedia.com\/wp-content\/uploads\/2014\/01\/Fuerteventura-Jandia-2.jpg","datePublished":"2014-12-05T10:41:22+00:00","dateModified":"2020-02-22T15:03:20+00:00","description":"Nach einem Besuch des Rosenkranzfestes in Puerto del Rosario, der Haupstadt der Insel Fuerteventura fahren wir weiter in den S\u00fcden","breadcrumb":{"@id":"https:\/\/blog.myvideomedia.com\/de\/fuerteventura-jandia-2\/#breadcrumb"},"inLanguage":"de","potentialAction":[{"@type":"ReadAction","target":["https:\/\/blog.myvideomedia.com\/de\/fuerteventura-jandia-2\/"]}]},{"@type":"ImageObject","inLanguage":"de","@id":"https:\/\/blog.myvideomedia.com\/de\/fuerteventura-jandia-2\/#primaryimage","url":"https:\/\/blog.myvideomedia.com\/wp-content\/uploads\/2014\/01\/Fuerteventura-Jandia-2.jpg","contentUrl":"https:\/\/blog.myvideomedia.com\/wp-content\/uploads\/2014\/01\/Fuerteventura-Jandia-2.jpg","width":768,"height":576},{"@type":"BreadcrumbList","@id":"https:\/\/blog.myvideomedia.com\/de\/fuerteventura-jandia-2\/#breadcrumb","itemListElement":[{"@type":"ListItem","position":1,"name":"Home","item":"https:\/\/blog.myvideomedia.com\/de\/"},{"@type":"ListItem","position":2,"name":"Fuerteventura Jandia"}]},{"@type":"WebSite","@id":"https:\/\/blog.myvideomedia.com\/de\/#website","url":"https:\/\/blog.myvideomedia.com\/de\/","name":"Travel Video Blog","description":"myVideoMedia Reisetipps und Reisevideos","publisher":{"@id":"https:\/\/blog.myvideomedia.com\/de\/#\/schema\/person\/87be8fbbed69b1562242448c1c3dcbec"},"potentialAction":[{"@type":"SearchAction","target":{"@type":"EntryPoint","urlTemplate":"https:\/\/blog.myvideomedia.com\/de\/?s={search_term_string}"},"query-input":{"@type":"PropertyValueSpecification","valueRequired":true,"valueName":"search_term_string"}}],"inLanguage":"de"},{"@type":["Person","Organization"],"@id":"https:\/\/blog.myvideomedia.com\/de\/#\/schema\/person\/87be8fbbed69b1562242448c1c3dcbec","name":"myVideoMedia","image":{"@type":"ImageObject","inLanguage":"de","@id":"https:\/\/secure.gravatar.com\/avatar\/460720160715ef8975b781abd1b6985e55ce2f01567bb6757bebd73e7cf74c97?s=96&d=mm&r=g","url":"https:\/\/secure.gravatar.com\/avatar\/460720160715ef8975b781abd1b6985e55ce2f01567bb6757bebd73e7cf74c97?s=96&d=mm&r=g","contentUrl":"https:\/\/secure.gravatar.com\/avatar\/460720160715ef8975b781abd1b6985e55ce2f01567bb6757bebd73e7cf74c97?s=96&d=mm&r=g","caption":"myVideoMedia"},"logo":{"@id":"https:\/\/secure.gravatar.com\/avatar\/460720160715ef8975b781abd1b6985e55ce2f01567bb6757bebd73e7cf74c97?s=96&d=mm&r=g"},"description":"\"The World is a book, and those who do not travel read only a page\" - Aurelius Augustinus (354 - 430 AD) Travel is our passion. With our posts and videos we like to inspire people who are planning or preparing for holidays as well as people who simply want to escape from everyday life and dream of faraway countries.","sameAs":["https:\/\/www.myvideomedia.com","https:\/\/www.facebook.com\/ursula.streit.520"],"url":"https:\/\/blog.myvideomedia.com\/de\/author\/traveladm\/"}]}},"featured_image_src":"https:\/\/blog.myvideomedia.com\/wp-content\/uploads\/2014\/01\/Fuerteventura-Jandia-2.jpg","featured_image_src_square":"https:\/\/blog.myvideomedia.com\/wp-content\/uploads\/2014\/01\/Fuerteventura-Jandia-2.jpg","author_info":{"display_name":"myVideoMedia","author_link":"https:\/\/blog.myvideomedia.com\/de\/author\/traveladm\/"},"_links":{"self":[{"href":"https:\/\/blog.myvideomedia.com\/de\/wp-json\/wp\/v2\/posts\/5337","targetHints":{"allow":["GET"]}}],"collection":[{"href":"https:\/\/blog.myvideomedia.com\/de\/wp-json\/wp\/v2\/posts"}],"about":[{"href":"https:\/\/blog.myvideomedia.com\/de\/wp-json\/wp\/v2\/types\/post"}],"author":[{"embeddable":true,"href":"https:\/\/blog.myvideomedia.com\/de\/wp-json\/wp\/v2\/users\/1"}],"replies":[{"embeddable":true,"href":"https:\/\/blog.myvideomedia.com\/de\/wp-json\/wp\/v2\/comments?post=5337"}],"version-history":[{"count":0,"href":"https:\/\/blog.myvideomedia.com\/de\/wp-json\/wp\/v2\/posts\/5337\/revisions"}],"wp:featuredmedia":[{"embeddable":true,"href":"https:\/\/blog.myvideomedia.com\/de\/wp-json\/wp\/v2\/media\/3842"}],"wp:attachment":[{"href":"https:\/\/blog.myvideomedia.com\/de\/wp-json\/wp\/v2\/media?parent=5337"}],"wp:term":[{"taxonomy":"category","embeddable":true,"href":"https:\/\/blog.myvideomedia.com\/de\/wp-json\/wp\/v2\/categories?post=5337"},{"taxonomy":"post_tag","embeddable":true,"href":"https:\/\/blog.myvideomedia.com\/de\/wp-json\/wp\/v2\/tags?post=5337"}],"curies":[{"name":"wp","href":"https:\/\/api.w.org\/{rel}","templated":true}]}}