{"id":5339,"date":"2014-12-05T11:57:37","date_gmt":"2014-12-05T10:57:37","guid":{"rendered":"https:\/\/blog.myvideomedia.com\/?p=5339"},"modified":"2020-02-23T11:13:23","modified_gmt":"2020-02-23T10:13:23","slug":"norden-von-gran-canaria","status":"publish","type":"post","link":"https:\/\/blog.myvideomedia.com\/de\/norden-von-gran-canaria\/","title":{"rendered":"Im Norden von Gran Canaria"},"content":{"rendered":"\n<p>Im Norden von Gran Canaria wird die Landschaft wieder etwas flacher. <\/p>\n\n\n\n<p>Der Ort Teror liegt in einem weiten Tal und gilt mit seiner typisch kanarischen Architektur als urspr\u00fcnglichster Ort auf Gran Canaria.<\/p>\n\n\n\n<h3 class=\"wp-block-heading\"><a href=\"https:\/\/youtu.be\/T1druA8qJ7Y\" target=\"_blank\" rel=\"noreferrer noopener\" aria-label=\"Hier sehen Sie das Video (\u00f6ffnet in neuem Tab)\">&#8222;Hier sehen Sie das Video<\/a><\/h3>\n\n\n\n<figure> <div class=\"brlbs-cmpnt-container brlbs-cmpnt-content-blocker brlbs-cmpnt-with-individual-styles\" data-borlabs-cookie-content-blocker-id=\"youtube-content-blocker\" data-borlabs-cookie-content=\"PGlmcmFtZSBzcmM9Ii8vd3d3LnlvdXR1YmUtbm9jb29raWUuY29tL2VtYmVkL1QxZHJ1QThxSjdZIiB3aWR0aD0iNTYwIiBoZWlnaHQ9IjMxNSI+PC9pZnJhbWU+\"><div class=\"brlbs-cmpnt-cb-preset-c brlbs-cmpnt-cb-youtube\"> <div class=\"brlbs-cmpnt-cb-thumbnail\" style=\"background-image: url('https:\/\/blog.myvideomedia.com\/wp-content\/uploads\/borlabs-cookie\/1\/yt_T1druA8qJ7Y_hqdefault.jpg')\"><\/div> <div class=\"brlbs-cmpnt-cb-main\"> <div class=\"brlbs-cmpnt-cb-play-button\"><\/div> <div class=\"brlbs-cmpnt-cb-content\"> <p class=\"brlbs-cmpnt-cb-description\">Sie sehen gerade einen Platzhalterinhalt von <strong>YouTube<\/strong>. Um auf den eigentlichen Inhalt zuzugreifen, klicken Sie auf die Schaltfl\u00e4che unten. Bitte beachten Sie, dass dabei Daten an Drittanbieter weitergegeben werden.<\/p> <a class=\"brlbs-cmpnt-cb-provider-toggle\" href=\"#\" data-borlabs-cookie-show-provider-information role=\"button\">Mehr Informationen<\/a> <\/div> <div class=\"brlbs-cmpnt-cb-buttons\"> <a class=\"brlbs-cmpnt-cb-btn\" href=\"#\" data-borlabs-cookie-unblock role=\"button\">Inhalt entsperren<\/a> <a class=\"brlbs-cmpnt-cb-btn\" href=\"#\" data-borlabs-cookie-accept-service role=\"button\" style=\"display: inherit\">Erforderlichen Service akzeptieren und Inhalte entsperren<\/a> <\/div> <\/div> <\/div><\/div><\/figure>\n\n\n\n<p>Einige Kilometer weiter in Firgas, das f\u00fcr seine Wasserquellen bekannt ist, kann man die Paseo de Gran Canaria besichtigen. <\/p>\n\n\n\n<p>Hier str\u00f6mt das Wasser kaskadenf\u00f6rmig eine Promenade hinab. Der Wasserlauf ist kunstvoll mit Kacheln aus Keramik eingefasst, die symbolhaft die Kanarischen Inseln mit ihren Gemeinden darstellen.<\/p>\n\n\n\n<div class=\"wp-block-image\"><figure class=\"aligncenter\"><img loading=\"lazy\" decoding=\"async\" width=\"735\" height=\"548\" src=\"https:\/\/blog.myvideomedia.com\/wp-content\/uploads\/2014\/02\/Gran-Canaria-North-1.jpg\" alt=\"Gran Canaria North-1\" class=\"wp-image-655\" srcset=\"https:\/\/blog.myvideomedia.com\/wp-content\/uploads\/2014\/02\/Gran-Canaria-North-1.jpg 735w, https:\/\/blog.myvideomedia.com\/wp-content\/uploads\/2014\/02\/Gran-Canaria-North-1-300x223.jpg 300w\" sizes=\"auto, (max-width: 735px) 100vw, 735px\" \/><\/figure><\/div>\n\n\n\n<p>Ebenfalls sehenswert ist Moya, der n\u00e4chste Ort auf unserer Route. Bei der Puente de Silva sto\u00dfen wir wieder auf die K\u00fcste und folgen ihr in westlicher Richtung bis Puerto de las Nieves mit dem Dedo de Dios (Finger Gottes). <\/p>\n\n\n\n<div class=\"wp-block-image\"><figure class=\"aligncenter\"><img loading=\"lazy\" decoding=\"async\" width=\"741\" height=\"553\" src=\"https:\/\/blog.myvideomedia.com\/wp-content\/uploads\/2014\/02\/Gran-Canaria-North-2.jpg\" alt=\"Finger Gottes im Norden von Gran Canaria \" class=\"wp-image-656\" srcset=\"https:\/\/blog.myvideomedia.com\/wp-content\/uploads\/2014\/02\/Gran-Canaria-North-2.jpg 741w, https:\/\/blog.myvideomedia.com\/wp-content\/uploads\/2014\/02\/Gran-Canaria-North-2-300x223.jpg 300w\" sizes=\"auto, (max-width: 741px) 100vw, 741px\" \/><\/figure><\/div>\n\n\n\n<p>Seit 2005 wird er \u201eabgebrochener\u201c Finger Gottes genannt, da er im Tropensturm Delta den oberen Teil der Felsnadel verloren hat.<\/p>\n\n\n\n<p>Zur\u00fcck in Richtung Osten sto\u00dfen wir in der Hauptstadt Las Palmas zuerst auf den Las-Canteras Strand mit seiner Promenade. <\/p>\n\n\n\n<p>Nach einer Besichtigung des Hafens machen wir uns wieder auf in Richtung S\u00fcden. Dabei passieren wir im Naturpark Bandama die 170 m tiefe Caldera.<\/p>\n\n\n\n<div class=\"wp-block-image\"><figure class=\"aligncenter\"><img loading=\"lazy\" decoding=\"async\" width=\"734\" height=\"548\" src=\"https:\/\/blog.myvideomedia.com\/wp-content\/uploads\/2014\/02\/Gran-Canaria-North-5.jpg\" alt=\"Naturpark im Norden von Gran Canaria \" class=\"wp-image-657\" srcset=\"https:\/\/blog.myvideomedia.com\/wp-content\/uploads\/2014\/02\/Gran-Canaria-North-5.jpg 734w, https:\/\/blog.myvideomedia.com\/wp-content\/uploads\/2014\/02\/Gran-Canaria-North-5-300x223.jpg 300w\" sizes=\"auto, (max-width: 734px) 100vw, 734px\" \/><\/figure><\/div>\n\n\n\n<p>Bitte lesen Sie auch &gt; <a href=\"https:\/\/blog.myvideomedia.com\/maspalomas\/\">Maspalomas und Playa de Ingles<\/a><\/p>\n\n\n\n<p>Text, Fotos und Video: Copyright \u00a9 <a rel=\"noopener noreferrer\" href=\"https:\/\/www.myvideomedia.de\/\" target=\"_blank\">myVideoMedia<\/a><\/p>\n","protected":false},"excerpt":{"rendered":"<p>Im Norden von Gran Canaria wird die Landschaft wieder etwas flacher. Der Ort Teror liegt in einem weiten Tal und gilt mit seiner typisch kanarischen Architektur als urspr\u00fcnglichster Ort auf Gran Canaria. &#8222;Hier sehen Sie das Video Sie sehen gerade einen Platzhalterinhalt von YouTube. Um auf den eigentlichen Inhalt zuzugreifen, klicken Sie auf die Schaltfl\u00e4che [&hellip;]<\/p>\n","protected":false},"author":1,"featured_media":3798,"comment_status":"open","ping_status":"closed","sticky":false,"template":"","format":"standard","meta":{"_genesis_hide_title":false,"_genesis_hide_breadcrumbs":false,"_genesis_hide_singular_image":false,"_genesis_hide_footer_widgets":false,"_genesis_custom_body_class":"","_genesis_custom_post_class":"","_genesis_layout":"","footnotes":""},"categories":[1550,529,527,526],"tags":[455,469],"class_list":{"0":"post-5339","1":"post","2":"type-post","3":"status-publish","4":"format-standard","5":"has-post-thumbnail","7":"category-europa","8":"category-gran_canaria_d","9":"category-kanarische_inseln","10":"category-spanien","11":"tag-kultur","12":"tag-natur","13":"entry"},"yoast_head":"<!-- This site is optimized with the Yoast SEO plugin v27.4 - https:\/\/yoast.com\/product\/yoast-seo-wordpress\/ -->\n<title>Im Norden von Gran Canaria - Kanarische Inseln - Reise Video Blog<\/title>\n<meta name=\"description\" content=\"Im Norden von Gran Canaria findet man noch viele sehenswerte Orte mit der typischen Kanarischen Archtektur. In Frrgas besuchen wir die Paseo de Gran Canaria\" \/>\n<meta name=\"robots\" content=\"index, follow, max-snippet:-1, max-image-preview:large, max-video-preview:-1\" \/>\n<link rel=\"canonical\" href=\"https:\/\/blog.myvideomedia.com\/de\/norden-von-gran-canaria\/\" \/>\n<meta property=\"og:locale\" content=\"de_DE\" \/>\n<meta property=\"og:type\" content=\"article\" \/>\n<meta property=\"og:title\" content=\"Im Norden von Gran Canaria - Kanarische Inseln - Reise Video Blog\" \/>\n<meta property=\"og:description\" content=\"Im Norden von Gran Canaria findet man noch viele sehenswerte Orte mit der typischen Kanarischen Archtektur. In Frrgas besuchen wir die Paseo de Gran Canaria\" \/>\n<meta property=\"og:url\" content=\"https:\/\/blog.myvideomedia.com\/de\/norden-von-gran-canaria\/\" \/>\n<meta property=\"og:site_name\" content=\"Reise Video Blog\" \/>\n<meta property=\"article:publisher\" content=\"https:\/\/www.facebook.com\/ursula.streit.520\" \/>\n<meta property=\"article:author\" content=\"https:\/\/www.facebook.com\/ursula.streit.520\" \/>\n<meta property=\"article:published_time\" content=\"2014-12-05T10:57:37+00:00\" \/>\n<meta property=\"article:modified_time\" content=\"2020-02-23T10:13:23+00:00\" \/>\n<meta property=\"og:image\" content=\"https:\/\/blog.myvideomedia.com\/wp-content\/uploads\/2014\/02\/Gran-Canaria-North-1.jpg\" \/>\n\t<meta property=\"og:image:width\" content=\"735\" \/>\n\t<meta property=\"og:image:height\" content=\"548\" \/>\n\t<meta property=\"og:image:type\" content=\"image\/jpeg\" \/>\n<meta name=\"author\" content=\"myVideoMedia\" \/>\n<meta name=\"twitter:card\" content=\"summary_large_image\" \/>\n<meta name=\"twitter:creator\" content=\"@myvideomedia\" \/>\n<meta name=\"twitter:site\" content=\"@myvideomedia\" \/>\n<meta name=\"twitter:label1\" content=\"Verfasst von\" \/>\n\t<meta name=\"twitter:data1\" content=\"myVideoMedia\" \/>\n\t<meta name=\"twitter:label2\" content=\"Gesch\u00e4tzte Lesezeit\" \/>\n\t<meta name=\"twitter:data2\" content=\"1\u00a0Minute\" \/>\n<script type=\"application\/ld+json\" class=\"yoast-schema-graph\">{\"@context\":\"https:\\\/\\\/schema.org\",\"@graph\":[{\"@type\":\"Article\",\"@id\":\"https:\\\/\\\/blog.myvideomedia.com\\\/de\\\/norden-von-gran-canaria\\\/#article\",\"isPartOf\":{\"@id\":\"https:\\\/\\\/blog.myvideomedia.com\\\/de\\\/norden-von-gran-canaria\\\/\"},\"author\":{\"name\":\"myVideoMedia\",\"@id\":\"https:\\\/\\\/blog.myvideomedia.com\\\/de\\\/#\\\/schema\\\/person\\\/87be8fbbed69b1562242448c1c3dcbec\"},\"headline\":\"Im Norden von Gran Canaria\",\"datePublished\":\"2014-12-05T10:57:37+00:00\",\"dateModified\":\"2020-02-23T10:13:23+00:00\",\"mainEntityOfPage\":{\"@id\":\"https:\\\/\\\/blog.myvideomedia.com\\\/de\\\/norden-von-gran-canaria\\\/\"},\"wordCount\":213,\"commentCount\":0,\"publisher\":{\"@id\":\"https:\\\/\\\/blog.myvideomedia.com\\\/de\\\/#\\\/schema\\\/person\\\/87be8fbbed69b1562242448c1c3dcbec\"},\"image\":{\"@id\":\"https:\\\/\\\/blog.myvideomedia.com\\\/de\\\/norden-von-gran-canaria\\\/#primaryimage\"},\"thumbnailUrl\":\"https:\\\/\\\/blog.myvideomedia.com\\\/wp-content\\\/uploads\\\/2014\\\/02\\\/Gran-Canaria-North-1.jpg\",\"keywords\":[\"Kultur\",\"Natur\"],\"articleSection\":[\"Europa\",\"Gran Canaria\",\"Kanarische Inseln\",\"Spanien\"],\"inLanguage\":\"de\",\"potentialAction\":[{\"@type\":\"CommentAction\",\"name\":\"Comment\",\"target\":[\"https:\\\/\\\/blog.myvideomedia.com\\\/de\\\/norden-von-gran-canaria\\\/#respond\"]}]},{\"@type\":\"WebPage\",\"@id\":\"https:\\\/\\\/blog.myvideomedia.com\\\/de\\\/norden-von-gran-canaria\\\/\",\"url\":\"https:\\\/\\\/blog.myvideomedia.com\\\/de\\\/norden-von-gran-canaria\\\/\",\"name\":\"Im Norden von Gran Canaria - Kanarische Inseln - Reise Video Blog\",\"isPartOf\":{\"@id\":\"https:\\\/\\\/blog.myvideomedia.com\\\/de\\\/#website\"},\"primaryImageOfPage\":{\"@id\":\"https:\\\/\\\/blog.myvideomedia.com\\\/de\\\/norden-von-gran-canaria\\\/#primaryimage\"},\"image\":{\"@id\":\"https:\\\/\\\/blog.myvideomedia.com\\\/de\\\/norden-von-gran-canaria\\\/#primaryimage\"},\"thumbnailUrl\":\"https:\\\/\\\/blog.myvideomedia.com\\\/wp-content\\\/uploads\\\/2014\\\/02\\\/Gran-Canaria-North-1.jpg\",\"datePublished\":\"2014-12-05T10:57:37+00:00\",\"dateModified\":\"2020-02-23T10:13:23+00:00\",\"description\":\"Im Norden von Gran Canaria findet man noch viele sehenswerte Orte mit der typischen Kanarischen Archtektur. In Frrgas besuchen wir die Paseo de Gran Canaria\",\"breadcrumb\":{\"@id\":\"https:\\\/\\\/blog.myvideomedia.com\\\/de\\\/norden-von-gran-canaria\\\/#breadcrumb\"},\"inLanguage\":\"de\",\"potentialAction\":[{\"@type\":\"ReadAction\",\"target\":[\"https:\\\/\\\/blog.myvideomedia.com\\\/de\\\/norden-von-gran-canaria\\\/\"]}]},{\"@type\":\"ImageObject\",\"inLanguage\":\"de\",\"@id\":\"https:\\\/\\\/blog.myvideomedia.com\\\/de\\\/norden-von-gran-canaria\\\/#primaryimage\",\"url\":\"https:\\\/\\\/blog.myvideomedia.com\\\/wp-content\\\/uploads\\\/2014\\\/02\\\/Gran-Canaria-North-1.jpg\",\"contentUrl\":\"https:\\\/\\\/blog.myvideomedia.com\\\/wp-content\\\/uploads\\\/2014\\\/02\\\/Gran-Canaria-North-1.jpg\",\"width\":735,\"height\":548,\"caption\":\"Norden von Gran Canaria\"},{\"@type\":\"BreadcrumbList\",\"@id\":\"https:\\\/\\\/blog.myvideomedia.com\\\/de\\\/norden-von-gran-canaria\\\/#breadcrumb\",\"itemListElement\":[{\"@type\":\"ListItem\",\"position\":1,\"name\":\"Home\",\"item\":\"https:\\\/\\\/blog.myvideomedia.com\\\/de\\\/\"},{\"@type\":\"ListItem\",\"position\":2,\"name\":\"Im Norden von Gran Canaria\"}]},{\"@type\":\"WebSite\",\"@id\":\"https:\\\/\\\/blog.myvideomedia.com\\\/de\\\/#website\",\"url\":\"https:\\\/\\\/blog.myvideomedia.com\\\/de\\\/\",\"name\":\"Travel Video Blog\",\"description\":\"myVideoMedia Reisetipps und Reisevideos\",\"publisher\":{\"@id\":\"https:\\\/\\\/blog.myvideomedia.com\\\/de\\\/#\\\/schema\\\/person\\\/87be8fbbed69b1562242448c1c3dcbec\"},\"potentialAction\":[{\"@type\":\"SearchAction\",\"target\":{\"@type\":\"EntryPoint\",\"urlTemplate\":\"https:\\\/\\\/blog.myvideomedia.com\\\/de\\\/?s={search_term_string}\"},\"query-input\":{\"@type\":\"PropertyValueSpecification\",\"valueRequired\":true,\"valueName\":\"search_term_string\"}}],\"inLanguage\":\"de\"},{\"@type\":[\"Person\",\"Organization\"],\"@id\":\"https:\\\/\\\/blog.myvideomedia.com\\\/de\\\/#\\\/schema\\\/person\\\/87be8fbbed69b1562242448c1c3dcbec\",\"name\":\"myVideoMedia\",\"image\":{\"@type\":\"ImageObject\",\"inLanguage\":\"de\",\"@id\":\"https:\\\/\\\/secure.gravatar.com\\\/avatar\\\/460720160715ef8975b781abd1b6985e55ce2f01567bb6757bebd73e7cf74c97?s=96&d=mm&r=g\",\"url\":\"https:\\\/\\\/secure.gravatar.com\\\/avatar\\\/460720160715ef8975b781abd1b6985e55ce2f01567bb6757bebd73e7cf74c97?s=96&d=mm&r=g\",\"contentUrl\":\"https:\\\/\\\/secure.gravatar.com\\\/avatar\\\/460720160715ef8975b781abd1b6985e55ce2f01567bb6757bebd73e7cf74c97?s=96&d=mm&r=g\",\"caption\":\"myVideoMedia\"},\"logo\":{\"@id\":\"https:\\\/\\\/secure.gravatar.com\\\/avatar\\\/460720160715ef8975b781abd1b6985e55ce2f01567bb6757bebd73e7cf74c97?s=96&d=mm&r=g\"},\"description\":\"\\\"The World is a book, and those who do not travel read only a page\\\" - Aurelius Augustinus (354 - 430 AD) Travel is our passion. With our posts and videos we like to inspire people who are planning or preparing for holidays as well as people who simply want to escape from everyday life and dream of faraway countries.\",\"sameAs\":[\"https:\\\/\\\/www.myvideomedia.com\",\"https:\\\/\\\/www.facebook.com\\\/ursula.streit.520\"],\"url\":\"https:\\\/\\\/blog.myvideomedia.com\\\/de\\\/author\\\/traveladm\\\/\"}]}<\/script>\n<!-- \/ Yoast SEO plugin. -->","yoast_head_json":{"title":"Im Norden von Gran Canaria - Kanarische Inseln - Reise Video Blog","description":"Im Norden von Gran Canaria findet man noch viele sehenswerte Orte mit der typischen Kanarischen Archtektur. In Frrgas besuchen wir die Paseo de Gran Canaria","robots":{"index":"index","follow":"follow","max-snippet":"max-snippet:-1","max-image-preview":"max-image-preview:large","max-video-preview":"max-video-preview:-1"},"canonical":"https:\/\/blog.myvideomedia.com\/de\/norden-von-gran-canaria\/","og_locale":"de_DE","og_type":"article","og_title":"Im Norden von Gran Canaria - Kanarische Inseln - Reise Video Blog","og_description":"Im Norden von Gran Canaria findet man noch viele sehenswerte Orte mit der typischen Kanarischen Archtektur. In Frrgas besuchen wir die Paseo de Gran Canaria","og_url":"https:\/\/blog.myvideomedia.com\/de\/norden-von-gran-canaria\/","og_site_name":"Reise Video Blog","article_publisher":"https:\/\/www.facebook.com\/ursula.streit.520","article_author":"https:\/\/www.facebook.com\/ursula.streit.520","article_published_time":"2014-12-05T10:57:37+00:00","article_modified_time":"2020-02-23T10:13:23+00:00","og_image":[{"width":735,"height":548,"url":"https:\/\/blog.myvideomedia.com\/wp-content\/uploads\/2014\/02\/Gran-Canaria-North-1.jpg","type":"image\/jpeg"}],"author":"myVideoMedia","twitter_card":"summary_large_image","twitter_creator":"@myvideomedia","twitter_site":"@myvideomedia","twitter_misc":{"Verfasst von":"myVideoMedia","Gesch\u00e4tzte Lesezeit":"1\u00a0Minute"},"schema":{"@context":"https:\/\/schema.org","@graph":[{"@type":"Article","@id":"https:\/\/blog.myvideomedia.com\/de\/norden-von-gran-canaria\/#article","isPartOf":{"@id":"https:\/\/blog.myvideomedia.com\/de\/norden-von-gran-canaria\/"},"author":{"name":"myVideoMedia","@id":"https:\/\/blog.myvideomedia.com\/de\/#\/schema\/person\/87be8fbbed69b1562242448c1c3dcbec"},"headline":"Im Norden von Gran Canaria","datePublished":"2014-12-05T10:57:37+00:00","dateModified":"2020-02-23T10:13:23+00:00","mainEntityOfPage":{"@id":"https:\/\/blog.myvideomedia.com\/de\/norden-von-gran-canaria\/"},"wordCount":213,"commentCount":0,"publisher":{"@id":"https:\/\/blog.myvideomedia.com\/de\/#\/schema\/person\/87be8fbbed69b1562242448c1c3dcbec"},"image":{"@id":"https:\/\/blog.myvideomedia.com\/de\/norden-von-gran-canaria\/#primaryimage"},"thumbnailUrl":"https:\/\/blog.myvideomedia.com\/wp-content\/uploads\/2014\/02\/Gran-Canaria-North-1.jpg","keywords":["Kultur","Natur"],"articleSection":["Europa","Gran Canaria","Kanarische Inseln","Spanien"],"inLanguage":"de","potentialAction":[{"@type":"CommentAction","name":"Comment","target":["https:\/\/blog.myvideomedia.com\/de\/norden-von-gran-canaria\/#respond"]}]},{"@type":"WebPage","@id":"https:\/\/blog.myvideomedia.com\/de\/norden-von-gran-canaria\/","url":"https:\/\/blog.myvideomedia.com\/de\/norden-von-gran-canaria\/","name":"Im Norden von Gran Canaria - Kanarische Inseln - Reise Video Blog","isPartOf":{"@id":"https:\/\/blog.myvideomedia.com\/de\/#website"},"primaryImageOfPage":{"@id":"https:\/\/blog.myvideomedia.com\/de\/norden-von-gran-canaria\/#primaryimage"},"image":{"@id":"https:\/\/blog.myvideomedia.com\/de\/norden-von-gran-canaria\/#primaryimage"},"thumbnailUrl":"https:\/\/blog.myvideomedia.com\/wp-content\/uploads\/2014\/02\/Gran-Canaria-North-1.jpg","datePublished":"2014-12-05T10:57:37+00:00","dateModified":"2020-02-23T10:13:23+00:00","description":"Im Norden von Gran Canaria findet man noch viele sehenswerte Orte mit der typischen Kanarischen Archtektur. In Frrgas besuchen wir die Paseo de Gran Canaria","breadcrumb":{"@id":"https:\/\/blog.myvideomedia.com\/de\/norden-von-gran-canaria\/#breadcrumb"},"inLanguage":"de","potentialAction":[{"@type":"ReadAction","target":["https:\/\/blog.myvideomedia.com\/de\/norden-von-gran-canaria\/"]}]},{"@type":"ImageObject","inLanguage":"de","@id":"https:\/\/blog.myvideomedia.com\/de\/norden-von-gran-canaria\/#primaryimage","url":"https:\/\/blog.myvideomedia.com\/wp-content\/uploads\/2014\/02\/Gran-Canaria-North-1.jpg","contentUrl":"https:\/\/blog.myvideomedia.com\/wp-content\/uploads\/2014\/02\/Gran-Canaria-North-1.jpg","width":735,"height":548,"caption":"Norden von Gran Canaria"},{"@type":"BreadcrumbList","@id":"https:\/\/blog.myvideomedia.com\/de\/norden-von-gran-canaria\/#breadcrumb","itemListElement":[{"@type":"ListItem","position":1,"name":"Home","item":"https:\/\/blog.myvideomedia.com\/de\/"},{"@type":"ListItem","position":2,"name":"Im Norden von Gran Canaria"}]},{"@type":"WebSite","@id":"https:\/\/blog.myvideomedia.com\/de\/#website","url":"https:\/\/blog.myvideomedia.com\/de\/","name":"Travel Video Blog","description":"myVideoMedia Reisetipps und Reisevideos","publisher":{"@id":"https:\/\/blog.myvideomedia.com\/de\/#\/schema\/person\/87be8fbbed69b1562242448c1c3dcbec"},"potentialAction":[{"@type":"SearchAction","target":{"@type":"EntryPoint","urlTemplate":"https:\/\/blog.myvideomedia.com\/de\/?s={search_term_string}"},"query-input":{"@type":"PropertyValueSpecification","valueRequired":true,"valueName":"search_term_string"}}],"inLanguage":"de"},{"@type":["Person","Organization"],"@id":"https:\/\/blog.myvideomedia.com\/de\/#\/schema\/person\/87be8fbbed69b1562242448c1c3dcbec","name":"myVideoMedia","image":{"@type":"ImageObject","inLanguage":"de","@id":"https:\/\/secure.gravatar.com\/avatar\/460720160715ef8975b781abd1b6985e55ce2f01567bb6757bebd73e7cf74c97?s=96&d=mm&r=g","url":"https:\/\/secure.gravatar.com\/avatar\/460720160715ef8975b781abd1b6985e55ce2f01567bb6757bebd73e7cf74c97?s=96&d=mm&r=g","contentUrl":"https:\/\/secure.gravatar.com\/avatar\/460720160715ef8975b781abd1b6985e55ce2f01567bb6757bebd73e7cf74c97?s=96&d=mm&r=g","caption":"myVideoMedia"},"logo":{"@id":"https:\/\/secure.gravatar.com\/avatar\/460720160715ef8975b781abd1b6985e55ce2f01567bb6757bebd73e7cf74c97?s=96&d=mm&r=g"},"description":"\"The World is a book, and those who do not travel read only a page\" - Aurelius Augustinus (354 - 430 AD) Travel is our passion. With our posts and videos we like to inspire people who are planning or preparing for holidays as well as people who simply want to escape from everyday life and dream of faraway countries.","sameAs":["https:\/\/www.myvideomedia.com","https:\/\/www.facebook.com\/ursula.streit.520"],"url":"https:\/\/blog.myvideomedia.com\/de\/author\/traveladm\/"}]}},"featured_image_src":"https:\/\/blog.myvideomedia.com\/wp-content\/uploads\/2014\/02\/Gran-Canaria-North-1.jpg","featured_image_src_square":"https:\/\/blog.myvideomedia.com\/wp-content\/uploads\/2014\/02\/Gran-Canaria-North-1.jpg","author_info":{"display_name":"myVideoMedia","author_link":"https:\/\/blog.myvideomedia.com\/de\/author\/traveladm\/"},"_links":{"self":[{"href":"https:\/\/blog.myvideomedia.com\/de\/wp-json\/wp\/v2\/posts\/5339","targetHints":{"allow":["GET"]}}],"collection":[{"href":"https:\/\/blog.myvideomedia.com\/de\/wp-json\/wp\/v2\/posts"}],"about":[{"href":"https:\/\/blog.myvideomedia.com\/de\/wp-json\/wp\/v2\/types\/post"}],"author":[{"embeddable":true,"href":"https:\/\/blog.myvideomedia.com\/de\/wp-json\/wp\/v2\/users\/1"}],"replies":[{"embeddable":true,"href":"https:\/\/blog.myvideomedia.com\/de\/wp-json\/wp\/v2\/comments?post=5339"}],"version-history":[{"count":0,"href":"https:\/\/blog.myvideomedia.com\/de\/wp-json\/wp\/v2\/posts\/5339\/revisions"}],"wp:featuredmedia":[{"embeddable":true,"href":"https:\/\/blog.myvideomedia.com\/de\/wp-json\/wp\/v2\/media\/3798"}],"wp:attachment":[{"href":"https:\/\/blog.myvideomedia.com\/de\/wp-json\/wp\/v2\/media?parent=5339"}],"wp:term":[{"taxonomy":"category","embeddable":true,"href":"https:\/\/blog.myvideomedia.com\/de\/wp-json\/wp\/v2\/categories?post=5339"},{"taxonomy":"post_tag","embeddable":true,"href":"https:\/\/blog.myvideomedia.com\/de\/wp-json\/wp\/v2\/tags?post=5339"}],"curies":[{"name":"wp","href":"https:\/\/api.w.org\/{rel}","templated":true}]}}