{"id":5507,"date":"2014-12-13T18:20:15","date_gmt":"2014-12-13T17:20:15","guid":{"rendered":"https:\/\/blog.myvideomedia.com\/?p=5507"},"modified":"2020-07-26T08:43:44","modified_gmt":"2020-07-26T07:43:44","slug":"baden-bei-wien","status":"publish","type":"post","link":"https:\/\/blog.myvideomedia.com\/de\/baden-bei-wien\/","title":{"rendered":"Baden bei Wien"},"content":{"rendered":"\n<div class=\"wp-block-image\"><figure class=\"aligncenter\"><a href=\"https:\/\/blog.myvideomedia.com\/wp-content\/uploads\/2014\/10\/Baden_01.jpg\"><img loading=\"lazy\" decoding=\"async\" width=\"560\" height=\"315\" src=\"https:\/\/blog.myvideomedia.com\/wp-content\/uploads\/2014\/10\/Baden_01-560x315.jpg\" alt=\"Baden bei Wien 1\" class=\"wp-image-3356\" srcset=\"https:\/\/blog.myvideomedia.com\/wp-content\/uploads\/2014\/10\/Baden_01-560x315.jpg 560w, https:\/\/blog.myvideomedia.com\/wp-content\/uploads\/2014\/10\/Baden_01-1024x576.jpg 1024w, https:\/\/blog.myvideomedia.com\/wp-content\/uploads\/2014\/10\/Baden_01-600x337.jpg 600w, https:\/\/blog.myvideomedia.com\/wp-content\/uploads\/2014\/10\/Baden_01.jpg 1080w\" sizes=\"auto, (max-width: 560px) 100vw, 560px\" \/><\/a><\/figure><\/div>\n\n\n\n<p>Baden bei Wien in Nieder\u00f6sterreich liegt an der Thermenlinie, einer tektonischen Bruchkante, im Westen des Wiener Beckens. <\/p>\n\n\n\n<p>Hier befinden sich zahlreiche Bade- und Kurorte. Bedingt durch das Absinken des Tieflandes kommt es an der Kante h\u00e4ufig zu kleinen seismischen Ereignissen und es treten teilweise hei\u00dfe und schwefelhaltige Thermalquellen an die Oberfl\u00e4che.<\/p>\n\n\n\n<figure> <div class=\"brlbs-cmpnt-container brlbs-cmpnt-content-blocker brlbs-cmpnt-with-individual-styles\" data-borlabs-cookie-content-blocker-id=\"youtube-content-blocker\" data-borlabs-cookie-content=\"PGlmcmFtZSBzcmM9Ii8vd3d3LnlvdXR1YmUtbm9jb29raWUuY29tL2VtYmVkL1ViR01UNWtNOHljIiB3aWR0aD0iNTYwIiBoZWlnaHQ9IjMxNSI+PC9pZnJhbWU+\"><div class=\"brlbs-cmpnt-cb-preset-c brlbs-cmpnt-cb-youtube\"> <div class=\"brlbs-cmpnt-cb-thumbnail\" style=\"background-image: url('https:\/\/blog.myvideomedia.com\/wp-content\/uploads\/borlabs-cookie\/1\/yt_UbGMT5kM8yc_hqdefault.jpg')\"><\/div> <div class=\"brlbs-cmpnt-cb-main\"> <div class=\"brlbs-cmpnt-cb-play-button\"><\/div> <div class=\"brlbs-cmpnt-cb-content\"> <p class=\"brlbs-cmpnt-cb-description\">Sie sehen gerade einen Platzhalterinhalt von <strong>YouTube<\/strong>. Um auf den eigentlichen Inhalt zuzugreifen, klicken Sie auf die Schaltfl\u00e4che unten. Bitte beachten Sie, dass dabei Daten an Drittanbieter weitergegeben werden.<\/p> <a class=\"brlbs-cmpnt-cb-provider-toggle\" href=\"#\" data-borlabs-cookie-show-provider-information role=\"button\">Mehr Informationen<\/a> <\/div> <div class=\"brlbs-cmpnt-cb-buttons\"> <a class=\"brlbs-cmpnt-cb-btn\" href=\"#\" data-borlabs-cookie-unblock role=\"button\">Inhalt entsperren<\/a> <a class=\"brlbs-cmpnt-cb-btn\" href=\"#\" data-borlabs-cookie-accept-service role=\"button\" style=\"display: inherit\">Erforderlichen Service akzeptieren und Inhalte entsperren<\/a> <\/div> <\/div> <\/div><\/div><\/figure>\n\n\n\n<p>Baden bei Wien ist der bekannteste Kurort der Region. Bereits die R\u00f6mer sch\u00e4tzten die Heil bringende Wirkung der Schwefelquellen. Kaiser Franz I. und viele bekannte Komponisten verbrachten ihre Sommer in der Biedermeierstadt. <\/p>\n\n\n\n<p>Besonders gekennzeichnet ist das Wohnhaus von Beethoven und Grillparzer.<\/p>\n\n\n\n<div class=\"wp-block-image\"><figure class=\"aligncenter\"><a href=\"https:\/\/blog.myvideomedia.com\/wp-content\/uploads\/2014\/10\/Baden_03.jpg\"><img loading=\"lazy\" decoding=\"async\" width=\"560\" height=\"315\" src=\"https:\/\/blog.myvideomedia.com\/wp-content\/uploads\/2014\/10\/Baden_03-560x315.jpg\" alt=\"Magdalenenhof\" class=\"wp-image-3354\" srcset=\"https:\/\/blog.myvideomedia.com\/wp-content\/uploads\/2014\/10\/Baden_03-560x315.jpg 560w, https:\/\/blog.myvideomedia.com\/wp-content\/uploads\/2014\/10\/Baden_03-1024x576.jpg 1024w, https:\/\/blog.myvideomedia.com\/wp-content\/uploads\/2014\/10\/Baden_03-600x337.jpg 600w, https:\/\/blog.myvideomedia.com\/wp-content\/uploads\/2014\/10\/Baden_03.jpg 1080w\" sizes=\"auto, (max-width: 560px) 100vw, 560px\" \/><\/a><\/figure><\/div>\n\n\n\n<p>Der Kurpark und das Stadttheater bilden die Kulisse f\u00fcr zahlreiche Operettenauff\u00fchrungen.<\/p>\n\n\n\n<div class=\"wp-block-image\"><figure class=\"aligncenter\"><a href=\"https:\/\/blog.myvideomedia.com\/wp-content\/uploads\/2014\/10\/Baden_04.jpg\"><img loading=\"lazy\" decoding=\"async\" width=\"560\" height=\"315\" src=\"https:\/\/blog.myvideomedia.com\/wp-content\/uploads\/2014\/10\/Baden_04-560x315.jpg\" alt=\"Bad Voeslau\" class=\"wp-image-3353\" srcset=\"https:\/\/blog.myvideomedia.com\/wp-content\/uploads\/2014\/10\/Baden_04-560x315.jpg 560w, https:\/\/blog.myvideomedia.com\/wp-content\/uploads\/2014\/10\/Baden_04-1024x576.jpg 1024w, https:\/\/blog.myvideomedia.com\/wp-content\/uploads\/2014\/10\/Baden_04-600x337.jpg 600w, https:\/\/blog.myvideomedia.com\/wp-content\/uploads\/2014\/10\/Baden_04.jpg 1080w\" sizes=\"auto, (max-width: 560px) 100vw, 560px\" \/><\/a><\/figure><\/div>\n\n\n\n<p>Auf dem Weg weiter in den S\u00fcden passieren wir Bad V\u00f6slau, das ebenfalls durch Thermalquellen und Mineralwasser zu einem gewissen Bekanntheitsgrad kam.<\/p>\n\n\n\n<p>Text, Fotos und <a title=\"Video Baden near Vienna\" href=\"https:\/\/youtu.be\/UbGMT5kM8yc\" target=\"_blank\" rel=\"nofollow noopener noreferrer\">Video<\/a>: Copyright \u00a9 <a title=\"Produced by myVideoMedia\" href=\"https:\/\/www.myvideomedia.de\" target=\"_blank\" rel=\"noopener noreferrer\">myVideoMedia<\/a><\/p>\n","protected":false},"excerpt":{"rendered":"<p>Baden bei Wien in Nieder\u00f6sterreich liegt an der Thermenlinie, einer tektonischen Bruchkante, im Westen des Wiener Beckens. Hier befinden sich zahlreiche Bade- und Kurorte. Bedingt durch das Absinken des Tieflandes kommt es an der Kante h\u00e4ufig zu kleinen seismischen Ereignissen und es treten teilweise hei\u00dfe und schwefelhaltige Thermalquellen an die Oberfl\u00e4che. Sie sehen gerade einen [&hellip;]<\/p>\n","protected":false},"author":1,"featured_media":26655,"comment_status":"open","ping_status":"closed","sticky":false,"template":"","format":"standard","meta":{"_genesis_hide_title":false,"_genesis_hide_breadcrumbs":false,"_genesis_hide_singular_image":false,"_genesis_hide_footer_widgets":false,"_genesis_custom_body_class":"","_genesis_custom_post_class":"","_genesis_layout":"","footnotes":""},"categories":[1550,494,492],"tags":[582],"class_list":{"0":"post-5507","1":"post","2":"type-post","3":"status-publish","4":"format-standard","5":"has-post-thumbnail","7":"category-europa","8":"category-niederoesterreich","9":"category-oesterreich","10":"tag-spa-de","11":"entry"},"yoast_head":"<!-- This site is optimized with the Yoast SEO plugin v27.4 - https:\/\/yoast.com\/product\/yoast-seo-wordpress\/ -->\n<title>Baden bei Wien - \u00d6sterreich - Reise Video Blog<\/title>\n<meta name=\"description\" content=\"Baden bei Wien ist der bekannteste Kurort der Region. Bereits die R\u00f6mer sch\u00e4tzten die Heil bringende Wirkung der Schwefelquellen.\" \/>\n<meta name=\"robots\" content=\"index, follow, max-snippet:-1, max-image-preview:large, max-video-preview:-1\" \/>\n<link rel=\"canonical\" href=\"https:\/\/blog.myvideomedia.com\/de\/baden-bei-wien\/\" \/>\n<meta property=\"og:locale\" content=\"de_DE\" \/>\n<meta property=\"og:type\" content=\"article\" \/>\n<meta property=\"og:title\" content=\"Baden bei Wien - \u00d6sterreich - Reise Video Blog\" \/>\n<meta property=\"og:description\" content=\"Baden bei Wien ist der bekannteste Kurort der Region. Bereits die R\u00f6mer sch\u00e4tzten die Heil bringende Wirkung der Schwefelquellen.\" \/>\n<meta property=\"og:url\" content=\"https:\/\/blog.myvideomedia.com\/de\/baden-bei-wien\/\" \/>\n<meta property=\"og:site_name\" content=\"Reise Video Blog\" \/>\n<meta property=\"article:publisher\" content=\"https:\/\/www.facebook.com\/ursula.streit.520\" \/>\n<meta property=\"article:author\" content=\"https:\/\/www.facebook.com\/ursula.streit.520\" \/>\n<meta property=\"article:published_time\" content=\"2014-12-13T17:20:15+00:00\" \/>\n<meta property=\"article:modified_time\" content=\"2020-07-26T07:43:44+00:00\" \/>\n<meta property=\"og:image\" content=\"https:\/\/blog.myvideomedia.com\/wp-content\/uploads\/2014\/10\/Baden_02.jpg\" \/>\n\t<meta property=\"og:image:width\" content=\"1201\" \/>\n\t<meta property=\"og:image:height\" content=\"676\" \/>\n\t<meta property=\"og:image:type\" content=\"image\/jpeg\" \/>\n<meta name=\"author\" content=\"myVideoMedia\" \/>\n<meta name=\"twitter:card\" content=\"summary_large_image\" \/>\n<meta name=\"twitter:creator\" content=\"@myvideomedia\" \/>\n<meta name=\"twitter:site\" content=\"@myvideomedia\" \/>\n<meta name=\"twitter:label1\" content=\"Verfasst von\" \/>\n\t<meta name=\"twitter:data1\" content=\"myVideoMedia\" \/>\n\t<meta name=\"twitter:label2\" content=\"Gesch\u00e4tzte Lesezeit\" \/>\n\t<meta name=\"twitter:data2\" content=\"1\u00a0Minute\" \/>\n<script type=\"application\/ld+json\" class=\"yoast-schema-graph\">{\"@context\":\"https:\\\/\\\/schema.org\",\"@graph\":[{\"@type\":\"Article\",\"@id\":\"https:\\\/\\\/blog.myvideomedia.com\\\/de\\\/baden-bei-wien\\\/#article\",\"isPartOf\":{\"@id\":\"https:\\\/\\\/blog.myvideomedia.com\\\/de\\\/baden-bei-wien\\\/\"},\"author\":{\"name\":\"myVideoMedia\",\"@id\":\"https:\\\/\\\/blog.myvideomedia.com\\\/de\\\/#\\\/schema\\\/person\\\/87be8fbbed69b1562242448c1c3dcbec\"},\"headline\":\"Baden bei Wien\",\"datePublished\":\"2014-12-13T17:20:15+00:00\",\"dateModified\":\"2020-07-26T07:43:44+00:00\",\"mainEntityOfPage\":{\"@id\":\"https:\\\/\\\/blog.myvideomedia.com\\\/de\\\/baden-bei-wien\\\/\"},\"wordCount\":144,\"commentCount\":0,\"publisher\":{\"@id\":\"https:\\\/\\\/blog.myvideomedia.com\\\/de\\\/#\\\/schema\\\/person\\\/87be8fbbed69b1562242448c1c3dcbec\"},\"image\":{\"@id\":\"https:\\\/\\\/blog.myvideomedia.com\\\/de\\\/baden-bei-wien\\\/#primaryimage\"},\"thumbnailUrl\":\"https:\\\/\\\/blog.myvideomedia.com\\\/wp-content\\\/uploads\\\/2014\\\/10\\\/Baden_02.jpg\",\"keywords\":[\"Spa\"],\"articleSection\":[\"Europa\",\"Nieder\u00f6sterreich\",\"\u00d6sterreich\"],\"inLanguage\":\"de\",\"potentialAction\":[{\"@type\":\"CommentAction\",\"name\":\"Comment\",\"target\":[\"https:\\\/\\\/blog.myvideomedia.com\\\/de\\\/baden-bei-wien\\\/#respond\"]}]},{\"@type\":\"WebPage\",\"@id\":\"https:\\\/\\\/blog.myvideomedia.com\\\/de\\\/baden-bei-wien\\\/\",\"url\":\"https:\\\/\\\/blog.myvideomedia.com\\\/de\\\/baden-bei-wien\\\/\",\"name\":\"Baden bei Wien - \u00d6sterreich - Reise Video Blog\",\"isPartOf\":{\"@id\":\"https:\\\/\\\/blog.myvideomedia.com\\\/de\\\/#website\"},\"primaryImageOfPage\":{\"@id\":\"https:\\\/\\\/blog.myvideomedia.com\\\/de\\\/baden-bei-wien\\\/#primaryimage\"},\"image\":{\"@id\":\"https:\\\/\\\/blog.myvideomedia.com\\\/de\\\/baden-bei-wien\\\/#primaryimage\"},\"thumbnailUrl\":\"https:\\\/\\\/blog.myvideomedia.com\\\/wp-content\\\/uploads\\\/2014\\\/10\\\/Baden_02.jpg\",\"datePublished\":\"2014-12-13T17:20:15+00:00\",\"dateModified\":\"2020-07-26T07:43:44+00:00\",\"description\":\"Baden bei Wien ist der bekannteste Kurort der Region. Bereits die R\u00f6mer sch\u00e4tzten die Heil bringende Wirkung der Schwefelquellen.\",\"breadcrumb\":{\"@id\":\"https:\\\/\\\/blog.myvideomedia.com\\\/de\\\/baden-bei-wien\\\/#breadcrumb\"},\"inLanguage\":\"de\",\"potentialAction\":[{\"@type\":\"ReadAction\",\"target\":[\"https:\\\/\\\/blog.myvideomedia.com\\\/de\\\/baden-bei-wien\\\/\"]}]},{\"@type\":\"ImageObject\",\"inLanguage\":\"de\",\"@id\":\"https:\\\/\\\/blog.myvideomedia.com\\\/de\\\/baden-bei-wien\\\/#primaryimage\",\"url\":\"https:\\\/\\\/blog.myvideomedia.com\\\/wp-content\\\/uploads\\\/2014\\\/10\\\/Baden_02.jpg\",\"contentUrl\":\"https:\\\/\\\/blog.myvideomedia.com\\\/wp-content\\\/uploads\\\/2014\\\/10\\\/Baden_02.jpg\",\"width\":1201,\"height\":676,\"caption\":\"Baden near Vienna\"},{\"@type\":\"BreadcrumbList\",\"@id\":\"https:\\\/\\\/blog.myvideomedia.com\\\/de\\\/baden-bei-wien\\\/#breadcrumb\",\"itemListElement\":[{\"@type\":\"ListItem\",\"position\":1,\"name\":\"Home\",\"item\":\"https:\\\/\\\/blog.myvideomedia.com\\\/de\\\/\"},{\"@type\":\"ListItem\",\"position\":2,\"name\":\"Baden bei Wien\"}]},{\"@type\":\"WebSite\",\"@id\":\"https:\\\/\\\/blog.myvideomedia.com\\\/de\\\/#website\",\"url\":\"https:\\\/\\\/blog.myvideomedia.com\\\/de\\\/\",\"name\":\"Travel Video Blog\",\"description\":\"myVideoMedia Reisetipps und Reisevideos\",\"publisher\":{\"@id\":\"https:\\\/\\\/blog.myvideomedia.com\\\/de\\\/#\\\/schema\\\/person\\\/87be8fbbed69b1562242448c1c3dcbec\"},\"potentialAction\":[{\"@type\":\"SearchAction\",\"target\":{\"@type\":\"EntryPoint\",\"urlTemplate\":\"https:\\\/\\\/blog.myvideomedia.com\\\/de\\\/?s={search_term_string}\"},\"query-input\":{\"@type\":\"PropertyValueSpecification\",\"valueRequired\":true,\"valueName\":\"search_term_string\"}}],\"inLanguage\":\"de\"},{\"@type\":[\"Person\",\"Organization\"],\"@id\":\"https:\\\/\\\/blog.myvideomedia.com\\\/de\\\/#\\\/schema\\\/person\\\/87be8fbbed69b1562242448c1c3dcbec\",\"name\":\"myVideoMedia\",\"image\":{\"@type\":\"ImageObject\",\"inLanguage\":\"de\",\"@id\":\"https:\\\/\\\/secure.gravatar.com\\\/avatar\\\/460720160715ef8975b781abd1b6985e55ce2f01567bb6757bebd73e7cf74c97?s=96&d=mm&r=g\",\"url\":\"https:\\\/\\\/secure.gravatar.com\\\/avatar\\\/460720160715ef8975b781abd1b6985e55ce2f01567bb6757bebd73e7cf74c97?s=96&d=mm&r=g\",\"contentUrl\":\"https:\\\/\\\/secure.gravatar.com\\\/avatar\\\/460720160715ef8975b781abd1b6985e55ce2f01567bb6757bebd73e7cf74c97?s=96&d=mm&r=g\",\"caption\":\"myVideoMedia\"},\"logo\":{\"@id\":\"https:\\\/\\\/secure.gravatar.com\\\/avatar\\\/460720160715ef8975b781abd1b6985e55ce2f01567bb6757bebd73e7cf74c97?s=96&d=mm&r=g\"},\"description\":\"\\\"The World is a book, and those who do not travel read only a page\\\" - Aurelius Augustinus (354 - 430 AD) Travel is our passion. With our posts and videos we like to inspire people who are planning or preparing for holidays as well as people who simply want to escape from everyday life and dream of faraway countries.\",\"sameAs\":[\"https:\\\/\\\/www.myvideomedia.com\",\"https:\\\/\\\/www.facebook.com\\\/ursula.streit.520\"],\"url\":\"https:\\\/\\\/blog.myvideomedia.com\\\/de\\\/author\\\/traveladm\\\/\"}]}<\/script>\n<!-- \/ Yoast SEO plugin. -->","yoast_head_json":{"title":"Baden bei Wien - \u00d6sterreich - Reise Video Blog","description":"Baden bei Wien ist der bekannteste Kurort der Region. Bereits die R\u00f6mer sch\u00e4tzten die Heil bringende Wirkung der Schwefelquellen.","robots":{"index":"index","follow":"follow","max-snippet":"max-snippet:-1","max-image-preview":"max-image-preview:large","max-video-preview":"max-video-preview:-1"},"canonical":"https:\/\/blog.myvideomedia.com\/de\/baden-bei-wien\/","og_locale":"de_DE","og_type":"article","og_title":"Baden bei Wien - \u00d6sterreich - Reise Video Blog","og_description":"Baden bei Wien ist der bekannteste Kurort der Region. Bereits die R\u00f6mer sch\u00e4tzten die Heil bringende Wirkung der Schwefelquellen.","og_url":"https:\/\/blog.myvideomedia.com\/de\/baden-bei-wien\/","og_site_name":"Reise Video Blog","article_publisher":"https:\/\/www.facebook.com\/ursula.streit.520","article_author":"https:\/\/www.facebook.com\/ursula.streit.520","article_published_time":"2014-12-13T17:20:15+00:00","article_modified_time":"2020-07-26T07:43:44+00:00","og_image":[{"width":1201,"height":676,"url":"https:\/\/blog.myvideomedia.com\/wp-content\/uploads\/2014\/10\/Baden_02.jpg","type":"image\/jpeg"}],"author":"myVideoMedia","twitter_card":"summary_large_image","twitter_creator":"@myvideomedia","twitter_site":"@myvideomedia","twitter_misc":{"Verfasst von":"myVideoMedia","Gesch\u00e4tzte Lesezeit":"1\u00a0Minute"},"schema":{"@context":"https:\/\/schema.org","@graph":[{"@type":"Article","@id":"https:\/\/blog.myvideomedia.com\/de\/baden-bei-wien\/#article","isPartOf":{"@id":"https:\/\/blog.myvideomedia.com\/de\/baden-bei-wien\/"},"author":{"name":"myVideoMedia","@id":"https:\/\/blog.myvideomedia.com\/de\/#\/schema\/person\/87be8fbbed69b1562242448c1c3dcbec"},"headline":"Baden bei Wien","datePublished":"2014-12-13T17:20:15+00:00","dateModified":"2020-07-26T07:43:44+00:00","mainEntityOfPage":{"@id":"https:\/\/blog.myvideomedia.com\/de\/baden-bei-wien\/"},"wordCount":144,"commentCount":0,"publisher":{"@id":"https:\/\/blog.myvideomedia.com\/de\/#\/schema\/person\/87be8fbbed69b1562242448c1c3dcbec"},"image":{"@id":"https:\/\/blog.myvideomedia.com\/de\/baden-bei-wien\/#primaryimage"},"thumbnailUrl":"https:\/\/blog.myvideomedia.com\/wp-content\/uploads\/2014\/10\/Baden_02.jpg","keywords":["Spa"],"articleSection":["Europa","Nieder\u00f6sterreich","\u00d6sterreich"],"inLanguage":"de","potentialAction":[{"@type":"CommentAction","name":"Comment","target":["https:\/\/blog.myvideomedia.com\/de\/baden-bei-wien\/#respond"]}]},{"@type":"WebPage","@id":"https:\/\/blog.myvideomedia.com\/de\/baden-bei-wien\/","url":"https:\/\/blog.myvideomedia.com\/de\/baden-bei-wien\/","name":"Baden bei Wien - \u00d6sterreich - Reise Video Blog","isPartOf":{"@id":"https:\/\/blog.myvideomedia.com\/de\/#website"},"primaryImageOfPage":{"@id":"https:\/\/blog.myvideomedia.com\/de\/baden-bei-wien\/#primaryimage"},"image":{"@id":"https:\/\/blog.myvideomedia.com\/de\/baden-bei-wien\/#primaryimage"},"thumbnailUrl":"https:\/\/blog.myvideomedia.com\/wp-content\/uploads\/2014\/10\/Baden_02.jpg","datePublished":"2014-12-13T17:20:15+00:00","dateModified":"2020-07-26T07:43:44+00:00","description":"Baden bei Wien ist der bekannteste Kurort der Region. Bereits die R\u00f6mer sch\u00e4tzten die Heil bringende Wirkung der Schwefelquellen.","breadcrumb":{"@id":"https:\/\/blog.myvideomedia.com\/de\/baden-bei-wien\/#breadcrumb"},"inLanguage":"de","potentialAction":[{"@type":"ReadAction","target":["https:\/\/blog.myvideomedia.com\/de\/baden-bei-wien\/"]}]},{"@type":"ImageObject","inLanguage":"de","@id":"https:\/\/blog.myvideomedia.com\/de\/baden-bei-wien\/#primaryimage","url":"https:\/\/blog.myvideomedia.com\/wp-content\/uploads\/2014\/10\/Baden_02.jpg","contentUrl":"https:\/\/blog.myvideomedia.com\/wp-content\/uploads\/2014\/10\/Baden_02.jpg","width":1201,"height":676,"caption":"Baden near Vienna"},{"@type":"BreadcrumbList","@id":"https:\/\/blog.myvideomedia.com\/de\/baden-bei-wien\/#breadcrumb","itemListElement":[{"@type":"ListItem","position":1,"name":"Home","item":"https:\/\/blog.myvideomedia.com\/de\/"},{"@type":"ListItem","position":2,"name":"Baden bei Wien"}]},{"@type":"WebSite","@id":"https:\/\/blog.myvideomedia.com\/de\/#website","url":"https:\/\/blog.myvideomedia.com\/de\/","name":"Travel Video Blog","description":"myVideoMedia Reisetipps und Reisevideos","publisher":{"@id":"https:\/\/blog.myvideomedia.com\/de\/#\/schema\/person\/87be8fbbed69b1562242448c1c3dcbec"},"potentialAction":[{"@type":"SearchAction","target":{"@type":"EntryPoint","urlTemplate":"https:\/\/blog.myvideomedia.com\/de\/?s={search_term_string}"},"query-input":{"@type":"PropertyValueSpecification","valueRequired":true,"valueName":"search_term_string"}}],"inLanguage":"de"},{"@type":["Person","Organization"],"@id":"https:\/\/blog.myvideomedia.com\/de\/#\/schema\/person\/87be8fbbed69b1562242448c1c3dcbec","name":"myVideoMedia","image":{"@type":"ImageObject","inLanguage":"de","@id":"https:\/\/secure.gravatar.com\/avatar\/460720160715ef8975b781abd1b6985e55ce2f01567bb6757bebd73e7cf74c97?s=96&d=mm&r=g","url":"https:\/\/secure.gravatar.com\/avatar\/460720160715ef8975b781abd1b6985e55ce2f01567bb6757bebd73e7cf74c97?s=96&d=mm&r=g","contentUrl":"https:\/\/secure.gravatar.com\/avatar\/460720160715ef8975b781abd1b6985e55ce2f01567bb6757bebd73e7cf74c97?s=96&d=mm&r=g","caption":"myVideoMedia"},"logo":{"@id":"https:\/\/secure.gravatar.com\/avatar\/460720160715ef8975b781abd1b6985e55ce2f01567bb6757bebd73e7cf74c97?s=96&d=mm&r=g"},"description":"\"The World is a book, and those who do not travel read only a page\" - Aurelius Augustinus (354 - 430 AD) Travel is our passion. With our posts and videos we like to inspire people who are planning or preparing for holidays as well as people who simply want to escape from everyday life and dream of faraway countries.","sameAs":["https:\/\/www.myvideomedia.com","https:\/\/www.facebook.com\/ursula.streit.520"],"url":"https:\/\/blog.myvideomedia.com\/de\/author\/traveladm\/"}]}},"featured_image_src":"https:\/\/blog.myvideomedia.com\/wp-content\/uploads\/2014\/10\/Baden_02.jpg","featured_image_src_square":"https:\/\/blog.myvideomedia.com\/wp-content\/uploads\/2014\/10\/Baden_02.jpg","author_info":{"display_name":"myVideoMedia","author_link":"https:\/\/blog.myvideomedia.com\/de\/author\/traveladm\/"},"_links":{"self":[{"href":"https:\/\/blog.myvideomedia.com\/de\/wp-json\/wp\/v2\/posts\/5507","targetHints":{"allow":["GET"]}}],"collection":[{"href":"https:\/\/blog.myvideomedia.com\/de\/wp-json\/wp\/v2\/posts"}],"about":[{"href":"https:\/\/blog.myvideomedia.com\/de\/wp-json\/wp\/v2\/types\/post"}],"author":[{"embeddable":true,"href":"https:\/\/blog.myvideomedia.com\/de\/wp-json\/wp\/v2\/users\/1"}],"replies":[{"embeddable":true,"href":"https:\/\/blog.myvideomedia.com\/de\/wp-json\/wp\/v2\/comments?post=5507"}],"version-history":[{"count":0,"href":"https:\/\/blog.myvideomedia.com\/de\/wp-json\/wp\/v2\/posts\/5507\/revisions"}],"wp:featuredmedia":[{"embeddable":true,"href":"https:\/\/blog.myvideomedia.com\/de\/wp-json\/wp\/v2\/media\/26655"}],"wp:attachment":[{"href":"https:\/\/blog.myvideomedia.com\/de\/wp-json\/wp\/v2\/media?parent=5507"}],"wp:term":[{"taxonomy":"category","embeddable":true,"href":"https:\/\/blog.myvideomedia.com\/de\/wp-json\/wp\/v2\/categories?post=5507"},{"taxonomy":"post_tag","embeddable":true,"href":"https:\/\/blog.myvideomedia.com\/de\/wp-json\/wp\/v2\/tags?post=5507"}],"curies":[{"name":"wp","href":"https:\/\/api.w.org\/{rel}","templated":true}]}}