{"id":5554,"date":"2014-12-15T14:40:31","date_gmt":"2014-12-15T13:40:31","guid":{"rendered":"https:\/\/blog.myvideomedia.com\/?p=5554"},"modified":"2022-01-26T16:21:06","modified_gmt":"2022-01-26T15:21:06","slug":"lech-und-zuers","status":"publish","type":"post","link":"https:\/\/blog.myvideomedia.com\/de\/lech-und-zuers\/","title":{"rendered":"Lech und Zuers"},"content":{"rendered":"\n<p>Lech und Z\u00fcrs am Arlberg sind neben St. Anton die mond\u00e4nsten Wintersportorte im Arlberggebiet in \u00d6sterreich.<\/p>\n\n\n\n<p>\u00dcber die Flexenpa\u00df-Stra\u00dfe fahren wir Richtung Z\u00fcrs. Sie schmiegt sich malerisch in die Felswand, zeugt von hoher Ingenieurskunst und ist weitestgehend wintersicher durch \u00dcberdachungen und Tunnels.<\/p>\n\n\n\n<h3 class=\"wp-block-heading\" id=\"hier-sehen-sie-das-video\"><a href=\"https:\/\/youtu.be\/0yTTQ_e_jGc\" target=\"_blank\" rel=\"noreferrer noopener\" aria-label=\"Hier sehen Sie das Video (\u00f6ffnet in neuem Tab)\">Hier sehen Sie das Video<\/a><\/h3>\n\n\n\n<figure> <div class=\"brlbs-cmpnt-container brlbs-cmpnt-content-blocker brlbs-cmpnt-with-individual-styles\" data-borlabs-cookie-content-blocker-id=\"youtube-content-blocker\" data-borlabs-cookie-content=\"PGlmcmFtZSBzcmM9Imh0dHBzOi8vd3d3LnlvdXR1YmUtbm9jb29raWUuY29tL2VtYmVkLzB5VFRRX2VfakdjIiB3aWR0aD0iNTYwIiBoZWlnaHQ9IjMxNSI+PC9pZnJhbWU+\"><div class=\"brlbs-cmpnt-cb-preset-c brlbs-cmpnt-cb-youtube\"> <div class=\"brlbs-cmpnt-cb-thumbnail\" style=\"background-image: url('https:\/\/blog.myvideomedia.com\/wp-content\/uploads\/borlabs-cookie\/1\/yt_0yTTQ_e_jGc_hqdefault.jpg')\"><\/div> <div class=\"brlbs-cmpnt-cb-main\"> <div class=\"brlbs-cmpnt-cb-play-button\"><\/div> <div class=\"brlbs-cmpnt-cb-content\"> <p class=\"brlbs-cmpnt-cb-description\">Sie sehen gerade einen Platzhalterinhalt von <strong>YouTube<\/strong>. Um auf den eigentlichen Inhalt zuzugreifen, klicken Sie auf die Schaltfl\u00e4che unten. Bitte beachten Sie, dass dabei Daten an Drittanbieter weitergegeben werden.<\/p> <a class=\"brlbs-cmpnt-cb-provider-toggle\" href=\"#\" data-borlabs-cookie-show-provider-information role=\"button\">Mehr Informationen<\/a> <\/div> <div class=\"brlbs-cmpnt-cb-buttons\"> <a class=\"brlbs-cmpnt-cb-btn\" href=\"#\" data-borlabs-cookie-unblock role=\"button\">Inhalt entsperren<\/a> <a class=\"brlbs-cmpnt-cb-btn\" href=\"#\" data-borlabs-cookie-accept-service role=\"button\" style=\"display: inherit\">Erforderlichen Service akzeptieren und Inhalte entsperren<\/a> <\/div> <\/div> <\/div><\/div><\/figure>\n\n\n\n<p>Z\u00fcrs gleicht im Sommer einem gespenstischen Dorf. Die Hotels und Pensionen, alle in gehobener Kategorie, sind verwaist und verschlossen. <\/p>\n\n\n\n<div class=\"wp-block-image\"><figure class=\"aligncenter\"><img loading=\"lazy\" decoding=\"async\" width=\"724\" height=\"407\" src=\"https:\/\/blog.myvideomedia.com\/wp-content\/uploads\/2013\/11\/lech-zuers-1.jpg\" alt=\"Lech und Z\u00fcrs am Arlberg\" class=\"wp-image-3893\" srcset=\"https:\/\/blog.myvideomedia.com\/wp-content\/uploads\/2013\/11\/lech-zuers-1.jpg 724w, https:\/\/blog.myvideomedia.com\/wp-content\/uploads\/2013\/11\/lech-zuers-1-300x168.jpg 300w\" sizes=\"auto, (max-width: 724px) 100vw, 724px\" \/><\/figure><\/div>\n\n\n\n<p>Nur wenige Einwohner bleiben im Sommer. Anfang Dezember erwacht der Ort wieder aus seinem Dornr\u00f6schenschlaf. Unsere Huskyh\u00fcndin hat Gefallen an der guten Luft und der traumhaften Aussicht.<\/p>\n\n\n\n<div class=\"wp-block-image\"><figure class=\"aligncenter\"><img loading=\"lazy\" decoding=\"async\" width=\"724\" height=\"407\" src=\"https:\/\/blog.myvideomedia.com\/wp-content\/uploads\/2013\/11\/lech-zuers-3.jpg\" alt=\"Husky in Zuers - Vorarlberg\" class=\"wp-image-3894\" srcset=\"https:\/\/blog.myvideomedia.com\/wp-content\/uploads\/2013\/11\/lech-zuers-3.jpg 724w, https:\/\/blog.myvideomedia.com\/wp-content\/uploads\/2013\/11\/lech-zuers-3-300x168.jpg 300w\" sizes=\"auto, (max-width: 724px) 100vw, 724px\" \/><\/figure><\/div>\n\n\n\n<p><br>Wenige Kilometer weiter liegt<strong> <\/strong>Lech am Arlberg. Besiedelt wurde das Gebiet um Lech von den Walsern, Schweizer Einwanderer aus dem Wallis. Heute gilt Lech am Arlberg als die reichste Gemeinde \u00d6sterreichs. <\/p>\n\n\n\n<p>Die Quelle dieses Reichtums ist der Wintertourismus, aber allm\u00e4hlich nimmt auch der sommerliche Fremdenverkehr zu. Trotzdem hat sich der Ort seinen beschaulichen Charakter bewahrt und wirkt noch immer wie ein Dorf.<\/p>\n\n\n\n<div class=\"wp-block-image\"><figure class=\"aligncenter\"><img loading=\"lazy\" decoding=\"async\" width=\"724\" height=\"407\" src=\"https:\/\/blog.myvideomedia.com\/wp-content\/uploads\/2013\/11\/lech-zuers-4.jpg\" alt=\"Lech am Arlberg\" class=\"wp-image-3895\" srcset=\"https:\/\/blog.myvideomedia.com\/wp-content\/uploads\/2013\/11\/lech-zuers-4.jpg 724w, https:\/\/blog.myvideomedia.com\/wp-content\/uploads\/2013\/11\/lech-zuers-4-300x168.jpg 300w\" sizes=\"auto, (max-width: 724px) 100vw, 724px\" \/><\/figure><\/div>\n\n\n\n<p>Text, Fotos und Video:&nbsp; Copyright \u00a9 <a rel=\"noopener noreferrer\" href=\"https:\/\/www.myvideomedia.de\/\" target=\"_blank\">myVideoMedia<\/a><\/p>\n","protected":false},"excerpt":{"rendered":"<p>Lech und Z\u00fcrs am Arlberg sind neben St. Anton die mond\u00e4nsten Wintersportorte im Arlberggebiet in \u00d6sterreich. \u00dcber die Flexenpa\u00df-Stra\u00dfe fahren wir Richtung Z\u00fcrs. Sie schmiegt sich malerisch in die Felswand, zeugt von hoher Ingenieurskunst und ist weitestgehend wintersicher durch \u00dcberdachungen und Tunnels. Hier sehen Sie das Video Sie sehen gerade einen Platzhalterinhalt von YouTube. Um [&hellip;]<\/p>\n","protected":false},"author":1,"featured_media":3893,"comment_status":"open","ping_status":"closed","sticky":false,"template":"","format":"standard","meta":{"_genesis_hide_title":false,"_genesis_hide_breadcrumbs":false,"_genesis_hide_singular_image":false,"_genesis_hide_footer_widgets":false,"_genesis_custom_body_class":"","_genesis_custom_post_class":"","_genesis_layout":"","footnotes":""},"categories":[1550,492,539],"tags":[466,469,453],"class_list":{"0":"post-5554","1":"post","2":"type-post","3":"status-publish","4":"format-standard","5":"has-post-thumbnail","7":"category-europa","8":"category-oesterreich","9":"category-vorarlberg_d","10":"tag-berge","11":"tag-natur","12":"tag-stadt","13":"entry"},"yoast_head":"<!-- This site is optimized with the Yoast SEO plugin v27.4 - https:\/\/yoast.com\/product\/yoast-seo-wordpress\/ -->\n<title>Lech und Zuers - Vorarlberg - \u00d6sterreich - Reise Video Blog<\/title>\n<meta name=\"description\" content=\"Lech und Z\u00fcrs am Arlberg sind neben St. Anton die mond\u00e4nsten Wintersportorte im Arlberggebiet in \u00d6sterreich.\" \/>\n<meta name=\"robots\" content=\"index, follow, max-snippet:-1, max-image-preview:large, max-video-preview:-1\" \/>\n<link rel=\"canonical\" href=\"https:\/\/blog.myvideomedia.com\/de\/lech-und-zuers\/\" \/>\n<meta property=\"og:locale\" content=\"de_DE\" \/>\n<meta property=\"og:type\" content=\"article\" \/>\n<meta property=\"og:title\" content=\"Lech und Zuers - Vorarlberg - \u00d6sterreich - Reise Video Blog\" \/>\n<meta property=\"og:description\" content=\"Lech und Z\u00fcrs am Arlberg sind neben St. Anton die mond\u00e4nsten Wintersportorte im Arlberggebiet in \u00d6sterreich.\" \/>\n<meta property=\"og:url\" content=\"https:\/\/blog.myvideomedia.com\/de\/lech-und-zuers\/\" \/>\n<meta property=\"og:site_name\" content=\"Reise Video Blog\" \/>\n<meta property=\"article:publisher\" content=\"https:\/\/www.facebook.com\/ursula.streit.520\" \/>\n<meta property=\"article:author\" content=\"https:\/\/www.facebook.com\/ursula.streit.520\" \/>\n<meta property=\"article:published_time\" content=\"2014-12-15T13:40:31+00:00\" \/>\n<meta property=\"article:modified_time\" content=\"2022-01-26T15:21:06+00:00\" \/>\n<meta property=\"og:image\" content=\"https:\/\/blog.myvideomedia.com\/wp-content\/uploads\/2013\/11\/lech-zuers-1.jpg\" \/>\n\t<meta property=\"og:image:width\" content=\"724\" \/>\n\t<meta property=\"og:image:height\" content=\"407\" \/>\n\t<meta property=\"og:image:type\" content=\"image\/jpeg\" \/>\n<meta name=\"author\" content=\"myVideoMedia\" \/>\n<meta name=\"twitter:card\" content=\"summary_large_image\" \/>\n<meta name=\"twitter:creator\" content=\"@myvideomedia\" \/>\n<meta name=\"twitter:site\" content=\"@myvideomedia\" \/>\n<meta name=\"twitter:label1\" content=\"Verfasst von\" \/>\n\t<meta name=\"twitter:data1\" content=\"myVideoMedia\" \/>\n\t<meta name=\"twitter:label2\" content=\"Gesch\u00e4tzte Lesezeit\" \/>\n\t<meta name=\"twitter:data2\" content=\"2\u00a0Minuten\" \/>\n<script type=\"application\/ld+json\" class=\"yoast-schema-graph\">{\"@context\":\"https:\\\/\\\/schema.org\",\"@graph\":[{\"@type\":\"Article\",\"@id\":\"https:\\\/\\\/blog.myvideomedia.com\\\/de\\\/lech-und-zuers\\\/#article\",\"isPartOf\":{\"@id\":\"https:\\\/\\\/blog.myvideomedia.com\\\/de\\\/lech-und-zuers\\\/\"},\"author\":{\"name\":\"myVideoMedia\",\"@id\":\"https:\\\/\\\/blog.myvideomedia.com\\\/de\\\/#\\\/schema\\\/person\\\/87be8fbbed69b1562242448c1c3dcbec\"},\"headline\":\"Lech und Zuers\",\"datePublished\":\"2014-12-15T13:40:31+00:00\",\"dateModified\":\"2022-01-26T15:21:06+00:00\",\"mainEntityOfPage\":{\"@id\":\"https:\\\/\\\/blog.myvideomedia.com\\\/de\\\/lech-und-zuers\\\/\"},\"wordCount\":174,\"commentCount\":0,\"publisher\":{\"@id\":\"https:\\\/\\\/blog.myvideomedia.com\\\/de\\\/#\\\/schema\\\/person\\\/87be8fbbed69b1562242448c1c3dcbec\"},\"image\":{\"@id\":\"https:\\\/\\\/blog.myvideomedia.com\\\/de\\\/lech-und-zuers\\\/#primaryimage\"},\"thumbnailUrl\":\"https:\\\/\\\/blog.myvideomedia.com\\\/wp-content\\\/uploads\\\/2013\\\/11\\\/lech-zuers-1.jpg\",\"keywords\":[\"Berge\",\"Natur\",\"Stadt\"],\"articleSection\":[\"Europa\",\"\u00d6sterreich\",\"Vorarlberg\"],\"inLanguage\":\"de\",\"potentialAction\":[{\"@type\":\"CommentAction\",\"name\":\"Comment\",\"target\":[\"https:\\\/\\\/blog.myvideomedia.com\\\/de\\\/lech-und-zuers\\\/#respond\"]}]},{\"@type\":\"WebPage\",\"@id\":\"https:\\\/\\\/blog.myvideomedia.com\\\/de\\\/lech-und-zuers\\\/\",\"url\":\"https:\\\/\\\/blog.myvideomedia.com\\\/de\\\/lech-und-zuers\\\/\",\"name\":\"Lech und Zuers - Vorarlberg - \u00d6sterreich - Reise Video Blog\",\"isPartOf\":{\"@id\":\"https:\\\/\\\/blog.myvideomedia.com\\\/de\\\/#website\"},\"primaryImageOfPage\":{\"@id\":\"https:\\\/\\\/blog.myvideomedia.com\\\/de\\\/lech-und-zuers\\\/#primaryimage\"},\"image\":{\"@id\":\"https:\\\/\\\/blog.myvideomedia.com\\\/de\\\/lech-und-zuers\\\/#primaryimage\"},\"thumbnailUrl\":\"https:\\\/\\\/blog.myvideomedia.com\\\/wp-content\\\/uploads\\\/2013\\\/11\\\/lech-zuers-1.jpg\",\"datePublished\":\"2014-12-15T13:40:31+00:00\",\"dateModified\":\"2022-01-26T15:21:06+00:00\",\"description\":\"Lech und Z\u00fcrs am Arlberg sind neben St. Anton die mond\u00e4nsten Wintersportorte im Arlberggebiet in \u00d6sterreich.\",\"breadcrumb\":{\"@id\":\"https:\\\/\\\/blog.myvideomedia.com\\\/de\\\/lech-und-zuers\\\/#breadcrumb\"},\"inLanguage\":\"de\",\"potentialAction\":[{\"@type\":\"ReadAction\",\"target\":[\"https:\\\/\\\/blog.myvideomedia.com\\\/de\\\/lech-und-zuers\\\/\"]}]},{\"@type\":\"ImageObject\",\"inLanguage\":\"de\",\"@id\":\"https:\\\/\\\/blog.myvideomedia.com\\\/de\\\/lech-und-zuers\\\/#primaryimage\",\"url\":\"https:\\\/\\\/blog.myvideomedia.com\\\/wp-content\\\/uploads\\\/2013\\\/11\\\/lech-zuers-1.jpg\",\"contentUrl\":\"https:\\\/\\\/blog.myvideomedia.com\\\/wp-content\\\/uploads\\\/2013\\\/11\\\/lech-zuers-1.jpg\",\"width\":724,\"height\":407,\"caption\":\"Lech und Z\u00fcrs\"},{\"@type\":\"BreadcrumbList\",\"@id\":\"https:\\\/\\\/blog.myvideomedia.com\\\/de\\\/lech-und-zuers\\\/#breadcrumb\",\"itemListElement\":[{\"@type\":\"ListItem\",\"position\":1,\"name\":\"Home\",\"item\":\"https:\\\/\\\/blog.myvideomedia.com\\\/de\\\/\"},{\"@type\":\"ListItem\",\"position\":2,\"name\":\"Lech und Zuers\"}]},{\"@type\":\"WebSite\",\"@id\":\"https:\\\/\\\/blog.myvideomedia.com\\\/de\\\/#website\",\"url\":\"https:\\\/\\\/blog.myvideomedia.com\\\/de\\\/\",\"name\":\"Travel Video Blog\",\"description\":\"myVideoMedia Reisetipps und Reisevideos\",\"publisher\":{\"@id\":\"https:\\\/\\\/blog.myvideomedia.com\\\/de\\\/#\\\/schema\\\/person\\\/87be8fbbed69b1562242448c1c3dcbec\"},\"potentialAction\":[{\"@type\":\"SearchAction\",\"target\":{\"@type\":\"EntryPoint\",\"urlTemplate\":\"https:\\\/\\\/blog.myvideomedia.com\\\/de\\\/?s={search_term_string}\"},\"query-input\":{\"@type\":\"PropertyValueSpecification\",\"valueRequired\":true,\"valueName\":\"search_term_string\"}}],\"inLanguage\":\"de\"},{\"@type\":[\"Person\",\"Organization\"],\"@id\":\"https:\\\/\\\/blog.myvideomedia.com\\\/de\\\/#\\\/schema\\\/person\\\/87be8fbbed69b1562242448c1c3dcbec\",\"name\":\"myVideoMedia\",\"image\":{\"@type\":\"ImageObject\",\"inLanguage\":\"de\",\"@id\":\"https:\\\/\\\/secure.gravatar.com\\\/avatar\\\/460720160715ef8975b781abd1b6985e55ce2f01567bb6757bebd73e7cf74c97?s=96&d=mm&r=g\",\"url\":\"https:\\\/\\\/secure.gravatar.com\\\/avatar\\\/460720160715ef8975b781abd1b6985e55ce2f01567bb6757bebd73e7cf74c97?s=96&d=mm&r=g\",\"contentUrl\":\"https:\\\/\\\/secure.gravatar.com\\\/avatar\\\/460720160715ef8975b781abd1b6985e55ce2f01567bb6757bebd73e7cf74c97?s=96&d=mm&r=g\",\"caption\":\"myVideoMedia\"},\"logo\":{\"@id\":\"https:\\\/\\\/secure.gravatar.com\\\/avatar\\\/460720160715ef8975b781abd1b6985e55ce2f01567bb6757bebd73e7cf74c97?s=96&d=mm&r=g\"},\"description\":\"\\\"The World is a book, and those who do not travel read only a page\\\" - Aurelius Augustinus (354 - 430 AD) Travel is our passion. With our posts and videos we like to inspire people who are planning or preparing for holidays as well as people who simply want to escape from everyday life and dream of faraway countries.\",\"sameAs\":[\"https:\\\/\\\/www.myvideomedia.com\",\"https:\\\/\\\/www.facebook.com\\\/ursula.streit.520\"],\"url\":\"https:\\\/\\\/blog.myvideomedia.com\\\/de\\\/author\\\/traveladm\\\/\"}]}<\/script>\n<!-- \/ Yoast SEO plugin. -->","yoast_head_json":{"title":"Lech und Zuers - Vorarlberg - \u00d6sterreich - Reise Video Blog","description":"Lech und Z\u00fcrs am Arlberg sind neben St. Anton die mond\u00e4nsten Wintersportorte im Arlberggebiet in \u00d6sterreich.","robots":{"index":"index","follow":"follow","max-snippet":"max-snippet:-1","max-image-preview":"max-image-preview:large","max-video-preview":"max-video-preview:-1"},"canonical":"https:\/\/blog.myvideomedia.com\/de\/lech-und-zuers\/","og_locale":"de_DE","og_type":"article","og_title":"Lech und Zuers - Vorarlberg - \u00d6sterreich - Reise Video Blog","og_description":"Lech und Z\u00fcrs am Arlberg sind neben St. Anton die mond\u00e4nsten Wintersportorte im Arlberggebiet in \u00d6sterreich.","og_url":"https:\/\/blog.myvideomedia.com\/de\/lech-und-zuers\/","og_site_name":"Reise Video Blog","article_publisher":"https:\/\/www.facebook.com\/ursula.streit.520","article_author":"https:\/\/www.facebook.com\/ursula.streit.520","article_published_time":"2014-12-15T13:40:31+00:00","article_modified_time":"2022-01-26T15:21:06+00:00","og_image":[{"width":724,"height":407,"url":"https:\/\/blog.myvideomedia.com\/wp-content\/uploads\/2013\/11\/lech-zuers-1.jpg","type":"image\/jpeg"}],"author":"myVideoMedia","twitter_card":"summary_large_image","twitter_creator":"@myvideomedia","twitter_site":"@myvideomedia","twitter_misc":{"Verfasst von":"myVideoMedia","Gesch\u00e4tzte Lesezeit":"2\u00a0Minuten"},"schema":{"@context":"https:\/\/schema.org","@graph":[{"@type":"Article","@id":"https:\/\/blog.myvideomedia.com\/de\/lech-und-zuers\/#article","isPartOf":{"@id":"https:\/\/blog.myvideomedia.com\/de\/lech-und-zuers\/"},"author":{"name":"myVideoMedia","@id":"https:\/\/blog.myvideomedia.com\/de\/#\/schema\/person\/87be8fbbed69b1562242448c1c3dcbec"},"headline":"Lech und Zuers","datePublished":"2014-12-15T13:40:31+00:00","dateModified":"2022-01-26T15:21:06+00:00","mainEntityOfPage":{"@id":"https:\/\/blog.myvideomedia.com\/de\/lech-und-zuers\/"},"wordCount":174,"commentCount":0,"publisher":{"@id":"https:\/\/blog.myvideomedia.com\/de\/#\/schema\/person\/87be8fbbed69b1562242448c1c3dcbec"},"image":{"@id":"https:\/\/blog.myvideomedia.com\/de\/lech-und-zuers\/#primaryimage"},"thumbnailUrl":"https:\/\/blog.myvideomedia.com\/wp-content\/uploads\/2013\/11\/lech-zuers-1.jpg","keywords":["Berge","Natur","Stadt"],"articleSection":["Europa","\u00d6sterreich","Vorarlberg"],"inLanguage":"de","potentialAction":[{"@type":"CommentAction","name":"Comment","target":["https:\/\/blog.myvideomedia.com\/de\/lech-und-zuers\/#respond"]}]},{"@type":"WebPage","@id":"https:\/\/blog.myvideomedia.com\/de\/lech-und-zuers\/","url":"https:\/\/blog.myvideomedia.com\/de\/lech-und-zuers\/","name":"Lech und Zuers - Vorarlberg - \u00d6sterreich - Reise Video Blog","isPartOf":{"@id":"https:\/\/blog.myvideomedia.com\/de\/#website"},"primaryImageOfPage":{"@id":"https:\/\/blog.myvideomedia.com\/de\/lech-und-zuers\/#primaryimage"},"image":{"@id":"https:\/\/blog.myvideomedia.com\/de\/lech-und-zuers\/#primaryimage"},"thumbnailUrl":"https:\/\/blog.myvideomedia.com\/wp-content\/uploads\/2013\/11\/lech-zuers-1.jpg","datePublished":"2014-12-15T13:40:31+00:00","dateModified":"2022-01-26T15:21:06+00:00","description":"Lech und Z\u00fcrs am Arlberg sind neben St. Anton die mond\u00e4nsten Wintersportorte im Arlberggebiet in \u00d6sterreich.","breadcrumb":{"@id":"https:\/\/blog.myvideomedia.com\/de\/lech-und-zuers\/#breadcrumb"},"inLanguage":"de","potentialAction":[{"@type":"ReadAction","target":["https:\/\/blog.myvideomedia.com\/de\/lech-und-zuers\/"]}]},{"@type":"ImageObject","inLanguage":"de","@id":"https:\/\/blog.myvideomedia.com\/de\/lech-und-zuers\/#primaryimage","url":"https:\/\/blog.myvideomedia.com\/wp-content\/uploads\/2013\/11\/lech-zuers-1.jpg","contentUrl":"https:\/\/blog.myvideomedia.com\/wp-content\/uploads\/2013\/11\/lech-zuers-1.jpg","width":724,"height":407,"caption":"Lech und Z\u00fcrs"},{"@type":"BreadcrumbList","@id":"https:\/\/blog.myvideomedia.com\/de\/lech-und-zuers\/#breadcrumb","itemListElement":[{"@type":"ListItem","position":1,"name":"Home","item":"https:\/\/blog.myvideomedia.com\/de\/"},{"@type":"ListItem","position":2,"name":"Lech und Zuers"}]},{"@type":"WebSite","@id":"https:\/\/blog.myvideomedia.com\/de\/#website","url":"https:\/\/blog.myvideomedia.com\/de\/","name":"Travel Video Blog","description":"myVideoMedia Reisetipps und Reisevideos","publisher":{"@id":"https:\/\/blog.myvideomedia.com\/de\/#\/schema\/person\/87be8fbbed69b1562242448c1c3dcbec"},"potentialAction":[{"@type":"SearchAction","target":{"@type":"EntryPoint","urlTemplate":"https:\/\/blog.myvideomedia.com\/de\/?s={search_term_string}"},"query-input":{"@type":"PropertyValueSpecification","valueRequired":true,"valueName":"search_term_string"}}],"inLanguage":"de"},{"@type":["Person","Organization"],"@id":"https:\/\/blog.myvideomedia.com\/de\/#\/schema\/person\/87be8fbbed69b1562242448c1c3dcbec","name":"myVideoMedia","image":{"@type":"ImageObject","inLanguage":"de","@id":"https:\/\/secure.gravatar.com\/avatar\/460720160715ef8975b781abd1b6985e55ce2f01567bb6757bebd73e7cf74c97?s=96&d=mm&r=g","url":"https:\/\/secure.gravatar.com\/avatar\/460720160715ef8975b781abd1b6985e55ce2f01567bb6757bebd73e7cf74c97?s=96&d=mm&r=g","contentUrl":"https:\/\/secure.gravatar.com\/avatar\/460720160715ef8975b781abd1b6985e55ce2f01567bb6757bebd73e7cf74c97?s=96&d=mm&r=g","caption":"myVideoMedia"},"logo":{"@id":"https:\/\/secure.gravatar.com\/avatar\/460720160715ef8975b781abd1b6985e55ce2f01567bb6757bebd73e7cf74c97?s=96&d=mm&r=g"},"description":"\"The World is a book, and those who do not travel read only a page\" - Aurelius Augustinus (354 - 430 AD) Travel is our passion. With our posts and videos we like to inspire people who are planning or preparing for holidays as well as people who simply want to escape from everyday life and dream of faraway countries.","sameAs":["https:\/\/www.myvideomedia.com","https:\/\/www.facebook.com\/ursula.streit.520"],"url":"https:\/\/blog.myvideomedia.com\/de\/author\/traveladm\/"}]}},"featured_image_src":"https:\/\/blog.myvideomedia.com\/wp-content\/uploads\/2013\/11\/lech-zuers-1.jpg","featured_image_src_square":"https:\/\/blog.myvideomedia.com\/wp-content\/uploads\/2013\/11\/lech-zuers-1.jpg","author_info":{"display_name":"myVideoMedia","author_link":"https:\/\/blog.myvideomedia.com\/de\/author\/traveladm\/"},"_links":{"self":[{"href":"https:\/\/blog.myvideomedia.com\/de\/wp-json\/wp\/v2\/posts\/5554","targetHints":{"allow":["GET"]}}],"collection":[{"href":"https:\/\/blog.myvideomedia.com\/de\/wp-json\/wp\/v2\/posts"}],"about":[{"href":"https:\/\/blog.myvideomedia.com\/de\/wp-json\/wp\/v2\/types\/post"}],"author":[{"embeddable":true,"href":"https:\/\/blog.myvideomedia.com\/de\/wp-json\/wp\/v2\/users\/1"}],"replies":[{"embeddable":true,"href":"https:\/\/blog.myvideomedia.com\/de\/wp-json\/wp\/v2\/comments?post=5554"}],"version-history":[{"count":0,"href":"https:\/\/blog.myvideomedia.com\/de\/wp-json\/wp\/v2\/posts\/5554\/revisions"}],"wp:featuredmedia":[{"embeddable":true,"href":"https:\/\/blog.myvideomedia.com\/de\/wp-json\/wp\/v2\/media\/3893"}],"wp:attachment":[{"href":"https:\/\/blog.myvideomedia.com\/de\/wp-json\/wp\/v2\/media?parent=5554"}],"wp:term":[{"taxonomy":"category","embeddable":true,"href":"https:\/\/blog.myvideomedia.com\/de\/wp-json\/wp\/v2\/categories?post=5554"},{"taxonomy":"post_tag","embeddable":true,"href":"https:\/\/blog.myvideomedia.com\/de\/wp-json\/wp\/v2\/tags?post=5554"}],"curies":[{"name":"wp","href":"https:\/\/api.w.org\/{rel}","templated":true}]}}