{"id":5632,"date":"2014-12-18T12:02:12","date_gmt":"2014-12-18T11:02:12","guid":{"rendered":"https:\/\/blog.myvideomedia.com\/?p=5632"},"modified":"2022-01-14T16:54:23","modified_gmt":"2022-01-14T15:54:23","slug":"syntagma-platz-athen","status":"publish","type":"post","link":"https:\/\/blog.myvideomedia.com\/de\/syntagma-platz-athen\/","title":{"rendered":"Syntagma Platz \u2013 Athen"},"content":{"rendered":"\n<p>Der Syntagma Platz bildet das Zentrum Athens. Im Osten ist er durch das Parlamentsgeb\u00e4ude, dem ehemaligen k\u00f6niglichen Schloss begrenzt.<\/p>\n\n\n\n<h3 class=\"wp-block-heading\"><a href=\"https:\/\/youtu.be\/fSzOT7stYEI\" target=\"_blank\" rel=\"noopener nofollow\">Hier sehen Sie das Video<\/a><\/h3>\n\n\n\n<figure> <div class=\"brlbs-cmpnt-container brlbs-cmpnt-content-blocker brlbs-cmpnt-with-individual-styles\" data-borlabs-cookie-content-blocker-id=\"youtube-content-blocker\" data-borlabs-cookie-content=\"PGlmcmFtZSBzcmM9Ii8vd3d3LnlvdXR1YmUtbm9jb29raWUuY29tL2VtYmVkL2ZTek9UN3N0WUVJIiB3aWR0aD0iNjAwIiBoZWlnaHQ9IjMzOCI+PC9pZnJhbWU+\"><div class=\"brlbs-cmpnt-cb-preset-c brlbs-cmpnt-cb-youtube\"> <div class=\"brlbs-cmpnt-cb-thumbnail\" style=\"background-image: url('https:\/\/blog.myvideomedia.com\/wp-content\/uploads\/borlabs-cookie\/1\/yt_fSzOT7stYEI_hqdefault.jpg')\"><\/div> <div class=\"brlbs-cmpnt-cb-main\"> <div class=\"brlbs-cmpnt-cb-play-button\"><\/div> <div class=\"brlbs-cmpnt-cb-content\"> <p class=\"brlbs-cmpnt-cb-description\">Sie sehen gerade einen Platzhalterinhalt von <strong>YouTube<\/strong>. Um auf den eigentlichen Inhalt zuzugreifen, klicken Sie auf die Schaltfl\u00e4che unten. Bitte beachten Sie, dass dabei Daten an Drittanbieter weitergegeben werden.<\/p> <a class=\"brlbs-cmpnt-cb-provider-toggle\" href=\"#\" data-borlabs-cookie-show-provider-information role=\"button\">Mehr Informationen<\/a> <\/div> <div class=\"brlbs-cmpnt-cb-buttons\"> <a class=\"brlbs-cmpnt-cb-btn\" href=\"#\" data-borlabs-cookie-unblock role=\"button\">Inhalt entsperren<\/a> <a class=\"brlbs-cmpnt-cb-btn\" href=\"#\" data-borlabs-cookie-accept-service role=\"button\" style=\"display: inherit\">Erforderlichen Service akzeptieren und Inhalte entsperren<\/a> <\/div> <\/div> <\/div><\/div><\/figure>\n\n\n\n<p>Davor liegt das Grab des unbekannten Soldaten, an dem st\u00fcndlich ein Wachwechsel der Evzonen, der Pr\u00e4sidialgarde, die aus den ehemaligen k\u00f6niglichen Leibgarden hervorgingen, stattfindet.<\/p>\n\n\n\n<div class=\"wp-block-image is-style-default\"><figure class=\"aligncenter\"><img loading=\"lazy\" decoding=\"async\" width=\"1024\" height=\"576\" src=\"https:\/\/blog.myvideomedia.com\/wp-content\/uploads\/2011\/12\/Athen-Syntagma-2-1024x576.jpg\" alt=\"Syntagma Platz Athen\" class=\"wp-image-4666\" srcset=\"https:\/\/blog.myvideomedia.com\/wp-content\/uploads\/2011\/12\/Athen-Syntagma-2-1024x576.jpg 1024w, https:\/\/blog.myvideomedia.com\/wp-content\/uploads\/2011\/12\/Athen-Syntagma-2-300x168.jpg 300w, https:\/\/blog.myvideomedia.com\/wp-content\/uploads\/2011\/12\/Athen-Syntagma-2-600x337.jpg 600w, https:\/\/blog.myvideomedia.com\/wp-content\/uploads\/2011\/12\/Athen-Syntagma-2.jpg 1080w\" sizes=\"auto, (max-width: 1024px) 100vw, 1024px\" \/><\/figure><\/div>\n\n\n\n<p>Die Uniform dieses Eliteregiments wurde von K\u00f6nigin Amalie, der ersten griechischen K\u00f6nigin entworfen.<\/p>\n\n\n\n<div class=\"wp-block-image is-style-default\"><figure class=\"aligncenter\"><img loading=\"lazy\" decoding=\"async\" width=\"1024\" height=\"576\" src=\"https:\/\/blog.myvideomedia.com\/wp-content\/uploads\/2011\/12\/Athen-Syntagma-1-1024x576.jpg\" alt=\"Wachwechsel Syntagma Platz\" class=\"wp-image-4665\" srcset=\"https:\/\/blog.myvideomedia.com\/wp-content\/uploads\/2011\/12\/Athen-Syntagma-1-1024x576.jpg 1024w, https:\/\/blog.myvideomedia.com\/wp-content\/uploads\/2011\/12\/Athen-Syntagma-1-300x168.jpg 300w, https:\/\/blog.myvideomedia.com\/wp-content\/uploads\/2011\/12\/Athen-Syntagma-1-600x337.jpg 600w, https:\/\/blog.myvideomedia.com\/wp-content\/uploads\/2011\/12\/Athen-Syntagma-1.jpg 1080w\" sizes=\"auto, (max-width: 1024px) 100vw, 1024px\" \/><\/figure><\/div>\n\n\n\n<p>In Griechenland ist an allen gr\u00f6\u00dferen Pl\u00e4tzen der Zugriff auf das Internet mittels W-LAN m\u00f6glich. Eine britische K\u00f6chin, die st\u00e4ndig weltweit in unterschiedlichen Restaurants arbeitet, erledigt hier ihre Post bevor sie nach Bali weiterfliegt.<\/p>\n\n\n\n<p>Im Westen m\u00fcndet der Syntagma Platz in der Odos Ermou, der Strasse der Hermes \u2013 Athens wichtigster Einkaufsmeile.<\/p>\n\n\n\n<p>Weitere Informationen \u00fcber Athen:<\/p>\n\n\n\n<ul class=\"wp-block-list\"><li><a title=\"Agora \u2013 Athen\" href=\"https:\/\/blog.myvideomedia.com\/de\/agora-athen-2\/\">Agora<\/a><\/li><li><a title=\"Akropolis Athen\" href=\"https:\/\/blog.myvideomedia.com\/de\/akropolis-athen\/\">Akropolis<\/a><\/li><li><a title=\"Plaka \u2013 Athen\" href=\"https:\/\/blog.myvideomedia.com\/de\/plaka-athen\/\">Plaka<\/a><\/li><\/ul>\n\n\n\n<p>Text, Fotos und Video: Copyright \u00a9 <a title=\"videoproduktion\" href=\"https:\/\/www.myvideomedia.com\/de\" target=\"_blank\" rel=\"noopener\">myVideoMedia<\/a><\/p>\n","protected":false},"excerpt":{"rendered":"<p>Der Syntagma Platz bildet das Zentrum Athens. Im Osten ist er durch das Parlamentsgeb\u00e4ude, dem ehemaligen k\u00f6niglichen Schloss begrenzt. Hier sehen Sie das Video Sie sehen gerade einen Platzhalterinhalt von YouTube. Um auf den eigentlichen Inhalt zuzugreifen, klicken Sie auf die Schaltfl\u00e4che unten. Bitte beachten Sie, dass dabei Daten an Drittanbieter weitergegeben werden. Mehr Informationen [&hellip;]<\/p>\n","protected":false},"author":1,"featured_media":4666,"comment_status":"open","ping_status":"closed","sticky":false,"template":"","format":"standard","meta":{"_genesis_hide_title":false,"_genesis_hide_breadcrumbs":false,"_genesis_hide_singular_image":false,"_genesis_hide_footer_widgets":false,"_genesis_custom_body_class":"","_genesis_custom_post_class":"","_genesis_layout":"","footnotes":""},"categories":[508,1550,506],"tags":[447,456,455,470,453],"class_list":{"0":"post-5632","1":"post","2":"type-post","3":"status-publish","4":"format-standard","5":"has-post-thumbnail","7":"category-athen","8":"category-europa","9":"category-griechenland","10":"tag-architektur","11":"tag-event-de","12":"tag-kultur","13":"tag-menschen","14":"tag-stadt","15":"entry"},"yoast_head":"<!-- This site is optimized with the Yoast SEO plugin v27.4 - https:\/\/yoast.com\/product\/yoast-seo-wordpress\/ -->\n<title>Syntagma Platz \u2013 Athen - Griechenland - Reise Video Blog<\/title>\n<meta name=\"description\" content=\"Der Syntagma Platz bildet das Zentrum Athens. Davor liegt das Grab des unbekannten Soldaten, an dem st\u00fcndlich ein Wachwechsel der Evzonen stattfindet.\" \/>\n<meta name=\"robots\" content=\"index, follow, max-snippet:-1, max-image-preview:large, max-video-preview:-1\" \/>\n<link rel=\"canonical\" href=\"https:\/\/blog.myvideomedia.com\/de\/syntagma-platz-athen\/\" \/>\n<meta property=\"og:locale\" content=\"de_DE\" \/>\n<meta property=\"og:type\" content=\"article\" \/>\n<meta property=\"og:title\" content=\"Syntagma Platz \u2013 Athen - Griechenland - Reise Video Blog\" \/>\n<meta property=\"og:description\" content=\"Der Syntagma Platz bildet das Zentrum Athens. Davor liegt das Grab des unbekannten Soldaten, an dem st\u00fcndlich ein Wachwechsel der Evzonen stattfindet.\" \/>\n<meta property=\"og:url\" content=\"https:\/\/blog.myvideomedia.com\/de\/syntagma-platz-athen\/\" \/>\n<meta property=\"og:site_name\" content=\"Reise Video Blog\" \/>\n<meta property=\"article:publisher\" content=\"https:\/\/www.facebook.com\/ursula.streit.520\" \/>\n<meta property=\"article:author\" content=\"https:\/\/www.facebook.com\/ursula.streit.520\" \/>\n<meta property=\"article:published_time\" content=\"2014-12-18T11:02:12+00:00\" \/>\n<meta property=\"article:modified_time\" content=\"2022-01-14T15:54:23+00:00\" \/>\n<meta property=\"og:image\" content=\"https:\/\/blog.myvideomedia.com\/wp-content\/uploads\/2011\/12\/Athen-Syntagma-2.jpg\" \/>\n\t<meta property=\"og:image:width\" content=\"1080\" \/>\n\t<meta property=\"og:image:height\" content=\"608\" \/>\n\t<meta property=\"og:image:type\" content=\"image\/jpeg\" \/>\n<meta name=\"author\" content=\"myVideoMedia\" \/>\n<meta name=\"twitter:card\" content=\"summary_large_image\" \/>\n<meta name=\"twitter:creator\" content=\"@myvideomedia\" \/>\n<meta name=\"twitter:site\" content=\"@myvideomedia\" \/>\n<meta name=\"twitter:label1\" content=\"Verfasst von\" \/>\n\t<meta name=\"twitter:data1\" content=\"myVideoMedia\" \/>\n\t<meta name=\"twitter:label2\" content=\"Gesch\u00e4tzte Lesezeit\" \/>\n\t<meta name=\"twitter:data2\" content=\"2\u00a0Minuten\" \/>\n<script type=\"application\/ld+json\" class=\"yoast-schema-graph\">{\"@context\":\"https:\\\/\\\/schema.org\",\"@graph\":[{\"@type\":\"Article\",\"@id\":\"https:\\\/\\\/blog.myvideomedia.com\\\/de\\\/syntagma-platz-athen\\\/#article\",\"isPartOf\":{\"@id\":\"https:\\\/\\\/blog.myvideomedia.com\\\/de\\\/syntagma-platz-athen\\\/\"},\"author\":{\"name\":\"myVideoMedia\",\"@id\":\"https:\\\/\\\/blog.myvideomedia.com\\\/de\\\/#\\\/schema\\\/person\\\/87be8fbbed69b1562242448c1c3dcbec\"},\"headline\":\"Syntagma Platz \u2013 Athen\",\"datePublished\":\"2014-12-18T11:02:12+00:00\",\"dateModified\":\"2022-01-14T15:54:23+00:00\",\"mainEntityOfPage\":{\"@id\":\"https:\\\/\\\/blog.myvideomedia.com\\\/de\\\/syntagma-platz-athen\\\/\"},\"wordCount\":141,\"commentCount\":0,\"publisher\":{\"@id\":\"https:\\\/\\\/blog.myvideomedia.com\\\/de\\\/#\\\/schema\\\/person\\\/87be8fbbed69b1562242448c1c3dcbec\"},\"image\":{\"@id\":\"https:\\\/\\\/blog.myvideomedia.com\\\/de\\\/syntagma-platz-athen\\\/#primaryimage\"},\"thumbnailUrl\":\"https:\\\/\\\/blog.myvideomedia.com\\\/wp-content\\\/uploads\\\/2011\\\/12\\\/Athen-Syntagma-2.jpg\",\"keywords\":[\"Architektur\",\"Event\",\"Kultur\",\"Menschen\",\"Stadt\"],\"articleSection\":[\"Athen\",\"Europa\",\"Griechenland\"],\"inLanguage\":\"de\",\"potentialAction\":[{\"@type\":\"CommentAction\",\"name\":\"Comment\",\"target\":[\"https:\\\/\\\/blog.myvideomedia.com\\\/de\\\/syntagma-platz-athen\\\/#respond\"]}]},{\"@type\":\"WebPage\",\"@id\":\"https:\\\/\\\/blog.myvideomedia.com\\\/de\\\/syntagma-platz-athen\\\/\",\"url\":\"https:\\\/\\\/blog.myvideomedia.com\\\/de\\\/syntagma-platz-athen\\\/\",\"name\":\"Syntagma Platz \u2013 Athen - Griechenland - Reise Video Blog\",\"isPartOf\":{\"@id\":\"https:\\\/\\\/blog.myvideomedia.com\\\/de\\\/#website\"},\"primaryImageOfPage\":{\"@id\":\"https:\\\/\\\/blog.myvideomedia.com\\\/de\\\/syntagma-platz-athen\\\/#primaryimage\"},\"image\":{\"@id\":\"https:\\\/\\\/blog.myvideomedia.com\\\/de\\\/syntagma-platz-athen\\\/#primaryimage\"},\"thumbnailUrl\":\"https:\\\/\\\/blog.myvideomedia.com\\\/wp-content\\\/uploads\\\/2011\\\/12\\\/Athen-Syntagma-2.jpg\",\"datePublished\":\"2014-12-18T11:02:12+00:00\",\"dateModified\":\"2022-01-14T15:54:23+00:00\",\"description\":\"Der Syntagma Platz bildet das Zentrum Athens. Davor liegt das Grab des unbekannten Soldaten, an dem st\u00fcndlich ein Wachwechsel der Evzonen stattfindet.\",\"breadcrumb\":{\"@id\":\"https:\\\/\\\/blog.myvideomedia.com\\\/de\\\/syntagma-platz-athen\\\/#breadcrumb\"},\"inLanguage\":\"de\",\"potentialAction\":[{\"@type\":\"ReadAction\",\"target\":[\"https:\\\/\\\/blog.myvideomedia.com\\\/de\\\/syntagma-platz-athen\\\/\"]}]},{\"@type\":\"ImageObject\",\"inLanguage\":\"de\",\"@id\":\"https:\\\/\\\/blog.myvideomedia.com\\\/de\\\/syntagma-platz-athen\\\/#primaryimage\",\"url\":\"https:\\\/\\\/blog.myvideomedia.com\\\/wp-content\\\/uploads\\\/2011\\\/12\\\/Athen-Syntagma-2.jpg\",\"contentUrl\":\"https:\\\/\\\/blog.myvideomedia.com\\\/wp-content\\\/uploads\\\/2011\\\/12\\\/Athen-Syntagma-2.jpg\",\"width\":1080,\"height\":608,\"caption\":\"Syntagma Platz Athen\"},{\"@type\":\"BreadcrumbList\",\"@id\":\"https:\\\/\\\/blog.myvideomedia.com\\\/de\\\/syntagma-platz-athen\\\/#breadcrumb\",\"itemListElement\":[{\"@type\":\"ListItem\",\"position\":1,\"name\":\"Home\",\"item\":\"https:\\\/\\\/blog.myvideomedia.com\\\/de\\\/\"},{\"@type\":\"ListItem\",\"position\":2,\"name\":\"Syntagma Platz \u2013 Athen\"}]},{\"@type\":\"WebSite\",\"@id\":\"https:\\\/\\\/blog.myvideomedia.com\\\/de\\\/#website\",\"url\":\"https:\\\/\\\/blog.myvideomedia.com\\\/de\\\/\",\"name\":\"Travel Video Blog\",\"description\":\"myVideoMedia Reisetipps und Reisevideos\",\"publisher\":{\"@id\":\"https:\\\/\\\/blog.myvideomedia.com\\\/de\\\/#\\\/schema\\\/person\\\/87be8fbbed69b1562242448c1c3dcbec\"},\"potentialAction\":[{\"@type\":\"SearchAction\",\"target\":{\"@type\":\"EntryPoint\",\"urlTemplate\":\"https:\\\/\\\/blog.myvideomedia.com\\\/de\\\/?s={search_term_string}\"},\"query-input\":{\"@type\":\"PropertyValueSpecification\",\"valueRequired\":true,\"valueName\":\"search_term_string\"}}],\"inLanguage\":\"de\"},{\"@type\":[\"Person\",\"Organization\"],\"@id\":\"https:\\\/\\\/blog.myvideomedia.com\\\/de\\\/#\\\/schema\\\/person\\\/87be8fbbed69b1562242448c1c3dcbec\",\"name\":\"myVideoMedia\",\"image\":{\"@type\":\"ImageObject\",\"inLanguage\":\"de\",\"@id\":\"https:\\\/\\\/secure.gravatar.com\\\/avatar\\\/460720160715ef8975b781abd1b6985e55ce2f01567bb6757bebd73e7cf74c97?s=96&d=mm&r=g\",\"url\":\"https:\\\/\\\/secure.gravatar.com\\\/avatar\\\/460720160715ef8975b781abd1b6985e55ce2f01567bb6757bebd73e7cf74c97?s=96&d=mm&r=g\",\"contentUrl\":\"https:\\\/\\\/secure.gravatar.com\\\/avatar\\\/460720160715ef8975b781abd1b6985e55ce2f01567bb6757bebd73e7cf74c97?s=96&d=mm&r=g\",\"caption\":\"myVideoMedia\"},\"logo\":{\"@id\":\"https:\\\/\\\/secure.gravatar.com\\\/avatar\\\/460720160715ef8975b781abd1b6985e55ce2f01567bb6757bebd73e7cf74c97?s=96&d=mm&r=g\"},\"description\":\"\\\"The World is a book, and those who do not travel read only a page\\\" - Aurelius Augustinus (354 - 430 AD) Travel is our passion. With our posts and videos we like to inspire people who are planning or preparing for holidays as well as people who simply want to escape from everyday life and dream of faraway countries.\",\"sameAs\":[\"https:\\\/\\\/www.myvideomedia.com\",\"https:\\\/\\\/www.facebook.com\\\/ursula.streit.520\"],\"url\":\"https:\\\/\\\/blog.myvideomedia.com\\\/de\\\/author\\\/traveladm\\\/\"}]}<\/script>\n<!-- \/ Yoast SEO plugin. -->","yoast_head_json":{"title":"Syntagma Platz \u2013 Athen - Griechenland - Reise Video Blog","description":"Der Syntagma Platz bildet das Zentrum Athens. Davor liegt das Grab des unbekannten Soldaten, an dem st\u00fcndlich ein Wachwechsel der Evzonen stattfindet.","robots":{"index":"index","follow":"follow","max-snippet":"max-snippet:-1","max-image-preview":"max-image-preview:large","max-video-preview":"max-video-preview:-1"},"canonical":"https:\/\/blog.myvideomedia.com\/de\/syntagma-platz-athen\/","og_locale":"de_DE","og_type":"article","og_title":"Syntagma Platz \u2013 Athen - Griechenland - Reise Video Blog","og_description":"Der Syntagma Platz bildet das Zentrum Athens. Davor liegt das Grab des unbekannten Soldaten, an dem st\u00fcndlich ein Wachwechsel der Evzonen stattfindet.","og_url":"https:\/\/blog.myvideomedia.com\/de\/syntagma-platz-athen\/","og_site_name":"Reise Video Blog","article_publisher":"https:\/\/www.facebook.com\/ursula.streit.520","article_author":"https:\/\/www.facebook.com\/ursula.streit.520","article_published_time":"2014-12-18T11:02:12+00:00","article_modified_time":"2022-01-14T15:54:23+00:00","og_image":[{"width":1080,"height":608,"url":"https:\/\/blog.myvideomedia.com\/wp-content\/uploads\/2011\/12\/Athen-Syntagma-2.jpg","type":"image\/jpeg"}],"author":"myVideoMedia","twitter_card":"summary_large_image","twitter_creator":"@myvideomedia","twitter_site":"@myvideomedia","twitter_misc":{"Verfasst von":"myVideoMedia","Gesch\u00e4tzte Lesezeit":"2\u00a0Minuten"},"schema":{"@context":"https:\/\/schema.org","@graph":[{"@type":"Article","@id":"https:\/\/blog.myvideomedia.com\/de\/syntagma-platz-athen\/#article","isPartOf":{"@id":"https:\/\/blog.myvideomedia.com\/de\/syntagma-platz-athen\/"},"author":{"name":"myVideoMedia","@id":"https:\/\/blog.myvideomedia.com\/de\/#\/schema\/person\/87be8fbbed69b1562242448c1c3dcbec"},"headline":"Syntagma Platz \u2013 Athen","datePublished":"2014-12-18T11:02:12+00:00","dateModified":"2022-01-14T15:54:23+00:00","mainEntityOfPage":{"@id":"https:\/\/blog.myvideomedia.com\/de\/syntagma-platz-athen\/"},"wordCount":141,"commentCount":0,"publisher":{"@id":"https:\/\/blog.myvideomedia.com\/de\/#\/schema\/person\/87be8fbbed69b1562242448c1c3dcbec"},"image":{"@id":"https:\/\/blog.myvideomedia.com\/de\/syntagma-platz-athen\/#primaryimage"},"thumbnailUrl":"https:\/\/blog.myvideomedia.com\/wp-content\/uploads\/2011\/12\/Athen-Syntagma-2.jpg","keywords":["Architektur","Event","Kultur","Menschen","Stadt"],"articleSection":["Athen","Europa","Griechenland"],"inLanguage":"de","potentialAction":[{"@type":"CommentAction","name":"Comment","target":["https:\/\/blog.myvideomedia.com\/de\/syntagma-platz-athen\/#respond"]}]},{"@type":"WebPage","@id":"https:\/\/blog.myvideomedia.com\/de\/syntagma-platz-athen\/","url":"https:\/\/blog.myvideomedia.com\/de\/syntagma-platz-athen\/","name":"Syntagma Platz \u2013 Athen - Griechenland - Reise Video Blog","isPartOf":{"@id":"https:\/\/blog.myvideomedia.com\/de\/#website"},"primaryImageOfPage":{"@id":"https:\/\/blog.myvideomedia.com\/de\/syntagma-platz-athen\/#primaryimage"},"image":{"@id":"https:\/\/blog.myvideomedia.com\/de\/syntagma-platz-athen\/#primaryimage"},"thumbnailUrl":"https:\/\/blog.myvideomedia.com\/wp-content\/uploads\/2011\/12\/Athen-Syntagma-2.jpg","datePublished":"2014-12-18T11:02:12+00:00","dateModified":"2022-01-14T15:54:23+00:00","description":"Der Syntagma Platz bildet das Zentrum Athens. Davor liegt das Grab des unbekannten Soldaten, an dem st\u00fcndlich ein Wachwechsel der Evzonen stattfindet.","breadcrumb":{"@id":"https:\/\/blog.myvideomedia.com\/de\/syntagma-platz-athen\/#breadcrumb"},"inLanguage":"de","potentialAction":[{"@type":"ReadAction","target":["https:\/\/blog.myvideomedia.com\/de\/syntagma-platz-athen\/"]}]},{"@type":"ImageObject","inLanguage":"de","@id":"https:\/\/blog.myvideomedia.com\/de\/syntagma-platz-athen\/#primaryimage","url":"https:\/\/blog.myvideomedia.com\/wp-content\/uploads\/2011\/12\/Athen-Syntagma-2.jpg","contentUrl":"https:\/\/blog.myvideomedia.com\/wp-content\/uploads\/2011\/12\/Athen-Syntagma-2.jpg","width":1080,"height":608,"caption":"Syntagma Platz Athen"},{"@type":"BreadcrumbList","@id":"https:\/\/blog.myvideomedia.com\/de\/syntagma-platz-athen\/#breadcrumb","itemListElement":[{"@type":"ListItem","position":1,"name":"Home","item":"https:\/\/blog.myvideomedia.com\/de\/"},{"@type":"ListItem","position":2,"name":"Syntagma Platz \u2013 Athen"}]},{"@type":"WebSite","@id":"https:\/\/blog.myvideomedia.com\/de\/#website","url":"https:\/\/blog.myvideomedia.com\/de\/","name":"Travel Video Blog","description":"myVideoMedia Reisetipps und Reisevideos","publisher":{"@id":"https:\/\/blog.myvideomedia.com\/de\/#\/schema\/person\/87be8fbbed69b1562242448c1c3dcbec"},"potentialAction":[{"@type":"SearchAction","target":{"@type":"EntryPoint","urlTemplate":"https:\/\/blog.myvideomedia.com\/de\/?s={search_term_string}"},"query-input":{"@type":"PropertyValueSpecification","valueRequired":true,"valueName":"search_term_string"}}],"inLanguage":"de"},{"@type":["Person","Organization"],"@id":"https:\/\/blog.myvideomedia.com\/de\/#\/schema\/person\/87be8fbbed69b1562242448c1c3dcbec","name":"myVideoMedia","image":{"@type":"ImageObject","inLanguage":"de","@id":"https:\/\/secure.gravatar.com\/avatar\/460720160715ef8975b781abd1b6985e55ce2f01567bb6757bebd73e7cf74c97?s=96&d=mm&r=g","url":"https:\/\/secure.gravatar.com\/avatar\/460720160715ef8975b781abd1b6985e55ce2f01567bb6757bebd73e7cf74c97?s=96&d=mm&r=g","contentUrl":"https:\/\/secure.gravatar.com\/avatar\/460720160715ef8975b781abd1b6985e55ce2f01567bb6757bebd73e7cf74c97?s=96&d=mm&r=g","caption":"myVideoMedia"},"logo":{"@id":"https:\/\/secure.gravatar.com\/avatar\/460720160715ef8975b781abd1b6985e55ce2f01567bb6757bebd73e7cf74c97?s=96&d=mm&r=g"},"description":"\"The World is a book, and those who do not travel read only a page\" - Aurelius Augustinus (354 - 430 AD) Travel is our passion. With our posts and videos we like to inspire people who are planning or preparing for holidays as well as people who simply want to escape from everyday life and dream of faraway countries.","sameAs":["https:\/\/www.myvideomedia.com","https:\/\/www.facebook.com\/ursula.streit.520"],"url":"https:\/\/blog.myvideomedia.com\/de\/author\/traveladm\/"}]}},"featured_image_src":"https:\/\/blog.myvideomedia.com\/wp-content\/uploads\/2011\/12\/Athen-Syntagma-2.jpg","featured_image_src_square":"https:\/\/blog.myvideomedia.com\/wp-content\/uploads\/2011\/12\/Athen-Syntagma-2.jpg","author_info":{"display_name":"myVideoMedia","author_link":"https:\/\/blog.myvideomedia.com\/de\/author\/traveladm\/"},"_links":{"self":[{"href":"https:\/\/blog.myvideomedia.com\/de\/wp-json\/wp\/v2\/posts\/5632","targetHints":{"allow":["GET"]}}],"collection":[{"href":"https:\/\/blog.myvideomedia.com\/de\/wp-json\/wp\/v2\/posts"}],"about":[{"href":"https:\/\/blog.myvideomedia.com\/de\/wp-json\/wp\/v2\/types\/post"}],"author":[{"embeddable":true,"href":"https:\/\/blog.myvideomedia.com\/de\/wp-json\/wp\/v2\/users\/1"}],"replies":[{"embeddable":true,"href":"https:\/\/blog.myvideomedia.com\/de\/wp-json\/wp\/v2\/comments?post=5632"}],"version-history":[{"count":0,"href":"https:\/\/blog.myvideomedia.com\/de\/wp-json\/wp\/v2\/posts\/5632\/revisions"}],"wp:featuredmedia":[{"embeddable":true,"href":"https:\/\/blog.myvideomedia.com\/de\/wp-json\/wp\/v2\/media\/4666"}],"wp:attachment":[{"href":"https:\/\/blog.myvideomedia.com\/de\/wp-json\/wp\/v2\/media?parent=5632"}],"wp:term":[{"taxonomy":"category","embeddable":true,"href":"https:\/\/blog.myvideomedia.com\/de\/wp-json\/wp\/v2\/categories?post=5632"},{"taxonomy":"post_tag","embeddable":true,"href":"https:\/\/blog.myvideomedia.com\/de\/wp-json\/wp\/v2\/tags?post=5632"}],"curies":[{"name":"wp","href":"https:\/\/api.w.org\/{rel}","templated":true}]}}